{"id":24629,"date":"2021-04-04T12:00:15","date_gmt":"2021-04-04T10:00:15","guid":{"rendered":"https:\/\/www.jazzzeitung.de\/cms\/?p=24629"},"modified":"2021-04-03T19:16:39","modified_gmt":"2021-04-03T17:16:39","slug":"die-jazz-radiowoche-vom-05-04-2111-04-2021","status":"publish","type":"post","link":"https:\/\/www.jazzzeitung.de\/cms\/2021\/04\/die-jazz-radiowoche-vom-05-04-2111-04-2021\/","title":{"rendered":"Die Jazz-Radiowoche vom 05.04.21\u201311.04.2021"},"content":{"rendered":"<p>Ein kleiner Blick in die Jazzwoche 14 im Radio. Am 10.4. zum Beispiel: 22:03 bis 23:00 | SWR 2<br \/>\n<strong>SWR2 Jazztime: The Great Pretender \u2013 Lester Bowies Brass Fantasy<\/strong>. Die \u00dcbersicht zum <a href=\"https:\/\/service.conbrio.de\/service\/download\/278\/\">Download als PDF<\/a>. Alle Angaben ohne Gew\u00e4hr.<\/p>\n<hr \/>\n<h2>Jazz im Radio (Fernsehen)<\/h2>\n<hr \/>\n<ul>\n<li><strong>SR2<\/strong> \u2013 <a href=\"http:\/\/www.sr.de\/sr\/sr2\/sendungen_a-z\/uebersicht\/jazznow\/index.html\">JazzNow<\/a> \u2013 Sonntags von 20.04 bis 22.30 Uhr<\/li>\n<li><strong>BR-KLASSIK \u2013 <\/strong><a href=\"https:\/\/www.br-klassik.de\/themen\/jazz-und-weltmusik\/jazztime-die-ganze-welt-des-jazz-100.html\">Jazztime<\/a><strong> \u2013 <\/strong>Von Montag bis Freitag t\u00e4glich um 23.05 Uhr<\/li>\n<li><strong>rbb-kultur<\/strong> \u2013 <a href=\"https:\/\/www.kulturradio.de\/programm\/schema\/sendungen\/late_night_jazz.html\">Late Night Jazz<\/a> \u2013 Sa und So 23:04 \u2013 24:00 Uhr<\/li>\n<li><strong>hr2-kultur<\/strong> \u2013 <a href=\"http:\/\/www.hr2.de\/musik\/jazz\/index.html\">Jazz in hr2-kultur<\/a> \u2013 t\u00e4glich<\/li>\n<li><strong>NDR Kultur <\/strong>\u2013 <a href=\"https:\/\/www.ndr.de\/ndrkultur\/sendungen\/play_jazz\/index.html\">Play Jazz<\/a> \u2013 5x die Woche<\/li>\n<li><strong>SWR2<\/strong> \u2013 <a href=\"https:\/\/www.swr.de\/swr2\/programm\/sendungen\/jazz\/startseite-mit-vorschau\/-\/id=659242\/did=13778140\/nid=659242\/13ttn4d\/index.html\">Jazz<\/a> \u2013 t\u00e4glich<\/li>\n<li><strong>Deutschlandfunk<\/strong> \u2013 <a href=\"http:\/\/www.deutschlandfunk.de\/jazz.747.de.html\">Jazz (\u00dcberblick)<\/a> \u2013 <a href=\"http:\/\/www.deutschlandfunk.de\/jazz-live.822.de.html\">Jazz Live<\/a>, <a href=\"http:\/\/www.deutschlandfunk.de\/jazzfacts.824.de.html\">JazzFacts<\/a> und <a href=\"http:\/\/www.deutschlandfunk.de\/milestones.1805.de.html\">Milestones<\/a><\/li>\n<li><strong>Deutschlandfunk Kultur<\/strong> \u2013 <a href=\"http:\/\/www.deutschlandfunkkultur.de\/jazz.1142.de.html\">Jazz<\/a> \u2013 diverse Sendetermine<\/li>\n<li><strong>\u00d61 <\/strong>\u2013 <a href=\"https:\/\/oe1.orf.at\/programm\/\">diverse Sendetermine<\/a><\/li>\n<li><strong>ARTE TV<\/strong> \u2013 <a href=\"https:\/\/www.arte.tv\/de\/videos\/arte-concert\/jazz\/?xtor=AD-6-%5bMV_CFR_ARTE_DE_Google_GEN_GDN%5d-%5bGDN_GEN_Arte_Concerts_Jazz%5d-C-%5bjazz%20musik%5d\">Jazz<\/a><\/li>\n<\/ul>\n<p><strong>Periodika: Dauersendungen ohne gen\u00fcgend Infos \u2013 Tagesbegleitradio<\/strong><\/p>\n<ul>\n<li><strong>SWR 2<\/strong> \u2013 <strong>SWR2 Jazz vor Sechs <\/strong>17:50 bis 18:00<\/li>\n<li><strong>hr2-kultur \u2013<\/strong> <strong>H\u00f6rbar \u2013 Musik grenzenlos <\/strong>19:04 bis 20:00<\/li>\n<li><strong>NDR Kultur <\/strong>\u2013 <strong>Play Jazz! Das Jazzmagazin<\/strong> 22:30 bis 23:30<\/li>\n<li><strong>MDR Kultur \u2013 Jazz <\/strong>19:05 bis 20:00<\/li>\n<li><strong>MDR Kultur \u2013<\/strong><strong>Jazz Lounge<\/strong> 19:35 bis 20:00<\/li>\n<li><strong>WDR3<\/strong> \u2013 Jazz &amp; World \u2013 Improvisiertes zum Tagesausklang \u2013 Montag bis Freitag, 22.04 \u2013 0:00 Uhr<\/li>\n<li><strong>WDR 3 Pers\u00f6nlich mit G\u00f6tz Alsmann<\/strong> 13:04 bis 15:00 (Samstags)<\/li>\n<\/ul>\n<hr \/>\n<h2>mo \u2013 05.04.2021<\/h2>\n<hr \/>\n<p>00:00 bis 06:00 | Bremen Zwei<br \/>\n<strong>Die Nacht<\/strong><\/p>\n<p style=\"padding-left: 40px;\">Kommen Sie mit Bremen Zwei durch die Nacht. Begegnen Sie intensiven und ruhigen Songs: Singer\/Songwriter, sanfter Jazz und eleganter Pop f\u00fcr alle, die die Nacht zum Tag machen. Die Sendung endet um 5:50 Uhr mit der Morgenandacht.<\/p>\n<p>01:05 bis 06:00 | Deutschlandfunk<br \/>\n<strong>Deutschlandfunk Radionacht: Jazz \u2013 \u201eVon Monk bis Minimal Music\u201c<\/strong><\/p>\n<p style=\"padding-left: 40px;\">Erinnerungen an die Pianisten Harold Budd (1936-2020) und Frank Kimbrough (1956-2020) \/ \u201eEye To Ear\u201c \u2013 Die Soloprojekte des Gitarristen Fred Frith. Aktuelle Neuerscheinungen von Susan Alcorn, Jakob Bro, Beno\u00eet Delbecq, Na\u00efssam Jalal, Jean-Marie Machado, Ferenc Sn\u00e9tberger &amp; Keller Quartett u.v.a. Am Mikrofon: Karl Lippegaus<\/p>\n<p style=\"padding-left: 40px;\">Dass seine Alben wie \u201eThe Plateaux Of Mirror\u201c oder \u201eThe Pearl\u201c ein umfassendes Gef\u00fchl von Ruhe und innerer Balance vermitteln, wurde oft damit erkl\u00e4rt, dass der 1936 in Los Angeles geborene Harold Budd in Victorville unweit der riesigen Mojave-W\u00fcste aufgewachsen war. Sein muskalischer Weg nahm einige abenteuerliche Wendungen. W\u00e4hrend seiner Milit\u00e4rzeit war er als Schlagzeuger mit dem sp\u00e4teren Free Jazz-Pionier Albert Ayler aktiv gewesen. Stark interessiert an der Musik von John Cage und dem Minimalisten Terry Riley, lie\u00df er sich gerne von der kontemplativen Malerei Mark Rothkos inspirieren. Der Durchbruch kam mit der 1978 von Brian Eno produzierten Platte \u201eThe Pavillon Of Dreams\u201c. Zusammenarbeiten mit Pop-K\u00fcnstlern wie Daniel Lanois und den Cocteau Twins folgten. Mond, Wind, Wolken und das Wechselspiel von Tages- und Nachtlicht tauchen in den Titeln seiner Werke ebenso h\u00e4ufig auf wie Bez\u00fcge auf musikalische Weggef\u00e4hrten. Mit \u201eThe Room\u201c pr\u00e4sentierte der Klangarchitekt ein Album, auf dem er Musik f\u00fcr imagin\u00e4re R\u00e4ume gestaltete. Gegen Ende seines Lebens schrieb er Streichquartette und schuf Filmmusik. Privat h\u00f6rte Budd, der erkl\u00e4rte, die M\u00f6glichkeiten konsonanter Musik seien noch l\u00e4ngst nicht ersch\u00f6pft, viel Renaissance-Musik. 2020 starb er an den Folgen von Covid-19. Die \u201eRadionacht Jazz\u201c gibt Einblick in das Schaffen eines Solit\u00e4rs.<\/p>\n<p>06:00 bis 10:00 | Bremen Zwei<br \/>\n<strong>Classical<\/strong><\/p>\n<p style=\"padding-left: 40px;\">Der entspannte Start in den Feiertag mit einer Mischung aus Singer\/Songwriter, Jazz und Swing, Chansons und Klassik.<\/p>\n<p>19:04 bis 20:00 | hr2-kultur<br \/>\n<strong>Jazz am Feiertag: The Music Of Martial Solal with The Orchestre National de France<\/strong><\/p>\n<p style=\"padding-left: 40px;\">Am Mikrofon: J\u00fcrgen Schwab. The Music Of Martial Solal with The Orchestre National de France | cond. by Jesko Sirvend | Radio France Broadcasting House, Paris, September 2020<\/p>\n<p>22:04 bis 00:00 | WDR 3<br \/>\n<strong>WDR 3 Jazz &amp; World<\/strong><\/p>\n<p>22:33 bis 23:30 | NDR Kultur<br \/>\n<strong>Play Jazz! Aktuelles aus der Welt des Jazz, neue CDs und Konzerttipps<\/strong><\/p>\n<p style=\"padding-left: 40px;\">Montag, Mittwoch und Freitag berichtet das Play Jazz! \u2013 Magazin aus der gesamten Welt des Jazz. Auf dem Programm stehen jede Woche das Album der Woche, andere aktuelle CDs, Klassiker, Portraits von K\u00fcnstlerinnen und K\u00fcnstlern oder Plattenfirmen und Tipps f\u00fcr Konzerte, B\u00fccher oder Filme.Das Magazin geht neuen Trends nach und erinnert an die gro\u00dfen Momente der Jazzgeschichte.<\/p>\n<p style=\"padding-left: 40px;\">Besonders im Blick: die norddeutsche Jazzszene. Mit Interviews und Reportagen informiert Play Jazz! \u00fcber die Arbeit von Clubs, Jazzinitiativen und Festivals.<\/p>\n<p>23:05 bis 00:00 | BR-KLASSIK<br \/>\n<strong>Jazztime: Jazztoday \u2013 Straight, No Chaser: Pianisten und Gitarristen spielen die Musik von Thelonious Monk<\/strong><\/p>\n<p style=\"padding-left: 40px;\">Mit Fred Hersch Trio, McCoy Tyner, Chick Corea und anderen. Moderation und Auswahl: Henning Sieverts<\/p>\n<p style=\"padding-left: 40px;\">Henning Sieverts pr\u00e4sentiert die kauzig-aparten Kompositionen des gro\u00dfen Bebop-Pianisten in herausragenden Neuinterpretationen, u.a. mit den Pianisten Chick Corea, Fred Hersch, McCoy Tyner, Alexander von Schlippenbach, Bill Mays und Kenny Werner sowie mit den Gitarristen Bill Frisell, Brad Shepik und Kurt Rosenwinkel.<\/p>\n<p>23:30 bis 00:00 | NDR Kultur<br \/>\n<strong>Jazz \u2013 Round Midnight: Portraits, Talks, Hintergr\u00fcnde und Ausfl\u00fcge in die Jazzgeschichte<\/strong><\/p>\n<p style=\"padding-left: 40px;\">Round Midnight ist der Platz f\u00fcr Hintergrundgeschichten, ausf\u00fchrliche Portraits und Talks mit jungen Talenten und Jazz-Legenden.<\/p>\n<p style=\"padding-left: 40px;\">In der Sendung erz\u00e4hlen Autorinnen und Autoren die Geschichten bekannter Jazz-Titel, gehen der Beziehung von Jazz und klassischer Musik nach und nehmen mit auf spannende Reisen in die Grenzgebiete von Jazz, Tango, Salsa oder Flamenco, in Jazz-Epochen wie Swing, Bebop und Fusion oder in die Geschichte ber\u00fchmter Labels wie Blue Note und in die Aktualit\u00e4t kultureller und politischer Themen wie Black Lives Matter.<\/p>\n<hr \/>\n<h2>di \u2013 06.04.2021<\/h2>\n<hr \/>\n<p>00:00 bis 06:00 | Bremen Zwei<br \/>\n<strong>Die Nacht<\/strong><\/p>\n<p>01:05 bis 05:00 | Deutschlandfunk Kultur<br \/>\n<strong>Tonart: Jazz \u2013 Moderation: Vincent Neumann<\/strong><\/p>\n<p>17:50 bis 18:00 | SWR 2<br \/>\n<strong>SWR2 Jazz vor Sechs<\/strong><\/p>\n<p>19:04 bis 20:00 | hr2-kultur<br \/>\n<strong>H\u00f6rbar \u2013 Musik grenzenlos<\/strong><\/p>\n<p>20:05 bis 22:00 | SWR 2<br \/>\n<strong>SWR2 Jazz Session: Jazz bei den Donaueschinger Musiktagen (1) u. a. mit Sun Ra, Don Cherry, Derek Bailey<\/strong><\/p>\n<p style=\"padding-left: 40px;\">Von Julia Neupert. Die Donaueschinger Musiktage feiern in diesem Jahr ihr 100. Jubil\u00e4um. 1921 wurde das Festival \u201ezur F\u00f6rderung zeitgen\u00f6ssischer Tonkunst\u201c gegr\u00fcndet, ein halbes Jahrhundert sp\u00e4ter bekam der zeitgen\u00f6ssische Jazz hier einen regelm\u00e4\u00dfigen Spot. In den kommenden Monaten pr\u00e4sentieren wir einen Querschnitt der historischen Jazzkonzerte bei den Musiktagen, die auf dem Festival oft nicht nur begeisterten, sondern das Neue-Musik-Publikum auch irritierten oder verst\u00f6rten. So wie der Afrofuturismus von Sun Ra oder die \u201enon-idiomatischen\u201c Improvisationen eines Derek Bailey.<\/p>\n<p>21:05 bis 22:00 | Deutschlandfunk<br \/>\n<strong>Jazz Live: Die Band als lebendige Einheit \u2013 Das Florian Weber Quartett<\/strong><\/p>\n<p style=\"padding-left: 40px;\">Florian Weber, Piano; Ralph Alessi, Trompete; Linda May Han Oh, Kontrabass; Nasheet Waits, Schlagzeug. Aufnahme vom 25.5.2019 beim Jazzfest Bonn<\/p>\n<p style=\"padding-left: 40px;\">Am Mikrofon: Michael Kuhlmann. \u201eDiese Band kann nicht funktionieren!\u201c, bekam Florian Weber zu h\u00f6ren, als er Kollegen von seinem neuen Projekt erz\u00e4hlte. Zu unterschiedlich seien die Spieler. Doch sein internationales Quartett spielt zusammen wie ein gro\u00dfer Organismus. Der New Yorker Schlagzeuger Nasheet Waits nimmt sich gerne Freiheiten, die in Malaysia geborene Kontrabassistin Linda May Han Oh dagegen liebt klare Linien. Doch in der Band des deutschen Pianisten Florian Weber finden sie symbiotisch zueinander. Auch zwischen Klavier und Trompete k\u00f6nnen, so Weber, leicht klanglich scharfe Reibungen entstehen. Aber zusammen mit dem amerikanischen Trompeter Ralph Alessi hat er Wege gefunden, beide Instrumente einander erg\u00e4nzen zu lassen \u2013 so gekonnt, dass nach Webers Gef\u00fchl manchmal ein imagin\u00e4res drittes Instrument erklingt. Seine Kompositionen sieht er als \u201eM\u00f6glichkeitsr\u00e4ume\u201c, die den Spielerpers\u00f6nlichkeiten viele Freiheiten lassen. Mit seiner subtilen Klangmalerei und sprudelnden Kreativit\u00e4t pr\u00e4sentierte sich das Florian Weber Quartett beim Jazzfest Bonn 2019 vor einem ungewohnt gro\u00dfen, aber aufmerksam lauschenden Publikum.<\/p>\n<p>22:00 bis 00:00 | Bremen Zwei<br \/>\n<strong>Jazz Grooves<\/strong><\/p>\n<p style=\"padding-left: 40px;\">Die ganze Welt des Jazz. Bekannte Namen, Newcomer und spannende Entdeckungen, H\u00f6hepunkte aus der Jazzgeschichte, besondere Jazzereignisse und Tipps zum Konzertgeschehen der Region.<\/p>\n<p>22:04 bis 00:00 | WDR 3<br \/>\n<strong>WDR 3 Jazz &amp; World<\/strong><\/p>\n<p>22:30 bis 23:00 | hr2-kultur<br \/>\n<strong>Jazz and More: An den R\u00e4ndern des Jazz<\/strong><\/p>\n<p style=\"padding-left: 40px;\">Am Mikrofon: Martin Kersten. Heute mit: Tini Thomsen Max Sax: Horses &amp; Cranes | Trio ELF: Fram | Jonas Sj\u00f8vaag: Sunday Songs<\/p>\n<p>22:33 bis 23:30 | NDR Kultur<br \/>\n<strong>Play Jazz! Live-Aufnahmen aus dem Rolf-Liebermann-Studio, aus Clubs und von Festivals aus dem Norden<\/strong><\/p>\n<p style=\"padding-left: 40px;\">Im Play Jazz! \u2013 Konzert werden Liveaufnahmen des NDR aus dem Rolf-Liebermann-Studio, aus Clubs und von Festivals im Sendegebiet gesendet.<\/p>\n<p style=\"padding-left: 40px;\">Mitschnitte von JazzBaltica, Elbjazz, Eldenaer Jazz Evenings, See More Jazz oder der Jazzwoche Hannover zeigen die Vielfalt der Festivallandschaft im Norden. Neben aktuellen Aufnahmen ist Dienstagabend auch der Platz f\u00fcr Konzertsch\u00e4tze aus den Archiven des NDR.<\/p>\n<p>23:05 bis 00:00 | BR-KLASSIK<br \/>\n<strong>Jazztime: News &amp; Roots<\/strong><\/p>\n<p style=\"padding-left: 40px;\">Neuer deutscher Klavierjazz: mit dem N\u00fcrnberger Pianisten Andreas Feith (im Duo mit dem Saxophonisten Markus Harm) und mit dem Berliner Pianisten Tino Derado (im Trio mit dem Bassisten Andreas Lang und dem Schlagzeuger Heinrich K\u00f6bberling sowie im Duett mit dem Saxophonisten Gabriel Coburger). Auswahl und Moderation: Henning Sieverts<\/p>\n<p>23:30 bis 00:00 | NDR Kultur<br \/>\n<strong>Jazz \u2013 Round Midnight: Die US-amerikanische S\u00e4ngerin und Pianistin Stephanie Nilles<\/strong><\/p>\n<p style=\"padding-left: 40px;\">Am Mikrofon: Petra Rie\u00df<\/p>\n<hr \/>\n<h2>mi \u2013 07.04.2021<\/h2>\n<hr \/>\n<p>00:00 bis 06:00 | Bremen Zwei<br \/>\n<strong>Die Nacht<\/strong><\/p>\n<p>13:00 bis 14:00 | NDR Kultur<br \/>\n<strong>NDR Kultur \u00e0 la carte EXTRA \u2013 Studiog\u00e4ste: Cleo Steinberger und David Grabowski<\/strong><\/p>\n<p>17:50 bis 18:00 | SWR 2<br \/>\n<strong>SWR2 Jazz vor Sechs<\/strong><\/p>\n<p>19:04 bis 20:00 | hr2-kultur<br \/>\n<strong>H\u00f6rbar \u2013 Musik grenzenlos<\/strong><\/p>\n<p>19:05 bis 20:00 | BR-KLASSIK<br \/>\n<strong>Classic Sounds in Jazz: \u201eOver the Rainbow\u201c \u2013 Wunschziele des Jazz<\/strong><\/p>\n<p style=\"padding-left: 40px;\">Aufnahmen mit Chet Baker, Billie Holiday, Helge Schneider, Charlie Parker und anderen. Moderation und Auswahl: Beate Sampson<\/p>\n<p>19:15 bis 20:00 | SR2 KulturRadio<br \/>\n<strong>Literatur im Gespr\u00e4ch: \u201eSch\u00f6nheit ist das Erzeugnis von Vernunft und Kalk\u00fcl\u201c<\/strong><\/p>\n<p>22:04 bis 00:00 | WDR 3<br \/>\n<strong>WDR 3 Jazz &amp; World<\/strong><\/p>\n<p>22:30 bis 23:00 | hr2-kultur<br \/>\n<strong>Jazzfacts: What\u2019s going on? \u2013 Features, Interviews und was die Szene (um-)treibt<\/strong><\/p>\n<p style=\"padding-left: 40px;\">Am Mikrofon: Daniella Baumeister. Heinz Sauer: Im Gegenlicht. Ein literarisches Portr\u00e4t. Der Saxofonist Heinz Sauer ist unverwechselbar. Das war er vor vielen Jahrzehnten mit Posaunist Albert Mangelsdorff, das ist er heute mit Pianist Michael Wollny \u2013 und mit allen anderen Mitspielern \u00fcber die vielen Jahre sowieso. Es sind sein expressiver Ton und seine schroffe Phrasierungskunst, die ihn ausmachen, ein Konzert von Heinz Sauer ist immer einmalig und h\u00f6rt sich niemals gleich an. Er ist einer der wichtigsten Pers\u00f6nlichkeiten im zeitgen\u00f6ssischen Jazz und es ist schon viel \u00fcber ihn geschrieben worden. Ein neues Buch n\u00e4hert sich ihm jetzt auf eine neue Weise \u2013 als literarisches Portrait. In vielen Gespr\u00e4chen mit Heinz Sauer hat der Darmst\u00e4dter Schriftsteller Rainer Wieczorek ungeh\u00f6rtes und unerh\u00f6rtes rausgekitzelt und es neu verarbeitet. Wieczorek schreibt so, wie Heinz Sauer spielt, in der Kunst des Weglassens zum Beispiel findet sich der Weg zum Wesentlichen. Warum diese Kunst f\u00fcr Heinz Sauer so wichtig ist, warum man ihm anh\u00f6rt, wie es ihm geht, warum seine Musik ganz viel mit seiner Familiengeschichte zu tun hat und warum Heinz Sauer nur mit Tenorsaxofon und nie mit einem anderen Instrument vorstellbar war, dar\u00fcber erz\u00e4hlt Rainer Wieczorek in dieser Sendung.<\/p>\n<p>22:33 bis 23:30 | NDR Kultur<br \/>\n<strong>Play Jazz! Aktuelles aus der Welt des Jazz, neue CDs und Konzerttipps<\/strong><\/p>\n<p style=\"padding-left: 40px;\">Montag, Mittwoch und Freitag berichtet das Play Jazz! \u2013 Magazin aus der gesamten Welt des Jazz. Auf dem Programm stehen jede Woche das Album der Woche, andere aktuelle CDs, Klassiker, Portraits von K\u00fcnstlerinnen und K\u00fcnstlern oder Plattenfirmen und Tipps f\u00fcr Konzerte, B\u00fccher oder Filme.Das Magazin geht neuen Trends nach und erinnert an die gro\u00dfen Momente der Jazzgeschichte.<\/p>\n<p style=\"padding-left: 40px;\">Besonders im Blick: die norddeutsche Jazzszene. Mit Interviews und Reportagen informiert Play Jazz! \u00fcber die Arbeit von Clubs, Jazzinitiativen und Festivals.<\/p>\n<p>23:05 bis 00:00 | BR-KLASSIK<br \/>\n<strong>Jazztime: Jazz aus N\u00fcrnberg: Jazz &amp; Beyond \u2013 \u201eAstor, C\u00e9line, Franco und die anderen &#8230;\u201c<\/strong><\/p>\n<p style=\"padding-left: 40px;\">Mit Aufnahmen von Franco Ambrosetti, Astor Piazzolla, C\u00e9line Rudolphe, Sebastian Sternal und anderen.\u00a0 Moderation und Auswahl: Beatrix Gillmann<\/p>\n<p style=\"padding-left: 40px;\">New York, September 1987: Ein kleiner, drahtiger Mann Mitte 60, teilt sich die B\u00fchne des Central Parks mit seinem Quintett. Er begr\u00fc\u00dft sein Publikum auf Italienisch, Englisch und Spanisch. Es ist: der Bandoneon-Virtuose, Komponist und Arrangeur Astor Piazzolla. Am 11. M\u00e4rz 2021 w\u00e4re er 100 Jahre alt geworden. Ganz andere T\u00f6ne, auch l\u00e4ngst zu Klassikern geworden, sind die St\u00fccke, die der Jazzpianist Robert Henry \u201eBobby\u201c Timmons schrieb. Von 1959 an trat er mit dem Saxophonisten Cannonball Adderley auf, davor spielte er bei den Jazz Messengers um den Schlagzeuger Art Blakey. In Timmons\u2019 Vokabular flossen Gospel-Elemente ein: \u201eDat dere\u201c und \u201eMoanin\u201c sind beliebte Hits. Im M\u00e4rz 1974 starb er, mit nur 38 Jahren. Die deutsch-franz\u00f6sische S\u00e4ngerin C\u00e9line Rudolph ist eine Kosmopolitin. Im Herbst letzten Jahres wurde sie als Professorin f\u00fcr Gesang an das Jazzinstitut in Berlin berufen. Songs mit poetischer Erz\u00e4hlkraft schreibt die 30-J\u00e4hrige Yumi Ito, die in Basel lebt. Erstmals in gro\u00dfer Bandbesetzung pr\u00e4sentiert sie sich auf ihrem dritten Album; Instrumente wie Fl\u00f6te, Violine, Vibraphon und Harfe lassen ihre Geschichten leuchten.<\/p>\n<p style=\"padding-left: 40px;\">\u201eAstor, C\u00e9line, Franco und die anderen &#8230;\u201c hat Beatrix Gillmann diese Stunde mit aktuellen Aufnahmen und Klassikern \u00fcberschrieben.<\/p>\n<p>23:30 bis 00:00 | NDR Kultur<br \/>\n<strong>Jazz \u2013 Round Midnight \u2013 Portraits, Talks, Hintergr\u00fcnde und Ausfl\u00fcge in die Jazzgeschichte<\/strong><\/p>\n<p style=\"padding-left: 40px;\">Round Midnight ist der Platz f\u00fcr Hintergrundgeschichten, ausf\u00fchrliche Portraits und Talks mit jungen Talenten und Jazz-Legenden.<\/p>\n<p style=\"padding-left: 40px;\">In der Sendung erz\u00e4hlen Autorinnen und Autoren die Geschichten bekannter Jazz-Titel, gehen der Beziehung von Jazz und klassischer Musik nach und nehmen mit auf spannende Reisen in die Grenzgebiete von Jazz, Tango, Salsa oder Flamenco, in Jazz-Epochen wie Swing, Bebop und Fusion oder in die Geschichte ber\u00fchmter Labels wie Blue Note und in die Aktualit\u00e4t kultureller und politischer Themen wie Black Lives Matter.<\/p>\n<hr \/>\n<h2>do \u2013 08.04.2021<\/h2>\n<hr \/>\n<p>00:00 bis 06:00 | Bremen Zwei<br \/>\n<strong>Die Nacht<\/strong><\/p>\n<p>17:50 bis 18:00 | SWR 2<br \/>\n<strong>SWR2 Jazz vor Sechs<\/strong><\/p>\n<p>19:04 bis 20:00 | hr2-kultur<br \/>\n<strong>H\u00f6rbar \u2013 Musik grenzenlos<\/strong><\/p>\n<p>21:05 bis 22:00 | Deutschlandfunk<br \/>\n<strong>JazzFacts: \u201eBrasiliens Kosmopolit\u201c \u2013 Ein Portr\u00e4t des Gitarristen und Posaunisten Emiliano Sampaio<\/strong><\/p>\n<p style=\"padding-left: 40px;\">Von Stefan Franzen. Verwurzelt zwischen Europa und S\u00fcdamerika, zwischen Jazz und brasilianischer Tradition, zwischen Trio und Big Band: Emiliano Sampaios Musik ist geografisch und stilistisch voller weltumspannender Bez\u00fcge. Auf seinem neuen Werk widmet er sich mit seiner Stammformation Meretrio dem ersten urbanen Genre Brasiliens, dem Choro. Festlegungen sind nicht die Sache des zwischen S\u00e3o Paulo und Graz pendelnden Gitarristen, Posaunisten, Komponisten, Arrangeurs und Bandleaders Emiliano Sampaio: Seine Formationen reichen vom Trio \u00fcber das Nonett bis zur Big Band, seine Musik greift die Farben Brasiliens von Frevo bis Samba auf \u2013 geht aber auch mal die \u00fcberraschende Verbindung mit Slam-Poetry ein. Erstmals hat Sampaio sich nun mit seinem Meretrio (Luis Andr\u00e9, Schlagzeug, und Gustavo Boni, Bass) ganz einem Musikstil seiner ersten Heimat verschrieben: In reizvoll reduzierter Trio-Konstellation greift \u201eChoros\u201c Klassiker und unbekanntere St\u00fccke aus dem nun schon 140 Jahre w\u00e4hrenden, zeitlosen Genre Brasiliens auf und gewinnt den Melodien von Pixinguinha oder Jacob do Bandolim mit ungewohnten Harmonien, komplexen Arrangements und Jazzimprovisation neue Facetten ab.<\/p>\n<p>22:04 bis 00:00 | WDR 3<br \/>\n<strong>WDR 3 Jazz &amp; World<\/strong><\/p>\n<p>22:30 bis 23:00 | hr2-kultur<br \/>\n<strong>Jazz Now: Aus dem Dschungel der Neuver\u00f6ffentlichungen<\/strong><\/p>\n<p style=\"padding-left: 40px;\">Am Mikrofon: Daniella Baumeister. Heute mit: Belmondo Quintet: Brotherhood | Gary Bartz, Adrian Younge, Ali Shaheed Muhammad: JID 006 | Noah Preminger &amp; Kim Cass: Thunda<\/p>\n<p>22:33 bis 23:30 | NDR Kultur<br \/>\n<strong>Play Jazz! NDR Bigband \u2013 Die NDR Bigband im Radio mit neuen Projekten, Interviews, CDs und Konzerten<\/strong><\/p>\n<p style=\"padding-left: 40px;\">Welche Konzerte stehen im Kalender? Wer ist zu Gast bei der NDR Bigband und realisiert ein neues musikalisches Konzept? Henry Altmann blickt immer donnerstags auf aktuelle und kommende Projekte, Konzerte und CD-Produktionen der NDR Bigband. Dazu spricht er mit Musikerinnen und Musikern, pr\u00e4sentiert frische Aufnahmen und berichtet \u00fcber Hintergr\u00fcnde.<\/p>\n<p>23:03 bis 00:00 | SWR 2<br \/>\n<strong>SWR2 NOWJazz: Magazin<\/strong><\/p>\n<p>23:05 bis 00:00 | BR-KLASSIK<br \/>\n<strong>Jazztime: All that Jazz<\/strong><\/p>\n<p style=\"padding-left: 40px;\">Eine Chronik des Jazz (17): \u201eJazz Me Blues\u201c \u2013 Aufnahmen von M\u00e4rz bis Mai 1921. Moderation und Auswahl: Marcus A. Woelfle<\/p>\n<p>23:30 bis 00:00 | NDR Kultur<br \/>\n<strong>Jazz \u2013 Round Midnight \u2013 Django und seine Erben \u2013 Zum Internationalen Tag der Roma<\/strong><\/p>\n<p style=\"padding-left: 40px;\">Round Midnight ist der Platz f\u00fcr Hintergrundgeschichten, ausf\u00fchrliche Portraits und Talks mit jungen Talenten und Jazz-Legenden.<\/p>\n<hr \/>\n<h2>fr \u2013 09.04.2021<\/h2>\n<hr \/>\n<p>00:00 bis 06:00 | Bremen Zwei<br \/>\n<strong>Die Nacht<\/strong><\/p>\n<p>17:50 bis 18:00 | SWR 2<br \/>\n<strong>SWR2 Jazz vor Sechs<\/strong><\/p>\n<p>19:04 bis 20:00 | hr2-kultur<br \/>\n<strong>H\u00f6rbar \u2013 Musik grenzenlos<\/strong><\/p>\n<p>22:04 bis 00:00 | WDR 3<br \/>\n<strong>WDR 3 Jazz &amp; World<\/strong><\/p>\n<p>22:30 bis 23:00 | hr2-kultur<br \/>\n<strong>Jazz Classics: Aufnahmen, die die Welt beweg(t)en<\/strong><\/p>\n<p style=\"padding-left: 40px;\">Am Mikrofon: Jesko von Schwichow. Die DSCB (wichtige Institutionen werden meistens mit den Anfangs-Buchstaben abgek\u00fcrzt) ist die langlebigste Formation des \u201eTraditional Jazz\u201c \u2013 zumindest in Europa. Und diese Langlebigkeit \u2013 heute spricht man wahrscheinlich eher von Nachhaltigkeit \u2013 hat sich die DSCB erarbeitet.<\/p>\n<p style=\"padding-left: 40px;\">Wie kaum eine andere Formation des \u201eSteinzeit-Jazz\u201c hat sie es verstanden, ihr Dixieland-Konzept immer wieder flexibel den immer wieder ver\u00e4nderten musikalischen Ausdrucksformen anzupassen \u2013 indem sie Teile davon aufnahm, integrierte, ohne ihr traditionelles Gepr\u00e4ge zu verwerfen. Dass immer wieder internationale Gr\u00f6\u00dfen bei diesem (urspr\u00fcnglich mal als Amateur-Band gestarteten) holl\u00e4ndischen Markenerzeugnis zu Gast waren, kann eigentlich kein Zufall sein: Oder sollten sie sich geirrt haben, Leute wie Jimmy Witherspoon, Joe Venuti, Teddy Wilson, Bud Freeman\u2026 ?<\/p>\n<p>22:33 bis 23:30 | NDR Kultur<br \/>\n<strong>Play Jazz! Aktuelles aus der Welt des Jazz, neue CDs und Konzerttipps<\/strong><\/p>\n<p style=\"padding-left: 40px;\">Montag, Mittwoch und Freitag berichtet das Play Jazz! \u2013 Magazin aus der gesamten Welt des Jazz. Auf dem Programm stehen jede Woche das Album der Woche, andere aktuelle CDs, Klassiker, Portraits von K\u00fcnstlerinnen und K\u00fcnstlern oder Plattenfirmen und Tipps f\u00fcr Konzerte, B\u00fccher oder Filme.Das Magazin geht neuen Trends nach und erinnert an die gro\u00dfen Momente der Jazzgeschichte.<\/p>\n<p style=\"padding-left: 40px;\">Besonders im Blick: die norddeutsche Jazzszene. Mit Interviews und Reportagen informiert Play Jazz! \u00fcber die Arbeit von Clubs, Jazzinitiativen und Festivals.<\/p>\n<p>23:03 bis 00:00 | SWR 2<br \/>\n<strong>SWR2 NOWJazz: freejazzblog on air \u2013 Digital Edition<\/strong><\/p>\n<p style=\"padding-left: 40px;\">Von Martin Schray und Julia Neupert. Die Corona-Pandemie hat Musiker*innen aus der freien Improvisationsszene besonders getroffen. Durch die Schlie\u00dfung der Clubs sind ihnen nicht nur Auftrittsm\u00f6glichkeiten weggebrochen, bei Konzerten konnten sie auch Tontr\u00e4ger verkaufen. Einige konzentrieren sich jetzt daher auf Plattformen wie bandcamp, auf denen sie neue Aufnahmen im Internet zug\u00e4nglich machen k\u00f6nnen. Julia Neupert und ihr Gast Martin Schray vom freejazzblog stellen in der heutigen Sendung aktuelle Musik vor, die ausschlie\u00dflich digital verf\u00fcgbar ist.<\/p>\n<p>23:05 bis 00:00 | BR-KLASSIK<br \/>\n<strong>Jazztime: BR Jazzclub \u2013 Legenden werden niemals alt!<\/strong><\/p>\n<p style=\"padding-left: 40px;\">Pianistin Nicole Heartseeker und Saxofonist Mulo Francel improvisieren in ihrem neuen Programm \u201eForever young\u201c \u00fcber Kompositionen von Bach, Vivaldi, Schubert und anderen<\/p>\n<p style=\"padding-left: 40px;\">Live-Aufnahme vom 21. Februar 2021 aus der Pasinger Fabrik in M\u00fcnchen. Moderation und Auswahl: Ulrich Habersetzer<\/p>\n<p>23:30 bis 00:00 | NDR Kultur<br \/>\n<strong>Jazz \u2013 Round Midnight: \u201eDsch\u00e4ss-M\u00e4chlar, wo in gar als os Bleach neiblost\u201c<\/strong><\/p>\n<p style=\"padding-left: 40px;\">Round Midnight ist der Platz f\u00fcr Hintergrundgeschichten, ausf\u00fchrliche Portraits und Talks mit jungen Talenten und Jazz-Legenden.<\/p>\n<p style=\"padding-left: 40px;\">In der Sendung erz\u00e4hlen Autorinnen und Autoren die Geschichten bekannter Jazz-Titel, gehen der Beziehung von Jazz und klassischer Musik nach und nehmen mit auf spannende Reisen in die Grenzgebiete von Jazz, Tango, Salsa oder Flamenco, in Jazz-Epochen wie Swing, Bebop und Fusion oder in die Geschichte ber\u00fchmter Labels wie Blue Note und in die Aktualit\u00e4t kultureller und politischer Themen wie Black Lives Matter.<\/p>\n<hr \/>\n<h2>sa \u2013 10.04.2021<\/h2>\n<hr \/>\n<p>00:00 bis 07:00 | Bremen Zwei<br \/>\n<strong>Die Nacht<\/strong><\/p>\n<p>13:04 bis 14:00 | hr2-kultur<br \/>\n<strong>H\u00f6rbar: Musik grenzenlos<\/strong><\/p>\n<p>13:04 bis 15:00 | WDR 3<br \/>\n<strong>WDR 3 Pers\u00f6nlich mit G\u00f6tz Alsmann<\/strong><\/p>\n<p>17:05 bis 17:55 | Bayern 2<br \/>\n<strong>Jazz &amp; Politik: Politisches Feuilleton<\/strong><\/p>\n<p style=\"padding-left: 40px;\">Moderation: Lukas Hammerstein. Musikauswahl: Roland Spiegel. Als Podcast und in der Bayern 2 App verf\u00fcgbar<\/p>\n<p>17:50 bis 18:00 | SWR 2<br \/>\n<strong>SWR2 Jazz vor Sechs<\/strong><\/p>\n<p>18:05 bis 19:00 | BR-KLASSIK<br \/>\n<strong>Jazz und mehr: Die Zweisamen<\/strong><\/p>\n<p style=\"padding-left: 40px;\">Mit Musik von Archie Shepp, Jason Moran, J\u00f6rg Leichtfried, Silke Avenhaus, Hugo Siegmeth und anderen. Moderation und Auswahl: Roland Spiegel<\/p>\n<p>19:04 bis 20:00 | hr2-kultur<br \/>\n<strong>Live Jazz: Potsa Lotsa XL | Jazzfest Berlin 2020, November 2020<\/strong><\/p>\n<p style=\"padding-left: 40px;\">Am Mikrofon: Claus Gnichwitz. Potsa Lotsa XL | Silke Eberhard, as, comp | J\u00fcrgen Kupke, cl | Patrick Braun, ts, cl | Nikolaus Neuser, tp | Gerhard Gschl\u00f6\u00dfl, tb | Johannes Fink clo | Taiko Saito, vb | Antonis Anissegos, p | Igor Spallati, b | Kay L\u00fcbke, dr | Jazzfest Berlin 2020 \u2013 Radio Edition, Silent Green, November 2020<\/p>\n<p>20:04 bis 22:00 | WDR 3<br \/>\n<strong>WDR 3 Konzert: Leverkusener Jazztage 2020<\/strong><\/p>\n<p style=\"padding-left: 40px;\">Nils Landgren und Jan Lundgren (Nils Landgren, Posaune; Jan Lundgren, Klavier) | Sandro Roy feat. Jermaine Landsberger (Sandro Roy, Violine; Jermaine Landsberger, Klavier; Joel Locher, Kontrabass; Guido May, Schlagzeug). Aufnahme aus dem Erholungshaus<\/p>\n<p style=\"padding-left: 40px;\">Zwei herausragende Konzerte der Leverkusener Jazztage beweisen, dass auch im Coronajahr 2020 der Jazz nie stillstand. Posaunist Nils Landgren spielte im Duo mit seinem schwedischen Kollegen Jan Lundgren, der Violinist Sandro Roy spielte mit seinem Trio und dem Pianisten Jermaine Landsberger als Gast.<\/p>\n<p style=\"padding-left: 40px;\">Mit den beiden Schweden Nils Landgren und Jan Lundgren treffen zwei Musiker aus dem Norden zusammen, die beide seit Jahrzehnten in den verschiedensten Konstellationen in der internationalen Jazzszene etabliert sind. Das Wichtigste aber: Landgren und Lundgren sind schon lange befreundet, bew\u00e4hrt und bekannt als \u201epartners in business\u201c. \u201eKristallen\u201c hei\u00dft ihr aktuelles Album, auf dem sie neben eigenen Kompositionen auch St\u00fccke von Keith Jarrett interpretieren ebenso wie skandinavische Traditionals. \u201eIch spiele genauso gern Bach, wie ich Django Reinhardt spiele\u201c \u2013 Der Violinist Sandro Roy spielt und lebt in dem Grenzbereichen zwischen Klassik und Jazz. Dabei beherrscht er die Improvisationskunst ebenso wie die Interpretation bekannter Klassik-St\u00fccke. Bei den Leverkusener Jazztagen wurde Sandro Roy unter anderem von dem Jazz-Pianisten Jermaine Landsberger begleitet.<\/p>\n<p>22:03 bis 23:00 | SWR 2<br \/>\n<strong>SWR2 Jazztime: The Great Pretender \u2013 Lester Bowies Brass Fantasy<\/strong><\/p>\n<p style=\"padding-left: 40px;\">Von Bert Noglik. Als seine musikalische Heimat bezeichnete der Trompeter Lester Bowie das Art Ensemble of Chicago. Doch zum Joker im Portfolio wurde f\u00fcr ihn die mit acht Blechbl\u00e4sern plus Schlagzeug formierte Brass Fantasy. W\u00e4hrend er mit dem Art Ensemble den ganzen Kosmos schwarzer Musik, von den afrikanischen Roots bis zur Avantgarde, ausschritt, ging es ihm mit der Brass Fantasy um einen Br\u00fcckenschlag zwischen Jazz und Popul\u00e4rmusik. Das mit atemberaubenden Soli pr\u00e4sentierte Repertoire der Band reichte von Jazz-Klassikern bis zu Michael Jacksons \u201eRemember The Time\u201c.<\/p>\n<hr \/>\n<h2>so \u2013 11.04.2021<\/h2>\n<hr \/>\n<p>00:00 bis 06:00 | Bremen Zwei<br \/>\n<strong>Die Nacht<\/strong><\/p>\n<p>00:03 bis 02:00 | Bayern 2<br \/>\n<strong>radioJazznacht: Virtuell und virtuos \u2013 Wie bayerische Festivals und Jazzclubs der Corona-Krise trotzen<\/strong><\/p>\n<p style=\"padding-left: 40px;\">Mit Live-Mitschnitten aus N\u00fcrnberg, Neuburg an der Donau, Regensburg und M\u00fcnchen. Moderation und Auswahl: Ulrich Habersetzer<\/p>\n<p>06:00 bis 08:00 | Bremen Zwei<br \/>\n<strong>Classical<\/strong><\/p>\n<p style=\"padding-left: 40px;\">Der entspannte Start in den Sonntagmorgen mit einer Mischung aus Singer\/Songwriter, Jazz und Swing, Chansons und Klassik.<\/p>\n<p>19:04 bis 20:00 | hr2-kultur<br \/>\n<strong>hr-Bigband: Konzerte und Produktionen u.a. mit: Act Local \u2013 Fokus Rhein-Main Part 4<\/strong><\/p>\n<p style=\"padding-left: 40px;\">Am Mikrofon: Gregor Praml. Beim vierten Act Local Konzert am 23. Januar war eine junge Singer\/Songwriterin, die gerade in aller Munde ist, Gast der hr-Bigband: \u201eFee.\u201c Die Leitung hatte Rainer Tempel, der auch die Arrangements f\u00fcr diese besondere Projektidee geschrieben hat.<\/p>\n<p>20:04 bis 21:30 | SR2 KulturRadio<br \/>\n<strong>JazzNow: Jazzfest Berlin 2020<\/strong><\/p>\n<p style=\"padding-left: 40px;\">Anna Webber Septet \/ TRAINING feat. John Dieterich and I\u00fe\u00fdl Karata\u00fe<\/p>\n<p>21:00 bis 22:00 | NDR Kultur<br \/>\n<strong>NDR Bigband: \u201eWindows to Strawinsky\u201c \u2013 Live aus der Elbphilharmonie Hamburg<\/strong><\/p>\n<p>23:15 bis 00:00 | hr2-kultur<br \/>\n<strong>H\u00f6rbar | Musik grenzenlos<\/strong><\/p>\n<p>&nbsp;<\/p>\n<p>&nbsp;<\/p>\n","protected":false},"excerpt":{"rendered":"<p>Ein kleiner Blick in die Jazzwoche 14 im Radio. Am 10.4. zum Beispiel: 22:03 bis 23:00 | SWR 2 Jazztime: The Great Pretender \u2013 Lester Bowies Brass Fantasy.<\/p>\n","protected":false},"author":1,"featured_media":18913,"comment_status":"open","ping_status":"closed","sticky":false,"template":"","format":"standard","meta":{"_jetpack_memberships_contains_paid_content":false,"footnotes":"","jetpack_publicize_message":"","jetpack_publicize_feature_enabled":true,"jetpack_social_post_already_shared":false,"jetpack_social_options":{"image_generator_settings":{"template":"highway","default_image_id":0,"font":"","enabled":false},"version":2}},"categories":[633,452],"tags":[1629],"coauthors":[650],"class_list":["post-24629","post","type-post","status-publish","format-standard","has-post-thumbnail","hentry","category-nachrichten","category-radio","tag-jazz-im-radio"],"yoast_head":"<!-- This site is optimized with the Yoast SEO plugin v27.5 - https:\/\/yoast.com\/product\/yoast-seo-wordpress\/ -->\n<title>Die Jazz-Radiowoche vom 05.04.21\u201311.04.2021 - JazzZeitung<\/title>\n<meta name=\"robots\" content=\"index, follow, max-snippet:-1, max-image-preview:large, max-video-preview:-1\" \/>\n<link rel=\"canonical\" href=\"https:\/\/www.jazzzeitung.de\/cms\/2021\/04\/die-jazz-radiowoche-vom-05-04-2111-04-2021\/\" \/>\n<meta property=\"og:locale\" content=\"de_DE\" \/>\n<meta property=\"og:type\" content=\"article\" \/>\n<meta property=\"og:title\" content=\"Die Jazz-Radiowoche vom 05.04.21\u201311.04.2021 - JazzZeitung\" \/>\n<meta property=\"og:description\" content=\"Ein kleiner Blick in die Jazzwoche 14 im Radio. Am 10.4. zum Beispiel: 22:03 bis 23:00 | SWR 2 Jazztime: The Great Pretender \u2013 Lester Bowies Brass Fantasy.\" \/>\n<meta property=\"og:url\" content=\"https:\/\/www.jazzzeitung.de\/cms\/2021\/04\/die-jazz-radiowoche-vom-05-04-2111-04-2021\/\" \/>\n<meta property=\"og:site_name\" content=\"JazzZeitung\" \/>\n<meta property=\"article:publisher\" content=\"https:\/\/www.facebook.com\/JazzZeitung\/\" \/>\n<meta property=\"article:author\" content=\"https:\/\/www.facebook.com\/hufner\" \/>\n<meta property=\"article:published_time\" content=\"2021-04-04T10:00:15+00:00\" \/>\n<meta property=\"og:image\" content=\"https:\/\/i0.wp.com\/www.jazzzeitung.de\/cms\/wp-content\/uploads\/2019\/03\/jazz_im_radio.jpg?fit=2200%2C1417&ssl=1\" \/>\n\t<meta property=\"og:image:width\" content=\"2200\" \/>\n\t<meta property=\"og:image:height\" content=\"1417\" \/>\n\t<meta property=\"og:image:type\" content=\"image\/jpeg\" \/>\n<meta name=\"author\" content=\"Martin Hufner\" \/>\n<script type=\"application\/ld+json\" class=\"yoast-schema-graph\">{\"@context\":\"https:\\\/\\\/schema.org\",\"@graph\":[{\"@type\":\"Article\",\"@id\":\"https:\\\/\\\/www.jazzzeitung.de\\\/cms\\\/2021\\\/04\\\/die-jazz-radiowoche-vom-05-04-2111-04-2021\\\/#article\",\"isPartOf\":{\"@id\":\"https:\\\/\\\/www.jazzzeitung.de\\\/cms\\\/2021\\\/04\\\/die-jazz-radiowoche-vom-05-04-2111-04-2021\\\/\"},\"author\":{\"name\":\"Martin Hufner\",\"@id\":\"https:\\\/\\\/www.jazzzeitung.de\\\/cms\\\/#\\\/schema\\\/person\\\/b9a4e5ac765d94fb8f617bfa8f1fc5f7\"},\"headline\":\"Die Jazz-Radiowoche vom 05.04.21\u201311.04.2021\",\"datePublished\":\"2021-04-04T10:00:15+00:00\",\"mainEntityOfPage\":{\"@id\":\"https:\\\/\\\/www.jazzzeitung.de\\\/cms\\\/2021\\\/04\\\/die-jazz-radiowoche-vom-05-04-2111-04-2021\\\/\"},\"wordCount\":3563,\"commentCount\":0,\"publisher\":{\"@id\":\"https:\\\/\\\/www.jazzzeitung.de\\\/cms\\\/#organization\"},\"image\":{\"@id\":\"https:\\\/\\\/www.jazzzeitung.de\\\/cms\\\/2021\\\/04\\\/die-jazz-radiowoche-vom-05-04-2111-04-2021\\\/#primaryimage\"},\"thumbnailUrl\":\"https:\\\/\\\/i0.wp.com\\\/www.jazzzeitung.de\\\/cms\\\/wp-content\\\/uploads\\\/2019\\\/03\\\/jazz_im_radio.jpg?fit=2200%2C1417&ssl=1\",\"keywords\":[\"Jazz im Radio\"],\"articleSection\":[\"News\",\"Radio\"],\"inLanguage\":\"de\",\"potentialAction\":[{\"@type\":\"CommentAction\",\"name\":\"Comment\",\"target\":[\"https:\\\/\\\/www.jazzzeitung.de\\\/cms\\\/2021\\\/04\\\/die-jazz-radiowoche-vom-05-04-2111-04-2021\\\/#respond\"]}]},{\"@type\":\"WebPage\",\"@id\":\"https:\\\/\\\/www.jazzzeitung.de\\\/cms\\\/2021\\\/04\\\/die-jazz-radiowoche-vom-05-04-2111-04-2021\\\/\",\"url\":\"https:\\\/\\\/www.jazzzeitung.de\\\/cms\\\/2021\\\/04\\\/die-jazz-radiowoche-vom-05-04-2111-04-2021\\\/\",\"name\":\"Die Jazz-Radiowoche vom 05.04.21\u201311.04.2021 - JazzZeitung\",\"isPartOf\":{\"@id\":\"https:\\\/\\\/www.jazzzeitung.de\\\/cms\\\/#website\"},\"primaryImageOfPage\":{\"@id\":\"https:\\\/\\\/www.jazzzeitung.de\\\/cms\\\/2021\\\/04\\\/die-jazz-radiowoche-vom-05-04-2111-04-2021\\\/#primaryimage\"},\"image\":{\"@id\":\"https:\\\/\\\/www.jazzzeitung.de\\\/cms\\\/2021\\\/04\\\/die-jazz-radiowoche-vom-05-04-2111-04-2021\\\/#primaryimage\"},\"thumbnailUrl\":\"https:\\\/\\\/i0.wp.com\\\/www.jazzzeitung.de\\\/cms\\\/wp-content\\\/uploads\\\/2019\\\/03\\\/jazz_im_radio.jpg?fit=2200%2C1417&ssl=1\",\"datePublished\":\"2021-04-04T10:00:15+00:00\",\"breadcrumb\":{\"@id\":\"https:\\\/\\\/www.jazzzeitung.de\\\/cms\\\/2021\\\/04\\\/die-jazz-radiowoche-vom-05-04-2111-04-2021\\\/#breadcrumb\"},\"inLanguage\":\"de\",\"potentialAction\":[{\"@type\":\"ReadAction\",\"target\":[\"https:\\\/\\\/www.jazzzeitung.de\\\/cms\\\/2021\\\/04\\\/die-jazz-radiowoche-vom-05-04-2111-04-2021\\\/\"]}]},{\"@type\":\"ImageObject\",\"inLanguage\":\"de\",\"@id\":\"https:\\\/\\\/www.jazzzeitung.de\\\/cms\\\/2021\\\/04\\\/die-jazz-radiowoche-vom-05-04-2111-04-2021\\\/#primaryimage\",\"url\":\"https:\\\/\\\/i0.wp.com\\\/www.jazzzeitung.de\\\/cms\\\/wp-content\\\/uploads\\\/2019\\\/03\\\/jazz_im_radio.jpg?fit=2200%2C1417&ssl=1\",\"contentUrl\":\"https:\\\/\\\/i0.wp.com\\\/www.jazzzeitung.de\\\/cms\\\/wp-content\\\/uploads\\\/2019\\\/03\\\/jazz_im_radio.jpg?fit=2200%2C1417&ssl=1\",\"width\":2200,\"height\":1417,\"caption\":\"Jazz im Radio. Foto: Hufner\"},{\"@type\":\"BreadcrumbList\",\"@id\":\"https:\\\/\\\/www.jazzzeitung.de\\\/cms\\\/2021\\\/04\\\/die-jazz-radiowoche-vom-05-04-2111-04-2021\\\/#breadcrumb\",\"itemListElement\":[{\"@type\":\"ListItem\",\"position\":1,\"name\":\"Startseite\",\"item\":\"https:\\\/\\\/www.jazzzeitung.de\\\/cms\\\/\"},{\"@type\":\"ListItem\",\"position\":2,\"name\":\"Die Jazz-Radiowoche vom 05.04.21\u201311.04.2021\"}]},{\"@type\":\"WebSite\",\"@id\":\"https:\\\/\\\/www.jazzzeitung.de\\\/cms\\\/#website\",\"url\":\"https:\\\/\\\/www.jazzzeitung.de\\\/cms\\\/\",\"name\":\"JazzZeitung\",\"description\":\"Jazz-News und Jazz-Kontroverses\",\"publisher\":{\"@id\":\"https:\\\/\\\/www.jazzzeitung.de\\\/cms\\\/#organization\"},\"potentialAction\":[{\"@type\":\"SearchAction\",\"target\":{\"@type\":\"EntryPoint\",\"urlTemplate\":\"https:\\\/\\\/www.jazzzeitung.de\\\/cms\\\/?s={search_term_string}\"},\"query-input\":{\"@type\":\"PropertyValueSpecification\",\"valueRequired\":true,\"valueName\":\"search_term_string\"}}],\"inLanguage\":\"de\"},{\"@type\":\"Organization\",\"@id\":\"https:\\\/\\\/www.jazzzeitung.de\\\/cms\\\/#organization\",\"name\":\"JazzZeitung online\",\"url\":\"https:\\\/\\\/www.jazzzeitung.de\\\/cms\\\/\",\"logo\":{\"@type\":\"ImageObject\",\"inLanguage\":\"de\",\"@id\":\"https:\\\/\\\/www.jazzzeitung.de\\\/cms\\\/#\\\/schema\\\/logo\\\/image\\\/\",\"url\":\"https:\\\/\\\/i0.wp.com\\\/www.jazzzeitung.de\\\/cms\\\/wp-content\\\/uploads\\\/2015\\\/08\\\/JAZZZEITUNGDE_Logo_Neu.png?fit=499%2C200&ssl=1\",\"contentUrl\":\"https:\\\/\\\/i0.wp.com\\\/www.jazzzeitung.de\\\/cms\\\/wp-content\\\/uploads\\\/2015\\\/08\\\/JAZZZEITUNGDE_Logo_Neu.png?fit=499%2C200&ssl=1\",\"width\":499,\"height\":200,\"caption\":\"JazzZeitung online\"},\"image\":{\"@id\":\"https:\\\/\\\/www.jazzzeitung.de\\\/cms\\\/#\\\/schema\\\/logo\\\/image\\\/\"},\"sameAs\":[\"https:\\\/\\\/www.facebook.com\\\/JazzZeitung\\\/\"]},{\"@type\":\"Person\",\"@id\":\"https:\\\/\\\/www.jazzzeitung.de\\\/cms\\\/#\\\/schema\\\/person\\\/b9a4e5ac765d94fb8f617bfa8f1fc5f7\",\"name\":\"Martin Hufner\",\"image\":{\"@type\":\"ImageObject\",\"inLanguage\":\"de\",\"@id\":\"https:\\\/\\\/i0.wp.com\\\/www.jazzzeitung.de\\\/cms\\\/wp-content\\\/uploads\\\/2013\\\/07\\\/huf-06.jpg?resize=96%2C96&ssl=15fcc31aa94540751a3b804516452be00\",\"url\":\"https:\\\/\\\/i0.wp.com\\\/www.jazzzeitung.de\\\/cms\\\/wp-content\\\/uploads\\\/2013\\\/07\\\/huf-06.jpg?resize=96%2C96&ssl=1\",\"contentUrl\":\"https:\\\/\\\/i0.wp.com\\\/www.jazzzeitung.de\\\/cms\\\/wp-content\\\/uploads\\\/2013\\\/07\\\/huf-06.jpg?resize=96%2C96&ssl=1\",\"caption\":\"Martin Hufner\"},\"description\":\"Martin Hufner ist freier Autor der JazzZeitung.\",\"sameAs\":[\"https:\\\/\\\/www.kritische-masse.de\\\/logbuch\",\"https:\\\/\\\/www.facebook.com\\\/hufner\"],\"url\":\"https:\\\/\\\/www.jazzzeitung.de\\\/cms\\\/author\\\/admin\\\/\"}]}<\/script>\n<!-- \/ Yoast SEO plugin. -->","yoast_head_json":{"title":"Die Jazz-Radiowoche vom 05.04.21\u201311.04.2021 - JazzZeitung","robots":{"index":"index","follow":"follow","max-snippet":"max-snippet:-1","max-image-preview":"max-image-preview:large","max-video-preview":"max-video-preview:-1"},"canonical":"https:\/\/www.jazzzeitung.de\/cms\/2021\/04\/die-jazz-radiowoche-vom-05-04-2111-04-2021\/","og_locale":"de_DE","og_type":"article","og_title":"Die Jazz-Radiowoche vom 05.04.21\u201311.04.2021 - JazzZeitung","og_description":"Ein kleiner Blick in die Jazzwoche 14 im Radio. Am 10.4. zum Beispiel: 22:03 bis 23:00 | SWR 2 Jazztime: The Great Pretender \u2013 Lester Bowies Brass Fantasy.","og_url":"https:\/\/www.jazzzeitung.de\/cms\/2021\/04\/die-jazz-radiowoche-vom-05-04-2111-04-2021\/","og_site_name":"JazzZeitung","article_publisher":"https:\/\/www.facebook.com\/JazzZeitung\/","article_author":"https:\/\/www.facebook.com\/hufner","article_published_time":"2021-04-04T10:00:15+00:00","og_image":[{"width":2200,"height":1417,"url":"https:\/\/i0.wp.com\/www.jazzzeitung.de\/cms\/wp-content\/uploads\/2019\/03\/jazz_im_radio.jpg?fit=2200%2C1417&ssl=1","type":"image\/jpeg"}],"author":"Martin Hufner","schema":{"@context":"https:\/\/schema.org","@graph":[{"@type":"Article","@id":"https:\/\/www.jazzzeitung.de\/cms\/2021\/04\/die-jazz-radiowoche-vom-05-04-2111-04-2021\/#article","isPartOf":{"@id":"https:\/\/www.jazzzeitung.de\/cms\/2021\/04\/die-jazz-radiowoche-vom-05-04-2111-04-2021\/"},"author":{"name":"Martin Hufner","@id":"https:\/\/www.jazzzeitung.de\/cms\/#\/schema\/person\/b9a4e5ac765d94fb8f617bfa8f1fc5f7"},"headline":"Die Jazz-Radiowoche vom 05.04.21\u201311.04.2021","datePublished":"2021-04-04T10:00:15+00:00","mainEntityOfPage":{"@id":"https:\/\/www.jazzzeitung.de\/cms\/2021\/04\/die-jazz-radiowoche-vom-05-04-2111-04-2021\/"},"wordCount":3563,"commentCount":0,"publisher":{"@id":"https:\/\/www.jazzzeitung.de\/cms\/#organization"},"image":{"@id":"https:\/\/www.jazzzeitung.de\/cms\/2021\/04\/die-jazz-radiowoche-vom-05-04-2111-04-2021\/#primaryimage"},"thumbnailUrl":"https:\/\/i0.wp.com\/www.jazzzeitung.de\/cms\/wp-content\/uploads\/2019\/03\/jazz_im_radio.jpg?fit=2200%2C1417&ssl=1","keywords":["Jazz im Radio"],"articleSection":["News","Radio"],"inLanguage":"de","potentialAction":[{"@type":"CommentAction","name":"Comment","target":["https:\/\/www.jazzzeitung.de\/cms\/2021\/04\/die-jazz-radiowoche-vom-05-04-2111-04-2021\/#respond"]}]},{"@type":"WebPage","@id":"https:\/\/www.jazzzeitung.de\/cms\/2021\/04\/die-jazz-radiowoche-vom-05-04-2111-04-2021\/","url":"https:\/\/www.jazzzeitung.de\/cms\/2021\/04\/die-jazz-radiowoche-vom-05-04-2111-04-2021\/","name":"Die Jazz-Radiowoche vom 05.04.21\u201311.04.2021 - JazzZeitung","isPartOf":{"@id":"https:\/\/www.jazzzeitung.de\/cms\/#website"},"primaryImageOfPage":{"@id":"https:\/\/www.jazzzeitung.de\/cms\/2021\/04\/die-jazz-radiowoche-vom-05-04-2111-04-2021\/#primaryimage"},"image":{"@id":"https:\/\/www.jazzzeitung.de\/cms\/2021\/04\/die-jazz-radiowoche-vom-05-04-2111-04-2021\/#primaryimage"},"thumbnailUrl":"https:\/\/i0.wp.com\/www.jazzzeitung.de\/cms\/wp-content\/uploads\/2019\/03\/jazz_im_radio.jpg?fit=2200%2C1417&ssl=1","datePublished":"2021-04-04T10:00:15+00:00","breadcrumb":{"@id":"https:\/\/www.jazzzeitung.de\/cms\/2021\/04\/die-jazz-radiowoche-vom-05-04-2111-04-2021\/#breadcrumb"},"inLanguage":"de","potentialAction":[{"@type":"ReadAction","target":["https:\/\/www.jazzzeitung.de\/cms\/2021\/04\/die-jazz-radiowoche-vom-05-04-2111-04-2021\/"]}]},{"@type":"ImageObject","inLanguage":"de","@id":"https:\/\/www.jazzzeitung.de\/cms\/2021\/04\/die-jazz-radiowoche-vom-05-04-2111-04-2021\/#primaryimage","url":"https:\/\/i0.wp.com\/www.jazzzeitung.de\/cms\/wp-content\/uploads\/2019\/03\/jazz_im_radio.jpg?fit=2200%2C1417&ssl=1","contentUrl":"https:\/\/i0.wp.com\/www.jazzzeitung.de\/cms\/wp-content\/uploads\/2019\/03\/jazz_im_radio.jpg?fit=2200%2C1417&ssl=1","width":2200,"height":1417,"caption":"Jazz im Radio. Foto: Hufner"},{"@type":"BreadcrumbList","@id":"https:\/\/www.jazzzeitung.de\/cms\/2021\/04\/die-jazz-radiowoche-vom-05-04-2111-04-2021\/#breadcrumb","itemListElement":[{"@type":"ListItem","position":1,"name":"Startseite","item":"https:\/\/www.jazzzeitung.de\/cms\/"},{"@type":"ListItem","position":2,"name":"Die Jazz-Radiowoche vom 05.04.21\u201311.04.2021"}]},{"@type":"WebSite","@id":"https:\/\/www.jazzzeitung.de\/cms\/#website","url":"https:\/\/www.jazzzeitung.de\/cms\/","name":"JazzZeitung","description":"Jazz-News und Jazz-Kontroverses","publisher":{"@id":"https:\/\/www.jazzzeitung.de\/cms\/#organization"},"potentialAction":[{"@type":"SearchAction","target":{"@type":"EntryPoint","urlTemplate":"https:\/\/www.jazzzeitung.de\/cms\/?s={search_term_string}"},"query-input":{"@type":"PropertyValueSpecification","valueRequired":true,"valueName":"search_term_string"}}],"inLanguage":"de"},{"@type":"Organization","@id":"https:\/\/www.jazzzeitung.de\/cms\/#organization","name":"JazzZeitung online","url":"https:\/\/www.jazzzeitung.de\/cms\/","logo":{"@type":"ImageObject","inLanguage":"de","@id":"https:\/\/www.jazzzeitung.de\/cms\/#\/schema\/logo\/image\/","url":"https:\/\/i0.wp.com\/www.jazzzeitung.de\/cms\/wp-content\/uploads\/2015\/08\/JAZZZEITUNGDE_Logo_Neu.png?fit=499%2C200&ssl=1","contentUrl":"https:\/\/i0.wp.com\/www.jazzzeitung.de\/cms\/wp-content\/uploads\/2015\/08\/JAZZZEITUNGDE_Logo_Neu.png?fit=499%2C200&ssl=1","width":499,"height":200,"caption":"JazzZeitung online"},"image":{"@id":"https:\/\/www.jazzzeitung.de\/cms\/#\/schema\/logo\/image\/"},"sameAs":["https:\/\/www.facebook.com\/JazzZeitung\/"]},{"@type":"Person","@id":"https:\/\/www.jazzzeitung.de\/cms\/#\/schema\/person\/b9a4e5ac765d94fb8f617bfa8f1fc5f7","name":"Martin Hufner","image":{"@type":"ImageObject","inLanguage":"de","@id":"https:\/\/i0.wp.com\/www.jazzzeitung.de\/cms\/wp-content\/uploads\/2013\/07\/huf-06.jpg?resize=96%2C96&ssl=15fcc31aa94540751a3b804516452be00","url":"https:\/\/i0.wp.com\/www.jazzzeitung.de\/cms\/wp-content\/uploads\/2013\/07\/huf-06.jpg?resize=96%2C96&ssl=1","contentUrl":"https:\/\/i0.wp.com\/www.jazzzeitung.de\/cms\/wp-content\/uploads\/2013\/07\/huf-06.jpg?resize=96%2C96&ssl=1","caption":"Martin Hufner"},"description":"Martin Hufner ist freier Autor der JazzZeitung.","sameAs":["https:\/\/www.kritische-masse.de\/logbuch","https:\/\/www.facebook.com\/hufner"],"url":"https:\/\/www.jazzzeitung.de\/cms\/author\/admin\/"}]}},"wp-worthy-pixel":{"ignored":true,"public":null,"server":null,"url":null},"wp-worthy-type":"normal","jetpack_publicize_connections":[],"cc_featured_image_caption":{"caption_text":"Jazz im Radio.","source_text":"Foto: Martin Hufner","source_url":"https:\/\/musikunrat.de"},"jetpack_featured_media_url":"https:\/\/i0.wp.com\/www.jazzzeitung.de\/cms\/wp-content\/uploads\/2019\/03\/jazz_im_radio.jpg?fit=2200%2C1417&ssl=1","jetpack_shortlink":"https:\/\/wp.me\/p3KEcT-6pf","jetpack-related-posts":[{"id":21609,"url":"https:\/\/www.jazzzeitung.de\/cms\/2020\/01\/die-jazz-radiowoche-vom-06-01-20-bis-12-01-20-notausgabe\/","url_meta":{"origin":24629,"position":0},"title":"Die Jazz-Radiowoche vom 06.01.20 bis 12.01.20 (Notausgabe)","author":"Martin Hufner","date":"5. Januar 2020","format":false,"excerpt":"Ein kleiner Blick in die Jazzwoche 02 im Radio. Notausgabe! Die \u00dcbersicht zum Download als PDF. Alle Angaben ohne Gew\u00e4hr. Jazz im Radio (Fernsehen) SR2 \u2013 JazzNow \u2013 Sonntags von 20.04 bis 22.30 Uhr BR-KLASSIK \u2013 Jazztime \u2013 Von Montag bis Freitag t\u00e4glich um 23.05 Uhr rbb-kultur \u2013 Late Night\u2026","rel":"","context":"In &quot;News&quot;","block_context":{"text":"News","link":"https:\/\/www.jazzzeitung.de\/cms\/thema\/nachrichten\/"},"img":{"alt_text":"Jazz im Radio. Foto: Hufner","src":"https:\/\/i0.wp.com\/www.jazzzeitung.de\/cms\/wp-content\/uploads\/2019\/03\/jazz_im_radio.jpg?fit=1200%2C773&ssl=1&resize=350%2C200","width":350,"height":200,"srcset":"https:\/\/i0.wp.com\/www.jazzzeitung.de\/cms\/wp-content\/uploads\/2019\/03\/jazz_im_radio.jpg?fit=1200%2C773&ssl=1&resize=350%2C200 1x, https:\/\/i0.wp.com\/www.jazzzeitung.de\/cms\/wp-content\/uploads\/2019\/03\/jazz_im_radio.jpg?fit=1200%2C773&ssl=1&resize=525%2C300 1.5x, https:\/\/i0.wp.com\/www.jazzzeitung.de\/cms\/wp-content\/uploads\/2019\/03\/jazz_im_radio.jpg?fit=1200%2C773&ssl=1&resize=700%2C400 2x, https:\/\/i0.wp.com\/www.jazzzeitung.de\/cms\/wp-content\/uploads\/2019\/03\/jazz_im_radio.jpg?fit=1200%2C773&ssl=1&resize=1050%2C600 3x"},"classes":[]},{"id":22236,"url":"https:\/\/www.jazzzeitung.de\/cms\/2020\/03\/die-jazz-radiowoche-vom-30-03-20-bis-05-04-20\/","url_meta":{"origin":24629,"position":1},"title":"Die Jazz-Radiowoche vom 30.03.20 bis 05.04.20","author":"Martin Hufner","date":"29. M\u00e4rz 2020","format":false,"excerpt":"Ein kleiner Blick in die Jazzwoche 14 im Radio. Alle Angaben ohne Gew\u00e4hr. Jazz im Radio (Fernsehen) SR2 \u2013 JazzNow \u2013 Sonntags von 20.04 bis 22.30 Uhr BR-KLASSIK \u2013 Jazztime \u2013 Von Montag bis Freitag t\u00e4glich um 23.05 Uhr rbb-kultur \u2013 Late Night Jazz \u2013 Sa und So 23:04 \u2013\u2026","rel":"","context":"In &quot;News&quot;","block_context":{"text":"News","link":"https:\/\/www.jazzzeitung.de\/cms\/thema\/nachrichten\/"},"img":{"alt_text":"Jazz im Radio. Foto: Hufner","src":"https:\/\/i0.wp.com\/www.jazzzeitung.de\/cms\/wp-content\/uploads\/2019\/03\/jazz_im_radio.jpg?fit=1200%2C773&ssl=1&resize=350%2C200","width":350,"height":200,"srcset":"https:\/\/i0.wp.com\/www.jazzzeitung.de\/cms\/wp-content\/uploads\/2019\/03\/jazz_im_radio.jpg?fit=1200%2C773&ssl=1&resize=350%2C200 1x, https:\/\/i0.wp.com\/www.jazzzeitung.de\/cms\/wp-content\/uploads\/2019\/03\/jazz_im_radio.jpg?fit=1200%2C773&ssl=1&resize=525%2C300 1.5x, https:\/\/i0.wp.com\/www.jazzzeitung.de\/cms\/wp-content\/uploads\/2019\/03\/jazz_im_radio.jpg?fit=1200%2C773&ssl=1&resize=700%2C400 2x, https:\/\/i0.wp.com\/www.jazzzeitung.de\/cms\/wp-content\/uploads\/2019\/03\/jazz_im_radio.jpg?fit=1200%2C773&ssl=1&resize=1050%2C600 3x"},"classes":[]},{"id":23939,"url":"https:\/\/www.jazzzeitung.de\/cms\/2020\/12\/die-jazz-radiowoche-vom-7-12-20-bis-13-12-2020\/","url_meta":{"origin":24629,"position":2},"title":"Die Jazz-Radiowoche vom 7.12.20 bis 13.12.2020","author":"Martin Hufner","date":"6. Dezember 2020","format":false,"excerpt":"Ein kleiner Blick in die Jazzwoche 50 im Radio. Der ist dieses mal so klein, es steht da n\u00e4mlich gar nichts drin.Grund daf\u00fcr: Die Suchmaschine f\u00fcr Radiosendungen der ARD gibt am dem 7.12.2020 keine Ergebnisse heraus. Versuche der Kontaktaufnahme mit der ARD sind ohne Echo verhallt. Aktuell bleibt es bei\u2026","rel":"","context":"In &quot;News&quot;","block_context":{"text":"News","link":"https:\/\/www.jazzzeitung.de\/cms\/thema\/nachrichten\/"},"img":{"alt_text":"Jazz im Radio. Foto: Hufner","src":"https:\/\/i0.wp.com\/www.jazzzeitung.de\/cms\/wp-content\/uploads\/2019\/03\/jazz_im_radio.jpg?fit=1200%2C773&ssl=1&resize=350%2C200","width":350,"height":200,"srcset":"https:\/\/i0.wp.com\/www.jazzzeitung.de\/cms\/wp-content\/uploads\/2019\/03\/jazz_im_radio.jpg?fit=1200%2C773&ssl=1&resize=350%2C200 1x, https:\/\/i0.wp.com\/www.jazzzeitung.de\/cms\/wp-content\/uploads\/2019\/03\/jazz_im_radio.jpg?fit=1200%2C773&ssl=1&resize=525%2C300 1.5x, https:\/\/i0.wp.com\/www.jazzzeitung.de\/cms\/wp-content\/uploads\/2019\/03\/jazz_im_radio.jpg?fit=1200%2C773&ssl=1&resize=700%2C400 2x, https:\/\/i0.wp.com\/www.jazzzeitung.de\/cms\/wp-content\/uploads\/2019\/03\/jazz_im_radio.jpg?fit=1200%2C773&ssl=1&resize=1050%2C600 3x"},"classes":[]},{"id":23982,"url":"https:\/\/www.jazzzeitung.de\/cms\/2020\/12\/die-jazz-radiowoche-vom-14-12-20-bis-31-12-2020\/","url_meta":{"origin":24629,"position":3},"title":"Die Jazz-Radiowoche vom 14.12.20 bis 31.12.2020","author":"Martin Hufner","date":"13. Dezember 2020","format":false,"excerpt":"Ein kleiner Blick in Restmonat. Die Suchmaschine der ARD hat ihren Dienst am 7.12.2020 eingestellt. Nachfragen haben nur gezeigt, dass die Veranwortlichen kein Interesse daran haben, das zu kommunizieren. Weder ist herauszubekommen, wer das veranlasst hat noch warum. Danke ARD! F\u00fcr nichts. Jetzt schauen wir mal, wie es weiter geht.\u2026","rel":"","context":"In &quot;News&quot;","block_context":{"text":"News","link":"https:\/\/www.jazzzeitung.de\/cms\/thema\/nachrichten\/"},"img":{"alt_text":"Jazz im Radio. Foto: Hufner","src":"https:\/\/i0.wp.com\/www.jazzzeitung.de\/cms\/wp-content\/uploads\/2019\/03\/jazz_im_radio.jpg?fit=1200%2C773&ssl=1&resize=350%2C200","width":350,"height":200,"srcset":"https:\/\/i0.wp.com\/www.jazzzeitung.de\/cms\/wp-content\/uploads\/2019\/03\/jazz_im_radio.jpg?fit=1200%2C773&ssl=1&resize=350%2C200 1x, https:\/\/i0.wp.com\/www.jazzzeitung.de\/cms\/wp-content\/uploads\/2019\/03\/jazz_im_radio.jpg?fit=1200%2C773&ssl=1&resize=525%2C300 1.5x, https:\/\/i0.wp.com\/www.jazzzeitung.de\/cms\/wp-content\/uploads\/2019\/03\/jazz_im_radio.jpg?fit=1200%2C773&ssl=1&resize=700%2C400 2x, https:\/\/i0.wp.com\/www.jazzzeitung.de\/cms\/wp-content\/uploads\/2019\/03\/jazz_im_radio.jpg?fit=1200%2C773&ssl=1&resize=1050%2C600 3x"},"classes":[]},{"id":22441,"url":"https:\/\/www.jazzzeitung.de\/cms\/2020\/05\/die-jazz-radiowoche-vom-04-05-20-bis-10-05-20\/","url_meta":{"origin":24629,"position":4},"title":"Die Jazz-Radiowoche vom 04.05.20 bis 10.05.20","author":"Martin Hufner","date":"3. Mai 2020","format":false,"excerpt":"Ein kleiner Blick in die Jazzwoche 19 im Radio. Alle Angaben ohne Gew\u00e4hr. Jazz Special \u2013 Fire Music \u2013 Die unheilige Allianz von Jazz und Krieg | The Space Between \u2013 Mikrotonalit\u00e4t im Jazz","rel":"","context":"In &quot;News&quot;","block_context":{"text":"News","link":"https:\/\/www.jazzzeitung.de\/cms\/thema\/nachrichten\/"},"img":{"alt_text":"Jazz im Radio. Foto: Hufner","src":"https:\/\/i0.wp.com\/www.jazzzeitung.de\/cms\/wp-content\/uploads\/2019\/03\/jazz_im_radio.jpg?fit=1200%2C773&ssl=1&resize=350%2C200","width":350,"height":200,"srcset":"https:\/\/i0.wp.com\/www.jazzzeitung.de\/cms\/wp-content\/uploads\/2019\/03\/jazz_im_radio.jpg?fit=1200%2C773&ssl=1&resize=350%2C200 1x, https:\/\/i0.wp.com\/www.jazzzeitung.de\/cms\/wp-content\/uploads\/2019\/03\/jazz_im_radio.jpg?fit=1200%2C773&ssl=1&resize=525%2C300 1.5x, https:\/\/i0.wp.com\/www.jazzzeitung.de\/cms\/wp-content\/uploads\/2019\/03\/jazz_im_radio.jpg?fit=1200%2C773&ssl=1&resize=700%2C400 2x, https:\/\/i0.wp.com\/www.jazzzeitung.de\/cms\/wp-content\/uploads\/2019\/03\/jazz_im_radio.jpg?fit=1200%2C773&ssl=1&resize=1050%2C600 3x"},"classes":[]},{"id":24166,"url":"https:\/\/www.jazzzeitung.de\/cms\/2021\/01\/die-jazz-radiowoche-vom-18-01-2125-01-2021\/","url_meta":{"origin":24629,"position":5},"title":"Die Jazz-Radiowoche vom 18.01.21\u201325.01.2021","author":"Martin Hufner","date":"17. Januar 2021","format":false,"excerpt":"Ein kleiner Blick in die Jazzwoche 03 im Radio. Alle Angaben ohne Gew\u00e4hr. Unter anderem: Pianist Sebastian Sternal live im Jazzclub Birdland in Neuburg an der Donau. Aufnahme vom 19. November 2020.","rel":"","context":"In &quot;News&quot;","block_context":{"text":"News","link":"https:\/\/www.jazzzeitung.de\/cms\/thema\/nachrichten\/"},"img":{"alt_text":"Jazz im Radio. Foto: Hufner","src":"https:\/\/i0.wp.com\/www.jazzzeitung.de\/cms\/wp-content\/uploads\/2019\/03\/jazz_im_radio.jpg?fit=1200%2C773&ssl=1&resize=350%2C200","width":350,"height":200,"srcset":"https:\/\/i0.wp.com\/www.jazzzeitung.de\/cms\/wp-content\/uploads\/2019\/03\/jazz_im_radio.jpg?fit=1200%2C773&ssl=1&resize=350%2C200 1x, https:\/\/i0.wp.com\/www.jazzzeitung.de\/cms\/wp-content\/uploads\/2019\/03\/jazz_im_radio.jpg?fit=1200%2C773&ssl=1&resize=525%2C300 1.5x, https:\/\/i0.wp.com\/www.jazzzeitung.de\/cms\/wp-content\/uploads\/2019\/03\/jazz_im_radio.jpg?fit=1200%2C773&ssl=1&resize=700%2C400 2x, https:\/\/i0.wp.com\/www.jazzzeitung.de\/cms\/wp-content\/uploads\/2019\/03\/jazz_im_radio.jpg?fit=1200%2C773&ssl=1&resize=1050%2C600 3x"},"classes":[]}],"jetpack_sharing_enabled":false,"_links":{"self":[{"href":"https:\/\/www.jazzzeitung.de\/cms\/wp-json\/wp\/v2\/posts\/24629","targetHints":{"allow":["GET"]}}],"collection":[{"href":"https:\/\/www.jazzzeitung.de\/cms\/wp-json\/wp\/v2\/posts"}],"about":[{"href":"https:\/\/www.jazzzeitung.de\/cms\/wp-json\/wp\/v2\/types\/post"}],"author":[{"embeddable":true,"href":"https:\/\/www.jazzzeitung.de\/cms\/wp-json\/wp\/v2\/users\/1"}],"replies":[{"embeddable":true,"href":"https:\/\/www.jazzzeitung.de\/cms\/wp-json\/wp\/v2\/comments?post=24629"}],"version-history":[{"count":1,"href":"https:\/\/www.jazzzeitung.de\/cms\/wp-json\/wp\/v2\/posts\/24629\/revisions"}],"predecessor-version":[{"id":24630,"href":"https:\/\/www.jazzzeitung.de\/cms\/wp-json\/wp\/v2\/posts\/24629\/revisions\/24630"}],"wp:featuredmedia":[{"embeddable":true,"href":"https:\/\/www.jazzzeitung.de\/cms\/wp-json\/wp\/v2\/media\/18913"}],"wp:attachment":[{"href":"https:\/\/www.jazzzeitung.de\/cms\/wp-json\/wp\/v2\/media?parent=24629"}],"wp:term":[{"taxonomy":"category","embeddable":true,"href":"https:\/\/www.jazzzeitung.de\/cms\/wp-json\/wp\/v2\/categories?post=24629"},{"taxonomy":"post_tag","embeddable":true,"href":"https:\/\/www.jazzzeitung.de\/cms\/wp-json\/wp\/v2\/tags?post=24629"},{"taxonomy":"author","embeddable":true,"href":"https:\/\/www.jazzzeitung.de\/cms\/wp-json\/wp\/v2\/coauthors?post=24629"}],"curies":[{"name":"wp","href":"https:\/\/api.w.org\/{rel}","templated":true}]}}