{"id":24552,"date":"2021-03-18T07:35:14","date_gmt":"2021-03-18T06:35:14","guid":{"rendered":"https:\/\/www.jazzzeitung.de\/cms\/?p=24552"},"modified":"2021-03-17T16:36:03","modified_gmt":"2021-03-17T15:36:03","slug":"pur-gespielte-dramen-und-fanstasien-daniel-webers-solo-debuet","status":"publish","type":"post","link":"https:\/\/www.jazzzeitung.de\/cms\/2021\/03\/pur-gespielte-dramen-und-fanstasien-daniel-webers-solo-debuet\/","title":{"rendered":"Pur gespielte Dramen und Fanstasien \u2013 Daniel Webers Solo-Deb\u00fct"},"content":{"rendered":"<p>Dramatische Personen \u2013 frei \u00fcbersetzt, k\u00f6nnen das der sechsj\u00e4hrige Sohn, die narrische Nachbarin oder Marlon Brando in \u201eApocalypse Now\u201c sein. Der Saarbr\u00fccker Schlagzeuger und Komponist Daniel Weber hat sich f\u00fcr sein Solo-Deb\u00fct f\u00fcr Personen aus der Theatergeschichte entschieden. Nachdem er in 2019 und 2020 f\u00fcr zwei St\u00fccke, Antigone und Gaslicht (Gaslight von Patrick Hamilton), Musik geschrieben hatte, dachte er, es werde Zeit f\u00fcr eine erste Soloproduktion. \u201eDie Arbeit an einem Solo-Projekt als die Verdichtung musikalischer Kommunikation, die Faszination des Zuru\u0308ckge-worfenseins auf sich selbst, auf einen inneren ku\u0308nstlerischen Dialog\u201c habe sich geradezu aufdr\u00e4ngt, hei\u00dft es dazu im Pressetext.<\/p>\n<figure id=\"attachment_24556\" aria-describedby=\"caption-attachment-24556\" style=\"width: 300px\" class=\"wp-caption alignleft\"><a href=\"https:\/\/i0.wp.com\/www.jazzzeitung.de\/cms\/wp-content\/uploads\/2021\/03\/Portrait-4klinger-vera.jpeg?ssl=1\"><img data-recalc-dims=\"1\" loading=\"lazy\" decoding=\"async\" data-attachment-id=\"24556\" data-permalink=\"https:\/\/www.jazzzeitung.de\/cms\/2021\/03\/pur-gespielte-dramen-und-fanstasien-daniel-webers-solo-debuet\/portrait-4klinger-vera\/\" data-orig-file=\"https:\/\/i0.wp.com\/www.jazzzeitung.de\/cms\/wp-content\/uploads\/2021\/03\/Portrait-4klinger-vera.jpeg?fit=1280%2C853&amp;ssl=1\" data-orig-size=\"1280,853\" data-comments-opened=\"1\" data-image-meta=\"{&quot;aperture&quot;:&quot;3.2&quot;,&quot;credit&quot;:&quot;&quot;,&quot;camera&quot;:&quot;Canon EOS 7D&quot;,&quot;caption&quot;:&quot;&quot;,&quot;created_timestamp&quot;:&quot;1574092696&quot;,&quot;copyright&quot;:&quot;&quot;,&quot;focal_length&quot;:&quot;42&quot;,&quot;iso&quot;:&quot;640&quot;,&quot;shutter_speed&quot;:&quot;0.001&quot;,&quot;title&quot;:&quot;&quot;,&quot;orientation&quot;:&quot;0&quot;}\" data-image-title=\"Portrait-4(klinger-vera)\" data-image-description=\"\" data-image-caption=\"\" data-large-file=\"https:\/\/i0.wp.com\/www.jazzzeitung.de\/cms\/wp-content\/uploads\/2021\/03\/Portrait-4klinger-vera.jpeg?fit=840%2C560&amp;ssl=1\" class=\"wp-image-24556 size-medium\" src=\"https:\/\/i0.wp.com\/www.jazzzeitung.de\/cms\/wp-content\/uploads\/2021\/03\/Portrait-4klinger-vera.jpeg?resize=300%2C200&#038;ssl=1\" alt=\"\" width=\"300\" height=\"200\" srcset=\"https:\/\/i0.wp.com\/www.jazzzeitung.de\/cms\/wp-content\/uploads\/2021\/03\/Portrait-4klinger-vera.jpeg?resize=300%2C200&amp;ssl=1 300w, https:\/\/i0.wp.com\/www.jazzzeitung.de\/cms\/wp-content\/uploads\/2021\/03\/Portrait-4klinger-vera.jpeg?resize=900%2C600&amp;ssl=1 900w, https:\/\/i0.wp.com\/www.jazzzeitung.de\/cms\/wp-content\/uploads\/2021\/03\/Portrait-4klinger-vera.jpeg?resize=768%2C512&amp;ssl=1 768w, https:\/\/i0.wp.com\/www.jazzzeitung.de\/cms\/wp-content\/uploads\/2021\/03\/Portrait-4klinger-vera.jpeg?resize=120%2C80&amp;ssl=1 120w, https:\/\/i0.wp.com\/www.jazzzeitung.de\/cms\/wp-content\/uploads\/2021\/03\/Portrait-4klinger-vera.jpeg?w=1280&amp;ssl=1 1280w\" sizes=\"auto, (max-width: 300px) 100vw, 300px\" \/><\/a><figcaption id=\"caption-attachment-24556\" class=\"wp-caption-text\">Daniel Weber, portr\u00e4tiert von Vera Klinger<\/figcaption><\/figure>\n<p>In der Vorbereitung bemerkte Weber, dass einiges aus den Theatermusiken von der Stimmung her gut zu darin vertretenen Figuren passt. Davon liess er sich bei den zweit\u00e4gigen Aufnahmen in einem Saarbr\u00fccker Studio inspirieren und er-improvisierte neun St\u00fccke, die er diesen Figuren zuordnete. Startet \u201eMoondog\u201c mit Vogelrufen und prescht dann im unerbittlichen Joggingtempo \u00fcber Toms und Felle, bis es ersch\u00f6pft im Beckenrausch endet, kriechen bei \u201eNancy Pears\u201c Schauer \u00fcber die Haut. Metallene Kratz- und Schabger\u00e4usche lassen viel von der psychoaktiven Stimmung des B\u00fchnenthrillers aufkommen.\u00a0\u00a0\u00a0 \u201ePolyneices\u201c dagegen, wie seine Schwester \u201eAntigone\u201c und \u201eCreon\u201c mythische Figuren aus Sophokles Trag\u00f6diendichtung Antigone, erhebt sich aus leisen, ratsuchenden Besenspuren und dunklen Kl\u00e4ngen, die wie eine d\u00fcstere Vorahnung wirken, zu\u00a0 machtvollen Trommelschl\u00e4gen, wilden Rhythmen und Wirbeln, die urpl\u00f6tzlich in der Luft h\u00e4ngend enden.<\/p>\n<p>Wieder neue Knister- und metallene Rollkl\u00e4nge verbunden mit in sich kreisenden, aus einem Rumwerkeln entstehenden, lustvollen Ger\u00e4uschen f\u00fchren bei \u201eBella Boyd\u201c \u2013 einer Figur aus Gaslicht \u2013 zu ambivalenten Eindr\u00fccken zwischen Humor und Erschrecken. \u201eGaslight\u201c schlie\u00dflich, mit \u00fcber zehn Minuten l\u00e4ngstes St\u00fcck des so vielf\u00e4ltigen, wie unglaublich abwechslungsreichen Albums, zeichnet mit subtilem Hall langsam dichter werdender Gongkl\u00e4nge und fast meditativer Tupfer auf Becken, R\u00e4nder und Felle eine innere Dynamik auf, die in einem Sturm dramatischer Becken m\u00fcndet.<\/p>\n<p>Egal welche Klang- und Ger\u00e4uschquelle Weber auch nutzt und in sein musikalisches Universum einbaut, er kommt eigentlich immer vom herk\u00f6mmlichen Schlagzeug spielen her. Zwar nutzt er kleine Pr\u00e4parationen und erweitert damit sein klassisches Drumset, sein Spiel aber bleibt pur, konzentriert auf rhythmische Komplexit\u00e4t und Farben mit denen er fantastische Stimmungen erzeugt. Wenn man sich nicht gerade v\u00f6llig davon gefangen nehmen l\u00e4sst, glaubt man manchmal den Widerhall von Schlagzeugern wie Pierre Favre oder G\u00fcnther Baby Sommer zu h\u00f6ren. Dessen drittes Soloalbum \u201eS\u00e4chsische Schatulle\u201c von 1988 und 1993 war Webers erstes \u2013 und vermutlich auch pr\u00e4gendes \u2013 H\u00f6rerlebnis mit Solo-Schlagzeug. Dass er dann auch noch den britischen Schlagzeuger Tony Oxley als wichtige Inspirationsquelle anf\u00fchrt, dieser hat bereits Anfang der 1970er Jahre mit improvisierten Soloperformances experimentiert, erscheint fast schon wie eine Selbst- oder gar Zwangsl\u00e4ufigkeit.<\/p>\n<p>Ein Album voller faszinierender Momente, starker Kontraste, nicht immer offensichtlichem Humor und eines musikantischen Ideenreichtums sondergleichen.<\/p>\n<p>Autor: Michael Scheiner<\/p>\n<p>Daniel Weber, Dramatis Personae, JazzHausMusik JHM 277<\/p>\n<p>Besetzung: Daniel Weber (dr, perc),<\/p>\n<p>&nbsp;<\/p>\n","protected":false},"excerpt":{"rendered":"<p>Dramatische Personen \u2013 frei \u00fcbersetzt, k\u00f6nnen das der sechsj\u00e4hrige Sohn, die narrische Nachbarin oder Marlon Brando in \u201eApocalypse Now\u201c sein. Der Saarbr\u00fccker Schlagzeuger und Komponist Daniel Weber hat sich f\u00fcr sein Solo-Deb\u00fct f\u00fcr Personen aus der Theatergeschichte entschieden. Nachdem er in 2019 und 2020 f\u00fcr zwei St\u00fccke, Antigone und Gaslicht (Gaslight von Patrick Hamilton), Musik geschrieben hatte, dachte er, es werde Zeit f\u00fcr eine erste Soloproduktion. \u201eDie Arbeit an einem Solo-Projekt als die Verdichtung musikalischer Kommunikation, die Faszination des Zuru\u0308ckge-worfenseins auf sich selbst, auf einen inneren ku\u0308nstlerischen Dialog\u201c habe sich geradezu aufdr\u00e4ngt, hei\u00dft es dazu im Pressetext. In der Vorbereitung bemerkte Weber, dass einiges aus den Theatermusiken von der Stimmung her gut zu darin vertretenen Figuren passt. Davon liess er sich bei den zweit\u00e4gigen Aufnahmen in einem Saarbr\u00fccker Studio inspirieren und er-improvisierte neun St\u00fccke, die er diesen Figuren zuordnete. Startet \u201eMoondog\u201c mit Vogelrufen und prescht dann im unerbittlichen Joggingtempo \u00fcber Toms und Felle, bis es ersch\u00f6pft im Beckenrausch endet, kriechen bei \u201eNancy Pears\u201c Schauer \u00fcber die Haut. Metallene Kratz- und Schabger\u00e4usche lassen viel von der psychoaktiven Stimmung des B\u00fchnenthrillers aufkommen.\u00a0\u00a0\u00a0 \u201ePolyneices\u201c dagegen, wie seine Schwester &hellip;<\/p>\n","protected":false},"author":18,"featured_media":24554,"comment_status":"open","ping_status":"closed","sticky":false,"template":"","format":"standard","meta":{"_jetpack_memberships_contains_paid_content":false,"footnotes":"","jetpack_publicize_message":"","jetpack_publicize_feature_enabled":true,"jetpack_social_post_already_shared":false,"jetpack_social_options":{"image_generator_settings":{"template":"highway","default_image_id":0,"font":"","enabled":false},"version":2}},"categories":[1152],"tags":[],"coauthors":[695],"class_list":["post-24552","post","type-post","status-publish","format-standard","has-post-thumbnail","hentry","category-rezension"],"yoast_head":"<!-- This site is optimized with the Yoast SEO plugin v27.5 - https:\/\/yoast.com\/product\/yoast-seo-wordpress\/ -->\n<title>Pur gespielte Dramen und Fanstasien \u2013 Daniel Webers Solo-Deb\u00fct - JazzZeitung<\/title>\n<meta name=\"robots\" content=\"index, follow, max-snippet:-1, max-image-preview:large, max-video-preview:-1\" \/>\n<link rel=\"canonical\" href=\"https:\/\/www.jazzzeitung.de\/cms\/2021\/03\/pur-gespielte-dramen-und-fanstasien-daniel-webers-solo-debuet\/\" \/>\n<meta property=\"og:locale\" content=\"de_DE\" \/>\n<meta property=\"og:type\" content=\"article\" \/>\n<meta property=\"og:title\" content=\"Pur gespielte Dramen und Fanstasien \u2013 Daniel Webers Solo-Deb\u00fct - JazzZeitung\" \/>\n<meta property=\"og:description\" content=\"Dramatische Personen \u2013 frei \u00fcbersetzt, k\u00f6nnen das der sechsj\u00e4hrige Sohn, die narrische Nachbarin oder Marlon Brando in \u201eApocalypse Now\u201c sein. Der Saarbr\u00fccker Schlagzeuger und Komponist Daniel Weber hat sich f\u00fcr sein Solo-Deb\u00fct f\u00fcr Personen aus der Theatergeschichte entschieden. Nachdem er in 2019 und 2020 f\u00fcr zwei St\u00fccke, Antigone und Gaslicht (Gaslight von Patrick Hamilton), Musik geschrieben hatte, dachte er, es werde Zeit f\u00fcr eine erste Soloproduktion. \u201eDie Arbeit an einem Solo-Projekt als die Verdichtung musikalischer Kommunikation, die Faszination des Zuru\u0308ckge-worfenseins auf sich selbst, auf einen inneren ku\u0308nstlerischen Dialog\u201c habe sich geradezu aufdr\u00e4ngt, hei\u00dft es dazu im Pressetext. In der Vorbereitung bemerkte Weber, dass einiges aus den Theatermusiken von der Stimmung her gut zu darin vertretenen Figuren passt. Davon liess er sich bei den zweit\u00e4gigen Aufnahmen in einem Saarbr\u00fccker Studio inspirieren und er-improvisierte neun St\u00fccke, die er diesen Figuren zuordnete. Startet \u201eMoondog\u201c mit Vogelrufen und prescht dann im unerbittlichen Joggingtempo \u00fcber Toms und Felle, bis es ersch\u00f6pft im Beckenrausch endet, kriechen bei \u201eNancy Pears\u201c Schauer \u00fcber die Haut. Metallene Kratz- und Schabger\u00e4usche lassen viel von der psychoaktiven Stimmung des B\u00fchnenthrillers aufkommen.\u00a0\u00a0\u00a0 \u201ePolyneices\u201c dagegen, wie seine Schwester &hellip;\" \/>\n<meta property=\"og:url\" content=\"https:\/\/www.jazzzeitung.de\/cms\/2021\/03\/pur-gespielte-dramen-und-fanstasien-daniel-webers-solo-debuet\/\" \/>\n<meta property=\"og:site_name\" content=\"JazzZeitung\" \/>\n<meta property=\"article:publisher\" content=\"https:\/\/www.facebook.com\/JazzZeitung\/\" \/>\n<meta property=\"article:published_time\" content=\"2021-03-18T06:35:14+00:00\" \/>\n<meta property=\"og:image\" content=\"https:\/\/i0.wp.com\/www.jazzzeitung.de\/cms\/wp-content\/uploads\/2021\/03\/weber-daniel-dramatis-personae-e1615995302656.jpeg?fit=1067%2C792&ssl=1\" \/>\n\t<meta property=\"og:image:width\" content=\"1067\" \/>\n\t<meta property=\"og:image:height\" content=\"792\" \/>\n\t<meta property=\"og:image:type\" content=\"image\/jpeg\" \/>\n<meta name=\"author\" content=\"Redaktion JazzZeitung\" \/>\n<script type=\"application\/ld+json\" class=\"yoast-schema-graph\">{\"@context\":\"https:\\\/\\\/schema.org\",\"@graph\":[{\"@type\":\"Article\",\"@id\":\"https:\\\/\\\/www.jazzzeitung.de\\\/cms\\\/2021\\\/03\\\/pur-gespielte-dramen-und-fanstasien-daniel-webers-solo-debuet\\\/#article\",\"isPartOf\":{\"@id\":\"https:\\\/\\\/www.jazzzeitung.de\\\/cms\\\/2021\\\/03\\\/pur-gespielte-dramen-und-fanstasien-daniel-webers-solo-debuet\\\/\"},\"author\":{\"name\":\"Redaktion JazzZeitung\",\"@id\":\"https:\\\/\\\/www.jazzzeitung.de\\\/cms\\\/#\\\/schema\\\/person\\\/2245b36b9cd1d24cea10f01c031fb92b\"},\"headline\":\"Pur gespielte Dramen und Fanstasien \u2013 Daniel Webers Solo-Deb\u00fct\",\"datePublished\":\"2021-03-18T06:35:14+00:00\",\"mainEntityOfPage\":{\"@id\":\"https:\\\/\\\/www.jazzzeitung.de\\\/cms\\\/2021\\\/03\\\/pur-gespielte-dramen-und-fanstasien-daniel-webers-solo-debuet\\\/\"},\"wordCount\":526,\"commentCount\":0,\"publisher\":{\"@id\":\"https:\\\/\\\/www.jazzzeitung.de\\\/cms\\\/#organization\"},\"image\":{\"@id\":\"https:\\\/\\\/www.jazzzeitung.de\\\/cms\\\/2021\\\/03\\\/pur-gespielte-dramen-und-fanstasien-daniel-webers-solo-debuet\\\/#primaryimage\"},\"thumbnailUrl\":\"https:\\\/\\\/i0.wp.com\\\/www.jazzzeitung.de\\\/cms\\\/wp-content\\\/uploads\\\/2021\\\/03\\\/weber-daniel-dramatis-personae-e1615995302656.jpeg?fit=1067%2C792&ssl=1\",\"articleSection\":[\"Rezension\"],\"inLanguage\":\"de\",\"potentialAction\":[{\"@type\":\"CommentAction\",\"name\":\"Comment\",\"target\":[\"https:\\\/\\\/www.jazzzeitung.de\\\/cms\\\/2021\\\/03\\\/pur-gespielte-dramen-und-fanstasien-daniel-webers-solo-debuet\\\/#respond\"]}]},{\"@type\":\"WebPage\",\"@id\":\"https:\\\/\\\/www.jazzzeitung.de\\\/cms\\\/2021\\\/03\\\/pur-gespielte-dramen-und-fanstasien-daniel-webers-solo-debuet\\\/\",\"url\":\"https:\\\/\\\/www.jazzzeitung.de\\\/cms\\\/2021\\\/03\\\/pur-gespielte-dramen-und-fanstasien-daniel-webers-solo-debuet\\\/\",\"name\":\"Pur gespielte Dramen und Fanstasien \u2013 Daniel Webers Solo-Deb\u00fct - JazzZeitung\",\"isPartOf\":{\"@id\":\"https:\\\/\\\/www.jazzzeitung.de\\\/cms\\\/#website\"},\"primaryImageOfPage\":{\"@id\":\"https:\\\/\\\/www.jazzzeitung.de\\\/cms\\\/2021\\\/03\\\/pur-gespielte-dramen-und-fanstasien-daniel-webers-solo-debuet\\\/#primaryimage\"},\"image\":{\"@id\":\"https:\\\/\\\/www.jazzzeitung.de\\\/cms\\\/2021\\\/03\\\/pur-gespielte-dramen-und-fanstasien-daniel-webers-solo-debuet\\\/#primaryimage\"},\"thumbnailUrl\":\"https:\\\/\\\/i0.wp.com\\\/www.jazzzeitung.de\\\/cms\\\/wp-content\\\/uploads\\\/2021\\\/03\\\/weber-daniel-dramatis-personae-e1615995302656.jpeg?fit=1067%2C792&ssl=1\",\"datePublished\":\"2021-03-18T06:35:14+00:00\",\"breadcrumb\":{\"@id\":\"https:\\\/\\\/www.jazzzeitung.de\\\/cms\\\/2021\\\/03\\\/pur-gespielte-dramen-und-fanstasien-daniel-webers-solo-debuet\\\/#breadcrumb\"},\"inLanguage\":\"de\",\"potentialAction\":[{\"@type\":\"ReadAction\",\"target\":[\"https:\\\/\\\/www.jazzzeitung.de\\\/cms\\\/2021\\\/03\\\/pur-gespielte-dramen-und-fanstasien-daniel-webers-solo-debuet\\\/\"]}]},{\"@type\":\"ImageObject\",\"inLanguage\":\"de\",\"@id\":\"https:\\\/\\\/www.jazzzeitung.de\\\/cms\\\/2021\\\/03\\\/pur-gespielte-dramen-und-fanstasien-daniel-webers-solo-debuet\\\/#primaryimage\",\"url\":\"https:\\\/\\\/i0.wp.com\\\/www.jazzzeitung.de\\\/cms\\\/wp-content\\\/uploads\\\/2021\\\/03\\\/weber-daniel-dramatis-personae-e1615995302656.jpeg?fit=1067%2C792&ssl=1\",\"contentUrl\":\"https:\\\/\\\/i0.wp.com\\\/www.jazzzeitung.de\\\/cms\\\/wp-content\\\/uploads\\\/2021\\\/03\\\/weber-daniel-dramatis-personae-e1615995302656.jpeg?fit=1067%2C792&ssl=1\",\"width\":1067,\"height\":792},{\"@type\":\"BreadcrumbList\",\"@id\":\"https:\\\/\\\/www.jazzzeitung.de\\\/cms\\\/2021\\\/03\\\/pur-gespielte-dramen-und-fanstasien-daniel-webers-solo-debuet\\\/#breadcrumb\",\"itemListElement\":[{\"@type\":\"ListItem\",\"position\":1,\"name\":\"Startseite\",\"item\":\"https:\\\/\\\/www.jazzzeitung.de\\\/cms\\\/\"},{\"@type\":\"ListItem\",\"position\":2,\"name\":\"Pur gespielte Dramen und Fanstasien \u2013 Daniel Webers Solo-Deb\u00fct\"}]},{\"@type\":\"WebSite\",\"@id\":\"https:\\\/\\\/www.jazzzeitung.de\\\/cms\\\/#website\",\"url\":\"https:\\\/\\\/www.jazzzeitung.de\\\/cms\\\/\",\"name\":\"JazzZeitung\",\"description\":\"Jazz-News und Jazz-Kontroverses\",\"publisher\":{\"@id\":\"https:\\\/\\\/www.jazzzeitung.de\\\/cms\\\/#organization\"},\"potentialAction\":[{\"@type\":\"SearchAction\",\"target\":{\"@type\":\"EntryPoint\",\"urlTemplate\":\"https:\\\/\\\/www.jazzzeitung.de\\\/cms\\\/?s={search_term_string}\"},\"query-input\":{\"@type\":\"PropertyValueSpecification\",\"valueRequired\":true,\"valueName\":\"search_term_string\"}}],\"inLanguage\":\"de\"},{\"@type\":\"Organization\",\"@id\":\"https:\\\/\\\/www.jazzzeitung.de\\\/cms\\\/#organization\",\"name\":\"JazzZeitung online\",\"url\":\"https:\\\/\\\/www.jazzzeitung.de\\\/cms\\\/\",\"logo\":{\"@type\":\"ImageObject\",\"inLanguage\":\"de\",\"@id\":\"https:\\\/\\\/www.jazzzeitung.de\\\/cms\\\/#\\\/schema\\\/logo\\\/image\\\/\",\"url\":\"https:\\\/\\\/i0.wp.com\\\/www.jazzzeitung.de\\\/cms\\\/wp-content\\\/uploads\\\/2015\\\/08\\\/JAZZZEITUNGDE_Logo_Neu.png?fit=499%2C200&ssl=1\",\"contentUrl\":\"https:\\\/\\\/i0.wp.com\\\/www.jazzzeitung.de\\\/cms\\\/wp-content\\\/uploads\\\/2015\\\/08\\\/JAZZZEITUNGDE_Logo_Neu.png?fit=499%2C200&ssl=1\",\"width\":499,\"height\":200,\"caption\":\"JazzZeitung online\"},\"image\":{\"@id\":\"https:\\\/\\\/www.jazzzeitung.de\\\/cms\\\/#\\\/schema\\\/logo\\\/image\\\/\"},\"sameAs\":[\"https:\\\/\\\/www.facebook.com\\\/JazzZeitung\\\/\"]},{\"@type\":\"Person\",\"@id\":\"https:\\\/\\\/www.jazzzeitung.de\\\/cms\\\/#\\\/schema\\\/person\\\/2245b36b9cd1d24cea10f01c031fb92b\",\"name\":\"Redaktion JazzZeitung\",\"image\":{\"@type\":\"ImageObject\",\"inLanguage\":\"de\",\"@id\":\"https:\\\/\\\/i0.wp.com\\\/www.jazzzeitung.de\\\/cms\\\/wp-content\\\/uploads\\\/2015\\\/08\\\/JAZZZEITUNGDE_Logo_Neu.png?resize=96%2C96&ssl=159975dcacb611b5700bd619b5daf0a7a\",\"url\":\"https:\\\/\\\/i0.wp.com\\\/www.jazzzeitung.de\\\/cms\\\/wp-content\\\/uploads\\\/2015\\\/08\\\/JAZZZEITUNGDE_Logo_Neu.png?resize=96%2C96&ssl=1\",\"contentUrl\":\"https:\\\/\\\/i0.wp.com\\\/www.jazzzeitung.de\\\/cms\\\/wp-content\\\/uploads\\\/2015\\\/08\\\/JAZZZEITUNGDE_Logo_Neu.png?resize=96%2C96&ssl=1\",\"caption\":\"Redaktion JazzZeitung\"},\"description\":\"Artikel der Redaktion der JazzZeitung.\",\"sameAs\":[\"http:\\\/\\\/www.jazzzeitung.de\\\/cms\\\/\"],\"url\":\"https:\\\/\\\/www.jazzzeitung.de\\\/cms\\\/author\\\/redaktion\\\/\"}]}<\/script>\n<!-- \/ Yoast SEO plugin. -->","yoast_head_json":{"title":"Pur gespielte Dramen und Fanstasien \u2013 Daniel Webers Solo-Deb\u00fct - JazzZeitung","robots":{"index":"index","follow":"follow","max-snippet":"max-snippet:-1","max-image-preview":"max-image-preview:large","max-video-preview":"max-video-preview:-1"},"canonical":"https:\/\/www.jazzzeitung.de\/cms\/2021\/03\/pur-gespielte-dramen-und-fanstasien-daniel-webers-solo-debuet\/","og_locale":"de_DE","og_type":"article","og_title":"Pur gespielte Dramen und Fanstasien \u2013 Daniel Webers Solo-Deb\u00fct - JazzZeitung","og_description":"Dramatische Personen \u2013 frei \u00fcbersetzt, k\u00f6nnen das der sechsj\u00e4hrige Sohn, die narrische Nachbarin oder Marlon Brando in \u201eApocalypse Now\u201c sein. Der Saarbr\u00fccker Schlagzeuger und Komponist Daniel Weber hat sich f\u00fcr sein Solo-Deb\u00fct f\u00fcr Personen aus der Theatergeschichte entschieden. Nachdem er in 2019 und 2020 f\u00fcr zwei St\u00fccke, Antigone und Gaslicht (Gaslight von Patrick Hamilton), Musik geschrieben hatte, dachte er, es werde Zeit f\u00fcr eine erste Soloproduktion. \u201eDie Arbeit an einem Solo-Projekt als die Verdichtung musikalischer Kommunikation, die Faszination des Zuru\u0308ckge-worfenseins auf sich selbst, auf einen inneren ku\u0308nstlerischen Dialog\u201c habe sich geradezu aufdr\u00e4ngt, hei\u00dft es dazu im Pressetext. In der Vorbereitung bemerkte Weber, dass einiges aus den Theatermusiken von der Stimmung her gut zu darin vertretenen Figuren passt. Davon liess er sich bei den zweit\u00e4gigen Aufnahmen in einem Saarbr\u00fccker Studio inspirieren und er-improvisierte neun St\u00fccke, die er diesen Figuren zuordnete. Startet \u201eMoondog\u201c mit Vogelrufen und prescht dann im unerbittlichen Joggingtempo \u00fcber Toms und Felle, bis es ersch\u00f6pft im Beckenrausch endet, kriechen bei \u201eNancy Pears\u201c Schauer \u00fcber die Haut. Metallene Kratz- und Schabger\u00e4usche lassen viel von der psychoaktiven Stimmung des B\u00fchnenthrillers aufkommen.\u00a0\u00a0\u00a0 \u201ePolyneices\u201c dagegen, wie seine Schwester &hellip;","og_url":"https:\/\/www.jazzzeitung.de\/cms\/2021\/03\/pur-gespielte-dramen-und-fanstasien-daniel-webers-solo-debuet\/","og_site_name":"JazzZeitung","article_publisher":"https:\/\/www.facebook.com\/JazzZeitung\/","article_published_time":"2021-03-18T06:35:14+00:00","og_image":[{"width":1067,"height":792,"url":"https:\/\/i0.wp.com\/www.jazzzeitung.de\/cms\/wp-content\/uploads\/2021\/03\/weber-daniel-dramatis-personae-e1615995302656.jpeg?fit=1067%2C792&ssl=1","type":"image\/jpeg"}],"author":"Redaktion JazzZeitung","schema":{"@context":"https:\/\/schema.org","@graph":[{"@type":"Article","@id":"https:\/\/www.jazzzeitung.de\/cms\/2021\/03\/pur-gespielte-dramen-und-fanstasien-daniel-webers-solo-debuet\/#article","isPartOf":{"@id":"https:\/\/www.jazzzeitung.de\/cms\/2021\/03\/pur-gespielte-dramen-und-fanstasien-daniel-webers-solo-debuet\/"},"author":{"name":"Redaktion JazzZeitung","@id":"https:\/\/www.jazzzeitung.de\/cms\/#\/schema\/person\/2245b36b9cd1d24cea10f01c031fb92b"},"headline":"Pur gespielte Dramen und Fanstasien \u2013 Daniel Webers Solo-Deb\u00fct","datePublished":"2021-03-18T06:35:14+00:00","mainEntityOfPage":{"@id":"https:\/\/www.jazzzeitung.de\/cms\/2021\/03\/pur-gespielte-dramen-und-fanstasien-daniel-webers-solo-debuet\/"},"wordCount":526,"commentCount":0,"publisher":{"@id":"https:\/\/www.jazzzeitung.de\/cms\/#organization"},"image":{"@id":"https:\/\/www.jazzzeitung.de\/cms\/2021\/03\/pur-gespielte-dramen-und-fanstasien-daniel-webers-solo-debuet\/#primaryimage"},"thumbnailUrl":"https:\/\/i0.wp.com\/www.jazzzeitung.de\/cms\/wp-content\/uploads\/2021\/03\/weber-daniel-dramatis-personae-e1615995302656.jpeg?fit=1067%2C792&ssl=1","articleSection":["Rezension"],"inLanguage":"de","potentialAction":[{"@type":"CommentAction","name":"Comment","target":["https:\/\/www.jazzzeitung.de\/cms\/2021\/03\/pur-gespielte-dramen-und-fanstasien-daniel-webers-solo-debuet\/#respond"]}]},{"@type":"WebPage","@id":"https:\/\/www.jazzzeitung.de\/cms\/2021\/03\/pur-gespielte-dramen-und-fanstasien-daniel-webers-solo-debuet\/","url":"https:\/\/www.jazzzeitung.de\/cms\/2021\/03\/pur-gespielte-dramen-und-fanstasien-daniel-webers-solo-debuet\/","name":"Pur gespielte Dramen und Fanstasien \u2013 Daniel Webers Solo-Deb\u00fct - JazzZeitung","isPartOf":{"@id":"https:\/\/www.jazzzeitung.de\/cms\/#website"},"primaryImageOfPage":{"@id":"https:\/\/www.jazzzeitung.de\/cms\/2021\/03\/pur-gespielte-dramen-und-fanstasien-daniel-webers-solo-debuet\/#primaryimage"},"image":{"@id":"https:\/\/www.jazzzeitung.de\/cms\/2021\/03\/pur-gespielte-dramen-und-fanstasien-daniel-webers-solo-debuet\/#primaryimage"},"thumbnailUrl":"https:\/\/i0.wp.com\/www.jazzzeitung.de\/cms\/wp-content\/uploads\/2021\/03\/weber-daniel-dramatis-personae-e1615995302656.jpeg?fit=1067%2C792&ssl=1","datePublished":"2021-03-18T06:35:14+00:00","breadcrumb":{"@id":"https:\/\/www.jazzzeitung.de\/cms\/2021\/03\/pur-gespielte-dramen-und-fanstasien-daniel-webers-solo-debuet\/#breadcrumb"},"inLanguage":"de","potentialAction":[{"@type":"ReadAction","target":["https:\/\/www.jazzzeitung.de\/cms\/2021\/03\/pur-gespielte-dramen-und-fanstasien-daniel-webers-solo-debuet\/"]}]},{"@type":"ImageObject","inLanguage":"de","@id":"https:\/\/www.jazzzeitung.de\/cms\/2021\/03\/pur-gespielte-dramen-und-fanstasien-daniel-webers-solo-debuet\/#primaryimage","url":"https:\/\/i0.wp.com\/www.jazzzeitung.de\/cms\/wp-content\/uploads\/2021\/03\/weber-daniel-dramatis-personae-e1615995302656.jpeg?fit=1067%2C792&ssl=1","contentUrl":"https:\/\/i0.wp.com\/www.jazzzeitung.de\/cms\/wp-content\/uploads\/2021\/03\/weber-daniel-dramatis-personae-e1615995302656.jpeg?fit=1067%2C792&ssl=1","width":1067,"height":792},{"@type":"BreadcrumbList","@id":"https:\/\/www.jazzzeitung.de\/cms\/2021\/03\/pur-gespielte-dramen-und-fanstasien-daniel-webers-solo-debuet\/#breadcrumb","itemListElement":[{"@type":"ListItem","position":1,"name":"Startseite","item":"https:\/\/www.jazzzeitung.de\/cms\/"},{"@type":"ListItem","position":2,"name":"Pur gespielte Dramen und Fanstasien \u2013 Daniel Webers Solo-Deb\u00fct"}]},{"@type":"WebSite","@id":"https:\/\/www.jazzzeitung.de\/cms\/#website","url":"https:\/\/www.jazzzeitung.de\/cms\/","name":"JazzZeitung","description":"Jazz-News und Jazz-Kontroverses","publisher":{"@id":"https:\/\/www.jazzzeitung.de\/cms\/#organization"},"potentialAction":[{"@type":"SearchAction","target":{"@type":"EntryPoint","urlTemplate":"https:\/\/www.jazzzeitung.de\/cms\/?s={search_term_string}"},"query-input":{"@type":"PropertyValueSpecification","valueRequired":true,"valueName":"search_term_string"}}],"inLanguage":"de"},{"@type":"Organization","@id":"https:\/\/www.jazzzeitung.de\/cms\/#organization","name":"JazzZeitung online","url":"https:\/\/www.jazzzeitung.de\/cms\/","logo":{"@type":"ImageObject","inLanguage":"de","@id":"https:\/\/www.jazzzeitung.de\/cms\/#\/schema\/logo\/image\/","url":"https:\/\/i0.wp.com\/www.jazzzeitung.de\/cms\/wp-content\/uploads\/2015\/08\/JAZZZEITUNGDE_Logo_Neu.png?fit=499%2C200&ssl=1","contentUrl":"https:\/\/i0.wp.com\/www.jazzzeitung.de\/cms\/wp-content\/uploads\/2015\/08\/JAZZZEITUNGDE_Logo_Neu.png?fit=499%2C200&ssl=1","width":499,"height":200,"caption":"JazzZeitung online"},"image":{"@id":"https:\/\/www.jazzzeitung.de\/cms\/#\/schema\/logo\/image\/"},"sameAs":["https:\/\/www.facebook.com\/JazzZeitung\/"]},{"@type":"Person","@id":"https:\/\/www.jazzzeitung.de\/cms\/#\/schema\/person\/2245b36b9cd1d24cea10f01c031fb92b","name":"Redaktion JazzZeitung","image":{"@type":"ImageObject","inLanguage":"de","@id":"https:\/\/i0.wp.com\/www.jazzzeitung.de\/cms\/wp-content\/uploads\/2015\/08\/JAZZZEITUNGDE_Logo_Neu.png?resize=96%2C96&ssl=159975dcacb611b5700bd619b5daf0a7a","url":"https:\/\/i0.wp.com\/www.jazzzeitung.de\/cms\/wp-content\/uploads\/2015\/08\/JAZZZEITUNGDE_Logo_Neu.png?resize=96%2C96&ssl=1","contentUrl":"https:\/\/i0.wp.com\/www.jazzzeitung.de\/cms\/wp-content\/uploads\/2015\/08\/JAZZZEITUNGDE_Logo_Neu.png?resize=96%2C96&ssl=1","caption":"Redaktion JazzZeitung"},"description":"Artikel der Redaktion der JazzZeitung.","sameAs":["http:\/\/www.jazzzeitung.de\/cms\/"],"url":"https:\/\/www.jazzzeitung.de\/cms\/author\/redaktion\/"}]}},"wp-worthy-pixel":{"ignored":false,"public":null,"server":null,"url":null},"wp-worthy-type":"normal","jetpack_publicize_connections":[],"cc_featured_image_caption":{"caption_text":"","source_text":"","source_url":""},"jetpack_featured_media_url":"https:\/\/i0.wp.com\/www.jazzzeitung.de\/cms\/wp-content\/uploads\/2021\/03\/weber-daniel-dramatis-personae-e1615995302656.jpeg?fit=1067%2C792&ssl=1","jetpack_shortlink":"https:\/\/wp.me\/p3KEcT-6o0","jetpack-related-posts":[{"id":5293,"url":"https:\/\/www.jazzzeitung.de\/cms\/2015\/01\/75-jahre-eberhard-weber-great-jubilee-concert-beeindruckt-mit-musikgroessen\/","url_meta":{"origin":24552,"position":0},"title":"\u201e75 Jahre Eberhard Weber: The Great Jubilee Concert&#8220; beeindruckt mit Musikgr\u00f6\u00dfen","author":"Redaktion JazzZeitung","date":"27. Januar 2015","format":"gallery","excerpt":"Von Thomas J. Krebs - Beim gro\u00dfen Event \u201e75 Jahre Eberhard Weber: The Great Jubilee Concert\" gaben sich Weggef\u00e4hrten wie Jan Garbarek, Pat Metheny, Paul McCandless oder Gary Burton die Ehre und z\u00fcndeten zum Geburtstag des Bass-Revolution\u00e4rs Eberhard Weber ein musikalisches Feuerwerk. Im ersten Set des Abends wurden Kompositionen Webers\u2026","rel":"","context":"In &quot;Galerie&quot;","block_context":{"text":"Galerie","link":"https:\/\/www.jazzzeitung.de\/cms\/thema\/galerie\/"},"img":{"alt_text":"Pat Metheny mit der SWR Big Band, Erhard Weber ist auf der Leinwand zu sehen.","src":"https:\/\/i0.wp.com\/www.jazzzeitung.de\/cms\/wp-content\/uploads\/2015\/01\/0K3A3249_Pat_Metheny_SWR_Big_Band_Probe.jpg?resize=350%2C200","width":350,"height":200,"srcset":"https:\/\/i0.wp.com\/www.jazzzeitung.de\/cms\/wp-content\/uploads\/2015\/01\/0K3A3249_Pat_Metheny_SWR_Big_Band_Probe.jpg?resize=350%2C200 1x, https:\/\/i0.wp.com\/www.jazzzeitung.de\/cms\/wp-content\/uploads\/2015\/01\/0K3A3249_Pat_Metheny_SWR_Big_Band_Probe.jpg?resize=525%2C300 1.5x, https:\/\/i0.wp.com\/www.jazzzeitung.de\/cms\/wp-content\/uploads\/2015\/01\/0K3A3249_Pat_Metheny_SWR_Big_Band_Probe.jpg?resize=700%2C400 2x, https:\/\/i0.wp.com\/www.jazzzeitung.de\/cms\/wp-content\/uploads\/2015\/01\/0K3A3249_Pat_Metheny_SWR_Big_Band_Probe.jpg?resize=1050%2C600 3x"},"classes":[]},{"id":26484,"url":"https:\/\/www.jazzzeitung.de\/cms\/2022\/01\/pogopostmoderne-und-aktuelle-musik-in-der-hoerbar-2021-kw-49\/","url_meta":{"origin":24552,"position":1},"title":"Pogopostmoderne und aktuelle Musik in der H\u00f6rBar 2021 \u2013 kw 49","author":"Huflaikhan","date":"5. Januar 2022","format":false,"excerpt":"Eine bunte Mischung von Solo bis Big Band hat sich Huflaikhan f\u00fcr Anfang Dezember in der H\u00f6rBar zusammengestellt: K\u00e4mmerling Quartett: This Way - Weber: Once Upon A Time - Woody Black 4: The Lost Tapes - Silent Explosion Orchestra \u2013 Portraits of New York City - Pride: I Hate Work\u2026","rel":"","context":"In &quot;Rezension&quot;","block_context":{"text":"Rezension","link":"https:\/\/www.jazzzeitung.de\/cms\/thema\/rezension\/"},"img":{"alt_text":"Silent Explosion Orchestra \u2013 Portraits of New York City","src":"https:\/\/i0.wp.com\/www.jazzzeitung.de\/cms\/wp-content\/uploads\/2022\/01\/49_silent_explosion.jpg?fit=1180%2C1039&ssl=1&resize=350%2C200","width":350,"height":200,"srcset":"https:\/\/i0.wp.com\/www.jazzzeitung.de\/cms\/wp-content\/uploads\/2022\/01\/49_silent_explosion.jpg?fit=1180%2C1039&ssl=1&resize=350%2C200 1x, https:\/\/i0.wp.com\/www.jazzzeitung.de\/cms\/wp-content\/uploads\/2022\/01\/49_silent_explosion.jpg?fit=1180%2C1039&ssl=1&resize=525%2C300 1.5x, https:\/\/i0.wp.com\/www.jazzzeitung.de\/cms\/wp-content\/uploads\/2022\/01\/49_silent_explosion.jpg?fit=1180%2C1039&ssl=1&resize=700%2C400 2x, https:\/\/i0.wp.com\/www.jazzzeitung.de\/cms\/wp-content\/uploads\/2022\/01\/49_silent_explosion.jpg?fit=1180%2C1039&ssl=1&resize=1050%2C600 3x"},"classes":[]},{"id":7083,"url":"https:\/\/www.jazzzeitung.de\/cms\/2015\/09\/cd-rezension-hommage-a-eberhard-weber\/","url_meta":{"origin":24552,"position":2},"title":"CD-Rezension: Hommage \u00e0 Eberhard Weber","author":"Redaktion JazzZeitung","date":"15. September 2015","format":false,"excerpt":"Von Thomas J. Krebs - Vorliegende Aufnahme ist ein \u201eDestillat\u201c der beiden Konzertabende vom Januar 2015, die zu Ehren von Eberhard Webers 75. Geburtstag im Stuttgarter Theaterhaus stattfanden. Ein bemerkenswertes Live Album in vielerlei Hinsicht. So ist es gelungen so ziemlich alle wichtigen Weggef\u00e4hrten Webers nach all den Jahren wieder\u2026","rel":"","context":"In &quot;Rezension&quot;","block_context":{"text":"Rezension","link":"https:\/\/www.jazzzeitung.de\/cms\/thema\/rezension\/"},"img":{"alt_text":"ECM 2463","src":"https:\/\/i0.wp.com\/www.jazzzeitung.de\/cms\/wp-content\/uploads\/2015\/09\/ECM-2463-150x150.jpg?resize=350%2C200","width":350,"height":200},"classes":[]},{"id":16232,"url":"https:\/\/www.jazzzeitung.de\/cms\/2018\/06\/kulturfoerderpreis-2018-des-kulturvereins-in-neunkirchen-e-v-fuer-daniel-d-flat-weber\/","url_meta":{"origin":24552,"position":3},"title":"Kulturf\u00f6rderpreis 2018 des Kulturvereins in Neunkirchen e.V. f\u00fcr Daniel \u201cD-Flat\u201d Weber","author":"Redaktion JazzZeitung","date":"4. Juni 2018","format":false,"excerpt":"Der Schlagzeuger Daniel \"D-Flat\" Weber erh\u00e4lt den\u00a0mit 1.500 EUR Preisgeld dotierten \"Kulturf\u00f6rderpreis 2018\" des Kulturvereins in Neunkirchen e.V.. Die Jury lie\u00df verlauten, dass ein Musiker seines Formats eine \"W\u00fcrdigung seines Schaffens\" erfahren muss. Sie habe Webers Werdegang\u00a0 bereits seit seinen Anf\u00e4ngen im Landes-Jugend-Jazz-Orchester Saar, seiner Studien an der Hochschule der\u2026","rel":"","context":"In &quot;News&quot;","block_context":{"text":"News","link":"https:\/\/www.jazzzeitung.de\/cms\/thema\/nachrichten\/"},"img":{"alt_text":"","src":"https:\/\/i0.wp.com\/www.jazzzeitung.de\/cms\/wp-content\/uploads\/2018\/06\/Portrait-2-b_w-1772-x-1329.jpg?fit=1200%2C900&ssl=1&resize=350%2C200","width":350,"height":200,"srcset":"https:\/\/i0.wp.com\/www.jazzzeitung.de\/cms\/wp-content\/uploads\/2018\/06\/Portrait-2-b_w-1772-x-1329.jpg?fit=1200%2C900&ssl=1&resize=350%2C200 1x, https:\/\/i0.wp.com\/www.jazzzeitung.de\/cms\/wp-content\/uploads\/2018\/06\/Portrait-2-b_w-1772-x-1329.jpg?fit=1200%2C900&ssl=1&resize=525%2C300 1.5x, https:\/\/i0.wp.com\/www.jazzzeitung.de\/cms\/wp-content\/uploads\/2018\/06\/Portrait-2-b_w-1772-x-1329.jpg?fit=1200%2C900&ssl=1&resize=700%2C400 2x, https:\/\/i0.wp.com\/www.jazzzeitung.de\/cms\/wp-content\/uploads\/2018\/06\/Portrait-2-b_w-1772-x-1329.jpg?fit=1200%2C900&ssl=1&resize=1050%2C600 3x"},"classes":[]},{"id":17867,"url":"https:\/\/www.jazzzeitung.de\/cms\/2018\/11\/florian-weber-live-mit-lucent-waters-im-koelner-stadtgarten\/","url_meta":{"origin":24552,"position":4},"title":"Florian Weber live mit \u201eLucent Waters\u201c im K\u00f6lner Stadtgarten","author":"Redaktion JazzZeitung","date":"15. November 2018","format":false,"excerpt":"\u201eLucent Waters\u201c, die gerade auf dem Label ECM erschienene CD des Pianisten Florian Weber, wurde vergangenem Montag live mit seinem Quartett im K\u00f6lner Stadtgarten vorgestellt. Mit dabei Ralph Alessi an der Trompete, die Ausnahmebassistin Linda May Han Oh und Dejan Terzic am Schlagzeug. Die Idee zum Titel des Albums stammt\u2026","rel":"","context":"In &quot;Bericht&quot;","block_context":{"text":"Bericht","link":"https:\/\/www.jazzzeitung.de\/cms\/thema\/bericht\/"},"img":{"alt_text":"","src":"https:\/\/i0.wp.com\/www.jazzzeitung.de\/cms\/wp-content\/uploads\/2018\/11\/P1076012-Weber-Quartett-Foto-TJ-Krebs-jazzphotoagency%40web.de_-1.jpg?fit=1200%2C800&ssl=1&resize=350%2C200","width":350,"height":200,"srcset":"https:\/\/i0.wp.com\/www.jazzzeitung.de\/cms\/wp-content\/uploads\/2018\/11\/P1076012-Weber-Quartett-Foto-TJ-Krebs-jazzphotoagency%40web.de_-1.jpg?fit=1200%2C800&ssl=1&resize=350%2C200 1x, https:\/\/i0.wp.com\/www.jazzzeitung.de\/cms\/wp-content\/uploads\/2018\/11\/P1076012-Weber-Quartett-Foto-TJ-Krebs-jazzphotoagency%40web.de_-1.jpg?fit=1200%2C800&ssl=1&resize=525%2C300 1.5x, https:\/\/i0.wp.com\/www.jazzzeitung.de\/cms\/wp-content\/uploads\/2018\/11\/P1076012-Weber-Quartett-Foto-TJ-Krebs-jazzphotoagency%40web.de_-1.jpg?fit=1200%2C800&ssl=1&resize=700%2C400 2x, https:\/\/i0.wp.com\/www.jazzzeitung.de\/cms\/wp-content\/uploads\/2018\/11\/P1076012-Weber-Quartett-Foto-TJ-Krebs-jazzphotoagency%40web.de_-1.jpg?fit=1200%2C800&ssl=1&resize=1050%2C600 3x"},"classes":[]},{"id":29995,"url":"https:\/\/www.jazzzeitung.de\/cms\/2023\/09\/albert-mangelsdorff-preis-2023-geht-an-conny-bauer\/","url_meta":{"origin":24552,"position":5},"title":"Albert-Mangelsdorff-Preis 2023 geht an Conny Bauer","author":"Redaktion JazzZeitung","date":"5. September 2023","format":false,"excerpt":"Der Posaunist Conny Bauer wird von der Deutschen Jazzunion mit dem Albert-Mangelsdorff-Preis 2023 f\u00fcr sein Lebenswerk und seine Verdienste f\u00fcr den Jazz in Deutschland ausgezeichnet. Die Preisverleihung mit Konzert des Preistr\u00e4gers findet am 5. November 2023 im Rahmen von und in Kooperation mit dem Jazzfest Berlin statt. Aus der Jurybegr\u00fcndung:\u2026","rel":"","context":"In &quot;News&quot;","block_context":{"text":"News","link":"https:\/\/www.jazzzeitung.de\/cms\/thema\/nachrichten\/"},"img":{"alt_text":"","src":"https:\/\/i0.wp.com\/www.jazzzeitung.de\/cms\/wp-content\/uploads\/2023\/09\/Bauer_Conny_Portraet-c-Lena-Panzer-Selz-scaled.jpg?fit=1200%2C798&ssl=1&resize=350%2C200","width":350,"height":200,"srcset":"https:\/\/i0.wp.com\/www.jazzzeitung.de\/cms\/wp-content\/uploads\/2023\/09\/Bauer_Conny_Portraet-c-Lena-Panzer-Selz-scaled.jpg?fit=1200%2C798&ssl=1&resize=350%2C200 1x, https:\/\/i0.wp.com\/www.jazzzeitung.de\/cms\/wp-content\/uploads\/2023\/09\/Bauer_Conny_Portraet-c-Lena-Panzer-Selz-scaled.jpg?fit=1200%2C798&ssl=1&resize=525%2C300 1.5x, https:\/\/i0.wp.com\/www.jazzzeitung.de\/cms\/wp-content\/uploads\/2023\/09\/Bauer_Conny_Portraet-c-Lena-Panzer-Selz-scaled.jpg?fit=1200%2C798&ssl=1&resize=700%2C400 2x, https:\/\/i0.wp.com\/www.jazzzeitung.de\/cms\/wp-content\/uploads\/2023\/09\/Bauer_Conny_Portraet-c-Lena-Panzer-Selz-scaled.jpg?fit=1200%2C798&ssl=1&resize=1050%2C600 3x"},"classes":[]}],"jetpack_sharing_enabled":true,"_links":{"self":[{"href":"https:\/\/www.jazzzeitung.de\/cms\/wp-json\/wp\/v2\/posts\/24552","targetHints":{"allow":["GET"]}}],"collection":[{"href":"https:\/\/www.jazzzeitung.de\/cms\/wp-json\/wp\/v2\/posts"}],"about":[{"href":"https:\/\/www.jazzzeitung.de\/cms\/wp-json\/wp\/v2\/types\/post"}],"author":[{"embeddable":true,"href":"https:\/\/www.jazzzeitung.de\/cms\/wp-json\/wp\/v2\/users\/18"}],"replies":[{"embeddable":true,"href":"https:\/\/www.jazzzeitung.de\/cms\/wp-json\/wp\/v2\/comments?post=24552"}],"version-history":[{"count":4,"href":"https:\/\/www.jazzzeitung.de\/cms\/wp-json\/wp\/v2\/posts\/24552\/revisions"}],"predecessor-version":[{"id":24558,"href":"https:\/\/www.jazzzeitung.de\/cms\/wp-json\/wp\/v2\/posts\/24552\/revisions\/24558"}],"wp:featuredmedia":[{"embeddable":true,"href":"https:\/\/www.jazzzeitung.de\/cms\/wp-json\/wp\/v2\/media\/24554"}],"wp:attachment":[{"href":"https:\/\/www.jazzzeitung.de\/cms\/wp-json\/wp\/v2\/media?parent=24552"}],"wp:term":[{"taxonomy":"category","embeddable":true,"href":"https:\/\/www.jazzzeitung.de\/cms\/wp-json\/wp\/v2\/categories?post=24552"},{"taxonomy":"post_tag","embeddable":true,"href":"https:\/\/www.jazzzeitung.de\/cms\/wp-json\/wp\/v2\/tags?post=24552"},{"taxonomy":"author","embeddable":true,"href":"https:\/\/www.jazzzeitung.de\/cms\/wp-json\/wp\/v2\/coauthors?post=24552"}],"curies":[{"name":"wp","href":"https:\/\/api.w.org\/{rel}","templated":true}]}}