{"id":24493,"date":"2021-03-06T12:00:43","date_gmt":"2021-03-06T11:00:43","guid":{"rendered":"https:\/\/www.jazzzeitung.de\/cms\/?p=24493"},"modified":"2021-03-07T13:16:59","modified_gmt":"2021-03-07T12:16:59","slug":"peter-broetzmann-80-eine-preiskonzert-erinnerung","status":"publish","type":"post","link":"https:\/\/www.jazzzeitung.de\/cms\/2021\/03\/peter-broetzmann-80-eine-preiskonzert-erinnerung\/","title":{"rendered":"Peter Br\u00f6tzmann 80 \u2013 eine Preiskonzert-Erinnerung"},"content":{"rendered":"\n<p>Peter Br\u00f6tzmann wird am 6. M\u00e4rz 2021 seinen 80. Geburtstag feiern. Dummerweise an einem Samstag, denn die Radio-Sendungen zu Peter Br\u00f6tzmann sind dann schon am Donnerstag und Freitag gelaufen (<a href=\"#radio\">siehe unten<\/a> die Links mit Sendungen von Lippegaus, Noglik und Loewner). Samstag ist Badetag mit Bundesliga. Auch in Zeiten der Pandemie.<\/p>\n\n\n\n<p>Im Jahr 2011 hat Peter Br\u00f6tzmann im zarten Alter von 70 Jahren den Albert-Mangelsdorff-Preis erhalten. Verliehen wurde er in der Berliner Akademie der K\u00fcnste (West). Markus M\u00fcller sprach die Laudatio. Manfred Schoof und der mittlerweile verstorbene Frank Dostal \u00fcberreichten ihm seinen Preis und das Preisgeld. Nele Hertling, damals Vizepr\u00e4sidentin der Akademie der K\u00fcnste erinnerte an die k\u00fcnstlerische Situation in den 60er und 70er Jahren.<\/p>\n\n\n\n<p>Martin Hufner berichtete <a href=\"https:\/\/www.nmz.de\/online\/unterwegs-sein-jazzmusiker-peter-broetzmann-erhielt-albert-mangelsdorff-preis\">exklusiv f\u00fcr die neue musikzeitung<\/a>. Seine Beobachtungen mit der notorischen Urgesteins-Faselei wiederholen wir an dieser Stelle. Denn manch Einblick ist vielleicht doch tief genug.<\/p>\n\n\n\n<hr class=\"wp-block-separator\"\/>\n\n\n\n<h3 class=\"label wp-block-heading\">Unterwegs sein \u2013<br \/>Jazzmusiker Peter Br\u00f6tzmann erhielt Albert-Mangelsdorff-Preis<\/h3>\n\n\n\n<p>Er ist mittlerweile 70 Jahre und immer noch gilt er als ein, wenn nicht \u201edas\u201c Urgestein des freien Jazz in Deutschland seit den 60er Jahren. Peter Br\u00f6tzmann hat zur Er\u00f6ffnung des Cage-Jahres und zugleich als Auftaktkonzertes des \u201eWorkshops Freie Musik\u201c in der Akademie der K\u00fcnste Berlin, im Hanseatenweg, den Deutschen Jazzpreis erhalten. Im Trio \u201eFull Blast\u201c mit Michael Wertm\u00fcller (Schlagzeug) und Marino Pliakas (E-Bass) zelebrierte er die Auszeichnung mit bekannter Vehemenz.<\/p>\n\n\n\n<p>Bekannt, doch unbekannt. Der Druck, den Br\u00f6tzmann musikalisch in seinen verschiedenen Formationen auszudr\u00fccken in der Lage ist, ist nicht \u00fcberraschend. Man wei\u00df es. Aber immer wieder erstaunt es einen, was dann passiert. Es ist kein Metier, keine Routine, es ist jedes Mal wie zum ersten Mal. Man wird praktisch, stehend oder sitzend, nach hinten weggedr\u00fcckt. Ein dichtes Gebl\u00e4se und Geschlage, vom Bassspiel als musikalischer Tr\u00e4gersubstanz, gehalten und angetrieben.<\/p>\n\n\n\n<p>Verwunderlich ist eher, dass Br\u00f6tzmann erst jetzt den Preis zuerkannt bekommen hat. Laudator Markus M\u00fcller erinnerte sich, dass er auch schon 1994, bei der ersten Preisverleihung im Gespr\u00e4ch war, aber, wie er meinte festzustellen, nicht \u201edurchsetzbar\u201c gewesen w\u00e4re. Die 90er Jahre waren nicht so golden.<\/p>\n\n\n\n<div class=\"wp-block-image\"><figure class=\"aligncenter\"><a href=\"https:\/\/i0.wp.com\/www.jazzzeitung.de\/cms\/wp-content\/uploads\/2021\/03\/broetzi-hertling_c_hufi.jpg?ssl=1\"><img data-recalc-dims=\"1\" loading=\"lazy\" decoding=\"async\" width=\"840\" height=\"525\" data-attachment-id=\"24494\" data-permalink=\"https:\/\/www.jazzzeitung.de\/cms\/2021\/03\/peter-broetzmann-80-eine-preiskonzert-erinnerung\/broetzi-hertling_c_hufi\/\" data-orig-file=\"https:\/\/i0.wp.com\/www.jazzzeitung.de\/cms\/wp-content\/uploads\/2021\/03\/broetzi-hertling_c_hufi.jpg?fit=918%2C800&amp;ssl=1\" data-orig-size=\"918,800\" data-comments-opened=\"1\" data-image-meta=\"{&quot;aperture&quot;:&quot;2.8&quot;,&quot;credit&quot;:&quot;Martin Hufner&quot;,&quot;camera&quot;:&quot;PENTAX K-5&quot;,&quot;caption&quot;:&quot;&quot;,&quot;created_timestamp&quot;:&quot;1316372920&quot;,&quot;copyright&quot;:&quot;Martin Hufner&quot;,&quot;focal_length&quot;:&quot;118&quot;,&quot;iso&quot;:&quot;6400&quot;,&quot;shutter_speed&quot;:&quot;0.01&quot;,&quot;title&quot;:&quot;&quot;,&quot;orientation&quot;:&quot;0&quot;}\" data-image-title=\"Peter Br\u00f6tzmann und Nele Hertling. Auf dem Weg. Foto: Hufner\" data-image-description=\"&lt;p&gt;Peter Br\u00f6tzmann und Nele Hertling. Auf dem Weg. Foto: Hufner&lt;\/p&gt;\n\" data-image-caption=\"&lt;p&gt;Peter Br\u00f6tzmann und Nele Hertling. Auf dem Weg. Foto: Hufner&lt;\/p&gt;\n\" data-large-file=\"https:\/\/i0.wp.com\/www.jazzzeitung.de\/cms\/wp-content\/uploads\/2021\/03\/broetzi-hertling_c_hufi.jpg?fit=689%2C600&amp;ssl=1\" src=\"https:\/\/i0.wp.com\/www.jazzzeitung.de\/cms\/wp-content\/uploads\/2021\/03\/broetzi-hertling_c_hufi.jpg?resize=840%2C525&#038;ssl=1\" alt=\"Peter Br\u00f6tzmann und Nele Hertling. Auf dem Weg. Foto: Hufner\" class=\"wp-image-24494\" srcset=\"https:\/\/i0.wp.com\/www.jazzzeitung.de\/cms\/wp-content\/uploads\/2021\/03\/broetzi-hertling_c_hufi.jpg?resize=840%2C525&amp;ssl=1 840w, https:\/\/i0.wp.com\/www.jazzzeitung.de\/cms\/wp-content\/uploads\/2021\/03\/broetzi-hertling_c_hufi.jpg?resize=280%2C175&amp;ssl=1 280w, https:\/\/i0.wp.com\/www.jazzzeitung.de\/cms\/wp-content\/uploads\/2021\/03\/broetzi-hertling_c_hufi.jpg?resize=600%2C375&amp;ssl=1 600w, https:\/\/i0.wp.com\/www.jazzzeitung.de\/cms\/wp-content\/uploads\/2021\/03\/broetzi-hertling_c_hufi.jpg?resize=400%2C250&amp;ssl=1 400w\" sizes=\"auto, (max-width: 840px) 100vw, 840px\" \/><\/a><figcaption>Peter Br\u00f6tzmann und Nele Hertling. Auf dem Weg. Foto: Hufner<\/figcaption><\/figure><\/div>\n\n\n\n<p>Nele Hertling, Vizepr\u00e4sidentin der Akademie der K\u00fcnste, erinnerte in ihrer Begr\u00fc\u00dfung an die sp\u00e4ten 60er und fr\u00fchen 70er Jahre. Als Br\u00f6tzmann und die ganze avancierte Jazzszene, gehalten vom Gef\u00fchl der Umbr\u00fcche, zu freien Formen expressiver Kunstproduktion neigte. Der Remscheider Br\u00f6tzmann, der in die Gro\u00dfstadt ging, nach Wuppertal, und zusammen mit dem Bassisten Peter Kowald, musikalische Klein- und Gro\u00dfversuche in Richtung Ausbruch wagte. Als die \u201eWorkshops Freie Musik\u201c zu musikalischen Wagnissen wurden, die zwischen Anarchie und Zusammenbruch, zwischen Maulschelle und dem Vorwurf des Repression gef\u00fchrt&nbsp;wurden.<\/p>\n\n\n\n<p>Ist heute eine Zeit f\u00fcr eine Renaissance, im Zeitalter kultureller und gesellschaftlicher Ersch\u00f6pfung? In einer Zeit, da die musikalischen Impulse immer weniger zu wiegen scheinen, als deren Verwurstung durch Vermittlungsinitiativen? Br\u00f6tzmann selbst sieht in seiner Dankesrede einige Probleme. Der kulturelle Boden in Deutschland sei nicht gut bestellt, stellt er fest. Er komme gerade von einer Chinareise zur\u00fcck, auf der er drei Wochen lang musikalisch zu tun hatte. In Deutschland k\u00f6nne er die Orte, auf denen er auftreten k\u00f6nne und die wenigstens eine minimale Gage anbieten k\u00f6nnten, an einer Hand abz\u00e4hlen. Da sei selbst \u00d6sterreich ein Vorbild. Fr\u00fcher sei das anders gewesen, man habe drei bis vier Wochen zwischen Kiel und Villingen (\u201eoder sogar M\u00fcnchen ab und zu\u201c) unterwegs sein k\u00f6nnen. Warum dies so wichtig ist? Man lerne diese Musik \u201enur on the road\u201c, sagt Br\u00f6tzmann. Diese Musik sei keine Musik, die man lehren kann: \u201eDeswegen sind auch Musikhochschulen in unserem Falle v\u00f6llig nutzlos. Man muss unterwegs sein, man muss zusammen unterwegs sein.\u201c<\/p>\n\n\n\n<figure class=\"wp-block-pullquote has-background has-light-gray-background-color is-style-default\" style=\"border-color:#f0f0f0\"><blockquote class=\"has-text-color has-black-color\"><p>\u201eDeswegen sind auch Musikhochschulen in unserem Falle v\u00f6llig nutzlos. Man muss unterwegs sein, man muss zusammen unterwegs sein.\u201c<\/p><cite>Peter Br\u00f6tzmann<\/cite><\/blockquote><\/figure>\n\n\n\n<p>Und so ist Peter Br\u00f6tzmann unterwegs, sein Leben lang schon. Ihn begleiten, wenn man sich beim anwesenden Publikum umschaut, die Jungen und die genauso B\u00e4rtigen wie er selbst. Zwischendrin, in der langwierigen Laudation von Markus M\u00fcller macht sich f\u00fcr einen Moment Unmut breit. Es m\u00f6ge losgehen. Und einer sagt es auch laut. Zeichen der Zeit, er bekommt f\u00fcr Momente ebenso Zustimmung wie Kopfsch\u00fctteln als Resonanz.<\/p>\n\n\n\n<p>Dann nach der Preisverleihung durch Frank Dostal (<span class=\"caps\">GEMA<\/span>-Stiftung) und Manfred Schoof (Deutscher Komponistenverband), geht es wirklich los. Mit dem musikalischen Druck, der seine Musik immer wieder begleitet.<\/p>\n\n\n\n<figure class=\"wp-block-audio\"><audio controls src=\"https:\/\/www.jazzzeitung.de\/cms\/wp-content\/uploads\/2021\/03\/breotz.mp3\"><\/audio><\/figure>\n\n\n\n<p>Als drittes und letztes St\u00fcck spielen \u201eFull Blast\u201c Colemans \u201eLonely Woman\u201c \u2013 eine Ballade verkl\u00e4rungsfrei. Sch\u00f6n, dass diese Musik niemals Tagesbegleitmedium geworden ist.<\/p>\n\n\n\n<p>Sein Preisgeld, so Br\u00f6tzmann, will er f\u00fcr seine Z\u00e4hne&nbsp;aufwenden.<\/p>\n\n\n\n<hr class=\"wp-block-separator\"\/>\n\n\n\n<p>Nachtrag: Wir wissen jetzt nicht, ob das Preisgeld f\u00fcr die Sanierung gelangt hat.<\/p>\n\n\n\n<hr class=\"wp-block-separator\"\/>\n\n\n\n<h4 class=\"wp-block-heading\" id=\"radio\">Die Radiosendungen der letzten Tage<\/h4>\n\n\n\n<p>4.3.2021: 21:05 bis 22:00 | Deutschlandfunk (Karl Lippegaus)<br \/><strong>JazzFacts: Der Unbez\u00e4hmbare \u2013 Portr\u00e4t des Wuppertaler Musikers Peter Br\u00f6tzmann<\/strong> (<a href=\"https:\/\/www.deutschlandfunk.de\/jazzfacts.824.de.html\">nachh\u00f6ren<\/a>)<\/p>\n\n\n\n<p>5.3.2021: 23:03 bis 00:00 | SWR 2 (Thomas Loewner)<br \/><strong>SWR2 NOWJazz: Full Blast \u2013 Peter Br\u00f6tzmann zum 80. Geburtstag<\/strong> (website &#8211; <a href=\"https:\/\/www.swr.de\/swr2\/musik-jazz-und-pop\/full-blast-peter-broetzmann-zum-80-geburtstag-100.html\">nachh\u00f6ren<\/a>)<\/p>\n\n\n\n<p>5.3.2021: 23:30 bis 00:00 | NDR Kultur (Bert Noglik)<br \/><strong>Jazz \u2013 Round Midnight: Kompromisslose Leidenschaft \u2013 Peter Br\u00f6tzmann wird 80<\/strong> (<a href=\"https:\/\/www.ndr.de\/kultur\/sendungen\/round_midnight\/Round-Midnight-Der-Saxofonist-Peter-Broetzmann-wird-80,sendung1137388.html\">nachh\u00f6ren<\/a>)<\/p>\n","protected":false},"excerpt":{"rendered":"<p>Peter Br\u00f6tzmann wird am 6. M\u00e4rz 2021 seinen 80. Geburtstag feiern. Dummerweise an einem Samstag, denn die Radio-Sendungen zu Peter Br\u00f6tzmann sind dann schon am Donnerstag und Freitag gelaufen (siehe unten die Links mit Sendungen von Lippegaus, Noglik und Loewner). Samstag ist Badetag mit Bundesliga. Auch in Zeiten der Pandemie. Im Jahr 2011 hat Peter Br\u00f6tzmann im zarten Alter von 70 Jahren den Albert-Mangelsdorff-Preis erhalten. Verliehen wurde er in der Berliner Akademie der K\u00fcnste (West). Markus M\u00fcller sprach die Laudatio. Manfred Schoof und der mittlerweile verstorbene Frank Dostal \u00fcberreichten ihm seinen Preis und das Preisgeld. Nele Hertling, damals Vizepr\u00e4sidentin der Akademie der K\u00fcnste erinnerte an die k\u00fcnstlerische Situation in den 60er und 70er Jahren. Martin Hufner berichtete exklusiv f\u00fcr die neue musikzeitung. Seine Beobachtungen mit der notorischen Urgesteins-Faselei wiederholen wir an dieser Stelle. Denn manch Einblick ist vielleicht doch tief genug. Unterwegs sein \u2013Jazzmusiker Peter Br\u00f6tzmann erhielt Albert-Mangelsdorff-Preis Er ist mittlerweile 70 Jahre und immer noch gilt er als ein, wenn nicht \u201edas\u201c Urgestein des freien Jazz in Deutschland seit den 60er Jahren. Peter Br\u00f6tzmann hat zur Er\u00f6ffnung des Cage-Jahres und zugleich als Auftaktkonzertes des &hellip;<\/p>\n","protected":false},"author":2,"featured_media":24495,"comment_status":"open","ping_status":"closed","sticky":false,"template":"","format":"standard","meta":{"_jetpack_memberships_contains_paid_content":false,"footnotes":"","jetpack_publicize_message":"","jetpack_publicize_feature_enabled":true,"jetpack_social_post_already_shared":false,"jetpack_social_options":{"image_generator_settings":{"template":"highway","default_image_id":0,"font":"","enabled":false},"version":2}},"categories":[82,1063],"tags":[3345,754,373,3344,3346,3343],"coauthors":[680],"class_list":["post-24493","post","type-post","status-publish","format-standard","has-post-thumbnail","hentry","category-blog","category-portrait","tag-frank-dostal","tag-free-jazz","tag-manfred-schoof","tag-markus-mueller","tag-nele-hertling","tag-peter-broetzmann"],"yoast_head":"<!-- This site is optimized with the Yoast SEO plugin v27.4 - https:\/\/yoast.com\/product\/yoast-seo-wordpress\/ -->\n<title>Peter Br\u00f6tzmann 80 \u2013 eine Preiskonzert-Erinnerung - JazzZeitung<\/title>\n<meta name=\"robots\" content=\"index, follow, max-snippet:-1, max-image-preview:large, max-video-preview:-1\" \/>\n<link rel=\"canonical\" href=\"https:\/\/www.jazzzeitung.de\/cms\/2021\/03\/peter-broetzmann-80-eine-preiskonzert-erinnerung\/\" \/>\n<meta property=\"og:locale\" content=\"de_DE\" \/>\n<meta property=\"og:type\" content=\"article\" \/>\n<meta property=\"og:title\" content=\"Peter Br\u00f6tzmann 80 \u2013 eine Preiskonzert-Erinnerung - JazzZeitung\" \/>\n<meta property=\"og:description\" content=\"Peter Br\u00f6tzmann wird am 6. M\u00e4rz 2021 seinen 80. Geburtstag feiern. Dummerweise an einem Samstag, denn die Radio-Sendungen zu Peter Br\u00f6tzmann sind dann schon am Donnerstag und Freitag gelaufen (siehe unten die Links mit Sendungen von Lippegaus, Noglik und Loewner). Samstag ist Badetag mit Bundesliga. Auch in Zeiten der Pandemie. Im Jahr 2011 hat Peter Br\u00f6tzmann im zarten Alter von 70 Jahren den Albert-Mangelsdorff-Preis erhalten. Verliehen wurde er in der Berliner Akademie der K\u00fcnste (West). Markus M\u00fcller sprach die Laudatio. Manfred Schoof und der mittlerweile verstorbene Frank Dostal \u00fcberreichten ihm seinen Preis und das Preisgeld. Nele Hertling, damals Vizepr\u00e4sidentin der Akademie der K\u00fcnste erinnerte an die k\u00fcnstlerische Situation in den 60er und 70er Jahren. Martin Hufner berichtete exklusiv f\u00fcr die neue musikzeitung. Seine Beobachtungen mit der notorischen Urgesteins-Faselei wiederholen wir an dieser Stelle. Denn manch Einblick ist vielleicht doch tief genug. Unterwegs sein \u2013Jazzmusiker Peter Br\u00f6tzmann erhielt Albert-Mangelsdorff-Preis Er ist mittlerweile 70 Jahre und immer noch gilt er als ein, wenn nicht \u201edas\u201c Urgestein des freien Jazz in Deutschland seit den 60er Jahren. Peter Br\u00f6tzmann hat zur Er\u00f6ffnung des Cage-Jahres und zugleich als Auftaktkonzertes des &hellip;\" \/>\n<meta property=\"og:url\" content=\"https:\/\/www.jazzzeitung.de\/cms\/2021\/03\/peter-broetzmann-80-eine-preiskonzert-erinnerung\/\" \/>\n<meta property=\"og:site_name\" content=\"JazzZeitung\" \/>\n<meta property=\"article:publisher\" content=\"https:\/\/www.facebook.com\/JazzZeitung\/\" \/>\n<meta property=\"article:author\" content=\"https:\/\/www.facebook.com\/hufner\" \/>\n<meta property=\"article:published_time\" content=\"2021-03-06T11:00:43+00:00\" \/>\n<meta property=\"article:modified_time\" content=\"2021-03-07T12:16:59+00:00\" \/>\n<meta property=\"og:image\" content=\"https:\/\/i0.wp.com\/www.jazzzeitung.de\/cms\/wp-content\/uploads\/2021\/03\/broetzi-6335_hufi.jpg?fit=1200%2C795&ssl=1\" \/>\n\t<meta property=\"og:image:width\" content=\"1200\" \/>\n\t<meta property=\"og:image:height\" content=\"795\" \/>\n\t<meta property=\"og:image:type\" content=\"image\/jpeg\" \/>\n<meta name=\"author\" content=\"Huflaikhan\" \/>\n<script type=\"application\/ld+json\" class=\"yoast-schema-graph\">{\"@context\":\"https:\\\/\\\/schema.org\",\"@graph\":[{\"@type\":\"Article\",\"@id\":\"https:\\\/\\\/www.jazzzeitung.de\\\/cms\\\/2021\\\/03\\\/peter-broetzmann-80-eine-preiskonzert-erinnerung\\\/#article\",\"isPartOf\":{\"@id\":\"https:\\\/\\\/www.jazzzeitung.de\\\/cms\\\/2021\\\/03\\\/peter-broetzmann-80-eine-preiskonzert-erinnerung\\\/\"},\"author\":{\"name\":\"Huflaikhan\",\"@id\":\"https:\\\/\\\/www.jazzzeitung.de\\\/cms\\\/#\\\/schema\\\/person\\\/1ba404714b9455401502bc409a7df45e\"},\"headline\":\"Peter Br\u00f6tzmann 80 \u2013 eine Preiskonzert-Erinnerung\",\"datePublished\":\"2021-03-06T11:00:43+00:00\",\"dateModified\":\"2021-03-07T12:16:59+00:00\",\"mainEntityOfPage\":{\"@id\":\"https:\\\/\\\/www.jazzzeitung.de\\\/cms\\\/2021\\\/03\\\/peter-broetzmann-80-eine-preiskonzert-erinnerung\\\/\"},\"wordCount\":868,\"commentCount\":2,\"publisher\":{\"@id\":\"https:\\\/\\\/www.jazzzeitung.de\\\/cms\\\/#organization\"},\"image\":{\"@id\":\"https:\\\/\\\/www.jazzzeitung.de\\\/cms\\\/2021\\\/03\\\/peter-broetzmann-80-eine-preiskonzert-erinnerung\\\/#primaryimage\"},\"thumbnailUrl\":\"https:\\\/\\\/i0.wp.com\\\/www.jazzzeitung.de\\\/cms\\\/wp-content\\\/uploads\\\/2021\\\/03\\\/broetzi-6335_hufi.jpg?fit=1200%2C795&ssl=1\",\"keywords\":[\"Frank Dostal\",\"Free Jazz\",\"Manfred Schoof\",\"Markus M\u00fcller\",\"Nele Hertling\",\"Peter Br\u00f6tzmann\"],\"articleSection\":[\"Blog\",\"Portrait\"],\"inLanguage\":\"de\",\"potentialAction\":[{\"@type\":\"CommentAction\",\"name\":\"Comment\",\"target\":[\"https:\\\/\\\/www.jazzzeitung.de\\\/cms\\\/2021\\\/03\\\/peter-broetzmann-80-eine-preiskonzert-erinnerung\\\/#respond\"]}]},{\"@type\":\"WebPage\",\"@id\":\"https:\\\/\\\/www.jazzzeitung.de\\\/cms\\\/2021\\\/03\\\/peter-broetzmann-80-eine-preiskonzert-erinnerung\\\/\",\"url\":\"https:\\\/\\\/www.jazzzeitung.de\\\/cms\\\/2021\\\/03\\\/peter-broetzmann-80-eine-preiskonzert-erinnerung\\\/\",\"name\":\"Peter Br\u00f6tzmann 80 \u2013 eine Preiskonzert-Erinnerung - JazzZeitung\",\"isPartOf\":{\"@id\":\"https:\\\/\\\/www.jazzzeitung.de\\\/cms\\\/#website\"},\"primaryImageOfPage\":{\"@id\":\"https:\\\/\\\/www.jazzzeitung.de\\\/cms\\\/2021\\\/03\\\/peter-broetzmann-80-eine-preiskonzert-erinnerung\\\/#primaryimage\"},\"image\":{\"@id\":\"https:\\\/\\\/www.jazzzeitung.de\\\/cms\\\/2021\\\/03\\\/peter-broetzmann-80-eine-preiskonzert-erinnerung\\\/#primaryimage\"},\"thumbnailUrl\":\"https:\\\/\\\/i0.wp.com\\\/www.jazzzeitung.de\\\/cms\\\/wp-content\\\/uploads\\\/2021\\\/03\\\/broetzi-6335_hufi.jpg?fit=1200%2C795&ssl=1\",\"datePublished\":\"2021-03-06T11:00:43+00:00\",\"dateModified\":\"2021-03-07T12:16:59+00:00\",\"breadcrumb\":{\"@id\":\"https:\\\/\\\/www.jazzzeitung.de\\\/cms\\\/2021\\\/03\\\/peter-broetzmann-80-eine-preiskonzert-erinnerung\\\/#breadcrumb\"},\"inLanguage\":\"de\",\"potentialAction\":[{\"@type\":\"ReadAction\",\"target\":[\"https:\\\/\\\/www.jazzzeitung.de\\\/cms\\\/2021\\\/03\\\/peter-broetzmann-80-eine-preiskonzert-erinnerung\\\/\"]}]},{\"@type\":\"ImageObject\",\"inLanguage\":\"de\",\"@id\":\"https:\\\/\\\/www.jazzzeitung.de\\\/cms\\\/2021\\\/03\\\/peter-broetzmann-80-eine-preiskonzert-erinnerung\\\/#primaryimage\",\"url\":\"https:\\\/\\\/i0.wp.com\\\/www.jazzzeitung.de\\\/cms\\\/wp-content\\\/uploads\\\/2021\\\/03\\\/broetzi-6335_hufi.jpg?fit=1200%2C795&ssl=1\",\"contentUrl\":\"https:\\\/\\\/i0.wp.com\\\/www.jazzzeitung.de\\\/cms\\\/wp-content\\\/uploads\\\/2021\\\/03\\\/broetzi-6335_hufi.jpg?fit=1200%2C795&ssl=1\",\"width\":1200,\"height\":795,\"caption\":\"Full Blast. Foto: Hufner\"},{\"@type\":\"BreadcrumbList\",\"@id\":\"https:\\\/\\\/www.jazzzeitung.de\\\/cms\\\/2021\\\/03\\\/peter-broetzmann-80-eine-preiskonzert-erinnerung\\\/#breadcrumb\",\"itemListElement\":[{\"@type\":\"ListItem\",\"position\":1,\"name\":\"Startseite\",\"item\":\"https:\\\/\\\/www.jazzzeitung.de\\\/cms\\\/\"},{\"@type\":\"ListItem\",\"position\":2,\"name\":\"Peter Br\u00f6tzmann 80 \u2013 eine Preiskonzert-Erinnerung\"}]},{\"@type\":\"WebSite\",\"@id\":\"https:\\\/\\\/www.jazzzeitung.de\\\/cms\\\/#website\",\"url\":\"https:\\\/\\\/www.jazzzeitung.de\\\/cms\\\/\",\"name\":\"JazzZeitung\",\"description\":\"Jazz-News und Jazz-Kontroverses\",\"publisher\":{\"@id\":\"https:\\\/\\\/www.jazzzeitung.de\\\/cms\\\/#organization\"},\"potentialAction\":[{\"@type\":\"SearchAction\",\"target\":{\"@type\":\"EntryPoint\",\"urlTemplate\":\"https:\\\/\\\/www.jazzzeitung.de\\\/cms\\\/?s={search_term_string}\"},\"query-input\":{\"@type\":\"PropertyValueSpecification\",\"valueRequired\":true,\"valueName\":\"search_term_string\"}}],\"inLanguage\":\"de\"},{\"@type\":\"Organization\",\"@id\":\"https:\\\/\\\/www.jazzzeitung.de\\\/cms\\\/#organization\",\"name\":\"JazzZeitung online\",\"url\":\"https:\\\/\\\/www.jazzzeitung.de\\\/cms\\\/\",\"logo\":{\"@type\":\"ImageObject\",\"inLanguage\":\"de\",\"@id\":\"https:\\\/\\\/www.jazzzeitung.de\\\/cms\\\/#\\\/schema\\\/logo\\\/image\\\/\",\"url\":\"https:\\\/\\\/i0.wp.com\\\/www.jazzzeitung.de\\\/cms\\\/wp-content\\\/uploads\\\/2015\\\/08\\\/JAZZZEITUNGDE_Logo_Neu.png?fit=499%2C200&ssl=1\",\"contentUrl\":\"https:\\\/\\\/i0.wp.com\\\/www.jazzzeitung.de\\\/cms\\\/wp-content\\\/uploads\\\/2015\\\/08\\\/JAZZZEITUNGDE_Logo_Neu.png?fit=499%2C200&ssl=1\",\"width\":499,\"height\":200,\"caption\":\"JazzZeitung online\"},\"image\":{\"@id\":\"https:\\\/\\\/www.jazzzeitung.de\\\/cms\\\/#\\\/schema\\\/logo\\\/image\\\/\"},\"sameAs\":[\"https:\\\/\\\/www.facebook.com\\\/JazzZeitung\\\/\"]},{\"@type\":\"Person\",\"@id\":\"https:\\\/\\\/www.jazzzeitung.de\\\/cms\\\/#\\\/schema\\\/person\\\/1ba404714b9455401502bc409a7df45e\",\"name\":\"Huflaikhan\",\"image\":{\"@type\":\"ImageObject\",\"inLanguage\":\"de\",\"@id\":\"https:\\\/\\\/i0.wp.com\\\/www.jazzzeitung.de\\\/cms\\\/wp-content\\\/uploads\\\/2013\\\/11\\\/huf-06.jpg?resize=96%2C96&ssl=18afacd5aa7627f2840c013425f5a4164\",\"url\":\"https:\\\/\\\/i0.wp.com\\\/www.jazzzeitung.de\\\/cms\\\/wp-content\\\/uploads\\\/2013\\\/11\\\/huf-06.jpg?resize=96%2C96&ssl=1\",\"contentUrl\":\"https:\\\/\\\/i0.wp.com\\\/www.jazzzeitung.de\\\/cms\\\/wp-content\\\/uploads\\\/2013\\\/11\\\/huf-06.jpg?resize=96%2C96&ssl=1\",\"caption\":\"Huflaikhan\"},\"description\":\"Huflaikhan (aka Martin Hufner) hat Musikwissenschaft, Philosophie und Psychologie in Gie\u00dfen studiert und mit einer Arbeit \u00fcber Adorno und die Zw\u00f6lftontechnik promoviert. Seit 1995 ist er freiberuflich als Autor, Fotograf und Netzmacher unterwegs.\",\"sameAs\":[\"https:\\\/\\\/www.kritische-masse.de\\\/logbuch\",\"https:\\\/\\\/www.facebook.com\\\/hufner\"],\"url\":\"https:\\\/\\\/www.jazzzeitung.de\\\/cms\\\/author\\\/hufi\\\/\"}]}<\/script>\n<!-- \/ Yoast SEO plugin. -->","yoast_head_json":{"title":"Peter Br\u00f6tzmann 80 \u2013 eine Preiskonzert-Erinnerung - JazzZeitung","robots":{"index":"index","follow":"follow","max-snippet":"max-snippet:-1","max-image-preview":"max-image-preview:large","max-video-preview":"max-video-preview:-1"},"canonical":"https:\/\/www.jazzzeitung.de\/cms\/2021\/03\/peter-broetzmann-80-eine-preiskonzert-erinnerung\/","og_locale":"de_DE","og_type":"article","og_title":"Peter Br\u00f6tzmann 80 \u2013 eine Preiskonzert-Erinnerung - JazzZeitung","og_description":"Peter Br\u00f6tzmann wird am 6. M\u00e4rz 2021 seinen 80. Geburtstag feiern. Dummerweise an einem Samstag, denn die Radio-Sendungen zu Peter Br\u00f6tzmann sind dann schon am Donnerstag und Freitag gelaufen (siehe unten die Links mit Sendungen von Lippegaus, Noglik und Loewner). Samstag ist Badetag mit Bundesliga. Auch in Zeiten der Pandemie. Im Jahr 2011 hat Peter Br\u00f6tzmann im zarten Alter von 70 Jahren den Albert-Mangelsdorff-Preis erhalten. Verliehen wurde er in der Berliner Akademie der K\u00fcnste (West). Markus M\u00fcller sprach die Laudatio. Manfred Schoof und der mittlerweile verstorbene Frank Dostal \u00fcberreichten ihm seinen Preis und das Preisgeld. Nele Hertling, damals Vizepr\u00e4sidentin der Akademie der K\u00fcnste erinnerte an die k\u00fcnstlerische Situation in den 60er und 70er Jahren. Martin Hufner berichtete exklusiv f\u00fcr die neue musikzeitung. Seine Beobachtungen mit der notorischen Urgesteins-Faselei wiederholen wir an dieser Stelle. Denn manch Einblick ist vielleicht doch tief genug. Unterwegs sein \u2013Jazzmusiker Peter Br\u00f6tzmann erhielt Albert-Mangelsdorff-Preis Er ist mittlerweile 70 Jahre und immer noch gilt er als ein, wenn nicht \u201edas\u201c Urgestein des freien Jazz in Deutschland seit den 60er Jahren. Peter Br\u00f6tzmann hat zur Er\u00f6ffnung des Cage-Jahres und zugleich als Auftaktkonzertes des &hellip;","og_url":"https:\/\/www.jazzzeitung.de\/cms\/2021\/03\/peter-broetzmann-80-eine-preiskonzert-erinnerung\/","og_site_name":"JazzZeitung","article_publisher":"https:\/\/www.facebook.com\/JazzZeitung\/","article_author":"https:\/\/www.facebook.com\/hufner","article_published_time":"2021-03-06T11:00:43+00:00","article_modified_time":"2021-03-07T12:16:59+00:00","og_image":[{"width":1200,"height":795,"url":"https:\/\/i0.wp.com\/www.jazzzeitung.de\/cms\/wp-content\/uploads\/2021\/03\/broetzi-6335_hufi.jpg?fit=1200%2C795&ssl=1","type":"image\/jpeg"}],"author":"Huflaikhan","schema":{"@context":"https:\/\/schema.org","@graph":[{"@type":"Article","@id":"https:\/\/www.jazzzeitung.de\/cms\/2021\/03\/peter-broetzmann-80-eine-preiskonzert-erinnerung\/#article","isPartOf":{"@id":"https:\/\/www.jazzzeitung.de\/cms\/2021\/03\/peter-broetzmann-80-eine-preiskonzert-erinnerung\/"},"author":{"name":"Huflaikhan","@id":"https:\/\/www.jazzzeitung.de\/cms\/#\/schema\/person\/1ba404714b9455401502bc409a7df45e"},"headline":"Peter Br\u00f6tzmann 80 \u2013 eine Preiskonzert-Erinnerung","datePublished":"2021-03-06T11:00:43+00:00","dateModified":"2021-03-07T12:16:59+00:00","mainEntityOfPage":{"@id":"https:\/\/www.jazzzeitung.de\/cms\/2021\/03\/peter-broetzmann-80-eine-preiskonzert-erinnerung\/"},"wordCount":868,"commentCount":2,"publisher":{"@id":"https:\/\/www.jazzzeitung.de\/cms\/#organization"},"image":{"@id":"https:\/\/www.jazzzeitung.de\/cms\/2021\/03\/peter-broetzmann-80-eine-preiskonzert-erinnerung\/#primaryimage"},"thumbnailUrl":"https:\/\/i0.wp.com\/www.jazzzeitung.de\/cms\/wp-content\/uploads\/2021\/03\/broetzi-6335_hufi.jpg?fit=1200%2C795&ssl=1","keywords":["Frank Dostal","Free Jazz","Manfred Schoof","Markus M\u00fcller","Nele Hertling","Peter Br\u00f6tzmann"],"articleSection":["Blog","Portrait"],"inLanguage":"de","potentialAction":[{"@type":"CommentAction","name":"Comment","target":["https:\/\/www.jazzzeitung.de\/cms\/2021\/03\/peter-broetzmann-80-eine-preiskonzert-erinnerung\/#respond"]}]},{"@type":"WebPage","@id":"https:\/\/www.jazzzeitung.de\/cms\/2021\/03\/peter-broetzmann-80-eine-preiskonzert-erinnerung\/","url":"https:\/\/www.jazzzeitung.de\/cms\/2021\/03\/peter-broetzmann-80-eine-preiskonzert-erinnerung\/","name":"Peter Br\u00f6tzmann 80 \u2013 eine Preiskonzert-Erinnerung - JazzZeitung","isPartOf":{"@id":"https:\/\/www.jazzzeitung.de\/cms\/#website"},"primaryImageOfPage":{"@id":"https:\/\/www.jazzzeitung.de\/cms\/2021\/03\/peter-broetzmann-80-eine-preiskonzert-erinnerung\/#primaryimage"},"image":{"@id":"https:\/\/www.jazzzeitung.de\/cms\/2021\/03\/peter-broetzmann-80-eine-preiskonzert-erinnerung\/#primaryimage"},"thumbnailUrl":"https:\/\/i0.wp.com\/www.jazzzeitung.de\/cms\/wp-content\/uploads\/2021\/03\/broetzi-6335_hufi.jpg?fit=1200%2C795&ssl=1","datePublished":"2021-03-06T11:00:43+00:00","dateModified":"2021-03-07T12:16:59+00:00","breadcrumb":{"@id":"https:\/\/www.jazzzeitung.de\/cms\/2021\/03\/peter-broetzmann-80-eine-preiskonzert-erinnerung\/#breadcrumb"},"inLanguage":"de","potentialAction":[{"@type":"ReadAction","target":["https:\/\/www.jazzzeitung.de\/cms\/2021\/03\/peter-broetzmann-80-eine-preiskonzert-erinnerung\/"]}]},{"@type":"ImageObject","inLanguage":"de","@id":"https:\/\/www.jazzzeitung.de\/cms\/2021\/03\/peter-broetzmann-80-eine-preiskonzert-erinnerung\/#primaryimage","url":"https:\/\/i0.wp.com\/www.jazzzeitung.de\/cms\/wp-content\/uploads\/2021\/03\/broetzi-6335_hufi.jpg?fit=1200%2C795&ssl=1","contentUrl":"https:\/\/i0.wp.com\/www.jazzzeitung.de\/cms\/wp-content\/uploads\/2021\/03\/broetzi-6335_hufi.jpg?fit=1200%2C795&ssl=1","width":1200,"height":795,"caption":"Full Blast. Foto: Hufner"},{"@type":"BreadcrumbList","@id":"https:\/\/www.jazzzeitung.de\/cms\/2021\/03\/peter-broetzmann-80-eine-preiskonzert-erinnerung\/#breadcrumb","itemListElement":[{"@type":"ListItem","position":1,"name":"Startseite","item":"https:\/\/www.jazzzeitung.de\/cms\/"},{"@type":"ListItem","position":2,"name":"Peter Br\u00f6tzmann 80 \u2013 eine Preiskonzert-Erinnerung"}]},{"@type":"WebSite","@id":"https:\/\/www.jazzzeitung.de\/cms\/#website","url":"https:\/\/www.jazzzeitung.de\/cms\/","name":"JazzZeitung","description":"Jazz-News und Jazz-Kontroverses","publisher":{"@id":"https:\/\/www.jazzzeitung.de\/cms\/#organization"},"potentialAction":[{"@type":"SearchAction","target":{"@type":"EntryPoint","urlTemplate":"https:\/\/www.jazzzeitung.de\/cms\/?s={search_term_string}"},"query-input":{"@type":"PropertyValueSpecification","valueRequired":true,"valueName":"search_term_string"}}],"inLanguage":"de"},{"@type":"Organization","@id":"https:\/\/www.jazzzeitung.de\/cms\/#organization","name":"JazzZeitung online","url":"https:\/\/www.jazzzeitung.de\/cms\/","logo":{"@type":"ImageObject","inLanguage":"de","@id":"https:\/\/www.jazzzeitung.de\/cms\/#\/schema\/logo\/image\/","url":"https:\/\/i0.wp.com\/www.jazzzeitung.de\/cms\/wp-content\/uploads\/2015\/08\/JAZZZEITUNGDE_Logo_Neu.png?fit=499%2C200&ssl=1","contentUrl":"https:\/\/i0.wp.com\/www.jazzzeitung.de\/cms\/wp-content\/uploads\/2015\/08\/JAZZZEITUNGDE_Logo_Neu.png?fit=499%2C200&ssl=1","width":499,"height":200,"caption":"JazzZeitung online"},"image":{"@id":"https:\/\/www.jazzzeitung.de\/cms\/#\/schema\/logo\/image\/"},"sameAs":["https:\/\/www.facebook.com\/JazzZeitung\/"]},{"@type":"Person","@id":"https:\/\/www.jazzzeitung.de\/cms\/#\/schema\/person\/1ba404714b9455401502bc409a7df45e","name":"Huflaikhan","image":{"@type":"ImageObject","inLanguage":"de","@id":"https:\/\/i0.wp.com\/www.jazzzeitung.de\/cms\/wp-content\/uploads\/2013\/11\/huf-06.jpg?resize=96%2C96&ssl=18afacd5aa7627f2840c013425f5a4164","url":"https:\/\/i0.wp.com\/www.jazzzeitung.de\/cms\/wp-content\/uploads\/2013\/11\/huf-06.jpg?resize=96%2C96&ssl=1","contentUrl":"https:\/\/i0.wp.com\/www.jazzzeitung.de\/cms\/wp-content\/uploads\/2013\/11\/huf-06.jpg?resize=96%2C96&ssl=1","caption":"Huflaikhan"},"description":"Huflaikhan (aka Martin Hufner) hat Musikwissenschaft, Philosophie und Psychologie in Gie\u00dfen studiert und mit einer Arbeit \u00fcber Adorno und die Zw\u00f6lftontechnik promoviert. Seit 1995 ist er freiberuflich als Autor, Fotograf und Netzmacher unterwegs.","sameAs":["https:\/\/www.kritische-masse.de\/logbuch","https:\/\/www.facebook.com\/hufner"],"url":"https:\/\/www.jazzzeitung.de\/cms\/author\/hufi\/"}]}},"wp-worthy-pixel":{"ignored":false,"public":"a7262051bbe2489885115166036ec438","server":"vg04.met.vgwort.de","url":"https:\/\/vg04.met.vgwort.de\/na\/a7262051bbe2489885115166036ec438"},"wp-worthy-type":"normal","jetpack_publicize_connections":[],"cc_featured_image_caption":{"caption_text":"Full Blast in der Akademie der K\u00fcnste Berlin. ","source_text":"Foto: Martin Hufner","source_url":"https:\/\/www.musikkritik.org"},"jetpack_featured_media_url":"https:\/\/i0.wp.com\/www.jazzzeitung.de\/cms\/wp-content\/uploads\/2021\/03\/broetzi-6335_hufi.jpg?fit=1200%2C795&ssl=1","jetpack_shortlink":"https:\/\/wp.me\/p3KEcT-6n3","jetpack-related-posts":[{"id":2531,"url":"https:\/\/www.jazzzeitung.de\/cms\/2013\/10\/freier-jazz-arme-kunst\/","url_meta":{"origin":24493,"position":0},"title":"Freier Jazz &#8211; arme Kunst","author":"Peter Ortmann","date":"25. Oktober 2013","format":false,"excerpt":"Zum Interview von Karl Lippegaus mit Peter Br\u00f6tzmann - Peter Br\u00f6tzmann hat vor kurzem Karl Lippegaus ein Interview gegeben, das sich insbesondere mit dem Verh\u00e4ltnis von k\u00fcnstlerischer Freiheit und finanziellem Auskommen besch\u00e4ftigt und sinnigerweise mit \u201eFreiheit macht arm\u201c \u00fcberschrieben ist. Vorweg: In den Aussagen von Br\u00f6tzmann findet der schon seit\u2026","rel":"","context":"In &quot;Blog&quot;","block_context":{"text":"Blog","link":"https:\/\/www.jazzzeitung.de\/cms\/thema\/blog\/"},"img":{"alt_text":"Peter Br\u00f6tzmann. Foto: Hufner","src":"https:\/\/i0.wp.com\/www.jazzzeitung.de\/cms\/wp-content\/uploads\/2013\/10\/broetzmann_hufner-6238-150x150.jpg?resize=350%2C200","width":350,"height":200},"classes":[]},{"id":29683,"url":"https:\/\/www.jazzzeitung.de\/cms\/2023\/07\/cd-rezension-peter-broetzmann-catching-ghosts\/","url_meta":{"origin":24493,"position":1},"title":"CD Rezension:\u00a0 Peter Br\u00f6tzmann \u2013 Catching Ghosts","author":"Redaktion JazzZeitung","date":"1. Juli 2023","format":false,"excerpt":"Die Musikwelt trauert um den Saxofonisten Peter Br\u00f6tzmann, der am 22. Juni in Wuppertal verstarb. Dass diese Platte ein letztes Verm\u00e4chtnis werden w\u00fcrde, hatte wohl kaum einer gedacht. Die Musik auf diesem live aufgenommenen Trio-Album h\u00f6rt sich definitiv nicht nach Abgesang, sondern nach Aufbruch und Sich-Neuerfinden, wom\u00f6glich f\u00fcr weitere viele\u2026","rel":"","context":"In &quot;Rezension&quot;","block_context":{"text":"Rezension","link":"https:\/\/www.jazzzeitung.de\/cms\/thema\/rezension\/"},"img":{"alt_text":"","src":"https:\/\/i0.wp.com\/www.jazzzeitung.de\/cms\/wp-content\/uploads\/2016\/09\/P1030551-Br%C3%B6tzmann-Foto-TJ-Krebs-1.jpg?fit=800%2C1200&ssl=1&resize=350%2C200","width":350,"height":200,"srcset":"https:\/\/i0.wp.com\/www.jazzzeitung.de\/cms\/wp-content\/uploads\/2016\/09\/P1030551-Br%C3%B6tzmann-Foto-TJ-Krebs-1.jpg?fit=800%2C1200&ssl=1&resize=350%2C200 1x, https:\/\/i0.wp.com\/www.jazzzeitung.de\/cms\/wp-content\/uploads\/2016\/09\/P1030551-Br%C3%B6tzmann-Foto-TJ-Krebs-1.jpg?fit=800%2C1200&ssl=1&resize=525%2C300 1.5x, https:\/\/i0.wp.com\/www.jazzzeitung.de\/cms\/wp-content\/uploads\/2016\/09\/P1030551-Br%C3%B6tzmann-Foto-TJ-Krebs-1.jpg?fit=800%2C1200&ssl=1&resize=700%2C400 2x"},"classes":[]},{"id":10101,"url":"https:\/\/www.jazzzeitung.de\/cms\/2016\/09\/steidle-und-broetzmann-im-einstein\/","url_meta":{"origin":24493,"position":2},"title":"Steidle und Br\u00f6tzmann im Einstein","author":"Redaktion JazzZeitung","date":"20. September 2016","format":false,"excerpt":"Das Konzert, das der Verein Offene Ohren e.V. im Einstein veranstaltete, war erwartungsgem\u00e4\u00df intensiv und frei, lediglich bei einem St\u00fcck spielte Peter Br\u00f6tzmann fast lyrische T\u00f6ne auf seiner Klarinette \u2013 das Zusammenspiel von Oliver Steidle und Peter Br\u00f6tzmann blieb von der ersten bis zur letzten Minute dynamisch und spannungsgeladen. Ein\u2026","rel":"","context":"In &quot;Galerie&quot;","block_context":{"text":"Galerie","link":"https:\/\/www.jazzzeitung.de\/cms\/thema\/galerie\/"},"img":{"alt_text":"","src":"https:\/\/i0.wp.com\/www.jazzzeitung.de\/cms\/wp-content\/uploads\/2016\/09\/P1030551-Br%C3%B6tzmann-Foto-TJ-Krebs-1.jpg?resize=350%2C200","width":350,"height":200,"srcset":"https:\/\/i0.wp.com\/www.jazzzeitung.de\/cms\/wp-content\/uploads\/2016\/09\/P1030551-Br%C3%B6tzmann-Foto-TJ-Krebs-1.jpg?resize=350%2C200 1x, https:\/\/i0.wp.com\/www.jazzzeitung.de\/cms\/wp-content\/uploads\/2016\/09\/P1030551-Br%C3%B6tzmann-Foto-TJ-Krebs-1.jpg?resize=525%2C300 1.5x, https:\/\/i0.wp.com\/www.jazzzeitung.de\/cms\/wp-content\/uploads\/2016\/09\/P1030551-Br%C3%B6tzmann-Foto-TJ-Krebs-1.jpg?resize=700%2C400 2x"},"classes":[]},{"id":7450,"url":"https:\/\/www.jazzzeitung.de\/cms\/2015\/10\/hoellen-jazz-und-michael-mantler-frankfurt\/","url_meta":{"origin":24493,"position":3},"title":"H\u00f6llen-Jazz und Michael Mantler in Frankfurt","author":"Redaktion JazzZeitung","date":"23. Oktober 2015","format":false,"excerpt":"Der Auftritt der hr-Bigband am ersten Konzertabend des 46. Deutschen Jazzfestivals Frankfurt wird eine spannende Begegnung mit dem Free-Jazz-Trompeter und Bigband-Komponisten Michael Mantler. Unter der Leitung von Christoph Cech wird er das dreit\u00e4gige Festival am Donnerstag, 29. Oktober, im hr-Sendesaal er\u00f6ffnen. Der Festivalsamstag, 31. Oktober, steht ganz im Zeichen von\u2026","rel":"","context":"In &quot;Redaktionelle Nachrichten&quot;","block_context":{"text":"Redaktionelle Nachrichten","link":"https:\/\/www.jazzzeitung.de\/cms\/thema\/redaktion\/"},"img":{"alt_text":"\u00a9 HR\/Sascha Rheker\/attenzione","src":"https:\/\/i0.wp.com\/www.jazzzeitung.de\/cms\/wp-content\/uploads\/2015\/10\/michael-mantler-150x150.jpg?resize=350%2C200","width":350,"height":200},"classes":[]},{"id":17229,"url":"https:\/\/www.jazzzeitung.de\/cms\/2018\/09\/euphorium-festival-2018\/","url_meta":{"origin":24493,"position":4},"title":"Euphorium-Festival 2018 in Leipzig","author":"Redaktion JazzZeitung","date":"15. September 2018","format":false,"excerpt":"Im Rahmen des Euphoriums, dem internationalen Mini-Festival f\u00fcr zeitgen\u00f6ssische improvisierte Musik in Leipzig, finden am 16. und 17. November sowie am 9. und 10. Dezember drei musikalisch-theatralische Installationen des Projektensembles Euphorium-freakestra zu Migration und Integration statt. Dieses mehrteilige, experimentelle Forum kombiniert die performative Qualit\u00e4t einer kinetisch-skulpturalen Praxis mit innovativem Instrumentalspiel.\u2026","rel":"","context":"In &quot;News&quot;","block_context":{"text":"News","link":"https:\/\/www.jazzzeitung.de\/cms\/thema\/nachrichten\/"},"img":{"alt_text":"","src":"https:\/\/i0.wp.com\/www.jazzzeitung.de\/cms\/wp-content\/uploads\/2018\/09\/Barry-Guy-Rolf-Schoellkopf-e1536676259664.jpg?fit=720%2C534&ssl=1&resize=350%2C200","width":350,"height":200,"srcset":"https:\/\/i0.wp.com\/www.jazzzeitung.de\/cms\/wp-content\/uploads\/2018\/09\/Barry-Guy-Rolf-Schoellkopf-e1536676259664.jpg?fit=720%2C534&ssl=1&resize=350%2C200 1x, https:\/\/i0.wp.com\/www.jazzzeitung.de\/cms\/wp-content\/uploads\/2018\/09\/Barry-Guy-Rolf-Schoellkopf-e1536676259664.jpg?fit=720%2C534&ssl=1&resize=525%2C300 1.5x, https:\/\/i0.wp.com\/www.jazzzeitung.de\/cms\/wp-content\/uploads\/2018\/09\/Barry-Guy-Rolf-Schoellkopf-e1536676259664.jpg?fit=720%2C534&ssl=1&resize=700%2C400 2x"},"classes":[]},{"id":8999,"url":"https:\/\/www.jazzzeitung.de\/cms\/2016\/04\/improvise-now-veranstaltungsreihe-im-muenchner-haus-der-kunst\/","url_meta":{"origin":24493,"position":5},"title":"Improvise NOW!!! &#8211; Veranstaltungsreihe im M\u00fcnchner Haus der Kunst","author":"Redaktion JazzZeitung","date":"21. April 2016","format":false,"excerpt":"Von Thomas J. Krebs - Gro\u00dfe Ereignisse werfen Ihre Schatten voraus \u2026 Im Rahmen der Veranstaltungsreihe Improvise NOW!!!, einer Kooperation des Goethe-Instituts und dem M\u00fcnchner Haus der Kunst, beginnt am 29.04.2016\u00a0 Improvise NOW!!!\u00a0 Part 1 - Into the Machine: From Turntable to Lapotop mit einer Reihe von Konzerten, Performances, Vortr\u00e4gen,\u2026","rel":"","context":"In &quot;Redaktionelle Nachrichten&quot;","block_context":{"text":"Redaktionelle Nachrichten","link":"https:\/\/www.jazzzeitung.de\/cms\/thema\/redaktion\/"},"img":{"alt_text":"","src":"https:\/\/i0.wp.com\/www.jazzzeitung.de\/cms\/wp-content\/uploads\/2016\/04\/P1470341-Gut-Foto-TJ-Krebs.jpg?resize=350%2C200","width":350,"height":200,"srcset":"https:\/\/i0.wp.com\/www.jazzzeitung.de\/cms\/wp-content\/uploads\/2016\/04\/P1470341-Gut-Foto-TJ-Krebs.jpg?resize=350%2C200 1x, https:\/\/i0.wp.com\/www.jazzzeitung.de\/cms\/wp-content\/uploads\/2016\/04\/P1470341-Gut-Foto-TJ-Krebs.jpg?resize=525%2C300 1.5x, https:\/\/i0.wp.com\/www.jazzzeitung.de\/cms\/wp-content\/uploads\/2016\/04\/P1470341-Gut-Foto-TJ-Krebs.jpg?resize=700%2C400 2x, https:\/\/i0.wp.com\/www.jazzzeitung.de\/cms\/wp-content\/uploads\/2016\/04\/P1470341-Gut-Foto-TJ-Krebs.jpg?resize=1050%2C600 3x, https:\/\/i0.wp.com\/www.jazzzeitung.de\/cms\/wp-content\/uploads\/2016\/04\/P1470341-Gut-Foto-TJ-Krebs.jpg?resize=1400%2C800 4x"},"classes":[]}],"jetpack_sharing_enabled":true,"_links":{"self":[{"href":"https:\/\/www.jazzzeitung.de\/cms\/wp-json\/wp\/v2\/posts\/24493","targetHints":{"allow":["GET"]}}],"collection":[{"href":"https:\/\/www.jazzzeitung.de\/cms\/wp-json\/wp\/v2\/posts"}],"about":[{"href":"https:\/\/www.jazzzeitung.de\/cms\/wp-json\/wp\/v2\/types\/post"}],"author":[{"embeddable":true,"href":"https:\/\/www.jazzzeitung.de\/cms\/wp-json\/wp\/v2\/users\/2"}],"replies":[{"embeddable":true,"href":"https:\/\/www.jazzzeitung.de\/cms\/wp-json\/wp\/v2\/comments?post=24493"}],"version-history":[{"count":8,"href":"https:\/\/www.jazzzeitung.de\/cms\/wp-json\/wp\/v2\/posts\/24493\/revisions"}],"predecessor-version":[{"id":24509,"href":"https:\/\/www.jazzzeitung.de\/cms\/wp-json\/wp\/v2\/posts\/24493\/revisions\/24509"}],"wp:featuredmedia":[{"embeddable":true,"href":"https:\/\/www.jazzzeitung.de\/cms\/wp-json\/wp\/v2\/media\/24495"}],"wp:attachment":[{"href":"https:\/\/www.jazzzeitung.de\/cms\/wp-json\/wp\/v2\/media?parent=24493"}],"wp:term":[{"taxonomy":"category","embeddable":true,"href":"https:\/\/www.jazzzeitung.de\/cms\/wp-json\/wp\/v2\/categories?post=24493"},{"taxonomy":"post_tag","embeddable":true,"href":"https:\/\/www.jazzzeitung.de\/cms\/wp-json\/wp\/v2\/tags?post=24493"},{"taxonomy":"author","embeddable":true,"href":"https:\/\/www.jazzzeitung.de\/cms\/wp-json\/wp\/v2\/coauthors?post=24493"}],"curies":[{"name":"wp","href":"https:\/\/api.w.org\/{rel}","templated":true}]}}