{"id":24460,"date":"2021-03-03T09:03:17","date_gmt":"2021-03-03T08:03:17","guid":{"rendered":"https:\/\/www.jazzzeitung.de\/cms\/?p=24460"},"modified":"2021-03-02T12:15:36","modified_gmt":"2021-03-02T11:15:36","slug":"news-applaus-2021-start-der-bewerbungsphase-50-jahre-bmw-group-kulturengagement","status":"publish","type":"post","link":"https:\/\/www.jazzzeitung.de\/cms\/2021\/03\/news-applaus-2021-start-der-bewerbungsphase-50-jahre-bmw-group-kulturengagement\/","title":{"rendered":"+++ news +++ APPLAUS 2021 &#8211; Start der Bewerbungsphase +++ 50 Jahre BMW Group Kulturengagement +++"},"content":{"rendered":"<h3>+++ APPLAUS 2021: Start der Bewerbungsphase +++<\/h3>\n<p>Unser Kulturleben ist ohne Musikclubs und ihre Konzerte undenkbar. Mit genre\u00fcbergreifenden Livemusikprogrammen, sowohl in den Metropolen als auch im l\u00e4ndlichen Raum, sind sie ein wesentlicher Bestandteil einer vielseitigen Kulturlandschaft. Mit dem APPLAUS 2021 zeichnet die Kulturstaatsministerin Monika Gr\u00fctters daher gemeinsam mit der Initiative Musik die Clubbetreiber<em>innen und Veranstalter<\/em>innen f\u00fcr ihre Konzertprogramme aus.<br \/>\nTina Sikorski, Gesch\u00e4ftsf\u00fchrerin der Initiative Musik: \u201eWir alle vermissen gemeinsame Konzerterlebnisse und mehr denn je r\u00fcckt die kulturelle Bedeutung von Musikclubs ins Bewusstsein. Genau deshalb sind die Anliegen des APPLAUS so wichtig, um die Club-Szene in die \u00d6ffentlichkeit zu r\u00fccken und sie auch finanziell zu unterst\u00fctzen. F\u00fcr die kommende Ausgabe konnten wir die Gesamth\u00f6he der Preisgelder erh\u00f6hen und gemeinsam mit der Bundeskonferenz Jazz und der LiveKomm wichtige Neuerungen erarbeiten, wie zum Beispiel den Sonder-APPLAUS f\u00fcr kreative Formate w\u00e4hrend der Corona-Pandemie.\u201c<\/p>\n<p>F\u00fcr die Verleihung 2021 stehen insgesamt 2,6 Millionen Euro f\u00fcr Pr\u00e4mien zur Verf\u00fcgung. Damit ist der APPLAUS einer der h\u00f6chstdotierten Bundeskulturpreise.<\/p>\n<p>APPLAUS 2021<br \/>\nAuszeichnungen und Pr\u00e4mien<br \/>\n&#8211; Kategorie Programm: bis zu 50.000 Euro pro Auszeichnung,<br \/>\n&#8211; Kategorie Spielst\u00e4tte: bis zu 25.000 Euro pro Auszeichnung,<br \/>\n&#8211; Kategorie Programmreihe: bis zu 10.000 Euro pro Auszeichnung,<br \/>\n&#8211; APPLAUS f\u00fcr Awareness oder Nachhaltigkeit: bis zu 5.000 Euro pro Auszeichnung,<br \/>\n&#8211; Sonder-APPLAUS: bis zu 16 Auszeichnungen f\u00fcr kreative Formate w\u00e4hrend der Corona-Pandemie; je max. 50.000 Euro Pr\u00e4mie.<\/p>\n<p>Bewerben k\u00f6nnen sich Clubbetreiber<em>innen und Veranstalter<\/em>innen aus allen Genres der Popularmusik, wie zum Beispiel Rock, Hip-Hop, elektronische Musik, experimentelle Popmusik oder Jazz. Eingereicht werden k\u00f6nnen Konzertprogramme der Jahre 2019 und 2020.<\/p>\n<p>Auszeichnungsw\u00fcrdig sind insbesondere Musikclubs und Veranstaltungsreihen, die Anspruch, Kreativit\u00e4t und Trendgesp\u00fcr zusammenbringen. \u00dcber die Auszeichnungen entscheidet eine Jury, die sich aus neun fachkundigen Pers\u00f6nlichkeiten der deutschen Musikbranche zusammensetzt:<br \/>\n&#8211; Thomas Eckardt (Gesch\u00e4ftsf\u00fchrer AG Jazzmeile Th\u00fcringen)<br \/>\n&#8211; Peter Harasim (Gesch\u00e4ftsf\u00fchrer Concertb\u00fcro Franken, Hirsch N\u00fcrnberg)<br \/>\n&#8211; Anke Helfrich (Musikerin und Komponistin)<br \/>\n&#8211; Gregor Hotz (Gesch\u00e4ftsf\u00fchrer Musikfonds, Vorsitzender APPLAUS-Jury)<br \/>\n&#8211; Terry Krug (Beraterin und Vorsitzende Clubstiftung Hamburg)<br \/>\n&#8211; Ulla Oster (Musikerin\/Komponistin, Kuratorin)<br \/>\n&#8211; Daniela Philippi (Gesch\u00e4ftsf\u00fchrerin PHI\/SCH ART)<br \/>\n&#8211; Jonas Pirzer (Kulturmanager und Musiker)<br \/>\n&#8211; Michaela Schneider (Gesch\u00e4ftsf\u00fchrerin Allg\u00e4u Concerts)<\/p>\n<p>Die mit der Auszeichnung verbundenen Pr\u00e4mien sollen die Programmmacher<em>innen in ihrer Arbeit unterst\u00fctzen und unter anderem dazu beitragen, die Bedingungen f\u00fcr die auftretenden Musiker<\/em>innen zu verbessern.<\/p>\n<p>Die Durchf\u00fchrung von APPLAUS erfolgt durch die Initiative Musik unter Einbeziehung der Bundeskonferenz Jazz und der LiveMusikKommission &#8211; Verband der Musikspielst\u00e4tten in Deutschland e.V. Die Initiative Musik realisiert den Programmpreis APPLAUS mit Projektmitteln der Beauftragten der Bundesregierung f\u00fcr Kultur und Medien.<\/p>\n<p>Die Bewerbungsphase startet am 1. M\u00e4rz 2021. Die Details zur Bewerbung finden Sie in den Teilnahmebedingungen und den FAQ unter<br \/>\n<a href=\"https:\/\/www.initiative-musik.de\/awards\/applaus\">https:\/\/www.initiative-musik.de\/awards\/applaus<\/a><\/p>\n<h3><strong><br \/>\n<\/strong>+++ 50 Jahre BMW Group Kulturengagement \u2013 50 Jahre Erlebnisse und Begegnungen +++<\/h3>\n<p>Von \u00d3lafur El\u00edasson, Cao Fei und Stefan Sagmeister \u00fcber Jonas Kaufmann, Sir Simon Rattle, die M\u00fcnchner Philharmoniker und das Teatro dell\u2019Opera di Roma bis hin zu Esther Mahlangu und Victoria Siddall. Die Gl\u00fcckw\u00fcnsche, die die BMW Group aus der internationalen Kulturwelt erreichen, sind zahlreich und spiegeln das langfristige wie diverse Kulturengagement des Unternehmens wider. Seit 50 Jahren und mit \u00fcber 100 Initiativen in der Modernen und Zeitgen\u00f6ssischen Kunst, in der Klassischen Musik, im Jazz und im Sound sowie in Architektur und Design, ist das Kulturengagement der BMW Group in der internationalen Kulturwelt fest etabliert.<\/p>\n<p>Alles begann mit drei gro\u00dfformatigen Werken des deutschen K\u00fcnstlers Gerhard Richter, die Eberhard von Kuenheim, ehemaliger Vorstandsvorsitzender der BMW AG, 1971 in Auftrag gab. Seit der Er\u00f6ffnung des BMW Vierzylinders im Jahr 1973 sind die Werke mit den Titeln \u201eRot\u201c, \u201eGelb\u201c und \u201eBlau\u201c im Eingangsbereich der Konzernzentrale zu sehen und sind zum Ausgangspunkt f\u00fcr ein Unternehmen geworden, das seine soziale Verantwortung und Verl\u00e4sslichkeit auch im Bereich der Kultur als selbstverst\u00e4ndlich erachtet.<\/p>\n<p>\u201eKultur transportiert Ver\u00e4nderung, das k\u00fcnstlerische Wagnis findet an den Grenzen zum Zuk\u00fcnftigen statt. An dieser Grenze wagt auch BMW das Neue. Es sind nicht die gleichen Inhalte, aber es ist die gleiche Haltung. Wege zum Neuen sichtbar zu machen, geh\u00f6rt zum Selbstverst\u00e4ndnis von BMW und ist eine Eigenschaft kultureller Kreativit\u00e4t\u201c, so Eberhard von Kuenheim, ehem. Vorstandsvorsitzender der BMW AG bereits 1984.<\/p>\n<p>Maximilian Sch\u00f6berl, Leiter Konzernkommunikation und Politik der BMW Group und stellv. Vorstandsvorsitzender Spielmotor M\u00fcnchen e.V.: \u201eSelbst wenn gesellschaftliche Werte im Umbruch scheinen, so bleibt die??Grundhaltung als Kompass eine Konstante f\u00fcr das eigene Tun und Handeln \u2013 eines jeden Einzelnen, aber ebenso auch eines Unternehmens. Es erf\u00fcllt mich mit Stolz, dass die BMW Group neben der steten Wahrung kreativer Freiheit, dem Wunsch zum offenen Austausch und interkulturellen Dialog nachgeht und auf so viele langfristige und nachhaltige Partnerschaften blickt.\u201c<\/p>\n<p>Es sind die einzigartigen Erlebnisse und Begegnungen, die den interkulturellen Dialog f\u00f6rdern und in der Kultur den Anspruch und die Haltung des Unternehmens widerspiegeln. Mit einem breit gef\u00e4cherten Netzwerk an Partnern erm\u00f6glicht das Kulturengagement der BMW Group aktuelle Narrative und setzt damit Menschen weltweit zueinander in Verbindung \u2013 im analogen wie im digitalen Raum. Als Corporate Citizen ist es f\u00fcr die BMW Group dabei selbstverst\u00e4ndlich, einen nachhaltigen Beitrag zur Gesellschaft zu leisten \u2013 gestern, heute und in Zukunft.<\/p>\n<p><strong>50 Jahre BMW Group Kulturengagement \u2013 50 Jahre Begegnungen <\/strong><br \/>\nDie \u00fcber f\u00fcnf Jahrzehnte hinweg auf gegenseitiger Neugier sowie Wertsch\u00e4tzung entstandenen Partnerschaften mit den renommiertesten Institutionen und Kunstschaffenden weltweit machen das BMW Group Kulturengagement zu einem glaubw\u00fcrdigen Akteur in der Kulturwelt. Im Jubil\u00e4umsjahr entstand eine Videokampagne, die die eintreffenden Gl\u00fcckw\u00fcnsche aus allen Kontinenten zusammentr\u00e4gt und \u00fcber das Jahr verteilt via Social Media pr\u00e4sentiert.<\/p>\n","protected":false},"excerpt":{"rendered":"<p>+++ APPLAUS 2021: Start der Bewerbungsphase +++ Unser Kulturleben ist ohne Musikclubs und ihre Konzerte undenkbar. Mit genre\u00fcbergreifenden Livemusikprogrammen, sowohl in den Metropolen als auch im l\u00e4ndlichen Raum, sind sie ein wesentlicher Bestandteil einer vielseitigen Kulturlandschaft. Mit dem APPLAUS 2021 zeichnet die Kulturstaatsministerin Monika Gr\u00fctters daher gemeinsam mit der Initiative Musik die Clubbetreiberinnen und Veranstalterinnen f\u00fcr ihre Konzertprogramme aus. Tina Sikorski, Gesch\u00e4ftsf\u00fchrerin der Initiative Musik: \u201eWir alle vermissen gemeinsame Konzerterlebnisse und mehr denn je r\u00fcckt die kulturelle Bedeutung von Musikclubs ins Bewusstsein. Genau deshalb sind die Anliegen des APPLAUS so wichtig, um die Club-Szene in die \u00d6ffentlichkeit zu r\u00fccken und sie auch finanziell zu unterst\u00fctzen. F\u00fcr die kommende Ausgabe konnten wir die Gesamth\u00f6he der Preisgelder erh\u00f6hen und gemeinsam mit der Bundeskonferenz Jazz und der LiveKomm wichtige Neuerungen erarbeiten, wie zum Beispiel den Sonder-APPLAUS f\u00fcr kreative Formate w\u00e4hrend der Corona-Pandemie.\u201c F\u00fcr die Verleihung 2021 stehen insgesamt 2,6 Millionen Euro f\u00fcr Pr\u00e4mien zur Verf\u00fcgung. Damit ist der APPLAUS einer der h\u00f6chstdotierten Bundeskulturpreise. APPLAUS 2021 Auszeichnungen und Pr\u00e4mien &#8211; Kategorie Programm: bis zu 50.000 Euro pro Auszeichnung, &#8211; Kategorie Spielst\u00e4tte: bis zu 25.000 Euro pro Auszeichnung, &#8211; Kategorie &hellip;<\/p>\n","protected":false},"author":18,"featured_media":24463,"comment_status":"open","ping_status":"closed","sticky":false,"template":"","format":"standard","meta":{"_jetpack_memberships_contains_paid_content":false,"footnotes":"","jetpack_publicize_message":"","jetpack_publicize_feature_enabled":true,"jetpack_social_post_already_shared":false,"jetpack_social_options":{"image_generator_settings":{"template":"highway","default_image_id":0,"font":"","enabled":false},"version":2}},"categories":[633],"tags":[2019,2660,3340,44,1315,2002,3339,102,103,120,2941,137,200,215,241,1876,687,10,323,327,1317,401,2952,1555,1951,423,14,1250],"coauthors":[695],"class_list":["post-24460","post","type-post","status-publish","format-standard","has-post-thumbnail","hentry","category-nachrichten","tag-2019","tag-2660","tag-50-jahre","tag-anke-helfrich","tag-applaus","tag-bewerbung","tag-bmw-group-kulturengagement","tag-bundeskonferenz-jazz","tag-bundesregierung","tag-club","tag-corona","tag-deutschland","tag-gesellschaft","tag-hamburg","tag-initiative-musik","tag-jazz","tag-jonas-pirzer","tag-jubilaeum","tag-konzerte","tag-kultur","tag-monika-gruetters","tag-muenchen","tag-musikerinnen","tag-musikfonds","tag-news","tag-nuernberg","tag-politik","tag-rock"],"yoast_head":"<!-- This site is optimized with the Yoast SEO plugin v27.5 - https:\/\/yoast.com\/product\/yoast-seo-wordpress\/ -->\n<title>+++ news +++ APPLAUS 2021 - Start der Bewerbungsphase +++ 50 Jahre BMW Group Kulturengagement +++ - JazzZeitung<\/title>\n<meta name=\"robots\" content=\"index, follow, max-snippet:-1, max-image-preview:large, max-video-preview:-1\" \/>\n<link rel=\"canonical\" href=\"https:\/\/www.jazzzeitung.de\/cms\/2021\/03\/news-applaus-2021-start-der-bewerbungsphase-50-jahre-bmw-group-kulturengagement\/\" \/>\n<meta property=\"og:locale\" content=\"de_DE\" \/>\n<meta property=\"og:type\" content=\"article\" \/>\n<meta property=\"og:title\" content=\"+++ news +++ APPLAUS 2021 - Start der Bewerbungsphase +++ 50 Jahre BMW Group Kulturengagement +++ - JazzZeitung\" \/>\n<meta property=\"og:description\" content=\"+++ APPLAUS 2021: Start der Bewerbungsphase +++ Unser Kulturleben ist ohne Musikclubs und ihre Konzerte undenkbar. Mit genre\u00fcbergreifenden Livemusikprogrammen, sowohl in den Metropolen als auch im l\u00e4ndlichen Raum, sind sie ein wesentlicher Bestandteil einer vielseitigen Kulturlandschaft. Mit dem APPLAUS 2021 zeichnet die Kulturstaatsministerin Monika Gr\u00fctters daher gemeinsam mit der Initiative Musik die Clubbetreiberinnen und Veranstalterinnen f\u00fcr ihre Konzertprogramme aus. Tina Sikorski, Gesch\u00e4ftsf\u00fchrerin der Initiative Musik: \u201eWir alle vermissen gemeinsame Konzerterlebnisse und mehr denn je r\u00fcckt die kulturelle Bedeutung von Musikclubs ins Bewusstsein. Genau deshalb sind die Anliegen des APPLAUS so wichtig, um die Club-Szene in die \u00d6ffentlichkeit zu r\u00fccken und sie auch finanziell zu unterst\u00fctzen. F\u00fcr die kommende Ausgabe konnten wir die Gesamth\u00f6he der Preisgelder erh\u00f6hen und gemeinsam mit der Bundeskonferenz Jazz und der LiveKomm wichtige Neuerungen erarbeiten, wie zum Beispiel den Sonder-APPLAUS f\u00fcr kreative Formate w\u00e4hrend der Corona-Pandemie.\u201c F\u00fcr die Verleihung 2021 stehen insgesamt 2,6 Millionen Euro f\u00fcr Pr\u00e4mien zur Verf\u00fcgung. Damit ist der APPLAUS einer der h\u00f6chstdotierten Bundeskulturpreise. APPLAUS 2021 Auszeichnungen und Pr\u00e4mien &#8211; Kategorie Programm: bis zu 50.000 Euro pro Auszeichnung, &#8211; Kategorie Spielst\u00e4tte: bis zu 25.000 Euro pro Auszeichnung, &#8211; Kategorie &hellip;\" \/>\n<meta property=\"og:url\" content=\"https:\/\/www.jazzzeitung.de\/cms\/2021\/03\/news-applaus-2021-start-der-bewerbungsphase-50-jahre-bmw-group-kulturengagement\/\" \/>\n<meta property=\"og:site_name\" content=\"JazzZeitung\" \/>\n<meta property=\"article:publisher\" content=\"https:\/\/www.facebook.com\/JazzZeitung\/\" \/>\n<meta property=\"article:published_time\" content=\"2021-03-03T08:03:17+00:00\" \/>\n<meta property=\"og:image\" content=\"https:\/\/i0.wp.com\/www.jazzzeitung.de\/cms\/wp-content\/uploads\/2021\/03\/Applaus-1920x1080-1.jpg?fit=1920%2C1080&ssl=1\" \/>\n\t<meta property=\"og:image:width\" content=\"1920\" \/>\n\t<meta property=\"og:image:height\" content=\"1080\" \/>\n\t<meta property=\"og:image:type\" content=\"image\/jpeg\" \/>\n<meta name=\"author\" content=\"Redaktion JazzZeitung\" \/>\n<script type=\"application\/ld+json\" class=\"yoast-schema-graph\">{\"@context\":\"https:\\\/\\\/schema.org\",\"@graph\":[{\"@type\":\"Article\",\"@id\":\"https:\\\/\\\/www.jazzzeitung.de\\\/cms\\\/2021\\\/03\\\/news-applaus-2021-start-der-bewerbungsphase-50-jahre-bmw-group-kulturengagement\\\/#article\",\"isPartOf\":{\"@id\":\"https:\\\/\\\/www.jazzzeitung.de\\\/cms\\\/2021\\\/03\\\/news-applaus-2021-start-der-bewerbungsphase-50-jahre-bmw-group-kulturengagement\\\/\"},\"author\":{\"name\":\"Redaktion JazzZeitung\",\"@id\":\"https:\\\/\\\/www.jazzzeitung.de\\\/cms\\\/#\\\/schema\\\/person\\\/2245b36b9cd1d24cea10f01c031fb92b\"},\"headline\":\"+++ news +++ APPLAUS 2021 &#8211; Start der Bewerbungsphase +++ 50 Jahre BMW Group Kulturengagement +++\",\"datePublished\":\"2021-03-03T08:03:17+00:00\",\"mainEntityOfPage\":{\"@id\":\"https:\\\/\\\/www.jazzzeitung.de\\\/cms\\\/2021\\\/03\\\/news-applaus-2021-start-der-bewerbungsphase-50-jahre-bmw-group-kulturengagement\\\/\"},\"wordCount\":957,\"commentCount\":0,\"publisher\":{\"@id\":\"https:\\\/\\\/www.jazzzeitung.de\\\/cms\\\/#organization\"},\"image\":{\"@id\":\"https:\\\/\\\/www.jazzzeitung.de\\\/cms\\\/2021\\\/03\\\/news-applaus-2021-start-der-bewerbungsphase-50-jahre-bmw-group-kulturengagement\\\/#primaryimage\"},\"thumbnailUrl\":\"https:\\\/\\\/i0.wp.com\\\/www.jazzzeitung.de\\\/cms\\\/wp-content\\\/uploads\\\/2021\\\/03\\\/Applaus-1920x1080-1.jpg?fit=1920%2C1080&ssl=1\",\"keywords\":[\"2019\",\"2020\",\"50 Jahre\",\"Anke Helfrich\",\"APPLAUS\",\"Bewerbung\",\"BMW Group Kulturengagement\",\"Bundeskonferenz Jazz\",\"Bundesregierung\",\"Club\",\"Corona\",\"Deutschland\",\"Gesellschaft\",\"Hamburg\",\"Initiative Musik\",\"Jazz\",\"Jonas Pirzer\",\"Jubil\u00e4um\",\"Konzerte\",\"Kultur\",\"Monika Gr\u00fctters\",\"M\u00fcnchen\",\"Musikerinnen\",\"Musikfonds\",\"News\",\"N\u00fcrnberg\",\"Politik\",\"Rock\"],\"articleSection\":[\"News\"],\"inLanguage\":\"de\",\"potentialAction\":[{\"@type\":\"CommentAction\",\"name\":\"Comment\",\"target\":[\"https:\\\/\\\/www.jazzzeitung.de\\\/cms\\\/2021\\\/03\\\/news-applaus-2021-start-der-bewerbungsphase-50-jahre-bmw-group-kulturengagement\\\/#respond\"]}]},{\"@type\":\"WebPage\",\"@id\":\"https:\\\/\\\/www.jazzzeitung.de\\\/cms\\\/2021\\\/03\\\/news-applaus-2021-start-der-bewerbungsphase-50-jahre-bmw-group-kulturengagement\\\/\",\"url\":\"https:\\\/\\\/www.jazzzeitung.de\\\/cms\\\/2021\\\/03\\\/news-applaus-2021-start-der-bewerbungsphase-50-jahre-bmw-group-kulturengagement\\\/\",\"name\":\"+++ news +++ APPLAUS 2021 - Start der Bewerbungsphase +++ 50 Jahre BMW Group Kulturengagement +++ - JazzZeitung\",\"isPartOf\":{\"@id\":\"https:\\\/\\\/www.jazzzeitung.de\\\/cms\\\/#website\"},\"primaryImageOfPage\":{\"@id\":\"https:\\\/\\\/www.jazzzeitung.de\\\/cms\\\/2021\\\/03\\\/news-applaus-2021-start-der-bewerbungsphase-50-jahre-bmw-group-kulturengagement\\\/#primaryimage\"},\"image\":{\"@id\":\"https:\\\/\\\/www.jazzzeitung.de\\\/cms\\\/2021\\\/03\\\/news-applaus-2021-start-der-bewerbungsphase-50-jahre-bmw-group-kulturengagement\\\/#primaryimage\"},\"thumbnailUrl\":\"https:\\\/\\\/i0.wp.com\\\/www.jazzzeitung.de\\\/cms\\\/wp-content\\\/uploads\\\/2021\\\/03\\\/Applaus-1920x1080-1.jpg?fit=1920%2C1080&ssl=1\",\"datePublished\":\"2021-03-03T08:03:17+00:00\",\"breadcrumb\":{\"@id\":\"https:\\\/\\\/www.jazzzeitung.de\\\/cms\\\/2021\\\/03\\\/news-applaus-2021-start-der-bewerbungsphase-50-jahre-bmw-group-kulturengagement\\\/#breadcrumb\"},\"inLanguage\":\"de\",\"potentialAction\":[{\"@type\":\"ReadAction\",\"target\":[\"https:\\\/\\\/www.jazzzeitung.de\\\/cms\\\/2021\\\/03\\\/news-applaus-2021-start-der-bewerbungsphase-50-jahre-bmw-group-kulturengagement\\\/\"]}]},{\"@type\":\"ImageObject\",\"inLanguage\":\"de\",\"@id\":\"https:\\\/\\\/www.jazzzeitung.de\\\/cms\\\/2021\\\/03\\\/news-applaus-2021-start-der-bewerbungsphase-50-jahre-bmw-group-kulturengagement\\\/#primaryimage\",\"url\":\"https:\\\/\\\/i0.wp.com\\\/www.jazzzeitung.de\\\/cms\\\/wp-content\\\/uploads\\\/2021\\\/03\\\/Applaus-1920x1080-1.jpg?fit=1920%2C1080&ssl=1\",\"contentUrl\":\"https:\\\/\\\/i0.wp.com\\\/www.jazzzeitung.de\\\/cms\\\/wp-content\\\/uploads\\\/2021\\\/03\\\/Applaus-1920x1080-1.jpg?fit=1920%2C1080&ssl=1\",\"width\":1920,\"height\":1080},{\"@type\":\"BreadcrumbList\",\"@id\":\"https:\\\/\\\/www.jazzzeitung.de\\\/cms\\\/2021\\\/03\\\/news-applaus-2021-start-der-bewerbungsphase-50-jahre-bmw-group-kulturengagement\\\/#breadcrumb\",\"itemListElement\":[{\"@type\":\"ListItem\",\"position\":1,\"name\":\"Startseite\",\"item\":\"https:\\\/\\\/www.jazzzeitung.de\\\/cms\\\/\"},{\"@type\":\"ListItem\",\"position\":2,\"name\":\"+++ news +++ APPLAUS 2021 &#8211; Start der Bewerbungsphase +++ 50 Jahre BMW Group Kulturengagement +++\"}]},{\"@type\":\"WebSite\",\"@id\":\"https:\\\/\\\/www.jazzzeitung.de\\\/cms\\\/#website\",\"url\":\"https:\\\/\\\/www.jazzzeitung.de\\\/cms\\\/\",\"name\":\"JazzZeitung\",\"description\":\"Jazz-News und Jazz-Kontroverses\",\"publisher\":{\"@id\":\"https:\\\/\\\/www.jazzzeitung.de\\\/cms\\\/#organization\"},\"potentialAction\":[{\"@type\":\"SearchAction\",\"target\":{\"@type\":\"EntryPoint\",\"urlTemplate\":\"https:\\\/\\\/www.jazzzeitung.de\\\/cms\\\/?s={search_term_string}\"},\"query-input\":{\"@type\":\"PropertyValueSpecification\",\"valueRequired\":true,\"valueName\":\"search_term_string\"}}],\"inLanguage\":\"de\"},{\"@type\":\"Organization\",\"@id\":\"https:\\\/\\\/www.jazzzeitung.de\\\/cms\\\/#organization\",\"name\":\"JazzZeitung online\",\"url\":\"https:\\\/\\\/www.jazzzeitung.de\\\/cms\\\/\",\"logo\":{\"@type\":\"ImageObject\",\"inLanguage\":\"de\",\"@id\":\"https:\\\/\\\/www.jazzzeitung.de\\\/cms\\\/#\\\/schema\\\/logo\\\/image\\\/\",\"url\":\"https:\\\/\\\/i0.wp.com\\\/www.jazzzeitung.de\\\/cms\\\/wp-content\\\/uploads\\\/2015\\\/08\\\/JAZZZEITUNGDE_Logo_Neu.png?fit=499%2C200&ssl=1\",\"contentUrl\":\"https:\\\/\\\/i0.wp.com\\\/www.jazzzeitung.de\\\/cms\\\/wp-content\\\/uploads\\\/2015\\\/08\\\/JAZZZEITUNGDE_Logo_Neu.png?fit=499%2C200&ssl=1\",\"width\":499,\"height\":200,\"caption\":\"JazzZeitung online\"},\"image\":{\"@id\":\"https:\\\/\\\/www.jazzzeitung.de\\\/cms\\\/#\\\/schema\\\/logo\\\/image\\\/\"},\"sameAs\":[\"https:\\\/\\\/www.facebook.com\\\/JazzZeitung\\\/\"]},{\"@type\":\"Person\",\"@id\":\"https:\\\/\\\/www.jazzzeitung.de\\\/cms\\\/#\\\/schema\\\/person\\\/2245b36b9cd1d24cea10f01c031fb92b\",\"name\":\"Redaktion JazzZeitung\",\"image\":{\"@type\":\"ImageObject\",\"inLanguage\":\"de\",\"@id\":\"https:\\\/\\\/i0.wp.com\\\/www.jazzzeitung.de\\\/cms\\\/wp-content\\\/uploads\\\/2015\\\/08\\\/JAZZZEITUNGDE_Logo_Neu.png?resize=96%2C96&ssl=159975dcacb611b5700bd619b5daf0a7a\",\"url\":\"https:\\\/\\\/i0.wp.com\\\/www.jazzzeitung.de\\\/cms\\\/wp-content\\\/uploads\\\/2015\\\/08\\\/JAZZZEITUNGDE_Logo_Neu.png?resize=96%2C96&ssl=1\",\"contentUrl\":\"https:\\\/\\\/i0.wp.com\\\/www.jazzzeitung.de\\\/cms\\\/wp-content\\\/uploads\\\/2015\\\/08\\\/JAZZZEITUNGDE_Logo_Neu.png?resize=96%2C96&ssl=1\",\"caption\":\"Redaktion JazzZeitung\"},\"description\":\"Artikel der Redaktion der JazzZeitung.\",\"sameAs\":[\"http:\\\/\\\/www.jazzzeitung.de\\\/cms\\\/\"],\"url\":\"https:\\\/\\\/www.jazzzeitung.de\\\/cms\\\/author\\\/redaktion\\\/\"}]}<\/script>\n<!-- \/ Yoast SEO plugin. -->","yoast_head_json":{"title":"+++ news +++ APPLAUS 2021 - Start der Bewerbungsphase +++ 50 Jahre BMW Group Kulturengagement +++ - JazzZeitung","robots":{"index":"index","follow":"follow","max-snippet":"max-snippet:-1","max-image-preview":"max-image-preview:large","max-video-preview":"max-video-preview:-1"},"canonical":"https:\/\/www.jazzzeitung.de\/cms\/2021\/03\/news-applaus-2021-start-der-bewerbungsphase-50-jahre-bmw-group-kulturengagement\/","og_locale":"de_DE","og_type":"article","og_title":"+++ news +++ APPLAUS 2021 - Start der Bewerbungsphase +++ 50 Jahre BMW Group Kulturengagement +++ - JazzZeitung","og_description":"+++ APPLAUS 2021: Start der Bewerbungsphase +++ Unser Kulturleben ist ohne Musikclubs und ihre Konzerte undenkbar. Mit genre\u00fcbergreifenden Livemusikprogrammen, sowohl in den Metropolen als auch im l\u00e4ndlichen Raum, sind sie ein wesentlicher Bestandteil einer vielseitigen Kulturlandschaft. Mit dem APPLAUS 2021 zeichnet die Kulturstaatsministerin Monika Gr\u00fctters daher gemeinsam mit der Initiative Musik die Clubbetreiberinnen und Veranstalterinnen f\u00fcr ihre Konzertprogramme aus. Tina Sikorski, Gesch\u00e4ftsf\u00fchrerin der Initiative Musik: \u201eWir alle vermissen gemeinsame Konzerterlebnisse und mehr denn je r\u00fcckt die kulturelle Bedeutung von Musikclubs ins Bewusstsein. Genau deshalb sind die Anliegen des APPLAUS so wichtig, um die Club-Szene in die \u00d6ffentlichkeit zu r\u00fccken und sie auch finanziell zu unterst\u00fctzen. F\u00fcr die kommende Ausgabe konnten wir die Gesamth\u00f6he der Preisgelder erh\u00f6hen und gemeinsam mit der Bundeskonferenz Jazz und der LiveKomm wichtige Neuerungen erarbeiten, wie zum Beispiel den Sonder-APPLAUS f\u00fcr kreative Formate w\u00e4hrend der Corona-Pandemie.\u201c F\u00fcr die Verleihung 2021 stehen insgesamt 2,6 Millionen Euro f\u00fcr Pr\u00e4mien zur Verf\u00fcgung. Damit ist der APPLAUS einer der h\u00f6chstdotierten Bundeskulturpreise. APPLAUS 2021 Auszeichnungen und Pr\u00e4mien &#8211; Kategorie Programm: bis zu 50.000 Euro pro Auszeichnung, &#8211; Kategorie Spielst\u00e4tte: bis zu 25.000 Euro pro Auszeichnung, &#8211; Kategorie &hellip;","og_url":"https:\/\/www.jazzzeitung.de\/cms\/2021\/03\/news-applaus-2021-start-der-bewerbungsphase-50-jahre-bmw-group-kulturengagement\/","og_site_name":"JazzZeitung","article_publisher":"https:\/\/www.facebook.com\/JazzZeitung\/","article_published_time":"2021-03-03T08:03:17+00:00","og_image":[{"width":1920,"height":1080,"url":"https:\/\/i0.wp.com\/www.jazzzeitung.de\/cms\/wp-content\/uploads\/2021\/03\/Applaus-1920x1080-1.jpg?fit=1920%2C1080&ssl=1","type":"image\/jpeg"}],"author":"Redaktion JazzZeitung","schema":{"@context":"https:\/\/schema.org","@graph":[{"@type":"Article","@id":"https:\/\/www.jazzzeitung.de\/cms\/2021\/03\/news-applaus-2021-start-der-bewerbungsphase-50-jahre-bmw-group-kulturengagement\/#article","isPartOf":{"@id":"https:\/\/www.jazzzeitung.de\/cms\/2021\/03\/news-applaus-2021-start-der-bewerbungsphase-50-jahre-bmw-group-kulturengagement\/"},"author":{"name":"Redaktion JazzZeitung","@id":"https:\/\/www.jazzzeitung.de\/cms\/#\/schema\/person\/2245b36b9cd1d24cea10f01c031fb92b"},"headline":"+++ news +++ APPLAUS 2021 &#8211; Start der Bewerbungsphase +++ 50 Jahre BMW Group Kulturengagement +++","datePublished":"2021-03-03T08:03:17+00:00","mainEntityOfPage":{"@id":"https:\/\/www.jazzzeitung.de\/cms\/2021\/03\/news-applaus-2021-start-der-bewerbungsphase-50-jahre-bmw-group-kulturengagement\/"},"wordCount":957,"commentCount":0,"publisher":{"@id":"https:\/\/www.jazzzeitung.de\/cms\/#organization"},"image":{"@id":"https:\/\/www.jazzzeitung.de\/cms\/2021\/03\/news-applaus-2021-start-der-bewerbungsphase-50-jahre-bmw-group-kulturengagement\/#primaryimage"},"thumbnailUrl":"https:\/\/i0.wp.com\/www.jazzzeitung.de\/cms\/wp-content\/uploads\/2021\/03\/Applaus-1920x1080-1.jpg?fit=1920%2C1080&ssl=1","keywords":["2019","2020","50 Jahre","Anke Helfrich","APPLAUS","Bewerbung","BMW Group Kulturengagement","Bundeskonferenz Jazz","Bundesregierung","Club","Corona","Deutschland","Gesellschaft","Hamburg","Initiative Musik","Jazz","Jonas Pirzer","Jubil\u00e4um","Konzerte","Kultur","Monika Gr\u00fctters","M\u00fcnchen","Musikerinnen","Musikfonds","News","N\u00fcrnberg","Politik","Rock"],"articleSection":["News"],"inLanguage":"de","potentialAction":[{"@type":"CommentAction","name":"Comment","target":["https:\/\/www.jazzzeitung.de\/cms\/2021\/03\/news-applaus-2021-start-der-bewerbungsphase-50-jahre-bmw-group-kulturengagement\/#respond"]}]},{"@type":"WebPage","@id":"https:\/\/www.jazzzeitung.de\/cms\/2021\/03\/news-applaus-2021-start-der-bewerbungsphase-50-jahre-bmw-group-kulturengagement\/","url":"https:\/\/www.jazzzeitung.de\/cms\/2021\/03\/news-applaus-2021-start-der-bewerbungsphase-50-jahre-bmw-group-kulturengagement\/","name":"+++ news +++ APPLAUS 2021 - Start der Bewerbungsphase +++ 50 Jahre BMW Group Kulturengagement +++ - JazzZeitung","isPartOf":{"@id":"https:\/\/www.jazzzeitung.de\/cms\/#website"},"primaryImageOfPage":{"@id":"https:\/\/www.jazzzeitung.de\/cms\/2021\/03\/news-applaus-2021-start-der-bewerbungsphase-50-jahre-bmw-group-kulturengagement\/#primaryimage"},"image":{"@id":"https:\/\/www.jazzzeitung.de\/cms\/2021\/03\/news-applaus-2021-start-der-bewerbungsphase-50-jahre-bmw-group-kulturengagement\/#primaryimage"},"thumbnailUrl":"https:\/\/i0.wp.com\/www.jazzzeitung.de\/cms\/wp-content\/uploads\/2021\/03\/Applaus-1920x1080-1.jpg?fit=1920%2C1080&ssl=1","datePublished":"2021-03-03T08:03:17+00:00","breadcrumb":{"@id":"https:\/\/www.jazzzeitung.de\/cms\/2021\/03\/news-applaus-2021-start-der-bewerbungsphase-50-jahre-bmw-group-kulturengagement\/#breadcrumb"},"inLanguage":"de","potentialAction":[{"@type":"ReadAction","target":["https:\/\/www.jazzzeitung.de\/cms\/2021\/03\/news-applaus-2021-start-der-bewerbungsphase-50-jahre-bmw-group-kulturengagement\/"]}]},{"@type":"ImageObject","inLanguage":"de","@id":"https:\/\/www.jazzzeitung.de\/cms\/2021\/03\/news-applaus-2021-start-der-bewerbungsphase-50-jahre-bmw-group-kulturengagement\/#primaryimage","url":"https:\/\/i0.wp.com\/www.jazzzeitung.de\/cms\/wp-content\/uploads\/2021\/03\/Applaus-1920x1080-1.jpg?fit=1920%2C1080&ssl=1","contentUrl":"https:\/\/i0.wp.com\/www.jazzzeitung.de\/cms\/wp-content\/uploads\/2021\/03\/Applaus-1920x1080-1.jpg?fit=1920%2C1080&ssl=1","width":1920,"height":1080},{"@type":"BreadcrumbList","@id":"https:\/\/www.jazzzeitung.de\/cms\/2021\/03\/news-applaus-2021-start-der-bewerbungsphase-50-jahre-bmw-group-kulturengagement\/#breadcrumb","itemListElement":[{"@type":"ListItem","position":1,"name":"Startseite","item":"https:\/\/www.jazzzeitung.de\/cms\/"},{"@type":"ListItem","position":2,"name":"+++ news +++ APPLAUS 2021 &#8211; Start der Bewerbungsphase +++ 50 Jahre BMW Group Kulturengagement +++"}]},{"@type":"WebSite","@id":"https:\/\/www.jazzzeitung.de\/cms\/#website","url":"https:\/\/www.jazzzeitung.de\/cms\/","name":"JazzZeitung","description":"Jazz-News und Jazz-Kontroverses","publisher":{"@id":"https:\/\/www.jazzzeitung.de\/cms\/#organization"},"potentialAction":[{"@type":"SearchAction","target":{"@type":"EntryPoint","urlTemplate":"https:\/\/www.jazzzeitung.de\/cms\/?s={search_term_string}"},"query-input":{"@type":"PropertyValueSpecification","valueRequired":true,"valueName":"search_term_string"}}],"inLanguage":"de"},{"@type":"Organization","@id":"https:\/\/www.jazzzeitung.de\/cms\/#organization","name":"JazzZeitung online","url":"https:\/\/www.jazzzeitung.de\/cms\/","logo":{"@type":"ImageObject","inLanguage":"de","@id":"https:\/\/www.jazzzeitung.de\/cms\/#\/schema\/logo\/image\/","url":"https:\/\/i0.wp.com\/www.jazzzeitung.de\/cms\/wp-content\/uploads\/2015\/08\/JAZZZEITUNGDE_Logo_Neu.png?fit=499%2C200&ssl=1","contentUrl":"https:\/\/i0.wp.com\/www.jazzzeitung.de\/cms\/wp-content\/uploads\/2015\/08\/JAZZZEITUNGDE_Logo_Neu.png?fit=499%2C200&ssl=1","width":499,"height":200,"caption":"JazzZeitung online"},"image":{"@id":"https:\/\/www.jazzzeitung.de\/cms\/#\/schema\/logo\/image\/"},"sameAs":["https:\/\/www.facebook.com\/JazzZeitung\/"]},{"@type":"Person","@id":"https:\/\/www.jazzzeitung.de\/cms\/#\/schema\/person\/2245b36b9cd1d24cea10f01c031fb92b","name":"Redaktion JazzZeitung","image":{"@type":"ImageObject","inLanguage":"de","@id":"https:\/\/i0.wp.com\/www.jazzzeitung.de\/cms\/wp-content\/uploads\/2015\/08\/JAZZZEITUNGDE_Logo_Neu.png?resize=96%2C96&ssl=159975dcacb611b5700bd619b5daf0a7a","url":"https:\/\/i0.wp.com\/www.jazzzeitung.de\/cms\/wp-content\/uploads\/2015\/08\/JAZZZEITUNGDE_Logo_Neu.png?resize=96%2C96&ssl=1","contentUrl":"https:\/\/i0.wp.com\/www.jazzzeitung.de\/cms\/wp-content\/uploads\/2015\/08\/JAZZZEITUNGDE_Logo_Neu.png?resize=96%2C96&ssl=1","caption":"Redaktion JazzZeitung"},"description":"Artikel der Redaktion der JazzZeitung.","sameAs":["http:\/\/www.jazzzeitung.de\/cms\/"],"url":"https:\/\/www.jazzzeitung.de\/cms\/author\/redaktion\/"}]}},"wp-worthy-pixel":{"ignored":false,"public":null,"server":null,"url":null},"wp-worthy-type":"normal","jetpack_publicize_connections":[],"cc_featured_image_caption":{"caption_text":"","source_text":"","source_url":""},"jetpack_featured_media_url":"https:\/\/i0.wp.com\/www.jazzzeitung.de\/cms\/wp-content\/uploads\/2021\/03\/Applaus-1920x1080-1.jpg?fit=1920%2C1080&ssl=1","jetpack_shortlink":"https:\/\/wp.me\/p3KEcT-6mw","jetpack-related-posts":[{"id":19312,"url":"https:\/\/www.jazzzeitung.de\/cms\/2019\/04\/bewerbungsphase-fuer-applaus-hat-begonnen\/","url_meta":{"origin":24460,"position":0},"title":"Bewerbungsphase f\u00fcr \u201eAPPLAUS\u201c hat begonnen","author":"Redaktion JazzZeitung","date":"29. April 2019","format":false,"excerpt":"APPLAUS, die \u201eAuszeichnung der Programmplanung unabh\u00e4ngiger Spielst\u00e4tten\u201c, w\u00fcrdigt kulturell herausragende Livemusikprogramme. Die Bewerbungsphase f\u00fcr den Bundespreis startet am 23. April und l\u00e4uft bis zum 28. Mai 2019. In diesem Jahr gibt es eine neue Auszeichnung der Jury f\u00fcr \u201eBestes ehrenamtliches Engagement\u201c, die am 27. November 2019 in Berlin verliehen wird.\u2026","rel":"","context":"In &quot;News&quot;","block_context":{"text":"News","link":"https:\/\/www.jazzzeitung.de\/cms\/thema\/nachrichten\/"},"img":{"alt_text":"","src":"https:\/\/i0.wp.com\/www.jazzzeitung.de\/cms\/wp-content\/uploads\/2019\/04\/Applaus2018_Preisverleihung3_Spielst%C3%A4tten_des_Jahres_und_Sonderpreise_web.jpg?fit=600%2C338&ssl=1&resize=350%2C200","width":350,"height":200,"srcset":"https:\/\/i0.wp.com\/www.jazzzeitung.de\/cms\/wp-content\/uploads\/2019\/04\/Applaus2018_Preisverleihung3_Spielst%C3%A4tten_des_Jahres_und_Sonderpreise_web.jpg?fit=600%2C338&ssl=1&resize=350%2C200 1x, https:\/\/i0.wp.com\/www.jazzzeitung.de\/cms\/wp-content\/uploads\/2019\/04\/Applaus2018_Preisverleihung3_Spielst%C3%A4tten_des_Jahres_und_Sonderpreise_web.jpg?fit=600%2C338&ssl=1&resize=525%2C300 1.5x"},"classes":[]},{"id":12504,"url":"https:\/\/www.jazzzeitung.de\/cms\/2017\/05\/jazztime-freising-das-andy-kurz-trio\/","url_meta":{"origin":24460,"position":1},"title":"+++ JazzTime Freising: Das Andy Kurz Trio +++ Die besten Spielst\u00e4tten gesucht: Bewerbungsphase f\u00fcr &#8222;APPLAUS&#8220; startet am 29. Mai 2017 +++","author":"Redaktion JazzZeitung","date":"27. Mai 2017","format":false,"excerpt":"+++ JazzTime Freising: Das Andy Kurz Trio +++ In der Reihe JazzTime Freising l\u00e4dt der Freisinger Kulturverein 3klang e.V. alle Jazz-Begeisterten am Donnerstag den 1.Juni um 20 Uhr zu einem Abend mit dem Andy Kurz Trio in das Sainerhaus, Freising, Obere Domberggasse 15 ein. Zusammen mit Bastian J\u00fctte (drums) und\u2026","rel":"","context":"In &quot;News&quot;","block_context":{"text":"News","link":"https:\/\/www.jazzzeitung.de\/cms\/thema\/nachrichten\/"},"img":{"alt_text":"","src":"https:\/\/i0.wp.com\/www.jazzzeitung.de\/cms\/wp-content\/uploads\/2017\/05\/Andreas-Kurz2-150x150.jpg?resize=350%2C200&ssl=1","width":350,"height":200},"classes":[]},{"id":15987,"url":"https:\/\/www.jazzzeitung.de\/cms\/2018\/05\/bewerbungsphase-fuer-applaus-musikpreis-startet\/","url_meta":{"origin":24460,"position":2},"title":"Bewerbungsphase f\u00fcr APPLAUS Musikpreis startet","author":"Redaktion JazzZeitung","date":"10. Mai 2018","format":false,"excerpt":"APPLAUS (Auszeichnung der Programmplanung unabh\u00e4ngiger Spielst\u00e4tten) w\u00fcrdigt zum sechsten Mal bundesweit kulturell herausragende Livemusikprogramme. Die Bewerbungsphase startet am 14. Mai und l\u00e4uft bis 22. Juni 2018. Mit dem Musikpreis\u00a0 werden Clubbetreiber und Veranstalter f\u00fcr ihre herausragenden Livemusikprogramme von Pop bis Jazz gew\u00fcrdigt. Der F\u00f6rderpreis soll mehr \u00f6ffentliche Aufmerksamkeit f\u00fcr Kulturorte\u2026","rel":"","context":"In &quot;News&quot;","block_context":{"text":"News","link":"https:\/\/www.jazzzeitung.de\/cms\/thema\/nachrichten\/"},"img":{"alt_text":"","src":"https:\/\/i0.wp.com\/www.jazzzeitung.de\/cms\/wp-content\/uploads\/2018\/05\/APPLAUS17_6_preview.jpeg?fit=1200%2C799&ssl=1&resize=350%2C200","width":350,"height":200,"srcset":"https:\/\/i0.wp.com\/www.jazzzeitung.de\/cms\/wp-content\/uploads\/2018\/05\/APPLAUS17_6_preview.jpeg?fit=1200%2C799&ssl=1&resize=350%2C200 1x, https:\/\/i0.wp.com\/www.jazzzeitung.de\/cms\/wp-content\/uploads\/2018\/05\/APPLAUS17_6_preview.jpeg?fit=1200%2C799&ssl=1&resize=525%2C300 1.5x, https:\/\/i0.wp.com\/www.jazzzeitung.de\/cms\/wp-content\/uploads\/2018\/05\/APPLAUS17_6_preview.jpeg?fit=1200%2C799&ssl=1&resize=700%2C400 2x, https:\/\/i0.wp.com\/www.jazzzeitung.de\/cms\/wp-content\/uploads\/2018\/05\/APPLAUS17_6_preview.jpeg?fit=1200%2C799&ssl=1&resize=1050%2C600 3x"},"classes":[]},{"id":17889,"url":"https:\/\/www.jazzzeitung.de\/cms\/2018\/11\/17889\/","url_meta":{"origin":24460,"position":3},"title":"94 mal APPLAUS f\u00fcr Clubkultur","author":"Redaktion JazzZeitung","date":"16. November 2018","format":false,"excerpt":"Mit dem Musikpreis APPLAUS, der \u201eAuszeichnung der Programmplanung unabh\u00e4ngiger Spielst\u00e4tten\u201c, wurden am Mittwochabend im Namen von Kulturstaatsministerin Monika Gr\u00fctters in Mannheim 94 Musikclubs und Veranstaltungsreihen aus insgesamt 15 Bundesl\u00e4ndern ausgezeichnet. Die Gesamtsumme der so von der Initiative Musik verteilten F\u00f6rdergelder bel\u00e4uft sich 2018 auf 1,8 Millionen Euro. Der APPLAUS ist\u2026","rel":"","context":"In &quot;News&quot;","block_context":{"text":"News","link":"https:\/\/www.jazzzeitung.de\/cms\/thema\/nachrichten\/"},"img":{"alt_text":"","src":"https:\/\/i0.wp.com\/www.jazzzeitung.de\/cms\/wp-content\/uploads\/2018\/11\/LOGO_APPLAUS_600.jpg?fit=600%2C393&ssl=1&resize=350%2C200","width":350,"height":200,"srcset":"https:\/\/i0.wp.com\/www.jazzzeitung.de\/cms\/wp-content\/uploads\/2018\/11\/LOGO_APPLAUS_600.jpg?fit=600%2C393&ssl=1&resize=350%2C200 1x, https:\/\/i0.wp.com\/www.jazzzeitung.de\/cms\/wp-content\/uploads\/2018\/11\/LOGO_APPLAUS_600.jpg?fit=600%2C393&ssl=1&resize=525%2C300 1.5x"},"classes":[]},{"id":16574,"url":"https:\/\/www.jazzzeitung.de\/cms\/2018\/07\/bundestag-beschliesst-zusaetzliche-gelder-zur-foerderung-von-pop-rock-und-jazz\/","url_meta":{"origin":24460,"position":4},"title":"Bundestag beschlie\u00dft zus\u00e4tzliche Gelder zur F\u00f6rderung von Pop, Rock und Jazz","author":"Redaktion JazzZeitung","date":"7. Juli 2018","format":false,"excerpt":"Der Haushaltsausschuss des Deutschen Bundestags hat in seiner\u00a0Bereinigungssitzung eine Aufstockung der Musikf\u00f6rderung beschlossen. Darin\u00a0enthalten sind zus\u00e4tzliche 4,15 Millionen Euro, die der Bund der Initiative Musik\u00a0f\u00fcr die Jahre 2018 und 2019 bereitstellt.\u00a0Kulturstaatsministerin Prof. Monika Gr\u00fctters: \u201eMit den zus\u00e4tzlichen Geldern\u00a0f\u00fcr die Initiative Musik wollen wir vor allem die vielen kleineren Clubs im\u00a0ganzen\u2026","rel":"","context":"In &quot;News&quot;","block_context":{"text":"News","link":"https:\/\/www.jazzzeitung.de\/cms\/thema\/nachrichten\/"},"img":{"alt_text":"","src":"https:\/\/i0.wp.com\/www.jazzzeitung.de\/cms\/wp-content\/uploads\/2018\/07\/MonikaGr%C3%BCtters_Christof-Rieken.jpg?fit=1200%2C799&ssl=1&resize=350%2C200","width":350,"height":200,"srcset":"https:\/\/i0.wp.com\/www.jazzzeitung.de\/cms\/wp-content\/uploads\/2018\/07\/MonikaGr%C3%BCtters_Christof-Rieken.jpg?fit=1200%2C799&ssl=1&resize=350%2C200 1x, https:\/\/i0.wp.com\/www.jazzzeitung.de\/cms\/wp-content\/uploads\/2018\/07\/MonikaGr%C3%BCtters_Christof-Rieken.jpg?fit=1200%2C799&ssl=1&resize=525%2C300 1.5x, https:\/\/i0.wp.com\/www.jazzzeitung.de\/cms\/wp-content\/uploads\/2018\/07\/MonikaGr%C3%BCtters_Christof-Rieken.jpg?fit=1200%2C799&ssl=1&resize=700%2C400 2x, https:\/\/i0.wp.com\/www.jazzzeitung.de\/cms\/wp-content\/uploads\/2018\/07\/MonikaGr%C3%BCtters_Christof-Rieken.jpg?fit=1200%2C799&ssl=1&resize=1050%2C600 3x"},"classes":[]},{"id":10678,"url":"https:\/\/www.jazzzeitung.de\/cms\/2016\/10\/applaus-2016-auszeichnungen-und-foerderungen-fuer-64-herausragende-livemusikprogramme-aus-13-bundeslaendern\/","url_meta":{"origin":24460,"position":5},"title":"APPLAUS 2016 \u2013 Auszeichnungen und F\u00f6rderungen f\u00fcr 64 herausragende Livemusikprogramme aus 13 Bundesl\u00e4ndern","author":"Redaktion JazzZeitung","date":"26. Oktober 2016","format":false,"excerpt":"Hauptpreise gehen an Stadtgarten in K\u00f6ln, Golden Pudel Club in Hamburg und \u201ebiegungen im ausland\u201c in Berlin Kulturstaatsministerin Prof. Monika Gr\u00fctters: \u201eMit ihren ambitionierten und innovativen Programmen, die sie oft mit erheblichem finanziellem Risiko realisieren, sind sie es, die f\u00fcr eine vielf\u00e4ltige Musik- und Clublandschaft in Deutschland sorgen.\u201c Unabh\u00e4ngige Musikclubs\u2026","rel":"","context":"In &quot;News&quot;","block_context":{"text":"News","link":"https:\/\/www.jazzzeitung.de\/cms\/thema\/nachrichten\/"},"img":{"alt_text":"applaus2016_8","src":"https:\/\/i0.wp.com\/www.jazzzeitung.de\/cms\/wp-content\/uploads\/2016\/10\/APPLAUS2016_8-150x150.jpg?resize=350%2C200","width":350,"height":200},"classes":[]}],"jetpack_sharing_enabled":true,"_links":{"self":[{"href":"https:\/\/www.jazzzeitung.de\/cms\/wp-json\/wp\/v2\/posts\/24460","targetHints":{"allow":["GET"]}}],"collection":[{"href":"https:\/\/www.jazzzeitung.de\/cms\/wp-json\/wp\/v2\/posts"}],"about":[{"href":"https:\/\/www.jazzzeitung.de\/cms\/wp-json\/wp\/v2\/types\/post"}],"author":[{"embeddable":true,"href":"https:\/\/www.jazzzeitung.de\/cms\/wp-json\/wp\/v2\/users\/18"}],"replies":[{"embeddable":true,"href":"https:\/\/www.jazzzeitung.de\/cms\/wp-json\/wp\/v2\/comments?post=24460"}],"version-history":[{"count":2,"href":"https:\/\/www.jazzzeitung.de\/cms\/wp-json\/wp\/v2\/posts\/24460\/revisions"}],"predecessor-version":[{"id":24464,"href":"https:\/\/www.jazzzeitung.de\/cms\/wp-json\/wp\/v2\/posts\/24460\/revisions\/24464"}],"wp:featuredmedia":[{"embeddable":true,"href":"https:\/\/www.jazzzeitung.de\/cms\/wp-json\/wp\/v2\/media\/24463"}],"wp:attachment":[{"href":"https:\/\/www.jazzzeitung.de\/cms\/wp-json\/wp\/v2\/media?parent=24460"}],"wp:term":[{"taxonomy":"category","embeddable":true,"href":"https:\/\/www.jazzzeitung.de\/cms\/wp-json\/wp\/v2\/categories?post=24460"},{"taxonomy":"post_tag","embeddable":true,"href":"https:\/\/www.jazzzeitung.de\/cms\/wp-json\/wp\/v2\/tags?post=24460"},{"taxonomy":"author","embeddable":true,"href":"https:\/\/www.jazzzeitung.de\/cms\/wp-json\/wp\/v2\/coauthors?post=24460"}],"curies":[{"name":"wp","href":"https:\/\/api.w.org\/{rel}","templated":true}]}}