{"id":24453,"date":"2021-03-02T08:13:52","date_gmt":"2021-03-02T07:13:52","guid":{"rendered":"https:\/\/www.jazzzeitung.de\/cms\/?p=24453"},"modified":"2021-03-01T14:27:17","modified_gmt":"2021-03-01T13:27:17","slug":"neue-cd-von-kilian-sladek-von-inner-peace-bis-tschernobyl","status":"publish","type":"post","link":"https:\/\/www.jazzzeitung.de\/cms\/2021\/03\/neue-cd-von-kilian-sladek-von-inner-peace-bis-tschernobyl\/","title":{"rendered":"Neue CD von Kilian Sladek: Von \u201eInner Peace\u201c bis Tschernobyl\u00a0 \u00a0"},"content":{"rendered":"<p><strong>Man muss schon ein wenig st\u00f6bern \u2013 heutzutage nat\u00fcrlich ziemlich einfach \u2013 um dahinter zu kommen, was der M\u00fcnchner S\u00e4nger und Komponist Kilian Sladek mit dem Albumtitel ausdr\u00fccken will. \u201eSyllabulism\u201c liegt phonetisch nahe beim Wortbestandteil Silbe und beschreibt mit dem anglisierten Nomen den silbenweisen \u2013 syllabisch(en) \u2013 Gesang \u00fcber den Notenwerten eines Chorals oder Liedes. Silben in Form von textlosem Gesang pr\u00e4gen das\u00a0 Deb\u00fctalbum, das Sladek mit seinem jungen Quartett mit Hilfe einer Fundraising-Aktion auf Startnext (Unit Records) auf die Beine gestellt hat. Zuvor ist lediglich eine EP des Quartetts als quasi Appetizer erschienen.<\/strong><\/p>\n<p>Die sieben Eigenkompositionen Sladeks sind sowohl von ihrem Gehalt, wie auch formal sehr unterschiedlich. Wirkt beispielsweise das entspannt-heitere \u201eInner Peace\u201c mit viel Fingerschnippen, rhythmischem Backgroundgesang und H\u00e4ndeklatschen wie eine raue, improvisierte Bobby McFerrin<code>sche Reinkarnation, hebt hinter der Himmelspforte \u2013 \u201eHeaven<\/code>s Gate\u201c \u2013 der 2017 verstorbene Al Jarreau vergn\u00fcgt lachend beide Daumen. Nun ist es keineswegs so, dass hier ein Epigonenalbum entstanden ist, aber die beiden Vokalk\u00fcnstler sind nun mal die Referenzpunkte, wenn es um Jazzgesang und Vokaltechniken geht. Und davon beherrscht der 26-j\u00e4hrige M\u00fcnchner, der wie seine Mitmusiker an der dortigen Musikhochschule studiert hat, Sladek als Masterabsolvent, jede Menge sehr souver\u00e4n.<\/p>\n<figure id=\"attachment_24457\" aria-describedby=\"caption-attachment-24457\" style=\"width: 199px\" class=\"wp-caption alignleft\"><a href=\"https:\/\/i0.wp.com\/www.jazzzeitung.de\/cms\/wp-content\/uploads\/2021\/03\/Sladek-Kilian_19.jpg?ssl=1\"><img data-recalc-dims=\"1\" loading=\"lazy\" decoding=\"async\" data-attachment-id=\"24457\" data-permalink=\"https:\/\/www.jazzzeitung.de\/cms\/2021\/03\/neue-cd-von-kilian-sladek-von-inner-peace-bis-tschernobyl\/sladek-kilian_19\/\" data-orig-file=\"https:\/\/i0.wp.com\/www.jazzzeitung.de\/cms\/wp-content\/uploads\/2021\/03\/Sladek-Kilian_19.jpg?fit=1565%2C2362&amp;ssl=1\" data-orig-size=\"1565,2362\" data-comments-opened=\"1\" data-image-meta=\"{&quot;aperture&quot;:&quot;5.6&quot;,&quot;credit&quot;:&quot;&quot;,&quot;camera&quot;:&quot;NIKON D7000&quot;,&quot;caption&quot;:&quot;&quot;,&quot;created_timestamp&quot;:&quot;1499461559&quot;,&quot;copyright&quot;:&quot;&quot;,&quot;focal_length&quot;:&quot;105&quot;,&quot;iso&quot;:&quot;640&quot;,&quot;shutter_speed&quot;:&quot;0.016666666666667&quot;,&quot;title&quot;:&quot;&quot;,&quot;orientation&quot;:&quot;1&quot;}\" data-image-title=\"Sladek-Kilian_19\" data-image-description=\"\" data-image-caption=\"\" data-large-file=\"https:\/\/i0.wp.com\/www.jazzzeitung.de\/cms\/wp-content\/uploads\/2021\/03\/Sladek-Kilian_19.jpg?fit=398%2C600&amp;ssl=1\" class=\"wp-image-24457 size-medium\" src=\"https:\/\/i0.wp.com\/www.jazzzeitung.de\/cms\/wp-content\/uploads\/2021\/03\/Sladek-Kilian_19.jpg?resize=199%2C300&#038;ssl=1\" alt=\"\" width=\"199\" height=\"300\" srcset=\"https:\/\/i0.wp.com\/www.jazzzeitung.de\/cms\/wp-content\/uploads\/2021\/03\/Sladek-Kilian_19.jpg?resize=199%2C300&amp;ssl=1 199w, https:\/\/i0.wp.com\/www.jazzzeitung.de\/cms\/wp-content\/uploads\/2021\/03\/Sladek-Kilian_19.jpg?resize=398%2C600&amp;ssl=1 398w, https:\/\/i0.wp.com\/www.jazzzeitung.de\/cms\/wp-content\/uploads\/2021\/03\/Sladek-Kilian_19.jpg?resize=768%2C1159&amp;ssl=1 768w, https:\/\/i0.wp.com\/www.jazzzeitung.de\/cms\/wp-content\/uploads\/2021\/03\/Sladek-Kilian_19.jpg?resize=1018%2C1536&amp;ssl=1 1018w, https:\/\/i0.wp.com\/www.jazzzeitung.de\/cms\/wp-content\/uploads\/2021\/03\/Sladek-Kilian_19.jpg?resize=1357%2C2048&amp;ssl=1 1357w, https:\/\/i0.wp.com\/www.jazzzeitung.de\/cms\/wp-content\/uploads\/2021\/03\/Sladek-Kilian_19.jpg?resize=1320%2C1992&amp;ssl=1 1320w, https:\/\/i0.wp.com\/www.jazzzeitung.de\/cms\/wp-content\/uploads\/2021\/03\/Sladek-Kilian_19.jpg?w=1565&amp;ssl=1 1565w\" sizes=\"auto, (max-width: 199px) 100vw, 199px\" \/><\/a><figcaption id=\"caption-attachment-24457\" class=\"wp-caption-text\">Kilian Sladek auf dem Regensburger Jazzweekend. Foto: Michael Scheiner<\/figcaption><\/figure>\n<p>Sein Handwerk und eine enorme stilistische Breite und Tiefe hat er sich als Mitglied der Bayerischen Chorakademie, des Vokalensembles des BuJazzO, dem Jugendjazzorchester der Bundesrepublik Deutschland, sowie bei internationalen Wettbewerben und in Bands wie der gro\u00dfartigen Jazzrausch Bigband erarbeitet. Schwebende Vokalisen in \u201eSilent Warriors\u201c lassen die Kraft der Mediation sp\u00fcrbar werden,\u00a0 der Sladek mit diesem St\u00fcck eine Hommage widmet. Dagegen holt das nachfolgende Titelst\u00fcck mit seiner bluesig-rhythmischen Ausgestaltung die H\u00f6rer*innen rasch wieder auf den Boden oder besser die feucht-warme Strasse zur\u00fcck, \u00fcber die das Quartett vergn\u00fcgt t\u00e4nzelnd gute Laune verbreitet. \u00dcber das extrem schnelle \u201eMao Tai\u201c sagt er selbst in einem Interview mit Angela Ballhorn: \u201eDas St\u00fcck habe ich in einer Nacht in Peking geschrieben. Ich hatte die konzeptionelle Idee extrem Schnelllebiges ruhige Gegenden und weite Fl\u00e4chen gegen\u00fcberzustellen. Die Energielevel habe ich versucht mehr als Stimmungen, denn als Melodien darzustellen\u201c.<\/p>\n<p>In die Vollen geht er noch einmal in \u201eIn a spiritual mood\u201c, mit dem das Album ausklingt. Begleitet von gro\u00dfen Gongs gleitet Sladek mit seiner warmen Baritonstimme hier in Oberton- und Kehlkopfgesang \u2013 verst\u00e4rkt durch starken Hall \u2013 und \u00f6ffnet damit ungewohnte Klangr\u00e4ume. Nur bedingt nachvollziehen l\u00e4sst sich, was der junge, ehrgeizige K\u00fcnstler \u00fcber den ersten Song \u201eAZ-5\u201c \u2013 damit wird der Notfallknopf zum Abschalten eines Atommeilers bezeichnet \u2013 sagt. Bei diesem liess er sich von der verh\u00e4ngnisvollen Kettenreaktion des Atomungl\u00fccks in Tschernobyl inspirieren, die rund acht Jahre vor seiner Geburt die Welt in Panik versetzte. Die eindringliche Komposition startet mit einem Pianoostinato, durch welches das Schlagzeug stolpert. Daraus steigt die scattende Stimme empor, w\u00e4hrend sich der Song nach und nach aufbaut und in einer Entladung kulminiert, die allerdings kaum etwas von den explosiven Affekten des ausbrechenden Brandes transportiert \u2013 \u201eum sich abschlie\u00dfend wieder in verstrahlter Stille zu verlieren\u201c.<\/p>\n<p>Ein insgesamt etwas uneinheitliches Album, welches dennoch ein enormes kreatives Potential und ein pulsierende musikalische Energie sicht- und h\u00f6rbar macht. Und nicht zuletzt ist es eine Freude endlich wieder einen f\u00e4higen S\u00e4nger erleben zu d\u00fcrfen, der seine F\u00e4higkeiten und seine Power hoffentlich bald wieder vor Publikum auspacken kann.<\/p>\n<p>Von Michael Scheiner<\/p>\n<p>Kilian Sladek Quartet, Syllabulism, Unit 10341724<\/p>\n<p>Besetzung: Thomas Ganzenm\u00fcller (Kontrabass), Manuel Pliefke (Schlagzeug), Maximilian Hacker (Klavier) und Kilian Sladek (Gesang, Komposition)<\/p>\n","protected":false},"excerpt":{"rendered":"<p>Man muss schon ein wenig st\u00f6bern \u2013 heutzutage nat\u00fcrlich ziemlich einfach \u2013 um dahinter zu kommen, was der M\u00fcnchner S\u00e4nger und Komponist Kilian Sladek mit dem Albumtitel ausdr\u00fccken will. \u201eSyllabulism\u201c liegt phonetisch nahe beim Wortbestandteil Silbe und beschreibt mit dem anglisierten Nomen den silbenweisen \u2013 syllabisch(en) \u2013 Gesang \u00fcber den Notenwerten eines Chorals oder Liedes. Silben in Form von textlosem Gesang pr\u00e4gen das\u00a0 Deb\u00fctalbum, das Sladek mit seinem jungen Quartett mit Hilfe einer Fundraising-Aktion auf Startnext (Unit Records) auf die Beine gestellt hat. Zuvor ist lediglich eine EP des Quartetts als quasi Appetizer erschienen. Die sieben Eigenkompositionen Sladeks sind sowohl von ihrem Gehalt, wie auch formal sehr unterschiedlich. Wirkt beispielsweise das entspannt-heitere \u201eInner Peace\u201c mit viel Fingerschnippen, rhythmischem Backgroundgesang und H\u00e4ndeklatschen wie eine raue, improvisierte Bobby McFerrinsche Reinkarnation, hebt hinter der Himmelspforte \u2013 \u201eHeavens Gate\u201c \u2013 der 2017 verstorbene Al Jarreau vergn\u00fcgt lachend beide Daumen. Nun ist es keineswegs so, dass hier ein Epigonenalbum entstanden ist, aber die beiden Vokalk\u00fcnstler sind nun mal die Referenzpunkte, wenn es um Jazzgesang und Vokaltechniken geht. Und davon beherrscht der 26-j\u00e4hrige M\u00fcnchner, der wie seine Mitmusiker an der dortigen &hellip;<\/p>\n","protected":false},"author":18,"featured_media":24454,"comment_status":"open","ping_status":"closed","sticky":false,"template":"","format":"standard","meta":{"_jetpack_memberships_contains_paid_content":false,"footnotes":"","jetpack_publicize_message":"","jetpack_publicize_feature_enabled":true,"jetpack_social_post_already_shared":false,"jetpack_social_options":{"image_generator_settings":{"template":"highway","default_image_id":0,"font":"","enabled":false},"version":2}},"categories":[1152],"tags":[878,34,73,99,109,137,1422,245,2837,1582,1542,291,387,1965,2139,1564,2155],"coauthors":[695],"class_list":["post-24453","post","type-post","status-publish","format-standard","has-post-thumbnail","hentry","category-rezension","tag-al-jarreau","tag-album","tag-bigband","tag-bujazzo","tag-cd","tag-deutschland","tag-gesang","tag-interview-2","tag-jazzgesang","tag-jazzrausch","tag-jazzrausch-bigband","tag-jazzweekend","tag-michael-scheiner","tag-quartett","tag-s","tag-schlagzeug","tag-unit"],"yoast_head":"<!-- This site is optimized with the Yoast SEO plugin v27.5 - https:\/\/yoast.com\/product\/yoast-seo-wordpress\/ -->\n<title>Neue CD von Kilian Sladek: Von \u201eInner Peace\u201c bis Tschernobyl\u00a0 \u00a0 - JazzZeitung<\/title>\n<meta name=\"robots\" content=\"index, follow, max-snippet:-1, max-image-preview:large, max-video-preview:-1\" \/>\n<link rel=\"canonical\" href=\"https:\/\/www.jazzzeitung.de\/cms\/2021\/03\/neue-cd-von-kilian-sladek-von-inner-peace-bis-tschernobyl\/\" \/>\n<meta property=\"og:locale\" content=\"de_DE\" \/>\n<meta property=\"og:type\" content=\"article\" \/>\n<meta property=\"og:title\" content=\"Neue CD von Kilian Sladek: Von \u201eInner Peace\u201c bis Tschernobyl\u00a0 \u00a0 - JazzZeitung\" \/>\n<meta property=\"og:description\" content=\"Man muss schon ein wenig st\u00f6bern \u2013 heutzutage nat\u00fcrlich ziemlich einfach \u2013 um dahinter zu kommen, was der M\u00fcnchner S\u00e4nger und Komponist Kilian Sladek mit dem Albumtitel ausdr\u00fccken will. \u201eSyllabulism\u201c liegt phonetisch nahe beim Wortbestandteil Silbe und beschreibt mit dem anglisierten Nomen den silbenweisen \u2013 syllabisch(en) \u2013 Gesang \u00fcber den Notenwerten eines Chorals oder Liedes. Silben in Form von textlosem Gesang pr\u00e4gen das\u00a0 Deb\u00fctalbum, das Sladek mit seinem jungen Quartett mit Hilfe einer Fundraising-Aktion auf Startnext (Unit Records) auf die Beine gestellt hat. Zuvor ist lediglich eine EP des Quartetts als quasi Appetizer erschienen. Die sieben Eigenkompositionen Sladeks sind sowohl von ihrem Gehalt, wie auch formal sehr unterschiedlich. Wirkt beispielsweise das entspannt-heitere \u201eInner Peace\u201c mit viel Fingerschnippen, rhythmischem Backgroundgesang und H\u00e4ndeklatschen wie eine raue, improvisierte Bobby McFerrinsche Reinkarnation, hebt hinter der Himmelspforte \u2013 \u201eHeavens Gate\u201c \u2013 der 2017 verstorbene Al Jarreau vergn\u00fcgt lachend beide Daumen. Nun ist es keineswegs so, dass hier ein Epigonenalbum entstanden ist, aber die beiden Vokalk\u00fcnstler sind nun mal die Referenzpunkte, wenn es um Jazzgesang und Vokaltechniken geht. Und davon beherrscht der 26-j\u00e4hrige M\u00fcnchner, der wie seine Mitmusiker an der dortigen &hellip;\" \/>\n<meta property=\"og:url\" content=\"https:\/\/www.jazzzeitung.de\/cms\/2021\/03\/neue-cd-von-kilian-sladek-von-inner-peace-bis-tschernobyl\/\" \/>\n<meta property=\"og:site_name\" content=\"JazzZeitung\" \/>\n<meta property=\"article:publisher\" content=\"https:\/\/www.facebook.com\/JazzZeitung\/\" \/>\n<meta property=\"article:published_time\" content=\"2021-03-02T07:13:52+00:00\" \/>\n<meta property=\"og:image\" content=\"https:\/\/i0.wp.com\/www.jazzzeitung.de\/cms\/wp-content\/uploads\/2021\/03\/2020_KSL_SYL_Cover_3000x3000-scaled.jpg?fit=2560%2C2560&ssl=1\" \/>\n\t<meta property=\"og:image:width\" content=\"2560\" \/>\n\t<meta property=\"og:image:height\" content=\"2560\" \/>\n\t<meta property=\"og:image:type\" content=\"image\/jpeg\" \/>\n<meta name=\"author\" content=\"Redaktion JazzZeitung\" \/>\n<script type=\"application\/ld+json\" class=\"yoast-schema-graph\">{\"@context\":\"https:\\\/\\\/schema.org\",\"@graph\":[{\"@type\":\"Article\",\"@id\":\"https:\\\/\\\/www.jazzzeitung.de\\\/cms\\\/2021\\\/03\\\/neue-cd-von-kilian-sladek-von-inner-peace-bis-tschernobyl\\\/#article\",\"isPartOf\":{\"@id\":\"https:\\\/\\\/www.jazzzeitung.de\\\/cms\\\/2021\\\/03\\\/neue-cd-von-kilian-sladek-von-inner-peace-bis-tschernobyl\\\/\"},\"author\":{\"name\":\"Redaktion JazzZeitung\",\"@id\":\"https:\\\/\\\/www.jazzzeitung.de\\\/cms\\\/#\\\/schema\\\/person\\\/2245b36b9cd1d24cea10f01c031fb92b\"},\"headline\":\"Neue CD von Kilian Sladek: Von \u201eInner Peace\u201c bis Tschernobyl\u00a0 \u00a0\",\"datePublished\":\"2021-03-02T07:13:52+00:00\",\"mainEntityOfPage\":{\"@id\":\"https:\\\/\\\/www.jazzzeitung.de\\\/cms\\\/2021\\\/03\\\/neue-cd-von-kilian-sladek-von-inner-peace-bis-tschernobyl\\\/\"},\"wordCount\":604,\"commentCount\":0,\"publisher\":{\"@id\":\"https:\\\/\\\/www.jazzzeitung.de\\\/cms\\\/#organization\"},\"image\":{\"@id\":\"https:\\\/\\\/www.jazzzeitung.de\\\/cms\\\/2021\\\/03\\\/neue-cd-von-kilian-sladek-von-inner-peace-bis-tschernobyl\\\/#primaryimage\"},\"thumbnailUrl\":\"https:\\\/\\\/i0.wp.com\\\/www.jazzzeitung.de\\\/cms\\\/wp-content\\\/uploads\\\/2021\\\/03\\\/2020_KSL_SYL_Cover_3000x3000-scaled.jpg?fit=2560%2C2560&ssl=1\",\"keywords\":[\"Al Jarreau\",\"Album\",\"Bigband\",\"Bujazzo\",\"CD\",\"Deutschland\",\"Gesang\",\"Interview\",\"Jazzgesang\",\"Jazzrausch\",\"Jazzrausch Bigband\",\"Jazzweekend\",\"Michael Scheiner\",\"Quartett\",\"S\",\"Schlagzeug\",\"Unit\"],\"articleSection\":[\"Rezension\"],\"inLanguage\":\"de\",\"potentialAction\":[{\"@type\":\"CommentAction\",\"name\":\"Comment\",\"target\":[\"https:\\\/\\\/www.jazzzeitung.de\\\/cms\\\/2021\\\/03\\\/neue-cd-von-kilian-sladek-von-inner-peace-bis-tschernobyl\\\/#respond\"]}]},{\"@type\":\"WebPage\",\"@id\":\"https:\\\/\\\/www.jazzzeitung.de\\\/cms\\\/2021\\\/03\\\/neue-cd-von-kilian-sladek-von-inner-peace-bis-tschernobyl\\\/\",\"url\":\"https:\\\/\\\/www.jazzzeitung.de\\\/cms\\\/2021\\\/03\\\/neue-cd-von-kilian-sladek-von-inner-peace-bis-tschernobyl\\\/\",\"name\":\"Neue CD von Kilian Sladek: Von \u201eInner Peace\u201c bis Tschernobyl\u00a0 \u00a0 - JazzZeitung\",\"isPartOf\":{\"@id\":\"https:\\\/\\\/www.jazzzeitung.de\\\/cms\\\/#website\"},\"primaryImageOfPage\":{\"@id\":\"https:\\\/\\\/www.jazzzeitung.de\\\/cms\\\/2021\\\/03\\\/neue-cd-von-kilian-sladek-von-inner-peace-bis-tschernobyl\\\/#primaryimage\"},\"image\":{\"@id\":\"https:\\\/\\\/www.jazzzeitung.de\\\/cms\\\/2021\\\/03\\\/neue-cd-von-kilian-sladek-von-inner-peace-bis-tschernobyl\\\/#primaryimage\"},\"thumbnailUrl\":\"https:\\\/\\\/i0.wp.com\\\/www.jazzzeitung.de\\\/cms\\\/wp-content\\\/uploads\\\/2021\\\/03\\\/2020_KSL_SYL_Cover_3000x3000-scaled.jpg?fit=2560%2C2560&ssl=1\",\"datePublished\":\"2021-03-02T07:13:52+00:00\",\"breadcrumb\":{\"@id\":\"https:\\\/\\\/www.jazzzeitung.de\\\/cms\\\/2021\\\/03\\\/neue-cd-von-kilian-sladek-von-inner-peace-bis-tschernobyl\\\/#breadcrumb\"},\"inLanguage\":\"de\",\"potentialAction\":[{\"@type\":\"ReadAction\",\"target\":[\"https:\\\/\\\/www.jazzzeitung.de\\\/cms\\\/2021\\\/03\\\/neue-cd-von-kilian-sladek-von-inner-peace-bis-tschernobyl\\\/\"]}]},{\"@type\":\"ImageObject\",\"inLanguage\":\"de\",\"@id\":\"https:\\\/\\\/www.jazzzeitung.de\\\/cms\\\/2021\\\/03\\\/neue-cd-von-kilian-sladek-von-inner-peace-bis-tschernobyl\\\/#primaryimage\",\"url\":\"https:\\\/\\\/i0.wp.com\\\/www.jazzzeitung.de\\\/cms\\\/wp-content\\\/uploads\\\/2021\\\/03\\\/2020_KSL_SYL_Cover_3000x3000-scaled.jpg?fit=2560%2C2560&ssl=1\",\"contentUrl\":\"https:\\\/\\\/i0.wp.com\\\/www.jazzzeitung.de\\\/cms\\\/wp-content\\\/uploads\\\/2021\\\/03\\\/2020_KSL_SYL_Cover_3000x3000-scaled.jpg?fit=2560%2C2560&ssl=1\",\"width\":2560,\"height\":2560},{\"@type\":\"BreadcrumbList\",\"@id\":\"https:\\\/\\\/www.jazzzeitung.de\\\/cms\\\/2021\\\/03\\\/neue-cd-von-kilian-sladek-von-inner-peace-bis-tschernobyl\\\/#breadcrumb\",\"itemListElement\":[{\"@type\":\"ListItem\",\"position\":1,\"name\":\"Startseite\",\"item\":\"https:\\\/\\\/www.jazzzeitung.de\\\/cms\\\/\"},{\"@type\":\"ListItem\",\"position\":2,\"name\":\"Neue CD von Kilian Sladek: Von \u201eInner Peace\u201c bis Tschernobyl\u00a0 \u00a0\"}]},{\"@type\":\"WebSite\",\"@id\":\"https:\\\/\\\/www.jazzzeitung.de\\\/cms\\\/#website\",\"url\":\"https:\\\/\\\/www.jazzzeitung.de\\\/cms\\\/\",\"name\":\"JazzZeitung\",\"description\":\"Jazz-News und Jazz-Kontroverses\",\"publisher\":{\"@id\":\"https:\\\/\\\/www.jazzzeitung.de\\\/cms\\\/#organization\"},\"potentialAction\":[{\"@type\":\"SearchAction\",\"target\":{\"@type\":\"EntryPoint\",\"urlTemplate\":\"https:\\\/\\\/www.jazzzeitung.de\\\/cms\\\/?s={search_term_string}\"},\"query-input\":{\"@type\":\"PropertyValueSpecification\",\"valueRequired\":true,\"valueName\":\"search_term_string\"}}],\"inLanguage\":\"de\"},{\"@type\":\"Organization\",\"@id\":\"https:\\\/\\\/www.jazzzeitung.de\\\/cms\\\/#organization\",\"name\":\"JazzZeitung online\",\"url\":\"https:\\\/\\\/www.jazzzeitung.de\\\/cms\\\/\",\"logo\":{\"@type\":\"ImageObject\",\"inLanguage\":\"de\",\"@id\":\"https:\\\/\\\/www.jazzzeitung.de\\\/cms\\\/#\\\/schema\\\/logo\\\/image\\\/\",\"url\":\"https:\\\/\\\/i0.wp.com\\\/www.jazzzeitung.de\\\/cms\\\/wp-content\\\/uploads\\\/2015\\\/08\\\/JAZZZEITUNGDE_Logo_Neu.png?fit=499%2C200&ssl=1\",\"contentUrl\":\"https:\\\/\\\/i0.wp.com\\\/www.jazzzeitung.de\\\/cms\\\/wp-content\\\/uploads\\\/2015\\\/08\\\/JAZZZEITUNGDE_Logo_Neu.png?fit=499%2C200&ssl=1\",\"width\":499,\"height\":200,\"caption\":\"JazzZeitung online\"},\"image\":{\"@id\":\"https:\\\/\\\/www.jazzzeitung.de\\\/cms\\\/#\\\/schema\\\/logo\\\/image\\\/\"},\"sameAs\":[\"https:\\\/\\\/www.facebook.com\\\/JazzZeitung\\\/\"]},{\"@type\":\"Person\",\"@id\":\"https:\\\/\\\/www.jazzzeitung.de\\\/cms\\\/#\\\/schema\\\/person\\\/2245b36b9cd1d24cea10f01c031fb92b\",\"name\":\"Redaktion JazzZeitung\",\"image\":{\"@type\":\"ImageObject\",\"inLanguage\":\"de\",\"@id\":\"https:\\\/\\\/i0.wp.com\\\/www.jazzzeitung.de\\\/cms\\\/wp-content\\\/uploads\\\/2015\\\/08\\\/JAZZZEITUNGDE_Logo_Neu.png?resize=96%2C96&ssl=159975dcacb611b5700bd619b5daf0a7a\",\"url\":\"https:\\\/\\\/i0.wp.com\\\/www.jazzzeitung.de\\\/cms\\\/wp-content\\\/uploads\\\/2015\\\/08\\\/JAZZZEITUNGDE_Logo_Neu.png?resize=96%2C96&ssl=1\",\"contentUrl\":\"https:\\\/\\\/i0.wp.com\\\/www.jazzzeitung.de\\\/cms\\\/wp-content\\\/uploads\\\/2015\\\/08\\\/JAZZZEITUNGDE_Logo_Neu.png?resize=96%2C96&ssl=1\",\"caption\":\"Redaktion JazzZeitung\"},\"description\":\"Artikel der Redaktion der JazzZeitung.\",\"sameAs\":[\"http:\\\/\\\/www.jazzzeitung.de\\\/cms\\\/\"],\"url\":\"https:\\\/\\\/www.jazzzeitung.de\\\/cms\\\/author\\\/redaktion\\\/\"}]}<\/script>\n<!-- \/ Yoast SEO plugin. -->","yoast_head_json":{"title":"Neue CD von Kilian Sladek: Von \u201eInner Peace\u201c bis Tschernobyl\u00a0 \u00a0 - JazzZeitung","robots":{"index":"index","follow":"follow","max-snippet":"max-snippet:-1","max-image-preview":"max-image-preview:large","max-video-preview":"max-video-preview:-1"},"canonical":"https:\/\/www.jazzzeitung.de\/cms\/2021\/03\/neue-cd-von-kilian-sladek-von-inner-peace-bis-tschernobyl\/","og_locale":"de_DE","og_type":"article","og_title":"Neue CD von Kilian Sladek: Von \u201eInner Peace\u201c bis Tschernobyl\u00a0 \u00a0 - JazzZeitung","og_description":"Man muss schon ein wenig st\u00f6bern \u2013 heutzutage nat\u00fcrlich ziemlich einfach \u2013 um dahinter zu kommen, was der M\u00fcnchner S\u00e4nger und Komponist Kilian Sladek mit dem Albumtitel ausdr\u00fccken will. \u201eSyllabulism\u201c liegt phonetisch nahe beim Wortbestandteil Silbe und beschreibt mit dem anglisierten Nomen den silbenweisen \u2013 syllabisch(en) \u2013 Gesang \u00fcber den Notenwerten eines Chorals oder Liedes. Silben in Form von textlosem Gesang pr\u00e4gen das\u00a0 Deb\u00fctalbum, das Sladek mit seinem jungen Quartett mit Hilfe einer Fundraising-Aktion auf Startnext (Unit Records) auf die Beine gestellt hat. Zuvor ist lediglich eine EP des Quartetts als quasi Appetizer erschienen. Die sieben Eigenkompositionen Sladeks sind sowohl von ihrem Gehalt, wie auch formal sehr unterschiedlich. Wirkt beispielsweise das entspannt-heitere \u201eInner Peace\u201c mit viel Fingerschnippen, rhythmischem Backgroundgesang und H\u00e4ndeklatschen wie eine raue, improvisierte Bobby McFerrinsche Reinkarnation, hebt hinter der Himmelspforte \u2013 \u201eHeavens Gate\u201c \u2013 der 2017 verstorbene Al Jarreau vergn\u00fcgt lachend beide Daumen. Nun ist es keineswegs so, dass hier ein Epigonenalbum entstanden ist, aber die beiden Vokalk\u00fcnstler sind nun mal die Referenzpunkte, wenn es um Jazzgesang und Vokaltechniken geht. Und davon beherrscht der 26-j\u00e4hrige M\u00fcnchner, der wie seine Mitmusiker an der dortigen &hellip;","og_url":"https:\/\/www.jazzzeitung.de\/cms\/2021\/03\/neue-cd-von-kilian-sladek-von-inner-peace-bis-tschernobyl\/","og_site_name":"JazzZeitung","article_publisher":"https:\/\/www.facebook.com\/JazzZeitung\/","article_published_time":"2021-03-02T07:13:52+00:00","og_image":[{"width":2560,"height":2560,"url":"https:\/\/i0.wp.com\/www.jazzzeitung.de\/cms\/wp-content\/uploads\/2021\/03\/2020_KSL_SYL_Cover_3000x3000-scaled.jpg?fit=2560%2C2560&ssl=1","type":"image\/jpeg"}],"author":"Redaktion JazzZeitung","schema":{"@context":"https:\/\/schema.org","@graph":[{"@type":"Article","@id":"https:\/\/www.jazzzeitung.de\/cms\/2021\/03\/neue-cd-von-kilian-sladek-von-inner-peace-bis-tschernobyl\/#article","isPartOf":{"@id":"https:\/\/www.jazzzeitung.de\/cms\/2021\/03\/neue-cd-von-kilian-sladek-von-inner-peace-bis-tschernobyl\/"},"author":{"name":"Redaktion JazzZeitung","@id":"https:\/\/www.jazzzeitung.de\/cms\/#\/schema\/person\/2245b36b9cd1d24cea10f01c031fb92b"},"headline":"Neue CD von Kilian Sladek: Von \u201eInner Peace\u201c bis Tschernobyl\u00a0 \u00a0","datePublished":"2021-03-02T07:13:52+00:00","mainEntityOfPage":{"@id":"https:\/\/www.jazzzeitung.de\/cms\/2021\/03\/neue-cd-von-kilian-sladek-von-inner-peace-bis-tschernobyl\/"},"wordCount":604,"commentCount":0,"publisher":{"@id":"https:\/\/www.jazzzeitung.de\/cms\/#organization"},"image":{"@id":"https:\/\/www.jazzzeitung.de\/cms\/2021\/03\/neue-cd-von-kilian-sladek-von-inner-peace-bis-tschernobyl\/#primaryimage"},"thumbnailUrl":"https:\/\/i0.wp.com\/www.jazzzeitung.de\/cms\/wp-content\/uploads\/2021\/03\/2020_KSL_SYL_Cover_3000x3000-scaled.jpg?fit=2560%2C2560&ssl=1","keywords":["Al Jarreau","Album","Bigband","Bujazzo","CD","Deutschland","Gesang","Interview","Jazzgesang","Jazzrausch","Jazzrausch Bigband","Jazzweekend","Michael Scheiner","Quartett","S","Schlagzeug","Unit"],"articleSection":["Rezension"],"inLanguage":"de","potentialAction":[{"@type":"CommentAction","name":"Comment","target":["https:\/\/www.jazzzeitung.de\/cms\/2021\/03\/neue-cd-von-kilian-sladek-von-inner-peace-bis-tschernobyl\/#respond"]}]},{"@type":"WebPage","@id":"https:\/\/www.jazzzeitung.de\/cms\/2021\/03\/neue-cd-von-kilian-sladek-von-inner-peace-bis-tschernobyl\/","url":"https:\/\/www.jazzzeitung.de\/cms\/2021\/03\/neue-cd-von-kilian-sladek-von-inner-peace-bis-tschernobyl\/","name":"Neue CD von Kilian Sladek: Von \u201eInner Peace\u201c bis Tschernobyl\u00a0 \u00a0 - JazzZeitung","isPartOf":{"@id":"https:\/\/www.jazzzeitung.de\/cms\/#website"},"primaryImageOfPage":{"@id":"https:\/\/www.jazzzeitung.de\/cms\/2021\/03\/neue-cd-von-kilian-sladek-von-inner-peace-bis-tschernobyl\/#primaryimage"},"image":{"@id":"https:\/\/www.jazzzeitung.de\/cms\/2021\/03\/neue-cd-von-kilian-sladek-von-inner-peace-bis-tschernobyl\/#primaryimage"},"thumbnailUrl":"https:\/\/i0.wp.com\/www.jazzzeitung.de\/cms\/wp-content\/uploads\/2021\/03\/2020_KSL_SYL_Cover_3000x3000-scaled.jpg?fit=2560%2C2560&ssl=1","datePublished":"2021-03-02T07:13:52+00:00","breadcrumb":{"@id":"https:\/\/www.jazzzeitung.de\/cms\/2021\/03\/neue-cd-von-kilian-sladek-von-inner-peace-bis-tschernobyl\/#breadcrumb"},"inLanguage":"de","potentialAction":[{"@type":"ReadAction","target":["https:\/\/www.jazzzeitung.de\/cms\/2021\/03\/neue-cd-von-kilian-sladek-von-inner-peace-bis-tschernobyl\/"]}]},{"@type":"ImageObject","inLanguage":"de","@id":"https:\/\/www.jazzzeitung.de\/cms\/2021\/03\/neue-cd-von-kilian-sladek-von-inner-peace-bis-tschernobyl\/#primaryimage","url":"https:\/\/i0.wp.com\/www.jazzzeitung.de\/cms\/wp-content\/uploads\/2021\/03\/2020_KSL_SYL_Cover_3000x3000-scaled.jpg?fit=2560%2C2560&ssl=1","contentUrl":"https:\/\/i0.wp.com\/www.jazzzeitung.de\/cms\/wp-content\/uploads\/2021\/03\/2020_KSL_SYL_Cover_3000x3000-scaled.jpg?fit=2560%2C2560&ssl=1","width":2560,"height":2560},{"@type":"BreadcrumbList","@id":"https:\/\/www.jazzzeitung.de\/cms\/2021\/03\/neue-cd-von-kilian-sladek-von-inner-peace-bis-tschernobyl\/#breadcrumb","itemListElement":[{"@type":"ListItem","position":1,"name":"Startseite","item":"https:\/\/www.jazzzeitung.de\/cms\/"},{"@type":"ListItem","position":2,"name":"Neue CD von Kilian Sladek: Von \u201eInner Peace\u201c bis Tschernobyl\u00a0 \u00a0"}]},{"@type":"WebSite","@id":"https:\/\/www.jazzzeitung.de\/cms\/#website","url":"https:\/\/www.jazzzeitung.de\/cms\/","name":"JazzZeitung","description":"Jazz-News und Jazz-Kontroverses","publisher":{"@id":"https:\/\/www.jazzzeitung.de\/cms\/#organization"},"potentialAction":[{"@type":"SearchAction","target":{"@type":"EntryPoint","urlTemplate":"https:\/\/www.jazzzeitung.de\/cms\/?s={search_term_string}"},"query-input":{"@type":"PropertyValueSpecification","valueRequired":true,"valueName":"search_term_string"}}],"inLanguage":"de"},{"@type":"Organization","@id":"https:\/\/www.jazzzeitung.de\/cms\/#organization","name":"JazzZeitung online","url":"https:\/\/www.jazzzeitung.de\/cms\/","logo":{"@type":"ImageObject","inLanguage":"de","@id":"https:\/\/www.jazzzeitung.de\/cms\/#\/schema\/logo\/image\/","url":"https:\/\/i0.wp.com\/www.jazzzeitung.de\/cms\/wp-content\/uploads\/2015\/08\/JAZZZEITUNGDE_Logo_Neu.png?fit=499%2C200&ssl=1","contentUrl":"https:\/\/i0.wp.com\/www.jazzzeitung.de\/cms\/wp-content\/uploads\/2015\/08\/JAZZZEITUNGDE_Logo_Neu.png?fit=499%2C200&ssl=1","width":499,"height":200,"caption":"JazzZeitung online"},"image":{"@id":"https:\/\/www.jazzzeitung.de\/cms\/#\/schema\/logo\/image\/"},"sameAs":["https:\/\/www.facebook.com\/JazzZeitung\/"]},{"@type":"Person","@id":"https:\/\/www.jazzzeitung.de\/cms\/#\/schema\/person\/2245b36b9cd1d24cea10f01c031fb92b","name":"Redaktion JazzZeitung","image":{"@type":"ImageObject","inLanguage":"de","@id":"https:\/\/i0.wp.com\/www.jazzzeitung.de\/cms\/wp-content\/uploads\/2015\/08\/JAZZZEITUNGDE_Logo_Neu.png?resize=96%2C96&ssl=159975dcacb611b5700bd619b5daf0a7a","url":"https:\/\/i0.wp.com\/www.jazzzeitung.de\/cms\/wp-content\/uploads\/2015\/08\/JAZZZEITUNGDE_Logo_Neu.png?resize=96%2C96&ssl=1","contentUrl":"https:\/\/i0.wp.com\/www.jazzzeitung.de\/cms\/wp-content\/uploads\/2015\/08\/JAZZZEITUNGDE_Logo_Neu.png?resize=96%2C96&ssl=1","caption":"Redaktion JazzZeitung"},"description":"Artikel der Redaktion der JazzZeitung.","sameAs":["http:\/\/www.jazzzeitung.de\/cms\/"],"url":"https:\/\/www.jazzzeitung.de\/cms\/author\/redaktion\/"}]}},"wp-worthy-pixel":{"ignored":false,"public":null,"server":null,"url":null},"wp-worthy-type":"normal","jetpack_publicize_connections":[],"cc_featured_image_caption":{"caption_text":"","source_text":"","source_url":""},"jetpack_featured_media_url":"https:\/\/i0.wp.com\/www.jazzzeitung.de\/cms\/wp-content\/uploads\/2021\/03\/2020_KSL_SYL_Cover_3000x3000-scaled.jpg?fit=2560%2C2560&ssl=1","jetpack_shortlink":"https:\/\/wp.me\/p3KEcT-6mp","jetpack-related-posts":[{"id":30439,"url":"https:\/\/www.jazzzeitung.de\/cms\/2023\/12\/alle-jahre-wieder-weihnachtskonzert-der-jazzrausch-bigband-und-der-muenchner-symphoniker\/","url_meta":{"origin":24453,"position":0},"title":"Alle Jahre wieder \u2013 Weihnachtskonzert der Jazzrausch-Bigband und der M\u00fcnchner Symphoniker","author":"Redaktion JazzZeitung","date":"30. Dezember 2023","format":false,"excerpt":"Alle Jahre wieder... kommt nicht nur das Christuskind, sondern auch die Jazzrausch-Bigband. N\u00e4mlich zu swingenden Weihnachtskonzerten. Und das von Anfang an, seit ihrer Gr\u00fcndung 2014, und mittlerweile auch deutschlandweit. Der so umtriebige wie gesch\u00e4ftst\u00fcchtige Band-Gr\u00fcnder und -Leiter Roman Sladek ist mit seinem Weihnachts-Projekt auch beim weihnachtsaffinen Label ACT auf offene\u2026","rel":"","context":"In &quot;Bericht&quot;","block_context":{"text":"Bericht","link":"https:\/\/www.jazzzeitung.de\/cms\/thema\/bericht\/"},"img":{"alt_text":"","src":"https:\/\/i0.wp.com\/www.jazzzeitung.de\/cms\/wp-content\/uploads\/2023\/12\/JRBBMSymphoniker%C2%A9Godehard.Lutz%40bayern-mail.de_20231216_190017A-scaled.jpg?fit=1200%2C900&ssl=1&resize=350%2C200","width":350,"height":200,"srcset":"https:\/\/i0.wp.com\/www.jazzzeitung.de\/cms\/wp-content\/uploads\/2023\/12\/JRBBMSymphoniker%C2%A9Godehard.Lutz%40bayern-mail.de_20231216_190017A-scaled.jpg?fit=1200%2C900&ssl=1&resize=350%2C200 1x, https:\/\/i0.wp.com\/www.jazzzeitung.de\/cms\/wp-content\/uploads\/2023\/12\/JRBBMSymphoniker%C2%A9Godehard.Lutz%40bayern-mail.de_20231216_190017A-scaled.jpg?fit=1200%2C900&ssl=1&resize=525%2C300 1.5x, https:\/\/i0.wp.com\/www.jazzzeitung.de\/cms\/wp-content\/uploads\/2023\/12\/JRBBMSymphoniker%C2%A9Godehard.Lutz%40bayern-mail.de_20231216_190017A-scaled.jpg?fit=1200%2C900&ssl=1&resize=700%2C400 2x, https:\/\/i0.wp.com\/www.jazzzeitung.de\/cms\/wp-content\/uploads\/2023\/12\/JRBBMSymphoniker%C2%A9Godehard.Lutz%40bayern-mail.de_20231216_190017A-scaled.jpg?fit=1200%2C900&ssl=1&resize=1050%2C600 3x"},"classes":[]},{"id":13235,"url":"https:\/\/www.jazzzeitung.de\/cms\/2017\/08\/bmw-welt-young-artist-jazz-award-bringt-roman-sladek-zweimal-auf-die-buehnen-des-landes\/","url_meta":{"origin":24453,"position":1},"title":"BMW Welt Young Artist Jazz Award bringt Roman Sladek zweimal auf die B\u00fchnen des Landes","author":"Redaktion JazzZeitung","date":"9. August 2017","format":false,"excerpt":"Leipzig\/M\u00fcnchen. Roman Sladek, Preistr\u00e4ger des BMW Welt Young Artist Jazz Award 2017, wird als Teil des Preises am 14. Oktober im Werk 2 w\u00e4hrend der Leipziger Jazztage und am 23. Oktober im M\u00fcnchner Jazzclub Unterfahrt mit der Jazzrausch Bigband auftreten. Dar\u00fcber hinaus erh\u00e4lt das Nachwuchstalent 3.000 Euro als Preisgeld. Ausgew\u00e4hlt\u2026","rel":"","context":"In &quot;News&quot;","block_context":{"text":"News","link":"https:\/\/www.jazzzeitung.de\/cms\/thema\/nachrichten\/"},"img":{"alt_text":"","src":"https:\/\/i0.wp.com\/www.jazzzeitung.de\/cms\/wp-content\/uploads\/2017\/06\/Sladek-Roman_52-150x150.jpg?resize=350%2C200&ssl=1","width":350,"height":200},"classes":[]},{"id":12667,"url":"https:\/\/www.jazzzeitung.de\/cms\/2017\/06\/roman-sladek-ist-preistraeger-des-bmw-welt-young-artist-jazz-award\/","url_meta":{"origin":24453,"position":2},"title":"Roman Sladek ist Preistr\u00e4ger des BMW Welt Young Artist Jazz Award","author":"Redaktion JazzZeitung","date":"14. Juni 2017","format":false,"excerpt":"In seinem zweiten Jahr ehrt der BMW Welt Young Artist Jazz Award den Posaunisten Roman Sladek. Seit 2016 k\u00fcrt die renommierte Jury des BMW Welt Jazz Award gezielt einmal im Jahr Nachwuchstalente aus dem Raum M\u00fcnchen. Die BMW AG und die Stadt M\u00fcnchen stiften neben den Konzerten im M\u00fcnchner Jazzclub\u2026","rel":"","context":"In &quot;News&quot;","block_context":{"text":"News","link":"https:\/\/www.jazzzeitung.de\/cms\/thema\/nachrichten\/"},"img":{"alt_text":"","src":"https:\/\/i0.wp.com\/www.jazzzeitung.de\/cms\/wp-content\/uploads\/2017\/06\/roman-150x150.jpg?resize=350%2C200&ssl=1","width":350,"height":200},"classes":[]},{"id":12815,"url":"https:\/\/www.jazzzeitung.de\/cms\/2017\/06\/musikalisches-elmsfeuer-auf-dem-technobeat\/","url_meta":{"origin":24453,"position":3},"title":"Musikalisches Elmsfeuer auf dem Technobeat","author":"Redaktion JazzZeitung","date":"30. Juni 2017","format":false,"excerpt":"Einer w\u00e4re wohl innerlich angewidert davongezogen. Mehr als hundert andere dagegen \u00fcberliessen sich lustvoll den harten Technobeats, mit denen die M\u00fcnchner Jazzrausch Bigband das Degginger in heftige Schwingungen versetzte. Der verstorbene Richard Wiedamann, eine Autorit\u00e4t in Sachen Jazz, sprach dem in den 90er Jahren aufgekommenen Techno und House jegliche Musikalit\u00e4t\u2026","rel":"","context":"In &quot;Bericht&quot;","block_context":{"text":"Bericht","link":"https:\/\/www.jazzzeitung.de\/cms\/thema\/bericht\/"},"img":{"alt_text":"","src":"https:\/\/i0.wp.com\/www.jazzzeitung.de\/cms\/wp-content\/uploads\/2017\/06\/Sladek-Roman_52-300x201.jpg?resize=350%2C200&ssl=1","width":350,"height":200},"classes":[]},{"id":18374,"url":"https:\/\/www.jazzzeitung.de\/cms\/2019\/01\/news-auftakt-des-bmw-welt-jazz-award-2019-in-muenchen\/","url_meta":{"origin":24453,"position":4},"title":"Auftakt des BMW Welt Jazz Award 2019 mit Jazzrausch-Techno","author":"Redaktion JazzZeitung","date":"18. Januar 2019","format":false,"excerpt":"M\u00fcnchen im Jazzrausch Mit einer ausgelassenen Tanzparty angefeuert von der Jazzrausch Bigband wurde am Donnerstag der Auftakt des BMW Welt Jazz Award 2019 gefeiert. Durch den Abend f\u00fchrten BR-Moderatorin Beate Sampson und Roman Sladek, Gewinner des BMW Welt Young Artist Jazz Award 2017. Jazzrausch begeisterte mit dem Programm \u201eDancing Wittgenstein\u201c,\u2026","rel":"","context":"In &quot;News&quot;","block_context":{"text":"News","link":"https:\/\/www.jazzzeitung.de\/cms\/thema\/nachrichten\/"},"img":{"alt_text":"","src":"https:\/\/i0.wp.com\/www.jazzzeitung.de\/cms\/wp-content\/uploads\/2019\/01\/JRBB-%40-BMW-Foto-TJ-Krebs-jazzphotoagency%40web.de_.jpg?fit=1200%2C800&ssl=1&resize=350%2C200","width":350,"height":200,"srcset":"https:\/\/i0.wp.com\/www.jazzzeitung.de\/cms\/wp-content\/uploads\/2019\/01\/JRBB-%40-BMW-Foto-TJ-Krebs-jazzphotoagency%40web.de_.jpg?fit=1200%2C800&ssl=1&resize=350%2C200 1x, https:\/\/i0.wp.com\/www.jazzzeitung.de\/cms\/wp-content\/uploads\/2019\/01\/JRBB-%40-BMW-Foto-TJ-Krebs-jazzphotoagency%40web.de_.jpg?fit=1200%2C800&ssl=1&resize=525%2C300 1.5x, https:\/\/i0.wp.com\/www.jazzzeitung.de\/cms\/wp-content\/uploads\/2019\/01\/JRBB-%40-BMW-Foto-TJ-Krebs-jazzphotoagency%40web.de_.jpg?fit=1200%2C800&ssl=1&resize=700%2C400 2x, https:\/\/i0.wp.com\/www.jazzzeitung.de\/cms\/wp-content\/uploads\/2019\/01\/JRBB-%40-BMW-Foto-TJ-Krebs-jazzphotoagency%40web.de_.jpg?fit=1200%2C800&ssl=1&resize=1050%2C600 3x"},"classes":[]},{"id":25309,"url":"https:\/\/www.jazzzeitung.de\/cms\/2021\/08\/nicht-nur-fuer-bauch-beine-po-muenchner-band-jazzrausch-waehrend-deutschlandtour-zu-gast-in-regensburg\/","url_meta":{"origin":24453,"position":5},"title":"Nicht nur f\u00fcr Bauch, Beine, Po &#8211; M\u00fcnchner Band Jazzrausch w\u00e4hrend Deutschlandtour zu Gast in Regensburg","author":"Andreas Kolb","date":"6. August 2021","format":false,"excerpt":"Es gibt Musik im 4\/4-Takt, im 3\/4-Takt und im Jazz auch gerne balkanesk-angehauchte 5\/4- oder 7\/8-Takte. Die Jazzrausch Bigband l\u00e4sst alle diese M\u00f6glichkeiten links liegen und hat sich von Beginn an spezialisiert auf den 1\/1-Takt, sprich auf Techno-Grooves. Auf stupide Beats per minutes l\u00e4sst sich diese Formation aber nicht herunterrechnen.\u2026","rel":"","context":"In &quot;Bericht&quot;","block_context":{"text":"Bericht","link":"https:\/\/www.jazzzeitung.de\/cms\/thema\/bericht\/"},"img":{"alt_text":"","src":"https:\/\/i0.wp.com\/www.jazzzeitung.de\/cms\/wp-content\/uploads\/2021\/08\/Jazzrausch-Bigband-Foto-van-Loon07.jpg?fit=1134%2C757&ssl=1&resize=350%2C200","width":350,"height":200,"srcset":"https:\/\/i0.wp.com\/www.jazzzeitung.de\/cms\/wp-content\/uploads\/2021\/08\/Jazzrausch-Bigband-Foto-van-Loon07.jpg?fit=1134%2C757&ssl=1&resize=350%2C200 1x, https:\/\/i0.wp.com\/www.jazzzeitung.de\/cms\/wp-content\/uploads\/2021\/08\/Jazzrausch-Bigband-Foto-van-Loon07.jpg?fit=1134%2C757&ssl=1&resize=525%2C300 1.5x, https:\/\/i0.wp.com\/www.jazzzeitung.de\/cms\/wp-content\/uploads\/2021\/08\/Jazzrausch-Bigband-Foto-van-Loon07.jpg?fit=1134%2C757&ssl=1&resize=700%2C400 2x, https:\/\/i0.wp.com\/www.jazzzeitung.de\/cms\/wp-content\/uploads\/2021\/08\/Jazzrausch-Bigband-Foto-van-Loon07.jpg?fit=1134%2C757&ssl=1&resize=1050%2C600 3x"},"classes":[]}],"jetpack_sharing_enabled":true,"_links":{"self":[{"href":"https:\/\/www.jazzzeitung.de\/cms\/wp-json\/wp\/v2\/posts\/24453","targetHints":{"allow":["GET"]}}],"collection":[{"href":"https:\/\/www.jazzzeitung.de\/cms\/wp-json\/wp\/v2\/posts"}],"about":[{"href":"https:\/\/www.jazzzeitung.de\/cms\/wp-json\/wp\/v2\/types\/post"}],"author":[{"embeddable":true,"href":"https:\/\/www.jazzzeitung.de\/cms\/wp-json\/wp\/v2\/users\/18"}],"replies":[{"embeddable":true,"href":"https:\/\/www.jazzzeitung.de\/cms\/wp-json\/wp\/v2\/comments?post=24453"}],"version-history":[{"count":4,"href":"https:\/\/www.jazzzeitung.de\/cms\/wp-json\/wp\/v2\/posts\/24453\/revisions"}],"predecessor-version":[{"id":24458,"href":"https:\/\/www.jazzzeitung.de\/cms\/wp-json\/wp\/v2\/posts\/24453\/revisions\/24458"}],"wp:featuredmedia":[{"embeddable":true,"href":"https:\/\/www.jazzzeitung.de\/cms\/wp-json\/wp\/v2\/media\/24454"}],"wp:attachment":[{"href":"https:\/\/www.jazzzeitung.de\/cms\/wp-json\/wp\/v2\/media?parent=24453"}],"wp:term":[{"taxonomy":"category","embeddable":true,"href":"https:\/\/www.jazzzeitung.de\/cms\/wp-json\/wp\/v2\/categories?post=24453"},{"taxonomy":"post_tag","embeddable":true,"href":"https:\/\/www.jazzzeitung.de\/cms\/wp-json\/wp\/v2\/tags?post=24453"},{"taxonomy":"author","embeddable":true,"href":"https:\/\/www.jazzzeitung.de\/cms\/wp-json\/wp\/v2\/coauthors?post=24453"}],"curies":[{"name":"wp","href":"https:\/\/api.w.org\/{rel}","templated":true}]}}