{"id":24400,"date":"2021-02-14T12:00:19","date_gmt":"2021-02-14T11:00:19","guid":{"rendered":"https:\/\/www.jazzzeitung.de\/cms\/?p=24400"},"modified":"2021-02-12T12:14:18","modified_gmt":"2021-02-12T11:14:18","slug":"die-jazz-radiowoche-vom-15-02-2121-02-2021","status":"publish","type":"post","link":"https:\/\/www.jazzzeitung.de\/cms\/2021\/02\/die-jazz-radiowoche-vom-15-02-2121-02-2021\/","title":{"rendered":"Die Jazz-Radiowoche vom 15.02.21\u201321.02.2021"},"content":{"rendered":"<p>Ein kleiner Blick in die Jazzwoche 07 im Radio. Die \u00dcbersicht zum <a href=\"https:\/\/service.conbrio.de\/service\/download\/278\/\">Download als PDF<\/a>. Alle Angaben ohne Gew\u00e4hr. Programm\u00e4nderungen sind sogar wahrscheinlich.<\/p>\n<hr \/>\n<h2>Jazz im Radio (Fernsehen)<\/h2>\n<ul>\n<li><strong>SR2<\/strong> \u2013 <a href=\"http:\/\/www.sr.de\/sr\/sr2\/sendungen_a-z\/uebersicht\/jazznow\/index.html\">JazzNow<\/a> \u2013 Sonntags von 20.04 bis 22.30 Uhr<\/li>\n<li><strong>BR-KLASSIK \u2013 <\/strong><a href=\"https:\/\/www.br-klassik.de\/themen\/jazz-und-weltmusik\/jazztime-die-ganze-welt-des-jazz-100.html\">Jazztime<\/a><strong> \u2013 <\/strong>Von Montag bis Freitag t\u00e4glich um 23.05 Uhr<\/li>\n<li><strong>rbb-kultur<\/strong> \u2013 <a href=\"https:\/\/www.kulturradio.de\/programm\/schema\/sendungen\/late_night_jazz.html\">Late Night Jazz<\/a> \u2013 Sa und So 23:04 \u2013 24:00 Uhr<\/li>\n<li><strong>hr2-kultur<\/strong> \u2013 <a href=\"http:\/\/www.hr2.de\/musik\/jazz\/index.html\">Jazz in hr2-kultur<\/a> \u2013 t\u00e4glich<\/li>\n<li><strong>NDR Kultur <\/strong>\u2013 <a href=\"https:\/\/www.ndr.de\/ndrkultur\/sendungen\/play_jazz\/index.html\">Play Jazz<\/a> \u2013 5x die Woche<\/li>\n<li><strong>SWR2<\/strong> \u2013 <a href=\"https:\/\/www.swr.de\/swr2\/programm\/sendungen\/jazz\/startseite-mit-vorschau\/-\/id=659242\/did=13778140\/nid=659242\/13ttn4d\/index.html\">Jazz<\/a> \u2013 t\u00e4glich<\/li>\n<li><strong>Deutschlandfunk<\/strong> \u2013 <a href=\"http:\/\/www.deutschlandfunk.de\/jazz.747.de.html\">Jazz (\u00dcberblick)<\/a> \u2013 <a href=\"http:\/\/www.deutschlandfunk.de\/jazz-live.822.de.html\">Jazz Live<\/a>, <a href=\"http:\/\/www.deutschlandfunk.de\/jazzfacts.824.de.html\">JazzFacts<\/a> und <a href=\"http:\/\/www.deutschlandfunk.de\/milestones.1805.de.html\">Milestones<\/a><\/li>\n<li><strong>Deutschlandfunk Kultur<\/strong> \u2013 <a href=\"http:\/\/www.deutschlandfunkkultur.de\/jazz.1142.de.html\">Jazz<\/a> \u2013 diverse Sendetermine<\/li>\n<li><strong>\u00d61 <\/strong>\u2013 <a href=\"https:\/\/oe1.orf.at\/programm\/\">diverse Sendetermine<\/a><\/li>\n<li><strong>ARTE TV<\/strong> \u2013 <a href=\"https:\/\/www.arte.tv\/de\/videos\/arte-concert\/jazz\/?xtor=AD-6-%5bMV_CFR_ARTE_DE_Google_GEN_GDN%5d-%5bGDN_GEN_Arte_Concerts_Jazz%5d-C-%5bjazz%20musik%5d\">Jazz<\/a><\/li>\n<\/ul>\n<p><strong>Periodika: Dauersendungen ohne gen\u00fcgend Infos \u2013 Tagesbegleitradio<\/strong><\/p>\n<ul>\n<li><strong>SWR 2<\/strong> \u2013 <strong>SWR2 Jazz vor Sechs <\/strong>17:50 bis 18:00<\/li>\n<li><strong>hr2-kultur \u2013<\/strong> <strong>H\u00f6rbar \u2013 Musik grenzenlos <\/strong>19:04 bis 20:00<\/li>\n<li><strong>NDR Kultur <\/strong>\u2013 <strong>Play Jazz! Das Jazzmagazin<\/strong> 22:30 bis 23:30<\/li>\n<li><strong>MDR Kultur \u2013 Jazz <\/strong>19:05 bis 20:00<\/li>\n<li><strong>MDR Kultur \u2013<\/strong><strong>Jazz Lounge<\/strong> 19:35 bis 20:00<\/li>\n<li><strong>WDR3<\/strong> \u2013 Jazz &amp; World \u2013 Improvisiertes zum Tagesausklang \u2013 Montag bis Freitag, 22.04 \u2013 0:00 Uhr<\/li>\n<li><strong>WDR 3 Pers\u00f6nlich mit G\u00f6tz Alsmann<\/strong> 13:04 bis 15:00 (Samstags)<\/li>\n<\/ul>\n<hr \/>\n<h2>mo \u2013 15.02.2021<\/h2>\n<hr \/>\n<p>17:50 bis 18:00 | SWR 2<br \/>\n<strong>SWR2 Jazz vor Sechs<\/strong><\/p>\n<p>19:04 bis 20:00 | hr2-kultur<br \/>\n<strong>H\u00f6rbar \u2013 Musik grenzenlos<\/strong><\/p>\n<p>22:04 bis 00:00 | WDR 3<br \/>\n<strong>WDR 3 Jazz &amp; World<\/strong><\/p>\n<p>22:30 bis 23:00 | hr2-kultur<br \/>\n<strong>Jazz Now: Aus dem Dschungel der Neuver\u00f6ffentlichungen<\/strong><\/p>\n<p style=\"padding-left: 40px;\">Am Mikrofon: J\u00fcrgen Schwab. heute mit: Larry Coryell &amp; Philip Catherine: The Last Call | Yoko Miwa: Songs of Joy | Dell, Lillinger, Westergaard: Beats<\/p>\n<p>22:33 bis 23:30 | NDR Kultur<br \/>\n<strong>Play Jazz! Aktuelles aus der Welt des Jazz, neue CDs und Konzerttipps<\/strong><\/p>\n<p style=\"padding-left: 40px;\">Montag, Mittwoch und Freitag berichtet das Play Jazz! \u2013 Magazin aus der gesamten Welt des Jazz. Auf dem Programm stehen jede Woche das Album der Woche, andere aktuelle CDs, Klassiker, Portraits von K\u00fcnstlerinnen und K\u00fcnstlern oder Plattenfirmen und Tipps f\u00fcr Konzerte, B\u00fccher oder Filme.Das Magazin geht neuen Trends nach und erinnert an die gro\u00dfen Momente der Jazzgeschichte.<\/p>\n<p style=\"padding-left: 40px;\">Besonders im Blick: die norddeutsche Jazzszene. Mit Interviews und Reportagen informiert Play Jazz! \u00fcber die Arbeit von Clubs, Jazzinitiativen und Festivals.<\/p>\n<p>23:05 bis 00:00 | BR-KLASSIK<br \/>\n<strong>Jazztime: Jazztoday<\/strong><\/p>\n<p style=\"padding-left: 40px;\">Trumpet News aus Deutschland und \u00d6sterreich: Henning Sieverts pr\u00e4sentiert aktuelle CDs der Trompeter Bastian Stein, Axel Schlosser und Mario Rom.<\/p>\n<p>23:30 bis 00:00 | NDR Kultur<br \/>\n<strong>Jazz \u2013 Round Midnight: Flying Home \u2013 Benny Goodmans Smallband-Swing<\/strong><\/p>\n<p style=\"padding-left: 40px;\">Round Midnight ist der Platz f\u00fcr Hintergrundgeschichten, ausf\u00fchrliche Portraits und Talks mit jungen Talenten und Jazz-Legenden.<\/p>\n<p style=\"padding-left: 40px;\">In der Sendung erz\u00e4hlen Autorinnen und Autoren die Geschichten bekannter Jazz-Titel, gehen der Beziehung von Jazz und klassischer Musik nach und nehmen mit auf spannende Reisen in die Grenzgebiete von Jazz, Tango, Salsa oder Flamenco, in Jazz-Epochen wie Swing, Bebop und Fusion oder in die Geschichte ber\u00fchmter Labels wie Blue Note und in die Aktualit\u00e4t kultureller und politischer Themen wie Black Lives Matter.<\/p>\n<hr \/>\n<h2>di \u2013 16.02.2021<\/h2>\n<hr \/>\n<p>01:05 bis 05:00 | Deutschlandfunk Kultur<br \/>\n<strong>Tonart: Jazz \u2013 Moderation: Sophia Fischer<\/strong><\/p>\n<p>17:50 bis 18:00 | SWR 2<br \/>\n<strong>SWR2 Jazz vor Sechs<\/strong><\/p>\n<p>19:04 bis 20:00 | hr2-kultur<br \/>\n<strong>H\u00f6rbar \u2013 Musik grenzenlos<\/strong><\/p>\n<p>21:05 bis 22:00 | SWR 2<br \/>\n<strong>SWR2 Jazz Session: Homezone \u2013 Jazz in S\u00fcdwest. Das Kollektiv \u201eWomen of Music\u201c<\/strong><\/p>\n<p style=\"padding-left: 40px;\">Von Julia Neupert. \u201eWoM\u201c \u2013 das ist die Initiative \u201eWomen of Music\u201c: Ein Netzwerk, eine Plattform, ein Kollektiv von und f\u00fcr Frauen im Musikgesch\u00e4ft. Um Wissens- und Erfahrungsaustausch geht es, um eine gr\u00f6\u00dfere Sicht- und H\u00f6rbarkeit von diversen musikalischen Kulturen und nat\u00fcrlich um den gemeinsamen Spa\u00df am Musikmachen. Gegr\u00fcndet im Herbst 2019 in Stuttgart, ist WoM mittlerweile schon weit \u00fcbers Schw\u00e4bische hinausgewachsen \u2013 heute zu Gast in Homezone: die beiden WoM-Gr\u00fcnderinnen Hajnalka P\u00e9ter und Lisa Tuyala.<\/p>\n<p>21:05 bis 22:00 | Deutschlandfunk<br \/>\n<strong>Jazz Live: Jazzfest Berlin 2020<\/strong><\/p>\n<p style=\"padding-left: 40px;\">Anna Webber Septett: Clockwise. Aufnahme vom 7.11.2020 aus dem Roulette, New York City. Am Mikrofon: Niklas Wandt<\/p>\n<p style=\"padding-left: 40px;\">Die Holzbl\u00e4serin Anna Webber aus New York spielte mit ihrem Septett beim letztj\u00e4hrigen Jazzfest Berlin ein fulminantes Konzert \u2013 mit straff organisierten, eng verzahnten Kl\u00e4ngen zwischen Avantgarde-Jazz und zeitgen\u00f6ssischer Komposition. Die geb\u00fcrtige Kanadierin studierte in Montreal, Berlin und New York, wo sie seit 2008 lebt. Ihr Septett vereint einige der renommiertesten Musiker der dortigen Szene, wie den Bassisten Chris Tordini und den Schlagwerker Ches Smith. Im Konzert in Brooklyn navigierten sie souver\u00e4n durch die komplexen St\u00fccke der Bandleaderin. Inspiriert von der Neuen Musik Iannis Xenakis\u2019 oder Morton Feldmans, klingen sie mal \u00e4therisch, mal k\u00fchl und schroff. Ein starker rhythmischer Drive und genau abgemessene Improvisations-Parts geben der strengen Kammer\u00e4sthetik dabei ein Jazzfeeling. Im Rahmen des Jazzfest Berlin 2020 stellte Anna Webber ihre so eigent\u00fcmliche wie spannende Musik per Livestream aus New York vor.<\/p>\n<p>22:00 bis 00:00 | Bremen Zwei<br \/>\n<strong>Jazz Grooves<\/strong><\/p>\n<p style=\"padding-left: 40px;\">Die ganze Welt des Jazz. Bekannte Namen, Newcomer und spannende Entdeckungen, H\u00f6hepunkte aus der Jazzgeschichte, besondere Jazzereignisse und Tipps zum Konzertgeschehen der Region.<\/p>\n<p>22:04 bis 00:00 | WDR 3<br \/>\n<strong>WDR 3 Jazz &amp; World<\/strong><\/p>\n<p>22:30 bis 23:00 | hr2-kultur<br \/>\n<strong>Jazzgroove: An den R\u00e4ndern des Jazz<\/strong><\/p>\n<p style=\"padding-left: 40px;\">heute mit: Claudia D\u00f6ffinger ELINOR | Richard Nelson | Ibrahim Maalouf<\/p>\n<p>22:33 bis 23:30 | NDR Kultur<br \/>\n<strong>Play Jazz! <\/strong><strong>Gabriel Coburgers Quintett Jean Paul ft. Ken Norris<\/strong><\/p>\n<p style=\"padding-left: 40px;\">Im Play Jazz! \u2013 Konzert werden Liveaufnahmen des NDR aus dem Rolf-Liebermann-Studio, aus Clubs und von Festivals im Sendegebiet gesendet.<\/p>\n<p style=\"padding-left: 40px;\">Mitschnitte von JazzBaltica, Elbjazz, Eldenaer Jazz Evenings, See More Jazz oder der Jazzwoche Hannover zeigen die Vielfalt der Festivallandschaft im Norden. Neben aktuellen Aufnahmen ist Dienstagabend auch der Platz f\u00fcr Konzertsch\u00e4tze aus den Archiven des NDR.<\/p>\n<p>23:05 bis 00:00 | BR-KLASSIK<br \/>\n<strong>Jazztime: News &amp; Roots<\/strong><\/p>\n<p style=\"padding-left: 40px;\">Ein Riese in jeder Hinsicht: Der amerikanische Tenorsaxophonist Dexter Gordon (1923-1990). Henning Sieverts erinnert an einen der bedeutendsten Melodiker des Jazz in Aufnahmen aus den 1950er bis 70er Jahren.<\/p>\n<p>23:30 bis 00:00 | NDR Kultur<br \/>\n<strong>Jazz \u2013 Round Midnight: Sarah Seidel im Gespr\u00e4ch mit Arne Reimer \u00fcber Ahmad Jamal<\/strong><\/p>\n<p style=\"padding-left: 40px;\">Round Midnight ist der Platz f\u00fcr Hintergrundgeschichten, ausf\u00fchrliche Portraits und Talks mit jungen Talenten und Jazz-Legenden.<\/p>\n<p style=\"padding-left: 40px;\">In der Sendung erz\u00e4hlen Autorinnen und Autoren die Geschichten bekannter Jazz-Titel, gehen der Beziehung von Jazz und klassischer Musik nach und nehmen mit auf spannende Reisen in die Grenzgebiete von Jazz, Tango, Salsa oder Flamenco, in Jazz-Epochen wie Swing, Bebop und Fusion oder in die Geschichte ber\u00fchmter Labels wie Blue Note und in die Aktualit\u00e4t kultureller und politischer Themen wie Black Lives Matter.<\/p>\n<hr \/>\n<h2>mi \u2013 17.02.2021<\/h2>\n<hr \/>\n<p>17:50 bis 18:00 | SWR 2<br \/>\n<strong>SWR2 Jazz vor Sechs<\/strong><\/p>\n<p>19:04 bis 20:00 | hr2-kultur<br \/>\n<strong>H\u00f6rbar \u2013 Musik grenzenlos<\/strong><\/p>\n<p>19:05 bis 20:00 | BR-KLASSIK<br \/>\n<strong>Classic Sounds in Jazz: \u201eEn Passant\u201c<\/strong><\/p>\n<p style=\"padding-left: 40px;\">Mit Musik von Richard Galliano, Dominic Miller, Toots Thielemans, Charles Trenet und anderen. Moderation und Auswahl: Beatrix Gillmann<\/p>\n<p>22:04 bis 00:00 | WDR 3<br \/>\n<strong>WDR 3 Jazz &amp; World<\/strong><\/p>\n<p>22:30 bis 23:00 | hr2-kultur<br \/>\n<strong>Jazzfacts: What\u2019s going on? \u2013 Features, Interviews und was die Szene (um-)treibt<\/strong><\/p>\n<p style=\"padding-left: 40px;\">Am Mikrofon: Sarah Seidel. Franco Ambrosetti \u2013 Faszinierendes Doppelleben. Der Schweizer Franco Ambrosetti hat eine einzigartige Karriere hingelegt \u2013 oder besser zwei. So hei\u00dft auch seine 2018 erschienene Autobiografie: Zwei Karrieren \u2013 ein Klang. Er war Unternehmensleiter und erfolgreicher Gesch\u00e4ftsmann, sorgte aber zugleich ab Mitte der 60er Jahre als herausragender Jazztrompeter f\u00fcr Aufsehen.<\/p>\n<p style=\"padding-left: 40px;\">Jahrzehntelang brachte der heute 79j\u00e4hrige Franco Ambrosetti die Leitung eines gro\u00dfen Unternehmens und die B\u00fchnenkarriere eines Jazzmusikers unter einen Hut. Im Jahr 2000 verkaufte Ambrosetti dann seine Firma und widmet sich seither ausschlie\u00dflich der Musik. Jetzt ist eine neue CD des Schweizers erschienen, \u201eLost Within You\u201c mit u.a. John Scofield an der Gitarre, Uri Caine am Klavier und Jack DeJohnette am Schlagzeug. Ein Album mit ausschlie\u00dflich Balladen und Ambrosetti bedient hierf\u00fcr auch ausschlie\u00dflich das Fl\u00fcgelhorn mit seinem weichen und warmen Klang.<\/p>\n<p>22:33 bis 23:30 | NDR Kultur<br \/>\n<strong>Play Jazz!<\/strong><\/p>\n<p style=\"padding-left: 40px;\">Montag, Mittwoch und Freitag berichtet das Play Jazz! \u2013 Magazin aus der gesamten Welt des Jazz. Auf dem Programm stehen jede Woche das Album der Woche, andere aktuelle CDs, Klassiker, Portraits von K\u00fcnstlerinnen und K\u00fcnstlern oder Plattenfirmen und Tipps f\u00fcr Konzerte, B\u00fccher oder Filme.Das Magazin geht neuen Trends nach und erinnert an die gro\u00dfen Momente der Jazzgeschichte.<\/p>\n<p style=\"padding-left: 40px;\">Besonders im Blick: die norddeutsche Jazzszene. Mit Interviews und Reportagen informiert Play Jazz! \u00fcber die Arbeit von Clubs, Jazzinitiativen und Festivals.<\/p>\n<p>23:05 bis 00:00 | BR-KLASSIK<br \/>\n<strong>Jazztime: Jazz aus N\u00fcrnberg: Mostly Vocal<\/strong><\/p>\n<p style=\"padding-left: 40px;\">\u201eEverything must change\u201c \u2013 Gef\u00fchle im Wandel besungen von Benny Benack, Jazzmeia Horn, Shirley Horn, Mark Murphy, Veronica Swift und anderen. Moderation und Auswahl: Beate Sampson<\/p>\n<p>23:30 bis 00:00 | NDR Kultur<br \/>\n<strong>Jazz \u2013 Round Midnight: Aufgelegt<\/strong><\/p>\n<p style=\"padding-left: 40px;\">Round Midnight ist der Platz f\u00fcr Hintergrundgeschichten, ausf\u00fchrliche Portraits und Talks mit jungen Talenten und Jazz-Legenden.<\/p>\n<p style=\"padding-left: 40px;\">In der Sendung erz\u00e4hlen Autorinnen und Autoren die Geschichten bekannter Jazz-Titel, gehen der Beziehung von Jazz und klassischer Musik nach und nehmen mit auf spannende Reisen in die Grenzgebiete von Jazz, Tango, Salsa oder Flamenco, in Jazz-Epochen wie Swing, Bebop und Fusion oder in die Geschichte ber\u00fchmter Labels wie Blue Note und in die Aktualit\u00e4t kultureller und politischer Themen wie Black Lives Matter.<\/p>\n<hr \/>\n<h2>do \u2013 18.02.2021<\/h2>\n<hr \/>\n<p>17:50 bis 18:00 | SWR 2<br \/>\n<strong>SWR2 Jazz vor Sechs<\/strong><\/p>\n<p>19:04 bis 20:00 | hr2-kultur<br \/>\n<strong>H\u00f6rbar \u2013 Musik grenzenlos<\/strong><\/p>\n<p>21:05 bis 22:00 | Deutschlandfunk<br \/>\n<strong>JazzFacts: R\u00f6mische Ertr\u00e4ge \u2013 Der Trompeter Mario Rom feiert mit seiner Band Interzone Zehnj\u00e4hriges<\/strong><\/p>\n<p style=\"padding-left: 40px;\">Von Karsten M\u00fctzelfeld. Trompete, Bass, Schlagzeug \u2013 auf den ersten Blick wirkt diese Instrumentierung spr\u00f6de. Doch Interzoneum den Trompeter Mario Rom sind das genaue Gegenteil: abenteuerlich, spannend und dabei h\u00f6chst unterhaltsam. Selten hat ein junges europ\u00e4isches Trio f\u00fcr derart einhellig euphorische Reaktionen gesorgt. Ein frischer Parforceritt durch Bop, Avantgarde, Funk und vieles mehr. Vor zehn Jahren gr\u00fcndete der \u00d6sterreicher Mario Rom als primus inter pares Interzone. So offen die Musik, so vieldeutig sind die CD-Titel: \u201eNothing is True\u201c, \u201eEverything is Permitted\u201c, \u201eTruth is Simple to Consume\u201c. Zum Jubil\u00e4um erscheint \u201eEternal Fiction\u201c, mit dem Interzone nach unz\u00e4hligen Auftritten und Tourneen durch die ganze Welt die Ertr\u00e4ge ihrer Langzeitbeziehung ernten. Zusammen mit dem Bassisten Lukas Kranzelbinder geh\u00f6rt der Trompeter auch zu Shake Stew, einer weiteren aufregenden und energiegeladenen Band, die derzeit f\u00fcr Furore sorgt. Seit Ende 2019 ist Mario Rom Professor an der Anton Bruckner Privatuniversit\u00e4t \u2013 dort, wo er einst selbst studiert hat.<\/p>\n<p>22:04 bis 00:00 | WDR 3<br \/>\n<strong>WDR 3 Jazz &amp; World<\/strong><\/p>\n<p>22:30 bis 23:00 | hr2-kultur<br \/>\n<strong>Jazz Now: Aus dem Dschungel der Neuver\u00f6ffentlichungen<\/strong><\/p>\n<p style=\"padding-left: 40px;\">Am Mikrofon: Daniella Baumeister. heute mit: Joe Lovano Trio Tapestry: Garden of Expression | Wolfgang Lackerschmid: Lockdown Releases | Andreas Feith &amp; Markus Harm: What\u2019s New<\/p>\n<p>22:33 bis 23:30 | NDR Kultur<br \/>\n<strong>Play Jazz! NDR Bigband<\/strong><\/p>\n<p style=\"padding-left: 40px;\">Die NDR Bigband im Radio mit neuen Projekten, Interviews, CDs und Konzerten. Welche Konzerte stehen im Kalender? Wer ist zu Gast bei der NDR Bigband und realisiert ein neues musikalisches Konzept? Henry Altmann blickt immer donnerstags auf aktuelle und kommende Projekte, Konzerte und CD-Produktionen der NDR Bigband. Dazu spricht er mit Musikerinnen und Musikern, pr\u00e4sentiert frische Aufnahmen und berichtet \u00fcber Hintergr\u00fcnde.<\/p>\n<p>23:03 bis 00:00 | SWR 2<br \/>\n<strong>SWR2 NOWJazz: Steinbr\u00fcche der Fantasie \u2013 Die englische S\u00e4ngerin Kate Westbrook<\/strong><\/p>\n<p style=\"padding-left: 40px;\">Von Bert Noglik. Kate Westbrook z\u00e4hlt seit den 1970er-Jahren zu den gro\u00dfen Pers\u00f6nlichkeiten des europ\u00e4ischen Jazz. Sie begann ihre musikalische Laufbahn als Fl\u00f6tistin und Tenorhornistin in der Band ihres Mannes Mike Westbrook, profilierte sich dann aber vor allem als S\u00e4ngerin. In einem gro\u00dfen Spektrum musikalischen Ausdrucks, das vom Jazz \u00fcber an Klassik und Neuer Musik orientiertem Gesang bis hin zu Rock, Chanson und Cabaret reicht, fand sie zu einem g\u00e4nzlich eigenen Ausdruck. 2018 ver\u00f6ffentlichte Kate Westbrook das Album \u201eGranite\u201c \u2013 eine Art Winterreise durch Moorlandschaften voller Mysterien und Metaphern.<\/p>\n<p>23:05 bis 00:00 | BR-KLASSIK<br \/>\n<strong>Jazztime: All that Jazz<\/strong><\/p>\n<p style=\"padding-left: 40px;\">Zu ihrem Instrument ist die Amerikanerin Jamie Baum gekommen, weil es so praktisch ist und sich \u00fcberall problemlos mit hinnehmen l\u00e4sst. Sie hat es zu einen wahren Meisterschaft auf der Querfl\u00f6te gebracht. Jamie Baum gl\u00e4nzt nicht nur mit ihrem silbrig gl\u00e4nzenden Klangerzeuger \u2013 auch als Komponistin wird sie gefeiert. Was sie auf diversen Tourneen f\u00fcr das State Department durch Asien und S\u00fcdamerika an Einfl\u00fcssen aufschnappte, verarbeitete sie so homogen wie aufregend in St\u00fccken, die sie etwa mit ihrem \u201eSeptet +\u201c auff\u00fchrt.. Moderation und Auswahl: Ssirus W. Pakzad<\/p>\n<p>23:30 bis 00:00 | NDR Kultur<br \/>\n<strong>Jazz \u2013 Round Midnight: Politisch engagiert, musikalisch fulminant: Femi und Made Kuti<\/strong><\/p>\n<p style=\"padding-left: 40px;\">Round Midnight ist der Platz f\u00fcr Hintergrundgeschichten, ausf\u00fchrliche Portraits und Talks mit jungen Talenten und Jazz-Legenden.<\/p>\n<p style=\"padding-left: 40px;\">In der Sendung erz\u00e4hlen Autorinnen und Autoren die Geschichten bekannter Jazz-Titel, gehen der Beziehung von Jazz und klassischer Musik nach und nehmen mit auf spannende Reisen in die Grenzgebiete von Jazz, Tango, Salsa oder Flamenco, in Jazz-Epochen wie Swing, Bebop und Fusion oder in die Geschichte ber\u00fchmter Labels wie Blue Note und in die Aktualit\u00e4t kultureller und politischer Themen wie Black Lives Matter.<\/p>\n<hr \/>\n<h2>fr \u2013 19.02.2021<\/h2>\n<hr \/>\n<p>17:50 bis 18:00 | SWR 2<br \/>\n<strong>SWR2 Jazz vor Sechs<\/strong><\/p>\n<p>19:04 bis 20:00 | hr2-kultur<br \/>\n<strong>H\u00f6rbar \u2013 Musik grenzenlos<\/strong><\/p>\n<p>22:04 bis 00:00 | WDR 3<br \/>\n<strong>WDR 3 Jazz &amp; World<\/strong><\/p>\n<p>23:05 bis 00:00 | BR-KLASSIK<br \/>\n<strong>Jazztime: Jazz auf Reisen \u2013 Das schillernd-sch\u00f6ne Zwielicht der Nacht \u2013 Musik mit dem Trio von Pianist Claus Raible<\/strong><\/p>\n<p style=\"padding-left: 40px;\">Mit Claus Raible (Klavier), Giorgios Antoniou (Kontrabass) und Xaver Hellmerier (Schlagzeug)<\/p>\n<p style=\"padding-left: 40px;\">Aufnahme vom 31. Oktober 2020 beim 10. Birdland Radio Jazz Festival in Neuburg an der Donau.. Moderation und Auswahl: Ulrich Habersetzer<\/p>\n<hr \/>\n<h2>sa \u2013 20.02.2021<\/h2>\n<hr \/>\n<p>13:04 bis 14:00 | hr2-kultur<br \/>\n<strong>H\u00f6rbar: Musik grenzenlos<\/strong><\/p>\n<p>13:04 bis 15:00 | WDR 3<br \/>\n<strong>WDR 3 Pers\u00f6nlich mit G\u00f6tz Alsmann<\/strong><\/p>\n<p>17:05 bis 17:55m | Bayern 2<br \/>\n<strong>Jazz &amp; Politik: Politisches Feuilleton<\/strong><\/p>\n<p style=\"padding-left: 40px;\">Moderation: Lukas Hammerstein. Musikauswahl: Roland Spiegel. Als Podcast und in der Bayern 2 App verf\u00fcgbar<\/p>\n<p>17:50 bis 18:00 | SWR 2<br \/>\n<strong>SWR2 Jazz vor Sechs<\/strong><\/p>\n<p>18:05 bis 19:00 | BR-KLASSIK<br \/>\n<strong>Jazz und mehr: Sonne, Mond und Meer \u2013 Die Chansons von Charles Trenet<\/strong><\/p>\n<p style=\"padding-left: 40px;\">Zum 20. Todestag des S\u00e4ngers und Komponisten. Mit Aufnahmen von Juliette Gr\u00e9co, Jacky Terrasson, Charles Trenet und anderen. Moderation und Auswahl: Beatrix Gillmann<\/p>\n<p>19:04 bis 20:00 | hr2-kultur<br \/>\n<strong>Live Jazz: Andreas Hourdakis Trio<\/strong><\/p>\n<p style=\"padding-left: 40px;\">Am Mikrofon: Daniella Baumeister. | Andreas Hourdakis, g I Ola Winkler, dr I Martin H\u00f6per b I Gast: Lena Jonsson, fdl I. Studio 4, Swedish Radio Broadcasting House, Stockholm, Schweden, Oktober 2020<\/p>\n<p>20:04 bis 22:00 | WDR 3<br \/>\n<strong>WDR 3 Konzert: Bundesjazzorchester \u2013 Dreams and Realities<\/strong><\/p>\n<p style=\"padding-left: 40px;\">Bundesjazzorchester, Arrangement und Leitung: Ansgar Striepens. Aufnahme aus der Bundesakademie f\u00fcr musikalische Jugendbildung, Trossingen<\/p>\n<p style=\"padding-left: 40px;\">Das beim Deutschen Musikrat in Bonn ans\u00e4ssige Bundesjazzorchester ist die erste Adresse, wenn es um Nachwuchsf\u00f6rderung im Bereich Jazz geht.<\/p>\n<p style=\"padding-left: 40px;\">Das BuJazzO besteht seit \u00fcber 30 Jahren, seinen ersten gro\u00dfen Auftritt hatte es 1988 im Bundeskanzleramt. Ein Jahr zuvor hatte der 2010 verstorbene Musiker und Bandleader Peter Herbolzheimer diesen einzigartigen Leuchtturm f\u00fcr junge Jazzer*innen ins Leben gerufen. Heute teilen sich Niels Klein und Ansgar Striepens das Amt des k\u00fcnstlerischen Leiters.<\/p>\n<p style=\"padding-left: 40px;\">In regelm\u00e4\u00dfigen Arbeitsphasen und mit wechselnden Gastdirigenten werden die unterschiedlichsten Konzertprogramme erarbeitet. Das Kulturradio WDR 3 pflegt eine Kulturpartnerschaft mit dem BuJazzO und begleitet schon seit Langem die Arbeit der Nachwuchs-Big Band. In dieser Sendung steht die 65. Winterarbeitsphase mit dem Programm \u201eDreams and Realities\u201c im Fokus, eine Art klingende Visitenkarte des \u201eneuen\u201c Leiters Ansgar Striepens. Das Projekt endete im M\u00e4rz 2020 mit einem Konzert in Donaueschingen.<\/p>\n<hr \/>\n<h2>so \u2013 21.02.2021<\/h2>\n<hr \/>\n<p>06:00 bis 08:00m | Bremen Zwei<br \/>\n<strong>Classical<\/strong><\/p>\n<p style=\"padding-left: 40px;\">Der entspannte Start in den Sonntagmorgen mit einer Mischung aus Singer\/Songwriter, Jazz und Swing, Chansons und Klassik.<\/p>\n<p>19:04 bis 20:00 | hr2-kultur<br \/>\n<strong>hr-Bigband<\/strong><\/p>\n<p>19:05 bis 19:30 | SWR 2<br \/>\n<strong>SWR2 Jazz: Geschichte eines Jazz-Standards (31): God Bless the Child<\/strong><\/p>\n<p style=\"padding-left: 40px;\">Von Hans-J\u00fcrgen Schaal. Die S\u00e4ngerin Billie Holiday hatte sich einmal gr\u00fcndlich \u00fcber ihre Mutter ge\u00e4rgert. Daraus machte sie diesen Song, den der Komponist Arthur Herzog ausarbeitete und niederschrieb. Text und Melodie haben den Charakter eines afroamerikanischen Traditionals, eines Folk-Blues. Holidays Aufnahme mit dem Eddie Heywood Orchestra wurde 1941 ein echter Hit \u2013 erst nach ihrem Tod trauten sich andere S\u00e4ngerinnen an den Song heran. Zur typischen Saxofonballade wurde \u201eGod Bless The Child\u201c durch gro\u00dfe Solisten wie Sonny Rollins, Stanley Turrentine, Archie Shepp und David Murray.<\/p>\n<p>20:04 bis 21:30 | SR2 KulturRadio<br \/>\n<strong>JazzNow: Jazzfest Berlin 2020<\/strong><\/p>\n<p style=\"padding-left: 40px;\">Philip Zoubek Trio \/ Shannon Barnett Quartett<\/p>\n<p>23:40 bis 00:00 | hr2-kultur<br \/>\n<strong>H\u00f6rbar | Musik grenzenlos<\/strong><\/p>\n","protected":false},"excerpt":{"rendered":"<p>Ein kleiner Blick in die Jazzwoche 07 im Radio. Alle Angaben ohne Gew\u00e4hr. 20.2.2021 \u2013 20:04 bis 22:00 | WDR 3 \u2014 Bundesjazzorchester \u2013 Dreams and Realities. <\/p>\n","protected":false},"author":1,"featured_media":18913,"comment_status":"open","ping_status":"closed","sticky":false,"template":"","format":"standard","meta":{"_jetpack_memberships_contains_paid_content":false,"footnotes":"","jetpack_publicize_message":"","jetpack_publicize_feature_enabled":true,"jetpack_social_post_already_shared":false,"jetpack_social_options":{"image_generator_settings":{"template":"highway","default_image_id":0,"font":"","enabled":false},"version":2}},"categories":[633,452],"tags":[1629],"coauthors":[650],"class_list":["post-24400","post","type-post","status-publish","format-standard","has-post-thumbnail","hentry","category-nachrichten","category-radio","tag-jazz-im-radio"],"yoast_head":"<!-- This site is optimized with the Yoast SEO plugin v27.5 - https:\/\/yoast.com\/product\/yoast-seo-wordpress\/ -->\n<title>Die Jazz-Radiowoche vom 15.02.21\u201321.02.2021 - JazzZeitung<\/title>\n<meta name=\"robots\" content=\"index, follow, max-snippet:-1, max-image-preview:large, max-video-preview:-1\" \/>\n<link rel=\"canonical\" href=\"https:\/\/www.jazzzeitung.de\/cms\/2021\/02\/die-jazz-radiowoche-vom-15-02-2121-02-2021\/\" \/>\n<meta property=\"og:locale\" content=\"de_DE\" \/>\n<meta property=\"og:type\" content=\"article\" \/>\n<meta property=\"og:title\" content=\"Die Jazz-Radiowoche vom 15.02.21\u201321.02.2021 - JazzZeitung\" \/>\n<meta property=\"og:description\" content=\"Ein kleiner Blick in die Jazzwoche 07 im Radio. Alle Angaben ohne Gew\u00e4hr. 20.2.2021 \u2013 20:04 bis 22:00 | WDR 3 \u2014 Bundesjazzorchester \u2013 Dreams and Realities.\" \/>\n<meta property=\"og:url\" content=\"https:\/\/www.jazzzeitung.de\/cms\/2021\/02\/die-jazz-radiowoche-vom-15-02-2121-02-2021\/\" \/>\n<meta property=\"og:site_name\" content=\"JazzZeitung\" \/>\n<meta property=\"article:publisher\" content=\"https:\/\/www.facebook.com\/JazzZeitung\/\" \/>\n<meta property=\"article:author\" content=\"https:\/\/www.facebook.com\/hufner\" \/>\n<meta property=\"article:published_time\" content=\"2021-02-14T11:00:19+00:00\" \/>\n<meta property=\"og:image\" content=\"https:\/\/i0.wp.com\/www.jazzzeitung.de\/cms\/wp-content\/uploads\/2019\/03\/jazz_im_radio.jpg?fit=2200%2C1417&ssl=1\" \/>\n\t<meta property=\"og:image:width\" content=\"2200\" \/>\n\t<meta property=\"og:image:height\" content=\"1417\" \/>\n\t<meta property=\"og:image:type\" content=\"image\/jpeg\" \/>\n<meta name=\"author\" content=\"Martin Hufner\" \/>\n<script type=\"application\/ld+json\" class=\"yoast-schema-graph\">{\"@context\":\"https:\\\/\\\/schema.org\",\"@graph\":[{\"@type\":\"Article\",\"@id\":\"https:\\\/\\\/www.jazzzeitung.de\\\/cms\\\/2021\\\/02\\\/die-jazz-radiowoche-vom-15-02-2121-02-2021\\\/#article\",\"isPartOf\":{\"@id\":\"https:\\\/\\\/www.jazzzeitung.de\\\/cms\\\/2021\\\/02\\\/die-jazz-radiowoche-vom-15-02-2121-02-2021\\\/\"},\"author\":{\"name\":\"Martin Hufner\",\"@id\":\"https:\\\/\\\/www.jazzzeitung.de\\\/cms\\\/#\\\/schema\\\/person\\\/b9a4e5ac765d94fb8f617bfa8f1fc5f7\"},\"headline\":\"Die Jazz-Radiowoche vom 15.02.21\u201321.02.2021\",\"datePublished\":\"2021-02-14T11:00:19+00:00\",\"mainEntityOfPage\":{\"@id\":\"https:\\\/\\\/www.jazzzeitung.de\\\/cms\\\/2021\\\/02\\\/die-jazz-radiowoche-vom-15-02-2121-02-2021\\\/\"},\"wordCount\":2492,\"commentCount\":0,\"publisher\":{\"@id\":\"https:\\\/\\\/www.jazzzeitung.de\\\/cms\\\/#organization\"},\"image\":{\"@id\":\"https:\\\/\\\/www.jazzzeitung.de\\\/cms\\\/2021\\\/02\\\/die-jazz-radiowoche-vom-15-02-2121-02-2021\\\/#primaryimage\"},\"thumbnailUrl\":\"https:\\\/\\\/i0.wp.com\\\/www.jazzzeitung.de\\\/cms\\\/wp-content\\\/uploads\\\/2019\\\/03\\\/jazz_im_radio.jpg?fit=2200%2C1417&ssl=1\",\"keywords\":[\"Jazz im Radio\"],\"articleSection\":[\"News\",\"Radio\"],\"inLanguage\":\"de\",\"potentialAction\":[{\"@type\":\"CommentAction\",\"name\":\"Comment\",\"target\":[\"https:\\\/\\\/www.jazzzeitung.de\\\/cms\\\/2021\\\/02\\\/die-jazz-radiowoche-vom-15-02-2121-02-2021\\\/#respond\"]}]},{\"@type\":\"WebPage\",\"@id\":\"https:\\\/\\\/www.jazzzeitung.de\\\/cms\\\/2021\\\/02\\\/die-jazz-radiowoche-vom-15-02-2121-02-2021\\\/\",\"url\":\"https:\\\/\\\/www.jazzzeitung.de\\\/cms\\\/2021\\\/02\\\/die-jazz-radiowoche-vom-15-02-2121-02-2021\\\/\",\"name\":\"Die Jazz-Radiowoche vom 15.02.21\u201321.02.2021 - JazzZeitung\",\"isPartOf\":{\"@id\":\"https:\\\/\\\/www.jazzzeitung.de\\\/cms\\\/#website\"},\"primaryImageOfPage\":{\"@id\":\"https:\\\/\\\/www.jazzzeitung.de\\\/cms\\\/2021\\\/02\\\/die-jazz-radiowoche-vom-15-02-2121-02-2021\\\/#primaryimage\"},\"image\":{\"@id\":\"https:\\\/\\\/www.jazzzeitung.de\\\/cms\\\/2021\\\/02\\\/die-jazz-radiowoche-vom-15-02-2121-02-2021\\\/#primaryimage\"},\"thumbnailUrl\":\"https:\\\/\\\/i0.wp.com\\\/www.jazzzeitung.de\\\/cms\\\/wp-content\\\/uploads\\\/2019\\\/03\\\/jazz_im_radio.jpg?fit=2200%2C1417&ssl=1\",\"datePublished\":\"2021-02-14T11:00:19+00:00\",\"breadcrumb\":{\"@id\":\"https:\\\/\\\/www.jazzzeitung.de\\\/cms\\\/2021\\\/02\\\/die-jazz-radiowoche-vom-15-02-2121-02-2021\\\/#breadcrumb\"},\"inLanguage\":\"de\",\"potentialAction\":[{\"@type\":\"ReadAction\",\"target\":[\"https:\\\/\\\/www.jazzzeitung.de\\\/cms\\\/2021\\\/02\\\/die-jazz-radiowoche-vom-15-02-2121-02-2021\\\/\"]}]},{\"@type\":\"ImageObject\",\"inLanguage\":\"de\",\"@id\":\"https:\\\/\\\/www.jazzzeitung.de\\\/cms\\\/2021\\\/02\\\/die-jazz-radiowoche-vom-15-02-2121-02-2021\\\/#primaryimage\",\"url\":\"https:\\\/\\\/i0.wp.com\\\/www.jazzzeitung.de\\\/cms\\\/wp-content\\\/uploads\\\/2019\\\/03\\\/jazz_im_radio.jpg?fit=2200%2C1417&ssl=1\",\"contentUrl\":\"https:\\\/\\\/i0.wp.com\\\/www.jazzzeitung.de\\\/cms\\\/wp-content\\\/uploads\\\/2019\\\/03\\\/jazz_im_radio.jpg?fit=2200%2C1417&ssl=1\",\"width\":2200,\"height\":1417,\"caption\":\"Jazz im Radio. Foto: Hufner\"},{\"@type\":\"BreadcrumbList\",\"@id\":\"https:\\\/\\\/www.jazzzeitung.de\\\/cms\\\/2021\\\/02\\\/die-jazz-radiowoche-vom-15-02-2121-02-2021\\\/#breadcrumb\",\"itemListElement\":[{\"@type\":\"ListItem\",\"position\":1,\"name\":\"Startseite\",\"item\":\"https:\\\/\\\/www.jazzzeitung.de\\\/cms\\\/\"},{\"@type\":\"ListItem\",\"position\":2,\"name\":\"Die Jazz-Radiowoche vom 15.02.21\u201321.02.2021\"}]},{\"@type\":\"WebSite\",\"@id\":\"https:\\\/\\\/www.jazzzeitung.de\\\/cms\\\/#website\",\"url\":\"https:\\\/\\\/www.jazzzeitung.de\\\/cms\\\/\",\"name\":\"JazzZeitung\",\"description\":\"Jazz-News und Jazz-Kontroverses\",\"publisher\":{\"@id\":\"https:\\\/\\\/www.jazzzeitung.de\\\/cms\\\/#organization\"},\"potentialAction\":[{\"@type\":\"SearchAction\",\"target\":{\"@type\":\"EntryPoint\",\"urlTemplate\":\"https:\\\/\\\/www.jazzzeitung.de\\\/cms\\\/?s={search_term_string}\"},\"query-input\":{\"@type\":\"PropertyValueSpecification\",\"valueRequired\":true,\"valueName\":\"search_term_string\"}}],\"inLanguage\":\"de\"},{\"@type\":\"Organization\",\"@id\":\"https:\\\/\\\/www.jazzzeitung.de\\\/cms\\\/#organization\",\"name\":\"JazzZeitung online\",\"url\":\"https:\\\/\\\/www.jazzzeitung.de\\\/cms\\\/\",\"logo\":{\"@type\":\"ImageObject\",\"inLanguage\":\"de\",\"@id\":\"https:\\\/\\\/www.jazzzeitung.de\\\/cms\\\/#\\\/schema\\\/logo\\\/image\\\/\",\"url\":\"https:\\\/\\\/i0.wp.com\\\/www.jazzzeitung.de\\\/cms\\\/wp-content\\\/uploads\\\/2015\\\/08\\\/JAZZZEITUNGDE_Logo_Neu.png?fit=499%2C200&ssl=1\",\"contentUrl\":\"https:\\\/\\\/i0.wp.com\\\/www.jazzzeitung.de\\\/cms\\\/wp-content\\\/uploads\\\/2015\\\/08\\\/JAZZZEITUNGDE_Logo_Neu.png?fit=499%2C200&ssl=1\",\"width\":499,\"height\":200,\"caption\":\"JazzZeitung online\"},\"image\":{\"@id\":\"https:\\\/\\\/www.jazzzeitung.de\\\/cms\\\/#\\\/schema\\\/logo\\\/image\\\/\"},\"sameAs\":[\"https:\\\/\\\/www.facebook.com\\\/JazzZeitung\\\/\"]},{\"@type\":\"Person\",\"@id\":\"https:\\\/\\\/www.jazzzeitung.de\\\/cms\\\/#\\\/schema\\\/person\\\/b9a4e5ac765d94fb8f617bfa8f1fc5f7\",\"name\":\"Martin Hufner\",\"image\":{\"@type\":\"ImageObject\",\"inLanguage\":\"de\",\"@id\":\"https:\\\/\\\/i0.wp.com\\\/www.jazzzeitung.de\\\/cms\\\/wp-content\\\/uploads\\\/2013\\\/07\\\/huf-06.jpg?resize=96%2C96&ssl=15fcc31aa94540751a3b804516452be00\",\"url\":\"https:\\\/\\\/i0.wp.com\\\/www.jazzzeitung.de\\\/cms\\\/wp-content\\\/uploads\\\/2013\\\/07\\\/huf-06.jpg?resize=96%2C96&ssl=1\",\"contentUrl\":\"https:\\\/\\\/i0.wp.com\\\/www.jazzzeitung.de\\\/cms\\\/wp-content\\\/uploads\\\/2013\\\/07\\\/huf-06.jpg?resize=96%2C96&ssl=1\",\"caption\":\"Martin Hufner\"},\"description\":\"Martin Hufner ist freier Autor der JazzZeitung.\",\"sameAs\":[\"https:\\\/\\\/www.kritische-masse.de\\\/logbuch\",\"https:\\\/\\\/www.facebook.com\\\/hufner\"],\"url\":\"https:\\\/\\\/www.jazzzeitung.de\\\/cms\\\/author\\\/admin\\\/\"}]}<\/script>\n<!-- \/ Yoast SEO plugin. -->","yoast_head_json":{"title":"Die Jazz-Radiowoche vom 15.02.21\u201321.02.2021 - JazzZeitung","robots":{"index":"index","follow":"follow","max-snippet":"max-snippet:-1","max-image-preview":"max-image-preview:large","max-video-preview":"max-video-preview:-1"},"canonical":"https:\/\/www.jazzzeitung.de\/cms\/2021\/02\/die-jazz-radiowoche-vom-15-02-2121-02-2021\/","og_locale":"de_DE","og_type":"article","og_title":"Die Jazz-Radiowoche vom 15.02.21\u201321.02.2021 - JazzZeitung","og_description":"Ein kleiner Blick in die Jazzwoche 07 im Radio. Alle Angaben ohne Gew\u00e4hr. 20.2.2021 \u2013 20:04 bis 22:00 | WDR 3 \u2014 Bundesjazzorchester \u2013 Dreams and Realities.","og_url":"https:\/\/www.jazzzeitung.de\/cms\/2021\/02\/die-jazz-radiowoche-vom-15-02-2121-02-2021\/","og_site_name":"JazzZeitung","article_publisher":"https:\/\/www.facebook.com\/JazzZeitung\/","article_author":"https:\/\/www.facebook.com\/hufner","article_published_time":"2021-02-14T11:00:19+00:00","og_image":[{"width":2200,"height":1417,"url":"https:\/\/i0.wp.com\/www.jazzzeitung.de\/cms\/wp-content\/uploads\/2019\/03\/jazz_im_radio.jpg?fit=2200%2C1417&ssl=1","type":"image\/jpeg"}],"author":"Martin Hufner","schema":{"@context":"https:\/\/schema.org","@graph":[{"@type":"Article","@id":"https:\/\/www.jazzzeitung.de\/cms\/2021\/02\/die-jazz-radiowoche-vom-15-02-2121-02-2021\/#article","isPartOf":{"@id":"https:\/\/www.jazzzeitung.de\/cms\/2021\/02\/die-jazz-radiowoche-vom-15-02-2121-02-2021\/"},"author":{"name":"Martin Hufner","@id":"https:\/\/www.jazzzeitung.de\/cms\/#\/schema\/person\/b9a4e5ac765d94fb8f617bfa8f1fc5f7"},"headline":"Die Jazz-Radiowoche vom 15.02.21\u201321.02.2021","datePublished":"2021-02-14T11:00:19+00:00","mainEntityOfPage":{"@id":"https:\/\/www.jazzzeitung.de\/cms\/2021\/02\/die-jazz-radiowoche-vom-15-02-2121-02-2021\/"},"wordCount":2492,"commentCount":0,"publisher":{"@id":"https:\/\/www.jazzzeitung.de\/cms\/#organization"},"image":{"@id":"https:\/\/www.jazzzeitung.de\/cms\/2021\/02\/die-jazz-radiowoche-vom-15-02-2121-02-2021\/#primaryimage"},"thumbnailUrl":"https:\/\/i0.wp.com\/www.jazzzeitung.de\/cms\/wp-content\/uploads\/2019\/03\/jazz_im_radio.jpg?fit=2200%2C1417&ssl=1","keywords":["Jazz im Radio"],"articleSection":["News","Radio"],"inLanguage":"de","potentialAction":[{"@type":"CommentAction","name":"Comment","target":["https:\/\/www.jazzzeitung.de\/cms\/2021\/02\/die-jazz-radiowoche-vom-15-02-2121-02-2021\/#respond"]}]},{"@type":"WebPage","@id":"https:\/\/www.jazzzeitung.de\/cms\/2021\/02\/die-jazz-radiowoche-vom-15-02-2121-02-2021\/","url":"https:\/\/www.jazzzeitung.de\/cms\/2021\/02\/die-jazz-radiowoche-vom-15-02-2121-02-2021\/","name":"Die Jazz-Radiowoche vom 15.02.21\u201321.02.2021 - JazzZeitung","isPartOf":{"@id":"https:\/\/www.jazzzeitung.de\/cms\/#website"},"primaryImageOfPage":{"@id":"https:\/\/www.jazzzeitung.de\/cms\/2021\/02\/die-jazz-radiowoche-vom-15-02-2121-02-2021\/#primaryimage"},"image":{"@id":"https:\/\/www.jazzzeitung.de\/cms\/2021\/02\/die-jazz-radiowoche-vom-15-02-2121-02-2021\/#primaryimage"},"thumbnailUrl":"https:\/\/i0.wp.com\/www.jazzzeitung.de\/cms\/wp-content\/uploads\/2019\/03\/jazz_im_radio.jpg?fit=2200%2C1417&ssl=1","datePublished":"2021-02-14T11:00:19+00:00","breadcrumb":{"@id":"https:\/\/www.jazzzeitung.de\/cms\/2021\/02\/die-jazz-radiowoche-vom-15-02-2121-02-2021\/#breadcrumb"},"inLanguage":"de","potentialAction":[{"@type":"ReadAction","target":["https:\/\/www.jazzzeitung.de\/cms\/2021\/02\/die-jazz-radiowoche-vom-15-02-2121-02-2021\/"]}]},{"@type":"ImageObject","inLanguage":"de","@id":"https:\/\/www.jazzzeitung.de\/cms\/2021\/02\/die-jazz-radiowoche-vom-15-02-2121-02-2021\/#primaryimage","url":"https:\/\/i0.wp.com\/www.jazzzeitung.de\/cms\/wp-content\/uploads\/2019\/03\/jazz_im_radio.jpg?fit=2200%2C1417&ssl=1","contentUrl":"https:\/\/i0.wp.com\/www.jazzzeitung.de\/cms\/wp-content\/uploads\/2019\/03\/jazz_im_radio.jpg?fit=2200%2C1417&ssl=1","width":2200,"height":1417,"caption":"Jazz im Radio. Foto: Hufner"},{"@type":"BreadcrumbList","@id":"https:\/\/www.jazzzeitung.de\/cms\/2021\/02\/die-jazz-radiowoche-vom-15-02-2121-02-2021\/#breadcrumb","itemListElement":[{"@type":"ListItem","position":1,"name":"Startseite","item":"https:\/\/www.jazzzeitung.de\/cms\/"},{"@type":"ListItem","position":2,"name":"Die Jazz-Radiowoche vom 15.02.21\u201321.02.2021"}]},{"@type":"WebSite","@id":"https:\/\/www.jazzzeitung.de\/cms\/#website","url":"https:\/\/www.jazzzeitung.de\/cms\/","name":"JazzZeitung","description":"Jazz-News und Jazz-Kontroverses","publisher":{"@id":"https:\/\/www.jazzzeitung.de\/cms\/#organization"},"potentialAction":[{"@type":"SearchAction","target":{"@type":"EntryPoint","urlTemplate":"https:\/\/www.jazzzeitung.de\/cms\/?s={search_term_string}"},"query-input":{"@type":"PropertyValueSpecification","valueRequired":true,"valueName":"search_term_string"}}],"inLanguage":"de"},{"@type":"Organization","@id":"https:\/\/www.jazzzeitung.de\/cms\/#organization","name":"JazzZeitung online","url":"https:\/\/www.jazzzeitung.de\/cms\/","logo":{"@type":"ImageObject","inLanguage":"de","@id":"https:\/\/www.jazzzeitung.de\/cms\/#\/schema\/logo\/image\/","url":"https:\/\/i0.wp.com\/www.jazzzeitung.de\/cms\/wp-content\/uploads\/2015\/08\/JAZZZEITUNGDE_Logo_Neu.png?fit=499%2C200&ssl=1","contentUrl":"https:\/\/i0.wp.com\/www.jazzzeitung.de\/cms\/wp-content\/uploads\/2015\/08\/JAZZZEITUNGDE_Logo_Neu.png?fit=499%2C200&ssl=1","width":499,"height":200,"caption":"JazzZeitung online"},"image":{"@id":"https:\/\/www.jazzzeitung.de\/cms\/#\/schema\/logo\/image\/"},"sameAs":["https:\/\/www.facebook.com\/JazzZeitung\/"]},{"@type":"Person","@id":"https:\/\/www.jazzzeitung.de\/cms\/#\/schema\/person\/b9a4e5ac765d94fb8f617bfa8f1fc5f7","name":"Martin Hufner","image":{"@type":"ImageObject","inLanguage":"de","@id":"https:\/\/i0.wp.com\/www.jazzzeitung.de\/cms\/wp-content\/uploads\/2013\/07\/huf-06.jpg?resize=96%2C96&ssl=15fcc31aa94540751a3b804516452be00","url":"https:\/\/i0.wp.com\/www.jazzzeitung.de\/cms\/wp-content\/uploads\/2013\/07\/huf-06.jpg?resize=96%2C96&ssl=1","contentUrl":"https:\/\/i0.wp.com\/www.jazzzeitung.de\/cms\/wp-content\/uploads\/2013\/07\/huf-06.jpg?resize=96%2C96&ssl=1","caption":"Martin Hufner"},"description":"Martin Hufner ist freier Autor der JazzZeitung.","sameAs":["https:\/\/www.kritische-masse.de\/logbuch","https:\/\/www.facebook.com\/hufner"],"url":"https:\/\/www.jazzzeitung.de\/cms\/author\/admin\/"}]}},"wp-worthy-pixel":{"ignored":true,"public":null,"server":null,"url":null},"wp-worthy-type":"normal","jetpack_publicize_connections":[],"cc_featured_image_caption":{"caption_text":"Jazz im Radio","source_text":"Foto\/Motiv; Hufner","source_url":"https:\/\/www.musikkritik.org"},"jetpack_featured_media_url":"https:\/\/i0.wp.com\/www.jazzzeitung.de\/cms\/wp-content\/uploads\/2019\/03\/jazz_im_radio.jpg?fit=2200%2C1417&ssl=1","jetpack_shortlink":"https:\/\/wp.me\/p3KEcT-6ly","jetpack-related-posts":[{"id":22236,"url":"https:\/\/www.jazzzeitung.de\/cms\/2020\/03\/die-jazz-radiowoche-vom-30-03-20-bis-05-04-20\/","url_meta":{"origin":24400,"position":0},"title":"Die Jazz-Radiowoche vom 30.03.20 bis 05.04.20","author":"Martin Hufner","date":"29. M\u00e4rz 2020","format":false,"excerpt":"Ein kleiner Blick in die Jazzwoche 14 im Radio. Alle Angaben ohne Gew\u00e4hr. Jazz im Radio (Fernsehen) SR2 \u2013 JazzNow \u2013 Sonntags von 20.04 bis 22.30 Uhr BR-KLASSIK \u2013 Jazztime \u2013 Von Montag bis Freitag t\u00e4glich um 23.05 Uhr rbb-kultur \u2013 Late Night Jazz \u2013 Sa und So 23:04 \u2013\u2026","rel":"","context":"In &quot;News&quot;","block_context":{"text":"News","link":"https:\/\/www.jazzzeitung.de\/cms\/thema\/nachrichten\/"},"img":{"alt_text":"Jazz im Radio. Foto: Hufner","src":"https:\/\/i0.wp.com\/www.jazzzeitung.de\/cms\/wp-content\/uploads\/2019\/03\/jazz_im_radio.jpg?fit=1200%2C773&ssl=1&resize=350%2C200","width":350,"height":200,"srcset":"https:\/\/i0.wp.com\/www.jazzzeitung.de\/cms\/wp-content\/uploads\/2019\/03\/jazz_im_radio.jpg?fit=1200%2C773&ssl=1&resize=350%2C200 1x, https:\/\/i0.wp.com\/www.jazzzeitung.de\/cms\/wp-content\/uploads\/2019\/03\/jazz_im_radio.jpg?fit=1200%2C773&ssl=1&resize=525%2C300 1.5x, https:\/\/i0.wp.com\/www.jazzzeitung.de\/cms\/wp-content\/uploads\/2019\/03\/jazz_im_radio.jpg?fit=1200%2C773&ssl=1&resize=700%2C400 2x, https:\/\/i0.wp.com\/www.jazzzeitung.de\/cms\/wp-content\/uploads\/2019\/03\/jazz_im_radio.jpg?fit=1200%2C773&ssl=1&resize=1050%2C600 3x"},"classes":[]},{"id":23939,"url":"https:\/\/www.jazzzeitung.de\/cms\/2020\/12\/die-jazz-radiowoche-vom-7-12-20-bis-13-12-2020\/","url_meta":{"origin":24400,"position":1},"title":"Die Jazz-Radiowoche vom 7.12.20 bis 13.12.2020","author":"Martin Hufner","date":"6. Dezember 2020","format":false,"excerpt":"Ein kleiner Blick in die Jazzwoche 50 im Radio. Der ist dieses mal so klein, es steht da n\u00e4mlich gar nichts drin.Grund daf\u00fcr: Die Suchmaschine f\u00fcr Radiosendungen der ARD gibt am dem 7.12.2020 keine Ergebnisse heraus. Versuche der Kontaktaufnahme mit der ARD sind ohne Echo verhallt. Aktuell bleibt es bei\u2026","rel":"","context":"In &quot;News&quot;","block_context":{"text":"News","link":"https:\/\/www.jazzzeitung.de\/cms\/thema\/nachrichten\/"},"img":{"alt_text":"Jazz im Radio. Foto: Hufner","src":"https:\/\/i0.wp.com\/www.jazzzeitung.de\/cms\/wp-content\/uploads\/2019\/03\/jazz_im_radio.jpg?fit=1200%2C773&ssl=1&resize=350%2C200","width":350,"height":200,"srcset":"https:\/\/i0.wp.com\/www.jazzzeitung.de\/cms\/wp-content\/uploads\/2019\/03\/jazz_im_radio.jpg?fit=1200%2C773&ssl=1&resize=350%2C200 1x, https:\/\/i0.wp.com\/www.jazzzeitung.de\/cms\/wp-content\/uploads\/2019\/03\/jazz_im_radio.jpg?fit=1200%2C773&ssl=1&resize=525%2C300 1.5x, https:\/\/i0.wp.com\/www.jazzzeitung.de\/cms\/wp-content\/uploads\/2019\/03\/jazz_im_radio.jpg?fit=1200%2C773&ssl=1&resize=700%2C400 2x, https:\/\/i0.wp.com\/www.jazzzeitung.de\/cms\/wp-content\/uploads\/2019\/03\/jazz_im_radio.jpg?fit=1200%2C773&ssl=1&resize=1050%2C600 3x"},"classes":[]},{"id":21609,"url":"https:\/\/www.jazzzeitung.de\/cms\/2020\/01\/die-jazz-radiowoche-vom-06-01-20-bis-12-01-20-notausgabe\/","url_meta":{"origin":24400,"position":2},"title":"Die Jazz-Radiowoche vom 06.01.20 bis 12.01.20 (Notausgabe)","author":"Martin Hufner","date":"5. Januar 2020","format":false,"excerpt":"Ein kleiner Blick in die Jazzwoche 02 im Radio. Notausgabe! Die \u00dcbersicht zum Download als PDF. Alle Angaben ohne Gew\u00e4hr. Jazz im Radio (Fernsehen) SR2 \u2013 JazzNow \u2013 Sonntags von 20.04 bis 22.30 Uhr BR-KLASSIK \u2013 Jazztime \u2013 Von Montag bis Freitag t\u00e4glich um 23.05 Uhr rbb-kultur \u2013 Late Night\u2026","rel":"","context":"In &quot;News&quot;","block_context":{"text":"News","link":"https:\/\/www.jazzzeitung.de\/cms\/thema\/nachrichten\/"},"img":{"alt_text":"Jazz im Radio. Foto: Hufner","src":"https:\/\/i0.wp.com\/www.jazzzeitung.de\/cms\/wp-content\/uploads\/2019\/03\/jazz_im_radio.jpg?fit=1200%2C773&ssl=1&resize=350%2C200","width":350,"height":200,"srcset":"https:\/\/i0.wp.com\/www.jazzzeitung.de\/cms\/wp-content\/uploads\/2019\/03\/jazz_im_radio.jpg?fit=1200%2C773&ssl=1&resize=350%2C200 1x, https:\/\/i0.wp.com\/www.jazzzeitung.de\/cms\/wp-content\/uploads\/2019\/03\/jazz_im_radio.jpg?fit=1200%2C773&ssl=1&resize=525%2C300 1.5x, https:\/\/i0.wp.com\/www.jazzzeitung.de\/cms\/wp-content\/uploads\/2019\/03\/jazz_im_radio.jpg?fit=1200%2C773&ssl=1&resize=700%2C400 2x, https:\/\/i0.wp.com\/www.jazzzeitung.de\/cms\/wp-content\/uploads\/2019\/03\/jazz_im_radio.jpg?fit=1200%2C773&ssl=1&resize=1050%2C600 3x"},"classes":[]},{"id":23982,"url":"https:\/\/www.jazzzeitung.de\/cms\/2020\/12\/die-jazz-radiowoche-vom-14-12-20-bis-31-12-2020\/","url_meta":{"origin":24400,"position":3},"title":"Die Jazz-Radiowoche vom 14.12.20 bis 31.12.2020","author":"Martin Hufner","date":"13. Dezember 2020","format":false,"excerpt":"Ein kleiner Blick in Restmonat. Die Suchmaschine der ARD hat ihren Dienst am 7.12.2020 eingestellt. Nachfragen haben nur gezeigt, dass die Veranwortlichen kein Interesse daran haben, das zu kommunizieren. Weder ist herauszubekommen, wer das veranlasst hat noch warum. Danke ARD! F\u00fcr nichts. Jetzt schauen wir mal, wie es weiter geht.\u2026","rel":"","context":"In &quot;News&quot;","block_context":{"text":"News","link":"https:\/\/www.jazzzeitung.de\/cms\/thema\/nachrichten\/"},"img":{"alt_text":"Jazz im Radio. Foto: Hufner","src":"https:\/\/i0.wp.com\/www.jazzzeitung.de\/cms\/wp-content\/uploads\/2019\/03\/jazz_im_radio.jpg?fit=1200%2C773&ssl=1&resize=350%2C200","width":350,"height":200,"srcset":"https:\/\/i0.wp.com\/www.jazzzeitung.de\/cms\/wp-content\/uploads\/2019\/03\/jazz_im_radio.jpg?fit=1200%2C773&ssl=1&resize=350%2C200 1x, https:\/\/i0.wp.com\/www.jazzzeitung.de\/cms\/wp-content\/uploads\/2019\/03\/jazz_im_radio.jpg?fit=1200%2C773&ssl=1&resize=525%2C300 1.5x, https:\/\/i0.wp.com\/www.jazzzeitung.de\/cms\/wp-content\/uploads\/2019\/03\/jazz_im_radio.jpg?fit=1200%2C773&ssl=1&resize=700%2C400 2x, https:\/\/i0.wp.com\/www.jazzzeitung.de\/cms\/wp-content\/uploads\/2019\/03\/jazz_im_radio.jpg?fit=1200%2C773&ssl=1&resize=1050%2C600 3x"},"classes":[]},{"id":22441,"url":"https:\/\/www.jazzzeitung.de\/cms\/2020\/05\/die-jazz-radiowoche-vom-04-05-20-bis-10-05-20\/","url_meta":{"origin":24400,"position":4},"title":"Die Jazz-Radiowoche vom 04.05.20 bis 10.05.20","author":"Martin Hufner","date":"3. Mai 2020","format":false,"excerpt":"Ein kleiner Blick in die Jazzwoche 19 im Radio. Alle Angaben ohne Gew\u00e4hr. Jazz Special \u2013 Fire Music \u2013 Die unheilige Allianz von Jazz und Krieg | The Space Between \u2013 Mikrotonalit\u00e4t im Jazz","rel":"","context":"In &quot;News&quot;","block_context":{"text":"News","link":"https:\/\/www.jazzzeitung.de\/cms\/thema\/nachrichten\/"},"img":{"alt_text":"Jazz im Radio. Foto: Hufner","src":"https:\/\/i0.wp.com\/www.jazzzeitung.de\/cms\/wp-content\/uploads\/2019\/03\/jazz_im_radio.jpg?fit=1200%2C773&ssl=1&resize=350%2C200","width":350,"height":200,"srcset":"https:\/\/i0.wp.com\/www.jazzzeitung.de\/cms\/wp-content\/uploads\/2019\/03\/jazz_im_radio.jpg?fit=1200%2C773&ssl=1&resize=350%2C200 1x, https:\/\/i0.wp.com\/www.jazzzeitung.de\/cms\/wp-content\/uploads\/2019\/03\/jazz_im_radio.jpg?fit=1200%2C773&ssl=1&resize=525%2C300 1.5x, https:\/\/i0.wp.com\/www.jazzzeitung.de\/cms\/wp-content\/uploads\/2019\/03\/jazz_im_radio.jpg?fit=1200%2C773&ssl=1&resize=700%2C400 2x, https:\/\/i0.wp.com\/www.jazzzeitung.de\/cms\/wp-content\/uploads\/2019\/03\/jazz_im_radio.jpg?fit=1200%2C773&ssl=1&resize=1050%2C600 3x"},"classes":[]},{"id":23135,"url":"https:\/\/www.jazzzeitung.de\/cms\/2020\/08\/die-jazz-radiowoche-vom-10-08-bis-16-08-2020\/","url_meta":{"origin":24400,"position":5},"title":"Die Jazz-Radiowoche vom 10.08. bis 16.08.2020","author":"Martin Hufner","date":"9. August 2020","format":false,"excerpt":"Ein kleiner Blick in die Jazzwoche 33 im Radio. Alle Angaben ohne Gew\u00e4hr. Unter anderem: Botschafter Haitis \u2013 der Altsaxofonist Godwin Lewis","rel":"","context":"In &quot;News&quot;","block_context":{"text":"News","link":"https:\/\/www.jazzzeitung.de\/cms\/thema\/nachrichten\/"},"img":{"alt_text":"Jazz im Radio. Foto: Hufner","src":"https:\/\/i0.wp.com\/www.jazzzeitung.de\/cms\/wp-content\/uploads\/2019\/03\/jazz_im_radio.jpg?fit=1200%2C773&ssl=1&resize=350%2C200","width":350,"height":200,"srcset":"https:\/\/i0.wp.com\/www.jazzzeitung.de\/cms\/wp-content\/uploads\/2019\/03\/jazz_im_radio.jpg?fit=1200%2C773&ssl=1&resize=350%2C200 1x, https:\/\/i0.wp.com\/www.jazzzeitung.de\/cms\/wp-content\/uploads\/2019\/03\/jazz_im_radio.jpg?fit=1200%2C773&ssl=1&resize=525%2C300 1.5x, https:\/\/i0.wp.com\/www.jazzzeitung.de\/cms\/wp-content\/uploads\/2019\/03\/jazz_im_radio.jpg?fit=1200%2C773&ssl=1&resize=700%2C400 2x, https:\/\/i0.wp.com\/www.jazzzeitung.de\/cms\/wp-content\/uploads\/2019\/03\/jazz_im_radio.jpg?fit=1200%2C773&ssl=1&resize=1050%2C600 3x"},"classes":[]}],"jetpack_sharing_enabled":false,"_links":{"self":[{"href":"https:\/\/www.jazzzeitung.de\/cms\/wp-json\/wp\/v2\/posts\/24400","targetHints":{"allow":["GET"]}}],"collection":[{"href":"https:\/\/www.jazzzeitung.de\/cms\/wp-json\/wp\/v2\/posts"}],"about":[{"href":"https:\/\/www.jazzzeitung.de\/cms\/wp-json\/wp\/v2\/types\/post"}],"author":[{"embeddable":true,"href":"https:\/\/www.jazzzeitung.de\/cms\/wp-json\/wp\/v2\/users\/1"}],"replies":[{"embeddable":true,"href":"https:\/\/www.jazzzeitung.de\/cms\/wp-json\/wp\/v2\/comments?post=24400"}],"version-history":[{"count":1,"href":"https:\/\/www.jazzzeitung.de\/cms\/wp-json\/wp\/v2\/posts\/24400\/revisions"}],"predecessor-version":[{"id":24401,"href":"https:\/\/www.jazzzeitung.de\/cms\/wp-json\/wp\/v2\/posts\/24400\/revisions\/24401"}],"wp:featuredmedia":[{"embeddable":true,"href":"https:\/\/www.jazzzeitung.de\/cms\/wp-json\/wp\/v2\/media\/18913"}],"wp:attachment":[{"href":"https:\/\/www.jazzzeitung.de\/cms\/wp-json\/wp\/v2\/media?parent=24400"}],"wp:term":[{"taxonomy":"category","embeddable":true,"href":"https:\/\/www.jazzzeitung.de\/cms\/wp-json\/wp\/v2\/categories?post=24400"},{"taxonomy":"post_tag","embeddable":true,"href":"https:\/\/www.jazzzeitung.de\/cms\/wp-json\/wp\/v2\/tags?post=24400"},{"taxonomy":"author","embeddable":true,"href":"https:\/\/www.jazzzeitung.de\/cms\/wp-json\/wp\/v2\/coauthors?post=24400"}],"curies":[{"name":"wp","href":"https:\/\/api.w.org\/{rel}","templated":true}]}}