{"id":2434,"date":"2013-10-12T21:01:11","date_gmt":"2013-10-12T19:01:11","guid":{"rendered":"http:\/\/www.jazzzeitung.de\/cms\/?p=2434"},"modified":"2013-10-12T21:01:11","modified_gmt":"2013-10-12T19:01:11","slug":"sunday-night-orchetra","status":"publish","type":"post","link":"https:\/\/www.jazzzeitung.de\/cms\/2013\/10\/sunday-night-orchetra\/","title":{"rendered":"Sunday Night Orchetra"},"content":{"rendered":"<p>Die Zahl von Schul-, Jugend- und Amateurbigbands geht in die tausende. Erstaunliche in diesen Zusammenhang ist auch die gro\u00dfe Zahl von sog. Profi-Bigbands, in denen gut ausgebildete und renommierte Jazzmusiker spielen, deren Einkommen von anderer Seite gesichert ist \u2013 sei es durch die Anstellung in einer Rundfunkbigband und\/oder als Lehrerende an Musikschulen und Musikhochschulen. Das Cologne Contemporary Orchestra, die Count Pauli Bigband von Philip Kacza in Hamburg, das Max von Mosch-Orchetra, die Bigband \u201eSummit\u201c von Christian Sommerer und das Sunday Night Orchestra seien hier exemplarisch genannt. Letztere trat am 30. September im soeben mit dem Spielst\u00e4ttenprogrammpreis ausgezeichneten Jazzclub \u201eUnterfahrt\u201c in M\u00fcnchen auf.<\/p>\n<p>Posaunist J\u00fcrgen Neudert hat seit kurzem die Organisation \u00fcbernommen und ist auf der Suche nach (bezahlten) Auftrittsm\u00f6glichkeiten. (Eine CD wird in K\u00fcrze erscheinen). Da nur wenige Konzert- und Festivalveranstalter in Deutschland in der Lage sind, eine Bigband auftreten zu lassen und gleichzeitig ausk\u00f6mmlich zu bezahlen, sollte und k\u00f6nnte z.B. das Goethe-Institut solche gro\u00dfen Ensembles vorzugweise ins Ausland schicken und damit auch finanziell deren Existenz mit sichern helfen.<\/p>\n<p>Denn in diesen Orchestern konzentrieren sich hervorragende Musiker, die ein hohes handwerkliches K\u00f6nnen und engagierte Kreativit\u00e4t auszeichnet, was bei den ausl\u00e4ndischen Partnern Interesse und Begeisterung wecken und zudem international den Beweis hochwertigen jazzmusikalischen K\u00f6nnens f\u00fchren kann. Andere L\u00e4nder im europ\u00e4ischen Raum haben das schon kapiert und sind hier schon weiter.<\/p>\n","protected":false},"excerpt":{"rendered":"<p>Die Zahl von Schul-, Jugend- und Amateurbigbands geht in die tausende. Erstaunliche in diesen Zusammenhang ist auch die gro\u00dfe Zahl von sog. Profi-Bigbands, in denen gut ausgebildete und renommierte Jazzmusiker spielen, deren Einkommen von anderer Seite gesichert ist \u2013 sei es durch die Anstellung in einer Rundfunkbigband und\/oder als Lehrerende an Musikschulen und Musikhochschulen. Das Cologne Contemporary Orchestra, die Count Pauli Bigband von Philip Kacza in Hamburg, das Max von Mosch-Orchetra, die Bigband \u201eSummit\u201c von Christian Sommerer und das Sunday Night Orchestra seien hier exemplarisch genannt. Letztere trat am 30. September im soeben mit dem Spielst\u00e4ttenprogrammpreis ausgezeichneten Jazzclub \u201eUnterfahrt\u201c in M\u00fcnchen auf. Posaunist J\u00fcrgen Neudert hat seit kurzem die Organisation \u00fcbernommen und ist auf der Suche nach (bezahlten) Auftrittsm\u00f6glichkeiten. (Eine CD wird in K\u00fcrze erscheinen). Da nur wenige Konzert- und Festivalveranstalter in Deutschland in der Lage sind, eine Bigband auftreten zu lassen und gleichzeitig ausk\u00f6mmlich zu bezahlen, sollte und k\u00f6nnte z.B. das Goethe-Institut solche gro\u00dfen Ensembles vorzugweise ins Ausland schicken und damit auch finanziell deren Existenz mit sichern helfen. Denn in diesen Orchestern konzentrieren sich hervorragende Musiker, die ein hohes handwerkliches K\u00f6nnen und engagierte Kreativit\u00e4t &hellip;<\/p>\n","protected":false},"author":10,"featured_media":0,"comment_status":"open","ping_status":"open","sticky":false,"template":"","format":"standard","meta":{"_jetpack_memberships_contains_paid_content":false,"footnotes":"","jetpack_publicize_message":"","jetpack_publicize_feature_enabled":true,"jetpack_social_post_already_shared":false,"jetpack_social_options":{"image_generator_settings":{"template":"highway","default_image_id":0,"font":"","enabled":false},"version":2}},"categories":[82],"tags":[73,109,137,205,271,281,309,401,708],"coauthors":[723],"class_list":["post-2434","post","type-post","status-publish","format-standard","hentry","category-blog","tag-bigband","tag-cd","tag-deutschland","tag-goethe-institut","tag-jazzclub","tag-jazzmusiker","tag-juergen-neudert","tag-muenchen","tag-spielstaettenprogrammpreis"],"yoast_head":"<!-- This site is optimized with the Yoast SEO plugin v27.5 - https:\/\/yoast.com\/product\/yoast-seo-wordpress\/ -->\n<title>Sunday Night Orchetra - JazzZeitung<\/title>\n<meta name=\"robots\" content=\"index, follow, max-snippet:-1, max-image-preview:large, max-video-preview:-1\" \/>\n<link rel=\"canonical\" href=\"https:\/\/www.jazzzeitung.de\/cms\/2013\/10\/sunday-night-orchetra\/\" \/>\n<meta property=\"og:locale\" content=\"de_DE\" \/>\n<meta property=\"og:type\" content=\"article\" \/>\n<meta property=\"og:title\" content=\"Sunday Night Orchetra - JazzZeitung\" \/>\n<meta property=\"og:description\" content=\"Die Zahl von Schul-, Jugend- und Amateurbigbands geht in die tausende. Erstaunliche in diesen Zusammenhang ist auch die gro\u00dfe Zahl von sog. Profi-Bigbands, in denen gut ausgebildete und renommierte Jazzmusiker spielen, deren Einkommen von anderer Seite gesichert ist \u2013 sei es durch die Anstellung in einer Rundfunkbigband und\/oder als Lehrerende an Musikschulen und Musikhochschulen. Das Cologne Contemporary Orchestra, die Count Pauli Bigband von Philip Kacza in Hamburg, das Max von Mosch-Orchetra, die Bigband \u201eSummit\u201c von Christian Sommerer und das Sunday Night Orchestra seien hier exemplarisch genannt. Letztere trat am 30. September im soeben mit dem Spielst\u00e4ttenprogrammpreis ausgezeichneten Jazzclub \u201eUnterfahrt\u201c in M\u00fcnchen auf. Posaunist J\u00fcrgen Neudert hat seit kurzem die Organisation \u00fcbernommen und ist auf der Suche nach (bezahlten) Auftrittsm\u00f6glichkeiten. (Eine CD wird in K\u00fcrze erscheinen). Da nur wenige Konzert- und Festivalveranstalter in Deutschland in der Lage sind, eine Bigband auftreten zu lassen und gleichzeitig ausk\u00f6mmlich zu bezahlen, sollte und k\u00f6nnte z.B. das Goethe-Institut solche gro\u00dfen Ensembles vorzugweise ins Ausland schicken und damit auch finanziell deren Existenz mit sichern helfen. Denn in diesen Orchestern konzentrieren sich hervorragende Musiker, die ein hohes handwerkliches K\u00f6nnen und engagierte Kreativit\u00e4t &hellip;\" \/>\n<meta property=\"og:url\" content=\"https:\/\/www.jazzzeitung.de\/cms\/2013\/10\/sunday-night-orchetra\/\" \/>\n<meta property=\"og:site_name\" content=\"JazzZeitung\" \/>\n<meta property=\"article:publisher\" content=\"https:\/\/www.facebook.com\/JazzZeitung\/\" \/>\n<meta property=\"article:published_time\" content=\"2013-10-12T19:01:11+00:00\" \/>\n<meta property=\"og:image\" content=\"https:\/\/i0.wp.com\/www.jazzzeitung.de\/cms\/wp-content\/uploads\/2012\/01\/ipad-logo-200.png?fit=200%2C200&ssl=1\" \/>\n\t<meta property=\"og:image:width\" content=\"200\" \/>\n\t<meta property=\"og:image:height\" content=\"200\" \/>\n\t<meta property=\"og:image:type\" content=\"image\/png\" \/>\n<meta name=\"author\" content=\"Peter Ortmann\" \/>\n<script type=\"application\/ld+json\" class=\"yoast-schema-graph\">{\"@context\":\"https:\\\/\\\/schema.org\",\"@graph\":[{\"@type\":\"Article\",\"@id\":\"https:\\\/\\\/www.jazzzeitung.de\\\/cms\\\/2013\\\/10\\\/sunday-night-orchetra\\\/#article\",\"isPartOf\":{\"@id\":\"https:\\\/\\\/www.jazzzeitung.de\\\/cms\\\/2013\\\/10\\\/sunday-night-orchetra\\\/\"},\"author\":{\"name\":\"Peter Ortmann\",\"@id\":\"https:\\\/\\\/www.jazzzeitung.de\\\/cms\\\/#\\\/schema\\\/person\\\/d04743af6cf7c1de5d6146c923bf9d6d\"},\"headline\":\"Sunday Night Orchetra\",\"datePublished\":\"2013-10-12T19:01:11+00:00\",\"mainEntityOfPage\":{\"@id\":\"https:\\\/\\\/www.jazzzeitung.de\\\/cms\\\/2013\\\/10\\\/sunday-night-orchetra\\\/\"},\"wordCount\":238,\"commentCount\":0,\"publisher\":{\"@id\":\"https:\\\/\\\/www.jazzzeitung.de\\\/cms\\\/#organization\"},\"keywords\":[\"Bigband\",\"CD\",\"Deutschland\",\"Goethe-Institut\",\"Jazzclub\",\"Jazzmusiker\",\"J\u00fcrgen Neudert\",\"M\u00fcnchen\",\"Spielst\u00e4ttenprogrammpreis\"],\"articleSection\":[\"Blog\"],\"inLanguage\":\"de\",\"potentialAction\":[{\"@type\":\"CommentAction\",\"name\":\"Comment\",\"target\":[\"https:\\\/\\\/www.jazzzeitung.de\\\/cms\\\/2013\\\/10\\\/sunday-night-orchetra\\\/#respond\"]}]},{\"@type\":\"WebPage\",\"@id\":\"https:\\\/\\\/www.jazzzeitung.de\\\/cms\\\/2013\\\/10\\\/sunday-night-orchetra\\\/\",\"url\":\"https:\\\/\\\/www.jazzzeitung.de\\\/cms\\\/2013\\\/10\\\/sunday-night-orchetra\\\/\",\"name\":\"Sunday Night Orchetra - JazzZeitung\",\"isPartOf\":{\"@id\":\"https:\\\/\\\/www.jazzzeitung.de\\\/cms\\\/#website\"},\"datePublished\":\"2013-10-12T19:01:11+00:00\",\"breadcrumb\":{\"@id\":\"https:\\\/\\\/www.jazzzeitung.de\\\/cms\\\/2013\\\/10\\\/sunday-night-orchetra\\\/#breadcrumb\"},\"inLanguage\":\"de\",\"potentialAction\":[{\"@type\":\"ReadAction\",\"target\":[\"https:\\\/\\\/www.jazzzeitung.de\\\/cms\\\/2013\\\/10\\\/sunday-night-orchetra\\\/\"]}]},{\"@type\":\"BreadcrumbList\",\"@id\":\"https:\\\/\\\/www.jazzzeitung.de\\\/cms\\\/2013\\\/10\\\/sunday-night-orchetra\\\/#breadcrumb\",\"itemListElement\":[{\"@type\":\"ListItem\",\"position\":1,\"name\":\"Startseite\",\"item\":\"https:\\\/\\\/www.jazzzeitung.de\\\/cms\\\/\"},{\"@type\":\"ListItem\",\"position\":2,\"name\":\"Sunday Night Orchetra\"}]},{\"@type\":\"WebSite\",\"@id\":\"https:\\\/\\\/www.jazzzeitung.de\\\/cms\\\/#website\",\"url\":\"https:\\\/\\\/www.jazzzeitung.de\\\/cms\\\/\",\"name\":\"JazzZeitung\",\"description\":\"Jazz-News und Jazz-Kontroverses\",\"publisher\":{\"@id\":\"https:\\\/\\\/www.jazzzeitung.de\\\/cms\\\/#organization\"},\"potentialAction\":[{\"@type\":\"SearchAction\",\"target\":{\"@type\":\"EntryPoint\",\"urlTemplate\":\"https:\\\/\\\/www.jazzzeitung.de\\\/cms\\\/?s={search_term_string}\"},\"query-input\":{\"@type\":\"PropertyValueSpecification\",\"valueRequired\":true,\"valueName\":\"search_term_string\"}}],\"inLanguage\":\"de\"},{\"@type\":\"Organization\",\"@id\":\"https:\\\/\\\/www.jazzzeitung.de\\\/cms\\\/#organization\",\"name\":\"JazzZeitung online\",\"url\":\"https:\\\/\\\/www.jazzzeitung.de\\\/cms\\\/\",\"logo\":{\"@type\":\"ImageObject\",\"inLanguage\":\"de\",\"@id\":\"https:\\\/\\\/www.jazzzeitung.de\\\/cms\\\/#\\\/schema\\\/logo\\\/image\\\/\",\"url\":\"https:\\\/\\\/i0.wp.com\\\/www.jazzzeitung.de\\\/cms\\\/wp-content\\\/uploads\\\/2015\\\/08\\\/JAZZZEITUNGDE_Logo_Neu.png?fit=499%2C200&ssl=1\",\"contentUrl\":\"https:\\\/\\\/i0.wp.com\\\/www.jazzzeitung.de\\\/cms\\\/wp-content\\\/uploads\\\/2015\\\/08\\\/JAZZZEITUNGDE_Logo_Neu.png?fit=499%2C200&ssl=1\",\"width\":499,\"height\":200,\"caption\":\"JazzZeitung online\"},\"image\":{\"@id\":\"https:\\\/\\\/www.jazzzeitung.de\\\/cms\\\/#\\\/schema\\\/logo\\\/image\\\/\"},\"sameAs\":[\"https:\\\/\\\/www.facebook.com\\\/JazzZeitung\\\/\"]},{\"@type\":\"Person\",\"@id\":\"https:\\\/\\\/www.jazzzeitung.de\\\/cms\\\/#\\\/schema\\\/person\\\/d04743af6cf7c1de5d6146c923bf9d6d\",\"name\":\"Peter Ortmann\",\"image\":{\"@type\":\"ImageObject\",\"inLanguage\":\"de\",\"@id\":\"https:\\\/\\\/secure.gravatar.com\\\/avatar\\\/bf70166e32fef6d48d206d038750c66c0de5a537a270aa6ce5217a2dd4718c95?s=96&d=wp_user_avatar&r=g011c04bc273d32457ea40445f4250792\",\"url\":\"https:\\\/\\\/secure.gravatar.com\\\/avatar\\\/bf70166e32fef6d48d206d038750c66c0de5a537a270aa6ce5217a2dd4718c95?s=96&d=wp_user_avatar&r=g\",\"contentUrl\":\"https:\\\/\\\/secure.gravatar.com\\\/avatar\\\/bf70166e32fef6d48d206d038750c66c0de5a537a270aa6ce5217a2dd4718c95?s=96&d=wp_user_avatar&r=g\",\"caption\":\"Peter Ortmann\"},\"url\":\"https:\\\/\\\/www.jazzzeitung.de\\\/cms\\\/author\\\/ortmann\\\/\"}]}<\/script>\n<!-- \/ Yoast SEO plugin. -->","yoast_head_json":{"title":"Sunday Night Orchetra - JazzZeitung","robots":{"index":"index","follow":"follow","max-snippet":"max-snippet:-1","max-image-preview":"max-image-preview:large","max-video-preview":"max-video-preview:-1"},"canonical":"https:\/\/www.jazzzeitung.de\/cms\/2013\/10\/sunday-night-orchetra\/","og_locale":"de_DE","og_type":"article","og_title":"Sunday Night Orchetra - JazzZeitung","og_description":"Die Zahl von Schul-, Jugend- und Amateurbigbands geht in die tausende. Erstaunliche in diesen Zusammenhang ist auch die gro\u00dfe Zahl von sog. Profi-Bigbands, in denen gut ausgebildete und renommierte Jazzmusiker spielen, deren Einkommen von anderer Seite gesichert ist \u2013 sei es durch die Anstellung in einer Rundfunkbigband und\/oder als Lehrerende an Musikschulen und Musikhochschulen. Das Cologne Contemporary Orchestra, die Count Pauli Bigband von Philip Kacza in Hamburg, das Max von Mosch-Orchetra, die Bigband \u201eSummit\u201c von Christian Sommerer und das Sunday Night Orchestra seien hier exemplarisch genannt. Letztere trat am 30. September im soeben mit dem Spielst\u00e4ttenprogrammpreis ausgezeichneten Jazzclub \u201eUnterfahrt\u201c in M\u00fcnchen auf. Posaunist J\u00fcrgen Neudert hat seit kurzem die Organisation \u00fcbernommen und ist auf der Suche nach (bezahlten) Auftrittsm\u00f6glichkeiten. (Eine CD wird in K\u00fcrze erscheinen). Da nur wenige Konzert- und Festivalveranstalter in Deutschland in der Lage sind, eine Bigband auftreten zu lassen und gleichzeitig ausk\u00f6mmlich zu bezahlen, sollte und k\u00f6nnte z.B. das Goethe-Institut solche gro\u00dfen Ensembles vorzugweise ins Ausland schicken und damit auch finanziell deren Existenz mit sichern helfen. Denn in diesen Orchestern konzentrieren sich hervorragende Musiker, die ein hohes handwerkliches K\u00f6nnen und engagierte Kreativit\u00e4t &hellip;","og_url":"https:\/\/www.jazzzeitung.de\/cms\/2013\/10\/sunday-night-orchetra\/","og_site_name":"JazzZeitung","article_publisher":"https:\/\/www.facebook.com\/JazzZeitung\/","article_published_time":"2013-10-12T19:01:11+00:00","og_image":[{"width":200,"height":200,"url":"https:\/\/i0.wp.com\/www.jazzzeitung.de\/cms\/wp-content\/uploads\/2012\/01\/ipad-logo-200.png?fit=200%2C200&ssl=1","type":"image\/png"}],"author":"Peter Ortmann","schema":{"@context":"https:\/\/schema.org","@graph":[{"@type":"Article","@id":"https:\/\/www.jazzzeitung.de\/cms\/2013\/10\/sunday-night-orchetra\/#article","isPartOf":{"@id":"https:\/\/www.jazzzeitung.de\/cms\/2013\/10\/sunday-night-orchetra\/"},"author":{"name":"Peter Ortmann","@id":"https:\/\/www.jazzzeitung.de\/cms\/#\/schema\/person\/d04743af6cf7c1de5d6146c923bf9d6d"},"headline":"Sunday Night Orchetra","datePublished":"2013-10-12T19:01:11+00:00","mainEntityOfPage":{"@id":"https:\/\/www.jazzzeitung.de\/cms\/2013\/10\/sunday-night-orchetra\/"},"wordCount":238,"commentCount":0,"publisher":{"@id":"https:\/\/www.jazzzeitung.de\/cms\/#organization"},"keywords":["Bigband","CD","Deutschland","Goethe-Institut","Jazzclub","Jazzmusiker","J\u00fcrgen Neudert","M\u00fcnchen","Spielst\u00e4ttenprogrammpreis"],"articleSection":["Blog"],"inLanguage":"de","potentialAction":[{"@type":"CommentAction","name":"Comment","target":["https:\/\/www.jazzzeitung.de\/cms\/2013\/10\/sunday-night-orchetra\/#respond"]}]},{"@type":"WebPage","@id":"https:\/\/www.jazzzeitung.de\/cms\/2013\/10\/sunday-night-orchetra\/","url":"https:\/\/www.jazzzeitung.de\/cms\/2013\/10\/sunday-night-orchetra\/","name":"Sunday Night Orchetra - JazzZeitung","isPartOf":{"@id":"https:\/\/www.jazzzeitung.de\/cms\/#website"},"datePublished":"2013-10-12T19:01:11+00:00","breadcrumb":{"@id":"https:\/\/www.jazzzeitung.de\/cms\/2013\/10\/sunday-night-orchetra\/#breadcrumb"},"inLanguage":"de","potentialAction":[{"@type":"ReadAction","target":["https:\/\/www.jazzzeitung.de\/cms\/2013\/10\/sunday-night-orchetra\/"]}]},{"@type":"BreadcrumbList","@id":"https:\/\/www.jazzzeitung.de\/cms\/2013\/10\/sunday-night-orchetra\/#breadcrumb","itemListElement":[{"@type":"ListItem","position":1,"name":"Startseite","item":"https:\/\/www.jazzzeitung.de\/cms\/"},{"@type":"ListItem","position":2,"name":"Sunday Night Orchetra"}]},{"@type":"WebSite","@id":"https:\/\/www.jazzzeitung.de\/cms\/#website","url":"https:\/\/www.jazzzeitung.de\/cms\/","name":"JazzZeitung","description":"Jazz-News und Jazz-Kontroverses","publisher":{"@id":"https:\/\/www.jazzzeitung.de\/cms\/#organization"},"potentialAction":[{"@type":"SearchAction","target":{"@type":"EntryPoint","urlTemplate":"https:\/\/www.jazzzeitung.de\/cms\/?s={search_term_string}"},"query-input":{"@type":"PropertyValueSpecification","valueRequired":true,"valueName":"search_term_string"}}],"inLanguage":"de"},{"@type":"Organization","@id":"https:\/\/www.jazzzeitung.de\/cms\/#organization","name":"JazzZeitung online","url":"https:\/\/www.jazzzeitung.de\/cms\/","logo":{"@type":"ImageObject","inLanguage":"de","@id":"https:\/\/www.jazzzeitung.de\/cms\/#\/schema\/logo\/image\/","url":"https:\/\/i0.wp.com\/www.jazzzeitung.de\/cms\/wp-content\/uploads\/2015\/08\/JAZZZEITUNGDE_Logo_Neu.png?fit=499%2C200&ssl=1","contentUrl":"https:\/\/i0.wp.com\/www.jazzzeitung.de\/cms\/wp-content\/uploads\/2015\/08\/JAZZZEITUNGDE_Logo_Neu.png?fit=499%2C200&ssl=1","width":499,"height":200,"caption":"JazzZeitung online"},"image":{"@id":"https:\/\/www.jazzzeitung.de\/cms\/#\/schema\/logo\/image\/"},"sameAs":["https:\/\/www.facebook.com\/JazzZeitung\/"]},{"@type":"Person","@id":"https:\/\/www.jazzzeitung.de\/cms\/#\/schema\/person\/d04743af6cf7c1de5d6146c923bf9d6d","name":"Peter Ortmann","image":{"@type":"ImageObject","inLanguage":"de","@id":"https:\/\/secure.gravatar.com\/avatar\/bf70166e32fef6d48d206d038750c66c0de5a537a270aa6ce5217a2dd4718c95?s=96&d=wp_user_avatar&r=g011c04bc273d32457ea40445f4250792","url":"https:\/\/secure.gravatar.com\/avatar\/bf70166e32fef6d48d206d038750c66c0de5a537a270aa6ce5217a2dd4718c95?s=96&d=wp_user_avatar&r=g","contentUrl":"https:\/\/secure.gravatar.com\/avatar\/bf70166e32fef6d48d206d038750c66c0de5a537a270aa6ce5217a2dd4718c95?s=96&d=wp_user_avatar&r=g","caption":"Peter Ortmann"},"url":"https:\/\/www.jazzzeitung.de\/cms\/author\/ortmann\/"}]}},"wp-worthy-pixel":{"ignored":false,"public":null,"server":null,"url":null},"wp-worthy-type":"normal","jetpack_publicize_connections":[],"cc_featured_image_caption":{"caption_text":false,"source_text":false,"source_url":false},"jetpack_featured_media_url":"","jetpack_shortlink":"https:\/\/wp.me\/p3KEcT-Dg","jetpack-related-posts":[{"id":10897,"url":"https:\/\/www.jazzzeitung.de\/cms\/2016\/11\/news-37-internationaler-jazz-workshop-in-erlangen-3-piano-marathon-ottobrunn-junger-muenchner-jazzpreis-konzertfinale\/","url_meta":{"origin":2434,"position":0},"title":"NEWS +++ 37. Internationaler Jazz Workshop in Erlangen +++ 3. Piano Marathon Ottobrunn+++ Junger M\u00fcnchner Jazzpreis Konzertfinale +++","author":"Redaktion JazzZeitung","date":"8. November 2016","format":false,"excerpt":"37. Internationaler Jazz Workshop in Erlangen Vom 15. bis zum 22. April 2017\u00a0gibt es in Erlangen den\u00a037. Internationalen Jazz Workshop. Als Dozenten sind 2017 geladen: Romy Camerun (voc), Andrey Lobanov (tp, flh), Prof. J\u00fcrgen Neudert (tb), Tony Lakatos, Hubert Winter und Joachim Lenhardt (saxophone), Peter O'Mara (git), Bernhard Pichl (p),\u2026","rel":"","context":"In &quot;News&quot;","block_context":{"text":"News","link":"https:\/\/www.jazzzeitung.de\/cms\/thema\/nachrichten\/"},"img":{"alt_text":"Rainer Glas (Bass). Foto: Privat","src":"https:\/\/i0.wp.com\/www.jazzzeitung.de\/cms\/wp-content\/uploads\/2016\/11\/DSC0082-150x150.jpg?resize=350%2C200","width":350,"height":200},"classes":[]},{"id":10640,"url":"https:\/\/www.jazzzeitung.de\/cms\/2016\/10\/jim-jazzfest-muenchen-startet-mir-einem-kurzflug-durch-die-jazzgeschichte-in-den-offenen-raum\/","url_meta":{"origin":2434,"position":1},"title":"JIM-Jazzfest M\u00fcnchen startet mir einem Kurzflug durch die Jazzgeschichte in den offenen Raum","author":"Redaktion JazzZeitung","date":"22. Oktober 2016","format":false,"excerpt":"Das 27. Jazzfest M\u00fcnchen bleibt weiter der selbst gestellten Aufgabe treu, zu zeigen, \u201ewelche Musiker in M\u00fcnchen und Umgebung basiert sind oder es fr\u00fcher waren\u201c und wie sie mit Kollegen aus der ganzen Welt zusammenarbeiten. Gegens\u00e4tzlicher h\u00e4tte Pianist Andy Lutter, Vorsitzender der Jazzmusiker-Iniative M\u00fcnchen (JIM) und Programmmacher des Jazzfest M\u00fcnchen\u2026","rel":"","context":"In &quot;Bericht&quot;","block_context":{"text":"Bericht","link":"https:\/\/www.jazzzeitung.de\/cms\/thema\/bericht\/"},"img":{"alt_text":"","src":"https:\/\/i0.wp.com\/www.jazzzeitung.de\/cms\/wp-content\/uploads\/2016\/10\/KRAUSEClaas-VERWORNERChristopherVKKO%C2%A9Godehard.Lutz%40bayern-mail.de_IMGP8274B-1.jpg?resize=350%2C200","width":350,"height":200,"srcset":"https:\/\/i0.wp.com\/www.jazzzeitung.de\/cms\/wp-content\/uploads\/2016\/10\/KRAUSEClaas-VERWORNERChristopherVKKO%C2%A9Godehard.Lutz%40bayern-mail.de_IMGP8274B-1.jpg?resize=350%2C200 1x, https:\/\/i0.wp.com\/www.jazzzeitung.de\/cms\/wp-content\/uploads\/2016\/10\/KRAUSEClaas-VERWORNERChristopherVKKO%C2%A9Godehard.Lutz%40bayern-mail.de_IMGP8274B-1.jpg?resize=525%2C300 1.5x, https:\/\/i0.wp.com\/www.jazzzeitung.de\/cms\/wp-content\/uploads\/2016\/10\/KRAUSEClaas-VERWORNERChristopherVKKO%C2%A9Godehard.Lutz%40bayern-mail.de_IMGP8274B-1.jpg?resize=700%2C400 2x, https:\/\/i0.wp.com\/www.jazzzeitung.de\/cms\/wp-content\/uploads\/2016\/10\/KRAUSEClaas-VERWORNERChristopherVKKO%C2%A9Godehard.Lutz%40bayern-mail.de_IMGP8274B-1.jpg?resize=1050%2C600 3x, https:\/\/i0.wp.com\/www.jazzzeitung.de\/cms\/wp-content\/uploads\/2016\/10\/KRAUSEClaas-VERWORNERChristopherVKKO%C2%A9Godehard.Lutz%40bayern-mail.de_IMGP8274B-1.jpg?resize=1400%2C800 4x"},"classes":[]},{"id":2558,"url":"https:\/\/www.jazzzeitung.de\/cms\/2013\/10\/jazzclub-pfaffenhofen-erhaelt-spielstaettenprogrammpreis-2\/","url_meta":{"origin":2434,"position":2},"title":"Jazzclub Pfaffenhofen erh\u00e4lt Spielst\u00e4ttenprogrammpreis","author":"Redaktion JazzZeitung","date":"28. Oktober 2013","format":false,"excerpt":"Dem Jazzclub Pfaffenhofen wurde im September in Hamburg der Spielst\u00e4ttenprogrammpreis verliehen. Dieser Preis wird vergeben um Spielst\u00e4tten und Veranstalter von Livemusikreihen zu w\u00fcrdigen, die 2012 ein kulturell herausragendes Livemusikprogramm im Bereich Rock, Pop und Jazz angeboten haben. Der K\u00fcnstlerwerkstatt wurde der mit 5.000 Euro dotierte Preis in der Kategorie III\u2026","rel":"","context":"In &quot;News&quot;","block_context":{"text":"News","link":"https:\/\/www.jazzzeitung.de\/cms\/thema\/nachrichten\/"},"img":{"alt_text":"Vorstand Matthias Stadler nimmt den Preis vom Kulturstaatsministers der Bundesregierung, Bernd Neumann, entgegen.","src":"https:\/\/i0.wp.com\/www.jazzzeitung.de\/cms\/wp-content\/uploads\/2013\/10\/Jazzclub-Pfaffenhofen-150x150.jpg?resize=350%2C200","width":350,"height":200},"classes":[]},{"id":13235,"url":"https:\/\/www.jazzzeitung.de\/cms\/2017\/08\/bmw-welt-young-artist-jazz-award-bringt-roman-sladek-zweimal-auf-die-buehnen-des-landes\/","url_meta":{"origin":2434,"position":3},"title":"BMW Welt Young Artist Jazz Award bringt Roman Sladek zweimal auf die B\u00fchnen des Landes","author":"Redaktion JazzZeitung","date":"9. August 2017","format":false,"excerpt":"Leipzig\/M\u00fcnchen. Roman Sladek, Preistr\u00e4ger des BMW Welt Young Artist Jazz Award 2017, wird als Teil des Preises am 14. Oktober im Werk 2 w\u00e4hrend der Leipziger Jazztage und am 23. Oktober im M\u00fcnchner Jazzclub Unterfahrt mit der Jazzrausch Bigband auftreten. Dar\u00fcber hinaus erh\u00e4lt das Nachwuchstalent 3.000 Euro als Preisgeld. Ausgew\u00e4hlt\u2026","rel":"","context":"In &quot;News&quot;","block_context":{"text":"News","link":"https:\/\/www.jazzzeitung.de\/cms\/thema\/nachrichten\/"},"img":{"alt_text":"","src":"https:\/\/i0.wp.com\/www.jazzzeitung.de\/cms\/wp-content\/uploads\/2017\/06\/Sladek-Roman_52-150x150.jpg?resize=350%2C200&ssl=1","width":350,"height":200},"classes":[]},{"id":2311,"url":"https:\/\/www.jazzzeitung.de\/cms\/2013\/09\/ueber-400-000-euro-gehen-bei-spielstaettenprogrammpreis-jazzclubs\/","url_meta":{"origin":2434,"position":4},"title":"\u00dcber 400.000 Euro gehen bei Spielst\u00e4ttenprogrammpreis an Jazzclubs","author":"Redaktion JazzZeitung","date":"26. September 2013","format":false,"excerpt":"Mehr als 300 Spielst\u00e4tten des Rock, Pop und Jazz hatten sich beworben, nun wurden 55 von ihnen f\u00fcr ihr herausragendes Programm ausgezeichnet. Am Abend des 25. September \u00fcbergab Kulturstaatsminister Bernd Neumann in Hamburg pers\u00f6nlich die Preise. Dabei ging ein Gro\u00dfteil der Preise und Pr\u00e4mien an Jazzclubs. (Die Liste aller Preistr\u00e4ger\u2026","rel":"","context":"In &quot;News&quot;","block_context":{"text":"News","link":"https:\/\/www.jazzzeitung.de\/cms\/thema\/nachrichten\/"},"img":{"alt_text":"Spielst\u00e4ttenprogrammpreis, die Jury","src":"https:\/\/i0.wp.com\/www.jazzzeitung.de\/cms\/wp-content\/uploads\/2013\/09\/SPPP_5_InitiativeMusikgGmbH2013-150x150.jpg?resize=350%2C200","width":350,"height":200},"classes":[]},{"id":822,"url":"https:\/\/www.jazzzeitung.de\/cms\/2011\/02\/bujazzo-erstmals-unter-weiblicher-fuehrung\/","url_meta":{"origin":2434,"position":5},"title":"BuJazzO erstmals unter weiblicher F\u00fchrung","author":"J\u00f6rg Lichtinger","date":"24. Februar 2011","format":false,"excerpt":"Neuigkeiten zum Gender-Thema \"Frauen im Jazz\": Historisches tut sich beim BuJazzO. W\u00e4hrend seiner 47. Arbeitsphase (6.\u201313. M\u00e4rz) in Trossingen wird das Ensemble zum ersten Mal von einer Frau geleitet. Die Berliner Komponistin und Dirigentin Maria Baptist hat das Sagen bei der unter dem Titel \"City Grooves\" stehenden Probenwoche.","rel":"","context":"In &quot;Blog&quot;","block_context":{"text":"Blog","link":"https:\/\/www.jazzzeitung.de\/cms\/thema\/blog\/"},"img":{"alt_text":"Erste weibl. Leiterin des BuJazzO: Maria Baptist. Foto: MBM","src":"https:\/\/i0.wp.com\/www.jazzzeitung.de\/cms\/wp-content\/uploads\/2011\/02\/Baptist_Pressefoto_Foto_MBM-300x225.jpg?resize=350%2C200","width":350,"height":200},"classes":[]}],"jetpack_sharing_enabled":true,"_links":{"self":[{"href":"https:\/\/www.jazzzeitung.de\/cms\/wp-json\/wp\/v2\/posts\/2434","targetHints":{"allow":["GET"]}}],"collection":[{"href":"https:\/\/www.jazzzeitung.de\/cms\/wp-json\/wp\/v2\/posts"}],"about":[{"href":"https:\/\/www.jazzzeitung.de\/cms\/wp-json\/wp\/v2\/types\/post"}],"author":[{"embeddable":true,"href":"https:\/\/www.jazzzeitung.de\/cms\/wp-json\/wp\/v2\/users\/10"}],"replies":[{"embeddable":true,"href":"https:\/\/www.jazzzeitung.de\/cms\/wp-json\/wp\/v2\/comments?post=2434"}],"version-history":[{"count":2,"href":"https:\/\/www.jazzzeitung.de\/cms\/wp-json\/wp\/v2\/posts\/2434\/revisions"}],"predecessor-version":[{"id":2444,"href":"https:\/\/www.jazzzeitung.de\/cms\/wp-json\/wp\/v2\/posts\/2434\/revisions\/2444"}],"wp:attachment":[{"href":"https:\/\/www.jazzzeitung.de\/cms\/wp-json\/wp\/v2\/media?parent=2434"}],"wp:term":[{"taxonomy":"category","embeddable":true,"href":"https:\/\/www.jazzzeitung.de\/cms\/wp-json\/wp\/v2\/categories?post=2434"},{"taxonomy":"post_tag","embeddable":true,"href":"https:\/\/www.jazzzeitung.de\/cms\/wp-json\/wp\/v2\/tags?post=2434"},{"taxonomy":"author","embeddable":true,"href":"https:\/\/www.jazzzeitung.de\/cms\/wp-json\/wp\/v2\/coauthors?post=2434"}],"curies":[{"name":"wp","href":"https:\/\/api.w.org\/{rel}","templated":true}]}}