{"id":24301,"date":"2021-01-24T12:00:43","date_gmt":"2021-01-24T11:00:43","guid":{"rendered":"https:\/\/www.jazzzeitung.de\/cms\/?p=24301"},"modified":"2021-01-24T15:29:36","modified_gmt":"2021-01-24T14:29:36","slug":"die-jazz-radiowoche-vom-25-01-2131-01-2021","status":"publish","type":"post","link":"https:\/\/www.jazzzeitung.de\/cms\/2021\/01\/die-jazz-radiowoche-vom-25-01-2131-01-2021\/","title":{"rendered":"Die Jazz-Radiowoche vom 25.01.21\u201331.01.2021"},"content":{"rendered":"<p>Ein kleiner Blick in die Jazzwoche 04 im Radio. Die \u00dcbersicht zum <a href=\"https:\/\/service.conbrio.de\/service\/download\/278\/\">Download als PDF<\/a>. Alle Angaben ohne Gew\u00e4hr.<\/p>\n<hr \/>\n<h2>Jazz im Radio (Fernsehen)<\/h2>\n<ul>\n<li><strong>SR2<\/strong> \u2013 <a href=\"http:\/\/www.sr.de\/sr\/sr2\/sendungen_a-z\/uebersicht\/jazznow\/index.html\">JazzNow<\/a> \u2013 Sonntags von 20.04 bis 22.30 Uhr<\/li>\n<li><strong>BR-KLASSIK \u2013 <\/strong><a href=\"https:\/\/www.br-klassik.de\/themen\/jazz-und-weltmusik\/jazztime-die-ganze-welt-des-jazz-100.html\">Jazztime<\/a><strong> \u2013 <\/strong>Von Montag bis Freitag t\u00e4glich um 23.05 Uhr<\/li>\n<li><strong>rbb-kultur<\/strong> \u2013 <a href=\"https:\/\/www.kulturradio.de\/programm\/schema\/sendungen\/late_night_jazz.html\">Late Night Jazz<\/a> \u2013 Sa und So 23:04 \u2013 24:00 Uhr<\/li>\n<li><strong>hr2-kultur<\/strong> \u2013 <a href=\"http:\/\/www.hr2.de\/musik\/jazz\/index.html\">Jazz in hr2-kultur<\/a> \u2013 t\u00e4glich<\/li>\n<li><strong>NDR Kultur <\/strong>\u2013 <a href=\"https:\/\/www.ndr.de\/ndrkultur\/sendungen\/play_jazz\/index.html\">Play Jazz<\/a> \u2013 5x die Woche<\/li>\n<li><strong>SWR2<\/strong> \u2013 <a href=\"https:\/\/www.swr.de\/swr2\/programm\/sendungen\/jazz\/startseite-mit-vorschau\/-\/id=659242\/did=13778140\/nid=659242\/13ttn4d\/index.html\">Jazz<\/a> \u2013 t\u00e4glich<\/li>\n<li><strong>Deutschlandfunk<\/strong> \u2013 <a href=\"http:\/\/www.deutschlandfunk.de\/jazz.747.de.html\">Jazz (\u00dcberblick)<\/a> \u2013 <a href=\"http:\/\/www.deutschlandfunk.de\/jazz-live.822.de.html\">Jazz Live<\/a>, <a href=\"http:\/\/www.deutschlandfunk.de\/jazzfacts.824.de.html\">JazzFacts<\/a> und <a href=\"http:\/\/www.deutschlandfunk.de\/milestones.1805.de.html\">Milestones<\/a><\/li>\n<li><strong>Deutschlandfunk Kultur<\/strong> \u2013 <a href=\"http:\/\/www.deutschlandfunkkultur.de\/jazz.1142.de.html\">Jazz<\/a> \u2013 diverse Sendetermine<\/li>\n<li><strong>\u00d61 <\/strong>\u2013 <a href=\"https:\/\/oe1.orf.at\/programm\/\">diverse Sendetermine<\/a><\/li>\n<li><strong>ARTE TV<\/strong> \u2013 <a href=\"https:\/\/www.arte.tv\/de\/videos\/arte-concert\/jazz\/?xtor=AD-6-%5bMV_CFR_ARTE_DE_Google_GEN_GDN%5d-%5bGDN_GEN_Arte_Concerts_Jazz%5d-C-%5bjazz%20musik%5d\">Jazz<\/a><\/li>\n<\/ul>\n<p><strong>Periodika: Dauersendungen ohne gen\u00fcgend Infos \u2013 Tagesbegleitradio<\/strong><\/p>\n<ul>\n<li><strong>SWR 2<\/strong> \u2013 <strong>SWR2 Jazz vor Sechs <\/strong>17:50 bis 18:00<\/li>\n<li><strong>hr2-kultur \u2013<\/strong> <strong>H\u00f6rbar \u2013 Musik grenzenlos <\/strong>19:04 bis 20:00<\/li>\n<li><strong>NDR Kultur <\/strong>\u2013 <strong>Play Jazz! Das Jazzmagazin<\/strong> 22:30 bis 23:30<\/li>\n<li><strong>MDR Kultur \u2013 Jazz <\/strong>19:05 bis 20:00<\/li>\n<li><strong>MDR Kultur \u2013<\/strong><strong>Jazz Lounge<\/strong> 19:35 bis 20:00<\/li>\n<li><strong>WDR3<\/strong> \u2013 Jazz &amp; World \u2013 Improvisiertes zum Tagesausklang \u2013 Montag bis Freitag, 22.04 \u2013 0:00 Uhr<\/li>\n<li><strong>WDR 3 Pers\u00f6nlich mit G\u00f6tz Alsmann<\/strong> 13:04 bis 15:00 (Samstags)<\/li>\n<\/ul>\n<hr \/>\n<h2>mo \u2013 25.01.2021<\/h2>\n<p>17:50 bis 18:00 | SWR 2<br \/>\n<strong>SWR2 Jazz vor Sechs<\/strong><\/p>\n<p>19:04 bis 20:00 | hr2-kultur<br \/>\n<strong>H\u00f6rbar \u2013 Musik grenzenlos<\/strong><\/p>\n<p>22:04 bis 00:00 | WDR 3<br \/>\n<strong>WDR 3 Jazz &amp; World<\/strong><\/p>\n<p>22:30 bis 23:00 | hr2-kultur<br \/>\n<strong>Jazz Now: Aus dem Dschungel der Neuver\u00f6ffentlichungen <\/strong><\/p>\n<p style=\"padding-left: 40px;\">heute mit: Rob Mazurek &amp; Exploding Star Orchestra | Aki Takase | Alexander Hawkins<\/p>\n<p>23:05 bis 00:00 | BR-KLASSIK<br \/>\n<strong>Jazztime: Jazztoday \u2013 Neues aus \u00d6sterreich<\/strong><\/p>\n<p style=\"padding-left: 40px;\">Aktuelle Cds von \u201eJBBG Smal\u201c, \u201eFalb\/Holub\/Setzinger\u201c, \u201eUli Rennert: CodeRED\u201c und \u201eBrot &amp; Sterne\u201c. Auswahl und Moderation: Henning Sieverts<\/p>\n<p>23:30 bis 00:00 | NDR Kultur<br \/>\n<strong>Jazz \u2013 Round Midnight: Jazz Heroes<\/strong><\/p>\n<hr \/>\n<h2>di \u2013 26.01.2021<\/h2>\n<hr \/>\n<p>01:05 bis 05:00 | Deutschlandfunk Kultur<br \/>\n<strong>Tonart: Jazz \u2013 Moderation: Manuela Krause<\/strong><\/p>\n<p>17:50 bis 18:00 | SWR 2<br \/>\n<strong>SWR2 Jazz vor Sechs<\/strong><\/p>\n<p>19:04 bis 20:00 | hr2-kultur<br \/>\n<strong>H\u00f6rbar \u2013 Musik grenzenlos<\/strong><\/p>\n<p>21:03 bis 22:00 | SWR 2<br \/>\n<strong>SWR2 Jazz Session: Arabian Waltz \u2013 Kronos Quartett und Rabih Abou-Khalil Trio 1992 in Stuttgart<\/strong><\/p>\n<p style=\"padding-left: 40px;\">Von Gerd Filtgen. Moderne Klassik, Jazz, Pop, Weltmusik und Avantgarde: Mit stilistisch unkonventionell zusammengestelltem Repertoire erreichte das von dem Violinisten David Harrington gegr\u00fcndete Kronos Quartett ein gro\u00dfes Publikum. Im gleichen Konzert setzte das Trio des libanesischen Oud-Virtuosen Rabih Abou-Khalil mit komplexen Eigenkompositionen einen anderen musikalischen Schwerpunkt. In jeder stecken, \u00e4hnlich wie bei kunstvollen Ornamenten arabischer Mosaike, weitere Passagen, die zu vielschichtigen Tonfolgen f\u00fchren.<\/p>\n<p>21:05 bis 22:00 | Deutschlandfunk<br \/>\n<strong>Jazz Live<\/strong><\/p>\n<p>22:00 bis 00:00 | Bremen Zwei<br \/>\n<strong>Jazz Grooves<\/strong><\/p>\n<p>22:04 bis 00:00 | WDR 3<br \/>\n<strong>WDR 3 Jazz &amp; World<\/strong><\/p>\n<p>22:30 bis 23:00 | hr2-kultur<br \/>\n<strong>Jazzgroove: An den R\u00e4ndern des Jazz<\/strong><\/p>\n<p style=\"padding-left: 40px;\">heute mit: Mirna Bogdanovic | The Brooks | Level Eleven. Am Mikrofon: Martin Kersten<\/p>\n<p>22:33 bis 23:30 | NDR Kultur<br \/>\n<strong>Play Jazz! <\/strong><strong>Konzert: Late Summer Jazz<\/strong><\/p>\n<p style=\"padding-left: 40px;\">A Tribute to Al Jarreau feat. Vladyslav Sendecki Trio and Ken Norris. (Kooperation mit Arte Concert). Moderation: Felix Tenbaum<\/p>\n<p>23:05 bis 00:00 | BR-KLASSIK<br \/>\n<strong>Jazztime: News &amp; Roots \u2013 Watch What Happens: Das jazzige Potential von Michel Legrand<\/strong><\/p>\n<p style=\"padding-left: 40px;\">Henning Sieverts pr\u00e4sentiert zahlreiche Ohrw\u00fcrmer des franz\u00f6sischen Filmkomponisten (1932-2019), mit den Jazzpianisten Bill Evans, Oscar Peterson, Monty Alexander, Erroll Garner und Kenny Werner<\/p>\n<p>23:30 bis 00:00 | NDR Kultur<br \/>\n<strong>Jazz \u2013 Round Midnight: Kino, Klassik, Jazz<\/strong><\/p>\n<p style=\"padding-left: 40px;\">Round Midnight ist der Platz f\u00fcr Hintergrundgeschichten, ausf\u00fchrliche Portraits und Talks mit jungen Talenten und Jazz-Legenden.<\/p>\n<p style=\"padding-left: 40px;\">In der Sendung erz\u00e4hlen Autorinnen und Autoren die Geschichten bekannter Jazz-Titel, gehen der Beziehung von Jazz und klassischer Musik nach und nehmen mit auf spannende Reisen in die Grenzgebiete von Jazz, Tango, Salsa oder Flamenco, in Jazz-Epochen wie Swing, Bebop und Fusion oder in die Geschichte ber\u00fchmter Labels wie Blue Note und in die Aktualit\u00e4t kultureller und politischer Themen wie Black Lives Matter.<\/p>\n<hr \/>\n<h2>mi \u2013 27.01.2021<\/h2>\n<hr \/>\n<p>17:50 bis 18:00 | SWR 2<br \/>\n<strong>SWR2 Jazz vor Sechs<\/strong><\/p>\n<p>19:04 bis 20:00 | hr2-kultur<br \/>\n<strong>H\u00f6rbar \u2013 Musik grenzenlos<\/strong><\/p>\n<p>19:05 bis 20:00 | BR-KLASSIK<br \/>\n<strong>Classic Sounds in Jazz: Keep it slow \u2013 Die Faszination der Langsamkeit<\/strong><\/p>\n<p style=\"padding-left: 40px;\">Mit Musik von Ella Fitzgerald, John Coltrane, Yonathan Avishai und anderen. Moderation und Auswahl: Ulrich Habersetzer<\/p>\n<p>22:04 bis 00:00 | WDR 3<br \/>\n<strong>WDR 3 Jazz &amp; World<\/strong><\/p>\n<p>22:30 bis 23:00 | hr2-kultur<br \/>\n<strong>Jazzfacts: What\u2019s going on? \u2013 Features, Interviews und was die Szene (um-)treibt <\/strong><\/p>\n<p style=\"padding-left: 40px;\">hr-Bigband: Act Local \u2013 Fokus Rhein-Main Part 5. Bei der inzwischen schon f\u00fcnften Ausgabe der hr-Bigband-Reihe \u201eAct Local\u201c wird es schwer werden, ruhig sitzen zu bleiben. Dieses Mal stehen die \u201efunky grooves\u201c von Herbie Hancocks \u201eHeadhunters\u201c und Klassiker der Fusion Supergroup \u201eWeather Report\u201c auf dem Programm.<\/p>\n<p style=\"padding-left: 40px;\">Dazu l\u00e4dt die hr-Bigband MusikerInnen aus der Region auf die B\u00fchne ein: Bassistin Franziska Aller, Percussionistin Angela Frontera und de Pianisten Ulf Kleiner. Am Mikrofon: Gregor Praml<\/p>\n<p>23:05 bis 00:00 | BR-KLASSIK<br \/>\n<strong>Jazztime: Jazz aus N\u00fcrnberg: Studio-Aufnahmen<\/strong><\/p>\n<p style=\"padding-left: 40px;\">\u201eWhat\u00b4s New?\u201c \u2013 Das Duo des Pianisten Andreas Feith und des Saxophonisten Markus Harm stellt sein, im Studio Franken des BR aufgenommenes CD-Deb\u00fct vor. Moderation und Auswahl: Beate Sampson<\/p>\n<p>23:30 bis 00:00 | NDR Kultur<br \/>\n<strong>Jazz \u2013 Round Midnight: Portraits, Talks, Hintergr\u00fcnde und Ausfl\u00fcge in die Jazzgeschichte<\/strong><\/p>\n<p style=\"padding-left: 40px;\">Round Midnight ist der Platz f\u00fcr Hintergrundgeschichten, ausf\u00fchrliche Portraits und Talks mit jungen Talenten und Jazz-Legenden.<\/p>\n<p style=\"padding-left: 40px;\">In der Sendung erz\u00e4hlen Autorinnen und Autoren die Geschichten bekannter Jazz-Titel, gehen der Beziehung von Jazz und klassischer Musik nach und nehmen mit auf spannende Reisen in die Grenzgebiete von Jazz, Tango, Salsa oder Flamenco, in Jazz-Epochen wie Swing, Bebop und Fusion oder in die Geschichte ber\u00fchmter Labels wie Blue Note und in die Aktualit\u00e4t kultureller und politischer Themen wie Black Lives Matter.<\/p>\n<hr \/>\n<h2>do \u2013 28.01.2021<\/h2>\n<hr \/>\n<p>17:50 bis 18:00 | SWR 2<br \/>\n<strong>SWR2 Jazz vor Sechs<\/strong><\/p>\n<p>19:04 bis 20:00 | hr2-kultur<br \/>\n<strong>H\u00f6rbar \u2013 Musik grenzenlos<\/strong><\/p>\n<p>21:05 bis 22:00 | Deutschlandfunk<br \/>\n<strong>JazzFacts: Von Manhattan nach Mainhattan \u2013 Ein Portrait des Bassisten Hans Glawischnig<\/strong><\/p>\n<p style=\"padding-left: 40px;\">Von Karsten M\u00fctzelfeldt. Hans Glawischnig ist Sohn des Pianisten und Arrangeurs Dieter Glawischnig \u2013 fr\u00fcher Leiter der NDR Bigband. Seine Mutter eine geb\u00fcrtige US-Amerikanerin. Die interkontinentale Verbindung des Elternhauses sollte auch seine Karriere pr\u00e4gen. Nach Studien in Boston und New York er\u00f6ffnete ihm ein erstes l\u00e4ngeres Engagement in der Band des Conga-Spielers Ray Barretto musikalisch neue Welten. In kurzer Zeit avancierte er zu einem der gefragtesten Bassisten von Amerikas Latin-Jazz-Szene \u2013 als einer der ganz wenigen Europ\u00e4er in dieser Ausdrucksform. Glawischnig vertiefte seine Kenntnisse im jazzmusikalischen Latein durch Aufnahmen und Auftritte u.a. mit David Sanchez, Paquito D\u2019Rivera, Claudio Roditi und Miguel Zen\u00f3n. Auch war er an Chick Coreas multikulturellem Orchester-Projekt \u201eThe Continents\u201c beteiligt. 2018 zog es Hans Glawischnig von New York nach Frankfurt, wo er die Stelle des Bassisten der hr-Bigband \u00fcbernommen hat.<\/p>\n<p>22:04 bis 00:00 | WDR 3<br \/>\n<strong>WDR 3 Jazz &amp; World<\/strong><\/p>\n<p>22:30 bis 23:00 | hr2-kultur<br \/>\n<strong>Jazz Now: Aus dem Dschungel der Neuver\u00f6ffentlichungen<\/strong><\/p>\n<p style=\"padding-left: 40px;\">heute mit: Ivo Perelman Trio | Firm Roots Duo | Fergus McCreadie. Am Mikrofon: Daniella Baumeister<\/p>\n<p>22:33 bis 23:30 | NDR Kultur<br \/>\n<strong>Play Jazz! <\/strong><strong>NDR Bigband feat. Kinan Azmeh \u2013 Moderation: Henry Altmann<\/strong><\/p>\n<p>23:03 bis 00:00 | SWR 2<br \/>\n<strong>SWR2 NOWJazz: Introvertierter Dynamo \u2013 Der Pianist Micah Thomas<\/strong><\/p>\n<p style=\"padding-left: 40px;\">Von G\u00fcnther Huesmann. Der 23-j\u00e4hrige Micah Thomas aus Columbus, Ohio hat auf der zeitgen\u00f6ssischen New Yorker Jazzszene einen Raketenstart hingelegt. In seinem Spiel ist extrem viel Platz f\u00fcr gegenl\u00e4ufige Traditionslinien des Jazzpianos, ohne dass auch nur ansatzweise imitiert w\u00fcrde. Sein Lehrer an der Juilliard School of Music, der ber\u00fchmte Post-Bop-Pianist Frank Kimbrough, sagte: \u201eDie erste Stunde, die ich mit Micah hatte, war die schrecklichste Stunde in meinem Leben als Lehrer. Sein harmonischer Sinn ist unglaublich tief. Ich hatte den Impuls \u00fcber seine Schultern zu gucken, um von ihm etwas zu klauen.\u201c<\/p>\n<p>23:05 bis 00:00 | BR-KLASSIK<br \/>\n<strong>Jazztime: All that Jazz<\/strong><\/p>\n<p style=\"padding-left: 40px;\">Der Israeli Shai Maestro z\u00e4hlt zu den besten und vielseitigsten Pianisten des Gegenwarts-Jazz. Der Musiker, der eine Woche nach unserer Sendung seinen 33. Geburtstag feiert, wurde im Trio des Bassisten Avishai Cohen international bekannt und war einflussreiches Mitglied in den Bands von Schlagzeuger Mark Giuliana, Saxofonist Oded Tzur oder S\u00e4nger Theo Bleckmann. Wenn Maestro nicht f\u00fcr andere in die Tasten greift, ist er im eigenen Trio aktiv, das er nun f\u00fcr sein neuestes Album \u201eHuman\u201c allerdings zum Quartett aufstockte. Moderation und Auswahl: Ssirus W. Pakzad<\/p>\n<p>23:30 bis 00:00 | NDR Kultur<br \/>\n<strong>Jazz \u2013 Round Midnight: Die afrikanisch-karibischen Wurzeln der Londoner Jazzszene<\/strong><\/p>\n<p style=\"padding-left: 40px;\">Round Midnight ist der Platz f\u00fcr Hintergrundgeschichten, ausf\u00fchrliche Portraits und Talks mit jungen Talenten und Jazz-Legenden.<\/p>\n<p style=\"padding-left: 40px;\">In der Sendung erz\u00e4hlen Autorinnen und Autoren die Geschichten bekannter Jazz-Titel, gehen der Beziehung von Jazz und klassischer Musik nach und nehmen mit auf spannende Reisen in die Grenzgebiete von Jazz, Tango, Salsa oder Flamenco, in Jazz-Epochen wie Swing, Bebop und Fusion oder in die Geschichte ber\u00fchmter Labels wie Blue Note und in die Aktualit\u00e4t kultureller und politischer Themen wie Black Lives Matter.<\/p>\n<hr \/>\n<h2>fr \u2013 29.01.2021<\/h2>\n<hr \/>\n<p>17:50 bis 18:00 | SWR 2<br \/>\n<strong>SWR2 Jazz vor Sechs<\/strong><\/p>\n<p>19:04 bis 20:00 | hr2-kultur<br \/>\n<strong>H\u00f6rbar \u2013 Musik grenzenlos<\/strong><\/p>\n<p>22:04 bis 00:00 | WDR 3<br \/>\n<strong>WDR 3 Jazz &amp; World<\/strong><\/p>\n<p>22:05 bis 22:50 | Deutschlandfunk<br \/>\n<strong>Milestones \u2013 Bluesklassiker: ZZ Top \u201eFirst Album\u201c (1971)<\/strong><\/p>\n<p style=\"padding-left: 40px;\">Am Mikrofon: Tim Schauen. 1969 gegr\u00fcndet, die endg\u00fcltige Besetzung spielte einen dreist\u00fcndigen Shuffle in der Tonart C \u2013 und blieb bis heute zusammen. Was ZZ Top 1970 im Studio aufnahm, erschien im Januar 1971 als ihr Deb\u00fct. Das \u201eFirst Album\u201c zeigte schon damals und bis heute, die Essenz des Schaffens des texanischen Powertrios: bluesgetr\u00e4nkter Rock, \u201enur lauter gespielt\u201c. 50 Jahre sp\u00e4ter gibt es die Band, die Besetzung und den Sound immer noch, trotz zwischenzeitlicher Experimente mit Oberheim-Drumcomputern und Synthesizern \u2013 im Kern spielt ZZ Top immer noch den Sound ihres ersten Album: lauten, hart gespielten Blues und Boogie aus Texas. Und auch wenn die beiden Frontm\u00e4nner Billy Gibbons (Gitarre) und Dusty Hill (Bass) den Bart im Gegensatz zu Schlagzeuger Frank Beard im Gesicht und nicht im Namen tragen: erfolgreich sind die drei immer noch.<\/p>\n<p>22:30 bis 23:00 | hr2-kultur<br \/>\n<strong>Jazz Classics: Aufnahmen, die die Welt beweg(t)en<\/strong><\/p>\n<p style=\"padding-left: 40px;\">heute mit: Bunny Berigan \u2013 Ausnahme-Trompeter der Swing-Zeit. Wunderkind und tragische Gestalt: der Swing-Trompeter Bunny Berigan in Aufnahmen mit Red McKenzie, Eddie Condon, Bobby Hackett u.a. (1934-1940)<\/p>\n<p style=\"padding-left: 40px;\">Der 1942 mit 33 Jahren fr\u00fch verstorbene Bunny Berigan war einer der bedeutendsten Trompeter der Swing-\u00c4ra. Schon fr\u00fch lernte das musikalische Wunderkind Violine und Trompete und spielte sp\u00e4ter u.a. in den Bands von Hal Kemp, Paul Whiteman, Glenn Miller und Benny Goodman und entwickelte eine ihm eigene, sehr virtuose Spielweise mit einem enormen Tonumfang. Am Mikrofon: Jesko von Schwichow<\/p>\n<p>22:33 bis 23:30 | NDR Kultur<br \/>\n<strong>Play Jazz! Moderation: Mauretta Heinzelmann<\/strong><\/p>\n<p>23:03 bis 00:00 | SWR 2<br \/>\n<strong>SWR2 NOWJazz: Now is the time! Craig Taborn\u2019s New Trio beim Jazzfest Berlin 2020<\/strong><\/p>\n<p style=\"padding-left: 40px;\">Von Nina Polaschegg. Jazzfest Berlin 2020 \u2013 ein reines Streamingfestival mit Konzerten live aus dem Berliner \u201eSilent Green\u201c, aus Studios verschiedener ARD-Rundfunkanstalten und \u2013 aus dem New Yorker \u201eRoulette\u201c: Dort spielte am 7. November der Pianist Craig Taborn mit seinem neuen Trio. Taborns Mitmusiker*innen waren die Gitarristin Mary Halvorson, der im Rahmen des Jazzfest Berlin schon ein Schwerpunkt gewidmet war \u2013 und der Schlagzeug-Wirbelwind Ches Smith. Sie zauberten vielf\u00e4ltige Klangkosmen von silbrig zarten Sph\u00e4renkl\u00e4ngen \u00fcber harsch-klare Motivketten bis zu groovenden Beats.<\/p>\n<p>23:05 bis 00:00 | BR-KLASSIK<br \/>\n<strong>Jazztime: Jazz Unlimited \u2013 Vier Saiten und ein offener Horizont: die Cellistin Anja Lechner als Gespr\u00e4chsgast<\/strong><\/p>\n<p style=\"padding-left: 40px;\">Mit Musik von Anja Lechner, Fran\u00e7ois Couturier, Pablo M\u00e1rquez und anderen. Musikauswahl: Anja Lechner, Moderation: Roland Spiegel<\/p>\n<p>23:30 bis 00:00 | NDR Kultur<br \/>\n<strong>Jazz \u2013 Round Midnight: Der Tubist Michel Godard<\/strong><\/p>\n<p style=\"padding-left: 40px;\">Round Midnight ist der Platz f\u00fcr Hintergrundgeschichten, ausf\u00fchrliche Portraits und Talks mit jungen Talenten und Jazz-Legenden.<\/p>\n<p style=\"padding-left: 40px;\">In der Sendung erz\u00e4hlen Autorinnen und Autoren die Geschichten bekannter Jazz-Titel, gehen der Beziehung von Jazz und klassischer Musik nach und nehmen mit auf spannende Reisen in die Grenzgebiete von Jazz, Tango, Salsa oder Flamenco, in Jazz-Epochen wie Swing, Bebop und Fusion oder in die Geschichte ber\u00fchmter Labels wie Blue Note und in die Aktualit\u00e4t kultureller und politischer Themen wie Black Lives Matter.<\/p>\n<h2>sa \u2013 30.01.2021<\/h2>\n<p>01:05 bis 06:00 | Deutschlandfunk<br \/>\n<strong>Deutschlandfunk Radionacht: Jazz \u2013 Das schlagende Herz einer Band<\/strong><\/p>\n<p style=\"padding-left: 40px;\">Der Bass im Jazz von Pops Foster bis Hadrien Feraud. Am Mikrofon: Michael Kuhlmann. Louis Armstrong baute in den 20er-Jahren auf Pioniere wie Pops Foster. Dass Count Basies Orchester in den 30er-Jahren swingte wie kein anderes, lag auch an Walter Page. Ray Brown wurde mit seinem satten Ton und seinem Rhythmusgef\u00fchl zur Legende des modernen Mainstream. Ron Carter war R\u00fcckgrat des zweiten Miles-Davis-Quintetts, einer der wegweisenden Gruppen der Jazzgeschichte, und wurde dar\u00fcber hinaus im Studio zum meistaufgenommenen Bassisten \u00fcberhaupt. In der Epoche des Rock Jazz griffen die Bassisten auch zum elektrischen Instrument \u2013 sp\u00e4testens nachdem Jaco Pastorius ihm einen gesanglichen Sound verliehen hatte. Dieses Erbe entwickeln heute junge Musiker wie Hadrien Feraud weiter. Exzentriker wie Eberhard Weber dagegen verbanden Eigenheiten des elektrischen mit denen des akustischen Basses \u2013 und schufen damit unverwechselbare, zeitlose Kl\u00e4nge.<\/p>\n<p>13:04 bis 14:00 | hr2-kultur<br \/>\n<strong>H\u00f6rbar: Musik grenzenlos<\/strong><\/p>\n<p>13:04 bis 15:00 | WDR 3<br \/>\n<strong>WDR 3 Pers\u00f6nlich mit G\u00f6tz Alsmann<\/strong><\/p>\n<p>17:05 bis 17:55 | Bayern 2<br \/>\n<strong>Jazz &amp; Politik: Politisches Feuilleton<\/strong><\/p>\n<p>17:50 bis 18:00 | SWR 2<br \/>\n<strong>SWR2 Jazz vor Sechs<\/strong><\/p>\n<p>18:05 bis 19:00 | BR-KLASSIK<br \/>\n<strong>Jazz und mehr: Die Singenden<\/strong><\/p>\n<p style=\"padding-left: 40px;\">Mit Musik von Mario Rom, Charlie Byrd, Franz Schubert, Veronika Harcsa und anderen. Moderation und Auswahl: Roland Spiegel<\/p>\n<p>19:04 bis 20:00 | hr2-kultur<br \/>\n<strong>Live Jazz: Damian Dalla Torre Quartet | MUC-TONES Festival M\u00fcnchen, Januar 2020<\/strong><\/p>\n<p>20:04 bis 22:00 | WDR 3<br \/>\n<strong>WDR 3 Konzert: Der WDR Jazzpreis 2021\u00a0 <\/strong><\/p>\n<p style=\"padding-left: 40px;\">Aufnahmen aus dem K\u00f6lner Funkhaus. Der WDR Jazzpreis wird seit 2004 j\u00e4hrlich an herausragende Musikerinnen und Musiker aus NRW verliehen. Im Jahr 2021 ist die Verleihung ins Internet gewandert, die Preistr\u00e4gerkonzerte finden aber trotzdem statt. In diesem WDR Jazzpreis Spezial!<\/p>\n<p style=\"padding-left: 40px;\">S\u00e4ngerin und Komponistin Tamara Lukasheva, Posaunist Matthias Muche, S\u00e4nger Rabih Lahoud, das PENG Kollektiv aus Essen und die S\u00fcd Beat Big Band des Humboldt-Gymnasiums in K\u00f6ln haben eins gemeinsam: Sie alle erhalten den WDR Jazzpreis 2021 f\u00fcr ihre herausragenden musikalischen Leistungen. In dieser Sendung h\u00f6ren Sie die Preistr\u00e4gerkonzerte der Gewinnerinnen und Gewinner sowie Interviews und Hintergr\u00fcnde. Mit dabei ist die WDR Big Band, G\u00f6tz Alsmann, die Band Masaa, das Trio T.ON und nat\u00fcrlich alle Mitglieder des PENG Kollektivs sowie der S\u00fcd Beat Big Band!<\/p>\n<p>22:03 bis 23:00 | SWR 2<br \/>\n<strong>SWR2 Jazztime: The Eminent \u2013 Der Posaunist Jay Jay Johnson<\/strong><\/p>\n<p style=\"padding-left: 40px;\">Von Bert Noglik. Mitte der 1950er-Jahre ver\u00f6ffentlichte das Label Blue Note zwei Platten mit einem Titel, der es auf den Punkt brachte: \u201eThe Eminent Jay Jay Johnson\u201c. J. J. Johnson war es gelungen, die zuvor als schwerf\u00e4llig geltende Posaune in ein exzellentes Soloinstrument der Bebop-\u00c4ra zu verwandeln. Eminent, herausragend wirken seine Aufnahmen, mit denen er Geschmeidigkeit und Schnelligkeit, Virtuosit\u00e4t und Eleganz demonstrierte. In seinen Bands spielte er mit Musikern wie Clifford Brown, Charles Mingus und Kenny Clarke sowie \u2013 besonders erfolgreich \u2013 mit dem kongenialen Posaunen-Kollegen Kai Winding.<\/p>\n<hr \/>\n<h2>so \u2013 31.01.2021<\/h2>\n<hr \/>\n<p>00:03 bis 02:00 | Bayern 2<br \/>\n<strong>radioJazznacht<\/strong><\/p>\n<p>06:00 bis 08:00 | Bremen Zwei<br \/>\n<strong>Classical<\/strong><\/p>\n<p style=\"padding-left: 40px;\">Eine elegante Mischung aus Singer\/Songwriter, Jazz und Swing, Chansons und Klassik.<\/p>\n<p>19:04 bis 20:00 | hr2-kultur<br \/>\n<strong>hr-Bigband<\/strong><\/p>\n<p style=\"padding-left: 40px;\">Konzerte und Produktionen u.a. mit: Leonard Bernstein\u2019s West Side Story \u2013 NEU | G\u00fcnter Bollmann, Posaune | hr-Bigband | J\u00f6rg Achim Keller, Leitung (25.09.) G\u00fcnter Bollmann. Am Mikrofon: Matthias Spindler<\/p>\n<p>20:04 bis 21:30 | SR2 KulturRadio<br \/>\n<strong>JazzNow: Moers Festival 2020 \/ Gr\u00fcnen \/ KLAENG Festival III<\/strong><\/p>\n<p>23:15 bis 00:00 | hr2-kultur<br \/>\n<strong>H\u00f6rbar | Musik grenzenlos<\/strong><\/p>\n","protected":false},"excerpt":{"rendered":"<p>Ein kleiner Blick in die Jazzwoche 04 im Radio. Alle Angaben ohne Gew\u00e4hr. Watch What Happens: Das jazzige Potential von Michel Legrand<\/p>\n","protected":false},"author":1,"featured_media":18913,"comment_status":"open","ping_status":"closed","sticky":false,"template":"","format":"standard","meta":{"_jetpack_memberships_contains_paid_content":false,"footnotes":"","jetpack_publicize_message":"","jetpack_publicize_feature_enabled":true,"jetpack_social_post_already_shared":false,"jetpack_social_options":{"image_generator_settings":{"template":"highway","default_image_id":0,"font":"","enabled":false},"version":2}},"categories":[633,452],"tags":[1629],"coauthors":[650],"class_list":["post-24301","post","type-post","status-publish","format-standard","has-post-thumbnail","hentry","category-nachrichten","category-radio","tag-jazz-im-radio"],"yoast_head":"<!-- This site is optimized with the Yoast SEO plugin v27.5 - https:\/\/yoast.com\/product\/yoast-seo-wordpress\/ -->\n<title>Die Jazz-Radiowoche vom 25.01.21\u201331.01.2021 - JazzZeitung<\/title>\n<meta name=\"robots\" content=\"index, follow, max-snippet:-1, max-image-preview:large, max-video-preview:-1\" \/>\n<link rel=\"canonical\" href=\"https:\/\/www.jazzzeitung.de\/cms\/2021\/01\/die-jazz-radiowoche-vom-25-01-2131-01-2021\/\" \/>\n<meta property=\"og:locale\" content=\"de_DE\" \/>\n<meta property=\"og:type\" content=\"article\" \/>\n<meta property=\"og:title\" content=\"Die Jazz-Radiowoche vom 25.01.21\u201331.01.2021 - JazzZeitung\" \/>\n<meta property=\"og:description\" content=\"Ein kleiner Blick in die Jazzwoche 04 im Radio. Alle Angaben ohne Gew\u00e4hr. Watch What Happens: Das jazzige Potential von Michel Legrand\" \/>\n<meta property=\"og:url\" content=\"https:\/\/www.jazzzeitung.de\/cms\/2021\/01\/die-jazz-radiowoche-vom-25-01-2131-01-2021\/\" \/>\n<meta property=\"og:site_name\" content=\"JazzZeitung\" \/>\n<meta property=\"article:publisher\" content=\"https:\/\/www.facebook.com\/JazzZeitung\/\" \/>\n<meta property=\"article:author\" content=\"https:\/\/www.facebook.com\/hufner\" \/>\n<meta property=\"article:published_time\" content=\"2021-01-24T11:00:43+00:00\" \/>\n<meta property=\"article:modified_time\" content=\"2021-01-24T14:29:36+00:00\" \/>\n<meta property=\"og:image\" content=\"https:\/\/i0.wp.com\/www.jazzzeitung.de\/cms\/wp-content\/uploads\/2019\/03\/jazz_im_radio.jpg?fit=2200%2C1417&ssl=1\" \/>\n\t<meta property=\"og:image:width\" content=\"2200\" \/>\n\t<meta property=\"og:image:height\" content=\"1417\" \/>\n\t<meta property=\"og:image:type\" content=\"image\/jpeg\" \/>\n<meta name=\"author\" content=\"Martin Hufner\" \/>\n<script type=\"application\/ld+json\" class=\"yoast-schema-graph\">{\"@context\":\"https:\\\/\\\/schema.org\",\"@graph\":[{\"@type\":\"Article\",\"@id\":\"https:\\\/\\\/www.jazzzeitung.de\\\/cms\\\/2021\\\/01\\\/die-jazz-radiowoche-vom-25-01-2131-01-2021\\\/#article\",\"isPartOf\":{\"@id\":\"https:\\\/\\\/www.jazzzeitung.de\\\/cms\\\/2021\\\/01\\\/die-jazz-radiowoche-vom-25-01-2131-01-2021\\\/\"},\"author\":{\"name\":\"Martin Hufner\",\"@id\":\"https:\\\/\\\/www.jazzzeitung.de\\\/cms\\\/#\\\/schema\\\/person\\\/b9a4e5ac765d94fb8f617bfa8f1fc5f7\"},\"headline\":\"Die Jazz-Radiowoche vom 25.01.21\u201331.01.2021\",\"datePublished\":\"2021-01-24T11:00:43+00:00\",\"dateModified\":\"2021-01-24T14:29:36+00:00\",\"mainEntityOfPage\":{\"@id\":\"https:\\\/\\\/www.jazzzeitung.de\\\/cms\\\/2021\\\/01\\\/die-jazz-radiowoche-vom-25-01-2131-01-2021\\\/\"},\"wordCount\":2340,\"commentCount\":0,\"publisher\":{\"@id\":\"https:\\\/\\\/www.jazzzeitung.de\\\/cms\\\/#organization\"},\"image\":{\"@id\":\"https:\\\/\\\/www.jazzzeitung.de\\\/cms\\\/2021\\\/01\\\/die-jazz-radiowoche-vom-25-01-2131-01-2021\\\/#primaryimage\"},\"thumbnailUrl\":\"https:\\\/\\\/i0.wp.com\\\/www.jazzzeitung.de\\\/cms\\\/wp-content\\\/uploads\\\/2019\\\/03\\\/jazz_im_radio.jpg?fit=2200%2C1417&ssl=1\",\"keywords\":[\"Jazz im Radio\"],\"articleSection\":[\"News\",\"Radio\"],\"inLanguage\":\"de\",\"potentialAction\":[{\"@type\":\"CommentAction\",\"name\":\"Comment\",\"target\":[\"https:\\\/\\\/www.jazzzeitung.de\\\/cms\\\/2021\\\/01\\\/die-jazz-radiowoche-vom-25-01-2131-01-2021\\\/#respond\"]}]},{\"@type\":\"WebPage\",\"@id\":\"https:\\\/\\\/www.jazzzeitung.de\\\/cms\\\/2021\\\/01\\\/die-jazz-radiowoche-vom-25-01-2131-01-2021\\\/\",\"url\":\"https:\\\/\\\/www.jazzzeitung.de\\\/cms\\\/2021\\\/01\\\/die-jazz-radiowoche-vom-25-01-2131-01-2021\\\/\",\"name\":\"Die Jazz-Radiowoche vom 25.01.21\u201331.01.2021 - JazzZeitung\",\"isPartOf\":{\"@id\":\"https:\\\/\\\/www.jazzzeitung.de\\\/cms\\\/#website\"},\"primaryImageOfPage\":{\"@id\":\"https:\\\/\\\/www.jazzzeitung.de\\\/cms\\\/2021\\\/01\\\/die-jazz-radiowoche-vom-25-01-2131-01-2021\\\/#primaryimage\"},\"image\":{\"@id\":\"https:\\\/\\\/www.jazzzeitung.de\\\/cms\\\/2021\\\/01\\\/die-jazz-radiowoche-vom-25-01-2131-01-2021\\\/#primaryimage\"},\"thumbnailUrl\":\"https:\\\/\\\/i0.wp.com\\\/www.jazzzeitung.de\\\/cms\\\/wp-content\\\/uploads\\\/2019\\\/03\\\/jazz_im_radio.jpg?fit=2200%2C1417&ssl=1\",\"datePublished\":\"2021-01-24T11:00:43+00:00\",\"dateModified\":\"2021-01-24T14:29:36+00:00\",\"breadcrumb\":{\"@id\":\"https:\\\/\\\/www.jazzzeitung.de\\\/cms\\\/2021\\\/01\\\/die-jazz-radiowoche-vom-25-01-2131-01-2021\\\/#breadcrumb\"},\"inLanguage\":\"de\",\"potentialAction\":[{\"@type\":\"ReadAction\",\"target\":[\"https:\\\/\\\/www.jazzzeitung.de\\\/cms\\\/2021\\\/01\\\/die-jazz-radiowoche-vom-25-01-2131-01-2021\\\/\"]}]},{\"@type\":\"ImageObject\",\"inLanguage\":\"de\",\"@id\":\"https:\\\/\\\/www.jazzzeitung.de\\\/cms\\\/2021\\\/01\\\/die-jazz-radiowoche-vom-25-01-2131-01-2021\\\/#primaryimage\",\"url\":\"https:\\\/\\\/i0.wp.com\\\/www.jazzzeitung.de\\\/cms\\\/wp-content\\\/uploads\\\/2019\\\/03\\\/jazz_im_radio.jpg?fit=2200%2C1417&ssl=1\",\"contentUrl\":\"https:\\\/\\\/i0.wp.com\\\/www.jazzzeitung.de\\\/cms\\\/wp-content\\\/uploads\\\/2019\\\/03\\\/jazz_im_radio.jpg?fit=2200%2C1417&ssl=1\",\"width\":2200,\"height\":1417,\"caption\":\"Jazz im Radio. Foto: Hufner\"},{\"@type\":\"BreadcrumbList\",\"@id\":\"https:\\\/\\\/www.jazzzeitung.de\\\/cms\\\/2021\\\/01\\\/die-jazz-radiowoche-vom-25-01-2131-01-2021\\\/#breadcrumb\",\"itemListElement\":[{\"@type\":\"ListItem\",\"position\":1,\"name\":\"Startseite\",\"item\":\"https:\\\/\\\/www.jazzzeitung.de\\\/cms\\\/\"},{\"@type\":\"ListItem\",\"position\":2,\"name\":\"Die Jazz-Radiowoche vom 25.01.21\u201331.01.2021\"}]},{\"@type\":\"WebSite\",\"@id\":\"https:\\\/\\\/www.jazzzeitung.de\\\/cms\\\/#website\",\"url\":\"https:\\\/\\\/www.jazzzeitung.de\\\/cms\\\/\",\"name\":\"JazzZeitung\",\"description\":\"Jazz-News und Jazz-Kontroverses\",\"publisher\":{\"@id\":\"https:\\\/\\\/www.jazzzeitung.de\\\/cms\\\/#organization\"},\"potentialAction\":[{\"@type\":\"SearchAction\",\"target\":{\"@type\":\"EntryPoint\",\"urlTemplate\":\"https:\\\/\\\/www.jazzzeitung.de\\\/cms\\\/?s={search_term_string}\"},\"query-input\":{\"@type\":\"PropertyValueSpecification\",\"valueRequired\":true,\"valueName\":\"search_term_string\"}}],\"inLanguage\":\"de\"},{\"@type\":\"Organization\",\"@id\":\"https:\\\/\\\/www.jazzzeitung.de\\\/cms\\\/#organization\",\"name\":\"JazzZeitung online\",\"url\":\"https:\\\/\\\/www.jazzzeitung.de\\\/cms\\\/\",\"logo\":{\"@type\":\"ImageObject\",\"inLanguage\":\"de\",\"@id\":\"https:\\\/\\\/www.jazzzeitung.de\\\/cms\\\/#\\\/schema\\\/logo\\\/image\\\/\",\"url\":\"https:\\\/\\\/i0.wp.com\\\/www.jazzzeitung.de\\\/cms\\\/wp-content\\\/uploads\\\/2015\\\/08\\\/JAZZZEITUNGDE_Logo_Neu.png?fit=499%2C200&ssl=1\",\"contentUrl\":\"https:\\\/\\\/i0.wp.com\\\/www.jazzzeitung.de\\\/cms\\\/wp-content\\\/uploads\\\/2015\\\/08\\\/JAZZZEITUNGDE_Logo_Neu.png?fit=499%2C200&ssl=1\",\"width\":499,\"height\":200,\"caption\":\"JazzZeitung online\"},\"image\":{\"@id\":\"https:\\\/\\\/www.jazzzeitung.de\\\/cms\\\/#\\\/schema\\\/logo\\\/image\\\/\"},\"sameAs\":[\"https:\\\/\\\/www.facebook.com\\\/JazzZeitung\\\/\"]},{\"@type\":\"Person\",\"@id\":\"https:\\\/\\\/www.jazzzeitung.de\\\/cms\\\/#\\\/schema\\\/person\\\/b9a4e5ac765d94fb8f617bfa8f1fc5f7\",\"name\":\"Martin Hufner\",\"image\":{\"@type\":\"ImageObject\",\"inLanguage\":\"de\",\"@id\":\"https:\\\/\\\/i0.wp.com\\\/www.jazzzeitung.de\\\/cms\\\/wp-content\\\/uploads\\\/2013\\\/07\\\/huf-06.jpg?resize=96%2C96&ssl=15fcc31aa94540751a3b804516452be00\",\"url\":\"https:\\\/\\\/i0.wp.com\\\/www.jazzzeitung.de\\\/cms\\\/wp-content\\\/uploads\\\/2013\\\/07\\\/huf-06.jpg?resize=96%2C96&ssl=1\",\"contentUrl\":\"https:\\\/\\\/i0.wp.com\\\/www.jazzzeitung.de\\\/cms\\\/wp-content\\\/uploads\\\/2013\\\/07\\\/huf-06.jpg?resize=96%2C96&ssl=1\",\"caption\":\"Martin Hufner\"},\"description\":\"Martin Hufner ist freier Autor der JazzZeitung.\",\"sameAs\":[\"https:\\\/\\\/www.kritische-masse.de\\\/logbuch\",\"https:\\\/\\\/www.facebook.com\\\/hufner\"],\"url\":\"https:\\\/\\\/www.jazzzeitung.de\\\/cms\\\/author\\\/admin\\\/\"}]}<\/script>\n<!-- \/ Yoast SEO plugin. -->","yoast_head_json":{"title":"Die Jazz-Radiowoche vom 25.01.21\u201331.01.2021 - JazzZeitung","robots":{"index":"index","follow":"follow","max-snippet":"max-snippet:-1","max-image-preview":"max-image-preview:large","max-video-preview":"max-video-preview:-1"},"canonical":"https:\/\/www.jazzzeitung.de\/cms\/2021\/01\/die-jazz-radiowoche-vom-25-01-2131-01-2021\/","og_locale":"de_DE","og_type":"article","og_title":"Die Jazz-Radiowoche vom 25.01.21\u201331.01.2021 - JazzZeitung","og_description":"Ein kleiner Blick in die Jazzwoche 04 im Radio. Alle Angaben ohne Gew\u00e4hr. Watch What Happens: Das jazzige Potential von Michel Legrand","og_url":"https:\/\/www.jazzzeitung.de\/cms\/2021\/01\/die-jazz-radiowoche-vom-25-01-2131-01-2021\/","og_site_name":"JazzZeitung","article_publisher":"https:\/\/www.facebook.com\/JazzZeitung\/","article_author":"https:\/\/www.facebook.com\/hufner","article_published_time":"2021-01-24T11:00:43+00:00","article_modified_time":"2021-01-24T14:29:36+00:00","og_image":[{"width":2200,"height":1417,"url":"https:\/\/i0.wp.com\/www.jazzzeitung.de\/cms\/wp-content\/uploads\/2019\/03\/jazz_im_radio.jpg?fit=2200%2C1417&ssl=1","type":"image\/jpeg"}],"author":"Martin Hufner","schema":{"@context":"https:\/\/schema.org","@graph":[{"@type":"Article","@id":"https:\/\/www.jazzzeitung.de\/cms\/2021\/01\/die-jazz-radiowoche-vom-25-01-2131-01-2021\/#article","isPartOf":{"@id":"https:\/\/www.jazzzeitung.de\/cms\/2021\/01\/die-jazz-radiowoche-vom-25-01-2131-01-2021\/"},"author":{"name":"Martin Hufner","@id":"https:\/\/www.jazzzeitung.de\/cms\/#\/schema\/person\/b9a4e5ac765d94fb8f617bfa8f1fc5f7"},"headline":"Die Jazz-Radiowoche vom 25.01.21\u201331.01.2021","datePublished":"2021-01-24T11:00:43+00:00","dateModified":"2021-01-24T14:29:36+00:00","mainEntityOfPage":{"@id":"https:\/\/www.jazzzeitung.de\/cms\/2021\/01\/die-jazz-radiowoche-vom-25-01-2131-01-2021\/"},"wordCount":2340,"commentCount":0,"publisher":{"@id":"https:\/\/www.jazzzeitung.de\/cms\/#organization"},"image":{"@id":"https:\/\/www.jazzzeitung.de\/cms\/2021\/01\/die-jazz-radiowoche-vom-25-01-2131-01-2021\/#primaryimage"},"thumbnailUrl":"https:\/\/i0.wp.com\/www.jazzzeitung.de\/cms\/wp-content\/uploads\/2019\/03\/jazz_im_radio.jpg?fit=2200%2C1417&ssl=1","keywords":["Jazz im Radio"],"articleSection":["News","Radio"],"inLanguage":"de","potentialAction":[{"@type":"CommentAction","name":"Comment","target":["https:\/\/www.jazzzeitung.de\/cms\/2021\/01\/die-jazz-radiowoche-vom-25-01-2131-01-2021\/#respond"]}]},{"@type":"WebPage","@id":"https:\/\/www.jazzzeitung.de\/cms\/2021\/01\/die-jazz-radiowoche-vom-25-01-2131-01-2021\/","url":"https:\/\/www.jazzzeitung.de\/cms\/2021\/01\/die-jazz-radiowoche-vom-25-01-2131-01-2021\/","name":"Die Jazz-Radiowoche vom 25.01.21\u201331.01.2021 - JazzZeitung","isPartOf":{"@id":"https:\/\/www.jazzzeitung.de\/cms\/#website"},"primaryImageOfPage":{"@id":"https:\/\/www.jazzzeitung.de\/cms\/2021\/01\/die-jazz-radiowoche-vom-25-01-2131-01-2021\/#primaryimage"},"image":{"@id":"https:\/\/www.jazzzeitung.de\/cms\/2021\/01\/die-jazz-radiowoche-vom-25-01-2131-01-2021\/#primaryimage"},"thumbnailUrl":"https:\/\/i0.wp.com\/www.jazzzeitung.de\/cms\/wp-content\/uploads\/2019\/03\/jazz_im_radio.jpg?fit=2200%2C1417&ssl=1","datePublished":"2021-01-24T11:00:43+00:00","dateModified":"2021-01-24T14:29:36+00:00","breadcrumb":{"@id":"https:\/\/www.jazzzeitung.de\/cms\/2021\/01\/die-jazz-radiowoche-vom-25-01-2131-01-2021\/#breadcrumb"},"inLanguage":"de","potentialAction":[{"@type":"ReadAction","target":["https:\/\/www.jazzzeitung.de\/cms\/2021\/01\/die-jazz-radiowoche-vom-25-01-2131-01-2021\/"]}]},{"@type":"ImageObject","inLanguage":"de","@id":"https:\/\/www.jazzzeitung.de\/cms\/2021\/01\/die-jazz-radiowoche-vom-25-01-2131-01-2021\/#primaryimage","url":"https:\/\/i0.wp.com\/www.jazzzeitung.de\/cms\/wp-content\/uploads\/2019\/03\/jazz_im_radio.jpg?fit=2200%2C1417&ssl=1","contentUrl":"https:\/\/i0.wp.com\/www.jazzzeitung.de\/cms\/wp-content\/uploads\/2019\/03\/jazz_im_radio.jpg?fit=2200%2C1417&ssl=1","width":2200,"height":1417,"caption":"Jazz im Radio. Foto: Hufner"},{"@type":"BreadcrumbList","@id":"https:\/\/www.jazzzeitung.de\/cms\/2021\/01\/die-jazz-radiowoche-vom-25-01-2131-01-2021\/#breadcrumb","itemListElement":[{"@type":"ListItem","position":1,"name":"Startseite","item":"https:\/\/www.jazzzeitung.de\/cms\/"},{"@type":"ListItem","position":2,"name":"Die Jazz-Radiowoche vom 25.01.21\u201331.01.2021"}]},{"@type":"WebSite","@id":"https:\/\/www.jazzzeitung.de\/cms\/#website","url":"https:\/\/www.jazzzeitung.de\/cms\/","name":"JazzZeitung","description":"Jazz-News und Jazz-Kontroverses","publisher":{"@id":"https:\/\/www.jazzzeitung.de\/cms\/#organization"},"potentialAction":[{"@type":"SearchAction","target":{"@type":"EntryPoint","urlTemplate":"https:\/\/www.jazzzeitung.de\/cms\/?s={search_term_string}"},"query-input":{"@type":"PropertyValueSpecification","valueRequired":true,"valueName":"search_term_string"}}],"inLanguage":"de"},{"@type":"Organization","@id":"https:\/\/www.jazzzeitung.de\/cms\/#organization","name":"JazzZeitung online","url":"https:\/\/www.jazzzeitung.de\/cms\/","logo":{"@type":"ImageObject","inLanguage":"de","@id":"https:\/\/www.jazzzeitung.de\/cms\/#\/schema\/logo\/image\/","url":"https:\/\/i0.wp.com\/www.jazzzeitung.de\/cms\/wp-content\/uploads\/2015\/08\/JAZZZEITUNGDE_Logo_Neu.png?fit=499%2C200&ssl=1","contentUrl":"https:\/\/i0.wp.com\/www.jazzzeitung.de\/cms\/wp-content\/uploads\/2015\/08\/JAZZZEITUNGDE_Logo_Neu.png?fit=499%2C200&ssl=1","width":499,"height":200,"caption":"JazzZeitung online"},"image":{"@id":"https:\/\/www.jazzzeitung.de\/cms\/#\/schema\/logo\/image\/"},"sameAs":["https:\/\/www.facebook.com\/JazzZeitung\/"]},{"@type":"Person","@id":"https:\/\/www.jazzzeitung.de\/cms\/#\/schema\/person\/b9a4e5ac765d94fb8f617bfa8f1fc5f7","name":"Martin Hufner","image":{"@type":"ImageObject","inLanguage":"de","@id":"https:\/\/i0.wp.com\/www.jazzzeitung.de\/cms\/wp-content\/uploads\/2013\/07\/huf-06.jpg?resize=96%2C96&ssl=15fcc31aa94540751a3b804516452be00","url":"https:\/\/i0.wp.com\/www.jazzzeitung.de\/cms\/wp-content\/uploads\/2013\/07\/huf-06.jpg?resize=96%2C96&ssl=1","contentUrl":"https:\/\/i0.wp.com\/www.jazzzeitung.de\/cms\/wp-content\/uploads\/2013\/07\/huf-06.jpg?resize=96%2C96&ssl=1","caption":"Martin Hufner"},"description":"Martin Hufner ist freier Autor der JazzZeitung.","sameAs":["https:\/\/www.kritische-masse.de\/logbuch","https:\/\/www.facebook.com\/hufner"],"url":"https:\/\/www.jazzzeitung.de\/cms\/author\/admin\/"}]}},"wp-worthy-pixel":{"ignored":true,"public":"bbfb5b4ef485487891d45e363ed78a22","server":"vg04.met.vgwort.de","url":"https:\/\/vg04.met.vgwort.de\/na\/bbfb5b4ef485487891d45e363ed78a22"},"wp-worthy-type":"normal","jetpack_publicize_connections":[],"cc_featured_image_caption":{"caption_text":"Jazz im Radio.","source_text":"Foto\/Motiv: Hufner","source_url":"https:\/\/www.musikkritik.org"},"jetpack_featured_media_url":"https:\/\/i0.wp.com\/www.jazzzeitung.de\/cms\/wp-content\/uploads\/2019\/03\/jazz_im_radio.jpg?fit=2200%2C1417&ssl=1","jetpack_shortlink":"https:\/\/wp.me\/p3KEcT-6jX","jetpack-related-posts":[{"id":22236,"url":"https:\/\/www.jazzzeitung.de\/cms\/2020\/03\/die-jazz-radiowoche-vom-30-03-20-bis-05-04-20\/","url_meta":{"origin":24301,"position":0},"title":"Die Jazz-Radiowoche vom 30.03.20 bis 05.04.20","author":"Martin Hufner","date":"29. M\u00e4rz 2020","format":false,"excerpt":"Ein kleiner Blick in die Jazzwoche 14 im Radio. Alle Angaben ohne Gew\u00e4hr. Jazz im Radio (Fernsehen) SR2 \u2013 JazzNow \u2013 Sonntags von 20.04 bis 22.30 Uhr BR-KLASSIK \u2013 Jazztime \u2013 Von Montag bis Freitag t\u00e4glich um 23.05 Uhr rbb-kultur \u2013 Late Night Jazz \u2013 Sa und So 23:04 \u2013\u2026","rel":"","context":"In &quot;News&quot;","block_context":{"text":"News","link":"https:\/\/www.jazzzeitung.de\/cms\/thema\/nachrichten\/"},"img":{"alt_text":"Jazz im Radio. Foto: Hufner","src":"https:\/\/i0.wp.com\/www.jazzzeitung.de\/cms\/wp-content\/uploads\/2019\/03\/jazz_im_radio.jpg?fit=1200%2C773&ssl=1&resize=350%2C200","width":350,"height":200,"srcset":"https:\/\/i0.wp.com\/www.jazzzeitung.de\/cms\/wp-content\/uploads\/2019\/03\/jazz_im_radio.jpg?fit=1200%2C773&ssl=1&resize=350%2C200 1x, https:\/\/i0.wp.com\/www.jazzzeitung.de\/cms\/wp-content\/uploads\/2019\/03\/jazz_im_radio.jpg?fit=1200%2C773&ssl=1&resize=525%2C300 1.5x, https:\/\/i0.wp.com\/www.jazzzeitung.de\/cms\/wp-content\/uploads\/2019\/03\/jazz_im_radio.jpg?fit=1200%2C773&ssl=1&resize=700%2C400 2x, https:\/\/i0.wp.com\/www.jazzzeitung.de\/cms\/wp-content\/uploads\/2019\/03\/jazz_im_radio.jpg?fit=1200%2C773&ssl=1&resize=1050%2C600 3x"},"classes":[]},{"id":23939,"url":"https:\/\/www.jazzzeitung.de\/cms\/2020\/12\/die-jazz-radiowoche-vom-7-12-20-bis-13-12-2020\/","url_meta":{"origin":24301,"position":1},"title":"Die Jazz-Radiowoche vom 7.12.20 bis 13.12.2020","author":"Martin Hufner","date":"6. Dezember 2020","format":false,"excerpt":"Ein kleiner Blick in die Jazzwoche 50 im Radio. Der ist dieses mal so klein, es steht da n\u00e4mlich gar nichts drin.Grund daf\u00fcr: Die Suchmaschine f\u00fcr Radiosendungen der ARD gibt am dem 7.12.2020 keine Ergebnisse heraus. Versuche der Kontaktaufnahme mit der ARD sind ohne Echo verhallt. Aktuell bleibt es bei\u2026","rel":"","context":"In &quot;News&quot;","block_context":{"text":"News","link":"https:\/\/www.jazzzeitung.de\/cms\/thema\/nachrichten\/"},"img":{"alt_text":"Jazz im Radio. Foto: Hufner","src":"https:\/\/i0.wp.com\/www.jazzzeitung.de\/cms\/wp-content\/uploads\/2019\/03\/jazz_im_radio.jpg?fit=1200%2C773&ssl=1&resize=350%2C200","width":350,"height":200,"srcset":"https:\/\/i0.wp.com\/www.jazzzeitung.de\/cms\/wp-content\/uploads\/2019\/03\/jazz_im_radio.jpg?fit=1200%2C773&ssl=1&resize=350%2C200 1x, https:\/\/i0.wp.com\/www.jazzzeitung.de\/cms\/wp-content\/uploads\/2019\/03\/jazz_im_radio.jpg?fit=1200%2C773&ssl=1&resize=525%2C300 1.5x, https:\/\/i0.wp.com\/www.jazzzeitung.de\/cms\/wp-content\/uploads\/2019\/03\/jazz_im_radio.jpg?fit=1200%2C773&ssl=1&resize=700%2C400 2x, https:\/\/i0.wp.com\/www.jazzzeitung.de\/cms\/wp-content\/uploads\/2019\/03\/jazz_im_radio.jpg?fit=1200%2C773&ssl=1&resize=1050%2C600 3x"},"classes":[]},{"id":21609,"url":"https:\/\/www.jazzzeitung.de\/cms\/2020\/01\/die-jazz-radiowoche-vom-06-01-20-bis-12-01-20-notausgabe\/","url_meta":{"origin":24301,"position":2},"title":"Die Jazz-Radiowoche vom 06.01.20 bis 12.01.20 (Notausgabe)","author":"Martin Hufner","date":"5. Januar 2020","format":false,"excerpt":"Ein kleiner Blick in die Jazzwoche 02 im Radio. Notausgabe! Die \u00dcbersicht zum Download als PDF. Alle Angaben ohne Gew\u00e4hr. Jazz im Radio (Fernsehen) SR2 \u2013 JazzNow \u2013 Sonntags von 20.04 bis 22.30 Uhr BR-KLASSIK \u2013 Jazztime \u2013 Von Montag bis Freitag t\u00e4glich um 23.05 Uhr rbb-kultur \u2013 Late Night\u2026","rel":"","context":"In &quot;News&quot;","block_context":{"text":"News","link":"https:\/\/www.jazzzeitung.de\/cms\/thema\/nachrichten\/"},"img":{"alt_text":"Jazz im Radio. Foto: Hufner","src":"https:\/\/i0.wp.com\/www.jazzzeitung.de\/cms\/wp-content\/uploads\/2019\/03\/jazz_im_radio.jpg?fit=1200%2C773&ssl=1&resize=350%2C200","width":350,"height":200,"srcset":"https:\/\/i0.wp.com\/www.jazzzeitung.de\/cms\/wp-content\/uploads\/2019\/03\/jazz_im_radio.jpg?fit=1200%2C773&ssl=1&resize=350%2C200 1x, https:\/\/i0.wp.com\/www.jazzzeitung.de\/cms\/wp-content\/uploads\/2019\/03\/jazz_im_radio.jpg?fit=1200%2C773&ssl=1&resize=525%2C300 1.5x, https:\/\/i0.wp.com\/www.jazzzeitung.de\/cms\/wp-content\/uploads\/2019\/03\/jazz_im_radio.jpg?fit=1200%2C773&ssl=1&resize=700%2C400 2x, https:\/\/i0.wp.com\/www.jazzzeitung.de\/cms\/wp-content\/uploads\/2019\/03\/jazz_im_radio.jpg?fit=1200%2C773&ssl=1&resize=1050%2C600 3x"},"classes":[]},{"id":23982,"url":"https:\/\/www.jazzzeitung.de\/cms\/2020\/12\/die-jazz-radiowoche-vom-14-12-20-bis-31-12-2020\/","url_meta":{"origin":24301,"position":3},"title":"Die Jazz-Radiowoche vom 14.12.20 bis 31.12.2020","author":"Martin Hufner","date":"13. Dezember 2020","format":false,"excerpt":"Ein kleiner Blick in Restmonat. Die Suchmaschine der ARD hat ihren Dienst am 7.12.2020 eingestellt. Nachfragen haben nur gezeigt, dass die Veranwortlichen kein Interesse daran haben, das zu kommunizieren. Weder ist herauszubekommen, wer das veranlasst hat noch warum. Danke ARD! F\u00fcr nichts. Jetzt schauen wir mal, wie es weiter geht.\u2026","rel":"","context":"In &quot;News&quot;","block_context":{"text":"News","link":"https:\/\/www.jazzzeitung.de\/cms\/thema\/nachrichten\/"},"img":{"alt_text":"Jazz im Radio. Foto: Hufner","src":"https:\/\/i0.wp.com\/www.jazzzeitung.de\/cms\/wp-content\/uploads\/2019\/03\/jazz_im_radio.jpg?fit=1200%2C773&ssl=1&resize=350%2C200","width":350,"height":200,"srcset":"https:\/\/i0.wp.com\/www.jazzzeitung.de\/cms\/wp-content\/uploads\/2019\/03\/jazz_im_radio.jpg?fit=1200%2C773&ssl=1&resize=350%2C200 1x, https:\/\/i0.wp.com\/www.jazzzeitung.de\/cms\/wp-content\/uploads\/2019\/03\/jazz_im_radio.jpg?fit=1200%2C773&ssl=1&resize=525%2C300 1.5x, https:\/\/i0.wp.com\/www.jazzzeitung.de\/cms\/wp-content\/uploads\/2019\/03\/jazz_im_radio.jpg?fit=1200%2C773&ssl=1&resize=700%2C400 2x, https:\/\/i0.wp.com\/www.jazzzeitung.de\/cms\/wp-content\/uploads\/2019\/03\/jazz_im_radio.jpg?fit=1200%2C773&ssl=1&resize=1050%2C600 3x"},"classes":[]},{"id":22441,"url":"https:\/\/www.jazzzeitung.de\/cms\/2020\/05\/die-jazz-radiowoche-vom-04-05-20-bis-10-05-20\/","url_meta":{"origin":24301,"position":4},"title":"Die Jazz-Radiowoche vom 04.05.20 bis 10.05.20","author":"Martin Hufner","date":"3. Mai 2020","format":false,"excerpt":"Ein kleiner Blick in die Jazzwoche 19 im Radio. Alle Angaben ohne Gew\u00e4hr. Jazz Special \u2013 Fire Music \u2013 Die unheilige Allianz von Jazz und Krieg | The Space Between \u2013 Mikrotonalit\u00e4t im Jazz","rel":"","context":"In &quot;News&quot;","block_context":{"text":"News","link":"https:\/\/www.jazzzeitung.de\/cms\/thema\/nachrichten\/"},"img":{"alt_text":"Jazz im Radio. Foto: Hufner","src":"https:\/\/i0.wp.com\/www.jazzzeitung.de\/cms\/wp-content\/uploads\/2019\/03\/jazz_im_radio.jpg?fit=1200%2C773&ssl=1&resize=350%2C200","width":350,"height":200,"srcset":"https:\/\/i0.wp.com\/www.jazzzeitung.de\/cms\/wp-content\/uploads\/2019\/03\/jazz_im_radio.jpg?fit=1200%2C773&ssl=1&resize=350%2C200 1x, https:\/\/i0.wp.com\/www.jazzzeitung.de\/cms\/wp-content\/uploads\/2019\/03\/jazz_im_radio.jpg?fit=1200%2C773&ssl=1&resize=525%2C300 1.5x, https:\/\/i0.wp.com\/www.jazzzeitung.de\/cms\/wp-content\/uploads\/2019\/03\/jazz_im_radio.jpg?fit=1200%2C773&ssl=1&resize=700%2C400 2x, https:\/\/i0.wp.com\/www.jazzzeitung.de\/cms\/wp-content\/uploads\/2019\/03\/jazz_im_radio.jpg?fit=1200%2C773&ssl=1&resize=1050%2C600 3x"},"classes":[]},{"id":23135,"url":"https:\/\/www.jazzzeitung.de\/cms\/2020\/08\/die-jazz-radiowoche-vom-10-08-bis-16-08-2020\/","url_meta":{"origin":24301,"position":5},"title":"Die Jazz-Radiowoche vom 10.08. bis 16.08.2020","author":"Martin Hufner","date":"9. August 2020","format":false,"excerpt":"Ein kleiner Blick in die Jazzwoche 33 im Radio. Alle Angaben ohne Gew\u00e4hr. Unter anderem: Botschafter Haitis \u2013 der Altsaxofonist Godwin Lewis","rel":"","context":"In &quot;News&quot;","block_context":{"text":"News","link":"https:\/\/www.jazzzeitung.de\/cms\/thema\/nachrichten\/"},"img":{"alt_text":"Jazz im Radio. Foto: Hufner","src":"https:\/\/i0.wp.com\/www.jazzzeitung.de\/cms\/wp-content\/uploads\/2019\/03\/jazz_im_radio.jpg?fit=1200%2C773&ssl=1&resize=350%2C200","width":350,"height":200,"srcset":"https:\/\/i0.wp.com\/www.jazzzeitung.de\/cms\/wp-content\/uploads\/2019\/03\/jazz_im_radio.jpg?fit=1200%2C773&ssl=1&resize=350%2C200 1x, https:\/\/i0.wp.com\/www.jazzzeitung.de\/cms\/wp-content\/uploads\/2019\/03\/jazz_im_radio.jpg?fit=1200%2C773&ssl=1&resize=525%2C300 1.5x, https:\/\/i0.wp.com\/www.jazzzeitung.de\/cms\/wp-content\/uploads\/2019\/03\/jazz_im_radio.jpg?fit=1200%2C773&ssl=1&resize=700%2C400 2x, https:\/\/i0.wp.com\/www.jazzzeitung.de\/cms\/wp-content\/uploads\/2019\/03\/jazz_im_radio.jpg?fit=1200%2C773&ssl=1&resize=1050%2C600 3x"},"classes":[]}],"jetpack_sharing_enabled":false,"_links":{"self":[{"href":"https:\/\/www.jazzzeitung.de\/cms\/wp-json\/wp\/v2\/posts\/24301","targetHints":{"allow":["GET"]}}],"collection":[{"href":"https:\/\/www.jazzzeitung.de\/cms\/wp-json\/wp\/v2\/posts"}],"about":[{"href":"https:\/\/www.jazzzeitung.de\/cms\/wp-json\/wp\/v2\/types\/post"}],"author":[{"embeddable":true,"href":"https:\/\/www.jazzzeitung.de\/cms\/wp-json\/wp\/v2\/users\/1"}],"replies":[{"embeddable":true,"href":"https:\/\/www.jazzzeitung.de\/cms\/wp-json\/wp\/v2\/comments?post=24301"}],"version-history":[{"count":2,"href":"https:\/\/www.jazzzeitung.de\/cms\/wp-json\/wp\/v2\/posts\/24301\/revisions"}],"predecessor-version":[{"id":24310,"href":"https:\/\/www.jazzzeitung.de\/cms\/wp-json\/wp\/v2\/posts\/24301\/revisions\/24310"}],"wp:featuredmedia":[{"embeddable":true,"href":"https:\/\/www.jazzzeitung.de\/cms\/wp-json\/wp\/v2\/media\/18913"}],"wp:attachment":[{"href":"https:\/\/www.jazzzeitung.de\/cms\/wp-json\/wp\/v2\/media?parent=24301"}],"wp:term":[{"taxonomy":"category","embeddable":true,"href":"https:\/\/www.jazzzeitung.de\/cms\/wp-json\/wp\/v2\/categories?post=24301"},{"taxonomy":"post_tag","embeddable":true,"href":"https:\/\/www.jazzzeitung.de\/cms\/wp-json\/wp\/v2\/tags?post=24301"},{"taxonomy":"author","embeddable":true,"href":"https:\/\/www.jazzzeitung.de\/cms\/wp-json\/wp\/v2\/coauthors?post=24301"}],"curies":[{"name":"wp","href":"https:\/\/api.w.org\/{rel}","templated":true}]}}