{"id":24290,"date":"2021-01-21T13:12:48","date_gmt":"2021-01-21T12:12:48","guid":{"rendered":"https:\/\/www.jazzzeitung.de\/cms\/?p=24290"},"modified":"2021-01-21T13:12:48","modified_gmt":"2021-01-21T12:12:48","slug":"news-tv-tipp-blue-note-3sat-jazzahead-digital","status":"publish","type":"post","link":"https:\/\/www.jazzzeitung.de\/cms\/2021\/01\/news-tv-tipp-blue-note-3sat-jazzahead-digital\/","title":{"rendered":"+++ news +++ TV-Tipp Blue Note 3sat +++ jazzahead! digital +++"},"content":{"rendered":"<h3><strong>+++ &#8222;Blue Note Records &#8211; Beyond the Notes&#8220;: Dokumentarfilm \u00fcber das legend\u00e4re Jazzlabel +++<\/strong><\/h3>\n<p>Das New Yorker Label Blue Note ist \u00fcber 80 Jahre alt und eine lebende Legende. Heute leitet Starproduzent Don Was das bedeutende Jazzlabel. In Sophie Hubers Dokumentarfilm <strong>&#8222;Blue Note Records \u2013 Beyond the Notes&#8220;<\/strong> (Schweiz 2018) erinnern sich am <strong>Samstag, 23. Januar 2021, um 21.55 Uhr<\/strong> in 3sat pr\u00e4gende K\u00f6pfe der Jazzgeschichte wie Herbie Hancock und Wayne Shorter an die gro\u00dfen Zeiten des Jazz. Und heutige Pioniere wie Robert Glasper oder Hip-Hopper Terrace Martin machen klar: Jazz und Hip-Hop sind nur zwei Spielarten eines Sounds aus dem schwarzen Amerika, der sich auch politisch versteht und einmischt. Im Januar 1939 gr\u00fcndeten die Berliner Emigranten Alfred Lion und Francis Wolff das legend\u00e4re Label in New York, nachdem sie sich vor Hitler in die USA gerettet hatten. Getrieben von der Liebe zum Jazz, lie\u00dfen sie ihren Musikern freie Hand. Sie nahmen den Jazz genauso ernst, wie klassische Musik und waren die ersten Labelchefs, die ihren Musikern Probezeiten verg\u00fcteten. Ihre Fotografien der Aufnahmesessions wurden auf den Albumh\u00fcllen zu Ikonen f\u00fcr Coolness und Jazz. Sophie Hubers Film &#8222;Blue Note Records &#8211; Beyond the Notes&#8220; wurde beim Deutschen Dokumentarfilmpreis 2019 mit dem Musikpreis der Opus GmbH ausgezeichnet.<\/p>\n<p><strong>Deutsche Erstausstrahlung \u2013 mit Video-Stream am\u00a0<\/strong><strong>Samstag, 23. Januar 2021, 21.55 Uhr<\/strong><\/p>\n<p>Beitragsbild:\u00a0&#8222;Blue Note Records &#8211; Beyond the Notes&#8220;: Marcus Strickland, Wayne Shorter, Ambrose Akinmusire. Copyright: ZDF und SRF, MIRA FILM<\/p>\n<h3>+++\u00a0jazzahead! digital 2021 startet Registrierung +++<\/h3>\n<p>Pressemitteilung: Jetzt geht\u2019s los: Nachdem die jazzahead!, die gr\u00f6\u00dfte internationale Jazz-Fachmesse der Welt, 2020 wegen der Corona-Pandemie pausieren musste, nimmt die 15. Ausgabe nun Fahrt auf. Unter dem Motto \u201eClose together from afar\u201c setzen die Veranstalter gro\u00dfe Teile der Fachmesse von Donnerstag bis Sonntag, 29. April bis 2. Mai 2021, virtuell um. \u201eDabei geben wir spannenden Inhalten, die f\u00fcr die Jazz-Szene von Bedeutung und Aktualit\u00e4t sind, ebenso Raum wie Zweiergespr\u00e4chen und Meetings in gr\u00f6\u00dferen Gruppen\u201c, sagt Projektleiterin Sybille Kornitschky von der MESSE BREMEN. Aussteller und Fachteilnehmer k\u00f6nnen sich ab sofort kostenpflichtig unter <a href=\"http:\/\/www.jazzahead.de\">www.jazzahead.de<\/a> f\u00fcr die \u201ejazzahead! digital 2021\u201c anmelden. Preise und Konditionen finden Interessierte auf der Webseite: <a href=\"https:\/\/jazzahead.de\/messe\/#optionen-preise\">https:\/\/jazzahead.de\/messe\/#optionen-preise<\/a>.<\/p>\n<h5>Konferenzen und Panels besuchen, Netzwerken, 32 Showcase-Bands erleben<\/h5>\n<p>Schon jetzt steht fest: Das Programm der virtuellen Ausgabe wird dem Ablauf, den Besucher von den Pr\u00e4senzveranstaltungen aus Bremen kennen, sehr \u00e4hnlich sein. \u201eAls Zuschauer werden sie online interaktiv an Panel-Sessions teilnehmen, in verschiedenen Settings mit neuen und alten Bekannten diskutieren oder netzwerken k\u00f6nnen und 32 Showcase-Bands musikalisch und im Interview erleben\u201c, so Kornitschky. Um die Zeitzonen-Unterschiede zu ber\u00fccksichtigen, werden die Kurzkonzerte und das Fachprogramm sowohl im Live-Stream als auch on-demand angeboten. Das Konferenzprogramm besteht wie gewohnt aus jazzahead!-eigenen Panels mit Fokus auf Veranstalter und den Musikexport sowie Sessions von den Ausstellern. Das komplette Programm gibt es ab Anfang M\u00e4rz auf <a href=\"http:\/\/www.jazzahead.de\">www.jazzahead.de<\/a>.<\/p>\n<h5>Leistungspaket f\u00fcr Fachteilnehmer und Aussteller<\/h5>\n<p>\u00dcber eine Online-Plattform erhalten alle kostenpflichtig registrierten Aussteller und Fachteilnehmer \u00a0Zugang zur digitalen Messe \u2013 inklusive des Networking-Tools, der 32 Showcase-Konzerte und allen Veranstaltungen des Konferenzprogramms. Zudem haben sie die M\u00f6glichkeit, an den monatlichen Virtual Sessions mit wechselnden Fachleuten und spannenden Themen teilzunehmen. Das n\u00e4chste Mal diskutieren Experten und Branchenkenner am Donnerstag, 28. Januar, um 15 Uhr (MEZ) unter dem Titel \u201eWhat\u2019s jazz got to do with it\u201c \u00fcber den Brexit. Den Link finden Interessierte in K\u00fcrze auf den Social-Media-Kan\u00e4len der jazzahead! oder unter: <a href=\"https:\/\/bit.ly\/2NlZSNM\">https:\/\/bit.ly\/2NlZSNM<\/a>.<\/p>\n<p>Das ist aber noch nicht alles: Die Teilnehmer bekommen einen exklusiven Zugang zur ersten Sonderausgabe einer digitalen Matchmaking Session zum Thema \u201eOverseas Relations\u201c, um sich mit zum eigenen Profil passenden Kontakten aus der Branche zu vernetzen. Das Event, das gemeinsam von der MESSE BREMEN und dem Enterprise European Network (EEN) veranstaltet wird, findet bereits im Vorfeld der Fachmesse statt \u2013 von Mittwoch bis Freitag, 10. bis 12. M\u00e4rz 2021. Um auch die restliche Zeit bis zum Start der \u201ejazzahead! digital 2021\u201c sinnvoll zu nutzen, lohnt sich auch ein Blick auf den neuen jazzahead!-Blog, der abwechslungsreiche Inhalte bietet.<\/p>\n<p>Weitere Informationen zu den verschiedenen buchbaren Paketen finden Interessierte auf <a href=\"http:\/\/www.jazzahead.de\">www.jazzahead.de<\/a>.<\/p>\n<p>&nbsp;<\/p>\n","protected":false},"excerpt":{"rendered":"<p>+++ &#8222;Blue Note Records &#8211; Beyond the Notes&#8220;: Dokumentarfilm \u00fcber das legend\u00e4re Jazzlabel +++ Das New Yorker Label Blue Note ist \u00fcber 80 Jahre alt und eine lebende Legende. Heute leitet Starproduzent Don Was das bedeutende Jazzlabel. In Sophie Hubers Dokumentarfilm &#8222;Blue Note Records \u2013 Beyond the Notes&#8220; (Schweiz 2018) erinnern sich am Samstag, 23. Januar 2021, um 21.55 Uhr in 3sat pr\u00e4gende K\u00f6pfe der Jazzgeschichte wie Herbie Hancock und Wayne Shorter an die gro\u00dfen Zeiten des Jazz. Und heutige Pioniere wie Robert Glasper oder Hip-Hopper Terrace Martin machen klar: Jazz und Hip-Hop sind nur zwei Spielarten eines Sounds aus dem schwarzen Amerika, der sich auch politisch versteht und einmischt. Im Januar 1939 gr\u00fcndeten die Berliner Emigranten Alfred Lion und Francis Wolff das legend\u00e4re Label in New York, nachdem sie sich vor Hitler in die USA gerettet hatten. Getrieben von der Liebe zum Jazz, lie\u00dfen sie ihren Musikern freie Hand. Sie nahmen den Jazz genauso ernst, wie klassische Musik und waren die ersten Labelchefs, die ihren Musikern Probezeiten verg\u00fcteten. Ihre Fotografien der Aufnahmesessions wurden auf den Albumh\u00fcllen zu Ikonen f\u00fcr Coolness und Jazz. Sophie Hubers &hellip;<\/p>\n","protected":false},"author":18,"featured_media":24292,"comment_status":"open","ping_status":"closed","sticky":false,"template":"","format":"standard","meta":{"_jetpack_memberships_contains_paid_content":false,"footnotes":"","jetpack_publicize_message":"","jetpack_publicize_feature_enabled":true,"jetpack_social_post_already_shared":false,"jetpack_social_options":{"image_generator_settings":{"template":"highway","default_image_id":0,"font":"","enabled":false},"version":2}},"categories":[633],"tags":[2731,1104,3333,3332,1505,3334,3335],"coauthors":[695],"class_list":["post-24290","post","type-post","status-publish","format-standard","has-post-thumbnail","hentry","category-nachrichten","tag-3sat","tag-blue-note","tag-digital","tag-jazzahead-2021","tag-messe-bremen","tag-tv-tipp","tag-video-stream"],"yoast_head":"<!-- This site is optimized with the Yoast SEO plugin v27.5 - https:\/\/yoast.com\/product\/yoast-seo-wordpress\/ -->\n<title>+++ news +++ TV-Tipp Blue Note 3sat +++ jazzahead! digital +++ - JazzZeitung<\/title>\n<meta name=\"robots\" content=\"index, follow, max-snippet:-1, max-image-preview:large, max-video-preview:-1\" \/>\n<link rel=\"canonical\" href=\"https:\/\/www.jazzzeitung.de\/cms\/2021\/01\/news-tv-tipp-blue-note-3sat-jazzahead-digital\/\" \/>\n<meta property=\"og:locale\" content=\"de_DE\" \/>\n<meta property=\"og:type\" content=\"article\" \/>\n<meta property=\"og:title\" content=\"+++ news +++ TV-Tipp Blue Note 3sat +++ jazzahead! digital +++ - JazzZeitung\" \/>\n<meta property=\"og:description\" content=\"+++ &#8222;Blue Note Records &#8211; Beyond the Notes&#8220;: Dokumentarfilm \u00fcber das legend\u00e4re Jazzlabel +++ Das New Yorker Label Blue Note ist \u00fcber 80 Jahre alt und eine lebende Legende. Heute leitet Starproduzent Don Was das bedeutende Jazzlabel. In Sophie Hubers Dokumentarfilm &#8222;Blue Note Records \u2013 Beyond the Notes&#8220; (Schweiz 2018) erinnern sich am Samstag, 23. Januar 2021, um 21.55 Uhr in 3sat pr\u00e4gende K\u00f6pfe der Jazzgeschichte wie Herbie Hancock und Wayne Shorter an die gro\u00dfen Zeiten des Jazz. Und heutige Pioniere wie Robert Glasper oder Hip-Hopper Terrace Martin machen klar: Jazz und Hip-Hop sind nur zwei Spielarten eines Sounds aus dem schwarzen Amerika, der sich auch politisch versteht und einmischt. Im Januar 1939 gr\u00fcndeten die Berliner Emigranten Alfred Lion und Francis Wolff das legend\u00e4re Label in New York, nachdem sie sich vor Hitler in die USA gerettet hatten. Getrieben von der Liebe zum Jazz, lie\u00dfen sie ihren Musikern freie Hand. Sie nahmen den Jazz genauso ernst, wie klassische Musik und waren die ersten Labelchefs, die ihren Musikern Probezeiten verg\u00fcteten. Ihre Fotografien der Aufnahmesessions wurden auf den Albumh\u00fcllen zu Ikonen f\u00fcr Coolness und Jazz. Sophie Hubers &hellip;\" \/>\n<meta property=\"og:url\" content=\"https:\/\/www.jazzzeitung.de\/cms\/2021\/01\/news-tv-tipp-blue-note-3sat-jazzahead-digital\/\" \/>\n<meta property=\"og:site_name\" content=\"JazzZeitung\" \/>\n<meta property=\"article:publisher\" content=\"https:\/\/www.facebook.com\/JazzZeitung\/\" \/>\n<meta property=\"article:published_time\" content=\"2021-01-21T12:12:48+00:00\" \/>\n<meta property=\"og:image\" content=\"https:\/\/i0.wp.com\/www.jazzzeitung.de\/cms\/wp-content\/uploads\/2021\/01\/shorte-scaled.jpg?fit=2560%2C1442&ssl=1\" \/>\n\t<meta property=\"og:image:width\" content=\"2560\" \/>\n\t<meta property=\"og:image:height\" content=\"1442\" \/>\n\t<meta property=\"og:image:type\" content=\"image\/jpeg\" \/>\n<meta name=\"author\" content=\"Redaktion JazzZeitung\" \/>\n<script type=\"application\/ld+json\" class=\"yoast-schema-graph\">{\"@context\":\"https:\\\/\\\/schema.org\",\"@graph\":[{\"@type\":\"Article\",\"@id\":\"https:\\\/\\\/www.jazzzeitung.de\\\/cms\\\/2021\\\/01\\\/news-tv-tipp-blue-note-3sat-jazzahead-digital\\\/#article\",\"isPartOf\":{\"@id\":\"https:\\\/\\\/www.jazzzeitung.de\\\/cms\\\/2021\\\/01\\\/news-tv-tipp-blue-note-3sat-jazzahead-digital\\\/\"},\"author\":{\"name\":\"Redaktion JazzZeitung\",\"@id\":\"https:\\\/\\\/www.jazzzeitung.de\\\/cms\\\/#\\\/schema\\\/person\\\/2245b36b9cd1d24cea10f01c031fb92b\"},\"headline\":\"+++ news +++ TV-Tipp Blue Note 3sat +++ jazzahead! digital +++\",\"datePublished\":\"2021-01-21T12:12:48+00:00\",\"mainEntityOfPage\":{\"@id\":\"https:\\\/\\\/www.jazzzeitung.de\\\/cms\\\/2021\\\/01\\\/news-tv-tipp-blue-note-3sat-jazzahead-digital\\\/\"},\"wordCount\":679,\"commentCount\":0,\"publisher\":{\"@id\":\"https:\\\/\\\/www.jazzzeitung.de\\\/cms\\\/#organization\"},\"image\":{\"@id\":\"https:\\\/\\\/www.jazzzeitung.de\\\/cms\\\/2021\\\/01\\\/news-tv-tipp-blue-note-3sat-jazzahead-digital\\\/#primaryimage\"},\"thumbnailUrl\":\"https:\\\/\\\/i0.wp.com\\\/www.jazzzeitung.de\\\/cms\\\/wp-content\\\/uploads\\\/2021\\\/01\\\/shorte-scaled.jpg?fit=2560%2C1442&ssl=1\",\"keywords\":[\"3sat\",\"Blue Note\",\"digital\",\"jazzahead! 2021\",\"Messe Bremen\",\"TV-Tipp\",\"Video-Stream\"],\"articleSection\":[\"News\"],\"inLanguage\":\"de\",\"potentialAction\":[{\"@type\":\"CommentAction\",\"name\":\"Comment\",\"target\":[\"https:\\\/\\\/www.jazzzeitung.de\\\/cms\\\/2021\\\/01\\\/news-tv-tipp-blue-note-3sat-jazzahead-digital\\\/#respond\"]}]},{\"@type\":\"WebPage\",\"@id\":\"https:\\\/\\\/www.jazzzeitung.de\\\/cms\\\/2021\\\/01\\\/news-tv-tipp-blue-note-3sat-jazzahead-digital\\\/\",\"url\":\"https:\\\/\\\/www.jazzzeitung.de\\\/cms\\\/2021\\\/01\\\/news-tv-tipp-blue-note-3sat-jazzahead-digital\\\/\",\"name\":\"+++ news +++ TV-Tipp Blue Note 3sat +++ jazzahead! digital +++ - JazzZeitung\",\"isPartOf\":{\"@id\":\"https:\\\/\\\/www.jazzzeitung.de\\\/cms\\\/#website\"},\"primaryImageOfPage\":{\"@id\":\"https:\\\/\\\/www.jazzzeitung.de\\\/cms\\\/2021\\\/01\\\/news-tv-tipp-blue-note-3sat-jazzahead-digital\\\/#primaryimage\"},\"image\":{\"@id\":\"https:\\\/\\\/www.jazzzeitung.de\\\/cms\\\/2021\\\/01\\\/news-tv-tipp-blue-note-3sat-jazzahead-digital\\\/#primaryimage\"},\"thumbnailUrl\":\"https:\\\/\\\/i0.wp.com\\\/www.jazzzeitung.de\\\/cms\\\/wp-content\\\/uploads\\\/2021\\\/01\\\/shorte-scaled.jpg?fit=2560%2C1442&ssl=1\",\"datePublished\":\"2021-01-21T12:12:48+00:00\",\"breadcrumb\":{\"@id\":\"https:\\\/\\\/www.jazzzeitung.de\\\/cms\\\/2021\\\/01\\\/news-tv-tipp-blue-note-3sat-jazzahead-digital\\\/#breadcrumb\"},\"inLanguage\":\"de\",\"potentialAction\":[{\"@type\":\"ReadAction\",\"target\":[\"https:\\\/\\\/www.jazzzeitung.de\\\/cms\\\/2021\\\/01\\\/news-tv-tipp-blue-note-3sat-jazzahead-digital\\\/\"]}]},{\"@type\":\"ImageObject\",\"inLanguage\":\"de\",\"@id\":\"https:\\\/\\\/www.jazzzeitung.de\\\/cms\\\/2021\\\/01\\\/news-tv-tipp-blue-note-3sat-jazzahead-digital\\\/#primaryimage\",\"url\":\"https:\\\/\\\/i0.wp.com\\\/www.jazzzeitung.de\\\/cms\\\/wp-content\\\/uploads\\\/2021\\\/01\\\/shorte-scaled.jpg?fit=2560%2C1442&ssl=1\",\"contentUrl\":\"https:\\\/\\\/i0.wp.com\\\/www.jazzzeitung.de\\\/cms\\\/wp-content\\\/uploads\\\/2021\\\/01\\\/shorte-scaled.jpg?fit=2560%2C1442&ssl=1\",\"width\":2560,\"height\":1442,\"caption\":\"Marcus Strickland, Wayne Shorter, Ambrose Akinmusire.\"},{\"@type\":\"BreadcrumbList\",\"@id\":\"https:\\\/\\\/www.jazzzeitung.de\\\/cms\\\/2021\\\/01\\\/news-tv-tipp-blue-note-3sat-jazzahead-digital\\\/#breadcrumb\",\"itemListElement\":[{\"@type\":\"ListItem\",\"position\":1,\"name\":\"Startseite\",\"item\":\"https:\\\/\\\/www.jazzzeitung.de\\\/cms\\\/\"},{\"@type\":\"ListItem\",\"position\":2,\"name\":\"+++ news +++ TV-Tipp Blue Note 3sat +++ jazzahead! digital +++\"}]},{\"@type\":\"WebSite\",\"@id\":\"https:\\\/\\\/www.jazzzeitung.de\\\/cms\\\/#website\",\"url\":\"https:\\\/\\\/www.jazzzeitung.de\\\/cms\\\/\",\"name\":\"JazzZeitung\",\"description\":\"Jazz-News und Jazz-Kontroverses\",\"publisher\":{\"@id\":\"https:\\\/\\\/www.jazzzeitung.de\\\/cms\\\/#organization\"},\"potentialAction\":[{\"@type\":\"SearchAction\",\"target\":{\"@type\":\"EntryPoint\",\"urlTemplate\":\"https:\\\/\\\/www.jazzzeitung.de\\\/cms\\\/?s={search_term_string}\"},\"query-input\":{\"@type\":\"PropertyValueSpecification\",\"valueRequired\":true,\"valueName\":\"search_term_string\"}}],\"inLanguage\":\"de\"},{\"@type\":\"Organization\",\"@id\":\"https:\\\/\\\/www.jazzzeitung.de\\\/cms\\\/#organization\",\"name\":\"JazzZeitung online\",\"url\":\"https:\\\/\\\/www.jazzzeitung.de\\\/cms\\\/\",\"logo\":{\"@type\":\"ImageObject\",\"inLanguage\":\"de\",\"@id\":\"https:\\\/\\\/www.jazzzeitung.de\\\/cms\\\/#\\\/schema\\\/logo\\\/image\\\/\",\"url\":\"https:\\\/\\\/i0.wp.com\\\/www.jazzzeitung.de\\\/cms\\\/wp-content\\\/uploads\\\/2015\\\/08\\\/JAZZZEITUNGDE_Logo_Neu.png?fit=499%2C200&ssl=1\",\"contentUrl\":\"https:\\\/\\\/i0.wp.com\\\/www.jazzzeitung.de\\\/cms\\\/wp-content\\\/uploads\\\/2015\\\/08\\\/JAZZZEITUNGDE_Logo_Neu.png?fit=499%2C200&ssl=1\",\"width\":499,\"height\":200,\"caption\":\"JazzZeitung online\"},\"image\":{\"@id\":\"https:\\\/\\\/www.jazzzeitung.de\\\/cms\\\/#\\\/schema\\\/logo\\\/image\\\/\"},\"sameAs\":[\"https:\\\/\\\/www.facebook.com\\\/JazzZeitung\\\/\"]},{\"@type\":\"Person\",\"@id\":\"https:\\\/\\\/www.jazzzeitung.de\\\/cms\\\/#\\\/schema\\\/person\\\/2245b36b9cd1d24cea10f01c031fb92b\",\"name\":\"Redaktion JazzZeitung\",\"image\":{\"@type\":\"ImageObject\",\"inLanguage\":\"de\",\"@id\":\"https:\\\/\\\/i0.wp.com\\\/www.jazzzeitung.de\\\/cms\\\/wp-content\\\/uploads\\\/2015\\\/08\\\/JAZZZEITUNGDE_Logo_Neu.png?resize=96%2C96&ssl=159975dcacb611b5700bd619b5daf0a7a\",\"url\":\"https:\\\/\\\/i0.wp.com\\\/www.jazzzeitung.de\\\/cms\\\/wp-content\\\/uploads\\\/2015\\\/08\\\/JAZZZEITUNGDE_Logo_Neu.png?resize=96%2C96&ssl=1\",\"contentUrl\":\"https:\\\/\\\/i0.wp.com\\\/www.jazzzeitung.de\\\/cms\\\/wp-content\\\/uploads\\\/2015\\\/08\\\/JAZZZEITUNGDE_Logo_Neu.png?resize=96%2C96&ssl=1\",\"caption\":\"Redaktion JazzZeitung\"},\"description\":\"Artikel der Redaktion der JazzZeitung.\",\"sameAs\":[\"http:\\\/\\\/www.jazzzeitung.de\\\/cms\\\/\"],\"url\":\"https:\\\/\\\/www.jazzzeitung.de\\\/cms\\\/author\\\/redaktion\\\/\"}]}<\/script>\n<!-- \/ Yoast SEO plugin. -->","yoast_head_json":{"title":"+++ news +++ TV-Tipp Blue Note 3sat +++ jazzahead! digital +++ - JazzZeitung","robots":{"index":"index","follow":"follow","max-snippet":"max-snippet:-1","max-image-preview":"max-image-preview:large","max-video-preview":"max-video-preview:-1"},"canonical":"https:\/\/www.jazzzeitung.de\/cms\/2021\/01\/news-tv-tipp-blue-note-3sat-jazzahead-digital\/","og_locale":"de_DE","og_type":"article","og_title":"+++ news +++ TV-Tipp Blue Note 3sat +++ jazzahead! digital +++ - JazzZeitung","og_description":"+++ &#8222;Blue Note Records &#8211; Beyond the Notes&#8220;: Dokumentarfilm \u00fcber das legend\u00e4re Jazzlabel +++ Das New Yorker Label Blue Note ist \u00fcber 80 Jahre alt und eine lebende Legende. Heute leitet Starproduzent Don Was das bedeutende Jazzlabel. In Sophie Hubers Dokumentarfilm &#8222;Blue Note Records \u2013 Beyond the Notes&#8220; (Schweiz 2018) erinnern sich am Samstag, 23. Januar 2021, um 21.55 Uhr in 3sat pr\u00e4gende K\u00f6pfe der Jazzgeschichte wie Herbie Hancock und Wayne Shorter an die gro\u00dfen Zeiten des Jazz. Und heutige Pioniere wie Robert Glasper oder Hip-Hopper Terrace Martin machen klar: Jazz und Hip-Hop sind nur zwei Spielarten eines Sounds aus dem schwarzen Amerika, der sich auch politisch versteht und einmischt. Im Januar 1939 gr\u00fcndeten die Berliner Emigranten Alfred Lion und Francis Wolff das legend\u00e4re Label in New York, nachdem sie sich vor Hitler in die USA gerettet hatten. Getrieben von der Liebe zum Jazz, lie\u00dfen sie ihren Musikern freie Hand. Sie nahmen den Jazz genauso ernst, wie klassische Musik und waren die ersten Labelchefs, die ihren Musikern Probezeiten verg\u00fcteten. Ihre Fotografien der Aufnahmesessions wurden auf den Albumh\u00fcllen zu Ikonen f\u00fcr Coolness und Jazz. Sophie Hubers &hellip;","og_url":"https:\/\/www.jazzzeitung.de\/cms\/2021\/01\/news-tv-tipp-blue-note-3sat-jazzahead-digital\/","og_site_name":"JazzZeitung","article_publisher":"https:\/\/www.facebook.com\/JazzZeitung\/","article_published_time":"2021-01-21T12:12:48+00:00","og_image":[{"width":2560,"height":1442,"url":"https:\/\/i0.wp.com\/www.jazzzeitung.de\/cms\/wp-content\/uploads\/2021\/01\/shorte-scaled.jpg?fit=2560%2C1442&ssl=1","type":"image\/jpeg"}],"author":"Redaktion JazzZeitung","schema":{"@context":"https:\/\/schema.org","@graph":[{"@type":"Article","@id":"https:\/\/www.jazzzeitung.de\/cms\/2021\/01\/news-tv-tipp-blue-note-3sat-jazzahead-digital\/#article","isPartOf":{"@id":"https:\/\/www.jazzzeitung.de\/cms\/2021\/01\/news-tv-tipp-blue-note-3sat-jazzahead-digital\/"},"author":{"name":"Redaktion JazzZeitung","@id":"https:\/\/www.jazzzeitung.de\/cms\/#\/schema\/person\/2245b36b9cd1d24cea10f01c031fb92b"},"headline":"+++ news +++ TV-Tipp Blue Note 3sat +++ jazzahead! digital +++","datePublished":"2021-01-21T12:12:48+00:00","mainEntityOfPage":{"@id":"https:\/\/www.jazzzeitung.de\/cms\/2021\/01\/news-tv-tipp-blue-note-3sat-jazzahead-digital\/"},"wordCount":679,"commentCount":0,"publisher":{"@id":"https:\/\/www.jazzzeitung.de\/cms\/#organization"},"image":{"@id":"https:\/\/www.jazzzeitung.de\/cms\/2021\/01\/news-tv-tipp-blue-note-3sat-jazzahead-digital\/#primaryimage"},"thumbnailUrl":"https:\/\/i0.wp.com\/www.jazzzeitung.de\/cms\/wp-content\/uploads\/2021\/01\/shorte-scaled.jpg?fit=2560%2C1442&ssl=1","keywords":["3sat","Blue Note","digital","jazzahead! 2021","Messe Bremen","TV-Tipp","Video-Stream"],"articleSection":["News"],"inLanguage":"de","potentialAction":[{"@type":"CommentAction","name":"Comment","target":["https:\/\/www.jazzzeitung.de\/cms\/2021\/01\/news-tv-tipp-blue-note-3sat-jazzahead-digital\/#respond"]}]},{"@type":"WebPage","@id":"https:\/\/www.jazzzeitung.de\/cms\/2021\/01\/news-tv-tipp-blue-note-3sat-jazzahead-digital\/","url":"https:\/\/www.jazzzeitung.de\/cms\/2021\/01\/news-tv-tipp-blue-note-3sat-jazzahead-digital\/","name":"+++ news +++ TV-Tipp Blue Note 3sat +++ jazzahead! digital +++ - JazzZeitung","isPartOf":{"@id":"https:\/\/www.jazzzeitung.de\/cms\/#website"},"primaryImageOfPage":{"@id":"https:\/\/www.jazzzeitung.de\/cms\/2021\/01\/news-tv-tipp-blue-note-3sat-jazzahead-digital\/#primaryimage"},"image":{"@id":"https:\/\/www.jazzzeitung.de\/cms\/2021\/01\/news-tv-tipp-blue-note-3sat-jazzahead-digital\/#primaryimage"},"thumbnailUrl":"https:\/\/i0.wp.com\/www.jazzzeitung.de\/cms\/wp-content\/uploads\/2021\/01\/shorte-scaled.jpg?fit=2560%2C1442&ssl=1","datePublished":"2021-01-21T12:12:48+00:00","breadcrumb":{"@id":"https:\/\/www.jazzzeitung.de\/cms\/2021\/01\/news-tv-tipp-blue-note-3sat-jazzahead-digital\/#breadcrumb"},"inLanguage":"de","potentialAction":[{"@type":"ReadAction","target":["https:\/\/www.jazzzeitung.de\/cms\/2021\/01\/news-tv-tipp-blue-note-3sat-jazzahead-digital\/"]}]},{"@type":"ImageObject","inLanguage":"de","@id":"https:\/\/www.jazzzeitung.de\/cms\/2021\/01\/news-tv-tipp-blue-note-3sat-jazzahead-digital\/#primaryimage","url":"https:\/\/i0.wp.com\/www.jazzzeitung.de\/cms\/wp-content\/uploads\/2021\/01\/shorte-scaled.jpg?fit=2560%2C1442&ssl=1","contentUrl":"https:\/\/i0.wp.com\/www.jazzzeitung.de\/cms\/wp-content\/uploads\/2021\/01\/shorte-scaled.jpg?fit=2560%2C1442&ssl=1","width":2560,"height":1442,"caption":"Marcus Strickland, Wayne Shorter, Ambrose Akinmusire."},{"@type":"BreadcrumbList","@id":"https:\/\/www.jazzzeitung.de\/cms\/2021\/01\/news-tv-tipp-blue-note-3sat-jazzahead-digital\/#breadcrumb","itemListElement":[{"@type":"ListItem","position":1,"name":"Startseite","item":"https:\/\/www.jazzzeitung.de\/cms\/"},{"@type":"ListItem","position":2,"name":"+++ news +++ TV-Tipp Blue Note 3sat +++ jazzahead! digital +++"}]},{"@type":"WebSite","@id":"https:\/\/www.jazzzeitung.de\/cms\/#website","url":"https:\/\/www.jazzzeitung.de\/cms\/","name":"JazzZeitung","description":"Jazz-News und Jazz-Kontroverses","publisher":{"@id":"https:\/\/www.jazzzeitung.de\/cms\/#organization"},"potentialAction":[{"@type":"SearchAction","target":{"@type":"EntryPoint","urlTemplate":"https:\/\/www.jazzzeitung.de\/cms\/?s={search_term_string}"},"query-input":{"@type":"PropertyValueSpecification","valueRequired":true,"valueName":"search_term_string"}}],"inLanguage":"de"},{"@type":"Organization","@id":"https:\/\/www.jazzzeitung.de\/cms\/#organization","name":"JazzZeitung online","url":"https:\/\/www.jazzzeitung.de\/cms\/","logo":{"@type":"ImageObject","inLanguage":"de","@id":"https:\/\/www.jazzzeitung.de\/cms\/#\/schema\/logo\/image\/","url":"https:\/\/i0.wp.com\/www.jazzzeitung.de\/cms\/wp-content\/uploads\/2015\/08\/JAZZZEITUNGDE_Logo_Neu.png?fit=499%2C200&ssl=1","contentUrl":"https:\/\/i0.wp.com\/www.jazzzeitung.de\/cms\/wp-content\/uploads\/2015\/08\/JAZZZEITUNGDE_Logo_Neu.png?fit=499%2C200&ssl=1","width":499,"height":200,"caption":"JazzZeitung online"},"image":{"@id":"https:\/\/www.jazzzeitung.de\/cms\/#\/schema\/logo\/image\/"},"sameAs":["https:\/\/www.facebook.com\/JazzZeitung\/"]},{"@type":"Person","@id":"https:\/\/www.jazzzeitung.de\/cms\/#\/schema\/person\/2245b36b9cd1d24cea10f01c031fb92b","name":"Redaktion JazzZeitung","image":{"@type":"ImageObject","inLanguage":"de","@id":"https:\/\/i0.wp.com\/www.jazzzeitung.de\/cms\/wp-content\/uploads\/2015\/08\/JAZZZEITUNGDE_Logo_Neu.png?resize=96%2C96&ssl=159975dcacb611b5700bd619b5daf0a7a","url":"https:\/\/i0.wp.com\/www.jazzzeitung.de\/cms\/wp-content\/uploads\/2015\/08\/JAZZZEITUNGDE_Logo_Neu.png?resize=96%2C96&ssl=1","contentUrl":"https:\/\/i0.wp.com\/www.jazzzeitung.de\/cms\/wp-content\/uploads\/2015\/08\/JAZZZEITUNGDE_Logo_Neu.png?resize=96%2C96&ssl=1","caption":"Redaktion JazzZeitung"},"description":"Artikel der Redaktion der JazzZeitung.","sameAs":["http:\/\/www.jazzzeitung.de\/cms\/"],"url":"https:\/\/www.jazzzeitung.de\/cms\/author\/redaktion\/"}]}},"wp-worthy-pixel":{"ignored":false,"public":null,"server":null,"url":null},"wp-worthy-type":"normal","jetpack_publicize_connections":[],"cc_featured_image_caption":{"caption_text":"","source_text":"","source_url":""},"jetpack_featured_media_url":"https:\/\/i0.wp.com\/www.jazzzeitung.de\/cms\/wp-content\/uploads\/2021\/01\/shorte-scaled.jpg?fit=2560%2C1442&ssl=1","jetpack_shortlink":"https:\/\/wp.me\/p3KEcT-6jM","jetpack-related-posts":[{"id":20588,"url":"https:\/\/www.jazzzeitung.de\/cms\/2019\/09\/news-erstausstrahlung-dokumentation-ueber-die-brueder-kuehn-30-jazzfestival-muenchen-2019\/","url_meta":{"origin":24290,"position":0},"title":"+++ News +++ Erstausstrahlung der Dokumentation \u00fcber die Br\u00fcder K\u00fchn +++ 30. Jazzfestival M\u00fcnchen 2019 +++","author":"Redaktion JazzZeitung","date":"4. September 2019","format":false,"excerpt":"+++ Erstausstrahlung der Dokumentation \u00fcber die Br\u00fcder K\u00fchn +++ Rolf K\u00fchn ist Meister der Jazz-Klarinette. Er arbeitete mit Benny Goodman oder Count Basie zusammen und seine Markenzeichen sind bis heute seine Neugier und Experimentierlust. Sein Bruder Joachim K\u00fchn steht ihm in dieser Hinsicht als Pianist in nichts nach. Bekannt ist\u2026","rel":"","context":"In &quot;News&quot;","block_context":{"text":"News","link":"https:\/\/www.jazzzeitung.de\/cms\/thema\/nachrichten\/"},"img":{"alt_text":"","src":"https:\/\/i0.wp.com\/www.jazzzeitung.de\/cms\/wp-content\/uploads\/2019\/09\/00000001.jpg?fit=1200%2C793&ssl=1&resize=350%2C200","width":350,"height":200,"srcset":"https:\/\/i0.wp.com\/www.jazzzeitung.de\/cms\/wp-content\/uploads\/2019\/09\/00000001.jpg?fit=1200%2C793&ssl=1&resize=350%2C200 1x, https:\/\/i0.wp.com\/www.jazzzeitung.de\/cms\/wp-content\/uploads\/2019\/09\/00000001.jpg?fit=1200%2C793&ssl=1&resize=525%2C300 1.5x, https:\/\/i0.wp.com\/www.jazzzeitung.de\/cms\/wp-content\/uploads\/2019\/09\/00000001.jpg?fit=1200%2C793&ssl=1&resize=700%2C400 2x, https:\/\/i0.wp.com\/www.jazzzeitung.de\/cms\/wp-content\/uploads\/2019\/09\/00000001.jpg?fit=1200%2C793&ssl=1&resize=1050%2C600 3x"},"classes":[]},{"id":13945,"url":"https:\/\/www.jazzzeitung.de\/cms\/2017\/10\/tv-tipp-der-preis-der-anna-lena-schnabel-3sat\/","url_meta":{"origin":24290,"position":1},"title":"TV-Tipp: Der Preis der Anna-Lena Schnabel (3sat) \u2013 und ein medienpolitisches \u00c4rgernis","author":"Huflaikhan","date":"21. Oktober 2017","format":false,"excerpt":"Heute abend auf 3sat ab 22:05. Als die hochbegabte Saxophonistin Anna-Lena Schnabel den \"Echo Jazz\" 2017 erh\u00e4lt, erlebt sie den prinzipiellen Konflikt zwischen Authentizit\u00e4t und Erfolg im Musikbusiness. Anna-Lena Schnabel w\u00e4chst in einfachen Verh\u00e4ltnissen auf, dank ihrer Hochbegabung macht sie ihr Abitur mit Eins. Eine sichere Zukunft steht ihr offen,\u2026","rel":"","context":"In &quot;Blog&quot;","block_context":{"text":"Blog","link":"https:\/\/www.jazzzeitung.de\/cms\/thema\/blog\/"},"img":{"alt_text":"Anna-Lena Schnabel 2014 mit dem Bujazzo. Foto: Hufner","src":"https:\/\/i0.wp.com\/www.jazzzeitung.de\/cms\/wp-content\/uploads\/2017\/10\/bujazzo-schnabel_c_hufner.jpg?fit=1200%2C900&ssl=1&resize=350%2C200","width":350,"height":200,"srcset":"https:\/\/i0.wp.com\/www.jazzzeitung.de\/cms\/wp-content\/uploads\/2017\/10\/bujazzo-schnabel_c_hufner.jpg?fit=1200%2C900&ssl=1&resize=350%2C200 1x, https:\/\/i0.wp.com\/www.jazzzeitung.de\/cms\/wp-content\/uploads\/2017\/10\/bujazzo-schnabel_c_hufner.jpg?fit=1200%2C900&ssl=1&resize=525%2C300 1.5x, https:\/\/i0.wp.com\/www.jazzzeitung.de\/cms\/wp-content\/uploads\/2017\/10\/bujazzo-schnabel_c_hufner.jpg?fit=1200%2C900&ssl=1&resize=700%2C400 2x, https:\/\/i0.wp.com\/www.jazzzeitung.de\/cms\/wp-content\/uploads\/2017\/10\/bujazzo-schnabel_c_hufner.jpg?fit=1200%2C900&ssl=1&resize=1050%2C600 3x"},"classes":[]},{"id":20756,"url":"https:\/\/www.jazzzeitung.de\/cms\/2019\/09\/news-it-must-schwing-blue-note-records-feiert-80-geburtstag\/","url_meta":{"origin":24290,"position":2},"title":"+++ News +++ &#8222;It must schwing!&#8220; &#8211; Blue Note Records feiert 80. Geburtstag +++","author":"Redaktion JazzZeitung","date":"25. September 2019","format":false,"excerpt":"Das Jazzlabel Blue Note Records feiert dieses Jahr seinen 80. Geburtstag mit einer besonderen Tournee. Siggi Loch, der die Gr\u00fcnder des Labels noch kannte, stellte anl\u00e4sslich dieses besonderen Datums eine Band zusammen, die den Zeitraum von Blue Note bis zu den 60er-Jahren ohne Probleme in ein Programm stricken k\u00f6nnen. Den\u2026","rel":"","context":"In &quot;News&quot;","block_context":{"text":"News","link":"https:\/\/www.jazzzeitung.de\/cms\/thema\/nachrichten\/"},"img":{"alt_text":"","src":"https:\/\/i0.wp.com\/www.jazzzeitung.de\/cms\/wp-content\/uploads\/2019\/09\/Benny-Golson5367_16616.jpg?fit=1200%2C1200&ssl=1&resize=350%2C200","width":350,"height":200,"srcset":"https:\/\/i0.wp.com\/www.jazzzeitung.de\/cms\/wp-content\/uploads\/2019\/09\/Benny-Golson5367_16616.jpg?fit=1200%2C1200&ssl=1&resize=350%2C200 1x, https:\/\/i0.wp.com\/www.jazzzeitung.de\/cms\/wp-content\/uploads\/2019\/09\/Benny-Golson5367_16616.jpg?fit=1200%2C1200&ssl=1&resize=525%2C300 1.5x, https:\/\/i0.wp.com\/www.jazzzeitung.de\/cms\/wp-content\/uploads\/2019\/09\/Benny-Golson5367_16616.jpg?fit=1200%2C1200&ssl=1&resize=700%2C400 2x, https:\/\/i0.wp.com\/www.jazzzeitung.de\/cms\/wp-content\/uploads\/2019\/09\/Benny-Golson5367_16616.jpg?fit=1200%2C1200&ssl=1&resize=1050%2C600 3x"},"classes":[]},{"id":14560,"url":"https:\/\/www.jazzzeitung.de\/cms\/2017\/12\/jazzzeitung-de-top-20-beitraege-in-2017\/","url_meta":{"origin":24290,"position":3},"title":"JazzZeitung.de: Top 20-Beitr\u00e4ge in 2017","author":"Huflaikhan","date":"15. Dezember 2017","format":false,"excerpt":"Ein kleiner R\u00fcckblick auf das jahr 2017. Was waren die am h\u00e4ufigsten abgerufenen Beitr\u00e4ge aus diesem Jahr. Unsere Liste: Pat Metheny 2017 auf Welttournee Born To Be Blue: ein Chet-Baker-Film im Kino TV-Tipp: Der Preis der Anna-Lena Schnabel (3sat) \u2013 und ein medienpolitisches \u00c4rgernis Konzertierte Verantwortungslosigkeit: Der NDR und der\u2026","rel":"","context":"In &quot;Blog&quot;","block_context":{"text":"Blog","link":"https:\/\/www.jazzzeitung.de\/cms\/thema\/blog\/"},"img":{"alt_text":"JazzZeitung top 20 2017","src":"https:\/\/i0.wp.com\/www.jazzzeitung.de\/cms\/wp-content\/uploads\/2017\/12\/2017_top20_jazzzeitung.jpg?fit=1200%2C725&ssl=1&resize=350%2C200","width":350,"height":200,"srcset":"https:\/\/i0.wp.com\/www.jazzzeitung.de\/cms\/wp-content\/uploads\/2017\/12\/2017_top20_jazzzeitung.jpg?fit=1200%2C725&ssl=1&resize=350%2C200 1x, https:\/\/i0.wp.com\/www.jazzzeitung.de\/cms\/wp-content\/uploads\/2017\/12\/2017_top20_jazzzeitung.jpg?fit=1200%2C725&ssl=1&resize=525%2C300 1.5x, https:\/\/i0.wp.com\/www.jazzzeitung.de\/cms\/wp-content\/uploads\/2017\/12\/2017_top20_jazzzeitung.jpg?fit=1200%2C725&ssl=1&resize=700%2C400 2x, https:\/\/i0.wp.com\/www.jazzzeitung.de\/cms\/wp-content\/uploads\/2017\/12\/2017_top20_jazzzeitung.jpg?fit=1200%2C725&ssl=1&resize=1050%2C600 3x"},"classes":[]},{"id":24006,"url":"https:\/\/www.jazzzeitung.de\/cms\/2020\/12\/fachmesse-jazzahead-startet-2021-online-man-hofft-aber-auch-auf-konzerte-vor-publikum\/","url_meta":{"origin":24290,"position":4},"title":"Fachmesse jazzahead! startet 2021 online \u2013 man hofft aber auch auf Konzerte vor Publikum","author":"Redaktion JazzZeitung","date":"18. Dezember 2020","format":false,"excerpt":"Die 15. jazzahead!, die Jubil\u00e4umsausgabe der gr\u00f6\u00dften Jazz-Fachmesse der Welt, sollte urspr\u00fcnglich von Donnerstag bis Sonntag, 23. bis 26. April 2020, in den Hallen 6 und 7 der MESSE BREMEN stattfinden, das begleitende Festival von Freitag bis Sonntag, 17. bis 26. April 2020. Die gesamte Veranstaltung wurde wegen der Corona-Pandemie\u2026","rel":"","context":"In &quot;News&quot;","block_context":{"text":"News","link":"https:\/\/www.jazzzeitung.de\/cms\/thema\/nachrichten\/"},"img":{"alt_text":"","src":"https:\/\/i0.wp.com\/www.jazzzeitung.de\/cms\/wp-content\/uploads\/2020\/12\/Thomas-Koch.jpg?fit=800%2C1200&ssl=1&resize=350%2C200","width":350,"height":200,"srcset":"https:\/\/i0.wp.com\/www.jazzzeitung.de\/cms\/wp-content\/uploads\/2020\/12\/Thomas-Koch.jpg?fit=800%2C1200&ssl=1&resize=350%2C200 1x, https:\/\/i0.wp.com\/www.jazzzeitung.de\/cms\/wp-content\/uploads\/2020\/12\/Thomas-Koch.jpg?fit=800%2C1200&ssl=1&resize=525%2C300 1.5x, https:\/\/i0.wp.com\/www.jazzzeitung.de\/cms\/wp-content\/uploads\/2020\/12\/Thomas-Koch.jpg?fit=800%2C1200&ssl=1&resize=700%2C400 2x"},"classes":[]},{"id":4676,"url":"https:\/\/www.jazzzeitung.de\/cms\/2014\/10\/75-jahre-blue-note-das-buch\/","url_meta":{"origin":24290,"position":5},"title":"75 Jahre Blue Note &#8211; das Buch","author":"Redaktion JazzZeitung","date":"10. Oktober 2014","format":false,"excerpt":"Das ist wirklich beeindruckend, was Herausgeber Rainer Placke vom Jazzprezzo Verlag anl\u00e4sslich 75 Jahre Blue Note herausbringt: \u201ePainted Jazz - Das Buch zum Jubil\u00e4um\u201c hei\u00dft es und ist versehen mit einem Vorwort von Joe Lovano. Weiterhin gibt es gro\u00dfe Kapitel von Michael Cuscuna (Blue Note), Ira Gitler (\u00fcber die Geschichte),\u2026","rel":"","context":"In &quot;News&quot;","block_context":{"text":"News","link":"https:\/\/www.jazzzeitung.de\/cms\/thema\/nachrichten\/"},"img":{"alt_text":"Buch_BlueNote_D_Ru\u0308nger_93.indd","src":"https:\/\/i0.wp.com\/www.jazzzeitung.de\/cms\/wp-content\/uploads\/2014\/10\/Buchtitel_Talkin_about_Painted_Jazz-150x150.jpg?resize=350%2C200","width":350,"height":200},"classes":[]}],"jetpack_sharing_enabled":true,"_links":{"self":[{"href":"https:\/\/www.jazzzeitung.de\/cms\/wp-json\/wp\/v2\/posts\/24290","targetHints":{"allow":["GET"]}}],"collection":[{"href":"https:\/\/www.jazzzeitung.de\/cms\/wp-json\/wp\/v2\/posts"}],"about":[{"href":"https:\/\/www.jazzzeitung.de\/cms\/wp-json\/wp\/v2\/types\/post"}],"author":[{"embeddable":true,"href":"https:\/\/www.jazzzeitung.de\/cms\/wp-json\/wp\/v2\/users\/18"}],"replies":[{"embeddable":true,"href":"https:\/\/www.jazzzeitung.de\/cms\/wp-json\/wp\/v2\/comments?post=24290"}],"version-history":[{"count":3,"href":"https:\/\/www.jazzzeitung.de\/cms\/wp-json\/wp\/v2\/posts\/24290\/revisions"}],"predecessor-version":[{"id":24295,"href":"https:\/\/www.jazzzeitung.de\/cms\/wp-json\/wp\/v2\/posts\/24290\/revisions\/24295"}],"wp:featuredmedia":[{"embeddable":true,"href":"https:\/\/www.jazzzeitung.de\/cms\/wp-json\/wp\/v2\/media\/24292"}],"wp:attachment":[{"href":"https:\/\/www.jazzzeitung.de\/cms\/wp-json\/wp\/v2\/media?parent=24290"}],"wp:term":[{"taxonomy":"category","embeddable":true,"href":"https:\/\/www.jazzzeitung.de\/cms\/wp-json\/wp\/v2\/categories?post=24290"},{"taxonomy":"post_tag","embeddable":true,"href":"https:\/\/www.jazzzeitung.de\/cms\/wp-json\/wp\/v2\/tags?post=24290"},{"taxonomy":"author","embeddable":true,"href":"https:\/\/www.jazzzeitung.de\/cms\/wp-json\/wp\/v2\/coauthors?post=24290"}],"curies":[{"name":"wp","href":"https:\/\/api.w.org\/{rel}","templated":true}]}}