{"id":2427,"date":"2013-10-11T18:39:19","date_gmt":"2013-10-11T16:39:19","guid":{"rendered":"http:\/\/www.jazzzeitung.de\/cms\/?p=2427"},"modified":"2013-10-11T18:39:19","modified_gmt":"2013-10-11T16:39:19","slug":"der-jazz-baden-wuerttemberg","status":"publish","type":"post","link":"https:\/\/www.jazzzeitung.de\/cms\/2013\/10\/der-jazz-baden-wuerttemberg\/","title":{"rendered":"Der Jazz in Baden-W\u00fcrttemberg"},"content":{"rendered":"<p>Nach einigen \u2013 zumindest von au\u00dfen so wahrnehmbaren \u2013 aufregenden Wochen scheint zun\u00e4chst im L\u00e4ndle wieder eine gewisse Beruhigung eingetreten zu sein \u2013 vielleicht so konkret, dass z.B. die Schlie\u00dfung des Jazz-Studiengangs in Stuttgart vom Tisch ist.<\/p>\n<p>Wolfgang Dauner, einer der Aktivisten gegen die Hochschulpl\u00e4ne wird anl\u00e4sslich der Verleihung des Albert-Mangelsdorff-Preises am 3.11. in Berlin und im Rahmen einer Podiumsdiskussion zum 40j\u00e4hrigen Bestehen der Union Deutscher Jazzmusiker die Gelegenheit haben, \u00fcber den aktuellen Stand zu berichten und seine Einsch\u00e4tzung dazu abzugeben.<\/p>\n<p>Von 27 Musikhochschulen in Deutschland bieten allein 17 komplette Jazz-Studieng\u00e4nge an; und auch an den anderen wird Jazz unterrichtet. Dass ist ein Erfolg dieser Musik schlechthin.<\/p>\n<p>Konsequenz ist nat\u00fcrlich, dass es einen regelm\u00e4\u00dfigen \u201eOutput\u201c von hochqualifizierten jungen Jazzmusikern gibt, die auf dem Musikermarkt ihre Position finden wollen \u2013 und dies zu einem finanziellen Auskommen, das unter der Voraussetzung st\u00e4ndigen \u00dcbens und Kreativ-Seins mindestens bis zum Rentenalter anhalten muss. Nachdem Deutschland zu einem Land mit der wohl weltweit einmalig besten F\u00f6rderung von Jazzmusikern geworden ist, muss es sich dem Anspruch stellen, dass dieses Potential unserer Gesellschaft zur Verf\u00fcgung steht \u2013 zu Gagen, die dieses Potential erhalten helfen.<\/p>\n","protected":false},"excerpt":{"rendered":"<p>Nach einigen \u2013 zumindest von au\u00dfen so wahrnehmbaren \u2013 aufregenden Wochen scheint zun\u00e4chst im L\u00e4ndle wieder eine gewisse Beruhigung eingetreten zu sein \u2013 vielleicht so konkret, dass z.B. die Schlie\u00dfung des Jazz-Studiengangs in Stuttgart vom Tisch ist. Wolfgang Dauner, einer der Aktivisten gegen die Hochschulpl\u00e4ne wird anl\u00e4sslich der Verleihung des Albert-Mangelsdorff-Preises am 3.11. in Berlin und im Rahmen einer Podiumsdiskussion zum 40j\u00e4hrigen Bestehen der Union Deutscher Jazzmusiker die Gelegenheit haben, \u00fcber den aktuellen Stand zu berichten und seine Einsch\u00e4tzung dazu abzugeben. Von 27 Musikhochschulen in Deutschland bieten allein 17 komplette Jazz-Studieng\u00e4nge an; und auch an den anderen wird Jazz unterrichtet. Dass ist ein Erfolg dieser Musik schlechthin. Konsequenz ist nat\u00fcrlich, dass es einen regelm\u00e4\u00dfigen \u201eOutput\u201c von hochqualifizierten jungen Jazzmusikern gibt, die auf dem Musikermarkt ihre Position finden wollen \u2013 und dies zu einem finanziellen Auskommen, das unter der Voraussetzung st\u00e4ndigen \u00dcbens und Kreativ-Seins mindestens bis zum Rentenalter anhalten muss. Nachdem Deutschland zu einem Land mit der wohl weltweit einmalig besten F\u00f6rderung von Jazzmusikern geworden ist, muss es sich dem Anspruch stellen, dass dieses Potential unserer Gesellschaft zur Verf\u00fcgung steht \u2013 zu Gagen, die dieses Potential &hellip;<\/p>\n","protected":false},"author":10,"featured_media":0,"comment_status":"open","ping_status":"open","sticky":false,"template":"","format":"standard","meta":{"_jetpack_memberships_contains_paid_content":false,"footnotes":"","jetpack_publicize_message":"","jetpack_publicize_feature_enabled":true,"jetpack_social_post_already_shared":false,"jetpack_social_options":{"image_generator_settings":{"template":"highway","default_image_id":0,"font":"","enabled":false},"version":2}},"categories":[82],"tags":[66,137,200,281,571],"coauthors":[723],"class_list":["post-2427","post","type-post","status-publish","format-standard","hentry","category-blog","tag-berlin","tag-deutschland","tag-gesellschaft","tag-jazzmusiker","tag-union-deutscher-jazzmusiker"],"yoast_head":"<!-- This site is optimized with the Yoast SEO plugin v27.5 - https:\/\/yoast.com\/product\/yoast-seo-wordpress\/ -->\n<title>Der Jazz in Baden-W\u00fcrttemberg - JazzZeitung<\/title>\n<meta name=\"robots\" content=\"index, follow, max-snippet:-1, max-image-preview:large, max-video-preview:-1\" \/>\n<link rel=\"canonical\" href=\"https:\/\/www.jazzzeitung.de\/cms\/2013\/10\/der-jazz-baden-wuerttemberg\/\" \/>\n<meta property=\"og:locale\" content=\"de_DE\" \/>\n<meta property=\"og:type\" content=\"article\" \/>\n<meta property=\"og:title\" content=\"Der Jazz in Baden-W\u00fcrttemberg - JazzZeitung\" \/>\n<meta property=\"og:description\" content=\"Nach einigen \u2013 zumindest von au\u00dfen so wahrnehmbaren \u2013 aufregenden Wochen scheint zun\u00e4chst im L\u00e4ndle wieder eine gewisse Beruhigung eingetreten zu sein \u2013 vielleicht so konkret, dass z.B. die Schlie\u00dfung des Jazz-Studiengangs in Stuttgart vom Tisch ist. Wolfgang Dauner, einer der Aktivisten gegen die Hochschulpl\u00e4ne wird anl\u00e4sslich der Verleihung des Albert-Mangelsdorff-Preises am 3.11. in Berlin und im Rahmen einer Podiumsdiskussion zum 40j\u00e4hrigen Bestehen der Union Deutscher Jazzmusiker die Gelegenheit haben, \u00fcber den aktuellen Stand zu berichten und seine Einsch\u00e4tzung dazu abzugeben. Von 27 Musikhochschulen in Deutschland bieten allein 17 komplette Jazz-Studieng\u00e4nge an; und auch an den anderen wird Jazz unterrichtet. Dass ist ein Erfolg dieser Musik schlechthin. Konsequenz ist nat\u00fcrlich, dass es einen regelm\u00e4\u00dfigen \u201eOutput\u201c von hochqualifizierten jungen Jazzmusikern gibt, die auf dem Musikermarkt ihre Position finden wollen \u2013 und dies zu einem finanziellen Auskommen, das unter der Voraussetzung st\u00e4ndigen \u00dcbens und Kreativ-Seins mindestens bis zum Rentenalter anhalten muss. Nachdem Deutschland zu einem Land mit der wohl weltweit einmalig besten F\u00f6rderung von Jazzmusikern geworden ist, muss es sich dem Anspruch stellen, dass dieses Potential unserer Gesellschaft zur Verf\u00fcgung steht \u2013 zu Gagen, die dieses Potential &hellip;\" \/>\n<meta property=\"og:url\" content=\"https:\/\/www.jazzzeitung.de\/cms\/2013\/10\/der-jazz-baden-wuerttemberg\/\" \/>\n<meta property=\"og:site_name\" content=\"JazzZeitung\" \/>\n<meta property=\"article:publisher\" content=\"https:\/\/www.facebook.com\/JazzZeitung\/\" \/>\n<meta property=\"article:published_time\" content=\"2013-10-11T16:39:19+00:00\" \/>\n<meta property=\"og:image\" content=\"https:\/\/i0.wp.com\/www.jazzzeitung.de\/cms\/wp-content\/uploads\/2012\/01\/ipad-logo-200.png?fit=200%2C200&ssl=1\" \/>\n\t<meta property=\"og:image:width\" content=\"200\" \/>\n\t<meta property=\"og:image:height\" content=\"200\" \/>\n\t<meta property=\"og:image:type\" content=\"image\/png\" \/>\n<meta name=\"author\" content=\"Peter Ortmann\" \/>\n<script type=\"application\/ld+json\" class=\"yoast-schema-graph\">{\"@context\":\"https:\\\/\\\/schema.org\",\"@graph\":[{\"@type\":\"Article\",\"@id\":\"https:\\\/\\\/www.jazzzeitung.de\\\/cms\\\/2013\\\/10\\\/der-jazz-baden-wuerttemberg\\\/#article\",\"isPartOf\":{\"@id\":\"https:\\\/\\\/www.jazzzeitung.de\\\/cms\\\/2013\\\/10\\\/der-jazz-baden-wuerttemberg\\\/\"},\"author\":{\"name\":\"Peter Ortmann\",\"@id\":\"https:\\\/\\\/www.jazzzeitung.de\\\/cms\\\/#\\\/schema\\\/person\\\/d04743af6cf7c1de5d6146c923bf9d6d\"},\"headline\":\"Der Jazz in Baden-W\u00fcrttemberg\",\"datePublished\":\"2013-10-11T16:39:19+00:00\",\"mainEntityOfPage\":{\"@id\":\"https:\\\/\\\/www.jazzzeitung.de\\\/cms\\\/2013\\\/10\\\/der-jazz-baden-wuerttemberg\\\/\"},\"wordCount\":199,\"commentCount\":0,\"publisher\":{\"@id\":\"https:\\\/\\\/www.jazzzeitung.de\\\/cms\\\/#organization\"},\"keywords\":[\"Berlin\",\"Deutschland\",\"Gesellschaft\",\"Jazzmusiker\",\"Union deutscher Jazzmusiker\"],\"articleSection\":[\"Blog\"],\"inLanguage\":\"de\",\"potentialAction\":[{\"@type\":\"CommentAction\",\"name\":\"Comment\",\"target\":[\"https:\\\/\\\/www.jazzzeitung.de\\\/cms\\\/2013\\\/10\\\/der-jazz-baden-wuerttemberg\\\/#respond\"]}]},{\"@type\":\"WebPage\",\"@id\":\"https:\\\/\\\/www.jazzzeitung.de\\\/cms\\\/2013\\\/10\\\/der-jazz-baden-wuerttemberg\\\/\",\"url\":\"https:\\\/\\\/www.jazzzeitung.de\\\/cms\\\/2013\\\/10\\\/der-jazz-baden-wuerttemberg\\\/\",\"name\":\"Der Jazz in Baden-W\u00fcrttemberg - JazzZeitung\",\"isPartOf\":{\"@id\":\"https:\\\/\\\/www.jazzzeitung.de\\\/cms\\\/#website\"},\"datePublished\":\"2013-10-11T16:39:19+00:00\",\"breadcrumb\":{\"@id\":\"https:\\\/\\\/www.jazzzeitung.de\\\/cms\\\/2013\\\/10\\\/der-jazz-baden-wuerttemberg\\\/#breadcrumb\"},\"inLanguage\":\"de\",\"potentialAction\":[{\"@type\":\"ReadAction\",\"target\":[\"https:\\\/\\\/www.jazzzeitung.de\\\/cms\\\/2013\\\/10\\\/der-jazz-baden-wuerttemberg\\\/\"]}]},{\"@type\":\"BreadcrumbList\",\"@id\":\"https:\\\/\\\/www.jazzzeitung.de\\\/cms\\\/2013\\\/10\\\/der-jazz-baden-wuerttemberg\\\/#breadcrumb\",\"itemListElement\":[{\"@type\":\"ListItem\",\"position\":1,\"name\":\"Startseite\",\"item\":\"https:\\\/\\\/www.jazzzeitung.de\\\/cms\\\/\"},{\"@type\":\"ListItem\",\"position\":2,\"name\":\"Der Jazz in Baden-W\u00fcrttemberg\"}]},{\"@type\":\"WebSite\",\"@id\":\"https:\\\/\\\/www.jazzzeitung.de\\\/cms\\\/#website\",\"url\":\"https:\\\/\\\/www.jazzzeitung.de\\\/cms\\\/\",\"name\":\"JazzZeitung\",\"description\":\"Jazz-News und Jazz-Kontroverses\",\"publisher\":{\"@id\":\"https:\\\/\\\/www.jazzzeitung.de\\\/cms\\\/#organization\"},\"potentialAction\":[{\"@type\":\"SearchAction\",\"target\":{\"@type\":\"EntryPoint\",\"urlTemplate\":\"https:\\\/\\\/www.jazzzeitung.de\\\/cms\\\/?s={search_term_string}\"},\"query-input\":{\"@type\":\"PropertyValueSpecification\",\"valueRequired\":true,\"valueName\":\"search_term_string\"}}],\"inLanguage\":\"de\"},{\"@type\":\"Organization\",\"@id\":\"https:\\\/\\\/www.jazzzeitung.de\\\/cms\\\/#organization\",\"name\":\"JazzZeitung online\",\"url\":\"https:\\\/\\\/www.jazzzeitung.de\\\/cms\\\/\",\"logo\":{\"@type\":\"ImageObject\",\"inLanguage\":\"de\",\"@id\":\"https:\\\/\\\/www.jazzzeitung.de\\\/cms\\\/#\\\/schema\\\/logo\\\/image\\\/\",\"url\":\"https:\\\/\\\/i0.wp.com\\\/www.jazzzeitung.de\\\/cms\\\/wp-content\\\/uploads\\\/2015\\\/08\\\/JAZZZEITUNGDE_Logo_Neu.png?fit=499%2C200&ssl=1\",\"contentUrl\":\"https:\\\/\\\/i0.wp.com\\\/www.jazzzeitung.de\\\/cms\\\/wp-content\\\/uploads\\\/2015\\\/08\\\/JAZZZEITUNGDE_Logo_Neu.png?fit=499%2C200&ssl=1\",\"width\":499,\"height\":200,\"caption\":\"JazzZeitung online\"},\"image\":{\"@id\":\"https:\\\/\\\/www.jazzzeitung.de\\\/cms\\\/#\\\/schema\\\/logo\\\/image\\\/\"},\"sameAs\":[\"https:\\\/\\\/www.facebook.com\\\/JazzZeitung\\\/\"]},{\"@type\":\"Person\",\"@id\":\"https:\\\/\\\/www.jazzzeitung.de\\\/cms\\\/#\\\/schema\\\/person\\\/d04743af6cf7c1de5d6146c923bf9d6d\",\"name\":\"Peter Ortmann\",\"image\":{\"@type\":\"ImageObject\",\"inLanguage\":\"de\",\"@id\":\"https:\\\/\\\/secure.gravatar.com\\\/avatar\\\/bf70166e32fef6d48d206d038750c66c0de5a537a270aa6ce5217a2dd4718c95?s=96&d=wp_user_avatar&r=g011c04bc273d32457ea40445f4250792\",\"url\":\"https:\\\/\\\/secure.gravatar.com\\\/avatar\\\/bf70166e32fef6d48d206d038750c66c0de5a537a270aa6ce5217a2dd4718c95?s=96&d=wp_user_avatar&r=g\",\"contentUrl\":\"https:\\\/\\\/secure.gravatar.com\\\/avatar\\\/bf70166e32fef6d48d206d038750c66c0de5a537a270aa6ce5217a2dd4718c95?s=96&d=wp_user_avatar&r=g\",\"caption\":\"Peter Ortmann\"},\"url\":\"https:\\\/\\\/www.jazzzeitung.de\\\/cms\\\/author\\\/ortmann\\\/\"}]}<\/script>\n<!-- \/ Yoast SEO plugin. -->","yoast_head_json":{"title":"Der Jazz in Baden-W\u00fcrttemberg - JazzZeitung","robots":{"index":"index","follow":"follow","max-snippet":"max-snippet:-1","max-image-preview":"max-image-preview:large","max-video-preview":"max-video-preview:-1"},"canonical":"https:\/\/www.jazzzeitung.de\/cms\/2013\/10\/der-jazz-baden-wuerttemberg\/","og_locale":"de_DE","og_type":"article","og_title":"Der Jazz in Baden-W\u00fcrttemberg - JazzZeitung","og_description":"Nach einigen \u2013 zumindest von au\u00dfen so wahrnehmbaren \u2013 aufregenden Wochen scheint zun\u00e4chst im L\u00e4ndle wieder eine gewisse Beruhigung eingetreten zu sein \u2013 vielleicht so konkret, dass z.B. die Schlie\u00dfung des Jazz-Studiengangs in Stuttgart vom Tisch ist. Wolfgang Dauner, einer der Aktivisten gegen die Hochschulpl\u00e4ne wird anl\u00e4sslich der Verleihung des Albert-Mangelsdorff-Preises am 3.11. in Berlin und im Rahmen einer Podiumsdiskussion zum 40j\u00e4hrigen Bestehen der Union Deutscher Jazzmusiker die Gelegenheit haben, \u00fcber den aktuellen Stand zu berichten und seine Einsch\u00e4tzung dazu abzugeben. Von 27 Musikhochschulen in Deutschland bieten allein 17 komplette Jazz-Studieng\u00e4nge an; und auch an den anderen wird Jazz unterrichtet. Dass ist ein Erfolg dieser Musik schlechthin. Konsequenz ist nat\u00fcrlich, dass es einen regelm\u00e4\u00dfigen \u201eOutput\u201c von hochqualifizierten jungen Jazzmusikern gibt, die auf dem Musikermarkt ihre Position finden wollen \u2013 und dies zu einem finanziellen Auskommen, das unter der Voraussetzung st\u00e4ndigen \u00dcbens und Kreativ-Seins mindestens bis zum Rentenalter anhalten muss. Nachdem Deutschland zu einem Land mit der wohl weltweit einmalig besten F\u00f6rderung von Jazzmusikern geworden ist, muss es sich dem Anspruch stellen, dass dieses Potential unserer Gesellschaft zur Verf\u00fcgung steht \u2013 zu Gagen, die dieses Potential &hellip;","og_url":"https:\/\/www.jazzzeitung.de\/cms\/2013\/10\/der-jazz-baden-wuerttemberg\/","og_site_name":"JazzZeitung","article_publisher":"https:\/\/www.facebook.com\/JazzZeitung\/","article_published_time":"2013-10-11T16:39:19+00:00","og_image":[{"width":200,"height":200,"url":"https:\/\/i0.wp.com\/www.jazzzeitung.de\/cms\/wp-content\/uploads\/2012\/01\/ipad-logo-200.png?fit=200%2C200&ssl=1","type":"image\/png"}],"author":"Peter Ortmann","schema":{"@context":"https:\/\/schema.org","@graph":[{"@type":"Article","@id":"https:\/\/www.jazzzeitung.de\/cms\/2013\/10\/der-jazz-baden-wuerttemberg\/#article","isPartOf":{"@id":"https:\/\/www.jazzzeitung.de\/cms\/2013\/10\/der-jazz-baden-wuerttemberg\/"},"author":{"name":"Peter Ortmann","@id":"https:\/\/www.jazzzeitung.de\/cms\/#\/schema\/person\/d04743af6cf7c1de5d6146c923bf9d6d"},"headline":"Der Jazz in Baden-W\u00fcrttemberg","datePublished":"2013-10-11T16:39:19+00:00","mainEntityOfPage":{"@id":"https:\/\/www.jazzzeitung.de\/cms\/2013\/10\/der-jazz-baden-wuerttemberg\/"},"wordCount":199,"commentCount":0,"publisher":{"@id":"https:\/\/www.jazzzeitung.de\/cms\/#organization"},"keywords":["Berlin","Deutschland","Gesellschaft","Jazzmusiker","Union deutscher Jazzmusiker"],"articleSection":["Blog"],"inLanguage":"de","potentialAction":[{"@type":"CommentAction","name":"Comment","target":["https:\/\/www.jazzzeitung.de\/cms\/2013\/10\/der-jazz-baden-wuerttemberg\/#respond"]}]},{"@type":"WebPage","@id":"https:\/\/www.jazzzeitung.de\/cms\/2013\/10\/der-jazz-baden-wuerttemberg\/","url":"https:\/\/www.jazzzeitung.de\/cms\/2013\/10\/der-jazz-baden-wuerttemberg\/","name":"Der Jazz in Baden-W\u00fcrttemberg - JazzZeitung","isPartOf":{"@id":"https:\/\/www.jazzzeitung.de\/cms\/#website"},"datePublished":"2013-10-11T16:39:19+00:00","breadcrumb":{"@id":"https:\/\/www.jazzzeitung.de\/cms\/2013\/10\/der-jazz-baden-wuerttemberg\/#breadcrumb"},"inLanguage":"de","potentialAction":[{"@type":"ReadAction","target":["https:\/\/www.jazzzeitung.de\/cms\/2013\/10\/der-jazz-baden-wuerttemberg\/"]}]},{"@type":"BreadcrumbList","@id":"https:\/\/www.jazzzeitung.de\/cms\/2013\/10\/der-jazz-baden-wuerttemberg\/#breadcrumb","itemListElement":[{"@type":"ListItem","position":1,"name":"Startseite","item":"https:\/\/www.jazzzeitung.de\/cms\/"},{"@type":"ListItem","position":2,"name":"Der Jazz in Baden-W\u00fcrttemberg"}]},{"@type":"WebSite","@id":"https:\/\/www.jazzzeitung.de\/cms\/#website","url":"https:\/\/www.jazzzeitung.de\/cms\/","name":"JazzZeitung","description":"Jazz-News und Jazz-Kontroverses","publisher":{"@id":"https:\/\/www.jazzzeitung.de\/cms\/#organization"},"potentialAction":[{"@type":"SearchAction","target":{"@type":"EntryPoint","urlTemplate":"https:\/\/www.jazzzeitung.de\/cms\/?s={search_term_string}"},"query-input":{"@type":"PropertyValueSpecification","valueRequired":true,"valueName":"search_term_string"}}],"inLanguage":"de"},{"@type":"Organization","@id":"https:\/\/www.jazzzeitung.de\/cms\/#organization","name":"JazzZeitung online","url":"https:\/\/www.jazzzeitung.de\/cms\/","logo":{"@type":"ImageObject","inLanguage":"de","@id":"https:\/\/www.jazzzeitung.de\/cms\/#\/schema\/logo\/image\/","url":"https:\/\/i0.wp.com\/www.jazzzeitung.de\/cms\/wp-content\/uploads\/2015\/08\/JAZZZEITUNGDE_Logo_Neu.png?fit=499%2C200&ssl=1","contentUrl":"https:\/\/i0.wp.com\/www.jazzzeitung.de\/cms\/wp-content\/uploads\/2015\/08\/JAZZZEITUNGDE_Logo_Neu.png?fit=499%2C200&ssl=1","width":499,"height":200,"caption":"JazzZeitung online"},"image":{"@id":"https:\/\/www.jazzzeitung.de\/cms\/#\/schema\/logo\/image\/"},"sameAs":["https:\/\/www.facebook.com\/JazzZeitung\/"]},{"@type":"Person","@id":"https:\/\/www.jazzzeitung.de\/cms\/#\/schema\/person\/d04743af6cf7c1de5d6146c923bf9d6d","name":"Peter Ortmann","image":{"@type":"ImageObject","inLanguage":"de","@id":"https:\/\/secure.gravatar.com\/avatar\/bf70166e32fef6d48d206d038750c66c0de5a537a270aa6ce5217a2dd4718c95?s=96&d=wp_user_avatar&r=g011c04bc273d32457ea40445f4250792","url":"https:\/\/secure.gravatar.com\/avatar\/bf70166e32fef6d48d206d038750c66c0de5a537a270aa6ce5217a2dd4718c95?s=96&d=wp_user_avatar&r=g","contentUrl":"https:\/\/secure.gravatar.com\/avatar\/bf70166e32fef6d48d206d038750c66c0de5a537a270aa6ce5217a2dd4718c95?s=96&d=wp_user_avatar&r=g","caption":"Peter Ortmann"},"url":"https:\/\/www.jazzzeitung.de\/cms\/author\/ortmann\/"}]}},"wp-worthy-pixel":{"ignored":false,"public":null,"server":null,"url":null},"wp-worthy-type":"normal","jetpack_publicize_connections":[],"cc_featured_image_caption":{"caption_text":false,"source_text":false,"source_url":false},"jetpack_featured_media_url":"","jetpack_shortlink":"https:\/\/wp.me\/p3KEcT-D9","jetpack-related-posts":[{"id":18903,"url":"https:\/\/www.jazzzeitung.de\/cms\/2019\/03\/laura-block-verstaerkt-udj-geschaeftsstelle-im-bereich-gleichstellung-von-frauen-im-jazz\/","url_meta":{"origin":2427,"position":0},"title":"Laura Block verst\u00e4rkt UDJ-Gesch\u00e4ftsstelle im Bereich Gleichstellung von Frauen im Jazz","author":"Redaktion JazzZeitung","date":"9. M\u00e4rz 2019","format":false,"excerpt":"Gleichstellung von Frauen im Jazz ist aktuell eines der wichtigsten Themen, f\u00fcr die sich die Union Deutscher Jazzmusiker e.V. (UDJ) als \u201eSprachrohr der Jazzmusikerinnen und Jazzmusiker in Deutschland\" einsetzt. Zum Jahresbeginn 2019 hat das Team der Gesch\u00e4ftsstelle in Berlin nun Verst\u00e4rkung bekommen: Die promovierte Sozialwissenschaftlerin Laura Block ist seit Januar\u2026","rel":"","context":"In &quot;News&quot;","block_context":{"text":"News","link":"https:\/\/www.jazzzeitung.de\/cms\/thema\/nachrichten\/"},"img":{"alt_text":"","src":"https:\/\/i0.wp.com\/www.jazzzeitung.de\/cms\/wp-content\/uploads\/2019\/03\/25bc0c91-5930-40a9-9c11-96afc256849a-e1552037230758.jpg?fit=897%2C1200&ssl=1&resize=350%2C200","width":350,"height":200,"srcset":"https:\/\/i0.wp.com\/www.jazzzeitung.de\/cms\/wp-content\/uploads\/2019\/03\/25bc0c91-5930-40a9-9c11-96afc256849a-e1552037230758.jpg?fit=897%2C1200&ssl=1&resize=350%2C200 1x, https:\/\/i0.wp.com\/www.jazzzeitung.de\/cms\/wp-content\/uploads\/2019\/03\/25bc0c91-5930-40a9-9c11-96afc256849a-e1552037230758.jpg?fit=897%2C1200&ssl=1&resize=525%2C300 1.5x, https:\/\/i0.wp.com\/www.jazzzeitung.de\/cms\/wp-content\/uploads\/2019\/03\/25bc0c91-5930-40a9-9c11-96afc256849a-e1552037230758.jpg?fit=897%2C1200&ssl=1&resize=700%2C400 2x"},"classes":[]},{"id":6273,"url":"https:\/\/www.jazzzeitung.de\/cms\/2015\/06\/jazzstudie-2015-gestartet\/","url_meta":{"origin":2427,"position":1},"title":"Jazzstudie 2015 gestartet","author":"Redaktion JazzZeitung","date":"1. Juni 2015","format":false,"excerpt":"Heute startet die Online-Befragung im Rahmen der Studie zu Lebens- und Arbeitsbedingungen von Jazzmusiker\/-innen in Deutschland, die vom Institut f\u00fcr Kulturpolitik der Universit\u00e4t Hildesheim ausgerichtet wird. Zur Teilnahme aufgerufen sind alle Jazzmusikerinnen und -musiker, die in Deutschland leben und\/oder arbeiten. Immer wieder wird die \u00f6konomische Situation von Jazzmusiker\/-innen als prek\u00e4r\u2026","rel":"","context":"In &quot;News&quot;","block_context":{"text":"News","link":"https:\/\/www.jazzzeitung.de\/cms\/thema\/nachrichten\/"},"img":{"alt_text":"","src":"https:\/\/i0.wp.com\/www.jazzzeitung.de\/cms\/wp-content\/uploads\/2015\/06\/jazzstudie2015_PostkarteVS-e1433167940571.jpg?resize=350%2C200","width":350,"height":200,"srcset":"https:\/\/i0.wp.com\/www.jazzzeitung.de\/cms\/wp-content\/uploads\/2015\/06\/jazzstudie2015_PostkarteVS-e1433167940571.jpg?resize=350%2C200 1x, https:\/\/i0.wp.com\/www.jazzzeitung.de\/cms\/wp-content\/uploads\/2015\/06\/jazzstudie2015_PostkarteVS-e1433167940571.jpg?resize=525%2C300 1.5x, https:\/\/i0.wp.com\/www.jazzzeitung.de\/cms\/wp-content\/uploads\/2015\/06\/jazzstudie2015_PostkarteVS-e1433167940571.jpg?resize=700%2C400 2x, https:\/\/i0.wp.com\/www.jazzzeitung.de\/cms\/wp-content\/uploads\/2015\/06\/jazzstudie2015_PostkarteVS-e1433167940571.jpg?resize=1050%2C600 3x, https:\/\/i0.wp.com\/www.jazzzeitung.de\/cms\/wp-content\/uploads\/2015\/06\/jazzstudie2015_PostkarteVS-e1433167940571.jpg?resize=1400%2C800 4x"},"classes":[]},{"id":14205,"url":"https:\/\/www.jazzzeitung.de\/cms\/2017\/11\/nikolaus-neuser-ist-neuer-vorsitzender-der-union-deutscher-jazzmusiker\/","url_meta":{"origin":2427,"position":2},"title":"Nikolaus Neuser ist neuer Vorsitzender der Union Deutscher Jazzmusiker","author":"Redaktion JazzZeitung","date":"7. November 2017","format":false,"excerpt":"Der Berliner Jazztrompeter Nikolaus Neuser ist neuer Vorsitzender der Union Deutscher Jazzmusiker (UDJ). Er wurde auf der Mitgliederversammlung der berufs- und fachpolitischen Interessenvereinigung am 04. November 2017 in Berlin in das Amt gew\u00e4hlt. Neuser tritt die Nachfolge des Saxophonisten und Komponisten Gebhard Ullmann an, der den Vorsitz seit 2013 innehatte.\u2026","rel":"","context":"In &quot;News&quot;","block_context":{"text":"News","link":"https:\/\/www.jazzzeitung.de\/cms\/thema\/nachrichten\/"},"img":{"alt_text":"UDJ-Vorstand und Gesch\u00e4ftsf\u00fchrer mit altem und neuem Vorsitzenden. V. l. n. r.: Silke Eberhard, Benjamin Schaefer, Anette von Eichel, Felix Falk,Gebhard Ullmann, Nikolaus Neuser, Alexandra Lehmler und Urs Johnen","src":"https:\/\/i0.wp.com\/www.jazzzeitung.de\/cms\/wp-content\/uploads\/2017\/11\/udj_vorstand_c_manuel_miethe.jpg?fit=1200%2C800&ssl=1&resize=350%2C200","width":350,"height":200,"srcset":"https:\/\/i0.wp.com\/www.jazzzeitung.de\/cms\/wp-content\/uploads\/2017\/11\/udj_vorstand_c_manuel_miethe.jpg?fit=1200%2C800&ssl=1&resize=350%2C200 1x, https:\/\/i0.wp.com\/www.jazzzeitung.de\/cms\/wp-content\/uploads\/2017\/11\/udj_vorstand_c_manuel_miethe.jpg?fit=1200%2C800&ssl=1&resize=525%2C300 1.5x, https:\/\/i0.wp.com\/www.jazzzeitung.de\/cms\/wp-content\/uploads\/2017\/11\/udj_vorstand_c_manuel_miethe.jpg?fit=1200%2C800&ssl=1&resize=700%2C400 2x, https:\/\/i0.wp.com\/www.jazzzeitung.de\/cms\/wp-content\/uploads\/2017\/11\/udj_vorstand_c_manuel_miethe.jpg?fit=1200%2C800&ssl=1&resize=1050%2C600 3x"},"classes":[]},{"id":9453,"url":"https:\/\/www.jazzzeitung.de\/cms\/2016\/06\/urs-johnen-ist-neuer-geschaeftsfuehrer-der-union-deutscher-jazzmusiker\/","url_meta":{"origin":2427,"position":3},"title":"Urs Johnen ist neuer Gesch\u00e4ftsf\u00fchrer der Union Deutscher Jazzmusiker","author":"Redaktion JazzZeitung","date":"6. Juni 2016","format":false,"excerpt":"Der Musiker und Kulturmanager Urs Johnen ist vom Vorstand der Union Deutscher Jazzmusiker (UDJ) zum neuen Gesch\u00e4ftsf\u00fchrer des Vereins berufen worden. Sein Vorg\u00e4nger Jonas Pirzer wechselt nach vierj\u00e4hriger Amtszeit in das Kulturmanagement eines Gro\u00dfkonzerns.\u00a0 \u201eJazzmusik ist ein einzigartiger Botschafter f\u00fcr Werte wie Toleranz, Selbstbestimmtheit und Offenheit \u2013 und das ist\u2026","rel":"","context":"In &quot;News&quot;","block_context":{"text":"News","link":"https:\/\/www.jazzzeitung.de\/cms\/thema\/nachrichten\/"},"img":{"alt_text":"urs_johnen","src":"https:\/\/i0.wp.com\/www.jazzzeitung.de\/cms\/wp-content\/uploads\/2016\/06\/urs_johnen-150x150.jpg?resize=350%2C200","width":350,"height":200},"classes":[]},{"id":19583,"url":"https:\/\/www.jazzzeitung.de\/cms\/2019\/05\/union-deutscher-jazzmusiker-udj-in-deutsche-jazzunion-umbenannt\/","url_meta":{"origin":2427,"position":4},"title":"\u201eUnion Deutscher Jazzmusiker\u201c (UDJ) in \u201eDeutsche Jazzunion\u201c umbenannt","author":"Redaktion JazzZeitung","date":"27. Mai 2019","format":false,"excerpt":"Berlin, 27.05.2019 | Die Interessenvertretung der Jazzmusikerinnen und -musiker in Deutschland hat einen neuen Namen. Die Mitglieder des 1973 gegr\u00fcndeten Verbands beschlossen auf ihrer Mitgliederversammlung in Bremen, den Namen \u201eUnion Deutscher Jazzmusiker\u201c in \u201eDeutsche Jazzunion\u201c zu \u00e4ndern. Mit der Namens\u00e4nderung will der Verband als Sprachrohr der Jazzmusiker*innen in Deutschland der\u2026","rel":"","context":"In &quot;News&quot;","block_context":{"text":"News","link":"https:\/\/www.jazzzeitung.de\/cms\/thema\/nachrichten\/"},"img":{"alt_text":"Logo der Deutschen Jazzunion","src":"https:\/\/i0.wp.com\/www.jazzzeitung.de\/cms\/wp-content\/uploads\/2019\/05\/DeutscheJazzunion.png?fit=811%2C456&ssl=1&resize=350%2C200","width":350,"height":200,"srcset":"https:\/\/i0.wp.com\/www.jazzzeitung.de\/cms\/wp-content\/uploads\/2019\/05\/DeutscheJazzunion.png?fit=811%2C456&ssl=1&resize=350%2C200 1x, https:\/\/i0.wp.com\/www.jazzzeitung.de\/cms\/wp-content\/uploads\/2019\/05\/DeutscheJazzunion.png?fit=811%2C456&ssl=1&resize=525%2C300 1.5x, https:\/\/i0.wp.com\/www.jazzzeitung.de\/cms\/wp-content\/uploads\/2019\/05\/DeutscheJazzunion.png?fit=811%2C456&ssl=1&resize=700%2C400 2x"},"classes":[]},{"id":2234,"url":"https:\/\/www.jazzzeitung.de\/cms\/2013\/09\/von-der-notwendigkeit-der-lobbyarbeit\/","url_meta":{"origin":2427,"position":5},"title":"Von der Notwendigkeit der Lobbyarbeit \u2013 Neuigkeiten aus der Union Deutscher Jazzmusiker","author":"Ursula Gaisa","date":"16. September 2013","format":false,"excerpt":"Die Union Deutscher Jazzmusiker kann mit Stolz vermelden, dass sie nach einer Verdreifachung ihrer Mitgliederzahlen 40 Jahre nach ihrer Gr\u00fcndung mit \u00fcber 400 Mitgliedern ungemein vital und pr\u00e4sent ist.","rel":"","context":"In &quot;JazzZeitung (print)&quot;","block_context":{"text":"JazzZeitung (print)","link":"https:\/\/www.jazzzeitung.de\/cms\/thema\/archiv\/jazzzeitung-print\/"},"img":{"alt_text":"(2) Die UDJ-Vorsitzende Julia H\u00fclsmann beim Jubil\u00e4um der Initiative Musik","src":"https:\/\/i0.wp.com\/www.jazzzeitung.de\/cms\/wp-content\/uploads\/2013\/09\/2-Die-UDJ-Vorsitzende-Julia-H%C3%BClsmann-beim-Jubil%C3%A4um-der-Initiative-Musik-300x200.jpg?resize=350%2C200","width":350,"height":200},"classes":[]}],"jetpack_sharing_enabled":true,"_links":{"self":[{"href":"https:\/\/www.jazzzeitung.de\/cms\/wp-json\/wp\/v2\/posts\/2427","targetHints":{"allow":["GET"]}}],"collection":[{"href":"https:\/\/www.jazzzeitung.de\/cms\/wp-json\/wp\/v2\/posts"}],"about":[{"href":"https:\/\/www.jazzzeitung.de\/cms\/wp-json\/wp\/v2\/types\/post"}],"author":[{"embeddable":true,"href":"https:\/\/www.jazzzeitung.de\/cms\/wp-json\/wp\/v2\/users\/10"}],"replies":[{"embeddable":true,"href":"https:\/\/www.jazzzeitung.de\/cms\/wp-json\/wp\/v2\/comments?post=2427"}],"version-history":[{"count":2,"href":"https:\/\/www.jazzzeitung.de\/cms\/wp-json\/wp\/v2\/posts\/2427\/revisions"}],"predecessor-version":[{"id":2443,"href":"https:\/\/www.jazzzeitung.de\/cms\/wp-json\/wp\/v2\/posts\/2427\/revisions\/2443"}],"wp:attachment":[{"href":"https:\/\/www.jazzzeitung.de\/cms\/wp-json\/wp\/v2\/media?parent=2427"}],"wp:term":[{"taxonomy":"category","embeddable":true,"href":"https:\/\/www.jazzzeitung.de\/cms\/wp-json\/wp\/v2\/categories?post=2427"},{"taxonomy":"post_tag","embeddable":true,"href":"https:\/\/www.jazzzeitung.de\/cms\/wp-json\/wp\/v2\/tags?post=2427"},{"taxonomy":"author","embeddable":true,"href":"https:\/\/www.jazzzeitung.de\/cms\/wp-json\/wp\/v2\/coauthors?post=2427"}],"curies":[{"name":"wp","href":"https:\/\/api.w.org\/{rel}","templated":true}]}}