{"id":24170,"date":"2021-01-16T10:30:12","date_gmt":"2021-01-16T09:30:12","guid":{"rendered":"https:\/\/www.jazzzeitung.de\/cms\/?p=24170"},"modified":"2021-01-14T15:31:24","modified_gmt":"2021-01-14T14:31:24","slug":"maik-krahl-quartett-mit-seinem-programm-fraction-live-im-jazzclub-unterfahrt","status":"publish","type":"post","link":"https:\/\/www.jazzzeitung.de\/cms\/2021\/01\/maik-krahl-quartett-mit-seinem-programm-fraction-live-im-jazzclub-unterfahrt\/","title":{"rendered":"Maik Krahl Quartett mit seinem Programm Fraction live im Jazzclub Unterfahrt\u00a0"},"content":{"rendered":"<p><strong>Der K\u00f6lner Trompeter Maik Krahl hat sich im Laufe der letzten Jahre in der Jazz-Szene etabliert und sein Ruf als Trompeter der neuen wilden Generation eilt ihm bereits voraus. Mit der aktuellen CD \u201eFRACTION\u201c, erschienen auf dem holl\u00e4ndischen Challenge Label, f\u00fchrt er seinen kompositorischen Ansatz konsequent fort, wobei das Album alles andere pr\u00e4sentiert, als nur einen \u201eBruchteil\u201c seines K\u00f6nnens\/Schaffens. Zusammen mit dem ebenfalls aus K\u00f6ln stammenden Bassisten Oliver Lutz, Constantin Krahmer am Klavier bzw. Fender Rhodes, dem Schlagzeuger Leif Berger und dem gro\u00dfartigen Seamus Blake als Gast bei zwei Songs, legt das Quartett auf \u201eFRACTION\u201c richtig los und fesselt den Zuh\u00f6rer von der ersten bis zur letzten Sekunde.<\/strong><\/p>\n<p>Am Dienstag, den 12. Januar 2021 gastierte das Quartett, aktuell mit Fabian R\u00f6sch am Schlagzeug, live in M\u00fcnchen. Im Jazzclub Unterfahrt wird nach wie vor der kontinuierliche Konzertbetrieb aufrechterhalten und die Auftritte der Bands f\u00fcr ein treues Publikum mit professionellen Bildern\/Schnitt sowie exzellentem Ton &amp; Regie live gestreamt. Man muss sich als Zuschauer w\u00e4hrend des Konzertes bewusst Zeit nehmen und freischaufeln, um den Abend zuhause \u00a0auch entsprechend genie\u00dfen zu k\u00f6nnen, denn der Mitschnitt steht nach der Show nicht mehr zum Abruf im Netz! Damit wird der Einzigartigkeit des Livekonzertes Rechnung getragen. Momentan ist das Unterfahrt Programm eine der wenigen konstanten M\u00f6glichkeiten \u00fcberhaupt f\u00fcr Musiker on stage zu spielen, live zu kommunizieren, sich weiter zu entwickeln und wenigstens etwas Geld mit Auftritten zu verdienen (und die vereinbarte Gage dank der Spendenbereitschaft des gro\u00dfartigen Publikums etwas aufstocken zu k\u00f6nnen). Ganz wichtig bei den Konzerten ist der rege Austausch im Online-Chat, vor allem \u00fcber den YouTube-Kanal der Unterfahrt w\u00e4hrend der Live\u00fcbertragung, der simultan vom Publikum untereinander und im Dialog mit der Unterfahrt gef\u00fchrt wird. Ein absolutes Highlight f\u00fcr die Musiker ist im Nachgang dann auch zu erfahren, was die Zuschauer im Chat an Kommentaren gepostet haben. So bekommt die Band, auch ohne vor-Ort-Publikum, ein kompetentes Feedback zum gerade absolvierten Auftritt. So geht Live-Jazz in Lockdownzeiten!<\/p>\n<div class=\"tiled-gallery type-rectangular tiled-gallery-unresized\" data-original-width=\"840\" data-carousel-extra='{&quot;blog_id&quot;:1,&quot;permalink&quot;:&quot;https:\\\/\\\/www.jazzzeitung.de\\\/cms\\\/2021\\\/01\\\/maik-krahl-quartett-mit-seinem-programm-fraction-live-im-jazzclub-unterfahrt\\\/&quot;,&quot;likes_blog_id&quot;:55446655}' itemscope itemtype=\"http:\/\/schema.org\/ImageGallery\" > <div class=\"gallery-row\" style=\"width: 840px; height: 628px;\" data-original-width=\"840\" data-original-height=\"628\" > <div class=\"gallery-group images-1\" style=\"width: 420px; height: 628px;\" data-original-width=\"420\" data-original-height=\"628\" > <div class=\"tiled-gallery-item tiled-gallery-item-large\" itemprop=\"associatedMedia\" itemscope itemtype=\"http:\/\/schema.org\/ImageObject\"> <a href=\"https:\/\/www.jazzzeitung.de\/cms\/2021\/01\/maik-krahl-quartett-mit-seinem-programm-fraction-live-im-jazzclub-unterfahrt\/p2017645-maik-krahl-foto-tj-krebs-2\/\" border=\"0\" itemprop=\"url\"> <meta itemprop=\"width\" content=\"416\"> <meta itemprop=\"height\" content=\"624\"> <img decoding=\"async\" class=\"\" data-attachment-id=\"24179\" data-orig-file=\"https:\/\/www.jazzzeitung.de\/cms\/wp-content\/uploads\/2021\/01\/P2017645-Maik-Krahl-Foto-TJ-Krebs-1.jpg\" data-orig-size=\"800,1200\" data-comments-opened=\"1\" data-image-meta=\"{&quot;aperture&quot;:&quot;0&quot;,&quot;credit&quot;:&quot;&quot;,&quot;camera&quot;:&quot;&quot;,&quot;caption&quot;:&quot;&quot;,&quot;created_timestamp&quot;:&quot;0&quot;,&quot;copyright&quot;:&quot;&quot;,&quot;focal_length&quot;:&quot;0&quot;,&quot;iso&quot;:&quot;0&quot;,&quot;shutter_speed&quot;:&quot;0&quot;,&quot;title&quot;:&quot;&quot;,&quot;orientation&quot;:&quot;0&quot;}\" data-image-title=\"P2017645 Maik Krahl &amp;#8211; Foto TJ Krebs\" data-image-description=\"\" data-medium-file=\"https:\/\/i0.wp.com\/www.jazzzeitung.de\/cms\/wp-content\/uploads\/2021\/01\/P2017645-Maik-Krahl-Foto-TJ-Krebs-1.jpg?fit=200%2C300&#038;ssl=1\" data-large-file=\"https:\/\/i0.wp.com\/www.jazzzeitung.de\/cms\/wp-content\/uploads\/2021\/01\/P2017645-Maik-Krahl-Foto-TJ-Krebs-1.jpg?fit=400%2C600&#038;ssl=1\" src=\"https:\/\/i0.wp.com\/www.jazzzeitung.de\/cms\/wp-content\/uploads\/2021\/01\/P2017645-Maik-Krahl-Foto-TJ-Krebs-1.jpg?w=416&#038;h=624&#038;ssl=1\" srcset=\"https:\/\/i0.wp.com\/www.jazzzeitung.de\/cms\/wp-content\/uploads\/2021\/01\/P2017645-Maik-Krahl-Foto-TJ-Krebs-1.jpg?w=800&amp;ssl=1 800w, https:\/\/i0.wp.com\/www.jazzzeitung.de\/cms\/wp-content\/uploads\/2021\/01\/P2017645-Maik-Krahl-Foto-TJ-Krebs-1.jpg?resize=200%2C300&amp;ssl=1 200w, https:\/\/i0.wp.com\/www.jazzzeitung.de\/cms\/wp-content\/uploads\/2021\/01\/P2017645-Maik-Krahl-Foto-TJ-Krebs-1.jpg?resize=400%2C600&amp;ssl=1 400w, https:\/\/i0.wp.com\/www.jazzzeitung.de\/cms\/wp-content\/uploads\/2021\/01\/P2017645-Maik-Krahl-Foto-TJ-Krebs-1.jpg?resize=768%2C1152&amp;ssl=1 768w\" width=\"416\" height=\"624\" loading=\"lazy\" data-original-width=\"416\" data-original-height=\"624\" itemprop=\"http:\/\/schema.org\/image\" title=\"P2017645 Maik Krahl - Foto TJ Krebs\" alt=\"P2017645 Maik Krahl - Foto TJ Krebs\" style=\"width: 416px; height: 624px;\" \/> <\/a> <\/div> <\/div> <!-- close group --> <div class=\"gallery-group images-1\" style=\"width: 420px; height: 628px;\" data-original-width=\"420\" data-original-height=\"628\" > <div class=\"tiled-gallery-item tiled-gallery-item-large\" itemprop=\"associatedMedia\" itemscope itemtype=\"http:\/\/schema.org\/ImageObject\"> <a href=\"https:\/\/www.jazzzeitung.de\/cms\/2021\/01\/maik-krahl-quartett-mit-seinem-programm-fraction-live-im-jazzclub-unterfahrt\/p2017653-maik-krahl-hands-foto-tj-krebs\/\" border=\"0\" itemprop=\"url\"> <meta itemprop=\"width\" content=\"416\"> <meta itemprop=\"height\" content=\"624\"> <img decoding=\"async\" class=\"\" data-attachment-id=\"24180\" data-orig-file=\"https:\/\/www.jazzzeitung.de\/cms\/wp-content\/uploads\/2021\/01\/P2017653-Maik-Krahl-hands-Foto-TJ-Krebs.jpg\" data-orig-size=\"800,1200\" data-comments-opened=\"1\" data-image-meta=\"{&quot;aperture&quot;:&quot;0&quot;,&quot;credit&quot;:&quot;&quot;,&quot;camera&quot;:&quot;&quot;,&quot;caption&quot;:&quot;&quot;,&quot;created_timestamp&quot;:&quot;0&quot;,&quot;copyright&quot;:&quot;&quot;,&quot;focal_length&quot;:&quot;0&quot;,&quot;iso&quot;:&quot;0&quot;,&quot;shutter_speed&quot;:&quot;0&quot;,&quot;title&quot;:&quot;&quot;,&quot;orientation&quot;:&quot;0&quot;}\" data-image-title=\"P2017653 Maik Krahl hands &amp;#8211; Foto TJ Krebs\" data-image-description=\"\" data-medium-file=\"https:\/\/i0.wp.com\/www.jazzzeitung.de\/cms\/wp-content\/uploads\/2021\/01\/P2017653-Maik-Krahl-hands-Foto-TJ-Krebs.jpg?fit=200%2C300&#038;ssl=1\" data-large-file=\"https:\/\/i0.wp.com\/www.jazzzeitung.de\/cms\/wp-content\/uploads\/2021\/01\/P2017653-Maik-Krahl-hands-Foto-TJ-Krebs.jpg?fit=400%2C600&#038;ssl=1\" src=\"https:\/\/i0.wp.com\/www.jazzzeitung.de\/cms\/wp-content\/uploads\/2021\/01\/P2017653-Maik-Krahl-hands-Foto-TJ-Krebs.jpg?w=416&#038;h=624&#038;ssl=1\" srcset=\"https:\/\/i0.wp.com\/www.jazzzeitung.de\/cms\/wp-content\/uploads\/2021\/01\/P2017653-Maik-Krahl-hands-Foto-TJ-Krebs.jpg?w=800&amp;ssl=1 800w, https:\/\/i0.wp.com\/www.jazzzeitung.de\/cms\/wp-content\/uploads\/2021\/01\/P2017653-Maik-Krahl-hands-Foto-TJ-Krebs.jpg?resize=200%2C300&amp;ssl=1 200w, https:\/\/i0.wp.com\/www.jazzzeitung.de\/cms\/wp-content\/uploads\/2021\/01\/P2017653-Maik-Krahl-hands-Foto-TJ-Krebs.jpg?resize=400%2C600&amp;ssl=1 400w, https:\/\/i0.wp.com\/www.jazzzeitung.de\/cms\/wp-content\/uploads\/2021\/01\/P2017653-Maik-Krahl-hands-Foto-TJ-Krebs.jpg?resize=768%2C1152&amp;ssl=1 768w\" width=\"416\" height=\"624\" loading=\"lazy\" data-original-width=\"416\" data-original-height=\"624\" itemprop=\"http:\/\/schema.org\/image\" title=\"P2017653 Maik Krahl hands - Foto TJ Krebs\" alt=\"P2017653 Maik Krahl hands - Foto TJ Krebs\" style=\"width: 416px; height: 624px;\" \/> <\/a> <\/div> <\/div> <!-- close group --> <\/div> <!-- close row --> <div class=\"gallery-row\" style=\"width: 840px; height: 385px;\" data-original-width=\"840\" data-original-height=\"385\" > <div class=\"gallery-group images-1\" style=\"width: 568px; height: 385px;\" data-original-width=\"568\" data-original-height=\"385\" > <div class=\"tiled-gallery-item tiled-gallery-item-large\" itemprop=\"associatedMedia\" itemscope itemtype=\"http:\/\/schema.org\/ImageObject\"> <a href=\"https:\/\/www.jazzzeitung.de\/cms\/2021\/01\/maik-krahl-quartett-mit-seinem-programm-fraction-live-im-jazzclub-unterfahrt\/p2017947-oliver-lutz-foto-tj-krebs\/\" border=\"0\" itemprop=\"url\"> <meta itemprop=\"width\" content=\"564\"> <meta itemprop=\"height\" content=\"381\"> <img decoding=\"async\" class=\"\" data-attachment-id=\"24181\" data-orig-file=\"https:\/\/www.jazzzeitung.de\/cms\/wp-content\/uploads\/2021\/01\/P2017947-Oliver-Lutz-Foto-TJ-Krebs.jpg\" data-orig-size=\"1200,811\" data-comments-opened=\"1\" data-image-meta=\"{&quot;aperture&quot;:&quot;0&quot;,&quot;credit&quot;:&quot;&quot;,&quot;camera&quot;:&quot;&quot;,&quot;caption&quot;:&quot;&quot;,&quot;created_timestamp&quot;:&quot;0&quot;,&quot;copyright&quot;:&quot;&quot;,&quot;focal_length&quot;:&quot;0&quot;,&quot;iso&quot;:&quot;0&quot;,&quot;shutter_speed&quot;:&quot;0&quot;,&quot;title&quot;:&quot;&quot;,&quot;orientation&quot;:&quot;0&quot;}\" data-image-title=\"P2017947 Oliver Lutz &amp;#8211; Foto TJ Krebs\" data-image-description=\"\" data-medium-file=\"https:\/\/i0.wp.com\/www.jazzzeitung.de\/cms\/wp-content\/uploads\/2021\/01\/P2017947-Oliver-Lutz-Foto-TJ-Krebs.jpg?fit=300%2C203&#038;ssl=1\" data-large-file=\"https:\/\/i0.wp.com\/www.jazzzeitung.de\/cms\/wp-content\/uploads\/2021\/01\/P2017947-Oliver-Lutz-Foto-TJ-Krebs.jpg?fit=840%2C568&#038;ssl=1\" src=\"https:\/\/i0.wp.com\/www.jazzzeitung.de\/cms\/wp-content\/uploads\/2021\/01\/P2017947-Oliver-Lutz-Foto-TJ-Krebs.jpg?w=564&#038;h=381&#038;ssl=1\" srcset=\"https:\/\/i0.wp.com\/www.jazzzeitung.de\/cms\/wp-content\/uploads\/2021\/01\/P2017947-Oliver-Lutz-Foto-TJ-Krebs.jpg?w=1200&amp;ssl=1 1200w, https:\/\/i0.wp.com\/www.jazzzeitung.de\/cms\/wp-content\/uploads\/2021\/01\/P2017947-Oliver-Lutz-Foto-TJ-Krebs.jpg?resize=300%2C203&amp;ssl=1 300w, https:\/\/i0.wp.com\/www.jazzzeitung.de\/cms\/wp-content\/uploads\/2021\/01\/P2017947-Oliver-Lutz-Foto-TJ-Krebs.jpg?resize=888%2C600&amp;ssl=1 888w, https:\/\/i0.wp.com\/www.jazzzeitung.de\/cms\/wp-content\/uploads\/2021\/01\/P2017947-Oliver-Lutz-Foto-TJ-Krebs.jpg?resize=768%2C519&amp;ssl=1 768w, https:\/\/i0.wp.com\/www.jazzzeitung.de\/cms\/wp-content\/uploads\/2021\/01\/P2017947-Oliver-Lutz-Foto-TJ-Krebs.jpg?resize=120%2C80&amp;ssl=1 120w\" width=\"564\" height=\"381\" loading=\"lazy\" data-original-width=\"564\" data-original-height=\"381\" itemprop=\"http:\/\/schema.org\/image\" title=\"P2017947 Oliver Lutz - Foto TJ Krebs\" alt=\"P2017947 Oliver Lutz - Foto TJ Krebs\" style=\"width: 564px; height: 381px;\" \/> <\/a> <\/div> <\/div> <!-- close group --> <div class=\"gallery-group images-1\" style=\"width: 272px; height: 385px;\" data-original-width=\"272\" data-original-height=\"385\" > <div class=\"tiled-gallery-item tiled-gallery-item-large\" itemprop=\"associatedMedia\" itemscope itemtype=\"http:\/\/schema.org\/ImageObject\"> <a href=\"https:\/\/www.jazzzeitung.de\/cms\/2021\/01\/maik-krahl-quartett-mit-seinem-programm-fraction-live-im-jazzclub-unterfahrt\/p2017956-maik-krahl-foto-tj-krebs\/\" border=\"0\" itemprop=\"url\"> <meta itemprop=\"width\" content=\"268\"> <meta itemprop=\"height\" content=\"381\"> <img decoding=\"async\" class=\"\" data-attachment-id=\"24182\" data-orig-file=\"https:\/\/www.jazzzeitung.de\/cms\/wp-content\/uploads\/2021\/01\/P2017956-Maik-Krahl-Foto-TJ-Krebs.jpg\" data-orig-size=\"800,1137\" data-comments-opened=\"1\" data-image-meta=\"{&quot;aperture&quot;:&quot;0&quot;,&quot;credit&quot;:&quot;&quot;,&quot;camera&quot;:&quot;&quot;,&quot;caption&quot;:&quot;&quot;,&quot;created_timestamp&quot;:&quot;0&quot;,&quot;copyright&quot;:&quot;&quot;,&quot;focal_length&quot;:&quot;0&quot;,&quot;iso&quot;:&quot;0&quot;,&quot;shutter_speed&quot;:&quot;0&quot;,&quot;title&quot;:&quot;&quot;,&quot;orientation&quot;:&quot;0&quot;}\" data-image-title=\"P2017956 Maik Krahl &amp;#8211; Foto TJ Krebs\" data-image-description=\"\" data-medium-file=\"https:\/\/i0.wp.com\/www.jazzzeitung.de\/cms\/wp-content\/uploads\/2021\/01\/P2017956-Maik-Krahl-Foto-TJ-Krebs.jpg?fit=211%2C300&#038;ssl=1\" data-large-file=\"https:\/\/i0.wp.com\/www.jazzzeitung.de\/cms\/wp-content\/uploads\/2021\/01\/P2017956-Maik-Krahl-Foto-TJ-Krebs.jpg?fit=422%2C600&#038;ssl=1\" src=\"https:\/\/i0.wp.com\/www.jazzzeitung.de\/cms\/wp-content\/uploads\/2021\/01\/P2017956-Maik-Krahl-Foto-TJ-Krebs.jpg?w=268&#038;h=381&#038;ssl=1\" srcset=\"https:\/\/i0.wp.com\/www.jazzzeitung.de\/cms\/wp-content\/uploads\/2021\/01\/P2017956-Maik-Krahl-Foto-TJ-Krebs.jpg?w=800&amp;ssl=1 800w, https:\/\/i0.wp.com\/www.jazzzeitung.de\/cms\/wp-content\/uploads\/2021\/01\/P2017956-Maik-Krahl-Foto-TJ-Krebs.jpg?resize=211%2C300&amp;ssl=1 211w, https:\/\/i0.wp.com\/www.jazzzeitung.de\/cms\/wp-content\/uploads\/2021\/01\/P2017956-Maik-Krahl-Foto-TJ-Krebs.jpg?resize=422%2C600&amp;ssl=1 422w, https:\/\/i0.wp.com\/www.jazzzeitung.de\/cms\/wp-content\/uploads\/2021\/01\/P2017956-Maik-Krahl-Foto-TJ-Krebs.jpg?resize=768%2C1092&amp;ssl=1 768w\" width=\"268\" height=\"381\" loading=\"lazy\" data-original-width=\"268\" data-original-height=\"381\" itemprop=\"http:\/\/schema.org\/image\" title=\"P2017956 Maik Krahl - Foto TJ Krebs\" alt=\"P2017956 Maik Krahl - Foto TJ Krebs\" style=\"width: 268px; height: 381px;\" \/> <\/a> <\/div> <\/div> <!-- close group --> <\/div> <!-- close row --> <div class=\"gallery-row\" style=\"width: 840px; height: 194px;\" data-original-width=\"840\" data-original-height=\"194\" > <div class=\"gallery-group images-1\" style=\"width: 131px; height: 194px;\" data-original-width=\"131\" data-original-height=\"194\" > <div class=\"tiled-gallery-item tiled-gallery-item-small\" itemprop=\"associatedMedia\" itemscope itemtype=\"http:\/\/schema.org\/ImageObject\"> <a href=\"https:\/\/www.jazzzeitung.de\/cms\/2021\/01\/maik-krahl-quartett-mit-seinem-programm-fraction-live-im-jazzclub-unterfahrt\/p2017992-maik-krahl-foto-tj-krebs\/\" border=\"0\" itemprop=\"url\"> <meta itemprop=\"width\" content=\"127\"> <meta itemprop=\"height\" content=\"190\"> <img decoding=\"async\" class=\"\" data-attachment-id=\"24183\" data-orig-file=\"https:\/\/www.jazzzeitung.de\/cms\/wp-content\/uploads\/2021\/01\/P2017992-Maik-Krahl-Foto-TJ-Krebs.jpg\" data-orig-size=\"800,1200\" data-comments-opened=\"1\" data-image-meta=\"{&quot;aperture&quot;:&quot;0&quot;,&quot;credit&quot;:&quot;&quot;,&quot;camera&quot;:&quot;&quot;,&quot;caption&quot;:&quot;&quot;,&quot;created_timestamp&quot;:&quot;0&quot;,&quot;copyright&quot;:&quot;&quot;,&quot;focal_length&quot;:&quot;0&quot;,&quot;iso&quot;:&quot;0&quot;,&quot;shutter_speed&quot;:&quot;0&quot;,&quot;title&quot;:&quot;&quot;,&quot;orientation&quot;:&quot;0&quot;}\" data-image-title=\"P2017992 Maik Krahl &amp;#8211; Foto TJ Krebs\" data-image-description=\"\" data-medium-file=\"https:\/\/i0.wp.com\/www.jazzzeitung.de\/cms\/wp-content\/uploads\/2021\/01\/P2017992-Maik-Krahl-Foto-TJ-Krebs.jpg?fit=200%2C300&#038;ssl=1\" data-large-file=\"https:\/\/i0.wp.com\/www.jazzzeitung.de\/cms\/wp-content\/uploads\/2021\/01\/P2017992-Maik-Krahl-Foto-TJ-Krebs.jpg?fit=400%2C600&#038;ssl=1\" src=\"https:\/\/i0.wp.com\/www.jazzzeitung.de\/cms\/wp-content\/uploads\/2021\/01\/P2017992-Maik-Krahl-Foto-TJ-Krebs.jpg?w=127&#038;h=190&#038;ssl=1\" srcset=\"https:\/\/i0.wp.com\/www.jazzzeitung.de\/cms\/wp-content\/uploads\/2021\/01\/P2017992-Maik-Krahl-Foto-TJ-Krebs.jpg?w=800&amp;ssl=1 800w, https:\/\/i0.wp.com\/www.jazzzeitung.de\/cms\/wp-content\/uploads\/2021\/01\/P2017992-Maik-Krahl-Foto-TJ-Krebs.jpg?resize=200%2C300&amp;ssl=1 200w, https:\/\/i0.wp.com\/www.jazzzeitung.de\/cms\/wp-content\/uploads\/2021\/01\/P2017992-Maik-Krahl-Foto-TJ-Krebs.jpg?resize=400%2C600&amp;ssl=1 400w, https:\/\/i0.wp.com\/www.jazzzeitung.de\/cms\/wp-content\/uploads\/2021\/01\/P2017992-Maik-Krahl-Foto-TJ-Krebs.jpg?resize=768%2C1152&amp;ssl=1 768w\" width=\"127\" height=\"190\" loading=\"lazy\" data-original-width=\"127\" data-original-height=\"190\" itemprop=\"http:\/\/schema.org\/image\" title=\"P2017992 Maik Krahl - Foto TJ Krebs\" alt=\"P2017992 Maik Krahl - Foto TJ Krebs\" style=\"width: 127px; height: 190px;\" \/> <\/a> <\/div> <\/div> <!-- close group --> <div class=\"gallery-group images-1\" style=\"width: 131px; height: 194px;\" data-original-width=\"131\" data-original-height=\"194\" > <div class=\"tiled-gallery-item tiled-gallery-item-small\" itemprop=\"associatedMedia\" itemscope itemtype=\"http:\/\/schema.org\/ImageObject\"> <a href=\"https:\/\/www.jazzzeitung.de\/cms\/2021\/01\/maik-krahl-quartett-mit-seinem-programm-fraction-live-im-jazzclub-unterfahrt\/p2028026-fabian-roesch-foto-tj-krebs\/\" border=\"0\" itemprop=\"url\"> <meta itemprop=\"width\" content=\"127\"> <meta itemprop=\"height\" content=\"190\"> <img decoding=\"async\" class=\"\" data-attachment-id=\"24184\" data-orig-file=\"https:\/\/www.jazzzeitung.de\/cms\/wp-content\/uploads\/2021\/01\/P2028026-Fabian-Roesch-Foto-TJ-Krebs.jpg\" data-orig-size=\"800,1200\" data-comments-opened=\"1\" data-image-meta=\"{&quot;aperture&quot;:&quot;0&quot;,&quot;credit&quot;:&quot;&quot;,&quot;camera&quot;:&quot;&quot;,&quot;caption&quot;:&quot;&quot;,&quot;created_timestamp&quot;:&quot;0&quot;,&quot;copyright&quot;:&quot;&quot;,&quot;focal_length&quot;:&quot;0&quot;,&quot;iso&quot;:&quot;0&quot;,&quot;shutter_speed&quot;:&quot;0&quot;,&quot;title&quot;:&quot;&quot;,&quot;orientation&quot;:&quot;0&quot;}\" data-image-title=\"P2028026 Fabian R\u00f6sch &amp;#8211; Foto TJ Krebs\" data-image-description=\"\" data-medium-file=\"https:\/\/i0.wp.com\/www.jazzzeitung.de\/cms\/wp-content\/uploads\/2021\/01\/P2028026-Fabian-Roesch-Foto-TJ-Krebs.jpg?fit=200%2C300&#038;ssl=1\" data-large-file=\"https:\/\/i0.wp.com\/www.jazzzeitung.de\/cms\/wp-content\/uploads\/2021\/01\/P2028026-Fabian-Roesch-Foto-TJ-Krebs.jpg?fit=400%2C600&#038;ssl=1\" src=\"https:\/\/i0.wp.com\/www.jazzzeitung.de\/cms\/wp-content\/uploads\/2021\/01\/P2028026-Fabian-Roesch-Foto-TJ-Krebs.jpg?w=127&#038;h=190&#038;ssl=1\" srcset=\"https:\/\/i0.wp.com\/www.jazzzeitung.de\/cms\/wp-content\/uploads\/2021\/01\/P2028026-Fabian-Roesch-Foto-TJ-Krebs.jpg?w=800&amp;ssl=1 800w, https:\/\/i0.wp.com\/www.jazzzeitung.de\/cms\/wp-content\/uploads\/2021\/01\/P2028026-Fabian-Roesch-Foto-TJ-Krebs.jpg?resize=200%2C300&amp;ssl=1 200w, https:\/\/i0.wp.com\/www.jazzzeitung.de\/cms\/wp-content\/uploads\/2021\/01\/P2028026-Fabian-Roesch-Foto-TJ-Krebs.jpg?resize=400%2C600&amp;ssl=1 400w, https:\/\/i0.wp.com\/www.jazzzeitung.de\/cms\/wp-content\/uploads\/2021\/01\/P2028026-Fabian-Roesch-Foto-TJ-Krebs.jpg?resize=768%2C1152&amp;ssl=1 768w\" width=\"127\" height=\"190\" loading=\"lazy\" data-original-width=\"127\" data-original-height=\"190\" itemprop=\"http:\/\/schema.org\/image\" title=\"P2028026 Fabian R\u00f6sch - Foto TJ Krebs\" alt=\"P2028026 Fabian R\u00f6sch - Foto TJ Krebs\" style=\"width: 127px; height: 190px;\" \/> <\/a> <\/div> <\/div> <!-- close group --> <div class=\"gallery-group images-1\" style=\"width: 289px; height: 194px;\" data-original-width=\"289\" data-original-height=\"194\" > <div class=\"tiled-gallery-item tiled-gallery-item-large\" itemprop=\"associatedMedia\" itemscope itemtype=\"http:\/\/schema.org\/ImageObject\"> <a href=\"https:\/\/www.jazzzeitung.de\/cms\/2021\/01\/maik-krahl-quartett-mit-seinem-programm-fraction-live-im-jazzclub-unterfahrt\/p2028101-maik-krahl-quartett-foto-tj-krebs\/\" border=\"0\" itemprop=\"url\"> <meta itemprop=\"width\" content=\"285\"> <meta itemprop=\"height\" content=\"190\"> <img decoding=\"async\" class=\"\" data-attachment-id=\"24185\" data-orig-file=\"https:\/\/www.jazzzeitung.de\/cms\/wp-content\/uploads\/2021\/01\/P2028101-Maik-Krahl-Quartett-Foto-TJ-Krebs.jpg\" data-orig-size=\"1200,800\" data-comments-opened=\"1\" data-image-meta=\"{&quot;aperture&quot;:&quot;0&quot;,&quot;credit&quot;:&quot;&quot;,&quot;camera&quot;:&quot;&quot;,&quot;caption&quot;:&quot;&quot;,&quot;created_timestamp&quot;:&quot;0&quot;,&quot;copyright&quot;:&quot;&quot;,&quot;focal_length&quot;:&quot;0&quot;,&quot;iso&quot;:&quot;0&quot;,&quot;shutter_speed&quot;:&quot;0&quot;,&quot;title&quot;:&quot;&quot;,&quot;orientation&quot;:&quot;0&quot;}\" data-image-title=\"P2028101 Maik Krahl Quartett &amp;#8211; Foto TJ Krebs\" data-image-description=\"\" data-medium-file=\"https:\/\/i0.wp.com\/www.jazzzeitung.de\/cms\/wp-content\/uploads\/2021\/01\/P2028101-Maik-Krahl-Quartett-Foto-TJ-Krebs.jpg?fit=300%2C200&#038;ssl=1\" data-large-file=\"https:\/\/i0.wp.com\/www.jazzzeitung.de\/cms\/wp-content\/uploads\/2021\/01\/P2028101-Maik-Krahl-Quartett-Foto-TJ-Krebs.jpg?fit=840%2C560&#038;ssl=1\" src=\"https:\/\/i0.wp.com\/www.jazzzeitung.de\/cms\/wp-content\/uploads\/2021\/01\/P2028101-Maik-Krahl-Quartett-Foto-TJ-Krebs.jpg?w=285&#038;h=190&#038;ssl=1\" srcset=\"https:\/\/i0.wp.com\/www.jazzzeitung.de\/cms\/wp-content\/uploads\/2021\/01\/P2028101-Maik-Krahl-Quartett-Foto-TJ-Krebs.jpg?w=1200&amp;ssl=1 1200w, https:\/\/i0.wp.com\/www.jazzzeitung.de\/cms\/wp-content\/uploads\/2021\/01\/P2028101-Maik-Krahl-Quartett-Foto-TJ-Krebs.jpg?resize=300%2C200&amp;ssl=1 300w, https:\/\/i0.wp.com\/www.jazzzeitung.de\/cms\/wp-content\/uploads\/2021\/01\/P2028101-Maik-Krahl-Quartett-Foto-TJ-Krebs.jpg?resize=900%2C600&amp;ssl=1 900w, https:\/\/i0.wp.com\/www.jazzzeitung.de\/cms\/wp-content\/uploads\/2021\/01\/P2028101-Maik-Krahl-Quartett-Foto-TJ-Krebs.jpg?resize=768%2C512&amp;ssl=1 768w, https:\/\/i0.wp.com\/www.jazzzeitung.de\/cms\/wp-content\/uploads\/2021\/01\/P2028101-Maik-Krahl-Quartett-Foto-TJ-Krebs.jpg?resize=120%2C80&amp;ssl=1 120w\" width=\"285\" height=\"190\" loading=\"lazy\" data-original-width=\"285\" data-original-height=\"190\" itemprop=\"http:\/\/schema.org\/image\" title=\"P2028101 Maik Krahl Quartett - Foto TJ Krebs\" alt=\"P2028101 Maik Krahl Quartett - Foto TJ Krebs\" style=\"width: 285px; height: 190px;\" \/> <\/a> <\/div> <\/div> <!-- close group --> <div class=\"gallery-group images-1\" style=\"width: 289px; height: 194px;\" data-original-width=\"289\" data-original-height=\"194\" > <div class=\"tiled-gallery-item tiled-gallery-item-large\" itemprop=\"associatedMedia\" itemscope itemtype=\"http:\/\/schema.org\/ImageObject\"> <a href=\"https:\/\/www.jazzzeitung.de\/cms\/2021\/01\/maik-krahl-quartett-mit-seinem-programm-fraction-live-im-jazzclub-unterfahrt\/p2028141-constantin-krahmer-foto-tj-krebs\/\" border=\"0\" itemprop=\"url\"> <meta itemprop=\"width\" content=\"285\"> <meta itemprop=\"height\" content=\"190\"> <img decoding=\"async\" class=\"\" data-attachment-id=\"24186\" data-orig-file=\"https:\/\/www.jazzzeitung.de\/cms\/wp-content\/uploads\/2021\/01\/P2028141-Constantin-Krahmer-Foto-TJ-Krebs.jpg\" data-orig-size=\"1200,800\" data-comments-opened=\"1\" data-image-meta=\"{&quot;aperture&quot;:&quot;0&quot;,&quot;credit&quot;:&quot;&quot;,&quot;camera&quot;:&quot;&quot;,&quot;caption&quot;:&quot;&quot;,&quot;created_timestamp&quot;:&quot;0&quot;,&quot;copyright&quot;:&quot;&quot;,&quot;focal_length&quot;:&quot;0&quot;,&quot;iso&quot;:&quot;0&quot;,&quot;shutter_speed&quot;:&quot;0&quot;,&quot;title&quot;:&quot;&quot;,&quot;orientation&quot;:&quot;0&quot;}\" data-image-title=\"P2028141 Constantin Krahmer &amp;#8211; Foto TJ Krebs\" data-image-description=\"\" data-medium-file=\"https:\/\/i0.wp.com\/www.jazzzeitung.de\/cms\/wp-content\/uploads\/2021\/01\/P2028141-Constantin-Krahmer-Foto-TJ-Krebs.jpg?fit=300%2C200&#038;ssl=1\" data-large-file=\"https:\/\/i0.wp.com\/www.jazzzeitung.de\/cms\/wp-content\/uploads\/2021\/01\/P2028141-Constantin-Krahmer-Foto-TJ-Krebs.jpg?fit=840%2C560&#038;ssl=1\" src=\"https:\/\/i0.wp.com\/www.jazzzeitung.de\/cms\/wp-content\/uploads\/2021\/01\/P2028141-Constantin-Krahmer-Foto-TJ-Krebs.jpg?w=285&#038;h=190&#038;ssl=1\" srcset=\"https:\/\/i0.wp.com\/www.jazzzeitung.de\/cms\/wp-content\/uploads\/2021\/01\/P2028141-Constantin-Krahmer-Foto-TJ-Krebs.jpg?w=1200&amp;ssl=1 1200w, https:\/\/i0.wp.com\/www.jazzzeitung.de\/cms\/wp-content\/uploads\/2021\/01\/P2028141-Constantin-Krahmer-Foto-TJ-Krebs.jpg?resize=300%2C200&amp;ssl=1 300w, https:\/\/i0.wp.com\/www.jazzzeitung.de\/cms\/wp-content\/uploads\/2021\/01\/P2028141-Constantin-Krahmer-Foto-TJ-Krebs.jpg?resize=900%2C600&amp;ssl=1 900w, https:\/\/i0.wp.com\/www.jazzzeitung.de\/cms\/wp-content\/uploads\/2021\/01\/P2028141-Constantin-Krahmer-Foto-TJ-Krebs.jpg?resize=768%2C512&amp;ssl=1 768w, https:\/\/i0.wp.com\/www.jazzzeitung.de\/cms\/wp-content\/uploads\/2021\/01\/P2028141-Constantin-Krahmer-Foto-TJ-Krebs.jpg?resize=120%2C80&amp;ssl=1 120w\" width=\"285\" height=\"190\" loading=\"lazy\" data-original-width=\"285\" data-original-height=\"190\" itemprop=\"http:\/\/schema.org\/image\" title=\"P2028141 Constantin Krahmer - Foto TJ Krebs\" alt=\"P2028141 Constantin Krahmer - Foto TJ Krebs\" style=\"width: 285px; height: 190px;\" \/> <\/a> <\/div> <\/div> <!-- close group --> <\/div> <!-- close row --> <\/div>\n<p>In der Unterfahrt musizierte Maik Krahl an der Trompete, wie auch schon auf seiner neuen CD, mit gewohnt klarer Linienf\u00fchrung, wunderbar differenziertem Ton und inspirierten Improvisationen. Seine Kompositionen leben von klaren Themen mit pers\u00f6nlichem Bezug, aufgebrochenen, rhythmischen Strukturen, ohne in seichte Gefilde abzudriften. Der H\u00f6rer wird gefordert, aber nicht \u00fcberfordert! Das Quartett klingt homogen, die Musiker agieren mit traumwandlerischer Bestimmtheit. Oliver Lutz und Constantin Krahmer setzten herrliche improvisatorische Akzente, w\u00e4hrend Fabian R\u00f6sch am Schlagzeug entsprechend versiert loslegte. Ein echtes musikalisches Highlight! \u00dcber 200 begeisterte Zuh\u00f6rer lauschten im Internet an den Ger\u00e4ten zuhause den Kompositionen und Improvisationen des Maik Krahl Quartetts\u2026 die Seele w\u00e4rmende T\u00f6ne als Trost am Abend in dieser momentan ansonsten winterlich tristen und nicht gerade einfachen Zeit.<\/p>\n<p>Im Blick behalten: das aktuelle Programm des Jazzclubs Unterfahrt mit weiteren Konzerten f\u00fcr ein vielseitiges musikalisches Abendprogramm unter <a href=\"http:\/\/www.unterfahrt.de\">www.unterfahrt.de<\/a><\/p>\n<p>Text &amp; Fotos: Thomas J. Krebs<\/p>\n","protected":false},"excerpt":{"rendered":"<p>Der K\u00f6lner Trompeter Maik Krahl hat sich im Laufe der letzten Jahre in der Jazz-Szene etabliert und sein Ruf als Trompeter der neuen wilden Generation eilt ihm bereits voraus. Mit der aktuellen CD \u201eFRACTION\u201c, erschienen auf dem holl\u00e4ndischen Challenge Label, f\u00fchrt er seinen kompositorischen Ansatz konsequent fort, wobei das Album alles andere pr\u00e4sentiert, als nur einen \u201eBruchteil\u201c seines K\u00f6nnens\/Schaffens. Zusammen mit dem ebenfalls aus K\u00f6ln stammenden Bassisten Oliver Lutz, Constantin Krahmer am Klavier bzw. Fender Rhodes, dem Schlagzeuger Leif Berger und dem gro\u00dfartigen Seamus Blake als Gast bei zwei Songs, legt das Quartett auf \u201eFRACTION\u201c richtig los und fesselt den Zuh\u00f6rer von der ersten bis zur letzten Sekunde. Am Dienstag, den 12. Januar 2021 gastierte das Quartett, aktuell mit Fabian R\u00f6sch am Schlagzeug, live in M\u00fcnchen. Im Jazzclub Unterfahrt wird nach wie vor der kontinuierliche Konzertbetrieb aufrechterhalten und die Auftritte der Bands f\u00fcr ein treues Publikum mit professionellen Bildern\/Schnitt sowie exzellentem Ton &amp; Regie live gestreamt. Man muss sich als Zuschauer w\u00e4hrend des Konzertes bewusst Zeit nehmen und freischaufeln, um den Abend zuhause \u00a0auch entsprechend genie\u00dfen zu k\u00f6nnen, denn der Mitschnitt steht nach der Show &hellip;<\/p>\n","protected":false},"author":35,"featured_media":24187,"comment_status":"open","ping_status":"closed","sticky":false,"template":"","format":"standard","meta":{"_jetpack_memberships_contains_paid_content":false,"footnotes":"","jetpack_publicize_message":"","jetpack_publicize_feature_enabled":true,"jetpack_social_post_already_shared":false,"jetpack_social_options":{"image_generator_settings":{"template":"highway","default_image_id":0,"font":"","enabled":false},"version":2}},"categories":[1053,652],"tags":[3322,3323,3321,809,294,3320,401,1260],"coauthors":[1602],"class_list":["post-24170","post","type-post","status-publish","format-standard","has-post-thumbnail","hentry","category-bericht","category-galerie","tag-challenge","tag-fabian-roesch","tag-fraction","tag-jazzclub-unterfahrt","tag-jazzzeitung","tag-maik-krahl","tag-muenchen","tag-thomas-j-krebs"],"yoast_head":"<!-- This site is optimized with the Yoast SEO plugin v27.5 - https:\/\/yoast.com\/product\/yoast-seo-wordpress\/ -->\n<title>Maik Krahl Quartett mit seinem Programm Fraction live im Jazzclub Unterfahrt\u00a0 - JazzZeitung<\/title>\n<meta name=\"robots\" content=\"index, follow, max-snippet:-1, max-image-preview:large, max-video-preview:-1\" \/>\n<link rel=\"canonical\" href=\"https:\/\/www.jazzzeitung.de\/cms\/2021\/01\/maik-krahl-quartett-mit-seinem-programm-fraction-live-im-jazzclub-unterfahrt\/\" \/>\n<meta property=\"og:locale\" content=\"de_DE\" \/>\n<meta property=\"og:type\" content=\"article\" \/>\n<meta property=\"og:title\" content=\"Maik Krahl Quartett mit seinem Programm Fraction live im Jazzclub Unterfahrt\u00a0 - JazzZeitung\" \/>\n<meta property=\"og:description\" content=\"Der K\u00f6lner Trompeter Maik Krahl hat sich im Laufe der letzten Jahre in der Jazz-Szene etabliert und sein Ruf als Trompeter der neuen wilden Generation eilt ihm bereits voraus. Mit der aktuellen CD \u201eFRACTION\u201c, erschienen auf dem holl\u00e4ndischen Challenge Label, f\u00fchrt er seinen kompositorischen Ansatz konsequent fort, wobei das Album alles andere pr\u00e4sentiert, als nur einen \u201eBruchteil\u201c seines K\u00f6nnens\/Schaffens. Zusammen mit dem ebenfalls aus K\u00f6ln stammenden Bassisten Oliver Lutz, Constantin Krahmer am Klavier bzw. Fender Rhodes, dem Schlagzeuger Leif Berger und dem gro\u00dfartigen Seamus Blake als Gast bei zwei Songs, legt das Quartett auf \u201eFRACTION\u201c richtig los und fesselt den Zuh\u00f6rer von der ersten bis zur letzten Sekunde. Am Dienstag, den 12. Januar 2021 gastierte das Quartett, aktuell mit Fabian R\u00f6sch am Schlagzeug, live in M\u00fcnchen. Im Jazzclub Unterfahrt wird nach wie vor der kontinuierliche Konzertbetrieb aufrechterhalten und die Auftritte der Bands f\u00fcr ein treues Publikum mit professionellen Bildern\/Schnitt sowie exzellentem Ton &amp; Regie live gestreamt. Man muss sich als Zuschauer w\u00e4hrend des Konzertes bewusst Zeit nehmen und freischaufeln, um den Abend zuhause \u00a0auch entsprechend genie\u00dfen zu k\u00f6nnen, denn der Mitschnitt steht nach der Show &hellip;\" \/>\n<meta property=\"og:url\" content=\"https:\/\/www.jazzzeitung.de\/cms\/2021\/01\/maik-krahl-quartett-mit-seinem-programm-fraction-live-im-jazzclub-unterfahrt\/\" \/>\n<meta property=\"og:site_name\" content=\"JazzZeitung\" \/>\n<meta property=\"article:publisher\" content=\"https:\/\/www.facebook.com\/JazzZeitung\/\" \/>\n<meta property=\"article:published_time\" content=\"2021-01-16T09:30:12+00:00\" \/>\n<meta property=\"og:image\" content=\"https:\/\/i0.wp.com\/www.jazzzeitung.de\/cms\/wp-content\/uploads\/2021\/01\/P2028180-Lutz-Krahl-Foto-TJ-Krebs.jpg?fit=800%2C533&ssl=1\" \/>\n\t<meta property=\"og:image:width\" content=\"800\" \/>\n\t<meta property=\"og:image:height\" content=\"533\" \/>\n\t<meta property=\"og:image:type\" content=\"image\/jpeg\" \/>\n<meta name=\"author\" content=\"Thomas J. Krebs\" \/>\n<script type=\"application\/ld+json\" class=\"yoast-schema-graph\">{\"@context\":\"https:\\\/\\\/schema.org\",\"@graph\":[{\"@type\":\"Article\",\"@id\":\"https:\\\/\\\/www.jazzzeitung.de\\\/cms\\\/2021\\\/01\\\/maik-krahl-quartett-mit-seinem-programm-fraction-live-im-jazzclub-unterfahrt\\\/#article\",\"isPartOf\":{\"@id\":\"https:\\\/\\\/www.jazzzeitung.de\\\/cms\\\/2021\\\/01\\\/maik-krahl-quartett-mit-seinem-programm-fraction-live-im-jazzclub-unterfahrt\\\/\"},\"author\":{\"name\":\"Thomas J. Krebs\",\"@id\":\"https:\\\/\\\/www.jazzzeitung.de\\\/cms\\\/#\\\/schema\\\/person\\\/ba94c5bbea92d014d6a3d1f0105daa18\"},\"headline\":\"Maik Krahl Quartett mit seinem Programm Fraction live im Jazzclub Unterfahrt\u00a0\",\"datePublished\":\"2021-01-16T09:30:12+00:00\",\"mainEntityOfPage\":{\"@id\":\"https:\\\/\\\/www.jazzzeitung.de\\\/cms\\\/2021\\\/01\\\/maik-krahl-quartett-mit-seinem-programm-fraction-live-im-jazzclub-unterfahrt\\\/\"},\"wordCount\":512,\"commentCount\":0,\"publisher\":{\"@id\":\"https:\\\/\\\/www.jazzzeitung.de\\\/cms\\\/#organization\"},\"image\":{\"@id\":\"https:\\\/\\\/www.jazzzeitung.de\\\/cms\\\/2021\\\/01\\\/maik-krahl-quartett-mit-seinem-programm-fraction-live-im-jazzclub-unterfahrt\\\/#primaryimage\"},\"thumbnailUrl\":\"https:\\\/\\\/i0.wp.com\\\/www.jazzzeitung.de\\\/cms\\\/wp-content\\\/uploads\\\/2021\\\/01\\\/P2028180-Lutz-Krahl-Foto-TJ-Krebs.jpg?fit=800%2C533&ssl=1\",\"keywords\":[\"Challenge\",\"Fabian R\u00f6sch\",\"Fraction\",\"Jazzclub Unterfahrt\",\"Jazzzeitung\",\"Maik Krahl\",\"M\u00fcnchen\",\"Thomas J. Krebs\"],\"articleSection\":[\"Bericht\",\"Galerie\"],\"inLanguage\":\"de\",\"potentialAction\":[{\"@type\":\"CommentAction\",\"name\":\"Comment\",\"target\":[\"https:\\\/\\\/www.jazzzeitung.de\\\/cms\\\/2021\\\/01\\\/maik-krahl-quartett-mit-seinem-programm-fraction-live-im-jazzclub-unterfahrt\\\/#respond\"]}]},{\"@type\":\"WebPage\",\"@id\":\"https:\\\/\\\/www.jazzzeitung.de\\\/cms\\\/2021\\\/01\\\/maik-krahl-quartett-mit-seinem-programm-fraction-live-im-jazzclub-unterfahrt\\\/\",\"url\":\"https:\\\/\\\/www.jazzzeitung.de\\\/cms\\\/2021\\\/01\\\/maik-krahl-quartett-mit-seinem-programm-fraction-live-im-jazzclub-unterfahrt\\\/\",\"name\":\"Maik Krahl Quartett mit seinem Programm Fraction live im Jazzclub Unterfahrt\u00a0 - JazzZeitung\",\"isPartOf\":{\"@id\":\"https:\\\/\\\/www.jazzzeitung.de\\\/cms\\\/#website\"},\"primaryImageOfPage\":{\"@id\":\"https:\\\/\\\/www.jazzzeitung.de\\\/cms\\\/2021\\\/01\\\/maik-krahl-quartett-mit-seinem-programm-fraction-live-im-jazzclub-unterfahrt\\\/#primaryimage\"},\"image\":{\"@id\":\"https:\\\/\\\/www.jazzzeitung.de\\\/cms\\\/2021\\\/01\\\/maik-krahl-quartett-mit-seinem-programm-fraction-live-im-jazzclub-unterfahrt\\\/#primaryimage\"},\"thumbnailUrl\":\"https:\\\/\\\/i0.wp.com\\\/www.jazzzeitung.de\\\/cms\\\/wp-content\\\/uploads\\\/2021\\\/01\\\/P2028180-Lutz-Krahl-Foto-TJ-Krebs.jpg?fit=800%2C533&ssl=1\",\"datePublished\":\"2021-01-16T09:30:12+00:00\",\"breadcrumb\":{\"@id\":\"https:\\\/\\\/www.jazzzeitung.de\\\/cms\\\/2021\\\/01\\\/maik-krahl-quartett-mit-seinem-programm-fraction-live-im-jazzclub-unterfahrt\\\/#breadcrumb\"},\"inLanguage\":\"de\",\"potentialAction\":[{\"@type\":\"ReadAction\",\"target\":[\"https:\\\/\\\/www.jazzzeitung.de\\\/cms\\\/2021\\\/01\\\/maik-krahl-quartett-mit-seinem-programm-fraction-live-im-jazzclub-unterfahrt\\\/\"]}]},{\"@type\":\"ImageObject\",\"inLanguage\":\"de\",\"@id\":\"https:\\\/\\\/www.jazzzeitung.de\\\/cms\\\/2021\\\/01\\\/maik-krahl-quartett-mit-seinem-programm-fraction-live-im-jazzclub-unterfahrt\\\/#primaryimage\",\"url\":\"https:\\\/\\\/i0.wp.com\\\/www.jazzzeitung.de\\\/cms\\\/wp-content\\\/uploads\\\/2021\\\/01\\\/P2028180-Lutz-Krahl-Foto-TJ-Krebs.jpg?fit=800%2C533&ssl=1\",\"contentUrl\":\"https:\\\/\\\/i0.wp.com\\\/www.jazzzeitung.de\\\/cms\\\/wp-content\\\/uploads\\\/2021\\\/01\\\/P2028180-Lutz-Krahl-Foto-TJ-Krebs.jpg?fit=800%2C533&ssl=1\",\"width\":800,\"height\":533},{\"@type\":\"BreadcrumbList\",\"@id\":\"https:\\\/\\\/www.jazzzeitung.de\\\/cms\\\/2021\\\/01\\\/maik-krahl-quartett-mit-seinem-programm-fraction-live-im-jazzclub-unterfahrt\\\/#breadcrumb\",\"itemListElement\":[{\"@type\":\"ListItem\",\"position\":1,\"name\":\"Startseite\",\"item\":\"https:\\\/\\\/www.jazzzeitung.de\\\/cms\\\/\"},{\"@type\":\"ListItem\",\"position\":2,\"name\":\"Maik Krahl Quartett mit seinem Programm Fraction live im Jazzclub Unterfahrt\u00a0\"}]},{\"@type\":\"WebSite\",\"@id\":\"https:\\\/\\\/www.jazzzeitung.de\\\/cms\\\/#website\",\"url\":\"https:\\\/\\\/www.jazzzeitung.de\\\/cms\\\/\",\"name\":\"JazzZeitung\",\"description\":\"Jazz-News und Jazz-Kontroverses\",\"publisher\":{\"@id\":\"https:\\\/\\\/www.jazzzeitung.de\\\/cms\\\/#organization\"},\"potentialAction\":[{\"@type\":\"SearchAction\",\"target\":{\"@type\":\"EntryPoint\",\"urlTemplate\":\"https:\\\/\\\/www.jazzzeitung.de\\\/cms\\\/?s={search_term_string}\"},\"query-input\":{\"@type\":\"PropertyValueSpecification\",\"valueRequired\":true,\"valueName\":\"search_term_string\"}}],\"inLanguage\":\"de\"},{\"@type\":\"Organization\",\"@id\":\"https:\\\/\\\/www.jazzzeitung.de\\\/cms\\\/#organization\",\"name\":\"JazzZeitung online\",\"url\":\"https:\\\/\\\/www.jazzzeitung.de\\\/cms\\\/\",\"logo\":{\"@type\":\"ImageObject\",\"inLanguage\":\"de\",\"@id\":\"https:\\\/\\\/www.jazzzeitung.de\\\/cms\\\/#\\\/schema\\\/logo\\\/image\\\/\",\"url\":\"https:\\\/\\\/i0.wp.com\\\/www.jazzzeitung.de\\\/cms\\\/wp-content\\\/uploads\\\/2015\\\/08\\\/JAZZZEITUNGDE_Logo_Neu.png?fit=499%2C200&ssl=1\",\"contentUrl\":\"https:\\\/\\\/i0.wp.com\\\/www.jazzzeitung.de\\\/cms\\\/wp-content\\\/uploads\\\/2015\\\/08\\\/JAZZZEITUNGDE_Logo_Neu.png?fit=499%2C200&ssl=1\",\"width\":499,\"height\":200,\"caption\":\"JazzZeitung online\"},\"image\":{\"@id\":\"https:\\\/\\\/www.jazzzeitung.de\\\/cms\\\/#\\\/schema\\\/logo\\\/image\\\/\"},\"sameAs\":[\"https:\\\/\\\/www.facebook.com\\\/JazzZeitung\\\/\"]},{\"@type\":\"Person\",\"@id\":\"https:\\\/\\\/www.jazzzeitung.de\\\/cms\\\/#\\\/schema\\\/person\\\/ba94c5bbea92d014d6a3d1f0105daa18\",\"name\":\"Thomas J. Krebs\",\"image\":{\"@type\":\"ImageObject\",\"inLanguage\":\"de\",\"@id\":\"https:\\\/\\\/secure.gravatar.com\\\/avatar\\\/e362b221c114fbcde56be31a2eacbbab541308e5bf72f20d4519b16cdeb5c667?s=96&d=wp_user_avatar&r=ga12b8f4e2750c9ca30f9e22cab2177c6\",\"url\":\"https:\\\/\\\/secure.gravatar.com\\\/avatar\\\/e362b221c114fbcde56be31a2eacbbab541308e5bf72f20d4519b16cdeb5c667?s=96&d=wp_user_avatar&r=g\",\"contentUrl\":\"https:\\\/\\\/secure.gravatar.com\\\/avatar\\\/e362b221c114fbcde56be31a2eacbbab541308e5bf72f20d4519b16cdeb5c667?s=96&d=wp_user_avatar&r=g\",\"caption\":\"Thomas J. Krebs\"},\"url\":\"https:\\\/\\\/www.jazzzeitung.de\\\/cms\\\/author\\\/krebs\\\/\"}]}<\/script>\n<!-- \/ Yoast SEO plugin. -->","yoast_head_json":{"title":"Maik Krahl Quartett mit seinem Programm Fraction live im Jazzclub Unterfahrt\u00a0 - JazzZeitung","robots":{"index":"index","follow":"follow","max-snippet":"max-snippet:-1","max-image-preview":"max-image-preview:large","max-video-preview":"max-video-preview:-1"},"canonical":"https:\/\/www.jazzzeitung.de\/cms\/2021\/01\/maik-krahl-quartett-mit-seinem-programm-fraction-live-im-jazzclub-unterfahrt\/","og_locale":"de_DE","og_type":"article","og_title":"Maik Krahl Quartett mit seinem Programm Fraction live im Jazzclub Unterfahrt\u00a0 - JazzZeitung","og_description":"Der K\u00f6lner Trompeter Maik Krahl hat sich im Laufe der letzten Jahre in der Jazz-Szene etabliert und sein Ruf als Trompeter der neuen wilden Generation eilt ihm bereits voraus. Mit der aktuellen CD \u201eFRACTION\u201c, erschienen auf dem holl\u00e4ndischen Challenge Label, f\u00fchrt er seinen kompositorischen Ansatz konsequent fort, wobei das Album alles andere pr\u00e4sentiert, als nur einen \u201eBruchteil\u201c seines K\u00f6nnens\/Schaffens. Zusammen mit dem ebenfalls aus K\u00f6ln stammenden Bassisten Oliver Lutz, Constantin Krahmer am Klavier bzw. Fender Rhodes, dem Schlagzeuger Leif Berger und dem gro\u00dfartigen Seamus Blake als Gast bei zwei Songs, legt das Quartett auf \u201eFRACTION\u201c richtig los und fesselt den Zuh\u00f6rer von der ersten bis zur letzten Sekunde. Am Dienstag, den 12. Januar 2021 gastierte das Quartett, aktuell mit Fabian R\u00f6sch am Schlagzeug, live in M\u00fcnchen. Im Jazzclub Unterfahrt wird nach wie vor der kontinuierliche Konzertbetrieb aufrechterhalten und die Auftritte der Bands f\u00fcr ein treues Publikum mit professionellen Bildern\/Schnitt sowie exzellentem Ton &amp; Regie live gestreamt. Man muss sich als Zuschauer w\u00e4hrend des Konzertes bewusst Zeit nehmen und freischaufeln, um den Abend zuhause \u00a0auch entsprechend genie\u00dfen zu k\u00f6nnen, denn der Mitschnitt steht nach der Show &hellip;","og_url":"https:\/\/www.jazzzeitung.de\/cms\/2021\/01\/maik-krahl-quartett-mit-seinem-programm-fraction-live-im-jazzclub-unterfahrt\/","og_site_name":"JazzZeitung","article_publisher":"https:\/\/www.facebook.com\/JazzZeitung\/","article_published_time":"2021-01-16T09:30:12+00:00","og_image":[{"width":800,"height":533,"url":"https:\/\/i0.wp.com\/www.jazzzeitung.de\/cms\/wp-content\/uploads\/2021\/01\/P2028180-Lutz-Krahl-Foto-TJ-Krebs.jpg?fit=800%2C533&ssl=1","type":"image\/jpeg"}],"author":"Thomas J. Krebs","schema":{"@context":"https:\/\/schema.org","@graph":[{"@type":"Article","@id":"https:\/\/www.jazzzeitung.de\/cms\/2021\/01\/maik-krahl-quartett-mit-seinem-programm-fraction-live-im-jazzclub-unterfahrt\/#article","isPartOf":{"@id":"https:\/\/www.jazzzeitung.de\/cms\/2021\/01\/maik-krahl-quartett-mit-seinem-programm-fraction-live-im-jazzclub-unterfahrt\/"},"author":{"name":"Thomas J. Krebs","@id":"https:\/\/www.jazzzeitung.de\/cms\/#\/schema\/person\/ba94c5bbea92d014d6a3d1f0105daa18"},"headline":"Maik Krahl Quartett mit seinem Programm Fraction live im Jazzclub Unterfahrt\u00a0","datePublished":"2021-01-16T09:30:12+00:00","mainEntityOfPage":{"@id":"https:\/\/www.jazzzeitung.de\/cms\/2021\/01\/maik-krahl-quartett-mit-seinem-programm-fraction-live-im-jazzclub-unterfahrt\/"},"wordCount":512,"commentCount":0,"publisher":{"@id":"https:\/\/www.jazzzeitung.de\/cms\/#organization"},"image":{"@id":"https:\/\/www.jazzzeitung.de\/cms\/2021\/01\/maik-krahl-quartett-mit-seinem-programm-fraction-live-im-jazzclub-unterfahrt\/#primaryimage"},"thumbnailUrl":"https:\/\/i0.wp.com\/www.jazzzeitung.de\/cms\/wp-content\/uploads\/2021\/01\/P2028180-Lutz-Krahl-Foto-TJ-Krebs.jpg?fit=800%2C533&ssl=1","keywords":["Challenge","Fabian R\u00f6sch","Fraction","Jazzclub Unterfahrt","Jazzzeitung","Maik Krahl","M\u00fcnchen","Thomas J. Krebs"],"articleSection":["Bericht","Galerie"],"inLanguage":"de","potentialAction":[{"@type":"CommentAction","name":"Comment","target":["https:\/\/www.jazzzeitung.de\/cms\/2021\/01\/maik-krahl-quartett-mit-seinem-programm-fraction-live-im-jazzclub-unterfahrt\/#respond"]}]},{"@type":"WebPage","@id":"https:\/\/www.jazzzeitung.de\/cms\/2021\/01\/maik-krahl-quartett-mit-seinem-programm-fraction-live-im-jazzclub-unterfahrt\/","url":"https:\/\/www.jazzzeitung.de\/cms\/2021\/01\/maik-krahl-quartett-mit-seinem-programm-fraction-live-im-jazzclub-unterfahrt\/","name":"Maik Krahl Quartett mit seinem Programm Fraction live im Jazzclub Unterfahrt\u00a0 - JazzZeitung","isPartOf":{"@id":"https:\/\/www.jazzzeitung.de\/cms\/#website"},"primaryImageOfPage":{"@id":"https:\/\/www.jazzzeitung.de\/cms\/2021\/01\/maik-krahl-quartett-mit-seinem-programm-fraction-live-im-jazzclub-unterfahrt\/#primaryimage"},"image":{"@id":"https:\/\/www.jazzzeitung.de\/cms\/2021\/01\/maik-krahl-quartett-mit-seinem-programm-fraction-live-im-jazzclub-unterfahrt\/#primaryimage"},"thumbnailUrl":"https:\/\/i0.wp.com\/www.jazzzeitung.de\/cms\/wp-content\/uploads\/2021\/01\/P2028180-Lutz-Krahl-Foto-TJ-Krebs.jpg?fit=800%2C533&ssl=1","datePublished":"2021-01-16T09:30:12+00:00","breadcrumb":{"@id":"https:\/\/www.jazzzeitung.de\/cms\/2021\/01\/maik-krahl-quartett-mit-seinem-programm-fraction-live-im-jazzclub-unterfahrt\/#breadcrumb"},"inLanguage":"de","potentialAction":[{"@type":"ReadAction","target":["https:\/\/www.jazzzeitung.de\/cms\/2021\/01\/maik-krahl-quartett-mit-seinem-programm-fraction-live-im-jazzclub-unterfahrt\/"]}]},{"@type":"ImageObject","inLanguage":"de","@id":"https:\/\/www.jazzzeitung.de\/cms\/2021\/01\/maik-krahl-quartett-mit-seinem-programm-fraction-live-im-jazzclub-unterfahrt\/#primaryimage","url":"https:\/\/i0.wp.com\/www.jazzzeitung.de\/cms\/wp-content\/uploads\/2021\/01\/P2028180-Lutz-Krahl-Foto-TJ-Krebs.jpg?fit=800%2C533&ssl=1","contentUrl":"https:\/\/i0.wp.com\/www.jazzzeitung.de\/cms\/wp-content\/uploads\/2021\/01\/P2028180-Lutz-Krahl-Foto-TJ-Krebs.jpg?fit=800%2C533&ssl=1","width":800,"height":533},{"@type":"BreadcrumbList","@id":"https:\/\/www.jazzzeitung.de\/cms\/2021\/01\/maik-krahl-quartett-mit-seinem-programm-fraction-live-im-jazzclub-unterfahrt\/#breadcrumb","itemListElement":[{"@type":"ListItem","position":1,"name":"Startseite","item":"https:\/\/www.jazzzeitung.de\/cms\/"},{"@type":"ListItem","position":2,"name":"Maik Krahl Quartett mit seinem Programm Fraction live im Jazzclub Unterfahrt\u00a0"}]},{"@type":"WebSite","@id":"https:\/\/www.jazzzeitung.de\/cms\/#website","url":"https:\/\/www.jazzzeitung.de\/cms\/","name":"JazzZeitung","description":"Jazz-News und Jazz-Kontroverses","publisher":{"@id":"https:\/\/www.jazzzeitung.de\/cms\/#organization"},"potentialAction":[{"@type":"SearchAction","target":{"@type":"EntryPoint","urlTemplate":"https:\/\/www.jazzzeitung.de\/cms\/?s={search_term_string}"},"query-input":{"@type":"PropertyValueSpecification","valueRequired":true,"valueName":"search_term_string"}}],"inLanguage":"de"},{"@type":"Organization","@id":"https:\/\/www.jazzzeitung.de\/cms\/#organization","name":"JazzZeitung online","url":"https:\/\/www.jazzzeitung.de\/cms\/","logo":{"@type":"ImageObject","inLanguage":"de","@id":"https:\/\/www.jazzzeitung.de\/cms\/#\/schema\/logo\/image\/","url":"https:\/\/i0.wp.com\/www.jazzzeitung.de\/cms\/wp-content\/uploads\/2015\/08\/JAZZZEITUNGDE_Logo_Neu.png?fit=499%2C200&ssl=1","contentUrl":"https:\/\/i0.wp.com\/www.jazzzeitung.de\/cms\/wp-content\/uploads\/2015\/08\/JAZZZEITUNGDE_Logo_Neu.png?fit=499%2C200&ssl=1","width":499,"height":200,"caption":"JazzZeitung online"},"image":{"@id":"https:\/\/www.jazzzeitung.de\/cms\/#\/schema\/logo\/image\/"},"sameAs":["https:\/\/www.facebook.com\/JazzZeitung\/"]},{"@type":"Person","@id":"https:\/\/www.jazzzeitung.de\/cms\/#\/schema\/person\/ba94c5bbea92d014d6a3d1f0105daa18","name":"Thomas J. Krebs","image":{"@type":"ImageObject","inLanguage":"de","@id":"https:\/\/secure.gravatar.com\/avatar\/e362b221c114fbcde56be31a2eacbbab541308e5bf72f20d4519b16cdeb5c667?s=96&d=wp_user_avatar&r=ga12b8f4e2750c9ca30f9e22cab2177c6","url":"https:\/\/secure.gravatar.com\/avatar\/e362b221c114fbcde56be31a2eacbbab541308e5bf72f20d4519b16cdeb5c667?s=96&d=wp_user_avatar&r=g","contentUrl":"https:\/\/secure.gravatar.com\/avatar\/e362b221c114fbcde56be31a2eacbbab541308e5bf72f20d4519b16cdeb5c667?s=96&d=wp_user_avatar&r=g","caption":"Thomas J. Krebs"},"url":"https:\/\/www.jazzzeitung.de\/cms\/author\/krebs\/"}]}},"wp-worthy-pixel":{"ignored":false,"public":null,"server":null,"url":null},"wp-worthy-type":"normal","jetpack_publicize_connections":[],"cc_featured_image_caption":{"caption_text":"","source_text":"","source_url":""},"jetpack_featured_media_url":"https:\/\/i0.wp.com\/www.jazzzeitung.de\/cms\/wp-content\/uploads\/2021\/01\/P2028180-Lutz-Krahl-Foto-TJ-Krebs.jpg?fit=800%2C533&ssl=1","jetpack_shortlink":"https:\/\/wp.me\/p3KEcT-6hQ","jetpack-related-posts":[{"id":18412,"url":"https:\/\/www.jazzzeitung.de\/cms\/2019\/02\/news-jochen-rueckert-quartett-feat-mark-turner-in-der-unterfahrt\/","url_meta":{"origin":24170,"position":0},"title":"Fotogalerie: Jochen R\u00fcckert Quartett feat. Mark Turner im Jazzclub Unterfahrt","author":"Redaktion JazzZeitung","date":"4. Februar 2019","format":false,"excerpt":"Das Jochen R\u00fcckert Quartett gastierte mit\u00a0 internationaler Besetzung im Jazzclub Unterfahrt. Der K\u00f6lner Schlagzeuger hat sich mit seinem K\u00f6nnen und Durchhalteverm\u00f6gen internationalen Ruf erarbeitet und erntet nun die Fr\u00fcchte seiner Arbeit. Was R\u00fcckert gemeinsam mit dem gro\u00dfartigen Mark Turner am Tenorsaxophon, dem Gitarristen Lage Lund und Matt Penman am Bass\u2026","rel":"","context":"In &quot;Galerie&quot;","block_context":{"text":"Galerie","link":"https:\/\/www.jazzzeitung.de\/cms\/thema\/galerie\/"},"img":{"alt_text":"","src":"https:\/\/i0.wp.com\/www.jazzzeitung.de\/cms\/wp-content\/uploads\/2019\/01\/Mark-Turner-H%C3%A4nde-Foto-TJ-Krebs.jpg?fit=1200%2C800&ssl=1&resize=350%2C200","width":350,"height":200,"srcset":"https:\/\/i0.wp.com\/www.jazzzeitung.de\/cms\/wp-content\/uploads\/2019\/01\/Mark-Turner-H%C3%A4nde-Foto-TJ-Krebs.jpg?fit=1200%2C800&ssl=1&resize=350%2C200 1x, https:\/\/i0.wp.com\/www.jazzzeitung.de\/cms\/wp-content\/uploads\/2019\/01\/Mark-Turner-H%C3%A4nde-Foto-TJ-Krebs.jpg?fit=1200%2C800&ssl=1&resize=525%2C300 1.5x, https:\/\/i0.wp.com\/www.jazzzeitung.de\/cms\/wp-content\/uploads\/2019\/01\/Mark-Turner-H%C3%A4nde-Foto-TJ-Krebs.jpg?fit=1200%2C800&ssl=1&resize=700%2C400 2x, https:\/\/i0.wp.com\/www.jazzzeitung.de\/cms\/wp-content\/uploads\/2019\/01\/Mark-Turner-H%C3%A4nde-Foto-TJ-Krebs.jpg?fit=1200%2C800&ssl=1&resize=1050%2C600 3x"},"classes":[]},{"id":15780,"url":"https:\/\/www.jazzzeitung.de\/cms\/2018\/05\/ein-wahnsinniger-abend-im-jazzclub-unterfahrt-nels-cline-4-im-jazzclub-unterfahrt\/","url_meta":{"origin":24170,"position":1},"title":"Ein wahnsinniger Abend: Nels Cline 4 im Jazzclub Unterfahrt","author":"Thomas J. Krebs","date":"1. Mai 2018","format":false,"excerpt":"Gitarrenaffinados kamen vergangenen Freitag im M\u00fcnchner Jazzclub Unterfahrt voll auf ihre Kosten: \u201eWilco\u201c Gitarrengott Nels Cline (man mag es eigentlich nicht wirklich glauben) debutierte in der Unterfahrt mit dem ebenfalls fantastischen Julian Lage in seinem Quartett. Bassist Jorge Roeder und der Schlagzeuger Tom Rainey sorgten f\u00fcr ungemein spannende, inspirierte Momente,\u2026","rel":"","context":"In &quot;Galerie&quot;","block_context":{"text":"Galerie","link":"https:\/\/www.jazzzeitung.de\/cms\/thema\/galerie\/"},"img":{"alt_text":"","src":"https:\/\/i0.wp.com\/www.jazzzeitung.de\/cms\/wp-content\/uploads\/2018\/04\/The-Nels-Cliine-4-Foto-TJ-Krebs-jazzphotoagency%40web.de_.jpg?fit=1200%2C800&ssl=1&resize=350%2C200","width":350,"height":200,"srcset":"https:\/\/i0.wp.com\/www.jazzzeitung.de\/cms\/wp-content\/uploads\/2018\/04\/The-Nels-Cliine-4-Foto-TJ-Krebs-jazzphotoagency%40web.de_.jpg?fit=1200%2C800&ssl=1&resize=350%2C200 1x, https:\/\/i0.wp.com\/www.jazzzeitung.de\/cms\/wp-content\/uploads\/2018\/04\/The-Nels-Cliine-4-Foto-TJ-Krebs-jazzphotoagency%40web.de_.jpg?fit=1200%2C800&ssl=1&resize=525%2C300 1.5x, https:\/\/i0.wp.com\/www.jazzzeitung.de\/cms\/wp-content\/uploads\/2018\/04\/The-Nels-Cliine-4-Foto-TJ-Krebs-jazzphotoagency%40web.de_.jpg?fit=1200%2C800&ssl=1&resize=700%2C400 2x, https:\/\/i0.wp.com\/www.jazzzeitung.de\/cms\/wp-content\/uploads\/2018\/04\/The-Nels-Cliine-4-Foto-TJ-Krebs-jazzphotoagency%40web.de_.jpg?fit=1200%2C800&ssl=1&resize=1050%2C600 3x"},"classes":[]},{"id":11266,"url":"https:\/\/www.jazzzeitung.de\/cms\/2016\/12\/galerie-luciano-biondini-quartett-live-im-muenchner-jazzclub-unterfahrt\/","url_meta":{"origin":24170,"position":2},"title":"Galerie: Luciano Biondini Quartett live im M\u00fcnchner Jazzclub Unterfahrt","author":"Redaktion JazzZeitung","date":"11. Dezember 2016","format":false,"excerpt":"Das Luciano Biondini Quartett live im M\u00fcnchner Jazzclub Unterfahrt mit ihrem Programm \u201eCinema - The music of Nino Rota and Ennio Morricone\u201c. Luciano Biondini und Rosario Giuliani \u00fcberzeugten mit unglaublich frischem, innovativem Spiel. Enzo Pietropaoli am Bass begleitete genial und Michele Rabbia zauberte mit diversen Utensilien Rhythmen und Sounds. So\u2026","rel":"","context":"In &quot;Galerie&quot;","block_context":{"text":"Galerie","link":"https:\/\/www.jazzzeitung.de\/cms\/thema\/galerie\/"},"img":{"alt_text":"","src":"https:\/\/i0.wp.com\/www.jazzzeitung.de\/cms\/wp-content\/uploads\/2016\/12\/P1120683-Luciano-Biondini-Foto-TJ-Krebs.jpg?resize=350%2C200","width":350,"height":200,"srcset":"https:\/\/i0.wp.com\/www.jazzzeitung.de\/cms\/wp-content\/uploads\/2016\/12\/P1120683-Luciano-Biondini-Foto-TJ-Krebs.jpg?resize=350%2C200 1x, https:\/\/i0.wp.com\/www.jazzzeitung.de\/cms\/wp-content\/uploads\/2016\/12\/P1120683-Luciano-Biondini-Foto-TJ-Krebs.jpg?resize=525%2C300 1.5x, https:\/\/i0.wp.com\/www.jazzzeitung.de\/cms\/wp-content\/uploads\/2016\/12\/P1120683-Luciano-Biondini-Foto-TJ-Krebs.jpg?resize=700%2C400 2x, https:\/\/i0.wp.com\/www.jazzzeitung.de\/cms\/wp-content\/uploads\/2016\/12\/P1120683-Luciano-Biondini-Foto-TJ-Krebs.jpg?resize=1050%2C600 3x, https:\/\/i0.wp.com\/www.jazzzeitung.de\/cms\/wp-content\/uploads\/2016\/12\/P1120683-Luciano-Biondini-Foto-TJ-Krebs.jpg?resize=1400%2C800 4x"},"classes":[]},{"id":17028,"url":"https:\/\/www.jazzzeitung.de\/cms\/2018\/08\/fotogalerie-cornelius-claudio-kreusch-mit-black-mud-sound-bei-der-munich-jazz-summer-week\/","url_meta":{"origin":24170,"position":3},"title":"Fotogalerie: Cornelius Claudio Kreusch &#8222;Black Mud Sound&#8220; feat. Bobby Watson bei der Munich Jazz Summer Week","author":"Redaktion JazzZeitung","date":"28. August 2018","format":false,"excerpt":"An gleich f\u00fcnf Tagen, vom 14. bis 18. August, trat im Rahmen der Munich Jazz Summer Week das Afro-Jazz-Quartett rund um Pianisten Cornelius Claudio Kreusch auf. Im M\u00fcncher Jazzclub Unterfahrt wurde der Komponist von seinen langj\u00e4hrigen Weggef\u00e4hrten Zaf Zapha (Bass) und Maxime Zampieri (Schlagzeug) unterst\u00fctzt; Gast-Saxophonist Bobby Watson rundete das\u2026","rel":"","context":"In &quot;Galerie&quot;","block_context":{"text":"Galerie","link":"https:\/\/www.jazzzeitung.de\/cms\/thema\/galerie\/"},"img":{"alt_text":"","src":"https:\/\/i0.wp.com\/www.jazzzeitung.de\/cms\/wp-content\/uploads\/2018\/08\/P1324698-sw-cck-black-mud-sound-Foto-TJ-Krebs-jazzphotoagency%40web.de_.jpg?fit=1200%2C800&ssl=1&resize=350%2C200","width":350,"height":200,"srcset":"https:\/\/i0.wp.com\/www.jazzzeitung.de\/cms\/wp-content\/uploads\/2018\/08\/P1324698-sw-cck-black-mud-sound-Foto-TJ-Krebs-jazzphotoagency%40web.de_.jpg?fit=1200%2C800&ssl=1&resize=350%2C200 1x, https:\/\/i0.wp.com\/www.jazzzeitung.de\/cms\/wp-content\/uploads\/2018\/08\/P1324698-sw-cck-black-mud-sound-Foto-TJ-Krebs-jazzphotoagency%40web.de_.jpg?fit=1200%2C800&ssl=1&resize=525%2C300 1.5x, https:\/\/i0.wp.com\/www.jazzzeitung.de\/cms\/wp-content\/uploads\/2018\/08\/P1324698-sw-cck-black-mud-sound-Foto-TJ-Krebs-jazzphotoagency%40web.de_.jpg?fit=1200%2C800&ssl=1&resize=700%2C400 2x, https:\/\/i0.wp.com\/www.jazzzeitung.de\/cms\/wp-content\/uploads\/2018\/08\/P1324698-sw-cck-black-mud-sound-Foto-TJ-Krebs-jazzphotoagency%40web.de_.jpg?fit=1200%2C800&ssl=1&resize=1050%2C600 3x"},"classes":[]},{"id":12029,"url":"https:\/\/www.jazzzeitung.de\/cms\/2017\/03\/isabella-lundgren-statt-camille-osullivan-bei-jazzopen-in-stuttgart\/","url_meta":{"origin":24170,"position":4},"title":"+++Julia H\u00fclsmann auf Deutschland-Tour+++Deutsch-franz\u00f6sischer Jazz-Gipfel+++Isabella Lundgren statt Camille O\u2018Sullivan bei jazzopen in Stuttgart","author":"Redaktion JazzZeitung","date":"30. M\u00e4rz 2017","format":false,"excerpt":"+++Julia H\u00fclsmann in der Unterfahrt und anderswo+++ Am 06.04.2017 um 21:00h gastiert Julia H\u00fclsmann mit ihrem Trio in der M\u00fcnchner Unterfahrt und pr\u00e4sentiert ihr aktuelles, gerade auf ECM erschienenes Album \u201eSooner Or Later\u201c. Nach \u201cEnd of Summer\u201c sowie dem Folgealbum \u201eImprint\u201c folgten zwei Quartett-Aufnahmen, jeweils mit dem Trompeter Tom Arthurs\u2026","rel":"","context":"In &quot;News&quot;","block_context":{"text":"News","link":"https:\/\/www.jazzzeitung.de\/cms\/thema\/nachrichten\/"},"img":{"alt_text":"","src":"https:\/\/i0.wp.com\/www.jazzzeitung.de\/cms\/wp-content\/uploads\/2017\/03\/P1120001-H%C3%BClsmann-Foto-TJ-Krebs-150x150.jpg?resize=350%2C200","width":350,"height":200},"classes":[]},{"id":14407,"url":"https:\/\/www.jazzzeitung.de\/cms\/2017\/11\/dave-douglas-chet-doxas-riverside-mit-carla-bley-auf-tour-und-im-jazzclub-unterfahrt\/","url_meta":{"origin":24170,"position":5},"title":"Dave Douglas &#038; Chet Doxas: \u201eRiverside\u201c mit Carla Bley im Jazzclub Unterfahrt","author":"Thomas J. Krebs","date":"25. November 2017","format":false,"excerpt":"Nach einem Tribute f\u00fcr Jimmy Giuffre \u00fcberlegten sich Dave Douglas und Chet Doxas f\u00fcr ihr Bandprojekt \u201eRiverside\u201c einem weiteren musikalischen Vorbild zu huldigen: Carla Bley! Als Carla Bley \u00fcber ihren Partner Steve Swallow, gleichzeitig der Bassist des Riverside-Quartetts, davon erfuhr, beteiligte sie sich spontan mit ein paar Eigenkompositionen f\u00fcr die\u2026","rel":"","context":"In &quot;Bericht&quot;","block_context":{"text":"Bericht","link":"https:\/\/www.jazzzeitung.de\/cms\/thema\/bericht\/"},"img":{"alt_text":"","src":"https:\/\/i0.wp.com\/www.jazzzeitung.de\/cms\/wp-content\/uploads\/2017\/11\/P1680683-Bley-Foto-TJ-Krebs-jazzphotoagency%40web.de_.jpg?fit=1200%2C800&ssl=1&resize=350%2C200","width":350,"height":200,"srcset":"https:\/\/i0.wp.com\/www.jazzzeitung.de\/cms\/wp-content\/uploads\/2017\/11\/P1680683-Bley-Foto-TJ-Krebs-jazzphotoagency%40web.de_.jpg?fit=1200%2C800&ssl=1&resize=350%2C200 1x, https:\/\/i0.wp.com\/www.jazzzeitung.de\/cms\/wp-content\/uploads\/2017\/11\/P1680683-Bley-Foto-TJ-Krebs-jazzphotoagency%40web.de_.jpg?fit=1200%2C800&ssl=1&resize=525%2C300 1.5x, https:\/\/i0.wp.com\/www.jazzzeitung.de\/cms\/wp-content\/uploads\/2017\/11\/P1680683-Bley-Foto-TJ-Krebs-jazzphotoagency%40web.de_.jpg?fit=1200%2C800&ssl=1&resize=700%2C400 2x, https:\/\/i0.wp.com\/www.jazzzeitung.de\/cms\/wp-content\/uploads\/2017\/11\/P1680683-Bley-Foto-TJ-Krebs-jazzphotoagency%40web.de_.jpg?fit=1200%2C800&ssl=1&resize=1050%2C600 3x"},"classes":[]}],"jetpack_sharing_enabled":true,"_links":{"self":[{"href":"https:\/\/www.jazzzeitung.de\/cms\/wp-json\/wp\/v2\/posts\/24170","targetHints":{"allow":["GET"]}}],"collection":[{"href":"https:\/\/www.jazzzeitung.de\/cms\/wp-json\/wp\/v2\/posts"}],"about":[{"href":"https:\/\/www.jazzzeitung.de\/cms\/wp-json\/wp\/v2\/types\/post"}],"author":[{"embeddable":true,"href":"https:\/\/www.jazzzeitung.de\/cms\/wp-json\/wp\/v2\/users\/35"}],"replies":[{"embeddable":true,"href":"https:\/\/www.jazzzeitung.de\/cms\/wp-json\/wp\/v2\/comments?post=24170"}],"version-history":[{"count":2,"href":"https:\/\/www.jazzzeitung.de\/cms\/wp-json\/wp\/v2\/posts\/24170\/revisions"}],"predecessor-version":[{"id":24199,"href":"https:\/\/www.jazzzeitung.de\/cms\/wp-json\/wp\/v2\/posts\/24170\/revisions\/24199"}],"wp:featuredmedia":[{"embeddable":true,"href":"https:\/\/www.jazzzeitung.de\/cms\/wp-json\/wp\/v2\/media\/24187"}],"wp:attachment":[{"href":"https:\/\/www.jazzzeitung.de\/cms\/wp-json\/wp\/v2\/media?parent=24170"}],"wp:term":[{"taxonomy":"category","embeddable":true,"href":"https:\/\/www.jazzzeitung.de\/cms\/wp-json\/wp\/v2\/categories?post=24170"},{"taxonomy":"post_tag","embeddable":true,"href":"https:\/\/www.jazzzeitung.de\/cms\/wp-json\/wp\/v2\/tags?post=24170"},{"taxonomy":"author","embeddable":true,"href":"https:\/\/www.jazzzeitung.de\/cms\/wp-json\/wp\/v2\/coauthors?post=24170"}],"curies":[{"name":"wp","href":"https:\/\/api.w.org\/{rel}","templated":true}]}}