{"id":24121,"date":"2021-01-13T10:33:07","date_gmt":"2021-01-13T09:33:07","guid":{"rendered":"https:\/\/www.jazzzeitung.de\/cms\/?p=24121"},"modified":"2021-01-13T10:30:04","modified_gmt":"2021-01-13T09:30:04","slug":"die-frische-der-spontanen-begegnung-beim-winterjazz-im-koelner-stadtgarten","status":"publish","type":"post","link":"https:\/\/www.jazzzeitung.de\/cms\/2021\/01\/die-frische-der-spontanen-begegnung-beim-winterjazz-im-koelner-stadtgarten\/","title":{"rendered":"Die Frische der spontanen Begegnung beim Winterjazz im K\u00f6lner Stadtgarten"},"content":{"rendered":"<p><strong>\u201eWenn man Festivals komponiert, dann ist es ganz wichtig, den jeweiligen Abend ganz zu \u00fcberdenken\u201c beschrieb der Schweizer Schlagzeuger Lucas Niggli das Qualit\u00e4tsmerkmal f\u00fcr ein gutes Live-Erlebnis. Als er vor einigen Jahren eingeladen worden war, etwas zusammen mit der \u201eunfassbar innovativen eigenst\u00e4ndigen K\u00f6lner Szene zu machen, hatte er sofort einen Sound im Kopf. Heraus kam ein entsprechend perkussiver Festivalauftakt \u2013 zusammen mit seinem Landsmann Dominik Mahnig und dem K\u00f6lner Schlagzeuger Fabian Arends. Alle drei vereinten sich zum \u00dcber-Instrument, entwickeln orchestrale nuancierte Spannungsb\u00f6gen im kollektiven Prozess \u2013 weit \u00fcber jede Rolle des\u00a0 \u201eTime-Keepings\u201c hinaus.<\/strong><\/p>\n<p>Ausgerechnet zur zehnten Festivalausgabe war alles anders: Der Winterjazz in K\u00f6ln, der sonst ein buntes Laufpublikum zur spontanen Begegnung mit musikalischer Vielfalt animiert, funktionierte unter den herrschenden Bedingungen leider nicht. Daf\u00fcr war auf der B\u00fchne des world wide web zwei Abende lang spontane Begegnung angesagt. Diesmal zwischen vielen MusikerInnen aus K\u00f6ln und der ganzen europ\u00e4ischen Szene \u2013 in vielen, meist nur f\u00fcr diesen Abend zusammengestellten Bands.<\/p>\n<p>Im Stadtgarten herrscht Arbeitsatmosph\u00e4re: Kameras und sonstiges Equipment f\u00fcllen den Raum, Tontechniker und Kameraleute mit Masken sind in ihre Arbeit vertieft. Deutlich vernehmbar rauschen die Luftreinhaltungsger\u00e4te, die angeschafft wurden, um genau die jetzt herrschenden Zust\u00e4nde zu vermeiden. Zugang wird \u00fcbrigens nur nach \u201ebestandenem\u201c Covid-19- Test gew\u00e4hrt \u2013 so einfach, z\u00fcgig und verl\u00e4sslich kann es gehen, um bei einer Kulturveranstaltung safe zu sein!<\/p>\n<p>Das zehnte Winterjazz wird im K\u00f6lner Stadtgarten seiner Rolle als \u201eEurop\u00e4isches Zentrum f\u00fcr Improvisierte Musik\u201c gerecht: Entsprechend ist K\u00f6ln mit dem Rest der Welt, vor allem in Europa eng verbunden, aber auch der urbane Kosmos von Sao Paolo dockte durch einen temperamentvollen Auftritt von Maria Portugal an den Jazz made in K\u00f6ln geschmeidig an.<\/p>\n<p>Schwierige Zeitumst\u00e4nde setzen viele Empfindungen frei. Jazzer haben nun mal die besten M\u00f6glichkeiten, sehr unmittelbar auf alles zu reagieren. Das kam einem gro\u00df besetzten, zugleich lyrisch-feingliedrigen Zeitportrait unter Federf\u00fchrung der \u00f6sterreichischen Bassistin Gina Schwarz zu Gute. Dass die dominierende Empfindung des Abends vor allem eine befreite Spiellust ist, demonstrierten nicht nur, aber vor allem Festivalchefin Angelika Niescier selbst und der Posaunist Janning Trumann in ihrem improvisierten Storytelling.<\/p>\n<p>Der spr\u00f6de, energische Sprechgesang von Jelena Kuljic ist allein Statement genug. Sie zieht f\u00fcr ihren m\u00e4chtig steigerungsf\u00e4higen Auftritt verschiedene zeitgen\u00f6ssische lyrische Quellen heran \u2013 verst\u00e4rkt wird alles durch die spacerockigen Auftritte von Gitarrist Sebastian M\u00fcller, m\u00e4chtig Druck machten Bassist Oliver Lutz und Schlagzeuger Thomas Sauerborn. Auch dies klang so, als w\u00e4re diese Band schon jahrelang an einer gemeinsamen Sache dran.<\/p>\n<div class=\"tiled-gallery type-rectangular tiled-gallery-unresized\" data-original-width=\"840\" data-carousel-extra='{&quot;blog_id&quot;:1,&quot;permalink&quot;:&quot;https:\\\/\\\/www.jazzzeitung.de\\\/cms\\\/2021\\\/01\\\/die-frische-der-spontanen-begegnung-beim-winterjazz-im-koelner-stadtgarten\\\/&quot;,&quot;likes_blog_id&quot;:55446655}' itemscope itemtype=\"http:\/\/schema.org\/ImageGallery\" > <div class=\"gallery-row\" style=\"width: 840px; height: 628px;\" data-original-width=\"840\" data-original-height=\"628\" > <div class=\"gallery-group images-2\" style=\"width: 421px; height: 628px;\" data-original-width=\"421\" data-original-height=\"628\" > <div class=\"tiled-gallery-item tiled-gallery-item-large\" itemprop=\"associatedMedia\" itemscope itemtype=\"http:\/\/schema.org\/ImageObject\"> <a href=\"https:\/\/www.jazzzeitung.de\/cms\/2021\/01\/die-frische-der-spontanen-begegnung-beim-winterjazz-im-koelner-stadtgarten\/agelika-niescier-lucas-leidinger\/\" border=\"0\" itemprop=\"url\"> <meta itemprop=\"width\" content=\"417\"> <meta itemprop=\"height\" content=\"277\"> <img decoding=\"async\" class=\"\" data-attachment-id=\"24123\" data-orig-file=\"https:\/\/www.jazzzeitung.de\/cms\/wp-content\/uploads\/2021\/01\/Agelika-Niescier-Lucas-Leidinger-scaled.jpg\" data-orig-size=\"2560,1704\" data-comments-opened=\"1\" data-image-meta=\"{&quot;aperture&quot;:&quot;0&quot;,&quot;credit&quot;:&quot;&quot;,&quot;camera&quot;:&quot;&quot;,&quot;caption&quot;:&quot;&quot;,&quot;created_timestamp&quot;:&quot;0&quot;,&quot;copyright&quot;:&quot;&quot;,&quot;focal_length&quot;:&quot;0&quot;,&quot;iso&quot;:&quot;0&quot;,&quot;shutter_speed&quot;:&quot;0&quot;,&quot;title&quot;:&quot;&quot;,&quot;orientation&quot;:&quot;0&quot;}\" data-image-title=\"\" data-image-description=\"\" data-medium-file=\"https:\/\/i0.wp.com\/www.jazzzeitung.de\/cms\/wp-content\/uploads\/2021\/01\/Agelika-Niescier-Lucas-Leidinger-scaled.jpg?fit=300%2C200&#038;ssl=1\" data-large-file=\"https:\/\/i0.wp.com\/www.jazzzeitung.de\/cms\/wp-content\/uploads\/2021\/01\/Agelika-Niescier-Lucas-Leidinger-scaled.jpg?fit=840%2C560&#038;ssl=1\" src=\"https:\/\/i0.wp.com\/www.jazzzeitung.de\/cms\/wp-content\/uploads\/2021\/01\/Agelika-Niescier-Lucas-Leidinger-scaled.jpg?w=417&#038;h=277&#038;ssl=1\" srcset=\"https:\/\/i0.wp.com\/www.jazzzeitung.de\/cms\/wp-content\/uploads\/2021\/01\/Agelika-Niescier-Lucas-Leidinger-scaled.jpg?w=2560&amp;ssl=1 2560w, https:\/\/i0.wp.com\/www.jazzzeitung.de\/cms\/wp-content\/uploads\/2021\/01\/Agelika-Niescier-Lucas-Leidinger-scaled.jpg?resize=300%2C200&amp;ssl=1 300w, https:\/\/i0.wp.com\/www.jazzzeitung.de\/cms\/wp-content\/uploads\/2021\/01\/Agelika-Niescier-Lucas-Leidinger-scaled.jpg?resize=900%2C600&amp;ssl=1 900w, https:\/\/i0.wp.com\/www.jazzzeitung.de\/cms\/wp-content\/uploads\/2021\/01\/Agelika-Niescier-Lucas-Leidinger-scaled.jpg?resize=768%2C511&amp;ssl=1 768w, https:\/\/i0.wp.com\/www.jazzzeitung.de\/cms\/wp-content\/uploads\/2021\/01\/Agelika-Niescier-Lucas-Leidinger-scaled.jpg?resize=1536%2C1022&amp;ssl=1 1536w, https:\/\/i0.wp.com\/www.jazzzeitung.de\/cms\/wp-content\/uploads\/2021\/01\/Agelika-Niescier-Lucas-Leidinger-scaled.jpg?resize=2048%2C1363&amp;ssl=1 2048w, https:\/\/i0.wp.com\/www.jazzzeitung.de\/cms\/wp-content\/uploads\/2021\/01\/Agelika-Niescier-Lucas-Leidinger-scaled.jpg?resize=120%2C80&amp;ssl=1 120w, https:\/\/i0.wp.com\/www.jazzzeitung.de\/cms\/wp-content\/uploads\/2021\/01\/Agelika-Niescier-Lucas-Leidinger-scaled.jpg?resize=1320%2C879&amp;ssl=1 1320w, https:\/\/i0.wp.com\/www.jazzzeitung.de\/cms\/wp-content\/uploads\/2021\/01\/Agelika-Niescier-Lucas-Leidinger-scaled.jpg?w=1680&amp;ssl=1 1680w\" width=\"417\" height=\"277\" loading=\"lazy\" data-original-width=\"417\" data-original-height=\"277\" itemprop=\"http:\/\/schema.org\/image\" title=\"\" alt=\"Festivalchefin Agelika Niescier mit Lucas Leidinger. Foto: Stefan Pieper\" style=\"width: 417px; height: 277px;\" \/> <\/a> <div class=\"tiled-gallery-caption\" itemprop=\"caption description\"> Festivalchefin Agelika Niescier mit Lucas Leidinger. Foto: Stefan Pieper <\/div> <\/div> <div class=\"tiled-gallery-item tiled-gallery-item-large\" itemprop=\"associatedMedia\" itemscope itemtype=\"http:\/\/schema.org\/ImageObject\"> <a href=\"https:\/\/www.jazzzeitung.de\/cms\/2021\/01\/die-frische-der-spontanen-begegnung-beim-winterjazz-im-koelner-stadtgarten\/janning-trumann\/\" border=\"0\" itemprop=\"url\"> <meta itemprop=\"width\" content=\"417\"> <meta itemprop=\"height\" content=\"343\"> <img decoding=\"async\" class=\"\" data-attachment-id=\"24124\" data-orig-file=\"https:\/\/www.jazzzeitung.de\/cms\/wp-content\/uploads\/2021\/01\/Janning-Trumann-scaled.jpg\" data-orig-size=\"2560,2108\" data-comments-opened=\"1\" data-image-meta=\"{&quot;aperture&quot;:&quot;0&quot;,&quot;credit&quot;:&quot;&quot;,&quot;camera&quot;:&quot;&quot;,&quot;caption&quot;:&quot;&quot;,&quot;created_timestamp&quot;:&quot;0&quot;,&quot;copyright&quot;:&quot;&quot;,&quot;focal_length&quot;:&quot;0&quot;,&quot;iso&quot;:&quot;0&quot;,&quot;shutter_speed&quot;:&quot;0&quot;,&quot;title&quot;:&quot;&quot;,&quot;orientation&quot;:&quot;0&quot;}\" data-image-title=\"\" data-image-description=\"\" data-medium-file=\"https:\/\/i0.wp.com\/www.jazzzeitung.de\/cms\/wp-content\/uploads\/2021\/01\/Janning-Trumann-scaled.jpg?fit=300%2C247&#038;ssl=1\" data-large-file=\"https:\/\/i0.wp.com\/www.jazzzeitung.de\/cms\/wp-content\/uploads\/2021\/01\/Janning-Trumann-scaled.jpg?fit=729%2C600&#038;ssl=1\" src=\"https:\/\/i0.wp.com\/www.jazzzeitung.de\/cms\/wp-content\/uploads\/2021\/01\/Janning-Trumann-scaled.jpg?w=417&#038;h=343&#038;ssl=1\" srcset=\"https:\/\/i0.wp.com\/www.jazzzeitung.de\/cms\/wp-content\/uploads\/2021\/01\/Janning-Trumann-scaled.jpg?w=2560&amp;ssl=1 2560w, https:\/\/i0.wp.com\/www.jazzzeitung.de\/cms\/wp-content\/uploads\/2021\/01\/Janning-Trumann-scaled.jpg?resize=300%2C247&amp;ssl=1 300w, https:\/\/i0.wp.com\/www.jazzzeitung.de\/cms\/wp-content\/uploads\/2021\/01\/Janning-Trumann-scaled.jpg?resize=729%2C600&amp;ssl=1 729w, https:\/\/i0.wp.com\/www.jazzzeitung.de\/cms\/wp-content\/uploads\/2021\/01\/Janning-Trumann-scaled.jpg?resize=768%2C632&amp;ssl=1 768w, https:\/\/i0.wp.com\/www.jazzzeitung.de\/cms\/wp-content\/uploads\/2021\/01\/Janning-Trumann-scaled.jpg?resize=1536%2C1265&amp;ssl=1 1536w, https:\/\/i0.wp.com\/www.jazzzeitung.de\/cms\/wp-content\/uploads\/2021\/01\/Janning-Trumann-scaled.jpg?resize=2048%2C1686&amp;ssl=1 2048w, https:\/\/i0.wp.com\/www.jazzzeitung.de\/cms\/wp-content\/uploads\/2021\/01\/Janning-Trumann-scaled.jpg?resize=1320%2C1087&amp;ssl=1 1320w, https:\/\/i0.wp.com\/www.jazzzeitung.de\/cms\/wp-content\/uploads\/2021\/01\/Janning-Trumann-scaled.jpg?w=1680&amp;ssl=1 1680w\" width=\"417\" height=\"343\" loading=\"lazy\" data-original-width=\"417\" data-original-height=\"343\" itemprop=\"http:\/\/schema.org\/image\" title=\"\" alt=\"Janning Trumann. Foto: Stefan Pieper\" style=\"width: 417px; height: 343px;\" \/> <\/a> <div class=\"tiled-gallery-caption\" itemprop=\"caption description\"> Janning Trumann. Foto: Stefan Pieper <\/div> <\/div> <\/div> <!-- close group --> <div class=\"gallery-group images-1\" style=\"width: 419px; height: 628px;\" data-original-width=\"419\" data-original-height=\"628\" > <div class=\"tiled-gallery-item tiled-gallery-item-large\" itemprop=\"associatedMedia\" itemscope itemtype=\"http:\/\/schema.org\/ImageObject\"> <a href=\"https:\/\/www.jazzzeitung.de\/cms\/2021\/01\/die-frische-der-spontanen-begegnung-beim-winterjazz-im-koelner-stadtgarten\/roberto-lucaciu\/\" border=\"0\" itemprop=\"url\"> <meta itemprop=\"width\" content=\"415\"> <meta itemprop=\"height\" content=\"624\"> <img decoding=\"async\" class=\"\" data-attachment-id=\"24125\" data-orig-file=\"https:\/\/www.jazzzeitung.de\/cms\/wp-content\/uploads\/2021\/01\/Roberto-Lucaciu-scaled.jpg\" data-orig-size=\"1704,2560\" data-comments-opened=\"1\" data-image-meta=\"{&quot;aperture&quot;:&quot;0&quot;,&quot;credit&quot;:&quot;&quot;,&quot;camera&quot;:&quot;&quot;,&quot;caption&quot;:&quot;&quot;,&quot;created_timestamp&quot;:&quot;0&quot;,&quot;copyright&quot;:&quot;&quot;,&quot;focal_length&quot;:&quot;0&quot;,&quot;iso&quot;:&quot;0&quot;,&quot;shutter_speed&quot;:&quot;0&quot;,&quot;title&quot;:&quot;&quot;,&quot;orientation&quot;:&quot;0&quot;}\" data-image-title=\"\" data-image-description=\"\" data-medium-file=\"https:\/\/i0.wp.com\/www.jazzzeitung.de\/cms\/wp-content\/uploads\/2021\/01\/Roberto-Lucaciu-scaled.jpg?fit=200%2C300&#038;ssl=1\" data-large-file=\"https:\/\/i0.wp.com\/www.jazzzeitung.de\/cms\/wp-content\/uploads\/2021\/01\/Roberto-Lucaciu-scaled.jpg?fit=399%2C600&#038;ssl=1\" src=\"https:\/\/i0.wp.com\/www.jazzzeitung.de\/cms\/wp-content\/uploads\/2021\/01\/Roberto-Lucaciu-scaled.jpg?w=415&#038;h=624&#038;ssl=1\" srcset=\"https:\/\/i0.wp.com\/www.jazzzeitung.de\/cms\/wp-content\/uploads\/2021\/01\/Roberto-Lucaciu-scaled.jpg?w=1704&amp;ssl=1 1704w, https:\/\/i0.wp.com\/www.jazzzeitung.de\/cms\/wp-content\/uploads\/2021\/01\/Roberto-Lucaciu-scaled.jpg?resize=200%2C300&amp;ssl=1 200w, https:\/\/i0.wp.com\/www.jazzzeitung.de\/cms\/wp-content\/uploads\/2021\/01\/Roberto-Lucaciu-scaled.jpg?resize=399%2C600&amp;ssl=1 399w, https:\/\/i0.wp.com\/www.jazzzeitung.de\/cms\/wp-content\/uploads\/2021\/01\/Roberto-Lucaciu-scaled.jpg?resize=768%2C1154&amp;ssl=1 768w, https:\/\/i0.wp.com\/www.jazzzeitung.de\/cms\/wp-content\/uploads\/2021\/01\/Roberto-Lucaciu-scaled.jpg?resize=1022%2C1536&amp;ssl=1 1022w, https:\/\/i0.wp.com\/www.jazzzeitung.de\/cms\/wp-content\/uploads\/2021\/01\/Roberto-Lucaciu-scaled.jpg?resize=1363%2C2048&amp;ssl=1 1363w, https:\/\/i0.wp.com\/www.jazzzeitung.de\/cms\/wp-content\/uploads\/2021\/01\/Roberto-Lucaciu-scaled.jpg?resize=1320%2C1983&amp;ssl=1 1320w\" width=\"415\" height=\"624\" loading=\"lazy\" data-original-width=\"415\" data-original-height=\"624\" itemprop=\"http:\/\/schema.org\/image\" title=\"\" alt=\"Roberto Lucaciu. Foto: Stefan Pieper\" style=\"width: 415px; height: 624px;\" \/> <\/a> <div class=\"tiled-gallery-caption\" itemprop=\"caption description\"> Roberto Lucaciu. Foto: Stefan Pieper <\/div> <\/div> <\/div> <!-- close group --> <\/div> <!-- close row --> <div class=\"gallery-row\" style=\"width: 840px; height: 439px;\" data-original-width=\"840\" data-original-height=\"439\" > <div class=\"gallery-group images-1\" style=\"width: 530px; height: 439px;\" data-original-width=\"530\" data-original-height=\"439\" > <div class=\"tiled-gallery-item tiled-gallery-item-large\" itemprop=\"associatedMedia\" itemscope itemtype=\"http:\/\/schema.org\/ImageObject\"> <a href=\"https:\/\/www.jazzzeitung.de\/cms\/2021\/01\/die-frische-der-spontanen-begegnung-beim-winterjazz-im-koelner-stadtgarten\/shannon-barnett\/\" border=\"0\" itemprop=\"url\"> <meta itemprop=\"width\" content=\"526\"> <meta itemprop=\"height\" content=\"435\"> <img decoding=\"async\" class=\"\" data-attachment-id=\"24126\" data-orig-file=\"https:\/\/www.jazzzeitung.de\/cms\/wp-content\/uploads\/2021\/01\/Shannon-Barnett-scaled.jpg\" data-orig-size=\"2560,2119\" data-comments-opened=\"1\" data-image-meta=\"{&quot;aperture&quot;:&quot;0&quot;,&quot;credit&quot;:&quot;&quot;,&quot;camera&quot;:&quot;&quot;,&quot;caption&quot;:&quot;&quot;,&quot;created_timestamp&quot;:&quot;0&quot;,&quot;copyright&quot;:&quot;&quot;,&quot;focal_length&quot;:&quot;0&quot;,&quot;iso&quot;:&quot;0&quot;,&quot;shutter_speed&quot;:&quot;0&quot;,&quot;title&quot;:&quot;&quot;,&quot;orientation&quot;:&quot;0&quot;}\" data-image-title=\"\" data-image-description=\"\" data-medium-file=\"https:\/\/i0.wp.com\/www.jazzzeitung.de\/cms\/wp-content\/uploads\/2021\/01\/Shannon-Barnett-scaled.jpg?fit=300%2C248&#038;ssl=1\" data-large-file=\"https:\/\/i0.wp.com\/www.jazzzeitung.de\/cms\/wp-content\/uploads\/2021\/01\/Shannon-Barnett-scaled.jpg?fit=725%2C600&#038;ssl=1\" src=\"https:\/\/i0.wp.com\/www.jazzzeitung.de\/cms\/wp-content\/uploads\/2021\/01\/Shannon-Barnett-scaled.jpg?w=526&#038;h=435&#038;ssl=1\" srcset=\"https:\/\/i0.wp.com\/www.jazzzeitung.de\/cms\/wp-content\/uploads\/2021\/01\/Shannon-Barnett-scaled.jpg?w=2560&amp;ssl=1 2560w, https:\/\/i0.wp.com\/www.jazzzeitung.de\/cms\/wp-content\/uploads\/2021\/01\/Shannon-Barnett-scaled.jpg?resize=300%2C248&amp;ssl=1 300w, https:\/\/i0.wp.com\/www.jazzzeitung.de\/cms\/wp-content\/uploads\/2021\/01\/Shannon-Barnett-scaled.jpg?resize=725%2C600&amp;ssl=1 725w, https:\/\/i0.wp.com\/www.jazzzeitung.de\/cms\/wp-content\/uploads\/2021\/01\/Shannon-Barnett-scaled.jpg?resize=768%2C636&amp;ssl=1 768w, https:\/\/i0.wp.com\/www.jazzzeitung.de\/cms\/wp-content\/uploads\/2021\/01\/Shannon-Barnett-scaled.jpg?resize=1536%2C1271&amp;ssl=1 1536w, https:\/\/i0.wp.com\/www.jazzzeitung.de\/cms\/wp-content\/uploads\/2021\/01\/Shannon-Barnett-scaled.jpg?resize=2048%2C1695&amp;ssl=1 2048w, https:\/\/i0.wp.com\/www.jazzzeitung.de\/cms\/wp-content\/uploads\/2021\/01\/Shannon-Barnett-scaled.jpg?resize=1320%2C1092&amp;ssl=1 1320w, https:\/\/i0.wp.com\/www.jazzzeitung.de\/cms\/wp-content\/uploads\/2021\/01\/Shannon-Barnett-scaled.jpg?w=1680&amp;ssl=1 1680w\" width=\"526\" height=\"435\" loading=\"lazy\" data-original-width=\"526\" data-original-height=\"435\" itemprop=\"http:\/\/schema.org\/image\" title=\"\" alt=\"Shannon Barnett. Foto: Stefan Pieper\" style=\"width: 526px; height: 435px;\" \/> <\/a> <div class=\"tiled-gallery-caption\" itemprop=\"caption description\"> Shannon Barnett. Foto: Stefan Pieper <\/div> <\/div> <\/div> <!-- close group --> <div class=\"gallery-group images-2\" style=\"width: 310px; height: 439px;\" data-original-width=\"310\" data-original-height=\"439\" > <div class=\"tiled-gallery-item tiled-gallery-item-large\" itemprop=\"associatedMedia\" itemscope itemtype=\"http:\/\/schema.org\/ImageObject\"> <a href=\"https:\/\/www.jazzzeitung.de\/cms\/2021\/01\/die-frische-der-spontanen-begegnung-beim-winterjazz-im-koelner-stadtgarten\/simon-nabatov\/\" border=\"0\" itemprop=\"url\"> <meta itemprop=\"width\" content=\"306\"> <meta itemprop=\"height\" content=\"228\"> <img decoding=\"async\" class=\"\" data-attachment-id=\"24127\" data-orig-file=\"https:\/\/www.jazzzeitung.de\/cms\/wp-content\/uploads\/2021\/01\/Simon-Nabatov-scaled.jpg\" data-orig-size=\"2560,1905\" data-comments-opened=\"1\" data-image-meta=\"{&quot;aperture&quot;:&quot;0&quot;,&quot;credit&quot;:&quot;&quot;,&quot;camera&quot;:&quot;&quot;,&quot;caption&quot;:&quot;&quot;,&quot;created_timestamp&quot;:&quot;0&quot;,&quot;copyright&quot;:&quot;&quot;,&quot;focal_length&quot;:&quot;0&quot;,&quot;iso&quot;:&quot;0&quot;,&quot;shutter_speed&quot;:&quot;0&quot;,&quot;title&quot;:&quot;&quot;,&quot;orientation&quot;:&quot;0&quot;}\" data-image-title=\"\" data-image-description=\"\" data-medium-file=\"https:\/\/i0.wp.com\/www.jazzzeitung.de\/cms\/wp-content\/uploads\/2021\/01\/Simon-Nabatov-scaled.jpg?fit=300%2C223&#038;ssl=1\" data-large-file=\"https:\/\/i0.wp.com\/www.jazzzeitung.de\/cms\/wp-content\/uploads\/2021\/01\/Simon-Nabatov-scaled.jpg?fit=806%2C600&#038;ssl=1\" src=\"https:\/\/i0.wp.com\/www.jazzzeitung.de\/cms\/wp-content\/uploads\/2021\/01\/Simon-Nabatov-scaled.jpg?w=306&#038;h=228&#038;ssl=1\" srcset=\"https:\/\/i0.wp.com\/www.jazzzeitung.de\/cms\/wp-content\/uploads\/2021\/01\/Simon-Nabatov-scaled.jpg?w=2560&amp;ssl=1 2560w, https:\/\/i0.wp.com\/www.jazzzeitung.de\/cms\/wp-content\/uploads\/2021\/01\/Simon-Nabatov-scaled.jpg?resize=300%2C223&amp;ssl=1 300w, https:\/\/i0.wp.com\/www.jazzzeitung.de\/cms\/wp-content\/uploads\/2021\/01\/Simon-Nabatov-scaled.jpg?resize=806%2C600&amp;ssl=1 806w, https:\/\/i0.wp.com\/www.jazzzeitung.de\/cms\/wp-content\/uploads\/2021\/01\/Simon-Nabatov-scaled.jpg?resize=768%2C571&amp;ssl=1 768w, https:\/\/i0.wp.com\/www.jazzzeitung.de\/cms\/wp-content\/uploads\/2021\/01\/Simon-Nabatov-scaled.jpg?resize=1536%2C1143&amp;ssl=1 1536w, https:\/\/i0.wp.com\/www.jazzzeitung.de\/cms\/wp-content\/uploads\/2021\/01\/Simon-Nabatov-scaled.jpg?resize=2048%2C1524&amp;ssl=1 2048w, https:\/\/i0.wp.com\/www.jazzzeitung.de\/cms\/wp-content\/uploads\/2021\/01\/Simon-Nabatov-scaled.jpg?resize=1320%2C982&amp;ssl=1 1320w, https:\/\/i0.wp.com\/www.jazzzeitung.de\/cms\/wp-content\/uploads\/2021\/01\/Simon-Nabatov-scaled.jpg?w=1680&amp;ssl=1 1680w\" width=\"306\" height=\"228\" loading=\"lazy\" data-original-width=\"306\" data-original-height=\"228\" itemprop=\"http:\/\/schema.org\/image\" title=\"\" alt=\"Simon Nabatov. Foto: Stefan Pieper\" style=\"width: 306px; height: 228px;\" \/> <\/a> <div class=\"tiled-gallery-caption\" itemprop=\"caption description\"> Simon Nabatov. Foto: Stefan Pieper <\/div> <\/div> <div class=\"tiled-gallery-item tiled-gallery-item-large\" itemprop=\"associatedMedia\" itemscope itemtype=\"http:\/\/schema.org\/ImageObject\"> <a href=\"https:\/\/www.jazzzeitung.de\/cms\/2021\/01\/die-frische-der-spontanen-begegnung-beim-winterjazz-im-koelner-stadtgarten\/tobias-hoffmann\/\" border=\"0\" itemprop=\"url\"> <meta itemprop=\"width\" content=\"306\"> <meta itemprop=\"height\" content=\"203\"> <img decoding=\"async\" class=\"\" data-attachment-id=\"24128\" data-orig-file=\"https:\/\/www.jazzzeitung.de\/cms\/wp-content\/uploads\/2021\/01\/Tobias-Hoffmann-scaled.jpg\" data-orig-size=\"2560,1704\" data-comments-opened=\"1\" data-image-meta=\"{&quot;aperture&quot;:&quot;0&quot;,&quot;credit&quot;:&quot;&quot;,&quot;camera&quot;:&quot;&quot;,&quot;caption&quot;:&quot;&quot;,&quot;created_timestamp&quot;:&quot;0&quot;,&quot;copyright&quot;:&quot;&quot;,&quot;focal_length&quot;:&quot;0&quot;,&quot;iso&quot;:&quot;0&quot;,&quot;shutter_speed&quot;:&quot;0&quot;,&quot;title&quot;:&quot;&quot;,&quot;orientation&quot;:&quot;0&quot;}\" data-image-title=\"\" data-image-description=\"\" data-medium-file=\"https:\/\/i0.wp.com\/www.jazzzeitung.de\/cms\/wp-content\/uploads\/2021\/01\/Tobias-Hoffmann-scaled.jpg?fit=300%2C200&#038;ssl=1\" data-large-file=\"https:\/\/i0.wp.com\/www.jazzzeitung.de\/cms\/wp-content\/uploads\/2021\/01\/Tobias-Hoffmann-scaled.jpg?fit=840%2C560&#038;ssl=1\" src=\"https:\/\/i0.wp.com\/www.jazzzeitung.de\/cms\/wp-content\/uploads\/2021\/01\/Tobias-Hoffmann-scaled.jpg?w=306&#038;h=203&#038;ssl=1\" srcset=\"https:\/\/i0.wp.com\/www.jazzzeitung.de\/cms\/wp-content\/uploads\/2021\/01\/Tobias-Hoffmann-scaled.jpg?w=2560&amp;ssl=1 2560w, https:\/\/i0.wp.com\/www.jazzzeitung.de\/cms\/wp-content\/uploads\/2021\/01\/Tobias-Hoffmann-scaled.jpg?resize=300%2C200&amp;ssl=1 300w, https:\/\/i0.wp.com\/www.jazzzeitung.de\/cms\/wp-content\/uploads\/2021\/01\/Tobias-Hoffmann-scaled.jpg?resize=900%2C600&amp;ssl=1 900w, https:\/\/i0.wp.com\/www.jazzzeitung.de\/cms\/wp-content\/uploads\/2021\/01\/Tobias-Hoffmann-scaled.jpg?resize=768%2C511&amp;ssl=1 768w, https:\/\/i0.wp.com\/www.jazzzeitung.de\/cms\/wp-content\/uploads\/2021\/01\/Tobias-Hoffmann-scaled.jpg?resize=1536%2C1022&amp;ssl=1 1536w, https:\/\/i0.wp.com\/www.jazzzeitung.de\/cms\/wp-content\/uploads\/2021\/01\/Tobias-Hoffmann-scaled.jpg?resize=2048%2C1363&amp;ssl=1 2048w, https:\/\/i0.wp.com\/www.jazzzeitung.de\/cms\/wp-content\/uploads\/2021\/01\/Tobias-Hoffmann-scaled.jpg?resize=120%2C80&amp;ssl=1 120w, https:\/\/i0.wp.com\/www.jazzzeitung.de\/cms\/wp-content\/uploads\/2021\/01\/Tobias-Hoffmann-scaled.jpg?resize=1320%2C879&amp;ssl=1 1320w, https:\/\/i0.wp.com\/www.jazzzeitung.de\/cms\/wp-content\/uploads\/2021\/01\/Tobias-Hoffmann-scaled.jpg?w=1680&amp;ssl=1 1680w\" width=\"306\" height=\"203\" loading=\"lazy\" data-original-width=\"306\" data-original-height=\"203\" itemprop=\"http:\/\/schema.org\/image\" title=\"\" alt=\"Tobias Hoffmann. Foto: Stefan Pieper\" style=\"width: 306px; height: 203px;\" \/> <\/a> <div class=\"tiled-gallery-caption\" itemprop=\"caption description\"> Tobias Hoffmann. Foto: Stefan Pieper <\/div> <\/div> <\/div> <!-- close group --> <\/div> <!-- close row --> <\/div>\n<p>Eine andere spontane Band, die gerade erst entstanden ist, von der man sich noch viel mehr w\u00fcnscht, zentriert sich um die Schweizer S\u00e4ngerin Lucia Cadotsch. Ihre empfindsame, jede Eitelkeit und Theatralik verneinende Poesie steht im Zentrum eines ganz und gar entr\u00fcckenden, stark elektronisch aufgeladenen Popjazz. Repetitiv trommelt Jan Philipp sich und alle anderen durch seine Synkopenketten in Trance, derweil Tobias Hoffmann ein feingespanntes Netzwerk aus Ausdrucksnuancen auf seiner Gitarre spannt. Eine Entdeckung ist auch Leonhard Huhn, der sein Saxofon durch einen Synthesizer hindurchschleift.<\/p>\n<p>Aufregende neue Klangerkundungen waren ein weiterer roter Faden beim zehnten Winterjazz &#8211; und deren Frische zeugt von aufgestauter Spiellust in konzertarmer Zeit. Es war ein Herzenswunsch von Angelika Niescier, den vielseitigen Schweizer Schlagwerker Lucas Niggli nach K\u00f6ln einzuladen. Schlagzeuger unter sich: Sein Landsmann Dominik Mahnig sowie der K\u00f6lner Janning Trumann bilden ein gleichseitiges Dreieck und vereinen sich zum \u00dcber-Instrument und emanzipieren den kollektiven Prozess &#8211; \u00fcber jede Rolle des \u201eTime-Keepings\u201c hinaus.<\/p>\n<p>Der K\u00f6lner Trompeter Pablo Giw hat best\u00e4ndig seinen Ansatz auf elektronisch erweitertem Trompetenspiel ausgebaut und dies schon oft beim Winterjazz demonstriert. Mit dem Saxofonisten Otis Sansj\u00f6 und dem Schlagzeuger Leif Berger ergab sich auf Anhieb ein traumwandlerischer Konsens, um schillernde Klangfl\u00e4chen zu vereinen, aus denen Mikrostrukturen erwachsen und ja auch Momente von feinsinnigem Jazz abzuleiten.<\/p>\n<p>Ebenso tauchten\u00a0 Josef Dumoulin, Keyboards, Simon Nabatov, Piano und Philip Zoubek auf dem Synthesizer in den freien Ideenfluss ein,\u00a0 verdichten Klangspektren, aber leisten sich auch eine Entwicklung von Abstraktion hin zu tiefer, fragiler Lyrik \u2013 \u00fcber allem strahlt dann zum H\u00f6hepunkt das kristalline Solospiel von Simon Nabatov.<\/p>\n<p>Das Finale lie\u00df dann noch einmal in kurzer Zeit ein extrovertiertes Jazz-Theater mit ausgepr\u00e4gter stilistischer Flexibilit\u00e4t entstehen: \u201eFallen Crooner\u201c collagierte temperantvolle Melodienb\u00f6gen mit\u00a0 weitgespannten solistischen Exkursen &#8211; vor allem die Bl\u00e4sers\u00e4tze von Pascal Klewer und Shannon Barnett setzten viel sattes Potenzial frei, derweil Laura Totenhagen ihre ganze Pr\u00e4senz vor \u2013 leider- leerem Zuschauerraum vor den Kameras entfaltete.<\/p>\n<p>Text und Fotos: Stefan Pieper<\/p>\n<p>&nbsp;<\/p>\n<p>&nbsp;<\/p>\n","protected":false},"excerpt":{"rendered":"<p>\u201eWenn man Festivals komponiert, dann ist es ganz wichtig, den jeweiligen Abend ganz zu \u00fcberdenken\u201c beschrieb der Schweizer Schlagzeuger Lucas Niggli das Qualit\u00e4tsmerkmal f\u00fcr ein gutes Live-Erlebnis. Als er vor einigen Jahren eingeladen worden war, etwas zusammen mit der \u201eunfassbar innovativen eigenst\u00e4ndigen K\u00f6lner Szene zu machen, hatte er sofort einen Sound im Kopf. Heraus kam ein entsprechend perkussiver Festivalauftakt \u2013 zusammen mit seinem Landsmann Dominik Mahnig und dem K\u00f6lner Schlagzeuger Fabian Arends. Alle drei vereinten sich zum \u00dcber-Instrument, entwickeln orchestrale nuancierte Spannungsb\u00f6gen im kollektiven Prozess \u2013 weit \u00fcber jede Rolle des\u00a0 \u201eTime-Keepings\u201c hinaus. Ausgerechnet zur zehnten Festivalausgabe war alles anders: Der Winterjazz in K\u00f6ln, der sonst ein buntes Laufpublikum zur spontanen Begegnung mit musikalischer Vielfalt animiert, funktionierte unter den herrschenden Bedingungen leider nicht. Daf\u00fcr war auf der B\u00fchne des world wide web zwei Abende lang spontane Begegnung angesagt. Diesmal zwischen vielen MusikerInnen aus K\u00f6ln und der ganzen europ\u00e4ischen Szene \u2013 in vielen, meist nur f\u00fcr diesen Abend zusammengestellten Bands. Im Stadtgarten herrscht Arbeitsatmosph\u00e4re: Kameras und sonstiges Equipment f\u00fcllen den Raum, Tontechniker und Kameraleute mit Masken sind in ihre Arbeit vertieft. Deutlich vernehmbar rauschen die Luftreinhaltungsger\u00e4te, &hellip;<\/p>\n","protected":false},"author":18,"featured_media":24123,"comment_status":"open","ping_status":"closed","sticky":false,"template":"","format":"standard","meta":{"_jetpack_memberships_contains_paid_content":false,"footnotes":"","jetpack_publicize_message":"","jetpack_publicize_feature_enabled":true,"jetpack_social_post_already_shared":false,"jetpack_social_options":{"image_generator_settings":{"template":"highway","default_image_id":0,"font":"","enabled":false},"version":2}},"categories":[1053],"tags":[42,2949,1938,884,682,2152,1911,2890,1065,1876,852,1476,1672,1405,1313,2952,885,442,2689,2139,2312,1943,1263,1129,1560,761,3044],"coauthors":[695],"class_list":["post-24121","post","type-post","status-publish","format-standard","has-post-thumbnail","hentry","category-bericht","tag-angelika-niescier","tag-covid-19","tag-dominik-mahnig","tag-fabian-arends","tag-festivals","tag-finale","tag-fotos","tag-gitarre","tag-improvisierte-musik","tag-jazz","tag-koeln","tag-koelner-stadtgarten","tag-live","tag-lucia","tag-lucia-cadotsch","tag-musikerinnen","tag-oliver-lutz","tag-piano","tag-portugal","tag-s","tag-schlagzeuger","tag-shannon-barnett","tag-stadtgarten","tag-stefan-pieper","tag-tobias-hoffmann","tag-winterjazz","tag-zentrum"],"yoast_head":"<!-- This site is optimized with the Yoast SEO plugin v27.5 - https:\/\/yoast.com\/product\/yoast-seo-wordpress\/ -->\n<title>Die Frische der spontanen Begegnung beim Winterjazz im K\u00f6lner Stadtgarten - JazzZeitung<\/title>\n<meta name=\"robots\" content=\"index, follow, max-snippet:-1, max-image-preview:large, max-video-preview:-1\" \/>\n<link rel=\"canonical\" href=\"https:\/\/www.jazzzeitung.de\/cms\/2021\/01\/die-frische-der-spontanen-begegnung-beim-winterjazz-im-koelner-stadtgarten\/\" \/>\n<meta property=\"og:locale\" content=\"de_DE\" \/>\n<meta property=\"og:type\" content=\"article\" \/>\n<meta property=\"og:title\" content=\"Die Frische der spontanen Begegnung beim Winterjazz im K\u00f6lner Stadtgarten - JazzZeitung\" \/>\n<meta property=\"og:description\" content=\"\u201eWenn man Festivals komponiert, dann ist es ganz wichtig, den jeweiligen Abend ganz zu \u00fcberdenken\u201c beschrieb der Schweizer Schlagzeuger Lucas Niggli das Qualit\u00e4tsmerkmal f\u00fcr ein gutes Live-Erlebnis. Als er vor einigen Jahren eingeladen worden war, etwas zusammen mit der \u201eunfassbar innovativen eigenst\u00e4ndigen K\u00f6lner Szene zu machen, hatte er sofort einen Sound im Kopf. Heraus kam ein entsprechend perkussiver Festivalauftakt \u2013 zusammen mit seinem Landsmann Dominik Mahnig und dem K\u00f6lner Schlagzeuger Fabian Arends. Alle drei vereinten sich zum \u00dcber-Instrument, entwickeln orchestrale nuancierte Spannungsb\u00f6gen im kollektiven Prozess \u2013 weit \u00fcber jede Rolle des\u00a0 \u201eTime-Keepings\u201c hinaus. Ausgerechnet zur zehnten Festivalausgabe war alles anders: Der Winterjazz in K\u00f6ln, der sonst ein buntes Laufpublikum zur spontanen Begegnung mit musikalischer Vielfalt animiert, funktionierte unter den herrschenden Bedingungen leider nicht. Daf\u00fcr war auf der B\u00fchne des world wide web zwei Abende lang spontane Begegnung angesagt. Diesmal zwischen vielen MusikerInnen aus K\u00f6ln und der ganzen europ\u00e4ischen Szene \u2013 in vielen, meist nur f\u00fcr diesen Abend zusammengestellten Bands. Im Stadtgarten herrscht Arbeitsatmosph\u00e4re: Kameras und sonstiges Equipment f\u00fcllen den Raum, Tontechniker und Kameraleute mit Masken sind in ihre Arbeit vertieft. Deutlich vernehmbar rauschen die Luftreinhaltungsger\u00e4te, &hellip;\" \/>\n<meta property=\"og:url\" content=\"https:\/\/www.jazzzeitung.de\/cms\/2021\/01\/die-frische-der-spontanen-begegnung-beim-winterjazz-im-koelner-stadtgarten\/\" \/>\n<meta property=\"og:site_name\" content=\"JazzZeitung\" \/>\n<meta property=\"article:publisher\" content=\"https:\/\/www.facebook.com\/JazzZeitung\/\" \/>\n<meta property=\"article:published_time\" content=\"2021-01-13T09:33:07+00:00\" \/>\n<meta property=\"og:image\" content=\"https:\/\/i0.wp.com\/www.jazzzeitung.de\/cms\/wp-content\/uploads\/2021\/01\/Agelika-Niescier-Lucas-Leidinger-scaled.jpg?fit=2560%2C1704&ssl=1\" \/>\n\t<meta property=\"og:image:width\" content=\"2560\" \/>\n\t<meta property=\"og:image:height\" content=\"1704\" \/>\n\t<meta property=\"og:image:type\" content=\"image\/jpeg\" \/>\n<meta name=\"author\" content=\"Redaktion JazzZeitung\" \/>\n<script type=\"application\/ld+json\" class=\"yoast-schema-graph\">{\"@context\":\"https:\\\/\\\/schema.org\",\"@graph\":[{\"@type\":\"Article\",\"@id\":\"https:\\\/\\\/www.jazzzeitung.de\\\/cms\\\/2021\\\/01\\\/die-frische-der-spontanen-begegnung-beim-winterjazz-im-koelner-stadtgarten\\\/#article\",\"isPartOf\":{\"@id\":\"https:\\\/\\\/www.jazzzeitung.de\\\/cms\\\/2021\\\/01\\\/die-frische-der-spontanen-begegnung-beim-winterjazz-im-koelner-stadtgarten\\\/\"},\"author\":{\"name\":\"Redaktion JazzZeitung\",\"@id\":\"https:\\\/\\\/www.jazzzeitung.de\\\/cms\\\/#\\\/schema\\\/person\\\/2245b36b9cd1d24cea10f01c031fb92b\"},\"headline\":\"Die Frische der spontanen Begegnung beim Winterjazz im K\u00f6lner Stadtgarten\",\"datePublished\":\"2021-01-13T09:33:07+00:00\",\"mainEntityOfPage\":{\"@id\":\"https:\\\/\\\/www.jazzzeitung.de\\\/cms\\\/2021\\\/01\\\/die-frische-der-spontanen-begegnung-beim-winterjazz-im-koelner-stadtgarten\\\/\"},\"wordCount\":782,\"commentCount\":0,\"publisher\":{\"@id\":\"https:\\\/\\\/www.jazzzeitung.de\\\/cms\\\/#organization\"},\"image\":{\"@id\":\"https:\\\/\\\/www.jazzzeitung.de\\\/cms\\\/2021\\\/01\\\/die-frische-der-spontanen-begegnung-beim-winterjazz-im-koelner-stadtgarten\\\/#primaryimage\"},\"thumbnailUrl\":\"https:\\\/\\\/i0.wp.com\\\/www.jazzzeitung.de\\\/cms\\\/wp-content\\\/uploads\\\/2021\\\/01\\\/Agelika-Niescier-Lucas-Leidinger-scaled.jpg?fit=2560%2C1704&ssl=1\",\"keywords\":[\"Angelika Niescier\",\"COVID-19\",\"Dominik Mahnig\",\"Fabian Arends\",\"Festivals\",\"Finale\",\"Fotos\",\"Gitarre\",\"Improvisierte Musik\",\"Jazz\",\"K\u00f6ln\",\"K\u00f6lner Stadtgarten\",\"Live\",\"Lucia\",\"Lucia Cadotsch\",\"Musikerinnen\",\"Oliver Lutz\",\"Piano\",\"Portugal\",\"S\",\"Schlagzeuger\",\"Shannon Barnett\",\"Stadtgarten\",\"Stefan Pieper\",\"Tobias Hoffmann\",\"Winterjazz\",\"Zentrum\"],\"articleSection\":[\"Bericht\"],\"inLanguage\":\"de\",\"potentialAction\":[{\"@type\":\"CommentAction\",\"name\":\"Comment\",\"target\":[\"https:\\\/\\\/www.jazzzeitung.de\\\/cms\\\/2021\\\/01\\\/die-frische-der-spontanen-begegnung-beim-winterjazz-im-koelner-stadtgarten\\\/#respond\"]}]},{\"@type\":\"WebPage\",\"@id\":\"https:\\\/\\\/www.jazzzeitung.de\\\/cms\\\/2021\\\/01\\\/die-frische-der-spontanen-begegnung-beim-winterjazz-im-koelner-stadtgarten\\\/\",\"url\":\"https:\\\/\\\/www.jazzzeitung.de\\\/cms\\\/2021\\\/01\\\/die-frische-der-spontanen-begegnung-beim-winterjazz-im-koelner-stadtgarten\\\/\",\"name\":\"Die Frische der spontanen Begegnung beim Winterjazz im K\u00f6lner Stadtgarten - JazzZeitung\",\"isPartOf\":{\"@id\":\"https:\\\/\\\/www.jazzzeitung.de\\\/cms\\\/#website\"},\"primaryImageOfPage\":{\"@id\":\"https:\\\/\\\/www.jazzzeitung.de\\\/cms\\\/2021\\\/01\\\/die-frische-der-spontanen-begegnung-beim-winterjazz-im-koelner-stadtgarten\\\/#primaryimage\"},\"image\":{\"@id\":\"https:\\\/\\\/www.jazzzeitung.de\\\/cms\\\/2021\\\/01\\\/die-frische-der-spontanen-begegnung-beim-winterjazz-im-koelner-stadtgarten\\\/#primaryimage\"},\"thumbnailUrl\":\"https:\\\/\\\/i0.wp.com\\\/www.jazzzeitung.de\\\/cms\\\/wp-content\\\/uploads\\\/2021\\\/01\\\/Agelika-Niescier-Lucas-Leidinger-scaled.jpg?fit=2560%2C1704&ssl=1\",\"datePublished\":\"2021-01-13T09:33:07+00:00\",\"breadcrumb\":{\"@id\":\"https:\\\/\\\/www.jazzzeitung.de\\\/cms\\\/2021\\\/01\\\/die-frische-der-spontanen-begegnung-beim-winterjazz-im-koelner-stadtgarten\\\/#breadcrumb\"},\"inLanguage\":\"de\",\"potentialAction\":[{\"@type\":\"ReadAction\",\"target\":[\"https:\\\/\\\/www.jazzzeitung.de\\\/cms\\\/2021\\\/01\\\/die-frische-der-spontanen-begegnung-beim-winterjazz-im-koelner-stadtgarten\\\/\"]}]},{\"@type\":\"ImageObject\",\"inLanguage\":\"de\",\"@id\":\"https:\\\/\\\/www.jazzzeitung.de\\\/cms\\\/2021\\\/01\\\/die-frische-der-spontanen-begegnung-beim-winterjazz-im-koelner-stadtgarten\\\/#primaryimage\",\"url\":\"https:\\\/\\\/i0.wp.com\\\/www.jazzzeitung.de\\\/cms\\\/wp-content\\\/uploads\\\/2021\\\/01\\\/Agelika-Niescier-Lucas-Leidinger-scaled.jpg?fit=2560%2C1704&ssl=1\",\"contentUrl\":\"https:\\\/\\\/i0.wp.com\\\/www.jazzzeitung.de\\\/cms\\\/wp-content\\\/uploads\\\/2021\\\/01\\\/Agelika-Niescier-Lucas-Leidinger-scaled.jpg?fit=2560%2C1704&ssl=1\",\"width\":2560,\"height\":1704,\"caption\":\"Festivalchefin Agelika Niescier mit Lucas Leidinger. Foto: Stefan Pieper\"},{\"@type\":\"BreadcrumbList\",\"@id\":\"https:\\\/\\\/www.jazzzeitung.de\\\/cms\\\/2021\\\/01\\\/die-frische-der-spontanen-begegnung-beim-winterjazz-im-koelner-stadtgarten\\\/#breadcrumb\",\"itemListElement\":[{\"@type\":\"ListItem\",\"position\":1,\"name\":\"Startseite\",\"item\":\"https:\\\/\\\/www.jazzzeitung.de\\\/cms\\\/\"},{\"@type\":\"ListItem\",\"position\":2,\"name\":\"Die Frische der spontanen Begegnung beim Winterjazz im K\u00f6lner Stadtgarten\"}]},{\"@type\":\"WebSite\",\"@id\":\"https:\\\/\\\/www.jazzzeitung.de\\\/cms\\\/#website\",\"url\":\"https:\\\/\\\/www.jazzzeitung.de\\\/cms\\\/\",\"name\":\"JazzZeitung\",\"description\":\"Jazz-News und Jazz-Kontroverses\",\"publisher\":{\"@id\":\"https:\\\/\\\/www.jazzzeitung.de\\\/cms\\\/#organization\"},\"potentialAction\":[{\"@type\":\"SearchAction\",\"target\":{\"@type\":\"EntryPoint\",\"urlTemplate\":\"https:\\\/\\\/www.jazzzeitung.de\\\/cms\\\/?s={search_term_string}\"},\"query-input\":{\"@type\":\"PropertyValueSpecification\",\"valueRequired\":true,\"valueName\":\"search_term_string\"}}],\"inLanguage\":\"de\"},{\"@type\":\"Organization\",\"@id\":\"https:\\\/\\\/www.jazzzeitung.de\\\/cms\\\/#organization\",\"name\":\"JazzZeitung online\",\"url\":\"https:\\\/\\\/www.jazzzeitung.de\\\/cms\\\/\",\"logo\":{\"@type\":\"ImageObject\",\"inLanguage\":\"de\",\"@id\":\"https:\\\/\\\/www.jazzzeitung.de\\\/cms\\\/#\\\/schema\\\/logo\\\/image\\\/\",\"url\":\"https:\\\/\\\/i0.wp.com\\\/www.jazzzeitung.de\\\/cms\\\/wp-content\\\/uploads\\\/2015\\\/08\\\/JAZZZEITUNGDE_Logo_Neu.png?fit=499%2C200&ssl=1\",\"contentUrl\":\"https:\\\/\\\/i0.wp.com\\\/www.jazzzeitung.de\\\/cms\\\/wp-content\\\/uploads\\\/2015\\\/08\\\/JAZZZEITUNGDE_Logo_Neu.png?fit=499%2C200&ssl=1\",\"width\":499,\"height\":200,\"caption\":\"JazzZeitung online\"},\"image\":{\"@id\":\"https:\\\/\\\/www.jazzzeitung.de\\\/cms\\\/#\\\/schema\\\/logo\\\/image\\\/\"},\"sameAs\":[\"https:\\\/\\\/www.facebook.com\\\/JazzZeitung\\\/\"]},{\"@type\":\"Person\",\"@id\":\"https:\\\/\\\/www.jazzzeitung.de\\\/cms\\\/#\\\/schema\\\/person\\\/2245b36b9cd1d24cea10f01c031fb92b\",\"name\":\"Redaktion JazzZeitung\",\"image\":{\"@type\":\"ImageObject\",\"inLanguage\":\"de\",\"@id\":\"https:\\\/\\\/i0.wp.com\\\/www.jazzzeitung.de\\\/cms\\\/wp-content\\\/uploads\\\/2015\\\/08\\\/JAZZZEITUNGDE_Logo_Neu.png?resize=96%2C96&ssl=159975dcacb611b5700bd619b5daf0a7a\",\"url\":\"https:\\\/\\\/i0.wp.com\\\/www.jazzzeitung.de\\\/cms\\\/wp-content\\\/uploads\\\/2015\\\/08\\\/JAZZZEITUNGDE_Logo_Neu.png?resize=96%2C96&ssl=1\",\"contentUrl\":\"https:\\\/\\\/i0.wp.com\\\/www.jazzzeitung.de\\\/cms\\\/wp-content\\\/uploads\\\/2015\\\/08\\\/JAZZZEITUNGDE_Logo_Neu.png?resize=96%2C96&ssl=1\",\"caption\":\"Redaktion JazzZeitung\"},\"description\":\"Artikel der Redaktion der JazzZeitung.\",\"sameAs\":[\"http:\\\/\\\/www.jazzzeitung.de\\\/cms\\\/\"],\"url\":\"https:\\\/\\\/www.jazzzeitung.de\\\/cms\\\/author\\\/redaktion\\\/\"}]}<\/script>\n<!-- \/ Yoast SEO plugin. -->","yoast_head_json":{"title":"Die Frische der spontanen Begegnung beim Winterjazz im K\u00f6lner Stadtgarten - JazzZeitung","robots":{"index":"index","follow":"follow","max-snippet":"max-snippet:-1","max-image-preview":"max-image-preview:large","max-video-preview":"max-video-preview:-1"},"canonical":"https:\/\/www.jazzzeitung.de\/cms\/2021\/01\/die-frische-der-spontanen-begegnung-beim-winterjazz-im-koelner-stadtgarten\/","og_locale":"de_DE","og_type":"article","og_title":"Die Frische der spontanen Begegnung beim Winterjazz im K\u00f6lner Stadtgarten - JazzZeitung","og_description":"\u201eWenn man Festivals komponiert, dann ist es ganz wichtig, den jeweiligen Abend ganz zu \u00fcberdenken\u201c beschrieb der Schweizer Schlagzeuger Lucas Niggli das Qualit\u00e4tsmerkmal f\u00fcr ein gutes Live-Erlebnis. Als er vor einigen Jahren eingeladen worden war, etwas zusammen mit der \u201eunfassbar innovativen eigenst\u00e4ndigen K\u00f6lner Szene zu machen, hatte er sofort einen Sound im Kopf. Heraus kam ein entsprechend perkussiver Festivalauftakt \u2013 zusammen mit seinem Landsmann Dominik Mahnig und dem K\u00f6lner Schlagzeuger Fabian Arends. Alle drei vereinten sich zum \u00dcber-Instrument, entwickeln orchestrale nuancierte Spannungsb\u00f6gen im kollektiven Prozess \u2013 weit \u00fcber jede Rolle des\u00a0 \u201eTime-Keepings\u201c hinaus. Ausgerechnet zur zehnten Festivalausgabe war alles anders: Der Winterjazz in K\u00f6ln, der sonst ein buntes Laufpublikum zur spontanen Begegnung mit musikalischer Vielfalt animiert, funktionierte unter den herrschenden Bedingungen leider nicht. Daf\u00fcr war auf der B\u00fchne des world wide web zwei Abende lang spontane Begegnung angesagt. Diesmal zwischen vielen MusikerInnen aus K\u00f6ln und der ganzen europ\u00e4ischen Szene \u2013 in vielen, meist nur f\u00fcr diesen Abend zusammengestellten Bands. Im Stadtgarten herrscht Arbeitsatmosph\u00e4re: Kameras und sonstiges Equipment f\u00fcllen den Raum, Tontechniker und Kameraleute mit Masken sind in ihre Arbeit vertieft. Deutlich vernehmbar rauschen die Luftreinhaltungsger\u00e4te, &hellip;","og_url":"https:\/\/www.jazzzeitung.de\/cms\/2021\/01\/die-frische-der-spontanen-begegnung-beim-winterjazz-im-koelner-stadtgarten\/","og_site_name":"JazzZeitung","article_publisher":"https:\/\/www.facebook.com\/JazzZeitung\/","article_published_time":"2021-01-13T09:33:07+00:00","og_image":[{"width":2560,"height":1704,"url":"https:\/\/i0.wp.com\/www.jazzzeitung.de\/cms\/wp-content\/uploads\/2021\/01\/Agelika-Niescier-Lucas-Leidinger-scaled.jpg?fit=2560%2C1704&ssl=1","type":"image\/jpeg"}],"author":"Redaktion JazzZeitung","schema":{"@context":"https:\/\/schema.org","@graph":[{"@type":"Article","@id":"https:\/\/www.jazzzeitung.de\/cms\/2021\/01\/die-frische-der-spontanen-begegnung-beim-winterjazz-im-koelner-stadtgarten\/#article","isPartOf":{"@id":"https:\/\/www.jazzzeitung.de\/cms\/2021\/01\/die-frische-der-spontanen-begegnung-beim-winterjazz-im-koelner-stadtgarten\/"},"author":{"name":"Redaktion JazzZeitung","@id":"https:\/\/www.jazzzeitung.de\/cms\/#\/schema\/person\/2245b36b9cd1d24cea10f01c031fb92b"},"headline":"Die Frische der spontanen Begegnung beim Winterjazz im K\u00f6lner Stadtgarten","datePublished":"2021-01-13T09:33:07+00:00","mainEntityOfPage":{"@id":"https:\/\/www.jazzzeitung.de\/cms\/2021\/01\/die-frische-der-spontanen-begegnung-beim-winterjazz-im-koelner-stadtgarten\/"},"wordCount":782,"commentCount":0,"publisher":{"@id":"https:\/\/www.jazzzeitung.de\/cms\/#organization"},"image":{"@id":"https:\/\/www.jazzzeitung.de\/cms\/2021\/01\/die-frische-der-spontanen-begegnung-beim-winterjazz-im-koelner-stadtgarten\/#primaryimage"},"thumbnailUrl":"https:\/\/i0.wp.com\/www.jazzzeitung.de\/cms\/wp-content\/uploads\/2021\/01\/Agelika-Niescier-Lucas-Leidinger-scaled.jpg?fit=2560%2C1704&ssl=1","keywords":["Angelika Niescier","COVID-19","Dominik Mahnig","Fabian Arends","Festivals","Finale","Fotos","Gitarre","Improvisierte Musik","Jazz","K\u00f6ln","K\u00f6lner Stadtgarten","Live","Lucia","Lucia Cadotsch","Musikerinnen","Oliver Lutz","Piano","Portugal","S","Schlagzeuger","Shannon Barnett","Stadtgarten","Stefan Pieper","Tobias Hoffmann","Winterjazz","Zentrum"],"articleSection":["Bericht"],"inLanguage":"de","potentialAction":[{"@type":"CommentAction","name":"Comment","target":["https:\/\/www.jazzzeitung.de\/cms\/2021\/01\/die-frische-der-spontanen-begegnung-beim-winterjazz-im-koelner-stadtgarten\/#respond"]}]},{"@type":"WebPage","@id":"https:\/\/www.jazzzeitung.de\/cms\/2021\/01\/die-frische-der-spontanen-begegnung-beim-winterjazz-im-koelner-stadtgarten\/","url":"https:\/\/www.jazzzeitung.de\/cms\/2021\/01\/die-frische-der-spontanen-begegnung-beim-winterjazz-im-koelner-stadtgarten\/","name":"Die Frische der spontanen Begegnung beim Winterjazz im K\u00f6lner Stadtgarten - JazzZeitung","isPartOf":{"@id":"https:\/\/www.jazzzeitung.de\/cms\/#website"},"primaryImageOfPage":{"@id":"https:\/\/www.jazzzeitung.de\/cms\/2021\/01\/die-frische-der-spontanen-begegnung-beim-winterjazz-im-koelner-stadtgarten\/#primaryimage"},"image":{"@id":"https:\/\/www.jazzzeitung.de\/cms\/2021\/01\/die-frische-der-spontanen-begegnung-beim-winterjazz-im-koelner-stadtgarten\/#primaryimage"},"thumbnailUrl":"https:\/\/i0.wp.com\/www.jazzzeitung.de\/cms\/wp-content\/uploads\/2021\/01\/Agelika-Niescier-Lucas-Leidinger-scaled.jpg?fit=2560%2C1704&ssl=1","datePublished":"2021-01-13T09:33:07+00:00","breadcrumb":{"@id":"https:\/\/www.jazzzeitung.de\/cms\/2021\/01\/die-frische-der-spontanen-begegnung-beim-winterjazz-im-koelner-stadtgarten\/#breadcrumb"},"inLanguage":"de","potentialAction":[{"@type":"ReadAction","target":["https:\/\/www.jazzzeitung.de\/cms\/2021\/01\/die-frische-der-spontanen-begegnung-beim-winterjazz-im-koelner-stadtgarten\/"]}]},{"@type":"ImageObject","inLanguage":"de","@id":"https:\/\/www.jazzzeitung.de\/cms\/2021\/01\/die-frische-der-spontanen-begegnung-beim-winterjazz-im-koelner-stadtgarten\/#primaryimage","url":"https:\/\/i0.wp.com\/www.jazzzeitung.de\/cms\/wp-content\/uploads\/2021\/01\/Agelika-Niescier-Lucas-Leidinger-scaled.jpg?fit=2560%2C1704&ssl=1","contentUrl":"https:\/\/i0.wp.com\/www.jazzzeitung.de\/cms\/wp-content\/uploads\/2021\/01\/Agelika-Niescier-Lucas-Leidinger-scaled.jpg?fit=2560%2C1704&ssl=1","width":2560,"height":1704,"caption":"Festivalchefin Agelika Niescier mit Lucas Leidinger. Foto: Stefan Pieper"},{"@type":"BreadcrumbList","@id":"https:\/\/www.jazzzeitung.de\/cms\/2021\/01\/die-frische-der-spontanen-begegnung-beim-winterjazz-im-koelner-stadtgarten\/#breadcrumb","itemListElement":[{"@type":"ListItem","position":1,"name":"Startseite","item":"https:\/\/www.jazzzeitung.de\/cms\/"},{"@type":"ListItem","position":2,"name":"Die Frische der spontanen Begegnung beim Winterjazz im K\u00f6lner Stadtgarten"}]},{"@type":"WebSite","@id":"https:\/\/www.jazzzeitung.de\/cms\/#website","url":"https:\/\/www.jazzzeitung.de\/cms\/","name":"JazzZeitung","description":"Jazz-News und Jazz-Kontroverses","publisher":{"@id":"https:\/\/www.jazzzeitung.de\/cms\/#organization"},"potentialAction":[{"@type":"SearchAction","target":{"@type":"EntryPoint","urlTemplate":"https:\/\/www.jazzzeitung.de\/cms\/?s={search_term_string}"},"query-input":{"@type":"PropertyValueSpecification","valueRequired":true,"valueName":"search_term_string"}}],"inLanguage":"de"},{"@type":"Organization","@id":"https:\/\/www.jazzzeitung.de\/cms\/#organization","name":"JazzZeitung online","url":"https:\/\/www.jazzzeitung.de\/cms\/","logo":{"@type":"ImageObject","inLanguage":"de","@id":"https:\/\/www.jazzzeitung.de\/cms\/#\/schema\/logo\/image\/","url":"https:\/\/i0.wp.com\/www.jazzzeitung.de\/cms\/wp-content\/uploads\/2015\/08\/JAZZZEITUNGDE_Logo_Neu.png?fit=499%2C200&ssl=1","contentUrl":"https:\/\/i0.wp.com\/www.jazzzeitung.de\/cms\/wp-content\/uploads\/2015\/08\/JAZZZEITUNGDE_Logo_Neu.png?fit=499%2C200&ssl=1","width":499,"height":200,"caption":"JazzZeitung online"},"image":{"@id":"https:\/\/www.jazzzeitung.de\/cms\/#\/schema\/logo\/image\/"},"sameAs":["https:\/\/www.facebook.com\/JazzZeitung\/"]},{"@type":"Person","@id":"https:\/\/www.jazzzeitung.de\/cms\/#\/schema\/person\/2245b36b9cd1d24cea10f01c031fb92b","name":"Redaktion JazzZeitung","image":{"@type":"ImageObject","inLanguage":"de","@id":"https:\/\/i0.wp.com\/www.jazzzeitung.de\/cms\/wp-content\/uploads\/2015\/08\/JAZZZEITUNGDE_Logo_Neu.png?resize=96%2C96&ssl=159975dcacb611b5700bd619b5daf0a7a","url":"https:\/\/i0.wp.com\/www.jazzzeitung.de\/cms\/wp-content\/uploads\/2015\/08\/JAZZZEITUNGDE_Logo_Neu.png?resize=96%2C96&ssl=1","contentUrl":"https:\/\/i0.wp.com\/www.jazzzeitung.de\/cms\/wp-content\/uploads\/2015\/08\/JAZZZEITUNGDE_Logo_Neu.png?resize=96%2C96&ssl=1","caption":"Redaktion JazzZeitung"},"description":"Artikel der Redaktion der JazzZeitung.","sameAs":["http:\/\/www.jazzzeitung.de\/cms\/"],"url":"https:\/\/www.jazzzeitung.de\/cms\/author\/redaktion\/"}]}},"wp-worthy-pixel":{"ignored":false,"public":null,"server":null,"url":null},"wp-worthy-type":"normal","jetpack_publicize_connections":[],"cc_featured_image_caption":{"caption_text":"","source_text":"","source_url":""},"jetpack_featured_media_url":"https:\/\/i0.wp.com\/www.jazzzeitung.de\/cms\/wp-content\/uploads\/2021\/01\/Agelika-Niescier-Lucas-Leidinger-scaled.jpg?fit=2560%2C1704&ssl=1","jetpack_shortlink":"https:\/\/wp.me\/p3KEcT-6h3","jetpack-related-posts":[{"id":24043,"url":"https:\/\/www.jazzzeitung.de\/cms\/2021\/01\/tipp-zehn-winterjazz-koeln-2021-am-8-und-9-januar-2021\/","url_meta":{"origin":24121,"position":0},"title":"Tipp: ZEHN \u2013 winterjazz K\u00f6ln 2021 am 8. und 9. Januar 2021","author":"Redaktion JazzZeitung","date":"7. Januar 2021","format":false,"excerpt":"\u201ewinterjazz\u201c wurde von Angelika Niescier ins Leben gerufen und seit Januar 2012 als Musikfest in, aus, von und f\u00fcr K\u00f6ln gefeiert \u2013 f\u00fcr Aficionados, Neugierige, treues und neues Publikum, von und f\u00fcr K\u00f6lner Musikerinnen und Musiker.\u00a0Seitdem sind wir immer wieder von der Resonanz \u00fcberw\u00e4ltigt, von Massen der Zuh\u00f6renden, die jedes\u2026","rel":"","context":"In &quot;News&quot;","block_context":{"text":"News","link":"https:\/\/www.jazzzeitung.de\/cms\/thema\/nachrichten\/"},"img":{"alt_text":"Winterjazz im Jahr 2014. Foto: Hufner","src":"https:\/\/i0.wp.com\/www.jazzzeitung.de\/cms\/wp-content\/uploads\/2021\/01\/winterjazz_2014_zimmermanns.jpg?fit=1200%2C691&ssl=1&resize=350%2C200","width":350,"height":200,"srcset":"https:\/\/i0.wp.com\/www.jazzzeitung.de\/cms\/wp-content\/uploads\/2021\/01\/winterjazz_2014_zimmermanns.jpg?fit=1200%2C691&ssl=1&resize=350%2C200 1x, https:\/\/i0.wp.com\/www.jazzzeitung.de\/cms\/wp-content\/uploads\/2021\/01\/winterjazz_2014_zimmermanns.jpg?fit=1200%2C691&ssl=1&resize=525%2C300 1.5x, https:\/\/i0.wp.com\/www.jazzzeitung.de\/cms\/wp-content\/uploads\/2021\/01\/winterjazz_2014_zimmermanns.jpg?fit=1200%2C691&ssl=1&resize=700%2C400 2x, https:\/\/i0.wp.com\/www.jazzzeitung.de\/cms\/wp-content\/uploads\/2021\/01\/winterjazz_2014_zimmermanns.jpg?fit=1200%2C691&ssl=1&resize=1050%2C600 3x"},"classes":[]},{"id":33567,"url":"https:\/\/www.jazzzeitung.de\/cms\/2026\/01\/winterjazz-koeln-15-jahre-frischer-wind-im-januar\/","url_meta":{"origin":24121,"position":1},"title":"Winterjazz K\u00f6ln &#8211; 15 Jahre frischer Wind im Januar","author":"Redaktion JazzZeitung","date":"16. Januar 2026","format":false,"excerpt":"Von Stefan Pieper. Als das Winterjazz 2012 zum ersten Mal stattfand, hatte niemand eine Ahnung, wie viele Menschen kommen w\u00fcrden. Schon zwanzig Minuten nach Beginn des ersten Konzerts gab es einen kompletten Shutdown \u2013 die Menschenmenge war nicht mehr zu bew\u00e4ltigen, weder der Stadtgarten noch die Veranstalter hatten mit einem\u2026","rel":"","context":"In &quot;Bericht&quot;","block_context":{"text":"Bericht","link":"https:\/\/www.jazzzeitung.de\/cms\/thema\/bericht\/"},"img":{"alt_text":"","src":"https:\/\/i0.wp.com\/www.jazzzeitung.de\/cms\/wp-content\/uploads\/2026\/01\/Anna-groessbrink-Philipp-Hayduk.jpg?fit=1200%2C800&ssl=1&resize=350%2C200","width":350,"height":200,"srcset":"https:\/\/i0.wp.com\/www.jazzzeitung.de\/cms\/wp-content\/uploads\/2026\/01\/Anna-groessbrink-Philipp-Hayduk.jpg?fit=1200%2C800&ssl=1&resize=350%2C200 1x, https:\/\/i0.wp.com\/www.jazzzeitung.de\/cms\/wp-content\/uploads\/2026\/01\/Anna-groessbrink-Philipp-Hayduk.jpg?fit=1200%2C800&ssl=1&resize=525%2C300 1.5x, https:\/\/i0.wp.com\/www.jazzzeitung.de\/cms\/wp-content\/uploads\/2026\/01\/Anna-groessbrink-Philipp-Hayduk.jpg?fit=1200%2C800&ssl=1&resize=700%2C400 2x, https:\/\/i0.wp.com\/www.jazzzeitung.de\/cms\/wp-content\/uploads\/2026\/01\/Anna-groessbrink-Philipp-Hayduk.jpg?fit=1200%2C800&ssl=1&resize=1050%2C600 3x"},"classes":[]},{"id":8073,"url":"https:\/\/www.jazzzeitung.de\/cms\/2016\/01\/der-fuenfte-koelner-winterjazz-ein-jubilaeum\/","url_meta":{"origin":24121,"position":2},"title":"Der f\u00fcnfte K\u00f6lner \u201eWinterjazz\u201c \u2013 Ein Jubil\u00e4um","author":"Redaktion JazzZeitung","date":"13. Januar 2016","format":false,"excerpt":"Von Dietrich Schlegel - Rechtfertigen f\u00fcnf Jahre schon die stolze Selbstbelobigung \u201eJubil\u00e4um\u201c? Im Falle des K\u00f6lner Festivals \u201eWinterjazz\u201c, das sein Programmheft mit dieser Headline schm\u00fcckt, ist diese Frage uneingeschr\u00e4nkt zu bejahen. Denn \u00fcber einen solch langen Zeitraum die jeweils erste Jazz-Gro\u00dfveranstaltung des neuen Jahres auf gleich hohem Niveau zu halten\u2026","rel":"","context":"In &quot;Bericht&quot;","block_context":{"text":"Bericht","link":"https:\/\/www.jazzzeitung.de\/cms\/thema\/bericht\/"},"img":{"alt_text":"Lars Duppler. Foto: Gerhard Richter","src":"https:\/\/i0.wp.com\/www.jazzzeitung.de\/cms\/wp-content\/uploads\/2016\/01\/duppler_16jan_lars-duppler-solo_2_foto-gerhard-richter-150x150.jpg?resize=350%2C200","width":350,"height":200},"classes":[]},{"id":11364,"url":"https:\/\/www.jazzzeitung.de\/cms\/2016\/12\/news-norah-jones-kommt-nach-deutschland-thilo-wolf-im-br-winter-nachtigall-auf-der-burg-frankenberg\/","url_meta":{"origin":24121,"position":3},"title":"NEWS +++ Thilo Wolf im BR +++ Norah Jones kommt nach Deutschland +++ K\u00f6lner Winterjazz +++ Winter Nachtigall auf Burg Frankenberg +++","author":"Redaktion JazzZeitung","date":"15. Dezember 2016","format":false,"excerpt":"+++ Der BR zeigt im Dezember und Januar Jazz mit Thilo Wolf +++ Der Pianist, Komponist, Arrangeur, Label-Inhaber und vieles mehr, Thilo Wolf, ist im Dezember und Januar mit seinen Freunden, Kollegen und Begleitern mehrfach im Fernsehprogramm des BRs zu sehen: \u00a0Am 20. Dezember um 17:30 Uhr spielt er live\u2026","rel":"","context":"In &quot;News&quot;","block_context":{"text":"News","link":"https:\/\/www.jazzzeitung.de\/cms\/thema\/nachrichten\/"},"img":{"alt_text":"Die Thilo Wolf Biga Band.","src":"https:\/\/i0.wp.com\/www.jazzzeitung.de\/cms\/wp-content\/uploads\/2016\/12\/image006-150x150.jpg?resize=350%2C200","width":350,"height":200},"classes":[]},{"id":7928,"url":"https:\/\/www.jazzzeitung.de\/cms\/2015\/12\/winterjazz-koeln-2016-das-jubilaeum\/","url_meta":{"origin":24121,"position":4},"title":"WINTERJAZZ K\u00f6ln 2016 &#8211; das Jubil\u00e4um","author":"Redaktion JazzZeitung","date":"10. Dezember 2015","format":false,"excerpt":"Am Freitag, den 8. Januar 2016 findet zum 5. Mal das Festival Winterjazz in K\u00f6ln statt,\u00a0 Einlass 18:30 Uhr, der Eintritt ist frei! - Zum f\u00fcnften Mal kommen K\u00f6lner Musikerinnen, Musiker und Publikum zusammen, um die ganz gro\u00dfe Jazzfete am Anfang des Jahres zu feiern. L\u00e4ngst hat sich WINTERJAZZ in\u2026","rel":"","context":"In &quot;News&quot;","block_context":{"text":"News","link":"https:\/\/www.jazzzeitung.de\/cms\/thema\/nachrichten\/"},"img":{"alt_text":"SunnaGunnlaugs","src":"https:\/\/i0.wp.com\/www.jazzzeitung.de\/cms\/wp-content\/uploads\/2015\/12\/SunnaGunnlaugs-150x150.jpg?resize=350%2C200","width":350,"height":200},"classes":[]},{"id":17867,"url":"https:\/\/www.jazzzeitung.de\/cms\/2018\/11\/florian-weber-live-mit-lucent-waters-im-koelner-stadtgarten\/","url_meta":{"origin":24121,"position":5},"title":"Florian Weber live mit \u201eLucent Waters\u201c im K\u00f6lner Stadtgarten","author":"Redaktion JazzZeitung","date":"15. November 2018","format":false,"excerpt":"\u201eLucent Waters\u201c, die gerade auf dem Label ECM erschienene CD des Pianisten Florian Weber, wurde vergangenem Montag live mit seinem Quartett im K\u00f6lner Stadtgarten vorgestellt. Mit dabei Ralph Alessi an der Trompete, die Ausnahmebassistin Linda May Han Oh und Dejan Terzic am Schlagzeug. Die Idee zum Titel des Albums stammt\u2026","rel":"","context":"In &quot;Bericht&quot;","block_context":{"text":"Bericht","link":"https:\/\/www.jazzzeitung.de\/cms\/thema\/bericht\/"},"img":{"alt_text":"","src":"https:\/\/i0.wp.com\/www.jazzzeitung.de\/cms\/wp-content\/uploads\/2018\/11\/P1076012-Weber-Quartett-Foto-TJ-Krebs-jazzphotoagency%40web.de_-1.jpg?fit=1200%2C800&ssl=1&resize=350%2C200","width":350,"height":200,"srcset":"https:\/\/i0.wp.com\/www.jazzzeitung.de\/cms\/wp-content\/uploads\/2018\/11\/P1076012-Weber-Quartett-Foto-TJ-Krebs-jazzphotoagency%40web.de_-1.jpg?fit=1200%2C800&ssl=1&resize=350%2C200 1x, https:\/\/i0.wp.com\/www.jazzzeitung.de\/cms\/wp-content\/uploads\/2018\/11\/P1076012-Weber-Quartett-Foto-TJ-Krebs-jazzphotoagency%40web.de_-1.jpg?fit=1200%2C800&ssl=1&resize=525%2C300 1.5x, https:\/\/i0.wp.com\/www.jazzzeitung.de\/cms\/wp-content\/uploads\/2018\/11\/P1076012-Weber-Quartett-Foto-TJ-Krebs-jazzphotoagency%40web.de_-1.jpg?fit=1200%2C800&ssl=1&resize=700%2C400 2x, https:\/\/i0.wp.com\/www.jazzzeitung.de\/cms\/wp-content\/uploads\/2018\/11\/P1076012-Weber-Quartett-Foto-TJ-Krebs-jazzphotoagency%40web.de_-1.jpg?fit=1200%2C800&ssl=1&resize=1050%2C600 3x"},"classes":[]}],"jetpack_sharing_enabled":true,"_links":{"self":[{"href":"https:\/\/www.jazzzeitung.de\/cms\/wp-json\/wp\/v2\/posts\/24121","targetHints":{"allow":["GET"]}}],"collection":[{"href":"https:\/\/www.jazzzeitung.de\/cms\/wp-json\/wp\/v2\/posts"}],"about":[{"href":"https:\/\/www.jazzzeitung.de\/cms\/wp-json\/wp\/v2\/types\/post"}],"author":[{"embeddable":true,"href":"https:\/\/www.jazzzeitung.de\/cms\/wp-json\/wp\/v2\/users\/18"}],"replies":[{"embeddable":true,"href":"https:\/\/www.jazzzeitung.de\/cms\/wp-json\/wp\/v2\/comments?post=24121"}],"version-history":[{"count":6,"href":"https:\/\/www.jazzzeitung.de\/cms\/wp-json\/wp\/v2\/posts\/24121\/revisions"}],"predecessor-version":[{"id":24155,"href":"https:\/\/www.jazzzeitung.de\/cms\/wp-json\/wp\/v2\/posts\/24121\/revisions\/24155"}],"wp:featuredmedia":[{"embeddable":true,"href":"https:\/\/www.jazzzeitung.de\/cms\/wp-json\/wp\/v2\/media\/24123"}],"wp:attachment":[{"href":"https:\/\/www.jazzzeitung.de\/cms\/wp-json\/wp\/v2\/media?parent=24121"}],"wp:term":[{"taxonomy":"category","embeddable":true,"href":"https:\/\/www.jazzzeitung.de\/cms\/wp-json\/wp\/v2\/categories?post=24121"},{"taxonomy":"post_tag","embeddable":true,"href":"https:\/\/www.jazzzeitung.de\/cms\/wp-json\/wp\/v2\/tags?post=24121"},{"taxonomy":"author","embeddable":true,"href":"https:\/\/www.jazzzeitung.de\/cms\/wp-json\/wp\/v2\/coauthors?post=24121"}],"curies":[{"name":"wp","href":"https:\/\/api.w.org\/{rel}","templated":true}]}}