{"id":23962,"date":"2021-01-01T00:01:42","date_gmt":"2020-12-31T23:01:42","guid":{"rendered":"https:\/\/www.jazzzeitung.de\/cms\/?p=23962"},"modified":"2020-12-10T11:15:06","modified_gmt":"2020-12-10T10:15:06","slug":"die-jazzwelt-des-werner-heider","status":"publish","type":"post","link":"https:\/\/www.jazzzeitung.de\/cms\/2021\/01\/die-jazzwelt-des-werner-heider\/","title":{"rendered":"Die Jazzwelt des Werner Heider"},"content":{"rendered":"<p>Da die Entwicklung des Jazz untrennbar mit der Tonaufzeichnung verbunden ist, war und ist es f\u00fcr Jazzmusiker im Gegensatz zu ihren klassischen Kollegen kein Problem, eine historisch orientierte Auff\u00fchrungspraxis zu realisieren. Dennoch sind Innovation und Fortschritt bis heute ein Markenzeichen dieses Musikstils. Eine besonders innovative Phase waren die ausgehenden 50er- und beginnenden 60er-Jahre des vergangenen Jahrhunderts: Musiker wie Miles Davis, Charlie Mingus, Thelonius Monk, aber auch\u00a0 Jimmy Giuffre, Bob Brookmeyer und Jim Hall l\u00e4uteten damals das Ende des Bebop ein und suchten mit ihrer Musik den Anschluss ans Konzertleben klassischer Pr\u00e4gung. Dass es Sehns\u00fcchte auch in umgekehrter Richtung \u2013 aus dem klassischen Lager hinein ins Jazz-Genre \u2013 gab, kann man mit der 2018 von Peter Fulda produzierten CD \u201eDie Jazzwelt des Werner Heider\u201c nachvollziehen. Hier sind wichtige Jazzst\u00fccke oder auch jazzverwandte St\u00fccke des fr\u00e4nkischen Pianisten und Komponisten aus den Jahren 1954 bis heute versammelt. Junge Musiker holen die jazzige Kammermusik Heiders aus der Wirtschaftswunderzeit in die Gegenwart. F\u00fcr heutige Ohren klingen diese St\u00fccke ein bisschen wie aus der Zeit gefallen, doch hat man etwas F\u00fchlung mit dem Geist der Nachkriegszeit aufgenommen, dann springt einen der\u00a0 Vitalismus von Heiders meist auskomponierter Jazzmusik f\u00f6rmlich an.<\/p>\n<p>Seine \u201eSonata in Jazz f\u00fcr Saxophon\u201c ist als komplett durchkomponiertes Musikst\u00fcck im Jazzidiom eine echte Rarit\u00e4t, ebenso das 12-t\u00f6nig gearbeitete St\u00fcck \u201eEssay in Jazz f\u00fcr Saxophon Quartett\u201c. Freie Passagen im Wechsel mit notierten kennzeichnen die \u201eSonatina f\u00fcr Jazz Quartett und 7 Instrumente\u201c von 1958 oder auch \u201eDrei Miniaturen f\u00fcr Jazzensemble\u201c von 1969.<\/p>\n<p>Aus dem Jahre 2017 stammt der j\u00fcngste Titel der Heiderschen Jazzanthologie. In \u201eClosed Doors und Open Windows\u201c wechseln sich wieder auskomponierte Teile mit improvisierten ab. H\u00f6rt man die jungen Instrumentalisten spielen, dann wei\u00df man, wie weit Heider in seiner Jazzwelt der Zeit voraus war, und man bewundert auch, wie selbstverst\u00e4ndlich und sicher die Interpreten die vom Komponisten verlangten Gratwanderungen zwischen Improvisation und Interpretation bew\u00e4ltigen. In den 50er-Jahren musste man Musiker mit solchen interdisziplin\u00e4ren Kompetenzen noch suchen wie die ber\u00fchmte Nadel im Heuhaufen.<\/p>\n<p>Heute begeht Werner Heider seinen 91. Geburtstagstag. Die JazzZeitung gratuliert herzlich.<\/p>\n<p><a href=\"https:\/\/i0.wp.com\/www.jazzzeitung.de\/cms\/wp-content\/uploads\/2020\/12\/Heider.jpg?ssl=1\"><img data-recalc-dims=\"1\" loading=\"lazy\" decoding=\"async\" data-attachment-id=\"23965\" data-permalink=\"https:\/\/www.jazzzeitung.de\/cms\/2021\/01\/die-jazzwelt-des-werner-heider\/heider\/\" data-orig-file=\"https:\/\/i0.wp.com\/www.jazzzeitung.de\/cms\/wp-content\/uploads\/2020\/12\/Heider.jpg?fit=1648%2C1447&amp;ssl=1\" data-orig-size=\"1648,1447\" data-comments-opened=\"1\" data-image-meta=\"{&quot;aperture&quot;:&quot;0&quot;,&quot;credit&quot;:&quot;&quot;,&quot;camera&quot;:&quot;&quot;,&quot;caption&quot;:&quot;&quot;,&quot;created_timestamp&quot;:&quot;0&quot;,&quot;copyright&quot;:&quot;&quot;,&quot;focal_length&quot;:&quot;0&quot;,&quot;iso&quot;:&quot;0&quot;,&quot;shutter_speed&quot;:&quot;0&quot;,&quot;title&quot;:&quot;&quot;,&quot;orientation&quot;:&quot;1&quot;}\" data-image-title=\"Heider\" data-image-description=\"\" data-image-caption=\"\" data-large-file=\"https:\/\/i0.wp.com\/www.jazzzeitung.de\/cms\/wp-content\/uploads\/2020\/12\/Heider.jpg?fit=683%2C600&amp;ssl=1\" class=\"alignleft size-medium wp-image-23965\" src=\"https:\/\/i0.wp.com\/www.jazzzeitung.de\/cms\/wp-content\/uploads\/2020\/12\/Heider.jpg?resize=300%2C263&#038;ssl=1\" alt=\"\" width=\"300\" height=\"263\" srcset=\"https:\/\/i0.wp.com\/www.jazzzeitung.de\/cms\/wp-content\/uploads\/2020\/12\/Heider.jpg?resize=300%2C263&amp;ssl=1 300w, https:\/\/i0.wp.com\/www.jazzzeitung.de\/cms\/wp-content\/uploads\/2020\/12\/Heider.jpg?resize=683%2C600&amp;ssl=1 683w, https:\/\/i0.wp.com\/www.jazzzeitung.de\/cms\/wp-content\/uploads\/2020\/12\/Heider.jpg?resize=768%2C674&amp;ssl=1 768w, https:\/\/i0.wp.com\/www.jazzzeitung.de\/cms\/wp-content\/uploads\/2020\/12\/Heider.jpg?resize=1536%2C1349&amp;ssl=1 1536w, https:\/\/i0.wp.com\/www.jazzzeitung.de\/cms\/wp-content\/uploads\/2020\/12\/Heider.jpg?resize=1320%2C1159&amp;ssl=1 1320w, https:\/\/i0.wp.com\/www.jazzzeitung.de\/cms\/wp-content\/uploads\/2020\/12\/Heider.jpg?w=1648&amp;ssl=1 1648w\" sizes=\"auto, (max-width: 300px) 100vw, 300px\" \/><\/a><\/p>\n<p><strong>Die Jazzwelt des Werner Heider \/ <\/strong><strong>Edition Metropolmusik 016<\/strong><\/p>\n<p>&nbsp;<\/p>\n<p>Mehr zu Werner Heider in der neuen musikzeitung<\/p>\n<p><a href=\"https:\/\/www.nmz.de\/artikel\/unermuedliche-neugier-auf-instrumentale-moeglichkeiten\">https:\/\/www.nmz.de\/artikel\/unermuedliche-neugier-auf-instrumentale-moeglichkeiten<\/a><\/p>\n<p><a href=\"https:\/\/www.nmz.de\/artikel\/hintersinnige-meisterschaft\">https:\/\/www.nmz.de\/artikel\/hintersinnige-meisterschaft<\/a><\/p>\n<p>&nbsp;<\/p>\n<p>Betragsbild: Juan Martin Koch<\/p>\n<p>&nbsp;<\/p>\n","protected":false},"excerpt":{"rendered":"<p>Da die Entwicklung des Jazz untrennbar mit der Tonaufzeichnung verbunden ist, war und ist es f\u00fcr Jazzmusiker im Gegensatz zu ihren klassischen Kollegen kein Problem, eine historisch orientierte Auff\u00fchrungspraxis zu realisieren. Dennoch sind Innovation und Fortschritt bis heute ein Markenzeichen dieses Musikstils. Eine besonders innovative Phase waren die ausgehenden 50er- und beginnenden 60er-Jahre des vergangenen Jahrhunderts: Musiker wie Miles Davis, Charlie Mingus, Thelonius Monk, aber auch\u00a0 Jimmy Giuffre, Bob Brookmeyer und Jim Hall l\u00e4uteten damals das Ende des Bebop ein und suchten mit ihrer Musik den Anschluss ans Konzertleben klassischer Pr\u00e4gung. Dass es Sehns\u00fcchte auch in umgekehrter Richtung \u2013 aus dem klassischen Lager hinein ins Jazz-Genre \u2013 gab, kann man mit der 2018 von Peter Fulda produzierten CD \u201eDie Jazzwelt des Werner Heider\u201c nachvollziehen. Hier sind wichtige Jazzst\u00fccke oder auch jazzverwandte St\u00fccke des fr\u00e4nkischen Pianisten und Komponisten aus den Jahren 1954 bis heute versammelt. Junge Musiker holen die jazzige Kammermusik Heiders aus der Wirtschaftswunderzeit in die Gegenwart. F\u00fcr heutige Ohren klingen diese St\u00fccke ein bisschen wie aus der Zeit gefallen, doch hat man etwas F\u00fchlung mit dem Geist der Nachkriegszeit aufgenommen, dann springt einen der\u00a0 &hellip;<\/p>\n","protected":false},"author":7,"featured_media":23966,"comment_status":"open","ping_status":"closed","sticky":false,"template":"","format":"standard","meta":{"_jetpack_memberships_contains_paid_content":false,"footnotes":"","jetpack_publicize_message":"","jetpack_publicize_feature_enabled":true,"jetpack_social_post_already_shared":false,"jetpack_social_options":{"image_generator_settings":{"template":"highway","default_image_id":0,"font":"","enabled":false},"version":2}},"categories":[633],"tags":[1959,621,87,109,1007,1876,281,294,1552,2003,390,407,421,775,3277,2080,1965,2125],"coauthors":[662],"class_list":["post-23962","post","type-post","status-publish","format-standard","has-post-thumbnail","hentry","category-nachrichten","tag-1959","tag-andreas-kolb","tag-bob-brookmeyer","tag-cd","tag-improvisation","tag-jazz","tag-jazzmusiker","tag-jazzzeitung","tag-juan-martin-koch","tag-junge-musiker","tag-miles-davis","tag-nachkriegszeit","tag-nmz","tag-open","tag-peter-fulda","tag-pianisten","tag-quartett","tag-saxophon"],"yoast_head":"<!-- This site is optimized with the Yoast SEO plugin v27.5 - https:\/\/yoast.com\/product\/yoast-seo-wordpress\/ -->\n<title>Die Jazzwelt des Werner Heider - JazzZeitung<\/title>\n<meta name=\"robots\" content=\"index, follow, max-snippet:-1, max-image-preview:large, max-video-preview:-1\" \/>\n<link rel=\"canonical\" href=\"https:\/\/www.jazzzeitung.de\/cms\/2021\/01\/die-jazzwelt-des-werner-heider\/\" \/>\n<meta property=\"og:locale\" content=\"de_DE\" \/>\n<meta property=\"og:type\" content=\"article\" \/>\n<meta property=\"og:title\" content=\"Die Jazzwelt des Werner Heider - JazzZeitung\" \/>\n<meta property=\"og:description\" content=\"Da die Entwicklung des Jazz untrennbar mit der Tonaufzeichnung verbunden ist, war und ist es f\u00fcr Jazzmusiker im Gegensatz zu ihren klassischen Kollegen kein Problem, eine historisch orientierte Auff\u00fchrungspraxis zu realisieren. Dennoch sind Innovation und Fortschritt bis heute ein Markenzeichen dieses Musikstils. Eine besonders innovative Phase waren die ausgehenden 50er- und beginnenden 60er-Jahre des vergangenen Jahrhunderts: Musiker wie Miles Davis, Charlie Mingus, Thelonius Monk, aber auch\u00a0 Jimmy Giuffre, Bob Brookmeyer und Jim Hall l\u00e4uteten damals das Ende des Bebop ein und suchten mit ihrer Musik den Anschluss ans Konzertleben klassischer Pr\u00e4gung. Dass es Sehns\u00fcchte auch in umgekehrter Richtung \u2013 aus dem klassischen Lager hinein ins Jazz-Genre \u2013 gab, kann man mit der 2018 von Peter Fulda produzierten CD \u201eDie Jazzwelt des Werner Heider\u201c nachvollziehen. Hier sind wichtige Jazzst\u00fccke oder auch jazzverwandte St\u00fccke des fr\u00e4nkischen Pianisten und Komponisten aus den Jahren 1954 bis heute versammelt. Junge Musiker holen die jazzige Kammermusik Heiders aus der Wirtschaftswunderzeit in die Gegenwart. F\u00fcr heutige Ohren klingen diese St\u00fccke ein bisschen wie aus der Zeit gefallen, doch hat man etwas F\u00fchlung mit dem Geist der Nachkriegszeit aufgenommen, dann springt einen der\u00a0 &hellip;\" \/>\n<meta property=\"og:url\" content=\"https:\/\/www.jazzzeitung.de\/cms\/2021\/01\/die-jazzwelt-des-werner-heider\/\" \/>\n<meta property=\"og:site_name\" content=\"JazzZeitung\" \/>\n<meta property=\"article:publisher\" content=\"https:\/\/www.facebook.com\/JazzZeitung\/\" \/>\n<meta property=\"article:published_time\" content=\"2020-12-31T23:01:42+00:00\" \/>\n<meta property=\"og:image\" content=\"https:\/\/i0.wp.com\/www.jazzzeitung.de\/cms\/wp-content\/uploads\/2020\/12\/2020_02_personalia_heiderKoch.jpg?fit=1429%2C1071&ssl=1\" \/>\n\t<meta property=\"og:image:width\" content=\"1429\" \/>\n\t<meta property=\"og:image:height\" content=\"1071\" \/>\n\t<meta property=\"og:image:type\" content=\"image\/jpeg\" \/>\n<meta name=\"author\" content=\"Andreas Kolb\" \/>\n<script type=\"application\/ld+json\" class=\"yoast-schema-graph\">{\"@context\":\"https:\\\/\\\/schema.org\",\"@graph\":[{\"@type\":\"Article\",\"@id\":\"https:\\\/\\\/www.jazzzeitung.de\\\/cms\\\/2021\\\/01\\\/die-jazzwelt-des-werner-heider\\\/#article\",\"isPartOf\":{\"@id\":\"https:\\\/\\\/www.jazzzeitung.de\\\/cms\\\/2021\\\/01\\\/die-jazzwelt-des-werner-heider\\\/\"},\"author\":{\"name\":\"Andreas Kolb\",\"@id\":\"https:\\\/\\\/www.jazzzeitung.de\\\/cms\\\/#\\\/schema\\\/person\\\/23954215d035da9ee48d2a2c09a4a62c\"},\"headline\":\"Die Jazzwelt des Werner Heider\",\"datePublished\":\"2020-12-31T23:01:42+00:00\",\"mainEntityOfPage\":{\"@id\":\"https:\\\/\\\/www.jazzzeitung.de\\\/cms\\\/2021\\\/01\\\/die-jazzwelt-des-werner-heider\\\/\"},\"wordCount\":394,\"commentCount\":0,\"publisher\":{\"@id\":\"https:\\\/\\\/www.jazzzeitung.de\\\/cms\\\/#organization\"},\"image\":{\"@id\":\"https:\\\/\\\/www.jazzzeitung.de\\\/cms\\\/2021\\\/01\\\/die-jazzwelt-des-werner-heider\\\/#primaryimage\"},\"thumbnailUrl\":\"https:\\\/\\\/i0.wp.com\\\/www.jazzzeitung.de\\\/cms\\\/wp-content\\\/uploads\\\/2020\\\/12\\\/2020_02_personalia_heiderKoch.jpg?fit=1429%2C1071&ssl=1\",\"keywords\":[\"2018\",\"Andreas Kolb\",\"Bob Brookmeyer\",\"CD\",\"Improvisation\",\"Jazz\",\"Jazzmusiker\",\"Jazzzeitung\",\"Juan Martin Koch\",\"junge Musiker\",\"Miles Davis\",\"Nachkriegszeit\",\"nmz\",\"open\",\"Peter Fulda\",\"Pianisten\",\"Quartett\",\"Saxophon\"],\"articleSection\":[\"News\"],\"inLanguage\":\"de\",\"potentialAction\":[{\"@type\":\"CommentAction\",\"name\":\"Comment\",\"target\":[\"https:\\\/\\\/www.jazzzeitung.de\\\/cms\\\/2021\\\/01\\\/die-jazzwelt-des-werner-heider\\\/#respond\"]}]},{\"@type\":\"WebPage\",\"@id\":\"https:\\\/\\\/www.jazzzeitung.de\\\/cms\\\/2021\\\/01\\\/die-jazzwelt-des-werner-heider\\\/\",\"url\":\"https:\\\/\\\/www.jazzzeitung.de\\\/cms\\\/2021\\\/01\\\/die-jazzwelt-des-werner-heider\\\/\",\"name\":\"Die Jazzwelt des Werner Heider - JazzZeitung\",\"isPartOf\":{\"@id\":\"https:\\\/\\\/www.jazzzeitung.de\\\/cms\\\/#website\"},\"primaryImageOfPage\":{\"@id\":\"https:\\\/\\\/www.jazzzeitung.de\\\/cms\\\/2021\\\/01\\\/die-jazzwelt-des-werner-heider\\\/#primaryimage\"},\"image\":{\"@id\":\"https:\\\/\\\/www.jazzzeitung.de\\\/cms\\\/2021\\\/01\\\/die-jazzwelt-des-werner-heider\\\/#primaryimage\"},\"thumbnailUrl\":\"https:\\\/\\\/i0.wp.com\\\/www.jazzzeitung.de\\\/cms\\\/wp-content\\\/uploads\\\/2020\\\/12\\\/2020_02_personalia_heiderKoch.jpg?fit=1429%2C1071&ssl=1\",\"datePublished\":\"2020-12-31T23:01:42+00:00\",\"breadcrumb\":{\"@id\":\"https:\\\/\\\/www.jazzzeitung.de\\\/cms\\\/2021\\\/01\\\/die-jazzwelt-des-werner-heider\\\/#breadcrumb\"},\"inLanguage\":\"de\",\"potentialAction\":[{\"@type\":\"ReadAction\",\"target\":[\"https:\\\/\\\/www.jazzzeitung.de\\\/cms\\\/2021\\\/01\\\/die-jazzwelt-des-werner-heider\\\/\"]}]},{\"@type\":\"ImageObject\",\"inLanguage\":\"de\",\"@id\":\"https:\\\/\\\/www.jazzzeitung.de\\\/cms\\\/2021\\\/01\\\/die-jazzwelt-des-werner-heider\\\/#primaryimage\",\"url\":\"https:\\\/\\\/i0.wp.com\\\/www.jazzzeitung.de\\\/cms\\\/wp-content\\\/uploads\\\/2020\\\/12\\\/2020_02_personalia_heiderKoch.jpg?fit=1429%2C1071&ssl=1\",\"contentUrl\":\"https:\\\/\\\/i0.wp.com\\\/www.jazzzeitung.de\\\/cms\\\/wp-content\\\/uploads\\\/2020\\\/12\\\/2020_02_personalia_heiderKoch.jpg?fit=1429%2C1071&ssl=1\",\"width\":1429,\"height\":1071},{\"@type\":\"BreadcrumbList\",\"@id\":\"https:\\\/\\\/www.jazzzeitung.de\\\/cms\\\/2021\\\/01\\\/die-jazzwelt-des-werner-heider\\\/#breadcrumb\",\"itemListElement\":[{\"@type\":\"ListItem\",\"position\":1,\"name\":\"Startseite\",\"item\":\"https:\\\/\\\/www.jazzzeitung.de\\\/cms\\\/\"},{\"@type\":\"ListItem\",\"position\":2,\"name\":\"Die Jazzwelt des Werner Heider\"}]},{\"@type\":\"WebSite\",\"@id\":\"https:\\\/\\\/www.jazzzeitung.de\\\/cms\\\/#website\",\"url\":\"https:\\\/\\\/www.jazzzeitung.de\\\/cms\\\/\",\"name\":\"JazzZeitung\",\"description\":\"Jazz-News und Jazz-Kontroverses\",\"publisher\":{\"@id\":\"https:\\\/\\\/www.jazzzeitung.de\\\/cms\\\/#organization\"},\"potentialAction\":[{\"@type\":\"SearchAction\",\"target\":{\"@type\":\"EntryPoint\",\"urlTemplate\":\"https:\\\/\\\/www.jazzzeitung.de\\\/cms\\\/?s={search_term_string}\"},\"query-input\":{\"@type\":\"PropertyValueSpecification\",\"valueRequired\":true,\"valueName\":\"search_term_string\"}}],\"inLanguage\":\"de\"},{\"@type\":\"Organization\",\"@id\":\"https:\\\/\\\/www.jazzzeitung.de\\\/cms\\\/#organization\",\"name\":\"JazzZeitung online\",\"url\":\"https:\\\/\\\/www.jazzzeitung.de\\\/cms\\\/\",\"logo\":{\"@type\":\"ImageObject\",\"inLanguage\":\"de\",\"@id\":\"https:\\\/\\\/www.jazzzeitung.de\\\/cms\\\/#\\\/schema\\\/logo\\\/image\\\/\",\"url\":\"https:\\\/\\\/i0.wp.com\\\/www.jazzzeitung.de\\\/cms\\\/wp-content\\\/uploads\\\/2015\\\/08\\\/JAZZZEITUNGDE_Logo_Neu.png?fit=499%2C200&ssl=1\",\"contentUrl\":\"https:\\\/\\\/i0.wp.com\\\/www.jazzzeitung.de\\\/cms\\\/wp-content\\\/uploads\\\/2015\\\/08\\\/JAZZZEITUNGDE_Logo_Neu.png?fit=499%2C200&ssl=1\",\"width\":499,\"height\":200,\"caption\":\"JazzZeitung online\"},\"image\":{\"@id\":\"https:\\\/\\\/www.jazzzeitung.de\\\/cms\\\/#\\\/schema\\\/logo\\\/image\\\/\"},\"sameAs\":[\"https:\\\/\\\/www.facebook.com\\\/JazzZeitung\\\/\"]},{\"@type\":\"Person\",\"@id\":\"https:\\\/\\\/www.jazzzeitung.de\\\/cms\\\/#\\\/schema\\\/person\\\/23954215d035da9ee48d2a2c09a4a62c\",\"name\":\"Andreas Kolb\",\"image\":{\"@type\":\"ImageObject\",\"inLanguage\":\"de\",\"@id\":\"https:\\\/\\\/i0.wp.com\\\/www.jazzzeitung.de\\\/cms\\\/wp-content\\\/uploads\\\/2013\\\/05\\\/kolb-small.jpg?resize=96%2C96&ssl=1d81fdf4aa1b2f31d206a8dd371420dd4\",\"url\":\"https:\\\/\\\/i0.wp.com\\\/www.jazzzeitung.de\\\/cms\\\/wp-content\\\/uploads\\\/2013\\\/05\\\/kolb-small.jpg?resize=96%2C96&ssl=1\",\"contentUrl\":\"https:\\\/\\\/i0.wp.com\\\/www.jazzzeitung.de\\\/cms\\\/wp-content\\\/uploads\\\/2013\\\/05\\\/kolb-small.jpg?resize=96%2C96&ssl=1\",\"caption\":\"Andreas Kolb\"},\"description\":\"Andreas Kolb ist Chefredakteur der Jazzzeitung.\",\"sameAs\":[\"https:\\\/\\\/www.jazzzeitung.de\"],\"url\":\"https:\\\/\\\/www.jazzzeitung.de\\\/cms\\\/author\\\/kolb\\\/\"}]}<\/script>\n<!-- \/ Yoast SEO plugin. -->","yoast_head_json":{"title":"Die Jazzwelt des Werner Heider - JazzZeitung","robots":{"index":"index","follow":"follow","max-snippet":"max-snippet:-1","max-image-preview":"max-image-preview:large","max-video-preview":"max-video-preview:-1"},"canonical":"https:\/\/www.jazzzeitung.de\/cms\/2021\/01\/die-jazzwelt-des-werner-heider\/","og_locale":"de_DE","og_type":"article","og_title":"Die Jazzwelt des Werner Heider - JazzZeitung","og_description":"Da die Entwicklung des Jazz untrennbar mit der Tonaufzeichnung verbunden ist, war und ist es f\u00fcr Jazzmusiker im Gegensatz zu ihren klassischen Kollegen kein Problem, eine historisch orientierte Auff\u00fchrungspraxis zu realisieren. Dennoch sind Innovation und Fortschritt bis heute ein Markenzeichen dieses Musikstils. Eine besonders innovative Phase waren die ausgehenden 50er- und beginnenden 60er-Jahre des vergangenen Jahrhunderts: Musiker wie Miles Davis, Charlie Mingus, Thelonius Monk, aber auch\u00a0 Jimmy Giuffre, Bob Brookmeyer und Jim Hall l\u00e4uteten damals das Ende des Bebop ein und suchten mit ihrer Musik den Anschluss ans Konzertleben klassischer Pr\u00e4gung. Dass es Sehns\u00fcchte auch in umgekehrter Richtung \u2013 aus dem klassischen Lager hinein ins Jazz-Genre \u2013 gab, kann man mit der 2018 von Peter Fulda produzierten CD \u201eDie Jazzwelt des Werner Heider\u201c nachvollziehen. Hier sind wichtige Jazzst\u00fccke oder auch jazzverwandte St\u00fccke des fr\u00e4nkischen Pianisten und Komponisten aus den Jahren 1954 bis heute versammelt. Junge Musiker holen die jazzige Kammermusik Heiders aus der Wirtschaftswunderzeit in die Gegenwart. F\u00fcr heutige Ohren klingen diese St\u00fccke ein bisschen wie aus der Zeit gefallen, doch hat man etwas F\u00fchlung mit dem Geist der Nachkriegszeit aufgenommen, dann springt einen der\u00a0 &hellip;","og_url":"https:\/\/www.jazzzeitung.de\/cms\/2021\/01\/die-jazzwelt-des-werner-heider\/","og_site_name":"JazzZeitung","article_publisher":"https:\/\/www.facebook.com\/JazzZeitung\/","article_published_time":"2020-12-31T23:01:42+00:00","og_image":[{"width":1429,"height":1071,"url":"https:\/\/i0.wp.com\/www.jazzzeitung.de\/cms\/wp-content\/uploads\/2020\/12\/2020_02_personalia_heiderKoch.jpg?fit=1429%2C1071&ssl=1","type":"image\/jpeg"}],"author":"Andreas Kolb","schema":{"@context":"https:\/\/schema.org","@graph":[{"@type":"Article","@id":"https:\/\/www.jazzzeitung.de\/cms\/2021\/01\/die-jazzwelt-des-werner-heider\/#article","isPartOf":{"@id":"https:\/\/www.jazzzeitung.de\/cms\/2021\/01\/die-jazzwelt-des-werner-heider\/"},"author":{"name":"Andreas Kolb","@id":"https:\/\/www.jazzzeitung.de\/cms\/#\/schema\/person\/23954215d035da9ee48d2a2c09a4a62c"},"headline":"Die Jazzwelt des Werner Heider","datePublished":"2020-12-31T23:01:42+00:00","mainEntityOfPage":{"@id":"https:\/\/www.jazzzeitung.de\/cms\/2021\/01\/die-jazzwelt-des-werner-heider\/"},"wordCount":394,"commentCount":0,"publisher":{"@id":"https:\/\/www.jazzzeitung.de\/cms\/#organization"},"image":{"@id":"https:\/\/www.jazzzeitung.de\/cms\/2021\/01\/die-jazzwelt-des-werner-heider\/#primaryimage"},"thumbnailUrl":"https:\/\/i0.wp.com\/www.jazzzeitung.de\/cms\/wp-content\/uploads\/2020\/12\/2020_02_personalia_heiderKoch.jpg?fit=1429%2C1071&ssl=1","keywords":["2018","Andreas Kolb","Bob Brookmeyer","CD","Improvisation","Jazz","Jazzmusiker","Jazzzeitung","Juan Martin Koch","junge Musiker","Miles Davis","Nachkriegszeit","nmz","open","Peter Fulda","Pianisten","Quartett","Saxophon"],"articleSection":["News"],"inLanguage":"de","potentialAction":[{"@type":"CommentAction","name":"Comment","target":["https:\/\/www.jazzzeitung.de\/cms\/2021\/01\/die-jazzwelt-des-werner-heider\/#respond"]}]},{"@type":"WebPage","@id":"https:\/\/www.jazzzeitung.de\/cms\/2021\/01\/die-jazzwelt-des-werner-heider\/","url":"https:\/\/www.jazzzeitung.de\/cms\/2021\/01\/die-jazzwelt-des-werner-heider\/","name":"Die Jazzwelt des Werner Heider - JazzZeitung","isPartOf":{"@id":"https:\/\/www.jazzzeitung.de\/cms\/#website"},"primaryImageOfPage":{"@id":"https:\/\/www.jazzzeitung.de\/cms\/2021\/01\/die-jazzwelt-des-werner-heider\/#primaryimage"},"image":{"@id":"https:\/\/www.jazzzeitung.de\/cms\/2021\/01\/die-jazzwelt-des-werner-heider\/#primaryimage"},"thumbnailUrl":"https:\/\/i0.wp.com\/www.jazzzeitung.de\/cms\/wp-content\/uploads\/2020\/12\/2020_02_personalia_heiderKoch.jpg?fit=1429%2C1071&ssl=1","datePublished":"2020-12-31T23:01:42+00:00","breadcrumb":{"@id":"https:\/\/www.jazzzeitung.de\/cms\/2021\/01\/die-jazzwelt-des-werner-heider\/#breadcrumb"},"inLanguage":"de","potentialAction":[{"@type":"ReadAction","target":["https:\/\/www.jazzzeitung.de\/cms\/2021\/01\/die-jazzwelt-des-werner-heider\/"]}]},{"@type":"ImageObject","inLanguage":"de","@id":"https:\/\/www.jazzzeitung.de\/cms\/2021\/01\/die-jazzwelt-des-werner-heider\/#primaryimage","url":"https:\/\/i0.wp.com\/www.jazzzeitung.de\/cms\/wp-content\/uploads\/2020\/12\/2020_02_personalia_heiderKoch.jpg?fit=1429%2C1071&ssl=1","contentUrl":"https:\/\/i0.wp.com\/www.jazzzeitung.de\/cms\/wp-content\/uploads\/2020\/12\/2020_02_personalia_heiderKoch.jpg?fit=1429%2C1071&ssl=1","width":1429,"height":1071},{"@type":"BreadcrumbList","@id":"https:\/\/www.jazzzeitung.de\/cms\/2021\/01\/die-jazzwelt-des-werner-heider\/#breadcrumb","itemListElement":[{"@type":"ListItem","position":1,"name":"Startseite","item":"https:\/\/www.jazzzeitung.de\/cms\/"},{"@type":"ListItem","position":2,"name":"Die Jazzwelt des Werner Heider"}]},{"@type":"WebSite","@id":"https:\/\/www.jazzzeitung.de\/cms\/#website","url":"https:\/\/www.jazzzeitung.de\/cms\/","name":"JazzZeitung","description":"Jazz-News und Jazz-Kontroverses","publisher":{"@id":"https:\/\/www.jazzzeitung.de\/cms\/#organization"},"potentialAction":[{"@type":"SearchAction","target":{"@type":"EntryPoint","urlTemplate":"https:\/\/www.jazzzeitung.de\/cms\/?s={search_term_string}"},"query-input":{"@type":"PropertyValueSpecification","valueRequired":true,"valueName":"search_term_string"}}],"inLanguage":"de"},{"@type":"Organization","@id":"https:\/\/www.jazzzeitung.de\/cms\/#organization","name":"JazzZeitung online","url":"https:\/\/www.jazzzeitung.de\/cms\/","logo":{"@type":"ImageObject","inLanguage":"de","@id":"https:\/\/www.jazzzeitung.de\/cms\/#\/schema\/logo\/image\/","url":"https:\/\/i0.wp.com\/www.jazzzeitung.de\/cms\/wp-content\/uploads\/2015\/08\/JAZZZEITUNGDE_Logo_Neu.png?fit=499%2C200&ssl=1","contentUrl":"https:\/\/i0.wp.com\/www.jazzzeitung.de\/cms\/wp-content\/uploads\/2015\/08\/JAZZZEITUNGDE_Logo_Neu.png?fit=499%2C200&ssl=1","width":499,"height":200,"caption":"JazzZeitung online"},"image":{"@id":"https:\/\/www.jazzzeitung.de\/cms\/#\/schema\/logo\/image\/"},"sameAs":["https:\/\/www.facebook.com\/JazzZeitung\/"]},{"@type":"Person","@id":"https:\/\/www.jazzzeitung.de\/cms\/#\/schema\/person\/23954215d035da9ee48d2a2c09a4a62c","name":"Andreas Kolb","image":{"@type":"ImageObject","inLanguage":"de","@id":"https:\/\/i0.wp.com\/www.jazzzeitung.de\/cms\/wp-content\/uploads\/2013\/05\/kolb-small.jpg?resize=96%2C96&ssl=1d81fdf4aa1b2f31d206a8dd371420dd4","url":"https:\/\/i0.wp.com\/www.jazzzeitung.de\/cms\/wp-content\/uploads\/2013\/05\/kolb-small.jpg?resize=96%2C96&ssl=1","contentUrl":"https:\/\/i0.wp.com\/www.jazzzeitung.de\/cms\/wp-content\/uploads\/2013\/05\/kolb-small.jpg?resize=96%2C96&ssl=1","caption":"Andreas Kolb"},"description":"Andreas Kolb ist Chefredakteur der Jazzzeitung.","sameAs":["https:\/\/www.jazzzeitung.de"],"url":"https:\/\/www.jazzzeitung.de\/cms\/author\/kolb\/"}]}},"wp-worthy-pixel":{"ignored":false,"public":null,"server":null,"url":null},"wp-worthy-type":"normal","jetpack_publicize_connections":[],"cc_featured_image_caption":{"caption_text":"","source_text":"","source_url":""},"jetpack_featured_media_url":"https:\/\/i0.wp.com\/www.jazzzeitung.de\/cms\/wp-content\/uploads\/2020\/12\/2020_02_personalia_heiderKoch.jpg?fit=1429%2C1071&ssl=1","jetpack_shortlink":"https:\/\/wp.me\/p3KEcT-6eu","jetpack-related-posts":[{"id":23997,"url":"https:\/\/www.jazzzeitung.de\/cms\/2020\/12\/ed-partyka-wird-neuer-musikalischer-leiter-des-zurich-jazz-orchestra\/","url_meta":{"origin":23962,"position":0},"title":"Ed Partyka wird neuer musikalischer Leiter des Zurich Jazz Orchestra","author":"Redaktion JazzZeitung","date":"17. Dezember 2020","format":false,"excerpt":"Leicht hatte es sich das Zurich Jazz Orchestra gewiss nicht gemacht, indem es die Suche nach einem neuen Musikalischen Leiter auf die Konzertb\u00fchne verlegte. Vier Kandidaten haben sich jeweils an einem Konzert im Jazzclub Moods oder Musikklub Mehrspur mit eigener Musik vorgestellt, um die Nachfolge des Bassklarinettisten und Komponisten Steffen\u2026","rel":"","context":"In &quot;Bericht&quot;","block_context":{"text":"Bericht","link":"https:\/\/www.jazzzeitung.de\/cms\/thema\/bericht\/"},"img":{"alt_text":"","src":"https:\/\/i0.wp.com\/www.jazzzeitung.de\/cms\/wp-content\/uploads\/2020\/12\/Ed_Partyka_web-900x600-2-scaled.jpg?fit=1200%2C800&ssl=1&resize=350%2C200","width":350,"height":200,"srcset":"https:\/\/i0.wp.com\/www.jazzzeitung.de\/cms\/wp-content\/uploads\/2020\/12\/Ed_Partyka_web-900x600-2-scaled.jpg?fit=1200%2C800&ssl=1&resize=350%2C200 1x, https:\/\/i0.wp.com\/www.jazzzeitung.de\/cms\/wp-content\/uploads\/2020\/12\/Ed_Partyka_web-900x600-2-scaled.jpg?fit=1200%2C800&ssl=1&resize=525%2C300 1.5x, https:\/\/i0.wp.com\/www.jazzzeitung.de\/cms\/wp-content\/uploads\/2020\/12\/Ed_Partyka_web-900x600-2-scaled.jpg?fit=1200%2C800&ssl=1&resize=700%2C400 2x, https:\/\/i0.wp.com\/www.jazzzeitung.de\/cms\/wp-content\/uploads\/2020\/12\/Ed_Partyka_web-900x600-2-scaled.jpg?fit=1200%2C800&ssl=1&resize=1050%2C600 3x"},"classes":[]},{"id":5610,"url":"https:\/\/www.jazzzeitung.de\/cms\/2015\/03\/audience-development-3-wer-beeinflusst-hier-eigentlich-wen\/","url_meta":{"origin":23962,"position":1},"title":"Audience Development (3) &#8211; Wer beeinflusst hier eigentlich wen?","author":"Benjamin Schaefer","date":"1. M\u00e4rz 2015","format":false,"excerpt":"Eine landl\u00e4ufige Meinung besagt, dass Bebop den Anfang vom Ende des Jazz als popul\u00e4re Musik markiert. Selbst wenn ein oberfl\u00e4chlicher Blick auf die Publikumszahlen diese These st\u00fctzen mag, wird daraus h\u00e4ufig der falsche Schluss gezogen, das Problem liege in der Verkomplizierung der Musik, folglich seien die Musiker schuld an der\u2026","rel":"","context":"In &quot;Blog&quot;","block_context":{"text":"Blog","link":"https:\/\/www.jazzzeitung.de\/cms\/thema\/blog\/"},"img":{"alt_text":"audience-614x409","src":"https:\/\/i0.wp.com\/www.jazzzeitung.de\/cms\/wp-content\/uploads\/2015\/02\/audience-614x409-150x150.jpg?resize=350%2C200","width":350,"height":200},"classes":[]},{"id":3505,"url":"https:\/\/www.jazzzeitung.de\/cms\/2014\/02\/jan-persson-erhaelt-den-9-jazzahead-skoda-award\/","url_meta":{"origin":23962,"position":2},"title":"Jan Persson erh\u00e4lt den 9. jazzahead!-\u0160KODA-Award","author":"Redaktion JazzZeitung","date":"20. Februar 2014","format":false,"excerpt":"Der Gewinner des jazzahead!- \u0160KODA-Award 2014 steht fest: Er geht an den D\u00e4nen Jan Persson. Damit wird die Reihe der bisherigen Preistr\u00e4ger erstmals um einen Fotografen erweitert. Jan Persson fotografiert seit \u00fcber 50 Jahren Jazzmusiker und hat die Gro\u00dfen der Szene in seinen Schwarz-Wei\u00df Fotografien festgehalten. Damit ist er als\u2026","rel":"","context":"In &quot;News&quot;","block_context":{"text":"News","link":"https:\/\/www.jazzzeitung.de\/cms\/thema\/nachrichten\/"},"img":{"alt_text":"Jan Persson ist Preistr\u00e4ger des jazzahead!-\u0160KODA-Award 2014 ","src":"https:\/\/i0.wp.com\/www.jazzzeitung.de\/cms\/wp-content\/uploads\/2014\/02\/photo1_jazzahead2014_SKODA-Award_Jan-Persson-150x150.jpg?resize=350%2C200","width":350,"height":200},"classes":[]},{"id":16031,"url":"https:\/\/www.jazzzeitung.de\/cms\/2018\/05\/news-musik-verbaende-kritisieren-reduzierung-des-etats-fuer-den-applaus-udj-sieht-echo-jazz-neuauflage-als-chance\/","url_meta":{"origin":23962,"position":3},"title":"+++News+++ Musik-Verb\u00e4nde kritisieren Reduzierung des Etats f\u00fcr den APPLAUS+++ UDJ sieht ECHO JAZZ-Neuauflage als Chance+++","author":"Redaktion JazzZeitung","date":"15. Mai 2018","format":false,"excerpt":"Musik-Verb\u00e4nde warnen vor Reduzierung des Etats f\u00fcr den Spielst\u00e4ttenprogrammpreis APPLAUS Anl\u00e4sslich des Starts der Antragsphase beim APPLAUS kritisieren die Bundeskonferenz Jazz und LiveKomm gemeinsam mit weiteren Partnern die drohende Halbierung des Budgets des Spielst\u00e4ttenprogrammpreises. Konnten im vergangenen Jahr noch 86 Clubs und Veranstaltungsreihen mit insgesamt 1,8 Millionen Euro werden, ist\u2026","rel":"","context":"In &quot;News&quot;","block_context":{"text":"News","link":"https:\/\/www.jazzzeitung.de\/cms\/thema\/nachrichten\/"},"img":{"alt_text":"","src":"https:\/\/i0.wp.com\/www.jazzzeitung.de\/cms\/wp-content\/uploads\/2018\/05\/Wuestenhagen_echojazz2013_56201_12718_5a09ab00b0.jpg?fit=1200%2C779&ssl=1&resize=350%2C200","width":350,"height":200,"srcset":"https:\/\/i0.wp.com\/www.jazzzeitung.de\/cms\/wp-content\/uploads\/2018\/05\/Wuestenhagen_echojazz2013_56201_12718_5a09ab00b0.jpg?fit=1200%2C779&ssl=1&resize=350%2C200 1x, https:\/\/i0.wp.com\/www.jazzzeitung.de\/cms\/wp-content\/uploads\/2018\/05\/Wuestenhagen_echojazz2013_56201_12718_5a09ab00b0.jpg?fit=1200%2C779&ssl=1&resize=525%2C300 1.5x, https:\/\/i0.wp.com\/www.jazzzeitung.de\/cms\/wp-content\/uploads\/2018\/05\/Wuestenhagen_echojazz2013_56201_12718_5a09ab00b0.jpg?fit=1200%2C779&ssl=1&resize=700%2C400 2x, https:\/\/i0.wp.com\/www.jazzzeitung.de\/cms\/wp-content\/uploads\/2018\/05\/Wuestenhagen_echojazz2013_56201_12718_5a09ab00b0.jpg?fit=1200%2C779&ssl=1&resize=1050%2C600 3x"},"classes":[]},{"id":26185,"url":"https:\/\/www.jazzzeitung.de\/cms\/2021\/11\/26185\/","url_meta":{"origin":23962,"position":4},"title":"Bewerbungsphase f\u00fcrs Bayerische Jazzweekend Regensburg gestartet","author":"Redaktion JazzZeitung","date":"18. November 2021","format":false,"excerpt":"\u201eVom 14. bis 17. Juli 2022 ist Regensburg ganz Jazz. Von Dixieland \u00fcber Swing und Bebop bis hin zu Free Jazz: Das Bayerische Jazzweekend Regensburg sucht Musikerinnen und Musiker, Bands und Combos auf allen Richtungen und Sparten der Jazzmusik. Wir freuen uns auf Ihre Bewerbung! \u201c Das Zitat stammt von\u2026","rel":"","context":"In &quot;News&quot;","block_context":{"text":"News","link":"https:\/\/www.jazzzeitung.de\/cms\/thema\/nachrichten\/"},"img":{"alt_text":"","src":"https:\/\/i0.wp.com\/www.jazzzeitung.de\/cms\/wp-content\/uploads\/2021\/11\/weekend1-scaled-e1637159697323.jpg?fit=1200%2C836&ssl=1&resize=350%2C200","width":350,"height":200,"srcset":"https:\/\/i0.wp.com\/www.jazzzeitung.de\/cms\/wp-content\/uploads\/2021\/11\/weekend1-scaled-e1637159697323.jpg?fit=1200%2C836&ssl=1&resize=350%2C200 1x, https:\/\/i0.wp.com\/www.jazzzeitung.de\/cms\/wp-content\/uploads\/2021\/11\/weekend1-scaled-e1637159697323.jpg?fit=1200%2C836&ssl=1&resize=525%2C300 1.5x, https:\/\/i0.wp.com\/www.jazzzeitung.de\/cms\/wp-content\/uploads\/2021\/11\/weekend1-scaled-e1637159697323.jpg?fit=1200%2C836&ssl=1&resize=700%2C400 2x, https:\/\/i0.wp.com\/www.jazzzeitung.de\/cms\/wp-content\/uploads\/2021\/11\/weekend1-scaled-e1637159697323.jpg?fit=1200%2C836&ssl=1&resize=1050%2C600 3x"},"classes":[]},{"id":13176,"url":"https:\/\/www.jazzzeitung.de\/cms\/2017\/07\/auf-musikalischen-zehenspitzen-uni-jazzorchester-regensburg-mit-ack-van-rooyen\/","url_meta":{"origin":23962,"position":5},"title":"Auf musikalischen Zehenspitzen: Uni-Jazzorchester Regensburg mit Ack van Rooyen","author":"Redaktion JazzZeitung","date":"31. Juli 2017","format":false,"excerpt":"Wann wird ein K\u00fcnstler, ein Musiker zur \u201eLegende\u201c? Um die 80 Jahre herum ist ein Alter, wo diese einfallslose Floskel scheinbar ein Eigenleben zu entwickeln beginnt und auf jeden draufgepappt wird, der sich nicht dagegen wehrt. Demnach ist der niederl\u00e4ndische Trompeter Ack van Rooyen vermutlich eine \u201eSuperlegende\u201c, hat er doch\u2026","rel":"","context":"In &quot;Bericht&quot;","block_context":{"text":"Bericht","link":"https:\/\/www.jazzzeitung.de\/cms\/thema\/bericht\/"},"img":{"alt_text":"","src":"https:\/\/i0.wp.com\/www.jazzzeitung.de\/cms\/wp-content\/uploads\/2017\/07\/1.jpg?resize=350%2C200","width":350,"height":200},"classes":[]}],"jetpack_sharing_enabled":true,"_links":{"self":[{"href":"https:\/\/www.jazzzeitung.de\/cms\/wp-json\/wp\/v2\/posts\/23962","targetHints":{"allow":["GET"]}}],"collection":[{"href":"https:\/\/www.jazzzeitung.de\/cms\/wp-json\/wp\/v2\/posts"}],"about":[{"href":"https:\/\/www.jazzzeitung.de\/cms\/wp-json\/wp\/v2\/types\/post"}],"author":[{"embeddable":true,"href":"https:\/\/www.jazzzeitung.de\/cms\/wp-json\/wp\/v2\/users\/7"}],"replies":[{"embeddable":true,"href":"https:\/\/www.jazzzeitung.de\/cms\/wp-json\/wp\/v2\/comments?post=23962"}],"version-history":[{"count":5,"href":"https:\/\/www.jazzzeitung.de\/cms\/wp-json\/wp\/v2\/posts\/23962\/revisions"}],"predecessor-version":[{"id":23969,"href":"https:\/\/www.jazzzeitung.de\/cms\/wp-json\/wp\/v2\/posts\/23962\/revisions\/23969"}],"wp:featuredmedia":[{"embeddable":true,"href":"https:\/\/www.jazzzeitung.de\/cms\/wp-json\/wp\/v2\/media\/23966"}],"wp:attachment":[{"href":"https:\/\/www.jazzzeitung.de\/cms\/wp-json\/wp\/v2\/media?parent=23962"}],"wp:term":[{"taxonomy":"category","embeddable":true,"href":"https:\/\/www.jazzzeitung.de\/cms\/wp-json\/wp\/v2\/categories?post=23962"},{"taxonomy":"post_tag","embeddable":true,"href":"https:\/\/www.jazzzeitung.de\/cms\/wp-json\/wp\/v2\/tags?post=23962"},{"taxonomy":"author","embeddable":true,"href":"https:\/\/www.jazzzeitung.de\/cms\/wp-json\/wp\/v2\/coauthors?post=23962"}],"curies":[{"name":"wp","href":"https:\/\/api.w.org\/{rel}","templated":true}]}}