{"id":2393,"date":"2013-10-07T10:20:30","date_gmt":"2013-10-07T08:20:30","guid":{"rendered":"http:\/\/www.jazzzeitung.de\/cms\/?p=2393"},"modified":"2013-10-07T10:20:30","modified_gmt":"2013-10-07T08:20:30","slug":"impulsworkshop-graz-jazz-business-career-aspects-perspectives-jazz-21st-century","status":"publish","type":"post","link":"https:\/\/www.jazzzeitung.de\/cms\/2013\/10\/impulsworkshop-graz-jazz-business-career-aspects-perspectives-jazz-21st-century\/","title":{"rendered":"Impulsworkshop in Graz: Jazz business? &#8211; Career Aspects and Perspectives in Jazz in the 21st Century"},"content":{"rendered":"<p>18. \u2013 20. Oktober 2013 |Er\u00f6ffnung am 18. Oktober um 10:00 Uhr<br \/>\nWIST-Saal, Moserhofgasse 34, 8010 Graz.<\/p>\n<p><a href=\"https:\/\/i0.wp.com\/www.jazzzeitung.de\/cms\/wp-content\/uploads\/2013\/10\/jazzorchester_foto_kug_schauer.jpg\"><img data-recalc-dims=\"1\" loading=\"lazy\" decoding=\"async\" data-attachment-id=\"2394\" data-permalink=\"https:\/\/www.jazzzeitung.de\/cms\/2013\/10\/impulsworkshop-graz-jazz-business-career-aspects-perspectives-jazz-21st-century\/jazzorchester_foto_kug_schauer\/\" data-orig-file=\"https:\/\/i0.wp.com\/www.jazzzeitung.de\/cms\/wp-content\/uploads\/2013\/10\/jazzorchester_foto_kug_schauer.jpg?fit=3176%2C2260&amp;ssl=1\" data-orig-size=\"3176,2260\" data-comments-opened=\"1\" data-image-meta=\"{&quot;aperture&quot;:&quot;4.5&quot;,&quot;credit&quot;:&quot;&quot;,&quot;camera&quot;:&quot;Canon PowerShot G10&quot;,&quot;caption&quot;:&quot;&quot;,&quot;created_timestamp&quot;:&quot;1269368839&quot;,&quot;copyright&quot;:&quot;&quot;,&quot;focal_length&quot;:&quot;24.978&quot;,&quot;iso&quot;:&quot;400&quot;,&quot;shutter_speed&quot;:&quot;0.033333333333333&quot;,&quot;title&quot;:&quot;&quot;}\" data-image-title=\"jazzorchester_foto_kug_schauer\" data-image-description=\"\" data-image-caption=\"\" data-large-file=\"https:\/\/i0.wp.com\/www.jazzzeitung.de\/cms\/wp-content\/uploads\/2013\/10\/jazzorchester_foto_kug_schauer.jpg?fit=840%2C598&amp;ssl=1\" class=\"alignright size-thumbnail wp-image-2394\" alt=\"jazzorchester_foto_kug_schauer\" src=\"https:\/\/i0.wp.com\/www.jazzzeitung.de\/cms\/wp-content\/uploads\/2013\/10\/jazzorchester_foto_kug_schauer-150x150.jpg?resize=150%2C150\" width=\"150\" height=\"150\" srcset=\"https:\/\/i0.wp.com\/www.jazzzeitung.de\/cms\/wp-content\/uploads\/2013\/10\/jazzorchester_foto_kug_schauer.jpg?resize=150%2C150&amp;ssl=1 150w, https:\/\/i0.wp.com\/www.jazzzeitung.de\/cms\/wp-content\/uploads\/2013\/10\/jazzorchester_foto_kug_schauer.jpg?resize=96%2C96&amp;ssl=1 96w, https:\/\/i0.wp.com\/www.jazzzeitung.de\/cms\/wp-content\/uploads\/2013\/10\/jazzorchester_foto_kug_schauer.jpg?resize=24%2C24&amp;ssl=1 24w, https:\/\/i0.wp.com\/www.jazzzeitung.de\/cms\/wp-content\/uploads\/2013\/10\/jazzorchester_foto_kug_schauer.jpg?resize=36%2C36&amp;ssl=1 36w, https:\/\/i0.wp.com\/www.jazzzeitung.de\/cms\/wp-content\/uploads\/2013\/10\/jazzorchester_foto_kug_schauer.jpg?resize=48%2C48&amp;ssl=1 48w, https:\/\/i0.wp.com\/www.jazzzeitung.de\/cms\/wp-content\/uploads\/2013\/10\/jazzorchester_foto_kug_schauer.jpg?resize=64%2C64&amp;ssl=1 64w, https:\/\/i0.wp.com\/www.jazzzeitung.de\/cms\/wp-content\/uploads\/2013\/10\/jazzorchester_foto_kug_schauer.jpg?resize=32%2C32&amp;ssl=1 32w, https:\/\/i0.wp.com\/www.jazzzeitung.de\/cms\/wp-content\/uploads\/2013\/10\/jazzorchester_foto_kug_schauer.jpg?resize=128%2C128&amp;ssl=1 128w, https:\/\/i0.wp.com\/www.jazzzeitung.de\/cms\/wp-content\/uploads\/2013\/10\/jazzorchester_foto_kug_schauer.jpg?zoom=2&amp;resize=150%2C150&amp;ssl=1 300w, https:\/\/i0.wp.com\/www.jazzzeitung.de\/cms\/wp-content\/uploads\/2013\/10\/jazzorchester_foto_kug_schauer.jpg?zoom=3&amp;resize=150%2C150&amp;ssl=1 450w\" sizes=\"auto, (max-width: 150px) 100vw, 150px\" \/><\/a>Erstmalig pr\u00e4sentiert das Institut f\u00fcr Jazz der Kunstuniversit\u00e4t Graz\u00a0 (KUG)\u00a0 in Zusammenarbeit mit dem Career Service Center (CSC) der KUG einen dreit\u00e4gigen Impulsworkshop \u00fcber einen Themenkomplex, mit dem unsere Studierenden meist erst nach Beendigung ihrer universit\u00e4ren Ausbildung konfrontiert werden. Dabei sind FachexpertInnen aus Wirtschaft und Musikindustrie mit VeranstalterInnen, Orchestermanager\/innen und erfolgreichen Universit\u00e4tsabsolventInnen vereint, um sich ausgiebig den Themen \u201e(Selbst-)Vermarktung\u201c, \u201eIndividuelles k\u00fcnstlerisches Profil\u201c, \u201eReale Anforderungen des Berufsfeldes eines\/einer Jazzmusiker\/in\u201c sowie \u201eUrheberrecht\u201c u.v.a.m. zu widmen.<\/p>\n<p>Mit diesem Pilotprojekt von Vortr\u00e4gen und Workshops m\u00f6chten wir in erster Linie unserem Jazznachwuchs aber auch VertreterInnen der Branche eine Plattform schaffen, sich \u00fcber die Ver\u00e4nderungen am k\u00fcnstlerischen Arbeitsmarkt von renommierten Pers\u00f6nlichkeiten aus der Kunst- und Kulturszene informieren zu lassen.<\/p>\n<p>Begleitet wird diese dreit\u00e4gige Veranstaltung durch zwei vom Institut f\u00fcr Jazz kuratierte Konzertabende unter dem Titel <b>\u201eJazz @ KUG: Insights\u201c<\/b>, bei denen sich stellvertretend f\u00fcr die k\u00fcnstlerische Arbeit am Institut jeweils vier von Studierenden gef\u00fchrte Ensembles in halbst\u00fcndigen Kurzauftritten \u00f6ffentlich pr\u00e4sentieren werden.<\/p>\n<p>Die Veranstaltung richtet sich an Studierende und AbsolventInnen der Studienrichtung Jazz sowie an Fachpersonen und Interessierte.<\/p>\n","protected":false},"excerpt":{"rendered":"<p>18. \u2013 20. Oktober 2013 |Er\u00f6ffnung am 18. Oktober um 10:00 Uhr WIST-Saal, Moserhofgasse 34, 8010 Graz. Erstmalig pr\u00e4sentiert das Institut f\u00fcr Jazz der Kunstuniversit\u00e4t Graz\u00a0 (KUG)\u00a0 in Zusammenarbeit mit dem Career Service Center (CSC) der KUG einen dreit\u00e4gigen Impulsworkshop \u00fcber einen Themenkomplex, mit dem unsere Studierenden meist erst nach Beendigung ihrer universit\u00e4ren Ausbildung konfrontiert werden. Dabei sind FachexpertInnen aus Wirtschaft und Musikindustrie mit VeranstalterInnen, Orchestermanager\/innen und erfolgreichen Universit\u00e4tsabsolventInnen vereint, um sich ausgiebig den Themen \u201e(Selbst-)Vermarktung\u201c, \u201eIndividuelles k\u00fcnstlerisches Profil\u201c, \u201eReale Anforderungen des Berufsfeldes eines\/einer Jazzmusiker\/in\u201c sowie \u201eUrheberrecht\u201c u.v.a.m. zu widmen. Mit diesem Pilotprojekt von Vortr\u00e4gen und Workshops m\u00f6chten wir in erster Linie unserem Jazznachwuchs aber auch VertreterInnen der Branche eine Plattform schaffen, sich \u00fcber die Ver\u00e4nderungen am k\u00fcnstlerischen Arbeitsmarkt von renommierten Pers\u00f6nlichkeiten aus der Kunst- und Kulturszene informieren zu lassen. Begleitet wird diese dreit\u00e4gige Veranstaltung durch zwei vom Institut f\u00fcr Jazz kuratierte Konzertabende unter dem Titel \u201eJazz @ KUG: Insights\u201c, bei denen sich stellvertretend f\u00fcr die k\u00fcnstlerische Arbeit am Institut jeweils vier von Studierenden gef\u00fchrte Ensembles in halbst\u00fcndigen Kurzauftritten \u00f6ffentlich pr\u00e4sentieren werden. Die Veranstaltung richtet sich an Studierende und AbsolventInnen der Studienrichtung Jazz sowie an &hellip;<\/p>\n","protected":false},"author":18,"featured_media":0,"comment_status":"open","ping_status":"open","sticky":false,"template":"","format":"standard","meta":{"_jetpack_memberships_contains_paid_content":false,"footnotes":"","jetpack_publicize_message":"","jetpack_publicize_feature_enabled":true,"jetpack_social_post_already_shared":false,"jetpack_social_options":{"image_generator_settings":{"template":"highway","default_image_id":0,"font":"","enabled":false},"version":2}},"categories":[633],"tags":[404],"coauthors":[695],"class_list":["post-2393","post","type-post","status-publish","format-standard","hentry","category-nachrichten","tag-musikindustrie"],"yoast_head":"<!-- This site is optimized with the Yoast SEO plugin v27.5 - https:\/\/yoast.com\/product\/yoast-seo-wordpress\/ -->\n<title>Impulsworkshop in Graz: Jazz business? - Career Aspects and Perspectives in Jazz in the 21st Century - JazzZeitung<\/title>\n<meta name=\"robots\" content=\"index, follow, max-snippet:-1, max-image-preview:large, max-video-preview:-1\" \/>\n<link rel=\"canonical\" href=\"https:\/\/www.jazzzeitung.de\/cms\/2013\/10\/impulsworkshop-graz-jazz-business-career-aspects-perspectives-jazz-21st-century\/\" \/>\n<meta property=\"og:locale\" content=\"de_DE\" \/>\n<meta property=\"og:type\" content=\"article\" \/>\n<meta property=\"og:title\" content=\"Impulsworkshop in Graz: Jazz business? - Career Aspects and Perspectives in Jazz in the 21st Century - JazzZeitung\" \/>\n<meta property=\"og:description\" content=\"18. \u2013 20. Oktober 2013 |Er\u00f6ffnung am 18. Oktober um 10:00 Uhr WIST-Saal, Moserhofgasse 34, 8010 Graz. Erstmalig pr\u00e4sentiert das Institut f\u00fcr Jazz der Kunstuniversit\u00e4t Graz\u00a0 (KUG)\u00a0 in Zusammenarbeit mit dem Career Service Center (CSC) der KUG einen dreit\u00e4gigen Impulsworkshop \u00fcber einen Themenkomplex, mit dem unsere Studierenden meist erst nach Beendigung ihrer universit\u00e4ren Ausbildung konfrontiert werden. Dabei sind FachexpertInnen aus Wirtschaft und Musikindustrie mit VeranstalterInnen, Orchestermanager\/innen und erfolgreichen Universit\u00e4tsabsolventInnen vereint, um sich ausgiebig den Themen \u201e(Selbst-)Vermarktung\u201c, \u201eIndividuelles k\u00fcnstlerisches Profil\u201c, \u201eReale Anforderungen des Berufsfeldes eines\/einer Jazzmusiker\/in\u201c sowie \u201eUrheberrecht\u201c u.v.a.m. zu widmen. Mit diesem Pilotprojekt von Vortr\u00e4gen und Workshops m\u00f6chten wir in erster Linie unserem Jazznachwuchs aber auch VertreterInnen der Branche eine Plattform schaffen, sich \u00fcber die Ver\u00e4nderungen am k\u00fcnstlerischen Arbeitsmarkt von renommierten Pers\u00f6nlichkeiten aus der Kunst- und Kulturszene informieren zu lassen. Begleitet wird diese dreit\u00e4gige Veranstaltung durch zwei vom Institut f\u00fcr Jazz kuratierte Konzertabende unter dem Titel \u201eJazz @ KUG: Insights\u201c, bei denen sich stellvertretend f\u00fcr die k\u00fcnstlerische Arbeit am Institut jeweils vier von Studierenden gef\u00fchrte Ensembles in halbst\u00fcndigen Kurzauftritten \u00f6ffentlich pr\u00e4sentieren werden. Die Veranstaltung richtet sich an Studierende und AbsolventInnen der Studienrichtung Jazz sowie an &hellip;\" \/>\n<meta property=\"og:url\" content=\"https:\/\/www.jazzzeitung.de\/cms\/2013\/10\/impulsworkshop-graz-jazz-business-career-aspects-perspectives-jazz-21st-century\/\" \/>\n<meta property=\"og:site_name\" content=\"JazzZeitung\" \/>\n<meta property=\"article:publisher\" content=\"https:\/\/www.facebook.com\/JazzZeitung\/\" \/>\n<meta property=\"article:published_time\" content=\"2013-10-07T08:20:30+00:00\" \/>\n<meta property=\"og:image\" content=\"http:\/\/www.jazzzeitung.de\/cms\/wp-content\/uploads\/2013\/10\/jazzorchester_foto_kug_schauer-150x150.jpg\" \/>\n<meta name=\"author\" content=\"Redaktion JazzZeitung\" \/>\n<script type=\"application\/ld+json\" class=\"yoast-schema-graph\">{\"@context\":\"https:\\\/\\\/schema.org\",\"@graph\":[{\"@type\":\"Article\",\"@id\":\"https:\\\/\\\/www.jazzzeitung.de\\\/cms\\\/2013\\\/10\\\/impulsworkshop-graz-jazz-business-career-aspects-perspectives-jazz-21st-century\\\/#article\",\"isPartOf\":{\"@id\":\"https:\\\/\\\/www.jazzzeitung.de\\\/cms\\\/2013\\\/10\\\/impulsworkshop-graz-jazz-business-career-aspects-perspectives-jazz-21st-century\\\/\"},\"author\":{\"name\":\"Redaktion JazzZeitung\",\"@id\":\"https:\\\/\\\/www.jazzzeitung.de\\\/cms\\\/#\\\/schema\\\/person\\\/2245b36b9cd1d24cea10f01c031fb92b\"},\"headline\":\"Impulsworkshop in Graz: Jazz business? &#8211; Career Aspects and Perspectives in Jazz in the 21st Century\",\"datePublished\":\"2013-10-07T08:20:30+00:00\",\"mainEntityOfPage\":{\"@id\":\"https:\\\/\\\/www.jazzzeitung.de\\\/cms\\\/2013\\\/10\\\/impulsworkshop-graz-jazz-business-career-aspects-perspectives-jazz-21st-century\\\/\"},\"wordCount\":222,\"commentCount\":0,\"publisher\":{\"@id\":\"https:\\\/\\\/www.jazzzeitung.de\\\/cms\\\/#organization\"},\"image\":{\"@id\":\"https:\\\/\\\/www.jazzzeitung.de\\\/cms\\\/2013\\\/10\\\/impulsworkshop-graz-jazz-business-career-aspects-perspectives-jazz-21st-century\\\/#primaryimage\"},\"thumbnailUrl\":\"http:\\\/\\\/www.jazzzeitung.de\\\/cms\\\/wp-content\\\/uploads\\\/2013\\\/10\\\/jazzorchester_foto_kug_schauer-150x150.jpg\",\"keywords\":[\"Musikindustrie\"],\"articleSection\":[\"News\"],\"inLanguage\":\"de\",\"potentialAction\":[{\"@type\":\"CommentAction\",\"name\":\"Comment\",\"target\":[\"https:\\\/\\\/www.jazzzeitung.de\\\/cms\\\/2013\\\/10\\\/impulsworkshop-graz-jazz-business-career-aspects-perspectives-jazz-21st-century\\\/#respond\"]}]},{\"@type\":\"WebPage\",\"@id\":\"https:\\\/\\\/www.jazzzeitung.de\\\/cms\\\/2013\\\/10\\\/impulsworkshop-graz-jazz-business-career-aspects-perspectives-jazz-21st-century\\\/\",\"url\":\"https:\\\/\\\/www.jazzzeitung.de\\\/cms\\\/2013\\\/10\\\/impulsworkshop-graz-jazz-business-career-aspects-perspectives-jazz-21st-century\\\/\",\"name\":\"Impulsworkshop in Graz: Jazz business? - Career Aspects and Perspectives in Jazz in the 21st Century - JazzZeitung\",\"isPartOf\":{\"@id\":\"https:\\\/\\\/www.jazzzeitung.de\\\/cms\\\/#website\"},\"primaryImageOfPage\":{\"@id\":\"https:\\\/\\\/www.jazzzeitung.de\\\/cms\\\/2013\\\/10\\\/impulsworkshop-graz-jazz-business-career-aspects-perspectives-jazz-21st-century\\\/#primaryimage\"},\"image\":{\"@id\":\"https:\\\/\\\/www.jazzzeitung.de\\\/cms\\\/2013\\\/10\\\/impulsworkshop-graz-jazz-business-career-aspects-perspectives-jazz-21st-century\\\/#primaryimage\"},\"thumbnailUrl\":\"http:\\\/\\\/www.jazzzeitung.de\\\/cms\\\/wp-content\\\/uploads\\\/2013\\\/10\\\/jazzorchester_foto_kug_schauer-150x150.jpg\",\"datePublished\":\"2013-10-07T08:20:30+00:00\",\"breadcrumb\":{\"@id\":\"https:\\\/\\\/www.jazzzeitung.de\\\/cms\\\/2013\\\/10\\\/impulsworkshop-graz-jazz-business-career-aspects-perspectives-jazz-21st-century\\\/#breadcrumb\"},\"inLanguage\":\"de\",\"potentialAction\":[{\"@type\":\"ReadAction\",\"target\":[\"https:\\\/\\\/www.jazzzeitung.de\\\/cms\\\/2013\\\/10\\\/impulsworkshop-graz-jazz-business-career-aspects-perspectives-jazz-21st-century\\\/\"]}]},{\"@type\":\"ImageObject\",\"inLanguage\":\"de\",\"@id\":\"https:\\\/\\\/www.jazzzeitung.de\\\/cms\\\/2013\\\/10\\\/impulsworkshop-graz-jazz-business-career-aspects-perspectives-jazz-21st-century\\\/#primaryimage\",\"url\":\"http:\\\/\\\/www.jazzzeitung.de\\\/cms\\\/wp-content\\\/uploads\\\/2013\\\/10\\\/jazzorchester_foto_kug_schauer-150x150.jpg\",\"contentUrl\":\"http:\\\/\\\/www.jazzzeitung.de\\\/cms\\\/wp-content\\\/uploads\\\/2013\\\/10\\\/jazzorchester_foto_kug_schauer-150x150.jpg\"},{\"@type\":\"BreadcrumbList\",\"@id\":\"https:\\\/\\\/www.jazzzeitung.de\\\/cms\\\/2013\\\/10\\\/impulsworkshop-graz-jazz-business-career-aspects-perspectives-jazz-21st-century\\\/#breadcrumb\",\"itemListElement\":[{\"@type\":\"ListItem\",\"position\":1,\"name\":\"Startseite\",\"item\":\"https:\\\/\\\/www.jazzzeitung.de\\\/cms\\\/\"},{\"@type\":\"ListItem\",\"position\":2,\"name\":\"Impulsworkshop in Graz: Jazz business? &#8211; Career Aspects and Perspectives in Jazz in the 21st Century\"}]},{\"@type\":\"WebSite\",\"@id\":\"https:\\\/\\\/www.jazzzeitung.de\\\/cms\\\/#website\",\"url\":\"https:\\\/\\\/www.jazzzeitung.de\\\/cms\\\/\",\"name\":\"JazzZeitung\",\"description\":\"Jazz-News und Jazz-Kontroverses\",\"publisher\":{\"@id\":\"https:\\\/\\\/www.jazzzeitung.de\\\/cms\\\/#organization\"},\"potentialAction\":[{\"@type\":\"SearchAction\",\"target\":{\"@type\":\"EntryPoint\",\"urlTemplate\":\"https:\\\/\\\/www.jazzzeitung.de\\\/cms\\\/?s={search_term_string}\"},\"query-input\":{\"@type\":\"PropertyValueSpecification\",\"valueRequired\":true,\"valueName\":\"search_term_string\"}}],\"inLanguage\":\"de\"},{\"@type\":\"Organization\",\"@id\":\"https:\\\/\\\/www.jazzzeitung.de\\\/cms\\\/#organization\",\"name\":\"JazzZeitung online\",\"url\":\"https:\\\/\\\/www.jazzzeitung.de\\\/cms\\\/\",\"logo\":{\"@type\":\"ImageObject\",\"inLanguage\":\"de\",\"@id\":\"https:\\\/\\\/www.jazzzeitung.de\\\/cms\\\/#\\\/schema\\\/logo\\\/image\\\/\",\"url\":\"https:\\\/\\\/i0.wp.com\\\/www.jazzzeitung.de\\\/cms\\\/wp-content\\\/uploads\\\/2015\\\/08\\\/JAZZZEITUNGDE_Logo_Neu.png?fit=499%2C200&ssl=1\",\"contentUrl\":\"https:\\\/\\\/i0.wp.com\\\/www.jazzzeitung.de\\\/cms\\\/wp-content\\\/uploads\\\/2015\\\/08\\\/JAZZZEITUNGDE_Logo_Neu.png?fit=499%2C200&ssl=1\",\"width\":499,\"height\":200,\"caption\":\"JazzZeitung online\"},\"image\":{\"@id\":\"https:\\\/\\\/www.jazzzeitung.de\\\/cms\\\/#\\\/schema\\\/logo\\\/image\\\/\"},\"sameAs\":[\"https:\\\/\\\/www.facebook.com\\\/JazzZeitung\\\/\"]},{\"@type\":\"Person\",\"@id\":\"https:\\\/\\\/www.jazzzeitung.de\\\/cms\\\/#\\\/schema\\\/person\\\/2245b36b9cd1d24cea10f01c031fb92b\",\"name\":\"Redaktion JazzZeitung\",\"image\":{\"@type\":\"ImageObject\",\"inLanguage\":\"de\",\"@id\":\"https:\\\/\\\/i0.wp.com\\\/www.jazzzeitung.de\\\/cms\\\/wp-content\\\/uploads\\\/2015\\\/08\\\/JAZZZEITUNGDE_Logo_Neu.png?resize=96%2C96&ssl=159975dcacb611b5700bd619b5daf0a7a\",\"url\":\"https:\\\/\\\/i0.wp.com\\\/www.jazzzeitung.de\\\/cms\\\/wp-content\\\/uploads\\\/2015\\\/08\\\/JAZZZEITUNGDE_Logo_Neu.png?resize=96%2C96&ssl=1\",\"contentUrl\":\"https:\\\/\\\/i0.wp.com\\\/www.jazzzeitung.de\\\/cms\\\/wp-content\\\/uploads\\\/2015\\\/08\\\/JAZZZEITUNGDE_Logo_Neu.png?resize=96%2C96&ssl=1\",\"caption\":\"Redaktion JazzZeitung\"},\"description\":\"Artikel der Redaktion der JazzZeitung.\",\"sameAs\":[\"http:\\\/\\\/www.jazzzeitung.de\\\/cms\\\/\"],\"url\":\"https:\\\/\\\/www.jazzzeitung.de\\\/cms\\\/author\\\/redaktion\\\/\"}]}<\/script>\n<!-- \/ Yoast SEO plugin. -->","yoast_head_json":{"title":"Impulsworkshop in Graz: Jazz business? - Career Aspects and Perspectives in Jazz in the 21st Century - JazzZeitung","robots":{"index":"index","follow":"follow","max-snippet":"max-snippet:-1","max-image-preview":"max-image-preview:large","max-video-preview":"max-video-preview:-1"},"canonical":"https:\/\/www.jazzzeitung.de\/cms\/2013\/10\/impulsworkshop-graz-jazz-business-career-aspects-perspectives-jazz-21st-century\/","og_locale":"de_DE","og_type":"article","og_title":"Impulsworkshop in Graz: Jazz business? - Career Aspects and Perspectives in Jazz in the 21st Century - JazzZeitung","og_description":"18. \u2013 20. Oktober 2013 |Er\u00f6ffnung am 18. Oktober um 10:00 Uhr WIST-Saal, Moserhofgasse 34, 8010 Graz. Erstmalig pr\u00e4sentiert das Institut f\u00fcr Jazz der Kunstuniversit\u00e4t Graz\u00a0 (KUG)\u00a0 in Zusammenarbeit mit dem Career Service Center (CSC) der KUG einen dreit\u00e4gigen Impulsworkshop \u00fcber einen Themenkomplex, mit dem unsere Studierenden meist erst nach Beendigung ihrer universit\u00e4ren Ausbildung konfrontiert werden. Dabei sind FachexpertInnen aus Wirtschaft und Musikindustrie mit VeranstalterInnen, Orchestermanager\/innen und erfolgreichen Universit\u00e4tsabsolventInnen vereint, um sich ausgiebig den Themen \u201e(Selbst-)Vermarktung\u201c, \u201eIndividuelles k\u00fcnstlerisches Profil\u201c, \u201eReale Anforderungen des Berufsfeldes eines\/einer Jazzmusiker\/in\u201c sowie \u201eUrheberrecht\u201c u.v.a.m. zu widmen. Mit diesem Pilotprojekt von Vortr\u00e4gen und Workshops m\u00f6chten wir in erster Linie unserem Jazznachwuchs aber auch VertreterInnen der Branche eine Plattform schaffen, sich \u00fcber die Ver\u00e4nderungen am k\u00fcnstlerischen Arbeitsmarkt von renommierten Pers\u00f6nlichkeiten aus der Kunst- und Kulturszene informieren zu lassen. Begleitet wird diese dreit\u00e4gige Veranstaltung durch zwei vom Institut f\u00fcr Jazz kuratierte Konzertabende unter dem Titel \u201eJazz @ KUG: Insights\u201c, bei denen sich stellvertretend f\u00fcr die k\u00fcnstlerische Arbeit am Institut jeweils vier von Studierenden gef\u00fchrte Ensembles in halbst\u00fcndigen Kurzauftritten \u00f6ffentlich pr\u00e4sentieren werden. Die Veranstaltung richtet sich an Studierende und AbsolventInnen der Studienrichtung Jazz sowie an &hellip;","og_url":"https:\/\/www.jazzzeitung.de\/cms\/2013\/10\/impulsworkshop-graz-jazz-business-career-aspects-perspectives-jazz-21st-century\/","og_site_name":"JazzZeitung","article_publisher":"https:\/\/www.facebook.com\/JazzZeitung\/","article_published_time":"2013-10-07T08:20:30+00:00","og_image":[{"url":"http:\/\/www.jazzzeitung.de\/cms\/wp-content\/uploads\/2013\/10\/jazzorchester_foto_kug_schauer-150x150.jpg","type":"","width":"","height":""}],"author":"Redaktion JazzZeitung","schema":{"@context":"https:\/\/schema.org","@graph":[{"@type":"Article","@id":"https:\/\/www.jazzzeitung.de\/cms\/2013\/10\/impulsworkshop-graz-jazz-business-career-aspects-perspectives-jazz-21st-century\/#article","isPartOf":{"@id":"https:\/\/www.jazzzeitung.de\/cms\/2013\/10\/impulsworkshop-graz-jazz-business-career-aspects-perspectives-jazz-21st-century\/"},"author":{"name":"Redaktion JazzZeitung","@id":"https:\/\/www.jazzzeitung.de\/cms\/#\/schema\/person\/2245b36b9cd1d24cea10f01c031fb92b"},"headline":"Impulsworkshop in Graz: Jazz business? &#8211; Career Aspects and Perspectives in Jazz in the 21st Century","datePublished":"2013-10-07T08:20:30+00:00","mainEntityOfPage":{"@id":"https:\/\/www.jazzzeitung.de\/cms\/2013\/10\/impulsworkshop-graz-jazz-business-career-aspects-perspectives-jazz-21st-century\/"},"wordCount":222,"commentCount":0,"publisher":{"@id":"https:\/\/www.jazzzeitung.de\/cms\/#organization"},"image":{"@id":"https:\/\/www.jazzzeitung.de\/cms\/2013\/10\/impulsworkshop-graz-jazz-business-career-aspects-perspectives-jazz-21st-century\/#primaryimage"},"thumbnailUrl":"http:\/\/www.jazzzeitung.de\/cms\/wp-content\/uploads\/2013\/10\/jazzorchester_foto_kug_schauer-150x150.jpg","keywords":["Musikindustrie"],"articleSection":["News"],"inLanguage":"de","potentialAction":[{"@type":"CommentAction","name":"Comment","target":["https:\/\/www.jazzzeitung.de\/cms\/2013\/10\/impulsworkshop-graz-jazz-business-career-aspects-perspectives-jazz-21st-century\/#respond"]}]},{"@type":"WebPage","@id":"https:\/\/www.jazzzeitung.de\/cms\/2013\/10\/impulsworkshop-graz-jazz-business-career-aspects-perspectives-jazz-21st-century\/","url":"https:\/\/www.jazzzeitung.de\/cms\/2013\/10\/impulsworkshop-graz-jazz-business-career-aspects-perspectives-jazz-21st-century\/","name":"Impulsworkshop in Graz: Jazz business? - Career Aspects and Perspectives in Jazz in the 21st Century - JazzZeitung","isPartOf":{"@id":"https:\/\/www.jazzzeitung.de\/cms\/#website"},"primaryImageOfPage":{"@id":"https:\/\/www.jazzzeitung.de\/cms\/2013\/10\/impulsworkshop-graz-jazz-business-career-aspects-perspectives-jazz-21st-century\/#primaryimage"},"image":{"@id":"https:\/\/www.jazzzeitung.de\/cms\/2013\/10\/impulsworkshop-graz-jazz-business-career-aspects-perspectives-jazz-21st-century\/#primaryimage"},"thumbnailUrl":"http:\/\/www.jazzzeitung.de\/cms\/wp-content\/uploads\/2013\/10\/jazzorchester_foto_kug_schauer-150x150.jpg","datePublished":"2013-10-07T08:20:30+00:00","breadcrumb":{"@id":"https:\/\/www.jazzzeitung.de\/cms\/2013\/10\/impulsworkshop-graz-jazz-business-career-aspects-perspectives-jazz-21st-century\/#breadcrumb"},"inLanguage":"de","potentialAction":[{"@type":"ReadAction","target":["https:\/\/www.jazzzeitung.de\/cms\/2013\/10\/impulsworkshop-graz-jazz-business-career-aspects-perspectives-jazz-21st-century\/"]}]},{"@type":"ImageObject","inLanguage":"de","@id":"https:\/\/www.jazzzeitung.de\/cms\/2013\/10\/impulsworkshop-graz-jazz-business-career-aspects-perspectives-jazz-21st-century\/#primaryimage","url":"http:\/\/www.jazzzeitung.de\/cms\/wp-content\/uploads\/2013\/10\/jazzorchester_foto_kug_schauer-150x150.jpg","contentUrl":"http:\/\/www.jazzzeitung.de\/cms\/wp-content\/uploads\/2013\/10\/jazzorchester_foto_kug_schauer-150x150.jpg"},{"@type":"BreadcrumbList","@id":"https:\/\/www.jazzzeitung.de\/cms\/2013\/10\/impulsworkshop-graz-jazz-business-career-aspects-perspectives-jazz-21st-century\/#breadcrumb","itemListElement":[{"@type":"ListItem","position":1,"name":"Startseite","item":"https:\/\/www.jazzzeitung.de\/cms\/"},{"@type":"ListItem","position":2,"name":"Impulsworkshop in Graz: Jazz business? &#8211; Career Aspects and Perspectives in Jazz in the 21st Century"}]},{"@type":"WebSite","@id":"https:\/\/www.jazzzeitung.de\/cms\/#website","url":"https:\/\/www.jazzzeitung.de\/cms\/","name":"JazzZeitung","description":"Jazz-News und Jazz-Kontroverses","publisher":{"@id":"https:\/\/www.jazzzeitung.de\/cms\/#organization"},"potentialAction":[{"@type":"SearchAction","target":{"@type":"EntryPoint","urlTemplate":"https:\/\/www.jazzzeitung.de\/cms\/?s={search_term_string}"},"query-input":{"@type":"PropertyValueSpecification","valueRequired":true,"valueName":"search_term_string"}}],"inLanguage":"de"},{"@type":"Organization","@id":"https:\/\/www.jazzzeitung.de\/cms\/#organization","name":"JazzZeitung online","url":"https:\/\/www.jazzzeitung.de\/cms\/","logo":{"@type":"ImageObject","inLanguage":"de","@id":"https:\/\/www.jazzzeitung.de\/cms\/#\/schema\/logo\/image\/","url":"https:\/\/i0.wp.com\/www.jazzzeitung.de\/cms\/wp-content\/uploads\/2015\/08\/JAZZZEITUNGDE_Logo_Neu.png?fit=499%2C200&ssl=1","contentUrl":"https:\/\/i0.wp.com\/www.jazzzeitung.de\/cms\/wp-content\/uploads\/2015\/08\/JAZZZEITUNGDE_Logo_Neu.png?fit=499%2C200&ssl=1","width":499,"height":200,"caption":"JazzZeitung online"},"image":{"@id":"https:\/\/www.jazzzeitung.de\/cms\/#\/schema\/logo\/image\/"},"sameAs":["https:\/\/www.facebook.com\/JazzZeitung\/"]},{"@type":"Person","@id":"https:\/\/www.jazzzeitung.de\/cms\/#\/schema\/person\/2245b36b9cd1d24cea10f01c031fb92b","name":"Redaktion JazzZeitung","image":{"@type":"ImageObject","inLanguage":"de","@id":"https:\/\/i0.wp.com\/www.jazzzeitung.de\/cms\/wp-content\/uploads\/2015\/08\/JAZZZEITUNGDE_Logo_Neu.png?resize=96%2C96&ssl=159975dcacb611b5700bd619b5daf0a7a","url":"https:\/\/i0.wp.com\/www.jazzzeitung.de\/cms\/wp-content\/uploads\/2015\/08\/JAZZZEITUNGDE_Logo_Neu.png?resize=96%2C96&ssl=1","contentUrl":"https:\/\/i0.wp.com\/www.jazzzeitung.de\/cms\/wp-content\/uploads\/2015\/08\/JAZZZEITUNGDE_Logo_Neu.png?resize=96%2C96&ssl=1","caption":"Redaktion JazzZeitung"},"description":"Artikel der Redaktion der JazzZeitung.","sameAs":["http:\/\/www.jazzzeitung.de\/cms\/"],"url":"https:\/\/www.jazzzeitung.de\/cms\/author\/redaktion\/"}]}},"wp-worthy-pixel":{"ignored":false,"public":null,"server":null,"url":null},"wp-worthy-type":"normal","jetpack_publicize_connections":[],"cc_featured_image_caption":{"caption_text":false,"source_text":false,"source_url":false},"jetpack_featured_media_url":"","jetpack_shortlink":"https:\/\/wp.me\/p3KEcT-CB","jetpack-related-posts":[{"id":8329,"url":"https:\/\/www.jazzzeitung.de\/cms\/2016\/02\/news-aus-graz-neue-kooperation-kug-jazz-live-orpheum\/","url_meta":{"origin":2393,"position":0},"title":"News aus Graz: neue Kooperation: KUG Jazz live! @ ORPHEUM","author":"Redaktion JazzZeitung","date":"4. Februar 2016","format":false,"excerpt":"Bei einem gemeinsamen Pressetermin am Mittwoch, 03. Februar pr\u00e4sentierten Grazer Spielst\u00e4tten und die Kunstuniversit\u00e4t Graz ihre Kooperation im Bereich Jazz. Mit dem Orpheum Extra wurde daf\u00fcr bereits der k\u00fcnftige Schauplatz der Reihe gew\u00e4hlt, das KUG composers ensemble gab eine musikalische Kostprobe \u2013 so klingt KUG Jazz live! @ ORPHEUM. Das\u2026","rel":"","context":"In &quot;Redaktionelle Nachrichten&quot;","block_context":{"text":"Redaktionelle Nachrichten","link":"https:\/\/www.jazzzeitung.de\/cms\/thema\/redaktion\/"},"img":{"alt_text":"peter_bernstein_669","src":"https:\/\/i0.wp.com\/www.jazzzeitung.de\/cms\/wp-content\/uploads\/2016\/02\/peter_bernstein_669-150x150.jpg?resize=350%2C200","width":350,"height":200},"classes":[]},{"id":6045,"url":"https:\/\/www.jazzzeitung.de\/cms\/2015\/04\/breaking-news-kug-jazz-night-graz-martin-schmitt-muenchen-xjazz-festival-berlin\/","url_meta":{"origin":2393,"position":1},"title":"Breaking News +++ KUG Jazz Night in Graz +++ Martin Schmitt in Oberthulba +++ XJAZZ Festival in Berlin","author":"Redaktion JazzZeitung","date":"30. April 2015","format":"gallery","excerpt":"KUG Jazz Night \u2013 50 Jahre Institut Jazz mit Sheila Jordan Sein 50-j\u00e4hriges Jubil\u00e4um begeht das Institut Jazz der Universit\u00e4t f\u00fcr Musik und darstellende Kunst Graz mit mehr als einem Dutzend prominent besetzter Konzertereignisse im In- und Ausland. In diesem Rahmen werden auch mehrere K\u00fcnstler\/-innen zu erleben sein, die f\u00fcr\u2026","rel":"","context":"In &quot;News&quot;","block_context":{"text":"News","link":"https:\/\/www.jazzzeitung.de\/cms\/thema\/nachrichten\/"},"img":{"alt_text":"Sheila Jordan 2015 Foto: Mark Sheldon","src":"https:\/\/i0.wp.com\/www.jazzzeitung.de\/cms\/wp-content\/uploads\/2015\/04\/Sheila-Jordan_copyright-2015-Mark-Sheldon-3-150x150.jpg?resize=350%2C200","width":350,"height":200},"classes":[]},{"id":19127,"url":"https:\/\/www.jazzzeitung.de\/cms\/2019\/04\/weltgroesste-jazzforschungskonferenz-an-der-kug\/","url_meta":{"origin":2393,"position":2},"title":"Internationale Rhythm Changes Konferenz an der Kunstuniversit\u00e4t Graz","author":"Redaktion JazzZeitung","date":"8. April 2019","format":false,"excerpt":"An der Kunstuniversit\u00e4t Graz (KUG) findet von 11. bis 14. April 2019 nach Angaben der Veranstalter \"die weltweit gr\u00f6\u00dfte Jazzforschungskonferenz\" statt: die \"6. Internationale Rhythm Changes Konferenz\". Forscher\/-innen aus unterschiedlichen Disziplinen und \u00fcber 30 L\u00e4ndern diskutieren vier Tage lang \u00fcber \u201eJazz Journeys\". Dabei geht es um das Reisen in andere\u2026","rel":"","context":"In &quot;News&quot;","block_context":{"text":"News","link":"https:\/\/www.jazzzeitung.de\/cms\/thema\/nachrichten\/"},"img":{"alt_text":"","src":"https:\/\/i0.wp.com\/www.jazzzeitung.de\/cms\/wp-content\/uploads\/2019\/04\/246_kug_jazznight_14_1_2016_%C2%A9_johannes_gellner.jpg?fit=1200%2C783&ssl=1&resize=350%2C200","width":350,"height":200,"srcset":"https:\/\/i0.wp.com\/www.jazzzeitung.de\/cms\/wp-content\/uploads\/2019\/04\/246_kug_jazznight_14_1_2016_%C2%A9_johannes_gellner.jpg?fit=1200%2C783&ssl=1&resize=350%2C200 1x, https:\/\/i0.wp.com\/www.jazzzeitung.de\/cms\/wp-content\/uploads\/2019\/04\/246_kug_jazznight_14_1_2016_%C2%A9_johannes_gellner.jpg?fit=1200%2C783&ssl=1&resize=525%2C300 1.5x, https:\/\/i0.wp.com\/www.jazzzeitung.de\/cms\/wp-content\/uploads\/2019\/04\/246_kug_jazznight_14_1_2016_%C2%A9_johannes_gellner.jpg?fit=1200%2C783&ssl=1&resize=700%2C400 2x, https:\/\/i0.wp.com\/www.jazzzeitung.de\/cms\/wp-content\/uploads\/2019\/04\/246_kug_jazznight_14_1_2016_%C2%A9_johannes_gellner.jpg?fit=1200%2C783&ssl=1&resize=1050%2C600 3x"},"classes":[]},{"id":18933,"url":"https:\/\/www.jazzzeitung.de\/cms\/2019\/03\/news-joy-life-love-in-graz-sheila-jordan-mit-studierenden-der-kunstuniversitaet-10-jubilaeum-fuer-zettbe-das-magazin-nun-neu-40-internationales-jazzfestival-saalfelden\/","url_meta":{"origin":2393,"position":3},"title":"+++ News: +++ \u201eJoy \u2013 Life \u2013 Love\u201c in Graz: Sheila Jordan mit Studierenden der Kunstuniversit\u00e4t +++ 10. Jubil\u00e4um f\u00fcr Zettbe, das Magazin nun: \u201eNeu\u201c +++ 40. Internationales Jazzfestival Saalfelden +++","author":"Redaktion JazzZeitung","date":"14. M\u00e4rz 2019","format":false,"excerpt":"Artist in Residence: Joy \u2013 Life \u2013 Love an der KUG mit Sheila Jordan in Graz Erneut begr\u00fc\u00dft das Institut f\u00fcr Jazz der Kunstuniversit\u00e4t das KUG-Ehrenmitglied Sheila Jordan als Artist in Residence in Graz. Neben ihren Workshops mit den KUG-Studentinnen und Studenten ist die amerikanische Jazzgr\u00f6\u00dfe am 25. M\u00e4rz Sheila\u2026","rel":"","context":"In &quot;News&quot;","block_context":{"text":"News","link":"https:\/\/www.jazzzeitung.de\/cms\/thema\/nachrichten\/"},"img":{"alt_text":"","src":"https:\/\/i0.wp.com\/www.jazzzeitung.de\/cms\/wp-content\/uploads\/2019\/03\/BeitragsbildKUGJazz_SheilaJordan_JohannesGellner.jpg?fit=1200%2C800&ssl=1&resize=350%2C200","width":350,"height":200,"srcset":"https:\/\/i0.wp.com\/www.jazzzeitung.de\/cms\/wp-content\/uploads\/2019\/03\/BeitragsbildKUGJazz_SheilaJordan_JohannesGellner.jpg?fit=1200%2C800&ssl=1&resize=350%2C200 1x, https:\/\/i0.wp.com\/www.jazzzeitung.de\/cms\/wp-content\/uploads\/2019\/03\/BeitragsbildKUGJazz_SheilaJordan_JohannesGellner.jpg?fit=1200%2C800&ssl=1&resize=525%2C300 1.5x, https:\/\/i0.wp.com\/www.jazzzeitung.de\/cms\/wp-content\/uploads\/2019\/03\/BeitragsbildKUGJazz_SheilaJordan_JohannesGellner.jpg?fit=1200%2C800&ssl=1&resize=700%2C400 2x, https:\/\/i0.wp.com\/www.jazzzeitung.de\/cms\/wp-content\/uploads\/2019\/03\/BeitragsbildKUGJazz_SheilaJordan_JohannesGellner.jpg?fit=1200%2C800&ssl=1&resize=1050%2C600 3x"},"classes":[]},{"id":15550,"url":"https:\/\/www.jazzzeitung.de\/cms\/2018\/04\/newsendspurt-beim-bmw-welt-jazz-award-2018robben-ford-konzertiert-fuer-die-kunstuniversitaet-graz-der-mai-im-hamburger-stage-club-das-programm-der-jazzfederation\/","url_meta":{"origin":2393,"position":4},"title":"+++News+++Endspurt beim BMW Welt Jazz Award 2018+++Robben Ford konzertiert f\u00fcr die Kunstuniversit\u00e4t Graz+++ Der Mai im Hamburger Stage Club: Das Programm der Jazzfederation+++","author":"Redaktion JazzZeitung","date":"6. April 2018","format":false,"excerpt":"Endspurt beim BMW Welt Jazz Award: Beady Belle und BartolomeyBittmann progressive strings Vienna beschlie\u00dfen die Matineen unter dem Motto \u201eJazz moves\u201c Die letzten beiden kostenfreien Matineen des zehnten BMW Welt Jazz Award 2018 werden im Doppelkegel der BMW Welt mit G\u00e4sten aus Norwegen und \u00d6sterreich gefeiert: Das norwegische Ensemble Beady\u2026","rel":"","context":"In &quot;News&quot;","block_context":{"text":"News","link":"https:\/\/www.jazzzeitung.de\/cms\/thema\/nachrichten\/"},"img":{"alt_text":"","src":"https:\/\/i0.wp.com\/www.jazzzeitung.de\/cms\/wp-content\/uploads\/2018\/04\/ROBBEN-FORD_by-Piper-Ferguson-HR_.jpg?fit=1200%2C800&ssl=1&resize=350%2C200","width":350,"height":200,"srcset":"https:\/\/i0.wp.com\/www.jazzzeitung.de\/cms\/wp-content\/uploads\/2018\/04\/ROBBEN-FORD_by-Piper-Ferguson-HR_.jpg?fit=1200%2C800&ssl=1&resize=350%2C200 1x, https:\/\/i0.wp.com\/www.jazzzeitung.de\/cms\/wp-content\/uploads\/2018\/04\/ROBBEN-FORD_by-Piper-Ferguson-HR_.jpg?fit=1200%2C800&ssl=1&resize=525%2C300 1.5x, https:\/\/i0.wp.com\/www.jazzzeitung.de\/cms\/wp-content\/uploads\/2018\/04\/ROBBEN-FORD_by-Piper-Ferguson-HR_.jpg?fit=1200%2C800&ssl=1&resize=700%2C400 2x, https:\/\/i0.wp.com\/www.jazzzeitung.de\/cms\/wp-content\/uploads\/2018\/04\/ROBBEN-FORD_by-Piper-Ferguson-HR_.jpg?fit=1200%2C800&ssl=1&resize=1050%2C600 3x"},"classes":[]},{"id":17246,"url":"https:\/\/www.jazzzeitung.de\/cms\/2018\/09\/die-kunstuniversitaet-graz-trauert-um-erich-kleinschuster-1930-2018\/","url_meta":{"origin":2393,"position":5},"title":"Trauer um den Posaunisten, Bandleader und Hochschullehrer Erich Kleinschuster","author":"Redaktion JazzZeitung","date":"12. September 2018","format":false,"excerpt":"In der Nacht vom 11. auf den 12. September ist der renommierte Grazer Jazzposaunist und Professor f\u00fcr Jazzposaune an der Kunstuniversit\u00e4t Graz, Erich Kleinschuster, verstorben. Dies meldete heute die Kunstuniversit\u00e4t Graz, an der er seit der Gr\u00fcndung des Grazer Jazzstudiengangs 1965 bis zu seiner Emeritierung wirkte. Der am 23. Januar\u2026","rel":"","context":"In &quot;News&quot;","block_context":{"text":"News","link":"https:\/\/www.jazzzeitung.de\/cms\/thema\/nachrichten\/"},"img":{"alt_text":"","src":"https:\/\/i0.wp.com\/www.jazzzeitung.de\/cms\/wp-content\/uploads\/2018\/09\/E_Kleinschuster_c_KUG-Archiv-e1536759682450.jpg?fit=762%2C596&ssl=1&resize=350%2C200","width":350,"height":200,"srcset":"https:\/\/i0.wp.com\/www.jazzzeitung.de\/cms\/wp-content\/uploads\/2018\/09\/E_Kleinschuster_c_KUG-Archiv-e1536759682450.jpg?fit=762%2C596&ssl=1&resize=350%2C200 1x, https:\/\/i0.wp.com\/www.jazzzeitung.de\/cms\/wp-content\/uploads\/2018\/09\/E_Kleinschuster_c_KUG-Archiv-e1536759682450.jpg?fit=762%2C596&ssl=1&resize=525%2C300 1.5x, https:\/\/i0.wp.com\/www.jazzzeitung.de\/cms\/wp-content\/uploads\/2018\/09\/E_Kleinschuster_c_KUG-Archiv-e1536759682450.jpg?fit=762%2C596&ssl=1&resize=700%2C400 2x"},"classes":[]}],"jetpack_sharing_enabled":true,"_links":{"self":[{"href":"https:\/\/www.jazzzeitung.de\/cms\/wp-json\/wp\/v2\/posts\/2393","targetHints":{"allow":["GET"]}}],"collection":[{"href":"https:\/\/www.jazzzeitung.de\/cms\/wp-json\/wp\/v2\/posts"}],"about":[{"href":"https:\/\/www.jazzzeitung.de\/cms\/wp-json\/wp\/v2\/types\/post"}],"author":[{"embeddable":true,"href":"https:\/\/www.jazzzeitung.de\/cms\/wp-json\/wp\/v2\/users\/18"}],"replies":[{"embeddable":true,"href":"https:\/\/www.jazzzeitung.de\/cms\/wp-json\/wp\/v2\/comments?post=2393"}],"version-history":[{"count":1,"href":"https:\/\/www.jazzzeitung.de\/cms\/wp-json\/wp\/v2\/posts\/2393\/revisions"}],"predecessor-version":[{"id":2395,"href":"https:\/\/www.jazzzeitung.de\/cms\/wp-json\/wp\/v2\/posts\/2393\/revisions\/2395"}],"wp:attachment":[{"href":"https:\/\/www.jazzzeitung.de\/cms\/wp-json\/wp\/v2\/media?parent=2393"}],"wp:term":[{"taxonomy":"category","embeddable":true,"href":"https:\/\/www.jazzzeitung.de\/cms\/wp-json\/wp\/v2\/categories?post=2393"},{"taxonomy":"post_tag","embeddable":true,"href":"https:\/\/www.jazzzeitung.de\/cms\/wp-json\/wp\/v2\/tags?post=2393"},{"taxonomy":"author","embeddable":true,"href":"https:\/\/www.jazzzeitung.de\/cms\/wp-json\/wp\/v2\/coauthors?post=2393"}],"curies":[{"name":"wp","href":"https:\/\/api.w.org\/{rel}","templated":true}]}}