{"id":23892,"date":"2020-11-30T12:34:29","date_gmt":"2020-11-30T11:34:29","guid":{"rendered":"https:\/\/www.jazzzeitung.de\/cms\/?p=23892"},"modified":"2020-11-30T12:34:29","modified_gmt":"2020-11-30T11:34:29","slug":"ludwigs-finest-matthias-schriefl-mit-beethoven-in-der-unterfahrt","status":"publish","type":"post","link":"https:\/\/www.jazzzeitung.de\/cms\/2020\/11\/ludwigs-finest-matthias-schriefl-mit-beethoven-in-der-unterfahrt\/","title":{"rendered":"Ludwig\u2019s Finest &#8211; Matthias Schriefl mit Beethoven in der Unterfahrt"},"content":{"rendered":"<p><strong>Manchmal wirkt Matthias Schriefl wie ein Grimmelshausen des Jazz. Dann schl\u00fcpft er in die Rollen eines Simplizissimus\u2019, um Aberwitziges mit der Geste des Naiven zu pr\u00e4sentieren. Ein bisschen Unsicherheit ist auch dabei, etwa dem strukturell r\u00e4tselhaften Medium des Streams gegen\u00fcber, das der Unmittelbarkeit des Live-Erlebens die Glocke des Artifiziellen \u00fcberst\u00fclpt, ohne k\u00fcnstlich sein zu wollen. Famos einerseits, weil es das Verbotene \u2013 den Kontakt mit der Musik in der Gemeinschaft von K\u00fcnstler und Publikum \u2013 als mediale Mischform zug\u00e4nglich macht, bleibt es f\u00fcr jemanden wie Schriefl ein Konstrukt, das er irgendwie zu untergraben versucht. Denn normalerweise zehrt seine Pr\u00e4senz von der Interaktion mit den Zuh\u00f6rern, vom Aberwitz schr\u00e4ger Aktionen, seltsamer Kost\u00fcme und schriller akustischer \u00dcberraschungen in Kombination mit bet\u00f6render Musikalit\u00e4t und hinrei\u00dfender Virtuosit\u00e4t. Beim Medium Stream bleiben davor noch enigmatisch alberne Ansagen \u00fcbrig und die Konzentration auf den gestalterischen Gehalt, der allerdings vor Opulenz nur so brodelt.<\/strong><\/p>\n<h3>Ein rasantes Gipfeltreffen<\/h3>\n<p>Und der die beteiligen Musiker des Septetts Six Alps &amp; Jazz schwitzen l\u00e4sst. Denn Schriefl hat eingedenk des fast vergessenen Jubeljahres ein Beethoven-Programm konzipiert, das einige Gassenhauer des Meisters mit einer Mischung aus Frechheit und Ehrfurcht auf sein multiinstrumentales Crossover-Ensemble \u00fcbertr\u00e4gt. In Ermangelung eines Konzertalltags und daher auch der Spielroutine fordert es mit wild komplexen Arrangements heraus, die farblich, rhythmisch, strukturell die Vorlagen neu sortieren, oft haarscharf an der Gernegrenze zur Satire entlang, die Schriefl aber souver\u00e4n nicht \u00fcberschreitet. Die \u201ePath\u00e9tique\u201c wurzelt dabei mal in louisianischen S\u00fcmpfen, um zu Gil-Evans\u2019schem Klangschillern \u00fcberzuleiten oder dem Pathos den Groove zur Seite zu stellen. Eine \u201eElise\u201c wird zum Powerst\u00fcck zerhekselt und der G\u00f6tterfunke mit reichlich Emphase in den Raum gerufen.<\/p>\n<div class=\"tiled-gallery type-rectangular tiled-gallery-unresized\" data-original-width=\"840\" data-carousel-extra='{&quot;blog_id&quot;:1,&quot;permalink&quot;:&quot;https:\\\/\\\/www.jazzzeitung.de\\\/cms\\\/2020\\\/11\\\/ludwigs-finest-matthias-schriefl-mit-beethoven-in-der-unterfahrt\\\/&quot;,&quot;likes_blog_id&quot;:55446655}' itemscope itemtype=\"http:\/\/schema.org\/ImageGallery\" > <div class=\"gallery-row\" style=\"width: 840px; height: 375px;\" data-original-width=\"840\" data-original-height=\"375\" > <div class=\"gallery-group images-1\" style=\"width: 561px; height: 375px;\" data-original-width=\"561\" data-original-height=\"375\" > <div class=\"tiled-gallery-item tiled-gallery-item-large\" itemprop=\"associatedMedia\" itemscope itemtype=\"http:\/\/schema.org\/ImageObject\"> <a href=\"https:\/\/www.jazzzeitung.de\/cms\/2020\/11\/ludwigs-finest-matthias-schriefl-mit-beethoven-in-der-unterfahrt\/dsc01132-schriefl-c-ralf-dombrowski\/\" border=\"0\" itemprop=\"url\"> <meta itemprop=\"width\" content=\"557\"> <meta itemprop=\"height\" content=\"371\"> <img decoding=\"async\" class=\"\" data-attachment-id=\"23894\" data-orig-file=\"https:\/\/www.jazzzeitung.de\/cms\/wp-content\/uploads\/2020\/11\/DSC01132-Schriefl-c-Ralf-Dombrowski.jpg\" data-orig-size=\"1280,853\" data-comments-opened=\"1\" data-image-meta=\"{&quot;aperture&quot;:&quot;5.6&quot;,&quot;credit&quot;:&quot;&quot;,&quot;camera&quot;:&quot;ILCE-7M3&quot;,&quot;caption&quot;:&quot;Matthias Schriefl\\u2019s Six Alps And Jazz, Unterfahrt Stream Concert, Photo (c) Ralf Dombrowski&quot;,&quot;created_timestamp&quot;:&quot;1606162211&quot;,&quot;copyright&quot;:&quot;&quot;,&quot;focal_length&quot;:&quot;300&quot;,&quot;iso&quot;:&quot;5000&quot;,&quot;shutter_speed&quot;:&quot;0.008&quot;,&quot;title&quot;:&quot;&quot;,&quot;orientation&quot;:&quot;1&quot;}\" data-image-title=\"DSC01132, Schriefl (c) Ralf Dombrowski\" data-image-description=\"\" data-medium-file=\"https:\/\/i0.wp.com\/www.jazzzeitung.de\/cms\/wp-content\/uploads\/2020\/11\/DSC01132-Schriefl-c-Ralf-Dombrowski.jpg?fit=300%2C200&#038;ssl=1\" data-large-file=\"https:\/\/i0.wp.com\/www.jazzzeitung.de\/cms\/wp-content\/uploads\/2020\/11\/DSC01132-Schriefl-c-Ralf-Dombrowski.jpg?fit=840%2C560&#038;ssl=1\" src=\"https:\/\/i0.wp.com\/www.jazzzeitung.de\/cms\/wp-content\/uploads\/2020\/11\/DSC01132-Schriefl-c-Ralf-Dombrowski.jpg?w=557&#038;h=371&#038;ssl=1\" srcset=\"https:\/\/i0.wp.com\/www.jazzzeitung.de\/cms\/wp-content\/uploads\/2020\/11\/DSC01132-Schriefl-c-Ralf-Dombrowski.jpg?w=1280&amp;ssl=1 1280w, https:\/\/i0.wp.com\/www.jazzzeitung.de\/cms\/wp-content\/uploads\/2020\/11\/DSC01132-Schriefl-c-Ralf-Dombrowski.jpg?resize=300%2C200&amp;ssl=1 300w, https:\/\/i0.wp.com\/www.jazzzeitung.de\/cms\/wp-content\/uploads\/2020\/11\/DSC01132-Schriefl-c-Ralf-Dombrowski.jpg?resize=900%2C600&amp;ssl=1 900w, https:\/\/i0.wp.com\/www.jazzzeitung.de\/cms\/wp-content\/uploads\/2020\/11\/DSC01132-Schriefl-c-Ralf-Dombrowski.jpg?resize=768%2C512&amp;ssl=1 768w, https:\/\/i0.wp.com\/www.jazzzeitung.de\/cms\/wp-content\/uploads\/2020\/11\/DSC01132-Schriefl-c-Ralf-Dombrowski.jpg?resize=120%2C80&amp;ssl=1 120w\" width=\"557\" height=\"371\" loading=\"lazy\" data-original-width=\"557\" data-original-height=\"371\" itemprop=\"http:\/\/schema.org\/image\" title=\"DSC01132, Schriefl (c) Ralf Dombrowski\" alt=\"Matthias Schriefl\u2019s Six Alps And Jazz, Unterfahrt Stream Concert, Photo (c) Ralf Dombrowski\" style=\"width: 557px; height: 371px;\" \/> <\/a> <div class=\"tiled-gallery-caption\" itemprop=\"caption description\"> Matthias Schriefl\u2019s Six Alps And Jazz, Unterfahrt Stream Concert, Photo (c) Ralf Dombrowski <\/div> <\/div> <\/div> <!-- close group --> <div class=\"gallery-group images-2\" style=\"width: 279px; height: 375px;\" data-original-width=\"279\" data-original-height=\"375\" > <div class=\"tiled-gallery-item tiled-gallery-item-large\" itemprop=\"associatedMedia\" itemscope itemtype=\"http:\/\/schema.org\/ImageObject\"> <a href=\"https:\/\/www.jazzzeitung.de\/cms\/2020\/11\/ludwigs-finest-matthias-schriefl-mit-beethoven-in-der-unterfahrt\/dsc01157-heidl-c-ralf-dombrowski\/\" border=\"0\" itemprop=\"url\"> <meta itemprop=\"width\" content=\"275\"> <meta itemprop=\"height\" content=\"184\"> <img decoding=\"async\" class=\"\" data-attachment-id=\"23895\" data-orig-file=\"https:\/\/www.jazzzeitung.de\/cms\/wp-content\/uploads\/2020\/11\/DSC01157-Heidl-c-Ralf-Dombrowski.jpg\" data-orig-size=\"1280,853\" data-comments-opened=\"1\" data-image-meta=\"{&quot;aperture&quot;:&quot;5.6&quot;,&quot;credit&quot;:&quot;&quot;,&quot;camera&quot;:&quot;ILCE-7M3&quot;,&quot;caption&quot;:&quot;Matthias Schriefl\\u2019s Six Alps And Jazz, Unterfahrt Stream Concert, Photo (c) Ralf Dombrowski&quot;,&quot;created_timestamp&quot;:&quot;1606162603&quot;,&quot;copyright&quot;:&quot;&quot;,&quot;focal_length&quot;:&quot;253&quot;,&quot;iso&quot;:&quot;5000&quot;,&quot;shutter_speed&quot;:&quot;0.00625&quot;,&quot;title&quot;:&quot;&quot;,&quot;orientation&quot;:&quot;1&quot;}\" data-image-title=\"DSC01157, Heidl (c) Ralf Dombrowski\" data-image-description=\"\" data-medium-file=\"https:\/\/i0.wp.com\/www.jazzzeitung.de\/cms\/wp-content\/uploads\/2020\/11\/DSC01157-Heidl-c-Ralf-Dombrowski.jpg?fit=300%2C200&#038;ssl=1\" data-large-file=\"https:\/\/i0.wp.com\/www.jazzzeitung.de\/cms\/wp-content\/uploads\/2020\/11\/DSC01157-Heidl-c-Ralf-Dombrowski.jpg?fit=840%2C560&#038;ssl=1\" src=\"https:\/\/i0.wp.com\/www.jazzzeitung.de\/cms\/wp-content\/uploads\/2020\/11\/DSC01157-Heidl-c-Ralf-Dombrowski.jpg?w=275&#038;h=184&#038;ssl=1\" srcset=\"https:\/\/i0.wp.com\/www.jazzzeitung.de\/cms\/wp-content\/uploads\/2020\/11\/DSC01157-Heidl-c-Ralf-Dombrowski.jpg?w=1280&amp;ssl=1 1280w, https:\/\/i0.wp.com\/www.jazzzeitung.de\/cms\/wp-content\/uploads\/2020\/11\/DSC01157-Heidl-c-Ralf-Dombrowski.jpg?resize=300%2C200&amp;ssl=1 300w, https:\/\/i0.wp.com\/www.jazzzeitung.de\/cms\/wp-content\/uploads\/2020\/11\/DSC01157-Heidl-c-Ralf-Dombrowski.jpg?resize=900%2C600&amp;ssl=1 900w, https:\/\/i0.wp.com\/www.jazzzeitung.de\/cms\/wp-content\/uploads\/2020\/11\/DSC01157-Heidl-c-Ralf-Dombrowski.jpg?resize=768%2C512&amp;ssl=1 768w, https:\/\/i0.wp.com\/www.jazzzeitung.de\/cms\/wp-content\/uploads\/2020\/11\/DSC01157-Heidl-c-Ralf-Dombrowski.jpg?resize=120%2C80&amp;ssl=1 120w\" width=\"275\" height=\"184\" loading=\"lazy\" data-original-width=\"275\" data-original-height=\"184\" itemprop=\"http:\/\/schema.org\/image\" title=\"DSC01157, Heidl (c) Ralf Dombrowski\" alt=\"Matthias Schriefl\u2019s Six Alps And Jazz, Unterfahrt Stream Concert, Photo (c) Ralf Dombrowski\" style=\"width: 275px; height: 184px;\" \/> <\/a> <div class=\"tiled-gallery-caption\" itemprop=\"caption description\"> Matthias Schriefl\u2019s Six Alps And Jazz, Unterfahrt Stream Concert, Photo (c) Ralf Dombrowski <\/div> <\/div> <div class=\"tiled-gallery-item tiled-gallery-item-large\" itemprop=\"associatedMedia\" itemscope itemtype=\"http:\/\/schema.org\/ImageObject\"> <a href=\"https:\/\/www.jazzzeitung.de\/cms\/2020\/11\/ludwigs-finest-matthias-schriefl-mit-beethoven-in-der-unterfahrt\/dsc01189-baer-c-ralf-dombrowski\/\" border=\"0\" itemprop=\"url\"> <meta itemprop=\"width\" content=\"275\"> <meta itemprop=\"height\" content=\"183\"> <img decoding=\"async\" class=\"\" data-attachment-id=\"23896\" data-orig-file=\"https:\/\/www.jazzzeitung.de\/cms\/wp-content\/uploads\/2020\/11\/DSC01189-Baer-c-Ralf-Dombrowski.jpg\" data-orig-size=\"1280,853\" data-comments-opened=\"1\" data-image-meta=\"{&quot;aperture&quot;:&quot;5.6&quot;,&quot;credit&quot;:&quot;&quot;,&quot;camera&quot;:&quot;ILCE-7M3&quot;,&quot;caption&quot;:&quot;Matthias Schriefl\\u2019s Six Alps And Jazz, Unterfahrt Stream Concert, Photo (c) Ralf Dombrowski&quot;,&quot;created_timestamp&quot;:&quot;1606162930&quot;,&quot;copyright&quot;:&quot;&quot;,&quot;focal_length&quot;:&quot;192&quot;,&quot;iso&quot;:&quot;6400&quot;,&quot;shutter_speed&quot;:&quot;0.00625&quot;,&quot;title&quot;:&quot;&quot;,&quot;orientation&quot;:&quot;1&quot;}\" data-image-title=\"DSC01189, B\u00e4r (c) Ralf Dombrowski\" data-image-description=\"\" data-medium-file=\"https:\/\/i0.wp.com\/www.jazzzeitung.de\/cms\/wp-content\/uploads\/2020\/11\/DSC01189-Baer-c-Ralf-Dombrowski.jpg?fit=300%2C200&#038;ssl=1\" data-large-file=\"https:\/\/i0.wp.com\/www.jazzzeitung.de\/cms\/wp-content\/uploads\/2020\/11\/DSC01189-Baer-c-Ralf-Dombrowski.jpg?fit=840%2C560&#038;ssl=1\" src=\"https:\/\/i0.wp.com\/www.jazzzeitung.de\/cms\/wp-content\/uploads\/2020\/11\/DSC01189-Baer-c-Ralf-Dombrowski.jpg?w=275&#038;h=183&#038;ssl=1\" srcset=\"https:\/\/i0.wp.com\/www.jazzzeitung.de\/cms\/wp-content\/uploads\/2020\/11\/DSC01189-Baer-c-Ralf-Dombrowski.jpg?w=1280&amp;ssl=1 1280w, https:\/\/i0.wp.com\/www.jazzzeitung.de\/cms\/wp-content\/uploads\/2020\/11\/DSC01189-Baer-c-Ralf-Dombrowski.jpg?resize=300%2C200&amp;ssl=1 300w, https:\/\/i0.wp.com\/www.jazzzeitung.de\/cms\/wp-content\/uploads\/2020\/11\/DSC01189-Baer-c-Ralf-Dombrowski.jpg?resize=900%2C600&amp;ssl=1 900w, https:\/\/i0.wp.com\/www.jazzzeitung.de\/cms\/wp-content\/uploads\/2020\/11\/DSC01189-Baer-c-Ralf-Dombrowski.jpg?resize=768%2C512&amp;ssl=1 768w, https:\/\/i0.wp.com\/www.jazzzeitung.de\/cms\/wp-content\/uploads\/2020\/11\/DSC01189-Baer-c-Ralf-Dombrowski.jpg?resize=120%2C80&amp;ssl=1 120w\" width=\"275\" height=\"183\" loading=\"lazy\" data-original-width=\"275\" data-original-height=\"183\" itemprop=\"http:\/\/schema.org\/image\" title=\"DSC01189, B\u00e4r (c) Ralf Dombrowski\" alt=\"Matthias Schriefl\u2019s Six Alps And Jazz, Unterfahrt Stream Concert, Photo (c) Ralf Dombrowski\" style=\"width: 275px; height: 183px;\" \/> <\/a> <div class=\"tiled-gallery-caption\" itemprop=\"caption description\"> Matthias Schriefl\u2019s Six Alps And Jazz, Unterfahrt Stream Concert, Photo (c) Ralf Dombrowski <\/div> <\/div> <\/div> <!-- close group --> <\/div> <!-- close row --> <div class=\"gallery-row\" style=\"width: 840px; height: 767px;\" data-original-width=\"840\" data-original-height=\"767\" > <div class=\"gallery-group images-3\" style=\"width: 328px; height: 767px;\" data-original-width=\"328\" data-original-height=\"767\" > <div class=\"tiled-gallery-item tiled-gallery-item-large\" itemprop=\"associatedMedia\" itemscope itemtype=\"http:\/\/schema.org\/ImageObject\"> <a href=\"https:\/\/www.jazzzeitung.de\/cms\/2020\/11\/ludwigs-finest-matthias-schriefl-mit-beethoven-in-der-unterfahrt\/dsc01222-morsey-c-ralf-dombrowski\/\" border=\"0\" itemprop=\"url\"> <meta itemprop=\"width\" content=\"324\"> <meta itemprop=\"height\" content=\"323\"> <img decoding=\"async\" class=\"\" data-attachment-id=\"23897\" data-orig-file=\"https:\/\/www.jazzzeitung.de\/cms\/wp-content\/uploads\/2020\/11\/DSC01222-Morsey-c-Ralf-Dombrowski.jpg\" data-orig-size=\"1280,1280\" data-comments-opened=\"1\" data-image-meta=\"{&quot;aperture&quot;:&quot;5.6&quot;,&quot;credit&quot;:&quot;&quot;,&quot;camera&quot;:&quot;ILCE-7M3&quot;,&quot;caption&quot;:&quot;Matthias Schriefl\\u2019s Six Alps And Jazz, Unterfahrt Stream Concert, Photo (c) Ralf Dombrowski&quot;,&quot;created_timestamp&quot;:&quot;1606163848&quot;,&quot;copyright&quot;:&quot;&quot;,&quot;focal_length&quot;:&quot;234&quot;,&quot;iso&quot;:&quot;5000&quot;,&quot;shutter_speed&quot;:&quot;0.00625&quot;,&quot;title&quot;:&quot;&quot;,&quot;orientation&quot;:&quot;1&quot;}\" data-image-title=\"DSC01222, Morsey (c) Ralf Dombrowski\" data-image-description=\"\" data-medium-file=\"https:\/\/i0.wp.com\/www.jazzzeitung.de\/cms\/wp-content\/uploads\/2020\/11\/DSC01222-Morsey-c-Ralf-Dombrowski.jpg?fit=300%2C300&#038;ssl=1\" data-large-file=\"https:\/\/i0.wp.com\/www.jazzzeitung.de\/cms\/wp-content\/uploads\/2020\/11\/DSC01222-Morsey-c-Ralf-Dombrowski.jpg?fit=600%2C600&#038;ssl=1\" src=\"https:\/\/i0.wp.com\/www.jazzzeitung.de\/cms\/wp-content\/uploads\/2020\/11\/DSC01222-Morsey-c-Ralf-Dombrowski.jpg?w=324&#038;h=323&#038;ssl=1\" srcset=\"https:\/\/i0.wp.com\/www.jazzzeitung.de\/cms\/wp-content\/uploads\/2020\/11\/DSC01222-Morsey-c-Ralf-Dombrowski.jpg?w=1280&amp;ssl=1 1280w, https:\/\/i0.wp.com\/www.jazzzeitung.de\/cms\/wp-content\/uploads\/2020\/11\/DSC01222-Morsey-c-Ralf-Dombrowski.jpg?resize=300%2C300&amp;ssl=1 300w, https:\/\/i0.wp.com\/www.jazzzeitung.de\/cms\/wp-content\/uploads\/2020\/11\/DSC01222-Morsey-c-Ralf-Dombrowski.jpg?resize=600%2C600&amp;ssl=1 600w, https:\/\/i0.wp.com\/www.jazzzeitung.de\/cms\/wp-content\/uploads\/2020\/11\/DSC01222-Morsey-c-Ralf-Dombrowski.jpg?resize=150%2C150&amp;ssl=1 150w, https:\/\/i0.wp.com\/www.jazzzeitung.de\/cms\/wp-content\/uploads\/2020\/11\/DSC01222-Morsey-c-Ralf-Dombrowski.jpg?resize=768%2C768&amp;ssl=1 768w\" width=\"324\" height=\"323\" loading=\"lazy\" data-original-width=\"324\" data-original-height=\"323\" itemprop=\"http:\/\/schema.org\/image\" title=\"DSC01222, Morsey (c) Ralf Dombrowski\" alt=\"Matthias Schriefl\u2019s Six Alps And Jazz, Unterfahrt Stream Concert, Photo (c) Ralf Dombrowski\" style=\"width: 324px; height: 323px;\" \/> <\/a> <div class=\"tiled-gallery-caption\" itemprop=\"caption description\"> Matthias Schriefl\u2019s Six Alps And Jazz, Unterfahrt Stream Concert, Photo (c) Ralf Dombrowski <\/div> <\/div> <div class=\"tiled-gallery-item tiled-gallery-item-large\" itemprop=\"associatedMedia\" itemscope itemtype=\"http:\/\/schema.org\/ImageObject\"> <a href=\"https:\/\/www.jazzzeitung.de\/cms\/2020\/11\/ludwigs-finest-matthias-schriefl-mit-beethoven-in-der-unterfahrt\/dsc01251-six-alps-jazz-c-ralf-dombrowski\/\" border=\"0\" itemprop=\"url\"> <meta itemprop=\"width\" content=\"324\"> <meta itemprop=\"height\" content=\"216\"> <img decoding=\"async\" class=\"\" data-attachment-id=\"23898\" data-orig-file=\"https:\/\/www.jazzzeitung.de\/cms\/wp-content\/uploads\/2020\/11\/DSC01251-Six-Alps-Jazz-c-Ralf-Dombrowski.jpg\" data-orig-size=\"1280,853\" data-comments-opened=\"1\" data-image-meta=\"{&quot;aperture&quot;:&quot;5&quot;,&quot;credit&quot;:&quot;&quot;,&quot;camera&quot;:&quot;ILCE-7M3&quot;,&quot;caption&quot;:&quot;Matthias Schriefl\\u2019s Six Alps And Jazz, Unterfahrt Stream Concert, Photo (c) Ralf Dombrowski&quot;,&quot;created_timestamp&quot;:&quot;1606164225&quot;,&quot;copyright&quot;:&quot;&quot;,&quot;focal_length&quot;:&quot;39&quot;,&quot;iso&quot;:&quot;6400&quot;,&quot;shutter_speed&quot;:&quot;0.008&quot;,&quot;title&quot;:&quot;&quot;,&quot;orientation&quot;:&quot;1&quot;}\" data-image-title=\"DSC01251, Six Alps &amp;#038; Jazz (c) Ralf Dombrowski\" data-image-description=\"\" data-medium-file=\"https:\/\/i0.wp.com\/www.jazzzeitung.de\/cms\/wp-content\/uploads\/2020\/11\/DSC01251-Six-Alps-Jazz-c-Ralf-Dombrowski.jpg?fit=300%2C200&#038;ssl=1\" data-large-file=\"https:\/\/i0.wp.com\/www.jazzzeitung.de\/cms\/wp-content\/uploads\/2020\/11\/DSC01251-Six-Alps-Jazz-c-Ralf-Dombrowski.jpg?fit=840%2C560&#038;ssl=1\" src=\"https:\/\/i0.wp.com\/www.jazzzeitung.de\/cms\/wp-content\/uploads\/2020\/11\/DSC01251-Six-Alps-Jazz-c-Ralf-Dombrowski.jpg?w=324&#038;h=216&#038;ssl=1\" srcset=\"https:\/\/i0.wp.com\/www.jazzzeitung.de\/cms\/wp-content\/uploads\/2020\/11\/DSC01251-Six-Alps-Jazz-c-Ralf-Dombrowski.jpg?w=1280&amp;ssl=1 1280w, https:\/\/i0.wp.com\/www.jazzzeitung.de\/cms\/wp-content\/uploads\/2020\/11\/DSC01251-Six-Alps-Jazz-c-Ralf-Dombrowski.jpg?resize=300%2C200&amp;ssl=1 300w, https:\/\/i0.wp.com\/www.jazzzeitung.de\/cms\/wp-content\/uploads\/2020\/11\/DSC01251-Six-Alps-Jazz-c-Ralf-Dombrowski.jpg?resize=900%2C600&amp;ssl=1 900w, https:\/\/i0.wp.com\/www.jazzzeitung.de\/cms\/wp-content\/uploads\/2020\/11\/DSC01251-Six-Alps-Jazz-c-Ralf-Dombrowski.jpg?resize=768%2C512&amp;ssl=1 768w, https:\/\/i0.wp.com\/www.jazzzeitung.de\/cms\/wp-content\/uploads\/2020\/11\/DSC01251-Six-Alps-Jazz-c-Ralf-Dombrowski.jpg?resize=120%2C80&amp;ssl=1 120w\" width=\"324\" height=\"216\" loading=\"lazy\" data-original-width=\"324\" data-original-height=\"216\" itemprop=\"http:\/\/schema.org\/image\" title=\"DSC01251, Six Alps &amp; Jazz (c) Ralf Dombrowski\" alt=\"Matthias Schriefl\u2019s Six Alps And Jazz, Unterfahrt Stream Concert, Photo (c) Ralf Dombrowski\" style=\"width: 324px; height: 216px;\" \/> <\/a> <div class=\"tiled-gallery-caption\" itemprop=\"caption description\"> Matthias Schriefl\u2019s Six Alps And Jazz, Unterfahrt Stream Concert, Photo (c) Ralf Dombrowski <\/div> <\/div> <div class=\"tiled-gallery-item tiled-gallery-item-large\" itemprop=\"associatedMedia\" itemscope itemtype=\"http:\/\/schema.org\/ImageObject\"> <a href=\"https:\/\/www.jazzzeitung.de\/cms\/2020\/11\/ludwigs-finest-matthias-schriefl-mit-beethoven-in-der-unterfahrt\/dsc01278-truebsbach-heidl-buerger-c-ralf-dombrowski\/\" border=\"0\" itemprop=\"url\"> <meta itemprop=\"width\" content=\"324\"> <meta itemprop=\"height\" content=\"216\"> <img decoding=\"async\" class=\"\" data-attachment-id=\"23899\" data-orig-file=\"https:\/\/www.jazzzeitung.de\/cms\/wp-content\/uploads\/2020\/11\/DSC01278-Truebsbach-Heidl-Buerger-c-Ralf-Dombrowski.jpg\" data-orig-size=\"1280,853\" data-comments-opened=\"1\" data-image-meta=\"{&quot;aperture&quot;:&quot;5.6&quot;,&quot;credit&quot;:&quot;&quot;,&quot;camera&quot;:&quot;ILCE-7M3&quot;,&quot;caption&quot;:&quot;Matthias Schriefl\\u2019s Six Alps And Jazz, Unterfahrt Stream Concert, Photo (c) Ralf Dombrowski&quot;,&quot;created_timestamp&quot;:&quot;1606164420&quot;,&quot;copyright&quot;:&quot;&quot;,&quot;focal_length&quot;:&quot;70&quot;,&quot;iso&quot;:&quot;6400&quot;,&quot;shutter_speed&quot;:&quot;0.00625&quot;,&quot;title&quot;:&quot;&quot;,&quot;orientation&quot;:&quot;1&quot;}\" data-image-title=\"DSC01278, Tr\u00fcbsbach, Heidl, B\u00fcrger (c) Ralf Dombrowski\" data-image-description=\"\" data-medium-file=\"https:\/\/i0.wp.com\/www.jazzzeitung.de\/cms\/wp-content\/uploads\/2020\/11\/DSC01278-Truebsbach-Heidl-Buerger-c-Ralf-Dombrowski.jpg?fit=300%2C200&#038;ssl=1\" data-large-file=\"https:\/\/i0.wp.com\/www.jazzzeitung.de\/cms\/wp-content\/uploads\/2020\/11\/DSC01278-Truebsbach-Heidl-Buerger-c-Ralf-Dombrowski.jpg?fit=840%2C560&#038;ssl=1\" src=\"https:\/\/i0.wp.com\/www.jazzzeitung.de\/cms\/wp-content\/uploads\/2020\/11\/DSC01278-Truebsbach-Heidl-Buerger-c-Ralf-Dombrowski.jpg?w=324&#038;h=216&#038;ssl=1\" srcset=\"https:\/\/i0.wp.com\/www.jazzzeitung.de\/cms\/wp-content\/uploads\/2020\/11\/DSC01278-Truebsbach-Heidl-Buerger-c-Ralf-Dombrowski.jpg?w=1280&amp;ssl=1 1280w, https:\/\/i0.wp.com\/www.jazzzeitung.de\/cms\/wp-content\/uploads\/2020\/11\/DSC01278-Truebsbach-Heidl-Buerger-c-Ralf-Dombrowski.jpg?resize=300%2C200&amp;ssl=1 300w, https:\/\/i0.wp.com\/www.jazzzeitung.de\/cms\/wp-content\/uploads\/2020\/11\/DSC01278-Truebsbach-Heidl-Buerger-c-Ralf-Dombrowski.jpg?resize=900%2C600&amp;ssl=1 900w, https:\/\/i0.wp.com\/www.jazzzeitung.de\/cms\/wp-content\/uploads\/2020\/11\/DSC01278-Truebsbach-Heidl-Buerger-c-Ralf-Dombrowski.jpg?resize=768%2C512&amp;ssl=1 768w, https:\/\/i0.wp.com\/www.jazzzeitung.de\/cms\/wp-content\/uploads\/2020\/11\/DSC01278-Truebsbach-Heidl-Buerger-c-Ralf-Dombrowski.jpg?resize=120%2C80&amp;ssl=1 120w\" width=\"324\" height=\"216\" loading=\"lazy\" data-original-width=\"324\" data-original-height=\"216\" itemprop=\"http:\/\/schema.org\/image\" title=\"DSC01278, Tr\u00fcbsbach, Heidl, B\u00fcrger (c) Ralf Dombrowski\" alt=\"Matthias Schriefl\u2019s Six Alps And Jazz, Unterfahrt Stream Concert, Photo (c) Ralf Dombrowski\" style=\"width: 324px; height: 216px;\" \/> <\/a> <div class=\"tiled-gallery-caption\" itemprop=\"caption description\"> Matthias Schriefl\u2019s Six Alps And Jazz, Unterfahrt Stream Concert, Photo (c) Ralf Dombrowski <\/div> <\/div> <\/div> <!-- close group --> <div class=\"gallery-group images-1\" style=\"width: 512px; height: 767px;\" data-original-width=\"512\" data-original-height=\"767\" > <div class=\"tiled-gallery-item tiled-gallery-item-large\" itemprop=\"associatedMedia\" itemscope itemtype=\"http:\/\/schema.org\/ImageObject\"> <a href=\"https:\/\/www.jazzzeitung.de\/cms\/2020\/11\/ludwigs-finest-matthias-schriefl-mit-beethoven-in-der-unterfahrt\/dsc01303-truebsbach-c-ralf-dombrowski\/\" border=\"0\" itemprop=\"url\"> <meta itemprop=\"width\" content=\"508\"> <meta itemprop=\"height\" content=\"763\"> <img decoding=\"async\" class=\"\" data-attachment-id=\"23900\" data-orig-file=\"https:\/\/www.jazzzeitung.de\/cms\/wp-content\/uploads\/2020\/11\/DSC01303-Truebsbach-c-Ralf-Dombrowski.jpg\" data-orig-size=\"853,1280\" data-comments-opened=\"1\" data-image-meta=\"{&quot;aperture&quot;:&quot;5.6&quot;,&quot;credit&quot;:&quot;&quot;,&quot;camera&quot;:&quot;ILCE-7M3&quot;,&quot;caption&quot;:&quot;Matthias Schriefl\\u2019s Six Alps And Jazz, Unterfahrt Stream Concert, Photo (c) Ralf Dombrowski&quot;,&quot;created_timestamp&quot;:&quot;1606164971&quot;,&quot;copyright&quot;:&quot;&quot;,&quot;focal_length&quot;:&quot;215&quot;,&quot;iso&quot;:&quot;6400&quot;,&quot;shutter_speed&quot;:&quot;0.00625&quot;,&quot;title&quot;:&quot;&quot;,&quot;orientation&quot;:&quot;1&quot;}\" data-image-title=\"DSC01303, Tr\u00fcbsbach (c) Ralf Dombrowski\" data-image-description=\"\" data-medium-file=\"https:\/\/i0.wp.com\/www.jazzzeitung.de\/cms\/wp-content\/uploads\/2020\/11\/DSC01303-Truebsbach-c-Ralf-Dombrowski.jpg?fit=200%2C300&#038;ssl=1\" data-large-file=\"https:\/\/i0.wp.com\/www.jazzzeitung.de\/cms\/wp-content\/uploads\/2020\/11\/DSC01303-Truebsbach-c-Ralf-Dombrowski.jpg?fit=400%2C600&#038;ssl=1\" src=\"https:\/\/i0.wp.com\/www.jazzzeitung.de\/cms\/wp-content\/uploads\/2020\/11\/DSC01303-Truebsbach-c-Ralf-Dombrowski.jpg?w=508&#038;h=763&#038;ssl=1\" srcset=\"https:\/\/i0.wp.com\/www.jazzzeitung.de\/cms\/wp-content\/uploads\/2020\/11\/DSC01303-Truebsbach-c-Ralf-Dombrowski.jpg?w=853&amp;ssl=1 853w, https:\/\/i0.wp.com\/www.jazzzeitung.de\/cms\/wp-content\/uploads\/2020\/11\/DSC01303-Truebsbach-c-Ralf-Dombrowski.jpg?resize=200%2C300&amp;ssl=1 200w, https:\/\/i0.wp.com\/www.jazzzeitung.de\/cms\/wp-content\/uploads\/2020\/11\/DSC01303-Truebsbach-c-Ralf-Dombrowski.jpg?resize=400%2C600&amp;ssl=1 400w, https:\/\/i0.wp.com\/www.jazzzeitung.de\/cms\/wp-content\/uploads\/2020\/11\/DSC01303-Truebsbach-c-Ralf-Dombrowski.jpg?resize=768%2C1152&amp;ssl=1 768w\" width=\"508\" height=\"763\" loading=\"lazy\" data-original-width=\"508\" data-original-height=\"763\" itemprop=\"http:\/\/schema.org\/image\" title=\"DSC01303, Tr\u00fcbsbach (c) Ralf Dombrowski\" alt=\"Matthias Schriefl\u2019s Six Alps And Jazz, Unterfahrt Stream Concert, Photo (c) Ralf Dombrowski\" style=\"width: 508px; height: 763px;\" \/> <\/a> <div class=\"tiled-gallery-caption\" itemprop=\"caption description\"> Matthias Schriefl\u2019s Six Alps And Jazz, Unterfahrt Stream Concert, Photo (c) Ralf Dombrowski <\/div> <\/div> <\/div> <!-- close group --> <\/div> <!-- close row --> <div class=\"gallery-row\" style=\"width: 840px; height: 561px;\" data-original-width=\"840\" data-original-height=\"561\" > <div class=\"gallery-group images-1\" style=\"width: 840px; height: 561px;\" data-original-width=\"840\" data-original-height=\"561\" > <div class=\"tiled-gallery-item tiled-gallery-item-large\" itemprop=\"associatedMedia\" itemscope itemtype=\"http:\/\/schema.org\/ImageObject\"> <a href=\"https:\/\/www.jazzzeitung.de\/cms\/2020\/11\/ludwigs-finest-matthias-schriefl-mit-beethoven-in-der-unterfahrt\/dsc01336-baer-schriefl-c-ralf-dombrowski\/\" border=\"0\" itemprop=\"url\"> <meta itemprop=\"width\" content=\"836\"> <meta itemprop=\"height\" content=\"557\"> <img decoding=\"async\" class=\"\" data-attachment-id=\"23901\" data-orig-file=\"https:\/\/www.jazzzeitung.de\/cms\/wp-content\/uploads\/2020\/11\/DSC01336-Baer-Schriefl-c-Ralf-Dombrowski.jpg\" data-orig-size=\"1280,853\" data-comments-opened=\"1\" data-image-meta=\"{&quot;aperture&quot;:&quot;5.6&quot;,&quot;credit&quot;:&quot;&quot;,&quot;camera&quot;:&quot;ILCE-7M3&quot;,&quot;caption&quot;:&quot;Matthias Schriefl\\u2019s Six Alps And Jazz, Unterfahrt Stream Concert, Photo (c) Ralf Dombrowski&quot;,&quot;created_timestamp&quot;:&quot;1606166873&quot;,&quot;copyright&quot;:&quot;&quot;,&quot;focal_length&quot;:&quot;237&quot;,&quot;iso&quot;:&quot;5000&quot;,&quot;shutter_speed&quot;:&quot;0.008&quot;,&quot;title&quot;:&quot;&quot;,&quot;orientation&quot;:&quot;1&quot;}\" data-image-title=\"DSC01336, B\u00e4r, Schriefl (c) Ralf Dombrowski\" data-image-description=\"\" data-medium-file=\"https:\/\/i0.wp.com\/www.jazzzeitung.de\/cms\/wp-content\/uploads\/2020\/11\/DSC01336-Baer-Schriefl-c-Ralf-Dombrowski.jpg?fit=300%2C200&#038;ssl=1\" data-large-file=\"https:\/\/i0.wp.com\/www.jazzzeitung.de\/cms\/wp-content\/uploads\/2020\/11\/DSC01336-Baer-Schriefl-c-Ralf-Dombrowski.jpg?fit=840%2C560&#038;ssl=1\" src=\"https:\/\/i0.wp.com\/www.jazzzeitung.de\/cms\/wp-content\/uploads\/2020\/11\/DSC01336-Baer-Schriefl-c-Ralf-Dombrowski.jpg?w=836&#038;h=557&#038;ssl=1\" srcset=\"https:\/\/i0.wp.com\/www.jazzzeitung.de\/cms\/wp-content\/uploads\/2020\/11\/DSC01336-Baer-Schriefl-c-Ralf-Dombrowski.jpg?w=1280&amp;ssl=1 1280w, https:\/\/i0.wp.com\/www.jazzzeitung.de\/cms\/wp-content\/uploads\/2020\/11\/DSC01336-Baer-Schriefl-c-Ralf-Dombrowski.jpg?resize=300%2C200&amp;ssl=1 300w, https:\/\/i0.wp.com\/www.jazzzeitung.de\/cms\/wp-content\/uploads\/2020\/11\/DSC01336-Baer-Schriefl-c-Ralf-Dombrowski.jpg?resize=900%2C600&amp;ssl=1 900w, https:\/\/i0.wp.com\/www.jazzzeitung.de\/cms\/wp-content\/uploads\/2020\/11\/DSC01336-Baer-Schriefl-c-Ralf-Dombrowski.jpg?resize=768%2C512&amp;ssl=1 768w, https:\/\/i0.wp.com\/www.jazzzeitung.de\/cms\/wp-content\/uploads\/2020\/11\/DSC01336-Baer-Schriefl-c-Ralf-Dombrowski.jpg?resize=120%2C80&amp;ssl=1 120w\" width=\"836\" height=\"557\" loading=\"lazy\" data-original-width=\"836\" data-original-height=\"557\" itemprop=\"http:\/\/schema.org\/image\" title=\"DSC01336, B\u00e4r, Schriefl (c) Ralf Dombrowski\" alt=\"Matthias Schriefl\u2019s Six Alps And Jazz, Unterfahrt Stream Concert, Photo (c) Ralf Dombrowski\" style=\"width: 836px; height: 557px;\" \/> <\/a> <div class=\"tiled-gallery-caption\" itemprop=\"caption description\"> Matthias Schriefl\u2019s Six Alps And Jazz, Unterfahrt Stream Concert, Photo (c) Ralf Dombrowski <\/div> <\/div> <\/div> <!-- close group --> <\/div> <!-- close row --> <\/div>\n<h3>Vollt\u00f6nendes Vergn\u00fcgen<\/h3>\n<p>Schriefls inhaltliches Schelmentum ist ein vollt\u00f6nendes Vergn\u00fcgen f\u00fcr den Intellekt und es funktioniert nur deshalb so stimmig, weil die Six Alps &amp; Jazz ein Hochleistungsensemble ist, das von den fliegenden Instrumentenwechseln bis zum Akzentdetail den Wahnwitz des Experiments in Wirklichkeit \u00fcbersetzen kann. So kommt der alte Ludwig doch noch zu seinem Jubil\u00e4ums-Recht einer wohlmeinend ungeh\u00f6rigen Adaption und die Welt konnte das Konzert im klanglich wie optisch rundum professionellen Stream des Jazzclubs Unterfahrt miterleben. Sch\u00f6n, dass es das gibt und auch weiterhin geben wird. Denn die pandemische Gesundheitsvorsorge wird das Publikum voraussichtlich bis Weihnachten in den Heimclub schicken. Und das Team in der Einsteinstra\u00dfe l\u00e4dt weiterhin und unerm\u00fcdlich zum Ko-Erleben ein. Geplant sind Streams mit David Murray, Henning Sieverts &amp; Fran\u00e7ois Thuillier, Ark Noir, Alexander von Schlippenbach, Geoff Goodman, Emil Branqvist, Jenny Evans und vielen mehr. Genaueres erz\u00e4hlt die Website www.unterfahrt.de.<\/p>\n<p><em>Ralf Dombrowski<\/em><\/p>\n","protected":false},"excerpt":{"rendered":"<p>Manchmal wirkt Matthias Schriefl wie ein Grimmelshausen des Jazz. Dann schl\u00fcpft er in die Rollen eines Simplizissimus\u2019, um Aberwitziges mit der Geste des Naiven zu pr\u00e4sentieren. Ein bisschen Unsicherheit ist auch dabei, etwa dem strukturell r\u00e4tselhaften Medium des Streams gegen\u00fcber, das der Unmittelbarkeit des Live-Erlebens die Glocke des Artifiziellen \u00fcberst\u00fclpt, ohne k\u00fcnstlich sein zu wollen. Famos einerseits, weil es das Verbotene \u2013 den Kontakt mit der Musik in der Gemeinschaft von K\u00fcnstler und Publikum \u2013 als mediale Mischform zug\u00e4nglich macht, bleibt es f\u00fcr jemanden wie Schriefl ein Konstrukt, das er irgendwie zu untergraben versucht. Denn normalerweise zehrt seine Pr\u00e4senz von der Interaktion mit den Zuh\u00f6rern, vom Aberwitz schr\u00e4ger Aktionen, seltsamer Kost\u00fcme und schriller akustischer \u00dcberraschungen in Kombination mit bet\u00f6render Musikalit\u00e4t und hinrei\u00dfender Virtuosit\u00e4t. Beim Medium Stream bleiben davor noch enigmatisch alberne Ansagen \u00fcbrig und die Konzentration auf den gestalterischen Gehalt, der allerdings vor Opulenz nur so brodelt. Ein rasantes Gipfeltreffen Und der die beteiligen Musiker des Septetts Six Alps &amp; Jazz schwitzen l\u00e4sst. Denn Schriefl hat eingedenk des fast vergessenen Jubeljahres ein Beethoven-Programm konzipiert, das einige Gassenhauer des Meisters mit einer Mischung aus Frechheit und &hellip;<\/p>\n","protected":false},"author":18,"featured_media":23893,"comment_status":"open","ping_status":"closed","sticky":false,"template":"","format":"standard","meta":{"_jetpack_memberships_contains_paid_content":false,"footnotes":"","jetpack_publicize_message":"","jetpack_publicize_feature_enabled":true,"jetpack_social_post_already_shared":false,"jetpack_social_options":{"image_generator_settings":{"template":"highway","default_image_id":0,"font":"","enabled":false},"version":2}},"categories":[1053,652],"tags":[62,3,3285,146,3286,524,573],"coauthors":[658],"class_list":["post-23892","post","type-post","status-publish","format-standard","has-post-thumbnail","hentry","category-bericht","category-galerie","tag-beethoven","tag-festival","tag-matthoas-schriefl","tag-dombrowski","tag-six-alps","tag-stream","tag-unterfahrt"],"yoast_head":"<!-- This site is optimized with the Yoast SEO plugin v27.5 - https:\/\/yoast.com\/product\/yoast-seo-wordpress\/ -->\n<title>Ludwig\u2019s Finest - Matthias Schriefl mit Beethoven in der Unterfahrt - JazzZeitung<\/title>\n<meta name=\"robots\" content=\"index, follow, max-snippet:-1, max-image-preview:large, max-video-preview:-1\" \/>\n<link rel=\"canonical\" href=\"https:\/\/www.jazzzeitung.de\/cms\/2020\/11\/ludwigs-finest-matthias-schriefl-mit-beethoven-in-der-unterfahrt\/\" \/>\n<meta property=\"og:locale\" content=\"de_DE\" \/>\n<meta property=\"og:type\" content=\"article\" \/>\n<meta property=\"og:title\" content=\"Ludwig\u2019s Finest - Matthias Schriefl mit Beethoven in der Unterfahrt - JazzZeitung\" \/>\n<meta property=\"og:description\" content=\"Manchmal wirkt Matthias Schriefl wie ein Grimmelshausen des Jazz. Dann schl\u00fcpft er in die Rollen eines Simplizissimus\u2019, um Aberwitziges mit der Geste des Naiven zu pr\u00e4sentieren. Ein bisschen Unsicherheit ist auch dabei, etwa dem strukturell r\u00e4tselhaften Medium des Streams gegen\u00fcber, das der Unmittelbarkeit des Live-Erlebens die Glocke des Artifiziellen \u00fcberst\u00fclpt, ohne k\u00fcnstlich sein zu wollen. Famos einerseits, weil es das Verbotene \u2013 den Kontakt mit der Musik in der Gemeinschaft von K\u00fcnstler und Publikum \u2013 als mediale Mischform zug\u00e4nglich macht, bleibt es f\u00fcr jemanden wie Schriefl ein Konstrukt, das er irgendwie zu untergraben versucht. Denn normalerweise zehrt seine Pr\u00e4senz von der Interaktion mit den Zuh\u00f6rern, vom Aberwitz schr\u00e4ger Aktionen, seltsamer Kost\u00fcme und schriller akustischer \u00dcberraschungen in Kombination mit bet\u00f6render Musikalit\u00e4t und hinrei\u00dfender Virtuosit\u00e4t. Beim Medium Stream bleiben davor noch enigmatisch alberne Ansagen \u00fcbrig und die Konzentration auf den gestalterischen Gehalt, der allerdings vor Opulenz nur so brodelt. Ein rasantes Gipfeltreffen Und der die beteiligen Musiker des Septetts Six Alps &amp; Jazz schwitzen l\u00e4sst. Denn Schriefl hat eingedenk des fast vergessenen Jubeljahres ein Beethoven-Programm konzipiert, das einige Gassenhauer des Meisters mit einer Mischung aus Frechheit und &hellip;\" \/>\n<meta property=\"og:url\" content=\"https:\/\/www.jazzzeitung.de\/cms\/2020\/11\/ludwigs-finest-matthias-schriefl-mit-beethoven-in-der-unterfahrt\/\" \/>\n<meta property=\"og:site_name\" content=\"JazzZeitung\" \/>\n<meta property=\"article:publisher\" content=\"https:\/\/www.facebook.com\/JazzZeitung\/\" \/>\n<meta property=\"article:published_time\" content=\"2020-11-30T11:34:29+00:00\" \/>\n<meta property=\"og:image\" content=\"https:\/\/i0.wp.com\/www.jazzzeitung.de\/cms\/wp-content\/uploads\/2020\/11\/DSC01115-Six-Alps-Jazz-c-Ralf-Dombrowski.jpg?fit=1280%2C853&ssl=1\" \/>\n\t<meta property=\"og:image:width\" content=\"1280\" \/>\n\t<meta property=\"og:image:height\" content=\"853\" \/>\n\t<meta property=\"og:image:type\" content=\"image\/jpeg\" \/>\n<meta name=\"author\" content=\"Ralf Dombrowski\" \/>\n<script type=\"application\/ld+json\" class=\"yoast-schema-graph\">{\"@context\":\"https:\\\/\\\/schema.org\",\"@graph\":[{\"@type\":\"Article\",\"@id\":\"https:\\\/\\\/www.jazzzeitung.de\\\/cms\\\/2020\\\/11\\\/ludwigs-finest-matthias-schriefl-mit-beethoven-in-der-unterfahrt\\\/#article\",\"isPartOf\":{\"@id\":\"https:\\\/\\\/www.jazzzeitung.de\\\/cms\\\/2020\\\/11\\\/ludwigs-finest-matthias-schriefl-mit-beethoven-in-der-unterfahrt\\\/\"},\"author\":{\"name\":\"Redaktion JazzZeitung\",\"@id\":\"https:\\\/\\\/www.jazzzeitung.de\\\/cms\\\/#\\\/schema\\\/person\\\/2245b36b9cd1d24cea10f01c031fb92b\"},\"headline\":\"Ludwig\u2019s Finest &#8211; Matthias Schriefl mit Beethoven in der Unterfahrt\",\"datePublished\":\"2020-11-30T11:34:29+00:00\",\"mainEntityOfPage\":{\"@id\":\"https:\\\/\\\/www.jazzzeitung.de\\\/cms\\\/2020\\\/11\\\/ludwigs-finest-matthias-schriefl-mit-beethoven-in-der-unterfahrt\\\/\"},\"wordCount\":464,\"commentCount\":1,\"publisher\":{\"@id\":\"https:\\\/\\\/www.jazzzeitung.de\\\/cms\\\/#organization\"},\"image\":{\"@id\":\"https:\\\/\\\/www.jazzzeitung.de\\\/cms\\\/2020\\\/11\\\/ludwigs-finest-matthias-schriefl-mit-beethoven-in-der-unterfahrt\\\/#primaryimage\"},\"thumbnailUrl\":\"https:\\\/\\\/i0.wp.com\\\/www.jazzzeitung.de\\\/cms\\\/wp-content\\\/uploads\\\/2020\\\/11\\\/DSC01115-Six-Alps-Jazz-c-Ralf-Dombrowski.jpg?fit=1280%2C853&ssl=1\",\"keywords\":[\"Beethoven\",\"Festival\",\"Matthoas Schriefl\",\"Ralf Dombrowski\",\"Six Alps\",\"Stream\",\"Unterfahrt\"],\"articleSection\":[\"Bericht\",\"Galerie\"],\"inLanguage\":\"de\",\"potentialAction\":[{\"@type\":\"CommentAction\",\"name\":\"Comment\",\"target\":[\"https:\\\/\\\/www.jazzzeitung.de\\\/cms\\\/2020\\\/11\\\/ludwigs-finest-matthias-schriefl-mit-beethoven-in-der-unterfahrt\\\/#respond\"]}]},{\"@type\":\"WebPage\",\"@id\":\"https:\\\/\\\/www.jazzzeitung.de\\\/cms\\\/2020\\\/11\\\/ludwigs-finest-matthias-schriefl-mit-beethoven-in-der-unterfahrt\\\/\",\"url\":\"https:\\\/\\\/www.jazzzeitung.de\\\/cms\\\/2020\\\/11\\\/ludwigs-finest-matthias-schriefl-mit-beethoven-in-der-unterfahrt\\\/\",\"name\":\"Ludwig\u2019s Finest - Matthias Schriefl mit Beethoven in der Unterfahrt - JazzZeitung\",\"isPartOf\":{\"@id\":\"https:\\\/\\\/www.jazzzeitung.de\\\/cms\\\/#website\"},\"primaryImageOfPage\":{\"@id\":\"https:\\\/\\\/www.jazzzeitung.de\\\/cms\\\/2020\\\/11\\\/ludwigs-finest-matthias-schriefl-mit-beethoven-in-der-unterfahrt\\\/#primaryimage\"},\"image\":{\"@id\":\"https:\\\/\\\/www.jazzzeitung.de\\\/cms\\\/2020\\\/11\\\/ludwigs-finest-matthias-schriefl-mit-beethoven-in-der-unterfahrt\\\/#primaryimage\"},\"thumbnailUrl\":\"https:\\\/\\\/i0.wp.com\\\/www.jazzzeitung.de\\\/cms\\\/wp-content\\\/uploads\\\/2020\\\/11\\\/DSC01115-Six-Alps-Jazz-c-Ralf-Dombrowski.jpg?fit=1280%2C853&ssl=1\",\"datePublished\":\"2020-11-30T11:34:29+00:00\",\"breadcrumb\":{\"@id\":\"https:\\\/\\\/www.jazzzeitung.de\\\/cms\\\/2020\\\/11\\\/ludwigs-finest-matthias-schriefl-mit-beethoven-in-der-unterfahrt\\\/#breadcrumb\"},\"inLanguage\":\"de\",\"potentialAction\":[{\"@type\":\"ReadAction\",\"target\":[\"https:\\\/\\\/www.jazzzeitung.de\\\/cms\\\/2020\\\/11\\\/ludwigs-finest-matthias-schriefl-mit-beethoven-in-der-unterfahrt\\\/\"]}]},{\"@type\":\"ImageObject\",\"inLanguage\":\"de\",\"@id\":\"https:\\\/\\\/www.jazzzeitung.de\\\/cms\\\/2020\\\/11\\\/ludwigs-finest-matthias-schriefl-mit-beethoven-in-der-unterfahrt\\\/#primaryimage\",\"url\":\"https:\\\/\\\/i0.wp.com\\\/www.jazzzeitung.de\\\/cms\\\/wp-content\\\/uploads\\\/2020\\\/11\\\/DSC01115-Six-Alps-Jazz-c-Ralf-Dombrowski.jpg?fit=1280%2C853&ssl=1\",\"contentUrl\":\"https:\\\/\\\/i0.wp.com\\\/www.jazzzeitung.de\\\/cms\\\/wp-content\\\/uploads\\\/2020\\\/11\\\/DSC01115-Six-Alps-Jazz-c-Ralf-Dombrowski.jpg?fit=1280%2C853&ssl=1\",\"width\":1280,\"height\":853,\"caption\":\"Matthias Schriefl\u2019s Six Alps And Jazz, Unterfahrt Stream Concert, Photo (c) Ralf Dombrowski\"},{\"@type\":\"BreadcrumbList\",\"@id\":\"https:\\\/\\\/www.jazzzeitung.de\\\/cms\\\/2020\\\/11\\\/ludwigs-finest-matthias-schriefl-mit-beethoven-in-der-unterfahrt\\\/#breadcrumb\",\"itemListElement\":[{\"@type\":\"ListItem\",\"position\":1,\"name\":\"Startseite\",\"item\":\"https:\\\/\\\/www.jazzzeitung.de\\\/cms\\\/\"},{\"@type\":\"ListItem\",\"position\":2,\"name\":\"Ludwig\u2019s Finest &#8211; Matthias Schriefl mit Beethoven in der Unterfahrt\"}]},{\"@type\":\"WebSite\",\"@id\":\"https:\\\/\\\/www.jazzzeitung.de\\\/cms\\\/#website\",\"url\":\"https:\\\/\\\/www.jazzzeitung.de\\\/cms\\\/\",\"name\":\"JazzZeitung\",\"description\":\"Jazz-News und Jazz-Kontroverses\",\"publisher\":{\"@id\":\"https:\\\/\\\/www.jazzzeitung.de\\\/cms\\\/#organization\"},\"potentialAction\":[{\"@type\":\"SearchAction\",\"target\":{\"@type\":\"EntryPoint\",\"urlTemplate\":\"https:\\\/\\\/www.jazzzeitung.de\\\/cms\\\/?s={search_term_string}\"},\"query-input\":{\"@type\":\"PropertyValueSpecification\",\"valueRequired\":true,\"valueName\":\"search_term_string\"}}],\"inLanguage\":\"de\"},{\"@type\":\"Organization\",\"@id\":\"https:\\\/\\\/www.jazzzeitung.de\\\/cms\\\/#organization\",\"name\":\"JazzZeitung online\",\"url\":\"https:\\\/\\\/www.jazzzeitung.de\\\/cms\\\/\",\"logo\":{\"@type\":\"ImageObject\",\"inLanguage\":\"de\",\"@id\":\"https:\\\/\\\/www.jazzzeitung.de\\\/cms\\\/#\\\/schema\\\/logo\\\/image\\\/\",\"url\":\"https:\\\/\\\/i0.wp.com\\\/www.jazzzeitung.de\\\/cms\\\/wp-content\\\/uploads\\\/2015\\\/08\\\/JAZZZEITUNGDE_Logo_Neu.png?fit=499%2C200&ssl=1\",\"contentUrl\":\"https:\\\/\\\/i0.wp.com\\\/www.jazzzeitung.de\\\/cms\\\/wp-content\\\/uploads\\\/2015\\\/08\\\/JAZZZEITUNGDE_Logo_Neu.png?fit=499%2C200&ssl=1\",\"width\":499,\"height\":200,\"caption\":\"JazzZeitung online\"},\"image\":{\"@id\":\"https:\\\/\\\/www.jazzzeitung.de\\\/cms\\\/#\\\/schema\\\/logo\\\/image\\\/\"},\"sameAs\":[\"https:\\\/\\\/www.facebook.com\\\/JazzZeitung\\\/\"]},{\"@type\":\"Person\",\"@id\":\"https:\\\/\\\/www.jazzzeitung.de\\\/cms\\\/#\\\/schema\\\/person\\\/2245b36b9cd1d24cea10f01c031fb92b\",\"name\":\"Redaktion JazzZeitung\",\"image\":{\"@type\":\"ImageObject\",\"inLanguage\":\"de\",\"@id\":\"https:\\\/\\\/i0.wp.com\\\/www.jazzzeitung.de\\\/cms\\\/wp-content\\\/uploads\\\/2015\\\/08\\\/JAZZZEITUNGDE_Logo_Neu.png?resize=96%2C96&ssl=159975dcacb611b5700bd619b5daf0a7a\",\"url\":\"https:\\\/\\\/i0.wp.com\\\/www.jazzzeitung.de\\\/cms\\\/wp-content\\\/uploads\\\/2015\\\/08\\\/JAZZZEITUNGDE_Logo_Neu.png?resize=96%2C96&ssl=1\",\"contentUrl\":\"https:\\\/\\\/i0.wp.com\\\/www.jazzzeitung.de\\\/cms\\\/wp-content\\\/uploads\\\/2015\\\/08\\\/JAZZZEITUNGDE_Logo_Neu.png?resize=96%2C96&ssl=1\",\"caption\":\"Redaktion JazzZeitung\"},\"description\":\"Artikel der Redaktion der JazzZeitung.\",\"sameAs\":[\"http:\\\/\\\/www.jazzzeitung.de\\\/cms\\\/\"],\"url\":\"https:\\\/\\\/www.jazzzeitung.de\\\/cms\\\/author\\\/redaktion\\\/\"}]}<\/script>\n<!-- \/ Yoast SEO plugin. -->","yoast_head_json":{"title":"Ludwig\u2019s Finest - Matthias Schriefl mit Beethoven in der Unterfahrt - JazzZeitung","robots":{"index":"index","follow":"follow","max-snippet":"max-snippet:-1","max-image-preview":"max-image-preview:large","max-video-preview":"max-video-preview:-1"},"canonical":"https:\/\/www.jazzzeitung.de\/cms\/2020\/11\/ludwigs-finest-matthias-schriefl-mit-beethoven-in-der-unterfahrt\/","og_locale":"de_DE","og_type":"article","og_title":"Ludwig\u2019s Finest - Matthias Schriefl mit Beethoven in der Unterfahrt - JazzZeitung","og_description":"Manchmal wirkt Matthias Schriefl wie ein Grimmelshausen des Jazz. Dann schl\u00fcpft er in die Rollen eines Simplizissimus\u2019, um Aberwitziges mit der Geste des Naiven zu pr\u00e4sentieren. Ein bisschen Unsicherheit ist auch dabei, etwa dem strukturell r\u00e4tselhaften Medium des Streams gegen\u00fcber, das der Unmittelbarkeit des Live-Erlebens die Glocke des Artifiziellen \u00fcberst\u00fclpt, ohne k\u00fcnstlich sein zu wollen. Famos einerseits, weil es das Verbotene \u2013 den Kontakt mit der Musik in der Gemeinschaft von K\u00fcnstler und Publikum \u2013 als mediale Mischform zug\u00e4nglich macht, bleibt es f\u00fcr jemanden wie Schriefl ein Konstrukt, das er irgendwie zu untergraben versucht. Denn normalerweise zehrt seine Pr\u00e4senz von der Interaktion mit den Zuh\u00f6rern, vom Aberwitz schr\u00e4ger Aktionen, seltsamer Kost\u00fcme und schriller akustischer \u00dcberraschungen in Kombination mit bet\u00f6render Musikalit\u00e4t und hinrei\u00dfender Virtuosit\u00e4t. Beim Medium Stream bleiben davor noch enigmatisch alberne Ansagen \u00fcbrig und die Konzentration auf den gestalterischen Gehalt, der allerdings vor Opulenz nur so brodelt. Ein rasantes Gipfeltreffen Und der die beteiligen Musiker des Septetts Six Alps &amp; Jazz schwitzen l\u00e4sst. Denn Schriefl hat eingedenk des fast vergessenen Jubeljahres ein Beethoven-Programm konzipiert, das einige Gassenhauer des Meisters mit einer Mischung aus Frechheit und &hellip;","og_url":"https:\/\/www.jazzzeitung.de\/cms\/2020\/11\/ludwigs-finest-matthias-schriefl-mit-beethoven-in-der-unterfahrt\/","og_site_name":"JazzZeitung","article_publisher":"https:\/\/www.facebook.com\/JazzZeitung\/","article_published_time":"2020-11-30T11:34:29+00:00","og_image":[{"width":1280,"height":853,"url":"https:\/\/i0.wp.com\/www.jazzzeitung.de\/cms\/wp-content\/uploads\/2020\/11\/DSC01115-Six-Alps-Jazz-c-Ralf-Dombrowski.jpg?fit=1280%2C853&ssl=1","type":"image\/jpeg"}],"author":"Ralf Dombrowski","schema":{"@context":"https:\/\/schema.org","@graph":[{"@type":"Article","@id":"https:\/\/www.jazzzeitung.de\/cms\/2020\/11\/ludwigs-finest-matthias-schriefl-mit-beethoven-in-der-unterfahrt\/#article","isPartOf":{"@id":"https:\/\/www.jazzzeitung.de\/cms\/2020\/11\/ludwigs-finest-matthias-schriefl-mit-beethoven-in-der-unterfahrt\/"},"author":{"name":"Redaktion JazzZeitung","@id":"https:\/\/www.jazzzeitung.de\/cms\/#\/schema\/person\/2245b36b9cd1d24cea10f01c031fb92b"},"headline":"Ludwig\u2019s Finest &#8211; Matthias Schriefl mit Beethoven in der Unterfahrt","datePublished":"2020-11-30T11:34:29+00:00","mainEntityOfPage":{"@id":"https:\/\/www.jazzzeitung.de\/cms\/2020\/11\/ludwigs-finest-matthias-schriefl-mit-beethoven-in-der-unterfahrt\/"},"wordCount":464,"commentCount":1,"publisher":{"@id":"https:\/\/www.jazzzeitung.de\/cms\/#organization"},"image":{"@id":"https:\/\/www.jazzzeitung.de\/cms\/2020\/11\/ludwigs-finest-matthias-schriefl-mit-beethoven-in-der-unterfahrt\/#primaryimage"},"thumbnailUrl":"https:\/\/i0.wp.com\/www.jazzzeitung.de\/cms\/wp-content\/uploads\/2020\/11\/DSC01115-Six-Alps-Jazz-c-Ralf-Dombrowski.jpg?fit=1280%2C853&ssl=1","keywords":["Beethoven","Festival","Matthoas Schriefl","Ralf Dombrowski","Six Alps","Stream","Unterfahrt"],"articleSection":["Bericht","Galerie"],"inLanguage":"de","potentialAction":[{"@type":"CommentAction","name":"Comment","target":["https:\/\/www.jazzzeitung.de\/cms\/2020\/11\/ludwigs-finest-matthias-schriefl-mit-beethoven-in-der-unterfahrt\/#respond"]}]},{"@type":"WebPage","@id":"https:\/\/www.jazzzeitung.de\/cms\/2020\/11\/ludwigs-finest-matthias-schriefl-mit-beethoven-in-der-unterfahrt\/","url":"https:\/\/www.jazzzeitung.de\/cms\/2020\/11\/ludwigs-finest-matthias-schriefl-mit-beethoven-in-der-unterfahrt\/","name":"Ludwig\u2019s Finest - Matthias Schriefl mit Beethoven in der Unterfahrt - JazzZeitung","isPartOf":{"@id":"https:\/\/www.jazzzeitung.de\/cms\/#website"},"primaryImageOfPage":{"@id":"https:\/\/www.jazzzeitung.de\/cms\/2020\/11\/ludwigs-finest-matthias-schriefl-mit-beethoven-in-der-unterfahrt\/#primaryimage"},"image":{"@id":"https:\/\/www.jazzzeitung.de\/cms\/2020\/11\/ludwigs-finest-matthias-schriefl-mit-beethoven-in-der-unterfahrt\/#primaryimage"},"thumbnailUrl":"https:\/\/i0.wp.com\/www.jazzzeitung.de\/cms\/wp-content\/uploads\/2020\/11\/DSC01115-Six-Alps-Jazz-c-Ralf-Dombrowski.jpg?fit=1280%2C853&ssl=1","datePublished":"2020-11-30T11:34:29+00:00","breadcrumb":{"@id":"https:\/\/www.jazzzeitung.de\/cms\/2020\/11\/ludwigs-finest-matthias-schriefl-mit-beethoven-in-der-unterfahrt\/#breadcrumb"},"inLanguage":"de","potentialAction":[{"@type":"ReadAction","target":["https:\/\/www.jazzzeitung.de\/cms\/2020\/11\/ludwigs-finest-matthias-schriefl-mit-beethoven-in-der-unterfahrt\/"]}]},{"@type":"ImageObject","inLanguage":"de","@id":"https:\/\/www.jazzzeitung.de\/cms\/2020\/11\/ludwigs-finest-matthias-schriefl-mit-beethoven-in-der-unterfahrt\/#primaryimage","url":"https:\/\/i0.wp.com\/www.jazzzeitung.de\/cms\/wp-content\/uploads\/2020\/11\/DSC01115-Six-Alps-Jazz-c-Ralf-Dombrowski.jpg?fit=1280%2C853&ssl=1","contentUrl":"https:\/\/i0.wp.com\/www.jazzzeitung.de\/cms\/wp-content\/uploads\/2020\/11\/DSC01115-Six-Alps-Jazz-c-Ralf-Dombrowski.jpg?fit=1280%2C853&ssl=1","width":1280,"height":853,"caption":"Matthias Schriefl\u2019s Six Alps And Jazz, Unterfahrt Stream Concert, Photo (c) Ralf Dombrowski"},{"@type":"BreadcrumbList","@id":"https:\/\/www.jazzzeitung.de\/cms\/2020\/11\/ludwigs-finest-matthias-schriefl-mit-beethoven-in-der-unterfahrt\/#breadcrumb","itemListElement":[{"@type":"ListItem","position":1,"name":"Startseite","item":"https:\/\/www.jazzzeitung.de\/cms\/"},{"@type":"ListItem","position":2,"name":"Ludwig\u2019s Finest &#8211; Matthias Schriefl mit Beethoven in der Unterfahrt"}]},{"@type":"WebSite","@id":"https:\/\/www.jazzzeitung.de\/cms\/#website","url":"https:\/\/www.jazzzeitung.de\/cms\/","name":"JazzZeitung","description":"Jazz-News und Jazz-Kontroverses","publisher":{"@id":"https:\/\/www.jazzzeitung.de\/cms\/#organization"},"potentialAction":[{"@type":"SearchAction","target":{"@type":"EntryPoint","urlTemplate":"https:\/\/www.jazzzeitung.de\/cms\/?s={search_term_string}"},"query-input":{"@type":"PropertyValueSpecification","valueRequired":true,"valueName":"search_term_string"}}],"inLanguage":"de"},{"@type":"Organization","@id":"https:\/\/www.jazzzeitung.de\/cms\/#organization","name":"JazzZeitung online","url":"https:\/\/www.jazzzeitung.de\/cms\/","logo":{"@type":"ImageObject","inLanguage":"de","@id":"https:\/\/www.jazzzeitung.de\/cms\/#\/schema\/logo\/image\/","url":"https:\/\/i0.wp.com\/www.jazzzeitung.de\/cms\/wp-content\/uploads\/2015\/08\/JAZZZEITUNGDE_Logo_Neu.png?fit=499%2C200&ssl=1","contentUrl":"https:\/\/i0.wp.com\/www.jazzzeitung.de\/cms\/wp-content\/uploads\/2015\/08\/JAZZZEITUNGDE_Logo_Neu.png?fit=499%2C200&ssl=1","width":499,"height":200,"caption":"JazzZeitung online"},"image":{"@id":"https:\/\/www.jazzzeitung.de\/cms\/#\/schema\/logo\/image\/"},"sameAs":["https:\/\/www.facebook.com\/JazzZeitung\/"]},{"@type":"Person","@id":"https:\/\/www.jazzzeitung.de\/cms\/#\/schema\/person\/2245b36b9cd1d24cea10f01c031fb92b","name":"Redaktion JazzZeitung","image":{"@type":"ImageObject","inLanguage":"de","@id":"https:\/\/i0.wp.com\/www.jazzzeitung.de\/cms\/wp-content\/uploads\/2015\/08\/JAZZZEITUNGDE_Logo_Neu.png?resize=96%2C96&ssl=159975dcacb611b5700bd619b5daf0a7a","url":"https:\/\/i0.wp.com\/www.jazzzeitung.de\/cms\/wp-content\/uploads\/2015\/08\/JAZZZEITUNGDE_Logo_Neu.png?resize=96%2C96&ssl=1","contentUrl":"https:\/\/i0.wp.com\/www.jazzzeitung.de\/cms\/wp-content\/uploads\/2015\/08\/JAZZZEITUNGDE_Logo_Neu.png?resize=96%2C96&ssl=1","caption":"Redaktion JazzZeitung"},"description":"Artikel der Redaktion der JazzZeitung.","sameAs":["http:\/\/www.jazzzeitung.de\/cms\/"],"url":"https:\/\/www.jazzzeitung.de\/cms\/author\/redaktion\/"}]}},"wp-worthy-pixel":{"ignored":false,"public":null,"server":null,"url":null},"wp-worthy-type":"normal","jetpack_publicize_connections":[],"cc_featured_image_caption":{"caption_text":"","source_text":"","source_url":""},"jetpack_featured_media_url":"https:\/\/i0.wp.com\/www.jazzzeitung.de\/cms\/wp-content\/uploads\/2020\/11\/DSC01115-Six-Alps-Jazz-c-Ralf-Dombrowski.jpg?fit=1280%2C853&ssl=1","jetpack_shortlink":"https:\/\/wp.me\/p3KEcT-6dm","jetpack-related-posts":[{"id":6412,"url":"https:\/\/www.jazzzeitung.de\/cms\/2015\/06\/alpenjazz-jazzfestival-im-hotel-kronthaler-achensee\/","url_meta":{"origin":23892,"position":0},"title":"Alpenjazz \u2013 Jazzfestival im Hotel Kronthaler am Achensee","author":"Redaktion JazzZeitung","date":"18. Juni 2015","format":false,"excerpt":"Von 17. bis 19. Juli 2015 erklingen am Achensee schr\u00e4ge T\u00f6ne aus Blasinstrumenten, neben jazzigem Wohlklang aus weiblichen Kehlen: Der Sommer steht ganz im Zeichen des Heimatsounds. Beim Alpenjazz-Festival gehen K\u00fcnstler ihrer Herkunft aus den Alpenregionen nach. Matthias Schriefl, die Damen von Netnakisum, David Helbock und nicht zuletzt Christian Wegscheider\u2026","rel":"","context":"In &quot;News&quot;","block_context":{"text":"News","link":"https:\/\/www.jazzzeitung.de\/cms\/thema\/nachrichten\/"},"img":{"alt_text":"Drei Frauen an Geige, Bratsche und Cello, das sind: Netnakisum","src":"https:\/\/i0.wp.com\/www.jazzzeitung.de\/cms\/wp-content\/uploads\/2015\/06\/Netnakisum-150x150.jpg?resize=350%2C200","width":350,"height":200},"classes":[]},{"id":8045,"url":"https:\/\/www.jazzzeitung.de\/cms\/2016\/01\/news-berlin-21-deutschland-eroeffnet-die-diesjaehrigen-emsdettener-jazztage-mit-dynamisch-urbanen-klaengen-grias-di-gott-laendle-swingender-bigband-jazz-matthias-schriefl-trifft-h\/","url_meta":{"origin":23892,"position":1},"title":"+++ News +++\u201eBerlin 21\u201c (Deutschland) er\u00f6ffnet die diesj\u00e4hrigen Emsdettener Jazztage mit dynamisch urbanen Kl\u00e4ngen +++ \u201eGrias di Gott L\u00e4ndle\u201c \u2013 Swingender  Bigband Jazz: Matthias Schriefl trifft Horns Up in Landsberg, Immenstadt und Kaufbeuren +++ Das Kulturamt informiert: Ausschreibung zum Leipziger Jazznachwuchspreis der Marion Ermer Stiftung 2016 +++","author":"Redaktion JazzZeitung","date":"8. Januar 2016","format":false,"excerpt":"+++ \u201eBerlin 21\u201c (Deutschland) er\u00f6ffnet die diesj\u00e4hrigen Emsdettener Jazztage mit dynamisch urbanen Kl\u00e4ngen +++ Drei Tage, vom 25. bis 27. Februar dauern die 18. Emsdettener Jazztage 2016 im Lichthof & Caf\u00e9 in Stroetmanns Fabrik. Das Er\u00f6ffnungs-Quartett \u201eBerlin 21\u201c steht f\u00fcr das quirlige Lebensgef\u00fchl des temperamentvollen Stadtteils Moabit, der gepr\u00e4gt ist\u2026","rel":"","context":"In &quot;News&quot;","block_context":{"text":"News","link":"https:\/\/www.jazzzeitung.de\/cms\/thema\/nachrichten\/"},"img":{"alt_text":"Berlin 21. Foto: Christa Brockmann","src":"https:\/\/i0.wp.com\/www.jazzzeitung.de\/cms\/wp-content\/uploads\/2016\/01\/8_BERLIN21_14.1.14-%C2%A9-Christa-Brockmann-150x150.jpg?resize=350%2C200","width":350,"height":200},"classes":[]},{"id":6678,"url":"https:\/\/www.jazzzeitung.de\/cms\/2015\/07\/alpenjazz-festival-achensee-mit-horn-und-koenigstuba\/","url_meta":{"origin":23892,"position":2},"title":"Alpenjazz Festival, Achensee mit Horn und K\u00f6nigstuba","author":"Redaktion JazzZeitung","date":"23. Juli 2015","format":false,"excerpt":"Text und Fotos von Ralf Dombrowski - Ab der siebten Oktave wird die Obertonreihe chromatisch. Gut zu wissen f\u00fcr Blasinstrumente ohne Ventile, aber kaum zu spielen, vor allem, wenn es sich bei dem Teil um ein Alphorn handelt. Tats\u00e4chlich beherrschen nur wenige Musiker weltweit \u00fcberhaupt das chromatische Agieren am Alphorn,\u2026","rel":"","context":"In &quot;Bericht&quot;","block_context":{"text":"Bericht","link":"https:\/\/www.jazzzeitung.de\/cms\/thema\/bericht\/"},"img":{"alt_text":"","src":"https:\/\/i0.wp.com\/www.jazzzeitung.de\/cms\/wp-content\/uploads\/2015\/07\/0K3A1674-Random-Control-Ba%C2%A8r-dombr.jpg?resize=350%2C200","width":350,"height":200,"srcset":"https:\/\/i0.wp.com\/www.jazzzeitung.de\/cms\/wp-content\/uploads\/2015\/07\/0K3A1674-Random-Control-Ba%C2%A8r-dombr.jpg?resize=350%2C200 1x, https:\/\/i0.wp.com\/www.jazzzeitung.de\/cms\/wp-content\/uploads\/2015\/07\/0K3A1674-Random-Control-Ba%C2%A8r-dombr.jpg?resize=525%2C300 1.5x, https:\/\/i0.wp.com\/www.jazzzeitung.de\/cms\/wp-content\/uploads\/2015\/07\/0K3A1674-Random-Control-Ba%C2%A8r-dombr.jpg?resize=700%2C400 2x, https:\/\/i0.wp.com\/www.jazzzeitung.de\/cms\/wp-content\/uploads\/2015\/07\/0K3A1674-Random-Control-Ba%C2%A8r-dombr.jpg?resize=1050%2C600 3x"},"classes":[]},{"id":27986,"url":"https:\/\/www.jazzzeitung.de\/cms\/2022\/08\/alpenrausch-festival-zfuass-am-flaucher-mit-dem-duo-schriefl-baer\/","url_meta":{"origin":23892,"position":3},"title":"Alpenrausch Festival: Z\u2019Fua\u00df am Flaucher mit dem Duo Schriefl-B\u00e4r","author":"Thomas J. Krebs","date":"2. August 2022","format":false,"excerpt":"Am vergangenen Wochenende fand an zwei Tagen in der M\u00fcnchner Isarphilharmonie HP 8 das erste Alpenrausch Festival statt, kuratiert von Stefanie Boltz, die in den vergangenen Jahren bereits erfolgreich nach dem Alpen Jazz am Tiroler Achensee das Alpenspektakel auf Gut Sonnenhausen organisiert und durchgef\u00fchrt hat. Pr\u00e4sentiert wurde sowohl in der\u2026","rel":"","context":"In &quot;Bericht&quot;","block_context":{"text":"Bericht","link":"https:\/\/www.jazzzeitung.de\/cms\/thema\/bericht\/"},"img":{"alt_text":"","src":"https:\/\/i0.wp.com\/www.jazzzeitung.de\/cms\/wp-content\/uploads\/2022\/08\/P2242440-Schriefl-Baer-Foto-TJ-Krebs-1.jpg?fit=1200%2C800&ssl=1&resize=350%2C200","width":350,"height":200,"srcset":"https:\/\/i0.wp.com\/www.jazzzeitung.de\/cms\/wp-content\/uploads\/2022\/08\/P2242440-Schriefl-Baer-Foto-TJ-Krebs-1.jpg?fit=1200%2C800&ssl=1&resize=350%2C200 1x, https:\/\/i0.wp.com\/www.jazzzeitung.de\/cms\/wp-content\/uploads\/2022\/08\/P2242440-Schriefl-Baer-Foto-TJ-Krebs-1.jpg?fit=1200%2C800&ssl=1&resize=525%2C300 1.5x, https:\/\/i0.wp.com\/www.jazzzeitung.de\/cms\/wp-content\/uploads\/2022\/08\/P2242440-Schriefl-Baer-Foto-TJ-Krebs-1.jpg?fit=1200%2C800&ssl=1&resize=700%2C400 2x, https:\/\/i0.wp.com\/www.jazzzeitung.de\/cms\/wp-content\/uploads\/2022\/08\/P2242440-Schriefl-Baer-Foto-TJ-Krebs-1.jpg?fit=1200%2C800&ssl=1&resize=1050%2C600 3x"},"classes":[]},{"id":17517,"url":"https:\/\/www.jazzzeitung.de\/cms\/2018\/10\/dont-fear-shreefpunk-die-neue-aufnahme-von-matthias-schriefl\/","url_meta":{"origin":23892,"position":4},"title":"Don\u2019t fear Shreefpunk &#8211; Die neue Aufnahme von Matthias Schriefl","author":"Redaktion JazzZeitung","date":"26. Oktober 2018","format":false,"excerpt":"Egal ob Steuererkl\u00e4rung, S\u00fcdtiroler Rundungen oder St\u00fccke wie Hamburg, Amsterdam, Luxemburg \u2013 was sich Matthias Schriefl in seinen Kompositionen musikalisch vornimmt, strotzt vor Energie, Spontaneit\u00e4t und vor allem Witz. Mit langj\u00e4hrigen Bandkollegen und Wegbegleitern wie Jens D\u00fcppe, Robert Landfermann, Kalle Kalima, Jonas Burgwinkel, Johannes Behr oder Christian Lillinger fr\u00e4st sich\u2026","rel":"","context":"In &quot;Abgeh\u00f6rt&quot;","block_context":{"text":"Abgeh\u00f6rt","link":"https:\/\/www.jazzzeitung.de\/cms\/thema\/abgehoert\/"},"img":{"alt_text":"","src":"https:\/\/i0.wp.com\/www.jazzzeitung.de\/cms\/wp-content\/uploads\/2018\/10\/Schriefl-Shreefpunk-Caver.jpg?fit=1200%2C1075&ssl=1&resize=350%2C200","width":350,"height":200,"srcset":"https:\/\/i0.wp.com\/www.jazzzeitung.de\/cms\/wp-content\/uploads\/2018\/10\/Schriefl-Shreefpunk-Caver.jpg?fit=1200%2C1075&ssl=1&resize=350%2C200 1x, https:\/\/i0.wp.com\/www.jazzzeitung.de\/cms\/wp-content\/uploads\/2018\/10\/Schriefl-Shreefpunk-Caver.jpg?fit=1200%2C1075&ssl=1&resize=525%2C300 1.5x, https:\/\/i0.wp.com\/www.jazzzeitung.de\/cms\/wp-content\/uploads\/2018\/10\/Schriefl-Shreefpunk-Caver.jpg?fit=1200%2C1075&ssl=1&resize=700%2C400 2x, https:\/\/i0.wp.com\/www.jazzzeitung.de\/cms\/wp-content\/uploads\/2018\/10\/Schriefl-Shreefpunk-Caver.jpg?fit=1200%2C1075&ssl=1&resize=1050%2C600 3x"},"classes":[]},{"id":32353,"url":"https:\/\/www.jazzzeitung.de\/cms\/2025\/03\/news-hr-bigband-fuer-deutschen-jazzpreis-nominiert-will-jacobs-in-oberthulba\/","url_meta":{"origin":23892,"position":5},"title":"+++ news +++ hr-Bigband f\u00fcr Deutschen Jazzpreis nominiert +++ Will Jacobs in Oberthulba +++","author":"Redaktion JazzZeitung","date":"18. M\u00e4rz 2025","format":false,"excerpt":"+++ hr-Bigband f\u00fcr Deutschen Jazzpreis nominiert +++ Die hr-Bigband ist mit der Produktion \u201eAllg\u00e4u meets India\u201c f\u00fcr den Deutschen Jazzpreis 2025 nominiert. Der 2024 erschienene Konzertmitschnitt der hr-Bigband mit dem Komponisten und Multiinstrumentalisten Matthias Schriefl vom Deutschen Jazzfestival 2018 geht in der Kategorie \u201eRundfunkproduktion des Jahres\u201c an den Start. Der\u2026","rel":"","context":"In &quot;Redaktionelle Nachrichten&quot;","block_context":{"text":"Redaktionelle Nachrichten","link":"https:\/\/www.jazzzeitung.de\/cms\/thema\/redaktion\/"},"img":{"alt_text":"","src":"https:\/\/i0.wp.com\/www.jazzzeitung.de\/cms\/wp-content\/uploads\/2025\/03\/Will-Gary-scaled.jpg?fit=1200%2C800&ssl=1&resize=350%2C200","width":350,"height":200,"srcset":"https:\/\/i0.wp.com\/www.jazzzeitung.de\/cms\/wp-content\/uploads\/2025\/03\/Will-Gary-scaled.jpg?fit=1200%2C800&ssl=1&resize=350%2C200 1x, https:\/\/i0.wp.com\/www.jazzzeitung.de\/cms\/wp-content\/uploads\/2025\/03\/Will-Gary-scaled.jpg?fit=1200%2C800&ssl=1&resize=525%2C300 1.5x, https:\/\/i0.wp.com\/www.jazzzeitung.de\/cms\/wp-content\/uploads\/2025\/03\/Will-Gary-scaled.jpg?fit=1200%2C800&ssl=1&resize=700%2C400 2x, https:\/\/i0.wp.com\/www.jazzzeitung.de\/cms\/wp-content\/uploads\/2025\/03\/Will-Gary-scaled.jpg?fit=1200%2C800&ssl=1&resize=1050%2C600 3x"},"classes":[]}],"jetpack_sharing_enabled":true,"_links":{"self":[{"href":"https:\/\/www.jazzzeitung.de\/cms\/wp-json\/wp\/v2\/posts\/23892","targetHints":{"allow":["GET"]}}],"collection":[{"href":"https:\/\/www.jazzzeitung.de\/cms\/wp-json\/wp\/v2\/posts"}],"about":[{"href":"https:\/\/www.jazzzeitung.de\/cms\/wp-json\/wp\/v2\/types\/post"}],"author":[{"embeddable":true,"href":"https:\/\/www.jazzzeitung.de\/cms\/wp-json\/wp\/v2\/users\/18"}],"replies":[{"embeddable":true,"href":"https:\/\/www.jazzzeitung.de\/cms\/wp-json\/wp\/v2\/comments?post=23892"}],"version-history":[{"count":1,"href":"https:\/\/www.jazzzeitung.de\/cms\/wp-json\/wp\/v2\/posts\/23892\/revisions"}],"predecessor-version":[{"id":23902,"href":"https:\/\/www.jazzzeitung.de\/cms\/wp-json\/wp\/v2\/posts\/23892\/revisions\/23902"}],"wp:featuredmedia":[{"embeddable":true,"href":"https:\/\/www.jazzzeitung.de\/cms\/wp-json\/wp\/v2\/media\/23893"}],"wp:attachment":[{"href":"https:\/\/www.jazzzeitung.de\/cms\/wp-json\/wp\/v2\/media?parent=23892"}],"wp:term":[{"taxonomy":"category","embeddable":true,"href":"https:\/\/www.jazzzeitung.de\/cms\/wp-json\/wp\/v2\/categories?post=23892"},{"taxonomy":"post_tag","embeddable":true,"href":"https:\/\/www.jazzzeitung.de\/cms\/wp-json\/wp\/v2\/tags?post=23892"},{"taxonomy":"author","embeddable":true,"href":"https:\/\/www.jazzzeitung.de\/cms\/wp-json\/wp\/v2\/coauthors?post=23892"}],"curies":[{"name":"wp","href":"https:\/\/api.w.org\/{rel}","templated":true}]}}