{"id":23855,"date":"2020-11-22T12:00:47","date_gmt":"2020-11-22T11:00:47","guid":{"rendered":"https:\/\/www.jazzzeitung.de\/cms\/?p=23855"},"modified":"2020-11-21T19:41:42","modified_gmt":"2020-11-21T18:41:42","slug":"die-jazz-radiowoche-vom-23-11-20-bis-29-11-2020","status":"publish","type":"post","link":"https:\/\/www.jazzzeitung.de\/cms\/2020\/11\/die-jazz-radiowoche-vom-23-11-20-bis-29-11-2020\/","title":{"rendered":"Die Jazz-Radiowoche vom 23.11.20 bis 29.11.2020"},"content":{"rendered":"<p>Ein kleiner Blick in die Jazzwoche 48 im Radio. Die \u00dcbersicht zum <a href=\"https:\/\/service.conbrio.de\/service\/download\/278\/\">Download als PDF<\/a>. Alle Angaben ohne Gew\u00e4hr.<\/p>\n<hr \/>\n<h2>Jazz im Radio (Fernsehen)<\/h2>\n<ul>\n<li><strong>SR2<\/strong> \u2013 <a href=\"http:\/\/www.sr.de\/sr\/sr2\/sendungen_a-z\/uebersicht\/jazznow\/index.html\">JazzNow<\/a> \u2013 Sonntags von 20.04 bis 22.30 Uhr<\/li>\n<li><strong>BR-KLASSIK \u2013 <\/strong><a href=\"https:\/\/www.br-klassik.de\/themen\/jazz-und-weltmusik\/jazztime-die-ganze-welt-des-jazz-100.html\">Jazztime<\/a><strong> \u2013 <\/strong>Von Montag bis Freitag t\u00e4glich um 23.05 Uhr<\/li>\n<li><strong>rbb-kultur<\/strong> \u2013 <a href=\"https:\/\/www.kulturradio.de\/programm\/schema\/sendungen\/late_night_jazz.html\">Late Night Jazz<\/a> \u2013 Sa und So 23:04 \u2013 24:00 Uhr<\/li>\n<li><strong>hr2-kultur<\/strong> \u2013 <a href=\"http:\/\/www.hr2.de\/musik\/jazz\/index.html\">Jazz in hr2-kultur<\/a> \u2013 t\u00e4glich<\/li>\n<li><strong>SWR2<\/strong> \u2013 <a href=\"https:\/\/www.swr.de\/swr2\/programm\/sendungen\/jazz\/startseite-mit-vorschau\/-\/id=659242\/did=13778140\/nid=659242\/13ttn4d\/index.html\">Jazz<\/a> \u2013 t\u00e4glich<\/li>\n<li><strong>Deutschlandfunk<\/strong> \u2013 <a href=\"http:\/\/www.deutschlandfunk.de\/jazz.747.de.html\">Jazz (\u00dcberblick)<\/a> \u2013 <a href=\"http:\/\/www.deutschlandfunk.de\/jazz-live.822.de.html\">Jazz Live<\/a>, <a href=\"http:\/\/www.deutschlandfunk.de\/jazzfacts.824.de.html\">JazzFacts<\/a> und <a href=\"http:\/\/www.deutschlandfunk.de\/milestones.1805.de.html\">Milestones<\/a><\/li>\n<li><strong>Deutschlandfunk Kultur<\/strong> \u2013 <a href=\"http:\/\/www.deutschlandfunkkultur.de\/jazz.1142.de.html\">Jazz<\/a> \u2013 diverse Sendetermine<\/li>\n<li><strong>\u00d61 <\/strong>\u2013 <a href=\"https:\/\/oe1.orf.at\/programm\/\">diverse Sendetermine<\/a><\/li>\n<li><strong>ARTE TV<\/strong> \u2013 <a href=\"https:\/\/www.arte.tv\/de\/videos\/arte-concert\/jazz\/?xtor=AD-6-%5bMV_CFR_ARTE_DE_Google_GEN_GDN%5d-%5bGDN_GEN_Arte_Concerts_Jazz%5d-C-%5bjazz%20musik%5d\">Jazz<\/a><\/li>\n<\/ul>\n<p><strong>Periodika: Dauersendungen ohne gen\u00fcgend Infos \u2013 Tagesbegleitradio<\/strong><\/p>\n<ul>\n<li><strong>SWR 2<\/strong> \u2013 <strong>SWR2 Jazz vor Sechs <\/strong>17:50 bis 18:00<\/li>\n<li><strong>hr2-kultur \u2013<\/strong> <strong>H\u00f6rbar \u2013 Musik grenzenlos <\/strong>19:04 bis 20:00<\/li>\n<li><strong>NDR Info <\/strong>\u2013 <strong>Play Jazz! Das Jazzmagazin<\/strong> 22:05 bis 23:00<\/li>\n<li><strong>MDR Kultur \u2013 Jazz <\/strong>19:05 bis 20:00<\/li>\n<li><strong>MDR Kultur \u2013<\/strong><strong>Jazz Lounge<\/strong> 19:35 bis 20:00<\/li>\n<li><strong>WDR3<\/strong> \u2013 Jazz &amp; World \u2013 Improvisiertes zum Tagesausklang \u2013 Montag bis Freitag, 22.04 \u2013 0:00 Uhr<\/li>\n<li><strong>WDR 3 Pers\u00f6nlich mit G\u00f6tz Alsmann<\/strong> 13:04 bis 15:00 (Samstags)<\/li>\n<\/ul>\n<hr \/>\n<h2>23.11.2020<\/h2>\n<hr \/>\n<p>22:30 bis 23:00 | hr2-kultur<br \/>\n<strong>Jazz Now: Aus dem Dschungel der Neuver\u00f6ffentlichungen<\/strong><\/p>\n<p style=\"padding-left: 40px;\">heute mit: Giovanni Cigui | Keith Jarrett | Francois Lana Trio. Am Mikrofon: Guenter Hottmann<\/p>\n<p>23:05 bis 00:00 | BR-KLASSIK<br \/>\n<strong>Jazztime: Jazztoday<\/strong><\/p>\n<p style=\"padding-left: 40px;\">Neues aus K\u00f6ln: mit dem Pianisten Philip Zoubek, dem Trompeter Bastian Stein und mit dem Bassisten Sebastian Gramss. Auswahl und Moderation: Henning Sieverts<\/p>\n<hr \/>\n<h2>24.11.2020<\/h2>\n<hr \/>\n<p>01:05 bis 05:00 | Deutschlandfunk Kultur<br \/>\n<strong>Tonart: Jazz \u2013 Moderation: Manuela Krause<\/strong><\/p>\n<p>21:03 bis 22:00 | SWR 2<br \/>\n<strong>SWR2 Jazz Session: Cologne Duets \u2013 Jazzduos im Studio des Deutschlandfunks<\/strong><\/p>\n<p style=\"padding-left: 40px;\">Von Thomas Loewner. Die Reihe \u201eCologne Duets\u201c ist eine Reaktion des Deutschlandfunks auf die Corona-Krise: Im Kammermusiksaal des K\u00f6lner Funkhauses fanden in diesem Sommer Aufnahmen von K\u00f6lner Jazz-Musikerinnen und -Musikern statt, die live aber ohne Publikum mitgeschnitten wurden. In dieser Jazz Session gibt es Ausschnitte von drei Auftritten zu h\u00f6ren: Saxofonist und SWR Jazzpreistr\u00e4ger Sebastian Gille trifft auf den Bassisten Robert Landfermann; dessen Kollege David Helm ist gemeinsam mit der Posaunistin Shannon Barnett zu h\u00f6ren und schlie\u00dflich das Duo der Trompeterin Heidi Bayer und Sebastian Scobel am Piano.<\/p>\n<p>21:05 bis 22:00 | Deutschlandfunk<br \/>\n<strong>Jazz Live: Rasanz und Innigkeit (1\/2)<\/strong><\/p>\n<p style=\"padding-left: 40px;\">Nils Wograms Root 70: Nils Wogram, Posaune; Hayden Chisholm, Saxofon; Jochen R\u00fcckert, Schlagzeug; Matt Penman, Kontrabass. Aufnahme vom 20.9.2020 aus dem Loft, K\u00f6ln. Am Mikrofon: Jan Tengeler. (Teil 2 am 1.12.2020)<\/p>\n<p style=\"padding-left: 40px;\">Vor 20 Jahren gr\u00fcndete Posaunist Nils Wogram die Band Root 70 \u2013 ein pianoloses Quartett mit Vorliebe f\u00fcr vertrackte Rhythmen und Viertelt\u00f6ne, aber auch voll tiefer Liebe zur Jazztradition. Diesen Herbst ging das Ausnahmeensemble auf Jubil\u00e4umstour. Auch wenn zur Band zwei Neuseel\u00e4nder geh\u00f6ren und die Musiker heute in der Welt verstreut leben: Root 70 war und ist ein Aush\u00e4ngeschild des deutschen Jazz. Auf derart hohem handwerklichen Niveau, mit solch kompliziertem Material, aber auch mit so unverstellter Sinnlichkeit, hat hier zuvor keine andere Band gespielt. Hauptkomponist des Repertoires ist Bandleader Nils Wogram. Neun Alben hat sein Quartett bisher ver\u00f6ffentlicht; jedes stand im Zeichen eines anderen musikalischen Konzeptes. So f\u00e4cherten Root 70 bekannte Standards der Jazzgeschichte mikrotonal auf, arbeiteten mit Streichern oder widmeten sich dem Blues. F\u00fcr die Jubil\u00e4umstour konnten die vier Musiker aus dem Vollen sch\u00f6pfen.<\/p>\n<p>22:00 bis 00:00 | Bremen Zwei<br \/>\n<strong>Jazz Grooves<\/strong><\/p>\n<p style=\"padding-left: 40px;\">Die ganze Welt des Jazz. Blue Note, Big Band, Neuerscheinungen und bekannte Stars \u2013 und Tipps zum Konzertgeschehen in Bremen und der Region.<\/p>\n<p>22:30 bis 23:00 | hr2-kultur<br \/>\n<strong>Jazzgroove: Am Mikrofon: Guenter Hottmann<\/strong><\/p>\n<p>23:05 bis 00:00 | BR-KLASSIK<br \/>\n<strong>Jazztime: News &amp; Roots<\/strong><\/p>\n<p style=\"padding-left: 40px;\">Neues aus Bayern: Mit dem Trio des N\u00fcrnberger Pianisten Peter Fulda, mit dem oberbayerischen Quartett \u201eBuffzack\u201c und mit dem Trio des Vibraphonisten und amerikanischen Wahl-M\u00fcnchners Tim Collins. Auswahl und Moderation: Henning Sieverts<\/p>\n<hr \/>\n<h2>25.11.2020<\/h2>\n<hr \/>\n<p>19:05 bis 20:00 | BR-KLASSIK<br \/>\n<strong>Classic Sounds in Jazz: Farbenspiele<\/strong><\/p>\n<p style=\"padding-left: 40px;\">Dicke Tonstriche und zarte Soundfl\u00e4chen von Klangfarbenk\u00fcnstlerinnen und K\u00fcnstlern wie Komponistin Maria Schneider, Klarinettist Michel Portal, Tenorsaxofonist Lester Young oder S\u00e4ngerin Cassandra Wilson. Moderation und Auswahl: Ulrich Habersetzer<\/p>\n<p>22:30 bis 23:00 | hr2-kultur<br \/>\n<strong>Jazzfacts<\/strong><\/p>\n<p>23:05 bis 00:00 | BR-KLASSIK<br \/>\n<strong>Jazztime: Jazz aus N\u00fcrnberg: Live-Mitschnitte \u2013 Das Pablo Held Trio beim NUEJAZZ Digital-Festival in N\u00fcrnberg<\/strong><\/p>\n<p style=\"padding-left: 40px;\">Mit Pablo Held (Piano), Robert Landfermann (Bass) und Jonas Burgwinkel (Drums). Aufnahme vom 13. November 2020. Moderation und Auswahl: Beate Sampson<\/p>\n<hr \/>\n<h2>26.11.2020<\/h2>\n<hr \/>\n<p>21:05 bis 22:00 | Deutschlandfunk<br \/>\n<strong>JazzFacts: Fenster zur Welt \u2013 Portr\u00e4t des franz\u00f6sischen Bassisten Claude Tchamitchian<\/strong><\/p>\n<p style=\"padding-left: 40px;\">Von Karl Lippegaus. In Claude Tchamitchians Musik treffen Kulturen aufeinander: Jazz und Klassik, Tradition und Moderne, Orient und Okzident \u2013 zwischen vielen Polen bewegt sich sein Schaffen. Seinem Kontrabass entlockt der geb\u00fcrtige Pariser feinste Nuancen \u2013 und das in einer beeindruckenden Zahl unterschiedlicher Ensembles. Claude Tchamitchians Nachname verweist auf die armenische Herkunft des Vaters, eines Jazzpianisten. Auf seinem Album \u201eTrace\u201c (2016) setzt er sich mit diesen kulturellen Wurzeln auseinander. Auch seine franz\u00f6sische Mutter war Pianistin. Tchamitchian selbst wurde durch die Platte \u201eAfrica Brass\u201c von John Coltrane vom Rock- zum Jazz-Fan. Einiges deutete bei ihm anfangs auf eine Karriere als Rugby-Spieler, doch seit vielen Jahren z\u00e4hlt er zu den herausragenden Kontrabassisten Frankreichs. Er begann erst mit 20 Jahren als Autodidakt und studierte am Konservatorium in Avignon. 1992 erschien sein erstes Soloalbum \u201eJeu d\u2019enfants\u201c (Kinderspiel). In Marseille gr\u00fcndete Tchamitchian ein eigenes Plattenlabel, \u00c9mouvance, das exemplarisch den modernen Jazz \u00e0 la fran\u00e7aise dokumentiert und protegiert. Bis heute formiert er immer neue Ensembles, pflegt aber auch die Solo-Performance und ist in Frankreich ein sehr begehrter Sideman, etwa in Andy Emlers MegaOctet oder in Trioformaten. Claude Tchamitchians gr\u00f6\u00dfte eigene Band ist das 14-k\u00f6pfige, u.a. mit Geige, Cello und zwei Gitarren besetzte Orchester Le Grand Lousadzak, f\u00fcr das er ausschlie\u00dflich selbst komponiert. Aber auch von Duos und Trios bis hin zum Septett reichen seine Formationen.<\/p>\n<p>22:03 bis 23:00 | SWR 2<br \/>\n<strong>SWR2 NOWJazz Session \u2013 #Zusammenspielen \u2013 Die Pianistin und S\u00e4ngerin Olivia Trummer im SWR-Studio, Baden-Baden<\/strong><\/p>\n<p style=\"padding-left: 40px;\">Von Henry Altmann. \u201eZusammenspielen\u201c kann man auch mit sich selbst, jedenfalls wenn man Olivia Trummer hei\u00dft, zwei H\u00e4nde und einen Mund hat. Zur #Zusammenspielen-Aufnahme ins Hans-Rosbaud-Studio des SWR brachte die Pianistin und S\u00e4ngerin sich selbst und ein buntes Programm mit. In so genannten \u201eT\u00e4nzen\u201c, kleinen Zwischenspielen, mit Jazzstandards, Popsongs und Eigenkompositionen breitete die 35-j\u00e4hrige geb\u00fcrtige Stuttgarterin und Gewinnerin des Jazzpreises Baden-W\u00fcrttemberg 2019 ein Portefeuille ihrer musikalischen Welt aus: Klassisches, Jazz, Singer-Song-Writing und Pop, elegant, intim und intensiv.<\/p>\n<p>22:30 bis 23:00 | hr2-kultur<br \/>\n<strong>Jazz Now \u2013 Am Mikrofon: Guenter Hottmann<\/strong><\/p>\n<p>23:05 bis 00:00 | BR-KLASSIK<br \/>\n<strong>Jazztime: All that Jazz<\/strong><\/p>\n<p style=\"padding-left: 40px;\">Die estnische Saxofonistin und Komponistin Maria Faust hat ein Gesp\u00fcr f\u00fcr kuriose aber wirkungsvolle Instrumentierungen. In ihrer Band \u201eMachina\u201c etwa setzt die 41j\u00e4hrige zwei Saxofone, Cello sowie zwei Kontrab\u00e4sse ein und auf dem neuen Album ihres Projekts \u201eSacrum Facere\u201c steht die Kirchenorgel im Mittelpunkt. Die in Tallinn und an zwei d\u00e4nischen Konservatorien ausgebildete Musikerin, die in Kopenhagen lebt, geh\u00f6rt zu den aufregendsten Pers\u00f6nlichkeiten des baltischen Jazz. 2019 nahm Maria Faust am renommierten \u201eBMW Welt Jazz Award\u201c teil. Moderation und Auswahl: Ssirus W. Pakzad<\/p>\n<p>22:05 bis 23:00 | NDR Info<br \/>\n<strong>Jazz Special<\/strong><\/p>\n<p>23:05 bis 00:00 | BR-KLASSIK<br \/>\n<strong>Jazztime: Das Jazzkonzert \u2013 East, West und der Flow \u2013 das Hollotrio<\/strong><\/p>\n<p style=\"padding-left: 40px;\">Mit Klemens Pliem (Saxofon), Wolfram Derschmidt (Kontrabass) und Klemens Marktl (Schlagzeug). Aufnahme vom 21. August 2020 im Rathaushof von Passau. Moderation und Auswahl: Roland Spiegel<\/p>\n<hr \/>\n<h2>28.11.2020<\/h2>\n<hr \/>\n<p>18:05 bis 19:00 | BR-KLASSIK<br \/>\n<strong>Jazz und mehr: Die Erkundenden<\/strong><\/p>\n<p style=\"padding-left: 40px;\">Mit Musik von Stefano Bollani, Martin Tingvall, Jordi Savall, Gabriele Hasler und anderen. Moderation und Auswahl: Roland Spiegel<\/p>\n<p>19:04 bis 20:00 | hr2-kultur<br \/>\n<strong>Live Jazz: Sketchbook Orchestra feat. <\/strong><strong>Wolfgang Puschnig | ORF RadioKulturhaus Wien, November 2019<\/strong><\/p>\n<p style=\"padding-left: 40px;\">Konzerte, die es (noch) nicht oder nie auf Platte gibt.<\/p>\n<p>20:04 bis 22:00 | WDR 3<br \/>\n<strong>WDR 3 Konzert: A Tiny Big Band Adventure<\/strong><\/p>\n<p style=\"padding-left: 40px;\">Reinier Baas, Gitarre; Mitglieder der WDR Big Band, Klavier und Leitung: Christian Els\u00e4sser. Aufnahme aus der Stadthalle Hilden<\/p>\n<p style=\"padding-left: 40px;\">Anders als geplant pr\u00e4sentiert sich die WDR Big Band beim Nachholtermin der Hildener Jazztage in kompakter Ensemble-St\u00e4rke.<\/p>\n<p style=\"padding-left: 40px;\">Es ist oft gar nicht einfach \u00fcber Musik zu sprechen, manchmal f\u00e4llt es auch den Musiker*innen selbst schwer, ihre Werke in Worte zu fassen. Im Falle von Reinier Baas hilft ein Blick in dessen Diskographie: vor acht Jahren hat der niederl\u00e4ndische Gitarrist Reinier Baas ein Album mit dem Titel \u201eMostly Improvised Instrumental Indie Music\u201c ver\u00f6ffentlicht. Improvisation, instrumentale Musik und Unabh\u00e4ngigkeit sind tats\u00e4chlich drei S\u00e4ulen im Leben dieses jungen K\u00fcnstlers. Als vierte S\u00e4ule sollte man unbedingt noch seine kompromisslose Bereitschaft zum Risiko hinzuf\u00fcgen. Jetzt kommt Reinier Baas zum ersten Mal zur WDR Big Band, um bei den Hildener Jazztagen mit einigen der Bandmitglieder ein einzigartiges Projekt auf die Festivalb\u00fchne zu bringen. Im Mittelpunkt dieser ganz speziellen Deutschland-Premiere stehen Ausz\u00fcge aus seiner \u201e\u00fcberwiegend instrumentalen Oper\u201c namens \u201eReinier Baas vs. Princess Discombobulatrix\u201c.<\/p>\n<p>20:15 bis 21:00 | NDR Info<br \/>\n<strong>Jazz Klassiker: Electric Strings \u2013 Die Pioniere der E-Gitarre im Jazz<\/strong><\/p>\n<p>22:03 bis 23:00 | SWR 2<br \/>\n<strong>SWR2 Jazztime: Am Puls der Zeit \u2013 Fr\u00fche Aufnahmen des legend\u00e4ren Plattenlabels Impulse!<\/strong><\/p>\n<p style=\"padding-left: 40px;\">Von Karsten M\u00fctzelfeld. Im Dezember 1960 entstand mit Impulse! ein Label, das Meilensteine der Jazz-Geschichte ver\u00f6ffentlichte. Schallplatten mit einem unverkennbaren Design und Artwork, mit Schutzfolien und aufklappbarem Cover. Urspr\u00fcnglich hatte der Gr\u00fcnder und Produzent Creed Taylor vorgehabt, das Label Pulse zu nennen. Weil der Name bereits urheberrechtlich gesch\u00fctzt war, entschied er sich f\u00fcr Impulse!. SWR2 Jazztime l\u00e4sst den heute 91-j\u00e4hrigen Taylor zu Worte kommen und erinnert an die Anf\u00e4nge der Plattenfirma, mit Aufnahmen von Ray Charles, Gil Evans, J.J. Johnson, Kai Winding, Oliver Nelson und John Coltrane.<\/p>\n<p>22:05 bis 23:00 | NDR Info<br \/>\n<strong>Jazz Konzert: Bill Frisell\u2019s Disfarmer Project<\/strong><\/p>\n<p style=\"padding-left: 40px;\">NDR-Aufnahme vom M\u00e4rz 2011. Mit Felix Tenbaum<\/p>\n<hr \/>\n<h2>29.11.2020<\/h2>\n<hr \/>\n<p>00:05 bis 02:00 | Bayern 2<br \/>\n<strong>radioJazznacht: Mit Marcus A. Woelfle<\/strong><\/p>\n<p style=\"padding-left: 40px;\">\u201eBlue Concept\u201c \u2013 Zum 95. Geburtstag des Altsaxophonisten, Komponisten und Arrangeurs Gigi Gryce<\/p>\n<p style=\"padding-left: 40px;\">Er schrieb so ansprechende Themen wie \u201eMinority\u201c, \u201eNica\u2019s Tempo\u201c und \u201eSocial Call\u201c. Sein Sound auf dem Altsaxophon war unverwechselbar, seine Partituren zeigen ihn als einen der herausragenden Arrangeure der 50er Jahre. Gr\u00f6\u00dfen wie Clifford Brown, Thelonious Monk, Dizzy Gillespie und Max Roach arbeiteten mit ihm. Und doch zog er sich zu Beginn der 60er Jahre \u00fcberraschend aus der Jazz-Szene zur\u00fcck und wurde Musiklehrer. Ein Gro\u00dfer, den es wiederzuentdecken gilt. Am 28. November h\u00e4tte Gigi Gryce seinen 90. Geburtstag gefeiert. Moderation und Auswahl: Marcus A. Woelfle<\/p>\n<p>19:04 bis 20:00 | hr2-kultur<br \/>\n<strong>hr-Bigband: Konzerte und Produktionen<\/strong><\/p>\n<p>20:04 bis 21:30 | SR2 KulturRadio<br \/>\n<strong>JazzNow: Festival Resonanzen 2020<\/strong><\/p>\n<p style=\"padding-left: 40px;\">Anny Hwang &amp; Greg Cohen. Aufnahme vom 09. Oktober im Pingusson Bau Saarbr\u00fccken<\/p>\n<p>22:05 bis 23:00 | NDR Info<br \/>\n<strong>Jazz NDR Bigband: NDR Bigband feat. Maria Schneider \u2013 Mit Henry Altmann<\/strong><\/p>\n<p>23:15 bis 00:00 | hr2-kultur<br \/>\n<strong>H\u00f6rbar | Musik grenzenlos<\/strong><\/p>\n<p>&nbsp;<\/p>\n","protected":false},"excerpt":{"rendered":"<p>Ein kleiner Blick in die Jazzwoche 48 im Radio. Alle Angaben ohne Gew\u00e4hr. Unter anderem: \u201eBlue Concept\u201c \u2013 Zum 95. Geburtstag des Altsaxophonisten, Komponisten und Arrangeurs Gigi Gryce<\/p>\n","protected":false},"author":1,"featured_media":18913,"comment_status":"open","ping_status":"closed","sticky":false,"template":"","format":"standard","meta":{"_jetpack_memberships_contains_paid_content":false,"footnotes":"","jetpack_publicize_message":"","jetpack_publicize_feature_enabled":true,"jetpack_social_post_already_shared":false,"jetpack_social_options":{"image_generator_settings":{"template":"highway","default_image_id":0,"font":"","enabled":false},"version":2}},"categories":[633,452],"tags":[1629],"coauthors":[650],"class_list":["post-23855","post","type-post","status-publish","format-standard","has-post-thumbnail","hentry","category-nachrichten","category-radio","tag-jazz-im-radio"],"yoast_head":"<!-- This site is optimized with the Yoast SEO plugin v27.5 - https:\/\/yoast.com\/product\/yoast-seo-wordpress\/ -->\n<title>Die Jazz-Radiowoche vom 23.11.20 bis 29.11.2020 - JazzZeitung<\/title>\n<meta name=\"robots\" content=\"index, follow, max-snippet:-1, max-image-preview:large, max-video-preview:-1\" \/>\n<link rel=\"canonical\" href=\"https:\/\/www.jazzzeitung.de\/cms\/2020\/11\/die-jazz-radiowoche-vom-23-11-20-bis-29-11-2020\/\" \/>\n<meta property=\"og:locale\" content=\"de_DE\" \/>\n<meta property=\"og:type\" content=\"article\" \/>\n<meta property=\"og:title\" content=\"Die Jazz-Radiowoche vom 23.11.20 bis 29.11.2020 - JazzZeitung\" \/>\n<meta property=\"og:description\" content=\"Ein kleiner Blick in die Jazzwoche 48 im Radio. Alle Angaben ohne Gew\u00e4hr. Unter anderem: \u201eBlue Concept\u201c \u2013 Zum 95. Geburtstag des Altsaxophonisten, Komponisten und Arrangeurs Gigi Gryce\" \/>\n<meta property=\"og:url\" content=\"https:\/\/www.jazzzeitung.de\/cms\/2020\/11\/die-jazz-radiowoche-vom-23-11-20-bis-29-11-2020\/\" \/>\n<meta property=\"og:site_name\" content=\"JazzZeitung\" \/>\n<meta property=\"article:publisher\" content=\"https:\/\/www.facebook.com\/JazzZeitung\/\" \/>\n<meta property=\"article:author\" content=\"https:\/\/www.facebook.com\/hufner\" \/>\n<meta property=\"article:published_time\" content=\"2020-11-22T11:00:47+00:00\" \/>\n<meta property=\"og:image\" content=\"https:\/\/i0.wp.com\/www.jazzzeitung.de\/cms\/wp-content\/uploads\/2019\/03\/jazz_im_radio.jpg?fit=2200%2C1417&ssl=1\" \/>\n\t<meta property=\"og:image:width\" content=\"2200\" \/>\n\t<meta property=\"og:image:height\" content=\"1417\" \/>\n\t<meta property=\"og:image:type\" content=\"image\/jpeg\" \/>\n<meta name=\"author\" content=\"Martin Hufner\" \/>\n<script type=\"application\/ld+json\" class=\"yoast-schema-graph\">{\"@context\":\"https:\\\/\\\/schema.org\",\"@graph\":[{\"@type\":\"Article\",\"@id\":\"https:\\\/\\\/www.jazzzeitung.de\\\/cms\\\/2020\\\/11\\\/die-jazz-radiowoche-vom-23-11-20-bis-29-11-2020\\\/#article\",\"isPartOf\":{\"@id\":\"https:\\\/\\\/www.jazzzeitung.de\\\/cms\\\/2020\\\/11\\\/die-jazz-radiowoche-vom-23-11-20-bis-29-11-2020\\\/\"},\"author\":{\"name\":\"Martin Hufner\",\"@id\":\"https:\\\/\\\/www.jazzzeitung.de\\\/cms\\\/#\\\/schema\\\/person\\\/b9a4e5ac765d94fb8f617bfa8f1fc5f7\"},\"headline\":\"Die Jazz-Radiowoche vom 23.11.20 bis 29.11.2020\",\"datePublished\":\"2020-11-22T11:00:47+00:00\",\"mainEntityOfPage\":{\"@id\":\"https:\\\/\\\/www.jazzzeitung.de\\\/cms\\\/2020\\\/11\\\/die-jazz-radiowoche-vom-23-11-20-bis-29-11-2020\\\/\"},\"wordCount\":1650,\"commentCount\":0,\"publisher\":{\"@id\":\"https:\\\/\\\/www.jazzzeitung.de\\\/cms\\\/#organization\"},\"image\":{\"@id\":\"https:\\\/\\\/www.jazzzeitung.de\\\/cms\\\/2020\\\/11\\\/die-jazz-radiowoche-vom-23-11-20-bis-29-11-2020\\\/#primaryimage\"},\"thumbnailUrl\":\"https:\\\/\\\/i0.wp.com\\\/www.jazzzeitung.de\\\/cms\\\/wp-content\\\/uploads\\\/2019\\\/03\\\/jazz_im_radio.jpg?fit=2200%2C1417&ssl=1\",\"keywords\":[\"Jazz im Radio\"],\"articleSection\":[\"News\",\"Radio\"],\"inLanguage\":\"de\",\"potentialAction\":[{\"@type\":\"CommentAction\",\"name\":\"Comment\",\"target\":[\"https:\\\/\\\/www.jazzzeitung.de\\\/cms\\\/2020\\\/11\\\/die-jazz-radiowoche-vom-23-11-20-bis-29-11-2020\\\/#respond\"]}]},{\"@type\":\"WebPage\",\"@id\":\"https:\\\/\\\/www.jazzzeitung.de\\\/cms\\\/2020\\\/11\\\/die-jazz-radiowoche-vom-23-11-20-bis-29-11-2020\\\/\",\"url\":\"https:\\\/\\\/www.jazzzeitung.de\\\/cms\\\/2020\\\/11\\\/die-jazz-radiowoche-vom-23-11-20-bis-29-11-2020\\\/\",\"name\":\"Die Jazz-Radiowoche vom 23.11.20 bis 29.11.2020 - JazzZeitung\",\"isPartOf\":{\"@id\":\"https:\\\/\\\/www.jazzzeitung.de\\\/cms\\\/#website\"},\"primaryImageOfPage\":{\"@id\":\"https:\\\/\\\/www.jazzzeitung.de\\\/cms\\\/2020\\\/11\\\/die-jazz-radiowoche-vom-23-11-20-bis-29-11-2020\\\/#primaryimage\"},\"image\":{\"@id\":\"https:\\\/\\\/www.jazzzeitung.de\\\/cms\\\/2020\\\/11\\\/die-jazz-radiowoche-vom-23-11-20-bis-29-11-2020\\\/#primaryimage\"},\"thumbnailUrl\":\"https:\\\/\\\/i0.wp.com\\\/www.jazzzeitung.de\\\/cms\\\/wp-content\\\/uploads\\\/2019\\\/03\\\/jazz_im_radio.jpg?fit=2200%2C1417&ssl=1\",\"datePublished\":\"2020-11-22T11:00:47+00:00\",\"breadcrumb\":{\"@id\":\"https:\\\/\\\/www.jazzzeitung.de\\\/cms\\\/2020\\\/11\\\/die-jazz-radiowoche-vom-23-11-20-bis-29-11-2020\\\/#breadcrumb\"},\"inLanguage\":\"de\",\"potentialAction\":[{\"@type\":\"ReadAction\",\"target\":[\"https:\\\/\\\/www.jazzzeitung.de\\\/cms\\\/2020\\\/11\\\/die-jazz-radiowoche-vom-23-11-20-bis-29-11-2020\\\/\"]}]},{\"@type\":\"ImageObject\",\"inLanguage\":\"de\",\"@id\":\"https:\\\/\\\/www.jazzzeitung.de\\\/cms\\\/2020\\\/11\\\/die-jazz-radiowoche-vom-23-11-20-bis-29-11-2020\\\/#primaryimage\",\"url\":\"https:\\\/\\\/i0.wp.com\\\/www.jazzzeitung.de\\\/cms\\\/wp-content\\\/uploads\\\/2019\\\/03\\\/jazz_im_radio.jpg?fit=2200%2C1417&ssl=1\",\"contentUrl\":\"https:\\\/\\\/i0.wp.com\\\/www.jazzzeitung.de\\\/cms\\\/wp-content\\\/uploads\\\/2019\\\/03\\\/jazz_im_radio.jpg?fit=2200%2C1417&ssl=1\",\"width\":2200,\"height\":1417,\"caption\":\"Jazz im Radio. Foto: Hufner\"},{\"@type\":\"BreadcrumbList\",\"@id\":\"https:\\\/\\\/www.jazzzeitung.de\\\/cms\\\/2020\\\/11\\\/die-jazz-radiowoche-vom-23-11-20-bis-29-11-2020\\\/#breadcrumb\",\"itemListElement\":[{\"@type\":\"ListItem\",\"position\":1,\"name\":\"Startseite\",\"item\":\"https:\\\/\\\/www.jazzzeitung.de\\\/cms\\\/\"},{\"@type\":\"ListItem\",\"position\":2,\"name\":\"Die Jazz-Radiowoche vom 23.11.20 bis 29.11.2020\"}]},{\"@type\":\"WebSite\",\"@id\":\"https:\\\/\\\/www.jazzzeitung.de\\\/cms\\\/#website\",\"url\":\"https:\\\/\\\/www.jazzzeitung.de\\\/cms\\\/\",\"name\":\"JazzZeitung\",\"description\":\"Jazz-News und Jazz-Kontroverses\",\"publisher\":{\"@id\":\"https:\\\/\\\/www.jazzzeitung.de\\\/cms\\\/#organization\"},\"potentialAction\":[{\"@type\":\"SearchAction\",\"target\":{\"@type\":\"EntryPoint\",\"urlTemplate\":\"https:\\\/\\\/www.jazzzeitung.de\\\/cms\\\/?s={search_term_string}\"},\"query-input\":{\"@type\":\"PropertyValueSpecification\",\"valueRequired\":true,\"valueName\":\"search_term_string\"}}],\"inLanguage\":\"de\"},{\"@type\":\"Organization\",\"@id\":\"https:\\\/\\\/www.jazzzeitung.de\\\/cms\\\/#organization\",\"name\":\"JazzZeitung online\",\"url\":\"https:\\\/\\\/www.jazzzeitung.de\\\/cms\\\/\",\"logo\":{\"@type\":\"ImageObject\",\"inLanguage\":\"de\",\"@id\":\"https:\\\/\\\/www.jazzzeitung.de\\\/cms\\\/#\\\/schema\\\/logo\\\/image\\\/\",\"url\":\"https:\\\/\\\/i0.wp.com\\\/www.jazzzeitung.de\\\/cms\\\/wp-content\\\/uploads\\\/2015\\\/08\\\/JAZZZEITUNGDE_Logo_Neu.png?fit=499%2C200&ssl=1\",\"contentUrl\":\"https:\\\/\\\/i0.wp.com\\\/www.jazzzeitung.de\\\/cms\\\/wp-content\\\/uploads\\\/2015\\\/08\\\/JAZZZEITUNGDE_Logo_Neu.png?fit=499%2C200&ssl=1\",\"width\":499,\"height\":200,\"caption\":\"JazzZeitung online\"},\"image\":{\"@id\":\"https:\\\/\\\/www.jazzzeitung.de\\\/cms\\\/#\\\/schema\\\/logo\\\/image\\\/\"},\"sameAs\":[\"https:\\\/\\\/www.facebook.com\\\/JazzZeitung\\\/\"]},{\"@type\":\"Person\",\"@id\":\"https:\\\/\\\/www.jazzzeitung.de\\\/cms\\\/#\\\/schema\\\/person\\\/b9a4e5ac765d94fb8f617bfa8f1fc5f7\",\"name\":\"Martin Hufner\",\"image\":{\"@type\":\"ImageObject\",\"inLanguage\":\"de\",\"@id\":\"https:\\\/\\\/i0.wp.com\\\/www.jazzzeitung.de\\\/cms\\\/wp-content\\\/uploads\\\/2013\\\/07\\\/huf-06.jpg?resize=96%2C96&ssl=15fcc31aa94540751a3b804516452be00\",\"url\":\"https:\\\/\\\/i0.wp.com\\\/www.jazzzeitung.de\\\/cms\\\/wp-content\\\/uploads\\\/2013\\\/07\\\/huf-06.jpg?resize=96%2C96&ssl=1\",\"contentUrl\":\"https:\\\/\\\/i0.wp.com\\\/www.jazzzeitung.de\\\/cms\\\/wp-content\\\/uploads\\\/2013\\\/07\\\/huf-06.jpg?resize=96%2C96&ssl=1\",\"caption\":\"Martin Hufner\"},\"description\":\"Martin Hufner ist freier Autor der JazzZeitung.\",\"sameAs\":[\"https:\\\/\\\/www.kritische-masse.de\\\/logbuch\",\"https:\\\/\\\/www.facebook.com\\\/hufner\"],\"url\":\"https:\\\/\\\/www.jazzzeitung.de\\\/cms\\\/author\\\/admin\\\/\"}]}<\/script>\n<!-- \/ Yoast SEO plugin. -->","yoast_head_json":{"title":"Die Jazz-Radiowoche vom 23.11.20 bis 29.11.2020 - JazzZeitung","robots":{"index":"index","follow":"follow","max-snippet":"max-snippet:-1","max-image-preview":"max-image-preview:large","max-video-preview":"max-video-preview:-1"},"canonical":"https:\/\/www.jazzzeitung.de\/cms\/2020\/11\/die-jazz-radiowoche-vom-23-11-20-bis-29-11-2020\/","og_locale":"de_DE","og_type":"article","og_title":"Die Jazz-Radiowoche vom 23.11.20 bis 29.11.2020 - JazzZeitung","og_description":"Ein kleiner Blick in die Jazzwoche 48 im Radio. Alle Angaben ohne Gew\u00e4hr. Unter anderem: \u201eBlue Concept\u201c \u2013 Zum 95. Geburtstag des Altsaxophonisten, Komponisten und Arrangeurs Gigi Gryce","og_url":"https:\/\/www.jazzzeitung.de\/cms\/2020\/11\/die-jazz-radiowoche-vom-23-11-20-bis-29-11-2020\/","og_site_name":"JazzZeitung","article_publisher":"https:\/\/www.facebook.com\/JazzZeitung\/","article_author":"https:\/\/www.facebook.com\/hufner","article_published_time":"2020-11-22T11:00:47+00:00","og_image":[{"width":2200,"height":1417,"url":"https:\/\/i0.wp.com\/www.jazzzeitung.de\/cms\/wp-content\/uploads\/2019\/03\/jazz_im_radio.jpg?fit=2200%2C1417&ssl=1","type":"image\/jpeg"}],"author":"Martin Hufner","schema":{"@context":"https:\/\/schema.org","@graph":[{"@type":"Article","@id":"https:\/\/www.jazzzeitung.de\/cms\/2020\/11\/die-jazz-radiowoche-vom-23-11-20-bis-29-11-2020\/#article","isPartOf":{"@id":"https:\/\/www.jazzzeitung.de\/cms\/2020\/11\/die-jazz-radiowoche-vom-23-11-20-bis-29-11-2020\/"},"author":{"name":"Martin Hufner","@id":"https:\/\/www.jazzzeitung.de\/cms\/#\/schema\/person\/b9a4e5ac765d94fb8f617bfa8f1fc5f7"},"headline":"Die Jazz-Radiowoche vom 23.11.20 bis 29.11.2020","datePublished":"2020-11-22T11:00:47+00:00","mainEntityOfPage":{"@id":"https:\/\/www.jazzzeitung.de\/cms\/2020\/11\/die-jazz-radiowoche-vom-23-11-20-bis-29-11-2020\/"},"wordCount":1650,"commentCount":0,"publisher":{"@id":"https:\/\/www.jazzzeitung.de\/cms\/#organization"},"image":{"@id":"https:\/\/www.jazzzeitung.de\/cms\/2020\/11\/die-jazz-radiowoche-vom-23-11-20-bis-29-11-2020\/#primaryimage"},"thumbnailUrl":"https:\/\/i0.wp.com\/www.jazzzeitung.de\/cms\/wp-content\/uploads\/2019\/03\/jazz_im_radio.jpg?fit=2200%2C1417&ssl=1","keywords":["Jazz im Radio"],"articleSection":["News","Radio"],"inLanguage":"de","potentialAction":[{"@type":"CommentAction","name":"Comment","target":["https:\/\/www.jazzzeitung.de\/cms\/2020\/11\/die-jazz-radiowoche-vom-23-11-20-bis-29-11-2020\/#respond"]}]},{"@type":"WebPage","@id":"https:\/\/www.jazzzeitung.de\/cms\/2020\/11\/die-jazz-radiowoche-vom-23-11-20-bis-29-11-2020\/","url":"https:\/\/www.jazzzeitung.de\/cms\/2020\/11\/die-jazz-radiowoche-vom-23-11-20-bis-29-11-2020\/","name":"Die Jazz-Radiowoche vom 23.11.20 bis 29.11.2020 - JazzZeitung","isPartOf":{"@id":"https:\/\/www.jazzzeitung.de\/cms\/#website"},"primaryImageOfPage":{"@id":"https:\/\/www.jazzzeitung.de\/cms\/2020\/11\/die-jazz-radiowoche-vom-23-11-20-bis-29-11-2020\/#primaryimage"},"image":{"@id":"https:\/\/www.jazzzeitung.de\/cms\/2020\/11\/die-jazz-radiowoche-vom-23-11-20-bis-29-11-2020\/#primaryimage"},"thumbnailUrl":"https:\/\/i0.wp.com\/www.jazzzeitung.de\/cms\/wp-content\/uploads\/2019\/03\/jazz_im_radio.jpg?fit=2200%2C1417&ssl=1","datePublished":"2020-11-22T11:00:47+00:00","breadcrumb":{"@id":"https:\/\/www.jazzzeitung.de\/cms\/2020\/11\/die-jazz-radiowoche-vom-23-11-20-bis-29-11-2020\/#breadcrumb"},"inLanguage":"de","potentialAction":[{"@type":"ReadAction","target":["https:\/\/www.jazzzeitung.de\/cms\/2020\/11\/die-jazz-radiowoche-vom-23-11-20-bis-29-11-2020\/"]}]},{"@type":"ImageObject","inLanguage":"de","@id":"https:\/\/www.jazzzeitung.de\/cms\/2020\/11\/die-jazz-radiowoche-vom-23-11-20-bis-29-11-2020\/#primaryimage","url":"https:\/\/i0.wp.com\/www.jazzzeitung.de\/cms\/wp-content\/uploads\/2019\/03\/jazz_im_radio.jpg?fit=2200%2C1417&ssl=1","contentUrl":"https:\/\/i0.wp.com\/www.jazzzeitung.de\/cms\/wp-content\/uploads\/2019\/03\/jazz_im_radio.jpg?fit=2200%2C1417&ssl=1","width":2200,"height":1417,"caption":"Jazz im Radio. Foto: Hufner"},{"@type":"BreadcrumbList","@id":"https:\/\/www.jazzzeitung.de\/cms\/2020\/11\/die-jazz-radiowoche-vom-23-11-20-bis-29-11-2020\/#breadcrumb","itemListElement":[{"@type":"ListItem","position":1,"name":"Startseite","item":"https:\/\/www.jazzzeitung.de\/cms\/"},{"@type":"ListItem","position":2,"name":"Die Jazz-Radiowoche vom 23.11.20 bis 29.11.2020"}]},{"@type":"WebSite","@id":"https:\/\/www.jazzzeitung.de\/cms\/#website","url":"https:\/\/www.jazzzeitung.de\/cms\/","name":"JazzZeitung","description":"Jazz-News und Jazz-Kontroverses","publisher":{"@id":"https:\/\/www.jazzzeitung.de\/cms\/#organization"},"potentialAction":[{"@type":"SearchAction","target":{"@type":"EntryPoint","urlTemplate":"https:\/\/www.jazzzeitung.de\/cms\/?s={search_term_string}"},"query-input":{"@type":"PropertyValueSpecification","valueRequired":true,"valueName":"search_term_string"}}],"inLanguage":"de"},{"@type":"Organization","@id":"https:\/\/www.jazzzeitung.de\/cms\/#organization","name":"JazzZeitung online","url":"https:\/\/www.jazzzeitung.de\/cms\/","logo":{"@type":"ImageObject","inLanguage":"de","@id":"https:\/\/www.jazzzeitung.de\/cms\/#\/schema\/logo\/image\/","url":"https:\/\/i0.wp.com\/www.jazzzeitung.de\/cms\/wp-content\/uploads\/2015\/08\/JAZZZEITUNGDE_Logo_Neu.png?fit=499%2C200&ssl=1","contentUrl":"https:\/\/i0.wp.com\/www.jazzzeitung.de\/cms\/wp-content\/uploads\/2015\/08\/JAZZZEITUNGDE_Logo_Neu.png?fit=499%2C200&ssl=1","width":499,"height":200,"caption":"JazzZeitung online"},"image":{"@id":"https:\/\/www.jazzzeitung.de\/cms\/#\/schema\/logo\/image\/"},"sameAs":["https:\/\/www.facebook.com\/JazzZeitung\/"]},{"@type":"Person","@id":"https:\/\/www.jazzzeitung.de\/cms\/#\/schema\/person\/b9a4e5ac765d94fb8f617bfa8f1fc5f7","name":"Martin Hufner","image":{"@type":"ImageObject","inLanguage":"de","@id":"https:\/\/i0.wp.com\/www.jazzzeitung.de\/cms\/wp-content\/uploads\/2013\/07\/huf-06.jpg?resize=96%2C96&ssl=15fcc31aa94540751a3b804516452be00","url":"https:\/\/i0.wp.com\/www.jazzzeitung.de\/cms\/wp-content\/uploads\/2013\/07\/huf-06.jpg?resize=96%2C96&ssl=1","contentUrl":"https:\/\/i0.wp.com\/www.jazzzeitung.de\/cms\/wp-content\/uploads\/2013\/07\/huf-06.jpg?resize=96%2C96&ssl=1","caption":"Martin Hufner"},"description":"Martin Hufner ist freier Autor der JazzZeitung.","sameAs":["https:\/\/www.kritische-masse.de\/logbuch","https:\/\/www.facebook.com\/hufner"],"url":"https:\/\/www.jazzzeitung.de\/cms\/author\/admin\/"}]}},"wp-worthy-pixel":{"ignored":true,"public":null,"server":null,"url":null},"wp-worthy-type":"normal","jetpack_publicize_connections":[],"cc_featured_image_caption":{"caption_text":"Jazz im Radio","source_text":"Foto: Hufner","source_url":"https:\/\/www.musikkritik.org"},"jetpack_featured_media_url":"https:\/\/i0.wp.com\/www.jazzzeitung.de\/cms\/wp-content\/uploads\/2019\/03\/jazz_im_radio.jpg?fit=2200%2C1417&ssl=1","jetpack_shortlink":"https:\/\/wp.me\/p3KEcT-6cL","jetpack-related-posts":[{"id":22236,"url":"https:\/\/www.jazzzeitung.de\/cms\/2020\/03\/die-jazz-radiowoche-vom-30-03-20-bis-05-04-20\/","url_meta":{"origin":23855,"position":0},"title":"Die Jazz-Radiowoche vom 30.03.20 bis 05.04.20","author":"Martin Hufner","date":"29. M\u00e4rz 2020","format":false,"excerpt":"Ein kleiner Blick in die Jazzwoche 14 im Radio. Alle Angaben ohne Gew\u00e4hr. Jazz im Radio (Fernsehen) SR2 \u2013 JazzNow \u2013 Sonntags von 20.04 bis 22.30 Uhr BR-KLASSIK \u2013 Jazztime \u2013 Von Montag bis Freitag t\u00e4glich um 23.05 Uhr rbb-kultur \u2013 Late Night Jazz \u2013 Sa und So 23:04 \u2013\u2026","rel":"","context":"In &quot;News&quot;","block_context":{"text":"News","link":"https:\/\/www.jazzzeitung.de\/cms\/thema\/nachrichten\/"},"img":{"alt_text":"Jazz im Radio. Foto: Hufner","src":"https:\/\/i0.wp.com\/www.jazzzeitung.de\/cms\/wp-content\/uploads\/2019\/03\/jazz_im_radio.jpg?fit=1200%2C773&ssl=1&resize=350%2C200","width":350,"height":200,"srcset":"https:\/\/i0.wp.com\/www.jazzzeitung.de\/cms\/wp-content\/uploads\/2019\/03\/jazz_im_radio.jpg?fit=1200%2C773&ssl=1&resize=350%2C200 1x, https:\/\/i0.wp.com\/www.jazzzeitung.de\/cms\/wp-content\/uploads\/2019\/03\/jazz_im_radio.jpg?fit=1200%2C773&ssl=1&resize=525%2C300 1.5x, https:\/\/i0.wp.com\/www.jazzzeitung.de\/cms\/wp-content\/uploads\/2019\/03\/jazz_im_radio.jpg?fit=1200%2C773&ssl=1&resize=700%2C400 2x, https:\/\/i0.wp.com\/www.jazzzeitung.de\/cms\/wp-content\/uploads\/2019\/03\/jazz_im_radio.jpg?fit=1200%2C773&ssl=1&resize=1050%2C600 3x"},"classes":[]},{"id":23939,"url":"https:\/\/www.jazzzeitung.de\/cms\/2020\/12\/die-jazz-radiowoche-vom-7-12-20-bis-13-12-2020\/","url_meta":{"origin":23855,"position":1},"title":"Die Jazz-Radiowoche vom 7.12.20 bis 13.12.2020","author":"Martin Hufner","date":"6. Dezember 2020","format":false,"excerpt":"Ein kleiner Blick in die Jazzwoche 50 im Radio. Der ist dieses mal so klein, es steht da n\u00e4mlich gar nichts drin.Grund daf\u00fcr: Die Suchmaschine f\u00fcr Radiosendungen der ARD gibt am dem 7.12.2020 keine Ergebnisse heraus. Versuche der Kontaktaufnahme mit der ARD sind ohne Echo verhallt. Aktuell bleibt es bei\u2026","rel":"","context":"In &quot;News&quot;","block_context":{"text":"News","link":"https:\/\/www.jazzzeitung.de\/cms\/thema\/nachrichten\/"},"img":{"alt_text":"Jazz im Radio. Foto: Hufner","src":"https:\/\/i0.wp.com\/www.jazzzeitung.de\/cms\/wp-content\/uploads\/2019\/03\/jazz_im_radio.jpg?fit=1200%2C773&ssl=1&resize=350%2C200","width":350,"height":200,"srcset":"https:\/\/i0.wp.com\/www.jazzzeitung.de\/cms\/wp-content\/uploads\/2019\/03\/jazz_im_radio.jpg?fit=1200%2C773&ssl=1&resize=350%2C200 1x, https:\/\/i0.wp.com\/www.jazzzeitung.de\/cms\/wp-content\/uploads\/2019\/03\/jazz_im_radio.jpg?fit=1200%2C773&ssl=1&resize=525%2C300 1.5x, https:\/\/i0.wp.com\/www.jazzzeitung.de\/cms\/wp-content\/uploads\/2019\/03\/jazz_im_radio.jpg?fit=1200%2C773&ssl=1&resize=700%2C400 2x, https:\/\/i0.wp.com\/www.jazzzeitung.de\/cms\/wp-content\/uploads\/2019\/03\/jazz_im_radio.jpg?fit=1200%2C773&ssl=1&resize=1050%2C600 3x"},"classes":[]},{"id":21609,"url":"https:\/\/www.jazzzeitung.de\/cms\/2020\/01\/die-jazz-radiowoche-vom-06-01-20-bis-12-01-20-notausgabe\/","url_meta":{"origin":23855,"position":2},"title":"Die Jazz-Radiowoche vom 06.01.20 bis 12.01.20 (Notausgabe)","author":"Martin Hufner","date":"5. Januar 2020","format":false,"excerpt":"Ein kleiner Blick in die Jazzwoche 02 im Radio. Notausgabe! Die \u00dcbersicht zum Download als PDF. Alle Angaben ohne Gew\u00e4hr. Jazz im Radio (Fernsehen) SR2 \u2013 JazzNow \u2013 Sonntags von 20.04 bis 22.30 Uhr BR-KLASSIK \u2013 Jazztime \u2013 Von Montag bis Freitag t\u00e4glich um 23.05 Uhr rbb-kultur \u2013 Late Night\u2026","rel":"","context":"In &quot;News&quot;","block_context":{"text":"News","link":"https:\/\/www.jazzzeitung.de\/cms\/thema\/nachrichten\/"},"img":{"alt_text":"Jazz im Radio. Foto: Hufner","src":"https:\/\/i0.wp.com\/www.jazzzeitung.de\/cms\/wp-content\/uploads\/2019\/03\/jazz_im_radio.jpg?fit=1200%2C773&ssl=1&resize=350%2C200","width":350,"height":200,"srcset":"https:\/\/i0.wp.com\/www.jazzzeitung.de\/cms\/wp-content\/uploads\/2019\/03\/jazz_im_radio.jpg?fit=1200%2C773&ssl=1&resize=350%2C200 1x, https:\/\/i0.wp.com\/www.jazzzeitung.de\/cms\/wp-content\/uploads\/2019\/03\/jazz_im_radio.jpg?fit=1200%2C773&ssl=1&resize=525%2C300 1.5x, https:\/\/i0.wp.com\/www.jazzzeitung.de\/cms\/wp-content\/uploads\/2019\/03\/jazz_im_radio.jpg?fit=1200%2C773&ssl=1&resize=700%2C400 2x, https:\/\/i0.wp.com\/www.jazzzeitung.de\/cms\/wp-content\/uploads\/2019\/03\/jazz_im_radio.jpg?fit=1200%2C773&ssl=1&resize=1050%2C600 3x"},"classes":[]},{"id":23982,"url":"https:\/\/www.jazzzeitung.de\/cms\/2020\/12\/die-jazz-radiowoche-vom-14-12-20-bis-31-12-2020\/","url_meta":{"origin":23855,"position":3},"title":"Die Jazz-Radiowoche vom 14.12.20 bis 31.12.2020","author":"Martin Hufner","date":"13. Dezember 2020","format":false,"excerpt":"Ein kleiner Blick in Restmonat. Die Suchmaschine der ARD hat ihren Dienst am 7.12.2020 eingestellt. Nachfragen haben nur gezeigt, dass die Veranwortlichen kein Interesse daran haben, das zu kommunizieren. Weder ist herauszubekommen, wer das veranlasst hat noch warum. Danke ARD! F\u00fcr nichts. Jetzt schauen wir mal, wie es weiter geht.\u2026","rel":"","context":"In &quot;News&quot;","block_context":{"text":"News","link":"https:\/\/www.jazzzeitung.de\/cms\/thema\/nachrichten\/"},"img":{"alt_text":"Jazz im Radio. Foto: Hufner","src":"https:\/\/i0.wp.com\/www.jazzzeitung.de\/cms\/wp-content\/uploads\/2019\/03\/jazz_im_radio.jpg?fit=1200%2C773&ssl=1&resize=350%2C200","width":350,"height":200,"srcset":"https:\/\/i0.wp.com\/www.jazzzeitung.de\/cms\/wp-content\/uploads\/2019\/03\/jazz_im_radio.jpg?fit=1200%2C773&ssl=1&resize=350%2C200 1x, https:\/\/i0.wp.com\/www.jazzzeitung.de\/cms\/wp-content\/uploads\/2019\/03\/jazz_im_radio.jpg?fit=1200%2C773&ssl=1&resize=525%2C300 1.5x, https:\/\/i0.wp.com\/www.jazzzeitung.de\/cms\/wp-content\/uploads\/2019\/03\/jazz_im_radio.jpg?fit=1200%2C773&ssl=1&resize=700%2C400 2x, https:\/\/i0.wp.com\/www.jazzzeitung.de\/cms\/wp-content\/uploads\/2019\/03\/jazz_im_radio.jpg?fit=1200%2C773&ssl=1&resize=1050%2C600 3x"},"classes":[]},{"id":22441,"url":"https:\/\/www.jazzzeitung.de\/cms\/2020\/05\/die-jazz-radiowoche-vom-04-05-20-bis-10-05-20\/","url_meta":{"origin":23855,"position":4},"title":"Die Jazz-Radiowoche vom 04.05.20 bis 10.05.20","author":"Martin Hufner","date":"3. Mai 2020","format":false,"excerpt":"Ein kleiner Blick in die Jazzwoche 19 im Radio. Alle Angaben ohne Gew\u00e4hr. Jazz Special \u2013 Fire Music \u2013 Die unheilige Allianz von Jazz und Krieg | The Space Between \u2013 Mikrotonalit\u00e4t im Jazz","rel":"","context":"In &quot;News&quot;","block_context":{"text":"News","link":"https:\/\/www.jazzzeitung.de\/cms\/thema\/nachrichten\/"},"img":{"alt_text":"Jazz im Radio. Foto: Hufner","src":"https:\/\/i0.wp.com\/www.jazzzeitung.de\/cms\/wp-content\/uploads\/2019\/03\/jazz_im_radio.jpg?fit=1200%2C773&ssl=1&resize=350%2C200","width":350,"height":200,"srcset":"https:\/\/i0.wp.com\/www.jazzzeitung.de\/cms\/wp-content\/uploads\/2019\/03\/jazz_im_radio.jpg?fit=1200%2C773&ssl=1&resize=350%2C200 1x, https:\/\/i0.wp.com\/www.jazzzeitung.de\/cms\/wp-content\/uploads\/2019\/03\/jazz_im_radio.jpg?fit=1200%2C773&ssl=1&resize=525%2C300 1.5x, https:\/\/i0.wp.com\/www.jazzzeitung.de\/cms\/wp-content\/uploads\/2019\/03\/jazz_im_radio.jpg?fit=1200%2C773&ssl=1&resize=700%2C400 2x, https:\/\/i0.wp.com\/www.jazzzeitung.de\/cms\/wp-content\/uploads\/2019\/03\/jazz_im_radio.jpg?fit=1200%2C773&ssl=1&resize=1050%2C600 3x"},"classes":[]},{"id":23135,"url":"https:\/\/www.jazzzeitung.de\/cms\/2020\/08\/die-jazz-radiowoche-vom-10-08-bis-16-08-2020\/","url_meta":{"origin":23855,"position":5},"title":"Die Jazz-Radiowoche vom 10.08. bis 16.08.2020","author":"Martin Hufner","date":"9. August 2020","format":false,"excerpt":"Ein kleiner Blick in die Jazzwoche 33 im Radio. Alle Angaben ohne Gew\u00e4hr. Unter anderem: Botschafter Haitis \u2013 der Altsaxofonist Godwin Lewis","rel":"","context":"In &quot;News&quot;","block_context":{"text":"News","link":"https:\/\/www.jazzzeitung.de\/cms\/thema\/nachrichten\/"},"img":{"alt_text":"Jazz im Radio. Foto: Hufner","src":"https:\/\/i0.wp.com\/www.jazzzeitung.de\/cms\/wp-content\/uploads\/2019\/03\/jazz_im_radio.jpg?fit=1200%2C773&ssl=1&resize=350%2C200","width":350,"height":200,"srcset":"https:\/\/i0.wp.com\/www.jazzzeitung.de\/cms\/wp-content\/uploads\/2019\/03\/jazz_im_radio.jpg?fit=1200%2C773&ssl=1&resize=350%2C200 1x, https:\/\/i0.wp.com\/www.jazzzeitung.de\/cms\/wp-content\/uploads\/2019\/03\/jazz_im_radio.jpg?fit=1200%2C773&ssl=1&resize=525%2C300 1.5x, https:\/\/i0.wp.com\/www.jazzzeitung.de\/cms\/wp-content\/uploads\/2019\/03\/jazz_im_radio.jpg?fit=1200%2C773&ssl=1&resize=700%2C400 2x, https:\/\/i0.wp.com\/www.jazzzeitung.de\/cms\/wp-content\/uploads\/2019\/03\/jazz_im_radio.jpg?fit=1200%2C773&ssl=1&resize=1050%2C600 3x"},"classes":[]}],"jetpack_sharing_enabled":false,"_links":{"self":[{"href":"https:\/\/www.jazzzeitung.de\/cms\/wp-json\/wp\/v2\/posts\/23855","targetHints":{"allow":["GET"]}}],"collection":[{"href":"https:\/\/www.jazzzeitung.de\/cms\/wp-json\/wp\/v2\/posts"}],"about":[{"href":"https:\/\/www.jazzzeitung.de\/cms\/wp-json\/wp\/v2\/types\/post"}],"author":[{"embeddable":true,"href":"https:\/\/www.jazzzeitung.de\/cms\/wp-json\/wp\/v2\/users\/1"}],"replies":[{"embeddable":true,"href":"https:\/\/www.jazzzeitung.de\/cms\/wp-json\/wp\/v2\/comments?post=23855"}],"version-history":[{"count":1,"href":"https:\/\/www.jazzzeitung.de\/cms\/wp-json\/wp\/v2\/posts\/23855\/revisions"}],"predecessor-version":[{"id":23856,"href":"https:\/\/www.jazzzeitung.de\/cms\/wp-json\/wp\/v2\/posts\/23855\/revisions\/23856"}],"wp:featuredmedia":[{"embeddable":true,"href":"https:\/\/www.jazzzeitung.de\/cms\/wp-json\/wp\/v2\/media\/18913"}],"wp:attachment":[{"href":"https:\/\/www.jazzzeitung.de\/cms\/wp-json\/wp\/v2\/media?parent=23855"}],"wp:term":[{"taxonomy":"category","embeddable":true,"href":"https:\/\/www.jazzzeitung.de\/cms\/wp-json\/wp\/v2\/categories?post=23855"},{"taxonomy":"post_tag","embeddable":true,"href":"https:\/\/www.jazzzeitung.de\/cms\/wp-json\/wp\/v2\/tags?post=23855"},{"taxonomy":"author","embeddable":true,"href":"https:\/\/www.jazzzeitung.de\/cms\/wp-json\/wp\/v2\/coauthors?post=23855"}],"curies":[{"name":"wp","href":"https:\/\/api.w.org\/{rel}","templated":true}]}}