{"id":23815,"date":"2020-11-13T08:49:19","date_gmt":"2020-11-13T07:49:19","guid":{"rendered":"https:\/\/www.jazzzeitung.de\/cms\/?p=23815"},"modified":"2020-11-13T10:56:24","modified_gmt":"2020-11-13T09:56:24","slug":"news-deutsche-jazzunion-mit-gender-studiedeutsche-jazzunion-und-allianz-der-freien-kuenste-fordern-unternehmerinnenlohn-und-ausweitung-der-novemberhilfe","status":"publish","type":"post","link":"https:\/\/www.jazzzeitung.de\/cms\/2020\/11\/news-deutsche-jazzunion-mit-gender-studiedeutsche-jazzunion-und-allianz-der-freien-kuenste-fordern-unternehmerinnenlohn-und-ausweitung-der-novemberhilfe\/","title":{"rendered":"News: +++ Deutsche Jazzunion mit Gender-Studie +++ Unternehmer*innenlohn und Ausweitung der Novemberhilfe gefordert +++"},"content":{"rendered":"<h4><strong>Neue Publikation zur Geschlechtergerechtigkeit im Jazz<br \/>\n<\/strong><\/h4>\n<p>Es ist es soweit: Die Publikation <strong>\u201eGender.Macht.Musik. Geschlechtergerechtigkeit im Jazz\u201c<\/strong> der Deutschen Jazzunion als <a href=\"http:\/\/www.deutsche-jazzunion.de\/gender-macht-musik\/\">Download<\/a> erh\u00e4ltlich.<\/p>\n<p>Mit geschlechtsspezifischen Nachauswertungen der jazzstudie2016 und der Mitgliederumfrage 2018 der Deutschen Jazzunion will die Publikation wichtige Einblicke in die aktuelle Situation von Geschlechtergerechtigkeit in der deutschen Jazzlandschaft geben. Mit\u00a0 Beitr\u00e4gen von Laura Block, Bettina Bohle, Wesselina Georgiewa, Urs Johnen und Max K\u00f6rner wollen die wollen die Herausgeber einen kleinen Beitrag zur Verbesserung der Geschlechtergerechtigkeit im Jazz zu leisten \u2013 und vielleicht damit auch in andere Kunst- und Kultursparten hinein zu strahlen und entsprechende Prozesse in Gang zu bringen.<\/p>\n<p>Laura Block, Projektleiterin Gleichstellung bei der Deutschen Jazzunion: &#8222;Mit unserer Ver\u00f6ffentlichung zeigen wir auf, dass der Status quo alles andere als zufriedenstellend ist. Das Geschlecht spielt nach wie vor eine wichtige Rolle f\u00fcr die Karrierem\u00f6glichkeiten von Frauen*; Strukturelle Diskriminierung, Ausgrenzung und Zugangsbarrieren sind leider immer noch Alltag f\u00fcr weibliche Jazzschaffende.<\/p>\n<p>Konsequent weitergedacht bedeutet das Einfordern von Gerechtigkeit im Jazz au\u00dferdem nicht nur eine F\u00f6rderung von Frauen* im Jazz, sondern auch Solidarit\u00e4t mit anderen marginalisierten Menschen in der Jazzszene. Dies beinhaltet eine Bewusstmachung und ein Hinterfragen von Stereotypen und Diskriminierungsmechanismen aller Art, sei es Queer- oder Transfeindlichkeit, Rassismus, Ableism oder Klassismus. An dem Aufbrechen dieser Strukturen wollen wir als Deutsche Jazzunion in Zukunft weiter arbeiten!<\/p>\n<p>Und wir sind auf einem guten Weg: In unserer Arbeit in den vergangenen zwei Jahren sind wir vielen motivierten Menschen aller Geschlechter begegnet, die f\u00fcr den Jazz brennen und gleichzeitig die vorherrschenden Machtmechanismen kritisch hinterfragen. Das Ziel ist klar: eine gerechtere und inklusivere Jazzszene und Gesamtgesellschaft \u2013\u00a0 der Weg dahin geht nur gemeinsam.&#8220;<\/p>\n<h4><strong>Deutsche Jazzunion und Allianz der Freien K\u00fcnste fordern Unternehmer*innenlohn und Ausweitung der Novemberhilfe<\/strong><\/h4>\n<p>Die <a href=\"http:\/\/www.deutsche-jazzunion.de\/category\/neuigkeiten\/\">Deutsche Jazzunion<\/a> fordert gemeinsam mit der <a href=\"http:\/\/allianz-der-freien-kuenste.de\/\">Allianz der Freien K\u00fcnste<\/a> dringend notwendige Verbesserungen bei den Coronahilfen des Bundes f\u00fcr soloselbstst\u00e4ndige Kunst- und Kulturschaffende. Die Allianz der Freien K\u00fcnste schreibt in einer <strong>gemeinsamen Pressemitteilung<\/strong> der 19 in ihr zusammengeschlossenen Bundesverb\u00e4nde:<\/p>\n<blockquote><p>\u201eDie seit Anfang November 2020 geltenden Ma\u00dfnahmen zur Pandemiebek\u00e4mpfung treffen die Kultur- und Kreativwirtschaft unverh\u00e4ltnism\u00e4\u00dfig hart.<\/p>\n<p>Seit mehr als 8 Monaten tragen die Akteur*innen die existenzgef\u00e4hrdenden Ma\u00dfnahmen zur Eind\u00e4mmung der Pandemie solidarisch mit. Dennoch fielen vor allem die zahlreichen Soloselbstst\u00e4ndigen, die hybrid Besch\u00e4ftigten sowie die kleinen Betriebe ohne hohe Betriebskosten bei den Wirtschaftshilfen des Bundes komplett durchs Raster.<\/p>\n<p>Vor diesem Hintergrund begr\u00fc\u00dft die Allianz der Freien K\u00fcnste, dass die von der Bundesregierung in Aussicht gestellte au\u00dferordentliche Wirtschaftshilfe (Novemberhilfe) endlich auch die Soloselbstst\u00e4ndigen einbezieht. Die Zusch\u00fcsse zum Ausgleich von Einnahmeverlusten bis zu 75 % des Vorjahres-Umsatzes und die Wahloption zur Berechnung (Umsatzes November 2019 oder Jahresdurchschnitt) erscheinen als geeignete Instrumente um die Folgen des aktuellen Lockdowns abzufedern. Mit der Senkung der Zugangsh\u00fcrden bis zu einem monatlichen Zuschuss von 5.000 Euro und mit der Sonderregelung f\u00fcr Berufs-Ein- und Umsteiger*innen finden direkte Forderungen der Allianz der Freien K\u00fcnste ihre Umsetzung.<\/p>\n<p>Jetzt m\u00fcssen die angek\u00fcndigten Hilfen unverz\u00fcglich und unb\u00fcrokratisch zug\u00e4nglich gemacht werden. Die Allianz der Freien K\u00fcnste fordert die Bundesregierung auf, die Hilfen bei einer Verl\u00e4ngerung des Lockdowns in gleicher Form auch im Dezember fortzusetzen.<\/p>\n<p>Dar\u00fcber hinaus m\u00fcssen die bei den Novemberhilfen f\u00fcr Soloselbstst\u00e4ndige geltende Wahloption zur Berechnung sowie der erleichterte Zugang (bis 5.000 Euro ohne Steuerberatung) auch f\u00fcr GbRs und Kleinstbetriebe gelten.<\/p>\n<p>Mehrere Vertreter*innen der Bundesregierung k\u00fcndigten an, dass ein Unternehmer*innenlohn im Rahmen der \u00dcberbr\u00fcckungshilfe III (ab Januar 2021) eingef\u00fchrt werden soll. Die Allianz fordert die Bundesregierung zu rascherem Handeln auf. Der Unternehmer*innenlohn f\u00fcr die von der Pandemie betroffenen Soloselbstst\u00e4ndigen ist \u00fcberf\u00e4llig und bedarf unverz\u00fcglicher Umsetzung \u2013 so wie ihn die Fachminister*innen der L\u00e4nder, der Kulturausschuss des Bundesrates, der Deutsche Kulturrat als Spitzenverband der Kulturverb\u00e4nde, die Allianz der Freien K\u00fcnste, eine \u00fcberw\u00e4ltigende Zahl von Fachverb\u00e4nden und nicht zuletzt auch die Beauftragte der Bundesregierung f\u00fcr Kultur und Medien unisono fordern.<\/p>\n<p>Weiterhin braucht es auch in der \u00dcberbr\u00fcckungshilfe III \u00e4hnlich wie bei der sogenannten Novemberhilfe einen erleichterten Zugang, ohne Beauftragung einer Wirtschaftspr\u00fcfung oder Steuerberatung. Hier braucht es schnellstm\u00f6glich Klarheit zu den Eckpunkten des Hilfspaketes. Die Umsetzung darf nicht hinter die Ank\u00fcndigung zur\u00fcckfallen.\u201c<\/p><\/blockquote>\n<p>&nbsp;<\/p>\n","protected":false},"excerpt":{"rendered":"<p>Neue Publikation zur Geschlechtergerechtigkeit im Jazz Es ist es soweit: Die Publikation \u201eGender.Macht.Musik. Geschlechtergerechtigkeit im Jazz\u201c der Deutschen Jazzunion als Download erh\u00e4ltlich. Mit geschlechtsspezifischen Nachauswertungen der jazzstudie2016 und der Mitgliederumfrage 2018 der Deutschen Jazzunion will die Publikation wichtige Einblicke in die aktuelle Situation von Geschlechtergerechtigkeit in der deutschen Jazzlandschaft geben. Mit\u00a0 Beitr\u00e4gen von Laura Block, Bettina Bohle, Wesselina Georgiewa, Urs Johnen und Max K\u00f6rner wollen die wollen die Herausgeber einen kleinen Beitrag zur Verbesserung der Geschlechtergerechtigkeit im Jazz zu leisten \u2013 und vielleicht damit auch in andere Kunst- und Kultursparten hinein zu strahlen und entsprechende Prozesse in Gang zu bringen. Laura Block, Projektleiterin Gleichstellung bei der Deutschen Jazzunion: &#8222;Mit unserer Ver\u00f6ffentlichung zeigen wir auf, dass der Status quo alles andere als zufriedenstellend ist. Das Geschlecht spielt nach wie vor eine wichtige Rolle f\u00fcr die Karrierem\u00f6glichkeiten von Frauen*; Strukturelle Diskriminierung, Ausgrenzung und Zugangsbarrieren sind leider immer noch Alltag f\u00fcr weibliche Jazzschaffende. Konsequent weitergedacht bedeutet das Einfordern von Gerechtigkeit im Jazz au\u00dferdem nicht nur eine F\u00f6rderung von Frauen* im Jazz, sondern auch Solidarit\u00e4t mit anderen marginalisierten Menschen in der Jazzszene. Dies beinhaltet eine Bewusstmachung und ein Hinterfragen &hellip;<\/p>\n","protected":false},"author":18,"featured_media":23825,"comment_status":"open","ping_status":"closed","sticky":false,"template":"","format":"standard","meta":{"_jetpack_memberships_contains_paid_content":false,"footnotes":"","jetpack_publicize_message":"","jetpack_publicize_feature_enabled":true,"jetpack_social_post_already_shared":false,"jetpack_social_options":{"image_generator_settings":{"template":"highway","default_image_id":0,"font":"","enabled":false},"version":2}},"categories":[633],"tags":[2445,1174,1314,3202,2446,2910,1608],"coauthors":[695],"class_list":["post-23815","post","type-post","status-publish","format-standard","has-post-thumbnail","hentry","category-nachrichten","tag-deutsche-jazzunion","tag-download","tag-gender","tag-geschlechtergerechtigkeit","tag-gleichstellung","tag-jazzunion","tag-rassismus"],"yoast_head":"<!-- This site is optimized with the Yoast SEO plugin v27.5 - https:\/\/yoast.com\/product\/yoast-seo-wordpress\/ -->\n<title>News: +++ Deutsche Jazzunion mit Gender-Studie +++ Unternehmer*innenlohn und Ausweitung der Novemberhilfe gefordert +++ - JazzZeitung<\/title>\n<meta name=\"robots\" content=\"index, follow, max-snippet:-1, max-image-preview:large, max-video-preview:-1\" \/>\n<link rel=\"canonical\" href=\"https:\/\/www.jazzzeitung.de\/cms\/2020\/11\/news-deutsche-jazzunion-mit-gender-studiedeutsche-jazzunion-und-allianz-der-freien-kuenste-fordern-unternehmerinnenlohn-und-ausweitung-der-novemberhilfe\/\" \/>\n<meta property=\"og:locale\" content=\"de_DE\" \/>\n<meta property=\"og:type\" content=\"article\" \/>\n<meta property=\"og:title\" content=\"News: +++ Deutsche Jazzunion mit Gender-Studie +++ Unternehmer*innenlohn und Ausweitung der Novemberhilfe gefordert +++ - JazzZeitung\" \/>\n<meta property=\"og:description\" content=\"Neue Publikation zur Geschlechtergerechtigkeit im Jazz Es ist es soweit: Die Publikation \u201eGender.Macht.Musik. Geschlechtergerechtigkeit im Jazz\u201c der Deutschen Jazzunion als Download erh\u00e4ltlich. Mit geschlechtsspezifischen Nachauswertungen der jazzstudie2016 und der Mitgliederumfrage 2018 der Deutschen Jazzunion will die Publikation wichtige Einblicke in die aktuelle Situation von Geschlechtergerechtigkeit in der deutschen Jazzlandschaft geben. Mit\u00a0 Beitr\u00e4gen von Laura Block, Bettina Bohle, Wesselina Georgiewa, Urs Johnen und Max K\u00f6rner wollen die wollen die Herausgeber einen kleinen Beitrag zur Verbesserung der Geschlechtergerechtigkeit im Jazz zu leisten \u2013 und vielleicht damit auch in andere Kunst- und Kultursparten hinein zu strahlen und entsprechende Prozesse in Gang zu bringen. Laura Block, Projektleiterin Gleichstellung bei der Deutschen Jazzunion: &#8222;Mit unserer Ver\u00f6ffentlichung zeigen wir auf, dass der Status quo alles andere als zufriedenstellend ist. Das Geschlecht spielt nach wie vor eine wichtige Rolle f\u00fcr die Karrierem\u00f6glichkeiten von Frauen*; Strukturelle Diskriminierung, Ausgrenzung und Zugangsbarrieren sind leider immer noch Alltag f\u00fcr weibliche Jazzschaffende. Konsequent weitergedacht bedeutet das Einfordern von Gerechtigkeit im Jazz au\u00dferdem nicht nur eine F\u00f6rderung von Frauen* im Jazz, sondern auch Solidarit\u00e4t mit anderen marginalisierten Menschen in der Jazzszene. Dies beinhaltet eine Bewusstmachung und ein Hinterfragen &hellip;\" \/>\n<meta property=\"og:url\" content=\"https:\/\/www.jazzzeitung.de\/cms\/2020\/11\/news-deutsche-jazzunion-mit-gender-studiedeutsche-jazzunion-und-allianz-der-freien-kuenste-fordern-unternehmerinnenlohn-und-ausweitung-der-novemberhilfe\/\" \/>\n<meta property=\"og:site_name\" content=\"JazzZeitung\" \/>\n<meta property=\"article:publisher\" content=\"https:\/\/www.facebook.com\/JazzZeitung\/\" \/>\n<meta property=\"article:published_time\" content=\"2020-11-13T07:49:19+00:00\" \/>\n<meta property=\"article:modified_time\" content=\"2020-11-13T09:56:24+00:00\" \/>\n<meta property=\"og:image\" content=\"https:\/\/i0.wp.com\/www.jazzzeitung.de\/cms\/wp-content\/uploads\/2020\/11\/GENDER.MACHT_.MUSIK_-scaled.jpg?fit=1810%2C2560&ssl=1\" \/>\n\t<meta property=\"og:image:width\" content=\"1810\" \/>\n\t<meta property=\"og:image:height\" content=\"2560\" \/>\n\t<meta property=\"og:image:type\" content=\"image\/jpeg\" \/>\n<meta name=\"author\" content=\"Redaktion JazzZeitung\" \/>\n<script type=\"application\/ld+json\" class=\"yoast-schema-graph\">{\"@context\":\"https:\\\/\\\/schema.org\",\"@graph\":[{\"@type\":\"Article\",\"@id\":\"https:\\\/\\\/www.jazzzeitung.de\\\/cms\\\/2020\\\/11\\\/news-deutsche-jazzunion-mit-gender-studiedeutsche-jazzunion-und-allianz-der-freien-kuenste-fordern-unternehmerinnenlohn-und-ausweitung-der-novemberhilfe\\\/#article\",\"isPartOf\":{\"@id\":\"https:\\\/\\\/www.jazzzeitung.de\\\/cms\\\/2020\\\/11\\\/news-deutsche-jazzunion-mit-gender-studiedeutsche-jazzunion-und-allianz-der-freien-kuenste-fordern-unternehmerinnenlohn-und-ausweitung-der-novemberhilfe\\\/\"},\"author\":{\"name\":\"Redaktion JazzZeitung\",\"@id\":\"https:\\\/\\\/www.jazzzeitung.de\\\/cms\\\/#\\\/schema\\\/person\\\/2245b36b9cd1d24cea10f01c031fb92b\"},\"headline\":\"News: +++ Deutsche Jazzunion mit Gender-Studie +++ Unternehmer*innenlohn und Ausweitung der Novemberhilfe gefordert +++\",\"datePublished\":\"2020-11-13T07:49:19+00:00\",\"dateModified\":\"2020-11-13T09:56:24+00:00\",\"mainEntityOfPage\":{\"@id\":\"https:\\\/\\\/www.jazzzeitung.de\\\/cms\\\/2020\\\/11\\\/news-deutsche-jazzunion-mit-gender-studiedeutsche-jazzunion-und-allianz-der-freien-kuenste-fordern-unternehmerinnenlohn-und-ausweitung-der-novemberhilfe\\\/\"},\"wordCount\":730,\"commentCount\":0,\"publisher\":{\"@id\":\"https:\\\/\\\/www.jazzzeitung.de\\\/cms\\\/#organization\"},\"image\":{\"@id\":\"https:\\\/\\\/www.jazzzeitung.de\\\/cms\\\/2020\\\/11\\\/news-deutsche-jazzunion-mit-gender-studiedeutsche-jazzunion-und-allianz-der-freien-kuenste-fordern-unternehmerinnenlohn-und-ausweitung-der-novemberhilfe\\\/#primaryimage\"},\"thumbnailUrl\":\"https:\\\/\\\/i0.wp.com\\\/www.jazzzeitung.de\\\/cms\\\/wp-content\\\/uploads\\\/2020\\\/11\\\/GENDER.MACHT_.MUSIK_-scaled.jpg?fit=1810%2C2560&ssl=1\",\"keywords\":[\"Deutsche Jazzunion\",\"Download\",\"Gender\",\"Geschlechtergerechtigkeit\",\"Gleichstellung\",\"Jazzunion\",\"Rassismus\"],\"articleSection\":[\"News\"],\"inLanguage\":\"de\",\"potentialAction\":[{\"@type\":\"CommentAction\",\"name\":\"Comment\",\"target\":[\"https:\\\/\\\/www.jazzzeitung.de\\\/cms\\\/2020\\\/11\\\/news-deutsche-jazzunion-mit-gender-studiedeutsche-jazzunion-und-allianz-der-freien-kuenste-fordern-unternehmerinnenlohn-und-ausweitung-der-novemberhilfe\\\/#respond\"]}]},{\"@type\":\"WebPage\",\"@id\":\"https:\\\/\\\/www.jazzzeitung.de\\\/cms\\\/2020\\\/11\\\/news-deutsche-jazzunion-mit-gender-studiedeutsche-jazzunion-und-allianz-der-freien-kuenste-fordern-unternehmerinnenlohn-und-ausweitung-der-novemberhilfe\\\/\",\"url\":\"https:\\\/\\\/www.jazzzeitung.de\\\/cms\\\/2020\\\/11\\\/news-deutsche-jazzunion-mit-gender-studiedeutsche-jazzunion-und-allianz-der-freien-kuenste-fordern-unternehmerinnenlohn-und-ausweitung-der-novemberhilfe\\\/\",\"name\":\"News: +++ Deutsche Jazzunion mit Gender-Studie +++ Unternehmer*innenlohn und Ausweitung der Novemberhilfe gefordert +++ - JazzZeitung\",\"isPartOf\":{\"@id\":\"https:\\\/\\\/www.jazzzeitung.de\\\/cms\\\/#website\"},\"primaryImageOfPage\":{\"@id\":\"https:\\\/\\\/www.jazzzeitung.de\\\/cms\\\/2020\\\/11\\\/news-deutsche-jazzunion-mit-gender-studiedeutsche-jazzunion-und-allianz-der-freien-kuenste-fordern-unternehmerinnenlohn-und-ausweitung-der-novemberhilfe\\\/#primaryimage\"},\"image\":{\"@id\":\"https:\\\/\\\/www.jazzzeitung.de\\\/cms\\\/2020\\\/11\\\/news-deutsche-jazzunion-mit-gender-studiedeutsche-jazzunion-und-allianz-der-freien-kuenste-fordern-unternehmerinnenlohn-und-ausweitung-der-novemberhilfe\\\/#primaryimage\"},\"thumbnailUrl\":\"https:\\\/\\\/i0.wp.com\\\/www.jazzzeitung.de\\\/cms\\\/wp-content\\\/uploads\\\/2020\\\/11\\\/GENDER.MACHT_.MUSIK_-scaled.jpg?fit=1810%2C2560&ssl=1\",\"datePublished\":\"2020-11-13T07:49:19+00:00\",\"dateModified\":\"2020-11-13T09:56:24+00:00\",\"breadcrumb\":{\"@id\":\"https:\\\/\\\/www.jazzzeitung.de\\\/cms\\\/2020\\\/11\\\/news-deutsche-jazzunion-mit-gender-studiedeutsche-jazzunion-und-allianz-der-freien-kuenste-fordern-unternehmerinnenlohn-und-ausweitung-der-novemberhilfe\\\/#breadcrumb\"},\"inLanguage\":\"de\",\"potentialAction\":[{\"@type\":\"ReadAction\",\"target\":[\"https:\\\/\\\/www.jazzzeitung.de\\\/cms\\\/2020\\\/11\\\/news-deutsche-jazzunion-mit-gender-studiedeutsche-jazzunion-und-allianz-der-freien-kuenste-fordern-unternehmerinnenlohn-und-ausweitung-der-novemberhilfe\\\/\"]}]},{\"@type\":\"ImageObject\",\"inLanguage\":\"de\",\"@id\":\"https:\\\/\\\/www.jazzzeitung.de\\\/cms\\\/2020\\\/11\\\/news-deutsche-jazzunion-mit-gender-studiedeutsche-jazzunion-und-allianz-der-freien-kuenste-fordern-unternehmerinnenlohn-und-ausweitung-der-novemberhilfe\\\/#primaryimage\",\"url\":\"https:\\\/\\\/i0.wp.com\\\/www.jazzzeitung.de\\\/cms\\\/wp-content\\\/uploads\\\/2020\\\/11\\\/GENDER.MACHT_.MUSIK_-scaled.jpg?fit=1810%2C2560&ssl=1\",\"contentUrl\":\"https:\\\/\\\/i0.wp.com\\\/www.jazzzeitung.de\\\/cms\\\/wp-content\\\/uploads\\\/2020\\\/11\\\/GENDER.MACHT_.MUSIK_-scaled.jpg?fit=1810%2C2560&ssl=1\",\"width\":1810,\"height\":2560,\"caption\":\"Gender Macht Musik.\"},{\"@type\":\"BreadcrumbList\",\"@id\":\"https:\\\/\\\/www.jazzzeitung.de\\\/cms\\\/2020\\\/11\\\/news-deutsche-jazzunion-mit-gender-studiedeutsche-jazzunion-und-allianz-der-freien-kuenste-fordern-unternehmerinnenlohn-und-ausweitung-der-novemberhilfe\\\/#breadcrumb\",\"itemListElement\":[{\"@type\":\"ListItem\",\"position\":1,\"name\":\"Startseite\",\"item\":\"https:\\\/\\\/www.jazzzeitung.de\\\/cms\\\/\"},{\"@type\":\"ListItem\",\"position\":2,\"name\":\"News: +++ Deutsche Jazzunion mit Gender-Studie +++ Unternehmer*innenlohn und Ausweitung der Novemberhilfe gefordert +++\"}]},{\"@type\":\"WebSite\",\"@id\":\"https:\\\/\\\/www.jazzzeitung.de\\\/cms\\\/#website\",\"url\":\"https:\\\/\\\/www.jazzzeitung.de\\\/cms\\\/\",\"name\":\"JazzZeitung\",\"description\":\"Jazz-News und Jazz-Kontroverses\",\"publisher\":{\"@id\":\"https:\\\/\\\/www.jazzzeitung.de\\\/cms\\\/#organization\"},\"potentialAction\":[{\"@type\":\"SearchAction\",\"target\":{\"@type\":\"EntryPoint\",\"urlTemplate\":\"https:\\\/\\\/www.jazzzeitung.de\\\/cms\\\/?s={search_term_string}\"},\"query-input\":{\"@type\":\"PropertyValueSpecification\",\"valueRequired\":true,\"valueName\":\"search_term_string\"}}],\"inLanguage\":\"de\"},{\"@type\":\"Organization\",\"@id\":\"https:\\\/\\\/www.jazzzeitung.de\\\/cms\\\/#organization\",\"name\":\"JazzZeitung online\",\"url\":\"https:\\\/\\\/www.jazzzeitung.de\\\/cms\\\/\",\"logo\":{\"@type\":\"ImageObject\",\"inLanguage\":\"de\",\"@id\":\"https:\\\/\\\/www.jazzzeitung.de\\\/cms\\\/#\\\/schema\\\/logo\\\/image\\\/\",\"url\":\"https:\\\/\\\/i0.wp.com\\\/www.jazzzeitung.de\\\/cms\\\/wp-content\\\/uploads\\\/2015\\\/08\\\/JAZZZEITUNGDE_Logo_Neu.png?fit=499%2C200&ssl=1\",\"contentUrl\":\"https:\\\/\\\/i0.wp.com\\\/www.jazzzeitung.de\\\/cms\\\/wp-content\\\/uploads\\\/2015\\\/08\\\/JAZZZEITUNGDE_Logo_Neu.png?fit=499%2C200&ssl=1\",\"width\":499,\"height\":200,\"caption\":\"JazzZeitung online\"},\"image\":{\"@id\":\"https:\\\/\\\/www.jazzzeitung.de\\\/cms\\\/#\\\/schema\\\/logo\\\/image\\\/\"},\"sameAs\":[\"https:\\\/\\\/www.facebook.com\\\/JazzZeitung\\\/\"]},{\"@type\":\"Person\",\"@id\":\"https:\\\/\\\/www.jazzzeitung.de\\\/cms\\\/#\\\/schema\\\/person\\\/2245b36b9cd1d24cea10f01c031fb92b\",\"name\":\"Redaktion JazzZeitung\",\"image\":{\"@type\":\"ImageObject\",\"inLanguage\":\"de\",\"@id\":\"https:\\\/\\\/i0.wp.com\\\/www.jazzzeitung.de\\\/cms\\\/wp-content\\\/uploads\\\/2015\\\/08\\\/JAZZZEITUNGDE_Logo_Neu.png?resize=96%2C96&ssl=159975dcacb611b5700bd619b5daf0a7a\",\"url\":\"https:\\\/\\\/i0.wp.com\\\/www.jazzzeitung.de\\\/cms\\\/wp-content\\\/uploads\\\/2015\\\/08\\\/JAZZZEITUNGDE_Logo_Neu.png?resize=96%2C96&ssl=1\",\"contentUrl\":\"https:\\\/\\\/i0.wp.com\\\/www.jazzzeitung.de\\\/cms\\\/wp-content\\\/uploads\\\/2015\\\/08\\\/JAZZZEITUNGDE_Logo_Neu.png?resize=96%2C96&ssl=1\",\"caption\":\"Redaktion JazzZeitung\"},\"description\":\"Artikel der Redaktion der JazzZeitung.\",\"sameAs\":[\"http:\\\/\\\/www.jazzzeitung.de\\\/cms\\\/\"],\"url\":\"https:\\\/\\\/www.jazzzeitung.de\\\/cms\\\/author\\\/redaktion\\\/\"}]}<\/script>\n<!-- \/ Yoast SEO plugin. -->","yoast_head_json":{"title":"News: +++ Deutsche Jazzunion mit Gender-Studie +++ Unternehmer*innenlohn und Ausweitung der Novemberhilfe gefordert +++ - JazzZeitung","robots":{"index":"index","follow":"follow","max-snippet":"max-snippet:-1","max-image-preview":"max-image-preview:large","max-video-preview":"max-video-preview:-1"},"canonical":"https:\/\/www.jazzzeitung.de\/cms\/2020\/11\/news-deutsche-jazzunion-mit-gender-studiedeutsche-jazzunion-und-allianz-der-freien-kuenste-fordern-unternehmerinnenlohn-und-ausweitung-der-novemberhilfe\/","og_locale":"de_DE","og_type":"article","og_title":"News: +++ Deutsche Jazzunion mit Gender-Studie +++ Unternehmer*innenlohn und Ausweitung der Novemberhilfe gefordert +++ - JazzZeitung","og_description":"Neue Publikation zur Geschlechtergerechtigkeit im Jazz Es ist es soweit: Die Publikation \u201eGender.Macht.Musik. Geschlechtergerechtigkeit im Jazz\u201c der Deutschen Jazzunion als Download erh\u00e4ltlich. Mit geschlechtsspezifischen Nachauswertungen der jazzstudie2016 und der Mitgliederumfrage 2018 der Deutschen Jazzunion will die Publikation wichtige Einblicke in die aktuelle Situation von Geschlechtergerechtigkeit in der deutschen Jazzlandschaft geben. Mit\u00a0 Beitr\u00e4gen von Laura Block, Bettina Bohle, Wesselina Georgiewa, Urs Johnen und Max K\u00f6rner wollen die wollen die Herausgeber einen kleinen Beitrag zur Verbesserung der Geschlechtergerechtigkeit im Jazz zu leisten \u2013 und vielleicht damit auch in andere Kunst- und Kultursparten hinein zu strahlen und entsprechende Prozesse in Gang zu bringen. Laura Block, Projektleiterin Gleichstellung bei der Deutschen Jazzunion: &#8222;Mit unserer Ver\u00f6ffentlichung zeigen wir auf, dass der Status quo alles andere als zufriedenstellend ist. Das Geschlecht spielt nach wie vor eine wichtige Rolle f\u00fcr die Karrierem\u00f6glichkeiten von Frauen*; Strukturelle Diskriminierung, Ausgrenzung und Zugangsbarrieren sind leider immer noch Alltag f\u00fcr weibliche Jazzschaffende. Konsequent weitergedacht bedeutet das Einfordern von Gerechtigkeit im Jazz au\u00dferdem nicht nur eine F\u00f6rderung von Frauen* im Jazz, sondern auch Solidarit\u00e4t mit anderen marginalisierten Menschen in der Jazzszene. Dies beinhaltet eine Bewusstmachung und ein Hinterfragen &hellip;","og_url":"https:\/\/www.jazzzeitung.de\/cms\/2020\/11\/news-deutsche-jazzunion-mit-gender-studiedeutsche-jazzunion-und-allianz-der-freien-kuenste-fordern-unternehmerinnenlohn-und-ausweitung-der-novemberhilfe\/","og_site_name":"JazzZeitung","article_publisher":"https:\/\/www.facebook.com\/JazzZeitung\/","article_published_time":"2020-11-13T07:49:19+00:00","article_modified_time":"2020-11-13T09:56:24+00:00","og_image":[{"width":1810,"height":2560,"url":"https:\/\/i0.wp.com\/www.jazzzeitung.de\/cms\/wp-content\/uploads\/2020\/11\/GENDER.MACHT_.MUSIK_-scaled.jpg?fit=1810%2C2560&ssl=1","type":"image\/jpeg"}],"author":"Redaktion JazzZeitung","schema":{"@context":"https:\/\/schema.org","@graph":[{"@type":"Article","@id":"https:\/\/www.jazzzeitung.de\/cms\/2020\/11\/news-deutsche-jazzunion-mit-gender-studiedeutsche-jazzunion-und-allianz-der-freien-kuenste-fordern-unternehmerinnenlohn-und-ausweitung-der-novemberhilfe\/#article","isPartOf":{"@id":"https:\/\/www.jazzzeitung.de\/cms\/2020\/11\/news-deutsche-jazzunion-mit-gender-studiedeutsche-jazzunion-und-allianz-der-freien-kuenste-fordern-unternehmerinnenlohn-und-ausweitung-der-novemberhilfe\/"},"author":{"name":"Redaktion JazzZeitung","@id":"https:\/\/www.jazzzeitung.de\/cms\/#\/schema\/person\/2245b36b9cd1d24cea10f01c031fb92b"},"headline":"News: +++ Deutsche Jazzunion mit Gender-Studie +++ Unternehmer*innenlohn und Ausweitung der Novemberhilfe gefordert +++","datePublished":"2020-11-13T07:49:19+00:00","dateModified":"2020-11-13T09:56:24+00:00","mainEntityOfPage":{"@id":"https:\/\/www.jazzzeitung.de\/cms\/2020\/11\/news-deutsche-jazzunion-mit-gender-studiedeutsche-jazzunion-und-allianz-der-freien-kuenste-fordern-unternehmerinnenlohn-und-ausweitung-der-novemberhilfe\/"},"wordCount":730,"commentCount":0,"publisher":{"@id":"https:\/\/www.jazzzeitung.de\/cms\/#organization"},"image":{"@id":"https:\/\/www.jazzzeitung.de\/cms\/2020\/11\/news-deutsche-jazzunion-mit-gender-studiedeutsche-jazzunion-und-allianz-der-freien-kuenste-fordern-unternehmerinnenlohn-und-ausweitung-der-novemberhilfe\/#primaryimage"},"thumbnailUrl":"https:\/\/i0.wp.com\/www.jazzzeitung.de\/cms\/wp-content\/uploads\/2020\/11\/GENDER.MACHT_.MUSIK_-scaled.jpg?fit=1810%2C2560&ssl=1","keywords":["Deutsche Jazzunion","Download","Gender","Geschlechtergerechtigkeit","Gleichstellung","Jazzunion","Rassismus"],"articleSection":["News"],"inLanguage":"de","potentialAction":[{"@type":"CommentAction","name":"Comment","target":["https:\/\/www.jazzzeitung.de\/cms\/2020\/11\/news-deutsche-jazzunion-mit-gender-studiedeutsche-jazzunion-und-allianz-der-freien-kuenste-fordern-unternehmerinnenlohn-und-ausweitung-der-novemberhilfe\/#respond"]}]},{"@type":"WebPage","@id":"https:\/\/www.jazzzeitung.de\/cms\/2020\/11\/news-deutsche-jazzunion-mit-gender-studiedeutsche-jazzunion-und-allianz-der-freien-kuenste-fordern-unternehmerinnenlohn-und-ausweitung-der-novemberhilfe\/","url":"https:\/\/www.jazzzeitung.de\/cms\/2020\/11\/news-deutsche-jazzunion-mit-gender-studiedeutsche-jazzunion-und-allianz-der-freien-kuenste-fordern-unternehmerinnenlohn-und-ausweitung-der-novemberhilfe\/","name":"News: +++ Deutsche Jazzunion mit Gender-Studie +++ Unternehmer*innenlohn und Ausweitung der Novemberhilfe gefordert +++ - JazzZeitung","isPartOf":{"@id":"https:\/\/www.jazzzeitung.de\/cms\/#website"},"primaryImageOfPage":{"@id":"https:\/\/www.jazzzeitung.de\/cms\/2020\/11\/news-deutsche-jazzunion-mit-gender-studiedeutsche-jazzunion-und-allianz-der-freien-kuenste-fordern-unternehmerinnenlohn-und-ausweitung-der-novemberhilfe\/#primaryimage"},"image":{"@id":"https:\/\/www.jazzzeitung.de\/cms\/2020\/11\/news-deutsche-jazzunion-mit-gender-studiedeutsche-jazzunion-und-allianz-der-freien-kuenste-fordern-unternehmerinnenlohn-und-ausweitung-der-novemberhilfe\/#primaryimage"},"thumbnailUrl":"https:\/\/i0.wp.com\/www.jazzzeitung.de\/cms\/wp-content\/uploads\/2020\/11\/GENDER.MACHT_.MUSIK_-scaled.jpg?fit=1810%2C2560&ssl=1","datePublished":"2020-11-13T07:49:19+00:00","dateModified":"2020-11-13T09:56:24+00:00","breadcrumb":{"@id":"https:\/\/www.jazzzeitung.de\/cms\/2020\/11\/news-deutsche-jazzunion-mit-gender-studiedeutsche-jazzunion-und-allianz-der-freien-kuenste-fordern-unternehmerinnenlohn-und-ausweitung-der-novemberhilfe\/#breadcrumb"},"inLanguage":"de","potentialAction":[{"@type":"ReadAction","target":["https:\/\/www.jazzzeitung.de\/cms\/2020\/11\/news-deutsche-jazzunion-mit-gender-studiedeutsche-jazzunion-und-allianz-der-freien-kuenste-fordern-unternehmerinnenlohn-und-ausweitung-der-novemberhilfe\/"]}]},{"@type":"ImageObject","inLanguage":"de","@id":"https:\/\/www.jazzzeitung.de\/cms\/2020\/11\/news-deutsche-jazzunion-mit-gender-studiedeutsche-jazzunion-und-allianz-der-freien-kuenste-fordern-unternehmerinnenlohn-und-ausweitung-der-novemberhilfe\/#primaryimage","url":"https:\/\/i0.wp.com\/www.jazzzeitung.de\/cms\/wp-content\/uploads\/2020\/11\/GENDER.MACHT_.MUSIK_-scaled.jpg?fit=1810%2C2560&ssl=1","contentUrl":"https:\/\/i0.wp.com\/www.jazzzeitung.de\/cms\/wp-content\/uploads\/2020\/11\/GENDER.MACHT_.MUSIK_-scaled.jpg?fit=1810%2C2560&ssl=1","width":1810,"height":2560,"caption":"Gender Macht Musik."},{"@type":"BreadcrumbList","@id":"https:\/\/www.jazzzeitung.de\/cms\/2020\/11\/news-deutsche-jazzunion-mit-gender-studiedeutsche-jazzunion-und-allianz-der-freien-kuenste-fordern-unternehmerinnenlohn-und-ausweitung-der-novemberhilfe\/#breadcrumb","itemListElement":[{"@type":"ListItem","position":1,"name":"Startseite","item":"https:\/\/www.jazzzeitung.de\/cms\/"},{"@type":"ListItem","position":2,"name":"News: +++ Deutsche Jazzunion mit Gender-Studie +++ Unternehmer*innenlohn und Ausweitung der Novemberhilfe gefordert +++"}]},{"@type":"WebSite","@id":"https:\/\/www.jazzzeitung.de\/cms\/#website","url":"https:\/\/www.jazzzeitung.de\/cms\/","name":"JazzZeitung","description":"Jazz-News und Jazz-Kontroverses","publisher":{"@id":"https:\/\/www.jazzzeitung.de\/cms\/#organization"},"potentialAction":[{"@type":"SearchAction","target":{"@type":"EntryPoint","urlTemplate":"https:\/\/www.jazzzeitung.de\/cms\/?s={search_term_string}"},"query-input":{"@type":"PropertyValueSpecification","valueRequired":true,"valueName":"search_term_string"}}],"inLanguage":"de"},{"@type":"Organization","@id":"https:\/\/www.jazzzeitung.de\/cms\/#organization","name":"JazzZeitung online","url":"https:\/\/www.jazzzeitung.de\/cms\/","logo":{"@type":"ImageObject","inLanguage":"de","@id":"https:\/\/www.jazzzeitung.de\/cms\/#\/schema\/logo\/image\/","url":"https:\/\/i0.wp.com\/www.jazzzeitung.de\/cms\/wp-content\/uploads\/2015\/08\/JAZZZEITUNGDE_Logo_Neu.png?fit=499%2C200&ssl=1","contentUrl":"https:\/\/i0.wp.com\/www.jazzzeitung.de\/cms\/wp-content\/uploads\/2015\/08\/JAZZZEITUNGDE_Logo_Neu.png?fit=499%2C200&ssl=1","width":499,"height":200,"caption":"JazzZeitung online"},"image":{"@id":"https:\/\/www.jazzzeitung.de\/cms\/#\/schema\/logo\/image\/"},"sameAs":["https:\/\/www.facebook.com\/JazzZeitung\/"]},{"@type":"Person","@id":"https:\/\/www.jazzzeitung.de\/cms\/#\/schema\/person\/2245b36b9cd1d24cea10f01c031fb92b","name":"Redaktion JazzZeitung","image":{"@type":"ImageObject","inLanguage":"de","@id":"https:\/\/i0.wp.com\/www.jazzzeitung.de\/cms\/wp-content\/uploads\/2015\/08\/JAZZZEITUNGDE_Logo_Neu.png?resize=96%2C96&ssl=159975dcacb611b5700bd619b5daf0a7a","url":"https:\/\/i0.wp.com\/www.jazzzeitung.de\/cms\/wp-content\/uploads\/2015\/08\/JAZZZEITUNGDE_Logo_Neu.png?resize=96%2C96&ssl=1","contentUrl":"https:\/\/i0.wp.com\/www.jazzzeitung.de\/cms\/wp-content\/uploads\/2015\/08\/JAZZZEITUNGDE_Logo_Neu.png?resize=96%2C96&ssl=1","caption":"Redaktion JazzZeitung"},"description":"Artikel der Redaktion der JazzZeitung.","sameAs":["http:\/\/www.jazzzeitung.de\/cms\/"],"url":"https:\/\/www.jazzzeitung.de\/cms\/author\/redaktion\/"}]}},"wp-worthy-pixel":{"ignored":true,"public":null,"server":null,"url":null},"wp-worthy-type":"normal","jetpack_publicize_connections":[],"cc_featured_image_caption":{"caption_text":"Gender Macht Musik. ","source_text":"Deutsche Jazzunion","source_url":"http:\/\/www.deutsche-jazzunion.de\/category\/neuigkeiten\/"},"jetpack_featured_media_url":"https:\/\/i0.wp.com\/www.jazzzeitung.de\/cms\/wp-content\/uploads\/2020\/11\/GENDER.MACHT_.MUSIK_-scaled.jpg?fit=1810%2C2560&ssl=1","jetpack_shortlink":"https:\/\/wp.me\/p3KEcT-6c7","jetpack-related-posts":[{"id":23646,"url":"https:\/\/www.jazzzeitung.de\/cms\/2020\/10\/jazz-now-2020-25-jazzforum-der-deutschen-jazzunion-fand-trotz-corona-pandemie-in-leipzig-statt\/","url_meta":{"origin":23815,"position":0},"title":"Jazz Now! 2020: 25. Jazzforum der Deutschen Jazzunion fand trotz Corona-Pandemie in Leipzig statt","author":"Redaktion JazzZeitung","date":"19. Oktober 2020","format":false,"excerpt":"Trotz den Corona-Einschr\u00e4nkungen hat die Deutsche Jazzunion an den vergangenen zwei Tagen ihre biennale Bundeskonferenz \u201eJazz Now! 2020\u201c im Kunstkraftwerk Leipzig durchgef\u00fchrt. Mit Abstand und Masken, sowie mit vielen digitalen und hybriden Formaten fanden Panels und Workshops statt, die von Jazzmusiker*innen aus ganz Deutschland und Europa beachtet wurden. Durch die\u2026","rel":"","context":"In &quot;News&quot;","block_context":{"text":"News","link":"https:\/\/www.jazzzeitung.de\/cms\/thema\/nachrichten\/"},"img":{"alt_text":"JazzNow Jazztage Leipzig 2020. Foto: Lukas Diller.","src":"https:\/\/i0.wp.com\/www.jazzzeitung.de\/cms\/wp-content\/uploads\/2020\/10\/JazzNow_Jazztage_c_LukasDiller-9.jpg?fit=1200%2C800&ssl=1&resize=350%2C200","width":350,"height":200,"srcset":"https:\/\/i0.wp.com\/www.jazzzeitung.de\/cms\/wp-content\/uploads\/2020\/10\/JazzNow_Jazztage_c_LukasDiller-9.jpg?fit=1200%2C800&ssl=1&resize=350%2C200 1x, https:\/\/i0.wp.com\/www.jazzzeitung.de\/cms\/wp-content\/uploads\/2020\/10\/JazzNow_Jazztage_c_LukasDiller-9.jpg?fit=1200%2C800&ssl=1&resize=525%2C300 1.5x, https:\/\/i0.wp.com\/www.jazzzeitung.de\/cms\/wp-content\/uploads\/2020\/10\/JazzNow_Jazztage_c_LukasDiller-9.jpg?fit=1200%2C800&ssl=1&resize=700%2C400 2x, https:\/\/i0.wp.com\/www.jazzzeitung.de\/cms\/wp-content\/uploads\/2020\/10\/JazzNow_Jazztage_c_LukasDiller-9.jpg?fit=1200%2C800&ssl=1&resize=1050%2C600 3x"},"classes":[]},{"id":26558,"url":"https:\/\/www.jazzzeitung.de\/cms\/2022\/01\/newsdie-deutsche-jazz-szene-unter-der-lupe-infoveranstaltung-der-dju-zur-jazzstudie-2022-anmeldefrist-fuers-bayerische-jazzweekend-regensburg-bis-24-1-2022-verlaengert\/","url_meta":{"origin":23815,"position":1},"title":"+++ News +++ Die deutsche Jazz-Szene unter der Lupe: Infoveranstaltung der DJU zur Jazzstudie 2022 +++  Anmeldefrist f\u00fcrs Bayerische Jazzweekend Regensburg bis 24.1.2022 verl\u00e4ngert +++","author":"Redaktion JazzZeitung","date":"19. Januar 2022","format":false,"excerpt":"+++ Infoveranstaltung der DJU zur Jazzstudie 2022 am 20.01.22, 19:00\u201320:00 +++ Die im Auftrag der Deutschen Jazzunion verfasste und im vergangenen Jahr unter Aspekten der Geschlechtergerechtigkeit erneut ausgewertete erste Jazzstudie 2016 ist eine wichtige und viel zitierte empirische Quelle zur Situation von Jazzmusiker*innen in Deutschland. Um die Situation und die\u2026","rel":"","context":"In &quot;News&quot;","block_context":{"text":"News","link":"https:\/\/www.jazzzeitung.de\/cms\/thema\/nachrichten\/"},"img":{"alt_text":"","src":"https:\/\/i0.wp.com\/www.jazzzeitung.de\/cms\/wp-content\/uploads\/2022\/01\/4ac5dd_3865d9dc332a47f2a0947c8a1bf649b5mv2-e1642600192241.webp?fit=741%2C502&ssl=1&resize=350%2C200","width":350,"height":200,"srcset":"https:\/\/i0.wp.com\/www.jazzzeitung.de\/cms\/wp-content\/uploads\/2022\/01\/4ac5dd_3865d9dc332a47f2a0947c8a1bf649b5mv2-e1642600192241.webp?fit=741%2C502&ssl=1&resize=350%2C200 1x, https:\/\/i0.wp.com\/www.jazzzeitung.de\/cms\/wp-content\/uploads\/2022\/01\/4ac5dd_3865d9dc332a47f2a0947c8a1bf649b5mv2-e1642600192241.webp?fit=741%2C502&ssl=1&resize=525%2C300 1.5x, https:\/\/i0.wp.com\/www.jazzzeitung.de\/cms\/wp-content\/uploads\/2022\/01\/4ac5dd_3865d9dc332a47f2a0947c8a1bf649b5mv2-e1642600192241.webp?fit=741%2C502&ssl=1&resize=700%2C400 2x"},"classes":[]},{"id":19583,"url":"https:\/\/www.jazzzeitung.de\/cms\/2019\/05\/union-deutscher-jazzmusiker-udj-in-deutsche-jazzunion-umbenannt\/","url_meta":{"origin":23815,"position":2},"title":"\u201eUnion Deutscher Jazzmusiker\u201c (UDJ) in \u201eDeutsche Jazzunion\u201c umbenannt","author":"Redaktion JazzZeitung","date":"27. Mai 2019","format":false,"excerpt":"Berlin, 27.05.2019 | Die Interessenvertretung der Jazzmusikerinnen und -musiker in Deutschland hat einen neuen Namen. Die Mitglieder des 1973 gegr\u00fcndeten Verbands beschlossen auf ihrer Mitgliederversammlung in Bremen, den Namen \u201eUnion Deutscher Jazzmusiker\u201c in \u201eDeutsche Jazzunion\u201c zu \u00e4ndern. Mit der Namens\u00e4nderung will der Verband als Sprachrohr der Jazzmusiker*innen in Deutschland der\u2026","rel":"","context":"In &quot;News&quot;","block_context":{"text":"News","link":"https:\/\/www.jazzzeitung.de\/cms\/thema\/nachrichten\/"},"img":{"alt_text":"Logo der Deutschen Jazzunion","src":"https:\/\/i0.wp.com\/www.jazzzeitung.de\/cms\/wp-content\/uploads\/2019\/05\/DeutscheJazzunion.png?fit=811%2C456&ssl=1&resize=350%2C200","width":350,"height":200,"srcset":"https:\/\/i0.wp.com\/www.jazzzeitung.de\/cms\/wp-content\/uploads\/2019\/05\/DeutscheJazzunion.png?fit=811%2C456&ssl=1&resize=350%2C200 1x, https:\/\/i0.wp.com\/www.jazzzeitung.de\/cms\/wp-content\/uploads\/2019\/05\/DeutscheJazzunion.png?fit=811%2C456&ssl=1&resize=525%2C300 1.5x, https:\/\/i0.wp.com\/www.jazzzeitung.de\/cms\/wp-content\/uploads\/2019\/05\/DeutscheJazzunion.png?fit=811%2C456&ssl=1&resize=700%2C400 2x"},"classes":[]},{"id":32443,"url":"https:\/\/www.jazzzeitung.de\/cms\/2025\/04\/deutsche-jazzunion-begruesst-koalitionsvertrag-und-betont-bedeutung-der-freien-kuenste\/","url_meta":{"origin":23815,"position":3},"title":"Deutsche Jazzunion begr\u00fc\u00dft Koalitionsvertrag und betont Bedeutung der freien K\u00fcnste","author":"Martin Hufner","date":"10. April 2025","format":false,"excerpt":"Koalitionsvertrag beinhaltet wichtige Signale im Bereich der sozialen Absicherung und Bundeskulturf\u00f6rderung +++ Jazz in der Initiative Musik muss gest\u00e4rkt werden +++ +++ Nachhaltige Finanzierung der freien Musik sicherstellen","rel":"","context":"In &quot;News&quot;","block_context":{"text":"News","link":"https:\/\/www.jazzzeitung.de\/cms\/thema\/nachrichten\/"},"img":{"alt_text":"Vogel ins Freie. Foto \u00a9 Martin Hufner","src":"https:\/\/i0.wp.com\/www.jazzzeitung.de\/cms\/wp-content\/uploads\/2024\/06\/Vogel-ins-Freie.-Foto-%C2%A9-Martin-Hufner.jpg?fit=1200%2C795&ssl=1&resize=350%2C200","width":350,"height":200,"srcset":"https:\/\/i0.wp.com\/www.jazzzeitung.de\/cms\/wp-content\/uploads\/2024\/06\/Vogel-ins-Freie.-Foto-%C2%A9-Martin-Hufner.jpg?fit=1200%2C795&ssl=1&resize=350%2C200 1x, https:\/\/i0.wp.com\/www.jazzzeitung.de\/cms\/wp-content\/uploads\/2024\/06\/Vogel-ins-Freie.-Foto-%C2%A9-Martin-Hufner.jpg?fit=1200%2C795&ssl=1&resize=525%2C300 1.5x, https:\/\/i0.wp.com\/www.jazzzeitung.de\/cms\/wp-content\/uploads\/2024\/06\/Vogel-ins-Freie.-Foto-%C2%A9-Martin-Hufner.jpg?fit=1200%2C795&ssl=1&resize=700%2C400 2x, https:\/\/i0.wp.com\/www.jazzzeitung.de\/cms\/wp-content\/uploads\/2024\/06\/Vogel-ins-Freie.-Foto-%C2%A9-Martin-Hufner.jpg?fit=1200%2C795&ssl=1&resize=1050%2C600 3x"},"classes":[]},{"id":27101,"url":"https:\/\/www.jazzzeitung.de\/cms\/2022\/04\/digitale-akademie-insight-jazz_is_my_democracy\/","url_meta":{"origin":23815,"position":4},"title":"+++ News +++ Start der Digitalen Akademie \u201cInsight Out\u201d der DJU +++ Jazz und Gender \u2013 Lesung im Frankfurter Salon+++","author":"Redaktion JazzZeitung","date":"12. April 2022","format":false,"excerpt":"+++ Silodenken \u00fcberwinden +++ Die Digitale Akademie \u201cInsight Out\u201d der Deutschen Jazzunion startet am 7. April ins Sommersemester. In w\u00f6chentlichen Online-Veranstaltungen zu einem breiten Spektrum an jazz- und berufspolitischen Fragestellungen aus den Bereichen Diversit\u00e4t, Nachhaltigkeit, Bildung und weiteren Themenkomplexen stehen Austausch und Diskurs im Zentrum. Neben Workshopformaten z\u00e4hlen auch hochkar\u00e4tig\u2026","rel":"","context":"In &quot;News&quot;","block_context":{"text":"News","link":"https:\/\/www.jazzzeitung.de\/cms\/thema\/nachrichten\/"},"img":{"alt_text":"Logo der Deutschen Jazzunion","src":"https:\/\/i0.wp.com\/www.jazzzeitung.de\/cms\/wp-content\/uploads\/2019\/05\/DeutscheJazzunion.png?fit=811%2C456&ssl=1&resize=350%2C200","width":350,"height":200,"srcset":"https:\/\/i0.wp.com\/www.jazzzeitung.de\/cms\/wp-content\/uploads\/2019\/05\/DeutscheJazzunion.png?fit=811%2C456&ssl=1&resize=350%2C200 1x, https:\/\/i0.wp.com\/www.jazzzeitung.de\/cms\/wp-content\/uploads\/2019\/05\/DeutscheJazzunion.png?fit=811%2C456&ssl=1&resize=525%2C300 1.5x, https:\/\/i0.wp.com\/www.jazzzeitung.de\/cms\/wp-content\/uploads\/2019\/05\/DeutscheJazzunion.png?fit=811%2C456&ssl=1&resize=700%2C400 2x"},"classes":[]},{"id":30866,"url":"https:\/\/www.jazzzeitung.de\/cms\/2024\/04\/wechsel-in-vorstand-und-geschaeftsfuehrung-der-deutschen-jazzunion\/","url_meta":{"origin":23815,"position":5},"title":"Wechsel in Vorstand und Gesch\u00e4ftsf\u00fchrung der Deutschen Jazzunion","author":"Redaktion JazzZeitung","date":"17. April 2024","format":false,"excerpt":"Doppelte Stabs\u00fcbergabe beim Sprachrohr der Jazzmusiker*innen in Deutschland: im Rahmen der jazzahead! in Bremen wurden Gesch\u00e4ftsf\u00fchrer Urs Johnen und Vorstandsmitglied Nikolaus Neuser verabschiedet. Ihnen folgen Camille Buscot und Michael Griener nach. Die Vorsitzenden der Deutschen Jazzunion Anette von Eichel und Felix Falk w\u00fcrdigten Johnens Verdienste auf einer Mitgliederversammlung mit einem\u2026","rel":"","context":"In &quot;News&quot;","block_context":{"text":"News","link":"https:\/\/www.jazzzeitung.de\/cms\/thema\/nachrichten\/"},"img":{"alt_text":"Stabswechel bei der Deutschen Jazzunion (v.l.n.r., hinten: Johanna Schneider, Camille Buscot, Michael Griener, Urs Johnen, Anette von Eichel; vorne: Felix Falk, Janning Trumann, Robert Lucaciu \u00a9 Julia Tornier","src":"https:\/\/i0.wp.com\/www.jazzzeitung.de\/cms\/wp-content\/uploads\/2024\/04\/2024-04-13_VerabschiedungUrsJohnen_VorstandCamilleUrs-scaled.jpg?fit=1200%2C900&ssl=1&resize=350%2C200","width":350,"height":200,"srcset":"https:\/\/i0.wp.com\/www.jazzzeitung.de\/cms\/wp-content\/uploads\/2024\/04\/2024-04-13_VerabschiedungUrsJohnen_VorstandCamilleUrs-scaled.jpg?fit=1200%2C900&ssl=1&resize=350%2C200 1x, https:\/\/i0.wp.com\/www.jazzzeitung.de\/cms\/wp-content\/uploads\/2024\/04\/2024-04-13_VerabschiedungUrsJohnen_VorstandCamilleUrs-scaled.jpg?fit=1200%2C900&ssl=1&resize=525%2C300 1.5x, https:\/\/i0.wp.com\/www.jazzzeitung.de\/cms\/wp-content\/uploads\/2024\/04\/2024-04-13_VerabschiedungUrsJohnen_VorstandCamilleUrs-scaled.jpg?fit=1200%2C900&ssl=1&resize=700%2C400 2x, https:\/\/i0.wp.com\/www.jazzzeitung.de\/cms\/wp-content\/uploads\/2024\/04\/2024-04-13_VerabschiedungUrsJohnen_VorstandCamilleUrs-scaled.jpg?fit=1200%2C900&ssl=1&resize=1050%2C600 3x"},"classes":[]}],"jetpack_sharing_enabled":true,"_links":{"self":[{"href":"https:\/\/www.jazzzeitung.de\/cms\/wp-json\/wp\/v2\/posts\/23815","targetHints":{"allow":["GET"]}}],"collection":[{"href":"https:\/\/www.jazzzeitung.de\/cms\/wp-json\/wp\/v2\/posts"}],"about":[{"href":"https:\/\/www.jazzzeitung.de\/cms\/wp-json\/wp\/v2\/types\/post"}],"author":[{"embeddable":true,"href":"https:\/\/www.jazzzeitung.de\/cms\/wp-json\/wp\/v2\/users\/18"}],"replies":[{"embeddable":true,"href":"https:\/\/www.jazzzeitung.de\/cms\/wp-json\/wp\/v2\/comments?post=23815"}],"version-history":[{"count":8,"href":"https:\/\/www.jazzzeitung.de\/cms\/wp-json\/wp\/v2\/posts\/23815\/revisions"}],"predecessor-version":[{"id":23828,"href":"https:\/\/www.jazzzeitung.de\/cms\/wp-json\/wp\/v2\/posts\/23815\/revisions\/23828"}],"wp:featuredmedia":[{"embeddable":true,"href":"https:\/\/www.jazzzeitung.de\/cms\/wp-json\/wp\/v2\/media\/23825"}],"wp:attachment":[{"href":"https:\/\/www.jazzzeitung.de\/cms\/wp-json\/wp\/v2\/media?parent=23815"}],"wp:term":[{"taxonomy":"category","embeddable":true,"href":"https:\/\/www.jazzzeitung.de\/cms\/wp-json\/wp\/v2\/categories?post=23815"},{"taxonomy":"post_tag","embeddable":true,"href":"https:\/\/www.jazzzeitung.de\/cms\/wp-json\/wp\/v2\/tags?post=23815"},{"taxonomy":"author","embeddable":true,"href":"https:\/\/www.jazzzeitung.de\/cms\/wp-json\/wp\/v2\/coauthors?post=23815"}],"curies":[{"name":"wp","href":"https:\/\/api.w.org\/{rel}","templated":true}]}}