{"id":2379,"date":"2013-10-09T10:18:02","date_gmt":"2013-10-09T08:18:02","guid":{"rendered":"http:\/\/www.jazzzeitung.de\/cms\/?p=2379"},"modified":"2013-10-09T10:18:02","modified_gmt":"2013-10-09T08:18:02","slug":"jazzpreis-ruhr-2013-geht-dorf","status":"publish","type":"post","link":"https:\/\/www.jazzzeitung.de\/cms\/2013\/10\/jazzpreis-ruhr-2013-geht-dorf\/","title":{"rendered":"Jazzpreis Ruhr 2013 geht an the dorf"},"content":{"rendered":"<p><a href=\"https:\/\/i0.wp.com\/www.jazzzeitung.de\/cms\/wp-content\/uploads\/2013\/10\/MG_1874.jpg\"><img data-recalc-dims=\"1\" loading=\"lazy\" decoding=\"async\" data-attachment-id=\"2415\" data-permalink=\"https:\/\/www.jazzzeitung.de\/cms\/2013\/10\/jazzpreis-ruhr-2013-geht-dorf\/40-jahre-moers-festival-2011\/\" data-orig-file=\"https:\/\/i0.wp.com\/www.jazzzeitung.de\/cms\/wp-content\/uploads\/2013\/10\/MG_1874.jpg?fit=5616%2C3744&amp;ssl=1\" data-orig-size=\"5616,3744\" data-comments-opened=\"1\" data-image-meta=\"{&quot;aperture&quot;:&quot;3.2&quot;,&quot;credit&quot;:&quot;Oliver Heisch&quot;,&quot;camera&quot;:&quot;Canon EOS 5D Mark II&quot;,&quot;caption&quot;:&quot;40. Moers Festival 2011\/ 10.- 12.06.2011\\n\\n\\n\\nThe DORF\\n\\nFoto: Oliver Heisch\/ www.oliver-heisch.de\\n\\n\\n\\nSteuernummer:   214\/5087\/1642\\n\\n\\n\\nOliver Heisch\\n\\nPantaleonsm\\u00fchlengasse 38-40\\n\\n50676 K\\u00f6ln\\n\\n\\n\\ntel. 0177- 499 99 93\\n\\n\\n\\nSparda Bank West\\n\\nKto 404 68 70\\n\\nBlz 370 605 90&quot;,&quot;created_timestamp&quot;:&quot;1307888346&quot;,&quot;copyright&quot;:&quot;Oliver Heisch&quot;,&quot;focal_length&quot;:&quot;120&quot;,&quot;iso&quot;:&quot;1000&quot;,&quot;shutter_speed&quot;:&quot;0.02&quot;,&quot;title&quot;:&quot;40 Jahre Moers Festival 2011&quot;}\" data-image-title=\"the dorf\" data-image-description=\"&lt;p&gt;40. Moers Festival 2011\/ 10.- 12.06.2011&lt;\/p&gt;\n&lt;p&gt;The DORF&lt;\/p&gt;\n&lt;p&gt;Foto: Oliver Heisch\/ www.oliver-heisch.de&lt;\/p&gt;\n&lt;p&gt;Steuernummer:   214\/5087\/1642&lt;\/p&gt;\n&lt;p&gt;Oliver Heisch&lt;\/p&gt;\n&lt;p&gt;Pantaleonsm\u00fchlengasse 38-40&lt;\/p&gt;\n&lt;p&gt;50676 K\u00f6ln&lt;\/p&gt;\n&lt;p&gt;tel. 0177- 499 99 93&lt;\/p&gt;\n&lt;p&gt;Sparda Bank West&lt;\/p&gt;\n&lt;p&gt;Kto 404 68 70&lt;\/p&gt;\n&lt;p&gt;Blz 370 605 90&lt;\/p&gt;\n\" data-image-caption=\"\" data-large-file=\"https:\/\/i0.wp.com\/www.jazzzeitung.de\/cms\/wp-content\/uploads\/2013\/10\/MG_1874.jpg?fit=840%2C560&amp;ssl=1\" class=\"alignright size-thumbnail wp-image-2415\" alt=\"the dorf\" src=\"https:\/\/i0.wp.com\/www.jazzzeitung.de\/cms\/wp-content\/uploads\/2013\/10\/MG_1874-150x150.jpg?resize=150%2C150\" width=\"150\" height=\"150\" srcset=\"https:\/\/i0.wp.com\/www.jazzzeitung.de\/cms\/wp-content\/uploads\/2013\/10\/MG_1874.jpg?resize=150%2C150&amp;ssl=1 150w, https:\/\/i0.wp.com\/www.jazzzeitung.de\/cms\/wp-content\/uploads\/2013\/10\/MG_1874.jpg?resize=96%2C96&amp;ssl=1 96w, https:\/\/i0.wp.com\/www.jazzzeitung.de\/cms\/wp-content\/uploads\/2013\/10\/MG_1874.jpg?resize=24%2C24&amp;ssl=1 24w, https:\/\/i0.wp.com\/www.jazzzeitung.de\/cms\/wp-content\/uploads\/2013\/10\/MG_1874.jpg?resize=36%2C36&amp;ssl=1 36w, https:\/\/i0.wp.com\/www.jazzzeitung.de\/cms\/wp-content\/uploads\/2013\/10\/MG_1874.jpg?resize=48%2C48&amp;ssl=1 48w, https:\/\/i0.wp.com\/www.jazzzeitung.de\/cms\/wp-content\/uploads\/2013\/10\/MG_1874.jpg?resize=64%2C64&amp;ssl=1 64w, https:\/\/i0.wp.com\/www.jazzzeitung.de\/cms\/wp-content\/uploads\/2013\/10\/MG_1874.jpg?resize=32%2C32&amp;ssl=1 32w, https:\/\/i0.wp.com\/www.jazzzeitung.de\/cms\/wp-content\/uploads\/2013\/10\/MG_1874.jpg?resize=128%2C128&amp;ssl=1 128w, https:\/\/i0.wp.com\/www.jazzzeitung.de\/cms\/wp-content\/uploads\/2013\/10\/MG_1874.jpg?zoom=2&amp;resize=150%2C150&amp;ssl=1 300w, https:\/\/i0.wp.com\/www.jazzzeitung.de\/cms\/wp-content\/uploads\/2013\/10\/MG_1874.jpg?zoom=3&amp;resize=150%2C150&amp;ssl=1 450w\" sizes=\"auto, (max-width: 150px) 100vw, 150px\" \/><\/a>Am 8. November 2013 verlieht jazzwerkruhr den mit 10.000 EUR dotierten Jazzpreis Ruhr 2013 an die Gro\u00dfformation the dorf. Der Jazzpreis Ruhr wurde 2011 als bi-annualer Preis von jazzwerkruhr initiiert und wird somit in diesem Jahr zum zweiten Mal verliehen. Die 8-k\u00f6pfige Expertenjury hat einstimmig beschlossen, den Tr\u00e4ger des Jazzpreis Ruhr 2013 zu benennen und den mit 10.000 Euro dotierten Preis an die Gro\u00dfformation the dorf zu verleihen. Die Preisverleihung, das Preistr\u00e4gerkonzert und weitere Konzerte finden am 8. November 2013 ab 18h im und um das domicil herum in Dortmund statt. Moderiert wird der Abend von Klaus Fiehe, ein versierter Musikkenner, DJ und u.a. bekannt durch seine Sendung 1LIVE Fiehe\/Plan B.<\/p>\n<p><strong>the dorf: urban beats &amp; krautrock\/Jazz\/Trance\/Noise<\/strong><br \/>\nthe dorf in 2006 von Jan Klare als working orchestra gegr\u00fcndet, ist mit einer ungew\u00f6hnlichen Besetzung von ca. 25 professionellen und nicht professionellen Musikern zwischen 18-60 Jahren das Aush\u00e4ngeschild f\u00fcr den \u201aSound des Ruhrgebiets\u2019, einer der wichtigsten Begegnungspl\u00e4tze f\u00fcr die regionalen Musiker und ein einzigartiges live-Erlebnis.<br \/>\nEinmal im Monat kommen diese unter der Leitung von Jan Klare im domicil, zusammen, essen gemeinsam eine selbst gemachte Suppe und entwickeln ihren Sound und ihre Musik stetig weiter. the dorf ist mittlerweile l\u00e4ngst \u00fcber die Grenzen des Ruhrgebiets hinaus bekannt. So wurde es von der dpa in 2011 als \u201adie Entdeckung\u2019 des Moers Festivals gefeiert und triumphierte dort auch in diesem Jahr<br \/>\nWieder. Logisch, dass auch die beiden ersten Plattenproduktionen des dorfs in der Presse internationale Anerkennung finden.<\/p>\n<p><strong>GRENZG\u00c4NGER &amp; IMPULSGEBER: FILM, THEATER\/TANZ &amp; FUSSBALL<\/strong><br \/>\nThe dorf ist in jeglicher Hinsicht Grenzg\u00e4nger: F\u00fcr Furore sorgte z.B. die live-Vertonung des Fu\u00dfballklassikers Deutschland-Holland bei der Fu\u00dfballweltmeisterschaft 2012, die es gar in die Tagesschau und in die 11Freunde schaffte. Das interdisziplin\u00e4re Ruhrgebiets-Gro\u00dfprojekt, die sogenannten dorforgien des Theaterregisseurs Rolf Dennemann widmete sich in 2012 in vier aufwendigen Produktionen dem dorf. Der Film mit dem Titel jazzsoup begleitete the dorf bei Proben und Konzerten und beleuchtet als zeitloser, k\u00fcnstlerischer Dokumentarfilm das Ph\u00e4nomen the dorf von der cineastischen Seite.<br \/>\nEin weiteres highlight im Dasein des dorfs ist die Zusammenarbeit mit FM Einheit, langj\u00e4hriges Mitglied der Berliner Kultband &#8222;Einst\u00fcrzende Neubauten&#8220;. FM Einheit steht f\u00fcr gro\u00dfe Sounds, Improvisation, Eigensinn, Anarchie und Abenteuerlust &#8211; alles Attribute die the dorf auch f\u00fcr sich beansprucht. Aus dieser Zusammenarbeit entstand das dritte Album the dorf feat. FM Einheit, das im Sommer 2013 auf dem hauseigenen lable \u201athe korn\u2019 ver\u00f6ffentlicht wurde. Ein magisches Konzerterlebnis gleicherma\u00dfen f\u00fcr das Orchester als auch f\u00fcr die Zuschauer ergab sich aus der Zusammenarbeit mit Stra\u00dfenkindern aus dem Kongo im Herbst diesen Jahres.<\/p>\n<p><strong>DYNAMISCHER VERNETZER &amp; JAZZPREIS RUHR-TR\u00c4GER 2013<\/strong><br \/>\n\u00dcber die k\u00fcnstlerisch herausragende Stellung des dorfs hinaus ist die vernetzende, synergetische Wirkung f\u00fcr die regionale Musikerszene des Ruhrgebiets und deren Selbstverst\u00e4ndnis von gro\u00dfer Bedeutung. Auch deshalb wird the dorf dieses Jahr mit dem Jazzpreis Ruhr ausgezeichnet. Die 8-k\u00f6pfige Expertenjury findet es ebenfalls bemerkenswert, dass diese treibende und dynamische Gro\u00dfformation bereits 7 Jahre lang ohne regelm\u00e4\u00dfige finanzielle Unterst\u00fctzung existiert und befindet, dass sich the dorf aufgrund all der genannten Argumente zum momentanen Zeitpunkt geradezu aufdr\u00e4ngt als w\u00fcrdiger Tr\u00e4ger des Jazzpreis Ruhr 2013.<\/p>\n<p><a title=\"Jazzwerk Ruhr\" href=\"http:\/\/www.jazzwerkruhr.de \" target=\"_blank\">www.jazzwerkruhr.de<\/a><\/p>\n<p><a title=\"the dorf\" href=\"http:\/\/www.thedorf.net\" target=\"_blank\">www.thedorf.net<\/a><\/p>\n","protected":false},"excerpt":{"rendered":"<p>Am 8. November 2013 verlieht jazzwerkruhr den mit 10.000 EUR dotierten Jazzpreis Ruhr 2013 an die Gro\u00dfformation the dorf. Der Jazzpreis Ruhr wurde 2011 als bi-annualer Preis von jazzwerkruhr initiiert und wird somit in diesem Jahr zum zweiten Mal verliehen. Die 8-k\u00f6pfige Expertenjury hat einstimmig beschlossen, den Tr\u00e4ger des Jazzpreis Ruhr 2013 zu benennen und den mit 10.000 Euro dotierten Preis an die Gro\u00dfformation the dorf zu verleihen. Die Preisverleihung, das Preistr\u00e4gerkonzert und weitere Konzerte finden am 8. November 2013 ab 18h im und um das domicil herum in Dortmund statt. Moderiert wird der Abend von Klaus Fiehe, ein versierter Musikkenner, DJ und u.a. bekannt durch seine Sendung 1LIVE Fiehe\/Plan B. the dorf: urban beats &amp; krautrock\/Jazz\/Trance\/Noise the dorf in 2006 von Jan Klare als working orchestra gegr\u00fcndet, ist mit einer ungew\u00f6hnlichen Besetzung von ca. 25 professionellen und nicht professionellen Musikern zwischen 18-60 Jahren das Aush\u00e4ngeschild f\u00fcr den \u201aSound des Ruhrgebiets\u2019, einer der wichtigsten Begegnungspl\u00e4tze f\u00fcr die regionalen Musiker und ein einzigartiges live-Erlebnis. Einmal im Monat kommen diese unter der Leitung von Jan Klare im domicil, zusammen, essen gemeinsam eine selbst gemachte Suppe und entwickeln &hellip;<\/p>\n","protected":false},"author":18,"featured_media":0,"comment_status":"open","ping_status":"open","sticky":false,"template":"","format":"standard","meta":{"_jetpack_memberships_contains_paid_content":false,"footnotes":"","jetpack_publicize_message":"","jetpack_publicize_feature_enabled":true,"jetpack_social_post_already_shared":false,"jetpack_social_options":{"image_generator_settings":{"template":"highway","default_image_id":0,"font":"","enabled":false},"version":2}},"categories":[633],"tags":[34,147,691,682,323,396,496],"coauthors":[695],"class_list":["post-2379","post","type-post","status-publish","format-standard","hentry","category-nachrichten","tag-album","tag-domicil","tag-essen","tag-festivals","tag-konzerte","tag-moers","tag-sendung"],"yoast_head":"<!-- This site is optimized with the Yoast SEO plugin v27.5 - https:\/\/yoast.com\/product\/yoast-seo-wordpress\/ -->\n<title>Jazzpreis Ruhr 2013 geht an the dorf - JazzZeitung<\/title>\n<meta name=\"robots\" content=\"index, follow, max-snippet:-1, max-image-preview:large, max-video-preview:-1\" \/>\n<link rel=\"canonical\" href=\"https:\/\/www.jazzzeitung.de\/cms\/2013\/10\/jazzpreis-ruhr-2013-geht-dorf\/\" \/>\n<meta property=\"og:locale\" content=\"de_DE\" \/>\n<meta property=\"og:type\" content=\"article\" \/>\n<meta property=\"og:title\" content=\"Jazzpreis Ruhr 2013 geht an the dorf - JazzZeitung\" \/>\n<meta property=\"og:description\" content=\"Am 8. November 2013 verlieht jazzwerkruhr den mit 10.000 EUR dotierten Jazzpreis Ruhr 2013 an die Gro\u00dfformation the dorf. Der Jazzpreis Ruhr wurde 2011 als bi-annualer Preis von jazzwerkruhr initiiert und wird somit in diesem Jahr zum zweiten Mal verliehen. Die 8-k\u00f6pfige Expertenjury hat einstimmig beschlossen, den Tr\u00e4ger des Jazzpreis Ruhr 2013 zu benennen und den mit 10.000 Euro dotierten Preis an die Gro\u00dfformation the dorf zu verleihen. Die Preisverleihung, das Preistr\u00e4gerkonzert und weitere Konzerte finden am 8. November 2013 ab 18h im und um das domicil herum in Dortmund statt. Moderiert wird der Abend von Klaus Fiehe, ein versierter Musikkenner, DJ und u.a. bekannt durch seine Sendung 1LIVE Fiehe\/Plan B. the dorf: urban beats &amp; krautrock\/Jazz\/Trance\/Noise the dorf in 2006 von Jan Klare als working orchestra gegr\u00fcndet, ist mit einer ungew\u00f6hnlichen Besetzung von ca. 25 professionellen und nicht professionellen Musikern zwischen 18-60 Jahren das Aush\u00e4ngeschild f\u00fcr den \u201aSound des Ruhrgebiets\u2019, einer der wichtigsten Begegnungspl\u00e4tze f\u00fcr die regionalen Musiker und ein einzigartiges live-Erlebnis. Einmal im Monat kommen diese unter der Leitung von Jan Klare im domicil, zusammen, essen gemeinsam eine selbst gemachte Suppe und entwickeln &hellip;\" \/>\n<meta property=\"og:url\" content=\"https:\/\/www.jazzzeitung.de\/cms\/2013\/10\/jazzpreis-ruhr-2013-geht-dorf\/\" \/>\n<meta property=\"og:site_name\" content=\"JazzZeitung\" \/>\n<meta property=\"article:publisher\" content=\"https:\/\/www.facebook.com\/JazzZeitung\/\" \/>\n<meta property=\"article:published_time\" content=\"2013-10-09T08:18:02+00:00\" \/>\n<meta property=\"og:image\" content=\"http:\/\/www.jazzzeitung.de\/cms\/wp-content\/uploads\/2013\/10\/MG_1874-150x150.jpg\" \/>\n<meta name=\"author\" content=\"Redaktion JazzZeitung\" \/>\n<script type=\"application\/ld+json\" class=\"yoast-schema-graph\">{\"@context\":\"https:\\\/\\\/schema.org\",\"@graph\":[{\"@type\":\"Article\",\"@id\":\"https:\\\/\\\/www.jazzzeitung.de\\\/cms\\\/2013\\\/10\\\/jazzpreis-ruhr-2013-geht-dorf\\\/#article\",\"isPartOf\":{\"@id\":\"https:\\\/\\\/www.jazzzeitung.de\\\/cms\\\/2013\\\/10\\\/jazzpreis-ruhr-2013-geht-dorf\\\/\"},\"author\":{\"name\":\"Redaktion JazzZeitung\",\"@id\":\"https:\\\/\\\/www.jazzzeitung.de\\\/cms\\\/#\\\/schema\\\/person\\\/2245b36b9cd1d24cea10f01c031fb92b\"},\"headline\":\"Jazzpreis Ruhr 2013 geht an the dorf\",\"datePublished\":\"2013-10-09T08:18:02+00:00\",\"mainEntityOfPage\":{\"@id\":\"https:\\\/\\\/www.jazzzeitung.de\\\/cms\\\/2013\\\/10\\\/jazzpreis-ruhr-2013-geht-dorf\\\/\"},\"wordCount\":550,\"commentCount\":0,\"publisher\":{\"@id\":\"https:\\\/\\\/www.jazzzeitung.de\\\/cms\\\/#organization\"},\"image\":{\"@id\":\"https:\\\/\\\/www.jazzzeitung.de\\\/cms\\\/2013\\\/10\\\/jazzpreis-ruhr-2013-geht-dorf\\\/#primaryimage\"},\"thumbnailUrl\":\"http:\\\/\\\/www.jazzzeitung.de\\\/cms\\\/wp-content\\\/uploads\\\/2013\\\/10\\\/MG_1874-150x150.jpg\",\"keywords\":[\"Album\",\"Domicil\",\"Essen\",\"Festivals\",\"Konzerte\",\"Moers\",\"Sendung\"],\"articleSection\":[\"News\"],\"inLanguage\":\"de\",\"potentialAction\":[{\"@type\":\"CommentAction\",\"name\":\"Comment\",\"target\":[\"https:\\\/\\\/www.jazzzeitung.de\\\/cms\\\/2013\\\/10\\\/jazzpreis-ruhr-2013-geht-dorf\\\/#respond\"]}]},{\"@type\":\"WebPage\",\"@id\":\"https:\\\/\\\/www.jazzzeitung.de\\\/cms\\\/2013\\\/10\\\/jazzpreis-ruhr-2013-geht-dorf\\\/\",\"url\":\"https:\\\/\\\/www.jazzzeitung.de\\\/cms\\\/2013\\\/10\\\/jazzpreis-ruhr-2013-geht-dorf\\\/\",\"name\":\"Jazzpreis Ruhr 2013 geht an the dorf - JazzZeitung\",\"isPartOf\":{\"@id\":\"https:\\\/\\\/www.jazzzeitung.de\\\/cms\\\/#website\"},\"primaryImageOfPage\":{\"@id\":\"https:\\\/\\\/www.jazzzeitung.de\\\/cms\\\/2013\\\/10\\\/jazzpreis-ruhr-2013-geht-dorf\\\/#primaryimage\"},\"image\":{\"@id\":\"https:\\\/\\\/www.jazzzeitung.de\\\/cms\\\/2013\\\/10\\\/jazzpreis-ruhr-2013-geht-dorf\\\/#primaryimage\"},\"thumbnailUrl\":\"http:\\\/\\\/www.jazzzeitung.de\\\/cms\\\/wp-content\\\/uploads\\\/2013\\\/10\\\/MG_1874-150x150.jpg\",\"datePublished\":\"2013-10-09T08:18:02+00:00\",\"breadcrumb\":{\"@id\":\"https:\\\/\\\/www.jazzzeitung.de\\\/cms\\\/2013\\\/10\\\/jazzpreis-ruhr-2013-geht-dorf\\\/#breadcrumb\"},\"inLanguage\":\"de\",\"potentialAction\":[{\"@type\":\"ReadAction\",\"target\":[\"https:\\\/\\\/www.jazzzeitung.de\\\/cms\\\/2013\\\/10\\\/jazzpreis-ruhr-2013-geht-dorf\\\/\"]}]},{\"@type\":\"ImageObject\",\"inLanguage\":\"de\",\"@id\":\"https:\\\/\\\/www.jazzzeitung.de\\\/cms\\\/2013\\\/10\\\/jazzpreis-ruhr-2013-geht-dorf\\\/#primaryimage\",\"url\":\"http:\\\/\\\/www.jazzzeitung.de\\\/cms\\\/wp-content\\\/uploads\\\/2013\\\/10\\\/MG_1874-150x150.jpg\",\"contentUrl\":\"http:\\\/\\\/www.jazzzeitung.de\\\/cms\\\/wp-content\\\/uploads\\\/2013\\\/10\\\/MG_1874-150x150.jpg\"},{\"@type\":\"BreadcrumbList\",\"@id\":\"https:\\\/\\\/www.jazzzeitung.de\\\/cms\\\/2013\\\/10\\\/jazzpreis-ruhr-2013-geht-dorf\\\/#breadcrumb\",\"itemListElement\":[{\"@type\":\"ListItem\",\"position\":1,\"name\":\"Startseite\",\"item\":\"https:\\\/\\\/www.jazzzeitung.de\\\/cms\\\/\"},{\"@type\":\"ListItem\",\"position\":2,\"name\":\"Jazzpreis Ruhr 2013 geht an the dorf\"}]},{\"@type\":\"WebSite\",\"@id\":\"https:\\\/\\\/www.jazzzeitung.de\\\/cms\\\/#website\",\"url\":\"https:\\\/\\\/www.jazzzeitung.de\\\/cms\\\/\",\"name\":\"JazzZeitung\",\"description\":\"Jazz-News und Jazz-Kontroverses\",\"publisher\":{\"@id\":\"https:\\\/\\\/www.jazzzeitung.de\\\/cms\\\/#organization\"},\"potentialAction\":[{\"@type\":\"SearchAction\",\"target\":{\"@type\":\"EntryPoint\",\"urlTemplate\":\"https:\\\/\\\/www.jazzzeitung.de\\\/cms\\\/?s={search_term_string}\"},\"query-input\":{\"@type\":\"PropertyValueSpecification\",\"valueRequired\":true,\"valueName\":\"search_term_string\"}}],\"inLanguage\":\"de\"},{\"@type\":\"Organization\",\"@id\":\"https:\\\/\\\/www.jazzzeitung.de\\\/cms\\\/#organization\",\"name\":\"JazzZeitung online\",\"url\":\"https:\\\/\\\/www.jazzzeitung.de\\\/cms\\\/\",\"logo\":{\"@type\":\"ImageObject\",\"inLanguage\":\"de\",\"@id\":\"https:\\\/\\\/www.jazzzeitung.de\\\/cms\\\/#\\\/schema\\\/logo\\\/image\\\/\",\"url\":\"https:\\\/\\\/i0.wp.com\\\/www.jazzzeitung.de\\\/cms\\\/wp-content\\\/uploads\\\/2015\\\/08\\\/JAZZZEITUNGDE_Logo_Neu.png?fit=499%2C200&ssl=1\",\"contentUrl\":\"https:\\\/\\\/i0.wp.com\\\/www.jazzzeitung.de\\\/cms\\\/wp-content\\\/uploads\\\/2015\\\/08\\\/JAZZZEITUNGDE_Logo_Neu.png?fit=499%2C200&ssl=1\",\"width\":499,\"height\":200,\"caption\":\"JazzZeitung online\"},\"image\":{\"@id\":\"https:\\\/\\\/www.jazzzeitung.de\\\/cms\\\/#\\\/schema\\\/logo\\\/image\\\/\"},\"sameAs\":[\"https:\\\/\\\/www.facebook.com\\\/JazzZeitung\\\/\"]},{\"@type\":\"Person\",\"@id\":\"https:\\\/\\\/www.jazzzeitung.de\\\/cms\\\/#\\\/schema\\\/person\\\/2245b36b9cd1d24cea10f01c031fb92b\",\"name\":\"Redaktion JazzZeitung\",\"image\":{\"@type\":\"ImageObject\",\"inLanguage\":\"de\",\"@id\":\"https:\\\/\\\/i0.wp.com\\\/www.jazzzeitung.de\\\/cms\\\/wp-content\\\/uploads\\\/2015\\\/08\\\/JAZZZEITUNGDE_Logo_Neu.png?resize=96%2C96&ssl=159975dcacb611b5700bd619b5daf0a7a\",\"url\":\"https:\\\/\\\/i0.wp.com\\\/www.jazzzeitung.de\\\/cms\\\/wp-content\\\/uploads\\\/2015\\\/08\\\/JAZZZEITUNGDE_Logo_Neu.png?resize=96%2C96&ssl=1\",\"contentUrl\":\"https:\\\/\\\/i0.wp.com\\\/www.jazzzeitung.de\\\/cms\\\/wp-content\\\/uploads\\\/2015\\\/08\\\/JAZZZEITUNGDE_Logo_Neu.png?resize=96%2C96&ssl=1\",\"caption\":\"Redaktion JazzZeitung\"},\"description\":\"Artikel der Redaktion der JazzZeitung.\",\"sameAs\":[\"http:\\\/\\\/www.jazzzeitung.de\\\/cms\\\/\"],\"url\":\"https:\\\/\\\/www.jazzzeitung.de\\\/cms\\\/author\\\/redaktion\\\/\"}]}<\/script>\n<!-- \/ Yoast SEO plugin. -->","yoast_head_json":{"title":"Jazzpreis Ruhr 2013 geht an the dorf - JazzZeitung","robots":{"index":"index","follow":"follow","max-snippet":"max-snippet:-1","max-image-preview":"max-image-preview:large","max-video-preview":"max-video-preview:-1"},"canonical":"https:\/\/www.jazzzeitung.de\/cms\/2013\/10\/jazzpreis-ruhr-2013-geht-dorf\/","og_locale":"de_DE","og_type":"article","og_title":"Jazzpreis Ruhr 2013 geht an the dorf - JazzZeitung","og_description":"Am 8. November 2013 verlieht jazzwerkruhr den mit 10.000 EUR dotierten Jazzpreis Ruhr 2013 an die Gro\u00dfformation the dorf. Der Jazzpreis Ruhr wurde 2011 als bi-annualer Preis von jazzwerkruhr initiiert und wird somit in diesem Jahr zum zweiten Mal verliehen. Die 8-k\u00f6pfige Expertenjury hat einstimmig beschlossen, den Tr\u00e4ger des Jazzpreis Ruhr 2013 zu benennen und den mit 10.000 Euro dotierten Preis an die Gro\u00dfformation the dorf zu verleihen. Die Preisverleihung, das Preistr\u00e4gerkonzert und weitere Konzerte finden am 8. November 2013 ab 18h im und um das domicil herum in Dortmund statt. Moderiert wird der Abend von Klaus Fiehe, ein versierter Musikkenner, DJ und u.a. bekannt durch seine Sendung 1LIVE Fiehe\/Plan B. the dorf: urban beats &amp; krautrock\/Jazz\/Trance\/Noise the dorf in 2006 von Jan Klare als working orchestra gegr\u00fcndet, ist mit einer ungew\u00f6hnlichen Besetzung von ca. 25 professionellen und nicht professionellen Musikern zwischen 18-60 Jahren das Aush\u00e4ngeschild f\u00fcr den \u201aSound des Ruhrgebiets\u2019, einer der wichtigsten Begegnungspl\u00e4tze f\u00fcr die regionalen Musiker und ein einzigartiges live-Erlebnis. Einmal im Monat kommen diese unter der Leitung von Jan Klare im domicil, zusammen, essen gemeinsam eine selbst gemachte Suppe und entwickeln &hellip;","og_url":"https:\/\/www.jazzzeitung.de\/cms\/2013\/10\/jazzpreis-ruhr-2013-geht-dorf\/","og_site_name":"JazzZeitung","article_publisher":"https:\/\/www.facebook.com\/JazzZeitung\/","article_published_time":"2013-10-09T08:18:02+00:00","og_image":[{"url":"http:\/\/www.jazzzeitung.de\/cms\/wp-content\/uploads\/2013\/10\/MG_1874-150x150.jpg","type":"","width":"","height":""}],"author":"Redaktion JazzZeitung","schema":{"@context":"https:\/\/schema.org","@graph":[{"@type":"Article","@id":"https:\/\/www.jazzzeitung.de\/cms\/2013\/10\/jazzpreis-ruhr-2013-geht-dorf\/#article","isPartOf":{"@id":"https:\/\/www.jazzzeitung.de\/cms\/2013\/10\/jazzpreis-ruhr-2013-geht-dorf\/"},"author":{"name":"Redaktion JazzZeitung","@id":"https:\/\/www.jazzzeitung.de\/cms\/#\/schema\/person\/2245b36b9cd1d24cea10f01c031fb92b"},"headline":"Jazzpreis Ruhr 2013 geht an the dorf","datePublished":"2013-10-09T08:18:02+00:00","mainEntityOfPage":{"@id":"https:\/\/www.jazzzeitung.de\/cms\/2013\/10\/jazzpreis-ruhr-2013-geht-dorf\/"},"wordCount":550,"commentCount":0,"publisher":{"@id":"https:\/\/www.jazzzeitung.de\/cms\/#organization"},"image":{"@id":"https:\/\/www.jazzzeitung.de\/cms\/2013\/10\/jazzpreis-ruhr-2013-geht-dorf\/#primaryimage"},"thumbnailUrl":"http:\/\/www.jazzzeitung.de\/cms\/wp-content\/uploads\/2013\/10\/MG_1874-150x150.jpg","keywords":["Album","Domicil","Essen","Festivals","Konzerte","Moers","Sendung"],"articleSection":["News"],"inLanguage":"de","potentialAction":[{"@type":"CommentAction","name":"Comment","target":["https:\/\/www.jazzzeitung.de\/cms\/2013\/10\/jazzpreis-ruhr-2013-geht-dorf\/#respond"]}]},{"@type":"WebPage","@id":"https:\/\/www.jazzzeitung.de\/cms\/2013\/10\/jazzpreis-ruhr-2013-geht-dorf\/","url":"https:\/\/www.jazzzeitung.de\/cms\/2013\/10\/jazzpreis-ruhr-2013-geht-dorf\/","name":"Jazzpreis Ruhr 2013 geht an the dorf - JazzZeitung","isPartOf":{"@id":"https:\/\/www.jazzzeitung.de\/cms\/#website"},"primaryImageOfPage":{"@id":"https:\/\/www.jazzzeitung.de\/cms\/2013\/10\/jazzpreis-ruhr-2013-geht-dorf\/#primaryimage"},"image":{"@id":"https:\/\/www.jazzzeitung.de\/cms\/2013\/10\/jazzpreis-ruhr-2013-geht-dorf\/#primaryimage"},"thumbnailUrl":"http:\/\/www.jazzzeitung.de\/cms\/wp-content\/uploads\/2013\/10\/MG_1874-150x150.jpg","datePublished":"2013-10-09T08:18:02+00:00","breadcrumb":{"@id":"https:\/\/www.jazzzeitung.de\/cms\/2013\/10\/jazzpreis-ruhr-2013-geht-dorf\/#breadcrumb"},"inLanguage":"de","potentialAction":[{"@type":"ReadAction","target":["https:\/\/www.jazzzeitung.de\/cms\/2013\/10\/jazzpreis-ruhr-2013-geht-dorf\/"]}]},{"@type":"ImageObject","inLanguage":"de","@id":"https:\/\/www.jazzzeitung.de\/cms\/2013\/10\/jazzpreis-ruhr-2013-geht-dorf\/#primaryimage","url":"http:\/\/www.jazzzeitung.de\/cms\/wp-content\/uploads\/2013\/10\/MG_1874-150x150.jpg","contentUrl":"http:\/\/www.jazzzeitung.de\/cms\/wp-content\/uploads\/2013\/10\/MG_1874-150x150.jpg"},{"@type":"BreadcrumbList","@id":"https:\/\/www.jazzzeitung.de\/cms\/2013\/10\/jazzpreis-ruhr-2013-geht-dorf\/#breadcrumb","itemListElement":[{"@type":"ListItem","position":1,"name":"Startseite","item":"https:\/\/www.jazzzeitung.de\/cms\/"},{"@type":"ListItem","position":2,"name":"Jazzpreis Ruhr 2013 geht an the dorf"}]},{"@type":"WebSite","@id":"https:\/\/www.jazzzeitung.de\/cms\/#website","url":"https:\/\/www.jazzzeitung.de\/cms\/","name":"JazzZeitung","description":"Jazz-News und Jazz-Kontroverses","publisher":{"@id":"https:\/\/www.jazzzeitung.de\/cms\/#organization"},"potentialAction":[{"@type":"SearchAction","target":{"@type":"EntryPoint","urlTemplate":"https:\/\/www.jazzzeitung.de\/cms\/?s={search_term_string}"},"query-input":{"@type":"PropertyValueSpecification","valueRequired":true,"valueName":"search_term_string"}}],"inLanguage":"de"},{"@type":"Organization","@id":"https:\/\/www.jazzzeitung.de\/cms\/#organization","name":"JazzZeitung online","url":"https:\/\/www.jazzzeitung.de\/cms\/","logo":{"@type":"ImageObject","inLanguage":"de","@id":"https:\/\/www.jazzzeitung.de\/cms\/#\/schema\/logo\/image\/","url":"https:\/\/i0.wp.com\/www.jazzzeitung.de\/cms\/wp-content\/uploads\/2015\/08\/JAZZZEITUNGDE_Logo_Neu.png?fit=499%2C200&ssl=1","contentUrl":"https:\/\/i0.wp.com\/www.jazzzeitung.de\/cms\/wp-content\/uploads\/2015\/08\/JAZZZEITUNGDE_Logo_Neu.png?fit=499%2C200&ssl=1","width":499,"height":200,"caption":"JazzZeitung online"},"image":{"@id":"https:\/\/www.jazzzeitung.de\/cms\/#\/schema\/logo\/image\/"},"sameAs":["https:\/\/www.facebook.com\/JazzZeitung\/"]},{"@type":"Person","@id":"https:\/\/www.jazzzeitung.de\/cms\/#\/schema\/person\/2245b36b9cd1d24cea10f01c031fb92b","name":"Redaktion JazzZeitung","image":{"@type":"ImageObject","inLanguage":"de","@id":"https:\/\/i0.wp.com\/www.jazzzeitung.de\/cms\/wp-content\/uploads\/2015\/08\/JAZZZEITUNGDE_Logo_Neu.png?resize=96%2C96&ssl=159975dcacb611b5700bd619b5daf0a7a","url":"https:\/\/i0.wp.com\/www.jazzzeitung.de\/cms\/wp-content\/uploads\/2015\/08\/JAZZZEITUNGDE_Logo_Neu.png?resize=96%2C96&ssl=1","contentUrl":"https:\/\/i0.wp.com\/www.jazzzeitung.de\/cms\/wp-content\/uploads\/2015\/08\/JAZZZEITUNGDE_Logo_Neu.png?resize=96%2C96&ssl=1","caption":"Redaktion JazzZeitung"},"description":"Artikel der Redaktion der JazzZeitung.","sameAs":["http:\/\/www.jazzzeitung.de\/cms\/"],"url":"https:\/\/www.jazzzeitung.de\/cms\/author\/redaktion\/"}]}},"wp-worthy-pixel":{"ignored":false,"public":null,"server":null,"url":null},"wp-worthy-type":"normal","jetpack_publicize_connections":[],"cc_featured_image_caption":{"caption_text":false,"source_text":false,"source_url":false},"jetpack_featured_media_url":"","jetpack_shortlink":"https:\/\/wp.me\/p3KEcT-Cn","jetpack-related-posts":[{"id":19011,"url":"https:\/\/www.jazzzeitung.de\/cms\/2019\/03\/joachim-willst-du-mit-uns-spielen\/","url_meta":{"origin":2379,"position":0},"title":"\u201eJoachim, willst Du mit uns spielen?&#8220;","author":"Redaktion JazzZeitung","date":"26. M\u00e4rz 2019","format":false,"excerpt":"Der Pianist Joachim K\u00fchn traf im Dortmunder Jazzclub domicil auf die Ruhrgebiets-Kollektivband \u201eThe Dorf.\" Es braucht eigentlich kaum einer Erw\u00e4hung: Auch der Pianist Joachim K\u00fchn ist schon oft im Dortmunder Jazzclub domicil aufgetreten: \u201eEs d\u00fcrfte ungef\u00e4hr im Jahr 1970 gewesen sein \u2013 und ich fand den Keller damals auch sehr\u2026","rel":"","context":"In &quot;Bericht&quot;","block_context":{"text":"Bericht","link":"https:\/\/www.jazzzeitung.de\/cms\/thema\/bericht\/"},"img":{"alt_text":"","src":"https:\/\/i0.wp.com\/www.jazzzeitung.de\/cms\/wp-content\/uploads\/2019\/03\/DSC07111.jpg?fit=1200%2C900&ssl=1&resize=350%2C200","width":350,"height":200,"srcset":"https:\/\/i0.wp.com\/www.jazzzeitung.de\/cms\/wp-content\/uploads\/2019\/03\/DSC07111.jpg?fit=1200%2C900&ssl=1&resize=350%2C200 1x, https:\/\/i0.wp.com\/www.jazzzeitung.de\/cms\/wp-content\/uploads\/2019\/03\/DSC07111.jpg?fit=1200%2C900&ssl=1&resize=525%2C300 1.5x, https:\/\/i0.wp.com\/www.jazzzeitung.de\/cms\/wp-content\/uploads\/2019\/03\/DSC07111.jpg?fit=1200%2C900&ssl=1&resize=700%2C400 2x, https:\/\/i0.wp.com\/www.jazzzeitung.de\/cms\/wp-content\/uploads\/2019\/03\/DSC07111.jpg?fit=1200%2C900&ssl=1&resize=1050%2C600 3x"},"classes":[]},{"id":9715,"url":"https:\/\/www.jazzzeitung.de\/cms\/2016\/07\/neuer-deutscher-jazzpreis-mannheim-2017\/","url_meta":{"origin":2379,"position":1},"title":"Neuer Deutscher Jazzpreis Mannheim 2017","author":"Redaktion JazzZeitung","date":"21. Juli 2016","format":false,"excerpt":"Im Jahr 2017 vergibt die IG Jazz Rhein-Neckar e.V. in Kooperation mit der Alten Feuerwache Mannheim gGmbH bereits zum zw\u00f6lften Mal den Neuen Deutschen Jazzpreis. Das Festivalwochenende findet am 7. und 8. April 2017 in der Alten Feuerwache Mannheim statt. Es ist mit 10.000.- Euro der h\u00f6chstdotierte Bandpreis f\u00fcr professionelle\u2026","rel":"","context":"In &quot;News&quot;","block_context":{"text":"News","link":"https:\/\/www.jazzzeitung.de\/cms\/thema\/nachrichten\/"},"img":{"alt_text":"logo_ndjazzpreis","src":"https:\/\/i0.wp.com\/www.jazzzeitung.de\/cms\/wp-content\/uploads\/2016\/07\/logo_ndjazzpreis-150x150.jpg?resize=350%2C200","width":350,"height":200},"classes":[]},{"id":12167,"url":"https:\/\/www.jazzzeitung.de\/cms\/2017\/04\/12167\/","url_meta":{"origin":2379,"position":2},"title":"Kulturtag Oberscheid &#8211; das Avantgarde-Jazz und -Kunstfestival im Westerwald","author":"Redaktion JazzZeitung","date":"25. April 2017","format":false,"excerpt":"Kulturtag Nr. 10:\u00a0 Drei Tage Avantgarde, Jazz, Rock und Kunst bei freiem Eintritt Vom 18. bis 20. August wird das kleine D\u00f6rfchen Buchholz\/Oberscheid wieder zum Treffpunkt f\u00fcr Jazzfans und Kulturinteressierte von nah und fern. Der Buchholzer Kulturverein Taftah\u00fc freut sich darauf, mit Unterst\u00fctzung des Kultusministeriums Rheinland-Pfalz, ein prallvolles Programm der\u2026","rel":"","context":"In &quot;News&quot;","block_context":{"text":"News","link":"https:\/\/www.jazzzeitung.de\/cms\/thema\/nachrichten\/"},"img":{"alt_text":"","src":"","width":0,"height":0},"classes":[]},{"id":845,"url":"https:\/\/www.jazzzeitung.de\/cms\/2011\/03\/em-gewinnt-den-neuen-deutschen-jazzpreis-2011\/","url_meta":{"origin":2379,"position":3},"title":"[em] gewinnt den Neuen Deutschen Jazzpreis 2011","author":"J\u00f6rg Lichtinger","date":"14. M\u00e4rz 2011","format":false,"excerpt":"Wer h\u00e4tte das gedacht... [em] \u2013 das Trio von Michael Wollny (p), Eva Kruse (b) und Eric Schaefer hat in Mannheim den Neuen Deutschen Jazzpreis gewonnen. Michael Wollny konnte sich dabei auch den Maritim-Solistenpreis sichern. Dieses Ergebnis ist in etwa so \u00fcberraschend wie der Gewinn der Champions-League f\u00fcr den FC\u2026","rel":"","context":"In &quot;Blog&quot;","block_context":{"text":"Blog","link":"https:\/\/www.jazzzeitung.de\/cms\/thema\/blog\/"},"img":{"alt_text":"[em] freuen sich \u00fcber 10.000 \u20ac. Foto: Manfred Rinderspacher","src":"https:\/\/i0.wp.com\/www.jazzzeitung.de\/cms\/wp-content\/uploads\/2011\/03\/Jazzpreisgewinner02-219x300.jpg?resize=350%2C200","width":350,"height":200},"classes":[]},{"id":88,"url":"https:\/\/www.jazzzeitung.de\/cms\/2010\/05\/neuer-deutscher-jazzpreis-preis-ohne-echo\/","url_meta":{"origin":2379,"position":4},"title":"Neuer Deutscher Jazzpreis \u2013 Preis ohne Echo?","author":"J\u00f6rg Lichtinger","date":"19. Mai 2010","format":false,"excerpt":"Nachdem die letzten Wochen voller jazziger Echos waren, m\u00f6chte ich noch einmal in den Wald hineinrufen und das Augenmerk auf einen Deutschen Jazzpreis richten, der nicht von der Musikwirtschaft, sondern, nach einem Gang durch mehrere Instanzen, vom Endverbraucher selbst vergeben wird. Der Neue Deutsche Jazzpreis in Mannheim. Derzeit erh\u00e4lt der\u2026","rel":"","context":"In &quot;Blog&quot;","block_context":{"text":"Blog","link":"https:\/\/www.jazzzeitung.de\/cms\/thema\/blog\/"},"img":{"alt_text":"","src":"","width":0,"height":0},"classes":[]},{"id":23943,"url":"https:\/\/www.jazzzeitung.de\/cms\/2020\/12\/deutscher-jazzpreis-der-initiative-musik-feiert-2021-seine-premiere\/","url_meta":{"origin":2379,"position":5},"title":"Deutscher Jazzpreis der Initiative Musik feiert 2021 seine Premiere","author":"Redaktion JazzZeitung","date":"8. Dezember 2020","format":false,"excerpt":"Pressemitteilung der Initiative Musik: Der Deutsche Jazzpreis wird im Juni 2021 erstmals von Kulturstaatsministerin Monika Gr\u00fctters verliehen: \u201eJazz ist eine markante Gattung in unserer vielf\u00e4ltigen Musiklandschaft. Aus diesem Grund f\u00f6rdert der Bund die Jazzkultur in Deutschland auf unterschiedliche Weise, zum Beispiel mit der Schaffung eines Zentrums f\u00fcr Jazz und improvisierte\u2026","rel":"","context":"In &quot;News&quot;","block_context":{"text":"News","link":"https:\/\/www.jazzzeitung.de\/cms\/thema\/nachrichten\/"},"img":{"alt_text":"jazz_news. Motiv. Foto: Hufner","src":"https:\/\/i0.wp.com\/www.jazzzeitung.de\/cms\/wp-content\/uploads\/2017\/10\/jazz_news.jpg?fit=1200%2C873&ssl=1&resize=350%2C200","width":350,"height":200,"srcset":"https:\/\/i0.wp.com\/www.jazzzeitung.de\/cms\/wp-content\/uploads\/2017\/10\/jazz_news.jpg?fit=1200%2C873&ssl=1&resize=350%2C200 1x, https:\/\/i0.wp.com\/www.jazzzeitung.de\/cms\/wp-content\/uploads\/2017\/10\/jazz_news.jpg?fit=1200%2C873&ssl=1&resize=525%2C300 1.5x, https:\/\/i0.wp.com\/www.jazzzeitung.de\/cms\/wp-content\/uploads\/2017\/10\/jazz_news.jpg?fit=1200%2C873&ssl=1&resize=700%2C400 2x, https:\/\/i0.wp.com\/www.jazzzeitung.de\/cms\/wp-content\/uploads\/2017\/10\/jazz_news.jpg?fit=1200%2C873&ssl=1&resize=1050%2C600 3x"},"classes":[]}],"jetpack_sharing_enabled":true,"_links":{"self":[{"href":"https:\/\/www.jazzzeitung.de\/cms\/wp-json\/wp\/v2\/posts\/2379","targetHints":{"allow":["GET"]}}],"collection":[{"href":"https:\/\/www.jazzzeitung.de\/cms\/wp-json\/wp\/v2\/posts"}],"about":[{"href":"https:\/\/www.jazzzeitung.de\/cms\/wp-json\/wp\/v2\/types\/post"}],"author":[{"embeddable":true,"href":"https:\/\/www.jazzzeitung.de\/cms\/wp-json\/wp\/v2\/users\/18"}],"replies":[{"embeddable":true,"href":"https:\/\/www.jazzzeitung.de\/cms\/wp-json\/wp\/v2\/comments?post=2379"}],"version-history":[{"count":3,"href":"https:\/\/www.jazzzeitung.de\/cms\/wp-json\/wp\/v2\/posts\/2379\/revisions"}],"predecessor-version":[{"id":2417,"href":"https:\/\/www.jazzzeitung.de\/cms\/wp-json\/wp\/v2\/posts\/2379\/revisions\/2417"}],"wp:attachment":[{"href":"https:\/\/www.jazzzeitung.de\/cms\/wp-json\/wp\/v2\/media?parent=2379"}],"wp:term":[{"taxonomy":"category","embeddable":true,"href":"https:\/\/www.jazzzeitung.de\/cms\/wp-json\/wp\/v2\/categories?post=2379"},{"taxonomy":"post_tag","embeddable":true,"href":"https:\/\/www.jazzzeitung.de\/cms\/wp-json\/wp\/v2\/tags?post=2379"},{"taxonomy":"author","embeddable":true,"href":"https:\/\/www.jazzzeitung.de\/cms\/wp-json\/wp\/v2\/coauthors?post=2379"}],"curies":[{"name":"wp","href":"https:\/\/api.w.org\/{rel}","templated":true}]}}