{"id":23760,"date":"2020-11-10T14:05:32","date_gmt":"2020-11-10T13:05:32","guid":{"rendered":"https:\/\/www.jazzzeitung.de\/cms\/?p=23760"},"modified":"2020-11-12T11:02:49","modified_gmt":"2020-11-12T10:02:49","slug":"berlin-new-york-new-york-muenchen","status":"publish","type":"post","link":"https:\/\/www.jazzzeitung.de\/cms\/2020\/11\/berlin-new-york-new-york-muenchen\/","title":{"rendered":"New York \u2013 M\u00fcnchen: Das Progressive Chamber Music Festival 2020 als Stream"},"content":{"rendered":"<p>Als internationaler Br\u00fcckenbauer zwischen zwei Avantgarde-Szenen pr\u00e4sentierte sich das <a href=\"https:\/\/www.berlinerfestspiele.de\/de\/berliner-festspiele\/start.html\">Jazzfest Berlin<\/a> in diesen Tagen (6.-8.11.2020). Berlin \u2013 New York war ein zweit\u00e4giger Konzertmarathon mit zw\u00f6lf Projekten in sechs transatlantischen Tandems: je ein Set als Livestream aus der Betonhalle des Silent Green in Berlin und ein Set als Livestream aus dem Roulette in New York. Mehr dazu auch in der Jazzzeitung unter: <a href=\"https:\/\/www.jazzzeitung.de\/cms\/2020\/10\/jazzfest-berlin-2020\/\">https:\/\/www.jazzzeitung.de\/cms\/2020\/10\/jazzfest-berlin-2020\/<\/a><\/p>\n<p><strong>Progressive Chamber Music Festival 2020<br \/>\n<\/strong><\/p>\n<p>Das transatlantische Projekt aus der Hauptstadt hat gewisserma\u00dfen einen Vorl\u00e4ufer im S\u00fcden der Republik, im M\u00fcnchener Milla Club. Seit f\u00fcnf Jahren gibt es jeweils in den Monaten Oktober und November das Progressive Chamber Music Festival in New York, seit drei Jahren in Korrespondenz mit einem Ableger im M\u00fcnchner Milla Club. Coronabedingt wird 2020 nur gestreamt \u2013 vom 11. November 2020 an ist das <a href=\"https:\/\/youtu.be\/zMasScQl1VM\">digitale Konzert<\/a> online.<\/p>\n<p>&nbsp;<\/p>\n<div class=\"tiled-gallery type-rectangular tiled-gallery-unresized\" data-original-width=\"840\" data-carousel-extra='{&quot;blog_id&quot;:1,&quot;permalink&quot;:&quot;https:\\\/\\\/www.jazzzeitung.de\\\/cms\\\/2020\\\/11\\\/berlin-new-york-new-york-muenchen\\\/&quot;,&quot;likes_blog_id&quot;:55446655}' itemscope itemtype=\"http:\/\/schema.org\/ImageGallery\" > <div class=\"gallery-row\" style=\"width: 840px; height: 164px;\" data-original-width=\"840\" data-original-height=\"164\" > <div class=\"gallery-group images-1\" style=\"width: 243px; height: 164px;\" data-original-width=\"243\" data-original-height=\"164\" > <div class=\"tiled-gallery-item tiled-gallery-item-small\" itemprop=\"associatedMedia\" itemscope itemtype=\"http:\/\/schema.org\/ImageObject\"> <a href=\"https:\/\/www.jazzzeitung.de\/cms\/2020\/11\/berlin-new-york-new-york-muenchen\/sirisuquartet-spectrumclubdsc_5511\/\" border=\"0\" itemprop=\"url\"> <meta itemprop=\"width\" content=\"239\"> <meta itemprop=\"height\" content=\"160\"> <img decoding=\"async\" class=\"\" data-attachment-id=\"23776\" data-orig-file=\"https:\/\/www.jazzzeitung.de\/cms\/wp-content\/uploads\/2020\/11\/SirisuQuartet-SpectrumClubDSC_5511.jpg\" data-orig-size=\"1200,801\" data-comments-opened=\"1\" data-image-meta=\"{&quot;aperture&quot;:&quot;4&quot;,&quot;credit&quot;:&quot;Fotografie van Loon&quot;,&quot;camera&quot;:&quot;NIKON D810&quot;,&quot;caption&quot;:&quot;&quot;,&quot;created_timestamp&quot;:&quot;1541994397&quot;,&quot;copyright&quot;:&quot;&quot;,&quot;focal_length&quot;:&quot;24&quot;,&quot;iso&quot;:&quot;3200&quot;,&quot;shutter_speed&quot;:&quot;0.008&quot;,&quot;title&quot;:&quot;&quot;,&quot;orientation&quot;:&quot;1&quot;}\" data-image-title=\"\" data-image-description=\"\" data-medium-file=\"https:\/\/i0.wp.com\/www.jazzzeitung.de\/cms\/wp-content\/uploads\/2020\/11\/SirisuQuartet-SpectrumClubDSC_5511.jpg?fit=300%2C200&#038;ssl=1\" data-large-file=\"https:\/\/i0.wp.com\/www.jazzzeitung.de\/cms\/wp-content\/uploads\/2020\/11\/SirisuQuartet-SpectrumClubDSC_5511.jpg?fit=840%2C560&#038;ssl=1\" src=\"https:\/\/i0.wp.com\/www.jazzzeitung.de\/cms\/wp-content\/uploads\/2020\/11\/SirisuQuartet-SpectrumClubDSC_5511.jpg?w=239&#038;h=160&#038;ssl=1\" srcset=\"https:\/\/i0.wp.com\/www.jazzzeitung.de\/cms\/wp-content\/uploads\/2020\/11\/SirisuQuartet-SpectrumClubDSC_5511.jpg?w=1200&amp;ssl=1 1200w, https:\/\/i0.wp.com\/www.jazzzeitung.de\/cms\/wp-content\/uploads\/2020\/11\/SirisuQuartet-SpectrumClubDSC_5511.jpg?resize=300%2C200&amp;ssl=1 300w, https:\/\/i0.wp.com\/www.jazzzeitung.de\/cms\/wp-content\/uploads\/2020\/11\/SirisuQuartet-SpectrumClubDSC_5511.jpg?resize=900%2C600&amp;ssl=1 900w, https:\/\/i0.wp.com\/www.jazzzeitung.de\/cms\/wp-content\/uploads\/2020\/11\/SirisuQuartet-SpectrumClubDSC_5511.jpg?resize=768%2C513&amp;ssl=1 768w, https:\/\/i0.wp.com\/www.jazzzeitung.de\/cms\/wp-content\/uploads\/2020\/11\/SirisuQuartet-SpectrumClubDSC_5511.jpg?resize=120%2C80&amp;ssl=1 120w\" width=\"239\" height=\"160\" loading=\"lazy\" data-original-width=\"239\" data-original-height=\"160\" itemprop=\"http:\/\/schema.org\/image\" title=\"\" alt=\"Sirius Quartet im Spectrum Club in Brooklyn\/NY im November 2018. Foto: Susanne van Loon\" style=\"width: 239px; height: 160px;\" \/> <\/a> <div class=\"tiled-gallery-caption\" itemprop=\"caption description\"> Sirius Quartet im Spectrum Club in Brooklyn\/NY im November 2018. Foto: Susanne van Loon <\/div> <\/div> <\/div> <!-- close group --> <div class=\"gallery-group images-1\" style=\"width: 111px; height: 164px;\" data-original-width=\"111\" data-original-height=\"164\" > <div class=\"tiled-gallery-item tiled-gallery-item-small\" itemprop=\"associatedMedia\" itemscope itemtype=\"http:\/\/schema.org\/ImageObject\"> <a href=\"https:\/\/www.jazzzeitung.de\/cms\/2020\/11\/berlin-new-york-new-york-muenchen\/millaclubmuenchendsc_4200-sw-2\/\" border=\"0\" itemprop=\"url\"> <meta itemprop=\"width\" content=\"107\"> <meta itemprop=\"height\" content=\"160\"> <img decoding=\"async\" class=\"\" data-attachment-id=\"23775\" data-orig-file=\"https:\/\/www.jazzzeitung.de\/cms\/wp-content\/uploads\/2020\/11\/MillaClubMuenchenDSC_4200-sw.jpg\" data-orig-size=\"801,1200\" data-comments-opened=\"1\" data-image-meta=\"{&quot;aperture&quot;:&quot;7.1&quot;,&quot;credit&quot;:&quot;Fotografie van Loon&quot;,&quot;camera&quot;:&quot;NIKON D810&quot;,&quot;caption&quot;:&quot;&quot;,&quot;created_timestamp&quot;:&quot;1539818803&quot;,&quot;copyright&quot;:&quot;&quot;,&quot;focal_length&quot;:&quot;70&quot;,&quot;iso&quot;:&quot;8000&quot;,&quot;shutter_speed&quot;:&quot;0.016666666666667&quot;,&quot;title&quot;:&quot;&quot;,&quot;orientation&quot;:&quot;1&quot;}\" data-image-title=\"\" data-image-description=\"\" data-medium-file=\"https:\/\/i0.wp.com\/www.jazzzeitung.de\/cms\/wp-content\/uploads\/2020\/11\/MillaClubMuenchenDSC_4200-sw.jpg?fit=200%2C300&#038;ssl=1\" data-large-file=\"https:\/\/i0.wp.com\/www.jazzzeitung.de\/cms\/wp-content\/uploads\/2020\/11\/MillaClubMuenchenDSC_4200-sw.jpg?fit=401%2C600&#038;ssl=1\" src=\"https:\/\/i0.wp.com\/www.jazzzeitung.de\/cms\/wp-content\/uploads\/2020\/11\/MillaClubMuenchenDSC_4200-sw.jpg?w=107&#038;h=160&#038;ssl=1\" srcset=\"https:\/\/i0.wp.com\/www.jazzzeitung.de\/cms\/wp-content\/uploads\/2020\/11\/MillaClubMuenchenDSC_4200-sw.jpg?w=801&amp;ssl=1 801w, https:\/\/i0.wp.com\/www.jazzzeitung.de\/cms\/wp-content\/uploads\/2020\/11\/MillaClubMuenchenDSC_4200-sw.jpg?resize=200%2C300&amp;ssl=1 200w, https:\/\/i0.wp.com\/www.jazzzeitung.de\/cms\/wp-content\/uploads\/2020\/11\/MillaClubMuenchenDSC_4200-sw.jpg?resize=401%2C600&amp;ssl=1 401w, https:\/\/i0.wp.com\/www.jazzzeitung.de\/cms\/wp-content\/uploads\/2020\/11\/MillaClubMuenchenDSC_4200-sw.jpg?resize=768%2C1151&amp;ssl=1 768w\" width=\"107\" height=\"160\" loading=\"lazy\" data-original-width=\"107\" data-original-height=\"160\" itemprop=\"http:\/\/schema.org\/image\" title=\"\" alt=\"Milla Club 2018. Foto: Susanne van Loon\" style=\"width: 107px; height: 160px;\" \/> <\/a> <div class=\"tiled-gallery-caption\" itemprop=\"caption description\"> Milla Club 2018. Foto: Susanne van Loon <\/div> <\/div> <\/div> <!-- close group --> <div class=\"gallery-group images-1\" style=\"width: 243px; height: 164px;\" data-original-width=\"243\" data-original-height=\"164\" > <div class=\"tiled-gallery-item tiled-gallery-item-small\" itemprop=\"associatedMedia\" itemscope itemtype=\"http:\/\/schema.org\/ImageObject\"> <a href=\"https:\/\/www.jazzzeitung.de\/cms\/2020\/11\/berlin-new-york-new-york-muenchen\/gregor-huebnerdsc_5486\/\" border=\"0\" itemprop=\"url\"> <meta itemprop=\"width\" content=\"239\"> <meta itemprop=\"height\" content=\"160\"> <img decoding=\"async\" class=\"\" data-attachment-id=\"23774\" data-orig-file=\"https:\/\/www.jazzzeitung.de\/cms\/wp-content\/uploads\/2020\/11\/Gregor-HuebnerDSC_5486.jpg\" data-orig-size=\"1200,801\" data-comments-opened=\"1\" data-image-meta=\"{&quot;aperture&quot;:&quot;3.2&quot;,&quot;credit&quot;:&quot;Fotografie van Loon&quot;,&quot;camera&quot;:&quot;NIKON D810&quot;,&quot;caption&quot;:&quot;&quot;,&quot;created_timestamp&quot;:&quot;1541994010&quot;,&quot;copyright&quot;:&quot;&quot;,&quot;focal_length&quot;:&quot;125&quot;,&quot;iso&quot;:&quot;3200&quot;,&quot;shutter_speed&quot;:&quot;0.005&quot;,&quot;title&quot;:&quot;&quot;,&quot;orientation&quot;:&quot;1&quot;}\" data-image-title=\"\" data-image-description=\"\" data-medium-file=\"https:\/\/i0.wp.com\/www.jazzzeitung.de\/cms\/wp-content\/uploads\/2020\/11\/Gregor-HuebnerDSC_5486.jpg?fit=300%2C200&#038;ssl=1\" data-large-file=\"https:\/\/i0.wp.com\/www.jazzzeitung.de\/cms\/wp-content\/uploads\/2020\/11\/Gregor-HuebnerDSC_5486.jpg?fit=840%2C560&#038;ssl=1\" src=\"https:\/\/i0.wp.com\/www.jazzzeitung.de\/cms\/wp-content\/uploads\/2020\/11\/Gregor-HuebnerDSC_5486.jpg?w=239&#038;h=160&#038;ssl=1\" srcset=\"https:\/\/i0.wp.com\/www.jazzzeitung.de\/cms\/wp-content\/uploads\/2020\/11\/Gregor-HuebnerDSC_5486.jpg?w=1200&amp;ssl=1 1200w, https:\/\/i0.wp.com\/www.jazzzeitung.de\/cms\/wp-content\/uploads\/2020\/11\/Gregor-HuebnerDSC_5486.jpg?resize=300%2C200&amp;ssl=1 300w, https:\/\/i0.wp.com\/www.jazzzeitung.de\/cms\/wp-content\/uploads\/2020\/11\/Gregor-HuebnerDSC_5486.jpg?resize=900%2C600&amp;ssl=1 900w, https:\/\/i0.wp.com\/www.jazzzeitung.de\/cms\/wp-content\/uploads\/2020\/11\/Gregor-HuebnerDSC_5486.jpg?resize=768%2C513&amp;ssl=1 768w, https:\/\/i0.wp.com\/www.jazzzeitung.de\/cms\/wp-content\/uploads\/2020\/11\/Gregor-HuebnerDSC_5486.jpg?resize=120%2C80&amp;ssl=1 120w\" width=\"239\" height=\"160\" loading=\"lazy\" data-original-width=\"239\" data-original-height=\"160\" itemprop=\"http:\/\/schema.org\/image\" title=\"\" alt=\"Gregor H\u00fcbner im Spectrum Club, Brooklyn. Foto: Susanne van Loon\" style=\"width: 239px; height: 160px;\" \/> <\/a> <div class=\"tiled-gallery-caption\" itemprop=\"caption description\"> Gregor H\u00fcbner im Spectrum Club, Brooklyn. Foto: Susanne van Loon <\/div> <\/div> <\/div> <!-- close group --> <div class=\"gallery-group images-1\" style=\"width: 243px; height: 164px;\" data-original-width=\"243\" data-original-height=\"164\" > <div class=\"tiled-gallery-item tiled-gallery-item-small\" itemprop=\"associatedMedia\" itemscope itemtype=\"http:\/\/schema.org\/ImageObject\"> <a href=\"https:\/\/www.jazzzeitung.de\/cms\/2020\/11\/berlin-new-york-new-york-muenchen\/gregor-huebnerdsc_5480\/\" border=\"0\" itemprop=\"url\"> <meta itemprop=\"width\" content=\"239\"> <meta itemprop=\"height\" content=\"160\"> <img decoding=\"async\" class=\"\" data-attachment-id=\"23773\" data-orig-file=\"https:\/\/www.jazzzeitung.de\/cms\/wp-content\/uploads\/2020\/11\/Gregor-HuebnerDSC_5480.jpg\" data-orig-size=\"1200,801\" data-comments-opened=\"1\" data-image-meta=\"{&quot;aperture&quot;:&quot;3.2&quot;,&quot;credit&quot;:&quot;Fotografie van Loon&quot;,&quot;camera&quot;:&quot;NIKON D810&quot;,&quot;caption&quot;:&quot;&quot;,&quot;created_timestamp&quot;:&quot;1541993818&quot;,&quot;copyright&quot;:&quot;&quot;,&quot;focal_length&quot;:&quot;70&quot;,&quot;iso&quot;:&quot;3200&quot;,&quot;shutter_speed&quot;:&quot;0.033333333333333&quot;,&quot;title&quot;:&quot;&quot;,&quot;orientation&quot;:&quot;1&quot;}\" data-image-title=\"\" data-image-description=\"\" data-medium-file=\"https:\/\/i0.wp.com\/www.jazzzeitung.de\/cms\/wp-content\/uploads\/2020\/11\/Gregor-HuebnerDSC_5480.jpg?fit=300%2C200&#038;ssl=1\" data-large-file=\"https:\/\/i0.wp.com\/www.jazzzeitung.de\/cms\/wp-content\/uploads\/2020\/11\/Gregor-HuebnerDSC_5480.jpg?fit=840%2C560&#038;ssl=1\" src=\"https:\/\/i0.wp.com\/www.jazzzeitung.de\/cms\/wp-content\/uploads\/2020\/11\/Gregor-HuebnerDSC_5480.jpg?w=239&#038;h=160&#038;ssl=1\" srcset=\"https:\/\/i0.wp.com\/www.jazzzeitung.de\/cms\/wp-content\/uploads\/2020\/11\/Gregor-HuebnerDSC_5480.jpg?w=1200&amp;ssl=1 1200w, https:\/\/i0.wp.com\/www.jazzzeitung.de\/cms\/wp-content\/uploads\/2020\/11\/Gregor-HuebnerDSC_5480.jpg?resize=300%2C200&amp;ssl=1 300w, https:\/\/i0.wp.com\/www.jazzzeitung.de\/cms\/wp-content\/uploads\/2020\/11\/Gregor-HuebnerDSC_5480.jpg?resize=900%2C600&amp;ssl=1 900w, https:\/\/i0.wp.com\/www.jazzzeitung.de\/cms\/wp-content\/uploads\/2020\/11\/Gregor-HuebnerDSC_5480.jpg?resize=768%2C513&amp;ssl=1 768w, https:\/\/i0.wp.com\/www.jazzzeitung.de\/cms\/wp-content\/uploads\/2020\/11\/Gregor-HuebnerDSC_5480.jpg?resize=120%2C80&amp;ssl=1 120w\" width=\"239\" height=\"160\" loading=\"lazy\" data-original-width=\"239\" data-original-height=\"160\" itemprop=\"http:\/\/schema.org\/image\" title=\"\" alt=\"Gregor H\u00fcbner im Spectrum Club, Brooklyn. Foto: Susanne van Loon\" style=\"width: 239px; height: 160px;\" \/> <\/a> <div class=\"tiled-gallery-caption\" itemprop=\"caption description\"> Gregor H\u00fcbner im Spectrum Club, Brooklyn. Foto: Susanne van Loon <\/div> <\/div> <\/div> <!-- close group --> <\/div> <!-- close row --> <\/div>\n<p>Initiatoren dieses genre\u00fcbergreifende Festivals sind die Musiker des Sirius Quartets um den Geiger und Professor an der M\u00fcnchener Musikhochschule, Gregor H\u00fcbner. W\u00e4hrend man vom Jazzfest Berlin aus Br\u00fccken in andere Musikgenres schl\u00e4gt, geht man beim Progressive Chamber Music Festival den umgekehrten Weg: Von der Kammermusik und Gegenwartsmusik hin zur improvisierten Musik. Das gro\u00dfe \u201eN\u201c, das in Europa gew\u00f6hnlich f\u00fcr \u201eNeue Musik\u201c steht, steht bei Sirius eher f\u00fcr einen \u201eNeuen Musikertypus\u201c. Man k\u00f6nnte auch sagen den \u201eComplete Musician\u201c: Der vollendete Musiker interpretiert nicht nur, sondern er komponiert und improvisiert auch. So war es schon in fr\u00fcheren Jahrhunderten und Sirius greift diese Tradition auf \u2013 mit Musik von heute.<\/p>\n<p>Herzst\u00fcck\u00a0 des Progressive Chamber Music Festival ist auch 2020 das Sirius Quartet mit Fung Chern Hwei und Gregor H\u00fcbner, Violine, Ron Lawrence, Viola, und Jeremy Harman, Cello. Gregor H\u00fcbner ist dabei der transatlantisch-musikalische Verbindungsmann: Wohnhaft in New York City lebt er beinahe die H\u00e4lfte des Jahres in seinem Geburtsland Deutschland, wo er eine Professur f\u00fcr Jazzkomposition in M\u00fcnchen innehat.<\/p>\n<p>Der Stream des Progressive Chamber Music Festival 2020 mit Musik von Chano Dominguez, Kathleen Supove und Jennifer Choi sowie dem Sirius Quartet ist vom 11.11.2020 an online:<\/p>\n<p>YouTube:\u00a0 <a href=\"https:\/\/youtu.be\/zMasScQl1VM\">https:\/\/youtu.be\/zMasScQl1VM<\/a><\/p>\n<p>Facebook: <a href=\"https:\/\/www.facebook.com\/SiriusQuartetOfficial\/posts\/3524132294315914\">https:\/\/www.facebook.com\/SiriusQuartetOfficial\/posts\/3524132294315914<\/a><\/p>\n","protected":false},"excerpt":{"rendered":"<p>Als internationaler Br\u00fcckenbauer zwischen zwei Avantgarde-Szenen pr\u00e4sentierte sich das Jazzfest Berlin in diesen Tagen (6.-8.11.2020). Berlin \u2013 New York war ein zweit\u00e4giger Konzertmarathon mit zw\u00f6lf Projekten in sechs transatlantischen Tandems: je ein Set als Livestream aus der Betonhalle des Silent Green in Berlin und ein Set als Livestream aus dem Roulette in New York. Mehr dazu auch in der Jazzzeitung unter: https:\/\/www.jazzzeitung.de\/cms\/2020\/10\/jazzfest-berlin-2020\/ Progressive Chamber Music Festival 2020 Das transatlantische Projekt aus der Hauptstadt hat gewisserma\u00dfen einen Vorl\u00e4ufer im S\u00fcden der Republik, im M\u00fcnchener Milla Club. Seit f\u00fcnf Jahren gibt es jeweils in den Monaten Oktober und November das Progressive Chamber Music Festival in New York, seit drei Jahren in Korrespondenz mit einem Ableger im M\u00fcnchner Milla Club. Coronabedingt wird 2020 nur gestreamt \u2013 vom 11. November 2020 an ist das digitale Konzert online. &nbsp; Initiatoren dieses genre\u00fcbergreifende Festivals sind die Musiker des Sirius Quartets um den Geiger und Professor an der M\u00fcnchener Musikhochschule, Gregor H\u00fcbner. W\u00e4hrend man vom Jazzfest Berlin aus Br\u00fccken in andere Musikgenres schl\u00e4gt, geht man beim Progressive Chamber Music Festival den umgekehrten Weg: Von der Kammermusik und Gegenwartsmusik hin zur improvisierten Musik. &hellip;<\/p>\n","protected":false},"author":18,"featured_media":23777,"comment_status":"open","ping_status":"closed","sticky":false,"template":"","format":"standard","meta":{"_jetpack_memberships_contains_paid_content":false,"footnotes":"","jetpack_publicize_message":"","jetpack_publicize_feature_enabled":true,"jetpack_social_post_already_shared":false,"jetpack_social_options":{"image_generator_settings":{"template":"highway","default_image_id":0,"font":"","enabled":false},"version":2}},"categories":[633],"tags":[2660,66,1779,120,137,171,3,682,3272,751,272,294,2861,3276,3275,322,401,1488,904,2048,3274,3246,2139,3273,524,608],"coauthors":[695],"class_list":["post-23760","post","type-post","status-publish","format-standard","has-post-thumbnail","hentry","category-nachrichten","tag-2660","tag-berlin","tag-chano-dominguez","tag-club","tag-deutschland","tag-facebook","tag-festival","tag-festivals","tag-gregor-huebner","tag-jazzfest","tag-jazzfest-berlin","tag-jazzzeitung","tag-jazzzeitung-de","tag-jennifer-choi","tag-kathleen-supove","tag-konzert-2","tag-muenchen","tag-neue-musik","tag-new-york","tag-oktober","tag-progressive-chmaber-music-festival","tag-roulette","tag-s","tag-sirius-quartet","tag-stream","tag-youtube"],"yoast_head":"<!-- This site is optimized with the Yoast SEO plugin v27.5 - https:\/\/yoast.com\/product\/yoast-seo-wordpress\/ -->\n<title>New York \u2013 M\u00fcnchen: Das Progressive Chamber Music Festival 2020 als Stream - JazzZeitung<\/title>\n<meta name=\"robots\" content=\"index, follow, max-snippet:-1, max-image-preview:large, max-video-preview:-1\" \/>\n<link rel=\"canonical\" href=\"https:\/\/www.jazzzeitung.de\/cms\/2020\/11\/berlin-new-york-new-york-muenchen\/\" \/>\n<meta property=\"og:locale\" content=\"de_DE\" \/>\n<meta property=\"og:type\" content=\"article\" \/>\n<meta property=\"og:title\" content=\"New York \u2013 M\u00fcnchen: Das Progressive Chamber Music Festival 2020 als Stream - JazzZeitung\" \/>\n<meta property=\"og:description\" content=\"Als internationaler Br\u00fcckenbauer zwischen zwei Avantgarde-Szenen pr\u00e4sentierte sich das Jazzfest Berlin in diesen Tagen (6.-8.11.2020). Berlin \u2013 New York war ein zweit\u00e4giger Konzertmarathon mit zw\u00f6lf Projekten in sechs transatlantischen Tandems: je ein Set als Livestream aus der Betonhalle des Silent Green in Berlin und ein Set als Livestream aus dem Roulette in New York. Mehr dazu auch in der Jazzzeitung unter: https:\/\/www.jazzzeitung.de\/cms\/2020\/10\/jazzfest-berlin-2020\/ Progressive Chamber Music Festival 2020 Das transatlantische Projekt aus der Hauptstadt hat gewisserma\u00dfen einen Vorl\u00e4ufer im S\u00fcden der Republik, im M\u00fcnchener Milla Club. Seit f\u00fcnf Jahren gibt es jeweils in den Monaten Oktober und November das Progressive Chamber Music Festival in New York, seit drei Jahren in Korrespondenz mit einem Ableger im M\u00fcnchner Milla Club. Coronabedingt wird 2020 nur gestreamt \u2013 vom 11. November 2020 an ist das digitale Konzert online. &nbsp; Initiatoren dieses genre\u00fcbergreifende Festivals sind die Musiker des Sirius Quartets um den Geiger und Professor an der M\u00fcnchener Musikhochschule, Gregor H\u00fcbner. W\u00e4hrend man vom Jazzfest Berlin aus Br\u00fccken in andere Musikgenres schl\u00e4gt, geht man beim Progressive Chamber Music Festival den umgekehrten Weg: Von der Kammermusik und Gegenwartsmusik hin zur improvisierten Musik. &hellip;\" \/>\n<meta property=\"og:url\" content=\"https:\/\/www.jazzzeitung.de\/cms\/2020\/11\/berlin-new-york-new-york-muenchen\/\" \/>\n<meta property=\"og:site_name\" content=\"JazzZeitung\" \/>\n<meta property=\"article:publisher\" content=\"https:\/\/www.facebook.com\/JazzZeitung\/\" \/>\n<meta property=\"article:published_time\" content=\"2020-11-10T13:05:32+00:00\" \/>\n<meta property=\"article:modified_time\" content=\"2020-11-12T10:02:49+00:00\" \/>\n<meta property=\"og:image\" content=\"https:\/\/i0.wp.com\/www.jazzzeitung.de\/cms\/wp-content\/uploads\/2020\/11\/SpectrumClubDSC_5407.jpg?fit=1200%2C801&ssl=1\" \/>\n\t<meta property=\"og:image:width\" content=\"1200\" \/>\n\t<meta property=\"og:image:height\" content=\"801\" \/>\n\t<meta property=\"og:image:type\" content=\"image\/jpeg\" \/>\n<meta name=\"author\" content=\"Redaktion JazzZeitung\" \/>\n<script type=\"application\/ld+json\" class=\"yoast-schema-graph\">{\"@context\":\"https:\\\/\\\/schema.org\",\"@graph\":[{\"@type\":\"Article\",\"@id\":\"https:\\\/\\\/www.jazzzeitung.de\\\/cms\\\/2020\\\/11\\\/berlin-new-york-new-york-muenchen\\\/#article\",\"isPartOf\":{\"@id\":\"https:\\\/\\\/www.jazzzeitung.de\\\/cms\\\/2020\\\/11\\\/berlin-new-york-new-york-muenchen\\\/\"},\"author\":{\"name\":\"Redaktion JazzZeitung\",\"@id\":\"https:\\\/\\\/www.jazzzeitung.de\\\/cms\\\/#\\\/schema\\\/person\\\/2245b36b9cd1d24cea10f01c031fb92b\"},\"headline\":\"New York \u2013 M\u00fcnchen: Das Progressive Chamber Music Festival 2020 als Stream\",\"datePublished\":\"2020-11-10T13:05:32+00:00\",\"dateModified\":\"2020-11-12T10:02:49+00:00\",\"mainEntityOfPage\":{\"@id\":\"https:\\\/\\\/www.jazzzeitung.de\\\/cms\\\/2020\\\/11\\\/berlin-new-york-new-york-muenchen\\\/\"},\"wordCount\":378,\"commentCount\":0,\"publisher\":{\"@id\":\"https:\\\/\\\/www.jazzzeitung.de\\\/cms\\\/#organization\"},\"image\":{\"@id\":\"https:\\\/\\\/www.jazzzeitung.de\\\/cms\\\/2020\\\/11\\\/berlin-new-york-new-york-muenchen\\\/#primaryimage\"},\"thumbnailUrl\":\"https:\\\/\\\/i0.wp.com\\\/www.jazzzeitung.de\\\/cms\\\/wp-content\\\/uploads\\\/2020\\\/11\\\/SpectrumClubDSC_5407.jpg?fit=1200%2C801&ssl=1\",\"keywords\":[\"2020\",\"Berlin\",\"Chano Dominguez\",\"Club\",\"Deutschland\",\"facebook\",\"Festival\",\"Festivals\",\"Gregor H\u00fcbner\",\"Jazzfest\",\"Jazzfest Berlin\",\"Jazzzeitung\",\"JazzZeitung.de\",\"Jennifer Choi\",\"Kathleen Supove\",\"Konzert\",\"M\u00fcnchen\",\"Neue Musik\",\"New York\",\"Oktober\",\"Progressive Chmaber Music Festival\",\"Roulette\",\"S\",\"Sirius Quartet\",\"Stream\",\"Youtube\"],\"articleSection\":[\"News\"],\"inLanguage\":\"de\",\"potentialAction\":[{\"@type\":\"CommentAction\",\"name\":\"Comment\",\"target\":[\"https:\\\/\\\/www.jazzzeitung.de\\\/cms\\\/2020\\\/11\\\/berlin-new-york-new-york-muenchen\\\/#respond\"]}]},{\"@type\":\"WebPage\",\"@id\":\"https:\\\/\\\/www.jazzzeitung.de\\\/cms\\\/2020\\\/11\\\/berlin-new-york-new-york-muenchen\\\/\",\"url\":\"https:\\\/\\\/www.jazzzeitung.de\\\/cms\\\/2020\\\/11\\\/berlin-new-york-new-york-muenchen\\\/\",\"name\":\"New York \u2013 M\u00fcnchen: Das Progressive Chamber Music Festival 2020 als Stream - JazzZeitung\",\"isPartOf\":{\"@id\":\"https:\\\/\\\/www.jazzzeitung.de\\\/cms\\\/#website\"},\"primaryImageOfPage\":{\"@id\":\"https:\\\/\\\/www.jazzzeitung.de\\\/cms\\\/2020\\\/11\\\/berlin-new-york-new-york-muenchen\\\/#primaryimage\"},\"image\":{\"@id\":\"https:\\\/\\\/www.jazzzeitung.de\\\/cms\\\/2020\\\/11\\\/berlin-new-york-new-york-muenchen\\\/#primaryimage\"},\"thumbnailUrl\":\"https:\\\/\\\/i0.wp.com\\\/www.jazzzeitung.de\\\/cms\\\/wp-content\\\/uploads\\\/2020\\\/11\\\/SpectrumClubDSC_5407.jpg?fit=1200%2C801&ssl=1\",\"datePublished\":\"2020-11-10T13:05:32+00:00\",\"dateModified\":\"2020-11-12T10:02:49+00:00\",\"breadcrumb\":{\"@id\":\"https:\\\/\\\/www.jazzzeitung.de\\\/cms\\\/2020\\\/11\\\/berlin-new-york-new-york-muenchen\\\/#breadcrumb\"},\"inLanguage\":\"de\",\"potentialAction\":[{\"@type\":\"ReadAction\",\"target\":[\"https:\\\/\\\/www.jazzzeitung.de\\\/cms\\\/2020\\\/11\\\/berlin-new-york-new-york-muenchen\\\/\"]}]},{\"@type\":\"ImageObject\",\"inLanguage\":\"de\",\"@id\":\"https:\\\/\\\/www.jazzzeitung.de\\\/cms\\\/2020\\\/11\\\/berlin-new-york-new-york-muenchen\\\/#primaryimage\",\"url\":\"https:\\\/\\\/i0.wp.com\\\/www.jazzzeitung.de\\\/cms\\\/wp-content\\\/uploads\\\/2020\\\/11\\\/SpectrumClubDSC_5407.jpg?fit=1200%2C801&ssl=1\",\"contentUrl\":\"https:\\\/\\\/i0.wp.com\\\/www.jazzzeitung.de\\\/cms\\\/wp-content\\\/uploads\\\/2020\\\/11\\\/SpectrumClubDSC_5407.jpg?fit=1200%2C801&ssl=1\",\"width\":1200,\"height\":801,\"caption\":\"Foto: Susanne van Loon\"},{\"@type\":\"BreadcrumbList\",\"@id\":\"https:\\\/\\\/www.jazzzeitung.de\\\/cms\\\/2020\\\/11\\\/berlin-new-york-new-york-muenchen\\\/#breadcrumb\",\"itemListElement\":[{\"@type\":\"ListItem\",\"position\":1,\"name\":\"Startseite\",\"item\":\"https:\\\/\\\/www.jazzzeitung.de\\\/cms\\\/\"},{\"@type\":\"ListItem\",\"position\":2,\"name\":\"New York \u2013 M\u00fcnchen: Das Progressive Chamber Music Festival 2020 als Stream\"}]},{\"@type\":\"WebSite\",\"@id\":\"https:\\\/\\\/www.jazzzeitung.de\\\/cms\\\/#website\",\"url\":\"https:\\\/\\\/www.jazzzeitung.de\\\/cms\\\/\",\"name\":\"JazzZeitung\",\"description\":\"Jazz-News und Jazz-Kontroverses\",\"publisher\":{\"@id\":\"https:\\\/\\\/www.jazzzeitung.de\\\/cms\\\/#organization\"},\"potentialAction\":[{\"@type\":\"SearchAction\",\"target\":{\"@type\":\"EntryPoint\",\"urlTemplate\":\"https:\\\/\\\/www.jazzzeitung.de\\\/cms\\\/?s={search_term_string}\"},\"query-input\":{\"@type\":\"PropertyValueSpecification\",\"valueRequired\":true,\"valueName\":\"search_term_string\"}}],\"inLanguage\":\"de\"},{\"@type\":\"Organization\",\"@id\":\"https:\\\/\\\/www.jazzzeitung.de\\\/cms\\\/#organization\",\"name\":\"JazzZeitung online\",\"url\":\"https:\\\/\\\/www.jazzzeitung.de\\\/cms\\\/\",\"logo\":{\"@type\":\"ImageObject\",\"inLanguage\":\"de\",\"@id\":\"https:\\\/\\\/www.jazzzeitung.de\\\/cms\\\/#\\\/schema\\\/logo\\\/image\\\/\",\"url\":\"https:\\\/\\\/i0.wp.com\\\/www.jazzzeitung.de\\\/cms\\\/wp-content\\\/uploads\\\/2015\\\/08\\\/JAZZZEITUNGDE_Logo_Neu.png?fit=499%2C200&ssl=1\",\"contentUrl\":\"https:\\\/\\\/i0.wp.com\\\/www.jazzzeitung.de\\\/cms\\\/wp-content\\\/uploads\\\/2015\\\/08\\\/JAZZZEITUNGDE_Logo_Neu.png?fit=499%2C200&ssl=1\",\"width\":499,\"height\":200,\"caption\":\"JazzZeitung online\"},\"image\":{\"@id\":\"https:\\\/\\\/www.jazzzeitung.de\\\/cms\\\/#\\\/schema\\\/logo\\\/image\\\/\"},\"sameAs\":[\"https:\\\/\\\/www.facebook.com\\\/JazzZeitung\\\/\"]},{\"@type\":\"Person\",\"@id\":\"https:\\\/\\\/www.jazzzeitung.de\\\/cms\\\/#\\\/schema\\\/person\\\/2245b36b9cd1d24cea10f01c031fb92b\",\"name\":\"Redaktion JazzZeitung\",\"image\":{\"@type\":\"ImageObject\",\"inLanguage\":\"de\",\"@id\":\"https:\\\/\\\/i0.wp.com\\\/www.jazzzeitung.de\\\/cms\\\/wp-content\\\/uploads\\\/2015\\\/08\\\/JAZZZEITUNGDE_Logo_Neu.png?resize=96%2C96&ssl=159975dcacb611b5700bd619b5daf0a7a\",\"url\":\"https:\\\/\\\/i0.wp.com\\\/www.jazzzeitung.de\\\/cms\\\/wp-content\\\/uploads\\\/2015\\\/08\\\/JAZZZEITUNGDE_Logo_Neu.png?resize=96%2C96&ssl=1\",\"contentUrl\":\"https:\\\/\\\/i0.wp.com\\\/www.jazzzeitung.de\\\/cms\\\/wp-content\\\/uploads\\\/2015\\\/08\\\/JAZZZEITUNGDE_Logo_Neu.png?resize=96%2C96&ssl=1\",\"caption\":\"Redaktion JazzZeitung\"},\"description\":\"Artikel der Redaktion der JazzZeitung.\",\"sameAs\":[\"http:\\\/\\\/www.jazzzeitung.de\\\/cms\\\/\"],\"url\":\"https:\\\/\\\/www.jazzzeitung.de\\\/cms\\\/author\\\/redaktion\\\/\"}]}<\/script>\n<!-- \/ Yoast SEO plugin. -->","yoast_head_json":{"title":"New York \u2013 M\u00fcnchen: Das Progressive Chamber Music Festival 2020 als Stream - JazzZeitung","robots":{"index":"index","follow":"follow","max-snippet":"max-snippet:-1","max-image-preview":"max-image-preview:large","max-video-preview":"max-video-preview:-1"},"canonical":"https:\/\/www.jazzzeitung.de\/cms\/2020\/11\/berlin-new-york-new-york-muenchen\/","og_locale":"de_DE","og_type":"article","og_title":"New York \u2013 M\u00fcnchen: Das Progressive Chamber Music Festival 2020 als Stream - JazzZeitung","og_description":"Als internationaler Br\u00fcckenbauer zwischen zwei Avantgarde-Szenen pr\u00e4sentierte sich das Jazzfest Berlin in diesen Tagen (6.-8.11.2020). Berlin \u2013 New York war ein zweit\u00e4giger Konzertmarathon mit zw\u00f6lf Projekten in sechs transatlantischen Tandems: je ein Set als Livestream aus der Betonhalle des Silent Green in Berlin und ein Set als Livestream aus dem Roulette in New York. Mehr dazu auch in der Jazzzeitung unter: https:\/\/www.jazzzeitung.de\/cms\/2020\/10\/jazzfest-berlin-2020\/ Progressive Chamber Music Festival 2020 Das transatlantische Projekt aus der Hauptstadt hat gewisserma\u00dfen einen Vorl\u00e4ufer im S\u00fcden der Republik, im M\u00fcnchener Milla Club. Seit f\u00fcnf Jahren gibt es jeweils in den Monaten Oktober und November das Progressive Chamber Music Festival in New York, seit drei Jahren in Korrespondenz mit einem Ableger im M\u00fcnchner Milla Club. Coronabedingt wird 2020 nur gestreamt \u2013 vom 11. November 2020 an ist das digitale Konzert online. &nbsp; Initiatoren dieses genre\u00fcbergreifende Festivals sind die Musiker des Sirius Quartets um den Geiger und Professor an der M\u00fcnchener Musikhochschule, Gregor H\u00fcbner. W\u00e4hrend man vom Jazzfest Berlin aus Br\u00fccken in andere Musikgenres schl\u00e4gt, geht man beim Progressive Chamber Music Festival den umgekehrten Weg: Von der Kammermusik und Gegenwartsmusik hin zur improvisierten Musik. &hellip;","og_url":"https:\/\/www.jazzzeitung.de\/cms\/2020\/11\/berlin-new-york-new-york-muenchen\/","og_site_name":"JazzZeitung","article_publisher":"https:\/\/www.facebook.com\/JazzZeitung\/","article_published_time":"2020-11-10T13:05:32+00:00","article_modified_time":"2020-11-12T10:02:49+00:00","og_image":[{"width":1200,"height":801,"url":"https:\/\/i0.wp.com\/www.jazzzeitung.de\/cms\/wp-content\/uploads\/2020\/11\/SpectrumClubDSC_5407.jpg?fit=1200%2C801&ssl=1","type":"image\/jpeg"}],"author":"Redaktion JazzZeitung","schema":{"@context":"https:\/\/schema.org","@graph":[{"@type":"Article","@id":"https:\/\/www.jazzzeitung.de\/cms\/2020\/11\/berlin-new-york-new-york-muenchen\/#article","isPartOf":{"@id":"https:\/\/www.jazzzeitung.de\/cms\/2020\/11\/berlin-new-york-new-york-muenchen\/"},"author":{"name":"Redaktion JazzZeitung","@id":"https:\/\/www.jazzzeitung.de\/cms\/#\/schema\/person\/2245b36b9cd1d24cea10f01c031fb92b"},"headline":"New York \u2013 M\u00fcnchen: Das Progressive Chamber Music Festival 2020 als Stream","datePublished":"2020-11-10T13:05:32+00:00","dateModified":"2020-11-12T10:02:49+00:00","mainEntityOfPage":{"@id":"https:\/\/www.jazzzeitung.de\/cms\/2020\/11\/berlin-new-york-new-york-muenchen\/"},"wordCount":378,"commentCount":0,"publisher":{"@id":"https:\/\/www.jazzzeitung.de\/cms\/#organization"},"image":{"@id":"https:\/\/www.jazzzeitung.de\/cms\/2020\/11\/berlin-new-york-new-york-muenchen\/#primaryimage"},"thumbnailUrl":"https:\/\/i0.wp.com\/www.jazzzeitung.de\/cms\/wp-content\/uploads\/2020\/11\/SpectrumClubDSC_5407.jpg?fit=1200%2C801&ssl=1","keywords":["2020","Berlin","Chano Dominguez","Club","Deutschland","facebook","Festival","Festivals","Gregor H\u00fcbner","Jazzfest","Jazzfest Berlin","Jazzzeitung","JazzZeitung.de","Jennifer Choi","Kathleen Supove","Konzert","M\u00fcnchen","Neue Musik","New York","Oktober","Progressive Chmaber Music Festival","Roulette","S","Sirius Quartet","Stream","Youtube"],"articleSection":["News"],"inLanguage":"de","potentialAction":[{"@type":"CommentAction","name":"Comment","target":["https:\/\/www.jazzzeitung.de\/cms\/2020\/11\/berlin-new-york-new-york-muenchen\/#respond"]}]},{"@type":"WebPage","@id":"https:\/\/www.jazzzeitung.de\/cms\/2020\/11\/berlin-new-york-new-york-muenchen\/","url":"https:\/\/www.jazzzeitung.de\/cms\/2020\/11\/berlin-new-york-new-york-muenchen\/","name":"New York \u2013 M\u00fcnchen: Das Progressive Chamber Music Festival 2020 als Stream - JazzZeitung","isPartOf":{"@id":"https:\/\/www.jazzzeitung.de\/cms\/#website"},"primaryImageOfPage":{"@id":"https:\/\/www.jazzzeitung.de\/cms\/2020\/11\/berlin-new-york-new-york-muenchen\/#primaryimage"},"image":{"@id":"https:\/\/www.jazzzeitung.de\/cms\/2020\/11\/berlin-new-york-new-york-muenchen\/#primaryimage"},"thumbnailUrl":"https:\/\/i0.wp.com\/www.jazzzeitung.de\/cms\/wp-content\/uploads\/2020\/11\/SpectrumClubDSC_5407.jpg?fit=1200%2C801&ssl=1","datePublished":"2020-11-10T13:05:32+00:00","dateModified":"2020-11-12T10:02:49+00:00","breadcrumb":{"@id":"https:\/\/www.jazzzeitung.de\/cms\/2020\/11\/berlin-new-york-new-york-muenchen\/#breadcrumb"},"inLanguage":"de","potentialAction":[{"@type":"ReadAction","target":["https:\/\/www.jazzzeitung.de\/cms\/2020\/11\/berlin-new-york-new-york-muenchen\/"]}]},{"@type":"ImageObject","inLanguage":"de","@id":"https:\/\/www.jazzzeitung.de\/cms\/2020\/11\/berlin-new-york-new-york-muenchen\/#primaryimage","url":"https:\/\/i0.wp.com\/www.jazzzeitung.de\/cms\/wp-content\/uploads\/2020\/11\/SpectrumClubDSC_5407.jpg?fit=1200%2C801&ssl=1","contentUrl":"https:\/\/i0.wp.com\/www.jazzzeitung.de\/cms\/wp-content\/uploads\/2020\/11\/SpectrumClubDSC_5407.jpg?fit=1200%2C801&ssl=1","width":1200,"height":801,"caption":"Foto: Susanne van Loon"},{"@type":"BreadcrumbList","@id":"https:\/\/www.jazzzeitung.de\/cms\/2020\/11\/berlin-new-york-new-york-muenchen\/#breadcrumb","itemListElement":[{"@type":"ListItem","position":1,"name":"Startseite","item":"https:\/\/www.jazzzeitung.de\/cms\/"},{"@type":"ListItem","position":2,"name":"New York \u2013 M\u00fcnchen: Das Progressive Chamber Music Festival 2020 als Stream"}]},{"@type":"WebSite","@id":"https:\/\/www.jazzzeitung.de\/cms\/#website","url":"https:\/\/www.jazzzeitung.de\/cms\/","name":"JazzZeitung","description":"Jazz-News und Jazz-Kontroverses","publisher":{"@id":"https:\/\/www.jazzzeitung.de\/cms\/#organization"},"potentialAction":[{"@type":"SearchAction","target":{"@type":"EntryPoint","urlTemplate":"https:\/\/www.jazzzeitung.de\/cms\/?s={search_term_string}"},"query-input":{"@type":"PropertyValueSpecification","valueRequired":true,"valueName":"search_term_string"}}],"inLanguage":"de"},{"@type":"Organization","@id":"https:\/\/www.jazzzeitung.de\/cms\/#organization","name":"JazzZeitung online","url":"https:\/\/www.jazzzeitung.de\/cms\/","logo":{"@type":"ImageObject","inLanguage":"de","@id":"https:\/\/www.jazzzeitung.de\/cms\/#\/schema\/logo\/image\/","url":"https:\/\/i0.wp.com\/www.jazzzeitung.de\/cms\/wp-content\/uploads\/2015\/08\/JAZZZEITUNGDE_Logo_Neu.png?fit=499%2C200&ssl=1","contentUrl":"https:\/\/i0.wp.com\/www.jazzzeitung.de\/cms\/wp-content\/uploads\/2015\/08\/JAZZZEITUNGDE_Logo_Neu.png?fit=499%2C200&ssl=1","width":499,"height":200,"caption":"JazzZeitung online"},"image":{"@id":"https:\/\/www.jazzzeitung.de\/cms\/#\/schema\/logo\/image\/"},"sameAs":["https:\/\/www.facebook.com\/JazzZeitung\/"]},{"@type":"Person","@id":"https:\/\/www.jazzzeitung.de\/cms\/#\/schema\/person\/2245b36b9cd1d24cea10f01c031fb92b","name":"Redaktion JazzZeitung","image":{"@type":"ImageObject","inLanguage":"de","@id":"https:\/\/i0.wp.com\/www.jazzzeitung.de\/cms\/wp-content\/uploads\/2015\/08\/JAZZZEITUNGDE_Logo_Neu.png?resize=96%2C96&ssl=159975dcacb611b5700bd619b5daf0a7a","url":"https:\/\/i0.wp.com\/www.jazzzeitung.de\/cms\/wp-content\/uploads\/2015\/08\/JAZZZEITUNGDE_Logo_Neu.png?resize=96%2C96&ssl=1","contentUrl":"https:\/\/i0.wp.com\/www.jazzzeitung.de\/cms\/wp-content\/uploads\/2015\/08\/JAZZZEITUNGDE_Logo_Neu.png?resize=96%2C96&ssl=1","caption":"Redaktion JazzZeitung"},"description":"Artikel der Redaktion der JazzZeitung.","sameAs":["http:\/\/www.jazzzeitung.de\/cms\/"],"url":"https:\/\/www.jazzzeitung.de\/cms\/author\/redaktion\/"}]}},"wp-worthy-pixel":{"ignored":false,"public":null,"server":null,"url":null},"wp-worthy-type":"normal","jetpack_publicize_connections":[],"cc_featured_image_caption":{"caption_text":"","source_text":"","source_url":""},"jetpack_featured_media_url":"https:\/\/i0.wp.com\/www.jazzzeitung.de\/cms\/wp-content\/uploads\/2020\/11\/SpectrumClubDSC_5407.jpg?fit=1200%2C801&ssl=1","jetpack_shortlink":"https:\/\/wp.me\/p3KEcT-6be","jetpack-related-posts":[{"id":23710,"url":"https:\/\/www.jazzzeitung.de\/cms\/2020\/10\/jazzfest-berlin-2020\/","url_meta":{"origin":23760,"position":0},"title":"Jazzfest Berlin 2020","author":"Redaktion JazzZeitung","date":"29. Oktober 2020","format":false,"excerpt":"Vor einer guten Woche sollte der Ticket-Vorverkauf f\u00fcr das deutsche Jazzfest Berlin, das vom 5. bis 8. November stattfindet, starten, doch wurde er erst einmal auf unbestimmte Zeit verschoben, da nicht klar ist, welche Auswirkungen die Pandemieentwicklung auf den Veranstaltungsbetrieb haben wird. Das Festival findet aber auf jeden Fall online\u2026","rel":"","context":"In &quot;News&quot;","block_context":{"text":"News","link":"https:\/\/www.jazzzeitung.de\/cms\/thema\/nachrichten\/"},"img":{"alt_text":"","src":"https:\/\/i0.wp.com\/www.jazzzeitung.de\/cms\/wp-content\/uploads\/2020\/10\/Hydroplus.-Foto-Peter-Gundahl-scaled.jpg?fit=1200%2C795&ssl=1&resize=350%2C200","width":350,"height":200,"srcset":"https:\/\/i0.wp.com\/www.jazzzeitung.de\/cms\/wp-content\/uploads\/2020\/10\/Hydroplus.-Foto-Peter-Gundahl-scaled.jpg?fit=1200%2C795&ssl=1&resize=350%2C200 1x, https:\/\/i0.wp.com\/www.jazzzeitung.de\/cms\/wp-content\/uploads\/2020\/10\/Hydroplus.-Foto-Peter-Gundahl-scaled.jpg?fit=1200%2C795&ssl=1&resize=525%2C300 1.5x, https:\/\/i0.wp.com\/www.jazzzeitung.de\/cms\/wp-content\/uploads\/2020\/10\/Hydroplus.-Foto-Peter-Gundahl-scaled.jpg?fit=1200%2C795&ssl=1&resize=700%2C400 2x, https:\/\/i0.wp.com\/www.jazzzeitung.de\/cms\/wp-content\/uploads\/2020\/10\/Hydroplus.-Foto-Peter-Gundahl-scaled.jpg?fit=1200%2C795&ssl=1&resize=1050%2C600 3x"},"classes":[]},{"id":24710,"url":"https:\/\/www.jazzzeitung.de\/cms\/2021\/04\/jazzfest-berlin-mit-award-for-adventurous-programming-des-europe-jazz-network-ausgezeichnet\/","url_meta":{"origin":23760,"position":1},"title":"Jazzfest Berlin mit Award for Adventurous Programming des Europe Jazz Network ausgezeichnet","author":"Redaktion JazzZeitung","date":"14. April 2021","format":false,"excerpt":"Das Europe Jazz Network (EJN) verk\u00fcndete den Preistr\u00e4ger am 14. April erstmals in einem Live-Online-Event. Die komplette Preisverleihung ist hier nachzusehen: youtu.be\/vd_z1pDEO10 Die Verleihung wurde von EJN-Pr\u00e4sident Wim Wabbes moderiert und beinhaltete Statements der Jury, der K\u00fcnstlerischen Leiterin des Jazzfest Berlin Nadin Deventer sowie Video-Statements von einigen der K\u00fcnstler und\u2026","rel":"","context":"In &quot;Bericht&quot;","block_context":{"text":"Bericht","link":"https:\/\/www.jazzzeitung.de\/cms\/thema\/bericht\/"},"img":{"alt_text":"","src":"https:\/\/i0.wp.com\/www.jazzzeitung.de\/cms\/wp-content\/uploads\/2020\/11\/20201105_jfb20_p_joel_grip_ap_lla_topsi_unterhaltung_silent_green_kuppelhalle_c_camille_blake-3-scaled.jpg?fit=1200%2C800&ssl=1&resize=350%2C200","width":350,"height":200,"srcset":"https:\/\/i0.wp.com\/www.jazzzeitung.de\/cms\/wp-content\/uploads\/2020\/11\/20201105_jfb20_p_joel_grip_ap_lla_topsi_unterhaltung_silent_green_kuppelhalle_c_camille_blake-3-scaled.jpg?fit=1200%2C800&ssl=1&resize=350%2C200 1x, https:\/\/i0.wp.com\/www.jazzzeitung.de\/cms\/wp-content\/uploads\/2020\/11\/20201105_jfb20_p_joel_grip_ap_lla_topsi_unterhaltung_silent_green_kuppelhalle_c_camille_blake-3-scaled.jpg?fit=1200%2C800&ssl=1&resize=525%2C300 1.5x, https:\/\/i0.wp.com\/www.jazzzeitung.de\/cms\/wp-content\/uploads\/2020\/11\/20201105_jfb20_p_joel_grip_ap_lla_topsi_unterhaltung_silent_green_kuppelhalle_c_camille_blake-3-scaled.jpg?fit=1200%2C800&ssl=1&resize=700%2C400 2x, https:\/\/i0.wp.com\/www.jazzzeitung.de\/cms\/wp-content\/uploads\/2020\/11\/20201105_jfb20_p_joel_grip_ap_lla_topsi_unterhaltung_silent_green_kuppelhalle_c_camille_blake-3-scaled.jpg?fit=1200%2C800&ssl=1&resize=1050%2C600 3x"},"classes":[]},{"id":23786,"url":"https:\/\/www.jazzzeitung.de\/cms\/2020\/11\/transatlantisches-miteinander-beim-jazzfest-berlin-und-new-york-rueckten-online-ganz-dicht-zusammen\/","url_meta":{"origin":23760,"position":2},"title":"Transatlantisches Miteinander beim Jazzfest: Berlin und New York r\u00fcckten online ganz dicht zusammen","author":"Redaktion JazzZeitung","date":"9. November 2020","format":false,"excerpt":"Nach jedem Konzert entsteht ein kurzer Moment der Leere, bei dem auch die Musikerinnen und Musiker etwas verunsichert wirken. Denn dort, wo sich nach intensivem Miterleben schlie\u00dflich der Applaus entl\u00e4dt ist \u2013 erst mal nichts! Auch dieser Eindruck blieb h\u00e4ngen nach vier virtuellen Jazzfest-Berlin-Tagen, wo \u2013 wie \u00fcberall sonst auch\u2026","rel":"","context":"In &quot;Bericht&quot;","block_context":{"text":"Bericht","link":"https:\/\/www.jazzzeitung.de\/cms\/thema\/bericht\/"},"img":{"alt_text":"","src":"https:\/\/i0.wp.com\/www.jazzzeitung.de\/cms\/wp-content\/uploads\/2020\/11\/20201106_jfb20_p_craig_taborn_trio_c_wolf_daniel_roulette_intermedium_brooklyn_new_york_01-1-scaled.jpg?fit=1200%2C800&ssl=1&resize=350%2C200","width":350,"height":200,"srcset":"https:\/\/i0.wp.com\/www.jazzzeitung.de\/cms\/wp-content\/uploads\/2020\/11\/20201106_jfb20_p_craig_taborn_trio_c_wolf_daniel_roulette_intermedium_brooklyn_new_york_01-1-scaled.jpg?fit=1200%2C800&ssl=1&resize=350%2C200 1x, https:\/\/i0.wp.com\/www.jazzzeitung.de\/cms\/wp-content\/uploads\/2020\/11\/20201106_jfb20_p_craig_taborn_trio_c_wolf_daniel_roulette_intermedium_brooklyn_new_york_01-1-scaled.jpg?fit=1200%2C800&ssl=1&resize=525%2C300 1.5x, https:\/\/i0.wp.com\/www.jazzzeitung.de\/cms\/wp-content\/uploads\/2020\/11\/20201106_jfb20_p_craig_taborn_trio_c_wolf_daniel_roulette_intermedium_brooklyn_new_york_01-1-scaled.jpg?fit=1200%2C800&ssl=1&resize=700%2C400 2x, https:\/\/i0.wp.com\/www.jazzzeitung.de\/cms\/wp-content\/uploads\/2020\/11\/20201106_jfb20_p_craig_taborn_trio_c_wolf_daniel_roulette_intermedium_brooklyn_new_york_01-1-scaled.jpg?fit=1200%2C800&ssl=1&resize=1050%2C600 3x"},"classes":[]},{"id":13624,"url":"https:\/\/www.jazzzeitung.de\/cms\/2017\/10\/jazzfest-berlin\/","url_meta":{"origin":23760,"position":3},"title":"Jazzfest Berlin 2017 blickt nach London und New York","author":"Redaktion JazzZeitung","date":"2. Oktober 2017","format":false,"excerpt":"Festivaler\u00f6ffnung mit Bands aus den USA und London im Lido in Kreuzberg. Erster Artist-in-Residence: Amerikanischer Musiker Tyshawn Sorey\u00a0 Die Verbindung der Berliner Musikszene mit den USA und London\u00a0ist eines der Themen\u00a0der dritten und letzten Festivalausgabe des k\u00fcnstlerischen Leiters, des britischen\u00a0Autors\u00a0Richard Williams.\u00a0Der US-amerikanische\u00a0Schlagzeuger und Komponist\u00a0Tyshawn Sorey ist der erste Artist-in-Residence des\u2026","rel":"","context":"In &quot;News&quot;","block_context":{"text":"News","link":"https:\/\/www.jazzzeitung.de\/cms\/thema\/nachrichten\/"},"img":{"alt_text":"Tyshawn Sorey. Copyright: Tyshawn Sorey","src":"https:\/\/i0.wp.com\/www.jazzzeitung.de\/cms\/wp-content\/uploads\/2017\/10\/jfb17_p_tyshawn_sorey_by_john_rogers_c_tyshawn_sorey_06.jpeg?fit=1200%2C800&ssl=1&resize=350%2C200","width":350,"height":200,"srcset":"https:\/\/i0.wp.com\/www.jazzzeitung.de\/cms\/wp-content\/uploads\/2017\/10\/jfb17_p_tyshawn_sorey_by_john_rogers_c_tyshawn_sorey_06.jpeg?fit=1200%2C800&ssl=1&resize=350%2C200 1x, https:\/\/i0.wp.com\/www.jazzzeitung.de\/cms\/wp-content\/uploads\/2017\/10\/jfb17_p_tyshawn_sorey_by_john_rogers_c_tyshawn_sorey_06.jpeg?fit=1200%2C800&ssl=1&resize=525%2C300 1.5x, https:\/\/i0.wp.com\/www.jazzzeitung.de\/cms\/wp-content\/uploads\/2017\/10\/jfb17_p_tyshawn_sorey_by_john_rogers_c_tyshawn_sorey_06.jpeg?fit=1200%2C800&ssl=1&resize=700%2C400 2x, https:\/\/i0.wp.com\/www.jazzzeitung.de\/cms\/wp-content\/uploads\/2017\/10\/jfb17_p_tyshawn_sorey_by_john_rogers_c_tyshawn_sorey_06.jpeg?fit=1200%2C800&ssl=1&resize=1050%2C600 3x"},"classes":[]},{"id":9521,"url":"https:\/\/www.jazzzeitung.de\/cms\/2016\/06\/das-jazzfest-berlin-2016-einer-extended-version\/","url_meta":{"origin":23760,"position":4},"title":"Das Jazzfest Berlin 2016 in einer &#8222;extended version&#8220;","author":"Redaktion JazzZeitung","date":"16. Juni 2016","format":false,"excerpt":"Der k\u00fcnstlerische Leiter des Jazzfest Berlin Richard Williams hat das Programm f\u00fcr das Jazzfest Berlin 2016 vorgestellt Die Berliner Festspiele\u00a0veranstalten\u00a0das 53. Jazzfest Berlin in diesem Jahr vom 1.\u00a0bis 6.\u00a0November, in einer\u00a0\u201eextended version\u201c mit\u00a0zwei Vorveranstaltungen. Insgesamt\u00a0werden beim Festival 16\u00a0Jazzformationen und f\u00fcnf teils v\u00f6llig neue Duo-Kombinationen auftreten. Viele der beim Jazzfest Berlin\u2026","rel":"","context":"In &quot;News&quot;","block_context":{"text":"News","link":"https:\/\/www.jazzzeitung.de\/cms\/thema\/nachrichten\/"},"img":{"alt_text":"LUCIA_CADOTSCH___Michael_Jungblut_01","src":"https:\/\/i0.wp.com\/www.jazzzeitung.de\/cms\/wp-content\/uploads\/2016\/06\/LUCIA_CADOTSCH___Michael_Jungblut_01-150x150.jpg?resize=350%2C200","width":350,"height":200},"classes":[]},{"id":2247,"url":"https:\/\/www.jazzzeitung.de\/cms\/2013\/09\/verlosung-karten-fuer-das-jazzfest-berlin\/","url_meta":{"origin":23760,"position":5},"title":"Verlosung: Karten f\u00fcr das Jazzfest Berlin","author":"Redaktion JazzZeitung","date":"20. September 2013","format":false,"excerpt":"Das Jazzfest Berlin 2013 \u2013 veranstaltet von den Berliner Festspielen \u2013 findet vom 31. Oktober bis zum 03. November 2013 statt. An vier Tagen werden 22 Jazzformationen in 19 Veranstaltungen zu erleben sein. Der k\u00fcnstlerische Leiter Bert Noglik schafft auch in seiner zweiten Festivalausgabe ein Spannungsfeld unterschiedlicher thematischer Magnetpunkte mit\u2026","rel":"","context":"In &quot;News&quot;","block_context":{"text":"News","link":"https:\/\/www.jazzzeitung.de\/cms\/thema\/nachrichten\/"},"img":{"alt_text":"","src":"","width":0,"height":0},"classes":[]}],"jetpack_sharing_enabled":true,"_links":{"self":[{"href":"https:\/\/www.jazzzeitung.de\/cms\/wp-json\/wp\/v2\/posts\/23760","targetHints":{"allow":["GET"]}}],"collection":[{"href":"https:\/\/www.jazzzeitung.de\/cms\/wp-json\/wp\/v2\/posts"}],"about":[{"href":"https:\/\/www.jazzzeitung.de\/cms\/wp-json\/wp\/v2\/types\/post"}],"author":[{"embeddable":true,"href":"https:\/\/www.jazzzeitung.de\/cms\/wp-json\/wp\/v2\/users\/18"}],"replies":[{"embeddable":true,"href":"https:\/\/www.jazzzeitung.de\/cms\/wp-json\/wp\/v2\/comments?post=23760"}],"version-history":[{"count":10,"href":"https:\/\/www.jazzzeitung.de\/cms\/wp-json\/wp\/v2\/posts\/23760\/revisions"}],"predecessor-version":[{"id":23802,"href":"https:\/\/www.jazzzeitung.de\/cms\/wp-json\/wp\/v2\/posts\/23760\/revisions\/23802"}],"wp:featuredmedia":[{"embeddable":true,"href":"https:\/\/www.jazzzeitung.de\/cms\/wp-json\/wp\/v2\/media\/23777"}],"wp:attachment":[{"href":"https:\/\/www.jazzzeitung.de\/cms\/wp-json\/wp\/v2\/media?parent=23760"}],"wp:term":[{"taxonomy":"category","embeddable":true,"href":"https:\/\/www.jazzzeitung.de\/cms\/wp-json\/wp\/v2\/categories?post=23760"},{"taxonomy":"post_tag","embeddable":true,"href":"https:\/\/www.jazzzeitung.de\/cms\/wp-json\/wp\/v2\/tags?post=23760"},{"taxonomy":"author","embeddable":true,"href":"https:\/\/www.jazzzeitung.de\/cms\/wp-json\/wp\/v2\/coauthors?post=23760"}],"curies":[{"name":"wp","href":"https:\/\/api.w.org\/{rel}","templated":true}]}}