{"id":23752,"date":"2020-11-01T12:00:13","date_gmt":"2020-11-01T11:00:13","guid":{"rendered":"https:\/\/www.jazzzeitung.de\/cms\/?p=23752"},"modified":"2020-10-31T13:11:09","modified_gmt":"2020-10-31T12:11:09","slug":"die-jazz-radiowoche-vom-02-11-20-bis-08-11-2020","status":"publish","type":"post","link":"https:\/\/www.jazzzeitung.de\/cms\/2020\/11\/die-jazz-radiowoche-vom-02-11-20-bis-08-11-2020\/","title":{"rendered":"Die Jazz-Radiowoche vom 02.11.20 bis 08.11.2020"},"content":{"rendered":"<p>Ein kleiner Blick in die Jazzwoche 45 im Radio. Die \u00dcbersicht zum <a href=\"https:\/\/service.conbrio.de\/service\/download\/278\/\">Download als PDF<\/a>. Alle Angaben ohne Gew\u00e4hr.<\/p>\n<hr \/>\n<h2>Jazz im Radio (Fernsehen)<\/h2>\n<ul>\n<li><strong>SR2<\/strong> \u2013 <a href=\"http:\/\/www.sr.de\/sr\/sr2\/sendungen_a-z\/uebersicht\/jazznow\/index.html\">JazzNow<\/a> \u2013 Sonntags von 20.04 bis 22.30 Uhr<\/li>\n<li><strong>BR-KLASSIK \u2013 <\/strong><a href=\"https:\/\/www.br-klassik.de\/themen\/jazz-und-weltmusik\/jazztime-die-ganze-welt-des-jazz-100.html\">Jazztime<\/a><strong> \u2013 <\/strong>Von Montag bis Freitag t\u00e4glich um 23.05 Uhr<\/li>\n<li><strong>rbb-kultur<\/strong> \u2013 <a href=\"https:\/\/www.kulturradio.de\/programm\/schema\/sendungen\/late_night_jazz.html\">Late Night Jazz<\/a> \u2013 Sa und So 23:04 \u2013 24:00 Uhr<\/li>\n<li><strong>hr2-kultur<\/strong> \u2013 <a href=\"http:\/\/www.hr2.de\/musik\/jazz\/index.html\">Jazz in hr2-kultur<\/a> \u2013 t\u00e4glich<\/li>\n<li><strong>SWR2<\/strong> \u2013 <a href=\"https:\/\/www.swr.de\/swr2\/programm\/sendungen\/jazz\/startseite-mit-vorschau\/-\/id=659242\/did=13778140\/nid=659242\/13ttn4d\/index.html\">Jazz<\/a> \u2013 t\u00e4glich<\/li>\n<li><strong>Deutschlandfunk<\/strong> \u2013 <a href=\"http:\/\/www.deutschlandfunk.de\/jazz.747.de.html\">Jazz (\u00dcberblick)<\/a> \u2013 <a href=\"http:\/\/www.deutschlandfunk.de\/jazz-live.822.de.html\">Jazz Live<\/a>, <a href=\"http:\/\/www.deutschlandfunk.de\/jazzfacts.824.de.html\">JazzFacts<\/a> und <a href=\"http:\/\/www.deutschlandfunk.de\/milestones.1805.de.html\">Milestones<\/a><\/li>\n<li><strong>Deutschlandfunk Kultur<\/strong> \u2013 <a href=\"http:\/\/www.deutschlandfunkkultur.de\/jazz.1142.de.html\">Jazz<\/a> \u2013 diverse Sendetermine<\/li>\n<li><strong>\u00d61 <\/strong>\u2013 <a href=\"https:\/\/oe1.orf.at\/programm\/\">diverse Sendetermine<\/a><\/li>\n<li><strong>ARTE TV<\/strong> \u2013 <a href=\"https:\/\/www.arte.tv\/de\/videos\/arte-concert\/jazz\/?xtor=AD-6-%5bMV_CFR_ARTE_DE_Google_GEN_GDN%5d-%5bGDN_GEN_Arte_Concerts_Jazz%5d-C-%5bjazz%20musik%5d\">Jazz<\/a><\/li>\n<\/ul>\n<p><strong>Periodika: Dauersendungen ohne gen\u00fcgend Infos \u2013 Tagesbegleitradio<\/strong><\/p>\n<ul>\n<li><strong>SWR 2<\/strong> \u2013 <strong>SWR2 Jazz vor Sechs <\/strong>17:50 bis 18:00<\/li>\n<li><strong>hr2-kultur \u2013<\/strong> <strong>H\u00f6rbar \u2013 Musik grenzenlos <\/strong>19:04 bis 20:00<\/li>\n<li><strong>NDR Info <\/strong>\u2013 <strong>Play Jazz! Das Jazzmagazin<\/strong> 22:05 bis 23:00<\/li>\n<li><strong>MDR Kultur \u2013 Jazz <\/strong>19:05 bis 20:00<\/li>\n<li><strong>MDR Kultur \u2013<\/strong><strong>Jazz Lounge<\/strong> 19:35 bis 20:00<\/li>\n<li><strong>WDR3<\/strong> \u2013 Jazz &amp; World \u2013 Improvisiertes zum Tagesausklang \u2013 Montag bis Freitag, 22.04 \u2013 0:00 Uhr<\/li>\n<li><strong>WDR 3 Pers\u00f6nlich mit G\u00f6tz Alsmann<\/strong> 13:04 bis 15:00 (Samstags)<\/li>\n<\/ul>\n<hr \/>\n<h2>02.11.2020<\/h2>\n<hr \/>\n<p>22:30 bis 23:00 | hr2-kultur<br \/>\n<strong>Jazz Now: Aus dem Dschungel der Neuver\u00f6ffentlichungen<\/strong><\/p>\n<p style=\"padding-left: 40px;\">Am Mikrofon: J\u00fcrgen Schwab. heute mit: Victor Gelling 4: Alpakafarm | Jochen Nix &amp; Thomas Cremer: Kurt Schwitters \u2013 Mir tut der Unsinn leid | J-Sound: Loose Tongue |<\/p>\n<p>23:05 bis 00:00 | BR-KLASSIK<br \/>\n<strong>Jazztime: Jazztoday: Lockdown Nr. 2 im Festivalmonat November<\/strong><\/p>\n<p style=\"padding-left: 40px;\">Stimmen aus der Jazzszene zur aktuellem Lage von Saxophonistin Silke Eberhard, Pianist Andr\u00e9 Schwager und Trompeter Till Br\u00f6nner. Dazu Statements zu den geplanten Jazzfestivals in N\u00fcrnberg, Berlin, Neuburg und M\u00fcnchen. Moderation und Auswahl: Ulrich Habersetzer<\/p>\n<hr \/>\n<h2>03.11.2020<\/h2>\n<hr \/>\n<p>01:05 bis 05:00 | Deutschlandfunk Kultur<br \/>\n<strong>Tonart Jazz \u2013 Moderation: Vincent Neumann<\/strong><\/p>\n<p>20:03 bis 22:00 | SWR 2<br \/>\n<strong>SWR2 Jazz Session: What Matters \u2013 Ein Ausblick auf das Jazzfest Berlin 2020<\/strong><\/p>\n<p style=\"padding-left: 40px;\">Von Julia Neupert. Covid 19, #blacklivesmatter, die anstehende Pr\u00e4sidentschaftswahl in den USA: Wie reagiert ein Festival wie das traditionsreiche Jazzfest Berlin auf Reise- und Auftrittsbeschr\u00e4nkungen, auf Rassismus und politische Debatten? Besondere Zeiten erfordern besondere Formate, meint die k\u00fcnstlerische Leiterin Nadin Deventer. Warum sie die \u201eDissonanzen in der Welt\u201c beim diesj\u00e4hrigen Jazzfest nicht ausklammern will und welche k\u00fcnstlerischen Positionen sie gerade besonders spannend findet, erz\u00e4hlt sie uns im Vorfeld des Festivalbeginns am 5. November.<\/p>\n<p>21:05 bis 22:00 | Deutschlandfunk<br \/>\n<strong>Jazz Live: Elektro-akustische Fusionen (2\/2)<\/strong><\/p>\n<p style=\"padding-left: 40px;\">Re:Calamari \u2013 Wanja Slavin, Altsaxofon; Pablo Held, Piano, Keyboards; Oliver Lutz, Bass; Andi Haberl, Schlagzeug. Aufnahme vom 18.9.2020 aus der Jazzschmiede D\u00fcsseldorf. Am Mikrofon: Thomas Loewner<\/p>\n<p style=\"padding-left: 40px;\">Bassist Oliver Lutz macht nicht nur brodelnden Jazz, er hat auch ein Faible f\u00fcr Synthesizer, Jazzrock und warme Sounds der sp\u00e4ten 70er-Jahre. Dem l\u00e4sst er in seiner Band Re:Calamari freien Lauf: Die Sendung bringt Teil 2 des Konzertes aus der Jazzschmiede D\u00fcsseldorf. Gegr\u00fcndet hat sich Re:Calamari vor gut drei Jahren. Inzwischen ist das Quartett zu einer pulsierenden Einheit zusammengewachsen. Zeitgen\u00f6ssisch gepr\u00e4gte Jazzer von internationalem Format lassen sich darin hemmungslos auf das Instrumentarium und die Klangideen der Fusion-\u00c4ra ein: Weather Report &amp; Co. gr\u00fc\u00dfen von Ferne. Gefiltert werden diese Einfl\u00fcsse aber durch die moderne und jeweils sehr pers\u00f6nlich gef\u00e4rbte Improvisationssprache der vier. Pablo Held geh\u00f6rt zu den erfolgreichsten (akustischen) Jazzpianisten Europas; hier kann er auch seiner Liebe zum Fender Rhodes E-Piano und zum legend\u00e4ren Synthiemodell DX7 fr\u00f6nen. Dass er keine musikalischen Komplexit\u00e4tsgrenzen kennt, hat Saxofonist Wanja Slavin u.a. eindrucksvoll in dem deutsch-amerikanischen High-Energy Quartett Amok Amor bewiesen. In Re:Calamari kommt daneben auch seine lyrischere Seite zum Tragen. Held und Slavin sind die Hauptsolisten der Band, doch st\u00e4rker als um Einzelaktionen geht es darin um einen homogenen Gesamtsound \u2013 wof\u00fcr auch viele komponierte Anteile in der Musik stehen.<\/p>\n<p>22:00 bis 00:00 | Bremen Zwei<br \/>\n<strong>Jazz Grooves<\/strong><\/p>\n<p>22:30 bis 23:00 | hr2-kultur<br \/>\n<strong>Jazzgroove: An den R\u00e4ndern des Jazz<\/strong><\/p>\n<p style=\"padding-left: 40px;\">Am Mikrofon: Claus Gnichwitz. heute mit: \u00c9t\u00e8 Large: When The Birds Upraise Their Choir | Gelber Flieder: \u00d6lbaumgew\u00e4chse | Gabriele Hasler: B\u00fcschel und andere Herden<\/p>\n<p>23:05 bis 00:00 | BR-KLASSIK<br \/>\n<strong>Jazztime: News &amp; Roots<\/strong><\/p>\n<p style=\"padding-left: 40px;\">Die amerikanische Jazzs\u00e4ngerin Hellen Merrill in fr\u00fchen Meister -\u00c1ufnahmen aus den 50er Jahren, u.a. Clifford Brown, Jimmy Jones, Hank Jones und Oscar Pettiford. Moderation und Auswahl: Henning Sieverts<\/p>\n<hr \/>\n<h2>04.11.2020<\/h2>\n<hr \/>\n<p>19:05 bis 20:00 | BR-KLASSIK<br \/>\n<strong>Classic Sounds in Jazz: Being Alone \u2013 Wie das Alleinsein den Jazz inspiriert<\/strong><\/p>\n<p style=\"padding-left: 40px;\">Mit Aufnahmen mit Gary Burton, Paul Desmond, Charlie Haden Quartet West feat. Shirley Horn, Keith Jarrett, Django Reinhardt, Matthieu Saglio, Jasmin Tabatabai, Baptiste Trotignon &amp; Avishai Cohen und Fats Waller. Moderation und Auswahl: Beate Sampson<\/p>\n<p>19:15 bis 20:00 | SR2 KulturRadio<br \/>\n<strong>Literatur im Gespr\u00e4ch: Marion Poschmann zu \u201eNimbus. Gedichte\u201c<\/strong><\/p>\n<p>22:30 bis 23:00 | hr2-kultur<br \/>\n<strong>Jazzfacts: What&#8217;s going on? \u2013 Features, Interviews und was die Szene (um-)treibt<\/strong><\/p>\n<p style=\"padding-left: 40px;\">On Vacation: Till Br\u00f6nner mit Bob James im Sound-Elysium<\/p>\n<p>23:05 bis 00:00 | BR-KLASSIK<br \/>\n<strong>Jazztime: Jazz aus N\u00fcrnberg: Jazz &amp; Beyond<\/strong><\/p>\n<p style=\"padding-left: 40px;\">\u201eFarewell \u2013 vom Abschiednehmen\u201c. Mit Aufnahmen von Johnny Cash, Benny Carter, Dinah Washington und anderen. Moderation und Auswahl: Beatrix Gillmann<\/p>\n<p style=\"padding-left: 40px;\">Ob am Flughafen, Bahnhof oder auf der Autobahnrastst\u00e4tte \u2013 Menschen nehmen voneinander Abschied, gehen getrennte Wege, f\u00fcr l\u00e4ngere oder kurze Zeit. Mit Aussicht auf ein baldiges Wiedersehen f\u00e4llt es einem vielleicht nicht ganz so schwer: \u201eHeute geh ich. Komm ich wieder, singen wir ganz andre Lieder. Wo soviel sich hoffen l\u00e4sst, ist der Abschied ja ein Fest\u201c, schrieb Johann Wolfgang von Goethe. Auch in T\u00f6ne gesetzt wurde das Abschiednehmen immer wieder, etwa von Kurt Weill, der in seinem \u201eAbschiedsbrief\u201c einen Text von Erich K\u00e4stner vertonte. \u201eNehmt Abschied Br\u00fcder\u201c hei\u00dft der Song \u201eAuld Lang Syne\u201c in der bekannten deutschen Version, urspr\u00fcnglich wurde er zum Jahreswechsel gesungen. Wenn die Folk-S\u00e4ngerin June Tabor mit ihrer dunklen Stimme an vergangene Zeiten erinnert, ist das ein bewegender Moment. Ein bekanntes Abschiedslied ist auch das irische Traditional \u201eDanny Boy\u201c mit seiner zu Herzen gehenden Melodie. Offen bleibt allerdings, welche Person da geht \u2013 Geliebte oder Geliebter, Vater oder Mutter, Schwester oder Gro\u00dfvater. Ob mit einem mulmigen Gef\u00fchl, Klo\u00df im Hals oder Wut im Bauch: \u201eJedes Mal, wenn wir auf Wiedersehen sagen, stirbt etwas in mir &#8230;\u201c hei\u00dft es im Song \u201eEverytime We Say Good-bye\u201c von Cole Porter. Diese Zeilen sang Dinah Washington besonders ausdrucksstark.<\/p>\n<p style=\"padding-left: 40px;\">\u201eFarewell \u2013 vom Abschied nehmen\u201c \u2013 Songs und Musikst\u00fccke, die thematisch um dieses Thema kreisen, stellt Ihnen heute Beatrix Gillmann vor.<\/p>\n<hr \/>\n<h2>05.11.2020<\/h2>\n<hr \/>\n<p>21:05 bis 22:00 | Deutschlandfunk<br \/>\n<strong>JazzFacts: Gemeinsam stark \u2013 Kollektive in der improvisierten Musik<\/strong><\/p>\n<p style=\"padding-left: 40px;\">Von Niklas Wandt. Im Jazz gibt es, in den USA wie in Europa, eine lange Tradition der Selbstorganisation. In den letzten zehn Jahren sind alleine in Deutschland eine Reihe spannender Kollektive entstanden, die nicht nur musikalisch, sondern zugleich als Labels, Veranstalter und Interessenvertretungen aktiv sind. Die Sendung stellt die wichtigsten von ihnen vor. Schon im New Orleans des fr\u00fchen 20. Jahrhunderts waren Musiker gewerkschafts\u00e4hnlich organisiert. Mit dem Aufkommen des Free Jazz in den 1960er-Jahren entstanden Kollektive wie die Jazz Composers&#8216; Guild in New York oder die Association for the Advancement of Creative Music in Chicago. Sie verstanden sich als umfassende Interessenvertretungen und nahmen die Arbeiten von Agentur, Verlag und Gemeindeorganisation in musikereigene H\u00e4nde. Die kurz sp\u00e4ter aufbl\u00fchende freie Improvisationsszene in Europa war ebenfalls von Anfang an kollektiv gepr\u00e4gt. Auch aktuell setzen einige Musikkollektive dem Klischee des Jazzmusikers als Einzelk\u00e4mpfer eine Gruppenidentit\u00e4t entgegen: etwa KIM aus Berlin, KLAENG und Impakt aus K\u00f6ln, das Peng Kollektiv und The Dorf aus dem Ruhrgebiet. In der Sendung kommen umtriebige Mitglieder zu Wort.<\/p>\n<p>22:03 bis 23:00 | SWR 2<br \/>\n<strong>SWR2 NOWJazz: Magazin<\/strong><\/p>\n<p style=\"padding-left: 40px;\">Von Thomas Loewner. Neues aus der Welt des Jazz wird im NOWJazz Magazin von SWR2 regelm\u00e4\u00dfig pr\u00e4sentiert. Wie immer erwarten Sie in dieser Sendung Informationen \u00fcber bevorstehende Events, Rezensionen \u00fcber Festivals, Buchbesprechungen und jede Menge brandneuer Alben.<\/p>\n<p>22:30 bis 23:00 | hr2-kultur<br \/>\n<strong>Jazz Now: Aus dem Dschungel der Neuver\u00f6ffentlichungen<\/strong><\/p>\n<p style=\"padding-left: 40px;\">Heute mit: Jazz Bigband Graz | Yellowjackets &amp; WDR Big Band | Steve Cardenas<\/p>\n<p>23:05 bis 00:00 | BR-KLASSIK<br \/>\n<strong>Jazztime: All that Jazz \u2013 Eine Chronik des Jazz (14): \u201eI&#8217;m a Jazz Vampire\u201c \u2013 Musik von Mai bis August 1920.<\/strong><\/p>\n<p style=\"padding-left: 40px;\">Moderation und Auswahl: Marcus A. Woelfle, In der Reihe \u201eEine Chronik des Jazz\u201c blickt Marcus Woelfle 100 Jahre zur\u00fcck. In der 13. Folge erleben wir Mamie Smith mit ihrem epochemachenden \u201eCrazy Blues\u201c, der am Beginn der sogenannten \u201eRace Records\u201c steht \u2013 Platten afroamerikanischer Musiker f\u00fcr afroamerikanische K\u00e4ufer. Wir lernen den Komponisten Carey Morgan kennen, und es werden Fragen beantwortet wie: Was haben Vampire mit Jazz zu tun, und was bezeichnet der Begriff \u201evamp\u201c im Jazz?. Moderation und Auswahl: Marcus A. Woelfle<\/p>\n<hr \/>\n<h2>06.11.2020<\/h2>\n<hr \/>\n<p>20:03 bis 22:00 | Deutschlandfunk Kultur<br \/>\n<strong>Konzert: Jazzfest Berlin \u2013 Live aus dem Silent Green<\/strong><\/p>\n<p style=\"padding-left: 40px;\">u.a. mit Witch &#8217;n&#8216; Monk; Meow!. Moderation: Matthias Wegner<\/p>\n<p>22:30 bis 23:00 | hr2-kultur<br \/>\n<strong>Jazz Classics: Aufnahmen, die die Welt beweg(t)en <\/strong><\/p>\n<p style=\"padding-left: 40px;\">Modernist trifft auf Tradition: Der franz\u00f6sische Pianist Martial Solal begegnet Django Reinhardt und Sidney Bechet (1953-1957) | Heute mit: Martial Solal: The Complete Vogue Recordings, Vol. 2, BMG 74321409332 | Sidney Bechet \/ Martial Solal Quartet: Complete Recordings, Essential Jazz Classics EJC55457 | Django Reinhardt: The Last Studio Sessions, Essential Jazz Classics EJC55576 | Am Mikrofon: Karmen Mikovic<\/p>\n<p>23:03 bis 00:00 | SWR 2<br \/>\n<strong>SWR2 NOWJazz: Punk und Prunk \u2013 Die Gitarristin und S\u00e4ngerin Heidi Heidelberg<\/strong><\/p>\n<p style=\"padding-left: 40px;\">Von Franziska Buhre. Die Britin beschreibt sich selbst als \u201eanarchischen Sopran\u201c und ihr Spektrum umfasst Koloraturgesang, Scat, Beatbox, Rockmusik und Improvisation. Auch mit der Gitarre kann Heidi Heidelberg Konzerte v\u00f6llig autonom bestreiten, sie scheut keine gro\u00dfe Festivalb\u00fchne und sch\u00e4tzt ebenso kleine R\u00e4ume zum Experimentieren. Mit dem kolumbianischen Fl\u00f6tisten Mauricio Velasierra verbindet Heidelberg eine ganz besondere Zusammenarbeit: Ihr Duo Witch &#8217;n&#8216; Monk zeigt, wie mit Fl\u00f6ten aus Lateinamerika, Gesang, Gitarre, Elektronik und erweiterten Techniken radikale Gegenwart aufgef\u00fchrt werden kann.<\/p>\n<p>23:05 bis 00:00 | BR-KLASSIK<br \/>\n<strong>Jazztime: B\u00fchne frei im Studio 2 &#8230;. <\/strong><\/p>\n<p style=\"padding-left: 40px;\">\u201eNew Legend\u201c \u2013 das neue Programm der Bassistin und Komponistin Eva Kruse und ihrer Band. Tjadina Wake-Walker (Oboe), Uwe Steinmetz (Saxofon), Eva Kruse (Kontrabass), Christian Jormin (Klavier) und Eric Schaefer (Schlagzeug). Aufnahme vom 28. Oktober 2020 im Studio 2 des M\u00fcnchner Funkhauses. Auswahl und Moderation: Beate Sampson<\/p>\n<hr \/>\n<h2>07.11.2020<\/h2>\n<hr \/>\n<p>17:05 bis 17:55 | Bayern 2<br \/>\n<strong>Jazz &amp; Politik: Politisches Feuilleton<\/strong><\/p>\n<p>18:05 bis 19:00 | BR-KLASSIK<br \/>\n<strong>Jazz und mehr: Die Suggestiven<\/strong><\/p>\n<p style=\"padding-left: 40px;\">Mit Musik von Michel Benita, Dominik Wania, Paolo Pandolfo, Silvia Perez Cruz und anderen. Moderation und Auswahl: Roland Spiegel<\/p>\n<p>19:04 bis 20:00 | hr2-kultur<br \/>\n<strong>Live Jazz: <\/strong><\/p>\n<p style=\"padding-left: 40px;\">Rymden (Wesseltoft \/ Berglund \/ \u00d6str\u00f6m) || Ume\u00e5 Jazz Festival 2019, Schweden, Oktober 2019. Rymden || Bugge Wesseltoft, p, rhodes | Dan Berglund, b, electronics | Magnus \u00d6str\u00f6m, dr, perc, loops | Ume\u00e5 Jazz Festival 2019, Miklag\u00e5rd, Folkets hus Ume\u00e5 \/ Schweden, Oktober 2019. Am Mikrofon: Daniella Baumeister<\/p>\n<p>20:00 bis 20:05 | SWR 2<br \/>\n<strong>Jazzfest Berlin 2020 \u2013 LIVE<\/strong><\/p>\n<p style=\"padding-left: 40px;\">Mit Silke Eberhard Potsa Lotsa, Kammerflimmer Kollektief, Philip Zoubek Trio u. a. Am Mikrofon: Ulf Drechsel. Das Jazzfest Berlin findet in diesem Jahr nicht nur in Berlin statt. Die ARD und der Deutschlandfunk treten bei der 57. Festivalausgabe coronabedingt als langj\u00e4hrige Kooperationspartner in besonderer Weise in Erscheinung, indem in einigen Landesfunkh\u00e4usern Konzerte produziert werden, die zu einer der tragenden S\u00e4ulen des diesj\u00e4hrigen Programms werden. Einige davon h\u00f6ren Sie in dieser Live\u00fcbertragung: aus Freiburg das Kammerflimmer Kollektief, aus K\u00f6ln das Philip Zoubek Trio und aus Saarbr\u00fccken das Quintett Hydropuls. Au\u00dferdem senden wir live aus dem Berliner Kulturquartier Silent Green.<\/p>\n<p>20:04 bis 06:00 | WDR 3<br \/>\n<strong>WDR 3 Konzert \/ ARD Jazznacht<\/strong><\/p>\n<p style=\"padding-left: 40px;\">Jazzfest Berlin 2020 Mit Ulf Drechsel, Heidi Eichenberg, G\u00fcnther Huesmann, Roland Spiegel und Ulrich Habersetzer. \u00dcbertragung aus dem Berliner Kulturquartier Silent Green. Das Jazzfest Berlin findet in diesem Jahr nicht nur in Berlin statt, sondern auch im Internet und vor allem live bei uns im Radio. Zehn Stunden \u00fcbertragen wir live vom Silent Green in Berlin, aus New York und aus den Konzerts\u00e4len der ARD.<\/p>\n<p style=\"padding-left: 40px;\">Die ARD Jazznacht vom Jazzfest Berlin spannt sich dieses Jahr von New York nach Berlin und von dort quer durch die Konzerts\u00e4le der ARD. Mit dabei sind S\u00e4ngerin Natalia Mateo mit einem Bill Withers Tribute, das Kammerflimmer Kollektief oder die WDR Jazzpreistr\u00e4ger Philip Zoubek mit seinem Trio oder Shannon Barnett mit ihrem Quartett.<\/p>\n<p>20:05 bis 22:00 | BR-KLASSIK<br \/>\n<strong>Jazzfest Berlin 2020: Live aus den Studios von ARD, Dlf und Dlf Kultur<\/strong><\/p>\n<p style=\"padding-left: 40px;\">Konzertausschnitte aus den Studios von ARD, Deutschlandfunk und Deutschlandfunk Kultur. Mit dem Philipp Schiepek Quartett, Natalia Mateo &amp; G\u00e4sten, dem Kammerflimmer Kollektief, dem Philip Zoubek Trio und dem Quintett Hydropuls und Aufnahmen aus dem Berliner Kulturquartier \u201eSilent Green\u201c. Moderation: Ulf Drechsel<\/p>\n<p style=\"padding-left: 40px;\">Alles anders: Jazzfest Berlin 2020 BR-KLASSIK live am 7. November 2020, 20.05 bis 24.00 Uhr. Bayern 2 mit der ARD-Jazznacht anschlie\u00dfend von 0.05 Uhr bis 5 Uhr<\/p>\n<p style=\"padding-left: 40px;\">Ein Jahr, in dem alles etwas anders ist. Das Jazzfest Berlin findet dieses Jahr nicht nur in Berlin statt. Die ARD, Deutschlandfunk und Deutschlandfunk Kultur treten 2020 \u2013 Corona-bedingt \u2013 als langj\u00e4hrige Kooperationspartner des Festivals in besonderer Weise in Erscheinung. In einigen Landesfunkh\u00e4usern werden Konzerte produziert, die zu einer der tragenden Programms\u00e4ulen des diesj\u00e4hrigen Jazzfest Berlin werden. BR-Klassik hat den erst 25-j\u00e4hrigen M\u00fcnchner Senkrechtstarter Philipp Schiepek daf\u00fcr ausgew\u00e4hlt: Mit seinem Quartett spielt er St\u00fccke, die er 2020 w\u00e4hrend eines selbstgew\u00e4hlten R\u00fcckzugs geschrieben hat. Der rbb steuert Natalia Mateo mit G\u00e4sten und einem Bill Withers Tribute bei, der SWR das Kammerflimmer Kollektief, der DLF das Philip Zoubek Trio und der SR das Quintett Hydropuls. Einige davon sind in der vierst\u00fcndigen Live-\u00dcbertragung auf BR-Klassik zu h\u00f6ren, andere danach in der ARD-Jazznacht auf Bayern 2. Des Weiteren h\u00f6ren Sie Ausschnitte aus Konzerten, die im Berliner Kulturquartier \u201eSilent Green\u201c stattfinden, das dieses Jahr der Hauptspielort des Festivals ist; denn das Haus der Berliner Festspiele, sonstige Heimat des Jazzfests, wird derzeit restauriert. Die k\u00fcnstlerische Leitung des Jazzfests unter der Kulturmanagerin Nadin Deventer versucht unter anderem per Online-Zuschaltung gemeinsame Konzerte von K\u00fcnstlern aus unterschiedlichen Kontinenten zu organisieren. Nach der Live-\u00dcbertragung (bis 24 Uhr), moderiert von Ulf Drechsel folgen f\u00fcnf Stunden weiterer Konzertausschnitte auf Bayern 2 sowie Gespr\u00e4che der Moderatorinnen und Moderatoren Heidi Eichenberg, Ulrich Habersetzer, G\u00fcnther Huesmann, Ulf Drechsel und Roland Spiegel.<\/p>\n<p>20:05 bis 00:00 | SR2 KulturRadio<br \/>\n<strong>ARD Jazznacht: Jazzfest Berlin 2020 \u2013 Live-\u00dcbertragung (bis 06.00 Uhr)<\/strong><\/p>\n<p style=\"padding-left: 40px;\">Das Jazzfest Berlin findet in diesem Jahr nicht nur in Berlin statt. Die ARD, Deutschlandfunk und Deutschlandfunk Kultur treten \u2013 Corona-bedingt \u2013 als langj\u00e4hrige Kooperationspartner des Festivals in besonderer Weise in Erscheinung, indem in einigen Landesfunkh\u00e4usern Konzerte produziert werden, die zu einer der tragenden Programms\u00e4ulen des diesj\u00e4hrigen Jazzfest Berlin werden. Einige davon h\u00f6ren Sie in der vierst\u00fcndigen Live\u00fcbertragung: Vom rbb Natalia Mateo mit G\u00e4sten und einem Bill Withers Tribute, vom SWR das Kammerflimmer Kollektief, vom DLF das Philip Zoubek Trio und vom SR das Quintett Hydropuls. Desweiteren h\u00f6ren Sie Ausschnitte aus Konzerten, die im Berliner Kulturquartier silent green stattfinden. Angeschlossen sind SR2 KulturRadio, WDR 3, NDR Info, BR Klassik und ab 22:05 Uhr SWR2 und Bremen Zwei<\/p>\n<hr \/>\n<h2>08.11.2020<\/h2>\n<hr \/>\n<p>00:00 bis 06:00 | <strong>rbbKultur, SR2 KulturRadio, SWR2, Bremen Zwei, MDR Kultur, hr2-kultur, NDR Info, Bayern 2<\/strong>.<br \/>\n<strong>Jazzfest Berlin 2020 \u2013 LIVE \u2013 ARD-JazzNacht<\/strong><\/p>\n<p style=\"padding-left: 40px;\">Mit Ulf Drechsel, Heidi Eichenberg, G\u00fcnther Huesmann, Roland Spiegel, Ulrich Habersetzer. An die Live-\u00dcbertragung vom Jazzfest Berlin schlie\u00dft die ARD-JazzNacht ab 0.05 Uhr fast nahtlos an. Dort pr\u00e4sentieren wir musikalische Highlights der ersten drei Festivaltage. Aktuelle Interviews mit Musiker*innen erg\u00e4nzen das Programm. Zu h\u00f6ren sind Konzertaufnahmen vom Shannon Barnett Quartett, Philipp Schiepek, Lauer \/ Lakatos \/ Glawischnig \/ Hochst\u00e4dter und von Jean Paul feat. Kenn Norris sowie Musik von Joel Grip, Witch&#8216; N&#8216; Monk, Ahmed, Y-Otis und Meow!<\/p>\n<p>19:04 bis 20:00 | hr2-kultur<br \/>\n<strong>hr-Bigband<\/strong><\/p>\n<p style=\"padding-left: 40px;\">Konzerte und Produktionen u.a. mit: Stage@Seven \u201eSmall Bands\u201c | Martin Scales \/ Ali Neander Quintett |<\/p>\n<p>20:04 bis 21:30 | SR2 KulturRadio<br \/>\n<strong>JazzNow: Sweet Memories \u2013 A Tribute to Miles (Mitschnitt aus Bukarest)<\/strong><\/p>\n<p>22:25 bis 23:00 | NDR Info<br \/>\n<strong>Jazz NDR Bigband \u2013 Mit Henry Altmann<\/strong><\/p>\n<p>23:15 bis 00:00\u00b4| hr2-kultur<br \/>\n<strong>H\u00f6rbar | Musik grenzenlos<\/strong><\/p>\n","protected":false},"excerpt":{"rendered":"<p>Ein kleiner Blick in die Jazzwoche 45 im Radio. Alle Angaben ohne Gew\u00e4hr. Unter anderem: Jazzfest Berlin 2020 \u2013 alles anders.<\/p>\n","protected":false},"author":1,"featured_media":18913,"comment_status":"open","ping_status":"closed","sticky":false,"template":"","format":"standard","meta":{"_jetpack_memberships_contains_paid_content":false,"footnotes":"","jetpack_publicize_message":"","jetpack_publicize_feature_enabled":true,"jetpack_social_post_already_shared":false,"jetpack_social_options":{"image_generator_settings":{"template":"highway","default_image_id":0,"font":"","enabled":false},"version":2}},"categories":[633,452],"tags":[1629,272],"coauthors":[650],"class_list":["post-23752","post","type-post","status-publish","format-standard","has-post-thumbnail","hentry","category-nachrichten","category-radio","tag-jazz-im-radio","tag-jazzfest-berlin"],"yoast_head":"<!-- This site is optimized with the Yoast SEO plugin v27.5 - https:\/\/yoast.com\/product\/yoast-seo-wordpress\/ -->\n<title>Die Jazz-Radiowoche vom 02.11.20 bis 08.11.2020 - JazzZeitung<\/title>\n<meta name=\"robots\" content=\"index, follow, max-snippet:-1, max-image-preview:large, max-video-preview:-1\" \/>\n<link rel=\"canonical\" href=\"https:\/\/www.jazzzeitung.de\/cms\/2020\/11\/die-jazz-radiowoche-vom-02-11-20-bis-08-11-2020\/\" \/>\n<meta property=\"og:locale\" content=\"de_DE\" \/>\n<meta property=\"og:type\" content=\"article\" \/>\n<meta property=\"og:title\" content=\"Die Jazz-Radiowoche vom 02.11.20 bis 08.11.2020 - JazzZeitung\" \/>\n<meta property=\"og:description\" content=\"Ein kleiner Blick in die Jazzwoche 45 im Radio. Alle Angaben ohne Gew\u00e4hr. Unter anderem: Jazzfest Berlin 2020 \u2013 alles anders.\" \/>\n<meta property=\"og:url\" content=\"https:\/\/www.jazzzeitung.de\/cms\/2020\/11\/die-jazz-radiowoche-vom-02-11-20-bis-08-11-2020\/\" \/>\n<meta property=\"og:site_name\" content=\"JazzZeitung\" \/>\n<meta property=\"article:publisher\" content=\"https:\/\/www.facebook.com\/JazzZeitung\/\" \/>\n<meta property=\"article:author\" content=\"https:\/\/www.facebook.com\/hufner\" \/>\n<meta property=\"article:published_time\" content=\"2020-11-01T11:00:13+00:00\" \/>\n<meta property=\"og:image\" content=\"https:\/\/i0.wp.com\/www.jazzzeitung.de\/cms\/wp-content\/uploads\/2019\/03\/jazz_im_radio.jpg?fit=2200%2C1417&ssl=1\" \/>\n\t<meta property=\"og:image:width\" content=\"2200\" \/>\n\t<meta property=\"og:image:height\" content=\"1417\" \/>\n\t<meta property=\"og:image:type\" content=\"image\/jpeg\" \/>\n<meta name=\"author\" content=\"Martin Hufner\" \/>\n<script type=\"application\/ld+json\" class=\"yoast-schema-graph\">{\"@context\":\"https:\\\/\\\/schema.org\",\"@graph\":[{\"@type\":\"Article\",\"@id\":\"https:\\\/\\\/www.jazzzeitung.de\\\/cms\\\/2020\\\/11\\\/die-jazz-radiowoche-vom-02-11-20-bis-08-11-2020\\\/#article\",\"isPartOf\":{\"@id\":\"https:\\\/\\\/www.jazzzeitung.de\\\/cms\\\/2020\\\/11\\\/die-jazz-radiowoche-vom-02-11-20-bis-08-11-2020\\\/\"},\"author\":{\"name\":\"Martin Hufner\",\"@id\":\"https:\\\/\\\/www.jazzzeitung.de\\\/cms\\\/#\\\/schema\\\/person\\\/b9a4e5ac765d94fb8f617bfa8f1fc5f7\"},\"headline\":\"Die Jazz-Radiowoche vom 02.11.20 bis 08.11.2020\",\"datePublished\":\"2020-11-01T11:00:13+00:00\",\"mainEntityOfPage\":{\"@id\":\"https:\\\/\\\/www.jazzzeitung.de\\\/cms\\\/2020\\\/11\\\/die-jazz-radiowoche-vom-02-11-20-bis-08-11-2020\\\/\"},\"wordCount\":2485,\"commentCount\":0,\"publisher\":{\"@id\":\"https:\\\/\\\/www.jazzzeitung.de\\\/cms\\\/#organization\"},\"image\":{\"@id\":\"https:\\\/\\\/www.jazzzeitung.de\\\/cms\\\/2020\\\/11\\\/die-jazz-radiowoche-vom-02-11-20-bis-08-11-2020\\\/#primaryimage\"},\"thumbnailUrl\":\"https:\\\/\\\/i0.wp.com\\\/www.jazzzeitung.de\\\/cms\\\/wp-content\\\/uploads\\\/2019\\\/03\\\/jazz_im_radio.jpg?fit=2200%2C1417&ssl=1\",\"keywords\":[\"Jazz im Radio\",\"Jazzfest Berlin\"],\"articleSection\":[\"News\",\"Radio\"],\"inLanguage\":\"de\",\"potentialAction\":[{\"@type\":\"CommentAction\",\"name\":\"Comment\",\"target\":[\"https:\\\/\\\/www.jazzzeitung.de\\\/cms\\\/2020\\\/11\\\/die-jazz-radiowoche-vom-02-11-20-bis-08-11-2020\\\/#respond\"]}]},{\"@type\":\"WebPage\",\"@id\":\"https:\\\/\\\/www.jazzzeitung.de\\\/cms\\\/2020\\\/11\\\/die-jazz-radiowoche-vom-02-11-20-bis-08-11-2020\\\/\",\"url\":\"https:\\\/\\\/www.jazzzeitung.de\\\/cms\\\/2020\\\/11\\\/die-jazz-radiowoche-vom-02-11-20-bis-08-11-2020\\\/\",\"name\":\"Die Jazz-Radiowoche vom 02.11.20 bis 08.11.2020 - JazzZeitung\",\"isPartOf\":{\"@id\":\"https:\\\/\\\/www.jazzzeitung.de\\\/cms\\\/#website\"},\"primaryImageOfPage\":{\"@id\":\"https:\\\/\\\/www.jazzzeitung.de\\\/cms\\\/2020\\\/11\\\/die-jazz-radiowoche-vom-02-11-20-bis-08-11-2020\\\/#primaryimage\"},\"image\":{\"@id\":\"https:\\\/\\\/www.jazzzeitung.de\\\/cms\\\/2020\\\/11\\\/die-jazz-radiowoche-vom-02-11-20-bis-08-11-2020\\\/#primaryimage\"},\"thumbnailUrl\":\"https:\\\/\\\/i0.wp.com\\\/www.jazzzeitung.de\\\/cms\\\/wp-content\\\/uploads\\\/2019\\\/03\\\/jazz_im_radio.jpg?fit=2200%2C1417&ssl=1\",\"datePublished\":\"2020-11-01T11:00:13+00:00\",\"breadcrumb\":{\"@id\":\"https:\\\/\\\/www.jazzzeitung.de\\\/cms\\\/2020\\\/11\\\/die-jazz-radiowoche-vom-02-11-20-bis-08-11-2020\\\/#breadcrumb\"},\"inLanguage\":\"de\",\"potentialAction\":[{\"@type\":\"ReadAction\",\"target\":[\"https:\\\/\\\/www.jazzzeitung.de\\\/cms\\\/2020\\\/11\\\/die-jazz-radiowoche-vom-02-11-20-bis-08-11-2020\\\/\"]}]},{\"@type\":\"ImageObject\",\"inLanguage\":\"de\",\"@id\":\"https:\\\/\\\/www.jazzzeitung.de\\\/cms\\\/2020\\\/11\\\/die-jazz-radiowoche-vom-02-11-20-bis-08-11-2020\\\/#primaryimage\",\"url\":\"https:\\\/\\\/i0.wp.com\\\/www.jazzzeitung.de\\\/cms\\\/wp-content\\\/uploads\\\/2019\\\/03\\\/jazz_im_radio.jpg?fit=2200%2C1417&ssl=1\",\"contentUrl\":\"https:\\\/\\\/i0.wp.com\\\/www.jazzzeitung.de\\\/cms\\\/wp-content\\\/uploads\\\/2019\\\/03\\\/jazz_im_radio.jpg?fit=2200%2C1417&ssl=1\",\"width\":2200,\"height\":1417,\"caption\":\"Jazz im Radio. Foto: Hufner\"},{\"@type\":\"BreadcrumbList\",\"@id\":\"https:\\\/\\\/www.jazzzeitung.de\\\/cms\\\/2020\\\/11\\\/die-jazz-radiowoche-vom-02-11-20-bis-08-11-2020\\\/#breadcrumb\",\"itemListElement\":[{\"@type\":\"ListItem\",\"position\":1,\"name\":\"Startseite\",\"item\":\"https:\\\/\\\/www.jazzzeitung.de\\\/cms\\\/\"},{\"@type\":\"ListItem\",\"position\":2,\"name\":\"Die Jazz-Radiowoche vom 02.11.20 bis 08.11.2020\"}]},{\"@type\":\"WebSite\",\"@id\":\"https:\\\/\\\/www.jazzzeitung.de\\\/cms\\\/#website\",\"url\":\"https:\\\/\\\/www.jazzzeitung.de\\\/cms\\\/\",\"name\":\"JazzZeitung\",\"description\":\"Jazz-News und Jazz-Kontroverses\",\"publisher\":{\"@id\":\"https:\\\/\\\/www.jazzzeitung.de\\\/cms\\\/#organization\"},\"potentialAction\":[{\"@type\":\"SearchAction\",\"target\":{\"@type\":\"EntryPoint\",\"urlTemplate\":\"https:\\\/\\\/www.jazzzeitung.de\\\/cms\\\/?s={search_term_string}\"},\"query-input\":{\"@type\":\"PropertyValueSpecification\",\"valueRequired\":true,\"valueName\":\"search_term_string\"}}],\"inLanguage\":\"de\"},{\"@type\":\"Organization\",\"@id\":\"https:\\\/\\\/www.jazzzeitung.de\\\/cms\\\/#organization\",\"name\":\"JazzZeitung online\",\"url\":\"https:\\\/\\\/www.jazzzeitung.de\\\/cms\\\/\",\"logo\":{\"@type\":\"ImageObject\",\"inLanguage\":\"de\",\"@id\":\"https:\\\/\\\/www.jazzzeitung.de\\\/cms\\\/#\\\/schema\\\/logo\\\/image\\\/\",\"url\":\"https:\\\/\\\/i0.wp.com\\\/www.jazzzeitung.de\\\/cms\\\/wp-content\\\/uploads\\\/2015\\\/08\\\/JAZZZEITUNGDE_Logo_Neu.png?fit=499%2C200&ssl=1\",\"contentUrl\":\"https:\\\/\\\/i0.wp.com\\\/www.jazzzeitung.de\\\/cms\\\/wp-content\\\/uploads\\\/2015\\\/08\\\/JAZZZEITUNGDE_Logo_Neu.png?fit=499%2C200&ssl=1\",\"width\":499,\"height\":200,\"caption\":\"JazzZeitung online\"},\"image\":{\"@id\":\"https:\\\/\\\/www.jazzzeitung.de\\\/cms\\\/#\\\/schema\\\/logo\\\/image\\\/\"},\"sameAs\":[\"https:\\\/\\\/www.facebook.com\\\/JazzZeitung\\\/\"]},{\"@type\":\"Person\",\"@id\":\"https:\\\/\\\/www.jazzzeitung.de\\\/cms\\\/#\\\/schema\\\/person\\\/b9a4e5ac765d94fb8f617bfa8f1fc5f7\",\"name\":\"Martin Hufner\",\"image\":{\"@type\":\"ImageObject\",\"inLanguage\":\"de\",\"@id\":\"https:\\\/\\\/i0.wp.com\\\/www.jazzzeitung.de\\\/cms\\\/wp-content\\\/uploads\\\/2013\\\/07\\\/huf-06.jpg?resize=96%2C96&ssl=15fcc31aa94540751a3b804516452be00\",\"url\":\"https:\\\/\\\/i0.wp.com\\\/www.jazzzeitung.de\\\/cms\\\/wp-content\\\/uploads\\\/2013\\\/07\\\/huf-06.jpg?resize=96%2C96&ssl=1\",\"contentUrl\":\"https:\\\/\\\/i0.wp.com\\\/www.jazzzeitung.de\\\/cms\\\/wp-content\\\/uploads\\\/2013\\\/07\\\/huf-06.jpg?resize=96%2C96&ssl=1\",\"caption\":\"Martin Hufner\"},\"description\":\"Martin Hufner ist freier Autor der JazzZeitung.\",\"sameAs\":[\"https:\\\/\\\/www.kritische-masse.de\\\/logbuch\",\"https:\\\/\\\/www.facebook.com\\\/hufner\"],\"url\":\"https:\\\/\\\/www.jazzzeitung.de\\\/cms\\\/author\\\/admin\\\/\"}]}<\/script>\n<!-- \/ Yoast SEO plugin. -->","yoast_head_json":{"title":"Die Jazz-Radiowoche vom 02.11.20 bis 08.11.2020 - JazzZeitung","robots":{"index":"index","follow":"follow","max-snippet":"max-snippet:-1","max-image-preview":"max-image-preview:large","max-video-preview":"max-video-preview:-1"},"canonical":"https:\/\/www.jazzzeitung.de\/cms\/2020\/11\/die-jazz-radiowoche-vom-02-11-20-bis-08-11-2020\/","og_locale":"de_DE","og_type":"article","og_title":"Die Jazz-Radiowoche vom 02.11.20 bis 08.11.2020 - JazzZeitung","og_description":"Ein kleiner Blick in die Jazzwoche 45 im Radio. Alle Angaben ohne Gew\u00e4hr. Unter anderem: Jazzfest Berlin 2020 \u2013 alles anders.","og_url":"https:\/\/www.jazzzeitung.de\/cms\/2020\/11\/die-jazz-radiowoche-vom-02-11-20-bis-08-11-2020\/","og_site_name":"JazzZeitung","article_publisher":"https:\/\/www.facebook.com\/JazzZeitung\/","article_author":"https:\/\/www.facebook.com\/hufner","article_published_time":"2020-11-01T11:00:13+00:00","og_image":[{"width":2200,"height":1417,"url":"https:\/\/i0.wp.com\/www.jazzzeitung.de\/cms\/wp-content\/uploads\/2019\/03\/jazz_im_radio.jpg?fit=2200%2C1417&ssl=1","type":"image\/jpeg"}],"author":"Martin Hufner","schema":{"@context":"https:\/\/schema.org","@graph":[{"@type":"Article","@id":"https:\/\/www.jazzzeitung.de\/cms\/2020\/11\/die-jazz-radiowoche-vom-02-11-20-bis-08-11-2020\/#article","isPartOf":{"@id":"https:\/\/www.jazzzeitung.de\/cms\/2020\/11\/die-jazz-radiowoche-vom-02-11-20-bis-08-11-2020\/"},"author":{"name":"Martin Hufner","@id":"https:\/\/www.jazzzeitung.de\/cms\/#\/schema\/person\/b9a4e5ac765d94fb8f617bfa8f1fc5f7"},"headline":"Die Jazz-Radiowoche vom 02.11.20 bis 08.11.2020","datePublished":"2020-11-01T11:00:13+00:00","mainEntityOfPage":{"@id":"https:\/\/www.jazzzeitung.de\/cms\/2020\/11\/die-jazz-radiowoche-vom-02-11-20-bis-08-11-2020\/"},"wordCount":2485,"commentCount":0,"publisher":{"@id":"https:\/\/www.jazzzeitung.de\/cms\/#organization"},"image":{"@id":"https:\/\/www.jazzzeitung.de\/cms\/2020\/11\/die-jazz-radiowoche-vom-02-11-20-bis-08-11-2020\/#primaryimage"},"thumbnailUrl":"https:\/\/i0.wp.com\/www.jazzzeitung.de\/cms\/wp-content\/uploads\/2019\/03\/jazz_im_radio.jpg?fit=2200%2C1417&ssl=1","keywords":["Jazz im Radio","Jazzfest Berlin"],"articleSection":["News","Radio"],"inLanguage":"de","potentialAction":[{"@type":"CommentAction","name":"Comment","target":["https:\/\/www.jazzzeitung.de\/cms\/2020\/11\/die-jazz-radiowoche-vom-02-11-20-bis-08-11-2020\/#respond"]}]},{"@type":"WebPage","@id":"https:\/\/www.jazzzeitung.de\/cms\/2020\/11\/die-jazz-radiowoche-vom-02-11-20-bis-08-11-2020\/","url":"https:\/\/www.jazzzeitung.de\/cms\/2020\/11\/die-jazz-radiowoche-vom-02-11-20-bis-08-11-2020\/","name":"Die Jazz-Radiowoche vom 02.11.20 bis 08.11.2020 - JazzZeitung","isPartOf":{"@id":"https:\/\/www.jazzzeitung.de\/cms\/#website"},"primaryImageOfPage":{"@id":"https:\/\/www.jazzzeitung.de\/cms\/2020\/11\/die-jazz-radiowoche-vom-02-11-20-bis-08-11-2020\/#primaryimage"},"image":{"@id":"https:\/\/www.jazzzeitung.de\/cms\/2020\/11\/die-jazz-radiowoche-vom-02-11-20-bis-08-11-2020\/#primaryimage"},"thumbnailUrl":"https:\/\/i0.wp.com\/www.jazzzeitung.de\/cms\/wp-content\/uploads\/2019\/03\/jazz_im_radio.jpg?fit=2200%2C1417&ssl=1","datePublished":"2020-11-01T11:00:13+00:00","breadcrumb":{"@id":"https:\/\/www.jazzzeitung.de\/cms\/2020\/11\/die-jazz-radiowoche-vom-02-11-20-bis-08-11-2020\/#breadcrumb"},"inLanguage":"de","potentialAction":[{"@type":"ReadAction","target":["https:\/\/www.jazzzeitung.de\/cms\/2020\/11\/die-jazz-radiowoche-vom-02-11-20-bis-08-11-2020\/"]}]},{"@type":"ImageObject","inLanguage":"de","@id":"https:\/\/www.jazzzeitung.de\/cms\/2020\/11\/die-jazz-radiowoche-vom-02-11-20-bis-08-11-2020\/#primaryimage","url":"https:\/\/i0.wp.com\/www.jazzzeitung.de\/cms\/wp-content\/uploads\/2019\/03\/jazz_im_radio.jpg?fit=2200%2C1417&ssl=1","contentUrl":"https:\/\/i0.wp.com\/www.jazzzeitung.de\/cms\/wp-content\/uploads\/2019\/03\/jazz_im_radio.jpg?fit=2200%2C1417&ssl=1","width":2200,"height":1417,"caption":"Jazz im Radio. Foto: Hufner"},{"@type":"BreadcrumbList","@id":"https:\/\/www.jazzzeitung.de\/cms\/2020\/11\/die-jazz-radiowoche-vom-02-11-20-bis-08-11-2020\/#breadcrumb","itemListElement":[{"@type":"ListItem","position":1,"name":"Startseite","item":"https:\/\/www.jazzzeitung.de\/cms\/"},{"@type":"ListItem","position":2,"name":"Die Jazz-Radiowoche vom 02.11.20 bis 08.11.2020"}]},{"@type":"WebSite","@id":"https:\/\/www.jazzzeitung.de\/cms\/#website","url":"https:\/\/www.jazzzeitung.de\/cms\/","name":"JazzZeitung","description":"Jazz-News und Jazz-Kontroverses","publisher":{"@id":"https:\/\/www.jazzzeitung.de\/cms\/#organization"},"potentialAction":[{"@type":"SearchAction","target":{"@type":"EntryPoint","urlTemplate":"https:\/\/www.jazzzeitung.de\/cms\/?s={search_term_string}"},"query-input":{"@type":"PropertyValueSpecification","valueRequired":true,"valueName":"search_term_string"}}],"inLanguage":"de"},{"@type":"Organization","@id":"https:\/\/www.jazzzeitung.de\/cms\/#organization","name":"JazzZeitung online","url":"https:\/\/www.jazzzeitung.de\/cms\/","logo":{"@type":"ImageObject","inLanguage":"de","@id":"https:\/\/www.jazzzeitung.de\/cms\/#\/schema\/logo\/image\/","url":"https:\/\/i0.wp.com\/www.jazzzeitung.de\/cms\/wp-content\/uploads\/2015\/08\/JAZZZEITUNGDE_Logo_Neu.png?fit=499%2C200&ssl=1","contentUrl":"https:\/\/i0.wp.com\/www.jazzzeitung.de\/cms\/wp-content\/uploads\/2015\/08\/JAZZZEITUNGDE_Logo_Neu.png?fit=499%2C200&ssl=1","width":499,"height":200,"caption":"JazzZeitung online"},"image":{"@id":"https:\/\/www.jazzzeitung.de\/cms\/#\/schema\/logo\/image\/"},"sameAs":["https:\/\/www.facebook.com\/JazzZeitung\/"]},{"@type":"Person","@id":"https:\/\/www.jazzzeitung.de\/cms\/#\/schema\/person\/b9a4e5ac765d94fb8f617bfa8f1fc5f7","name":"Martin Hufner","image":{"@type":"ImageObject","inLanguage":"de","@id":"https:\/\/i0.wp.com\/www.jazzzeitung.de\/cms\/wp-content\/uploads\/2013\/07\/huf-06.jpg?resize=96%2C96&ssl=15fcc31aa94540751a3b804516452be00","url":"https:\/\/i0.wp.com\/www.jazzzeitung.de\/cms\/wp-content\/uploads\/2013\/07\/huf-06.jpg?resize=96%2C96&ssl=1","contentUrl":"https:\/\/i0.wp.com\/www.jazzzeitung.de\/cms\/wp-content\/uploads\/2013\/07\/huf-06.jpg?resize=96%2C96&ssl=1","caption":"Martin Hufner"},"description":"Martin Hufner ist freier Autor der JazzZeitung.","sameAs":["https:\/\/www.kritische-masse.de\/logbuch","https:\/\/www.facebook.com\/hufner"],"url":"https:\/\/www.jazzzeitung.de\/cms\/author\/admin\/"}]}},"wp-worthy-pixel":{"ignored":true,"public":null,"server":null,"url":null},"wp-worthy-type":"normal","jetpack_publicize_connections":[],"cc_featured_image_caption":{"caption_text":"Jazz im Radio","source_text":"Foto: Hufner","source_url":"https:\/\/www.musikkritik.org"},"jetpack_featured_media_url":"https:\/\/i0.wp.com\/www.jazzzeitung.de\/cms\/wp-content\/uploads\/2019\/03\/jazz_im_radio.jpg?fit=2200%2C1417&ssl=1","jetpack_shortlink":"https:\/\/wp.me\/p3KEcT-6b6","jetpack-related-posts":[{"id":22236,"url":"https:\/\/www.jazzzeitung.de\/cms\/2020\/03\/die-jazz-radiowoche-vom-30-03-20-bis-05-04-20\/","url_meta":{"origin":23752,"position":0},"title":"Die Jazz-Radiowoche vom 30.03.20 bis 05.04.20","author":"Martin Hufner","date":"29. M\u00e4rz 2020","format":false,"excerpt":"Ein kleiner Blick in die Jazzwoche 14 im Radio. Alle Angaben ohne Gew\u00e4hr. Jazz im Radio (Fernsehen) SR2 \u2013 JazzNow \u2013 Sonntags von 20.04 bis 22.30 Uhr BR-KLASSIK \u2013 Jazztime \u2013 Von Montag bis Freitag t\u00e4glich um 23.05 Uhr rbb-kultur \u2013 Late Night Jazz \u2013 Sa und So 23:04 \u2013\u2026","rel":"","context":"In &quot;News&quot;","block_context":{"text":"News","link":"https:\/\/www.jazzzeitung.de\/cms\/thema\/nachrichten\/"},"img":{"alt_text":"Jazz im Radio. Foto: Hufner","src":"https:\/\/i0.wp.com\/www.jazzzeitung.de\/cms\/wp-content\/uploads\/2019\/03\/jazz_im_radio.jpg?fit=1200%2C773&ssl=1&resize=350%2C200","width":350,"height":200,"srcset":"https:\/\/i0.wp.com\/www.jazzzeitung.de\/cms\/wp-content\/uploads\/2019\/03\/jazz_im_radio.jpg?fit=1200%2C773&ssl=1&resize=350%2C200 1x, https:\/\/i0.wp.com\/www.jazzzeitung.de\/cms\/wp-content\/uploads\/2019\/03\/jazz_im_radio.jpg?fit=1200%2C773&ssl=1&resize=525%2C300 1.5x, https:\/\/i0.wp.com\/www.jazzzeitung.de\/cms\/wp-content\/uploads\/2019\/03\/jazz_im_radio.jpg?fit=1200%2C773&ssl=1&resize=700%2C400 2x, https:\/\/i0.wp.com\/www.jazzzeitung.de\/cms\/wp-content\/uploads\/2019\/03\/jazz_im_radio.jpg?fit=1200%2C773&ssl=1&resize=1050%2C600 3x"},"classes":[]},{"id":23939,"url":"https:\/\/www.jazzzeitung.de\/cms\/2020\/12\/die-jazz-radiowoche-vom-7-12-20-bis-13-12-2020\/","url_meta":{"origin":23752,"position":1},"title":"Die Jazz-Radiowoche vom 7.12.20 bis 13.12.2020","author":"Martin Hufner","date":"6. Dezember 2020","format":false,"excerpt":"Ein kleiner Blick in die Jazzwoche 50 im Radio. Der ist dieses mal so klein, es steht da n\u00e4mlich gar nichts drin.Grund daf\u00fcr: Die Suchmaschine f\u00fcr Radiosendungen der ARD gibt am dem 7.12.2020 keine Ergebnisse heraus. Versuche der Kontaktaufnahme mit der ARD sind ohne Echo verhallt. Aktuell bleibt es bei\u2026","rel":"","context":"In &quot;News&quot;","block_context":{"text":"News","link":"https:\/\/www.jazzzeitung.de\/cms\/thema\/nachrichten\/"},"img":{"alt_text":"Jazz im Radio. Foto: Hufner","src":"https:\/\/i0.wp.com\/www.jazzzeitung.de\/cms\/wp-content\/uploads\/2019\/03\/jazz_im_radio.jpg?fit=1200%2C773&ssl=1&resize=350%2C200","width":350,"height":200,"srcset":"https:\/\/i0.wp.com\/www.jazzzeitung.de\/cms\/wp-content\/uploads\/2019\/03\/jazz_im_radio.jpg?fit=1200%2C773&ssl=1&resize=350%2C200 1x, https:\/\/i0.wp.com\/www.jazzzeitung.de\/cms\/wp-content\/uploads\/2019\/03\/jazz_im_radio.jpg?fit=1200%2C773&ssl=1&resize=525%2C300 1.5x, https:\/\/i0.wp.com\/www.jazzzeitung.de\/cms\/wp-content\/uploads\/2019\/03\/jazz_im_radio.jpg?fit=1200%2C773&ssl=1&resize=700%2C400 2x, https:\/\/i0.wp.com\/www.jazzzeitung.de\/cms\/wp-content\/uploads\/2019\/03\/jazz_im_radio.jpg?fit=1200%2C773&ssl=1&resize=1050%2C600 3x"},"classes":[]},{"id":21609,"url":"https:\/\/www.jazzzeitung.de\/cms\/2020\/01\/die-jazz-radiowoche-vom-06-01-20-bis-12-01-20-notausgabe\/","url_meta":{"origin":23752,"position":2},"title":"Die Jazz-Radiowoche vom 06.01.20 bis 12.01.20 (Notausgabe)","author":"Martin Hufner","date":"5. Januar 2020","format":false,"excerpt":"Ein kleiner Blick in die Jazzwoche 02 im Radio. Notausgabe! Die \u00dcbersicht zum Download als PDF. Alle Angaben ohne Gew\u00e4hr. Jazz im Radio (Fernsehen) SR2 \u2013 JazzNow \u2013 Sonntags von 20.04 bis 22.30 Uhr BR-KLASSIK \u2013 Jazztime \u2013 Von Montag bis Freitag t\u00e4glich um 23.05 Uhr rbb-kultur \u2013 Late Night\u2026","rel":"","context":"In &quot;News&quot;","block_context":{"text":"News","link":"https:\/\/www.jazzzeitung.de\/cms\/thema\/nachrichten\/"},"img":{"alt_text":"Jazz im Radio. Foto: Hufner","src":"https:\/\/i0.wp.com\/www.jazzzeitung.de\/cms\/wp-content\/uploads\/2019\/03\/jazz_im_radio.jpg?fit=1200%2C773&ssl=1&resize=350%2C200","width":350,"height":200,"srcset":"https:\/\/i0.wp.com\/www.jazzzeitung.de\/cms\/wp-content\/uploads\/2019\/03\/jazz_im_radio.jpg?fit=1200%2C773&ssl=1&resize=350%2C200 1x, https:\/\/i0.wp.com\/www.jazzzeitung.de\/cms\/wp-content\/uploads\/2019\/03\/jazz_im_radio.jpg?fit=1200%2C773&ssl=1&resize=525%2C300 1.5x, https:\/\/i0.wp.com\/www.jazzzeitung.de\/cms\/wp-content\/uploads\/2019\/03\/jazz_im_radio.jpg?fit=1200%2C773&ssl=1&resize=700%2C400 2x, https:\/\/i0.wp.com\/www.jazzzeitung.de\/cms\/wp-content\/uploads\/2019\/03\/jazz_im_radio.jpg?fit=1200%2C773&ssl=1&resize=1050%2C600 3x"},"classes":[]},{"id":23890,"url":"https:\/\/www.jazzzeitung.de\/cms\/2020\/11\/die-jazz-radiowoche-vom-30-11-20-bis-06-12-2020\/","url_meta":{"origin":23752,"position":3},"title":"Die Jazz-Radiowoche vom 30.11.20 bis 06.12.2020","author":"Martin Hufner","date":"28. November 2020","format":false,"excerpt":"Ein kleiner Blick in die Jazzwoche 49 im Radio. Alle Angaben ohne Gew\u00e4hr. Unter anderem: In dieser Woche ganz viel Dave Brubeck anl\u00e4sslich seines 100. Geburtstages.","rel":"","context":"In &quot;News&quot;","block_context":{"text":"News","link":"https:\/\/www.jazzzeitung.de\/cms\/thema\/nachrichten\/"},"img":{"alt_text":"Jazz im Radio. Foto: Hufner","src":"https:\/\/i0.wp.com\/www.jazzzeitung.de\/cms\/wp-content\/uploads\/2019\/03\/jazz_im_radio.jpg?fit=1200%2C773&ssl=1&resize=350%2C200","width":350,"height":200,"srcset":"https:\/\/i0.wp.com\/www.jazzzeitung.de\/cms\/wp-content\/uploads\/2019\/03\/jazz_im_radio.jpg?fit=1200%2C773&ssl=1&resize=350%2C200 1x, https:\/\/i0.wp.com\/www.jazzzeitung.de\/cms\/wp-content\/uploads\/2019\/03\/jazz_im_radio.jpg?fit=1200%2C773&ssl=1&resize=525%2C300 1.5x, https:\/\/i0.wp.com\/www.jazzzeitung.de\/cms\/wp-content\/uploads\/2019\/03\/jazz_im_radio.jpg?fit=1200%2C773&ssl=1&resize=700%2C400 2x, https:\/\/i0.wp.com\/www.jazzzeitung.de\/cms\/wp-content\/uploads\/2019\/03\/jazz_im_radio.jpg?fit=1200%2C773&ssl=1&resize=1050%2C600 3x"},"classes":[]},{"id":23982,"url":"https:\/\/www.jazzzeitung.de\/cms\/2020\/12\/die-jazz-radiowoche-vom-14-12-20-bis-31-12-2020\/","url_meta":{"origin":23752,"position":4},"title":"Die Jazz-Radiowoche vom 14.12.20 bis 31.12.2020","author":"Martin Hufner","date":"13. Dezember 2020","format":false,"excerpt":"Ein kleiner Blick in Restmonat. Die Suchmaschine der ARD hat ihren Dienst am 7.12.2020 eingestellt. Nachfragen haben nur gezeigt, dass die Veranwortlichen kein Interesse daran haben, das zu kommunizieren. Weder ist herauszubekommen, wer das veranlasst hat noch warum. Danke ARD! F\u00fcr nichts. Jetzt schauen wir mal, wie es weiter geht.\u2026","rel":"","context":"In &quot;News&quot;","block_context":{"text":"News","link":"https:\/\/www.jazzzeitung.de\/cms\/thema\/nachrichten\/"},"img":{"alt_text":"Jazz im Radio. Foto: Hufner","src":"https:\/\/i0.wp.com\/www.jazzzeitung.de\/cms\/wp-content\/uploads\/2019\/03\/jazz_im_radio.jpg?fit=1200%2C773&ssl=1&resize=350%2C200","width":350,"height":200,"srcset":"https:\/\/i0.wp.com\/www.jazzzeitung.de\/cms\/wp-content\/uploads\/2019\/03\/jazz_im_radio.jpg?fit=1200%2C773&ssl=1&resize=350%2C200 1x, https:\/\/i0.wp.com\/www.jazzzeitung.de\/cms\/wp-content\/uploads\/2019\/03\/jazz_im_radio.jpg?fit=1200%2C773&ssl=1&resize=525%2C300 1.5x, https:\/\/i0.wp.com\/www.jazzzeitung.de\/cms\/wp-content\/uploads\/2019\/03\/jazz_im_radio.jpg?fit=1200%2C773&ssl=1&resize=700%2C400 2x, https:\/\/i0.wp.com\/www.jazzzeitung.de\/cms\/wp-content\/uploads\/2019\/03\/jazz_im_radio.jpg?fit=1200%2C773&ssl=1&resize=1050%2C600 3x"},"classes":[]},{"id":22441,"url":"https:\/\/www.jazzzeitung.de\/cms\/2020\/05\/die-jazz-radiowoche-vom-04-05-20-bis-10-05-20\/","url_meta":{"origin":23752,"position":5},"title":"Die Jazz-Radiowoche vom 04.05.20 bis 10.05.20","author":"Martin Hufner","date":"3. Mai 2020","format":false,"excerpt":"Ein kleiner Blick in die Jazzwoche 19 im Radio. Alle Angaben ohne Gew\u00e4hr. Jazz Special \u2013 Fire Music \u2013 Die unheilige Allianz von Jazz und Krieg | The Space Between \u2013 Mikrotonalit\u00e4t im Jazz","rel":"","context":"In &quot;News&quot;","block_context":{"text":"News","link":"https:\/\/www.jazzzeitung.de\/cms\/thema\/nachrichten\/"},"img":{"alt_text":"Jazz im Radio. Foto: Hufner","src":"https:\/\/i0.wp.com\/www.jazzzeitung.de\/cms\/wp-content\/uploads\/2019\/03\/jazz_im_radio.jpg?fit=1200%2C773&ssl=1&resize=350%2C200","width":350,"height":200,"srcset":"https:\/\/i0.wp.com\/www.jazzzeitung.de\/cms\/wp-content\/uploads\/2019\/03\/jazz_im_radio.jpg?fit=1200%2C773&ssl=1&resize=350%2C200 1x, https:\/\/i0.wp.com\/www.jazzzeitung.de\/cms\/wp-content\/uploads\/2019\/03\/jazz_im_radio.jpg?fit=1200%2C773&ssl=1&resize=525%2C300 1.5x, https:\/\/i0.wp.com\/www.jazzzeitung.de\/cms\/wp-content\/uploads\/2019\/03\/jazz_im_radio.jpg?fit=1200%2C773&ssl=1&resize=700%2C400 2x, https:\/\/i0.wp.com\/www.jazzzeitung.de\/cms\/wp-content\/uploads\/2019\/03\/jazz_im_radio.jpg?fit=1200%2C773&ssl=1&resize=1050%2C600 3x"},"classes":[]}],"jetpack_sharing_enabled":false,"_links":{"self":[{"href":"https:\/\/www.jazzzeitung.de\/cms\/wp-json\/wp\/v2\/posts\/23752","targetHints":{"allow":["GET"]}}],"collection":[{"href":"https:\/\/www.jazzzeitung.de\/cms\/wp-json\/wp\/v2\/posts"}],"about":[{"href":"https:\/\/www.jazzzeitung.de\/cms\/wp-json\/wp\/v2\/types\/post"}],"author":[{"embeddable":true,"href":"https:\/\/www.jazzzeitung.de\/cms\/wp-json\/wp\/v2\/users\/1"}],"replies":[{"embeddable":true,"href":"https:\/\/www.jazzzeitung.de\/cms\/wp-json\/wp\/v2\/comments?post=23752"}],"version-history":[{"count":1,"href":"https:\/\/www.jazzzeitung.de\/cms\/wp-json\/wp\/v2\/posts\/23752\/revisions"}],"predecessor-version":[{"id":23753,"href":"https:\/\/www.jazzzeitung.de\/cms\/wp-json\/wp\/v2\/posts\/23752\/revisions\/23753"}],"wp:featuredmedia":[{"embeddable":true,"href":"https:\/\/www.jazzzeitung.de\/cms\/wp-json\/wp\/v2\/media\/18913"}],"wp:attachment":[{"href":"https:\/\/www.jazzzeitung.de\/cms\/wp-json\/wp\/v2\/media?parent=23752"}],"wp:term":[{"taxonomy":"category","embeddable":true,"href":"https:\/\/www.jazzzeitung.de\/cms\/wp-json\/wp\/v2\/categories?post=23752"},{"taxonomy":"post_tag","embeddable":true,"href":"https:\/\/www.jazzzeitung.de\/cms\/wp-json\/wp\/v2\/tags?post=23752"},{"taxonomy":"author","embeddable":true,"href":"https:\/\/www.jazzzeitung.de\/cms\/wp-json\/wp\/v2\/coauthors?post=23752"}],"curies":[{"name":"wp","href":"https:\/\/api.w.org\/{rel}","templated":true}]}}