{"id":2375,"date":"2013-10-02T14:16:19","date_gmt":"2013-10-02T12:16:19","guid":{"rendered":"http:\/\/www.jazzzeitung.de\/cms\/?p=2375"},"modified":"2013-10-02T22:23:46","modified_gmt":"2013-10-02T20:23:46","slug":"helmut-nieberle-und-howard-alden-beim-weidener-jazzherbst","status":"publish","type":"post","link":"https:\/\/www.jazzzeitung.de\/cms\/2013\/10\/helmut-nieberle-und-howard-alden-beim-weidener-jazzherbst\/","title":{"rendered":"Helmut Nieberle und Howard Alden beim Weidener Jazzherbst"},"content":{"rendered":"<p>Zwei Gitarristen, die zu den besten der Welt geh\u00f6ren stehen am Samstag, dem 12. Oktober, ab 20.00 Uhr im Bistrot Paris in Weiden (am Schl\u00f6rplatz, Sebastianstr. 2) auf der B\u00fchne und werden eine ganz besondere Klangwelt des Jazz abbilden: Howard Alden und Helmut Nieberle. Howard Alden geh\u00f6rt zu den weltweit f\u00fchrenden Jazzgitarristen in der Garde der \u201cGreat American Guitars\u201d. Viele Auszeichnungen hat er mit seinem virtuosen, ausgefeilten Spiel auf der Jazzgitarre erhalten, unter anderem viermal den Downbeats Critics Poll &#8211; einen Preis, den man nur bei extrem guten, herausrragenden technischen wie musikalischen Leistungen bekommt.<\/p>\n<p>Helmut Nieberle ist in Europa einer der wenigen Jazz-Gitarristen, der sich seit mehr als zwanzig Jahren der siebensaitigen Gitarre verschrieben hat. Vor allem im Duo mit Howard Alden zeichnet er sich durch einf\u00fchlsame Begleitungen, spontane Interplays und Soli aus, in denen seine zwei Inspirationsquellen stets h\u00f6rbar zum Ausdruck kommen: das Musikst\u00fcck, dem sich die Spieler gerade widmen und der einmalige musikalische Augenblick, in dem sich das alles gerade ereignet.<\/p>\n<p>Kammermusikalischer Jazz auf h\u00f6chstem Niveau wird hier geboten, eine &#8222;Pflichtveranstaltung\u201d f\u00fcr Freunde der Musik, nicht nur f\u00fcr Jazzfreunde und Gitarristen.<\/p>\n<p>Eintritt: 17.- \u20ac, Vorverkauf: tgl. ab 18.00 Uhr im Bistrot Paris oder unter Tel. 0961\/381 1349 , Sch\u00fcler u. Studenten: 12.- \u20ac, Mitglieder: 10.- \u20ac<br \/>\nWeitere Infos, Bilder und Kl\u00e4nge unter www.howardalden.com und www.helmutnieberle.de<\/p>\n","protected":false},"excerpt":{"rendered":"<p>Zwei Gitarristen, die zu den besten der Welt geh\u00f6ren stehen am Samstag, dem 12. Oktober, ab 20.00 Uhr im Bistrot Paris in Weiden (am Schl\u00f6rplatz, Sebastianstr. 2) auf der B\u00fchne und werden eine ganz besondere Klangwelt des Jazz abbilden: Howard Alden und Helmut Nieberle. Howard Alden geh\u00f6rt zu den weltweit f\u00fchrenden Jazzgitarristen in der Garde der \u201cGreat American Guitars\u201d. Viele Auszeichnungen hat er mit seinem virtuosen, ausgefeilten Spiel auf der Jazzgitarre erhalten, unter anderem viermal den Downbeats Critics Poll &#8211; einen Preis, den man nur bei extrem guten, herausrragenden technischen wie musikalischen Leistungen bekommt. Helmut Nieberle ist in Europa einer der wenigen Jazz-Gitarristen, der sich seit mehr als zwanzig Jahren der siebensaitigen Gitarre verschrieben hat. Vor allem im Duo mit Howard Alden zeichnet er sich durch einf\u00fchlsame Begleitungen, spontane Interplays und Soli aus, in denen seine zwei Inspirationsquellen stets h\u00f6rbar zum Ausdruck kommen: das Musikst\u00fcck, dem sich die Spieler gerade widmen und der einmalige musikalische Augenblick, in dem sich das alles gerade ereignet. Kammermusikalischer Jazz auf h\u00f6chstem Niveau wird hier geboten, eine &#8222;Pflichtveranstaltung\u201d f\u00fcr Freunde der Musik, nicht nur f\u00fcr Jazzfreunde und Gitarristen. Eintritt: 17.- &hellip;<\/p>\n","protected":false},"author":18,"featured_media":0,"comment_status":"open","ping_status":"open","sticky":false,"template":"","format":"standard","meta":{"_jetpack_memberships_contains_paid_content":false,"footnotes":"","jetpack_publicize_message":"","jetpack_publicize_feature_enabled":true,"jetpack_social_post_already_shared":false,"jetpack_social_options":{"image_generator_settings":{"template":"highway","default_image_id":0,"font":"","enabled":false},"version":2}},"categories":[633],"tags":[714,713,715,716,431],"coauthors":[695],"class_list":["post-2375","post","type-post","status-publish","format-standard","hentry","category-nachrichten","tag-helmut-nieberle","tag-howard-alden","tag-jazzherbst-weiden","tag-jazzzirkel-weiden","tag-paris"],"yoast_head":"<!-- This site is optimized with the Yoast SEO plugin v27.5 - https:\/\/yoast.com\/product\/yoast-seo-wordpress\/ -->\n<title>Helmut Nieberle und Howard Alden beim Weidener Jazzherbst - JazzZeitung<\/title>\n<meta name=\"robots\" content=\"index, follow, max-snippet:-1, max-image-preview:large, max-video-preview:-1\" \/>\n<link rel=\"canonical\" href=\"https:\/\/www.jazzzeitung.de\/cms\/2013\/10\/helmut-nieberle-und-howard-alden-beim-weidener-jazzherbst\/\" \/>\n<meta property=\"og:locale\" content=\"de_DE\" \/>\n<meta property=\"og:type\" content=\"article\" \/>\n<meta property=\"og:title\" content=\"Helmut Nieberle und Howard Alden beim Weidener Jazzherbst - JazzZeitung\" \/>\n<meta property=\"og:description\" content=\"Zwei Gitarristen, die zu den besten der Welt geh\u00f6ren stehen am Samstag, dem 12. Oktober, ab 20.00 Uhr im Bistrot Paris in Weiden (am Schl\u00f6rplatz, Sebastianstr. 2) auf der B\u00fchne und werden eine ganz besondere Klangwelt des Jazz abbilden: Howard Alden und Helmut Nieberle. Howard Alden geh\u00f6rt zu den weltweit f\u00fchrenden Jazzgitarristen in der Garde der \u201cGreat American Guitars\u201d. Viele Auszeichnungen hat er mit seinem virtuosen, ausgefeilten Spiel auf der Jazzgitarre erhalten, unter anderem viermal den Downbeats Critics Poll &#8211; einen Preis, den man nur bei extrem guten, herausrragenden technischen wie musikalischen Leistungen bekommt. Helmut Nieberle ist in Europa einer der wenigen Jazz-Gitarristen, der sich seit mehr als zwanzig Jahren der siebensaitigen Gitarre verschrieben hat. Vor allem im Duo mit Howard Alden zeichnet er sich durch einf\u00fchlsame Begleitungen, spontane Interplays und Soli aus, in denen seine zwei Inspirationsquellen stets h\u00f6rbar zum Ausdruck kommen: das Musikst\u00fcck, dem sich die Spieler gerade widmen und der einmalige musikalische Augenblick, in dem sich das alles gerade ereignet. Kammermusikalischer Jazz auf h\u00f6chstem Niveau wird hier geboten, eine &#8222;Pflichtveranstaltung\u201d f\u00fcr Freunde der Musik, nicht nur f\u00fcr Jazzfreunde und Gitarristen. Eintritt: 17.- &hellip;\" \/>\n<meta property=\"og:url\" content=\"https:\/\/www.jazzzeitung.de\/cms\/2013\/10\/helmut-nieberle-und-howard-alden-beim-weidener-jazzherbst\/\" \/>\n<meta property=\"og:site_name\" content=\"JazzZeitung\" \/>\n<meta property=\"article:publisher\" content=\"https:\/\/www.facebook.com\/JazzZeitung\/\" \/>\n<meta property=\"article:published_time\" content=\"2013-10-02T12:16:19+00:00\" \/>\n<meta property=\"article:modified_time\" content=\"2013-10-02T20:23:46+00:00\" \/>\n<meta property=\"og:image\" content=\"https:\/\/i0.wp.com\/www.jazzzeitung.de\/cms\/wp-content\/uploads\/2012\/01\/ipad-logo-200.png?fit=200%2C200&ssl=1\" \/>\n\t<meta property=\"og:image:width\" content=\"200\" \/>\n\t<meta property=\"og:image:height\" content=\"200\" \/>\n\t<meta property=\"og:image:type\" content=\"image\/png\" \/>\n<meta name=\"author\" content=\"Redaktion JazzZeitung\" \/>\n<script type=\"application\/ld+json\" class=\"yoast-schema-graph\">{\"@context\":\"https:\\\/\\\/schema.org\",\"@graph\":[{\"@type\":\"Article\",\"@id\":\"https:\\\/\\\/www.jazzzeitung.de\\\/cms\\\/2013\\\/10\\\/helmut-nieberle-und-howard-alden-beim-weidener-jazzherbst\\\/#article\",\"isPartOf\":{\"@id\":\"https:\\\/\\\/www.jazzzeitung.de\\\/cms\\\/2013\\\/10\\\/helmut-nieberle-und-howard-alden-beim-weidener-jazzherbst\\\/\"},\"author\":{\"name\":\"Redaktion JazzZeitung\",\"@id\":\"https:\\\/\\\/www.jazzzeitung.de\\\/cms\\\/#\\\/schema\\\/person\\\/2245b36b9cd1d24cea10f01c031fb92b\"},\"headline\":\"Helmut Nieberle und Howard Alden beim Weidener Jazzherbst\",\"datePublished\":\"2013-10-02T12:16:19+00:00\",\"dateModified\":\"2013-10-02T20:23:46+00:00\",\"mainEntityOfPage\":{\"@id\":\"https:\\\/\\\/www.jazzzeitung.de\\\/cms\\\/2013\\\/10\\\/helmut-nieberle-und-howard-alden-beim-weidener-jazzherbst\\\/\"},\"wordCount\":232,\"commentCount\":0,\"publisher\":{\"@id\":\"https:\\\/\\\/www.jazzzeitung.de\\\/cms\\\/#organization\"},\"keywords\":[\"Helmut Nieberle\",\"Howard Alden\",\"Jazzherbst Weiden\",\"Jazzzirkel Weiden\",\"Paris\"],\"articleSection\":[\"News\"],\"inLanguage\":\"de\",\"potentialAction\":[{\"@type\":\"CommentAction\",\"name\":\"Comment\",\"target\":[\"https:\\\/\\\/www.jazzzeitung.de\\\/cms\\\/2013\\\/10\\\/helmut-nieberle-und-howard-alden-beim-weidener-jazzherbst\\\/#respond\"]}]},{\"@type\":\"WebPage\",\"@id\":\"https:\\\/\\\/www.jazzzeitung.de\\\/cms\\\/2013\\\/10\\\/helmut-nieberle-und-howard-alden-beim-weidener-jazzherbst\\\/\",\"url\":\"https:\\\/\\\/www.jazzzeitung.de\\\/cms\\\/2013\\\/10\\\/helmut-nieberle-und-howard-alden-beim-weidener-jazzherbst\\\/\",\"name\":\"Helmut Nieberle und Howard Alden beim Weidener Jazzherbst - JazzZeitung\",\"isPartOf\":{\"@id\":\"https:\\\/\\\/www.jazzzeitung.de\\\/cms\\\/#website\"},\"datePublished\":\"2013-10-02T12:16:19+00:00\",\"dateModified\":\"2013-10-02T20:23:46+00:00\",\"breadcrumb\":{\"@id\":\"https:\\\/\\\/www.jazzzeitung.de\\\/cms\\\/2013\\\/10\\\/helmut-nieberle-und-howard-alden-beim-weidener-jazzherbst\\\/#breadcrumb\"},\"inLanguage\":\"de\",\"potentialAction\":[{\"@type\":\"ReadAction\",\"target\":[\"https:\\\/\\\/www.jazzzeitung.de\\\/cms\\\/2013\\\/10\\\/helmut-nieberle-und-howard-alden-beim-weidener-jazzherbst\\\/\"]}]},{\"@type\":\"BreadcrumbList\",\"@id\":\"https:\\\/\\\/www.jazzzeitung.de\\\/cms\\\/2013\\\/10\\\/helmut-nieberle-und-howard-alden-beim-weidener-jazzherbst\\\/#breadcrumb\",\"itemListElement\":[{\"@type\":\"ListItem\",\"position\":1,\"name\":\"Startseite\",\"item\":\"https:\\\/\\\/www.jazzzeitung.de\\\/cms\\\/\"},{\"@type\":\"ListItem\",\"position\":2,\"name\":\"Helmut Nieberle und Howard Alden beim Weidener Jazzherbst\"}]},{\"@type\":\"WebSite\",\"@id\":\"https:\\\/\\\/www.jazzzeitung.de\\\/cms\\\/#website\",\"url\":\"https:\\\/\\\/www.jazzzeitung.de\\\/cms\\\/\",\"name\":\"JazzZeitung\",\"description\":\"Jazz-News und Jazz-Kontroverses\",\"publisher\":{\"@id\":\"https:\\\/\\\/www.jazzzeitung.de\\\/cms\\\/#organization\"},\"potentialAction\":[{\"@type\":\"SearchAction\",\"target\":{\"@type\":\"EntryPoint\",\"urlTemplate\":\"https:\\\/\\\/www.jazzzeitung.de\\\/cms\\\/?s={search_term_string}\"},\"query-input\":{\"@type\":\"PropertyValueSpecification\",\"valueRequired\":true,\"valueName\":\"search_term_string\"}}],\"inLanguage\":\"de\"},{\"@type\":\"Organization\",\"@id\":\"https:\\\/\\\/www.jazzzeitung.de\\\/cms\\\/#organization\",\"name\":\"JazzZeitung online\",\"url\":\"https:\\\/\\\/www.jazzzeitung.de\\\/cms\\\/\",\"logo\":{\"@type\":\"ImageObject\",\"inLanguage\":\"de\",\"@id\":\"https:\\\/\\\/www.jazzzeitung.de\\\/cms\\\/#\\\/schema\\\/logo\\\/image\\\/\",\"url\":\"https:\\\/\\\/i0.wp.com\\\/www.jazzzeitung.de\\\/cms\\\/wp-content\\\/uploads\\\/2015\\\/08\\\/JAZZZEITUNGDE_Logo_Neu.png?fit=499%2C200&ssl=1\",\"contentUrl\":\"https:\\\/\\\/i0.wp.com\\\/www.jazzzeitung.de\\\/cms\\\/wp-content\\\/uploads\\\/2015\\\/08\\\/JAZZZEITUNGDE_Logo_Neu.png?fit=499%2C200&ssl=1\",\"width\":499,\"height\":200,\"caption\":\"JazzZeitung online\"},\"image\":{\"@id\":\"https:\\\/\\\/www.jazzzeitung.de\\\/cms\\\/#\\\/schema\\\/logo\\\/image\\\/\"},\"sameAs\":[\"https:\\\/\\\/www.facebook.com\\\/JazzZeitung\\\/\"]},{\"@type\":\"Person\",\"@id\":\"https:\\\/\\\/www.jazzzeitung.de\\\/cms\\\/#\\\/schema\\\/person\\\/2245b36b9cd1d24cea10f01c031fb92b\",\"name\":\"Redaktion JazzZeitung\",\"image\":{\"@type\":\"ImageObject\",\"inLanguage\":\"de\",\"@id\":\"https:\\\/\\\/i0.wp.com\\\/www.jazzzeitung.de\\\/cms\\\/wp-content\\\/uploads\\\/2015\\\/08\\\/JAZZZEITUNGDE_Logo_Neu.png?resize=96%2C96&ssl=159975dcacb611b5700bd619b5daf0a7a\",\"url\":\"https:\\\/\\\/i0.wp.com\\\/www.jazzzeitung.de\\\/cms\\\/wp-content\\\/uploads\\\/2015\\\/08\\\/JAZZZEITUNGDE_Logo_Neu.png?resize=96%2C96&ssl=1\",\"contentUrl\":\"https:\\\/\\\/i0.wp.com\\\/www.jazzzeitung.de\\\/cms\\\/wp-content\\\/uploads\\\/2015\\\/08\\\/JAZZZEITUNGDE_Logo_Neu.png?resize=96%2C96&ssl=1\",\"caption\":\"Redaktion JazzZeitung\"},\"description\":\"Artikel der Redaktion der JazzZeitung.\",\"sameAs\":[\"http:\\\/\\\/www.jazzzeitung.de\\\/cms\\\/\"],\"url\":\"https:\\\/\\\/www.jazzzeitung.de\\\/cms\\\/author\\\/redaktion\\\/\"}]}<\/script>\n<!-- \/ Yoast SEO plugin. -->","yoast_head_json":{"title":"Helmut Nieberle und Howard Alden beim Weidener Jazzherbst - JazzZeitung","robots":{"index":"index","follow":"follow","max-snippet":"max-snippet:-1","max-image-preview":"max-image-preview:large","max-video-preview":"max-video-preview:-1"},"canonical":"https:\/\/www.jazzzeitung.de\/cms\/2013\/10\/helmut-nieberle-und-howard-alden-beim-weidener-jazzherbst\/","og_locale":"de_DE","og_type":"article","og_title":"Helmut Nieberle und Howard Alden beim Weidener Jazzherbst - JazzZeitung","og_description":"Zwei Gitarristen, die zu den besten der Welt geh\u00f6ren stehen am Samstag, dem 12. Oktober, ab 20.00 Uhr im Bistrot Paris in Weiden (am Schl\u00f6rplatz, Sebastianstr. 2) auf der B\u00fchne und werden eine ganz besondere Klangwelt des Jazz abbilden: Howard Alden und Helmut Nieberle. Howard Alden geh\u00f6rt zu den weltweit f\u00fchrenden Jazzgitarristen in der Garde der \u201cGreat American Guitars\u201d. Viele Auszeichnungen hat er mit seinem virtuosen, ausgefeilten Spiel auf der Jazzgitarre erhalten, unter anderem viermal den Downbeats Critics Poll &#8211; einen Preis, den man nur bei extrem guten, herausrragenden technischen wie musikalischen Leistungen bekommt. Helmut Nieberle ist in Europa einer der wenigen Jazz-Gitarristen, der sich seit mehr als zwanzig Jahren der siebensaitigen Gitarre verschrieben hat. Vor allem im Duo mit Howard Alden zeichnet er sich durch einf\u00fchlsame Begleitungen, spontane Interplays und Soli aus, in denen seine zwei Inspirationsquellen stets h\u00f6rbar zum Ausdruck kommen: das Musikst\u00fcck, dem sich die Spieler gerade widmen und der einmalige musikalische Augenblick, in dem sich das alles gerade ereignet. Kammermusikalischer Jazz auf h\u00f6chstem Niveau wird hier geboten, eine &#8222;Pflichtveranstaltung\u201d f\u00fcr Freunde der Musik, nicht nur f\u00fcr Jazzfreunde und Gitarristen. Eintritt: 17.- &hellip;","og_url":"https:\/\/www.jazzzeitung.de\/cms\/2013\/10\/helmut-nieberle-und-howard-alden-beim-weidener-jazzherbst\/","og_site_name":"JazzZeitung","article_publisher":"https:\/\/www.facebook.com\/JazzZeitung\/","article_published_time":"2013-10-02T12:16:19+00:00","article_modified_time":"2013-10-02T20:23:46+00:00","og_image":[{"width":200,"height":200,"url":"https:\/\/i0.wp.com\/www.jazzzeitung.de\/cms\/wp-content\/uploads\/2012\/01\/ipad-logo-200.png?fit=200%2C200&ssl=1","type":"image\/png"}],"author":"Redaktion JazzZeitung","schema":{"@context":"https:\/\/schema.org","@graph":[{"@type":"Article","@id":"https:\/\/www.jazzzeitung.de\/cms\/2013\/10\/helmut-nieberle-und-howard-alden-beim-weidener-jazzherbst\/#article","isPartOf":{"@id":"https:\/\/www.jazzzeitung.de\/cms\/2013\/10\/helmut-nieberle-und-howard-alden-beim-weidener-jazzherbst\/"},"author":{"name":"Redaktion JazzZeitung","@id":"https:\/\/www.jazzzeitung.de\/cms\/#\/schema\/person\/2245b36b9cd1d24cea10f01c031fb92b"},"headline":"Helmut Nieberle und Howard Alden beim Weidener Jazzherbst","datePublished":"2013-10-02T12:16:19+00:00","dateModified":"2013-10-02T20:23:46+00:00","mainEntityOfPage":{"@id":"https:\/\/www.jazzzeitung.de\/cms\/2013\/10\/helmut-nieberle-und-howard-alden-beim-weidener-jazzherbst\/"},"wordCount":232,"commentCount":0,"publisher":{"@id":"https:\/\/www.jazzzeitung.de\/cms\/#organization"},"keywords":["Helmut Nieberle","Howard Alden","Jazzherbst Weiden","Jazzzirkel Weiden","Paris"],"articleSection":["News"],"inLanguage":"de","potentialAction":[{"@type":"CommentAction","name":"Comment","target":["https:\/\/www.jazzzeitung.de\/cms\/2013\/10\/helmut-nieberle-und-howard-alden-beim-weidener-jazzherbst\/#respond"]}]},{"@type":"WebPage","@id":"https:\/\/www.jazzzeitung.de\/cms\/2013\/10\/helmut-nieberle-und-howard-alden-beim-weidener-jazzherbst\/","url":"https:\/\/www.jazzzeitung.de\/cms\/2013\/10\/helmut-nieberle-und-howard-alden-beim-weidener-jazzherbst\/","name":"Helmut Nieberle und Howard Alden beim Weidener Jazzherbst - JazzZeitung","isPartOf":{"@id":"https:\/\/www.jazzzeitung.de\/cms\/#website"},"datePublished":"2013-10-02T12:16:19+00:00","dateModified":"2013-10-02T20:23:46+00:00","breadcrumb":{"@id":"https:\/\/www.jazzzeitung.de\/cms\/2013\/10\/helmut-nieberle-und-howard-alden-beim-weidener-jazzherbst\/#breadcrumb"},"inLanguage":"de","potentialAction":[{"@type":"ReadAction","target":["https:\/\/www.jazzzeitung.de\/cms\/2013\/10\/helmut-nieberle-und-howard-alden-beim-weidener-jazzherbst\/"]}]},{"@type":"BreadcrumbList","@id":"https:\/\/www.jazzzeitung.de\/cms\/2013\/10\/helmut-nieberle-und-howard-alden-beim-weidener-jazzherbst\/#breadcrumb","itemListElement":[{"@type":"ListItem","position":1,"name":"Startseite","item":"https:\/\/www.jazzzeitung.de\/cms\/"},{"@type":"ListItem","position":2,"name":"Helmut Nieberle und Howard Alden beim Weidener Jazzherbst"}]},{"@type":"WebSite","@id":"https:\/\/www.jazzzeitung.de\/cms\/#website","url":"https:\/\/www.jazzzeitung.de\/cms\/","name":"JazzZeitung","description":"Jazz-News und Jazz-Kontroverses","publisher":{"@id":"https:\/\/www.jazzzeitung.de\/cms\/#organization"},"potentialAction":[{"@type":"SearchAction","target":{"@type":"EntryPoint","urlTemplate":"https:\/\/www.jazzzeitung.de\/cms\/?s={search_term_string}"},"query-input":{"@type":"PropertyValueSpecification","valueRequired":true,"valueName":"search_term_string"}}],"inLanguage":"de"},{"@type":"Organization","@id":"https:\/\/www.jazzzeitung.de\/cms\/#organization","name":"JazzZeitung online","url":"https:\/\/www.jazzzeitung.de\/cms\/","logo":{"@type":"ImageObject","inLanguage":"de","@id":"https:\/\/www.jazzzeitung.de\/cms\/#\/schema\/logo\/image\/","url":"https:\/\/i0.wp.com\/www.jazzzeitung.de\/cms\/wp-content\/uploads\/2015\/08\/JAZZZEITUNGDE_Logo_Neu.png?fit=499%2C200&ssl=1","contentUrl":"https:\/\/i0.wp.com\/www.jazzzeitung.de\/cms\/wp-content\/uploads\/2015\/08\/JAZZZEITUNGDE_Logo_Neu.png?fit=499%2C200&ssl=1","width":499,"height":200,"caption":"JazzZeitung online"},"image":{"@id":"https:\/\/www.jazzzeitung.de\/cms\/#\/schema\/logo\/image\/"},"sameAs":["https:\/\/www.facebook.com\/JazzZeitung\/"]},{"@type":"Person","@id":"https:\/\/www.jazzzeitung.de\/cms\/#\/schema\/person\/2245b36b9cd1d24cea10f01c031fb92b","name":"Redaktion JazzZeitung","image":{"@type":"ImageObject","inLanguage":"de","@id":"https:\/\/i0.wp.com\/www.jazzzeitung.de\/cms\/wp-content\/uploads\/2015\/08\/JAZZZEITUNGDE_Logo_Neu.png?resize=96%2C96&ssl=159975dcacb611b5700bd619b5daf0a7a","url":"https:\/\/i0.wp.com\/www.jazzzeitung.de\/cms\/wp-content\/uploads\/2015\/08\/JAZZZEITUNGDE_Logo_Neu.png?resize=96%2C96&ssl=1","contentUrl":"https:\/\/i0.wp.com\/www.jazzzeitung.de\/cms\/wp-content\/uploads\/2015\/08\/JAZZZEITUNGDE_Logo_Neu.png?resize=96%2C96&ssl=1","caption":"Redaktion JazzZeitung"},"description":"Artikel der Redaktion der JazzZeitung.","sameAs":["http:\/\/www.jazzzeitung.de\/cms\/"],"url":"https:\/\/www.jazzzeitung.de\/cms\/author\/redaktion\/"}]}},"wp-worthy-pixel":{"ignored":false,"public":null,"server":null,"url":null},"wp-worthy-type":"normal","jetpack_publicize_connections":[],"cc_featured_image_caption":{"caption_text":false,"source_text":false,"source_url":false},"jetpack_featured_media_url":"","jetpack_shortlink":"https:\/\/wp.me\/p3KEcT-Cj","jetpack-related-posts":[{"id":21878,"url":"https:\/\/www.jazzzeitung.de\/cms\/2020\/02\/tod_helmut_nieberle\/","url_meta":{"origin":2375,"position":0},"title":"Der \u00fcbers Griffbrett tanzt \u2013 zum Tod Helmut Nieberles","author":"Juan Martin Koch","date":"11. Februar 2020","format":false,"excerpt":"Das kann einem als jungem Jazz-Novizen schon mal passieren: Da lauscht man einer Swing-Combo und ordnet das aberwitzige Speed-Solo jenem Instrumentalisten zu, der mit vollem K\u00f6rpereinsatz in die Saiten greift. Erst sp\u00e4ter wird einem klar, dass es sich hierbei um den Rhythmus-Gitarristen handelt\u2026 Der Solist ist jener, der da ganz\u2026","rel":"","context":"In &quot;Bericht&quot;","block_context":{"text":"Bericht","link":"https:\/\/www.jazzzeitung.de\/cms\/thema\/bericht\/"},"img":{"alt_text":"Helmut Nieberle","src":"https:\/\/i0.wp.com\/www.jazzzeitung.de\/cms\/wp-content\/uploads\/2020\/02\/Helmut-Nieberle-4-SW-c-JM-Koch1.jpg?fit=1200%2C900&ssl=1&resize=350%2C200","width":350,"height":200,"srcset":"https:\/\/i0.wp.com\/www.jazzzeitung.de\/cms\/wp-content\/uploads\/2020\/02\/Helmut-Nieberle-4-SW-c-JM-Koch1.jpg?fit=1200%2C900&ssl=1&resize=350%2C200 1x, https:\/\/i0.wp.com\/www.jazzzeitung.de\/cms\/wp-content\/uploads\/2020\/02\/Helmut-Nieberle-4-SW-c-JM-Koch1.jpg?fit=1200%2C900&ssl=1&resize=525%2C300 1.5x, https:\/\/i0.wp.com\/www.jazzzeitung.de\/cms\/wp-content\/uploads\/2020\/02\/Helmut-Nieberle-4-SW-c-JM-Koch1.jpg?fit=1200%2C900&ssl=1&resize=700%2C400 2x, https:\/\/i0.wp.com\/www.jazzzeitung.de\/cms\/wp-content\/uploads\/2020\/02\/Helmut-Nieberle-4-SW-c-JM-Koch1.jpg?fit=1200%2C900&ssl=1&resize=1050%2C600 3x"},"classes":[]},{"id":13586,"url":"https:\/\/www.jazzzeitung.de\/cms\/2017\/09\/helmut-nieberle-und-milorad-romic-gitarren-duo-mit-anarchischer-note\/","url_meta":{"origin":2375,"position":1},"title":"Helmut Nieberle und Milorad Romic: Gitarren-Duo mit anarchischer Note","author":"Redaktion JazzZeitung","date":"22. September 2017","format":false,"excerpt":"F\u00fcr viele Regensburger geh\u00f6ren die Serenadenkonzerte von Milorad Romic seit Jahren fest zum sommerlichen Ritual. Heuer gestaltete er das Programm zusammen mit Helmut Nieberle, einem langj\u00e4hrigen Partner, mit dem er aktuell ein Doppelalbum ver\u00f6ffentlicht hat. Im lauschigen Herzogspark bekam die Musik der beiden seelenverwandten und dabei ungleichen Gitarristen eine ganz\u2026","rel":"","context":"In &quot;Rezension&quot;","block_context":{"text":"Rezension","link":"https:\/\/www.jazzzeitung.de\/cms\/thema\/rezension\/"},"img":{"alt_text":"","src":"https:\/\/i0.wp.com\/www.jazzzeitung.de\/cms\/wp-content\/uploads\/2017\/09\/Romic-Nieberle.jpg?fit=1200%2C1098&ssl=1&resize=350%2C200","width":350,"height":200,"srcset":"https:\/\/i0.wp.com\/www.jazzzeitung.de\/cms\/wp-content\/uploads\/2017\/09\/Romic-Nieberle.jpg?fit=1200%2C1098&ssl=1&resize=350%2C200 1x, https:\/\/i0.wp.com\/www.jazzzeitung.de\/cms\/wp-content\/uploads\/2017\/09\/Romic-Nieberle.jpg?fit=1200%2C1098&ssl=1&resize=525%2C300 1.5x, https:\/\/i0.wp.com\/www.jazzzeitung.de\/cms\/wp-content\/uploads\/2017\/09\/Romic-Nieberle.jpg?fit=1200%2C1098&ssl=1&resize=700%2C400 2x, https:\/\/i0.wp.com\/www.jazzzeitung.de\/cms\/wp-content\/uploads\/2017\/09\/Romic-Nieberle.jpg?fit=1200%2C1098&ssl=1&resize=1050%2C600 3x"},"classes":[]},{"id":20467,"url":"https:\/\/www.jazzzeitung.de\/cms\/2019\/08\/zwei-neue-alben-von-helmut-nieberle\/","url_meta":{"origin":2375,"position":2},"title":"Auf zwei neuen CDs brilliert Helmut Nieberle als Komponist und Begleiter","author":"Juan Martin Koch","date":"22. August 2019","format":false,"excerpt":"\u201eDen \u201aMagic Moment\u2018 kenne ich eher nicht, ich muss mich bewusst hinsetzen.\u201c Wenn man den Gitarristen Helmut Nieberle danach fragt, wie er neue St\u00fccke schreibt, klingt die Antwort recht lapidar: \u201eEin melodischer Gedanke kann schon mal ein Einfall sein, aber der Rest ist einfach Arbeit.\u201c Dass er das Handwerk des\u2026","rel":"","context":"In &quot;Rezension&quot;","block_context":{"text":"Rezension","link":"https:\/\/www.jazzzeitung.de\/cms\/thema\/rezension\/"},"img":{"alt_text":"","src":"https:\/\/i0.wp.com\/www.jazzzeitung.de\/cms\/wp-content\/uploads\/2019\/08\/Helmut-Nieberle-c-JM-Koch.jpg?fit=1200%2C900&ssl=1&resize=350%2C200","width":350,"height":200,"srcset":"https:\/\/i0.wp.com\/www.jazzzeitung.de\/cms\/wp-content\/uploads\/2019\/08\/Helmut-Nieberle-c-JM-Koch.jpg?fit=1200%2C900&ssl=1&resize=350%2C200 1x, https:\/\/i0.wp.com\/www.jazzzeitung.de\/cms\/wp-content\/uploads\/2019\/08\/Helmut-Nieberle-c-JM-Koch.jpg?fit=1200%2C900&ssl=1&resize=525%2C300 1.5x, https:\/\/i0.wp.com\/www.jazzzeitung.de\/cms\/wp-content\/uploads\/2019\/08\/Helmut-Nieberle-c-JM-Koch.jpg?fit=1200%2C900&ssl=1&resize=700%2C400 2x, https:\/\/i0.wp.com\/www.jazzzeitung.de\/cms\/wp-content\/uploads\/2019\/08\/Helmut-Nieberle-c-JM-Koch.jpg?fit=1200%2C900&ssl=1&resize=1050%2C600 3x"},"classes":[]},{"id":5784,"url":"https:\/\/www.jazzzeitung.de\/cms\/2015\/03\/news-django-reinhardt-memorial-lichter-filmfest-jazzweekend-unterfoehring\/","url_meta":{"origin":2375,"position":3},"title":"News: Django Reinhardt Memorial +++ LICHTER Filmfest +++ Jazzweekend Unterf\u00f6hring","author":"Redaktion JazzZeitung","date":"25. M\u00e4rz 2015","format":false,"excerpt":"Django Reinhardt Memorial in Augsburg geht in die 23. Runde Er ist eine Legende. Er hat den europ\u00e4ischen Jazz miterfunden und seine Spielweise hat einen ganzen Jazzstil gepr\u00e4gt. Die Rede ist von Django Reinhardt. Bereits zum 23. Mal findet nun ihm und dem Gypsy-Jazz zu Ehren das Django Reinhardt-Memorial in\u2026","rel":"","context":"In &quot;News&quot;","block_context":{"text":"News","link":"https:\/\/www.jazzzeitung.de\/cms\/thema\/nachrichten\/"},"img":{"alt_text":"Django Reinhardt","src":"https:\/\/i0.wp.com\/www.jazzzeitung.de\/cms\/wp-content\/uploads\/2015\/03\/Django-Reinhardt-150x150.jpg?resize=350%2C200","width":350,"height":200},"classes":[]},{"id":13319,"url":"https:\/\/www.jazzzeitung.de\/cms\/2017\/08\/feuriger-gypsy-swing-im-prasselnden-regen\/","url_meta":{"origin":2375,"position":4},"title":"Feuriger Gypsy-Swing im prasselnden Regen","author":"Redaktion JazzZeitung","date":"12. August 2017","format":false,"excerpt":"Au\u00dfergew\u00f6hnliche Band um den Gitarristen Helmut Nieberle l\u00e4sst beim Konzert im Regensburger Thon-Dittmer-Palais die Musik Django Reinhardts und Stephane Grappellis aufleben\u00a0 Es ist eines der ungew\u00f6hnlichsten Konzerte des Jahres gewesen \u2013 musikalisch, aber auch von den Umst\u00e4nden her. Soviel kann man schon jetzt \u00fcber das Tribute-Konzert f\u00fcr\u00a0 Django Reinhardt und\u2026","rel":"","context":"In &quot;Galerie&quot;","block_context":{"text":"Galerie","link":"https:\/\/www.jazzzeitung.de\/cms\/thema\/galerie\/"},"img":{"alt_text":"","src":"https:\/\/i0.wp.com\/www.jazzzeitung.de\/cms\/wp-content\/uploads\/2017\/08\/image001.jpg?resize=350%2C200","width":350,"height":200,"srcset":"https:\/\/i0.wp.com\/www.jazzzeitung.de\/cms\/wp-content\/uploads\/2017\/08\/image001.jpg?resize=350%2C200 1x, https:\/\/i0.wp.com\/www.jazzzeitung.de\/cms\/wp-content\/uploads\/2017\/08\/image001.jpg?resize=525%2C300 1.5x, https:\/\/i0.wp.com\/www.jazzzeitung.de\/cms\/wp-content\/uploads\/2017\/08\/image001.jpg?resize=700%2C400 2x, https:\/\/i0.wp.com\/www.jazzzeitung.de\/cms\/wp-content\/uploads\/2017\/08\/image001.jpg?resize=1050%2C600 3x"},"classes":[]},{"id":17432,"url":"https:\/\/www.jazzzeitung.de\/cms\/2018\/10\/news-jim-mullen-group-spielt-in-abensberg-3-tage-jazz-festival-2019-in-saalfelden\/","url_meta":{"origin":2375,"position":5},"title":"+++ News +++ 3 Tage Jazz Festival 2019 in Saalfelden +++ Jim Mullen Group spielt in Abensberg +++","author":"Redaktion JazzZeitung","date":"12. Oktober 2018","format":false,"excerpt":"+++ 3 Tage Jazz Festival 2019 in Saalfelden +++ Im Gegensatz zum Saalfeldener Sommerfestival ist das 3 Tage Jazz Festival in Saalfelden ein kleineres Musikfest, das vom 18. bis 20. Januar 2019, also im tiefsten Winter, inmitten des Salzburger Innergebirgs stattfindet. Bei den aufgestockten neun Konzerten auf drei B\u00fchnen stehen\u2026","rel":"","context":"In &quot;News&quot;","block_context":{"text":"News","link":"https:\/\/www.jazzzeitung.de\/cms\/thema\/nachrichten\/"},"img":{"alt_text":"","src":"https:\/\/i0.wp.com\/www.jazzzeitung.de\/cms\/wp-content\/uploads\/2018\/10\/Duo_by_Eric_Legret.jpeg?fit=921%2C768&ssl=1&resize=350%2C200","width":350,"height":200,"srcset":"https:\/\/i0.wp.com\/www.jazzzeitung.de\/cms\/wp-content\/uploads\/2018\/10\/Duo_by_Eric_Legret.jpeg?fit=921%2C768&ssl=1&resize=350%2C200 1x, https:\/\/i0.wp.com\/www.jazzzeitung.de\/cms\/wp-content\/uploads\/2018\/10\/Duo_by_Eric_Legret.jpeg?fit=921%2C768&ssl=1&resize=525%2C300 1.5x, https:\/\/i0.wp.com\/www.jazzzeitung.de\/cms\/wp-content\/uploads\/2018\/10\/Duo_by_Eric_Legret.jpeg?fit=921%2C768&ssl=1&resize=700%2C400 2x"},"classes":[]}],"jetpack_sharing_enabled":true,"_links":{"self":[{"href":"https:\/\/www.jazzzeitung.de\/cms\/wp-json\/wp\/v2\/posts\/2375","targetHints":{"allow":["GET"]}}],"collection":[{"href":"https:\/\/www.jazzzeitung.de\/cms\/wp-json\/wp\/v2\/posts"}],"about":[{"href":"https:\/\/www.jazzzeitung.de\/cms\/wp-json\/wp\/v2\/types\/post"}],"author":[{"embeddable":true,"href":"https:\/\/www.jazzzeitung.de\/cms\/wp-json\/wp\/v2\/users\/18"}],"replies":[{"embeddable":true,"href":"https:\/\/www.jazzzeitung.de\/cms\/wp-json\/wp\/v2\/comments?post=2375"}],"version-history":[{"count":4,"href":"https:\/\/www.jazzzeitung.de\/cms\/wp-json\/wp\/v2\/posts\/2375\/revisions"}],"predecessor-version":[{"id":2382,"href":"https:\/\/www.jazzzeitung.de\/cms\/wp-json\/wp\/v2\/posts\/2375\/revisions\/2382"}],"wp:attachment":[{"href":"https:\/\/www.jazzzeitung.de\/cms\/wp-json\/wp\/v2\/media?parent=2375"}],"wp:term":[{"taxonomy":"category","embeddable":true,"href":"https:\/\/www.jazzzeitung.de\/cms\/wp-json\/wp\/v2\/categories?post=2375"},{"taxonomy":"post_tag","embeddable":true,"href":"https:\/\/www.jazzzeitung.de\/cms\/wp-json\/wp\/v2\/tags?post=2375"},{"taxonomy":"author","embeddable":true,"href":"https:\/\/www.jazzzeitung.de\/cms\/wp-json\/wp\/v2\/coauthors?post=2375"}],"curies":[{"name":"wp","href":"https:\/\/api.w.org\/{rel}","templated":true}]}}