{"id":23689,"date":"2020-10-28T10:24:37","date_gmt":"2020-10-28T09:24:37","guid":{"rendered":"https:\/\/www.jazzzeitung.de\/cms\/?p=23689"},"modified":"2020-10-28T10:24:37","modified_gmt":"2020-10-28T09:24:37","slug":"deutsche-jazzunion-warnt-vor-folgen-von-veranstaltungsverbot-ohne-kompensation-fuer-kulturschaffende","status":"publish","type":"post","link":"https:\/\/www.jazzzeitung.de\/cms\/2020\/10\/deutsche-jazzunion-warnt-vor-folgen-von-veranstaltungsverbot-ohne-kompensation-fuer-kulturschaffende\/","title":{"rendered":"+++ Deutsche Jazzunion warnt vor Folgen von Veranstaltungsverbot ohne Kompensation f\u00fcr Kulturschaffende +++"},"content":{"rendered":"<h2>+++ Und wir schlie\u00dfen uns an! +++<\/h2>\n<p>+++ Deutsche Jazzunion fordert Bundesregierung zu Augenma\u00df bei neuen Coronama\u00dfnahmen auf<br \/>\n+++ Neuser: \u201eErneuter Lockdown im Kulturbereich w\u00e4re kaum zu verkraften!\u201c<br \/>\n+++ Einnahmeausf\u00e4lle m\u00fcssen f\u00fcr Kunst- und Kulturschaffende kompensiert werden<\/p>\n<p>Berlin, 28.10.2020 | Die Deutsche Jazzunion richtet gemeinsam mit vielen anderen Bundesverb\u00e4nden einen dringenden Appell an die Bundesregierung, bei den weiteren Versch\u00e4rfungen der Corona-Ma\u00dfnahmen die teils drastischen Auswirkungen f\u00fcr den Kulturbereich im Auge zu behalten. Am heutigen Mittwoch werden nach Gespr\u00e4chen zwischen Bundeskanzlerin Angela Merkel und den Ministerpr\u00e4sident*innen der L\u00e4nder weitere Vorgaben zur Eind\u00e4mmung des Infektionsgeschehens erwartet.<\/p>\n<p><strong>Nikolaus Neuser,<\/strong> Vorsitzender der Deutschen Jazzunion<em>. \u201eEin erneuter Lockdown im Kulturbereich wird f\u00fcr die allermeisten Kolleg<\/em><em>innen im Jazz- wie auch in anderen Kunstbereichen kaum zu verkraften sein. Viele stehen schon jetzt aufgrund der seit M\u00e4rz bestehenden Einschr\u00e4nkungen und fehlender staatlicher Unterst\u00fctzung \u2013 Stichwort Unternehmer<\/em>innenlohn \u2013 vor dem Ruin. Konzerte und andere f\u00fcr eine freiheitlich-demokratische Gesellschaft unverzichtbare Kulturveranstaltungen m\u00fcssen von der Politik angemessen behandelt werden. Sollten Veranstaltungen trotz durchdachter Hygienekonzepte untersagt werden m\u00fcssen, so darf dies nicht auf dem R\u00fccken der Kunst- und Kulturschaffenden ausgetragen werden!\u201c<\/p>\n<p>Auch andere Verb\u00e4nde haben die Politik aufgefordert, weitere Ma\u00dfnahmen zum Gesundheitsschutz mit Augenma\u00df zu beraten. Aus Sicht des Deutschen Musikrates machen Ma\u00dfnahmen wie der Verkauf von reduzierten Ticketkontingenten, die Verpflichtung zum Tragen eines Mund-Nase-Schutzes sowie Wegeleitsysteme und definierte Zeitfenster mit k\u00fcrzeren Programmen Kulturorte zu \u201evergleichsweise sicheren R\u00e4umen\u201c. Der Deutsche Kulturrat forderte die Bundesregierung auf, im Falle eines nochmaligen Lockdowns entstehende Einnahmeausf\u00e4lle f\u00fcr Kulturschaffende zu kompensieren.<\/p>\n<p><strong>Weitere Informationen: <\/strong><a href=\"https:\/\/deutsche-jazzunion.us17.list-manage.com\/track\/click?u=58be787bba4617a28b00e04d0&amp;id=762117aeda&amp;e=7b429f2807\">www.deutsche-jazzunion.de<\/a><\/p>\n","protected":false},"excerpt":{"rendered":"<p>+++ Und wir schlie\u00dfen uns an! +++ +++ Deutsche Jazzunion fordert Bundesregierung zu Augenma\u00df bei neuen Coronama\u00dfnahmen auf +++ Neuser: \u201eErneuter Lockdown im Kulturbereich w\u00e4re kaum zu verkraften!\u201c +++ Einnahmeausf\u00e4lle m\u00fcssen f\u00fcr Kunst- und Kulturschaffende kompensiert werden Berlin, 28.10.2020 | Die Deutsche Jazzunion richtet gemeinsam mit vielen anderen Bundesverb\u00e4nden einen dringenden Appell an die Bundesregierung, bei den weiteren Versch\u00e4rfungen der Corona-Ma\u00dfnahmen die teils drastischen Auswirkungen f\u00fcr den Kulturbereich im Auge zu behalten. Am heutigen Mittwoch werden nach Gespr\u00e4chen zwischen Bundeskanzlerin Angela Merkel und den Ministerpr\u00e4sident*innen der L\u00e4nder weitere Vorgaben zur Eind\u00e4mmung des Infektionsgeschehens erwartet. Nikolaus Neuser, Vorsitzender der Deutschen Jazzunion. \u201eEin erneuter Lockdown im Kulturbereich wird f\u00fcr die allermeisten Kolleginnen im Jazz- wie auch in anderen Kunstbereichen kaum zu verkraften sein. Viele stehen schon jetzt aufgrund der seit M\u00e4rz bestehenden Einschr\u00e4nkungen und fehlender staatlicher Unterst\u00fctzung \u2013 Stichwort Unternehmerinnenlohn \u2013 vor dem Ruin. Konzerte und andere f\u00fcr eine freiheitlich-demokratische Gesellschaft unverzichtbare Kulturveranstaltungen m\u00fcssen von der Politik angemessen behandelt werden. Sollten Veranstaltungen trotz durchdachter Hygienekonzepte untersagt werden m\u00fcssen, so darf dies nicht auf dem R\u00fccken der Kunst- und Kulturschaffenden ausgetragen werden!\u201c Auch andere Verb\u00e4nde haben die Politik &hellip;<\/p>\n","protected":false},"author":18,"featured_media":23690,"comment_status":"open","ping_status":"closed","sticky":false,"template":"","format":"standard","meta":{"_jetpack_memberships_contains_paid_content":false,"footnotes":"","jetpack_publicize_message":"","jetpack_publicize_feature_enabled":true,"jetpack_social_post_already_shared":false,"jetpack_social_options":{"image_generator_settings":{"template":"highway","default_image_id":0,"font":"","enabled":false},"version":2}},"categories":[633],"tags":[2445,2911,3236,1303],"coauthors":[695],"class_list":["post-23689","post","type-post","status-publish","format-standard","has-post-thumbnail","hentry","category-nachrichten","tag-deutsche-jazzunion","tag-dju","tag-nein-zum-lockdown","tag-nikolaus-neuser"],"yoast_head":"<!-- This site is optimized with the Yoast SEO plugin v27.5 - https:\/\/yoast.com\/product\/yoast-seo-wordpress\/ -->\n<title>+++ Deutsche Jazzunion warnt vor Folgen von Veranstaltungsverbot ohne Kompensation f\u00fcr Kulturschaffende +++ - JazzZeitung<\/title>\n<meta name=\"robots\" content=\"index, follow, max-snippet:-1, max-image-preview:large, max-video-preview:-1\" \/>\n<link rel=\"canonical\" href=\"https:\/\/www.jazzzeitung.de\/cms\/2020\/10\/deutsche-jazzunion-warnt-vor-folgen-von-veranstaltungsverbot-ohne-kompensation-fuer-kulturschaffende\/\" \/>\n<meta property=\"og:locale\" content=\"de_DE\" \/>\n<meta property=\"og:type\" content=\"article\" \/>\n<meta property=\"og:title\" content=\"+++ Deutsche Jazzunion warnt vor Folgen von Veranstaltungsverbot ohne Kompensation f\u00fcr Kulturschaffende +++ - JazzZeitung\" \/>\n<meta property=\"og:description\" content=\"+++ Und wir schlie\u00dfen uns an! +++ +++ Deutsche Jazzunion fordert Bundesregierung zu Augenma\u00df bei neuen Coronama\u00dfnahmen auf +++ Neuser: \u201eErneuter Lockdown im Kulturbereich w\u00e4re kaum zu verkraften!\u201c +++ Einnahmeausf\u00e4lle m\u00fcssen f\u00fcr Kunst- und Kulturschaffende kompensiert werden Berlin, 28.10.2020 | Die Deutsche Jazzunion richtet gemeinsam mit vielen anderen Bundesverb\u00e4nden einen dringenden Appell an die Bundesregierung, bei den weiteren Versch\u00e4rfungen der Corona-Ma\u00dfnahmen die teils drastischen Auswirkungen f\u00fcr den Kulturbereich im Auge zu behalten. Am heutigen Mittwoch werden nach Gespr\u00e4chen zwischen Bundeskanzlerin Angela Merkel und den Ministerpr\u00e4sident*innen der L\u00e4nder weitere Vorgaben zur Eind\u00e4mmung des Infektionsgeschehens erwartet. Nikolaus Neuser, Vorsitzender der Deutschen Jazzunion. \u201eEin erneuter Lockdown im Kulturbereich wird f\u00fcr die allermeisten Kolleginnen im Jazz- wie auch in anderen Kunstbereichen kaum zu verkraften sein. Viele stehen schon jetzt aufgrund der seit M\u00e4rz bestehenden Einschr\u00e4nkungen und fehlender staatlicher Unterst\u00fctzung \u2013 Stichwort Unternehmerinnenlohn \u2013 vor dem Ruin. Konzerte und andere f\u00fcr eine freiheitlich-demokratische Gesellschaft unverzichtbare Kulturveranstaltungen m\u00fcssen von der Politik angemessen behandelt werden. Sollten Veranstaltungen trotz durchdachter Hygienekonzepte untersagt werden m\u00fcssen, so darf dies nicht auf dem R\u00fccken der Kunst- und Kulturschaffenden ausgetragen werden!\u201c Auch andere Verb\u00e4nde haben die Politik &hellip;\" \/>\n<meta property=\"og:url\" content=\"https:\/\/www.jazzzeitung.de\/cms\/2020\/10\/deutsche-jazzunion-warnt-vor-folgen-von-veranstaltungsverbot-ohne-kompensation-fuer-kulturschaffende\/\" \/>\n<meta property=\"og:site_name\" content=\"JazzZeitung\" \/>\n<meta property=\"article:publisher\" content=\"https:\/\/www.facebook.com\/JazzZeitung\/\" \/>\n<meta property=\"article:published_time\" content=\"2020-10-28T09:24:37+00:00\" \/>\n<meta property=\"og:image\" content=\"https:\/\/i0.wp.com\/www.jazzzeitung.de\/cms\/wp-content\/uploads\/2020\/10\/jazz-199547_1920-3.jpg?fit=1920%2C1280&ssl=1\" \/>\n\t<meta property=\"og:image:width\" content=\"1920\" \/>\n\t<meta property=\"og:image:height\" content=\"1280\" \/>\n\t<meta property=\"og:image:type\" content=\"image\/jpeg\" \/>\n<meta name=\"author\" content=\"Redaktion JazzZeitung\" \/>\n<script type=\"application\/ld+json\" class=\"yoast-schema-graph\">{\"@context\":\"https:\\\/\\\/schema.org\",\"@graph\":[{\"@type\":\"Article\",\"@id\":\"https:\\\/\\\/www.jazzzeitung.de\\\/cms\\\/2020\\\/10\\\/deutsche-jazzunion-warnt-vor-folgen-von-veranstaltungsverbot-ohne-kompensation-fuer-kulturschaffende\\\/#article\",\"isPartOf\":{\"@id\":\"https:\\\/\\\/www.jazzzeitung.de\\\/cms\\\/2020\\\/10\\\/deutsche-jazzunion-warnt-vor-folgen-von-veranstaltungsverbot-ohne-kompensation-fuer-kulturschaffende\\\/\"},\"author\":{\"name\":\"Redaktion JazzZeitung\",\"@id\":\"https:\\\/\\\/www.jazzzeitung.de\\\/cms\\\/#\\\/schema\\\/person\\\/2245b36b9cd1d24cea10f01c031fb92b\"},\"headline\":\"+++ Deutsche Jazzunion warnt vor Folgen von Veranstaltungsverbot ohne Kompensation f\u00fcr Kulturschaffende +++\",\"datePublished\":\"2020-10-28T09:24:37+00:00\",\"mainEntityOfPage\":{\"@id\":\"https:\\\/\\\/www.jazzzeitung.de\\\/cms\\\/2020\\\/10\\\/deutsche-jazzunion-warnt-vor-folgen-von-veranstaltungsverbot-ohne-kompensation-fuer-kulturschaffende\\\/\"},\"wordCount\":283,\"commentCount\":0,\"publisher\":{\"@id\":\"https:\\\/\\\/www.jazzzeitung.de\\\/cms\\\/#organization\"},\"image\":{\"@id\":\"https:\\\/\\\/www.jazzzeitung.de\\\/cms\\\/2020\\\/10\\\/deutsche-jazzunion-warnt-vor-folgen-von-veranstaltungsverbot-ohne-kompensation-fuer-kulturschaffende\\\/#primaryimage\"},\"thumbnailUrl\":\"https:\\\/\\\/i0.wp.com\\\/www.jazzzeitung.de\\\/cms\\\/wp-content\\\/uploads\\\/2020\\\/10\\\/jazz-199547_1920-3.jpg?fit=1920%2C1280&ssl=1\",\"keywords\":[\"Deutsche Jazzunion\",\"DJU\",\"Nein zum Lockdown\",\"Nikolaus Neuser\"],\"articleSection\":[\"News\"],\"inLanguage\":\"de\",\"potentialAction\":[{\"@type\":\"CommentAction\",\"name\":\"Comment\",\"target\":[\"https:\\\/\\\/www.jazzzeitung.de\\\/cms\\\/2020\\\/10\\\/deutsche-jazzunion-warnt-vor-folgen-von-veranstaltungsverbot-ohne-kompensation-fuer-kulturschaffende\\\/#respond\"]}]},{\"@type\":\"WebPage\",\"@id\":\"https:\\\/\\\/www.jazzzeitung.de\\\/cms\\\/2020\\\/10\\\/deutsche-jazzunion-warnt-vor-folgen-von-veranstaltungsverbot-ohne-kompensation-fuer-kulturschaffende\\\/\",\"url\":\"https:\\\/\\\/www.jazzzeitung.de\\\/cms\\\/2020\\\/10\\\/deutsche-jazzunion-warnt-vor-folgen-von-veranstaltungsverbot-ohne-kompensation-fuer-kulturschaffende\\\/\",\"name\":\"+++ Deutsche Jazzunion warnt vor Folgen von Veranstaltungsverbot ohne Kompensation f\u00fcr Kulturschaffende +++ - JazzZeitung\",\"isPartOf\":{\"@id\":\"https:\\\/\\\/www.jazzzeitung.de\\\/cms\\\/#website\"},\"primaryImageOfPage\":{\"@id\":\"https:\\\/\\\/www.jazzzeitung.de\\\/cms\\\/2020\\\/10\\\/deutsche-jazzunion-warnt-vor-folgen-von-veranstaltungsverbot-ohne-kompensation-fuer-kulturschaffende\\\/#primaryimage\"},\"image\":{\"@id\":\"https:\\\/\\\/www.jazzzeitung.de\\\/cms\\\/2020\\\/10\\\/deutsche-jazzunion-warnt-vor-folgen-von-veranstaltungsverbot-ohne-kompensation-fuer-kulturschaffende\\\/#primaryimage\"},\"thumbnailUrl\":\"https:\\\/\\\/i0.wp.com\\\/www.jazzzeitung.de\\\/cms\\\/wp-content\\\/uploads\\\/2020\\\/10\\\/jazz-199547_1920-3.jpg?fit=1920%2C1280&ssl=1\",\"datePublished\":\"2020-10-28T09:24:37+00:00\",\"breadcrumb\":{\"@id\":\"https:\\\/\\\/www.jazzzeitung.de\\\/cms\\\/2020\\\/10\\\/deutsche-jazzunion-warnt-vor-folgen-von-veranstaltungsverbot-ohne-kompensation-fuer-kulturschaffende\\\/#breadcrumb\"},\"inLanguage\":\"de\",\"potentialAction\":[{\"@type\":\"ReadAction\",\"target\":[\"https:\\\/\\\/www.jazzzeitung.de\\\/cms\\\/2020\\\/10\\\/deutsche-jazzunion-warnt-vor-folgen-von-veranstaltungsverbot-ohne-kompensation-fuer-kulturschaffende\\\/\"]}]},{\"@type\":\"ImageObject\",\"inLanguage\":\"de\",\"@id\":\"https:\\\/\\\/www.jazzzeitung.de\\\/cms\\\/2020\\\/10\\\/deutsche-jazzunion-warnt-vor-folgen-von-veranstaltungsverbot-ohne-kompensation-fuer-kulturschaffende\\\/#primaryimage\",\"url\":\"https:\\\/\\\/i0.wp.com\\\/www.jazzzeitung.de\\\/cms\\\/wp-content\\\/uploads\\\/2020\\\/10\\\/jazz-199547_1920-3.jpg?fit=1920%2C1280&ssl=1\",\"contentUrl\":\"https:\\\/\\\/i0.wp.com\\\/www.jazzzeitung.de\\\/cms\\\/wp-content\\\/uploads\\\/2020\\\/10\\\/jazz-199547_1920-3.jpg?fit=1920%2C1280&ssl=1\",\"width\":1920,\"height\":1280},{\"@type\":\"BreadcrumbList\",\"@id\":\"https:\\\/\\\/www.jazzzeitung.de\\\/cms\\\/2020\\\/10\\\/deutsche-jazzunion-warnt-vor-folgen-von-veranstaltungsverbot-ohne-kompensation-fuer-kulturschaffende\\\/#breadcrumb\",\"itemListElement\":[{\"@type\":\"ListItem\",\"position\":1,\"name\":\"Startseite\",\"item\":\"https:\\\/\\\/www.jazzzeitung.de\\\/cms\\\/\"},{\"@type\":\"ListItem\",\"position\":2,\"name\":\"+++ Deutsche Jazzunion warnt vor Folgen von Veranstaltungsverbot ohne Kompensation f\u00fcr Kulturschaffende +++\"}]},{\"@type\":\"WebSite\",\"@id\":\"https:\\\/\\\/www.jazzzeitung.de\\\/cms\\\/#website\",\"url\":\"https:\\\/\\\/www.jazzzeitung.de\\\/cms\\\/\",\"name\":\"JazzZeitung\",\"description\":\"Jazz-News und Jazz-Kontroverses\",\"publisher\":{\"@id\":\"https:\\\/\\\/www.jazzzeitung.de\\\/cms\\\/#organization\"},\"potentialAction\":[{\"@type\":\"SearchAction\",\"target\":{\"@type\":\"EntryPoint\",\"urlTemplate\":\"https:\\\/\\\/www.jazzzeitung.de\\\/cms\\\/?s={search_term_string}\"},\"query-input\":{\"@type\":\"PropertyValueSpecification\",\"valueRequired\":true,\"valueName\":\"search_term_string\"}}],\"inLanguage\":\"de\"},{\"@type\":\"Organization\",\"@id\":\"https:\\\/\\\/www.jazzzeitung.de\\\/cms\\\/#organization\",\"name\":\"JazzZeitung online\",\"url\":\"https:\\\/\\\/www.jazzzeitung.de\\\/cms\\\/\",\"logo\":{\"@type\":\"ImageObject\",\"inLanguage\":\"de\",\"@id\":\"https:\\\/\\\/www.jazzzeitung.de\\\/cms\\\/#\\\/schema\\\/logo\\\/image\\\/\",\"url\":\"https:\\\/\\\/i0.wp.com\\\/www.jazzzeitung.de\\\/cms\\\/wp-content\\\/uploads\\\/2015\\\/08\\\/JAZZZEITUNGDE_Logo_Neu.png?fit=499%2C200&ssl=1\",\"contentUrl\":\"https:\\\/\\\/i0.wp.com\\\/www.jazzzeitung.de\\\/cms\\\/wp-content\\\/uploads\\\/2015\\\/08\\\/JAZZZEITUNGDE_Logo_Neu.png?fit=499%2C200&ssl=1\",\"width\":499,\"height\":200,\"caption\":\"JazzZeitung online\"},\"image\":{\"@id\":\"https:\\\/\\\/www.jazzzeitung.de\\\/cms\\\/#\\\/schema\\\/logo\\\/image\\\/\"},\"sameAs\":[\"https:\\\/\\\/www.facebook.com\\\/JazzZeitung\\\/\"]},{\"@type\":\"Person\",\"@id\":\"https:\\\/\\\/www.jazzzeitung.de\\\/cms\\\/#\\\/schema\\\/person\\\/2245b36b9cd1d24cea10f01c031fb92b\",\"name\":\"Redaktion JazzZeitung\",\"image\":{\"@type\":\"ImageObject\",\"inLanguage\":\"de\",\"@id\":\"https:\\\/\\\/i0.wp.com\\\/www.jazzzeitung.de\\\/cms\\\/wp-content\\\/uploads\\\/2015\\\/08\\\/JAZZZEITUNGDE_Logo_Neu.png?resize=96%2C96&ssl=159975dcacb611b5700bd619b5daf0a7a\",\"url\":\"https:\\\/\\\/i0.wp.com\\\/www.jazzzeitung.de\\\/cms\\\/wp-content\\\/uploads\\\/2015\\\/08\\\/JAZZZEITUNGDE_Logo_Neu.png?resize=96%2C96&ssl=1\",\"contentUrl\":\"https:\\\/\\\/i0.wp.com\\\/www.jazzzeitung.de\\\/cms\\\/wp-content\\\/uploads\\\/2015\\\/08\\\/JAZZZEITUNGDE_Logo_Neu.png?resize=96%2C96&ssl=1\",\"caption\":\"Redaktion JazzZeitung\"},\"description\":\"Artikel der Redaktion der JazzZeitung.\",\"sameAs\":[\"http:\\\/\\\/www.jazzzeitung.de\\\/cms\\\/\"],\"url\":\"https:\\\/\\\/www.jazzzeitung.de\\\/cms\\\/author\\\/redaktion\\\/\"}]}<\/script>\n<!-- \/ Yoast SEO plugin. -->","yoast_head_json":{"title":"+++ Deutsche Jazzunion warnt vor Folgen von Veranstaltungsverbot ohne Kompensation f\u00fcr Kulturschaffende +++ - JazzZeitung","robots":{"index":"index","follow":"follow","max-snippet":"max-snippet:-1","max-image-preview":"max-image-preview:large","max-video-preview":"max-video-preview:-1"},"canonical":"https:\/\/www.jazzzeitung.de\/cms\/2020\/10\/deutsche-jazzunion-warnt-vor-folgen-von-veranstaltungsverbot-ohne-kompensation-fuer-kulturschaffende\/","og_locale":"de_DE","og_type":"article","og_title":"+++ Deutsche Jazzunion warnt vor Folgen von Veranstaltungsverbot ohne Kompensation f\u00fcr Kulturschaffende +++ - JazzZeitung","og_description":"+++ Und wir schlie\u00dfen uns an! +++ +++ Deutsche Jazzunion fordert Bundesregierung zu Augenma\u00df bei neuen Coronama\u00dfnahmen auf +++ Neuser: \u201eErneuter Lockdown im Kulturbereich w\u00e4re kaum zu verkraften!\u201c +++ Einnahmeausf\u00e4lle m\u00fcssen f\u00fcr Kunst- und Kulturschaffende kompensiert werden Berlin, 28.10.2020 | Die Deutsche Jazzunion richtet gemeinsam mit vielen anderen Bundesverb\u00e4nden einen dringenden Appell an die Bundesregierung, bei den weiteren Versch\u00e4rfungen der Corona-Ma\u00dfnahmen die teils drastischen Auswirkungen f\u00fcr den Kulturbereich im Auge zu behalten. Am heutigen Mittwoch werden nach Gespr\u00e4chen zwischen Bundeskanzlerin Angela Merkel und den Ministerpr\u00e4sident*innen der L\u00e4nder weitere Vorgaben zur Eind\u00e4mmung des Infektionsgeschehens erwartet. Nikolaus Neuser, Vorsitzender der Deutschen Jazzunion. \u201eEin erneuter Lockdown im Kulturbereich wird f\u00fcr die allermeisten Kolleginnen im Jazz- wie auch in anderen Kunstbereichen kaum zu verkraften sein. Viele stehen schon jetzt aufgrund der seit M\u00e4rz bestehenden Einschr\u00e4nkungen und fehlender staatlicher Unterst\u00fctzung \u2013 Stichwort Unternehmerinnenlohn \u2013 vor dem Ruin. Konzerte und andere f\u00fcr eine freiheitlich-demokratische Gesellschaft unverzichtbare Kulturveranstaltungen m\u00fcssen von der Politik angemessen behandelt werden. Sollten Veranstaltungen trotz durchdachter Hygienekonzepte untersagt werden m\u00fcssen, so darf dies nicht auf dem R\u00fccken der Kunst- und Kulturschaffenden ausgetragen werden!\u201c Auch andere Verb\u00e4nde haben die Politik &hellip;","og_url":"https:\/\/www.jazzzeitung.de\/cms\/2020\/10\/deutsche-jazzunion-warnt-vor-folgen-von-veranstaltungsverbot-ohne-kompensation-fuer-kulturschaffende\/","og_site_name":"JazzZeitung","article_publisher":"https:\/\/www.facebook.com\/JazzZeitung\/","article_published_time":"2020-10-28T09:24:37+00:00","og_image":[{"width":1920,"height":1280,"url":"https:\/\/i0.wp.com\/www.jazzzeitung.de\/cms\/wp-content\/uploads\/2020\/10\/jazz-199547_1920-3.jpg?fit=1920%2C1280&ssl=1","type":"image\/jpeg"}],"author":"Redaktion JazzZeitung","schema":{"@context":"https:\/\/schema.org","@graph":[{"@type":"Article","@id":"https:\/\/www.jazzzeitung.de\/cms\/2020\/10\/deutsche-jazzunion-warnt-vor-folgen-von-veranstaltungsverbot-ohne-kompensation-fuer-kulturschaffende\/#article","isPartOf":{"@id":"https:\/\/www.jazzzeitung.de\/cms\/2020\/10\/deutsche-jazzunion-warnt-vor-folgen-von-veranstaltungsverbot-ohne-kompensation-fuer-kulturschaffende\/"},"author":{"name":"Redaktion JazzZeitung","@id":"https:\/\/www.jazzzeitung.de\/cms\/#\/schema\/person\/2245b36b9cd1d24cea10f01c031fb92b"},"headline":"+++ Deutsche Jazzunion warnt vor Folgen von Veranstaltungsverbot ohne Kompensation f\u00fcr Kulturschaffende +++","datePublished":"2020-10-28T09:24:37+00:00","mainEntityOfPage":{"@id":"https:\/\/www.jazzzeitung.de\/cms\/2020\/10\/deutsche-jazzunion-warnt-vor-folgen-von-veranstaltungsverbot-ohne-kompensation-fuer-kulturschaffende\/"},"wordCount":283,"commentCount":0,"publisher":{"@id":"https:\/\/www.jazzzeitung.de\/cms\/#organization"},"image":{"@id":"https:\/\/www.jazzzeitung.de\/cms\/2020\/10\/deutsche-jazzunion-warnt-vor-folgen-von-veranstaltungsverbot-ohne-kompensation-fuer-kulturschaffende\/#primaryimage"},"thumbnailUrl":"https:\/\/i0.wp.com\/www.jazzzeitung.de\/cms\/wp-content\/uploads\/2020\/10\/jazz-199547_1920-3.jpg?fit=1920%2C1280&ssl=1","keywords":["Deutsche Jazzunion","DJU","Nein zum Lockdown","Nikolaus Neuser"],"articleSection":["News"],"inLanguage":"de","potentialAction":[{"@type":"CommentAction","name":"Comment","target":["https:\/\/www.jazzzeitung.de\/cms\/2020\/10\/deutsche-jazzunion-warnt-vor-folgen-von-veranstaltungsverbot-ohne-kompensation-fuer-kulturschaffende\/#respond"]}]},{"@type":"WebPage","@id":"https:\/\/www.jazzzeitung.de\/cms\/2020\/10\/deutsche-jazzunion-warnt-vor-folgen-von-veranstaltungsverbot-ohne-kompensation-fuer-kulturschaffende\/","url":"https:\/\/www.jazzzeitung.de\/cms\/2020\/10\/deutsche-jazzunion-warnt-vor-folgen-von-veranstaltungsverbot-ohne-kompensation-fuer-kulturschaffende\/","name":"+++ Deutsche Jazzunion warnt vor Folgen von Veranstaltungsverbot ohne Kompensation f\u00fcr Kulturschaffende +++ - JazzZeitung","isPartOf":{"@id":"https:\/\/www.jazzzeitung.de\/cms\/#website"},"primaryImageOfPage":{"@id":"https:\/\/www.jazzzeitung.de\/cms\/2020\/10\/deutsche-jazzunion-warnt-vor-folgen-von-veranstaltungsverbot-ohne-kompensation-fuer-kulturschaffende\/#primaryimage"},"image":{"@id":"https:\/\/www.jazzzeitung.de\/cms\/2020\/10\/deutsche-jazzunion-warnt-vor-folgen-von-veranstaltungsverbot-ohne-kompensation-fuer-kulturschaffende\/#primaryimage"},"thumbnailUrl":"https:\/\/i0.wp.com\/www.jazzzeitung.de\/cms\/wp-content\/uploads\/2020\/10\/jazz-199547_1920-3.jpg?fit=1920%2C1280&ssl=1","datePublished":"2020-10-28T09:24:37+00:00","breadcrumb":{"@id":"https:\/\/www.jazzzeitung.de\/cms\/2020\/10\/deutsche-jazzunion-warnt-vor-folgen-von-veranstaltungsverbot-ohne-kompensation-fuer-kulturschaffende\/#breadcrumb"},"inLanguage":"de","potentialAction":[{"@type":"ReadAction","target":["https:\/\/www.jazzzeitung.de\/cms\/2020\/10\/deutsche-jazzunion-warnt-vor-folgen-von-veranstaltungsverbot-ohne-kompensation-fuer-kulturschaffende\/"]}]},{"@type":"ImageObject","inLanguage":"de","@id":"https:\/\/www.jazzzeitung.de\/cms\/2020\/10\/deutsche-jazzunion-warnt-vor-folgen-von-veranstaltungsverbot-ohne-kompensation-fuer-kulturschaffende\/#primaryimage","url":"https:\/\/i0.wp.com\/www.jazzzeitung.de\/cms\/wp-content\/uploads\/2020\/10\/jazz-199547_1920-3.jpg?fit=1920%2C1280&ssl=1","contentUrl":"https:\/\/i0.wp.com\/www.jazzzeitung.de\/cms\/wp-content\/uploads\/2020\/10\/jazz-199547_1920-3.jpg?fit=1920%2C1280&ssl=1","width":1920,"height":1280},{"@type":"BreadcrumbList","@id":"https:\/\/www.jazzzeitung.de\/cms\/2020\/10\/deutsche-jazzunion-warnt-vor-folgen-von-veranstaltungsverbot-ohne-kompensation-fuer-kulturschaffende\/#breadcrumb","itemListElement":[{"@type":"ListItem","position":1,"name":"Startseite","item":"https:\/\/www.jazzzeitung.de\/cms\/"},{"@type":"ListItem","position":2,"name":"+++ Deutsche Jazzunion warnt vor Folgen von Veranstaltungsverbot ohne Kompensation f\u00fcr Kulturschaffende +++"}]},{"@type":"WebSite","@id":"https:\/\/www.jazzzeitung.de\/cms\/#website","url":"https:\/\/www.jazzzeitung.de\/cms\/","name":"JazzZeitung","description":"Jazz-News und Jazz-Kontroverses","publisher":{"@id":"https:\/\/www.jazzzeitung.de\/cms\/#organization"},"potentialAction":[{"@type":"SearchAction","target":{"@type":"EntryPoint","urlTemplate":"https:\/\/www.jazzzeitung.de\/cms\/?s={search_term_string}"},"query-input":{"@type":"PropertyValueSpecification","valueRequired":true,"valueName":"search_term_string"}}],"inLanguage":"de"},{"@type":"Organization","@id":"https:\/\/www.jazzzeitung.de\/cms\/#organization","name":"JazzZeitung online","url":"https:\/\/www.jazzzeitung.de\/cms\/","logo":{"@type":"ImageObject","inLanguage":"de","@id":"https:\/\/www.jazzzeitung.de\/cms\/#\/schema\/logo\/image\/","url":"https:\/\/i0.wp.com\/www.jazzzeitung.de\/cms\/wp-content\/uploads\/2015\/08\/JAZZZEITUNGDE_Logo_Neu.png?fit=499%2C200&ssl=1","contentUrl":"https:\/\/i0.wp.com\/www.jazzzeitung.de\/cms\/wp-content\/uploads\/2015\/08\/JAZZZEITUNGDE_Logo_Neu.png?fit=499%2C200&ssl=1","width":499,"height":200,"caption":"JazzZeitung online"},"image":{"@id":"https:\/\/www.jazzzeitung.de\/cms\/#\/schema\/logo\/image\/"},"sameAs":["https:\/\/www.facebook.com\/JazzZeitung\/"]},{"@type":"Person","@id":"https:\/\/www.jazzzeitung.de\/cms\/#\/schema\/person\/2245b36b9cd1d24cea10f01c031fb92b","name":"Redaktion JazzZeitung","image":{"@type":"ImageObject","inLanguage":"de","@id":"https:\/\/i0.wp.com\/www.jazzzeitung.de\/cms\/wp-content\/uploads\/2015\/08\/JAZZZEITUNGDE_Logo_Neu.png?resize=96%2C96&ssl=159975dcacb611b5700bd619b5daf0a7a","url":"https:\/\/i0.wp.com\/www.jazzzeitung.de\/cms\/wp-content\/uploads\/2015\/08\/JAZZZEITUNGDE_Logo_Neu.png?resize=96%2C96&ssl=1","contentUrl":"https:\/\/i0.wp.com\/www.jazzzeitung.de\/cms\/wp-content\/uploads\/2015\/08\/JAZZZEITUNGDE_Logo_Neu.png?resize=96%2C96&ssl=1","caption":"Redaktion JazzZeitung"},"description":"Artikel der Redaktion der JazzZeitung.","sameAs":["http:\/\/www.jazzzeitung.de\/cms\/"],"url":"https:\/\/www.jazzzeitung.de\/cms\/author\/redaktion\/"}]}},"wp-worthy-pixel":{"ignored":false,"public":null,"server":null,"url":null},"wp-worthy-type":"normal","jetpack_publicize_connections":[],"cc_featured_image_caption":{"caption_text":"","source_text":"","source_url":""},"jetpack_featured_media_url":"https:\/\/i0.wp.com\/www.jazzzeitung.de\/cms\/wp-content\/uploads\/2020\/10\/jazz-199547_1920-3.jpg?fit=1920%2C1280&ssl=1","jetpack_shortlink":"https:\/\/wp.me\/p3KEcT-6a5","jetpack-related-posts":[{"id":22133,"url":"https:\/\/www.jazzzeitung.de\/cms\/2020\/03\/deutsche-jazzunion-existenz-vieler-jazzmusikerinnen-in-gefahr\/","url_meta":{"origin":23689,"position":0},"title":"Deutsche Jazzunion: Existenz vieler Jazzmusiker*innen in Gefahr","author":"Redaktion JazzZeitung","date":"12. M\u00e4rz 2020","format":false,"excerpt":"Wirtschaftliche Existenz vieler Jazzmusiker*innen durch Veranstaltungsabsagen wegen Coronavirus in Gefahr. Abgesagte Messen, geschlossene Konzerth\u00e4user und auf unbestimmte Zeit verschobene Veranstaltungen: Von den staatlichen Ma\u00dfnahmen gegen die Ausbreitung des neuartigen Coronavirus CoVid-19 in Deutschland sind nicht nur Gro\u00dfveranstaltungen betroffen, sondern auch unz\u00e4hlige Jazzspielst\u00e4tten wie Clubs und Kleinkunstb\u00fchnen. Gerade die \u00fcberwiegend freischaffenden\u2026","rel":"","context":"In &quot;News&quot;","block_context":{"text":"News","link":"https:\/\/www.jazzzeitung.de\/cms\/thema\/nachrichten\/"},"img":{"alt_text":"Logo der Deutschen Jazzunion","src":"https:\/\/i0.wp.com\/www.jazzzeitung.de\/cms\/wp-content\/uploads\/2019\/05\/DeutscheJazzunion.png?fit=811%2C456&ssl=1&resize=350%2C200","width":350,"height":200,"srcset":"https:\/\/i0.wp.com\/www.jazzzeitung.de\/cms\/wp-content\/uploads\/2019\/05\/DeutscheJazzunion.png?fit=811%2C456&ssl=1&resize=350%2C200 1x, https:\/\/i0.wp.com\/www.jazzzeitung.de\/cms\/wp-content\/uploads\/2019\/05\/DeutscheJazzunion.png?fit=811%2C456&ssl=1&resize=525%2C300 1.5x, https:\/\/i0.wp.com\/www.jazzzeitung.de\/cms\/wp-content\/uploads\/2019\/05\/DeutscheJazzunion.png?fit=811%2C456&ssl=1&resize=700%2C400 2x"},"classes":[]},{"id":23815,"url":"https:\/\/www.jazzzeitung.de\/cms\/2020\/11\/news-deutsche-jazzunion-mit-gender-studiedeutsche-jazzunion-und-allianz-der-freien-kuenste-fordern-unternehmerinnenlohn-und-ausweitung-der-novemberhilfe\/","url_meta":{"origin":23689,"position":1},"title":"News: +++ Deutsche Jazzunion mit Gender-Studie +++ Unternehmer*innenlohn und Ausweitung der Novemberhilfe gefordert +++","author":"Redaktion JazzZeitung","date":"13. November 2020","format":false,"excerpt":"Neue Publikation zur Geschlechtergerechtigkeit im Jazz Es ist es soweit: Die Publikation \u201eGender.Macht.Musik. Geschlechtergerechtigkeit im Jazz\u201c der Deutschen Jazzunion als Download erh\u00e4ltlich. Mit geschlechtsspezifischen Nachauswertungen der jazzstudie2016 und der Mitgliederumfrage 2018 der Deutschen Jazzunion will die Publikation wichtige Einblicke in die aktuelle Situation von Geschlechtergerechtigkeit in der deutschen Jazzlandschaft geben.\u2026","rel":"","context":"In &quot;News&quot;","block_context":{"text":"News","link":"https:\/\/www.jazzzeitung.de\/cms\/thema\/nachrichten\/"},"img":{"alt_text":"Gender Macht Musik.","src":"https:\/\/i0.wp.com\/www.jazzzeitung.de\/cms\/wp-content\/uploads\/2020\/11\/GENDER.MACHT_.MUSIK_-scaled.jpg?fit=848%2C1200&ssl=1&resize=350%2C200","width":350,"height":200,"srcset":"https:\/\/i0.wp.com\/www.jazzzeitung.de\/cms\/wp-content\/uploads\/2020\/11\/GENDER.MACHT_.MUSIK_-scaled.jpg?fit=848%2C1200&ssl=1&resize=350%2C200 1x, https:\/\/i0.wp.com\/www.jazzzeitung.de\/cms\/wp-content\/uploads\/2020\/11\/GENDER.MACHT_.MUSIK_-scaled.jpg?fit=848%2C1200&ssl=1&resize=525%2C300 1.5x, https:\/\/i0.wp.com\/www.jazzzeitung.de\/cms\/wp-content\/uploads\/2020\/11\/GENDER.MACHT_.MUSIK_-scaled.jpg?fit=848%2C1200&ssl=1&resize=700%2C400 2x"},"classes":[]},{"id":19583,"url":"https:\/\/www.jazzzeitung.de\/cms\/2019\/05\/union-deutscher-jazzmusiker-udj-in-deutsche-jazzunion-umbenannt\/","url_meta":{"origin":23689,"position":2},"title":"\u201eUnion Deutscher Jazzmusiker\u201c (UDJ) in \u201eDeutsche Jazzunion\u201c umbenannt","author":"Redaktion JazzZeitung","date":"27. Mai 2019","format":false,"excerpt":"Berlin, 27.05.2019 | Die Interessenvertretung der Jazzmusikerinnen und -musiker in Deutschland hat einen neuen Namen. Die Mitglieder des 1973 gegr\u00fcndeten Verbands beschlossen auf ihrer Mitgliederversammlung in Bremen, den Namen \u201eUnion Deutscher Jazzmusiker\u201c in \u201eDeutsche Jazzunion\u201c zu \u00e4ndern. Mit der Namens\u00e4nderung will der Verband als Sprachrohr der Jazzmusiker*innen in Deutschland der\u2026","rel":"","context":"In &quot;News&quot;","block_context":{"text":"News","link":"https:\/\/www.jazzzeitung.de\/cms\/thema\/nachrichten\/"},"img":{"alt_text":"Logo der Deutschen Jazzunion","src":"https:\/\/i0.wp.com\/www.jazzzeitung.de\/cms\/wp-content\/uploads\/2019\/05\/DeutscheJazzunion.png?fit=811%2C456&ssl=1&resize=350%2C200","width":350,"height":200,"srcset":"https:\/\/i0.wp.com\/www.jazzzeitung.de\/cms\/wp-content\/uploads\/2019\/05\/DeutscheJazzunion.png?fit=811%2C456&ssl=1&resize=350%2C200 1x, https:\/\/i0.wp.com\/www.jazzzeitung.de\/cms\/wp-content\/uploads\/2019\/05\/DeutscheJazzunion.png?fit=811%2C456&ssl=1&resize=525%2C300 1.5x, https:\/\/i0.wp.com\/www.jazzzeitung.de\/cms\/wp-content\/uploads\/2019\/05\/DeutscheJazzunion.png?fit=811%2C456&ssl=1&resize=700%2C400 2x"},"classes":[]},{"id":31413,"url":"https:\/\/www.jazzzeitung.de\/cms\/2024\/07\/bkm-haushaltsentwurf-2025-deutsche-jazzunion-fordert-nachbesserungen\/","url_meta":{"origin":23689,"position":3},"title":"BKM Haushaltsentwurf 2025 \u2013 Deutsche Jazzunion fordert Nachbesserungen","author":"Redaktion JazzZeitung","date":"26. Juli 2024","format":false,"excerpt":"Am 17. Juli 2024 hat das Bundeskabinett den Entwurf f\u00fcr den Bundeshaushalt 2025 beschlossen. Darin enthalten sind auch die Planungen der Bundesbeauftragten f\u00fcr Kultur und Medien (BKM) und damit f\u00fcr den Bereich Jazz und Improvisierte Musik. W\u00e4hrend das Gesamtbudget des BKMs erfreulicherweise Aufw\u00fcchse erf\u00e4hrt, sind massive K\u00fcrzungen f\u00fcr die Musik\u2026","rel":"","context":"In &quot;News&quot;","block_context":{"text":"News","link":"https:\/\/www.jazzzeitung.de\/cms\/thema\/nachrichten\/"},"img":{"alt_text":"Logo der Deutschen Jazzunion","src":"https:\/\/i0.wp.com\/www.jazzzeitung.de\/cms\/wp-content\/uploads\/2019\/05\/DeutscheJazzunion.png?fit=811%2C456&ssl=1&resize=350%2C200","width":350,"height":200,"srcset":"https:\/\/i0.wp.com\/www.jazzzeitung.de\/cms\/wp-content\/uploads\/2019\/05\/DeutscheJazzunion.png?fit=811%2C456&ssl=1&resize=350%2C200 1x, https:\/\/i0.wp.com\/www.jazzzeitung.de\/cms\/wp-content\/uploads\/2019\/05\/DeutscheJazzunion.png?fit=811%2C456&ssl=1&resize=525%2C300 1.5x, https:\/\/i0.wp.com\/www.jazzzeitung.de\/cms\/wp-content\/uploads\/2019\/05\/DeutscheJazzunion.png?fit=811%2C456&ssl=1&resize=700%2C400 2x"},"classes":[]},{"id":23646,"url":"https:\/\/www.jazzzeitung.de\/cms\/2020\/10\/jazz-now-2020-25-jazzforum-der-deutschen-jazzunion-fand-trotz-corona-pandemie-in-leipzig-statt\/","url_meta":{"origin":23689,"position":4},"title":"Jazz Now! 2020: 25. Jazzforum der Deutschen Jazzunion fand trotz Corona-Pandemie in Leipzig statt","author":"Redaktion JazzZeitung","date":"19. Oktober 2020","format":false,"excerpt":"Trotz den Corona-Einschr\u00e4nkungen hat die Deutsche Jazzunion an den vergangenen zwei Tagen ihre biennale Bundeskonferenz \u201eJazz Now! 2020\u201c im Kunstkraftwerk Leipzig durchgef\u00fchrt. Mit Abstand und Masken, sowie mit vielen digitalen und hybriden Formaten fanden Panels und Workshops statt, die von Jazzmusiker*innen aus ganz Deutschland und Europa beachtet wurden. Durch die\u2026","rel":"","context":"In &quot;News&quot;","block_context":{"text":"News","link":"https:\/\/www.jazzzeitung.de\/cms\/thema\/nachrichten\/"},"img":{"alt_text":"JazzNow Jazztage Leipzig 2020. Foto: Lukas Diller.","src":"https:\/\/i0.wp.com\/www.jazzzeitung.de\/cms\/wp-content\/uploads\/2020\/10\/JazzNow_Jazztage_c_LukasDiller-9.jpg?fit=1200%2C800&ssl=1&resize=350%2C200","width":350,"height":200,"srcset":"https:\/\/i0.wp.com\/www.jazzzeitung.de\/cms\/wp-content\/uploads\/2020\/10\/JazzNow_Jazztage_c_LukasDiller-9.jpg?fit=1200%2C800&ssl=1&resize=350%2C200 1x, https:\/\/i0.wp.com\/www.jazzzeitung.de\/cms\/wp-content\/uploads\/2020\/10\/JazzNow_Jazztage_c_LukasDiller-9.jpg?fit=1200%2C800&ssl=1&resize=525%2C300 1.5x, https:\/\/i0.wp.com\/www.jazzzeitung.de\/cms\/wp-content\/uploads\/2020\/10\/JazzNow_Jazztage_c_LukasDiller-9.jpg?fit=1200%2C800&ssl=1&resize=700%2C400 2x, https:\/\/i0.wp.com\/www.jazzzeitung.de\/cms\/wp-content\/uploads\/2020\/10\/JazzNow_Jazztage_c_LukasDiller-9.jpg?fit=1200%2C800&ssl=1&resize=1050%2C600 3x"},"classes":[]},{"id":30866,"url":"https:\/\/www.jazzzeitung.de\/cms\/2024\/04\/wechsel-in-vorstand-und-geschaeftsfuehrung-der-deutschen-jazzunion\/","url_meta":{"origin":23689,"position":5},"title":"Wechsel in Vorstand und Gesch\u00e4ftsf\u00fchrung der Deutschen Jazzunion","author":"Redaktion JazzZeitung","date":"17. April 2024","format":false,"excerpt":"Doppelte Stabs\u00fcbergabe beim Sprachrohr der Jazzmusiker*innen in Deutschland: im Rahmen der jazzahead! in Bremen wurden Gesch\u00e4ftsf\u00fchrer Urs Johnen und Vorstandsmitglied Nikolaus Neuser verabschiedet. Ihnen folgen Camille Buscot und Michael Griener nach. Die Vorsitzenden der Deutschen Jazzunion Anette von Eichel und Felix Falk w\u00fcrdigten Johnens Verdienste auf einer Mitgliederversammlung mit einem\u2026","rel":"","context":"In &quot;News&quot;","block_context":{"text":"News","link":"https:\/\/www.jazzzeitung.de\/cms\/thema\/nachrichten\/"},"img":{"alt_text":"Stabswechel bei der Deutschen Jazzunion (v.l.n.r., hinten: Johanna Schneider, Camille Buscot, Michael Griener, Urs Johnen, Anette von Eichel; vorne: Felix Falk, Janning Trumann, Robert Lucaciu \u00a9 Julia Tornier","src":"https:\/\/i0.wp.com\/www.jazzzeitung.de\/cms\/wp-content\/uploads\/2024\/04\/2024-04-13_VerabschiedungUrsJohnen_VorstandCamilleUrs-scaled.jpg?fit=1200%2C900&ssl=1&resize=350%2C200","width":350,"height":200,"srcset":"https:\/\/i0.wp.com\/www.jazzzeitung.de\/cms\/wp-content\/uploads\/2024\/04\/2024-04-13_VerabschiedungUrsJohnen_VorstandCamilleUrs-scaled.jpg?fit=1200%2C900&ssl=1&resize=350%2C200 1x, https:\/\/i0.wp.com\/www.jazzzeitung.de\/cms\/wp-content\/uploads\/2024\/04\/2024-04-13_VerabschiedungUrsJohnen_VorstandCamilleUrs-scaled.jpg?fit=1200%2C900&ssl=1&resize=525%2C300 1.5x, https:\/\/i0.wp.com\/www.jazzzeitung.de\/cms\/wp-content\/uploads\/2024\/04\/2024-04-13_VerabschiedungUrsJohnen_VorstandCamilleUrs-scaled.jpg?fit=1200%2C900&ssl=1&resize=700%2C400 2x, https:\/\/i0.wp.com\/www.jazzzeitung.de\/cms\/wp-content\/uploads\/2024\/04\/2024-04-13_VerabschiedungUrsJohnen_VorstandCamilleUrs-scaled.jpg?fit=1200%2C900&ssl=1&resize=1050%2C600 3x"},"classes":[]}],"jetpack_sharing_enabled":true,"_links":{"self":[{"href":"https:\/\/www.jazzzeitung.de\/cms\/wp-json\/wp\/v2\/posts\/23689","targetHints":{"allow":["GET"]}}],"collection":[{"href":"https:\/\/www.jazzzeitung.de\/cms\/wp-json\/wp\/v2\/posts"}],"about":[{"href":"https:\/\/www.jazzzeitung.de\/cms\/wp-json\/wp\/v2\/types\/post"}],"author":[{"embeddable":true,"href":"https:\/\/www.jazzzeitung.de\/cms\/wp-json\/wp\/v2\/users\/18"}],"replies":[{"embeddable":true,"href":"https:\/\/www.jazzzeitung.de\/cms\/wp-json\/wp\/v2\/comments?post=23689"}],"version-history":[{"count":1,"href":"https:\/\/www.jazzzeitung.de\/cms\/wp-json\/wp\/v2\/posts\/23689\/revisions"}],"predecessor-version":[{"id":23691,"href":"https:\/\/www.jazzzeitung.de\/cms\/wp-json\/wp\/v2\/posts\/23689\/revisions\/23691"}],"wp:featuredmedia":[{"embeddable":true,"href":"https:\/\/www.jazzzeitung.de\/cms\/wp-json\/wp\/v2\/media\/23690"}],"wp:attachment":[{"href":"https:\/\/www.jazzzeitung.de\/cms\/wp-json\/wp\/v2\/media?parent=23689"}],"wp:term":[{"taxonomy":"category","embeddable":true,"href":"https:\/\/www.jazzzeitung.de\/cms\/wp-json\/wp\/v2\/categories?post=23689"},{"taxonomy":"post_tag","embeddable":true,"href":"https:\/\/www.jazzzeitung.de\/cms\/wp-json\/wp\/v2\/tags?post=23689"},{"taxonomy":"author","embeddable":true,"href":"https:\/\/www.jazzzeitung.de\/cms\/wp-json\/wp\/v2\/coauthors?post=23689"}],"curies":[{"name":"wp","href":"https:\/\/api.w.org\/{rel}","templated":true}]}}