{"id":23673,"date":"2020-10-25T12:00:17","date_gmt":"2020-10-25T11:00:17","guid":{"rendered":"https:\/\/www.jazzzeitung.de\/cms\/?p=23673"},"modified":"2020-10-21T20:03:44","modified_gmt":"2020-10-21T18:03:44","slug":"die-jazz-radiowoche-vom-26-10-20-bis-01-11-2020","status":"publish","type":"post","link":"https:\/\/www.jazzzeitung.de\/cms\/2020\/10\/die-jazz-radiowoche-vom-26-10-20-bis-01-11-2020\/","title":{"rendered":"Die Jazz-Radiowoche vom 26.10.20 bis 01.11.2020"},"content":{"rendered":"<p>Ein kleiner Blick in die Jazzwoche 44 im Radio. Die \u00dcbersicht zum <a href=\"https:\/\/service.conbrio.de\/service\/download\/278\/\">Download als PDF<\/a>. Alle Angaben ohne Gew\u00e4hr. | <strong>Virus und Stream: ein gutes Team?<\/strong><\/p>\n<hr \/>\n<h2>Jazz im Radio (Fernsehen)<\/h2>\n<ul>\n<li><strong>SR2<\/strong> \u2013 <a href=\"http:\/\/www.sr.de\/sr\/sr2\/sendungen_a-z\/uebersicht\/jazznow\/index.html\">JazzNow<\/a> \u2013 Sonntags von 20.04 bis 22.30 Uhr<\/li>\n<li><strong>BR-KLASSIK \u2013 <\/strong><a href=\"https:\/\/www.br-klassik.de\/themen\/jazz-und-weltmusik\/jazztime-die-ganze-welt-des-jazz-100.html\">Jazztime<\/a><strong> \u2013 <\/strong>Von Montag bis Freitag t\u00e4glich um 23.05 Uhr<\/li>\n<li><strong>rbb-kultur<\/strong> \u2013 <a href=\"https:\/\/www.kulturradio.de\/programm\/schema\/sendungen\/late_night_jazz.html\">Late Night Jazz<\/a> \u2013 Sa und So 23:04 \u2013 24:00 Uhr<\/li>\n<li><strong>hr2-kultur<\/strong> \u2013 <a href=\"http:\/\/www.hr2.de\/musik\/jazz\/index.html\">Jazz in hr2-kultur<\/a> \u2013 t\u00e4glich<\/li>\n<li><strong>SWR2<\/strong> \u2013 <a href=\"https:\/\/www.swr.de\/swr2\/programm\/sendungen\/jazz\/startseite-mit-vorschau\/-\/id=659242\/did=13778140\/nid=659242\/13ttn4d\/index.html\">Jazz<\/a> \u2013 t\u00e4glich<\/li>\n<li><strong>Deutschlandfunk<\/strong> \u2013 <a href=\"http:\/\/www.deutschlandfunk.de\/jazz.747.de.html\">Jazz (\u00dcberblick)<\/a> \u2013 <a href=\"http:\/\/www.deutschlandfunk.de\/jazz-live.822.de.html\">Jazz Live<\/a>, <a href=\"http:\/\/www.deutschlandfunk.de\/jazzfacts.824.de.html\">JazzFacts<\/a> und <a href=\"http:\/\/www.deutschlandfunk.de\/milestones.1805.de.html\">Milestones<\/a><\/li>\n<li><strong>Deutschlandfunk Kultur<\/strong> \u2013 <a href=\"http:\/\/www.deutschlandfunkkultur.de\/jazz.1142.de.html\">Jazz<\/a> \u2013 diverse Sendetermine<\/li>\n<li><strong>\u00d61 <\/strong>\u2013 <a href=\"https:\/\/oe1.orf.at\/programm\/\">diverse Sendetermine<\/a><\/li>\n<li><strong>ARTE TV<\/strong> \u2013 <a href=\"https:\/\/www.arte.tv\/de\/videos\/arte-concert\/jazz\/?xtor=AD-6-%5bMV_CFR_ARTE_DE_Google_GEN_GDN%5d-%5bGDN_GEN_Arte_Concerts_Jazz%5d-C-%5bjazz%20musik%5d\">Jazz<\/a><\/li>\n<\/ul>\n<p><strong>Periodika: Dauersendungen ohne gen\u00fcgend Infos \u2013 Tagesbegleitradio<\/strong><\/p>\n<ul>\n<li><strong>NDR Info <\/strong>\u2013 <strong>Play Jazz! Das Jazzmagazin<\/strong> 22:05 bis 23:00<\/li>\n<li><strong>MDR Kultur \u2013 Jazz <\/strong>19:05 bis 20:00<\/li>\n<li><strong>MDR Kultur \u2013<\/strong><strong>Jazz Lounge<\/strong> 19:35 bis 20:00<\/li>\n<li><strong>WDR3<\/strong> \u2013 Jazz &amp; World \u2013 Improvisiertes zum Tagesausklang \u2013 Montag bis Freitag, 22.04 \u2013 0:00 Uhr<\/li>\n<li><strong>WDR 3 Pers\u00f6nlich mit G\u00f6tz Alsmann<\/strong> 13:04 bis 15:00 (Samstags)<\/li>\n<\/ul>\n<hr \/>\n<h2>26.10.2020<\/h2>\n<hr \/>\n<p>17:50 bis 18:00 | SWR 2<br \/>\n<strong>SWR2 Jazz vor Sechs<\/strong><\/p>\n<p>19:04 bis 20:00 | hr2-kultur<br \/>\n<strong>H\u00f6rbar \u2013 Musik grenzenlos<\/strong><\/p>\n<p>22:04 bis 00:00 | WDR 3<br \/>\n<strong>WDR 3 Jazz &amp; World<\/strong><\/p>\n<p>22:05 bis 23:00 | NDR Info<br \/>\n<strong>Play Jazz! Das Jazzmagazin \u2013 Mit Michael Laages<\/strong><\/p>\n<p>22:30 bis 23:00 | hr2-kultur<br \/>\n<strong>Jazz Now: Aus dem Dschungel der Neuver\u00f6ffentlichungen<\/strong><\/p>\n<p style=\"padding-left: 40px;\">Am Mikrofon: Guenter Hottmann. heute mit: Guy Mintus Trio: A Gershwin Playground | Eva Klesse Quartett: Creatures &amp; States | Lucian Ban \/ John Surman \/ Mat Maneri: Transylvanian Folk Songs | Emi Makabe: Anniversary | Stephan Thelen \/ Kronos Quartet: World Dialogue<\/p>\n<p>23:05 bis 00:00 | BR-KLASSIK<br \/>\n<strong>Jazztime: Jazztoday <\/strong><\/p>\n<p style=\"padding-left: 40px;\">Im Gespr\u00e4ch mit \u2026 Nadin Deventer, der k\u00fcnstlerischen Leiterin des \u201eJazzfest Berlin\u201c \u00fcber die besondere Herausforderung ein internationales Festival trotz Corona zu konzipieren. Moderation und Auswahl: Ulrich Habersetzer<\/p>\n<hr \/>\n<h2>27.10.2020<\/h2>\n<hr \/>\n<p>01:05 bis 05:00 | Deutschlandfunk Kultur<br \/>\n<strong>Tonart: Jazz \u2013 Moderation: Manuela Krause<\/strong><\/p>\n<p>17:50 bis 18:00 | SWR 2<br \/>\n<strong>SWR2 Jazz vor Sechs<\/strong><\/p>\n<p>19:04 bis 20:00 | hr2-kultur<br \/>\n<strong>H\u00f6rbar \u2013 Musik grenzenlos<\/strong><\/p>\n<p>21:05 bis 22:00 | Deutschlandfunk<br \/>\n<strong>Jazz Live: Elektro-akustische Fusionen \u2013 Re:Calamari (1\/2)<\/strong><\/p>\n<p style=\"padding-left: 40px;\">Wanja Slavin, Altsaxofon; Pablo Held, Piano, Keyboards; Oliver Lutz, Bass; Andi Haberl, Schlagzeug. Aufnahme vom 18.9.2020 aus der Jazzschmiede in D\u00fcsseldorf. Am Mikrofon: Thomas Loewner. (Teil 2 am 3.11.2020)<\/p>\n<p style=\"padding-left: 40px;\">Der K\u00f6lner Bassist Oliver Lutz spielt mit seinem neuen Quartett Re:Calamari aufregenden Jazz auf der Schwelle zwischen Post-Bop und Fusion. Harmonische Vielfalt trifft darin auf rockige Grooves, elektro-akustische Kl\u00e4nge auf kunstvoll sich windende, teils orientalisch anmutende Melodien. Schon Oliver Lutz\u2019 bisherige Projekte als Sideman und Bandleader zeugen von seinem erweiterten Jazzverst\u00e4ndnis: Mit dem Offshore Quintett spielt er akustischen Kammerjazz, das Quartett Salomea um die S\u00e4ngerin Rebecca Ziegler greift auf anspruchsvolle Weise R&amp;B-Einfl\u00fcsse auf, und Lutz\u2019 letztes Album \u201ePoolparty\u201c ist ein Feuerwerk aus Funk- und Fusion-Sounds. Mit dem improvisationsfreudigen, je zur H\u00e4lfte aus K\u00f6lner und Berliner Musikern bestehenden Quartett Re:Calamari treibt er diesen Ansatz nun weiter. Lutz selbst setzt darin vor allem den E-Bass ein. Der Pianist Pablo Held ist auch am Synthesizer zu h\u00f6ren. Schlagzeug spielt der aus der Indie-Band The Notwist bekannte Andi Haberl.<\/p>\n<p>22:00 bis 00:00 | Bremen Zwei<br \/>\n<strong>Jazz Grooves<\/strong><\/p>\n<p>22:04 bis 00:00 | WDR 3<br \/>\n<strong>WDR 3 Jazz &amp; World<\/strong><\/p>\n<p>22:05 bis 22:30 | NDR Info<br \/>\n<strong>Play Jazz! Das Jazzmagazin \u2013 Mit Michael Laages<\/strong><\/p>\n<p>22:30 bis 23:00 | hr2-kultur<br \/>\n<strong>Jazzgroove: An den R\u00e4ndern des Jazz<\/strong><\/p>\n<p style=\"padding-left: 40px;\">Am Mikrofon: Guenter Hottmann. heute mit: Dave Douglas: Marching Music | Mary Halvorson Code Girl w\/ Robert Wyatt: Artlessly Falling | Dave Gisler Trio w\/ Jamie Branch: Zurich Concert | Rob Mazurek &amp; Exploding Star Orchestra: Dimensional Stardust | Azymuth \/ Ali Shaheed Muhammad \/ Adrian Younge: Jazz Is Dead 4 |<\/p>\n<p>22:35 bis 23:00 | NDR Info<br \/>\n<strong>Play Jazz! Das Jazzmagazin \u2013 Mit Michael Laages<\/strong><\/p>\n<p>23:05 bis 00:00 | BR-KLASSIK<br \/>\n<strong>Jazztime: News &amp; Roots \u2013 Big Is Beautiful \u2013 aktuelle Bigband-CDs<\/strong><\/p>\n<p style=\"padding-left: 40px;\">Mit dem brasilianischen Wahl-\u00d6sterreicher Emiliano Sampaio und zwei K\u00f6lner Gro\u00dfformationen: Das Subway Jazz Orchestra und die WDR Bigband mit der Musik des M\u00fcnchner Komponisten und Pianisten Christian Els\u00e4sser. Pr\u00e4sentiert von Henning Sieverts<\/p>\n<hr \/>\n<h2>28.10.2020<\/h2>\n<hr \/>\n<p>17:50 bis 18:00 | SWR 2<br \/>\n<strong>SWR2 Jazz vor Sechs<\/strong><\/p>\n<p>19:04 bis 20:00 | hr2-kultur<br \/>\n<strong>H\u00f6rbar \u2013 Musik grenzenlos<\/strong><\/p>\n<p>19:05 bis 20:00 | BR-KLASSIK<br \/>\n<strong>Classic Sounds in Jazz: Geschmeidig und kantig \u2013 Musik mit Ecken, Kanten und Zartheit<\/strong><\/p>\n<p style=\"padding-left: 40px;\">Von Trio.Diktion, dem Monaco Swing Ensemble, Mulo Francel und Eugen Cicero. Moderation und Auswahl: Ulrich Habersetzer<\/p>\n<p>19:15 bis 20:00 | SR2 KulturRadio<br \/>\n<strong>Literatur im Gespr\u00e4ch: Das Magazin<\/strong><\/p>\n<p>20:04 bis 00:00 | hr2-kultur<br \/>\n<strong>Deutsches Jazzfestival Frankfurt 2020 | mit Live-Konzert aus der Alten Oper Frankfurt<\/strong><\/p>\n<p style=\"padding-left: 40px;\">Django Bates Belov\u00e8d &amp; hr-Bigband \u2013 Celebrating Charlie Parker<\/p>\n<p>22:04 bis 00:00 | WDR 3<br \/>\n<strong>WDR 3 Jazz &amp; World<\/strong><\/p>\n<p>22:05 bis 22:30 | NDR Info<br \/>\n<strong>Play Jazz! Das Jazzmagazin \u2013 Mit Michael Laages<\/strong><\/p>\n<p>22:35 bis 23:00 | NDR Info<br \/>\n<strong>Play Jazz! Das Jazzmagazin \u2013 Mit Michael Laages<\/strong><\/p>\n<p>23:05 bis 00:00 | BR-KLASSIK<br \/>\n<strong>Jazztime: Jazz aus N\u00fcrnberg: Studio-Aufnahmen<\/strong><\/p>\n<p style=\"padding-left: 40px;\">\u201eSurviving Flower\u201c \u2013 der Pianist und Komponist Andreas Feith mit seinem CD-Deb\u00fct als Bandleader. Lutz H\u00e4fner (Tenorsaxofon), Martin Gjakonovski (Kontrabass); Andreas Feith (Klavier) und Silvio Morger (Schlagzeug). Aufgenommen im Studio Franken des BR. Auswahl und Moderation: Beate Sampson<\/p>\n<hr \/>\n<h2>29.10.2020<\/h2>\n<hr \/>\n<p>17:50 bis 18:00 | SWR 2<br \/>\n<strong>SWR2 Jazz vor Sechs<\/strong><\/p>\n<p>19:04 bis 00:00 | hr2-kultur<br \/>\n<strong>Deutsches Jazzfestival Frankfurt 2020 | Reloaded Part 1<\/strong><\/p>\n<ul>\n<li>Pharoah Sanders \/ Sonny Sharrock Re-Union | Pharoah Sanders, ts Sonny Sharrock, g | Charnett Moffett, b | Pheeroan akLaff, dr |Deutsches Jazzfestival Frankfurt 1992, Frankfurt am Main, Bockenheimer Depot, November 1992<\/li>\n<li>Joe Zawinul \/ Trilok Gurtu | Joe Zawinul, keyb, synth | Trilok Gurtu, perc | Deutsches Jazzfestival Frankfurt 1994, hr- Sendesaal Frankfurt, September 1994<\/li>\n<li>Albert Mangelsdorff Quintet feat. Wolfgang Dauner &amp; Christof Lauer | Albert Mangelsdorff, tb | Christof Lauer, ts, ss | Wolfgang Dauner, p | Dieter Ilg, b Wolfgang Haffner, dr | Deutsches Jazzfestival Frankfurt 1998, Alte Oper Frankfurt, September 1998<\/li>\n<li>The Road To Jajouka feat. Billy Martin \/ John Medeski \/ Marc Ribot &amp; The Master Musicians Of Jajouka | | Billy Martin, dr | Marc Ribot, g | Shahzad Ismaily, b, electronics | John Medeski, organ, keyb | Falu, voice | The Master Musicians of Jajouka: Bachir Attar, ghaita, lira, gimbre, perc | Mustapha Attar, ghaita, lira, gimbre, perc | Mohamed El Attar, ghaita, lira, gimbre, perc | Abdellah Bokhzar, ghaita, lira, gimbre, perc | Deutsches Jazzfestival Frankfurt 2014, hr-Sendesaal Frankfurt, Oktober 2014<\/li>\n<li>Michael Brecker Solo Performance | Michael Brecker, ts | Deutsches Jazzfestival Frankfurt 2002, hr-Sendesaal Frankfurt, Oktober 2002<\/li>\n<\/ul>\n<p style=\"padding-left: 40px;\">Am Mikrofon: Claus Gnichwitz<\/p>\n<p style=\"padding-left: 40px;\"><strong>Von der neuen Wirkkraft der historischen Konserve in Zeiten der Pandemie<\/strong><\/p>\n<p style=\"padding-left: 40px;\">Covid-19 macht alles anders. Nichts ist wie bisher. An diesem und am morgigen Abend sind uns die Live-Konzerte abhanden gekommen. Das letzte Wochenende im Oktober in Frankfurt und kein Festival-Geschehen auf der B\u00fchne im hr-Sendesaal. Der \u00fcberwiegende Teil des urspr\u00fcnglich geplanten Programms vom Deutschen Jazzfestival Frankfurt 2020 musste auf 2021 verschoben werden, lediglich am Mittwoch und Samstag dieser Woche blieb ein Rumpf des Festivalprogramms erhalten. Was nun tun mit diesen beiden freien Abenden?<\/p>\n<p style=\"padding-left: 40px;\">Ein Jazzfestival, das seit 1953 stattfindet und im Radio abgebildet wird, hat nat\u00fcrlich den ganzen Keller voller Mitschnitte von vielen w\u00fcrdigen, mindestens aber denk-w\u00fcrdigen Konzerten, die im Laufe der Jahrzehnte \u00fcber die B\u00fchne gegangen sind.<\/p>\n<p style=\"padding-left: 40px;\">Guenter Hottmann, \u00fcber 20 Jahre dem Festival verbunden als Programm-Macher, Moderator auf der B\u00fchne, aber auch der Live-\u00dcbertragungen, als Hausmeister und unerm\u00fcdliche Windmaschine des Festivals, hat einfach mal ein paar Konzerte rausgesucht, die er f\u00fcr noch einmal pr\u00e4sentierenswert h\u00e4lt: keine Leistungs-Schau, kein best-of, keine pers\u00f6nlichen Favoriten, einfach nur markante Wegmarken. Bei \u00fcber 500 Acts, die dieses Festival auf dem Buckel hat, da ist bei einer Beschr\u00e4nkung auf nur zehn davon jede Auswahl falsch. Hier und da wird der Ausw\u00e4hler als Gast in der Sendung ein paar Anmerkungen zum making-of der Konzertereignisse machen. Punktuell kann auch ein Interview oder Statement eines musikalischen Akteurs den damaligen Zeitgeist spiegeln. \u2013 Wir laden ein und neu durch.<\/p>\n<p style=\"padding-left: 40px;\">Deutsches Jazzfestival Frankfurt 2020: Was hier an diesen beiden Tagen \u00fcber die B\u00fchne geht! Wo gibt\u2019s das schon? So dicht, und das an nur zwei Retro-Abenden!<\/p>\n<p>21:05 bis 22:00 | Deutschlandfunk<br \/>\n<strong>JazzFacts: Fragebogen: Julia H\u00fclsmann<\/strong><\/p>\n<p style=\"padding-left: 40px;\">Am Mikrofon: Odilo Clausnitzer. Julia H\u00fclsmann ist die bekannteste deutsche Jazzmusikerin: eine Pianistin eigenen Stils, eine fantasievolle Komponistin, eine sensible Bandleaderin. Dass sie auch eine spannende Gespr\u00e4chspartnerin ist, beweist sie im neuen Format \u201eJazzFacts-Fragebogen\u201c. An Julia H\u00fclsmann f\u00fchrt im deutschen Jazz kein Weg vorbei. Seit fast 20 Jahren leitet sie ein festes Trio, mit dem sie eine pers\u00f6nliche Klangsprache gefunden hat: melodiebewusst und atmosph\u00e4risch, aber offen. In diversen Projekten mit S\u00e4ngerinnen und S\u00e4ngern hat sie auf besonders \u00fcberzeugende Weise Lyrik vertont. Als Mit-Initiatorin und erste Vorsitzende der neugegr\u00fcndeten Deutschen Jazz Union war sie auch kulturpolitisch aktiv. Und als Lehrerin an mehreren Musikhochschulen hat sie pr\u00e4genden Einfluss auf eine j\u00fcngere Generation von Jazzmusikerinnen und Jazzmusikern. Im von nun an unregelm\u00e4\u00dfig stattfindenden \u201eJazzFacts-Fragebogen\u201c nimmt sie im Blind-Test zu vorgespielten Tontr\u00e4gern Stellung, bringt eine eigene H\u00f6rauswahl mit und gibt Auskunft \u00fcber ihre Gedanken zur Musik.<\/p>\n<p>22:03 bis 23:00 | SWR 2<br \/>\n<strong>SWR2 NOWJazz: Mit Leichtigkeit komplex \u2013 Der Pianist Aaron Parks<\/strong><\/p>\n<p style=\"padding-left: 40px;\">Von Thomas Loewner. Virtuose Pianisten sind im Jazz keine Seltenheit. Insofern k\u00f6nnte man auch Aaron Parks als blo\u00df einen weiteren sehr begabten Vertreter seines Instruments sehen. Doch Parks ist nicht nur ein virtuoser Instrumentalist, sondern er setzt auch als Komponist Zeichen. Er schreibt harmonisch komplexe und vertrackt strukturierte St\u00fccke, die trotzdem eing\u00e4ngig wie ein Popsong klingen k\u00f6nnen und au\u00dferdem ganz selbstverst\u00e4ndlich Elemente aus Jazz, Alternative, Electronica und Hip-Hop vereinen. Mit seinem aktuellen Quartett Little Bi hat er zudem eine Band, die seine Ideen mitrei\u00dfend umzusetzen wei\u00df.<\/p>\n<p>22:04 bis 00:00 | WDR 3<br \/>\n<strong>WDR 3 Jazz &amp; World<\/strong><\/p>\n<p>22:05 bis 22:30 | NDR Info<br \/>\n<strong>Play Jazz! Das Jazzmagazin \u2013 Mit Michael Laages<\/strong><\/p>\n<p>22:35 bis 23:00 | NDR Info<br \/>\n<strong>Play Jazz! Das Jazzmagazin \u2013 Mit Michael Laages<\/strong><\/p>\n<p>23:05 bis 00:00 | BR-KLASSIK<br \/>\n<strong>Jazztime: All that Jazz<\/strong><\/p>\n<p style=\"padding-left: 40px;\">Jacob Garchik geh\u00f6rt zu den gefragtesten und wandelbarsten Posaunisten der amerikanischen Jazz-Szene. Der 44j\u00e4hrige erhielt schon Gehaltschecks von Lee Konitz, John Hollenbeck oder Mary Halvorson. Neben seiner T\u00e4tigkeit als kreativer Dienstleister f\u00e4llt er auch immer wieder durch kuriose eigene Projekte auf, so etwa mit einem \u201eatheistischen\u201c Gospel-Album, einem im Mittelalter angesiedelten Fantasy-Programm namens \u201eYe Olde\u201c oder mit einer Bigband, die ohne Rhythmusgruppe auskommt. Moderation und Auswahl: Ssirus W. Pakzad<\/p>\n<hr \/>\n<h2>30.10.2020<\/h2>\n<hr \/>\n<p>17:50 bis 18:00 | SWR 2<br \/>\n<strong>SWR2 Jazz vor Sechs<\/strong><\/p>\n<p>19:04 bis 00:00 | hr2-kultur<br \/>\n<strong>Deutsches Jazzfestival Frankfurt 2020 | Reloaded Part 2<\/strong><\/p>\n<p style=\"padding-left: 40px;\">Tenorsaxes Today \u2013 Archie Shepp \/ Heinz Sauer \/ George Adams | Bill Laswell Charged | Helge Schneider \/ Charlie Antolini \/ Rocky Knauer | Lester Bowie Brass Fantasy: The Odyssey Of Funk &amp; Popular Music | Michael Mantler &amp; hr-Bigband: The Jazz [&#8230;]<\/p>\n<ul>\n<li>Tenorsaxes Today \u2013 Archie Shepp \/ Heinz Sauer \/ George Adams | Archie Shepp, ts | Heinz Sauer, ts | George Adams, ts, voc, alto-fl | Rainer Br\u00fcninghaus, p | Palle Danielsson, b | Alex Riel, dr | Deutsches Jazzfestival Frankfurt 1978, Frankfurt am Main, Jahrhunderthalle H\u00f6chst, Sept. 1978<\/li>\n<li>Bill Laswell Charged | Bill Laswell, b | Eraldo Bernocchi, g, electronics | Toshinori Kondo, tp | DJ Disk, turntable | Ayib Dieng, perc | Hamid Drake, dr | Deutsches Jazzfestival Frankfurt 2000, hr-Sendesaal Frankfurt, Oktober 2000<\/li>\n<li>Helge Schneider \/ Charlie Antolini \/ Rocky Knauer | Helge Schneider, p, ts, tp, pan-flute | Rocky Knauer, b | Charlie Antolini, dr |Deutsches Jazzfestival Frankfurt 2001, hr-Sendesaal Frankfurt, Oktober 2001<\/li>\n<li>Lester Bowie Brass Fantasy: The Odyssey Of Funk &amp; Popular Music | Lester Bowie, tp | Joseph Mac Gollehon, tp | Ravi Hassan Best, tp | Gerald Brazel, tp | David Scheiman, tuba | Vincent Chancey, french horn | Louis Bonilla, tb | Gary Valente, tb | Don Moye, perc | Deutsches Jazzfestival Frankfurt 1999, hr-Sendesaal Frankfurt, Oktober 1999<\/li>\n<li>Michael Mantler &amp; hr-Bigband: The Jazz Composers Orchestra Update | Michael Mantler, comp, tp | Christoph Cech, cond | Peter Br\u00f6tzmann, ts | Tony Lakatos, ts | Bjarne Roup\u00e9, g | David Helbock, p | radio.string.quartet.vienna: Bernie Mallinger, violin | Ingmar Jenner, violin | Cynthia Liao, viola | Sophie Abraham, cello | hr-Bigband: Heinz Dieter Sauerborn, as, Oliver Leicht, ss | Stefan Karl Schmid, ts | Benjamin Steil, as | Steffen Weber, ts | Rainer Heute, bs | Frank Wellert, tp | Martin Auer, tp | Thomas Sonnen, french horn | Maciej Baranowski, french horn | Christian Jaksj\u00f8, tb | Manfred Honetschl\u00e4ger, b-tb | Wolf Schenk, tuba | Nina Hacker, b | Thomas Stabenow, b | Thomas Heidepriem, b | Jean Paul H\u00f6chst\u00e4dter, dr | Deutsches Jazzfestival Frankfurt 2015, hr-Sendesaal Frankfurt, Oktober 2015<\/li>\n<\/ul>\n<p style=\"padding-left: 40px;\">Am Mikrofon: Daniella Baumeister<\/p>\n<p style=\"padding-left: 40px;\"><strong>Von der neuen Wirkkraft der historischen Konserve in Zeiten der Pandemie<\/strong><\/p>\n<p style=\"padding-left: 40px;\">Covid-19 macht alles anders. Nichts ist wie bisher. An diesem und am morgigen Abend sind uns die Live-Konzerte abhanden gekommen. Das letzte Wochenende im Oktober in Frankfurt und kein Festival-Geschehen auf der B\u00fchne im hr-Sendesaal. Der \u00fcberwiegende Teil des urspr\u00fcnglich geplanten Programms vom Deutschen Jazzfestival Frankfurt 2020 musste auf 2021 verschoben werden, lediglich am Mittwoch und Samstag dieser Woche blieb ein Rumpf des Festivalprogramms erhalten. Was nun tun mit diesen beiden freien Abenden?<\/p>\n<p style=\"padding-left: 40px;\">Ein Jazzfestival, das seit 1953 stattfindet und im Radio abgebildet wird, hat nat\u00fcrlich den ganzen Keller voller Mitschnitte von vielen w\u00fcrdigen, mindestens aber denk-w\u00fcrdigen Konzerten, die im Laufe der Jahrzehnte \u00fcber die B\u00fchne gegangen sind.<\/p>\n<p style=\"padding-left: 40px;\">Guenter Hottmann, \u00fcber 20 Jahre dem Festival verbunden als Programm-Macher, Moderator auf der B\u00fchne, aber auch der Live-\u00dcbertragungen, als Hausmeister und unerm\u00fcdliche Windmaschine des Festivals, hat einfach mal ein paar Konzerte rausgesucht, die er f\u00fcr noch einmal pr\u00e4sentierenswert h\u00e4lt: keine Leistungs-Schau, kein best-of, keine pers\u00f6nlichen Favoriten, einfach nur markante Wegmarken. Bei \u00fcber 500 Acts, die dieses Festival auf dem Buckel hat, da ist bei einer Beschr\u00e4nkung auf nur zehn davon jede Auswahl falsch. Hier und da wird der Ausw\u00e4hler als Gast in der Sendung ein paar Anmerkungen zum making-of der Konzertereignisse machen. Punktuell kann auch ein Interview oder Statement eines musikalischen Akteurs den damaligen Zeitgeist spiegeln. \u2013 Wir laden ein und neu durch.<\/p>\n<p style=\"padding-left: 40px;\">Deutsches Jazzfestival Frankfurt 2020: Was hier an diesen beiden Tagen \u00fcber die B\u00fchne geht! Wo gibt\u2019s das schon? So dicht, und das an nur zwei Retro-Abenden!<\/p>\n<p>22:04 bis 00:00 | WDR 3<br \/>\n<strong>WDR 3 Jazz &amp; World<\/strong><\/p>\n<p>22:05 bis 22:30 | NDR Info<br \/>\n<strong>Jazz Special: Jazz auf Distanz \u2013 wie es f\u00fcr Musikerinnen und Musiker weitergehen kann<\/strong><\/p>\n<p>22:05 bis 22:50 | Deutschlandfunk<br \/>\n<strong>Milestones \u2013 Bluesklassiker: Willie Dixon \u201eI am the Blues\u201c (1970)<\/strong><\/p>\n<p style=\"padding-left: 40px;\">Am Mikrofon: Tim Schauen. Es ist ein sehr selbstbewusster Albumtitel, vor allem f\u00fcr einen \u201eBest of\u201c-Sampler, aber Willie Dixon darf zu Recht einiges Blues-Renommee f\u00fcr sich beanspruchen: Das 1970 bei Columbia erschienene Werk mit Dixon-Songs der 50er- und 60er-Jahre pr\u00e4sentiert eine ganze Reihe Blues-Klassiker, die bis heute zum Standard geh\u00f6ren, darunter \u201eSpoonful\u201c, \u201eYou shook me\u201c oder auch \u201eThe little red rooster\u201c. Willie Dixon war an der ma\u00dfstabsetzenden Entwicklung des Chicago-Blues als Komponist, Produzent und (Kontra-)Bassist entscheidend beteiligt \u2013 und wenn man auf die ersten Alben von Led Zeppelin blickt, dann ist der Einfluss Dixons auf den harten (Blues-)Rock ebenso gro\u00df wie der finanzielle Ausgleich, den Dixon nach Urheberrechts-Prozessen von den Briten erhalten hat. \u201eI am the Blues\u201c ist ein Klassiker und stellt weitaus mehr als eine Momentaufnahme dar.<\/p>\n<p>22:35 bis 23:00 | NDR Info<br \/>\n<strong>Jazz Special: Jazz auf Distanz \u2013 wie es f\u00fcr Musikerinnen und Musiker weitergehen kann<\/strong><\/p>\n<p>23:03 bis 00:00 | SWR 2<br \/>\n<strong>SWR2 NOWJazz: Small but beautiful \u2013 Improvisieren in Klein(st)Besetzungen (2)<\/strong><\/p>\n<p style=\"padding-left: 40px;\">Von Nina Polaschegg. Zur Zeit erscheinen so manche Tontr\u00e4ger mit Klein(st)Besetzungen. Aber auch sonst machen sich Musikerinnen und Musiker Gedanken, was und wie sie ihre pl\u00f6tzlich unfreiwillig durch Covid19 erzwungene \u201eFrei-Zeit\u201c nutzen. Einige arbeiten an Projekten, andere geben Live-Stream-Konzerte. Die heutige zweite Sendung stellt weitere kreative Solist*innen und Duos vor.<\/p>\n<p>23:05 bis 00:00 | BR-KLASSIK<br \/>\n<strong>Jazztime: Jazz Unlimited <\/strong><\/p>\n<p style=\"padding-left: 40px;\">Der freie Radikale \u2013 neue Aufnahmen des Pianisten Joachim K\u00fchn. Moderation und Auswahl: Roland Spiegel<\/p>\n<hr \/>\n<h2>31.10.2020<\/h2>\n<hr \/>\n<p>01:05 bis 06:00 | Deutschlandfunk<br \/>\n<strong>Deutschlandfunk Radionacht<\/strong><\/p>\n<p style=\"padding-left: 40px;\">Viel zu fr\u00fch vergl\u00fchter Stern: Zum 90. Geburtstag des jung verstorbenen Trompeters Clifford Brown<\/p>\n<p style=\"padding-left: 40px;\">Herbst-Poesie im Jazz: mit Musik u.a. von Ralph Towner, Charlie Mariano, Rainer Br\u00fcninghaus. Am Mikrofon: Michael Kuhlmann<\/p>\n<p style=\"padding-left: 40px;\">Er war 1956 vielleicht der hoffnungsvollste Musiker im Jazz: Der damals 25-j\u00e4hrige Trompeter Clifford Brown hatte schon als Teenager mit seinem Talent Gr\u00f6\u00dfen wie Dizzy Gillespie und Charlie Parker verbl\u00fcfft. Browns Einfallsreichtum und der Biss seiner Improvisationen machten ihn zu einem der aufregendsten Solisten seiner Zeit. Mit St\u00fccken wie \u201eJoy Spring\u201c und \u201eDaahoud\u201c hatte er zeitlose Kompositionen zum Jazzrepertoire beigesteuert und trieb nun den im Werden begriffenen Stil \u201eHard Bop\u201c mit voran. Dem 1930 geborenen \u201eBrownie\u201c schien eine gl\u00e4nzende Karriere bevorzustehen. Doch auf der Fahrt zu einem Konzert Ende Juni 1956 verungl\u00fcckte er t\u00f6dlich. Benny Golsons ergreifende Hommage \u201eI Remember Clifford\u201c wurde bald darauf zu einem Jazz-Standard. In der Nacht nach Browns 90. Geburtstag erinnern wir an den jung verstorbenen Trompeter.<\/p>\n<p>13:04 bis 14:00 | hr2-kultur<br \/>\n<strong>H\u00f6rbar: Musik grenzenlos<\/strong><\/p>\n<p>13:04 bis 15:00 | WDR 3<br \/>\n<strong>WDR 3 Pers\u00f6nlich mit G\u00f6tz Alsmann<\/strong><\/p>\n<p>17:05 bis 17:55 | Bayern 2<br \/>\n<strong>Jazz &amp; Politik: Politisches Feuilleton<\/strong><\/p>\n<p style=\"padding-left: 40px;\">Moderation: Lukas Hammerstein. Musikauswahl: Roland Spiegel<\/p>\n<p>17:50 bis 18:00 | SWR 2<br \/>\n<strong>SWR2 Jazz vor Sechs<\/strong><\/p>\n<p>18:05 bis 19:00 | BR-KLASSIK<br \/>\n<strong>Jazz und mehr: Die Unverbrauchten<\/strong><\/p>\n<p style=\"padding-left: 40px;\">Mit Musik von Ralph Towner, Wolfgang Muthspiel, Friedrich Gulda, Jean-Louis Matinier und anderen. Moderation und Auswahl: Roland Spiegel<\/p>\n<p>19:04 bis 00:00 | hr2-kultur<br \/>\n<strong>Deutsches Jazzfestival Frankfurt 2020 | Live-\u00dcbertragung aus dem hr-H\u00f6rfunk-Studio II<\/strong><\/p>\n<p style=\"padding-left: 40px;\">SH4iKH 9 extended | Johanna Summer \u201eSchumann Kaleidoskop\u201c | KUU! \u201eLampedusa Lulleby\u201c<\/p>\n<ul>\n<li>SH4iKH 9 extended | Maximilian Shaikh-Yousef, as, ss, fl, comp | Veronika Morscher, voc | Victor Fox, ts | Pascal Klewer, tp, flh | Stephan Geiger, tp, flh | Philipp Schittek, tb | Lukas Roos, g | Lukas Moriz, p | Bastian Weinig, b | Leopold Ebert, dr |<\/li>\n<li>Johanna Summer \u201eSchumann Kaleidoskop\u201c | Johanna Summer, piano solo performance |<\/li>\n<li>KUU! \u201eLampedusa Lulleby\u201c | Jelena Kuljic, voc | Kalle Kalima, g | Frank M\u00f6bus, g | Christian Lillinger, dr |<\/li>\n<\/ul>\n<p style=\"padding-left: 40px;\">Am Mikrofon: Karmen Mikovic<\/p>\n<p style=\"padding-left: 40px;\"><strong>Und ewig lodert die helle Flamme der sch\u00f6nen neuen Digital-Welt?<\/strong><\/p>\n<p style=\"padding-left: 40px;\">Covid-19 macht alles anders. Nichts ist wie bisher. Dieser Abend des Deutschen Jazzfestivals Frankfurt 2020 wird live \u00fcbertragen in hr2-kultur und als Videostream unter hr2.de. Es gibt kein Publikum, die Pandemie zwingt zu neuen Formen, alles kommt live aus dem H\u00f6rfunkstudio II: die Musik, die Moderation, die Gespr\u00e4che zwischen den Performances.<\/p>\n<p style=\"padding-left: 40px;\">Die traditionell gro\u00dfe B\u00fchne des hr-Sendesaals ist pass\u00e9, die Weite des Raums, der Applaus oder sonstige Bekundungen von gemeinschaftlichem Erleben, leider nein, weil nicht zugelassen, nicht ungef\u00e4hrlich. Die Pandemie zwingt uns ins Virtuelle. Obwohl das ja so auch nicht unbedingt stimmt. Die gute alte Tante, das Radio, liefert auch hier verl\u00e4sslich das, was es schon immer geliefert hat: Live-Musik in guter tontechnischer Qualit\u00e4t \u2013 und phantasie-begabtes Ohren-Kino. Ja, eventuell ist die Kombination (Videostream f\u00fcr die Augen, Radio-Ton f\u00fcr den nicht daten-reduzierten Musikgenuss im Ohr) ein attraktiver, von vielen schon lange praktizierter Kompromiss. Obwohl: Das Festival wird sp\u00e4testens seit Beginn der 10er Jahre des neuen Jahrhunderts video-gestreamt und der Sound erfreut sich eines guten Tons und Rufs mit Tendenz zu stetiger Optimierung.<\/p>\n<p style=\"padding-left: 40px;\">Es gibt in dieser Live-\u00dcbertragung nat\u00fcrlich Interviews mit den beteiligten Musikern. Und auch mehr als das: Im Talk mit Arndt Weidler vom Jazzinstitut Darmstadt geht\u2019s um \u201eDie Grenzen des Streamings\u201c. Mit augenzwinkerndem Bezug auf die historische Mahnung \u201eDie Grenzen des Wachstums\u201c (Club of Rome, 1972) geht es um Sinn und Un-Sinn des Streamings. Was macht das mit uns? Schon ein halbes Jahr Migration und Vertreibung ins Netz, mit Wackelbildern, Eierk\u00f6pfen und einem Sound, der oft von ton-technischer D\u00fcrre gezeichnet ist. \u2013 Und vor allem: was macht das mit dem Jazz, einem Genre, das wie kein anderes auf unmittelbare Begegnung, abstandslose Interaktion, auch mit den Rezipienten, angewiesen ist?<\/p>\n<p style=\"padding-left: 40px;\"><strong>Virus und Stream: ein gutes Team?<\/strong><\/p>\n<p style=\"padding-left: 40px;\">Wie lange ist die Euphorie \u00fcber neue Ausspielwege und M\u00f6glichkeiten zu einfacher Publikation der eigenen Produkte im Netz zu halten? Wann schl\u00e4gt positive Aufgeschlossenheit gegen\u00fcber der \u201eneuen Realit\u00e4t\u201c im Netz um in Inflation und Regression? Was bleibt vom Jazz nach wom\u00f6glich einem vollen Jahr Pandemie? Ist der wendige (weil immer wieder re-innovationsfreudige) Gevatter dann \u00fcberhaupt noch existent, wenn erst mal das Club-Sterben richtig an Fahrt zulegt? Wie \u00fcberall: nicht gerade rosige Aussichten. Oder ist das alles nur Schwarzmalerei? \u2013 Weidler wei\u00df mehr.<\/p>\n<p style=\"padding-left: 40px;\">Zur Erheiterung kann Olaf St\u00f6tzler, der derzeit hauptverantwortliche Programm-Macher des Festivals, etwas \u00fcber die Freuden des Veranstalters in Zeiten der Seuche erz\u00e4hlen. Aber was hei\u00dft hier Programm-Macher? \u2013 Absager, Verschieber, Jongleur, Zukunftsprognostiker, Alternativen-Entwickler, der Job verlangt nach neuen Qualifikationen. Und es werden eher mehr, denn weniger. Wenigstens hier ist Konjunktur zu verzeichnen.<\/p>\n<p>20:15 bis 21:00 | NDR Info<br \/>\n<strong>Jazz Klassiker: G\u00fcnter Fuhlisch und seine Solisten \u2013 wiederentdeckt \u2013 Mit Wingolf Grieger<\/strong><\/p>\n<p>22:03 bis 23:00 | SWR 2<br \/>\n<strong>SWR2 Jazztime: Weltb\u00fcrgerin \u2013 Die Fl\u00f6tistin Jamie Baum im Portr\u00e4t<\/strong><\/p>\n<p style=\"padding-left: 40px;\">Von Ssirus W. Pakzad. Virtuose Pianisten sind im Jazz keine Seltenheit. Insofern k\u00f6nnte man auch Aaron Parks als blo\u00df einen weiteren sehr begabten Vertreter seines Instruments sehen. Doch Parks ist nicht nur ein virtuoser Instrumentalist, sondern er setzt auch als Komponist Zeichen. Er schreibt harmonisch komplexe und vertrackt strukturierte St\u00fccke, die trotzdem eing\u00e4ngig wie ein Popsong klingen k\u00f6nnen und au\u00dferdem ganz selbstverst\u00e4ndlich Elemente aus Jazz, Alternative, Electronica und Hip-Hop vereinen. Mit seinem aktuellen Quartett Little Bi hat er zudem eine Band, die seine Ideen mitrei\u00dfend umzusetzen wei\u00df.<\/p>\n<p>22:05 bis 22:30 | NDR Info<br \/>\n<strong>Jazz Konzert: Hamburg Jazz Open 2020: Mischa Schumann Trio \u2013 Mit Felix Tenbaum<\/strong><\/p>\n<p>22:35 bis 23:00 | NDR Info<br \/>\n<strong>Jazz Konzert: Hamburg Jazz Open 2020: Mischa Schumann Trio \u2013 Mit Felix Tenbaum<\/strong><\/p>\n<hr \/>\n<h2>01.11.2020<\/h2>\n<hr \/>\n<p>00:05 bis 02:00 | Bayern 2<br \/>\n<strong>radioJazznacht: Mit Marcus A. Woelfle<\/strong><\/p>\n<p style=\"padding-left: 40px;\">\u201eJedesmal wenn ich spiele, versuche ich zu spielen, als w\u00e4re es das letzte Mal\u201c, hat er bekannt. W\u00e4re er nicht vor 50 Jahren verstorben, h\u00e4tte der bluesige \u201etexas tenor\u201c mit den intensiven Improvisationen und dem unverwechselbaren \u201ecry\u201c am 31. Oktober seinen 90. Geburtstag gefeiert. F\u00fcr die Sendung wurde aus den meisten seiner Alben unter eigenem Namen je ein St\u00fcck ausgew\u00e4hlt; die chronologische Anordnung zeigt seine Entwicklung vom erdigen R &amp; B-Saxophonisten zum modalen Improvisator. Moderation und Auswahl: Marcus A. Woelfle<\/p>\n<p>19:04 bis 20:00 | hr2-kultur<br \/>\n<strong>hr-Bigband<\/strong><\/p>\n<p style=\"padding-left: 40px;\">Konzerte und Produktionen u.a. mit: Stage@Seven: \u201eLibertango\u201c \u2013 Michael Dolak &amp; hr-Bigband<\/p>\n<p>19:33 bis 20:00 | SWR 2<br \/>\n<strong>SWR2 Jazz: New-Orleans-Legende \u2013 Der Posaunist Jim Robinson<\/strong><\/p>\n<p style=\"padding-left: 40px;\">Von Gerd Filtgen. Den Spitznamen \u201eBig Jim\u201c verdankte der auf einer Plantage in Louisiana geborene Jim Robinson (1892 \u2013 1976) seiner beeindruckenden Statur. Dazu passten sein robuster dunkel gef\u00e4rbter Posauneneinsatz, die spannenden Glissandi und die markanten Melodien, mit denen er im New Orleans Jazz die f\u00fchrenden Trompeten-Linien untermalte. Im Revival der 1940er-Jahre \u2013 der R\u00fcckbesinnung auf \u00e4ltere Jazz-Stile \u2013 war Robinson zusammen mit dem Trompeter Bunk Johnson und dem Klarinettisten Georg Lewis einer der bekanntesten Repr\u00e4sentanten. Auch danach blieb der legend\u00e4re Posaunist seiner Oldtime Jazz Konzeption treu.<\/p>\n<p>20:04 bis 21:30 | SR2 KulturRadio<br \/>\n<strong>JazzNow: Jazzfest Berlin 2019<\/strong><\/p>\n<p style=\"padding-left: 40px;\">Marc Ribot feat. Dunston \/ Rodriguez \/ Taylor. James Brandon Lewis Unruly Quintet<\/p>\n<p>22:35 bis 23:00 | NDR Info<br \/>\n<strong>Jazz NDR Bigband: Bigband Magazin \u2013 Mit Henry Altmann<\/strong><\/p>\n<p>23:15 bis 00:00 | hr2-kultur<br \/>\n<strong>H\u00f6rbar | Musik grenzenlos<\/strong><\/p>\n<p>&nbsp;<\/p>\n","protected":false},"excerpt":{"rendered":"<p>Ein kleiner Blick in die Jazzwoche 44 im Radio. Alle Angaben ohne Gew\u00e4hr. Unter anderem: Deutsches Jazzfestival Frankfurt 2020.<\/p>\n","protected":false},"author":1,"featured_media":18913,"comment_status":"open","ping_status":"closed","sticky":false,"template":"","format":"standard","meta":{"_jetpack_memberships_contains_paid_content":false,"footnotes":"","jetpack_publicize_message":"","jetpack_publicize_feature_enabled":true,"jetpack_social_post_already_shared":false,"jetpack_social_options":{"image_generator_settings":{"template":"highway","default_image_id":0,"font":"","enabled":false},"version":2}},"categories":[633,452],"tags":[1629],"coauthors":[650],"class_list":["post-23673","post","type-post","status-publish","format-standard","has-post-thumbnail","hentry","category-nachrichten","category-radio","tag-jazz-im-radio"],"yoast_head":"<!-- This site is optimized with the Yoast SEO plugin v27.5 - https:\/\/yoast.com\/product\/yoast-seo-wordpress\/ -->\n<title>Die Jazz-Radiowoche vom 26.10.20 bis 01.11.2020 - JazzZeitung<\/title>\n<meta name=\"robots\" content=\"index, follow, max-snippet:-1, max-image-preview:large, max-video-preview:-1\" \/>\n<link rel=\"canonical\" href=\"https:\/\/www.jazzzeitung.de\/cms\/2020\/10\/die-jazz-radiowoche-vom-26-10-20-bis-01-11-2020\/\" \/>\n<meta property=\"og:locale\" content=\"de_DE\" \/>\n<meta property=\"og:type\" content=\"article\" \/>\n<meta property=\"og:title\" content=\"Die Jazz-Radiowoche vom 26.10.20 bis 01.11.2020 - JazzZeitung\" \/>\n<meta property=\"og:description\" content=\"Ein kleiner Blick in die Jazzwoche 44 im Radio. Alle Angaben ohne Gew\u00e4hr. Unter anderem: Deutsches Jazzfestival Frankfurt 2020.\" \/>\n<meta property=\"og:url\" content=\"https:\/\/www.jazzzeitung.de\/cms\/2020\/10\/die-jazz-radiowoche-vom-26-10-20-bis-01-11-2020\/\" \/>\n<meta property=\"og:site_name\" content=\"JazzZeitung\" \/>\n<meta property=\"article:publisher\" content=\"https:\/\/www.facebook.com\/JazzZeitung\/\" \/>\n<meta property=\"article:author\" content=\"https:\/\/www.facebook.com\/hufner\" \/>\n<meta property=\"article:published_time\" content=\"2020-10-25T11:00:17+00:00\" \/>\n<meta property=\"og:image\" content=\"https:\/\/i0.wp.com\/www.jazzzeitung.de\/cms\/wp-content\/uploads\/2019\/03\/jazz_im_radio.jpg?fit=2200%2C1417&ssl=1\" \/>\n\t<meta property=\"og:image:width\" content=\"2200\" \/>\n\t<meta property=\"og:image:height\" content=\"1417\" \/>\n\t<meta property=\"og:image:type\" content=\"image\/jpeg\" \/>\n<meta name=\"author\" content=\"Martin Hufner\" \/>\n<script type=\"application\/ld+json\" class=\"yoast-schema-graph\">{\"@context\":\"https:\\\/\\\/schema.org\",\"@graph\":[{\"@type\":\"Article\",\"@id\":\"https:\\\/\\\/www.jazzzeitung.de\\\/cms\\\/2020\\\/10\\\/die-jazz-radiowoche-vom-26-10-20-bis-01-11-2020\\\/#article\",\"isPartOf\":{\"@id\":\"https:\\\/\\\/www.jazzzeitung.de\\\/cms\\\/2020\\\/10\\\/die-jazz-radiowoche-vom-26-10-20-bis-01-11-2020\\\/\"},\"author\":{\"name\":\"Martin Hufner\",\"@id\":\"https:\\\/\\\/www.jazzzeitung.de\\\/cms\\\/#\\\/schema\\\/person\\\/b9a4e5ac765d94fb8f617bfa8f1fc5f7\"},\"headline\":\"Die Jazz-Radiowoche vom 26.10.20 bis 01.11.2020\",\"datePublished\":\"2020-10-25T11:00:17+00:00\",\"mainEntityOfPage\":{\"@id\":\"https:\\\/\\\/www.jazzzeitung.de\\\/cms\\\/2020\\\/10\\\/die-jazz-radiowoche-vom-26-10-20-bis-01-11-2020\\\/\"},\"wordCount\":3531,\"commentCount\":0,\"publisher\":{\"@id\":\"https:\\\/\\\/www.jazzzeitung.de\\\/cms\\\/#organization\"},\"image\":{\"@id\":\"https:\\\/\\\/www.jazzzeitung.de\\\/cms\\\/2020\\\/10\\\/die-jazz-radiowoche-vom-26-10-20-bis-01-11-2020\\\/#primaryimage\"},\"thumbnailUrl\":\"https:\\\/\\\/i0.wp.com\\\/www.jazzzeitung.de\\\/cms\\\/wp-content\\\/uploads\\\/2019\\\/03\\\/jazz_im_radio.jpg?fit=2200%2C1417&ssl=1\",\"keywords\":[\"Jazz im Radio\"],\"articleSection\":[\"News\",\"Radio\"],\"inLanguage\":\"de\",\"potentialAction\":[{\"@type\":\"CommentAction\",\"name\":\"Comment\",\"target\":[\"https:\\\/\\\/www.jazzzeitung.de\\\/cms\\\/2020\\\/10\\\/die-jazz-radiowoche-vom-26-10-20-bis-01-11-2020\\\/#respond\"]}]},{\"@type\":\"WebPage\",\"@id\":\"https:\\\/\\\/www.jazzzeitung.de\\\/cms\\\/2020\\\/10\\\/die-jazz-radiowoche-vom-26-10-20-bis-01-11-2020\\\/\",\"url\":\"https:\\\/\\\/www.jazzzeitung.de\\\/cms\\\/2020\\\/10\\\/die-jazz-radiowoche-vom-26-10-20-bis-01-11-2020\\\/\",\"name\":\"Die Jazz-Radiowoche vom 26.10.20 bis 01.11.2020 - JazzZeitung\",\"isPartOf\":{\"@id\":\"https:\\\/\\\/www.jazzzeitung.de\\\/cms\\\/#website\"},\"primaryImageOfPage\":{\"@id\":\"https:\\\/\\\/www.jazzzeitung.de\\\/cms\\\/2020\\\/10\\\/die-jazz-radiowoche-vom-26-10-20-bis-01-11-2020\\\/#primaryimage\"},\"image\":{\"@id\":\"https:\\\/\\\/www.jazzzeitung.de\\\/cms\\\/2020\\\/10\\\/die-jazz-radiowoche-vom-26-10-20-bis-01-11-2020\\\/#primaryimage\"},\"thumbnailUrl\":\"https:\\\/\\\/i0.wp.com\\\/www.jazzzeitung.de\\\/cms\\\/wp-content\\\/uploads\\\/2019\\\/03\\\/jazz_im_radio.jpg?fit=2200%2C1417&ssl=1\",\"datePublished\":\"2020-10-25T11:00:17+00:00\",\"breadcrumb\":{\"@id\":\"https:\\\/\\\/www.jazzzeitung.de\\\/cms\\\/2020\\\/10\\\/die-jazz-radiowoche-vom-26-10-20-bis-01-11-2020\\\/#breadcrumb\"},\"inLanguage\":\"de\",\"potentialAction\":[{\"@type\":\"ReadAction\",\"target\":[\"https:\\\/\\\/www.jazzzeitung.de\\\/cms\\\/2020\\\/10\\\/die-jazz-radiowoche-vom-26-10-20-bis-01-11-2020\\\/\"]}]},{\"@type\":\"ImageObject\",\"inLanguage\":\"de\",\"@id\":\"https:\\\/\\\/www.jazzzeitung.de\\\/cms\\\/2020\\\/10\\\/die-jazz-radiowoche-vom-26-10-20-bis-01-11-2020\\\/#primaryimage\",\"url\":\"https:\\\/\\\/i0.wp.com\\\/www.jazzzeitung.de\\\/cms\\\/wp-content\\\/uploads\\\/2019\\\/03\\\/jazz_im_radio.jpg?fit=2200%2C1417&ssl=1\",\"contentUrl\":\"https:\\\/\\\/i0.wp.com\\\/www.jazzzeitung.de\\\/cms\\\/wp-content\\\/uploads\\\/2019\\\/03\\\/jazz_im_radio.jpg?fit=2200%2C1417&ssl=1\",\"width\":2200,\"height\":1417,\"caption\":\"Jazz im Radio. Foto: Hufner\"},{\"@type\":\"BreadcrumbList\",\"@id\":\"https:\\\/\\\/www.jazzzeitung.de\\\/cms\\\/2020\\\/10\\\/die-jazz-radiowoche-vom-26-10-20-bis-01-11-2020\\\/#breadcrumb\",\"itemListElement\":[{\"@type\":\"ListItem\",\"position\":1,\"name\":\"Startseite\",\"item\":\"https:\\\/\\\/www.jazzzeitung.de\\\/cms\\\/\"},{\"@type\":\"ListItem\",\"position\":2,\"name\":\"Die Jazz-Radiowoche vom 26.10.20 bis 01.11.2020\"}]},{\"@type\":\"WebSite\",\"@id\":\"https:\\\/\\\/www.jazzzeitung.de\\\/cms\\\/#website\",\"url\":\"https:\\\/\\\/www.jazzzeitung.de\\\/cms\\\/\",\"name\":\"JazzZeitung\",\"description\":\"Jazz-News und Jazz-Kontroverses\",\"publisher\":{\"@id\":\"https:\\\/\\\/www.jazzzeitung.de\\\/cms\\\/#organization\"},\"potentialAction\":[{\"@type\":\"SearchAction\",\"target\":{\"@type\":\"EntryPoint\",\"urlTemplate\":\"https:\\\/\\\/www.jazzzeitung.de\\\/cms\\\/?s={search_term_string}\"},\"query-input\":{\"@type\":\"PropertyValueSpecification\",\"valueRequired\":true,\"valueName\":\"search_term_string\"}}],\"inLanguage\":\"de\"},{\"@type\":\"Organization\",\"@id\":\"https:\\\/\\\/www.jazzzeitung.de\\\/cms\\\/#organization\",\"name\":\"JazzZeitung online\",\"url\":\"https:\\\/\\\/www.jazzzeitung.de\\\/cms\\\/\",\"logo\":{\"@type\":\"ImageObject\",\"inLanguage\":\"de\",\"@id\":\"https:\\\/\\\/www.jazzzeitung.de\\\/cms\\\/#\\\/schema\\\/logo\\\/image\\\/\",\"url\":\"https:\\\/\\\/i0.wp.com\\\/www.jazzzeitung.de\\\/cms\\\/wp-content\\\/uploads\\\/2015\\\/08\\\/JAZZZEITUNGDE_Logo_Neu.png?fit=499%2C200&ssl=1\",\"contentUrl\":\"https:\\\/\\\/i0.wp.com\\\/www.jazzzeitung.de\\\/cms\\\/wp-content\\\/uploads\\\/2015\\\/08\\\/JAZZZEITUNGDE_Logo_Neu.png?fit=499%2C200&ssl=1\",\"width\":499,\"height\":200,\"caption\":\"JazzZeitung online\"},\"image\":{\"@id\":\"https:\\\/\\\/www.jazzzeitung.de\\\/cms\\\/#\\\/schema\\\/logo\\\/image\\\/\"},\"sameAs\":[\"https:\\\/\\\/www.facebook.com\\\/JazzZeitung\\\/\"]},{\"@type\":\"Person\",\"@id\":\"https:\\\/\\\/www.jazzzeitung.de\\\/cms\\\/#\\\/schema\\\/person\\\/b9a4e5ac765d94fb8f617bfa8f1fc5f7\",\"name\":\"Martin Hufner\",\"image\":{\"@type\":\"ImageObject\",\"inLanguage\":\"de\",\"@id\":\"https:\\\/\\\/i0.wp.com\\\/www.jazzzeitung.de\\\/cms\\\/wp-content\\\/uploads\\\/2013\\\/07\\\/huf-06.jpg?resize=96%2C96&ssl=15fcc31aa94540751a3b804516452be00\",\"url\":\"https:\\\/\\\/i0.wp.com\\\/www.jazzzeitung.de\\\/cms\\\/wp-content\\\/uploads\\\/2013\\\/07\\\/huf-06.jpg?resize=96%2C96&ssl=1\",\"contentUrl\":\"https:\\\/\\\/i0.wp.com\\\/www.jazzzeitung.de\\\/cms\\\/wp-content\\\/uploads\\\/2013\\\/07\\\/huf-06.jpg?resize=96%2C96&ssl=1\",\"caption\":\"Martin Hufner\"},\"description\":\"Martin Hufner ist freier Autor der JazzZeitung.\",\"sameAs\":[\"https:\\\/\\\/www.kritische-masse.de\\\/logbuch\",\"https:\\\/\\\/www.facebook.com\\\/hufner\"],\"url\":\"https:\\\/\\\/www.jazzzeitung.de\\\/cms\\\/author\\\/admin\\\/\"}]}<\/script>\n<!-- \/ Yoast SEO plugin. -->","yoast_head_json":{"title":"Die Jazz-Radiowoche vom 26.10.20 bis 01.11.2020 - JazzZeitung","robots":{"index":"index","follow":"follow","max-snippet":"max-snippet:-1","max-image-preview":"max-image-preview:large","max-video-preview":"max-video-preview:-1"},"canonical":"https:\/\/www.jazzzeitung.de\/cms\/2020\/10\/die-jazz-radiowoche-vom-26-10-20-bis-01-11-2020\/","og_locale":"de_DE","og_type":"article","og_title":"Die Jazz-Radiowoche vom 26.10.20 bis 01.11.2020 - JazzZeitung","og_description":"Ein kleiner Blick in die Jazzwoche 44 im Radio. Alle Angaben ohne Gew\u00e4hr. Unter anderem: Deutsches Jazzfestival Frankfurt 2020.","og_url":"https:\/\/www.jazzzeitung.de\/cms\/2020\/10\/die-jazz-radiowoche-vom-26-10-20-bis-01-11-2020\/","og_site_name":"JazzZeitung","article_publisher":"https:\/\/www.facebook.com\/JazzZeitung\/","article_author":"https:\/\/www.facebook.com\/hufner","article_published_time":"2020-10-25T11:00:17+00:00","og_image":[{"width":2200,"height":1417,"url":"https:\/\/i0.wp.com\/www.jazzzeitung.de\/cms\/wp-content\/uploads\/2019\/03\/jazz_im_radio.jpg?fit=2200%2C1417&ssl=1","type":"image\/jpeg"}],"author":"Martin Hufner","schema":{"@context":"https:\/\/schema.org","@graph":[{"@type":"Article","@id":"https:\/\/www.jazzzeitung.de\/cms\/2020\/10\/die-jazz-radiowoche-vom-26-10-20-bis-01-11-2020\/#article","isPartOf":{"@id":"https:\/\/www.jazzzeitung.de\/cms\/2020\/10\/die-jazz-radiowoche-vom-26-10-20-bis-01-11-2020\/"},"author":{"name":"Martin Hufner","@id":"https:\/\/www.jazzzeitung.de\/cms\/#\/schema\/person\/b9a4e5ac765d94fb8f617bfa8f1fc5f7"},"headline":"Die Jazz-Radiowoche vom 26.10.20 bis 01.11.2020","datePublished":"2020-10-25T11:00:17+00:00","mainEntityOfPage":{"@id":"https:\/\/www.jazzzeitung.de\/cms\/2020\/10\/die-jazz-radiowoche-vom-26-10-20-bis-01-11-2020\/"},"wordCount":3531,"commentCount":0,"publisher":{"@id":"https:\/\/www.jazzzeitung.de\/cms\/#organization"},"image":{"@id":"https:\/\/www.jazzzeitung.de\/cms\/2020\/10\/die-jazz-radiowoche-vom-26-10-20-bis-01-11-2020\/#primaryimage"},"thumbnailUrl":"https:\/\/i0.wp.com\/www.jazzzeitung.de\/cms\/wp-content\/uploads\/2019\/03\/jazz_im_radio.jpg?fit=2200%2C1417&ssl=1","keywords":["Jazz im Radio"],"articleSection":["News","Radio"],"inLanguage":"de","potentialAction":[{"@type":"CommentAction","name":"Comment","target":["https:\/\/www.jazzzeitung.de\/cms\/2020\/10\/die-jazz-radiowoche-vom-26-10-20-bis-01-11-2020\/#respond"]}]},{"@type":"WebPage","@id":"https:\/\/www.jazzzeitung.de\/cms\/2020\/10\/die-jazz-radiowoche-vom-26-10-20-bis-01-11-2020\/","url":"https:\/\/www.jazzzeitung.de\/cms\/2020\/10\/die-jazz-radiowoche-vom-26-10-20-bis-01-11-2020\/","name":"Die Jazz-Radiowoche vom 26.10.20 bis 01.11.2020 - JazzZeitung","isPartOf":{"@id":"https:\/\/www.jazzzeitung.de\/cms\/#website"},"primaryImageOfPage":{"@id":"https:\/\/www.jazzzeitung.de\/cms\/2020\/10\/die-jazz-radiowoche-vom-26-10-20-bis-01-11-2020\/#primaryimage"},"image":{"@id":"https:\/\/www.jazzzeitung.de\/cms\/2020\/10\/die-jazz-radiowoche-vom-26-10-20-bis-01-11-2020\/#primaryimage"},"thumbnailUrl":"https:\/\/i0.wp.com\/www.jazzzeitung.de\/cms\/wp-content\/uploads\/2019\/03\/jazz_im_radio.jpg?fit=2200%2C1417&ssl=1","datePublished":"2020-10-25T11:00:17+00:00","breadcrumb":{"@id":"https:\/\/www.jazzzeitung.de\/cms\/2020\/10\/die-jazz-radiowoche-vom-26-10-20-bis-01-11-2020\/#breadcrumb"},"inLanguage":"de","potentialAction":[{"@type":"ReadAction","target":["https:\/\/www.jazzzeitung.de\/cms\/2020\/10\/die-jazz-radiowoche-vom-26-10-20-bis-01-11-2020\/"]}]},{"@type":"ImageObject","inLanguage":"de","@id":"https:\/\/www.jazzzeitung.de\/cms\/2020\/10\/die-jazz-radiowoche-vom-26-10-20-bis-01-11-2020\/#primaryimage","url":"https:\/\/i0.wp.com\/www.jazzzeitung.de\/cms\/wp-content\/uploads\/2019\/03\/jazz_im_radio.jpg?fit=2200%2C1417&ssl=1","contentUrl":"https:\/\/i0.wp.com\/www.jazzzeitung.de\/cms\/wp-content\/uploads\/2019\/03\/jazz_im_radio.jpg?fit=2200%2C1417&ssl=1","width":2200,"height":1417,"caption":"Jazz im Radio. Foto: Hufner"},{"@type":"BreadcrumbList","@id":"https:\/\/www.jazzzeitung.de\/cms\/2020\/10\/die-jazz-radiowoche-vom-26-10-20-bis-01-11-2020\/#breadcrumb","itemListElement":[{"@type":"ListItem","position":1,"name":"Startseite","item":"https:\/\/www.jazzzeitung.de\/cms\/"},{"@type":"ListItem","position":2,"name":"Die Jazz-Radiowoche vom 26.10.20 bis 01.11.2020"}]},{"@type":"WebSite","@id":"https:\/\/www.jazzzeitung.de\/cms\/#website","url":"https:\/\/www.jazzzeitung.de\/cms\/","name":"JazzZeitung","description":"Jazz-News und Jazz-Kontroverses","publisher":{"@id":"https:\/\/www.jazzzeitung.de\/cms\/#organization"},"potentialAction":[{"@type":"SearchAction","target":{"@type":"EntryPoint","urlTemplate":"https:\/\/www.jazzzeitung.de\/cms\/?s={search_term_string}"},"query-input":{"@type":"PropertyValueSpecification","valueRequired":true,"valueName":"search_term_string"}}],"inLanguage":"de"},{"@type":"Organization","@id":"https:\/\/www.jazzzeitung.de\/cms\/#organization","name":"JazzZeitung online","url":"https:\/\/www.jazzzeitung.de\/cms\/","logo":{"@type":"ImageObject","inLanguage":"de","@id":"https:\/\/www.jazzzeitung.de\/cms\/#\/schema\/logo\/image\/","url":"https:\/\/i0.wp.com\/www.jazzzeitung.de\/cms\/wp-content\/uploads\/2015\/08\/JAZZZEITUNGDE_Logo_Neu.png?fit=499%2C200&ssl=1","contentUrl":"https:\/\/i0.wp.com\/www.jazzzeitung.de\/cms\/wp-content\/uploads\/2015\/08\/JAZZZEITUNGDE_Logo_Neu.png?fit=499%2C200&ssl=1","width":499,"height":200,"caption":"JazzZeitung online"},"image":{"@id":"https:\/\/www.jazzzeitung.de\/cms\/#\/schema\/logo\/image\/"},"sameAs":["https:\/\/www.facebook.com\/JazzZeitung\/"]},{"@type":"Person","@id":"https:\/\/www.jazzzeitung.de\/cms\/#\/schema\/person\/b9a4e5ac765d94fb8f617bfa8f1fc5f7","name":"Martin Hufner","image":{"@type":"ImageObject","inLanguage":"de","@id":"https:\/\/i0.wp.com\/www.jazzzeitung.de\/cms\/wp-content\/uploads\/2013\/07\/huf-06.jpg?resize=96%2C96&ssl=15fcc31aa94540751a3b804516452be00","url":"https:\/\/i0.wp.com\/www.jazzzeitung.de\/cms\/wp-content\/uploads\/2013\/07\/huf-06.jpg?resize=96%2C96&ssl=1","contentUrl":"https:\/\/i0.wp.com\/www.jazzzeitung.de\/cms\/wp-content\/uploads\/2013\/07\/huf-06.jpg?resize=96%2C96&ssl=1","caption":"Martin Hufner"},"description":"Martin Hufner ist freier Autor der JazzZeitung.","sameAs":["https:\/\/www.kritische-masse.de\/logbuch","https:\/\/www.facebook.com\/hufner"],"url":"https:\/\/www.jazzzeitung.de\/cms\/author\/admin\/"}]}},"wp-worthy-pixel":{"ignored":true,"public":null,"server":null,"url":null},"wp-worthy-type":"normal","jetpack_publicize_connections":[],"cc_featured_image_caption":{"caption_text":"Jazz im Radio","source_text":"Foto: Hufner","source_url":"https:\/\/www.musikkritik.org"},"jetpack_featured_media_url":"https:\/\/i0.wp.com\/www.jazzzeitung.de\/cms\/wp-content\/uploads\/2019\/03\/jazz_im_radio.jpg?fit=2200%2C1417&ssl=1","jetpack_shortlink":"https:\/\/wp.me\/p3KEcT-69P","jetpack-related-posts":[{"id":22236,"url":"https:\/\/www.jazzzeitung.de\/cms\/2020\/03\/die-jazz-radiowoche-vom-30-03-20-bis-05-04-20\/","url_meta":{"origin":23673,"position":0},"title":"Die Jazz-Radiowoche vom 30.03.20 bis 05.04.20","author":"Martin Hufner","date":"29. M\u00e4rz 2020","format":false,"excerpt":"Ein kleiner Blick in die Jazzwoche 14 im Radio. Alle Angaben ohne Gew\u00e4hr. Jazz im Radio (Fernsehen) SR2 \u2013 JazzNow \u2013 Sonntags von 20.04 bis 22.30 Uhr BR-KLASSIK \u2013 Jazztime \u2013 Von Montag bis Freitag t\u00e4glich um 23.05 Uhr rbb-kultur \u2013 Late Night Jazz \u2013 Sa und So 23:04 \u2013\u2026","rel":"","context":"In &quot;News&quot;","block_context":{"text":"News","link":"https:\/\/www.jazzzeitung.de\/cms\/thema\/nachrichten\/"},"img":{"alt_text":"Jazz im Radio. Foto: Hufner","src":"https:\/\/i0.wp.com\/www.jazzzeitung.de\/cms\/wp-content\/uploads\/2019\/03\/jazz_im_radio.jpg?fit=1200%2C773&ssl=1&resize=350%2C200","width":350,"height":200,"srcset":"https:\/\/i0.wp.com\/www.jazzzeitung.de\/cms\/wp-content\/uploads\/2019\/03\/jazz_im_radio.jpg?fit=1200%2C773&ssl=1&resize=350%2C200 1x, https:\/\/i0.wp.com\/www.jazzzeitung.de\/cms\/wp-content\/uploads\/2019\/03\/jazz_im_radio.jpg?fit=1200%2C773&ssl=1&resize=525%2C300 1.5x, https:\/\/i0.wp.com\/www.jazzzeitung.de\/cms\/wp-content\/uploads\/2019\/03\/jazz_im_radio.jpg?fit=1200%2C773&ssl=1&resize=700%2C400 2x, https:\/\/i0.wp.com\/www.jazzzeitung.de\/cms\/wp-content\/uploads\/2019\/03\/jazz_im_radio.jpg?fit=1200%2C773&ssl=1&resize=1050%2C600 3x"},"classes":[]},{"id":23939,"url":"https:\/\/www.jazzzeitung.de\/cms\/2020\/12\/die-jazz-radiowoche-vom-7-12-20-bis-13-12-2020\/","url_meta":{"origin":23673,"position":1},"title":"Die Jazz-Radiowoche vom 7.12.20 bis 13.12.2020","author":"Martin Hufner","date":"6. Dezember 2020","format":false,"excerpt":"Ein kleiner Blick in die Jazzwoche 50 im Radio. Der ist dieses mal so klein, es steht da n\u00e4mlich gar nichts drin.Grund daf\u00fcr: Die Suchmaschine f\u00fcr Radiosendungen der ARD gibt am dem 7.12.2020 keine Ergebnisse heraus. Versuche der Kontaktaufnahme mit der ARD sind ohne Echo verhallt. Aktuell bleibt es bei\u2026","rel":"","context":"In &quot;News&quot;","block_context":{"text":"News","link":"https:\/\/www.jazzzeitung.de\/cms\/thema\/nachrichten\/"},"img":{"alt_text":"Jazz im Radio. Foto: Hufner","src":"https:\/\/i0.wp.com\/www.jazzzeitung.de\/cms\/wp-content\/uploads\/2019\/03\/jazz_im_radio.jpg?fit=1200%2C773&ssl=1&resize=350%2C200","width":350,"height":200,"srcset":"https:\/\/i0.wp.com\/www.jazzzeitung.de\/cms\/wp-content\/uploads\/2019\/03\/jazz_im_radio.jpg?fit=1200%2C773&ssl=1&resize=350%2C200 1x, https:\/\/i0.wp.com\/www.jazzzeitung.de\/cms\/wp-content\/uploads\/2019\/03\/jazz_im_radio.jpg?fit=1200%2C773&ssl=1&resize=525%2C300 1.5x, https:\/\/i0.wp.com\/www.jazzzeitung.de\/cms\/wp-content\/uploads\/2019\/03\/jazz_im_radio.jpg?fit=1200%2C773&ssl=1&resize=700%2C400 2x, https:\/\/i0.wp.com\/www.jazzzeitung.de\/cms\/wp-content\/uploads\/2019\/03\/jazz_im_radio.jpg?fit=1200%2C773&ssl=1&resize=1050%2C600 3x"},"classes":[]},{"id":21609,"url":"https:\/\/www.jazzzeitung.de\/cms\/2020\/01\/die-jazz-radiowoche-vom-06-01-20-bis-12-01-20-notausgabe\/","url_meta":{"origin":23673,"position":2},"title":"Die Jazz-Radiowoche vom 06.01.20 bis 12.01.20 (Notausgabe)","author":"Martin Hufner","date":"5. Januar 2020","format":false,"excerpt":"Ein kleiner Blick in die Jazzwoche 02 im Radio. Notausgabe! Die \u00dcbersicht zum Download als PDF. Alle Angaben ohne Gew\u00e4hr. Jazz im Radio (Fernsehen) SR2 \u2013 JazzNow \u2013 Sonntags von 20.04 bis 22.30 Uhr BR-KLASSIK \u2013 Jazztime \u2013 Von Montag bis Freitag t\u00e4glich um 23.05 Uhr rbb-kultur \u2013 Late Night\u2026","rel":"","context":"In &quot;News&quot;","block_context":{"text":"News","link":"https:\/\/www.jazzzeitung.de\/cms\/thema\/nachrichten\/"},"img":{"alt_text":"Jazz im Radio. Foto: Hufner","src":"https:\/\/i0.wp.com\/www.jazzzeitung.de\/cms\/wp-content\/uploads\/2019\/03\/jazz_im_radio.jpg?fit=1200%2C773&ssl=1&resize=350%2C200","width":350,"height":200,"srcset":"https:\/\/i0.wp.com\/www.jazzzeitung.de\/cms\/wp-content\/uploads\/2019\/03\/jazz_im_radio.jpg?fit=1200%2C773&ssl=1&resize=350%2C200 1x, https:\/\/i0.wp.com\/www.jazzzeitung.de\/cms\/wp-content\/uploads\/2019\/03\/jazz_im_radio.jpg?fit=1200%2C773&ssl=1&resize=525%2C300 1.5x, https:\/\/i0.wp.com\/www.jazzzeitung.de\/cms\/wp-content\/uploads\/2019\/03\/jazz_im_radio.jpg?fit=1200%2C773&ssl=1&resize=700%2C400 2x, https:\/\/i0.wp.com\/www.jazzzeitung.de\/cms\/wp-content\/uploads\/2019\/03\/jazz_im_radio.jpg?fit=1200%2C773&ssl=1&resize=1050%2C600 3x"},"classes":[]},{"id":23982,"url":"https:\/\/www.jazzzeitung.de\/cms\/2020\/12\/die-jazz-radiowoche-vom-14-12-20-bis-31-12-2020\/","url_meta":{"origin":23673,"position":3},"title":"Die Jazz-Radiowoche vom 14.12.20 bis 31.12.2020","author":"Martin Hufner","date":"13. Dezember 2020","format":false,"excerpt":"Ein kleiner Blick in Restmonat. Die Suchmaschine der ARD hat ihren Dienst am 7.12.2020 eingestellt. Nachfragen haben nur gezeigt, dass die Veranwortlichen kein Interesse daran haben, das zu kommunizieren. Weder ist herauszubekommen, wer das veranlasst hat noch warum. Danke ARD! F\u00fcr nichts. Jetzt schauen wir mal, wie es weiter geht.\u2026","rel":"","context":"In &quot;News&quot;","block_context":{"text":"News","link":"https:\/\/www.jazzzeitung.de\/cms\/thema\/nachrichten\/"},"img":{"alt_text":"Jazz im Radio. Foto: Hufner","src":"https:\/\/i0.wp.com\/www.jazzzeitung.de\/cms\/wp-content\/uploads\/2019\/03\/jazz_im_radio.jpg?fit=1200%2C773&ssl=1&resize=350%2C200","width":350,"height":200,"srcset":"https:\/\/i0.wp.com\/www.jazzzeitung.de\/cms\/wp-content\/uploads\/2019\/03\/jazz_im_radio.jpg?fit=1200%2C773&ssl=1&resize=350%2C200 1x, https:\/\/i0.wp.com\/www.jazzzeitung.de\/cms\/wp-content\/uploads\/2019\/03\/jazz_im_radio.jpg?fit=1200%2C773&ssl=1&resize=525%2C300 1.5x, https:\/\/i0.wp.com\/www.jazzzeitung.de\/cms\/wp-content\/uploads\/2019\/03\/jazz_im_radio.jpg?fit=1200%2C773&ssl=1&resize=700%2C400 2x, https:\/\/i0.wp.com\/www.jazzzeitung.de\/cms\/wp-content\/uploads\/2019\/03\/jazz_im_radio.jpg?fit=1200%2C773&ssl=1&resize=1050%2C600 3x"},"classes":[]},{"id":22441,"url":"https:\/\/www.jazzzeitung.de\/cms\/2020\/05\/die-jazz-radiowoche-vom-04-05-20-bis-10-05-20\/","url_meta":{"origin":23673,"position":4},"title":"Die Jazz-Radiowoche vom 04.05.20 bis 10.05.20","author":"Martin Hufner","date":"3. Mai 2020","format":false,"excerpt":"Ein kleiner Blick in die Jazzwoche 19 im Radio. Alle Angaben ohne Gew\u00e4hr. Jazz Special \u2013 Fire Music \u2013 Die unheilige Allianz von Jazz und Krieg | The Space Between \u2013 Mikrotonalit\u00e4t im Jazz","rel":"","context":"In &quot;News&quot;","block_context":{"text":"News","link":"https:\/\/www.jazzzeitung.de\/cms\/thema\/nachrichten\/"},"img":{"alt_text":"Jazz im Radio. Foto: Hufner","src":"https:\/\/i0.wp.com\/www.jazzzeitung.de\/cms\/wp-content\/uploads\/2019\/03\/jazz_im_radio.jpg?fit=1200%2C773&ssl=1&resize=350%2C200","width":350,"height":200,"srcset":"https:\/\/i0.wp.com\/www.jazzzeitung.de\/cms\/wp-content\/uploads\/2019\/03\/jazz_im_radio.jpg?fit=1200%2C773&ssl=1&resize=350%2C200 1x, https:\/\/i0.wp.com\/www.jazzzeitung.de\/cms\/wp-content\/uploads\/2019\/03\/jazz_im_radio.jpg?fit=1200%2C773&ssl=1&resize=525%2C300 1.5x, https:\/\/i0.wp.com\/www.jazzzeitung.de\/cms\/wp-content\/uploads\/2019\/03\/jazz_im_radio.jpg?fit=1200%2C773&ssl=1&resize=700%2C400 2x, https:\/\/i0.wp.com\/www.jazzzeitung.de\/cms\/wp-content\/uploads\/2019\/03\/jazz_im_radio.jpg?fit=1200%2C773&ssl=1&resize=1050%2C600 3x"},"classes":[]},{"id":23018,"url":"https:\/\/www.jazzzeitung.de\/cms\/2020\/07\/die-jazz-radiowoche-vom-27-07-20-bis-02-08-20\/","url_meta":{"origin":23673,"position":5},"title":"Die Jazz-Radiowoche vom 27.07.20 bis 02.08.20","author":"Martin Hufner","date":"26. Juli 2020","format":false,"excerpt":"Ein kleiner Blick in die Jazzwoche 31 im Radio. Alle Angaben ohne Gew\u00e4hr. Unter anderem: Live Jazz: Laura Jurd\u2019s Dinosaur | 50. Deutsches Jazzfestival Frankfurt 2019.","rel":"","context":"In &quot;News&quot;","block_context":{"text":"News","link":"https:\/\/www.jazzzeitung.de\/cms\/thema\/nachrichten\/"},"img":{"alt_text":"Jazz im Radio. Foto: Hufner","src":"https:\/\/i0.wp.com\/www.jazzzeitung.de\/cms\/wp-content\/uploads\/2019\/03\/jazz_im_radio.jpg?fit=1200%2C773&ssl=1&resize=350%2C200","width":350,"height":200,"srcset":"https:\/\/i0.wp.com\/www.jazzzeitung.de\/cms\/wp-content\/uploads\/2019\/03\/jazz_im_radio.jpg?fit=1200%2C773&ssl=1&resize=350%2C200 1x, https:\/\/i0.wp.com\/www.jazzzeitung.de\/cms\/wp-content\/uploads\/2019\/03\/jazz_im_radio.jpg?fit=1200%2C773&ssl=1&resize=525%2C300 1.5x, https:\/\/i0.wp.com\/www.jazzzeitung.de\/cms\/wp-content\/uploads\/2019\/03\/jazz_im_radio.jpg?fit=1200%2C773&ssl=1&resize=700%2C400 2x, https:\/\/i0.wp.com\/www.jazzzeitung.de\/cms\/wp-content\/uploads\/2019\/03\/jazz_im_radio.jpg?fit=1200%2C773&ssl=1&resize=1050%2C600 3x"},"classes":[]}],"jetpack_sharing_enabled":false,"_links":{"self":[{"href":"https:\/\/www.jazzzeitung.de\/cms\/wp-json\/wp\/v2\/posts\/23673","targetHints":{"allow":["GET"]}}],"collection":[{"href":"https:\/\/www.jazzzeitung.de\/cms\/wp-json\/wp\/v2\/posts"}],"about":[{"href":"https:\/\/www.jazzzeitung.de\/cms\/wp-json\/wp\/v2\/types\/post"}],"author":[{"embeddable":true,"href":"https:\/\/www.jazzzeitung.de\/cms\/wp-json\/wp\/v2\/users\/1"}],"replies":[{"embeddable":true,"href":"https:\/\/www.jazzzeitung.de\/cms\/wp-json\/wp\/v2\/comments?post=23673"}],"version-history":[{"count":2,"href":"https:\/\/www.jazzzeitung.de\/cms\/wp-json\/wp\/v2\/posts\/23673\/revisions"}],"predecessor-version":[{"id":23675,"href":"https:\/\/www.jazzzeitung.de\/cms\/wp-json\/wp\/v2\/posts\/23673\/revisions\/23675"}],"wp:featuredmedia":[{"embeddable":true,"href":"https:\/\/www.jazzzeitung.de\/cms\/wp-json\/wp\/v2\/media\/18913"}],"wp:attachment":[{"href":"https:\/\/www.jazzzeitung.de\/cms\/wp-json\/wp\/v2\/media?parent=23673"}],"wp:term":[{"taxonomy":"category","embeddable":true,"href":"https:\/\/www.jazzzeitung.de\/cms\/wp-json\/wp\/v2\/categories?post=23673"},{"taxonomy":"post_tag","embeddable":true,"href":"https:\/\/www.jazzzeitung.de\/cms\/wp-json\/wp\/v2\/tags?post=23673"},{"taxonomy":"author","embeddable":true,"href":"https:\/\/www.jazzzeitung.de\/cms\/wp-json\/wp\/v2\/coauthors?post=23673"}],"curies":[{"name":"wp","href":"https:\/\/api.w.org\/{rel}","templated":true}]}}