{"id":23478,"date":"2020-10-01T07:53:29","date_gmt":"2020-10-01T05:53:29","guid":{"rendered":"https:\/\/www.jazzzeitung.de\/cms\/?p=23478"},"modified":"2020-09-29T17:55:21","modified_gmt":"2020-09-29T15:55:21","slug":"kuespert-kollegen-das-cabinet-des-dr-caligari-in-baku","status":"publish","type":"post","link":"https:\/\/www.jazzzeitung.de\/cms\/2020\/10\/kuespert-kollegen-das-cabinet-des-dr-caligari-in-baku\/","title":{"rendered":"K\u00fcspert &#038; Kollegen: \u201eDas Cabinet des Dr. Caligari&#8220; in Baku"},"content":{"rendered":"<h3>Jazzfestival Baku im Staatsfernsehen<\/h3>\n<p>Durchhalteverm\u00f6gen brauchen die Besucher des Jazzfestivals Baku am Kaspischen Meer, um Top Acts wie die holl\u00e4ndische Saxophonistin Candy Dulfer erleben zu k\u00f6nnen \u2013 und das deutsche Ensemble &#8222;K\u00fcspert &amp; Kollegen&#8220;.<\/p>\n<p>Corona-bedingt treten die 16 Ensembles nicht live auf, sondern werden vom aserbaidschanischen Staatsfernsehen \u2013 in Zusammenarbeit mit dem Goethe-Institut \u2013 ausgestrahlt. Die Sendungen fangen am zweiten Oktoberwochenende um elf Uhr nachts an. International wird das Festival jede Nacht zum Finale. Auf die Prince-Begleiterin Dulfer folgt am Samstag das deutsche Ensemble &#8222;K\u00fcspert &amp; Kollegen&#8220;: Till Martin an Saxophon und Klarinetten, Schlagzeuger Bastian J\u00fctte, Kontrabassist Dietmar Fuhr sowie Gitarrist und Komponist Werner K\u00fcspert.<\/p>\n<h3>Lizenzrechtliche Probleme der Filmvertonung<\/h3>\n<p>Das Quartett vertont live den Stummfilm \u201eDas Cabinet des Dr. Caligari\u201c von 1920, aufgezeichnet in einer Konzerthalle bei W\u00fcrzburg; wegen Corona spielen die Musiker ohne Publikum. Bis hierhin war es ein weiter Weg. Urspr\u00fcnglich war Friedrich Wilhelm Murnaus \u201eDer Gang in die Nacht\u201c f\u00fcr Baku vorgesehen. K\u00fcspert hatte das Suizid-Drama nach Stimmungen analysiert, eine Partitur geschrieben, die Eins\u00e4tze f\u00fcr Improvisationen augenblicksgenau festgelegt. Baku sollte eine Urauff\u00fchrung bekommen. Auch nach rund 80 solcher Arbeiten, die &#8222;K\u00fcspert &amp; Kollegen&#8220; bisher vorgelegt haben, ist derlei immer noch keine Routine. Dann kam die bittere Nachricht: Der Streifen \u201eDer Gang in die Nacht\u201c darf aus lizenzrechtlichen Gr\u00fcnden nicht noch einmal abgefilmt werden.<\/p>\n<figure id=\"attachment_23479\" aria-describedby=\"caption-attachment-23479\" style=\"width: 300px\" class=\"wp-caption alignleft\"><a href=\"https:\/\/i0.wp.com\/www.jazzzeitung.de\/cms\/wp-content\/uploads\/2020\/09\/FZ6_9130-scaled.jpg?ssl=1\"><img data-recalc-dims=\"1\" loading=\"lazy\" decoding=\"async\" data-attachment-id=\"23479\" data-permalink=\"https:\/\/www.jazzzeitung.de\/cms\/2020\/10\/kuespert-kollegen-das-cabinet-des-dr-caligari-in-baku\/fz6_9130\/\" data-orig-file=\"https:\/\/i0.wp.com\/www.jazzzeitung.de\/cms\/wp-content\/uploads\/2020\/09\/FZ6_9130-scaled.jpg?fit=2560%2C1703&amp;ssl=1\" data-orig-size=\"2560,1703\" data-comments-opened=\"1\" data-image-meta=\"{&quot;aperture&quot;:&quot;5&quot;,&quot;credit&quot;:&quot;KONSTANTIN_FISCHER&quot;,&quot;camera&quot;:&quot;NIKON Z 6&quot;,&quot;caption&quot;:&quot;&quot;,&quot;created_timestamp&quot;:&quot;1600703498&quot;,&quot;copyright&quot;:&quot;&quot;,&quot;focal_length&quot;:&quot;24&quot;,&quot;iso&quot;:&quot;4000&quot;,&quot;shutter_speed&quot;:&quot;0.02&quot;,&quot;title&quot;:&quot;&quot;,&quot;orientation&quot;:&quot;0&quot;}\" data-image-title=\"\" data-image-description=\"\" data-image-caption=\"&lt;p&gt;K\u00fcspert &amp;#038; Kollegen. Foto: Konstantin Fischer&lt;\/p&gt;\n\" data-large-file=\"https:\/\/i0.wp.com\/www.jazzzeitung.de\/cms\/wp-content\/uploads\/2020\/09\/FZ6_9130-scaled.jpg?fit=840%2C560&amp;ssl=1\" class=\"size-medium wp-image-23479\" src=\"https:\/\/i0.wp.com\/www.jazzzeitung.de\/cms\/wp-content\/uploads\/2020\/09\/FZ6_9130.jpg?resize=300%2C200&#038;ssl=1\" alt=\"\" width=\"300\" height=\"200\" srcset=\"https:\/\/i0.wp.com\/www.jazzzeitung.de\/cms\/wp-content\/uploads\/2020\/09\/FZ6_9130-scaled.jpg?resize=300%2C200&amp;ssl=1 300w, https:\/\/i0.wp.com\/www.jazzzeitung.de\/cms\/wp-content\/uploads\/2020\/09\/FZ6_9130-scaled.jpg?resize=900%2C600&amp;ssl=1 900w, https:\/\/i0.wp.com\/www.jazzzeitung.de\/cms\/wp-content\/uploads\/2020\/09\/FZ6_9130-scaled.jpg?resize=768%2C511&amp;ssl=1 768w, https:\/\/i0.wp.com\/www.jazzzeitung.de\/cms\/wp-content\/uploads\/2020\/09\/FZ6_9130-scaled.jpg?resize=1536%2C1022&amp;ssl=1 1536w, https:\/\/i0.wp.com\/www.jazzzeitung.de\/cms\/wp-content\/uploads\/2020\/09\/FZ6_9130-scaled.jpg?resize=2048%2C1363&amp;ssl=1 2048w, https:\/\/i0.wp.com\/www.jazzzeitung.de\/cms\/wp-content\/uploads\/2020\/09\/FZ6_9130-scaled.jpg?resize=120%2C80&amp;ssl=1 120w, https:\/\/i0.wp.com\/www.jazzzeitung.de\/cms\/wp-content\/uploads\/2020\/09\/FZ6_9130-scaled.jpg?resize=1320%2C878&amp;ssl=1 1320w, https:\/\/i0.wp.com\/www.jazzzeitung.de\/cms\/wp-content\/uploads\/2020\/09\/FZ6_9130-scaled.jpg?w=1680&amp;ssl=1 1680w, https:\/\/i0.wp.com\/www.jazzzeitung.de\/cms\/wp-content\/uploads\/2020\/09\/FZ6_9130-scaled.jpg?w=2520&amp;ssl=1 2520w\" sizes=\"auto, (max-width: 300px) 100vw, 300px\" \/><\/a><figcaption id=\"caption-attachment-23479\" class=\"wp-caption-text\">K\u00fcspert &amp; Kollegen. Foto: Konstantin Fischer<\/figcaption><\/figure>\n<p>Aber: \u201eWir haben relativ schnell einen anderen Film ausgesucht, den \u201aCaligari\u2019, und die Arbeit begann von neuem\u201c, erz\u00e4hlt Werner K\u00fcspert. Nun lief Robert Wienes \u201eCabinet\u201c bereits vielfach in vielen L\u00e4ndern mit &#8222;K &amp; K&#8220; -Vertonung. Gen\u00fcgte f\u00fcr den Austausch nicht ein beherzter Griff in das gro\u00dfe Repertoire?<\/p>\n<h3>\u00dcberarbeitung und Komplikationen<\/h3>\n<p>An sich schon, aber nicht f\u00fcr die geplante Videoaufnahme der Filmvorf\u00fchrung. F\u00fcr die Aufzeichnung l\u00e4uft der Film nicht mit 25 Bildern pro Sekunde, sondern nur mit 24, also langsamer. K\u00fcspert: \u201eDa passen dann etliche Abl\u00e4ufe nicht mehr richtig.\u201c Nicht so schlimm, f\u00fcr die Festivalauff\u00fchrung am Kaspischen Meer wollte er seine Musik sowieso \u201ekomplett \u00fcberarbeiten\u201c. So kommt der Gitarrist einer weiteren Urauff\u00fchrung n\u00e4her. Gedreht wird immer mit mindestens zwei Kameras: Eine f\u00e4ngt die komplette Leinwand ein, weitere Linsen sind aus verschiedenen Perspektiven auf die Musiker gerichtet.<\/p>\n<p>\u201eUnd dann ist da noch die Sache mit den Untertiteln\u201c, setzt K\u00fcspert die Geschichte der Komplikationen fort. Im Stummfilm werden meist Zwischentitel eingeblendet. Grade bei dem expressionistischen deutschen Zelluloidkunstwerk \u201eDas Cabinet des Dr. Caligari\u201c sind das kleine typografische Musterwerke. Manche Filme lassen sich mit englischen Untertiteln dieser Texttafeln vorf\u00fchren. Aber in Aserbaidschan ist Englisch als Fremdsprache wenig verbreitet. \u201eDeshalb musste mein Skript erst in Baku von Mitarbeitern des Goethe-Instituts ins Aserbaidschanische \u00fcbersetzt werden\u201c, so K\u00fcspert.<\/p>\n<h3>Jubil\u00e4umsfall<\/h3>\n<p>Ihn begeistert, dass Wiene den \u201eCaligari\u201c vor genau 100 Jahren rausbrachte: \u201eDamit hat das Pech mit dem anderen Film, den wir ja nicht aufzeichnen d\u00fcrfen, doch noch etwas Gutes. Denn zu solch einem Jubil\u00e4um so ein Projekt machen zu d\u00fcrfen, das ist f\u00fcr mich schon ein Gl\u00fccksfall sondergleichen!\u201c<\/p>\n<p>Autor: Joachim Fildhaut<\/p>\n<p>Die Ausstrahlung der Baku Jazz Festival TV Show findet am Samstag, 10. Oktober 2020, ab 23 Uhr statt. Weitere Informationen: <a href=\"https:\/\/www.bakujazzfestival.com\/\">https:\/\/www.bakujazzfestival.com\/<\/a><\/p>\n<p>Das Titelbild zeigt &#8222;K\u00fcspert &amp; Kollegen&#8220;. Foto: Torsten Repper<\/p>\n<p>&nbsp;<\/p>\n","protected":false},"excerpt":{"rendered":"<p>Jazzfestival Baku im Staatsfernsehen Durchhalteverm\u00f6gen brauchen die Besucher des Jazzfestivals Baku am Kaspischen Meer, um Top Acts wie die holl\u00e4ndische Saxophonistin Candy Dulfer erleben zu k\u00f6nnen \u2013 und das deutsche Ensemble &#8222;K\u00fcspert &amp; Kollegen&#8220;. Corona-bedingt treten die 16 Ensembles nicht live auf, sondern werden vom aserbaidschanischen Staatsfernsehen \u2013 in Zusammenarbeit mit dem Goethe-Institut \u2013 ausgestrahlt. Die Sendungen fangen am zweiten Oktoberwochenende um elf Uhr nachts an. International wird das Festival jede Nacht zum Finale. Auf die Prince-Begleiterin Dulfer folgt am Samstag das deutsche Ensemble &#8222;K\u00fcspert &amp; Kollegen&#8220;: Till Martin an Saxophon und Klarinetten, Schlagzeuger Bastian J\u00fctte, Kontrabassist Dietmar Fuhr sowie Gitarrist und Komponist Werner K\u00fcspert. Lizenzrechtliche Probleme der Filmvertonung Das Quartett vertont live den Stummfilm \u201eDas Cabinet des Dr. Caligari\u201c von 1920, aufgezeichnet in einer Konzerthalle bei W\u00fcrzburg; wegen Corona spielen die Musiker ohne Publikum. Bis hierhin war es ein weiter Weg. Urspr\u00fcnglich war Friedrich Wilhelm Murnaus \u201eDer Gang in die Nacht\u201c f\u00fcr Baku vorgesehen. K\u00fcspert hatte das Suizid-Drama nach Stimmungen analysiert, eine Partitur geschrieben, die Eins\u00e4tze f\u00fcr Improvisationen augenblicksgenau festgelegt. Baku sollte eine Urauff\u00fchrung bekommen. Auch nach rund 80 solcher Arbeiten, die &#8222;K\u00fcspert &amp; &hellip;<\/p>\n","protected":false},"author":18,"featured_media":23480,"comment_status":"open","ping_status":"closed","sticky":false,"template":"","format":"standard","meta":{"_jetpack_memberships_contains_paid_content":false,"footnotes":"","jetpack_publicize_message":"","jetpack_publicize_feature_enabled":true,"jetpack_social_post_already_shared":false,"jetpack_social_options":{"image_generator_settings":{"template":"highway","default_image_id":0,"font":"","enabled":false},"version":2}},"categories":[1053],"tags":[3093,3101,2287,1083,3097,3099,3096,3098,3094,3100,3095,2508],"coauthors":[695],"class_list":["post-23478","post","type-post","status-publish","format-standard","has-post-thumbnail","hentry","category-bericht","tag-baku","tag-baku-jazz-festival-tv-show","tag-bastian-juette","tag-candy-dulfer","tag-das-cabinet-des-dr-caligari","tag-der-gang-in-die-nacht","tag-dietmar-fuhr","tag-friedrich-wilhelm-murnau","tag-kuespert-kollegen","tag-robert-wiene","tag-till-martin","tag-werner-kuespert"],"yoast_head":"<!-- This site is optimized with the Yoast SEO plugin v27.5 - https:\/\/yoast.com\/product\/yoast-seo-wordpress\/ -->\n<title>K\u00fcspert &amp; Kollegen: \u201eDas Cabinet des Dr. Caligari&quot; in Baku - JazzZeitung<\/title>\n<meta name=\"robots\" content=\"index, follow, max-snippet:-1, max-image-preview:large, max-video-preview:-1\" \/>\n<link rel=\"canonical\" href=\"https:\/\/www.jazzzeitung.de\/cms\/2020\/10\/kuespert-kollegen-das-cabinet-des-dr-caligari-in-baku\/\" \/>\n<meta property=\"og:locale\" content=\"de_DE\" \/>\n<meta property=\"og:type\" content=\"article\" \/>\n<meta property=\"og:title\" content=\"K\u00fcspert &amp; Kollegen: \u201eDas Cabinet des Dr. Caligari&quot; in Baku - JazzZeitung\" \/>\n<meta property=\"og:description\" content=\"Jazzfestival Baku im Staatsfernsehen Durchhalteverm\u00f6gen brauchen die Besucher des Jazzfestivals Baku am Kaspischen Meer, um Top Acts wie die holl\u00e4ndische Saxophonistin Candy Dulfer erleben zu k\u00f6nnen \u2013 und das deutsche Ensemble &#8222;K\u00fcspert &amp; Kollegen&#8220;. Corona-bedingt treten die 16 Ensembles nicht live auf, sondern werden vom aserbaidschanischen Staatsfernsehen \u2013 in Zusammenarbeit mit dem Goethe-Institut \u2013 ausgestrahlt. Die Sendungen fangen am zweiten Oktoberwochenende um elf Uhr nachts an. International wird das Festival jede Nacht zum Finale. Auf die Prince-Begleiterin Dulfer folgt am Samstag das deutsche Ensemble &#8222;K\u00fcspert &amp; Kollegen&#8220;: Till Martin an Saxophon und Klarinetten, Schlagzeuger Bastian J\u00fctte, Kontrabassist Dietmar Fuhr sowie Gitarrist und Komponist Werner K\u00fcspert. Lizenzrechtliche Probleme der Filmvertonung Das Quartett vertont live den Stummfilm \u201eDas Cabinet des Dr. Caligari\u201c von 1920, aufgezeichnet in einer Konzerthalle bei W\u00fcrzburg; wegen Corona spielen die Musiker ohne Publikum. Bis hierhin war es ein weiter Weg. Urspr\u00fcnglich war Friedrich Wilhelm Murnaus \u201eDer Gang in die Nacht\u201c f\u00fcr Baku vorgesehen. K\u00fcspert hatte das Suizid-Drama nach Stimmungen analysiert, eine Partitur geschrieben, die Eins\u00e4tze f\u00fcr Improvisationen augenblicksgenau festgelegt. Baku sollte eine Urauff\u00fchrung bekommen. Auch nach rund 80 solcher Arbeiten, die &#8222;K\u00fcspert &amp; &hellip;\" \/>\n<meta property=\"og:url\" content=\"https:\/\/www.jazzzeitung.de\/cms\/2020\/10\/kuespert-kollegen-das-cabinet-des-dr-caligari-in-baku\/\" \/>\n<meta property=\"og:site_name\" content=\"JazzZeitung\" \/>\n<meta property=\"article:publisher\" content=\"https:\/\/www.facebook.com\/JazzZeitung\/\" \/>\n<meta property=\"article:published_time\" content=\"2020-10-01T05:53:29+00:00\" \/>\n<meta property=\"og:image\" content=\"https:\/\/i0.wp.com\/www.jazzzeitung.de\/cms\/wp-content\/uploads\/2020\/09\/Kuespert-Kollegen-Photo-Torsten-Repper-4-scaled.jpg?fit=2560%2C1708&ssl=1\" \/>\n\t<meta property=\"og:image:width\" content=\"2560\" \/>\n\t<meta property=\"og:image:height\" content=\"1708\" \/>\n\t<meta property=\"og:image:type\" content=\"image\/jpeg\" \/>\n<meta name=\"author\" content=\"Redaktion JazzZeitung\" \/>\n<script type=\"application\/ld+json\" class=\"yoast-schema-graph\">{\"@context\":\"https:\\\/\\\/schema.org\",\"@graph\":[{\"@type\":\"Article\",\"@id\":\"https:\\\/\\\/www.jazzzeitung.de\\\/cms\\\/2020\\\/10\\\/kuespert-kollegen-das-cabinet-des-dr-caligari-in-baku\\\/#article\",\"isPartOf\":{\"@id\":\"https:\\\/\\\/www.jazzzeitung.de\\\/cms\\\/2020\\\/10\\\/kuespert-kollegen-das-cabinet-des-dr-caligari-in-baku\\\/\"},\"author\":{\"name\":\"Redaktion JazzZeitung\",\"@id\":\"https:\\\/\\\/www.jazzzeitung.de\\\/cms\\\/#\\\/schema\\\/person\\\/2245b36b9cd1d24cea10f01c031fb92b\"},\"headline\":\"K\u00fcspert &#038; Kollegen: \u201eDas Cabinet des Dr. Caligari&#8220; in Baku\",\"datePublished\":\"2020-10-01T05:53:29+00:00\",\"mainEntityOfPage\":{\"@id\":\"https:\\\/\\\/www.jazzzeitung.de\\\/cms\\\/2020\\\/10\\\/kuespert-kollegen-das-cabinet-des-dr-caligari-in-baku\\\/\"},\"wordCount\":567,\"commentCount\":0,\"publisher\":{\"@id\":\"https:\\\/\\\/www.jazzzeitung.de\\\/cms\\\/#organization\"},\"image\":{\"@id\":\"https:\\\/\\\/www.jazzzeitung.de\\\/cms\\\/2020\\\/10\\\/kuespert-kollegen-das-cabinet-des-dr-caligari-in-baku\\\/#primaryimage\"},\"thumbnailUrl\":\"https:\\\/\\\/i0.wp.com\\\/www.jazzzeitung.de\\\/cms\\\/wp-content\\\/uploads\\\/2020\\\/09\\\/Kuespert-Kollegen-Photo-Torsten-Repper-4-scaled.jpg?fit=2560%2C1708&ssl=1\",\"keywords\":[\"Baku\",\"Baku Jazz Festival TV Show\",\"Bastian J\u00fctte\",\"Candy Dulfer\",\"Das Cabinet des Dr. Caligari\",\"Der Gang in die Nacht\",\"Dietmar Fuhr\",\"Friedrich Wilhelm Murnau\",\"K\u00fcspert &amp; Kollegen\",\"Robert Wiene\",\"Till Martin\",\"Werner K\u00fcspert\"],\"articleSection\":[\"Bericht\"],\"inLanguage\":\"de\",\"potentialAction\":[{\"@type\":\"CommentAction\",\"name\":\"Comment\",\"target\":[\"https:\\\/\\\/www.jazzzeitung.de\\\/cms\\\/2020\\\/10\\\/kuespert-kollegen-das-cabinet-des-dr-caligari-in-baku\\\/#respond\"]}]},{\"@type\":\"WebPage\",\"@id\":\"https:\\\/\\\/www.jazzzeitung.de\\\/cms\\\/2020\\\/10\\\/kuespert-kollegen-das-cabinet-des-dr-caligari-in-baku\\\/\",\"url\":\"https:\\\/\\\/www.jazzzeitung.de\\\/cms\\\/2020\\\/10\\\/kuespert-kollegen-das-cabinet-des-dr-caligari-in-baku\\\/\",\"name\":\"K\u00fcspert & Kollegen: \u201eDas Cabinet des Dr. Caligari\\\" in Baku - JazzZeitung\",\"isPartOf\":{\"@id\":\"https:\\\/\\\/www.jazzzeitung.de\\\/cms\\\/#website\"},\"primaryImageOfPage\":{\"@id\":\"https:\\\/\\\/www.jazzzeitung.de\\\/cms\\\/2020\\\/10\\\/kuespert-kollegen-das-cabinet-des-dr-caligari-in-baku\\\/#primaryimage\"},\"image\":{\"@id\":\"https:\\\/\\\/www.jazzzeitung.de\\\/cms\\\/2020\\\/10\\\/kuespert-kollegen-das-cabinet-des-dr-caligari-in-baku\\\/#primaryimage\"},\"thumbnailUrl\":\"https:\\\/\\\/i0.wp.com\\\/www.jazzzeitung.de\\\/cms\\\/wp-content\\\/uploads\\\/2020\\\/09\\\/Kuespert-Kollegen-Photo-Torsten-Repper-4-scaled.jpg?fit=2560%2C1708&ssl=1\",\"datePublished\":\"2020-10-01T05:53:29+00:00\",\"breadcrumb\":{\"@id\":\"https:\\\/\\\/www.jazzzeitung.de\\\/cms\\\/2020\\\/10\\\/kuespert-kollegen-das-cabinet-des-dr-caligari-in-baku\\\/#breadcrumb\"},\"inLanguage\":\"de\",\"potentialAction\":[{\"@type\":\"ReadAction\",\"target\":[\"https:\\\/\\\/www.jazzzeitung.de\\\/cms\\\/2020\\\/10\\\/kuespert-kollegen-das-cabinet-des-dr-caligari-in-baku\\\/\"]}]},{\"@type\":\"ImageObject\",\"inLanguage\":\"de\",\"@id\":\"https:\\\/\\\/www.jazzzeitung.de\\\/cms\\\/2020\\\/10\\\/kuespert-kollegen-das-cabinet-des-dr-caligari-in-baku\\\/#primaryimage\",\"url\":\"https:\\\/\\\/i0.wp.com\\\/www.jazzzeitung.de\\\/cms\\\/wp-content\\\/uploads\\\/2020\\\/09\\\/Kuespert-Kollegen-Photo-Torsten-Repper-4-scaled.jpg?fit=2560%2C1708&ssl=1\",\"contentUrl\":\"https:\\\/\\\/i0.wp.com\\\/www.jazzzeitung.de\\\/cms\\\/wp-content\\\/uploads\\\/2020\\\/09\\\/Kuespert-Kollegen-Photo-Torsten-Repper-4-scaled.jpg?fit=2560%2C1708&ssl=1\",\"width\":2560,\"height\":1708},{\"@type\":\"BreadcrumbList\",\"@id\":\"https:\\\/\\\/www.jazzzeitung.de\\\/cms\\\/2020\\\/10\\\/kuespert-kollegen-das-cabinet-des-dr-caligari-in-baku\\\/#breadcrumb\",\"itemListElement\":[{\"@type\":\"ListItem\",\"position\":1,\"name\":\"Startseite\",\"item\":\"https:\\\/\\\/www.jazzzeitung.de\\\/cms\\\/\"},{\"@type\":\"ListItem\",\"position\":2,\"name\":\"K\u00fcspert &#038; Kollegen: \u201eDas Cabinet des Dr. Caligari&#8220; in Baku\"}]},{\"@type\":\"WebSite\",\"@id\":\"https:\\\/\\\/www.jazzzeitung.de\\\/cms\\\/#website\",\"url\":\"https:\\\/\\\/www.jazzzeitung.de\\\/cms\\\/\",\"name\":\"JazzZeitung\",\"description\":\"Jazz-News und Jazz-Kontroverses\",\"publisher\":{\"@id\":\"https:\\\/\\\/www.jazzzeitung.de\\\/cms\\\/#organization\"},\"potentialAction\":[{\"@type\":\"SearchAction\",\"target\":{\"@type\":\"EntryPoint\",\"urlTemplate\":\"https:\\\/\\\/www.jazzzeitung.de\\\/cms\\\/?s={search_term_string}\"},\"query-input\":{\"@type\":\"PropertyValueSpecification\",\"valueRequired\":true,\"valueName\":\"search_term_string\"}}],\"inLanguage\":\"de\"},{\"@type\":\"Organization\",\"@id\":\"https:\\\/\\\/www.jazzzeitung.de\\\/cms\\\/#organization\",\"name\":\"JazzZeitung online\",\"url\":\"https:\\\/\\\/www.jazzzeitung.de\\\/cms\\\/\",\"logo\":{\"@type\":\"ImageObject\",\"inLanguage\":\"de\",\"@id\":\"https:\\\/\\\/www.jazzzeitung.de\\\/cms\\\/#\\\/schema\\\/logo\\\/image\\\/\",\"url\":\"https:\\\/\\\/i0.wp.com\\\/www.jazzzeitung.de\\\/cms\\\/wp-content\\\/uploads\\\/2015\\\/08\\\/JAZZZEITUNGDE_Logo_Neu.png?fit=499%2C200&ssl=1\",\"contentUrl\":\"https:\\\/\\\/i0.wp.com\\\/www.jazzzeitung.de\\\/cms\\\/wp-content\\\/uploads\\\/2015\\\/08\\\/JAZZZEITUNGDE_Logo_Neu.png?fit=499%2C200&ssl=1\",\"width\":499,\"height\":200,\"caption\":\"JazzZeitung online\"},\"image\":{\"@id\":\"https:\\\/\\\/www.jazzzeitung.de\\\/cms\\\/#\\\/schema\\\/logo\\\/image\\\/\"},\"sameAs\":[\"https:\\\/\\\/www.facebook.com\\\/JazzZeitung\\\/\"]},{\"@type\":\"Person\",\"@id\":\"https:\\\/\\\/www.jazzzeitung.de\\\/cms\\\/#\\\/schema\\\/person\\\/2245b36b9cd1d24cea10f01c031fb92b\",\"name\":\"Redaktion JazzZeitung\",\"image\":{\"@type\":\"ImageObject\",\"inLanguage\":\"de\",\"@id\":\"https:\\\/\\\/i0.wp.com\\\/www.jazzzeitung.de\\\/cms\\\/wp-content\\\/uploads\\\/2015\\\/08\\\/JAZZZEITUNGDE_Logo_Neu.png?resize=96%2C96&ssl=159975dcacb611b5700bd619b5daf0a7a\",\"url\":\"https:\\\/\\\/i0.wp.com\\\/www.jazzzeitung.de\\\/cms\\\/wp-content\\\/uploads\\\/2015\\\/08\\\/JAZZZEITUNGDE_Logo_Neu.png?resize=96%2C96&ssl=1\",\"contentUrl\":\"https:\\\/\\\/i0.wp.com\\\/www.jazzzeitung.de\\\/cms\\\/wp-content\\\/uploads\\\/2015\\\/08\\\/JAZZZEITUNGDE_Logo_Neu.png?resize=96%2C96&ssl=1\",\"caption\":\"Redaktion JazzZeitung\"},\"description\":\"Artikel der Redaktion der JazzZeitung.\",\"sameAs\":[\"http:\\\/\\\/www.jazzzeitung.de\\\/cms\\\/\"],\"url\":\"https:\\\/\\\/www.jazzzeitung.de\\\/cms\\\/author\\\/redaktion\\\/\"}]}<\/script>\n<!-- \/ Yoast SEO plugin. -->","yoast_head_json":{"title":"K\u00fcspert & Kollegen: \u201eDas Cabinet des Dr. Caligari\" in Baku - JazzZeitung","robots":{"index":"index","follow":"follow","max-snippet":"max-snippet:-1","max-image-preview":"max-image-preview:large","max-video-preview":"max-video-preview:-1"},"canonical":"https:\/\/www.jazzzeitung.de\/cms\/2020\/10\/kuespert-kollegen-das-cabinet-des-dr-caligari-in-baku\/","og_locale":"de_DE","og_type":"article","og_title":"K\u00fcspert & Kollegen: \u201eDas Cabinet des Dr. Caligari\" in Baku - JazzZeitung","og_description":"Jazzfestival Baku im Staatsfernsehen Durchhalteverm\u00f6gen brauchen die Besucher des Jazzfestivals Baku am Kaspischen Meer, um Top Acts wie die holl\u00e4ndische Saxophonistin Candy Dulfer erleben zu k\u00f6nnen \u2013 und das deutsche Ensemble &#8222;K\u00fcspert &amp; Kollegen&#8220;. Corona-bedingt treten die 16 Ensembles nicht live auf, sondern werden vom aserbaidschanischen Staatsfernsehen \u2013 in Zusammenarbeit mit dem Goethe-Institut \u2013 ausgestrahlt. Die Sendungen fangen am zweiten Oktoberwochenende um elf Uhr nachts an. International wird das Festival jede Nacht zum Finale. Auf die Prince-Begleiterin Dulfer folgt am Samstag das deutsche Ensemble &#8222;K\u00fcspert &amp; Kollegen&#8220;: Till Martin an Saxophon und Klarinetten, Schlagzeuger Bastian J\u00fctte, Kontrabassist Dietmar Fuhr sowie Gitarrist und Komponist Werner K\u00fcspert. Lizenzrechtliche Probleme der Filmvertonung Das Quartett vertont live den Stummfilm \u201eDas Cabinet des Dr. Caligari\u201c von 1920, aufgezeichnet in einer Konzerthalle bei W\u00fcrzburg; wegen Corona spielen die Musiker ohne Publikum. Bis hierhin war es ein weiter Weg. Urspr\u00fcnglich war Friedrich Wilhelm Murnaus \u201eDer Gang in die Nacht\u201c f\u00fcr Baku vorgesehen. K\u00fcspert hatte das Suizid-Drama nach Stimmungen analysiert, eine Partitur geschrieben, die Eins\u00e4tze f\u00fcr Improvisationen augenblicksgenau festgelegt. Baku sollte eine Urauff\u00fchrung bekommen. Auch nach rund 80 solcher Arbeiten, die &#8222;K\u00fcspert &amp; &hellip;","og_url":"https:\/\/www.jazzzeitung.de\/cms\/2020\/10\/kuespert-kollegen-das-cabinet-des-dr-caligari-in-baku\/","og_site_name":"JazzZeitung","article_publisher":"https:\/\/www.facebook.com\/JazzZeitung\/","article_published_time":"2020-10-01T05:53:29+00:00","og_image":[{"width":2560,"height":1708,"url":"https:\/\/i0.wp.com\/www.jazzzeitung.de\/cms\/wp-content\/uploads\/2020\/09\/Kuespert-Kollegen-Photo-Torsten-Repper-4-scaled.jpg?fit=2560%2C1708&ssl=1","type":"image\/jpeg"}],"author":"Redaktion JazzZeitung","schema":{"@context":"https:\/\/schema.org","@graph":[{"@type":"Article","@id":"https:\/\/www.jazzzeitung.de\/cms\/2020\/10\/kuespert-kollegen-das-cabinet-des-dr-caligari-in-baku\/#article","isPartOf":{"@id":"https:\/\/www.jazzzeitung.de\/cms\/2020\/10\/kuespert-kollegen-das-cabinet-des-dr-caligari-in-baku\/"},"author":{"name":"Redaktion JazzZeitung","@id":"https:\/\/www.jazzzeitung.de\/cms\/#\/schema\/person\/2245b36b9cd1d24cea10f01c031fb92b"},"headline":"K\u00fcspert &#038; Kollegen: \u201eDas Cabinet des Dr. Caligari&#8220; in Baku","datePublished":"2020-10-01T05:53:29+00:00","mainEntityOfPage":{"@id":"https:\/\/www.jazzzeitung.de\/cms\/2020\/10\/kuespert-kollegen-das-cabinet-des-dr-caligari-in-baku\/"},"wordCount":567,"commentCount":0,"publisher":{"@id":"https:\/\/www.jazzzeitung.de\/cms\/#organization"},"image":{"@id":"https:\/\/www.jazzzeitung.de\/cms\/2020\/10\/kuespert-kollegen-das-cabinet-des-dr-caligari-in-baku\/#primaryimage"},"thumbnailUrl":"https:\/\/i0.wp.com\/www.jazzzeitung.de\/cms\/wp-content\/uploads\/2020\/09\/Kuespert-Kollegen-Photo-Torsten-Repper-4-scaled.jpg?fit=2560%2C1708&ssl=1","keywords":["Baku","Baku Jazz Festival TV Show","Bastian J\u00fctte","Candy Dulfer","Das Cabinet des Dr. Caligari","Der Gang in die Nacht","Dietmar Fuhr","Friedrich Wilhelm Murnau","K\u00fcspert &amp; Kollegen","Robert Wiene","Till Martin","Werner K\u00fcspert"],"articleSection":["Bericht"],"inLanguage":"de","potentialAction":[{"@type":"CommentAction","name":"Comment","target":["https:\/\/www.jazzzeitung.de\/cms\/2020\/10\/kuespert-kollegen-das-cabinet-des-dr-caligari-in-baku\/#respond"]}]},{"@type":"WebPage","@id":"https:\/\/www.jazzzeitung.de\/cms\/2020\/10\/kuespert-kollegen-das-cabinet-des-dr-caligari-in-baku\/","url":"https:\/\/www.jazzzeitung.de\/cms\/2020\/10\/kuespert-kollegen-das-cabinet-des-dr-caligari-in-baku\/","name":"K\u00fcspert & Kollegen: \u201eDas Cabinet des Dr. Caligari\" in Baku - JazzZeitung","isPartOf":{"@id":"https:\/\/www.jazzzeitung.de\/cms\/#website"},"primaryImageOfPage":{"@id":"https:\/\/www.jazzzeitung.de\/cms\/2020\/10\/kuespert-kollegen-das-cabinet-des-dr-caligari-in-baku\/#primaryimage"},"image":{"@id":"https:\/\/www.jazzzeitung.de\/cms\/2020\/10\/kuespert-kollegen-das-cabinet-des-dr-caligari-in-baku\/#primaryimage"},"thumbnailUrl":"https:\/\/i0.wp.com\/www.jazzzeitung.de\/cms\/wp-content\/uploads\/2020\/09\/Kuespert-Kollegen-Photo-Torsten-Repper-4-scaled.jpg?fit=2560%2C1708&ssl=1","datePublished":"2020-10-01T05:53:29+00:00","breadcrumb":{"@id":"https:\/\/www.jazzzeitung.de\/cms\/2020\/10\/kuespert-kollegen-das-cabinet-des-dr-caligari-in-baku\/#breadcrumb"},"inLanguage":"de","potentialAction":[{"@type":"ReadAction","target":["https:\/\/www.jazzzeitung.de\/cms\/2020\/10\/kuespert-kollegen-das-cabinet-des-dr-caligari-in-baku\/"]}]},{"@type":"ImageObject","inLanguage":"de","@id":"https:\/\/www.jazzzeitung.de\/cms\/2020\/10\/kuespert-kollegen-das-cabinet-des-dr-caligari-in-baku\/#primaryimage","url":"https:\/\/i0.wp.com\/www.jazzzeitung.de\/cms\/wp-content\/uploads\/2020\/09\/Kuespert-Kollegen-Photo-Torsten-Repper-4-scaled.jpg?fit=2560%2C1708&ssl=1","contentUrl":"https:\/\/i0.wp.com\/www.jazzzeitung.de\/cms\/wp-content\/uploads\/2020\/09\/Kuespert-Kollegen-Photo-Torsten-Repper-4-scaled.jpg?fit=2560%2C1708&ssl=1","width":2560,"height":1708},{"@type":"BreadcrumbList","@id":"https:\/\/www.jazzzeitung.de\/cms\/2020\/10\/kuespert-kollegen-das-cabinet-des-dr-caligari-in-baku\/#breadcrumb","itemListElement":[{"@type":"ListItem","position":1,"name":"Startseite","item":"https:\/\/www.jazzzeitung.de\/cms\/"},{"@type":"ListItem","position":2,"name":"K\u00fcspert &#038; Kollegen: \u201eDas Cabinet des Dr. Caligari&#8220; in Baku"}]},{"@type":"WebSite","@id":"https:\/\/www.jazzzeitung.de\/cms\/#website","url":"https:\/\/www.jazzzeitung.de\/cms\/","name":"JazzZeitung","description":"Jazz-News und Jazz-Kontroverses","publisher":{"@id":"https:\/\/www.jazzzeitung.de\/cms\/#organization"},"potentialAction":[{"@type":"SearchAction","target":{"@type":"EntryPoint","urlTemplate":"https:\/\/www.jazzzeitung.de\/cms\/?s={search_term_string}"},"query-input":{"@type":"PropertyValueSpecification","valueRequired":true,"valueName":"search_term_string"}}],"inLanguage":"de"},{"@type":"Organization","@id":"https:\/\/www.jazzzeitung.de\/cms\/#organization","name":"JazzZeitung online","url":"https:\/\/www.jazzzeitung.de\/cms\/","logo":{"@type":"ImageObject","inLanguage":"de","@id":"https:\/\/www.jazzzeitung.de\/cms\/#\/schema\/logo\/image\/","url":"https:\/\/i0.wp.com\/www.jazzzeitung.de\/cms\/wp-content\/uploads\/2015\/08\/JAZZZEITUNGDE_Logo_Neu.png?fit=499%2C200&ssl=1","contentUrl":"https:\/\/i0.wp.com\/www.jazzzeitung.de\/cms\/wp-content\/uploads\/2015\/08\/JAZZZEITUNGDE_Logo_Neu.png?fit=499%2C200&ssl=1","width":499,"height":200,"caption":"JazzZeitung online"},"image":{"@id":"https:\/\/www.jazzzeitung.de\/cms\/#\/schema\/logo\/image\/"},"sameAs":["https:\/\/www.facebook.com\/JazzZeitung\/"]},{"@type":"Person","@id":"https:\/\/www.jazzzeitung.de\/cms\/#\/schema\/person\/2245b36b9cd1d24cea10f01c031fb92b","name":"Redaktion JazzZeitung","image":{"@type":"ImageObject","inLanguage":"de","@id":"https:\/\/i0.wp.com\/www.jazzzeitung.de\/cms\/wp-content\/uploads\/2015\/08\/JAZZZEITUNGDE_Logo_Neu.png?resize=96%2C96&ssl=159975dcacb611b5700bd619b5daf0a7a","url":"https:\/\/i0.wp.com\/www.jazzzeitung.de\/cms\/wp-content\/uploads\/2015\/08\/JAZZZEITUNGDE_Logo_Neu.png?resize=96%2C96&ssl=1","contentUrl":"https:\/\/i0.wp.com\/www.jazzzeitung.de\/cms\/wp-content\/uploads\/2015\/08\/JAZZZEITUNGDE_Logo_Neu.png?resize=96%2C96&ssl=1","caption":"Redaktion JazzZeitung"},"description":"Artikel der Redaktion der JazzZeitung.","sameAs":["http:\/\/www.jazzzeitung.de\/cms\/"],"url":"https:\/\/www.jazzzeitung.de\/cms\/author\/redaktion\/"}]}},"wp-worthy-pixel":{"ignored":false,"public":null,"server":null,"url":null},"wp-worthy-type":"normal","jetpack_publicize_connections":[],"cc_featured_image_caption":{"caption_text":"","source_text":"","source_url":""},"jetpack_featured_media_url":"https:\/\/i0.wp.com\/www.jazzzeitung.de\/cms\/wp-content\/uploads\/2020\/09\/Kuespert-Kollegen-Photo-Torsten-Repper-4-scaled.jpg?fit=2560%2C1708&ssl=1","jetpack_shortlink":"https:\/\/wp.me\/p3KEcT-66G","jetpack-related-posts":[{"id":9398,"url":"https:\/\/www.jazzzeitung.de\/cms\/2016\/05\/jazz-von-heute-fuer-filme-von-vorgestern-komponistenportraet-kuespert-kollegen\/","url_meta":{"origin":23478,"position":0},"title":"Jazz von heute f\u00fcr Filme von vorgestern \u2013 Komponistenportr\u00e4t \u201eK\u00fcspert &#038; Kollegen\u201c","author":"Redaktion JazzZeitung","date":"26. Mai 2016","format":false,"excerpt":"Kleine Kammerensembles neben gro\u00dfen Leinw\u00e4nden: \u201eK\u00fcspert & Kollegen\u201c greifen die Atmosph\u00e4re des klassischen Horror-Stummfilms \u201eNosferatu\u201c ebenso auf wie von Slapstick und Melodram. Und richten sich an ein Publikum des Jahres 2016: \u201eMeine Musik soll nicht wie traditionelle Stummfilm-Musik klingen, sondern zeitgen\u00f6ssisch und unvorhersehbar\u201c, sagt der Gitarrist und Komponist Werner K\u00fcspert,\u2026","rel":"","context":"In &quot;Portrait&quot;","block_context":{"text":"Portrait","link":"https:\/\/www.jazzzeitung.de\/cms\/thema\/portrait\/"},"img":{"alt_text":"Werner K\u00fcspert \u2013 ein Vielsaitiger Musiker. Foto: Irmgard Hofmann","src":"https:\/\/i0.wp.com\/www.jazzzeitung.de\/cms\/wp-content\/uploads\/2016\/05\/k%C3%BCspert_3929-f-Irmgard-Hofmann.jpg?fit=800%2C1200&ssl=1&resize=350%2C200","width":350,"height":200,"srcset":"https:\/\/i0.wp.com\/www.jazzzeitung.de\/cms\/wp-content\/uploads\/2016\/05\/k%C3%BCspert_3929-f-Irmgard-Hofmann.jpg?fit=800%2C1200&ssl=1&resize=350%2C200 1x, https:\/\/i0.wp.com\/www.jazzzeitung.de\/cms\/wp-content\/uploads\/2016\/05\/k%C3%BCspert_3929-f-Irmgard-Hofmann.jpg?fit=800%2C1200&ssl=1&resize=525%2C300 1.5x, https:\/\/i0.wp.com\/www.jazzzeitung.de\/cms\/wp-content\/uploads\/2016\/05\/k%C3%BCspert_3929-f-Irmgard-Hofmann.jpg?fit=800%2C1200&ssl=1&resize=700%2C400 2x"},"classes":[]},{"id":8006,"url":"https:\/\/www.jazzzeitung.de\/cms\/2015\/12\/8006\/","url_meta":{"origin":23478,"position":1},"title":"+++Veranstaltungstipps zwischen den Jahren+++Jazz in Grafing+++StummFilmLiveJazz in Franken+++","author":"Redaktion JazzZeitung","date":"23. Dezember 2015","format":false,"excerpt":"Jazz in Grafing Am Samstag, den 26.12. ab 19 Uhr wird die\u00a0traditionelle X-Mas-Session\u00a0von 3 Jugend-Bands er\u00f6ffnet, bevor jazz.grafing\u2019s Haus-Sextett einen kurzen Set zum Besten gibt. Und dann sind alle G\u00e4ste mit Instrument auf der offenen B\u00fchne willkommen! Am Sonntag, den 27.12. ab 20 Uhr ein hochkar\u00e4tiges World-Jazz-Concert, organisiert vom Goethe-Institut\u2026","rel":"","context":"In &quot;News&quot;","block_context":{"text":"News","link":"https:\/\/www.jazzzeitung.de\/cms\/thema\/nachrichten\/"},"img":{"alt_text":"Billy Hart US-Schlagzeuglegende (u.a. Ex-Drummer von Herbie Hancock) ist auf mehr als 600 Alben zu h\u00f6ren. Er gilt als einer der versiertesten und vielseitigsten Jazz-Schlagzeuger der Gegenwart. Er lehrt sowohl am Oberlin Konservatorium als auch am New England Conservatory of Music und ist an der Western Michigan University engagiert.... wenn er nicht gerade tourt. Foto Jazz in Grafing","src":"https:\/\/i0.wp.com\/www.jazzzeitung.de\/cms\/wp-content\/uploads\/2015\/12\/GMUB-2-Hart-150x150.jpg?resize=350%2C200","width":350,"height":200},"classes":[]},{"id":8024,"url":"https:\/\/www.jazzzeitung.de\/cms\/2016\/01\/news-big-apple-live-15-1-der-nms-herzogenburg-bluetone-straubing-steaming-satellites-supporten-sportfreunde-stiller-stummfilmlivejazz-mit-werner-kuespert\/","url_meta":{"origin":23478,"position":2},"title":"+++ News +++ Big Apple live am 15.1. in der NMS Herzogenburg +++ Bluetone Straubing: Steaming Satellites supporten Sportfreunde Stiller +++ +++ StummFilmLiveJazz mit Werner K\u00fcspert +++","author":"Redaktion JazzZeitung","date":"4. Januar 2016","format":false,"excerpt":"+++ Big Apple live am 15.1. in der NMS Herzogenburg +++ Big Apple wurden vor \u00fcber 20 Jahren in Krems an der Donau gegr\u00fcndet und ver\u00f6ffentlichten mit \"Big Apple I\" und \"Fusion\" zwei l\u00e4ngst vergriffene Alben im Eigenverlag. Der musikalische Fokus lag zun\u00e4chst auf Jazzrock und Funk. Unter den Gr\u00fcndungsmitgliedern\u2026","rel":"","context":"In &quot;News&quot;","block_context":{"text":"News","link":"https:\/\/www.jazzzeitung.de\/cms\/thema\/nachrichten\/"},"img":{"alt_text":"BigAppleTemplerhof2014","src":"https:\/\/i0.wp.com\/www.jazzzeitung.de\/cms\/wp-content\/uploads\/2016\/01\/BigAppleTemplerhof2014-150x150.jpg?resize=350%2C200","width":350,"height":200},"classes":[]},{"id":26117,"url":"https:\/\/www.jazzzeitung.de\/cms\/2021\/11\/classical-beyond-festival-zeigt-stummfilme-mit-live-musik-euphorium-internationales-mini-festival-fuer-zeitgenoessisch-improvisierte-musik-3-tage-jazz-beim-jazzfestival-saalfelden\/","url_meta":{"origin":23478,"position":3},"title":"+++ Classical &#038; Beyond Festival zeigt Stummfilme mit Live-Musik +++ EUPHORIUM: Internationales Mini-Festival f\u00fcr zeitgen\u00f6ssisch improvisierte Musik +++ 3 Tage Jazz beim Jazzfestival Saalfelden +++","author":"Redaktion JazzZeitung","date":"9. November 2021","format":false,"excerpt":"+++ Festival Classical & Beyond in Ottobrunn +++ Beim vierten Classical & Beyond Festival am 12. & 13. November im Wolf-Ferrari Haus in Ottobrunn werden ungew\u00f6hnliche Konzertbesetzungen und kreative K\u00fcnstlerinnen und K\u00fcnstler pr\u00e4sentiert. Dieses Jahr erklingt an den beiden Abenden um jeweils 20 Uhr Live-Musik zu Stummfilmklassikern. Am Freitag, dem\u2026","rel":"","context":"In &quot;News&quot;","block_context":{"text":"News","link":"https:\/\/www.jazzzeitung.de\/cms\/thema\/nachrichten\/"},"img":{"alt_text":"","src":"https:\/\/i0.wp.com\/www.jazzzeitung.de\/cms\/wp-content\/uploads\/2021\/11\/VICTHAMIN-3_Reza-Majdodin-scaled.jpg?fit=1200%2C768&ssl=1&resize=350%2C200","width":350,"height":200,"srcset":"https:\/\/i0.wp.com\/www.jazzzeitung.de\/cms\/wp-content\/uploads\/2021\/11\/VICTHAMIN-3_Reza-Majdodin-scaled.jpg?fit=1200%2C768&ssl=1&resize=350%2C200 1x, https:\/\/i0.wp.com\/www.jazzzeitung.de\/cms\/wp-content\/uploads\/2021\/11\/VICTHAMIN-3_Reza-Majdodin-scaled.jpg?fit=1200%2C768&ssl=1&resize=525%2C300 1.5x, https:\/\/i0.wp.com\/www.jazzzeitung.de\/cms\/wp-content\/uploads\/2021\/11\/VICTHAMIN-3_Reza-Majdodin-scaled.jpg?fit=1200%2C768&ssl=1&resize=700%2C400 2x, https:\/\/i0.wp.com\/www.jazzzeitung.de\/cms\/wp-content\/uploads\/2021\/11\/VICTHAMIN-3_Reza-Majdodin-scaled.jpg?fit=1200%2C768&ssl=1&resize=1050%2C600 3x"},"classes":[]},{"id":4540,"url":"https:\/\/www.jazzzeitung.de\/cms\/2014\/09\/bericht-vom-smooth-jazz-festival-augsburg-2014\/","url_meta":{"origin":23478,"position":4},"title":"Bericht vom Smooth Jazz Festival Augsburg 2014","author":"Redaktion JazzZeitung","date":"16. September 2014","format":false,"excerpt":"Fotos und Text von Caro Kirsch. Zum f\u00fcnften Mal veranstaltete die smooth entertainment GmbH vom 11. bis 14. September das Smooth Jazz Festival in Augsburg. Das Team um Christian B\u00f6\u00dfner lud diesmal zu drei Konzertabenden mit insgesamt acht internationalen Stars der Jazz-, Soul- und Funkszene. Beherbergt wird das Festival wie\u2026","rel":"","context":"In &quot;Bericht&quot;","block_context":{"text":"Bericht","link":"https:\/\/www.jazzzeitung.de\/cms\/thema\/bericht\/"},"img":{"alt_text":"Logo","src":"https:\/\/i0.wp.com\/www.jazzzeitung.de\/cms\/wp-content\/uploads\/2014\/09\/Logo-150x150.jpg?resize=350%2C200","width":350,"height":200},"classes":[]},{"id":15346,"url":"https:\/\/www.jazzzeitung.de\/cms\/2018\/03\/news23-hildener-jazztage\/","url_meta":{"origin":23478,"position":5},"title":"+++ News +++ 23. Hildener Jazztage +++ Candy Dulfer und Stefanie Heinzmann bei \u201eWorms: Jazz &#038; Joy\u201d +++","author":"Redaktion JazzZeitung","date":"22. M\u00e4rz 2018","format":false,"excerpt":"+++23. Hildener Jazztage vom 29.5.\u20133.6.2018+++ Seit mehr als 20 Jahren stehen bei den Hildener Jazztagen hochtalentierte Newcomer, routinierte Meister ihres Fachs und internationale Stars auf der B\u00fchne, die dem Publikum ein breites Spektrum unterschiedlichster Klangwelten er\u00f6ffnen. Auch f\u00fcr dieses Jahr versprechen die Veranstalter wieder H\u00f6rgenuss pur. Im Folgenden eine Programm\u00fcbersicht:\u2026","rel":"","context":"In &quot;News&quot;","block_context":{"text":"News","link":"https:\/\/www.jazzzeitung.de\/cms\/thema\/nachrichten\/"},"img":{"alt_text":"","src":"https:\/\/i0.wp.com\/www.jazzzeitung.de\/cms\/wp-content\/uploads\/2018\/03\/Candy-Dulfer_Vesandgr_Foto_Carolien-Sikkenk_-Photoline-1.jpg?fit=1200%2C800&ssl=1&resize=350%2C200","width":350,"height":200,"srcset":"https:\/\/i0.wp.com\/www.jazzzeitung.de\/cms\/wp-content\/uploads\/2018\/03\/Candy-Dulfer_Vesandgr_Foto_Carolien-Sikkenk_-Photoline-1.jpg?fit=1200%2C800&ssl=1&resize=350%2C200 1x, https:\/\/i0.wp.com\/www.jazzzeitung.de\/cms\/wp-content\/uploads\/2018\/03\/Candy-Dulfer_Vesandgr_Foto_Carolien-Sikkenk_-Photoline-1.jpg?fit=1200%2C800&ssl=1&resize=525%2C300 1.5x, https:\/\/i0.wp.com\/www.jazzzeitung.de\/cms\/wp-content\/uploads\/2018\/03\/Candy-Dulfer_Vesandgr_Foto_Carolien-Sikkenk_-Photoline-1.jpg?fit=1200%2C800&ssl=1&resize=700%2C400 2x, https:\/\/i0.wp.com\/www.jazzzeitung.de\/cms\/wp-content\/uploads\/2018\/03\/Candy-Dulfer_Vesandgr_Foto_Carolien-Sikkenk_-Photoline-1.jpg?fit=1200%2C800&ssl=1&resize=1050%2C600 3x"},"classes":[]}],"jetpack_sharing_enabled":true,"_links":{"self":[{"href":"https:\/\/www.jazzzeitung.de\/cms\/wp-json\/wp\/v2\/posts\/23478","targetHints":{"allow":["GET"]}}],"collection":[{"href":"https:\/\/www.jazzzeitung.de\/cms\/wp-json\/wp\/v2\/posts"}],"about":[{"href":"https:\/\/www.jazzzeitung.de\/cms\/wp-json\/wp\/v2\/types\/post"}],"author":[{"embeddable":true,"href":"https:\/\/www.jazzzeitung.de\/cms\/wp-json\/wp\/v2\/users\/18"}],"replies":[{"embeddable":true,"href":"https:\/\/www.jazzzeitung.de\/cms\/wp-json\/wp\/v2\/comments?post=23478"}],"version-history":[{"count":4,"href":"https:\/\/www.jazzzeitung.de\/cms\/wp-json\/wp\/v2\/posts\/23478\/revisions"}],"predecessor-version":[{"id":23507,"href":"https:\/\/www.jazzzeitung.de\/cms\/wp-json\/wp\/v2\/posts\/23478\/revisions\/23507"}],"wp:featuredmedia":[{"embeddable":true,"href":"https:\/\/www.jazzzeitung.de\/cms\/wp-json\/wp\/v2\/media\/23480"}],"wp:attachment":[{"href":"https:\/\/www.jazzzeitung.de\/cms\/wp-json\/wp\/v2\/media?parent=23478"}],"wp:term":[{"taxonomy":"category","embeddable":true,"href":"https:\/\/www.jazzzeitung.de\/cms\/wp-json\/wp\/v2\/categories?post=23478"},{"taxonomy":"post_tag","embeddable":true,"href":"https:\/\/www.jazzzeitung.de\/cms\/wp-json\/wp\/v2\/tags?post=23478"},{"taxonomy":"author","embeddable":true,"href":"https:\/\/www.jazzzeitung.de\/cms\/wp-json\/wp\/v2\/coauthors?post=23478"}],"curies":[{"name":"wp","href":"https:\/\/api.w.org\/{rel}","templated":true}]}}