{"id":23391,"date":"2020-09-15T11:00:28","date_gmt":"2020-09-15T09:00:28","guid":{"rendered":"https:\/\/www.jazzzeitung.de\/cms\/?p=23391"},"modified":"2020-09-21T12:19:00","modified_gmt":"2020-09-21T10:19:00","slug":"newsbuchvorstellung-siggi-loch-a-life-in-the-spirit-of-jazz41-leverkusener-jazztage-2020enjoy-jazz-festival-2020","status":"publish","type":"post","link":"https:\/\/www.jazzzeitung.de\/cms\/2020\/09\/newsbuchvorstellung-siggi-loch-a-life-in-the-spirit-of-jazz41-leverkusener-jazztage-2020enjoy-jazz-festival-2020\/","title":{"rendered":"+++News:+++Buchvorstellung: Siggi Loch \u2013 A Life In The Spirit Of Jazz+++41. Leverkusener Jazztage 2020+++Enjoy Jazz-Festival 2020+++"},"content":{"rendered":"<p><strong>Buchvorstellung: Siggi Loch \u2013 A Life In The Spirit Of Jazz<\/strong><\/p>\n<figure id=\"attachment_23394\" aria-describedby=\"caption-attachment-23394\" style=\"width: 200px\" class=\"wp-caption alignleft\"><a href=\"https:\/\/i0.wp.com\/www.jazzzeitung.de\/cms\/wp-content\/uploads\/2020\/09\/2020_11_08_Siggi_Loch-%C2%A9_Steven-Haberland_1-scaled.jpg?ssl=1\"><img data-recalc-dims=\"1\" loading=\"lazy\" decoding=\"async\" data-attachment-id=\"23394\" data-permalink=\"https:\/\/www.jazzzeitung.de\/cms\/2020\/09\/newsbuchvorstellung-siggi-loch-a-life-in-the-spirit-of-jazz41-leverkusener-jazztage-2020enjoy-jazz-festival-2020\/siggi-loch\/\" data-orig-file=\"https:\/\/i0.wp.com\/www.jazzzeitung.de\/cms\/wp-content\/uploads\/2020\/09\/2020_11_08_Siggi_Loch-%C2%A9_Steven-Haberland_1-scaled.jpg?fit=1708%2C2560&amp;ssl=1\" data-orig-size=\"1708,2560\" data-comments-opened=\"1\" data-image-meta=\"{&quot;aperture&quot;:&quot;0&quot;,&quot;credit&quot;:&quot;Steven Haberland&quot;,&quot;camera&quot;:&quot;&quot;,&quot;caption&quot;:&quot;Timmendorfer Strand Juni 2020&quot;,&quot;created_timestamp&quot;:&quot;0&quot;,&quot;copyright&quot;:&quot;&quot;,&quot;focal_length&quot;:&quot;0&quot;,&quot;iso&quot;:&quot;0&quot;,&quot;shutter_speed&quot;:&quot;0&quot;,&quot;title&quot;:&quot;Siggi Loch&quot;,&quot;orientation&quot;:&quot;1&quot;}\" data-image-title=\"Siggi Loch\" data-image-description=\"\" data-image-caption=\"&lt;p&gt;Siggi Loch. Foto: Steven Haberland&lt;\/p&gt;\n\" data-large-file=\"https:\/\/i0.wp.com\/www.jazzzeitung.de\/cms\/wp-content\/uploads\/2020\/09\/2020_11_08_Siggi_Loch-%C2%A9_Steven-Haberland_1-scaled.jpg?fit=400%2C600&amp;ssl=1\" class=\"size-medium wp-image-23394\" src=\"https:\/\/i0.wp.com\/www.jazzzeitung.de\/cms\/wp-content\/uploads\/2020\/09\/2020_11_08_Siggi_Loch-%C2%A9_Steven-Haberland_1.jpg?resize=200%2C300&#038;ssl=1\" alt=\"\" width=\"200\" height=\"300\" srcset=\"https:\/\/i0.wp.com\/www.jazzzeitung.de\/cms\/wp-content\/uploads\/2020\/09\/2020_11_08_Siggi_Loch-%C2%A9_Steven-Haberland_1-scaled.jpg?resize=200%2C300&amp;ssl=1 200w, https:\/\/i0.wp.com\/www.jazzzeitung.de\/cms\/wp-content\/uploads\/2020\/09\/2020_11_08_Siggi_Loch-%C2%A9_Steven-Haberland_1-scaled.jpg?resize=400%2C600&amp;ssl=1 400w, https:\/\/i0.wp.com\/www.jazzzeitung.de\/cms\/wp-content\/uploads\/2020\/09\/2020_11_08_Siggi_Loch-%C2%A9_Steven-Haberland_1-scaled.jpg?resize=768%2C1151&amp;ssl=1 768w, https:\/\/i0.wp.com\/www.jazzzeitung.de\/cms\/wp-content\/uploads\/2020\/09\/2020_11_08_Siggi_Loch-%C2%A9_Steven-Haberland_1-scaled.jpg?resize=1025%2C1536&amp;ssl=1 1025w, https:\/\/i0.wp.com\/www.jazzzeitung.de\/cms\/wp-content\/uploads\/2020\/09\/2020_11_08_Siggi_Loch-%C2%A9_Steven-Haberland_1-scaled.jpg?resize=1366%2C2048&amp;ssl=1 1366w, https:\/\/i0.wp.com\/www.jazzzeitung.de\/cms\/wp-content\/uploads\/2020\/09\/2020_11_08_Siggi_Loch-%C2%A9_Steven-Haberland_1-scaled.jpg?resize=1320%2C1978&amp;ssl=1 1320w, https:\/\/i0.wp.com\/www.jazzzeitung.de\/cms\/wp-content\/uploads\/2020\/09\/2020_11_08_Siggi_Loch-%C2%A9_Steven-Haberland_1-scaled.jpg?w=1708&amp;ssl=1 1708w\" sizes=\"auto, (max-width: 200px) 100vw, 200px\" \/><\/a><figcaption id=\"caption-attachment-23394\" class=\"wp-caption-text\">Siggi Loch. Foto: Steven Haberland<\/figcaption><\/figure>\n<p>Anl\u00e4sslich seines 80. Geburtstags erschien am 6. August 2020 das neue Buch \u201eA Life in the Spirit of Jazz\u201c von Siggi Loch.\u00a0 Der erfahrene Musikmanager und -produzent zeigt darin, wie sich die Liebe zum Jazz wie ein roter Faden durch sein Leben zieht. Veranstaltet von Jazz am See e.V.\u00a0 stellt Siggi Loch dieses Buch am 18. September um 20 Uhr im B\u00fcrgersaal in Feldafing, seiner alten Heimat, vor. Im Anschluss daran findet ein Buch- und CD-Verkauf statt, bei dem der Autor signieren wird.<\/p>\n<p>Weitere Informationen: <a href=\"www.jazzamsee.de\">www.jazzamsee.de<\/a><\/p>\n<p>&nbsp;<\/p>\n<p><strong> 41. Leverkusener Jazztage 2020<\/strong><\/p>\n<p>Aufgrund der aktuellen Hygieneauflagen und Reisebeschr\u00e4nkungen der K\u00fcnstler musste das Hauptprogramm der 41. Leverkusener Jazztage im Forum auf das n\u00e4chste Jahr verschoben werden. Das gesamte Programm wird f\u00fcr n\u00e4chstes Jahr beibehalten und die Karten behalten ihre G\u00fcltigkeit.<\/p>\n<p>Neben den verschobenen Konzerten wird das Festival dieses Jahr dennoch stattfinden. Durch den Presenting Sponsor BAYER erm\u00f6glicht, werden Konzerte im Zuge der Leverkusener Jazztage im Bayer Erholungshaus und im Scala Club Opladen bis 21. November 2020 stattfinden.<\/p>\n<p>Programm und weitere Informationen: <a href=\"www.leverkusener-jazztage.de\">www.leverkusener-jazztage.de<\/a><\/p>\n<p>&nbsp;<\/p>\n<p><strong>Enjoy Jazz-Festival 2020<\/strong><\/p>\n<p>Das <a href=\"https:\/\/www.enjoyjazz.de\/\">22. Internationale Enjoy Jazz Festival<\/a> findet von 2. Oktober bis 14. November 2020 auf B\u00fchnen in Heidelberg, Mannheim und Ludwigshafen statt.\u00a0 Seit 1999 stehen bei diesem Festival Jazz und Anderes auf dem Programm, Grenzen zwischen Jazz und anderen Musikgenres werden hier erkundet. Besonders hervorzuheben sind zwei Pianisten, die am Anfang und Ende des siebenw\u00f6chigen Festivals stehen: Der US-amerikanische Brad Mehldau er\u00f6ffnet das Festival mit seinem im Lockdown entstandenen Album \u201eSuite: April 2020\u201c sowie Beatles-Covern. Der deutsche Jazzpianist Michael Wollny beschlie\u00dft dagegen das Enjoy Jazz Festival mit einem seltenen Solokonzert.<\/p>\n<p>Erg\u00e4nzt werden die Konzerte durch die beliebten Matineen. Darin lassen sich allj\u00e4hrlich viele G\u00e4ste f\u00fcr die Auseinandersetzung mit dem Thema Jazz anhand von Vortr\u00e4gen und Gespr\u00e4chsrunden begeistern.<\/p>\n<p>Weitere Informationen: <a href=\"https:\/\/www.enjoyjazz.de\/\">www.enjoyjazz.de<\/a><\/p>\n<p>Das Titelfoto zeigt Michael Wollny. J\u00f6rg Steinmetz<\/p>\n","protected":false},"excerpt":{"rendered":"<p>Buchvorstellung: Siggi Loch \u2013 A Life In The Spirit Of Jazz Anl\u00e4sslich seines 80. Geburtstags erschien am 6. August 2020 das neue Buch \u201eA Life in the Spirit of Jazz\u201c von Siggi Loch.\u00a0 Der erfahrene Musikmanager und -produzent zeigt darin, wie sich die Liebe zum Jazz wie ein roter Faden durch sein Leben zieht. Veranstaltet von Jazz am See e.V.\u00a0 stellt Siggi Loch dieses Buch am 18. September um 20 Uhr im B\u00fcrgersaal in Feldafing, seiner alten Heimat, vor. Im Anschluss daran findet ein Buch- und CD-Verkauf statt, bei dem der Autor signieren wird. Weitere Informationen: www.jazzamsee.de &nbsp; 41. Leverkusener Jazztage 2020 Aufgrund der aktuellen Hygieneauflagen und Reisebeschr\u00e4nkungen der K\u00fcnstler musste das Hauptprogramm der 41. Leverkusener Jazztage im Forum auf das n\u00e4chste Jahr verschoben werden. Das gesamte Programm wird f\u00fcr n\u00e4chstes Jahr beibehalten und die Karten behalten ihre G\u00fcltigkeit. Neben den verschobenen Konzerten wird das Festival dieses Jahr dennoch stattfinden. Durch den Presenting Sponsor BAYER erm\u00f6glicht, werden Konzerte im Zuge der Leverkusener Jazztage im Bayer Erholungshaus und im Scala Club Opladen bis 21. November 2020 stattfinden. Programm und weitere Informationen: www.leverkusener-jazztage.de &nbsp; Enjoy Jazz-Festival 2020 &hellip;<\/p>\n","protected":false},"author":18,"featured_media":23393,"comment_status":"open","ping_status":"closed","sticky":false,"template":"","format":"standard","meta":{"_jetpack_memberships_contains_paid_content":false,"footnotes":"","jetpack_publicize_message":"","jetpack_publicize_feature_enabled":true,"jetpack_social_post_already_shared":false,"jetpack_social_options":{"image_generator_settings":{"template":"highway","default_image_id":0,"font":"","enabled":false},"version":2}},"categories":[633],"tags":[3056,3059,1334,3055,2244,3058,3061,3057,1647,1293,374,388,3060,500,3062],"coauthors":[695],"class_list":["post-23391","post","type-post","status-publish","format-standard","has-post-thumbnail","hentry","category-nachrichten","tag-a-life-in-the-spirit-of-jazz","tag-bayer-erholungshaus","tag-brad-mehldau","tag-buchvorstellung","tag-enjoy-jazz-festival","tag-feldafing","tag-heidelberg","tag-jazz-am-see-e-v","tag-leverkusener-jazztage","tag-ludwigshafen","tag-mannheim","tag-michael-wollny","tag-scala-club-opladen","tag-siggi-loch","tag-suite-april-2020"],"yoast_head":"<!-- This site is optimized with the Yoast SEO plugin v27.5 - https:\/\/yoast.com\/product\/yoast-seo-wordpress\/ -->\n<title>+++News:+++Buchvorstellung: Siggi Loch \u2013 A Life In The Spirit Of Jazz+++41. Leverkusener Jazztage 2020+++Enjoy Jazz-Festival 2020+++ - JazzZeitung<\/title>\n<meta name=\"robots\" content=\"index, follow, max-snippet:-1, max-image-preview:large, max-video-preview:-1\" \/>\n<link rel=\"canonical\" href=\"https:\/\/www.jazzzeitung.de\/cms\/2020\/09\/newsbuchvorstellung-siggi-loch-a-life-in-the-spirit-of-jazz41-leverkusener-jazztage-2020enjoy-jazz-festival-2020\/\" \/>\n<meta property=\"og:locale\" content=\"de_DE\" \/>\n<meta property=\"og:type\" content=\"article\" \/>\n<meta property=\"og:title\" content=\"+++News:+++Buchvorstellung: Siggi Loch \u2013 A Life In The Spirit Of Jazz+++41. Leverkusener Jazztage 2020+++Enjoy Jazz-Festival 2020+++ - JazzZeitung\" \/>\n<meta property=\"og:description\" content=\"Buchvorstellung: Siggi Loch \u2013 A Life In The Spirit Of Jazz Anl\u00e4sslich seines 80. Geburtstags erschien am 6. August 2020 das neue Buch \u201eA Life in the Spirit of Jazz\u201c von Siggi Loch.\u00a0 Der erfahrene Musikmanager und -produzent zeigt darin, wie sich die Liebe zum Jazz wie ein roter Faden durch sein Leben zieht. Veranstaltet von Jazz am See e.V.\u00a0 stellt Siggi Loch dieses Buch am 18. September um 20 Uhr im B\u00fcrgersaal in Feldafing, seiner alten Heimat, vor. Im Anschluss daran findet ein Buch- und CD-Verkauf statt, bei dem der Autor signieren wird. Weitere Informationen: www.jazzamsee.de &nbsp; 41. Leverkusener Jazztage 2020 Aufgrund der aktuellen Hygieneauflagen und Reisebeschr\u00e4nkungen der K\u00fcnstler musste das Hauptprogramm der 41. Leverkusener Jazztage im Forum auf das n\u00e4chste Jahr verschoben werden. Das gesamte Programm wird f\u00fcr n\u00e4chstes Jahr beibehalten und die Karten behalten ihre G\u00fcltigkeit. Neben den verschobenen Konzerten wird das Festival dieses Jahr dennoch stattfinden. Durch den Presenting Sponsor BAYER erm\u00f6glicht, werden Konzerte im Zuge der Leverkusener Jazztage im Bayer Erholungshaus und im Scala Club Opladen bis 21. November 2020 stattfinden. Programm und weitere Informationen: www.leverkusener-jazztage.de &nbsp; Enjoy Jazz-Festival 2020 &hellip;\" \/>\n<meta property=\"og:url\" content=\"https:\/\/www.jazzzeitung.de\/cms\/2020\/09\/newsbuchvorstellung-siggi-loch-a-life-in-the-spirit-of-jazz41-leverkusener-jazztage-2020enjoy-jazz-festival-2020\/\" \/>\n<meta property=\"og:site_name\" content=\"JazzZeitung\" \/>\n<meta property=\"article:publisher\" content=\"https:\/\/www.facebook.com\/JazzZeitung\/\" \/>\n<meta property=\"article:published_time\" content=\"2020-09-15T09:00:28+00:00\" \/>\n<meta property=\"article:modified_time\" content=\"2020-09-21T10:19:00+00:00\" \/>\n<meta property=\"og:image\" content=\"https:\/\/i0.wp.com\/www.jazzzeitung.de\/cms\/wp-content\/uploads\/2020\/09\/20201114_Michael_Wollny_c_Joerg_Steinmetz-scaled.jpg?fit=2560%2C1707&ssl=1\" \/>\n\t<meta property=\"og:image:width\" content=\"2560\" \/>\n\t<meta property=\"og:image:height\" content=\"1707\" \/>\n\t<meta property=\"og:image:type\" content=\"image\/jpeg\" \/>\n<meta name=\"author\" content=\"Redaktion JazzZeitung\" \/>\n<script type=\"application\/ld+json\" class=\"yoast-schema-graph\">{\"@context\":\"https:\\\/\\\/schema.org\",\"@graph\":[{\"@type\":\"Article\",\"@id\":\"https:\\\/\\\/www.jazzzeitung.de\\\/cms\\\/2020\\\/09\\\/newsbuchvorstellung-siggi-loch-a-life-in-the-spirit-of-jazz41-leverkusener-jazztage-2020enjoy-jazz-festival-2020\\\/#article\",\"isPartOf\":{\"@id\":\"https:\\\/\\\/www.jazzzeitung.de\\\/cms\\\/2020\\\/09\\\/newsbuchvorstellung-siggi-loch-a-life-in-the-spirit-of-jazz41-leverkusener-jazztage-2020enjoy-jazz-festival-2020\\\/\"},\"author\":{\"name\":\"Redaktion JazzZeitung\",\"@id\":\"https:\\\/\\\/www.jazzzeitung.de\\\/cms\\\/#\\\/schema\\\/person\\\/2245b36b9cd1d24cea10f01c031fb92b\"},\"headline\":\"+++News:+++Buchvorstellung: Siggi Loch \u2013 A Life In The Spirit Of Jazz+++41. Leverkusener Jazztage 2020+++Enjoy Jazz-Festival 2020+++\",\"datePublished\":\"2020-09-15T09:00:28+00:00\",\"dateModified\":\"2020-09-21T10:19:00+00:00\",\"mainEntityOfPage\":{\"@id\":\"https:\\\/\\\/www.jazzzeitung.de\\\/cms\\\/2020\\\/09\\\/newsbuchvorstellung-siggi-loch-a-life-in-the-spirit-of-jazz41-leverkusener-jazztage-2020enjoy-jazz-festival-2020\\\/\"},\"wordCount\":348,\"commentCount\":0,\"publisher\":{\"@id\":\"https:\\\/\\\/www.jazzzeitung.de\\\/cms\\\/#organization\"},\"image\":{\"@id\":\"https:\\\/\\\/www.jazzzeitung.de\\\/cms\\\/2020\\\/09\\\/newsbuchvorstellung-siggi-loch-a-life-in-the-spirit-of-jazz41-leverkusener-jazztage-2020enjoy-jazz-festival-2020\\\/#primaryimage\"},\"thumbnailUrl\":\"https:\\\/\\\/i0.wp.com\\\/www.jazzzeitung.de\\\/cms\\\/wp-content\\\/uploads\\\/2020\\\/09\\\/20201114_Michael_Wollny_c_Joerg_Steinmetz-scaled.jpg?fit=2560%2C1707&ssl=1\",\"keywords\":[\"A Life In The Spirit Of Jazz\",\"Bayer Erholungshaus\",\"Brad Mehldau\",\"Buchvorstellung\",\"Enjoy Jazz Festival\",\"Feldafing\",\"Heidelberg\",\"Jazz am See e.V.\",\"Leverkusener Jazztage\",\"ludwigshafen\",\"Mannheim\",\"Michael Wollny\",\"Scala Club Opladen\",\"Siggi Loch\",\"Suite: April 2020\"],\"articleSection\":[\"News\"],\"inLanguage\":\"de\",\"potentialAction\":[{\"@type\":\"CommentAction\",\"name\":\"Comment\",\"target\":[\"https:\\\/\\\/www.jazzzeitung.de\\\/cms\\\/2020\\\/09\\\/newsbuchvorstellung-siggi-loch-a-life-in-the-spirit-of-jazz41-leverkusener-jazztage-2020enjoy-jazz-festival-2020\\\/#respond\"]}]},{\"@type\":\"WebPage\",\"@id\":\"https:\\\/\\\/www.jazzzeitung.de\\\/cms\\\/2020\\\/09\\\/newsbuchvorstellung-siggi-loch-a-life-in-the-spirit-of-jazz41-leverkusener-jazztage-2020enjoy-jazz-festival-2020\\\/\",\"url\":\"https:\\\/\\\/www.jazzzeitung.de\\\/cms\\\/2020\\\/09\\\/newsbuchvorstellung-siggi-loch-a-life-in-the-spirit-of-jazz41-leverkusener-jazztage-2020enjoy-jazz-festival-2020\\\/\",\"name\":\"+++News:+++Buchvorstellung: Siggi Loch \u2013 A Life In The Spirit Of Jazz+++41. Leverkusener Jazztage 2020+++Enjoy Jazz-Festival 2020+++ - JazzZeitung\",\"isPartOf\":{\"@id\":\"https:\\\/\\\/www.jazzzeitung.de\\\/cms\\\/#website\"},\"primaryImageOfPage\":{\"@id\":\"https:\\\/\\\/www.jazzzeitung.de\\\/cms\\\/2020\\\/09\\\/newsbuchvorstellung-siggi-loch-a-life-in-the-spirit-of-jazz41-leverkusener-jazztage-2020enjoy-jazz-festival-2020\\\/#primaryimage\"},\"image\":{\"@id\":\"https:\\\/\\\/www.jazzzeitung.de\\\/cms\\\/2020\\\/09\\\/newsbuchvorstellung-siggi-loch-a-life-in-the-spirit-of-jazz41-leverkusener-jazztage-2020enjoy-jazz-festival-2020\\\/#primaryimage\"},\"thumbnailUrl\":\"https:\\\/\\\/i0.wp.com\\\/www.jazzzeitung.de\\\/cms\\\/wp-content\\\/uploads\\\/2020\\\/09\\\/20201114_Michael_Wollny_c_Joerg_Steinmetz-scaled.jpg?fit=2560%2C1707&ssl=1\",\"datePublished\":\"2020-09-15T09:00:28+00:00\",\"dateModified\":\"2020-09-21T10:19:00+00:00\",\"breadcrumb\":{\"@id\":\"https:\\\/\\\/www.jazzzeitung.de\\\/cms\\\/2020\\\/09\\\/newsbuchvorstellung-siggi-loch-a-life-in-the-spirit-of-jazz41-leverkusener-jazztage-2020enjoy-jazz-festival-2020\\\/#breadcrumb\"},\"inLanguage\":\"de\",\"potentialAction\":[{\"@type\":\"ReadAction\",\"target\":[\"https:\\\/\\\/www.jazzzeitung.de\\\/cms\\\/2020\\\/09\\\/newsbuchvorstellung-siggi-loch-a-life-in-the-spirit-of-jazz41-leverkusener-jazztage-2020enjoy-jazz-festival-2020\\\/\"]}]},{\"@type\":\"ImageObject\",\"inLanguage\":\"de\",\"@id\":\"https:\\\/\\\/www.jazzzeitung.de\\\/cms\\\/2020\\\/09\\\/newsbuchvorstellung-siggi-loch-a-life-in-the-spirit-of-jazz41-leverkusener-jazztage-2020enjoy-jazz-festival-2020\\\/#primaryimage\",\"url\":\"https:\\\/\\\/i0.wp.com\\\/www.jazzzeitung.de\\\/cms\\\/wp-content\\\/uploads\\\/2020\\\/09\\\/20201114_Michael_Wollny_c_Joerg_Steinmetz-scaled.jpg?fit=2560%2C1707&ssl=1\",\"contentUrl\":\"https:\\\/\\\/i0.wp.com\\\/www.jazzzeitung.de\\\/cms\\\/wp-content\\\/uploads\\\/2020\\\/09\\\/20201114_Michael_Wollny_c_Joerg_Steinmetz-scaled.jpg?fit=2560%2C1707&ssl=1\",\"width\":2560,\"height\":1707},{\"@type\":\"BreadcrumbList\",\"@id\":\"https:\\\/\\\/www.jazzzeitung.de\\\/cms\\\/2020\\\/09\\\/newsbuchvorstellung-siggi-loch-a-life-in-the-spirit-of-jazz41-leverkusener-jazztage-2020enjoy-jazz-festival-2020\\\/#breadcrumb\",\"itemListElement\":[{\"@type\":\"ListItem\",\"position\":1,\"name\":\"Startseite\",\"item\":\"https:\\\/\\\/www.jazzzeitung.de\\\/cms\\\/\"},{\"@type\":\"ListItem\",\"position\":2,\"name\":\"+++News:+++Buchvorstellung: Siggi Loch \u2013 A Life In The Spirit Of Jazz+++41. Leverkusener Jazztage 2020+++Enjoy Jazz-Festival 2020+++\"}]},{\"@type\":\"WebSite\",\"@id\":\"https:\\\/\\\/www.jazzzeitung.de\\\/cms\\\/#website\",\"url\":\"https:\\\/\\\/www.jazzzeitung.de\\\/cms\\\/\",\"name\":\"JazzZeitung\",\"description\":\"Jazz-News und Jazz-Kontroverses\",\"publisher\":{\"@id\":\"https:\\\/\\\/www.jazzzeitung.de\\\/cms\\\/#organization\"},\"potentialAction\":[{\"@type\":\"SearchAction\",\"target\":{\"@type\":\"EntryPoint\",\"urlTemplate\":\"https:\\\/\\\/www.jazzzeitung.de\\\/cms\\\/?s={search_term_string}\"},\"query-input\":{\"@type\":\"PropertyValueSpecification\",\"valueRequired\":true,\"valueName\":\"search_term_string\"}}],\"inLanguage\":\"de\"},{\"@type\":\"Organization\",\"@id\":\"https:\\\/\\\/www.jazzzeitung.de\\\/cms\\\/#organization\",\"name\":\"JazzZeitung online\",\"url\":\"https:\\\/\\\/www.jazzzeitung.de\\\/cms\\\/\",\"logo\":{\"@type\":\"ImageObject\",\"inLanguage\":\"de\",\"@id\":\"https:\\\/\\\/www.jazzzeitung.de\\\/cms\\\/#\\\/schema\\\/logo\\\/image\\\/\",\"url\":\"https:\\\/\\\/i0.wp.com\\\/www.jazzzeitung.de\\\/cms\\\/wp-content\\\/uploads\\\/2015\\\/08\\\/JAZZZEITUNGDE_Logo_Neu.png?fit=499%2C200&ssl=1\",\"contentUrl\":\"https:\\\/\\\/i0.wp.com\\\/www.jazzzeitung.de\\\/cms\\\/wp-content\\\/uploads\\\/2015\\\/08\\\/JAZZZEITUNGDE_Logo_Neu.png?fit=499%2C200&ssl=1\",\"width\":499,\"height\":200,\"caption\":\"JazzZeitung online\"},\"image\":{\"@id\":\"https:\\\/\\\/www.jazzzeitung.de\\\/cms\\\/#\\\/schema\\\/logo\\\/image\\\/\"},\"sameAs\":[\"https:\\\/\\\/www.facebook.com\\\/JazzZeitung\\\/\"]},{\"@type\":\"Person\",\"@id\":\"https:\\\/\\\/www.jazzzeitung.de\\\/cms\\\/#\\\/schema\\\/person\\\/2245b36b9cd1d24cea10f01c031fb92b\",\"name\":\"Redaktion JazzZeitung\",\"image\":{\"@type\":\"ImageObject\",\"inLanguage\":\"de\",\"@id\":\"https:\\\/\\\/i0.wp.com\\\/www.jazzzeitung.de\\\/cms\\\/wp-content\\\/uploads\\\/2015\\\/08\\\/JAZZZEITUNGDE_Logo_Neu.png?resize=96%2C96&ssl=159975dcacb611b5700bd619b5daf0a7a\",\"url\":\"https:\\\/\\\/i0.wp.com\\\/www.jazzzeitung.de\\\/cms\\\/wp-content\\\/uploads\\\/2015\\\/08\\\/JAZZZEITUNGDE_Logo_Neu.png?resize=96%2C96&ssl=1\",\"contentUrl\":\"https:\\\/\\\/i0.wp.com\\\/www.jazzzeitung.de\\\/cms\\\/wp-content\\\/uploads\\\/2015\\\/08\\\/JAZZZEITUNGDE_Logo_Neu.png?resize=96%2C96&ssl=1\",\"caption\":\"Redaktion JazzZeitung\"},\"description\":\"Artikel der Redaktion der JazzZeitung.\",\"sameAs\":[\"http:\\\/\\\/www.jazzzeitung.de\\\/cms\\\/\"],\"url\":\"https:\\\/\\\/www.jazzzeitung.de\\\/cms\\\/author\\\/redaktion\\\/\"}]}<\/script>\n<!-- \/ Yoast SEO plugin. -->","yoast_head_json":{"title":"+++News:+++Buchvorstellung: Siggi Loch \u2013 A Life In The Spirit Of Jazz+++41. Leverkusener Jazztage 2020+++Enjoy Jazz-Festival 2020+++ - JazzZeitung","robots":{"index":"index","follow":"follow","max-snippet":"max-snippet:-1","max-image-preview":"max-image-preview:large","max-video-preview":"max-video-preview:-1"},"canonical":"https:\/\/www.jazzzeitung.de\/cms\/2020\/09\/newsbuchvorstellung-siggi-loch-a-life-in-the-spirit-of-jazz41-leverkusener-jazztage-2020enjoy-jazz-festival-2020\/","og_locale":"de_DE","og_type":"article","og_title":"+++News:+++Buchvorstellung: Siggi Loch \u2013 A Life In The Spirit Of Jazz+++41. Leverkusener Jazztage 2020+++Enjoy Jazz-Festival 2020+++ - JazzZeitung","og_description":"Buchvorstellung: Siggi Loch \u2013 A Life In The Spirit Of Jazz Anl\u00e4sslich seines 80. Geburtstags erschien am 6. August 2020 das neue Buch \u201eA Life in the Spirit of Jazz\u201c von Siggi Loch.\u00a0 Der erfahrene Musikmanager und -produzent zeigt darin, wie sich die Liebe zum Jazz wie ein roter Faden durch sein Leben zieht. Veranstaltet von Jazz am See e.V.\u00a0 stellt Siggi Loch dieses Buch am 18. September um 20 Uhr im B\u00fcrgersaal in Feldafing, seiner alten Heimat, vor. Im Anschluss daran findet ein Buch- und CD-Verkauf statt, bei dem der Autor signieren wird. Weitere Informationen: www.jazzamsee.de &nbsp; 41. Leverkusener Jazztage 2020 Aufgrund der aktuellen Hygieneauflagen und Reisebeschr\u00e4nkungen der K\u00fcnstler musste das Hauptprogramm der 41. Leverkusener Jazztage im Forum auf das n\u00e4chste Jahr verschoben werden. Das gesamte Programm wird f\u00fcr n\u00e4chstes Jahr beibehalten und die Karten behalten ihre G\u00fcltigkeit. Neben den verschobenen Konzerten wird das Festival dieses Jahr dennoch stattfinden. Durch den Presenting Sponsor BAYER erm\u00f6glicht, werden Konzerte im Zuge der Leverkusener Jazztage im Bayer Erholungshaus und im Scala Club Opladen bis 21. November 2020 stattfinden. Programm und weitere Informationen: www.leverkusener-jazztage.de &nbsp; Enjoy Jazz-Festival 2020 &hellip;","og_url":"https:\/\/www.jazzzeitung.de\/cms\/2020\/09\/newsbuchvorstellung-siggi-loch-a-life-in-the-spirit-of-jazz41-leverkusener-jazztage-2020enjoy-jazz-festival-2020\/","og_site_name":"JazzZeitung","article_publisher":"https:\/\/www.facebook.com\/JazzZeitung\/","article_published_time":"2020-09-15T09:00:28+00:00","article_modified_time":"2020-09-21T10:19:00+00:00","og_image":[{"width":2560,"height":1707,"url":"https:\/\/i0.wp.com\/www.jazzzeitung.de\/cms\/wp-content\/uploads\/2020\/09\/20201114_Michael_Wollny_c_Joerg_Steinmetz-scaled.jpg?fit=2560%2C1707&ssl=1","type":"image\/jpeg"}],"author":"Redaktion JazzZeitung","schema":{"@context":"https:\/\/schema.org","@graph":[{"@type":"Article","@id":"https:\/\/www.jazzzeitung.de\/cms\/2020\/09\/newsbuchvorstellung-siggi-loch-a-life-in-the-spirit-of-jazz41-leverkusener-jazztage-2020enjoy-jazz-festival-2020\/#article","isPartOf":{"@id":"https:\/\/www.jazzzeitung.de\/cms\/2020\/09\/newsbuchvorstellung-siggi-loch-a-life-in-the-spirit-of-jazz41-leverkusener-jazztage-2020enjoy-jazz-festival-2020\/"},"author":{"name":"Redaktion JazzZeitung","@id":"https:\/\/www.jazzzeitung.de\/cms\/#\/schema\/person\/2245b36b9cd1d24cea10f01c031fb92b"},"headline":"+++News:+++Buchvorstellung: Siggi Loch \u2013 A Life In The Spirit Of Jazz+++41. Leverkusener Jazztage 2020+++Enjoy Jazz-Festival 2020+++","datePublished":"2020-09-15T09:00:28+00:00","dateModified":"2020-09-21T10:19:00+00:00","mainEntityOfPage":{"@id":"https:\/\/www.jazzzeitung.de\/cms\/2020\/09\/newsbuchvorstellung-siggi-loch-a-life-in-the-spirit-of-jazz41-leverkusener-jazztage-2020enjoy-jazz-festival-2020\/"},"wordCount":348,"commentCount":0,"publisher":{"@id":"https:\/\/www.jazzzeitung.de\/cms\/#organization"},"image":{"@id":"https:\/\/www.jazzzeitung.de\/cms\/2020\/09\/newsbuchvorstellung-siggi-loch-a-life-in-the-spirit-of-jazz41-leverkusener-jazztage-2020enjoy-jazz-festival-2020\/#primaryimage"},"thumbnailUrl":"https:\/\/i0.wp.com\/www.jazzzeitung.de\/cms\/wp-content\/uploads\/2020\/09\/20201114_Michael_Wollny_c_Joerg_Steinmetz-scaled.jpg?fit=2560%2C1707&ssl=1","keywords":["A Life In The Spirit Of Jazz","Bayer Erholungshaus","Brad Mehldau","Buchvorstellung","Enjoy Jazz Festival","Feldafing","Heidelberg","Jazz am See e.V.","Leverkusener Jazztage","ludwigshafen","Mannheim","Michael Wollny","Scala Club Opladen","Siggi Loch","Suite: April 2020"],"articleSection":["News"],"inLanguage":"de","potentialAction":[{"@type":"CommentAction","name":"Comment","target":["https:\/\/www.jazzzeitung.de\/cms\/2020\/09\/newsbuchvorstellung-siggi-loch-a-life-in-the-spirit-of-jazz41-leverkusener-jazztage-2020enjoy-jazz-festival-2020\/#respond"]}]},{"@type":"WebPage","@id":"https:\/\/www.jazzzeitung.de\/cms\/2020\/09\/newsbuchvorstellung-siggi-loch-a-life-in-the-spirit-of-jazz41-leverkusener-jazztage-2020enjoy-jazz-festival-2020\/","url":"https:\/\/www.jazzzeitung.de\/cms\/2020\/09\/newsbuchvorstellung-siggi-loch-a-life-in-the-spirit-of-jazz41-leverkusener-jazztage-2020enjoy-jazz-festival-2020\/","name":"+++News:+++Buchvorstellung: Siggi Loch \u2013 A Life In The Spirit Of Jazz+++41. Leverkusener Jazztage 2020+++Enjoy Jazz-Festival 2020+++ - JazzZeitung","isPartOf":{"@id":"https:\/\/www.jazzzeitung.de\/cms\/#website"},"primaryImageOfPage":{"@id":"https:\/\/www.jazzzeitung.de\/cms\/2020\/09\/newsbuchvorstellung-siggi-loch-a-life-in-the-spirit-of-jazz41-leverkusener-jazztage-2020enjoy-jazz-festival-2020\/#primaryimage"},"image":{"@id":"https:\/\/www.jazzzeitung.de\/cms\/2020\/09\/newsbuchvorstellung-siggi-loch-a-life-in-the-spirit-of-jazz41-leverkusener-jazztage-2020enjoy-jazz-festival-2020\/#primaryimage"},"thumbnailUrl":"https:\/\/i0.wp.com\/www.jazzzeitung.de\/cms\/wp-content\/uploads\/2020\/09\/20201114_Michael_Wollny_c_Joerg_Steinmetz-scaled.jpg?fit=2560%2C1707&ssl=1","datePublished":"2020-09-15T09:00:28+00:00","dateModified":"2020-09-21T10:19:00+00:00","breadcrumb":{"@id":"https:\/\/www.jazzzeitung.de\/cms\/2020\/09\/newsbuchvorstellung-siggi-loch-a-life-in-the-spirit-of-jazz41-leverkusener-jazztage-2020enjoy-jazz-festival-2020\/#breadcrumb"},"inLanguage":"de","potentialAction":[{"@type":"ReadAction","target":["https:\/\/www.jazzzeitung.de\/cms\/2020\/09\/newsbuchvorstellung-siggi-loch-a-life-in-the-spirit-of-jazz41-leverkusener-jazztage-2020enjoy-jazz-festival-2020\/"]}]},{"@type":"ImageObject","inLanguage":"de","@id":"https:\/\/www.jazzzeitung.de\/cms\/2020\/09\/newsbuchvorstellung-siggi-loch-a-life-in-the-spirit-of-jazz41-leverkusener-jazztage-2020enjoy-jazz-festival-2020\/#primaryimage","url":"https:\/\/i0.wp.com\/www.jazzzeitung.de\/cms\/wp-content\/uploads\/2020\/09\/20201114_Michael_Wollny_c_Joerg_Steinmetz-scaled.jpg?fit=2560%2C1707&ssl=1","contentUrl":"https:\/\/i0.wp.com\/www.jazzzeitung.de\/cms\/wp-content\/uploads\/2020\/09\/20201114_Michael_Wollny_c_Joerg_Steinmetz-scaled.jpg?fit=2560%2C1707&ssl=1","width":2560,"height":1707},{"@type":"BreadcrumbList","@id":"https:\/\/www.jazzzeitung.de\/cms\/2020\/09\/newsbuchvorstellung-siggi-loch-a-life-in-the-spirit-of-jazz41-leverkusener-jazztage-2020enjoy-jazz-festival-2020\/#breadcrumb","itemListElement":[{"@type":"ListItem","position":1,"name":"Startseite","item":"https:\/\/www.jazzzeitung.de\/cms\/"},{"@type":"ListItem","position":2,"name":"+++News:+++Buchvorstellung: Siggi Loch \u2013 A Life In The Spirit Of Jazz+++41. Leverkusener Jazztage 2020+++Enjoy Jazz-Festival 2020+++"}]},{"@type":"WebSite","@id":"https:\/\/www.jazzzeitung.de\/cms\/#website","url":"https:\/\/www.jazzzeitung.de\/cms\/","name":"JazzZeitung","description":"Jazz-News und Jazz-Kontroverses","publisher":{"@id":"https:\/\/www.jazzzeitung.de\/cms\/#organization"},"potentialAction":[{"@type":"SearchAction","target":{"@type":"EntryPoint","urlTemplate":"https:\/\/www.jazzzeitung.de\/cms\/?s={search_term_string}"},"query-input":{"@type":"PropertyValueSpecification","valueRequired":true,"valueName":"search_term_string"}}],"inLanguage":"de"},{"@type":"Organization","@id":"https:\/\/www.jazzzeitung.de\/cms\/#organization","name":"JazzZeitung online","url":"https:\/\/www.jazzzeitung.de\/cms\/","logo":{"@type":"ImageObject","inLanguage":"de","@id":"https:\/\/www.jazzzeitung.de\/cms\/#\/schema\/logo\/image\/","url":"https:\/\/i0.wp.com\/www.jazzzeitung.de\/cms\/wp-content\/uploads\/2015\/08\/JAZZZEITUNGDE_Logo_Neu.png?fit=499%2C200&ssl=1","contentUrl":"https:\/\/i0.wp.com\/www.jazzzeitung.de\/cms\/wp-content\/uploads\/2015\/08\/JAZZZEITUNGDE_Logo_Neu.png?fit=499%2C200&ssl=1","width":499,"height":200,"caption":"JazzZeitung online"},"image":{"@id":"https:\/\/www.jazzzeitung.de\/cms\/#\/schema\/logo\/image\/"},"sameAs":["https:\/\/www.facebook.com\/JazzZeitung\/"]},{"@type":"Person","@id":"https:\/\/www.jazzzeitung.de\/cms\/#\/schema\/person\/2245b36b9cd1d24cea10f01c031fb92b","name":"Redaktion JazzZeitung","image":{"@type":"ImageObject","inLanguage":"de","@id":"https:\/\/i0.wp.com\/www.jazzzeitung.de\/cms\/wp-content\/uploads\/2015\/08\/JAZZZEITUNGDE_Logo_Neu.png?resize=96%2C96&ssl=159975dcacb611b5700bd619b5daf0a7a","url":"https:\/\/i0.wp.com\/www.jazzzeitung.de\/cms\/wp-content\/uploads\/2015\/08\/JAZZZEITUNGDE_Logo_Neu.png?resize=96%2C96&ssl=1","contentUrl":"https:\/\/i0.wp.com\/www.jazzzeitung.de\/cms\/wp-content\/uploads\/2015\/08\/JAZZZEITUNGDE_Logo_Neu.png?resize=96%2C96&ssl=1","caption":"Redaktion JazzZeitung"},"description":"Artikel der Redaktion der JazzZeitung.","sameAs":["http:\/\/www.jazzzeitung.de\/cms\/"],"url":"https:\/\/www.jazzzeitung.de\/cms\/author\/redaktion\/"}]}},"wp-worthy-pixel":{"ignored":false,"public":null,"server":null,"url":null},"wp-worthy-type":"normal","jetpack_publicize_connections":[],"cc_featured_image_caption":{"caption_text":"","source_text":"","source_url":""},"jetpack_featured_media_url":"https:\/\/i0.wp.com\/www.jazzzeitung.de\/cms\/wp-content\/uploads\/2020\/09\/20201114_Michael_Wollny_c_Joerg_Steinmetz-scaled.jpg?fit=2560%2C1707&ssl=1","jetpack_shortlink":"https:\/\/wp.me\/p3KEcT-65h","jetpack-related-posts":[{"id":1058,"url":"https:\/\/www.jazzzeitung.de\/cms\/2011\/06\/wo-bleibt-der-deutsche-jazz\/","url_meta":{"origin":23391,"position":0},"title":"Wo bleibt der deutsche Jazz?","author":"J\u00f6rg Lichtinger","date":"16. Juni 2011","format":false,"excerpt":"DIE ZEIT stellte k\u00fcrzlich in ihrer Online-Ausgabe \u2013 wieder einmal \u2013 diese Frage. Ausgangspunkt f\u00fcr das erneute Aufrollen eines altbekannten Themas \u2013 n\u00e4mlich, dass sich vom Jazz schlecht leben l\u00e4sst \u2013 ist die weiterhin zunehmende Dichte von erstklassigen Musikern und Bands aus Deutschen Landen, die das Missverh\u00e4ltnis zwischen der Qualit\u00e4t\u2026","rel":"","context":"In &quot;Blog&quot;","block_context":{"text":"Blog","link":"https:\/\/www.jazzzeitung.de\/cms\/thema\/blog\/"},"img":{"alt_text":"Mo' Blow. Foto: ACT\/Dirk Mathesius","src":"https:\/\/i0.wp.com\/www.jazzzeitung.de\/cms\/wp-content\/uploads\/2011\/06\/moblow-300x215.jpg?resize=350%2C200","width":350,"height":200},"classes":[]},{"id":1429,"url":"https:\/\/www.jazzzeitung.de\/cms\/2011\/11\/jazz-in-berlin-1\/","url_meta":{"origin":23391,"position":1},"title":"Jazz in Berlin (1)","author":"Rainer Wein","date":"8. November 2011","format":false,"excerpt":"Fr\u00fcher war das JazzFest Berlin bekannt daf\u00fcr, dass es Projekte und Ensembles nach Deutschland holte, die man hier noch nie geh\u00f6rt hatte. Diese Zeiten liegen eine gef\u00fchlte Ewigkeit zur\u00fcck. Jedenfalls hie\u00df ein Schwerpunkt-Thema 2011: Polen. Dieses Land beginnt 80 Kilometer hinter Berlin \u2013 und niemand wird behaupten, dass Adam Pieronczyk,\u2026","rel":"","context":"In &quot;Blog&quot;","block_context":{"text":"Blog","link":"https:\/\/www.jazzzeitung.de\/cms\/thema\/blog\/"},"img":{"alt_text":"","src":"","width":0,"height":0},"classes":[]},{"id":11866,"url":"https:\/\/www.jazzzeitung.de\/cms\/2017\/03\/news-act-music-preis-fuer-haffner-walter-quintus-verstorben-25-jahre-act\/","url_meta":{"origin":23391,"position":2},"title":"+++ News +++ ACT Music +++ Preis f\u00fcr Haffner +++ Walter Quintus verstorben +++ 25 Jahre ACT +++","author":"Redaktion JazzZeitung","date":"7. M\u00e4rz 2017","format":false,"excerpt":"+++ \u201eJoachim-Ernst-Berendt-Ehrenpreis\u201c f\u00fcr Haffner +++ Am 2. M\u00e4rz hat die Stadt Baden-Baden den \u201eJoachim-Ernst-Berendt-Ehrenpreis\u201c an den Schlagzeuger Wolfgang Haffner verliehen.\u00a0Die Preisverleihung fand im Rahmen des Festivals \"Mr. M\u00b4s Jazz Club\" im Kurhaus in Baden Baden statt. Bisherige Preistr\u00e4ger sind Nils Landgren (2016), Patti Austin (2015), Till Br\u00f6nner (2014), Paul Kuhn\u2026","rel":"","context":"In &quot;News&quot;","block_context":{"text":"News","link":"https:\/\/www.jazzzeitung.de\/cms\/thema\/nachrichten\/"},"img":{"alt_text":"","src":"https:\/\/i0.wp.com\/www.jazzzeitung.de\/cms\/wp-content\/uploads\/2017\/03\/Wolfgang_Haffner_ACT_Gregor_Hohenberg-150x150.jpg?resize=350%2C200","width":350,"height":200},"classes":[]},{"id":19530,"url":"https:\/\/www.jazzzeitung.de\/cms\/2019\/05\/jazz-legende-herbie-hancock-im-november-auf-deutschland-tournee\/","url_meta":{"origin":23391,"position":3},"title":"+++ news +++ Jazz-Legende Herbie Hancock auf Deutschland-Tournee +++ Konzert \u201eIt must schwing\u201c \u2013 A Tribute to Alfred Lion &#038; Francis Wolff +++","author":"Redaktion JazzZeitung","date":"25. Mai 2019","format":false,"excerpt":"Herbie Hancock ist zwischen dem 6. November und dem 2. Dezember 2019 bei Konzerten in ganz Deutschland zu h\u00f6ren und zu sehen. Auch in der sechsten Dekade seiner professionellen Laufbahn bleibt der 14-fache Grammy-Gewinner und Oscar-Preistr\u00e4ger Herbie Hancock keinesfalls stehen, sondern ist nach wie vor mit hellwachem Interesse am Puls\u2026","rel":"","context":"In &quot;News&quot;","block_context":{"text":"News","link":"https:\/\/www.jazzzeitung.de\/cms\/thema\/nachrichten\/"},"img":{"alt_text":"","src":"https:\/\/i0.wp.com\/www.jazzzeitung.de\/cms\/wp-content\/uploads\/2019\/05\/2034_13663.jpg?fit=1200%2C799&ssl=1&resize=350%2C200","width":350,"height":200,"srcset":"https:\/\/i0.wp.com\/www.jazzzeitung.de\/cms\/wp-content\/uploads\/2019\/05\/2034_13663.jpg?fit=1200%2C799&ssl=1&resize=350%2C200 1x, https:\/\/i0.wp.com\/www.jazzzeitung.de\/cms\/wp-content\/uploads\/2019\/05\/2034_13663.jpg?fit=1200%2C799&ssl=1&resize=525%2C300 1.5x, https:\/\/i0.wp.com\/www.jazzzeitung.de\/cms\/wp-content\/uploads\/2019\/05\/2034_13663.jpg?fit=1200%2C799&ssl=1&resize=700%2C400 2x, https:\/\/i0.wp.com\/www.jazzzeitung.de\/cms\/wp-content\/uploads\/2019\/05\/2034_13663.jpg?fit=1200%2C799&ssl=1&resize=1050%2C600 3x"},"classes":[]},{"id":23084,"url":"https:\/\/www.jazzzeitung.de\/cms\/2020\/08\/die-jazz-radiowoche-vom-03-08-20-bis-09-08-20\/","url_meta":{"origin":23391,"position":4},"title":"Die Jazz-Radiowoche vom 03.08.20 bis 09.08.20","author":"Martin Hufner","date":"2. August 2020","format":false,"excerpt":"Ein kleiner Blick in die Jazzwoche 32 im Radio. Alle Angaben ohne Gew\u00e4hr. Unter anderem: Siggi Loch \u2013 ein Labelchef mit 80.","rel":"","context":"In &quot;News&quot;","block_context":{"text":"News","link":"https:\/\/www.jazzzeitung.de\/cms\/thema\/nachrichten\/"},"img":{"alt_text":"Jazz im Radio. Foto: Hufner","src":"https:\/\/i0.wp.com\/www.jazzzeitung.de\/cms\/wp-content\/uploads\/2019\/03\/jazz_im_radio.jpg?fit=1200%2C773&ssl=1&resize=350%2C200","width":350,"height":200,"srcset":"https:\/\/i0.wp.com\/www.jazzzeitung.de\/cms\/wp-content\/uploads\/2019\/03\/jazz_im_radio.jpg?fit=1200%2C773&ssl=1&resize=350%2C200 1x, https:\/\/i0.wp.com\/www.jazzzeitung.de\/cms\/wp-content\/uploads\/2019\/03\/jazz_im_radio.jpg?fit=1200%2C773&ssl=1&resize=525%2C300 1.5x, https:\/\/i0.wp.com\/www.jazzzeitung.de\/cms\/wp-content\/uploads\/2019\/03\/jazz_im_radio.jpg?fit=1200%2C773&ssl=1&resize=700%2C400 2x, https:\/\/i0.wp.com\/www.jazzzeitung.de\/cms\/wp-content\/uploads\/2019\/03\/jazz_im_radio.jpg?fit=1200%2C773&ssl=1&resize=1050%2C600 3x"},"classes":[]},{"id":9078,"url":"https:\/\/www.jazzzeitung.de\/cms\/2016\/04\/da-stuermt-die-sonne-atemberaubender-jazz-vom-neuen-trio-danielsson-neset-und-lund\/","url_meta":{"origin":23391,"position":5},"title":"Da st\u00fcrmt die Sonne! Brandhei\u00dfer Jazz vom Trio: Danielsson, Neset und Lund!","author":"Redaktion JazzZeitung","date":"28. April 2016","format":false,"excerpt":"\u201cSun Blowing\u201d, das neue Trio-Album\u00a0\u2013 mit Lars Danielsson am Bass, dem Drummer Morten Lund sowie dem Ausnahmesaxophonisten Marius Neset \u2013 pr\u00e4sentiert nicht nur eine Sternstunde des Jazz, dar\u00fcber hinaus gibt es auch noch eine wirklich gute Entstehungsgeschichte: Auf der R\u00fcckreise von der JazzBaltica im Zug nach Kopenhagen trafen sich die\u2026","rel":"","context":"In &quot;Rezension&quot;","block_context":{"text":"Rezension","link":"https:\/\/www.jazzzeitung.de\/cms\/thema\/rezension\/"},"img":{"alt_text":"NL","src":"https:\/\/i0.wp.com\/www.jazzzeitung.de\/cms\/wp-content\/uploads\/2016\/04\/Cover-Sun-Blowing.jpg?resize=350%2C200","width":350,"height":200},"classes":[]}],"jetpack_sharing_enabled":true,"_links":{"self":[{"href":"https:\/\/www.jazzzeitung.de\/cms\/wp-json\/wp\/v2\/posts\/23391","targetHints":{"allow":["GET"]}}],"collection":[{"href":"https:\/\/www.jazzzeitung.de\/cms\/wp-json\/wp\/v2\/posts"}],"about":[{"href":"https:\/\/www.jazzzeitung.de\/cms\/wp-json\/wp\/v2\/types\/post"}],"author":[{"embeddable":true,"href":"https:\/\/www.jazzzeitung.de\/cms\/wp-json\/wp\/v2\/users\/18"}],"replies":[{"embeddable":true,"href":"https:\/\/www.jazzzeitung.de\/cms\/wp-json\/wp\/v2\/comments?post=23391"}],"version-history":[{"count":3,"href":"https:\/\/www.jazzzeitung.de\/cms\/wp-json\/wp\/v2\/posts\/23391\/revisions"}],"predecessor-version":[{"id":23462,"href":"https:\/\/www.jazzzeitung.de\/cms\/wp-json\/wp\/v2\/posts\/23391\/revisions\/23462"}],"wp:featuredmedia":[{"embeddable":true,"href":"https:\/\/www.jazzzeitung.de\/cms\/wp-json\/wp\/v2\/media\/23393"}],"wp:attachment":[{"href":"https:\/\/www.jazzzeitung.de\/cms\/wp-json\/wp\/v2\/media?parent=23391"}],"wp:term":[{"taxonomy":"category","embeddable":true,"href":"https:\/\/www.jazzzeitung.de\/cms\/wp-json\/wp\/v2\/categories?post=23391"},{"taxonomy":"post_tag","embeddable":true,"href":"https:\/\/www.jazzzeitung.de\/cms\/wp-json\/wp\/v2\/tags?post=23391"},{"taxonomy":"author","embeddable":true,"href":"https:\/\/www.jazzzeitung.de\/cms\/wp-json\/wp\/v2\/coauthors?post=23391"}],"curies":[{"name":"wp","href":"https:\/\/api.w.org\/{rel}","templated":true}]}}