{"id":23317,"date":"2020-09-03T12:53:56","date_gmt":"2020-09-03T10:53:56","guid":{"rendered":"https:\/\/www.jazzzeitung.de\/cms\/?p=23317"},"modified":"2020-09-08T12:05:27","modified_gmt":"2020-09-08T10:05:27","slug":"newseroeffnung-des-jazzclub-erfurt44-leipziger-jazztage","status":"publish","type":"post","link":"https:\/\/www.jazzzeitung.de\/cms\/2020\/09\/newseroeffnung-des-jazzclub-erfurt44-leipziger-jazztage\/","title":{"rendered":"+++News:+++Er\u00f6ffnung des Jazzclub Erfurt+++44. Leipziger Jazztage+++"},"content":{"rendered":"<p><strong>Er\u00f6ffnungswochenende des Jazzclub Erfurt<\/strong><\/p>\n<p>Der Jazzclub Erfurt musste nach fast 39-j\u00e4hriger Geschichte Ende des Jahres 2019 seine R\u00e4umlichkeiten unter dem Gildehaus am Fischmarkt aufgeben. Der seit 1998 verwendete Jazzkeller wurde durch die Handwerkskammer Th\u00fcringen gek\u00fcndigt. Mit Hilfe der Stadt Erfurt wurde nun eine neue Spielst\u00e4tte in den R\u00e4umen des Th\u00fcringer Volkskundemuseums gefunden und durch die Jazzclubmitglieder spielbereit gemacht. Diese neue Spielst\u00e4tte wird morgen, am Freitag, den 4.9.2020, um 18 Uhr mit einem Open-Air-Konzert der Eisenacher Band Travelling Blues er\u00f6ffnet. Das Er\u00f6ffnungswochenende wird am 5.9.2020 mit einem Konzert von Helmut \u201eJoe\u201c Sachse und Heiner Reinhardt, die eine Hommage an Jimi Hendrix anl\u00e4sslich seines 50. Todestags auf dem Programm haben, fortgef\u00fchrt.<\/p>\n<p>Weitere Informationen: <a href=\"http:\/\/www.jazzclub-erfurt.de\">www.jazzclub-erfurt.de<\/a><\/p>\n<p>Titelfoto Sachse\/Reinhardt: Michael Scheiner<\/p>\n<p><strong>44. Leipziger Jazztage \u201eTransitions\u201c<\/strong><\/p>\n<p>Unter dem diesj\u00e4hrigen Festivalmotto \u201eTransitions\u201c finden die 44. Leipziger Jazztage vom 15. bis zum 24. Oktober 2020 statt. Das zehnt\u00e4gige Festival wird im Kunstkraftwerk mit der Verleihung des Jazznachwuchspreises der Stadt Leipzig mit Unterst\u00fctzung der Marion Ermer Stiftung und einem anschlie\u00dfenden Konzert er\u00f6ffnet. Neben vielerlei Konzerten findet am 15. und 16. Oktober das 25.\u00a0Jazzforum der Deutschen Jazzunion \u201eJazz Now!\u201c mit einem Fachprogramm aus Workshops und Podiumsveranstaltungen im Kunstkraftwerk statt.<\/p>\n<div class=\"tiled-gallery type-rectangular tiled-gallery-unresized\" data-original-width=\"840\" data-carousel-extra='{&quot;blog_id&quot;:1,&quot;permalink&quot;:&quot;https:\\\/\\\/www.jazzzeitung.de\\\/cms\\\/2020\\\/09\\\/newseroeffnung-des-jazzclub-erfurt44-leipziger-jazztage\\\/&quot;,&quot;likes_blog_id&quot;:55446655}' itemscope itemtype=\"http:\/\/schema.org\/ImageGallery\" > <div class=\"gallery-row\" style=\"width: 840px; height: 593px;\" data-original-width=\"840\" data-original-height=\"593\" > <div class=\"gallery-group images-2\" style=\"width: 394px; height: 593px;\" data-original-width=\"394\" data-original-height=\"593\" > <div class=\"tiled-gallery-item tiled-gallery-item-large\" itemprop=\"associatedMedia\" itemscope itemtype=\"http:\/\/schema.org\/ImageObject\"> <a href=\"https:\/\/www.jazzzeitung.de\/cms\/2020\/09\/newseroeffnung-des-jazzclub-erfurt44-leipziger-jazztage\/jazzcluberfurt-neuespielstaette\/\" border=\"0\" itemprop=\"url\"> <meta itemprop=\"width\" content=\"390\"> <meta itemprop=\"height\" content=\"293\"> <img decoding=\"async\" class=\"\" data-attachment-id=\"23326\" data-orig-file=\"https:\/\/www.jazzzeitung.de\/cms\/wp-content\/uploads\/2020\/09\/JazzclubErfurt-neueSpielstaette-scaled.jpg\" data-orig-size=\"2560,1920\" data-comments-opened=\"1\" data-image-meta=\"{&quot;aperture&quot;:&quot;2.4&quot;,&quot;credit&quot;:&quot;&quot;,&quot;camera&quot;:&quot;SM-G973F&quot;,&quot;caption&quot;:&quot;&quot;,&quot;created_timestamp&quot;:&quot;1588944180&quot;,&quot;copyright&quot;:&quot;&quot;,&quot;focal_length&quot;:&quot;4.32&quot;,&quot;iso&quot;:&quot;50&quot;,&quot;shutter_speed&quot;:&quot;0.0009727626459144&quot;,&quot;title&quot;:&quot;&quot;,&quot;orientation&quot;:&quot;1&quot;}\" data-image-title=\"\" data-image-description=\"\" data-medium-file=\"https:\/\/i0.wp.com\/www.jazzzeitung.de\/cms\/wp-content\/uploads\/2020\/09\/JazzclubErfurt-neueSpielstaette-scaled.jpg?fit=300%2C225&#038;ssl=1\" data-large-file=\"https:\/\/i0.wp.com\/www.jazzzeitung.de\/cms\/wp-content\/uploads\/2020\/09\/JazzclubErfurt-neueSpielstaette-scaled.jpg?fit=800%2C600&#038;ssl=1\" src=\"https:\/\/i0.wp.com\/www.jazzzeitung.de\/cms\/wp-content\/uploads\/2020\/09\/JazzclubErfurt-neueSpielstaette-scaled.jpg?w=390&#038;h=293&#038;ssl=1\" srcset=\"https:\/\/i0.wp.com\/www.jazzzeitung.de\/cms\/wp-content\/uploads\/2020\/09\/JazzclubErfurt-neueSpielstaette-scaled.jpg?w=2560&amp;ssl=1 2560w, https:\/\/i0.wp.com\/www.jazzzeitung.de\/cms\/wp-content\/uploads\/2020\/09\/JazzclubErfurt-neueSpielstaette-scaled.jpg?resize=300%2C225&amp;ssl=1 300w, https:\/\/i0.wp.com\/www.jazzzeitung.de\/cms\/wp-content\/uploads\/2020\/09\/JazzclubErfurt-neueSpielstaette-scaled.jpg?resize=800%2C600&amp;ssl=1 800w, https:\/\/i0.wp.com\/www.jazzzeitung.de\/cms\/wp-content\/uploads\/2020\/09\/JazzclubErfurt-neueSpielstaette-scaled.jpg?resize=768%2C576&amp;ssl=1 768w, https:\/\/i0.wp.com\/www.jazzzeitung.de\/cms\/wp-content\/uploads\/2020\/09\/JazzclubErfurt-neueSpielstaette-scaled.jpg?resize=1536%2C1152&amp;ssl=1 1536w, https:\/\/i0.wp.com\/www.jazzzeitung.de\/cms\/wp-content\/uploads\/2020\/09\/JazzclubErfurt-neueSpielstaette-scaled.jpg?resize=2048%2C1536&amp;ssl=1 2048w, https:\/\/i0.wp.com\/www.jazzzeitung.de\/cms\/wp-content\/uploads\/2020\/09\/JazzclubErfurt-neueSpielstaette-scaled.jpg?resize=1320%2C990&amp;ssl=1 1320w, https:\/\/i0.wp.com\/www.jazzzeitung.de\/cms\/wp-content\/uploads\/2020\/09\/JazzclubErfurt-neueSpielstaette-scaled.jpg?w=1680&amp;ssl=1 1680w\" width=\"390\" height=\"293\" loading=\"lazy\" data-original-width=\"390\" data-original-height=\"293\" itemprop=\"http:\/\/schema.org\/image\" title=\"\" alt=\"Neue Spielst\u00e4tte: Das Th\u00fcringer Volkskundemuseum\" style=\"width: 390px; height: 293px;\" \/> <\/a> <div class=\"tiled-gallery-caption\" itemprop=\"caption description\"> Neue Spielst\u00e4tte: Das Th\u00fcringer Volkskundemuseum <\/div> <\/div> <div class=\"tiled-gallery-item tiled-gallery-item-large\" itemprop=\"associatedMedia\" itemscope itemtype=\"http:\/\/schema.org\/ImageObject\"> <a href=\"https:\/\/www.jazzzeitung.de\/cms\/2020\/09\/newseroeffnung-des-jazzclub-erfurt44-leipziger-jazztage\/jazzcluberfurt-buehne\/\" border=\"0\" itemprop=\"url\"> <meta itemprop=\"width\" content=\"390\"> <meta itemprop=\"height\" content=\"292\"> <img decoding=\"async\" class=\"\" data-attachment-id=\"23325\" data-orig-file=\"https:\/\/www.jazzzeitung.de\/cms\/wp-content\/uploads\/2020\/09\/JazzclubErfurt-Buehne-scaled.jpg\" data-orig-size=\"2560,1920\" data-comments-opened=\"1\" data-image-meta=\"{&quot;aperture&quot;:&quot;1.5&quot;,&quot;credit&quot;:&quot;&quot;,&quot;camera&quot;:&quot;SM-G960F&quot;,&quot;caption&quot;:&quot;&quot;,&quot;created_timestamp&quot;:&quot;1591792966&quot;,&quot;copyright&quot;:&quot;&quot;,&quot;focal_length&quot;:&quot;4.3&quot;,&quot;iso&quot;:&quot;320&quot;,&quot;shutter_speed&quot;:&quot;0.03030303030303&quot;,&quot;title&quot;:&quot;&quot;,&quot;orientation&quot;:&quot;1&quot;}\" data-image-title=\"\" data-image-description=\"\" data-medium-file=\"https:\/\/i0.wp.com\/www.jazzzeitung.de\/cms\/wp-content\/uploads\/2020\/09\/JazzclubErfurt-Buehne-scaled.jpg?fit=300%2C225&#038;ssl=1\" data-large-file=\"https:\/\/i0.wp.com\/www.jazzzeitung.de\/cms\/wp-content\/uploads\/2020\/09\/JazzclubErfurt-Buehne-scaled.jpg?fit=800%2C600&#038;ssl=1\" src=\"https:\/\/i0.wp.com\/www.jazzzeitung.de\/cms\/wp-content\/uploads\/2020\/09\/JazzclubErfurt-Buehne-scaled.jpg?w=390&#038;h=292&#038;ssl=1\" srcset=\"https:\/\/i0.wp.com\/www.jazzzeitung.de\/cms\/wp-content\/uploads\/2020\/09\/JazzclubErfurt-Buehne-scaled.jpg?w=2560&amp;ssl=1 2560w, https:\/\/i0.wp.com\/www.jazzzeitung.de\/cms\/wp-content\/uploads\/2020\/09\/JazzclubErfurt-Buehne-scaled.jpg?resize=300%2C225&amp;ssl=1 300w, https:\/\/i0.wp.com\/www.jazzzeitung.de\/cms\/wp-content\/uploads\/2020\/09\/JazzclubErfurt-Buehne-scaled.jpg?resize=800%2C600&amp;ssl=1 800w, https:\/\/i0.wp.com\/www.jazzzeitung.de\/cms\/wp-content\/uploads\/2020\/09\/JazzclubErfurt-Buehne-scaled.jpg?resize=768%2C576&amp;ssl=1 768w, https:\/\/i0.wp.com\/www.jazzzeitung.de\/cms\/wp-content\/uploads\/2020\/09\/JazzclubErfurt-Buehne-scaled.jpg?resize=1536%2C1152&amp;ssl=1 1536w, https:\/\/i0.wp.com\/www.jazzzeitung.de\/cms\/wp-content\/uploads\/2020\/09\/JazzclubErfurt-Buehne-scaled.jpg?resize=2048%2C1536&amp;ssl=1 2048w, https:\/\/i0.wp.com\/www.jazzzeitung.de\/cms\/wp-content\/uploads\/2020\/09\/JazzclubErfurt-Buehne-scaled.jpg?resize=1320%2C990&amp;ssl=1 1320w, https:\/\/i0.wp.com\/www.jazzzeitung.de\/cms\/wp-content\/uploads\/2020\/09\/JazzclubErfurt-Buehne-scaled.jpg?w=1680&amp;ssl=1 1680w\" width=\"390\" height=\"292\" loading=\"lazy\" data-original-width=\"390\" data-original-height=\"292\" itemprop=\"http:\/\/schema.org\/image\" title=\"\" alt=\"B\u00fchne des Jazzclub Erfurt\" style=\"width: 390px; height: 292px;\" \/> <\/a> <div class=\"tiled-gallery-caption\" itemprop=\"caption description\"> B\u00fchne des Jazzclub Erfurt <\/div> <\/div> <\/div> <!-- close group --> <div class=\"gallery-group images-1\" style=\"width: 446px; height: 593px;\" data-original-width=\"446\" data-original-height=\"593\" > <div class=\"tiled-gallery-item tiled-gallery-item-large\" itemprop=\"associatedMedia\" itemscope itemtype=\"http:\/\/schema.org\/ImageObject\"> <a href=\"https:\/\/www.jazzzeitung.de\/cms\/2020\/09\/newseroeffnung-des-jazzclub-erfurt44-leipziger-jazztage\/jazzcluberfurt-tresen\/\" border=\"0\" itemprop=\"url\"> <meta itemprop=\"width\" content=\"442\"> <meta itemprop=\"height\" content=\"589\"> <img decoding=\"async\" class=\"\" data-attachment-id=\"23327\" data-orig-file=\"https:\/\/www.jazzzeitung.de\/cms\/wp-content\/uploads\/2020\/09\/JazzclubErfurt-Tresen-scaled.jpg\" data-orig-size=\"1920,2560\" data-comments-opened=\"1\" data-image-meta=\"{&quot;aperture&quot;:&quot;1.5&quot;,&quot;credit&quot;:&quot;&quot;,&quot;camera&quot;:&quot;SM-G960F&quot;,&quot;caption&quot;:&quot;&quot;,&quot;created_timestamp&quot;:&quot;1589635421&quot;,&quot;copyright&quot;:&quot;&quot;,&quot;focal_length&quot;:&quot;4.3&quot;,&quot;iso&quot;:&quot;320&quot;,&quot;shutter_speed&quot;:&quot;0.071428571428571&quot;,&quot;title&quot;:&quot;&quot;,&quot;orientation&quot;:&quot;1&quot;}\" data-image-title=\"\" data-image-description=\"\" data-medium-file=\"https:\/\/i0.wp.com\/www.jazzzeitung.de\/cms\/wp-content\/uploads\/2020\/09\/JazzclubErfurt-Tresen-scaled.jpg?fit=225%2C300&#038;ssl=1\" data-large-file=\"https:\/\/i0.wp.com\/www.jazzzeitung.de\/cms\/wp-content\/uploads\/2020\/09\/JazzclubErfurt-Tresen-scaled.jpg?fit=450%2C600&#038;ssl=1\" src=\"https:\/\/i0.wp.com\/www.jazzzeitung.de\/cms\/wp-content\/uploads\/2020\/09\/JazzclubErfurt-Tresen-scaled.jpg?w=442&#038;h=589&#038;ssl=1\" srcset=\"https:\/\/i0.wp.com\/www.jazzzeitung.de\/cms\/wp-content\/uploads\/2020\/09\/JazzclubErfurt-Tresen-scaled.jpg?w=1920&amp;ssl=1 1920w, https:\/\/i0.wp.com\/www.jazzzeitung.de\/cms\/wp-content\/uploads\/2020\/09\/JazzclubErfurt-Tresen-scaled.jpg?resize=225%2C300&amp;ssl=1 225w, https:\/\/i0.wp.com\/www.jazzzeitung.de\/cms\/wp-content\/uploads\/2020\/09\/JazzclubErfurt-Tresen-scaled.jpg?resize=450%2C600&amp;ssl=1 450w, https:\/\/i0.wp.com\/www.jazzzeitung.de\/cms\/wp-content\/uploads\/2020\/09\/JazzclubErfurt-Tresen-scaled.jpg?resize=768%2C1024&amp;ssl=1 768w, https:\/\/i0.wp.com\/www.jazzzeitung.de\/cms\/wp-content\/uploads\/2020\/09\/JazzclubErfurt-Tresen-scaled.jpg?resize=1152%2C1536&amp;ssl=1 1152w, https:\/\/i0.wp.com\/www.jazzzeitung.de\/cms\/wp-content\/uploads\/2020\/09\/JazzclubErfurt-Tresen-scaled.jpg?resize=1536%2C2048&amp;ssl=1 1536w, https:\/\/i0.wp.com\/www.jazzzeitung.de\/cms\/wp-content\/uploads\/2020\/09\/JazzclubErfurt-Tresen-scaled.jpg?resize=1320%2C1760&amp;ssl=1 1320w, https:\/\/i0.wp.com\/www.jazzzeitung.de\/cms\/wp-content\/uploads\/2020\/09\/JazzclubErfurt-Tresen-scaled.jpg?w=1680&amp;ssl=1 1680w\" width=\"442\" height=\"589\" loading=\"lazy\" data-original-width=\"442\" data-original-height=\"589\" itemprop=\"http:\/\/schema.org\/image\" title=\"\" alt=\"Tresen des Jazzclub Erfurt\" style=\"width: 442px; height: 589px;\" \/> <\/a> <div class=\"tiled-gallery-caption\" itemprop=\"caption description\"> Tresen des Jazzclub Erfurt <\/div> <\/div> <\/div> <!-- close group --> <\/div> <!-- close row --> <\/div>\n<p>Weitere Informationen sowie das sich entwickelnde Festivalprogramm sind zu finden unter: <a href=\"http:\/\/www.jazzclub-leipzig.de\">www.jazzclub-leipzig.de<\/a><\/p>\n","protected":false},"excerpt":{"rendered":"<p>Er\u00f6ffnungswochenende des Jazzclub Erfurt Der Jazzclub Erfurt musste nach fast 39-j\u00e4hriger Geschichte Ende des Jahres 2019 seine R\u00e4umlichkeiten unter dem Gildehaus am Fischmarkt aufgeben. Der seit 1998 verwendete Jazzkeller wurde durch die Handwerkskammer Th\u00fcringen gek\u00fcndigt. Mit Hilfe der Stadt Erfurt wurde nun eine neue Spielst\u00e4tte in den R\u00e4umen des Th\u00fcringer Volkskundemuseums gefunden und durch die Jazzclubmitglieder spielbereit gemacht. Diese neue Spielst\u00e4tte wird morgen, am Freitag, den 4.9.2020, um 18 Uhr mit einem Open-Air-Konzert der Eisenacher Band Travelling Blues er\u00f6ffnet. Das Er\u00f6ffnungswochenende wird am 5.9.2020 mit einem Konzert von Helmut \u201eJoe\u201c Sachse und Heiner Reinhardt, die eine Hommage an Jimi Hendrix anl\u00e4sslich seines 50. Todestags auf dem Programm haben, fortgef\u00fchrt. Weitere Informationen: www.jazzclub-erfurt.de Titelfoto Sachse\/Reinhardt: Michael Scheiner 44. Leipziger Jazztage \u201eTransitions\u201c Unter dem diesj\u00e4hrigen Festivalmotto \u201eTransitions\u201c finden die 44. Leipziger Jazztage vom 15. bis zum 24. Oktober 2020 statt. Das zehnt\u00e4gige Festival wird im Kunstkraftwerk mit der Verleihung des Jazznachwuchspreises der Stadt Leipzig mit Unterst\u00fctzung der Marion Ermer Stiftung und einem anschlie\u00dfenden Konzert er\u00f6ffnet. Neben vielerlei Konzerten findet am 15. und 16. Oktober das 25.\u00a0Jazzforum der Deutschen Jazzunion \u201eJazz Now!\u201c mit einem Fachprogramm aus Workshops und &hellip;<\/p>\n","protected":false},"author":18,"featured_media":23320,"comment_status":"open","ping_status":"closed","sticky":false,"template":"","format":"standard","meta":{"_jetpack_memberships_contains_paid_content":false,"footnotes":"","jetpack_publicize_message":"","jetpack_publicize_feature_enabled":true,"jetpack_social_post_already_shared":false,"jetpack_social_options":{"image_generator_settings":{"template":"highway","default_image_id":0,"font":"","enabled":false},"version":2}},"categories":[652,633],"tags":[1591,2998,271,350,2996,2997,2999],"coauthors":[695],"class_list":["post-23317","post","type-post","status-publish","format-standard","has-post-thumbnail","hentry","category-galerie","category-nachrichten","tag-erfurt","tag-jazz-now","tag-jazzclub","tag-leipziger-jazztage","tag-open-air","tag-thueringer-volkskundemuseum","tag-transitions"],"yoast_head":"<!-- This site is optimized with the Yoast SEO plugin v27.5 - https:\/\/yoast.com\/product\/yoast-seo-wordpress\/ -->\n<title>+++News:+++Er\u00f6ffnung des Jazzclub Erfurt+++44. Leipziger Jazztage+++ - JazzZeitung<\/title>\n<meta name=\"robots\" content=\"index, follow, max-snippet:-1, max-image-preview:large, max-video-preview:-1\" \/>\n<link rel=\"canonical\" href=\"https:\/\/www.jazzzeitung.de\/cms\/2020\/09\/newseroeffnung-des-jazzclub-erfurt44-leipziger-jazztage\/\" \/>\n<meta property=\"og:locale\" content=\"de_DE\" \/>\n<meta property=\"og:type\" content=\"article\" \/>\n<meta property=\"og:title\" content=\"+++News:+++Er\u00f6ffnung des Jazzclub Erfurt+++44. Leipziger Jazztage+++ - JazzZeitung\" \/>\n<meta property=\"og:description\" content=\"Er\u00f6ffnungswochenende des Jazzclub Erfurt Der Jazzclub Erfurt musste nach fast 39-j\u00e4hriger Geschichte Ende des Jahres 2019 seine R\u00e4umlichkeiten unter dem Gildehaus am Fischmarkt aufgeben. Der seit 1998 verwendete Jazzkeller wurde durch die Handwerkskammer Th\u00fcringen gek\u00fcndigt. Mit Hilfe der Stadt Erfurt wurde nun eine neue Spielst\u00e4tte in den R\u00e4umen des Th\u00fcringer Volkskundemuseums gefunden und durch die Jazzclubmitglieder spielbereit gemacht. Diese neue Spielst\u00e4tte wird morgen, am Freitag, den 4.9.2020, um 18 Uhr mit einem Open-Air-Konzert der Eisenacher Band Travelling Blues er\u00f6ffnet. Das Er\u00f6ffnungswochenende wird am 5.9.2020 mit einem Konzert von Helmut \u201eJoe\u201c Sachse und Heiner Reinhardt, die eine Hommage an Jimi Hendrix anl\u00e4sslich seines 50. Todestags auf dem Programm haben, fortgef\u00fchrt. Weitere Informationen: www.jazzclub-erfurt.de Titelfoto Sachse\/Reinhardt: Michael Scheiner 44. Leipziger Jazztage \u201eTransitions\u201c Unter dem diesj\u00e4hrigen Festivalmotto \u201eTransitions\u201c finden die 44. Leipziger Jazztage vom 15. bis zum 24. Oktober 2020 statt. Das zehnt\u00e4gige Festival wird im Kunstkraftwerk mit der Verleihung des Jazznachwuchspreises der Stadt Leipzig mit Unterst\u00fctzung der Marion Ermer Stiftung und einem anschlie\u00dfenden Konzert er\u00f6ffnet. Neben vielerlei Konzerten findet am 15. und 16. Oktober das 25.\u00a0Jazzforum der Deutschen Jazzunion \u201eJazz Now!\u201c mit einem Fachprogramm aus Workshops und &hellip;\" \/>\n<meta property=\"og:url\" content=\"https:\/\/www.jazzzeitung.de\/cms\/2020\/09\/newseroeffnung-des-jazzclub-erfurt44-leipziger-jazztage\/\" \/>\n<meta property=\"og:site_name\" content=\"JazzZeitung\" \/>\n<meta property=\"article:publisher\" content=\"https:\/\/www.facebook.com\/JazzZeitung\/\" \/>\n<meta property=\"article:published_time\" content=\"2020-09-03T10:53:56+00:00\" \/>\n<meta property=\"article:modified_time\" content=\"2020-09-08T10:05:27+00:00\" \/>\n<meta property=\"og:image\" content=\"https:\/\/i0.wp.com\/www.jazzzeitung.de\/cms\/wp-content\/uploads\/2020\/09\/Sachse-Reinhardt_22-e1599126813279.jpg?fit=782%2C656&ssl=1\" \/>\n\t<meta property=\"og:image:width\" content=\"782\" \/>\n\t<meta property=\"og:image:height\" content=\"656\" \/>\n\t<meta property=\"og:image:type\" content=\"image\/jpeg\" \/>\n<meta name=\"author\" content=\"Redaktion JazzZeitung\" \/>\n<script type=\"application\/ld+json\" class=\"yoast-schema-graph\">{\"@context\":\"https:\\\/\\\/schema.org\",\"@graph\":[{\"@type\":\"Article\",\"@id\":\"https:\\\/\\\/www.jazzzeitung.de\\\/cms\\\/2020\\\/09\\\/newseroeffnung-des-jazzclub-erfurt44-leipziger-jazztage\\\/#article\",\"isPartOf\":{\"@id\":\"https:\\\/\\\/www.jazzzeitung.de\\\/cms\\\/2020\\\/09\\\/newseroeffnung-des-jazzclub-erfurt44-leipziger-jazztage\\\/\"},\"author\":{\"name\":\"Redaktion JazzZeitung\",\"@id\":\"https:\\\/\\\/www.jazzzeitung.de\\\/cms\\\/#\\\/schema\\\/person\\\/2245b36b9cd1d24cea10f01c031fb92b\"},\"headline\":\"+++News:+++Er\u00f6ffnung des Jazzclub Erfurt+++44. Leipziger Jazztage+++\",\"datePublished\":\"2020-09-03T10:53:56+00:00\",\"dateModified\":\"2020-09-08T10:05:27+00:00\",\"mainEntityOfPage\":{\"@id\":\"https:\\\/\\\/www.jazzzeitung.de\\\/cms\\\/2020\\\/09\\\/newseroeffnung-des-jazzclub-erfurt44-leipziger-jazztage\\\/\"},\"wordCount\":223,\"commentCount\":0,\"publisher\":{\"@id\":\"https:\\\/\\\/www.jazzzeitung.de\\\/cms\\\/#organization\"},\"image\":{\"@id\":\"https:\\\/\\\/www.jazzzeitung.de\\\/cms\\\/2020\\\/09\\\/newseroeffnung-des-jazzclub-erfurt44-leipziger-jazztage\\\/#primaryimage\"},\"thumbnailUrl\":\"https:\\\/\\\/i0.wp.com\\\/www.jazzzeitung.de\\\/cms\\\/wp-content\\\/uploads\\\/2020\\\/09\\\/Sachse-Reinhardt_22-e1599126813279.jpg?fit=782%2C656&ssl=1\",\"keywords\":[\"Erfurt\",\"Jazz Now!\",\"Jazzclub\",\"Leipziger Jazztage\",\"Open-Air\",\"Th\u00fcringer Volkskundemuseum\",\"Transitions\"],\"articleSection\":[\"Galerie\",\"News\"],\"inLanguage\":\"de\",\"potentialAction\":[{\"@type\":\"CommentAction\",\"name\":\"Comment\",\"target\":[\"https:\\\/\\\/www.jazzzeitung.de\\\/cms\\\/2020\\\/09\\\/newseroeffnung-des-jazzclub-erfurt44-leipziger-jazztage\\\/#respond\"]}]},{\"@type\":\"WebPage\",\"@id\":\"https:\\\/\\\/www.jazzzeitung.de\\\/cms\\\/2020\\\/09\\\/newseroeffnung-des-jazzclub-erfurt44-leipziger-jazztage\\\/\",\"url\":\"https:\\\/\\\/www.jazzzeitung.de\\\/cms\\\/2020\\\/09\\\/newseroeffnung-des-jazzclub-erfurt44-leipziger-jazztage\\\/\",\"name\":\"+++News:+++Er\u00f6ffnung des Jazzclub Erfurt+++44. Leipziger Jazztage+++ - JazzZeitung\",\"isPartOf\":{\"@id\":\"https:\\\/\\\/www.jazzzeitung.de\\\/cms\\\/#website\"},\"primaryImageOfPage\":{\"@id\":\"https:\\\/\\\/www.jazzzeitung.de\\\/cms\\\/2020\\\/09\\\/newseroeffnung-des-jazzclub-erfurt44-leipziger-jazztage\\\/#primaryimage\"},\"image\":{\"@id\":\"https:\\\/\\\/www.jazzzeitung.de\\\/cms\\\/2020\\\/09\\\/newseroeffnung-des-jazzclub-erfurt44-leipziger-jazztage\\\/#primaryimage\"},\"thumbnailUrl\":\"https:\\\/\\\/i0.wp.com\\\/www.jazzzeitung.de\\\/cms\\\/wp-content\\\/uploads\\\/2020\\\/09\\\/Sachse-Reinhardt_22-e1599126813279.jpg?fit=782%2C656&ssl=1\",\"datePublished\":\"2020-09-03T10:53:56+00:00\",\"dateModified\":\"2020-09-08T10:05:27+00:00\",\"breadcrumb\":{\"@id\":\"https:\\\/\\\/www.jazzzeitung.de\\\/cms\\\/2020\\\/09\\\/newseroeffnung-des-jazzclub-erfurt44-leipziger-jazztage\\\/#breadcrumb\"},\"inLanguage\":\"de\",\"potentialAction\":[{\"@type\":\"ReadAction\",\"target\":[\"https:\\\/\\\/www.jazzzeitung.de\\\/cms\\\/2020\\\/09\\\/newseroeffnung-des-jazzclub-erfurt44-leipziger-jazztage\\\/\"]}]},{\"@type\":\"ImageObject\",\"inLanguage\":\"de\",\"@id\":\"https:\\\/\\\/www.jazzzeitung.de\\\/cms\\\/2020\\\/09\\\/newseroeffnung-des-jazzclub-erfurt44-leipziger-jazztage\\\/#primaryimage\",\"url\":\"https:\\\/\\\/i0.wp.com\\\/www.jazzzeitung.de\\\/cms\\\/wp-content\\\/uploads\\\/2020\\\/09\\\/Sachse-Reinhardt_22-e1599126813279.jpg?fit=782%2C656&ssl=1\",\"contentUrl\":\"https:\\\/\\\/i0.wp.com\\\/www.jazzzeitung.de\\\/cms\\\/wp-content\\\/uploads\\\/2020\\\/09\\\/Sachse-Reinhardt_22-e1599126813279.jpg?fit=782%2C656&ssl=1\",\"width\":782,\"height\":656},{\"@type\":\"BreadcrumbList\",\"@id\":\"https:\\\/\\\/www.jazzzeitung.de\\\/cms\\\/2020\\\/09\\\/newseroeffnung-des-jazzclub-erfurt44-leipziger-jazztage\\\/#breadcrumb\",\"itemListElement\":[{\"@type\":\"ListItem\",\"position\":1,\"name\":\"Startseite\",\"item\":\"https:\\\/\\\/www.jazzzeitung.de\\\/cms\\\/\"},{\"@type\":\"ListItem\",\"position\":2,\"name\":\"+++News:+++Er\u00f6ffnung des Jazzclub Erfurt+++44. Leipziger Jazztage+++\"}]},{\"@type\":\"WebSite\",\"@id\":\"https:\\\/\\\/www.jazzzeitung.de\\\/cms\\\/#website\",\"url\":\"https:\\\/\\\/www.jazzzeitung.de\\\/cms\\\/\",\"name\":\"JazzZeitung\",\"description\":\"Jazz-News und Jazz-Kontroverses\",\"publisher\":{\"@id\":\"https:\\\/\\\/www.jazzzeitung.de\\\/cms\\\/#organization\"},\"potentialAction\":[{\"@type\":\"SearchAction\",\"target\":{\"@type\":\"EntryPoint\",\"urlTemplate\":\"https:\\\/\\\/www.jazzzeitung.de\\\/cms\\\/?s={search_term_string}\"},\"query-input\":{\"@type\":\"PropertyValueSpecification\",\"valueRequired\":true,\"valueName\":\"search_term_string\"}}],\"inLanguage\":\"de\"},{\"@type\":\"Organization\",\"@id\":\"https:\\\/\\\/www.jazzzeitung.de\\\/cms\\\/#organization\",\"name\":\"JazzZeitung online\",\"url\":\"https:\\\/\\\/www.jazzzeitung.de\\\/cms\\\/\",\"logo\":{\"@type\":\"ImageObject\",\"inLanguage\":\"de\",\"@id\":\"https:\\\/\\\/www.jazzzeitung.de\\\/cms\\\/#\\\/schema\\\/logo\\\/image\\\/\",\"url\":\"https:\\\/\\\/i0.wp.com\\\/www.jazzzeitung.de\\\/cms\\\/wp-content\\\/uploads\\\/2015\\\/08\\\/JAZZZEITUNGDE_Logo_Neu.png?fit=499%2C200&ssl=1\",\"contentUrl\":\"https:\\\/\\\/i0.wp.com\\\/www.jazzzeitung.de\\\/cms\\\/wp-content\\\/uploads\\\/2015\\\/08\\\/JAZZZEITUNGDE_Logo_Neu.png?fit=499%2C200&ssl=1\",\"width\":499,\"height\":200,\"caption\":\"JazzZeitung online\"},\"image\":{\"@id\":\"https:\\\/\\\/www.jazzzeitung.de\\\/cms\\\/#\\\/schema\\\/logo\\\/image\\\/\"},\"sameAs\":[\"https:\\\/\\\/www.facebook.com\\\/JazzZeitung\\\/\"]},{\"@type\":\"Person\",\"@id\":\"https:\\\/\\\/www.jazzzeitung.de\\\/cms\\\/#\\\/schema\\\/person\\\/2245b36b9cd1d24cea10f01c031fb92b\",\"name\":\"Redaktion JazzZeitung\",\"image\":{\"@type\":\"ImageObject\",\"inLanguage\":\"de\",\"@id\":\"https:\\\/\\\/i0.wp.com\\\/www.jazzzeitung.de\\\/cms\\\/wp-content\\\/uploads\\\/2015\\\/08\\\/JAZZZEITUNGDE_Logo_Neu.png?resize=96%2C96&ssl=159975dcacb611b5700bd619b5daf0a7a\",\"url\":\"https:\\\/\\\/i0.wp.com\\\/www.jazzzeitung.de\\\/cms\\\/wp-content\\\/uploads\\\/2015\\\/08\\\/JAZZZEITUNGDE_Logo_Neu.png?resize=96%2C96&ssl=1\",\"contentUrl\":\"https:\\\/\\\/i0.wp.com\\\/www.jazzzeitung.de\\\/cms\\\/wp-content\\\/uploads\\\/2015\\\/08\\\/JAZZZEITUNGDE_Logo_Neu.png?resize=96%2C96&ssl=1\",\"caption\":\"Redaktion JazzZeitung\"},\"description\":\"Artikel der Redaktion der JazzZeitung.\",\"sameAs\":[\"http:\\\/\\\/www.jazzzeitung.de\\\/cms\\\/\"],\"url\":\"https:\\\/\\\/www.jazzzeitung.de\\\/cms\\\/author\\\/redaktion\\\/\"}]}<\/script>\n<!-- \/ Yoast SEO plugin. -->","yoast_head_json":{"title":"+++News:+++Er\u00f6ffnung des Jazzclub Erfurt+++44. Leipziger Jazztage+++ - JazzZeitung","robots":{"index":"index","follow":"follow","max-snippet":"max-snippet:-1","max-image-preview":"max-image-preview:large","max-video-preview":"max-video-preview:-1"},"canonical":"https:\/\/www.jazzzeitung.de\/cms\/2020\/09\/newseroeffnung-des-jazzclub-erfurt44-leipziger-jazztage\/","og_locale":"de_DE","og_type":"article","og_title":"+++News:+++Er\u00f6ffnung des Jazzclub Erfurt+++44. Leipziger Jazztage+++ - JazzZeitung","og_description":"Er\u00f6ffnungswochenende des Jazzclub Erfurt Der Jazzclub Erfurt musste nach fast 39-j\u00e4hriger Geschichte Ende des Jahres 2019 seine R\u00e4umlichkeiten unter dem Gildehaus am Fischmarkt aufgeben. Der seit 1998 verwendete Jazzkeller wurde durch die Handwerkskammer Th\u00fcringen gek\u00fcndigt. Mit Hilfe der Stadt Erfurt wurde nun eine neue Spielst\u00e4tte in den R\u00e4umen des Th\u00fcringer Volkskundemuseums gefunden und durch die Jazzclubmitglieder spielbereit gemacht. Diese neue Spielst\u00e4tte wird morgen, am Freitag, den 4.9.2020, um 18 Uhr mit einem Open-Air-Konzert der Eisenacher Band Travelling Blues er\u00f6ffnet. Das Er\u00f6ffnungswochenende wird am 5.9.2020 mit einem Konzert von Helmut \u201eJoe\u201c Sachse und Heiner Reinhardt, die eine Hommage an Jimi Hendrix anl\u00e4sslich seines 50. Todestags auf dem Programm haben, fortgef\u00fchrt. Weitere Informationen: www.jazzclub-erfurt.de Titelfoto Sachse\/Reinhardt: Michael Scheiner 44. Leipziger Jazztage \u201eTransitions\u201c Unter dem diesj\u00e4hrigen Festivalmotto \u201eTransitions\u201c finden die 44. Leipziger Jazztage vom 15. bis zum 24. Oktober 2020 statt. Das zehnt\u00e4gige Festival wird im Kunstkraftwerk mit der Verleihung des Jazznachwuchspreises der Stadt Leipzig mit Unterst\u00fctzung der Marion Ermer Stiftung und einem anschlie\u00dfenden Konzert er\u00f6ffnet. Neben vielerlei Konzerten findet am 15. und 16. Oktober das 25.\u00a0Jazzforum der Deutschen Jazzunion \u201eJazz Now!\u201c mit einem Fachprogramm aus Workshops und &hellip;","og_url":"https:\/\/www.jazzzeitung.de\/cms\/2020\/09\/newseroeffnung-des-jazzclub-erfurt44-leipziger-jazztage\/","og_site_name":"JazzZeitung","article_publisher":"https:\/\/www.facebook.com\/JazzZeitung\/","article_published_time":"2020-09-03T10:53:56+00:00","article_modified_time":"2020-09-08T10:05:27+00:00","og_image":[{"width":782,"height":656,"url":"https:\/\/i0.wp.com\/www.jazzzeitung.de\/cms\/wp-content\/uploads\/2020\/09\/Sachse-Reinhardt_22-e1599126813279.jpg?fit=782%2C656&ssl=1","type":"image\/jpeg"}],"author":"Redaktion JazzZeitung","schema":{"@context":"https:\/\/schema.org","@graph":[{"@type":"Article","@id":"https:\/\/www.jazzzeitung.de\/cms\/2020\/09\/newseroeffnung-des-jazzclub-erfurt44-leipziger-jazztage\/#article","isPartOf":{"@id":"https:\/\/www.jazzzeitung.de\/cms\/2020\/09\/newseroeffnung-des-jazzclub-erfurt44-leipziger-jazztage\/"},"author":{"name":"Redaktion JazzZeitung","@id":"https:\/\/www.jazzzeitung.de\/cms\/#\/schema\/person\/2245b36b9cd1d24cea10f01c031fb92b"},"headline":"+++News:+++Er\u00f6ffnung des Jazzclub Erfurt+++44. Leipziger Jazztage+++","datePublished":"2020-09-03T10:53:56+00:00","dateModified":"2020-09-08T10:05:27+00:00","mainEntityOfPage":{"@id":"https:\/\/www.jazzzeitung.de\/cms\/2020\/09\/newseroeffnung-des-jazzclub-erfurt44-leipziger-jazztage\/"},"wordCount":223,"commentCount":0,"publisher":{"@id":"https:\/\/www.jazzzeitung.de\/cms\/#organization"},"image":{"@id":"https:\/\/www.jazzzeitung.de\/cms\/2020\/09\/newseroeffnung-des-jazzclub-erfurt44-leipziger-jazztage\/#primaryimage"},"thumbnailUrl":"https:\/\/i0.wp.com\/www.jazzzeitung.de\/cms\/wp-content\/uploads\/2020\/09\/Sachse-Reinhardt_22-e1599126813279.jpg?fit=782%2C656&ssl=1","keywords":["Erfurt","Jazz Now!","Jazzclub","Leipziger Jazztage","Open-Air","Th\u00fcringer Volkskundemuseum","Transitions"],"articleSection":["Galerie","News"],"inLanguage":"de","potentialAction":[{"@type":"CommentAction","name":"Comment","target":["https:\/\/www.jazzzeitung.de\/cms\/2020\/09\/newseroeffnung-des-jazzclub-erfurt44-leipziger-jazztage\/#respond"]}]},{"@type":"WebPage","@id":"https:\/\/www.jazzzeitung.de\/cms\/2020\/09\/newseroeffnung-des-jazzclub-erfurt44-leipziger-jazztage\/","url":"https:\/\/www.jazzzeitung.de\/cms\/2020\/09\/newseroeffnung-des-jazzclub-erfurt44-leipziger-jazztage\/","name":"+++News:+++Er\u00f6ffnung des Jazzclub Erfurt+++44. Leipziger Jazztage+++ - JazzZeitung","isPartOf":{"@id":"https:\/\/www.jazzzeitung.de\/cms\/#website"},"primaryImageOfPage":{"@id":"https:\/\/www.jazzzeitung.de\/cms\/2020\/09\/newseroeffnung-des-jazzclub-erfurt44-leipziger-jazztage\/#primaryimage"},"image":{"@id":"https:\/\/www.jazzzeitung.de\/cms\/2020\/09\/newseroeffnung-des-jazzclub-erfurt44-leipziger-jazztage\/#primaryimage"},"thumbnailUrl":"https:\/\/i0.wp.com\/www.jazzzeitung.de\/cms\/wp-content\/uploads\/2020\/09\/Sachse-Reinhardt_22-e1599126813279.jpg?fit=782%2C656&ssl=1","datePublished":"2020-09-03T10:53:56+00:00","dateModified":"2020-09-08T10:05:27+00:00","breadcrumb":{"@id":"https:\/\/www.jazzzeitung.de\/cms\/2020\/09\/newseroeffnung-des-jazzclub-erfurt44-leipziger-jazztage\/#breadcrumb"},"inLanguage":"de","potentialAction":[{"@type":"ReadAction","target":["https:\/\/www.jazzzeitung.de\/cms\/2020\/09\/newseroeffnung-des-jazzclub-erfurt44-leipziger-jazztage\/"]}]},{"@type":"ImageObject","inLanguage":"de","@id":"https:\/\/www.jazzzeitung.de\/cms\/2020\/09\/newseroeffnung-des-jazzclub-erfurt44-leipziger-jazztage\/#primaryimage","url":"https:\/\/i0.wp.com\/www.jazzzeitung.de\/cms\/wp-content\/uploads\/2020\/09\/Sachse-Reinhardt_22-e1599126813279.jpg?fit=782%2C656&ssl=1","contentUrl":"https:\/\/i0.wp.com\/www.jazzzeitung.de\/cms\/wp-content\/uploads\/2020\/09\/Sachse-Reinhardt_22-e1599126813279.jpg?fit=782%2C656&ssl=1","width":782,"height":656},{"@type":"BreadcrumbList","@id":"https:\/\/www.jazzzeitung.de\/cms\/2020\/09\/newseroeffnung-des-jazzclub-erfurt44-leipziger-jazztage\/#breadcrumb","itemListElement":[{"@type":"ListItem","position":1,"name":"Startseite","item":"https:\/\/www.jazzzeitung.de\/cms\/"},{"@type":"ListItem","position":2,"name":"+++News:+++Er\u00f6ffnung des Jazzclub Erfurt+++44. Leipziger Jazztage+++"}]},{"@type":"WebSite","@id":"https:\/\/www.jazzzeitung.de\/cms\/#website","url":"https:\/\/www.jazzzeitung.de\/cms\/","name":"JazzZeitung","description":"Jazz-News und Jazz-Kontroverses","publisher":{"@id":"https:\/\/www.jazzzeitung.de\/cms\/#organization"},"potentialAction":[{"@type":"SearchAction","target":{"@type":"EntryPoint","urlTemplate":"https:\/\/www.jazzzeitung.de\/cms\/?s={search_term_string}"},"query-input":{"@type":"PropertyValueSpecification","valueRequired":true,"valueName":"search_term_string"}}],"inLanguage":"de"},{"@type":"Organization","@id":"https:\/\/www.jazzzeitung.de\/cms\/#organization","name":"JazzZeitung online","url":"https:\/\/www.jazzzeitung.de\/cms\/","logo":{"@type":"ImageObject","inLanguage":"de","@id":"https:\/\/www.jazzzeitung.de\/cms\/#\/schema\/logo\/image\/","url":"https:\/\/i0.wp.com\/www.jazzzeitung.de\/cms\/wp-content\/uploads\/2015\/08\/JAZZZEITUNGDE_Logo_Neu.png?fit=499%2C200&ssl=1","contentUrl":"https:\/\/i0.wp.com\/www.jazzzeitung.de\/cms\/wp-content\/uploads\/2015\/08\/JAZZZEITUNGDE_Logo_Neu.png?fit=499%2C200&ssl=1","width":499,"height":200,"caption":"JazzZeitung online"},"image":{"@id":"https:\/\/www.jazzzeitung.de\/cms\/#\/schema\/logo\/image\/"},"sameAs":["https:\/\/www.facebook.com\/JazzZeitung\/"]},{"@type":"Person","@id":"https:\/\/www.jazzzeitung.de\/cms\/#\/schema\/person\/2245b36b9cd1d24cea10f01c031fb92b","name":"Redaktion JazzZeitung","image":{"@type":"ImageObject","inLanguage":"de","@id":"https:\/\/i0.wp.com\/www.jazzzeitung.de\/cms\/wp-content\/uploads\/2015\/08\/JAZZZEITUNGDE_Logo_Neu.png?resize=96%2C96&ssl=159975dcacb611b5700bd619b5daf0a7a","url":"https:\/\/i0.wp.com\/www.jazzzeitung.de\/cms\/wp-content\/uploads\/2015\/08\/JAZZZEITUNGDE_Logo_Neu.png?resize=96%2C96&ssl=1","contentUrl":"https:\/\/i0.wp.com\/www.jazzzeitung.de\/cms\/wp-content\/uploads\/2015\/08\/JAZZZEITUNGDE_Logo_Neu.png?resize=96%2C96&ssl=1","caption":"Redaktion JazzZeitung"},"description":"Artikel der Redaktion der JazzZeitung.","sameAs":["http:\/\/www.jazzzeitung.de\/cms\/"],"url":"https:\/\/www.jazzzeitung.de\/cms\/author\/redaktion\/"}]}},"wp-worthy-pixel":{"ignored":false,"public":null,"server":null,"url":null},"wp-worthy-type":"normal","jetpack_publicize_connections":[],"cc_featured_image_caption":{"caption_text":"","source_text":"","source_url":""},"jetpack_featured_media_url":"https:\/\/i0.wp.com\/www.jazzzeitung.de\/cms\/wp-content\/uploads\/2020\/09\/Sachse-Reinhardt_22-e1599126813279.jpg?fit=782%2C656&ssl=1","jetpack_shortlink":"https:\/\/wp.me\/p3KEcT-645","jetpack-related-posts":[{"id":13773,"url":"https:\/\/www.jazzzeitung.de\/cms\/2017\/10\/leipziger-jazznachwuchspreis-2017-geht-an-schlagzeuger-philipp-scholz\/","url_meta":{"origin":23317,"position":0},"title":"Leipziger Jazznachwuchspreis 2017 geht an Schlagzeuger Philipp Scholz","author":"Redaktion JazzZeitung","date":"12. Oktober 2017","format":false,"excerpt":"Der Leipziger Jazznachwuchspreis 2017 geht an den Schlagzeuger Philipp Scholz. Er wird ihm im Rahmen der 41. Leipziger Jazztage am Dienstag, dem 17. Oktober, 20 Uhr, im UT Connewitz durch Kulturb\u00fcrgermeisterin Skadi Jennicke verliehen. Organisator ist der Jazzclub Leipzig e.V. in Zusammenarbeit mit dem Kulturamt. Der durch die Marion Ermer\u2026","rel":"","context":"In &quot;News&quot;","block_context":{"text":"News","link":"https:\/\/www.jazzzeitung.de\/cms\/thema\/nachrichten\/"},"img":{"alt_text":"philipp scholz. Photo: \u00a9 by Antje Kroeger","src":"https:\/\/i0.wp.com\/www.jazzzeitung.de\/cms\/wp-content\/uploads\/2017\/10\/philipp-scholz-by-antje-kroeger-5-von-34-768x512.jpg?fit=768%2C512&ssl=1&resize=350%2C200","width":350,"height":200,"srcset":"https:\/\/i0.wp.com\/www.jazzzeitung.de\/cms\/wp-content\/uploads\/2017\/10\/philipp-scholz-by-antje-kroeger-5-von-34-768x512.jpg?fit=768%2C512&ssl=1&resize=350%2C200 1x, https:\/\/i0.wp.com\/www.jazzzeitung.de\/cms\/wp-content\/uploads\/2017\/10\/philipp-scholz-by-antje-kroeger-5-von-34-768x512.jpg?fit=768%2C512&ssl=1&resize=525%2C300 1.5x, https:\/\/i0.wp.com\/www.jazzzeitung.de\/cms\/wp-content\/uploads\/2017\/10\/philipp-scholz-by-antje-kroeger-5-von-34-768x512.jpg?fit=768%2C512&ssl=1&resize=700%2C400 2x"},"classes":[]},{"id":2268,"url":"https:\/\/www.jazzzeitung.de\/cms\/2013\/09\/einer-woche-gehts-los-37-leipziger-jazztage\/","url_meta":{"origin":23317,"position":1},"title":"In einer Woche geht&#8217;s los: 37. Leipziger Jazztage","author":"Redaktion JazzZeitung","date":"23. September 2013","format":false,"excerpt":"Die 37. Leipziger Jazztage blicken vom 27. September bis 6. Oktober 2013 mit einem musikalischen Augenzwinkern auf Richard Wagner. Anlass daf\u00fcr geben der 200. Geburtstag Wagners und der 20. Todestag Zappas, dessen parodistischer Umgang mit Wagner Ausgangspunkt f\u00fcr die Programmgestaltung war. So tritt hier der gr\u00f6\u00dfte Held der deutschen Sp\u00e4tromantik,\u2026","rel":"","context":"In &quot;News&quot;","block_context":{"text":"News","link":"https:\/\/www.jazzzeitung.de\/cms\/thema\/nachrichten\/"},"img":{"alt_text":"hai'leipzig","src":"https:\/\/i0.wp.com\/www.jazzzeitung.de\/cms\/wp-content\/uploads\/2013\/09\/haileipzig-150x150.jpg?resize=350%2C200","width":350,"height":200},"classes":[]},{"id":12667,"url":"https:\/\/www.jazzzeitung.de\/cms\/2017\/06\/roman-sladek-ist-preistraeger-des-bmw-welt-young-artist-jazz-award\/","url_meta":{"origin":23317,"position":2},"title":"Roman Sladek ist Preistr\u00e4ger des BMW Welt Young Artist Jazz Award","author":"Redaktion JazzZeitung","date":"14. Juni 2017","format":false,"excerpt":"In seinem zweiten Jahr ehrt der BMW Welt Young Artist Jazz Award den Posaunisten Roman Sladek. Seit 2016 k\u00fcrt die renommierte Jury des BMW Welt Jazz Award gezielt einmal im Jahr Nachwuchstalente aus dem Raum M\u00fcnchen. Die BMW AG und die Stadt M\u00fcnchen stiften neben den Konzerten im M\u00fcnchner Jazzclub\u2026","rel":"","context":"In &quot;News&quot;","block_context":{"text":"News","link":"https:\/\/www.jazzzeitung.de\/cms\/thema\/nachrichten\/"},"img":{"alt_text":"","src":"https:\/\/i0.wp.com\/www.jazzzeitung.de\/cms\/wp-content\/uploads\/2017\/06\/roman-150x150.jpg?resize=350%2C200&ssl=1","width":350,"height":200},"classes":[]},{"id":23858,"url":"https:\/\/www.jazzzeitung.de\/cms\/2020\/11\/bmw-welt-young-artist-jazz-award-2020preistraegerkonzert-mit-philipp-schiepek-im-jazzclub-unterfahrt\/","url_meta":{"origin":23317,"position":3},"title":"BMW Welt Young Artist Jazz Award 2020:\u00a0Preistr\u00e4gerkonzert mit Philipp Schiepek im Jazzclub Unterfahrt","author":"Thomas J. Krebs","date":"23. November 2020","format":false,"excerpt":"Vor f\u00fcnf Jahren wurde der seit 2009 stattfindende BMW Welt Jazz Award um einen j\u00e4hrlichen Nachwuchspreis erweitert. Mit dem BMW Welt Young Artist Jazz Award f\u00f6rdern die BMW AG und die Stadt M\u00fcnchen gezielt junge, regionale Talente aus dem Jazzbereich und stiften neben zwei Konzerten bei den Leipziger Jazztagen und\u2026","rel":"","context":"In &quot;Bericht&quot;","block_context":{"text":"Bericht","link":"https:\/\/www.jazzzeitung.de\/cms\/thema\/bericht\/"},"img":{"alt_text":"","src":"https:\/\/i0.wp.com\/www.jazzzeitung.de\/cms\/wp-content\/uploads\/2020\/11\/P1929683-Schiepek-Quartett-Foto-TJ-Krebs.jpg?fit=1200%2C800&ssl=1&resize=350%2C200","width":350,"height":200,"srcset":"https:\/\/i0.wp.com\/www.jazzzeitung.de\/cms\/wp-content\/uploads\/2020\/11\/P1929683-Schiepek-Quartett-Foto-TJ-Krebs.jpg?fit=1200%2C800&ssl=1&resize=350%2C200 1x, https:\/\/i0.wp.com\/www.jazzzeitung.de\/cms\/wp-content\/uploads\/2020\/11\/P1929683-Schiepek-Quartett-Foto-TJ-Krebs.jpg?fit=1200%2C800&ssl=1&resize=525%2C300 1.5x, https:\/\/i0.wp.com\/www.jazzzeitung.de\/cms\/wp-content\/uploads\/2020\/11\/P1929683-Schiepek-Quartett-Foto-TJ-Krebs.jpg?fit=1200%2C800&ssl=1&resize=700%2C400 2x, https:\/\/i0.wp.com\/www.jazzzeitung.de\/cms\/wp-content\/uploads\/2020\/11\/P1929683-Schiepek-Quartett-Foto-TJ-Krebs.jpg?fit=1200%2C800&ssl=1&resize=1050%2C600 3x"},"classes":[]},{"id":13235,"url":"https:\/\/www.jazzzeitung.de\/cms\/2017\/08\/bmw-welt-young-artist-jazz-award-bringt-roman-sladek-zweimal-auf-die-buehnen-des-landes\/","url_meta":{"origin":23317,"position":4},"title":"BMW Welt Young Artist Jazz Award bringt Roman Sladek zweimal auf die B\u00fchnen des Landes","author":"Redaktion JazzZeitung","date":"9. August 2017","format":false,"excerpt":"Leipzig\/M\u00fcnchen. Roman Sladek, Preistr\u00e4ger des BMW Welt Young Artist Jazz Award 2017, wird als Teil des Preises am 14. Oktober im Werk 2 w\u00e4hrend der Leipziger Jazztage und am 23. Oktober im M\u00fcnchner Jazzclub Unterfahrt mit der Jazzrausch Bigband auftreten. Dar\u00fcber hinaus erh\u00e4lt das Nachwuchstalent 3.000 Euro als Preisgeld. Ausgew\u00e4hlt\u2026","rel":"","context":"In &quot;News&quot;","block_context":{"text":"News","link":"https:\/\/www.jazzzeitung.de\/cms\/thema\/nachrichten\/"},"img":{"alt_text":"","src":"https:\/\/i0.wp.com\/www.jazzzeitung.de\/cms\/wp-content\/uploads\/2017\/06\/Sladek-Roman_52-150x150.jpg?resize=350%2C200&ssl=1","width":350,"height":200},"classes":[]},{"id":4532,"url":"https:\/\/www.jazzzeitung.de\/cms\/2014\/09\/sound-heimat-die-38-leipziger-jazztage-beginnen\/","url_meta":{"origin":23317,"position":5},"title":"\u00bbSound of Heimat\u00ab &#8211; Die 38. Leipziger Jazztage beginnen","author":"Redaktion JazzZeitung","date":"9. September 2014","format":false,"excerpt":"Die diesj\u00e4hrigen Leipziger Jazztage, die am 11. September beginnen, stehen unter dem Motto \u201eSound of Heimat\u201c. Namhafte interkulturelle Projekte mit mehr als 120 Musikern und Musikerinnen aus 11 L\u00e4ndern stehen auf dem Programm. Warum\u00a0\u201eSound of Heimat\u201c? Der Leipziger Jazzclub als Veranstalter der 38. Leipziger Jazztage schreibt folgendes dazu: \u201eWas bedeutet\u2026","rel":"","context":"In &quot;News&quot;","block_context":{"text":"News","link":"https:\/\/www.jazzzeitung.de\/cms\/thema\/nachrichten\/"},"img":{"alt_text":"\u00bbSound of Heimat\u00ab - Die 38. Leipziger Jazztage beginnen. Foto: Programmtitelgestaltung der Jazztage","src":"https:\/\/i0.wp.com\/www.jazzzeitung.de\/cms\/wp-content\/uploads\/2014\/09\/38_Leipziger_Jazztage-150x150.png?resize=350%2C200","width":350,"height":200},"classes":[]}],"jetpack_sharing_enabled":true,"_links":{"self":[{"href":"https:\/\/www.jazzzeitung.de\/cms\/wp-json\/wp\/v2\/posts\/23317","targetHints":{"allow":["GET"]}}],"collection":[{"href":"https:\/\/www.jazzzeitung.de\/cms\/wp-json\/wp\/v2\/posts"}],"about":[{"href":"https:\/\/www.jazzzeitung.de\/cms\/wp-json\/wp\/v2\/types\/post"}],"author":[{"embeddable":true,"href":"https:\/\/www.jazzzeitung.de\/cms\/wp-json\/wp\/v2\/users\/18"}],"replies":[{"embeddable":true,"href":"https:\/\/www.jazzzeitung.de\/cms\/wp-json\/wp\/v2\/comments?post=23317"}],"version-history":[{"count":6,"href":"https:\/\/www.jazzzeitung.de\/cms\/wp-json\/wp\/v2\/posts\/23317\/revisions"}],"predecessor-version":[{"id":23328,"href":"https:\/\/www.jazzzeitung.de\/cms\/wp-json\/wp\/v2\/posts\/23317\/revisions\/23328"}],"wp:featuredmedia":[{"embeddable":true,"href":"https:\/\/www.jazzzeitung.de\/cms\/wp-json\/wp\/v2\/media\/23320"}],"wp:attachment":[{"href":"https:\/\/www.jazzzeitung.de\/cms\/wp-json\/wp\/v2\/media?parent=23317"}],"wp:term":[{"taxonomy":"category","embeddable":true,"href":"https:\/\/www.jazzzeitung.de\/cms\/wp-json\/wp\/v2\/categories?post=23317"},{"taxonomy":"post_tag","embeddable":true,"href":"https:\/\/www.jazzzeitung.de\/cms\/wp-json\/wp\/v2\/tags?post=23317"},{"taxonomy":"author","embeddable":true,"href":"https:\/\/www.jazzzeitung.de\/cms\/wp-json\/wp\/v2\/coauthors?post=23317"}],"curies":[{"name":"wp","href":"https:\/\/api.w.org\/{rel}","templated":true}]}}