{"id":23287,"date":"2020-09-01T09:15:49","date_gmt":"2020-09-01T07:15:49","guid":{"rendered":"https:\/\/www.jazzzeitung.de\/cms\/?p=23287"},"modified":"2020-09-08T12:08:50","modified_gmt":"2020-09-08T10:08:50","slug":"newskonzerte-im-bixfabrik-sessions-jazz-open-special","status":"publish","type":"post","link":"https:\/\/www.jazzzeitung.de\/cms\/2020\/09\/newskonzerte-im-bixfabrik-sessions-jazz-open-special\/","title":{"rendered":"+++News:+++Konzerte im BIX+++Fabrik Sessions: Jazz Open Special+++"},"content":{"rendered":"<p><strong>Die Konzerte der Woche im BIX KW 36\/2020<\/strong><\/p>\n<p>Peter Lehel mit neuem Quartett<\/p>\n<p>Nach einer kurzen Sommerpause finden am kommenden Wochenende im BIX Jazzclub in Stuttgart wieder zwei\u00a0 Konzerte im Rahmen des F\u00f6rderprogramms \u201eKultur im Sommer 2020\u201c statt:<\/p>\n<p>Nach 20 Jahren des klassischen Peter Lehel Quartets, tritt der Saxophonist und Komponist Peter Lehel am 3. September um 20.30 Uhr mit seiner neuen Viererbesetzung, bestehend aus Uli M\u00f6ck (Tasten), Dirk Bl\u00fcmlein (E-Bass) und Christian Huber (Schlagzeug), auf. Der von Lehel arrangierte, experimentierfreudige Sound der Band bewegt sich zwischen Improvisation und Komposition, mit viel Freiheit f\u00fcr alle Beteiligten.<\/p>\n<p>Weitere Informationen: <a href=\"http:\/\/www.bix-stuttgart.de\/veranstaltungsdetails\/6171\">http:\/\/www.bix-stuttgart.de\/veranstaltungsdetails\/6171<\/a><\/p>\n<p>&nbsp;<\/p>\n<figure id=\"attachment_23288\" aria-describedby=\"caption-attachment-23288\" style=\"width: 300px\" class=\"wp-caption alignleft\"><a href=\"https:\/\/i0.wp.com\/www.jazzzeitung.de\/cms\/wp-content\/uploads\/2020\/08\/2020_09_04-Band-in-the-BIX_Axel-SchlossercVincent-Sima.jpeg?ssl=1\"><img data-recalc-dims=\"1\" loading=\"lazy\" decoding=\"async\" data-attachment-id=\"23288\" data-permalink=\"https:\/\/www.jazzzeitung.de\/cms\/2020\/09\/newskonzerte-im-bixfabrik-sessions-jazz-open-special\/2020_09_04-band-in-the-bix_axel-schlossercvincent-sima\/\" data-orig-file=\"https:\/\/i0.wp.com\/www.jazzzeitung.de\/cms\/wp-content\/uploads\/2020\/08\/2020_09_04-Band-in-the-BIX_Axel-SchlossercVincent-Sima.jpeg?fit=1464%2C976&amp;ssl=1\" data-orig-size=\"1464,976\" data-comments-opened=\"1\" data-image-meta=\"{&quot;aperture&quot;:&quot;0&quot;,&quot;credit&quot;:&quot;&quot;,&quot;camera&quot;:&quot;&quot;,&quot;caption&quot;:&quot;&quot;,&quot;created_timestamp&quot;:&quot;0&quot;,&quot;copyright&quot;:&quot;&quot;,&quot;focal_length&quot;:&quot;0&quot;,&quot;iso&quot;:&quot;0&quot;,&quot;shutter_speed&quot;:&quot;0&quot;,&quot;title&quot;:&quot;&quot;,&quot;orientation&quot;:&quot;0&quot;}\" data-image-title=\"2020_09_04 Band in the BIX_Axel Schlosser(c)Vincent Sima\" data-image-description=\"\" data-image-caption=\"&lt;p&gt;Axel Schlosser. Foto: Vincent Sima&lt;\/p&gt;\n\" data-large-file=\"https:\/\/i0.wp.com\/www.jazzzeitung.de\/cms\/wp-content\/uploads\/2020\/08\/2020_09_04-Band-in-the-BIX_Axel-SchlossercVincent-Sima.jpeg?fit=840%2C560&amp;ssl=1\" class=\"size-medium wp-image-23288\" src=\"https:\/\/i0.wp.com\/www.jazzzeitung.de\/cms\/wp-content\/uploads\/2020\/08\/2020_09_04-Band-in-the-BIX_Axel-SchlossercVincent-Sima.jpeg?resize=300%2C200&#038;ssl=1\" alt=\"\" width=\"300\" height=\"200\" srcset=\"https:\/\/i0.wp.com\/www.jazzzeitung.de\/cms\/wp-content\/uploads\/2020\/08\/2020_09_04-Band-in-the-BIX_Axel-SchlossercVincent-Sima.jpeg?resize=300%2C200&amp;ssl=1 300w, https:\/\/i0.wp.com\/www.jazzzeitung.de\/cms\/wp-content\/uploads\/2020\/08\/2020_09_04-Band-in-the-BIX_Axel-SchlossercVincent-Sima.jpeg?resize=900%2C600&amp;ssl=1 900w, https:\/\/i0.wp.com\/www.jazzzeitung.de\/cms\/wp-content\/uploads\/2020\/08\/2020_09_04-Band-in-the-BIX_Axel-SchlossercVincent-Sima.jpeg?resize=768%2C512&amp;ssl=1 768w, https:\/\/i0.wp.com\/www.jazzzeitung.de\/cms\/wp-content\/uploads\/2020\/08\/2020_09_04-Band-in-the-BIX_Axel-SchlossercVincent-Sima.jpeg?resize=120%2C80&amp;ssl=1 120w, https:\/\/i0.wp.com\/www.jazzzeitung.de\/cms\/wp-content\/uploads\/2020\/08\/2020_09_04-Band-in-the-BIX_Axel-SchlossercVincent-Sima.jpeg?resize=1320%2C880&amp;ssl=1 1320w, https:\/\/i0.wp.com\/www.jazzzeitung.de\/cms\/wp-content\/uploads\/2020\/08\/2020_09_04-Band-in-the-BIX_Axel-SchlossercVincent-Sima.jpeg?w=1464&amp;ssl=1 1464w\" sizes=\"auto, (max-width: 300px) 100vw, 300px\" \/><\/a><figcaption id=\"caption-attachment-23288\" class=\"wp-caption-text\">Axel Schlosser. Foto: Vincent Sima<\/figcaption><\/figure>\n<p>Band in the BIX feat. Axel Schlosser &#8222;The Art of Jazz Trumpet&#8220;<\/p>\n<p>Der Tr\u00e4ger des Jazzpreises Ostalb und Trompeter Axel Schlosser tritt zusammen mit den Musikern der Band in the BIX am 4. September um 21 Uhr auf. Die Bandmitglieder Olaf Polziehn (Tasten), Mini Schulz (Bass) und Meinhard \u201eObi\u201c Jenne (Schlagzeug) besch\u00e4ftigen sich nicht nur mit dem Jazz der Gegenwart, sondern sehen sich auch in der Tradition, im Austausch mit der Musik der fr\u00fcheren Zeiten zu treten. So steht die Jazztrompete und ausgew\u00e4hlte St\u00fccke ihrer wegweisenden Protagonisten an diesem Abend im Vordergrund.<\/p>\n<p>Weitere Informationen: <a href=\"http:\/\/www.bandinthebix.de\">www.bandinthebix.de<\/a><\/p>\n<p>&nbsp;<\/p>\n<figure id=\"attachment_23289\" aria-describedby=\"caption-attachment-23289\" style=\"width: 300px\" class=\"wp-caption alignleft\"><a href=\"https:\/\/i0.wp.com\/www.jazzzeitung.de\/cms\/wp-content\/uploads\/2020\/08\/Vincent-Peirani-JOKERS-c-JPRetel.jpeg?ssl=1\"><img data-recalc-dims=\"1\" loading=\"lazy\" decoding=\"async\" data-attachment-id=\"23289\" data-permalink=\"https:\/\/www.jazzzeitung.de\/cms\/2020\/09\/newskonzerte-im-bixfabrik-sessions-jazz-open-special\/vincent-peirani-jokers-c-jpretel\/\" data-orig-file=\"https:\/\/i0.wp.com\/www.jazzzeitung.de\/cms\/wp-content\/uploads\/2020\/08\/Vincent-Peirani-JOKERS-c-JPRetel.jpeg?fit=2340%2C1066&amp;ssl=1\" data-orig-size=\"2340,1066\" data-comments-opened=\"1\" data-image-meta=\"{&quot;aperture&quot;:&quot;0&quot;,&quot;credit&quot;:&quot;&quot;,&quot;camera&quot;:&quot;&quot;,&quot;caption&quot;:&quot;&quot;,&quot;created_timestamp&quot;:&quot;0&quot;,&quot;copyright&quot;:&quot;&quot;,&quot;focal_length&quot;:&quot;0&quot;,&quot;iso&quot;:&quot;0&quot;,&quot;shutter_speed&quot;:&quot;0&quot;,&quot;title&quot;:&quot;&quot;,&quot;orientation&quot;:&quot;0&quot;}\" data-image-title=\"Vincent Peirani JOKERS (c) JPRetel\" data-image-description=\"\" data-image-caption=\"&lt;p&gt;&amp;#8222;Jokers&amp;#8220;: Vincent Peirani, Federico Casagrande, Ziv Ravitz. Foto: JPRetel&lt;\/p&gt;\n\" data-large-file=\"https:\/\/i0.wp.com\/www.jazzzeitung.de\/cms\/wp-content\/uploads\/2020\/08\/Vincent-Peirani-JOKERS-c-JPRetel.jpeg?fit=840%2C383&amp;ssl=1\" class=\"size-medium wp-image-23289\" src=\"https:\/\/i0.wp.com\/www.jazzzeitung.de\/cms\/wp-content\/uploads\/2020\/08\/Vincent-Peirani-JOKERS-c-JPRetel.jpeg?resize=300%2C137&#038;ssl=1\" alt=\"\" width=\"300\" height=\"137\" srcset=\"https:\/\/i0.wp.com\/www.jazzzeitung.de\/cms\/wp-content\/uploads\/2020\/08\/Vincent-Peirani-JOKERS-c-JPRetel.jpeg?resize=300%2C137&amp;ssl=1 300w, https:\/\/i0.wp.com\/www.jazzzeitung.de\/cms\/wp-content\/uploads\/2020\/08\/Vincent-Peirani-JOKERS-c-JPRetel.jpeg?resize=900%2C410&amp;ssl=1 900w, https:\/\/i0.wp.com\/www.jazzzeitung.de\/cms\/wp-content\/uploads\/2020\/08\/Vincent-Peirani-JOKERS-c-JPRetel.jpeg?resize=768%2C350&amp;ssl=1 768w, https:\/\/i0.wp.com\/www.jazzzeitung.de\/cms\/wp-content\/uploads\/2020\/08\/Vincent-Peirani-JOKERS-c-JPRetel.jpeg?resize=1536%2C700&amp;ssl=1 1536w, https:\/\/i0.wp.com\/www.jazzzeitung.de\/cms\/wp-content\/uploads\/2020\/08\/Vincent-Peirani-JOKERS-c-JPRetel.jpeg?resize=2048%2C933&amp;ssl=1 2048w, https:\/\/i0.wp.com\/www.jazzzeitung.de\/cms\/wp-content\/uploads\/2020\/08\/Vincent-Peirani-JOKERS-c-JPRetel.jpeg?resize=1320%2C601&amp;ssl=1 1320w, https:\/\/i0.wp.com\/www.jazzzeitung.de\/cms\/wp-content\/uploads\/2020\/08\/Vincent-Peirani-JOKERS-c-JPRetel.jpeg?w=1680&amp;ssl=1 1680w\" sizes=\"auto, (max-width: 300px) 100vw, 300px\" \/><\/a><figcaption id=\"caption-attachment-23289\" class=\"wp-caption-text\">&#8222;Jokers&#8220;: Vincent Peirani, Federico Casagrande, Ziv Ravitz. Foto: JPRetel<\/figcaption><\/figure>\n<p><strong>FABRIK SESSIONS: JAZZ OPEN SPECIAL<\/strong><\/p>\n<p>Die Jazz Federation Hamburg steht mit der Fabrik im September und Oktober 2020 f\u00fcr die neue Konzertreihe \u201eFabrik Sessions\u201c in Kooperation. Zur Er\u00f6ffnung dieser Reihe gastiert am 10. September das Trio \u201eJokers\u201c des franz\u00f6sischen Akkordeonisten Vincent Peirani mit Federico Casagrande (Gitarre) und Ziv Ravitz (Schlagzeug). Dieses Konzert geh\u00f6rt auch zum Special-Rahmenprogramm des diesj\u00e4hrigen \u201eJazz Open\u201c-Festivals. Das \u201eJazz Open\u201c-Festival und ausgew\u00e4hlte Konzerte der Fabrik Sessions-Reihe werden auch auf der Projektseite <a href=\"http:\/\/www.hamburg.stream\">www.hamburg.stream<\/a> der Jazz Federation Hamburg gestreamt.<\/p>\n<p>Die Konzerte der Fabrik Sessions:<\/p>\n<p>10.9. Vincent Peirani &#8222;Jokers&#8220;<\/p>\n<p>20.9. Cl\u00e9mence Manach\u00e8re &#8222;Unterwasser&#8220;<\/p>\n<p>27.9. Giorgi Kiknadze Group plays The Beatles<\/p>\n<p>4.10. Bird Lives! Charlie Parker 100 &#8211; A Celebration<\/p>\n<p>11.10. Landesjugendjazzorchester: Modern Tradition<\/p>\n<p>18.10. Tomasz Kowalczyk Trio with Markus Stockhausen<\/p>\n<p>25.10. Jazzkombinat &amp; Very Special Guest<\/p>\n<p>Weitere Informationen: <a href=\"http:\/\/www.jazzfederation.de\">www.jazzfederation.de<\/a><\/p>\n<p>Das Titelbild zeigt Peter Lehel und sein neues Quartett. Foto: Felix Schurr<\/p>\n","protected":false},"excerpt":{"rendered":"<p>Die Konzerte der Woche im BIX KW 36\/2020 Peter Lehel mit neuem Quartett Nach einer kurzen Sommerpause finden am kommenden Wochenende im BIX Jazzclub in Stuttgart wieder zwei\u00a0 Konzerte im Rahmen des F\u00f6rderprogramms \u201eKultur im Sommer 2020\u201c statt: Nach 20 Jahren des klassischen Peter Lehel Quartets, tritt der Saxophonist und Komponist Peter Lehel am 3. September um 20.30 Uhr mit seiner neuen Viererbesetzung, bestehend aus Uli M\u00f6ck (Tasten), Dirk Bl\u00fcmlein (E-Bass) und Christian Huber (Schlagzeug), auf. Der von Lehel arrangierte, experimentierfreudige Sound der Band bewegt sich zwischen Improvisation und Komposition, mit viel Freiheit f\u00fcr alle Beteiligten. Weitere Informationen: http:\/\/www.bix-stuttgart.de\/veranstaltungsdetails\/6171 &nbsp; Band in the BIX feat. Axel Schlosser &#8222;The Art of Jazz Trumpet&#8220; Der Tr\u00e4ger des Jazzpreises Ostalb und Trompeter Axel Schlosser tritt zusammen mit den Musikern der Band in the BIX am 4. September um 21 Uhr auf. Die Bandmitglieder Olaf Polziehn (Tasten), Mini Schulz (Bass) und Meinhard \u201eObi\u201c Jenne (Schlagzeug) besch\u00e4ftigen sich nicht nur mit dem Jazz der Gegenwart, sondern sehen sich auch in der Tradition, im Austausch mit der Musik der fr\u00fcheren Zeiten zu treten. So steht die Jazztrompete und ausgew\u00e4hlte St\u00fccke ihrer &hellip;<\/p>\n","protected":false},"author":18,"featured_media":23290,"comment_status":"open","ping_status":"closed","sticky":false,"template":"","format":"standard","meta":{"_jetpack_memberships_contains_paid_content":false,"footnotes":"","jetpack_publicize_message":"","jetpack_publicize_feature_enabled":true,"jetpack_social_post_already_shared":false,"jetpack_social_options":{"image_generator_settings":{"template":"highway","default_image_id":0,"font":"","enabled":false},"version":2}},"categories":[633],"tags":[3006,3007,3002,3004,3010,3012,3005,3009,3003,3008,1010,3011],"coauthors":[695],"class_list":["post-23287","post","type-post","status-publish","format-standard","has-post-thumbnail","hentry","category-nachrichten","tag-alex-schlosser","tag-band-in-the-bix","tag-bix","tag-fabrik-sessions","tag-federico-casagrande","tag-jazz-federation-hamburg","tag-jazz-open-special","tag-jokers","tag-kultur-im-sommer-2020","tag-the-art-of-jazz-trumpet","tag-vincent-peirani","tag-ziv-ravitz"],"yoast_head":"<!-- This site is optimized with the Yoast SEO plugin v27.5 - https:\/\/yoast.com\/product\/yoast-seo-wordpress\/ -->\n<title>+++News:+++Konzerte im BIX+++Fabrik Sessions: Jazz Open Special+++ - JazzZeitung<\/title>\n<meta name=\"robots\" content=\"index, follow, max-snippet:-1, max-image-preview:large, max-video-preview:-1\" \/>\n<link rel=\"canonical\" href=\"https:\/\/www.jazzzeitung.de\/cms\/2020\/09\/newskonzerte-im-bixfabrik-sessions-jazz-open-special\/\" \/>\n<meta property=\"og:locale\" content=\"de_DE\" \/>\n<meta property=\"og:type\" content=\"article\" \/>\n<meta property=\"og:title\" content=\"+++News:+++Konzerte im BIX+++Fabrik Sessions: Jazz Open Special+++ - JazzZeitung\" \/>\n<meta property=\"og:description\" content=\"Die Konzerte der Woche im BIX KW 36\/2020 Peter Lehel mit neuem Quartett Nach einer kurzen Sommerpause finden am kommenden Wochenende im BIX Jazzclub in Stuttgart wieder zwei\u00a0 Konzerte im Rahmen des F\u00f6rderprogramms \u201eKultur im Sommer 2020\u201c statt: Nach 20 Jahren des klassischen Peter Lehel Quartets, tritt der Saxophonist und Komponist Peter Lehel am 3. September um 20.30 Uhr mit seiner neuen Viererbesetzung, bestehend aus Uli M\u00f6ck (Tasten), Dirk Bl\u00fcmlein (E-Bass) und Christian Huber (Schlagzeug), auf. Der von Lehel arrangierte, experimentierfreudige Sound der Band bewegt sich zwischen Improvisation und Komposition, mit viel Freiheit f\u00fcr alle Beteiligten. Weitere Informationen: http:\/\/www.bix-stuttgart.de\/veranstaltungsdetails\/6171 &nbsp; Band in the BIX feat. Axel Schlosser &#8222;The Art of Jazz Trumpet&#8220; Der Tr\u00e4ger des Jazzpreises Ostalb und Trompeter Axel Schlosser tritt zusammen mit den Musikern der Band in the BIX am 4. September um 21 Uhr auf. Die Bandmitglieder Olaf Polziehn (Tasten), Mini Schulz (Bass) und Meinhard \u201eObi\u201c Jenne (Schlagzeug) besch\u00e4ftigen sich nicht nur mit dem Jazz der Gegenwart, sondern sehen sich auch in der Tradition, im Austausch mit der Musik der fr\u00fcheren Zeiten zu treten. So steht die Jazztrompete und ausgew\u00e4hlte St\u00fccke ihrer &hellip;\" \/>\n<meta property=\"og:url\" content=\"https:\/\/www.jazzzeitung.de\/cms\/2020\/09\/newskonzerte-im-bixfabrik-sessions-jazz-open-special\/\" \/>\n<meta property=\"og:site_name\" content=\"JazzZeitung\" \/>\n<meta property=\"article:publisher\" content=\"https:\/\/www.facebook.com\/JazzZeitung\/\" \/>\n<meta property=\"article:published_time\" content=\"2020-09-01T07:15:49+00:00\" \/>\n<meta property=\"article:modified_time\" content=\"2020-09-08T10:08:50+00:00\" \/>\n<meta property=\"og:image\" content=\"https:\/\/i0.wp.com\/www.jazzzeitung.de\/cms\/wp-content\/uploads\/2020\/08\/2020_09_03_Peter-LehelcFelix-Schurr-scaled-e1598883276111.jpeg?fit=2547%2C1811&ssl=1\" \/>\n\t<meta property=\"og:image:width\" content=\"2547\" \/>\n\t<meta property=\"og:image:height\" content=\"1811\" \/>\n\t<meta property=\"og:image:type\" content=\"image\/jpeg\" \/>\n<meta name=\"author\" content=\"Redaktion JazzZeitung\" \/>\n<script type=\"application\/ld+json\" class=\"yoast-schema-graph\">{\"@context\":\"https:\\\/\\\/schema.org\",\"@graph\":[{\"@type\":\"Article\",\"@id\":\"https:\\\/\\\/www.jazzzeitung.de\\\/cms\\\/2020\\\/09\\\/newskonzerte-im-bixfabrik-sessions-jazz-open-special\\\/#article\",\"isPartOf\":{\"@id\":\"https:\\\/\\\/www.jazzzeitung.de\\\/cms\\\/2020\\\/09\\\/newskonzerte-im-bixfabrik-sessions-jazz-open-special\\\/\"},\"author\":{\"name\":\"Redaktion JazzZeitung\",\"@id\":\"https:\\\/\\\/www.jazzzeitung.de\\\/cms\\\/#\\\/schema\\\/person\\\/2245b36b9cd1d24cea10f01c031fb92b\"},\"headline\":\"+++News:+++Konzerte im BIX+++Fabrik Sessions: Jazz Open Special+++\",\"datePublished\":\"2020-09-01T07:15:49+00:00\",\"dateModified\":\"2020-09-08T10:08:50+00:00\",\"mainEntityOfPage\":{\"@id\":\"https:\\\/\\\/www.jazzzeitung.de\\\/cms\\\/2020\\\/09\\\/newskonzerte-im-bixfabrik-sessions-jazz-open-special\\\/\"},\"wordCount\":386,\"commentCount\":0,\"publisher\":{\"@id\":\"https:\\\/\\\/www.jazzzeitung.de\\\/cms\\\/#organization\"},\"image\":{\"@id\":\"https:\\\/\\\/www.jazzzeitung.de\\\/cms\\\/2020\\\/09\\\/newskonzerte-im-bixfabrik-sessions-jazz-open-special\\\/#primaryimage\"},\"thumbnailUrl\":\"https:\\\/\\\/i0.wp.com\\\/www.jazzzeitung.de\\\/cms\\\/wp-content\\\/uploads\\\/2020\\\/08\\\/2020_09_03_Peter-LehelcFelix-Schurr-scaled-e1598883276111.jpeg?fit=2547%2C1811&ssl=1\",\"keywords\":[\"Alex Schlosser\",\"Band in the BIX\",\"BIX\",\"Fabrik Sessions\",\"Federico Casagrande\",\"Jazz Federation Hamburg\",\"Jazz Open Special\",\"Jokers\",\"Kultur im Sommer 2020\",\"The Art of Jazz Trumpet\",\"Vincent Peirani\",\"Ziv Ravitz\"],\"articleSection\":[\"News\"],\"inLanguage\":\"de\",\"potentialAction\":[{\"@type\":\"CommentAction\",\"name\":\"Comment\",\"target\":[\"https:\\\/\\\/www.jazzzeitung.de\\\/cms\\\/2020\\\/09\\\/newskonzerte-im-bixfabrik-sessions-jazz-open-special\\\/#respond\"]}]},{\"@type\":\"WebPage\",\"@id\":\"https:\\\/\\\/www.jazzzeitung.de\\\/cms\\\/2020\\\/09\\\/newskonzerte-im-bixfabrik-sessions-jazz-open-special\\\/\",\"url\":\"https:\\\/\\\/www.jazzzeitung.de\\\/cms\\\/2020\\\/09\\\/newskonzerte-im-bixfabrik-sessions-jazz-open-special\\\/\",\"name\":\"+++News:+++Konzerte im BIX+++Fabrik Sessions: Jazz Open Special+++ - JazzZeitung\",\"isPartOf\":{\"@id\":\"https:\\\/\\\/www.jazzzeitung.de\\\/cms\\\/#website\"},\"primaryImageOfPage\":{\"@id\":\"https:\\\/\\\/www.jazzzeitung.de\\\/cms\\\/2020\\\/09\\\/newskonzerte-im-bixfabrik-sessions-jazz-open-special\\\/#primaryimage\"},\"image\":{\"@id\":\"https:\\\/\\\/www.jazzzeitung.de\\\/cms\\\/2020\\\/09\\\/newskonzerte-im-bixfabrik-sessions-jazz-open-special\\\/#primaryimage\"},\"thumbnailUrl\":\"https:\\\/\\\/i0.wp.com\\\/www.jazzzeitung.de\\\/cms\\\/wp-content\\\/uploads\\\/2020\\\/08\\\/2020_09_03_Peter-LehelcFelix-Schurr-scaled-e1598883276111.jpeg?fit=2547%2C1811&ssl=1\",\"datePublished\":\"2020-09-01T07:15:49+00:00\",\"dateModified\":\"2020-09-08T10:08:50+00:00\",\"breadcrumb\":{\"@id\":\"https:\\\/\\\/www.jazzzeitung.de\\\/cms\\\/2020\\\/09\\\/newskonzerte-im-bixfabrik-sessions-jazz-open-special\\\/#breadcrumb\"},\"inLanguage\":\"de\",\"potentialAction\":[{\"@type\":\"ReadAction\",\"target\":[\"https:\\\/\\\/www.jazzzeitung.de\\\/cms\\\/2020\\\/09\\\/newskonzerte-im-bixfabrik-sessions-jazz-open-special\\\/\"]}]},{\"@type\":\"ImageObject\",\"inLanguage\":\"de\",\"@id\":\"https:\\\/\\\/www.jazzzeitung.de\\\/cms\\\/2020\\\/09\\\/newskonzerte-im-bixfabrik-sessions-jazz-open-special\\\/#primaryimage\",\"url\":\"https:\\\/\\\/i0.wp.com\\\/www.jazzzeitung.de\\\/cms\\\/wp-content\\\/uploads\\\/2020\\\/08\\\/2020_09_03_Peter-LehelcFelix-Schurr-scaled-e1598883276111.jpeg?fit=2547%2C1811&ssl=1\",\"contentUrl\":\"https:\\\/\\\/i0.wp.com\\\/www.jazzzeitung.de\\\/cms\\\/wp-content\\\/uploads\\\/2020\\\/08\\\/2020_09_03_Peter-LehelcFelix-Schurr-scaled-e1598883276111.jpeg?fit=2547%2C1811&ssl=1\",\"width\":2547,\"height\":1811},{\"@type\":\"BreadcrumbList\",\"@id\":\"https:\\\/\\\/www.jazzzeitung.de\\\/cms\\\/2020\\\/09\\\/newskonzerte-im-bixfabrik-sessions-jazz-open-special\\\/#breadcrumb\",\"itemListElement\":[{\"@type\":\"ListItem\",\"position\":1,\"name\":\"Startseite\",\"item\":\"https:\\\/\\\/www.jazzzeitung.de\\\/cms\\\/\"},{\"@type\":\"ListItem\",\"position\":2,\"name\":\"+++News:+++Konzerte im BIX+++Fabrik Sessions: Jazz Open Special+++\"}]},{\"@type\":\"WebSite\",\"@id\":\"https:\\\/\\\/www.jazzzeitung.de\\\/cms\\\/#website\",\"url\":\"https:\\\/\\\/www.jazzzeitung.de\\\/cms\\\/\",\"name\":\"JazzZeitung\",\"description\":\"Jazz-News und Jazz-Kontroverses\",\"publisher\":{\"@id\":\"https:\\\/\\\/www.jazzzeitung.de\\\/cms\\\/#organization\"},\"potentialAction\":[{\"@type\":\"SearchAction\",\"target\":{\"@type\":\"EntryPoint\",\"urlTemplate\":\"https:\\\/\\\/www.jazzzeitung.de\\\/cms\\\/?s={search_term_string}\"},\"query-input\":{\"@type\":\"PropertyValueSpecification\",\"valueRequired\":true,\"valueName\":\"search_term_string\"}}],\"inLanguage\":\"de\"},{\"@type\":\"Organization\",\"@id\":\"https:\\\/\\\/www.jazzzeitung.de\\\/cms\\\/#organization\",\"name\":\"JazzZeitung online\",\"url\":\"https:\\\/\\\/www.jazzzeitung.de\\\/cms\\\/\",\"logo\":{\"@type\":\"ImageObject\",\"inLanguage\":\"de\",\"@id\":\"https:\\\/\\\/www.jazzzeitung.de\\\/cms\\\/#\\\/schema\\\/logo\\\/image\\\/\",\"url\":\"https:\\\/\\\/i0.wp.com\\\/www.jazzzeitung.de\\\/cms\\\/wp-content\\\/uploads\\\/2015\\\/08\\\/JAZZZEITUNGDE_Logo_Neu.png?fit=499%2C200&ssl=1\",\"contentUrl\":\"https:\\\/\\\/i0.wp.com\\\/www.jazzzeitung.de\\\/cms\\\/wp-content\\\/uploads\\\/2015\\\/08\\\/JAZZZEITUNGDE_Logo_Neu.png?fit=499%2C200&ssl=1\",\"width\":499,\"height\":200,\"caption\":\"JazzZeitung online\"},\"image\":{\"@id\":\"https:\\\/\\\/www.jazzzeitung.de\\\/cms\\\/#\\\/schema\\\/logo\\\/image\\\/\"},\"sameAs\":[\"https:\\\/\\\/www.facebook.com\\\/JazzZeitung\\\/\"]},{\"@type\":\"Person\",\"@id\":\"https:\\\/\\\/www.jazzzeitung.de\\\/cms\\\/#\\\/schema\\\/person\\\/2245b36b9cd1d24cea10f01c031fb92b\",\"name\":\"Redaktion JazzZeitung\",\"image\":{\"@type\":\"ImageObject\",\"inLanguage\":\"de\",\"@id\":\"https:\\\/\\\/i0.wp.com\\\/www.jazzzeitung.de\\\/cms\\\/wp-content\\\/uploads\\\/2015\\\/08\\\/JAZZZEITUNGDE_Logo_Neu.png?resize=96%2C96&ssl=159975dcacb611b5700bd619b5daf0a7a\",\"url\":\"https:\\\/\\\/i0.wp.com\\\/www.jazzzeitung.de\\\/cms\\\/wp-content\\\/uploads\\\/2015\\\/08\\\/JAZZZEITUNGDE_Logo_Neu.png?resize=96%2C96&ssl=1\",\"contentUrl\":\"https:\\\/\\\/i0.wp.com\\\/www.jazzzeitung.de\\\/cms\\\/wp-content\\\/uploads\\\/2015\\\/08\\\/JAZZZEITUNGDE_Logo_Neu.png?resize=96%2C96&ssl=1\",\"caption\":\"Redaktion JazzZeitung\"},\"description\":\"Artikel der Redaktion der JazzZeitung.\",\"sameAs\":[\"http:\\\/\\\/www.jazzzeitung.de\\\/cms\\\/\"],\"url\":\"https:\\\/\\\/www.jazzzeitung.de\\\/cms\\\/author\\\/redaktion\\\/\"}]}<\/script>\n<!-- \/ Yoast SEO plugin. -->","yoast_head_json":{"title":"+++News:+++Konzerte im BIX+++Fabrik Sessions: Jazz Open Special+++ - JazzZeitung","robots":{"index":"index","follow":"follow","max-snippet":"max-snippet:-1","max-image-preview":"max-image-preview:large","max-video-preview":"max-video-preview:-1"},"canonical":"https:\/\/www.jazzzeitung.de\/cms\/2020\/09\/newskonzerte-im-bixfabrik-sessions-jazz-open-special\/","og_locale":"de_DE","og_type":"article","og_title":"+++News:+++Konzerte im BIX+++Fabrik Sessions: Jazz Open Special+++ - JazzZeitung","og_description":"Die Konzerte der Woche im BIX KW 36\/2020 Peter Lehel mit neuem Quartett Nach einer kurzen Sommerpause finden am kommenden Wochenende im BIX Jazzclub in Stuttgart wieder zwei\u00a0 Konzerte im Rahmen des F\u00f6rderprogramms \u201eKultur im Sommer 2020\u201c statt: Nach 20 Jahren des klassischen Peter Lehel Quartets, tritt der Saxophonist und Komponist Peter Lehel am 3. September um 20.30 Uhr mit seiner neuen Viererbesetzung, bestehend aus Uli M\u00f6ck (Tasten), Dirk Bl\u00fcmlein (E-Bass) und Christian Huber (Schlagzeug), auf. Der von Lehel arrangierte, experimentierfreudige Sound der Band bewegt sich zwischen Improvisation und Komposition, mit viel Freiheit f\u00fcr alle Beteiligten. Weitere Informationen: http:\/\/www.bix-stuttgart.de\/veranstaltungsdetails\/6171 &nbsp; Band in the BIX feat. Axel Schlosser &#8222;The Art of Jazz Trumpet&#8220; Der Tr\u00e4ger des Jazzpreises Ostalb und Trompeter Axel Schlosser tritt zusammen mit den Musikern der Band in the BIX am 4. September um 21 Uhr auf. Die Bandmitglieder Olaf Polziehn (Tasten), Mini Schulz (Bass) und Meinhard \u201eObi\u201c Jenne (Schlagzeug) besch\u00e4ftigen sich nicht nur mit dem Jazz der Gegenwart, sondern sehen sich auch in der Tradition, im Austausch mit der Musik der fr\u00fcheren Zeiten zu treten. So steht die Jazztrompete und ausgew\u00e4hlte St\u00fccke ihrer &hellip;","og_url":"https:\/\/www.jazzzeitung.de\/cms\/2020\/09\/newskonzerte-im-bixfabrik-sessions-jazz-open-special\/","og_site_name":"JazzZeitung","article_publisher":"https:\/\/www.facebook.com\/JazzZeitung\/","article_published_time":"2020-09-01T07:15:49+00:00","article_modified_time":"2020-09-08T10:08:50+00:00","og_image":[{"width":2547,"height":1811,"url":"https:\/\/i0.wp.com\/www.jazzzeitung.de\/cms\/wp-content\/uploads\/2020\/08\/2020_09_03_Peter-LehelcFelix-Schurr-scaled-e1598883276111.jpeg?fit=2547%2C1811&ssl=1","type":"image\/jpeg"}],"author":"Redaktion JazzZeitung","schema":{"@context":"https:\/\/schema.org","@graph":[{"@type":"Article","@id":"https:\/\/www.jazzzeitung.de\/cms\/2020\/09\/newskonzerte-im-bixfabrik-sessions-jazz-open-special\/#article","isPartOf":{"@id":"https:\/\/www.jazzzeitung.de\/cms\/2020\/09\/newskonzerte-im-bixfabrik-sessions-jazz-open-special\/"},"author":{"name":"Redaktion JazzZeitung","@id":"https:\/\/www.jazzzeitung.de\/cms\/#\/schema\/person\/2245b36b9cd1d24cea10f01c031fb92b"},"headline":"+++News:+++Konzerte im BIX+++Fabrik Sessions: Jazz Open Special+++","datePublished":"2020-09-01T07:15:49+00:00","dateModified":"2020-09-08T10:08:50+00:00","mainEntityOfPage":{"@id":"https:\/\/www.jazzzeitung.de\/cms\/2020\/09\/newskonzerte-im-bixfabrik-sessions-jazz-open-special\/"},"wordCount":386,"commentCount":0,"publisher":{"@id":"https:\/\/www.jazzzeitung.de\/cms\/#organization"},"image":{"@id":"https:\/\/www.jazzzeitung.de\/cms\/2020\/09\/newskonzerte-im-bixfabrik-sessions-jazz-open-special\/#primaryimage"},"thumbnailUrl":"https:\/\/i0.wp.com\/www.jazzzeitung.de\/cms\/wp-content\/uploads\/2020\/08\/2020_09_03_Peter-LehelcFelix-Schurr-scaled-e1598883276111.jpeg?fit=2547%2C1811&ssl=1","keywords":["Alex Schlosser","Band in the BIX","BIX","Fabrik Sessions","Federico Casagrande","Jazz Federation Hamburg","Jazz Open Special","Jokers","Kultur im Sommer 2020","The Art of Jazz Trumpet","Vincent Peirani","Ziv Ravitz"],"articleSection":["News"],"inLanguage":"de","potentialAction":[{"@type":"CommentAction","name":"Comment","target":["https:\/\/www.jazzzeitung.de\/cms\/2020\/09\/newskonzerte-im-bixfabrik-sessions-jazz-open-special\/#respond"]}]},{"@type":"WebPage","@id":"https:\/\/www.jazzzeitung.de\/cms\/2020\/09\/newskonzerte-im-bixfabrik-sessions-jazz-open-special\/","url":"https:\/\/www.jazzzeitung.de\/cms\/2020\/09\/newskonzerte-im-bixfabrik-sessions-jazz-open-special\/","name":"+++News:+++Konzerte im BIX+++Fabrik Sessions: Jazz Open Special+++ - JazzZeitung","isPartOf":{"@id":"https:\/\/www.jazzzeitung.de\/cms\/#website"},"primaryImageOfPage":{"@id":"https:\/\/www.jazzzeitung.de\/cms\/2020\/09\/newskonzerte-im-bixfabrik-sessions-jazz-open-special\/#primaryimage"},"image":{"@id":"https:\/\/www.jazzzeitung.de\/cms\/2020\/09\/newskonzerte-im-bixfabrik-sessions-jazz-open-special\/#primaryimage"},"thumbnailUrl":"https:\/\/i0.wp.com\/www.jazzzeitung.de\/cms\/wp-content\/uploads\/2020\/08\/2020_09_03_Peter-LehelcFelix-Schurr-scaled-e1598883276111.jpeg?fit=2547%2C1811&ssl=1","datePublished":"2020-09-01T07:15:49+00:00","dateModified":"2020-09-08T10:08:50+00:00","breadcrumb":{"@id":"https:\/\/www.jazzzeitung.de\/cms\/2020\/09\/newskonzerte-im-bixfabrik-sessions-jazz-open-special\/#breadcrumb"},"inLanguage":"de","potentialAction":[{"@type":"ReadAction","target":["https:\/\/www.jazzzeitung.de\/cms\/2020\/09\/newskonzerte-im-bixfabrik-sessions-jazz-open-special\/"]}]},{"@type":"ImageObject","inLanguage":"de","@id":"https:\/\/www.jazzzeitung.de\/cms\/2020\/09\/newskonzerte-im-bixfabrik-sessions-jazz-open-special\/#primaryimage","url":"https:\/\/i0.wp.com\/www.jazzzeitung.de\/cms\/wp-content\/uploads\/2020\/08\/2020_09_03_Peter-LehelcFelix-Schurr-scaled-e1598883276111.jpeg?fit=2547%2C1811&ssl=1","contentUrl":"https:\/\/i0.wp.com\/www.jazzzeitung.de\/cms\/wp-content\/uploads\/2020\/08\/2020_09_03_Peter-LehelcFelix-Schurr-scaled-e1598883276111.jpeg?fit=2547%2C1811&ssl=1","width":2547,"height":1811},{"@type":"BreadcrumbList","@id":"https:\/\/www.jazzzeitung.de\/cms\/2020\/09\/newskonzerte-im-bixfabrik-sessions-jazz-open-special\/#breadcrumb","itemListElement":[{"@type":"ListItem","position":1,"name":"Startseite","item":"https:\/\/www.jazzzeitung.de\/cms\/"},{"@type":"ListItem","position":2,"name":"+++News:+++Konzerte im BIX+++Fabrik Sessions: Jazz Open Special+++"}]},{"@type":"WebSite","@id":"https:\/\/www.jazzzeitung.de\/cms\/#website","url":"https:\/\/www.jazzzeitung.de\/cms\/","name":"JazzZeitung","description":"Jazz-News und Jazz-Kontroverses","publisher":{"@id":"https:\/\/www.jazzzeitung.de\/cms\/#organization"},"potentialAction":[{"@type":"SearchAction","target":{"@type":"EntryPoint","urlTemplate":"https:\/\/www.jazzzeitung.de\/cms\/?s={search_term_string}"},"query-input":{"@type":"PropertyValueSpecification","valueRequired":true,"valueName":"search_term_string"}}],"inLanguage":"de"},{"@type":"Organization","@id":"https:\/\/www.jazzzeitung.de\/cms\/#organization","name":"JazzZeitung online","url":"https:\/\/www.jazzzeitung.de\/cms\/","logo":{"@type":"ImageObject","inLanguage":"de","@id":"https:\/\/www.jazzzeitung.de\/cms\/#\/schema\/logo\/image\/","url":"https:\/\/i0.wp.com\/www.jazzzeitung.de\/cms\/wp-content\/uploads\/2015\/08\/JAZZZEITUNGDE_Logo_Neu.png?fit=499%2C200&ssl=1","contentUrl":"https:\/\/i0.wp.com\/www.jazzzeitung.de\/cms\/wp-content\/uploads\/2015\/08\/JAZZZEITUNGDE_Logo_Neu.png?fit=499%2C200&ssl=1","width":499,"height":200,"caption":"JazzZeitung online"},"image":{"@id":"https:\/\/www.jazzzeitung.de\/cms\/#\/schema\/logo\/image\/"},"sameAs":["https:\/\/www.facebook.com\/JazzZeitung\/"]},{"@type":"Person","@id":"https:\/\/www.jazzzeitung.de\/cms\/#\/schema\/person\/2245b36b9cd1d24cea10f01c031fb92b","name":"Redaktion JazzZeitung","image":{"@type":"ImageObject","inLanguage":"de","@id":"https:\/\/i0.wp.com\/www.jazzzeitung.de\/cms\/wp-content\/uploads\/2015\/08\/JAZZZEITUNGDE_Logo_Neu.png?resize=96%2C96&ssl=159975dcacb611b5700bd619b5daf0a7a","url":"https:\/\/i0.wp.com\/www.jazzzeitung.de\/cms\/wp-content\/uploads\/2015\/08\/JAZZZEITUNGDE_Logo_Neu.png?resize=96%2C96&ssl=1","contentUrl":"https:\/\/i0.wp.com\/www.jazzzeitung.de\/cms\/wp-content\/uploads\/2015\/08\/JAZZZEITUNGDE_Logo_Neu.png?resize=96%2C96&ssl=1","caption":"Redaktion JazzZeitung"},"description":"Artikel der Redaktion der JazzZeitung.","sameAs":["http:\/\/www.jazzzeitung.de\/cms\/"],"url":"https:\/\/www.jazzzeitung.de\/cms\/author\/redaktion\/"}]}},"wp-worthy-pixel":{"ignored":false,"public":null,"server":null,"url":null},"wp-worthy-type":"normal","jetpack_publicize_connections":[],"cc_featured_image_caption":{"caption_text":"","source_text":"","source_url":""},"jetpack_featured_media_url":"https:\/\/i0.wp.com\/www.jazzzeitung.de\/cms\/wp-content\/uploads\/2020\/08\/2020_09_03_Peter-LehelcFelix-Schurr-scaled-e1598883276111.jpeg?fit=2547%2C1811&ssl=1","jetpack_shortlink":"https:\/\/wp.me\/p3KEcT-63B","jetpack-related-posts":[{"id":23514,"url":"https:\/\/www.jazzzeitung.de\/cms\/2020\/10\/newsvadim-neselovskyi-arkady-shilkloper-in-poeckingtrans4jazz-festival-in-ravensburgvier-konzerte-im-bix-stuttgart\/","url_meta":{"origin":23287,"position":0},"title":"+++News:+++Vadim Neselovskyi &#038; Arkady Shilkloper in P\u00f6cking+++Trans4JAZZ-Festival in Ravensburg+++Vier Konzerte im BIX Stuttgart+++","author":"Redaktion JazzZeitung","date":"5. Oktober 2020","format":false,"excerpt":"+++Konzerte im BIX Stuttgart+++ Diese Woche veranstaltet der Bix Jazzclub vier Konzerte: Am 6. Oktober er\u00f6ffnet der Pianist Peter-Philipp R\u00f6hm mit seinem Programm Bottrop Orange die Konzertwoche. Am Donnerstag und Freitag, den 8. und 9. Oktober, kommen die \u201eSoul Diamonds feat. Derrick Alexander\u201c und die \u201eBand in the BIX feat.\u2026","rel":"","context":"In &quot;News&quot;","block_context":{"text":"News","link":"https:\/\/www.jazzzeitung.de\/cms\/thema\/nachrichten\/"},"img":{"alt_text":"","src":"https:\/\/i0.wp.com\/www.jazzzeitung.de\/cms\/wp-content\/uploads\/2020\/10\/Vadim-Neselovskyi.jpg?fit=800%2C533&ssl=1&resize=350%2C200","width":350,"height":200,"srcset":"https:\/\/i0.wp.com\/www.jazzzeitung.de\/cms\/wp-content\/uploads\/2020\/10\/Vadim-Neselovskyi.jpg?fit=800%2C533&ssl=1&resize=350%2C200 1x, https:\/\/i0.wp.com\/www.jazzzeitung.de\/cms\/wp-content\/uploads\/2020\/10\/Vadim-Neselovskyi.jpg?fit=800%2C533&ssl=1&resize=525%2C300 1.5x, https:\/\/i0.wp.com\/www.jazzzeitung.de\/cms\/wp-content\/uploads\/2020\/10\/Vadim-Neselovskyi.jpg?fit=800%2C533&ssl=1&resize=700%2C400 2x"},"classes":[]},{"id":21372,"url":"https:\/\/www.jazzzeitung.de\/cms\/2019\/11\/newsjazz-talk-konzert-am-2-dezember-im-gasteig-ist-nat-king-cole-gewidmetstuttgarts-bix-gibt-die-highlights-2020-bekannt\/","url_meta":{"origin":23287,"position":1},"title":"+++News:+++Jazz &#038; Talk-Konzert am 2. Dezember im Gasteig ist Nat King Cole gewidmet+++Januar Highlights im Stuttgarter Jazzclub BIX+++","author":"Redaktion JazzZeitung","date":"29. November 2019","format":false,"excerpt":"+++Unforgettable+++ Nat King Cole gilt als einer der gr\u00f6\u00dften Entertainer, S\u00e4nger und Pianisten des Jazz \u2013 in diesem Jahr w\u00e4re er 100 Jahre alt geworden. Das n\u00e4chste Jazz & Talk-Konzert am 2. Dezember im Gasteig ist ihm gewidmet. Eintritt frei Denkt man an Nat King Cole, f\u00e4llt einem zuerst der\u2026","rel":"","context":"In &quot;News&quot;","block_context":{"text":"News","link":"https:\/\/www.jazzzeitung.de\/cms\/thema\/nachrichten\/"},"img":{"alt_text":"","src":"https:\/\/i0.wp.com\/www.jazzzeitung.de\/cms\/wp-content\/uploads\/2019\/11\/Jazz_und_TalkcGMG_Andreas_Merz-scaled.jpg?fit=1200%2C675&ssl=1&resize=350%2C200","width":350,"height":200,"srcset":"https:\/\/i0.wp.com\/www.jazzzeitung.de\/cms\/wp-content\/uploads\/2019\/11\/Jazz_und_TalkcGMG_Andreas_Merz-scaled.jpg?fit=1200%2C675&ssl=1&resize=350%2C200 1x, https:\/\/i0.wp.com\/www.jazzzeitung.de\/cms\/wp-content\/uploads\/2019\/11\/Jazz_und_TalkcGMG_Andreas_Merz-scaled.jpg?fit=1200%2C675&ssl=1&resize=525%2C300 1.5x, https:\/\/i0.wp.com\/www.jazzzeitung.de\/cms\/wp-content\/uploads\/2019\/11\/Jazz_und_TalkcGMG_Andreas_Merz-scaled.jpg?fit=1200%2C675&ssl=1&resize=700%2C400 2x, https:\/\/i0.wp.com\/www.jazzzeitung.de\/cms\/wp-content\/uploads\/2019\/11\/Jazz_und_TalkcGMG_Andreas_Merz-scaled.jpg?fit=1200%2C675&ssl=1&resize=1050%2C600 3x"},"classes":[]},{"id":16636,"url":"https:\/\/www.jazzzeitung.de\/cms\/2018\/07\/16636\/","url_meta":{"origin":23287,"position":2},"title":"Das Stuttgarter Festival jazzopen feiert sein 25-j\u00e4hriges Jubil\u00e4um","author":"Redaktion JazzZeitung","date":"11. Juli 2018","format":false,"excerpt":"Vom 12. bis 22. Juli 2018 feiern die \"jazzopen stuttgart\" ihr 25-j\u00e4hriges Jubil\u00e4um. An 11 Tagen und auf sechs B\u00fchnen pr\u00e4sentiert der Veranstalter Opus unter dem Motto \u201ebe JAZZ be OPEN\u201c K\u00fcnstler internationaler Klasse \u2013 darunter Jamiroquai, Lenny Kravitz, Kraftwerk, Gregory Porter, Pat Metheny und viele mehr. Auftakt ist erneut\u2026","rel":"","context":"In &quot;News&quot;","block_context":{"text":"News","link":"https:\/\/www.jazzzeitung.de\/cms\/thema\/nachrichten\/"},"img":{"alt_text":"","src":"https:\/\/i0.wp.com\/www.jazzzeitung.de\/cms\/wp-content\/uploads\/2018\/07\/JO17_Altes-Schloss_Reiner-Pfisterer_.jpg?fit=1200%2C799&ssl=1&resize=350%2C200","width":350,"height":200,"srcset":"https:\/\/i0.wp.com\/www.jazzzeitung.de\/cms\/wp-content\/uploads\/2018\/07\/JO17_Altes-Schloss_Reiner-Pfisterer_.jpg?fit=1200%2C799&ssl=1&resize=350%2C200 1x, https:\/\/i0.wp.com\/www.jazzzeitung.de\/cms\/wp-content\/uploads\/2018\/07\/JO17_Altes-Schloss_Reiner-Pfisterer_.jpg?fit=1200%2C799&ssl=1&resize=525%2C300 1.5x, https:\/\/i0.wp.com\/www.jazzzeitung.de\/cms\/wp-content\/uploads\/2018\/07\/JO17_Altes-Schloss_Reiner-Pfisterer_.jpg?fit=1200%2C799&ssl=1&resize=700%2C400 2x, https:\/\/i0.wp.com\/www.jazzzeitung.de\/cms\/wp-content\/uploads\/2018\/07\/JO17_Altes-Schloss_Reiner-Pfisterer_.jpg?fit=1200%2C799&ssl=1&resize=1050%2C600 3x"},"classes":[]},{"id":23692,"url":"https:\/\/www.jazzzeitung.de\/cms\/2020\/10\/newsdaniel-erdmann-gewinnt-swr-jazzpreis-2020schickmajkowskilovens-am-10-11-in-muenchenveranstaltungen-bix-jazzclub-stuttgart\/","url_meta":{"origin":23287,"position":3},"title":"+++News:+++Daniel Erdmann gewinnt SWR Jazzpreis 2020+++Schick\/Majkowski\/Lovens am 10.11. in M\u00fcnchen+++Veranstaltungen BIX-Jazzclub Stuttgart+++","author":"Redaktion JazzZeitung","date":"28. Oktober 2020","format":false,"excerpt":"+++Daniel Erdmann gewinnt SWR Jazzpreis 2020 +++ Baden-Baden\/Mainz. Der gemeinsam vom S\u00fcdwestrundfunk (SWR) und dem Land Rheinland-Pfalz gestiftete SWR Jazzpreis 2020 wird heute, am 28. Oktober, im Rahmen des Internationalen Festivals \"Enjoy Jazz\" in Ludwigshafen an den Tenorsaxophonisten Daniel Erdmann verliehen. Erdmann, der auf den Tag genau vor 47 Jahren\u2026","rel":"","context":"In &quot;News&quot;","block_context":{"text":"News","link":"https:\/\/www.jazzzeitung.de\/cms\/thema\/nachrichten\/"},"img":{"alt_text":"","src":"https:\/\/i0.wp.com\/www.jazzzeitung.de\/cms\/wp-content\/uploads\/2020\/10\/Schick_Majkowski_Lovens_%C2%A9_UrsulaZeidler_720.jpg?fit=720%2C404&ssl=1&resize=350%2C200","width":350,"height":200,"srcset":"https:\/\/i0.wp.com\/www.jazzzeitung.de\/cms\/wp-content\/uploads\/2020\/10\/Schick_Majkowski_Lovens_%C2%A9_UrsulaZeidler_720.jpg?fit=720%2C404&ssl=1&resize=350%2C200 1x, https:\/\/i0.wp.com\/www.jazzzeitung.de\/cms\/wp-content\/uploads\/2020\/10\/Schick_Majkowski_Lovens_%C2%A9_UrsulaZeidler_720.jpg?fit=720%2C404&ssl=1&resize=525%2C300 1.5x, https:\/\/i0.wp.com\/www.jazzzeitung.de\/cms\/wp-content\/uploads\/2020\/10\/Schick_Majkowski_Lovens_%C2%A9_UrsulaZeidler_720.jpg?fit=720%2C404&ssl=1&resize=700%2C400 2x"},"classes":[]},{"id":18234,"url":"https:\/\/www.jazzzeitung.de\/cms\/2019\/01\/news-vokalensemble-iki-im-bix-jazzclub-lounge-in-stuttgart-p-jam-im-jazzclub-im-leeren-beutel-in-regensburg\/","url_meta":{"origin":23287,"position":4},"title":"+++ News: +++ Vokalensemble IKI im BIX Jazzclub &#038; Lounge in Stuttgart+++ P-JAM im Jazzclub im \u201eLeeren Beutel\u201c in Regensburg +++","author":"Redaktion JazzZeitung","date":"10. Januar 2019","format":false,"excerpt":"F\u00fcnf Nordlichter mit Souvenir\u00a0 im Gep\u00e4ck Skandinavischer Besuch im deutschen S\u00fcden: Das improvisierende Vokalensemble IKI setzt sich aus f\u00fcnf S\u00e4ngerinnen aus D\u00e4nemark, Norwegen und Finnland zusammen. Von Pop und Klassik \u00fcber Jazz bis hin zur Avantgarde steht ihr kontrastreiches Programm stets unter dem musikalischen Aspekt des Nordens. Auf ihrem aktuellen\u2026","rel":"","context":"In &quot;News&quot;","block_context":{"text":"News","link":"https:\/\/www.jazzzeitung.de\/cms\/thema\/nachrichten\/"},"img":{"alt_text":"","src":"https:\/\/i0.wp.com\/www.jazzzeitung.de\/cms\/wp-content\/uploads\/2019\/01\/2019_01_17-IKI-Oracle-IV.jpg?fit=1200%2C800&ssl=1&resize=350%2C200","width":350,"height":200,"srcset":"https:\/\/i0.wp.com\/www.jazzzeitung.de\/cms\/wp-content\/uploads\/2019\/01\/2019_01_17-IKI-Oracle-IV.jpg?fit=1200%2C800&ssl=1&resize=350%2C200 1x, https:\/\/i0.wp.com\/www.jazzzeitung.de\/cms\/wp-content\/uploads\/2019\/01\/2019_01_17-IKI-Oracle-IV.jpg?fit=1200%2C800&ssl=1&resize=525%2C300 1.5x, https:\/\/i0.wp.com\/www.jazzzeitung.de\/cms\/wp-content\/uploads\/2019\/01\/2019_01_17-IKI-Oracle-IV.jpg?fit=1200%2C800&ssl=1&resize=700%2C400 2x, https:\/\/i0.wp.com\/www.jazzzeitung.de\/cms\/wp-content\/uploads\/2019\/01\/2019_01_17-IKI-Oracle-IV.jpg?fit=1200%2C800&ssl=1&resize=1050%2C600 3x"},"classes":[]},{"id":22930,"url":"https:\/\/www.jazzzeitung.de\/cms\/2020\/07\/newsjazzin-erftstadt28-internationaler-augsburger-jazzsommer\/","url_meta":{"origin":23287,"position":5},"title":"+++News:+++Jazzclub BIX in Stuttgart+++Jazzin&#8216; Erftstadt+++28. Internationaler Augsburger Jazzsommer+++","author":"Redaktion JazzZeitung","date":"13. Juli 2020","format":false,"excerpt":"+++Stuttgarter Jazzclub BIX+++ Wie alle Jazz-Locations im Bundesgebiet hat auch der Stuttgarter Jazzclub Juni endlich die Restart-Taste gedr\u00fcckt. Im Juli geht es weiter im \u00a0BIX mit zwei sehr unterschiedlichen Konzerten. Das Soul Diamonds-Konzert mit Fola Dada am Freitag, den 17.7. , ist leider schon ausverkauft Karten gibt es noch. F\u00fcr\u2026","rel":"","context":"In &quot;News&quot;","block_context":{"text":"News","link":"https:\/\/www.jazzzeitung.de\/cms\/thema\/nachrichten\/"},"img":{"alt_text":"","src":"https:\/\/i0.wp.com\/www.jazzzeitung.de\/cms\/wp-content\/uploads\/2020\/07\/P1459615-Glashaus-im-Botanischen-Garten-Foto-TJ-Krebs.jpg?fit=1200%2C800&ssl=1&resize=350%2C200","width":350,"height":200,"srcset":"https:\/\/i0.wp.com\/www.jazzzeitung.de\/cms\/wp-content\/uploads\/2020\/07\/P1459615-Glashaus-im-Botanischen-Garten-Foto-TJ-Krebs.jpg?fit=1200%2C800&ssl=1&resize=350%2C200 1x, https:\/\/i0.wp.com\/www.jazzzeitung.de\/cms\/wp-content\/uploads\/2020\/07\/P1459615-Glashaus-im-Botanischen-Garten-Foto-TJ-Krebs.jpg?fit=1200%2C800&ssl=1&resize=525%2C300 1.5x, https:\/\/i0.wp.com\/www.jazzzeitung.de\/cms\/wp-content\/uploads\/2020\/07\/P1459615-Glashaus-im-Botanischen-Garten-Foto-TJ-Krebs.jpg?fit=1200%2C800&ssl=1&resize=700%2C400 2x, https:\/\/i0.wp.com\/www.jazzzeitung.de\/cms\/wp-content\/uploads\/2020\/07\/P1459615-Glashaus-im-Botanischen-Garten-Foto-TJ-Krebs.jpg?fit=1200%2C800&ssl=1&resize=1050%2C600 3x"},"classes":[]}],"jetpack_sharing_enabled":true,"_links":{"self":[{"href":"https:\/\/www.jazzzeitung.de\/cms\/wp-json\/wp\/v2\/posts\/23287","targetHints":{"allow":["GET"]}}],"collection":[{"href":"https:\/\/www.jazzzeitung.de\/cms\/wp-json\/wp\/v2\/posts"}],"about":[{"href":"https:\/\/www.jazzzeitung.de\/cms\/wp-json\/wp\/v2\/types\/post"}],"author":[{"embeddable":true,"href":"https:\/\/www.jazzzeitung.de\/cms\/wp-json\/wp\/v2\/users\/18"}],"replies":[{"embeddable":true,"href":"https:\/\/www.jazzzeitung.de\/cms\/wp-json\/wp\/v2\/comments?post=23287"}],"version-history":[{"count":4,"href":"https:\/\/www.jazzzeitung.de\/cms\/wp-json\/wp\/v2\/posts\/23287\/revisions"}],"predecessor-version":[{"id":23294,"href":"https:\/\/www.jazzzeitung.de\/cms\/wp-json\/wp\/v2\/posts\/23287\/revisions\/23294"}],"wp:featuredmedia":[{"embeddable":true,"href":"https:\/\/www.jazzzeitung.de\/cms\/wp-json\/wp\/v2\/media\/23290"}],"wp:attachment":[{"href":"https:\/\/www.jazzzeitung.de\/cms\/wp-json\/wp\/v2\/media?parent=23287"}],"wp:term":[{"taxonomy":"category","embeddable":true,"href":"https:\/\/www.jazzzeitung.de\/cms\/wp-json\/wp\/v2\/categories?post=23287"},{"taxonomy":"post_tag","embeddable":true,"href":"https:\/\/www.jazzzeitung.de\/cms\/wp-json\/wp\/v2\/tags?post=23287"},{"taxonomy":"author","embeddable":true,"href":"https:\/\/www.jazzzeitung.de\/cms\/wp-json\/wp\/v2\/coauthors?post=23287"}],"curies":[{"name":"wp","href":"https:\/\/api.w.org\/{rel}","templated":true}]}}