{"id":23209,"date":"2020-08-19T09:30:06","date_gmt":"2020-08-19T07:30:06","guid":{"rendered":"https:\/\/www.jazzzeitung.de\/cms\/?p=23209"},"modified":"2020-08-18T16:30:28","modified_gmt":"2020-08-18T14:30:28","slug":"julia-kadel-erhaelt-den-essener-jazz-pott-2020","status":"publish","type":"post","link":"https:\/\/www.jazzzeitung.de\/cms\/2020\/08\/julia-kadel-erhaelt-den-essener-jazz-pott-2020\/","title":{"rendered":"Julia Kadel erh\u00e4lt den Essener \u201eJazz Pott\u201c 2020"},"content":{"rendered":"<p>Die Auswahljury der Reihe \u201eJazz in Essen\u201c unter der Leitung von Dr. Berthold Klostermann verleiht in diesem Jahr den Preis f\u00fcr innovative Jazzmusiker \u2013 den \u201eJazz Pott\u201c \u2013 \u00a0an Julia Kadel. Das Preisgeld in H\u00f6he von 2.000 Euro wird von dem Essener Kabarettisten Hagen Rether gestiftet.<\/p>\n<figure id=\"attachment_23210\" aria-describedby=\"caption-attachment-23210\" style=\"width: 300px\" class=\"wp-caption alignleft\"><a href=\"https:\/\/i0.wp.com\/www.jazzzeitung.de\/cms\/wp-content\/uploads\/2020\/08\/Julia-Kadel-Trio-c-Lisa-Wassmann_klein.jpg?ssl=1\"><img data-recalc-dims=\"1\" loading=\"lazy\" decoding=\"async\" data-attachment-id=\"23210\" data-permalink=\"https:\/\/www.jazzzeitung.de\/cms\/2020\/08\/julia-kadel-erhaelt-den-essener-jazz-pott-2020\/julia-kadel-trio-c-lisa-wassmann_klein\/\" data-orig-file=\"https:\/\/i0.wp.com\/www.jazzzeitung.de\/cms\/wp-content\/uploads\/2020\/08\/Julia-Kadel-Trio-c-Lisa-Wassmann_klein.jpg?fit=2362%2C1575&amp;ssl=1\" data-orig-size=\"2362,1575\" data-comments-opened=\"1\" data-image-meta=\"{&quot;aperture&quot;:&quot;0&quot;,&quot;credit&quot;:&quot;&quot;,&quot;camera&quot;:&quot;&quot;,&quot;caption&quot;:&quot;&quot;,&quot;created_timestamp&quot;:&quot;0&quot;,&quot;copyright&quot;:&quot;&quot;,&quot;focal_length&quot;:&quot;0&quot;,&quot;iso&quot;:&quot;0&quot;,&quot;shutter_speed&quot;:&quot;0&quot;,&quot;title&quot;:&quot;&quot;,&quot;orientation&quot;:&quot;1&quot;}\" data-image-title=\"Julia Kadel Trio (c) Lisa Wassmann_klein\" data-image-description=\"\" data-image-caption=\"&lt;p&gt;Das Julia-Kadel-Trio. Foto: Lisa Wassmann&lt;\/p&gt;\n\" data-large-file=\"https:\/\/i0.wp.com\/www.jazzzeitung.de\/cms\/wp-content\/uploads\/2020\/08\/Julia-Kadel-Trio-c-Lisa-Wassmann_klein.jpg?fit=840%2C560&amp;ssl=1\" class=\"size-medium wp-image-23210\" src=\"https:\/\/i0.wp.com\/www.jazzzeitung.de\/cms\/wp-content\/uploads\/2020\/08\/Julia-Kadel-Trio-c-Lisa-Wassmann_klein.jpg?resize=300%2C200&#038;ssl=1\" alt=\"\" width=\"300\" height=\"200\" srcset=\"https:\/\/i0.wp.com\/www.jazzzeitung.de\/cms\/wp-content\/uploads\/2020\/08\/Julia-Kadel-Trio-c-Lisa-Wassmann_klein.jpg?resize=300%2C200&amp;ssl=1 300w, https:\/\/i0.wp.com\/www.jazzzeitung.de\/cms\/wp-content\/uploads\/2020\/08\/Julia-Kadel-Trio-c-Lisa-Wassmann_klein.jpg?resize=900%2C600&amp;ssl=1 900w, https:\/\/i0.wp.com\/www.jazzzeitung.de\/cms\/wp-content\/uploads\/2020\/08\/Julia-Kadel-Trio-c-Lisa-Wassmann_klein.jpg?resize=768%2C512&amp;ssl=1 768w, https:\/\/i0.wp.com\/www.jazzzeitung.de\/cms\/wp-content\/uploads\/2020\/08\/Julia-Kadel-Trio-c-Lisa-Wassmann_klein.jpg?resize=1536%2C1024&amp;ssl=1 1536w, https:\/\/i0.wp.com\/www.jazzzeitung.de\/cms\/wp-content\/uploads\/2020\/08\/Julia-Kadel-Trio-c-Lisa-Wassmann_klein.jpg?resize=2048%2C1366&amp;ssl=1 2048w, https:\/\/i0.wp.com\/www.jazzzeitung.de\/cms\/wp-content\/uploads\/2020\/08\/Julia-Kadel-Trio-c-Lisa-Wassmann_klein.jpg?resize=120%2C80&amp;ssl=1 120w, https:\/\/i0.wp.com\/www.jazzzeitung.de\/cms\/wp-content\/uploads\/2020\/08\/Julia-Kadel-Trio-c-Lisa-Wassmann_klein.jpg?resize=1320%2C880&amp;ssl=1 1320w, https:\/\/i0.wp.com\/www.jazzzeitung.de\/cms\/wp-content\/uploads\/2020\/08\/Julia-Kadel-Trio-c-Lisa-Wassmann_klein.jpg?w=1680&amp;ssl=1 1680w\" sizes=\"auto, (max-width: 300px) 100vw, 300px\" \/><\/a><figcaption id=\"caption-attachment-23210\" class=\"wp-caption-text\">Das Julia-Kadel-Trio. Foto: Lisa Wassmann<\/figcaption><\/figure>\n<p>Die 23. Preistr\u00e4gerin und ehemalige Psychologiestudentin hat sich mit ihrem mittlerweile dritten Album \u201eKaskaden\u201c (2019) als Pianistin, Komponistin und Leiterin ihres Trios in der Jazzwelt etabliert. \u201eEin scheinbar konventionelles Format, das den H\u00f6rer aber in eine erstaunlich abwechslungsreiche Klangwelt aus Jazz, Ger\u00e4uschhaftem und Kammermusikalischem zieht; zu h\u00f6ren ist filigrane Musik der lyrischen Art, wobei stets der kollektive Prozess im Mittelpunkt steht\u201c, zeigt sich der Leiter der Auswahljury begeistert. Auch Julia Kadel selbst hat \u00fcber das Musikmachen mit ihrem Trio Folgendes gesagt: \u201eImprovisieren ist so gewaltig, weil man in jedem Moment alle M\u00f6glichkeiten hat. Man sucht zu dritt gleichzeitig in einem st\u00e4ndigen Prozess des Moments nach Energie, nach Magie, nach Sch\u00f6nheit, nach H\u00e4sslichkeit, nach Kraft. Nach etwas Wahrem. Und alle treffen Entscheidungen nach ihren intuitiven Neigungen. Und dann passiert, was eben passiert.\u201c<\/p>\n<p>Das Preistr\u00e4gerkonzert findet am 20. September im Grillo Theater in Essen statt und er\u00f6ffnet die neue \u201eJazz in Essen\u201c-Saison. Dort ist Julia Kadel gemeinsam mit ihrem Trio, bestehend aus Karl-Erik Enkelmann (Bass) und Steffen Roth (Schlagzeug), zweimal, n\u00e4mlich um 17:00 und um 20:00 Uhr, \u00a0zu erleben.<\/p>\n<p>Weitere Informationen unter <a href=\"https:\/\/www.theater-essen.de\/schauspiel\/jazz-in-essen\/jazz-pott-2020-an-julia-kadel\/\">https:\/\/www.theater-essen.de\/schauspiel\/jazz-in-essen\/jazz-pott-2020-an-julia-kadel\/<\/a><\/p>\n<p>Titelfoto: Lisa Wassmann<\/p>\n","protected":false},"excerpt":{"rendered":"<p>Die Auswahljury der Reihe \u201eJazz in Essen\u201c unter der Leitung von Dr. Berthold Klostermann verleiht in diesem Jahr den Preis f\u00fcr innovative Jazzmusiker \u2013 den \u201eJazz Pott\u201c \u2013 \u00a0an Julia Kadel. Das Preisgeld in H\u00f6he von 2.000 Euro wird von dem Essener Kabarettisten Hagen Rether gestiftet. Die 23. Preistr\u00e4gerin und ehemalige Psychologiestudentin hat sich mit ihrem mittlerweile dritten Album \u201eKaskaden\u201c (2019) als Pianistin, Komponistin und Leiterin ihres Trios in der Jazzwelt etabliert. \u201eEin scheinbar konventionelles Format, das den H\u00f6rer aber in eine erstaunlich abwechslungsreiche Klangwelt aus Jazz, Ger\u00e4uschhaftem und Kammermusikalischem zieht; zu h\u00f6ren ist filigrane Musik der lyrischen Art, wobei stets der kollektive Prozess im Mittelpunkt steht\u201c, zeigt sich der Leiter der Auswahljury begeistert. Auch Julia Kadel selbst hat \u00fcber das Musikmachen mit ihrem Trio Folgendes gesagt: \u201eImprovisieren ist so gewaltig, weil man in jedem Moment alle M\u00f6glichkeiten hat. Man sucht zu dritt gleichzeitig in einem st\u00e4ndigen Prozess des Moments nach Energie, nach Magie, nach Sch\u00f6nheit, nach H\u00e4sslichkeit, nach Kraft. Nach etwas Wahrem. Und alle treffen Entscheidungen nach ihren intuitiven Neigungen. Und dann passiert, was eben passiert.\u201c Das Preistr\u00e4gerkonzert findet am 20. September im Grillo &hellip;<\/p>\n","protected":false},"author":18,"featured_media":23211,"comment_status":"open","ping_status":"closed","sticky":false,"template":"","format":"standard","meta":{"_jetpack_memberships_contains_paid_content":false,"footnotes":"","jetpack_publicize_message":"","jetpack_publicize_feature_enabled":true,"jetpack_social_post_already_shared":false,"jetpack_social_options":{"image_generator_settings":{"template":"highway","default_image_id":0,"font":"","enabled":false},"version":2}},"categories":[633],"tags":[],"coauthors":[695],"class_list":["post-23209","post","type-post","status-publish","format-standard","has-post-thumbnail","hentry","category-nachrichten"],"yoast_head":"<!-- This site is optimized with the Yoast SEO plugin v27.5 - https:\/\/yoast.com\/product\/yoast-seo-wordpress\/ -->\n<title>Julia Kadel erh\u00e4lt den Essener \u201eJazz Pott\u201c 2020 - JazzZeitung<\/title>\n<meta name=\"robots\" content=\"index, follow, max-snippet:-1, max-image-preview:large, max-video-preview:-1\" \/>\n<link rel=\"canonical\" href=\"https:\/\/www.jazzzeitung.de\/cms\/2020\/08\/julia-kadel-erhaelt-den-essener-jazz-pott-2020\/\" \/>\n<meta property=\"og:locale\" content=\"de_DE\" \/>\n<meta property=\"og:type\" content=\"article\" \/>\n<meta property=\"og:title\" content=\"Julia Kadel erh\u00e4lt den Essener \u201eJazz Pott\u201c 2020 - JazzZeitung\" \/>\n<meta property=\"og:description\" content=\"Die Auswahljury der Reihe \u201eJazz in Essen\u201c unter der Leitung von Dr. Berthold Klostermann verleiht in diesem Jahr den Preis f\u00fcr innovative Jazzmusiker \u2013 den \u201eJazz Pott\u201c \u2013 \u00a0an Julia Kadel. Das Preisgeld in H\u00f6he von 2.000 Euro wird von dem Essener Kabarettisten Hagen Rether gestiftet. Die 23. Preistr\u00e4gerin und ehemalige Psychologiestudentin hat sich mit ihrem mittlerweile dritten Album \u201eKaskaden\u201c (2019) als Pianistin, Komponistin und Leiterin ihres Trios in der Jazzwelt etabliert. \u201eEin scheinbar konventionelles Format, das den H\u00f6rer aber in eine erstaunlich abwechslungsreiche Klangwelt aus Jazz, Ger\u00e4uschhaftem und Kammermusikalischem zieht; zu h\u00f6ren ist filigrane Musik der lyrischen Art, wobei stets der kollektive Prozess im Mittelpunkt steht\u201c, zeigt sich der Leiter der Auswahljury begeistert. Auch Julia Kadel selbst hat \u00fcber das Musikmachen mit ihrem Trio Folgendes gesagt: \u201eImprovisieren ist so gewaltig, weil man in jedem Moment alle M\u00f6glichkeiten hat. Man sucht zu dritt gleichzeitig in einem st\u00e4ndigen Prozess des Moments nach Energie, nach Magie, nach Sch\u00f6nheit, nach H\u00e4sslichkeit, nach Kraft. Nach etwas Wahrem. Und alle treffen Entscheidungen nach ihren intuitiven Neigungen. Und dann passiert, was eben passiert.\u201c Das Preistr\u00e4gerkonzert findet am 20. September im Grillo &hellip;\" \/>\n<meta property=\"og:url\" content=\"https:\/\/www.jazzzeitung.de\/cms\/2020\/08\/julia-kadel-erhaelt-den-essener-jazz-pott-2020\/\" \/>\n<meta property=\"og:site_name\" content=\"JazzZeitung\" \/>\n<meta property=\"article:publisher\" content=\"https:\/\/www.facebook.com\/JazzZeitung\/\" \/>\n<meta property=\"article:published_time\" content=\"2020-08-19T07:30:06+00:00\" \/>\n<meta property=\"og:image\" content=\"https:\/\/i0.wp.com\/www.jazzzeitung.de\/cms\/wp-content\/uploads\/2020\/08\/Julia-Kadel-c-Lisa-Wassmann_01_klein-scaled-e1597750365495.jpg?fit=2131%2C1667&ssl=1\" \/>\n\t<meta property=\"og:image:width\" content=\"2131\" \/>\n\t<meta property=\"og:image:height\" content=\"1667\" \/>\n\t<meta property=\"og:image:type\" content=\"image\/jpeg\" \/>\n<meta name=\"author\" content=\"Redaktion JazzZeitung\" \/>\n<script type=\"application\/ld+json\" class=\"yoast-schema-graph\">{\"@context\":\"https:\\\/\\\/schema.org\",\"@graph\":[{\"@type\":\"Article\",\"@id\":\"https:\\\/\\\/www.jazzzeitung.de\\\/cms\\\/2020\\\/08\\\/julia-kadel-erhaelt-den-essener-jazz-pott-2020\\\/#article\",\"isPartOf\":{\"@id\":\"https:\\\/\\\/www.jazzzeitung.de\\\/cms\\\/2020\\\/08\\\/julia-kadel-erhaelt-den-essener-jazz-pott-2020\\\/\"},\"author\":{\"name\":\"Redaktion JazzZeitung\",\"@id\":\"https:\\\/\\\/www.jazzzeitung.de\\\/cms\\\/#\\\/schema\\\/person\\\/2245b36b9cd1d24cea10f01c031fb92b\"},\"headline\":\"Julia Kadel erh\u00e4lt den Essener \u201eJazz Pott\u201c 2020\",\"datePublished\":\"2020-08-19T07:30:06+00:00\",\"mainEntityOfPage\":{\"@id\":\"https:\\\/\\\/www.jazzzeitung.de\\\/cms\\\/2020\\\/08\\\/julia-kadel-erhaelt-den-essener-jazz-pott-2020\\\/\"},\"wordCount\":263,\"commentCount\":0,\"publisher\":{\"@id\":\"https:\\\/\\\/www.jazzzeitung.de\\\/cms\\\/#organization\"},\"image\":{\"@id\":\"https:\\\/\\\/www.jazzzeitung.de\\\/cms\\\/2020\\\/08\\\/julia-kadel-erhaelt-den-essener-jazz-pott-2020\\\/#primaryimage\"},\"thumbnailUrl\":\"https:\\\/\\\/i0.wp.com\\\/www.jazzzeitung.de\\\/cms\\\/wp-content\\\/uploads\\\/2020\\\/08\\\/Julia-Kadel-c-Lisa-Wassmann_01_klein-scaled-e1597750365495.jpg?fit=2131%2C1667&ssl=1\",\"articleSection\":[\"News\"],\"inLanguage\":\"de\",\"potentialAction\":[{\"@type\":\"CommentAction\",\"name\":\"Comment\",\"target\":[\"https:\\\/\\\/www.jazzzeitung.de\\\/cms\\\/2020\\\/08\\\/julia-kadel-erhaelt-den-essener-jazz-pott-2020\\\/#respond\"]}]},{\"@type\":\"WebPage\",\"@id\":\"https:\\\/\\\/www.jazzzeitung.de\\\/cms\\\/2020\\\/08\\\/julia-kadel-erhaelt-den-essener-jazz-pott-2020\\\/\",\"url\":\"https:\\\/\\\/www.jazzzeitung.de\\\/cms\\\/2020\\\/08\\\/julia-kadel-erhaelt-den-essener-jazz-pott-2020\\\/\",\"name\":\"Julia Kadel erh\u00e4lt den Essener \u201eJazz Pott\u201c 2020 - JazzZeitung\",\"isPartOf\":{\"@id\":\"https:\\\/\\\/www.jazzzeitung.de\\\/cms\\\/#website\"},\"primaryImageOfPage\":{\"@id\":\"https:\\\/\\\/www.jazzzeitung.de\\\/cms\\\/2020\\\/08\\\/julia-kadel-erhaelt-den-essener-jazz-pott-2020\\\/#primaryimage\"},\"image\":{\"@id\":\"https:\\\/\\\/www.jazzzeitung.de\\\/cms\\\/2020\\\/08\\\/julia-kadel-erhaelt-den-essener-jazz-pott-2020\\\/#primaryimage\"},\"thumbnailUrl\":\"https:\\\/\\\/i0.wp.com\\\/www.jazzzeitung.de\\\/cms\\\/wp-content\\\/uploads\\\/2020\\\/08\\\/Julia-Kadel-c-Lisa-Wassmann_01_klein-scaled-e1597750365495.jpg?fit=2131%2C1667&ssl=1\",\"datePublished\":\"2020-08-19T07:30:06+00:00\",\"breadcrumb\":{\"@id\":\"https:\\\/\\\/www.jazzzeitung.de\\\/cms\\\/2020\\\/08\\\/julia-kadel-erhaelt-den-essener-jazz-pott-2020\\\/#breadcrumb\"},\"inLanguage\":\"de\",\"potentialAction\":[{\"@type\":\"ReadAction\",\"target\":[\"https:\\\/\\\/www.jazzzeitung.de\\\/cms\\\/2020\\\/08\\\/julia-kadel-erhaelt-den-essener-jazz-pott-2020\\\/\"]}]},{\"@type\":\"ImageObject\",\"inLanguage\":\"de\",\"@id\":\"https:\\\/\\\/www.jazzzeitung.de\\\/cms\\\/2020\\\/08\\\/julia-kadel-erhaelt-den-essener-jazz-pott-2020\\\/#primaryimage\",\"url\":\"https:\\\/\\\/i0.wp.com\\\/www.jazzzeitung.de\\\/cms\\\/wp-content\\\/uploads\\\/2020\\\/08\\\/Julia-Kadel-c-Lisa-Wassmann_01_klein-scaled-e1597750365495.jpg?fit=2131%2C1667&ssl=1\",\"contentUrl\":\"https:\\\/\\\/i0.wp.com\\\/www.jazzzeitung.de\\\/cms\\\/wp-content\\\/uploads\\\/2020\\\/08\\\/Julia-Kadel-c-Lisa-Wassmann_01_klein-scaled-e1597750365495.jpg?fit=2131%2C1667&ssl=1\",\"width\":2131,\"height\":1667},{\"@type\":\"BreadcrumbList\",\"@id\":\"https:\\\/\\\/www.jazzzeitung.de\\\/cms\\\/2020\\\/08\\\/julia-kadel-erhaelt-den-essener-jazz-pott-2020\\\/#breadcrumb\",\"itemListElement\":[{\"@type\":\"ListItem\",\"position\":1,\"name\":\"Startseite\",\"item\":\"https:\\\/\\\/www.jazzzeitung.de\\\/cms\\\/\"},{\"@type\":\"ListItem\",\"position\":2,\"name\":\"Julia Kadel erh\u00e4lt den Essener \u201eJazz Pott\u201c 2020\"}]},{\"@type\":\"WebSite\",\"@id\":\"https:\\\/\\\/www.jazzzeitung.de\\\/cms\\\/#website\",\"url\":\"https:\\\/\\\/www.jazzzeitung.de\\\/cms\\\/\",\"name\":\"JazzZeitung\",\"description\":\"Jazz-News und Jazz-Kontroverses\",\"publisher\":{\"@id\":\"https:\\\/\\\/www.jazzzeitung.de\\\/cms\\\/#organization\"},\"potentialAction\":[{\"@type\":\"SearchAction\",\"target\":{\"@type\":\"EntryPoint\",\"urlTemplate\":\"https:\\\/\\\/www.jazzzeitung.de\\\/cms\\\/?s={search_term_string}\"},\"query-input\":{\"@type\":\"PropertyValueSpecification\",\"valueRequired\":true,\"valueName\":\"search_term_string\"}}],\"inLanguage\":\"de\"},{\"@type\":\"Organization\",\"@id\":\"https:\\\/\\\/www.jazzzeitung.de\\\/cms\\\/#organization\",\"name\":\"JazzZeitung online\",\"url\":\"https:\\\/\\\/www.jazzzeitung.de\\\/cms\\\/\",\"logo\":{\"@type\":\"ImageObject\",\"inLanguage\":\"de\",\"@id\":\"https:\\\/\\\/www.jazzzeitung.de\\\/cms\\\/#\\\/schema\\\/logo\\\/image\\\/\",\"url\":\"https:\\\/\\\/i0.wp.com\\\/www.jazzzeitung.de\\\/cms\\\/wp-content\\\/uploads\\\/2015\\\/08\\\/JAZZZEITUNGDE_Logo_Neu.png?fit=499%2C200&ssl=1\",\"contentUrl\":\"https:\\\/\\\/i0.wp.com\\\/www.jazzzeitung.de\\\/cms\\\/wp-content\\\/uploads\\\/2015\\\/08\\\/JAZZZEITUNGDE_Logo_Neu.png?fit=499%2C200&ssl=1\",\"width\":499,\"height\":200,\"caption\":\"JazzZeitung online\"},\"image\":{\"@id\":\"https:\\\/\\\/www.jazzzeitung.de\\\/cms\\\/#\\\/schema\\\/logo\\\/image\\\/\"},\"sameAs\":[\"https:\\\/\\\/www.facebook.com\\\/JazzZeitung\\\/\"]},{\"@type\":\"Person\",\"@id\":\"https:\\\/\\\/www.jazzzeitung.de\\\/cms\\\/#\\\/schema\\\/person\\\/2245b36b9cd1d24cea10f01c031fb92b\",\"name\":\"Redaktion JazzZeitung\",\"image\":{\"@type\":\"ImageObject\",\"inLanguage\":\"de\",\"@id\":\"https:\\\/\\\/i0.wp.com\\\/www.jazzzeitung.de\\\/cms\\\/wp-content\\\/uploads\\\/2015\\\/08\\\/JAZZZEITUNGDE_Logo_Neu.png?resize=96%2C96&ssl=159975dcacb611b5700bd619b5daf0a7a\",\"url\":\"https:\\\/\\\/i0.wp.com\\\/www.jazzzeitung.de\\\/cms\\\/wp-content\\\/uploads\\\/2015\\\/08\\\/JAZZZEITUNGDE_Logo_Neu.png?resize=96%2C96&ssl=1\",\"contentUrl\":\"https:\\\/\\\/i0.wp.com\\\/www.jazzzeitung.de\\\/cms\\\/wp-content\\\/uploads\\\/2015\\\/08\\\/JAZZZEITUNGDE_Logo_Neu.png?resize=96%2C96&ssl=1\",\"caption\":\"Redaktion JazzZeitung\"},\"description\":\"Artikel der Redaktion der JazzZeitung.\",\"sameAs\":[\"http:\\\/\\\/www.jazzzeitung.de\\\/cms\\\/\"],\"url\":\"https:\\\/\\\/www.jazzzeitung.de\\\/cms\\\/author\\\/redaktion\\\/\"}]}<\/script>\n<!-- \/ Yoast SEO plugin. -->","yoast_head_json":{"title":"Julia Kadel erh\u00e4lt den Essener \u201eJazz Pott\u201c 2020 - JazzZeitung","robots":{"index":"index","follow":"follow","max-snippet":"max-snippet:-1","max-image-preview":"max-image-preview:large","max-video-preview":"max-video-preview:-1"},"canonical":"https:\/\/www.jazzzeitung.de\/cms\/2020\/08\/julia-kadel-erhaelt-den-essener-jazz-pott-2020\/","og_locale":"de_DE","og_type":"article","og_title":"Julia Kadel erh\u00e4lt den Essener \u201eJazz Pott\u201c 2020 - JazzZeitung","og_description":"Die Auswahljury der Reihe \u201eJazz in Essen\u201c unter der Leitung von Dr. Berthold Klostermann verleiht in diesem Jahr den Preis f\u00fcr innovative Jazzmusiker \u2013 den \u201eJazz Pott\u201c \u2013 \u00a0an Julia Kadel. Das Preisgeld in H\u00f6he von 2.000 Euro wird von dem Essener Kabarettisten Hagen Rether gestiftet. Die 23. Preistr\u00e4gerin und ehemalige Psychologiestudentin hat sich mit ihrem mittlerweile dritten Album \u201eKaskaden\u201c (2019) als Pianistin, Komponistin und Leiterin ihres Trios in der Jazzwelt etabliert. \u201eEin scheinbar konventionelles Format, das den H\u00f6rer aber in eine erstaunlich abwechslungsreiche Klangwelt aus Jazz, Ger\u00e4uschhaftem und Kammermusikalischem zieht; zu h\u00f6ren ist filigrane Musik der lyrischen Art, wobei stets der kollektive Prozess im Mittelpunkt steht\u201c, zeigt sich der Leiter der Auswahljury begeistert. Auch Julia Kadel selbst hat \u00fcber das Musikmachen mit ihrem Trio Folgendes gesagt: \u201eImprovisieren ist so gewaltig, weil man in jedem Moment alle M\u00f6glichkeiten hat. Man sucht zu dritt gleichzeitig in einem st\u00e4ndigen Prozess des Moments nach Energie, nach Magie, nach Sch\u00f6nheit, nach H\u00e4sslichkeit, nach Kraft. Nach etwas Wahrem. Und alle treffen Entscheidungen nach ihren intuitiven Neigungen. Und dann passiert, was eben passiert.\u201c Das Preistr\u00e4gerkonzert findet am 20. September im Grillo &hellip;","og_url":"https:\/\/www.jazzzeitung.de\/cms\/2020\/08\/julia-kadel-erhaelt-den-essener-jazz-pott-2020\/","og_site_name":"JazzZeitung","article_publisher":"https:\/\/www.facebook.com\/JazzZeitung\/","article_published_time":"2020-08-19T07:30:06+00:00","og_image":[{"width":2131,"height":1667,"url":"https:\/\/i0.wp.com\/www.jazzzeitung.de\/cms\/wp-content\/uploads\/2020\/08\/Julia-Kadel-c-Lisa-Wassmann_01_klein-scaled-e1597750365495.jpg?fit=2131%2C1667&ssl=1","type":"image\/jpeg"}],"author":"Redaktion JazzZeitung","schema":{"@context":"https:\/\/schema.org","@graph":[{"@type":"Article","@id":"https:\/\/www.jazzzeitung.de\/cms\/2020\/08\/julia-kadel-erhaelt-den-essener-jazz-pott-2020\/#article","isPartOf":{"@id":"https:\/\/www.jazzzeitung.de\/cms\/2020\/08\/julia-kadel-erhaelt-den-essener-jazz-pott-2020\/"},"author":{"name":"Redaktion JazzZeitung","@id":"https:\/\/www.jazzzeitung.de\/cms\/#\/schema\/person\/2245b36b9cd1d24cea10f01c031fb92b"},"headline":"Julia Kadel erh\u00e4lt den Essener \u201eJazz Pott\u201c 2020","datePublished":"2020-08-19T07:30:06+00:00","mainEntityOfPage":{"@id":"https:\/\/www.jazzzeitung.de\/cms\/2020\/08\/julia-kadel-erhaelt-den-essener-jazz-pott-2020\/"},"wordCount":263,"commentCount":0,"publisher":{"@id":"https:\/\/www.jazzzeitung.de\/cms\/#organization"},"image":{"@id":"https:\/\/www.jazzzeitung.de\/cms\/2020\/08\/julia-kadel-erhaelt-den-essener-jazz-pott-2020\/#primaryimage"},"thumbnailUrl":"https:\/\/i0.wp.com\/www.jazzzeitung.de\/cms\/wp-content\/uploads\/2020\/08\/Julia-Kadel-c-Lisa-Wassmann_01_klein-scaled-e1597750365495.jpg?fit=2131%2C1667&ssl=1","articleSection":["News"],"inLanguage":"de","potentialAction":[{"@type":"CommentAction","name":"Comment","target":["https:\/\/www.jazzzeitung.de\/cms\/2020\/08\/julia-kadel-erhaelt-den-essener-jazz-pott-2020\/#respond"]}]},{"@type":"WebPage","@id":"https:\/\/www.jazzzeitung.de\/cms\/2020\/08\/julia-kadel-erhaelt-den-essener-jazz-pott-2020\/","url":"https:\/\/www.jazzzeitung.de\/cms\/2020\/08\/julia-kadel-erhaelt-den-essener-jazz-pott-2020\/","name":"Julia Kadel erh\u00e4lt den Essener \u201eJazz Pott\u201c 2020 - JazzZeitung","isPartOf":{"@id":"https:\/\/www.jazzzeitung.de\/cms\/#website"},"primaryImageOfPage":{"@id":"https:\/\/www.jazzzeitung.de\/cms\/2020\/08\/julia-kadel-erhaelt-den-essener-jazz-pott-2020\/#primaryimage"},"image":{"@id":"https:\/\/www.jazzzeitung.de\/cms\/2020\/08\/julia-kadel-erhaelt-den-essener-jazz-pott-2020\/#primaryimage"},"thumbnailUrl":"https:\/\/i0.wp.com\/www.jazzzeitung.de\/cms\/wp-content\/uploads\/2020\/08\/Julia-Kadel-c-Lisa-Wassmann_01_klein-scaled-e1597750365495.jpg?fit=2131%2C1667&ssl=1","datePublished":"2020-08-19T07:30:06+00:00","breadcrumb":{"@id":"https:\/\/www.jazzzeitung.de\/cms\/2020\/08\/julia-kadel-erhaelt-den-essener-jazz-pott-2020\/#breadcrumb"},"inLanguage":"de","potentialAction":[{"@type":"ReadAction","target":["https:\/\/www.jazzzeitung.de\/cms\/2020\/08\/julia-kadel-erhaelt-den-essener-jazz-pott-2020\/"]}]},{"@type":"ImageObject","inLanguage":"de","@id":"https:\/\/www.jazzzeitung.de\/cms\/2020\/08\/julia-kadel-erhaelt-den-essener-jazz-pott-2020\/#primaryimage","url":"https:\/\/i0.wp.com\/www.jazzzeitung.de\/cms\/wp-content\/uploads\/2020\/08\/Julia-Kadel-c-Lisa-Wassmann_01_klein-scaled-e1597750365495.jpg?fit=2131%2C1667&ssl=1","contentUrl":"https:\/\/i0.wp.com\/www.jazzzeitung.de\/cms\/wp-content\/uploads\/2020\/08\/Julia-Kadel-c-Lisa-Wassmann_01_klein-scaled-e1597750365495.jpg?fit=2131%2C1667&ssl=1","width":2131,"height":1667},{"@type":"BreadcrumbList","@id":"https:\/\/www.jazzzeitung.de\/cms\/2020\/08\/julia-kadel-erhaelt-den-essener-jazz-pott-2020\/#breadcrumb","itemListElement":[{"@type":"ListItem","position":1,"name":"Startseite","item":"https:\/\/www.jazzzeitung.de\/cms\/"},{"@type":"ListItem","position":2,"name":"Julia Kadel erh\u00e4lt den Essener \u201eJazz Pott\u201c 2020"}]},{"@type":"WebSite","@id":"https:\/\/www.jazzzeitung.de\/cms\/#website","url":"https:\/\/www.jazzzeitung.de\/cms\/","name":"JazzZeitung","description":"Jazz-News und Jazz-Kontroverses","publisher":{"@id":"https:\/\/www.jazzzeitung.de\/cms\/#organization"},"potentialAction":[{"@type":"SearchAction","target":{"@type":"EntryPoint","urlTemplate":"https:\/\/www.jazzzeitung.de\/cms\/?s={search_term_string}"},"query-input":{"@type":"PropertyValueSpecification","valueRequired":true,"valueName":"search_term_string"}}],"inLanguage":"de"},{"@type":"Organization","@id":"https:\/\/www.jazzzeitung.de\/cms\/#organization","name":"JazzZeitung online","url":"https:\/\/www.jazzzeitung.de\/cms\/","logo":{"@type":"ImageObject","inLanguage":"de","@id":"https:\/\/www.jazzzeitung.de\/cms\/#\/schema\/logo\/image\/","url":"https:\/\/i0.wp.com\/www.jazzzeitung.de\/cms\/wp-content\/uploads\/2015\/08\/JAZZZEITUNGDE_Logo_Neu.png?fit=499%2C200&ssl=1","contentUrl":"https:\/\/i0.wp.com\/www.jazzzeitung.de\/cms\/wp-content\/uploads\/2015\/08\/JAZZZEITUNGDE_Logo_Neu.png?fit=499%2C200&ssl=1","width":499,"height":200,"caption":"JazzZeitung online"},"image":{"@id":"https:\/\/www.jazzzeitung.de\/cms\/#\/schema\/logo\/image\/"},"sameAs":["https:\/\/www.facebook.com\/JazzZeitung\/"]},{"@type":"Person","@id":"https:\/\/www.jazzzeitung.de\/cms\/#\/schema\/person\/2245b36b9cd1d24cea10f01c031fb92b","name":"Redaktion JazzZeitung","image":{"@type":"ImageObject","inLanguage":"de","@id":"https:\/\/i0.wp.com\/www.jazzzeitung.de\/cms\/wp-content\/uploads\/2015\/08\/JAZZZEITUNGDE_Logo_Neu.png?resize=96%2C96&ssl=159975dcacb611b5700bd619b5daf0a7a","url":"https:\/\/i0.wp.com\/www.jazzzeitung.de\/cms\/wp-content\/uploads\/2015\/08\/JAZZZEITUNGDE_Logo_Neu.png?resize=96%2C96&ssl=1","contentUrl":"https:\/\/i0.wp.com\/www.jazzzeitung.de\/cms\/wp-content\/uploads\/2015\/08\/JAZZZEITUNGDE_Logo_Neu.png?resize=96%2C96&ssl=1","caption":"Redaktion JazzZeitung"},"description":"Artikel der Redaktion der JazzZeitung.","sameAs":["http:\/\/www.jazzzeitung.de\/cms\/"],"url":"https:\/\/www.jazzzeitung.de\/cms\/author\/redaktion\/"}]}},"wp-worthy-pixel":{"ignored":false,"public":null,"server":null,"url":null},"wp-worthy-type":"normal","jetpack_publicize_connections":[],"cc_featured_image_caption":{"caption_text":"","source_text":"","source_url":""},"jetpack_featured_media_url":"https:\/\/i0.wp.com\/www.jazzzeitung.de\/cms\/wp-content\/uploads\/2020\/08\/Julia-Kadel-c-Lisa-Wassmann_01_klein-scaled-e1597750365495.jpg?fit=2131%2C1667&ssl=1","jetpack_shortlink":"https:\/\/wp.me\/p3KEcT-62l","jetpack-related-posts":[{"id":20685,"url":"https:\/\/www.jazzzeitung.de\/cms\/2019\/09\/news-13-bayreuther-jazz-november-2019-das-essen-jazz-orchestra-erhaelt-den-jazz-pott-2019\/","url_meta":{"origin":23209,"position":0},"title":"+++ News +++ 13. Bayreuther Jazz-November 2019 +++ Das Essen Jazz Orchestra erh\u00e4lt den \u201eJazz Pott\u201c 2019 +++","author":"Redaktion JazzZeitung","date":"16. September 2019","format":false,"excerpt":"+++ 13. Bayreuther Jazz-November 2019 +++ Der 13. Bayreuther Jazznovember zeigt vom 7. bis zum 10. November viele Facetten: Die Spannweite reicht vom Pianoabend im gro\u00dfen Konzertsaal \u00fcber die Tanzparty im Frisco bis zum experimentellen Crossover auf der Kellerb\u00fchne. Die auftretenden K\u00fcnstler sehen aus ganz unterschiedlichen Blickwinkeln aufs Leben, und\u2026","rel":"","context":"In &quot;News&quot;","block_context":{"text":"News","link":"https:\/\/www.jazzzeitung.de\/cms\/thema\/nachrichten\/"},"img":{"alt_text":"","src":"https:\/\/i0.wp.com\/www.jazzzeitung.de\/cms\/wp-content\/uploads\/2019\/09\/Wallace-Roney-by-H-J-Maquet.jpg?fit=1200%2C866&ssl=1&resize=350%2C200","width":350,"height":200,"srcset":"https:\/\/i0.wp.com\/www.jazzzeitung.de\/cms\/wp-content\/uploads\/2019\/09\/Wallace-Roney-by-H-J-Maquet.jpg?fit=1200%2C866&ssl=1&resize=350%2C200 1x, https:\/\/i0.wp.com\/www.jazzzeitung.de\/cms\/wp-content\/uploads\/2019\/09\/Wallace-Roney-by-H-J-Maquet.jpg?fit=1200%2C866&ssl=1&resize=525%2C300 1.5x, https:\/\/i0.wp.com\/www.jazzzeitung.de\/cms\/wp-content\/uploads\/2019\/09\/Wallace-Roney-by-H-J-Maquet.jpg?fit=1200%2C866&ssl=1&resize=700%2C400 2x, https:\/\/i0.wp.com\/www.jazzzeitung.de\/cms\/wp-content\/uploads\/2019\/09\/Wallace-Roney-by-H-J-Maquet.jpg?fit=1200%2C866&ssl=1&resize=1050%2C600 3x"},"classes":[]},{"id":2239,"url":"https:\/\/www.jazzzeitung.de\/cms\/2013\/09\/angelika-niescier-erhaelt-den-16-essener-jazz-pott\/","url_meta":{"origin":23209,"position":1},"title":"Angelika Niescier erh\u00e4lt den 16. Essener \u201eJazz Pott\u201c","author":"Ursula Gaisa","date":"17. September 2013","format":false,"excerpt":"Preisverleihung und Konzert am 1. Oktober im Grillo-Theater Essen. Der 16. Essener \u201eJazz Pott\u201c geht an die Saxophonistin Angelika Niescier. Die Folkwang-Absolventin z\u00e4hlt zu den r\u00fchrigsten Musikerinnen der Szene. 2000 gr\u00fcndete die in Polen (Stettin) geborenen Ausnahme-Jazzerin ihr famoses Quartett \u201eSublim\u201c, mit dem sie beim Preisverleihungskonzert am Dienstag, dem 1.\u2026","rel":"","context":"In &quot;News&quot;","block_context":{"text":"News","link":"https:\/\/www.jazzzeitung.de\/cms\/thema\/nachrichten\/"},"img":{"alt_text":"Foto: Helmut Berns","src":"https:\/\/i0.wp.com\/www.jazzzeitung.de\/cms\/wp-content\/uploads\/2013\/09\/Niescier-Angelika_Foto_Helmut-Berns-300x183.jpg?resize=350%2C200","width":350,"height":200},"classes":[]},{"id":7392,"url":"https:\/\/www.jazzzeitung.de\/cms\/2015\/10\/konzert-mit-gespraechigkeit-jazzfest-2015\/","url_meta":{"origin":23209,"position":2},"title":"Konzert mit Gespr\u00e4chigkeit \u2013 Jazzfest Berlin 2015: Vorspiel","author":"Huflaikhan","date":"18. Oktober 2015","format":false,"excerpt":"Seit einiger Zeit laden die Berliner Festspiele vor gro\u00dfen Ereignisse noch einmal zu einer Extraveranstaltung ein. \u201eMusic & Public Talk\u201c, so nennt sich das, klingt fluffiger als \u201eGespr\u00e4chskonzert\u201c oder Konzert mit Gespr\u00e4chen. Auf der B\u00fchne zusammen oder abwechselnd die Musikerinnen Julia Kadel und Alexander Hawkins, der Festivalleiter Richard Williams, sein\u2026","rel":"","context":"In &quot;Bericht&quot;","block_context":{"text":"Bericht","link":"https:\/\/www.jazzzeitung.de\/cms\/thema\/bericht\/"},"img":{"alt_text":"Julia Kadel beim Vorspiel zum Jazzfest. Foto: Petra Basche","src":"https:\/\/i0.wp.com\/www.jazzzeitung.de\/cms\/wp-content\/uploads\/2015\/10\/jazzfest2015_pepa_015.jpg?resize=350%2C200","width":350,"height":200,"srcset":"https:\/\/i0.wp.com\/www.jazzzeitung.de\/cms\/wp-content\/uploads\/2015\/10\/jazzfest2015_pepa_015.jpg?resize=350%2C200 1x, https:\/\/i0.wp.com\/www.jazzzeitung.de\/cms\/wp-content\/uploads\/2015\/10\/jazzfest2015_pepa_015.jpg?resize=525%2C300 1.5x, https:\/\/i0.wp.com\/www.jazzzeitung.de\/cms\/wp-content\/uploads\/2015\/10\/jazzfest2015_pepa_015.jpg?resize=700%2C400 2x, https:\/\/i0.wp.com\/www.jazzzeitung.de\/cms\/wp-content\/uploads\/2015\/10\/jazzfest2015_pepa_015.jpg?resize=1050%2C600 3x, https:\/\/i0.wp.com\/www.jazzzeitung.de\/cms\/wp-content\/uploads\/2015\/10\/jazzfest2015_pepa_015.jpg?resize=1400%2C800 4x"},"classes":[]},{"id":9638,"url":"https:\/\/www.jazzzeitung.de\/cms\/2016\/07\/der-jazz-pott-2016-geht-jochen-rueckert\/","url_meta":{"origin":23209,"position":3},"title":"Der \u201eJazz Pott\u201c 2016 geht an Jochen R\u00fcckert","author":"Redaktion JazzZeitung","date":"11. Juli 2016","format":false,"excerpt":"Auch in diesem Herbst beginnt die \u201eJazz in Essen\u201c-Saison mit der traditionellen \u201eJazz Pott\u201c-Verleihung. Der diesj\u00e4hrige Preistr\u00e4ger ist einer der wenigen deutschen Musiker, die auch in der Jazzmetropole New York Fu\u00df fassen konnten: der Schlagzeuger Jochen R\u00fcckert. 1975 in D\u00fcren bei K\u00f6ln geboren, begann R\u00fcckert im Alter von sechs Jahren\u2026","rel":"","context":"In &quot;News&quot;","block_context":{"text":"News","link":"https:\/\/www.jazzzeitung.de\/cms\/thema\/nachrichten\/"},"img":{"alt_text":"Jochen Rueckert","src":"https:\/\/i0.wp.com\/www.jazzzeitung.de\/cms\/wp-content\/uploads\/2016\/07\/Jochen_Rueckert_by_Konstantin_Kern_klein-150x150.jpg?resize=350%2C200","width":350,"height":200},"classes":[]},{"id":4520,"url":"https:\/\/www.jazzzeitung.de\/cms\/2014\/09\/der-jazz-pott-2014-geht-georg-graewe\/","url_meta":{"origin":23209,"position":4},"title":"Der \u201eJazz Pott\u201c 2014 geht an Georg Graewe","author":"Andreas Kolb","date":"4. September 2014","format":"image","excerpt":"Essen. Zum Auftakt jeder neuen \u201eJazz in Essen\u201c-Saison wird traditionell der \u201eJazz Pott\u201c verliehen. In diesem Jahr geht der Preis, der von Viktor Seroneit (\u2020) und Niklaus Troxler initiiert wurde und mit dem seit 1998 unter dem Motto \u201ebest progressive artist\u201c innovative Jazzmusiker ausgezeichnet werden, an Georg Graewe. Womit sich\u2026","rel":"","context":"In &quot;News&quot;","block_context":{"text":"News","link":"https:\/\/www.jazzzeitung.de\/cms\/thema\/nachrichten\/"},"img":{"alt_text":"Georg Gr\u00e4we mit Ernst Reijseger und Gerry Hemingway.  Foto: Helmut Rizy","src":"https:\/\/i0.wp.com\/www.jazzzeitung.de\/cms\/wp-content\/uploads\/2014\/09\/GRH-2011-Foto_Helmut-Rizy_2-300x199.jpg?resize=350%2C200","width":350,"height":200},"classes":[]},{"id":10166,"url":"https:\/\/www.jazzzeitung.de\/cms\/2016\/09\/ueber-und-unter-mit-julia-kadel-der-unterfahrt-fotogalerie\/","url_meta":{"origin":23209,"position":5},"title":"\u201e\u00dcber und unter\u201c mit Julia Kadel in der Unterfahrt &#8211; Fotogalerie","author":"Redaktion JazzZeitung","date":"28. September 2016","format":"gallery","excerpt":"Nach zwei erfolgreichen Blue-Note-Alben ist das Julia Kadel Trio l\u00e4ngst kein \u201eGeheimtipp\u201c mehr. Das Publikum in der M\u00fcnchner Unterfahrt wurde mit einem sensationell klangvollen Abend belohnt. Live ist das Trio mit Karl-Erik Enkelmann am Bass und dem Drummer Steffen Roth noch intensiver als auf CD. Nach wie vor sind sie\u2026","rel":"","context":"In &quot;Galerie&quot;","block_context":{"text":"Galerie","link":"https:\/\/www.jazzzeitung.de\/cms\/thema\/galerie\/"},"img":{"alt_text":"","src":"https:\/\/i0.wp.com\/www.jazzzeitung.de\/cms\/wp-content\/uploads\/2016\/09\/P1160997-Julia-Kadel-Foto-TJ-Krebs.jpg?resize=350%2C200","width":350,"height":200,"srcset":"https:\/\/i0.wp.com\/www.jazzzeitung.de\/cms\/wp-content\/uploads\/2016\/09\/P1160997-Julia-Kadel-Foto-TJ-Krebs.jpg?resize=350%2C200 1x, https:\/\/i0.wp.com\/www.jazzzeitung.de\/cms\/wp-content\/uploads\/2016\/09\/P1160997-Julia-Kadel-Foto-TJ-Krebs.jpg?resize=525%2C300 1.5x, https:\/\/i0.wp.com\/www.jazzzeitung.de\/cms\/wp-content\/uploads\/2016\/09\/P1160997-Julia-Kadel-Foto-TJ-Krebs.jpg?resize=700%2C400 2x, https:\/\/i0.wp.com\/www.jazzzeitung.de\/cms\/wp-content\/uploads\/2016\/09\/P1160997-Julia-Kadel-Foto-TJ-Krebs.jpg?resize=1050%2C600 3x, https:\/\/i0.wp.com\/www.jazzzeitung.de\/cms\/wp-content\/uploads\/2016\/09\/P1160997-Julia-Kadel-Foto-TJ-Krebs.jpg?resize=1400%2C800 4x"},"classes":[]}],"jetpack_sharing_enabled":true,"_links":{"self":[{"href":"https:\/\/www.jazzzeitung.de\/cms\/wp-json\/wp\/v2\/posts\/23209","targetHints":{"allow":["GET"]}}],"collection":[{"href":"https:\/\/www.jazzzeitung.de\/cms\/wp-json\/wp\/v2\/posts"}],"about":[{"href":"https:\/\/www.jazzzeitung.de\/cms\/wp-json\/wp\/v2\/types\/post"}],"author":[{"embeddable":true,"href":"https:\/\/www.jazzzeitung.de\/cms\/wp-json\/wp\/v2\/users\/18"}],"replies":[{"embeddable":true,"href":"https:\/\/www.jazzzeitung.de\/cms\/wp-json\/wp\/v2\/comments?post=23209"}],"version-history":[{"count":3,"href":"https:\/\/www.jazzzeitung.de\/cms\/wp-json\/wp\/v2\/posts\/23209\/revisions"}],"predecessor-version":[{"id":23214,"href":"https:\/\/www.jazzzeitung.de\/cms\/wp-json\/wp\/v2\/posts\/23209\/revisions\/23214"}],"wp:featuredmedia":[{"embeddable":true,"href":"https:\/\/www.jazzzeitung.de\/cms\/wp-json\/wp\/v2\/media\/23211"}],"wp:attachment":[{"href":"https:\/\/www.jazzzeitung.de\/cms\/wp-json\/wp\/v2\/media?parent=23209"}],"wp:term":[{"taxonomy":"category","embeddable":true,"href":"https:\/\/www.jazzzeitung.de\/cms\/wp-json\/wp\/v2\/categories?post=23209"},{"taxonomy":"post_tag","embeddable":true,"href":"https:\/\/www.jazzzeitung.de\/cms\/wp-json\/wp\/v2\/tags?post=23209"},{"taxonomy":"author","embeddable":true,"href":"https:\/\/www.jazzzeitung.de\/cms\/wp-json\/wp\/v2\/coauthors?post=23209"}],"curies":[{"name":"wp","href":"https:\/\/api.w.org\/{rel}","templated":true}]}}