{"id":23138,"date":"2020-08-10T11:17:41","date_gmt":"2020-08-10T09:17:41","guid":{"rendered":"https:\/\/www.jazzzeitung.de\/cms\/?p=23138"},"modified":"2020-08-10T11:26:34","modified_gmt":"2020-08-10T09:26:34","slug":"jazzwoche-berlin-2-10-bis-16-august-2020","status":"publish","type":"post","link":"https:\/\/www.jazzzeitung.de\/cms\/2020\/08\/jazzwoche-berlin-2-10-bis-16-august-2020\/","title":{"rendered":"Jazzwoche Berlin #2 \u2013 Drinnen, drau\u00dfen und digital"},"content":{"rendered":"<p>7 Tage Jazz, Improvisierte Musik und Diskurs: in Ateliers, kleinen oder gr\u00f6\u00dferen Clubs, Bars und Kleinstspielst\u00e4tten. Drinnen, drau\u00dfen und digital. Die Jazzwoche Berlin #2 richtet den Fokus auf die freie Jazz- und Improvisationsszene der Hauptstadt \u2013 nicht als kuratiertes Festival, sondern indem sie abbildet, was die Szene unter diesen besonderen Bedingungen aus sich heraus pr\u00e4sentiert.<\/p>\n<p>Denn gerade eben erwacht die Szene aus dem Lockdown: Musiker*innen entwickeln neue Formate, und der umfangreiche Konzertkalender zeigt, wie sehr die Szene auf die B\u00fchne will. In den Spielst\u00e4tten geht es um Hygienekonzepte und Abstandsregeln, und nur wenig Publikum darf hinein um am Live-Erlebnis teilzuhaben.<\/p>\n<p>Diese noch ungewohnte, aber wom\u00f6glich lang anhaltende neue Normalit\u00e4t will die Jazzwoche Berlin #2 zeigen. Deshalb findet die Jazzwoche Berlin #2 auch im Internet statt: Auf <a href=\"http:\/\/www.jazzwoche.berlin\">www.jazzwoche.berlin<\/a> sind viele der stattfindenden Konzerte f\u00fcr ein weltweites Publikum erlebbar. Und weil es wichtig ist, ein Zeichen f\u00fcr den Wert von Musik im digitalen Raum zu setzen, sind die Livestreams nur mit Eintritt zu sehen.<\/p>\n<p>Die Jazzwoche Berlin #2 bietet aber nicht nur die M\u00f6glichkeit, Musik zu h\u00f6ren, sondern auch dar\u00fcber zu sprechen: \u00dcber die Bedingungen, unter denen sie entsteht; \u00fcber Geschlechterverh\u00e4ltnisse im Jazz; \u00fcber die kulturpolitischen Folgen der Krise; \u00fcber die Chancen, die ein <em>Zentrum f\u00fcr Jazz und Improvisierte Musik<\/em> \u00fcber die Jazzszene hinaus bietet. Im neuen Podcast-Format <em>jazz.leben \u2014 Stimmen aus der Szene<\/em> kommen Akteur*innen der Szene zu Wort \u2013 im ungefilterten Gespr\u00e4ch miteinander \u00fcber Themen, die sie aktuell bewegen.<\/p>\n<p>Inmitten der Jazzwoche Berlin #2 \u2013 am Donnerstag, dem 13. August \u2013 wird im Haus des Rundfunks an der Masurenallee zum vierten Mal der Berliner Jazzpreis verliehen. Vergeben vom Berliner Senat und dem Rundfunk Berlin Brandenburg (rbb), geht der Preis dieses Jahr an die Saxophonistin Silke Eberhard, die seit vielen Jahren die Szene der Hauptstadt pr\u00e4gt.<\/p>\n<h4>Teilnehmende Spielst\u00e4tten:<\/h4>\n<p>A-Trane \/ Au Topsi Pohl \/ Badenscher Hof \/ Berliner Festspiele | Jazzfest Berlin \/ b-flat \/ exploratorium \/ Donau115 \/ Future Bash in der Zukunft am Ostkreuz \/ Greve Studio TV \/ Haus des Rundfunks \u2013 Kleiner Sendesaal \/ Into The Shed \/ Jazz am Helmholtzplatz \/ Jazz aus Berlin 105 \/ Jazz im Kiez \/ Jazz im MIM \/ jazzkeller 69 e.V. \/ Jazzkollektiv Berlin \/ Jazzlights at Gl\u00fchlampe \/ KIM Collective \/ KlangWorte \u2013 Jazz trifft auf Literatur \/ K\u00fchlspot Social Club \/ Kunstfabrik Schlot \/ Living in a Box \u2013 Gretchen \/ Orania.Berlin \/ Peppi Guggenheim \/ Pianosalon Christophori \/ The Hat Bar Berlin \/ The Social Music Series \/ Sowieso \/ West Germany \/ Yorckschl\u00f6sschen \/ XJAZZ Sessions \/ Zig Zag Jazz Club<\/p>\n<p>&nbsp;<\/p>\n","protected":false},"excerpt":{"rendered":"<p>7 Tage Jazz, Improvisierte Musik und Diskurs: in Ateliers, kleinen oder gr\u00f6\u00dferen Clubs, Bars und Kleinstspielst\u00e4tten. Drinnen, drau\u00dfen und digital. Die Jazzwoche Berlin #2 richtet den Fokus auf die freie Jazz- und Improvisationsszene der Hauptstadt \u2013 nicht als kuratiertes Festival, sondern indem sie abbildet, was die Szene unter diesen besonderen Bedingungen aus sich heraus pr\u00e4sentiert. Denn gerade eben erwacht die Szene aus dem Lockdown: Musiker*innen entwickeln neue Formate, und der umfangreiche Konzertkalender zeigt, wie sehr die Szene auf die B\u00fchne will. In den Spielst\u00e4tten geht es um Hygienekonzepte und Abstandsregeln, und nur wenig Publikum darf hinein um am Live-Erlebnis teilzuhaben. Diese noch ungewohnte, aber wom\u00f6glich lang anhaltende neue Normalit\u00e4t will die Jazzwoche Berlin #2 zeigen. Deshalb findet die Jazzwoche Berlin #2 auch im Internet statt: Auf www.jazzwoche.berlin sind viele der stattfindenden Konzerte f\u00fcr ein weltweites Publikum erlebbar. Und weil es wichtig ist, ein Zeichen f\u00fcr den Wert von Musik im digitalen Raum zu setzen, sind die Livestreams nur mit Eintritt zu sehen. Die Jazzwoche Berlin #2 bietet aber nicht nur die M\u00f6glichkeit, Musik zu h\u00f6ren, sondern auch dar\u00fcber zu sprechen: \u00dcber die Bedingungen, unter denen &hellip;<\/p>\n","protected":false},"author":1,"featured_media":19886,"comment_status":"open","ping_status":"closed","sticky":false,"template":"","format":"standard","meta":{"_jetpack_memberships_contains_paid_content":false,"footnotes":"","jetpack_publicize_message":"","jetpack_publicize_feature_enabled":true,"jetpack_social_post_already_shared":false,"jetpack_social_options":{"image_generator_settings":{"template":"highway","default_image_id":0,"font":"","enabled":false},"version":2}},"categories":[633],"tags":[2398,2916,2986],"coauthors":[650],"class_list":["post-23138","post","type-post","status-publish","format-standard","has-post-thumbnail","hentry","category-nachrichten","tag-berliner-jazzpreis","tag-coronavirus","tag-jazzwoche-berlin"],"yoast_head":"<!-- This site is optimized with the Yoast SEO plugin v27.5 - https:\/\/yoast.com\/product\/yoast-seo-wordpress\/ -->\n<title>Jazzwoche Berlin #2 \u2013 Drinnen, drau\u00dfen und digital - JazzZeitung<\/title>\n<meta name=\"robots\" content=\"index, follow, max-snippet:-1, max-image-preview:large, max-video-preview:-1\" \/>\n<link rel=\"canonical\" href=\"https:\/\/www.jazzzeitung.de\/cms\/2020\/08\/jazzwoche-berlin-2-10-bis-16-august-2020\/\" \/>\n<meta property=\"og:locale\" content=\"de_DE\" \/>\n<meta property=\"og:type\" content=\"article\" \/>\n<meta property=\"og:title\" content=\"Jazzwoche Berlin #2 \u2013 Drinnen, drau\u00dfen und digital - JazzZeitung\" \/>\n<meta property=\"og:description\" content=\"7 Tage Jazz, Improvisierte Musik und Diskurs: in Ateliers, kleinen oder gr\u00f6\u00dferen Clubs, Bars und Kleinstspielst\u00e4tten. Drinnen, drau\u00dfen und digital. Die Jazzwoche Berlin #2 richtet den Fokus auf die freie Jazz- und Improvisationsszene der Hauptstadt \u2013 nicht als kuratiertes Festival, sondern indem sie abbildet, was die Szene unter diesen besonderen Bedingungen aus sich heraus pr\u00e4sentiert. Denn gerade eben erwacht die Szene aus dem Lockdown: Musiker*innen entwickeln neue Formate, und der umfangreiche Konzertkalender zeigt, wie sehr die Szene auf die B\u00fchne will. In den Spielst\u00e4tten geht es um Hygienekonzepte und Abstandsregeln, und nur wenig Publikum darf hinein um am Live-Erlebnis teilzuhaben. Diese noch ungewohnte, aber wom\u00f6glich lang anhaltende neue Normalit\u00e4t will die Jazzwoche Berlin #2 zeigen. Deshalb findet die Jazzwoche Berlin #2 auch im Internet statt: Auf www.jazzwoche.berlin sind viele der stattfindenden Konzerte f\u00fcr ein weltweites Publikum erlebbar. Und weil es wichtig ist, ein Zeichen f\u00fcr den Wert von Musik im digitalen Raum zu setzen, sind die Livestreams nur mit Eintritt zu sehen. Die Jazzwoche Berlin #2 bietet aber nicht nur die M\u00f6glichkeit, Musik zu h\u00f6ren, sondern auch dar\u00fcber zu sprechen: \u00dcber die Bedingungen, unter denen &hellip;\" \/>\n<meta property=\"og:url\" content=\"https:\/\/www.jazzzeitung.de\/cms\/2020\/08\/jazzwoche-berlin-2-10-bis-16-august-2020\/\" \/>\n<meta property=\"og:site_name\" content=\"JazzZeitung\" \/>\n<meta property=\"article:publisher\" content=\"https:\/\/www.facebook.com\/JazzZeitung\/\" \/>\n<meta property=\"article:author\" content=\"https:\/\/www.facebook.com\/hufner\" \/>\n<meta property=\"article:published_time\" content=\"2020-08-10T09:17:41+00:00\" \/>\n<meta property=\"article:modified_time\" content=\"2020-08-10T09:26:34+00:00\" \/>\n<meta property=\"og:image\" content=\"https:\/\/i0.wp.com\/www.jazzzeitung.de\/cms\/wp-content\/uploads\/2019\/06\/2019_jazzwocheberlin-6240058.jpg?fit=2200%2C1650&ssl=1\" \/>\n\t<meta property=\"og:image:width\" content=\"2200\" \/>\n\t<meta property=\"og:image:height\" content=\"1650\" \/>\n\t<meta property=\"og:image:type\" content=\"image\/jpeg\" \/>\n<meta name=\"author\" content=\"Martin Hufner\" \/>\n<script type=\"application\/ld+json\" class=\"yoast-schema-graph\">{\"@context\":\"https:\\\/\\\/schema.org\",\"@graph\":[{\"@type\":\"Article\",\"@id\":\"https:\\\/\\\/www.jazzzeitung.de\\\/cms\\\/2020\\\/08\\\/jazzwoche-berlin-2-10-bis-16-august-2020\\\/#article\",\"isPartOf\":{\"@id\":\"https:\\\/\\\/www.jazzzeitung.de\\\/cms\\\/2020\\\/08\\\/jazzwoche-berlin-2-10-bis-16-august-2020\\\/\"},\"author\":{\"name\":\"Martin Hufner\",\"@id\":\"https:\\\/\\\/www.jazzzeitung.de\\\/cms\\\/#\\\/schema\\\/person\\\/b9a4e5ac765d94fb8f617bfa8f1fc5f7\"},\"headline\":\"Jazzwoche Berlin #2 \u2013 Drinnen, drau\u00dfen und digital\",\"datePublished\":\"2020-08-10T09:17:41+00:00\",\"dateModified\":\"2020-08-10T09:26:34+00:00\",\"mainEntityOfPage\":{\"@id\":\"https:\\\/\\\/www.jazzzeitung.de\\\/cms\\\/2020\\\/08\\\/jazzwoche-berlin-2-10-bis-16-august-2020\\\/\"},\"wordCount\":411,\"commentCount\":0,\"publisher\":{\"@id\":\"https:\\\/\\\/www.jazzzeitung.de\\\/cms\\\/#organization\"},\"image\":{\"@id\":\"https:\\\/\\\/www.jazzzeitung.de\\\/cms\\\/2020\\\/08\\\/jazzwoche-berlin-2-10-bis-16-august-2020\\\/#primaryimage\"},\"thumbnailUrl\":\"https:\\\/\\\/i0.wp.com\\\/www.jazzzeitung.de\\\/cms\\\/wp-content\\\/uploads\\\/2019\\\/06\\\/2019_jazzwocheberlin-6240058.jpg?fit=2200%2C1650&ssl=1\",\"keywords\":[\"Berliner Jazzpreis\",\"Coronavirus\",\"Jazzwoche Berlin\"],\"articleSection\":[\"News\"],\"inLanguage\":\"de\",\"potentialAction\":[{\"@type\":\"CommentAction\",\"name\":\"Comment\",\"target\":[\"https:\\\/\\\/www.jazzzeitung.de\\\/cms\\\/2020\\\/08\\\/jazzwoche-berlin-2-10-bis-16-august-2020\\\/#respond\"]}]},{\"@type\":\"WebPage\",\"@id\":\"https:\\\/\\\/www.jazzzeitung.de\\\/cms\\\/2020\\\/08\\\/jazzwoche-berlin-2-10-bis-16-august-2020\\\/\",\"url\":\"https:\\\/\\\/www.jazzzeitung.de\\\/cms\\\/2020\\\/08\\\/jazzwoche-berlin-2-10-bis-16-august-2020\\\/\",\"name\":\"Jazzwoche Berlin #2 \u2013 Drinnen, drau\u00dfen und digital - JazzZeitung\",\"isPartOf\":{\"@id\":\"https:\\\/\\\/www.jazzzeitung.de\\\/cms\\\/#website\"},\"primaryImageOfPage\":{\"@id\":\"https:\\\/\\\/www.jazzzeitung.de\\\/cms\\\/2020\\\/08\\\/jazzwoche-berlin-2-10-bis-16-august-2020\\\/#primaryimage\"},\"image\":{\"@id\":\"https:\\\/\\\/www.jazzzeitung.de\\\/cms\\\/2020\\\/08\\\/jazzwoche-berlin-2-10-bis-16-august-2020\\\/#primaryimage\"},\"thumbnailUrl\":\"https:\\\/\\\/i0.wp.com\\\/www.jazzzeitung.de\\\/cms\\\/wp-content\\\/uploads\\\/2019\\\/06\\\/2019_jazzwocheberlin-6240058.jpg?fit=2200%2C1650&ssl=1\",\"datePublished\":\"2020-08-10T09:17:41+00:00\",\"dateModified\":\"2020-08-10T09:26:34+00:00\",\"breadcrumb\":{\"@id\":\"https:\\\/\\\/www.jazzzeitung.de\\\/cms\\\/2020\\\/08\\\/jazzwoche-berlin-2-10-bis-16-august-2020\\\/#breadcrumb\"},\"inLanguage\":\"de\",\"potentialAction\":[{\"@type\":\"ReadAction\",\"target\":[\"https:\\\/\\\/www.jazzzeitung.de\\\/cms\\\/2020\\\/08\\\/jazzwoche-berlin-2-10-bis-16-august-2020\\\/\"]}]},{\"@type\":\"ImageObject\",\"inLanguage\":\"de\",\"@id\":\"https:\\\/\\\/www.jazzzeitung.de\\\/cms\\\/2020\\\/08\\\/jazzwoche-berlin-2-10-bis-16-august-2020\\\/#primaryimage\",\"url\":\"https:\\\/\\\/i0.wp.com\\\/www.jazzzeitung.de\\\/cms\\\/wp-content\\\/uploads\\\/2019\\\/06\\\/2019_jazzwocheberlin-6240058.jpg?fit=2200%2C1650&ssl=1\",\"contentUrl\":\"https:\\\/\\\/i0.wp.com\\\/www.jazzzeitung.de\\\/cms\\\/wp-content\\\/uploads\\\/2019\\\/06\\\/2019_jazzwocheberlin-6240058.jpg?fit=2200%2C1650&ssl=1\",\"width\":2200,\"height\":1650,\"caption\":\"Stefan Schultze, Piano im Sowieso. Foto: Hufner\"},{\"@type\":\"BreadcrumbList\",\"@id\":\"https:\\\/\\\/www.jazzzeitung.de\\\/cms\\\/2020\\\/08\\\/jazzwoche-berlin-2-10-bis-16-august-2020\\\/#breadcrumb\",\"itemListElement\":[{\"@type\":\"ListItem\",\"position\":1,\"name\":\"Startseite\",\"item\":\"https:\\\/\\\/www.jazzzeitung.de\\\/cms\\\/\"},{\"@type\":\"ListItem\",\"position\":2,\"name\":\"Jazzwoche Berlin #2 \u2013 Drinnen, drau\u00dfen und digital\"}]},{\"@type\":\"WebSite\",\"@id\":\"https:\\\/\\\/www.jazzzeitung.de\\\/cms\\\/#website\",\"url\":\"https:\\\/\\\/www.jazzzeitung.de\\\/cms\\\/\",\"name\":\"JazzZeitung\",\"description\":\"Jazz-News und Jazz-Kontroverses\",\"publisher\":{\"@id\":\"https:\\\/\\\/www.jazzzeitung.de\\\/cms\\\/#organization\"},\"potentialAction\":[{\"@type\":\"SearchAction\",\"target\":{\"@type\":\"EntryPoint\",\"urlTemplate\":\"https:\\\/\\\/www.jazzzeitung.de\\\/cms\\\/?s={search_term_string}\"},\"query-input\":{\"@type\":\"PropertyValueSpecification\",\"valueRequired\":true,\"valueName\":\"search_term_string\"}}],\"inLanguage\":\"de\"},{\"@type\":\"Organization\",\"@id\":\"https:\\\/\\\/www.jazzzeitung.de\\\/cms\\\/#organization\",\"name\":\"JazzZeitung online\",\"url\":\"https:\\\/\\\/www.jazzzeitung.de\\\/cms\\\/\",\"logo\":{\"@type\":\"ImageObject\",\"inLanguage\":\"de\",\"@id\":\"https:\\\/\\\/www.jazzzeitung.de\\\/cms\\\/#\\\/schema\\\/logo\\\/image\\\/\",\"url\":\"https:\\\/\\\/i0.wp.com\\\/www.jazzzeitung.de\\\/cms\\\/wp-content\\\/uploads\\\/2015\\\/08\\\/JAZZZEITUNGDE_Logo_Neu.png?fit=499%2C200&ssl=1\",\"contentUrl\":\"https:\\\/\\\/i0.wp.com\\\/www.jazzzeitung.de\\\/cms\\\/wp-content\\\/uploads\\\/2015\\\/08\\\/JAZZZEITUNGDE_Logo_Neu.png?fit=499%2C200&ssl=1\",\"width\":499,\"height\":200,\"caption\":\"JazzZeitung online\"},\"image\":{\"@id\":\"https:\\\/\\\/www.jazzzeitung.de\\\/cms\\\/#\\\/schema\\\/logo\\\/image\\\/\"},\"sameAs\":[\"https:\\\/\\\/www.facebook.com\\\/JazzZeitung\\\/\"]},{\"@type\":\"Person\",\"@id\":\"https:\\\/\\\/www.jazzzeitung.de\\\/cms\\\/#\\\/schema\\\/person\\\/b9a4e5ac765d94fb8f617bfa8f1fc5f7\",\"name\":\"Martin Hufner\",\"image\":{\"@type\":\"ImageObject\",\"inLanguage\":\"de\",\"@id\":\"https:\\\/\\\/i0.wp.com\\\/www.jazzzeitung.de\\\/cms\\\/wp-content\\\/uploads\\\/2013\\\/07\\\/huf-06.jpg?resize=96%2C96&ssl=15fcc31aa94540751a3b804516452be00\",\"url\":\"https:\\\/\\\/i0.wp.com\\\/www.jazzzeitung.de\\\/cms\\\/wp-content\\\/uploads\\\/2013\\\/07\\\/huf-06.jpg?resize=96%2C96&ssl=1\",\"contentUrl\":\"https:\\\/\\\/i0.wp.com\\\/www.jazzzeitung.de\\\/cms\\\/wp-content\\\/uploads\\\/2013\\\/07\\\/huf-06.jpg?resize=96%2C96&ssl=1\",\"caption\":\"Martin Hufner\"},\"description\":\"Martin Hufner ist freier Autor der JazzZeitung.\",\"sameAs\":[\"https:\\\/\\\/www.kritische-masse.de\\\/logbuch\",\"https:\\\/\\\/www.facebook.com\\\/hufner\"],\"url\":\"https:\\\/\\\/www.jazzzeitung.de\\\/cms\\\/author\\\/admin\\\/\"}]}<\/script>\n<!-- \/ Yoast SEO plugin. -->","yoast_head_json":{"title":"Jazzwoche Berlin #2 \u2013 Drinnen, drau\u00dfen und digital - JazzZeitung","robots":{"index":"index","follow":"follow","max-snippet":"max-snippet:-1","max-image-preview":"max-image-preview:large","max-video-preview":"max-video-preview:-1"},"canonical":"https:\/\/www.jazzzeitung.de\/cms\/2020\/08\/jazzwoche-berlin-2-10-bis-16-august-2020\/","og_locale":"de_DE","og_type":"article","og_title":"Jazzwoche Berlin #2 \u2013 Drinnen, drau\u00dfen und digital - JazzZeitung","og_description":"7 Tage Jazz, Improvisierte Musik und Diskurs: in Ateliers, kleinen oder gr\u00f6\u00dferen Clubs, Bars und Kleinstspielst\u00e4tten. Drinnen, drau\u00dfen und digital. Die Jazzwoche Berlin #2 richtet den Fokus auf die freie Jazz- und Improvisationsszene der Hauptstadt \u2013 nicht als kuratiertes Festival, sondern indem sie abbildet, was die Szene unter diesen besonderen Bedingungen aus sich heraus pr\u00e4sentiert. Denn gerade eben erwacht die Szene aus dem Lockdown: Musiker*innen entwickeln neue Formate, und der umfangreiche Konzertkalender zeigt, wie sehr die Szene auf die B\u00fchne will. In den Spielst\u00e4tten geht es um Hygienekonzepte und Abstandsregeln, und nur wenig Publikum darf hinein um am Live-Erlebnis teilzuhaben. Diese noch ungewohnte, aber wom\u00f6glich lang anhaltende neue Normalit\u00e4t will die Jazzwoche Berlin #2 zeigen. Deshalb findet die Jazzwoche Berlin #2 auch im Internet statt: Auf www.jazzwoche.berlin sind viele der stattfindenden Konzerte f\u00fcr ein weltweites Publikum erlebbar. Und weil es wichtig ist, ein Zeichen f\u00fcr den Wert von Musik im digitalen Raum zu setzen, sind die Livestreams nur mit Eintritt zu sehen. Die Jazzwoche Berlin #2 bietet aber nicht nur die M\u00f6glichkeit, Musik zu h\u00f6ren, sondern auch dar\u00fcber zu sprechen: \u00dcber die Bedingungen, unter denen &hellip;","og_url":"https:\/\/www.jazzzeitung.de\/cms\/2020\/08\/jazzwoche-berlin-2-10-bis-16-august-2020\/","og_site_name":"JazzZeitung","article_publisher":"https:\/\/www.facebook.com\/JazzZeitung\/","article_author":"https:\/\/www.facebook.com\/hufner","article_published_time":"2020-08-10T09:17:41+00:00","article_modified_time":"2020-08-10T09:26:34+00:00","og_image":[{"width":2200,"height":1650,"url":"https:\/\/i0.wp.com\/www.jazzzeitung.de\/cms\/wp-content\/uploads\/2019\/06\/2019_jazzwocheberlin-6240058.jpg?fit=2200%2C1650&ssl=1","type":"image\/jpeg"}],"author":"Martin Hufner","schema":{"@context":"https:\/\/schema.org","@graph":[{"@type":"Article","@id":"https:\/\/www.jazzzeitung.de\/cms\/2020\/08\/jazzwoche-berlin-2-10-bis-16-august-2020\/#article","isPartOf":{"@id":"https:\/\/www.jazzzeitung.de\/cms\/2020\/08\/jazzwoche-berlin-2-10-bis-16-august-2020\/"},"author":{"name":"Martin Hufner","@id":"https:\/\/www.jazzzeitung.de\/cms\/#\/schema\/person\/b9a4e5ac765d94fb8f617bfa8f1fc5f7"},"headline":"Jazzwoche Berlin #2 \u2013 Drinnen, drau\u00dfen und digital","datePublished":"2020-08-10T09:17:41+00:00","dateModified":"2020-08-10T09:26:34+00:00","mainEntityOfPage":{"@id":"https:\/\/www.jazzzeitung.de\/cms\/2020\/08\/jazzwoche-berlin-2-10-bis-16-august-2020\/"},"wordCount":411,"commentCount":0,"publisher":{"@id":"https:\/\/www.jazzzeitung.de\/cms\/#organization"},"image":{"@id":"https:\/\/www.jazzzeitung.de\/cms\/2020\/08\/jazzwoche-berlin-2-10-bis-16-august-2020\/#primaryimage"},"thumbnailUrl":"https:\/\/i0.wp.com\/www.jazzzeitung.de\/cms\/wp-content\/uploads\/2019\/06\/2019_jazzwocheberlin-6240058.jpg?fit=2200%2C1650&ssl=1","keywords":["Berliner Jazzpreis","Coronavirus","Jazzwoche Berlin"],"articleSection":["News"],"inLanguage":"de","potentialAction":[{"@type":"CommentAction","name":"Comment","target":["https:\/\/www.jazzzeitung.de\/cms\/2020\/08\/jazzwoche-berlin-2-10-bis-16-august-2020\/#respond"]}]},{"@type":"WebPage","@id":"https:\/\/www.jazzzeitung.de\/cms\/2020\/08\/jazzwoche-berlin-2-10-bis-16-august-2020\/","url":"https:\/\/www.jazzzeitung.de\/cms\/2020\/08\/jazzwoche-berlin-2-10-bis-16-august-2020\/","name":"Jazzwoche Berlin #2 \u2013 Drinnen, drau\u00dfen und digital - JazzZeitung","isPartOf":{"@id":"https:\/\/www.jazzzeitung.de\/cms\/#website"},"primaryImageOfPage":{"@id":"https:\/\/www.jazzzeitung.de\/cms\/2020\/08\/jazzwoche-berlin-2-10-bis-16-august-2020\/#primaryimage"},"image":{"@id":"https:\/\/www.jazzzeitung.de\/cms\/2020\/08\/jazzwoche-berlin-2-10-bis-16-august-2020\/#primaryimage"},"thumbnailUrl":"https:\/\/i0.wp.com\/www.jazzzeitung.de\/cms\/wp-content\/uploads\/2019\/06\/2019_jazzwocheberlin-6240058.jpg?fit=2200%2C1650&ssl=1","datePublished":"2020-08-10T09:17:41+00:00","dateModified":"2020-08-10T09:26:34+00:00","breadcrumb":{"@id":"https:\/\/www.jazzzeitung.de\/cms\/2020\/08\/jazzwoche-berlin-2-10-bis-16-august-2020\/#breadcrumb"},"inLanguage":"de","potentialAction":[{"@type":"ReadAction","target":["https:\/\/www.jazzzeitung.de\/cms\/2020\/08\/jazzwoche-berlin-2-10-bis-16-august-2020\/"]}]},{"@type":"ImageObject","inLanguage":"de","@id":"https:\/\/www.jazzzeitung.de\/cms\/2020\/08\/jazzwoche-berlin-2-10-bis-16-august-2020\/#primaryimage","url":"https:\/\/i0.wp.com\/www.jazzzeitung.de\/cms\/wp-content\/uploads\/2019\/06\/2019_jazzwocheberlin-6240058.jpg?fit=2200%2C1650&ssl=1","contentUrl":"https:\/\/i0.wp.com\/www.jazzzeitung.de\/cms\/wp-content\/uploads\/2019\/06\/2019_jazzwocheberlin-6240058.jpg?fit=2200%2C1650&ssl=1","width":2200,"height":1650,"caption":"Stefan Schultze, Piano im Sowieso. Foto: Hufner"},{"@type":"BreadcrumbList","@id":"https:\/\/www.jazzzeitung.de\/cms\/2020\/08\/jazzwoche-berlin-2-10-bis-16-august-2020\/#breadcrumb","itemListElement":[{"@type":"ListItem","position":1,"name":"Startseite","item":"https:\/\/www.jazzzeitung.de\/cms\/"},{"@type":"ListItem","position":2,"name":"Jazzwoche Berlin #2 \u2013 Drinnen, drau\u00dfen und digital"}]},{"@type":"WebSite","@id":"https:\/\/www.jazzzeitung.de\/cms\/#website","url":"https:\/\/www.jazzzeitung.de\/cms\/","name":"JazzZeitung","description":"Jazz-News und Jazz-Kontroverses","publisher":{"@id":"https:\/\/www.jazzzeitung.de\/cms\/#organization"},"potentialAction":[{"@type":"SearchAction","target":{"@type":"EntryPoint","urlTemplate":"https:\/\/www.jazzzeitung.de\/cms\/?s={search_term_string}"},"query-input":{"@type":"PropertyValueSpecification","valueRequired":true,"valueName":"search_term_string"}}],"inLanguage":"de"},{"@type":"Organization","@id":"https:\/\/www.jazzzeitung.de\/cms\/#organization","name":"JazzZeitung online","url":"https:\/\/www.jazzzeitung.de\/cms\/","logo":{"@type":"ImageObject","inLanguage":"de","@id":"https:\/\/www.jazzzeitung.de\/cms\/#\/schema\/logo\/image\/","url":"https:\/\/i0.wp.com\/www.jazzzeitung.de\/cms\/wp-content\/uploads\/2015\/08\/JAZZZEITUNGDE_Logo_Neu.png?fit=499%2C200&ssl=1","contentUrl":"https:\/\/i0.wp.com\/www.jazzzeitung.de\/cms\/wp-content\/uploads\/2015\/08\/JAZZZEITUNGDE_Logo_Neu.png?fit=499%2C200&ssl=1","width":499,"height":200,"caption":"JazzZeitung online"},"image":{"@id":"https:\/\/www.jazzzeitung.de\/cms\/#\/schema\/logo\/image\/"},"sameAs":["https:\/\/www.facebook.com\/JazzZeitung\/"]},{"@type":"Person","@id":"https:\/\/www.jazzzeitung.de\/cms\/#\/schema\/person\/b9a4e5ac765d94fb8f617bfa8f1fc5f7","name":"Martin Hufner","image":{"@type":"ImageObject","inLanguage":"de","@id":"https:\/\/i0.wp.com\/www.jazzzeitung.de\/cms\/wp-content\/uploads\/2013\/07\/huf-06.jpg?resize=96%2C96&ssl=15fcc31aa94540751a3b804516452be00","url":"https:\/\/i0.wp.com\/www.jazzzeitung.de\/cms\/wp-content\/uploads\/2013\/07\/huf-06.jpg?resize=96%2C96&ssl=1","contentUrl":"https:\/\/i0.wp.com\/www.jazzzeitung.de\/cms\/wp-content\/uploads\/2013\/07\/huf-06.jpg?resize=96%2C96&ssl=1","caption":"Martin Hufner"},"description":"Martin Hufner ist freier Autor der JazzZeitung.","sameAs":["https:\/\/www.kritische-masse.de\/logbuch","https:\/\/www.facebook.com\/hufner"],"url":"https:\/\/www.jazzzeitung.de\/cms\/author\/admin\/"}]}},"wp-worthy-pixel":{"ignored":true,"public":null,"server":null,"url":null},"wp-worthy-type":"normal","jetpack_publicize_connections":[],"cc_featured_image_caption":{"caption_text":"Stefan Schultze, Piano im Sowieso. ","source_text":"Foto: Hufner","source_url":"https:\/\/www.musikkritik.org"},"jetpack_featured_media_url":"https:\/\/i0.wp.com\/www.jazzzeitung.de\/cms\/wp-content\/uploads\/2019\/06\/2019_jazzwocheberlin-6240058.jpg?fit=2200%2C1650&ssl=1","jetpack_shortlink":"https:\/\/wp.me\/p3KEcT-61c","jetpack-related-posts":[{"id":19502,"url":"https:\/\/www.jazzzeitung.de\/cms\/2019\/05\/news-jazzahead-2020-rueckt-kanada-in-den-fokus-4-folkwang-jazz-nacht-im-mai-ig-jazz-berlin-praesentiert-jazzwoche-berlin-1\/","url_meta":{"origin":23138,"position":0},"title":"+++ news +++ jazzahead! 2020 r\u00fcckt Kanada in den Fokus +++ 4. Folkwang Jazz Nacht im Mai +++ IG Jazz Berlin pr\u00e4sentiert: Jazzwoche Berlin #1 +++","author":"Redaktion JazzZeitung","date":"18. Mai 2019","format":false,"excerpt":"Bei den Vorbereitungen der jazzahead! 2020 schlagen die Veranstalter neue Wege ein: Die gr\u00f6\u00dfte Jazz-Fachmesse der Welt r\u00fcckt Kanada in den Mittelpunkt und damit erstmals ein au\u00dfereurop\u00e4isches Land. \u201eDie jazzahead! feiert im kommenden Jahr gleich zwei Jubil\u00e4en\u201c, sagt Sybille Kornitschky, Projektleiterin der jazzahead! bei der Messe Bremen. \u201eWir m\u00f6chten darum\u2026","rel":"","context":"In &quot;News&quot;","block_context":{"text":"News","link":"https:\/\/www.jazzzeitung.de\/cms\/thema\/nachrichten\/"},"img":{"alt_text":"","src":"https:\/\/i0.wp.com\/www.jazzzeitung.de\/cms\/wp-content\/uploads\/2019\/05\/20190425-jazzahead-0549.jpg?fit=1200%2C819&ssl=1&resize=350%2C200","width":350,"height":200,"srcset":"https:\/\/i0.wp.com\/www.jazzzeitung.de\/cms\/wp-content\/uploads\/2019\/05\/20190425-jazzahead-0549.jpg?fit=1200%2C819&ssl=1&resize=350%2C200 1x, https:\/\/i0.wp.com\/www.jazzzeitung.de\/cms\/wp-content\/uploads\/2019\/05\/20190425-jazzahead-0549.jpg?fit=1200%2C819&ssl=1&resize=525%2C300 1.5x, https:\/\/i0.wp.com\/www.jazzzeitung.de\/cms\/wp-content\/uploads\/2019\/05\/20190425-jazzahead-0549.jpg?fit=1200%2C819&ssl=1&resize=700%2C400 2x, https:\/\/i0.wp.com\/www.jazzzeitung.de\/cms\/wp-content\/uploads\/2019\/05\/20190425-jazzahead-0549.jpg?fit=1200%2C819&ssl=1&resize=1050%2C600 3x"},"classes":[]},{"id":27662,"url":"https:\/\/www.jazzzeitung.de\/cms\/2022\/07\/news-vierte-ausgabe-der-jazzwoche-berlin-30-internationaler-augsburger-jazzsommer\/","url_meta":{"origin":23138,"position":1},"title":"+++ News: +++ Vierte Ausgabe der Jazzwoche Berlin +++ 30. Internationaler Augsburger Jazzsommer +++","author":"Redaktion JazzZeitung","date":"1. Juli 2022","format":false,"excerpt":"+++ Jazzwoche Berlin +++ Auch in ihrer vierten Ausgabe zeigt die Jazzwoche Berlin, veranstaltet von der IG Jazz Berlin, \u00a0die Vitalit\u00e4t und Vielfalt der Berliner Jazz und Improvisationsszene und bringt verschiedenste Akteur*innen in den Dialog. Prolog Er\u00f6ffnet wird die Jazzwoche Berlin #4 am Sonntag, den 3. Juli, ab 16.00 Uhr\u2026","rel":"","context":"In &quot;News&quot;","block_context":{"text":"News","link":"https:\/\/www.jazzzeitung.de\/cms\/thema\/nachrichten\/"},"img":{"alt_text":"Diwan der Kontinente beim Jazzfest Berlin 2015 hier: Cymin Samawatie. Foto: Petra Basche","src":"https:\/\/i0.wp.com\/www.jazzzeitung.de\/cms\/wp-content\/uploads\/2015\/11\/jazzfest2015_pepa_diwan_115.jpg?fit=1200%2C900&ssl=1&resize=350%2C200","width":350,"height":200,"srcset":"https:\/\/i0.wp.com\/www.jazzzeitung.de\/cms\/wp-content\/uploads\/2015\/11\/jazzfest2015_pepa_diwan_115.jpg?fit=1200%2C900&ssl=1&resize=350%2C200 1x, https:\/\/i0.wp.com\/www.jazzzeitung.de\/cms\/wp-content\/uploads\/2015\/11\/jazzfest2015_pepa_diwan_115.jpg?fit=1200%2C900&ssl=1&resize=525%2C300 1.5x, https:\/\/i0.wp.com\/www.jazzzeitung.de\/cms\/wp-content\/uploads\/2015\/11\/jazzfest2015_pepa_diwan_115.jpg?fit=1200%2C900&ssl=1&resize=700%2C400 2x, https:\/\/i0.wp.com\/www.jazzzeitung.de\/cms\/wp-content\/uploads\/2015\/11\/jazzfest2015_pepa_diwan_115.jpg?fit=1200%2C900&ssl=1&resize=1050%2C600 3x"},"classes":[]},{"id":30532,"url":"https:\/\/www.jazzzeitung.de\/cms\/2024\/02\/newszehn-jazzclubs-erhalten-foerderung-vom-freistaat-bayern-ausblick-auf-die-53-internationale-jazzwoche-burghausenberlin-jatzzt\/","url_meta":{"origin":23138,"position":2},"title":"News:+++Zehn Jazzclubs erhalten F\u00f6rderung vom Freistaat Bayern+++ Ausblick auf die 53. Internationale Jazzwoche Burghausen+++Berlin jatzzt+++","author":"Redaktion JazzZeitung","date":"1. Februar 2024","format":false,"excerpt":"+++Land vergibt 30.000 Euro f\u00fcr zehn Spielst\u00e4tten und Veranstalter+++ Jazzprogrammpr\u00e4mie in H\u00f6he von insgesamt 30.000 Euro f\u00fcr zehn Spielst\u00e4tten und Veranstalter aus Niederbayern, Mittelfranken, Oberfranken, Oberbayern, Schwaben und der Oberpfalz \u2013 Kunstminister Markus Blume: \u201eBravo und Applaus f\u00fcr zehn herausragende Jazzclubs und -veranstalter in Bayern \u2013 hier swingt die bayerische\u2026","rel":"","context":"In &quot;News&quot;","block_context":{"text":"News","link":"https:\/\/www.jazzzeitung.de\/cms\/thema\/nachrichten\/"},"img":{"alt_text":"Monika Roscher BigBand. Foto: P. Basche","src":"https:\/\/i0.wp.com\/www.jazzzeitung.de\/cms\/wp-content\/uploads\/2013\/11\/jf13-04-1933.jpg?fit=1200%2C801&ssl=1&resize=350%2C200","width":350,"height":200,"srcset":"https:\/\/i0.wp.com\/www.jazzzeitung.de\/cms\/wp-content\/uploads\/2013\/11\/jf13-04-1933.jpg?fit=1200%2C801&ssl=1&resize=350%2C200 1x, https:\/\/i0.wp.com\/www.jazzzeitung.de\/cms\/wp-content\/uploads\/2013\/11\/jf13-04-1933.jpg?fit=1200%2C801&ssl=1&resize=525%2C300 1.5x, https:\/\/i0.wp.com\/www.jazzzeitung.de\/cms\/wp-content\/uploads\/2013\/11\/jf13-04-1933.jpg?fit=1200%2C801&ssl=1&resize=700%2C400 2x, https:\/\/i0.wp.com\/www.jazzzeitung.de\/cms\/wp-content\/uploads\/2013\/11\/jf13-04-1933.jpg?fit=1200%2C801&ssl=1&resize=1050%2C600 3x"},"classes":[]},{"id":19872,"url":"https:\/\/www.jazzzeitung.de\/cms\/2019\/06\/standortbestimmung-jazz-2019-in-berlin\/","url_meta":{"origin":23138,"position":3},"title":"Standortbestimmung Jazz 2019 (in Berlin)","author":"Martin Hufner","date":"26. Juni 2019","format":false,"excerpt":"Mit einem Vortrag und einer Podiumsdiskussion zum Thema \u201eWie steht es um den Jazz 2019 \u2013 Eine Standortbestimmung\u201c startete die erste Berliner Jazzwoche. Zwischendrin: Stefan Schultze mit einem Solo am pr\u00e4parierten Klavier. Es ist richtig: Man muss diese beinahe absurde Frage immer wieder aufwerfen. Sie ist essentiell, wenn man wissen\u2026","rel":"","context":"In &quot;Bericht&quot;","block_context":{"text":"Bericht","link":"https:\/\/www.jazzzeitung.de\/cms\/thema\/bericht\/"},"img":{"alt_text":"","src":"https:\/\/i0.wp.com\/www.jazzzeitung.de\/cms\/wp-content\/uploads\/2019\/06\/2019_jazzwocheberlin-6240063.jpg?fit=1200%2C823&ssl=1&resize=350%2C200","width":350,"height":200,"srcset":"https:\/\/i0.wp.com\/www.jazzzeitung.de\/cms\/wp-content\/uploads\/2019\/06\/2019_jazzwocheberlin-6240063.jpg?fit=1200%2C823&ssl=1&resize=350%2C200 1x, https:\/\/i0.wp.com\/www.jazzzeitung.de\/cms\/wp-content\/uploads\/2019\/06\/2019_jazzwocheberlin-6240063.jpg?fit=1200%2C823&ssl=1&resize=525%2C300 1.5x, https:\/\/i0.wp.com\/www.jazzzeitung.de\/cms\/wp-content\/uploads\/2019\/06\/2019_jazzwocheberlin-6240063.jpg?fit=1200%2C823&ssl=1&resize=700%2C400 2x, https:\/\/i0.wp.com\/www.jazzzeitung.de\/cms\/wp-content\/uploads\/2019\/06\/2019_jazzwocheberlin-6240063.jpg?fit=1200%2C823&ssl=1&resize=1050%2C600 3x"},"classes":[]},{"id":11562,"url":"https:\/\/www.jazzzeitung.de\/cms\/2017\/01\/45-jahre-big-band-burghausen-zwei-konzerte-angereichert-mit-jazz-geschichtn-von-prof-joe-viera\/","url_meta":{"origin":23138,"position":4},"title":"45 Jahre Big Band Burghausen: Zwei Konzerte angereichert mit Jazz-Geschicht\u2019n von Prof. Joe Viera","author":"Redaktion JazzZeitung","date":"20. Januar 2017","format":false,"excerpt":"Die Burghauser Big Band besteht seit 45 Jahren. Das feiern die hochkar\u00e4tigen Musiker unter Leitung von Wolfgang Pietsch am 21. und 22. Januar 2017 mit je einem Konzert auf der B\u00fchne des wundersch\u00f6nen 50er-Jahre-Kinos Anker Filmtheater in der Burghauser Altstadt. Und weil sich in 45 Jahren in der Jazzstadt Burghausen\u2026","rel":"","context":"In &quot;News&quot;","block_context":{"text":"News","link":"https:\/\/www.jazzzeitung.de\/cms\/thema\/nachrichten\/"},"img":{"alt_text":"","src":"","width":0,"height":0},"classes":[]},{"id":27048,"url":"https:\/\/www.jazzzeitung.de\/cms\/2022\/04\/51-internationale-jazzwoche-burghausen-mit-jungem-jazz-und-reichlich-popacts\/","url_meta":{"origin":23138,"position":5},"title":"51. Internationale Jazzwoche Burghausen mit jungem Jazz und reichlich Popacts","author":"Redaktion JazzZeitung","date":"6. April 2022","format":false,"excerpt":"Die Zitterpartie um die 51. Internationale Jazzwoche Burghausen ist erfolgreich ausgestanden. Nach zweij\u00e4hriger Pause und dreifacher Planung - f\u00fcr M\u00e4rz 2020 und zweimal f\u00fcr 2021 - konnte sie mit 31 Auftritten fast wie gewohnt \u00fcber die B\u00fchnen gehen. Rund 6.000 Besucher an den sechs Tagen zeigten, dass trotz oder vielleicht\u2026","rel":"","context":"In &quot;Bericht&quot;","block_context":{"text":"Bericht","link":"https:\/\/www.jazzzeitung.de\/cms\/thema\/bericht\/"},"img":{"alt_text":"","src":"https:\/\/i0.wp.com\/www.jazzzeitung.de\/cms\/wp-content\/uploads\/2022\/04\/SHAKE-STEW_KRANZELBINDERLukas-PIRKERHerbert-WIESINGERAstrid-ROMMario-SCHLEIERMACHERJohannes%C2%A9Godehard.Lutz%40bayern-mail.de_IMGP1936-scaled.jpg?fit=1200%2C795&ssl=1&resize=350%2C200","width":350,"height":200,"srcset":"https:\/\/i0.wp.com\/www.jazzzeitung.de\/cms\/wp-content\/uploads\/2022\/04\/SHAKE-STEW_KRANZELBINDERLukas-PIRKERHerbert-WIESINGERAstrid-ROMMario-SCHLEIERMACHERJohannes%C2%A9Godehard.Lutz%40bayern-mail.de_IMGP1936-scaled.jpg?fit=1200%2C795&ssl=1&resize=350%2C200 1x, https:\/\/i0.wp.com\/www.jazzzeitung.de\/cms\/wp-content\/uploads\/2022\/04\/SHAKE-STEW_KRANZELBINDERLukas-PIRKERHerbert-WIESINGERAstrid-ROMMario-SCHLEIERMACHERJohannes%C2%A9Godehard.Lutz%40bayern-mail.de_IMGP1936-scaled.jpg?fit=1200%2C795&ssl=1&resize=525%2C300 1.5x, https:\/\/i0.wp.com\/www.jazzzeitung.de\/cms\/wp-content\/uploads\/2022\/04\/SHAKE-STEW_KRANZELBINDERLukas-PIRKERHerbert-WIESINGERAstrid-ROMMario-SCHLEIERMACHERJohannes%C2%A9Godehard.Lutz%40bayern-mail.de_IMGP1936-scaled.jpg?fit=1200%2C795&ssl=1&resize=700%2C400 2x, https:\/\/i0.wp.com\/www.jazzzeitung.de\/cms\/wp-content\/uploads\/2022\/04\/SHAKE-STEW_KRANZELBINDERLukas-PIRKERHerbert-WIESINGERAstrid-ROMMario-SCHLEIERMACHERJohannes%C2%A9Godehard.Lutz%40bayern-mail.de_IMGP1936-scaled.jpg?fit=1200%2C795&ssl=1&resize=1050%2C600 3x"},"classes":[]}],"jetpack_sharing_enabled":true,"_links":{"self":[{"href":"https:\/\/www.jazzzeitung.de\/cms\/wp-json\/wp\/v2\/posts\/23138","targetHints":{"allow":["GET"]}}],"collection":[{"href":"https:\/\/www.jazzzeitung.de\/cms\/wp-json\/wp\/v2\/posts"}],"about":[{"href":"https:\/\/www.jazzzeitung.de\/cms\/wp-json\/wp\/v2\/types\/post"}],"author":[{"embeddable":true,"href":"https:\/\/www.jazzzeitung.de\/cms\/wp-json\/wp\/v2\/users\/1"}],"replies":[{"embeddable":true,"href":"https:\/\/www.jazzzeitung.de\/cms\/wp-json\/wp\/v2\/comments?post=23138"}],"version-history":[{"count":4,"href":"https:\/\/www.jazzzeitung.de\/cms\/wp-json\/wp\/v2\/posts\/23138\/revisions"}],"predecessor-version":[{"id":23142,"href":"https:\/\/www.jazzzeitung.de\/cms\/wp-json\/wp\/v2\/posts\/23138\/revisions\/23142"}],"wp:featuredmedia":[{"embeddable":true,"href":"https:\/\/www.jazzzeitung.de\/cms\/wp-json\/wp\/v2\/media\/19886"}],"wp:attachment":[{"href":"https:\/\/www.jazzzeitung.de\/cms\/wp-json\/wp\/v2\/media?parent=23138"}],"wp:term":[{"taxonomy":"category","embeddable":true,"href":"https:\/\/www.jazzzeitung.de\/cms\/wp-json\/wp\/v2\/categories?post=23138"},{"taxonomy":"post_tag","embeddable":true,"href":"https:\/\/www.jazzzeitung.de\/cms\/wp-json\/wp\/v2\/tags?post=23138"},{"taxonomy":"author","embeddable":true,"href":"https:\/\/www.jazzzeitung.de\/cms\/wp-json\/wp\/v2\/coauthors?post=23138"}],"curies":[{"name":"wp","href":"https:\/\/api.w.org\/{rel}","templated":true}]}}