{"id":23126,"date":"2020-08-05T14:00:50","date_gmt":"2020-08-05T12:00:50","guid":{"rendered":"https:\/\/www.jazzzeitung.de\/cms\/?p=23126"},"modified":"2020-08-05T11:15:40","modified_gmt":"2020-08-05T09:15:40","slug":"goin-on-the-local-heroes-lockdown-sessions-eine-fotoausstellung-in-der-unterfahrt-von-dombrowski-und-krebs","status":"publish","type":"post","link":"https:\/\/www.jazzzeitung.de\/cms\/2020\/08\/goin-on-the-local-heroes-lockdown-sessions-eine-fotoausstellung-in-der-unterfahrt-von-dombrowski-und-krebs\/","title":{"rendered":"\u201eGoin\u2018 On! The Local Heroes Lockdown Sessions\u201c \u2013 eine Fotoausstellung in der Unterfahrt von Dombrowski und Krebs"},"content":{"rendered":"<p>Die Fotografen Thomas J. Krebs und Ralf Dombrowski ergriffen die Chance, musikalische Augenblicke auf der B\u00fchne des M\u00fcnchner Jazzclubs Unterfahrt fotografisch festzuhalten, als es f\u00fcr das Publikum aufgrund der Beschr\u00e4nkungen nur m\u00f6glich war, die Konzerte per Livestream zu verfolgen. Seit vergangenem Freitag sind diese optischen Eindr\u00fccke in einer Ausstellung mit 26 Exponaten bei den Streaming-Konzerten, die nun wieder mit reduziertem Publikum stattfinden, vor Ort zu betrachten. Die Ausstellung mit dem Titel \u201eGoin\u2018 On! The Local Heroes Lockdown Sessions\u201c zeigt noch bis in den Herbst verschiedenste K\u00fcnstlerinnen und K\u00fcnstler bei musikalischen Momenten, die zu diesem Zeitpunkt nur durch Objektiv und Mikrophon erlebt werden konnten.<\/p>\n<div class=\"tiled-gallery type-rectangular tiled-gallery-unresized\" data-original-width=\"840\" data-carousel-extra='{&quot;blog_id&quot;:1,&quot;permalink&quot;:&quot;https:\\\/\\\/www.jazzzeitung.de\\\/cms\\\/2020\\\/08\\\/goin-on-the-local-heroes-lockdown-sessions-eine-fotoausstellung-in-der-unterfahrt-von-dombrowski-und-krebs\\\/&quot;,&quot;likes_blog_id&quot;:55446655}' itemscope itemtype=\"http:\/\/schema.org\/ImageGallery\" > <div class=\"gallery-row\" style=\"width: 840px; height: 587px;\" data-original-width=\"840\" data-original-height=\"587\" > <div class=\"gallery-group images-1\" style=\"width: 418px; height: 587px;\" data-original-width=\"418\" data-original-height=\"587\" > <div class=\"tiled-gallery-item tiled-gallery-item-large\" itemprop=\"associatedMedia\" itemscope itemtype=\"http:\/\/schema.org\/ImageObject\"> <a href=\"https:\/\/www.jazzzeitung.de\/cms\/2020\/08\/goin-on-the-local-heroes-lockdown-sessions-eine-fotoausstellung-in-der-unterfahrt-von-dombrowski-und-krebs\/ralf-plakat-ausstellung\/\" border=\"0\" itemprop=\"url\"> <meta itemprop=\"width\" content=\"414\"> <meta itemprop=\"height\" content=\"583\"> <img decoding=\"async\" class=\"\" data-attachment-id=\"23128\" data-orig-file=\"https:\/\/www.jazzzeitung.de\/cms\/wp-content\/uploads\/2020\/08\/Ralf-Plakat-Ausstellung-scaled.jpg\" data-orig-size=\"1817,2560\" data-comments-opened=\"1\" data-image-meta=\"{&quot;aperture&quot;:&quot;0&quot;,&quot;credit&quot;:&quot;&quot;,&quot;camera&quot;:&quot;&quot;,&quot;caption&quot;:&quot;&quot;,&quot;created_timestamp&quot;:&quot;0&quot;,&quot;copyright&quot;:&quot;&quot;,&quot;focal_length&quot;:&quot;0&quot;,&quot;iso&quot;:&quot;0&quot;,&quot;shutter_speed&quot;:&quot;0&quot;,&quot;title&quot;:&quot;&quot;,&quot;orientation&quot;:&quot;1&quot;}\" data-image-title=\"Ralf Plakat Ausstellung\" data-image-description=\"\" data-medium-file=\"https:\/\/i0.wp.com\/www.jazzzeitung.de\/cms\/wp-content\/uploads\/2020\/08\/Ralf-Plakat-Ausstellung-scaled.jpg?fit=213%2C300&#038;ssl=1\" data-large-file=\"https:\/\/i0.wp.com\/www.jazzzeitung.de\/cms\/wp-content\/uploads\/2020\/08\/Ralf-Plakat-Ausstellung-scaled.jpg?fit=426%2C600&#038;ssl=1\" src=\"https:\/\/i0.wp.com\/www.jazzzeitung.de\/cms\/wp-content\/uploads\/2020\/08\/Ralf-Plakat-Ausstellung-scaled.jpg?w=414&#038;h=583&#038;ssl=1\" srcset=\"https:\/\/i0.wp.com\/www.jazzzeitung.de\/cms\/wp-content\/uploads\/2020\/08\/Ralf-Plakat-Ausstellung-scaled.jpg?w=1817&amp;ssl=1 1817w, https:\/\/i0.wp.com\/www.jazzzeitung.de\/cms\/wp-content\/uploads\/2020\/08\/Ralf-Plakat-Ausstellung-scaled.jpg?resize=213%2C300&amp;ssl=1 213w, https:\/\/i0.wp.com\/www.jazzzeitung.de\/cms\/wp-content\/uploads\/2020\/08\/Ralf-Plakat-Ausstellung-scaled.jpg?resize=426%2C600&amp;ssl=1 426w, https:\/\/i0.wp.com\/www.jazzzeitung.de\/cms\/wp-content\/uploads\/2020\/08\/Ralf-Plakat-Ausstellung-scaled.jpg?resize=768%2C1082&amp;ssl=1 768w, https:\/\/i0.wp.com\/www.jazzzeitung.de\/cms\/wp-content\/uploads\/2020\/08\/Ralf-Plakat-Ausstellung-scaled.jpg?resize=1090%2C1536&amp;ssl=1 1090w, https:\/\/i0.wp.com\/www.jazzzeitung.de\/cms\/wp-content\/uploads\/2020\/08\/Ralf-Plakat-Ausstellung-scaled.jpg?resize=1453%2C2048&amp;ssl=1 1453w, https:\/\/i0.wp.com\/www.jazzzeitung.de\/cms\/wp-content\/uploads\/2020\/08\/Ralf-Plakat-Ausstellung-scaled.jpg?resize=1320%2C1860&amp;ssl=1 1320w, https:\/\/i0.wp.com\/www.jazzzeitung.de\/cms\/wp-content\/uploads\/2020\/08\/Ralf-Plakat-Ausstellung-scaled.jpg?w=1680&amp;ssl=1 1680w\" width=\"414\" height=\"583\" loading=\"lazy\" data-original-width=\"414\" data-original-height=\"583\" itemprop=\"http:\/\/schema.org\/image\" title=\"Ralf Plakat Ausstellung\" alt=\"Ralf Plakat Ausstellung\" style=\"width: 414px; height: 583px;\" \/> <\/a> <\/div> <\/div> <!-- close group --> <div class=\"gallery-group images-1\" style=\"width: 422px; height: 587px;\" data-original-width=\"422\" data-original-height=\"587\" > <div class=\"tiled-gallery-item tiled-gallery-item-large\" itemprop=\"associatedMedia\" itemscope itemtype=\"http:\/\/schema.org\/ImageObject\"> <a href=\"https:\/\/www.jazzzeitung.de\/cms\/2020\/08\/goin-on-the-local-heroes-lockdown-sessions-eine-fotoausstellung-in-der-unterfahrt-von-dombrowski-und-krebs\/thomas-plakat-ausstellung\/\" border=\"0\" itemprop=\"url\"> <meta itemprop=\"width\" content=\"418\"> <meta itemprop=\"height\" content=\"583\"> <img decoding=\"async\" class=\"\" data-attachment-id=\"23129\" data-orig-file=\"https:\/\/www.jazzzeitung.de\/cms\/wp-content\/uploads\/2020\/08\/Thomas-Plakat-Ausstellung-scaled.jpg\" data-orig-size=\"1835,2560\" data-comments-opened=\"1\" data-image-meta=\"{&quot;aperture&quot;:&quot;0&quot;,&quot;credit&quot;:&quot;&quot;,&quot;camera&quot;:&quot;&quot;,&quot;caption&quot;:&quot;&quot;,&quot;created_timestamp&quot;:&quot;0&quot;,&quot;copyright&quot;:&quot;&quot;,&quot;focal_length&quot;:&quot;0&quot;,&quot;iso&quot;:&quot;0&quot;,&quot;shutter_speed&quot;:&quot;0&quot;,&quot;title&quot;:&quot;&quot;,&quot;orientation&quot;:&quot;1&quot;}\" data-image-title=\"Thomas Plakat Ausstellung\" data-image-description=\"\" data-medium-file=\"https:\/\/i0.wp.com\/www.jazzzeitung.de\/cms\/wp-content\/uploads\/2020\/08\/Thomas-Plakat-Ausstellung-scaled.jpg?fit=215%2C300&#038;ssl=1\" data-large-file=\"https:\/\/i0.wp.com\/www.jazzzeitung.de\/cms\/wp-content\/uploads\/2020\/08\/Thomas-Plakat-Ausstellung-scaled.jpg?fit=430%2C600&#038;ssl=1\" src=\"https:\/\/i0.wp.com\/www.jazzzeitung.de\/cms\/wp-content\/uploads\/2020\/08\/Thomas-Plakat-Ausstellung-scaled.jpg?w=418&#038;h=583&#038;ssl=1\" srcset=\"https:\/\/i0.wp.com\/www.jazzzeitung.de\/cms\/wp-content\/uploads\/2020\/08\/Thomas-Plakat-Ausstellung-scaled.jpg?w=1835&amp;ssl=1 1835w, https:\/\/i0.wp.com\/www.jazzzeitung.de\/cms\/wp-content\/uploads\/2020\/08\/Thomas-Plakat-Ausstellung-scaled.jpg?resize=215%2C300&amp;ssl=1 215w, https:\/\/i0.wp.com\/www.jazzzeitung.de\/cms\/wp-content\/uploads\/2020\/08\/Thomas-Plakat-Ausstellung-scaled.jpg?resize=430%2C600&amp;ssl=1 430w, https:\/\/i0.wp.com\/www.jazzzeitung.de\/cms\/wp-content\/uploads\/2020\/08\/Thomas-Plakat-Ausstellung-scaled.jpg?resize=768%2C1071&amp;ssl=1 768w, https:\/\/i0.wp.com\/www.jazzzeitung.de\/cms\/wp-content\/uploads\/2020\/08\/Thomas-Plakat-Ausstellung-scaled.jpg?resize=1101%2C1536&amp;ssl=1 1101w, https:\/\/i0.wp.com\/www.jazzzeitung.de\/cms\/wp-content\/uploads\/2020\/08\/Thomas-Plakat-Ausstellung-scaled.jpg?resize=1468%2C2048&amp;ssl=1 1468w, https:\/\/i0.wp.com\/www.jazzzeitung.de\/cms\/wp-content\/uploads\/2020\/08\/Thomas-Plakat-Ausstellung-scaled.jpg?resize=1320%2C1841&amp;ssl=1 1320w, https:\/\/i0.wp.com\/www.jazzzeitung.de\/cms\/wp-content\/uploads\/2020\/08\/Thomas-Plakat-Ausstellung-scaled.jpg?w=1680&amp;ssl=1 1680w\" width=\"418\" height=\"583\" loading=\"lazy\" data-original-width=\"418\" data-original-height=\"583\" itemprop=\"http:\/\/schema.org\/image\" title=\"Thomas Plakat Ausstellung\" alt=\"Thomas Plakat Ausstellung\" style=\"width: 418px; height: 583px;\" \/> <\/a> <\/div> <\/div> <!-- close group --> <\/div> <!-- close row --> <\/div>\n<p>S\u00e4mtliche Bilder der Ausstellung sind auch online in der Galerie des Jazzclubs zu sehen: <a href=\"https:\/\/www.unterfahrt.de\/gallery.php\">https:\/\/www.unterfahrt.de\/gallery.php<\/a><\/p>\n<p>&nbsp;<\/p>\n<p>Titelfoto: Fotografenkollege Ralf Dombrowski im K\u00fcnstlergespr\u00e4ch mit dem Kontrabassisten Sven Faller und dem Saxophonisten Mulo Francel . Foto: Thomas J. Krebs<\/p>\n","protected":false},"excerpt":{"rendered":"<p>Die Fotografen Thomas J. Krebs und Ralf Dombrowski ergriffen die Chance, musikalische Augenblicke auf der B\u00fchne des M\u00fcnchner Jazzclubs Unterfahrt fotografisch festzuhalten, als es f\u00fcr das Publikum aufgrund der Beschr\u00e4nkungen nur m\u00f6glich war, die Konzerte per Livestream zu verfolgen. Seit vergangenem Freitag sind diese optischen Eindr\u00fccke in einer Ausstellung mit 26 Exponaten bei den Streaming-Konzerten, die nun wieder mit reduziertem Publikum stattfinden, vor Ort zu betrachten. Die Ausstellung mit dem Titel \u201eGoin\u2018 On! The Local Heroes Lockdown Sessions\u201c zeigt noch bis in den Herbst verschiedenste K\u00fcnstlerinnen und K\u00fcnstler bei musikalischen Momenten, die zu diesem Zeitpunkt nur durch Objektiv und Mikrophon erlebt werden konnten. S\u00e4mtliche Bilder der Ausstellung sind auch online in der Galerie des Jazzclubs zu sehen: https:\/\/www.unterfahrt.de\/gallery.php &nbsp; Titelfoto: Fotografenkollege Ralf Dombrowski im K\u00fcnstlergespr\u00e4ch mit dem Kontrabassisten Sven Faller und dem Saxophonisten Mulo Francel . Foto: Thomas J. Krebs<\/p>\n","protected":false},"author":18,"featured_media":23127,"comment_status":"open","ping_status":"closed","sticky":false,"template":"","format":"standard","meta":{"_jetpack_memberships_contains_paid_content":false,"footnotes":"","jetpack_publicize_message":"","jetpack_publicize_feature_enabled":true,"jetpack_social_post_already_shared":false,"jetpack_social_options":{"image_generator_settings":{"template":"highway","default_image_id":0,"font":"","enabled":false},"version":2}},"categories":[633],"tags":[],"coauthors":[695],"class_list":["post-23126","post","type-post","status-publish","format-standard","has-post-thumbnail","hentry","category-nachrichten"],"yoast_head":"<!-- This site is optimized with the Yoast SEO plugin v27.5 - https:\/\/yoast.com\/product\/yoast-seo-wordpress\/ -->\n<title>\u201eGoin\u2018 On! The Local Heroes Lockdown Sessions\u201c \u2013 eine Fotoausstellung in der Unterfahrt von Dombrowski und Krebs - JazzZeitung<\/title>\n<meta name=\"robots\" content=\"index, follow, max-snippet:-1, max-image-preview:large, max-video-preview:-1\" \/>\n<link rel=\"canonical\" href=\"https:\/\/www.jazzzeitung.de\/cms\/2020\/08\/goin-on-the-local-heroes-lockdown-sessions-eine-fotoausstellung-in-der-unterfahrt-von-dombrowski-und-krebs\/\" \/>\n<meta property=\"og:locale\" content=\"de_DE\" \/>\n<meta property=\"og:type\" content=\"article\" \/>\n<meta property=\"og:title\" content=\"\u201eGoin\u2018 On! The Local Heroes Lockdown Sessions\u201c \u2013 eine Fotoausstellung in der Unterfahrt von Dombrowski und Krebs - JazzZeitung\" \/>\n<meta property=\"og:description\" content=\"Die Fotografen Thomas J. Krebs und Ralf Dombrowski ergriffen die Chance, musikalische Augenblicke auf der B\u00fchne des M\u00fcnchner Jazzclubs Unterfahrt fotografisch festzuhalten, als es f\u00fcr das Publikum aufgrund der Beschr\u00e4nkungen nur m\u00f6glich war, die Konzerte per Livestream zu verfolgen. Seit vergangenem Freitag sind diese optischen Eindr\u00fccke in einer Ausstellung mit 26 Exponaten bei den Streaming-Konzerten, die nun wieder mit reduziertem Publikum stattfinden, vor Ort zu betrachten. Die Ausstellung mit dem Titel \u201eGoin\u2018 On! The Local Heroes Lockdown Sessions\u201c zeigt noch bis in den Herbst verschiedenste K\u00fcnstlerinnen und K\u00fcnstler bei musikalischen Momenten, die zu diesem Zeitpunkt nur durch Objektiv und Mikrophon erlebt werden konnten. S\u00e4mtliche Bilder der Ausstellung sind auch online in der Galerie des Jazzclubs zu sehen: https:\/\/www.unterfahrt.de\/gallery.php &nbsp; Titelfoto: Fotografenkollege Ralf Dombrowski im K\u00fcnstlergespr\u00e4ch mit dem Kontrabassisten Sven Faller und dem Saxophonisten Mulo Francel . Foto: Thomas J. Krebs\" \/>\n<meta property=\"og:url\" content=\"https:\/\/www.jazzzeitung.de\/cms\/2020\/08\/goin-on-the-local-heroes-lockdown-sessions-eine-fotoausstellung-in-der-unterfahrt-von-dombrowski-und-krebs\/\" \/>\n<meta property=\"og:site_name\" content=\"JazzZeitung\" \/>\n<meta property=\"article:publisher\" content=\"https:\/\/www.facebook.com\/JazzZeitung\/\" \/>\n<meta property=\"article:published_time\" content=\"2020-08-05T12:00:50+00:00\" \/>\n<meta property=\"og:image\" content=\"https:\/\/i0.wp.com\/www.jazzzeitung.de\/cms\/wp-content\/uploads\/2020\/08\/P1795009-Dombrowski-Falller-Francel-sw-Foto-TJ-Krebs-scaled.jpg?fit=2560%2C1707&ssl=1\" \/>\n\t<meta property=\"og:image:width\" content=\"2560\" \/>\n\t<meta property=\"og:image:height\" content=\"1707\" \/>\n\t<meta property=\"og:image:type\" content=\"image\/jpeg\" \/>\n<meta name=\"author\" content=\"Redaktion JazzZeitung\" \/>\n<script type=\"application\/ld+json\" class=\"yoast-schema-graph\">{\"@context\":\"https:\\\/\\\/schema.org\",\"@graph\":[{\"@type\":\"Article\",\"@id\":\"https:\\\/\\\/www.jazzzeitung.de\\\/cms\\\/2020\\\/08\\\/goin-on-the-local-heroes-lockdown-sessions-eine-fotoausstellung-in-der-unterfahrt-von-dombrowski-und-krebs\\\/#article\",\"isPartOf\":{\"@id\":\"https:\\\/\\\/www.jazzzeitung.de\\\/cms\\\/2020\\\/08\\\/goin-on-the-local-heroes-lockdown-sessions-eine-fotoausstellung-in-der-unterfahrt-von-dombrowski-und-krebs\\\/\"},\"author\":{\"name\":\"Redaktion JazzZeitung\",\"@id\":\"https:\\\/\\\/www.jazzzeitung.de\\\/cms\\\/#\\\/schema\\\/person\\\/2245b36b9cd1d24cea10f01c031fb92b\"},\"headline\":\"\u201eGoin\u2018 On! The Local Heroes Lockdown Sessions\u201c \u2013 eine Fotoausstellung in der Unterfahrt von Dombrowski und Krebs\",\"datePublished\":\"2020-08-05T12:00:50+00:00\",\"mainEntityOfPage\":{\"@id\":\"https:\\\/\\\/www.jazzzeitung.de\\\/cms\\\/2020\\\/08\\\/goin-on-the-local-heroes-lockdown-sessions-eine-fotoausstellung-in-der-unterfahrt-von-dombrowski-und-krebs\\\/\"},\"wordCount\":174,\"commentCount\":0,\"publisher\":{\"@id\":\"https:\\\/\\\/www.jazzzeitung.de\\\/cms\\\/#organization\"},\"image\":{\"@id\":\"https:\\\/\\\/www.jazzzeitung.de\\\/cms\\\/2020\\\/08\\\/goin-on-the-local-heroes-lockdown-sessions-eine-fotoausstellung-in-der-unterfahrt-von-dombrowski-und-krebs\\\/#primaryimage\"},\"thumbnailUrl\":\"https:\\\/\\\/i0.wp.com\\\/www.jazzzeitung.de\\\/cms\\\/wp-content\\\/uploads\\\/2020\\\/08\\\/P1795009-Dombrowski-Falller-Francel-sw-Foto-TJ-Krebs-scaled.jpg?fit=2560%2C1707&ssl=1\",\"articleSection\":[\"News\"],\"inLanguage\":\"de\",\"potentialAction\":[{\"@type\":\"CommentAction\",\"name\":\"Comment\",\"target\":[\"https:\\\/\\\/www.jazzzeitung.de\\\/cms\\\/2020\\\/08\\\/goin-on-the-local-heroes-lockdown-sessions-eine-fotoausstellung-in-der-unterfahrt-von-dombrowski-und-krebs\\\/#respond\"]}]},{\"@type\":\"WebPage\",\"@id\":\"https:\\\/\\\/www.jazzzeitung.de\\\/cms\\\/2020\\\/08\\\/goin-on-the-local-heroes-lockdown-sessions-eine-fotoausstellung-in-der-unterfahrt-von-dombrowski-und-krebs\\\/\",\"url\":\"https:\\\/\\\/www.jazzzeitung.de\\\/cms\\\/2020\\\/08\\\/goin-on-the-local-heroes-lockdown-sessions-eine-fotoausstellung-in-der-unterfahrt-von-dombrowski-und-krebs\\\/\",\"name\":\"\u201eGoin\u2018 On! The Local Heroes Lockdown Sessions\u201c \u2013 eine Fotoausstellung in der Unterfahrt von Dombrowski und Krebs - JazzZeitung\",\"isPartOf\":{\"@id\":\"https:\\\/\\\/www.jazzzeitung.de\\\/cms\\\/#website\"},\"primaryImageOfPage\":{\"@id\":\"https:\\\/\\\/www.jazzzeitung.de\\\/cms\\\/2020\\\/08\\\/goin-on-the-local-heroes-lockdown-sessions-eine-fotoausstellung-in-der-unterfahrt-von-dombrowski-und-krebs\\\/#primaryimage\"},\"image\":{\"@id\":\"https:\\\/\\\/www.jazzzeitung.de\\\/cms\\\/2020\\\/08\\\/goin-on-the-local-heroes-lockdown-sessions-eine-fotoausstellung-in-der-unterfahrt-von-dombrowski-und-krebs\\\/#primaryimage\"},\"thumbnailUrl\":\"https:\\\/\\\/i0.wp.com\\\/www.jazzzeitung.de\\\/cms\\\/wp-content\\\/uploads\\\/2020\\\/08\\\/P1795009-Dombrowski-Falller-Francel-sw-Foto-TJ-Krebs-scaled.jpg?fit=2560%2C1707&ssl=1\",\"datePublished\":\"2020-08-05T12:00:50+00:00\",\"breadcrumb\":{\"@id\":\"https:\\\/\\\/www.jazzzeitung.de\\\/cms\\\/2020\\\/08\\\/goin-on-the-local-heroes-lockdown-sessions-eine-fotoausstellung-in-der-unterfahrt-von-dombrowski-und-krebs\\\/#breadcrumb\"},\"inLanguage\":\"de\",\"potentialAction\":[{\"@type\":\"ReadAction\",\"target\":[\"https:\\\/\\\/www.jazzzeitung.de\\\/cms\\\/2020\\\/08\\\/goin-on-the-local-heroes-lockdown-sessions-eine-fotoausstellung-in-der-unterfahrt-von-dombrowski-und-krebs\\\/\"]}]},{\"@type\":\"ImageObject\",\"inLanguage\":\"de\",\"@id\":\"https:\\\/\\\/www.jazzzeitung.de\\\/cms\\\/2020\\\/08\\\/goin-on-the-local-heroes-lockdown-sessions-eine-fotoausstellung-in-der-unterfahrt-von-dombrowski-und-krebs\\\/#primaryimage\",\"url\":\"https:\\\/\\\/i0.wp.com\\\/www.jazzzeitung.de\\\/cms\\\/wp-content\\\/uploads\\\/2020\\\/08\\\/P1795009-Dombrowski-Falller-Francel-sw-Foto-TJ-Krebs-scaled.jpg?fit=2560%2C1707&ssl=1\",\"contentUrl\":\"https:\\\/\\\/i0.wp.com\\\/www.jazzzeitung.de\\\/cms\\\/wp-content\\\/uploads\\\/2020\\\/08\\\/P1795009-Dombrowski-Falller-Francel-sw-Foto-TJ-Krebs-scaled.jpg?fit=2560%2C1707&ssl=1\",\"width\":2560,\"height\":1707},{\"@type\":\"BreadcrumbList\",\"@id\":\"https:\\\/\\\/www.jazzzeitung.de\\\/cms\\\/2020\\\/08\\\/goin-on-the-local-heroes-lockdown-sessions-eine-fotoausstellung-in-der-unterfahrt-von-dombrowski-und-krebs\\\/#breadcrumb\",\"itemListElement\":[{\"@type\":\"ListItem\",\"position\":1,\"name\":\"Startseite\",\"item\":\"https:\\\/\\\/www.jazzzeitung.de\\\/cms\\\/\"},{\"@type\":\"ListItem\",\"position\":2,\"name\":\"\u201eGoin\u2018 On! The Local Heroes Lockdown Sessions\u201c \u2013 eine Fotoausstellung in der Unterfahrt von Dombrowski und Krebs\"}]},{\"@type\":\"WebSite\",\"@id\":\"https:\\\/\\\/www.jazzzeitung.de\\\/cms\\\/#website\",\"url\":\"https:\\\/\\\/www.jazzzeitung.de\\\/cms\\\/\",\"name\":\"JazzZeitung\",\"description\":\"Jazz-News und Jazz-Kontroverses\",\"publisher\":{\"@id\":\"https:\\\/\\\/www.jazzzeitung.de\\\/cms\\\/#organization\"},\"potentialAction\":[{\"@type\":\"SearchAction\",\"target\":{\"@type\":\"EntryPoint\",\"urlTemplate\":\"https:\\\/\\\/www.jazzzeitung.de\\\/cms\\\/?s={search_term_string}\"},\"query-input\":{\"@type\":\"PropertyValueSpecification\",\"valueRequired\":true,\"valueName\":\"search_term_string\"}}],\"inLanguage\":\"de\"},{\"@type\":\"Organization\",\"@id\":\"https:\\\/\\\/www.jazzzeitung.de\\\/cms\\\/#organization\",\"name\":\"JazzZeitung online\",\"url\":\"https:\\\/\\\/www.jazzzeitung.de\\\/cms\\\/\",\"logo\":{\"@type\":\"ImageObject\",\"inLanguage\":\"de\",\"@id\":\"https:\\\/\\\/www.jazzzeitung.de\\\/cms\\\/#\\\/schema\\\/logo\\\/image\\\/\",\"url\":\"https:\\\/\\\/i0.wp.com\\\/www.jazzzeitung.de\\\/cms\\\/wp-content\\\/uploads\\\/2015\\\/08\\\/JAZZZEITUNGDE_Logo_Neu.png?fit=499%2C200&ssl=1\",\"contentUrl\":\"https:\\\/\\\/i0.wp.com\\\/www.jazzzeitung.de\\\/cms\\\/wp-content\\\/uploads\\\/2015\\\/08\\\/JAZZZEITUNGDE_Logo_Neu.png?fit=499%2C200&ssl=1\",\"width\":499,\"height\":200,\"caption\":\"JazzZeitung online\"},\"image\":{\"@id\":\"https:\\\/\\\/www.jazzzeitung.de\\\/cms\\\/#\\\/schema\\\/logo\\\/image\\\/\"},\"sameAs\":[\"https:\\\/\\\/www.facebook.com\\\/JazzZeitung\\\/\"]},{\"@type\":\"Person\",\"@id\":\"https:\\\/\\\/www.jazzzeitung.de\\\/cms\\\/#\\\/schema\\\/person\\\/2245b36b9cd1d24cea10f01c031fb92b\",\"name\":\"Redaktion JazzZeitung\",\"image\":{\"@type\":\"ImageObject\",\"inLanguage\":\"de\",\"@id\":\"https:\\\/\\\/i0.wp.com\\\/www.jazzzeitung.de\\\/cms\\\/wp-content\\\/uploads\\\/2015\\\/08\\\/JAZZZEITUNGDE_Logo_Neu.png?resize=96%2C96&ssl=159975dcacb611b5700bd619b5daf0a7a\",\"url\":\"https:\\\/\\\/i0.wp.com\\\/www.jazzzeitung.de\\\/cms\\\/wp-content\\\/uploads\\\/2015\\\/08\\\/JAZZZEITUNGDE_Logo_Neu.png?resize=96%2C96&ssl=1\",\"contentUrl\":\"https:\\\/\\\/i0.wp.com\\\/www.jazzzeitung.de\\\/cms\\\/wp-content\\\/uploads\\\/2015\\\/08\\\/JAZZZEITUNGDE_Logo_Neu.png?resize=96%2C96&ssl=1\",\"caption\":\"Redaktion JazzZeitung\"},\"description\":\"Artikel der Redaktion der JazzZeitung.\",\"sameAs\":[\"http:\\\/\\\/www.jazzzeitung.de\\\/cms\\\/\"],\"url\":\"https:\\\/\\\/www.jazzzeitung.de\\\/cms\\\/author\\\/redaktion\\\/\"}]}<\/script>\n<!-- \/ Yoast SEO plugin. -->","yoast_head_json":{"title":"\u201eGoin\u2018 On! The Local Heroes Lockdown Sessions\u201c \u2013 eine Fotoausstellung in der Unterfahrt von Dombrowski und Krebs - JazzZeitung","robots":{"index":"index","follow":"follow","max-snippet":"max-snippet:-1","max-image-preview":"max-image-preview:large","max-video-preview":"max-video-preview:-1"},"canonical":"https:\/\/www.jazzzeitung.de\/cms\/2020\/08\/goin-on-the-local-heroes-lockdown-sessions-eine-fotoausstellung-in-der-unterfahrt-von-dombrowski-und-krebs\/","og_locale":"de_DE","og_type":"article","og_title":"\u201eGoin\u2018 On! The Local Heroes Lockdown Sessions\u201c \u2013 eine Fotoausstellung in der Unterfahrt von Dombrowski und Krebs - JazzZeitung","og_description":"Die Fotografen Thomas J. Krebs und Ralf Dombrowski ergriffen die Chance, musikalische Augenblicke auf der B\u00fchne des M\u00fcnchner Jazzclubs Unterfahrt fotografisch festzuhalten, als es f\u00fcr das Publikum aufgrund der Beschr\u00e4nkungen nur m\u00f6glich war, die Konzerte per Livestream zu verfolgen. Seit vergangenem Freitag sind diese optischen Eindr\u00fccke in einer Ausstellung mit 26 Exponaten bei den Streaming-Konzerten, die nun wieder mit reduziertem Publikum stattfinden, vor Ort zu betrachten. Die Ausstellung mit dem Titel \u201eGoin\u2018 On! The Local Heroes Lockdown Sessions\u201c zeigt noch bis in den Herbst verschiedenste K\u00fcnstlerinnen und K\u00fcnstler bei musikalischen Momenten, die zu diesem Zeitpunkt nur durch Objektiv und Mikrophon erlebt werden konnten. S\u00e4mtliche Bilder der Ausstellung sind auch online in der Galerie des Jazzclubs zu sehen: https:\/\/www.unterfahrt.de\/gallery.php &nbsp; Titelfoto: Fotografenkollege Ralf Dombrowski im K\u00fcnstlergespr\u00e4ch mit dem Kontrabassisten Sven Faller und dem Saxophonisten Mulo Francel . Foto: Thomas J. Krebs","og_url":"https:\/\/www.jazzzeitung.de\/cms\/2020\/08\/goin-on-the-local-heroes-lockdown-sessions-eine-fotoausstellung-in-der-unterfahrt-von-dombrowski-und-krebs\/","og_site_name":"JazzZeitung","article_publisher":"https:\/\/www.facebook.com\/JazzZeitung\/","article_published_time":"2020-08-05T12:00:50+00:00","og_image":[{"width":2560,"height":1707,"url":"https:\/\/i0.wp.com\/www.jazzzeitung.de\/cms\/wp-content\/uploads\/2020\/08\/P1795009-Dombrowski-Falller-Francel-sw-Foto-TJ-Krebs-scaled.jpg?fit=2560%2C1707&ssl=1","type":"image\/jpeg"}],"author":"Redaktion JazzZeitung","schema":{"@context":"https:\/\/schema.org","@graph":[{"@type":"Article","@id":"https:\/\/www.jazzzeitung.de\/cms\/2020\/08\/goin-on-the-local-heroes-lockdown-sessions-eine-fotoausstellung-in-der-unterfahrt-von-dombrowski-und-krebs\/#article","isPartOf":{"@id":"https:\/\/www.jazzzeitung.de\/cms\/2020\/08\/goin-on-the-local-heroes-lockdown-sessions-eine-fotoausstellung-in-der-unterfahrt-von-dombrowski-und-krebs\/"},"author":{"name":"Redaktion JazzZeitung","@id":"https:\/\/www.jazzzeitung.de\/cms\/#\/schema\/person\/2245b36b9cd1d24cea10f01c031fb92b"},"headline":"\u201eGoin\u2018 On! The Local Heroes Lockdown Sessions\u201c \u2013 eine Fotoausstellung in der Unterfahrt von Dombrowski und Krebs","datePublished":"2020-08-05T12:00:50+00:00","mainEntityOfPage":{"@id":"https:\/\/www.jazzzeitung.de\/cms\/2020\/08\/goin-on-the-local-heroes-lockdown-sessions-eine-fotoausstellung-in-der-unterfahrt-von-dombrowski-und-krebs\/"},"wordCount":174,"commentCount":0,"publisher":{"@id":"https:\/\/www.jazzzeitung.de\/cms\/#organization"},"image":{"@id":"https:\/\/www.jazzzeitung.de\/cms\/2020\/08\/goin-on-the-local-heroes-lockdown-sessions-eine-fotoausstellung-in-der-unterfahrt-von-dombrowski-und-krebs\/#primaryimage"},"thumbnailUrl":"https:\/\/i0.wp.com\/www.jazzzeitung.de\/cms\/wp-content\/uploads\/2020\/08\/P1795009-Dombrowski-Falller-Francel-sw-Foto-TJ-Krebs-scaled.jpg?fit=2560%2C1707&ssl=1","articleSection":["News"],"inLanguage":"de","potentialAction":[{"@type":"CommentAction","name":"Comment","target":["https:\/\/www.jazzzeitung.de\/cms\/2020\/08\/goin-on-the-local-heroes-lockdown-sessions-eine-fotoausstellung-in-der-unterfahrt-von-dombrowski-und-krebs\/#respond"]}]},{"@type":"WebPage","@id":"https:\/\/www.jazzzeitung.de\/cms\/2020\/08\/goin-on-the-local-heroes-lockdown-sessions-eine-fotoausstellung-in-der-unterfahrt-von-dombrowski-und-krebs\/","url":"https:\/\/www.jazzzeitung.de\/cms\/2020\/08\/goin-on-the-local-heroes-lockdown-sessions-eine-fotoausstellung-in-der-unterfahrt-von-dombrowski-und-krebs\/","name":"\u201eGoin\u2018 On! The Local Heroes Lockdown Sessions\u201c \u2013 eine Fotoausstellung in der Unterfahrt von Dombrowski und Krebs - JazzZeitung","isPartOf":{"@id":"https:\/\/www.jazzzeitung.de\/cms\/#website"},"primaryImageOfPage":{"@id":"https:\/\/www.jazzzeitung.de\/cms\/2020\/08\/goin-on-the-local-heroes-lockdown-sessions-eine-fotoausstellung-in-der-unterfahrt-von-dombrowski-und-krebs\/#primaryimage"},"image":{"@id":"https:\/\/www.jazzzeitung.de\/cms\/2020\/08\/goin-on-the-local-heroes-lockdown-sessions-eine-fotoausstellung-in-der-unterfahrt-von-dombrowski-und-krebs\/#primaryimage"},"thumbnailUrl":"https:\/\/i0.wp.com\/www.jazzzeitung.de\/cms\/wp-content\/uploads\/2020\/08\/P1795009-Dombrowski-Falller-Francel-sw-Foto-TJ-Krebs-scaled.jpg?fit=2560%2C1707&ssl=1","datePublished":"2020-08-05T12:00:50+00:00","breadcrumb":{"@id":"https:\/\/www.jazzzeitung.de\/cms\/2020\/08\/goin-on-the-local-heroes-lockdown-sessions-eine-fotoausstellung-in-der-unterfahrt-von-dombrowski-und-krebs\/#breadcrumb"},"inLanguage":"de","potentialAction":[{"@type":"ReadAction","target":["https:\/\/www.jazzzeitung.de\/cms\/2020\/08\/goin-on-the-local-heroes-lockdown-sessions-eine-fotoausstellung-in-der-unterfahrt-von-dombrowski-und-krebs\/"]}]},{"@type":"ImageObject","inLanguage":"de","@id":"https:\/\/www.jazzzeitung.de\/cms\/2020\/08\/goin-on-the-local-heroes-lockdown-sessions-eine-fotoausstellung-in-der-unterfahrt-von-dombrowski-und-krebs\/#primaryimage","url":"https:\/\/i0.wp.com\/www.jazzzeitung.de\/cms\/wp-content\/uploads\/2020\/08\/P1795009-Dombrowski-Falller-Francel-sw-Foto-TJ-Krebs-scaled.jpg?fit=2560%2C1707&ssl=1","contentUrl":"https:\/\/i0.wp.com\/www.jazzzeitung.de\/cms\/wp-content\/uploads\/2020\/08\/P1795009-Dombrowski-Falller-Francel-sw-Foto-TJ-Krebs-scaled.jpg?fit=2560%2C1707&ssl=1","width":2560,"height":1707},{"@type":"BreadcrumbList","@id":"https:\/\/www.jazzzeitung.de\/cms\/2020\/08\/goin-on-the-local-heroes-lockdown-sessions-eine-fotoausstellung-in-der-unterfahrt-von-dombrowski-und-krebs\/#breadcrumb","itemListElement":[{"@type":"ListItem","position":1,"name":"Startseite","item":"https:\/\/www.jazzzeitung.de\/cms\/"},{"@type":"ListItem","position":2,"name":"\u201eGoin\u2018 On! The Local Heroes Lockdown Sessions\u201c \u2013 eine Fotoausstellung in der Unterfahrt von Dombrowski und Krebs"}]},{"@type":"WebSite","@id":"https:\/\/www.jazzzeitung.de\/cms\/#website","url":"https:\/\/www.jazzzeitung.de\/cms\/","name":"JazzZeitung","description":"Jazz-News und Jazz-Kontroverses","publisher":{"@id":"https:\/\/www.jazzzeitung.de\/cms\/#organization"},"potentialAction":[{"@type":"SearchAction","target":{"@type":"EntryPoint","urlTemplate":"https:\/\/www.jazzzeitung.de\/cms\/?s={search_term_string}"},"query-input":{"@type":"PropertyValueSpecification","valueRequired":true,"valueName":"search_term_string"}}],"inLanguage":"de"},{"@type":"Organization","@id":"https:\/\/www.jazzzeitung.de\/cms\/#organization","name":"JazzZeitung online","url":"https:\/\/www.jazzzeitung.de\/cms\/","logo":{"@type":"ImageObject","inLanguage":"de","@id":"https:\/\/www.jazzzeitung.de\/cms\/#\/schema\/logo\/image\/","url":"https:\/\/i0.wp.com\/www.jazzzeitung.de\/cms\/wp-content\/uploads\/2015\/08\/JAZZZEITUNGDE_Logo_Neu.png?fit=499%2C200&ssl=1","contentUrl":"https:\/\/i0.wp.com\/www.jazzzeitung.de\/cms\/wp-content\/uploads\/2015\/08\/JAZZZEITUNGDE_Logo_Neu.png?fit=499%2C200&ssl=1","width":499,"height":200,"caption":"JazzZeitung online"},"image":{"@id":"https:\/\/www.jazzzeitung.de\/cms\/#\/schema\/logo\/image\/"},"sameAs":["https:\/\/www.facebook.com\/JazzZeitung\/"]},{"@type":"Person","@id":"https:\/\/www.jazzzeitung.de\/cms\/#\/schema\/person\/2245b36b9cd1d24cea10f01c031fb92b","name":"Redaktion JazzZeitung","image":{"@type":"ImageObject","inLanguage":"de","@id":"https:\/\/i0.wp.com\/www.jazzzeitung.de\/cms\/wp-content\/uploads\/2015\/08\/JAZZZEITUNGDE_Logo_Neu.png?resize=96%2C96&ssl=159975dcacb611b5700bd619b5daf0a7a","url":"https:\/\/i0.wp.com\/www.jazzzeitung.de\/cms\/wp-content\/uploads\/2015\/08\/JAZZZEITUNGDE_Logo_Neu.png?resize=96%2C96&ssl=1","contentUrl":"https:\/\/i0.wp.com\/www.jazzzeitung.de\/cms\/wp-content\/uploads\/2015\/08\/JAZZZEITUNGDE_Logo_Neu.png?resize=96%2C96&ssl=1","caption":"Redaktion JazzZeitung"},"description":"Artikel der Redaktion der JazzZeitung.","sameAs":["http:\/\/www.jazzzeitung.de\/cms\/"],"url":"https:\/\/www.jazzzeitung.de\/cms\/author\/redaktion\/"}]}},"wp-worthy-pixel":{"ignored":false,"public":null,"server":null,"url":null},"wp-worthy-type":"normal","jetpack_publicize_connections":[],"cc_featured_image_caption":{"caption_text":"","source_text":"","source_url":""},"jetpack_featured_media_url":"https:\/\/i0.wp.com\/www.jazzzeitung.de\/cms\/wp-content\/uploads\/2020\/08\/P1795009-Dombrowski-Falller-Francel-sw-Foto-TJ-Krebs-scaled.jpg?fit=2560%2C1707&ssl=1","jetpack_shortlink":"https:\/\/wp.me\/p3KEcT-610","jetpack-related-posts":[{"id":10996,"url":"https:\/\/www.jazzzeitung.de\/cms\/2016\/11\/vernissage-von-thomas-j-krebs-in-der-unterfahrt\/","url_meta":{"origin":23126,"position":0},"title":"Vernissage von Thomas J. Krebs in der Unterfahrt","author":"Redaktion JazzZeitung","date":"17. November 2016","format":false,"excerpt":"Thomas J. Krebs fotgrafiert seid genau 50 Jahren. Mit 6 Jahren bekam er seine erste Kamera geschenkt. Seitdem macht er Bilder \u2013 heute vor allem von Jazzern, seit 1992 auch f\u00fcr die JazzZeitung. Am vergangenen Sonntag er\u00f6ffnete der Jurist seine Vernissage \"Jazz - Live, Keys & Sticks, Fotografien von Thomas\u2026","rel":"","context":"In &quot;Galerie&quot;","block_context":{"text":"Galerie","link":"https:\/\/www.jazzzeitung.de\/cms\/thema\/galerie\/"},"img":{"alt_text":"","src":"https:\/\/i0.wp.com\/www.jazzzeitung.de\/cms\/wp-content\/uploads\/2016\/11\/DSC05807.jpg?resize=350%2C200","width":350,"height":200,"srcset":"https:\/\/i0.wp.com\/www.jazzzeitung.de\/cms\/wp-content\/uploads\/2016\/11\/DSC05807.jpg?resize=350%2C200 1x, https:\/\/i0.wp.com\/www.jazzzeitung.de\/cms\/wp-content\/uploads\/2016\/11\/DSC05807.jpg?resize=525%2C300 1.5x, https:\/\/i0.wp.com\/www.jazzzeitung.de\/cms\/wp-content\/uploads\/2016\/11\/DSC05807.jpg?resize=700%2C400 2x, https:\/\/i0.wp.com\/www.jazzzeitung.de\/cms\/wp-content\/uploads\/2016\/11\/DSC05807.jpg?resize=1050%2C600 3x"},"classes":[]},{"id":3357,"url":"https:\/\/www.jazzzeitung.de\/cms\/2014\/01\/eine-frage-der-aura-die-jazzfotoausstellung-dombrowski-faces-traces-der-muenchner-unterfahrt\/","url_meta":{"origin":23126,"position":1},"title":"Eine Frage der Aura: die Jazzfotoausstellung \u201edombrowski: faces &#8211; traces\u201c in der M\u00fcnchner Unterfahrt","author":"Redaktion JazzZeitung","date":"12. Januar 2014","format":false,"excerpt":"Ganz ohne Leidenschaft geht es nicht. Denn sonst w\u00fcrden die vielen Konzerte, die man als Musikjournalist im Laufe seiner Arbeit erlebt, irgendwann zur H\u00f6rroutine. Eine schreckliche Vorstellung, sowohl f\u00fcr den, der da auf der B\u00fchne steht und von einem Kritiker be\u00e4ugt wird, als auch f\u00fcr den, der sich im Publikum\u2026","rel":"","context":"In &quot;News&quot;","block_context":{"text":"News","link":"https:\/\/www.jazzzeitung.de\/cms\/thema\/nachrichten\/"},"img":{"alt_text":"","src":"https:\/\/i0.wp.com\/www.jazzzeitung.de\/cms\/wp-content\/uploads\/2014\/01\/Stucky-dombr.jpg?fit=800%2C1200&ssl=1&resize=350%2C200","width":350,"height":200,"srcset":"https:\/\/i0.wp.com\/www.jazzzeitung.de\/cms\/wp-content\/uploads\/2014\/01\/Stucky-dombr.jpg?fit=800%2C1200&ssl=1&resize=350%2C200 1x, https:\/\/i0.wp.com\/www.jazzzeitung.de\/cms\/wp-content\/uploads\/2014\/01\/Stucky-dombr.jpg?fit=800%2C1200&ssl=1&resize=525%2C300 1.5x, https:\/\/i0.wp.com\/www.jazzzeitung.de\/cms\/wp-content\/uploads\/2014\/01\/Stucky-dombr.jpg?fit=800%2C1200&ssl=1&resize=700%2C400 2x"},"classes":[]},{"id":15415,"url":"https:\/\/www.jazzzeitung.de\/cms\/2018\/03\/40-jahre-jazzclub-unterfahrt-vier-spannende-tage\/","url_meta":{"origin":23126,"position":2},"title":"40 Jahre Jazzclub Unterfahrt \u2013 Vier spannende Tage","author":"Thomas J. Krebs","date":"22. M\u00e4rz 2018","format":false,"excerpt":"Zw\u00f6lf abwechslungsreiche und spannende Konzerte, ein begleitendes Jazz-Filmprogramm mit anschlie\u00dfenden Fach-Diskussionen \u2013 all night long, bis in den fr\u00fchen Morgen. Alle Veranstaltungen sehr gut bis vollkommen ausverkauft, feiern ohne Ende, Begegnungen, Gespr\u00e4che, gute Laune, erstklassige Musik, Bier, Wein und Gesang\u2026 das Sch\u00f6ne an so einem Jazzclub-Geburtstag ist die N\u00e4he der\u2026","rel":"","context":"In &quot;Bericht&quot;","block_context":{"text":"Bericht","link":"https:\/\/www.jazzzeitung.de\/cms\/thema\/bericht\/"},"img":{"alt_text":"","src":"https:\/\/i0.wp.com\/www.jazzzeitung.de\/cms\/wp-content\/uploads\/2018\/03\/Betzl-Trio-Foto-TJ-Krebs-jazzphotoagency%40web.de_.jpg?fit=1200%2C800&ssl=1&resize=350%2C200","width":350,"height":200,"srcset":"https:\/\/i0.wp.com\/www.jazzzeitung.de\/cms\/wp-content\/uploads\/2018\/03\/Betzl-Trio-Foto-TJ-Krebs-jazzphotoagency%40web.de_.jpg?fit=1200%2C800&ssl=1&resize=350%2C200 1x, https:\/\/i0.wp.com\/www.jazzzeitung.de\/cms\/wp-content\/uploads\/2018\/03\/Betzl-Trio-Foto-TJ-Krebs-jazzphotoagency%40web.de_.jpg?fit=1200%2C800&ssl=1&resize=525%2C300 1.5x, https:\/\/i0.wp.com\/www.jazzzeitung.de\/cms\/wp-content\/uploads\/2018\/03\/Betzl-Trio-Foto-TJ-Krebs-jazzphotoagency%40web.de_.jpg?fit=1200%2C800&ssl=1&resize=700%2C400 2x, https:\/\/i0.wp.com\/www.jazzzeitung.de\/cms\/wp-content\/uploads\/2018\/03\/Betzl-Trio-Foto-TJ-Krebs-jazzphotoagency%40web.de_.jpg?fit=1200%2C800&ssl=1&resize=1050%2C600 3x"},"classes":[]},{"id":24170,"url":"https:\/\/www.jazzzeitung.de\/cms\/2021\/01\/maik-krahl-quartett-mit-seinem-programm-fraction-live-im-jazzclub-unterfahrt\/","url_meta":{"origin":23126,"position":3},"title":"Maik Krahl Quartett mit seinem Programm Fraction live im Jazzclub Unterfahrt\u00a0","author":"Thomas J. Krebs","date":"16. Januar 2021","format":false,"excerpt":"Der K\u00f6lner Trompeter Maik Krahl hat sich im Laufe der letzten Jahre in der Jazz-Szene etabliert und sein Ruf als Trompeter der neuen wilden Generation eilt ihm bereits voraus. Mit der aktuellen CD \u201eFRACTION\u201c, erschienen auf dem holl\u00e4ndischen Challenge Label, f\u00fchrt er seinen kompositorischen Ansatz konsequent fort, wobei das Album\u2026","rel":"","context":"In &quot;Bericht&quot;","block_context":{"text":"Bericht","link":"https:\/\/www.jazzzeitung.de\/cms\/thema\/bericht\/"},"img":{"alt_text":"","src":"https:\/\/i0.wp.com\/www.jazzzeitung.de\/cms\/wp-content\/uploads\/2021\/01\/P2028180-Lutz-Krahl-Foto-TJ-Krebs.jpg?fit=800%2C533&ssl=1&resize=350%2C200","width":350,"height":200,"srcset":"https:\/\/i0.wp.com\/www.jazzzeitung.de\/cms\/wp-content\/uploads\/2021\/01\/P2028180-Lutz-Krahl-Foto-TJ-Krebs.jpg?fit=800%2C533&ssl=1&resize=350%2C200 1x, https:\/\/i0.wp.com\/www.jazzzeitung.de\/cms\/wp-content\/uploads\/2021\/01\/P2028180-Lutz-Krahl-Foto-TJ-Krebs.jpg?fit=800%2C533&ssl=1&resize=525%2C300 1.5x, https:\/\/i0.wp.com\/www.jazzzeitung.de\/cms\/wp-content\/uploads\/2021\/01\/P2028180-Lutz-Krahl-Foto-TJ-Krebs.jpg?fit=800%2C533&ssl=1&resize=700%2C400 2x"},"classes":[]},{"id":7785,"url":"https:\/\/www.jazzzeitung.de\/cms\/2015\/11\/7785\/","url_meta":{"origin":23126,"position":4},"title":"Kamasi Washington in der Unterfahrt \u2013 ganz gro\u00dfer Bahnhof","author":"Redaktion JazzZeitung","date":"20. November 2015","format":"gallery","excerpt":"Kamasi Washington in der Unterfahrt \u2013 ganz gro\u00dfer Bahnhof: das Konzert seit 5 Monaten ausverkauft, ein Zusatzkonzert vorgeschaltet, um der Nachfrage zumindest ein wenig gerecht zu werden, ein 18m langer Nightliner vor dem Club, sowas erlebt die Unterfahrt auch nicht alle Tage\u2026und dann: Jazzer steigen aus, ohne All\u00fcren, entspannt, freundlich,\u2026","rel":"","context":"In &quot;Galerie&quot;","block_context":{"text":"Galerie","link":"https:\/\/www.jazzzeitung.de\/cms\/thema\/galerie\/"},"img":{"alt_text":"","src":"https:\/\/i0.wp.com\/www.jazzzeitung.de\/cms\/wp-content\/uploads\/2015\/11\/P1110609-Washington-Kamasi-Foto-TJ-Krebs-jazzphotoagency.jpg?resize=350%2C200","width":350,"height":200,"srcset":"https:\/\/i0.wp.com\/www.jazzzeitung.de\/cms\/wp-content\/uploads\/2015\/11\/P1110609-Washington-Kamasi-Foto-TJ-Krebs-jazzphotoagency.jpg?resize=350%2C200 1x, https:\/\/i0.wp.com\/www.jazzzeitung.de\/cms\/wp-content\/uploads\/2015\/11\/P1110609-Washington-Kamasi-Foto-TJ-Krebs-jazzphotoagency.jpg?resize=525%2C300 1.5x, https:\/\/i0.wp.com\/www.jazzzeitung.de\/cms\/wp-content\/uploads\/2015\/11\/P1110609-Washington-Kamasi-Foto-TJ-Krebs-jazzphotoagency.jpg?resize=700%2C400 2x, https:\/\/i0.wp.com\/www.jazzzeitung.de\/cms\/wp-content\/uploads\/2015\/11\/P1110609-Washington-Kamasi-Foto-TJ-Krebs-jazzphotoagency.jpg?resize=1050%2C600 3x, https:\/\/i0.wp.com\/www.jazzzeitung.de\/cms\/wp-content\/uploads\/2015\/11\/P1110609-Washington-Kamasi-Foto-TJ-Krebs-jazzphotoagency.jpg?resize=1400%2C800 4x"},"classes":[]},{"id":24537,"url":"https:\/\/www.jazzzeitung.de\/cms\/2021\/03\/ein-jahr-lockdown-jubilaeum-im-jazzclub-unterfahrt-mit-lionel-loueke-solo-hh-live-stream-konzert\/","url_meta":{"origin":23126,"position":5},"title":"Ein Jahr Lockdown: \u201eJubil\u00e4um\u201c im Jazzclub Unterfahrt mit Lionel Loueke solo \u201eHH\u201c Live-Stream Konzert","author":"Thomas J. Krebs","date":"16. M\u00e4rz 2021","format":false,"excerpt":"Eigentlich war alles geplant: eine gro\u00dfe Tour mit Herbie Hancock zu seinem 80. Geburtstag, die Ver\u00f6ffentlichung einer Solo CD mit begleitenden Club-Konzerten im Herbst \u2026 und dann kam schlie\u00dflich alles anders! Aber irgendwie muss man sich in dieser Situation zu helfen wissen. Da sich der Gitarrist Lionel Loueke momentan in\u2026","rel":"","context":"In &quot;Bericht&quot;","block_context":{"text":"Bericht","link":"https:\/\/www.jazzzeitung.de\/cms\/thema\/bericht\/"},"img":{"alt_text":"","src":"https:\/\/i0.wp.com\/www.jazzzeitung.de\/cms\/wp-content\/uploads\/2021\/03\/P2128685-sw-Loueke-Foto-TJ-Krebs.jpg?fit=1200%2C800&ssl=1&resize=350%2C200","width":350,"height":200,"srcset":"https:\/\/i0.wp.com\/www.jazzzeitung.de\/cms\/wp-content\/uploads\/2021\/03\/P2128685-sw-Loueke-Foto-TJ-Krebs.jpg?fit=1200%2C800&ssl=1&resize=350%2C200 1x, https:\/\/i0.wp.com\/www.jazzzeitung.de\/cms\/wp-content\/uploads\/2021\/03\/P2128685-sw-Loueke-Foto-TJ-Krebs.jpg?fit=1200%2C800&ssl=1&resize=525%2C300 1.5x, https:\/\/i0.wp.com\/www.jazzzeitung.de\/cms\/wp-content\/uploads\/2021\/03\/P2128685-sw-Loueke-Foto-TJ-Krebs.jpg?fit=1200%2C800&ssl=1&resize=700%2C400 2x, https:\/\/i0.wp.com\/www.jazzzeitung.de\/cms\/wp-content\/uploads\/2021\/03\/P2128685-sw-Loueke-Foto-TJ-Krebs.jpg?fit=1200%2C800&ssl=1&resize=1050%2C600 3x"},"classes":[]}],"jetpack_sharing_enabled":true,"_links":{"self":[{"href":"https:\/\/www.jazzzeitung.de\/cms\/wp-json\/wp\/v2\/posts\/23126","targetHints":{"allow":["GET"]}}],"collection":[{"href":"https:\/\/www.jazzzeitung.de\/cms\/wp-json\/wp\/v2\/posts"}],"about":[{"href":"https:\/\/www.jazzzeitung.de\/cms\/wp-json\/wp\/v2\/types\/post"}],"author":[{"embeddable":true,"href":"https:\/\/www.jazzzeitung.de\/cms\/wp-json\/wp\/v2\/users\/18"}],"replies":[{"embeddable":true,"href":"https:\/\/www.jazzzeitung.de\/cms\/wp-json\/wp\/v2\/comments?post=23126"}],"version-history":[{"count":3,"href":"https:\/\/www.jazzzeitung.de\/cms\/wp-json\/wp\/v2\/posts\/23126\/revisions"}],"predecessor-version":[{"id":23132,"href":"https:\/\/www.jazzzeitung.de\/cms\/wp-json\/wp\/v2\/posts\/23126\/revisions\/23132"}],"wp:featuredmedia":[{"embeddable":true,"href":"https:\/\/www.jazzzeitung.de\/cms\/wp-json\/wp\/v2\/media\/23127"}],"wp:attachment":[{"href":"https:\/\/www.jazzzeitung.de\/cms\/wp-json\/wp\/v2\/media?parent=23126"}],"wp:term":[{"taxonomy":"category","embeddable":true,"href":"https:\/\/www.jazzzeitung.de\/cms\/wp-json\/wp\/v2\/categories?post=23126"},{"taxonomy":"post_tag","embeddable":true,"href":"https:\/\/www.jazzzeitung.de\/cms\/wp-json\/wp\/v2\/tags?post=23126"},{"taxonomy":"author","embeddable":true,"href":"https:\/\/www.jazzzeitung.de\/cms\/wp-json\/wp\/v2\/coauthors?post=23126"}],"curies":[{"name":"wp","href":"https:\/\/api.w.org\/{rel}","templated":true}]}}