{"id":23008,"date":"2020-07-23T12:55:28","date_gmt":"2020-07-23T10:55:28","guid":{"rendered":"https:\/\/www.jazzzeitung.de\/cms\/?p=23008"},"modified":"2020-07-22T13:02:06","modified_gmt":"2020-07-22T11:02:06","slug":"rote-rosen-regnen-im-coolen-gypsy-sound","status":"publish","type":"post","link":"https:\/\/www.jazzzeitung.de\/cms\/2020\/07\/rote-rosen-regnen-im-coolen-gypsy-sound\/","title":{"rendered":"\u201eRote Rosen\u201c regnen im coolen Gypsy-Sound"},"content":{"rendered":"<p>Von Michael Scheiner.\u00a0Traubeli Weiss, der vor einigen Jahren verstorbene, popul\u00e4re Gipsyswing-Gitarrist, war der Onkel von David und Danino Weiss. Von ihm und anderen der weit verzweigten Familie haben die beiden Straubinger Musiker, Cousins, die sich seit ihrer Kindheit als Br\u00fcder verstehen, viel gelernt. Meist durch\u00a0 Abschauen. Er hat sie auch ermuntert mit der Musik weiterzumachen. Aktuell pr\u00e4sentieren die beiden voller Stolz ein neues, ihr zweites Album, welches soeben erschienen ist.\u00a0Stand die erste CD\u00a0 (Violets For Your Furs) noch ganz im Zeichen der amerikanischen Jazztradition, wie der von Frank Sinatra popul\u00e4r gemachte Titelsong erkennen l\u00e4sst, folgt jetzt eine R\u00fcckbesinnung aufs europ\u00e4ische Erbe. Aufs franz\u00f6sische vor allem, denn etliche der Songperlen sind von gro\u00dfen franz\u00f6sischen Entertainern und Komponisten geschrieben worden. So wird Joseph Cosmas \u201eClair De Lune\u201c mit wunderbar einf\u00fchlsamen, melancholischen Akkordeon- und Klavierlinien eigenwillig umspielt. Aufs Tempo dr\u00fccken die Weiss-Br\u00fcder bei Charles Aznavours \u201eJ\u2019aime Paris au mois de Mai\u201c, welches sie mit Hilfe des grandiosen M\u00fcnchner Groovemeisters Guido May und Trio-Elf-Bassist Peter Cudek im harten Hot-Swing beschleunigen. Ihm und dem ebenfalls im vorigen Jahr verstorbenen Filmmusikkomponisten Michel Legrand widmen sie das Album \u201eThe New Gipsy Sound\u201c. Mit dem zukunftsweisenden Titel kn\u00fcpfen sie an die Idee der New Gipsy Generation an, der letzten Band ihres Onkels.<\/p>\n<p><a href=\"https:\/\/i0.wp.com\/www.jazzzeitung.de\/cms\/wp-content\/uploads\/2020\/07\/cover_DD-Weiss-Q-The-New-Gipsy_Sound-scaled.jpg?ssl=1\"><img data-recalc-dims=\"1\" loading=\"lazy\" decoding=\"async\" data-attachment-id=\"23009\" data-permalink=\"https:\/\/www.jazzzeitung.de\/cms\/2020\/07\/rote-rosen-regnen-im-coolen-gypsy-sound\/cover_dd-weiss-q-the-new-gipsy_sound\/\" data-orig-file=\"https:\/\/i0.wp.com\/www.jazzzeitung.de\/cms\/wp-content\/uploads\/2020\/07\/cover_DD-Weiss-Q-The-New-Gipsy_Sound-scaled.jpg?fit=2560%2C2560&amp;ssl=1\" data-orig-size=\"2560,2560\" data-comments-opened=\"1\" data-image-meta=\"{&quot;aperture&quot;:&quot;0&quot;,&quot;credit&quot;:&quot;&quot;,&quot;camera&quot;:&quot;&quot;,&quot;caption&quot;:&quot;&quot;,&quot;created_timestamp&quot;:&quot;1581678238&quot;,&quot;copyright&quot;:&quot;&quot;,&quot;focal_length&quot;:&quot;0&quot;,&quot;iso&quot;:&quot;0&quot;,&quot;shutter_speed&quot;:&quot;0&quot;,&quot;title&quot;:&quot;&quot;,&quot;orientation&quot;:&quot;1&quot;}\" data-image-title=\"cover_D+D Weiss Q&amp;#8211;The New Gipsy_Sound\" data-image-description=\"\" data-image-caption=\"\" data-large-file=\"https:\/\/i0.wp.com\/www.jazzzeitung.de\/cms\/wp-content\/uploads\/2020\/07\/cover_DD-Weiss-Q-The-New-Gipsy_Sound-scaled.jpg?fit=600%2C600&amp;ssl=1\" class=\"alignleft size-medium wp-image-23009\" src=\"https:\/\/i0.wp.com\/www.jazzzeitung.de\/cms\/wp-content\/uploads\/2020\/07\/cover_DD-Weiss-Q-The-New-Gipsy_Sound.jpg?resize=300%2C300&#038;ssl=1\" alt=\"\" width=\"300\" height=\"300\" srcset=\"https:\/\/i0.wp.com\/www.jazzzeitung.de\/cms\/wp-content\/uploads\/2020\/07\/cover_DD-Weiss-Q-The-New-Gipsy_Sound-scaled.jpg?resize=300%2C300&amp;ssl=1 300w, https:\/\/i0.wp.com\/www.jazzzeitung.de\/cms\/wp-content\/uploads\/2020\/07\/cover_DD-Weiss-Q-The-New-Gipsy_Sound-scaled.jpg?resize=600%2C600&amp;ssl=1 600w, https:\/\/i0.wp.com\/www.jazzzeitung.de\/cms\/wp-content\/uploads\/2020\/07\/cover_DD-Weiss-Q-The-New-Gipsy_Sound-scaled.jpg?resize=150%2C150&amp;ssl=1 150w, https:\/\/i0.wp.com\/www.jazzzeitung.de\/cms\/wp-content\/uploads\/2020\/07\/cover_DD-Weiss-Q-The-New-Gipsy_Sound-scaled.jpg?resize=768%2C768&amp;ssl=1 768w, https:\/\/i0.wp.com\/www.jazzzeitung.de\/cms\/wp-content\/uploads\/2020\/07\/cover_DD-Weiss-Q-The-New-Gipsy_Sound-scaled.jpg?resize=1536%2C1536&amp;ssl=1 1536w, https:\/\/i0.wp.com\/www.jazzzeitung.de\/cms\/wp-content\/uploads\/2020\/07\/cover_DD-Weiss-Q-The-New-Gipsy_Sound-scaled.jpg?resize=2048%2C2048&amp;ssl=1 2048w, https:\/\/i0.wp.com\/www.jazzzeitung.de\/cms\/wp-content\/uploads\/2020\/07\/cover_DD-Weiss-Q-The-New-Gipsy_Sound-scaled.jpg?resize=1320%2C1320&amp;ssl=1 1320w, https:\/\/i0.wp.com\/www.jazzzeitung.de\/cms\/wp-content\/uploads\/2020\/07\/cover_DD-Weiss-Q-The-New-Gipsy_Sound-scaled.jpg?w=1680&amp;ssl=1 1680w, https:\/\/i0.wp.com\/www.jazzzeitung.de\/cms\/wp-content\/uploads\/2020\/07\/cover_DD-Weiss-Q-The-New-Gipsy_Sound-scaled.jpg?w=2520&amp;ssl=1 2520w\" sizes=\"auto, (max-width: 300px) 100vw, 300px\" \/><\/a><\/p>\n<p>Legrand spielte \u00fcbrigens Piano bei Django Reinhard, einem der Idole der Straubinger, die sich in der gro\u00dfen Tradition des europ\u00e4ischen Sinto-Swing\u00a0 sehen. \u201eWie spielen eigentlich Classic Jazz\u201c, ordnet Akkordeonspieler David Weiss ihre Entwicklung stilistisch ein, \u201eaber Gipsy Swing oder Jazz Manouche ist die Basis und schwingt deshalb immer in unserer Musik mit\u201c. Deutlich wird das auch bei \u201eDouce Ambience\u201c von Django Reinhardt. Die Erfolgsnummer kommt in einer taufrischen, cool swingenden Version daher. Gleiches gilt f\u00fcr einen weiteren Klassiker, Hildegard Knefs \u201eF\u00fcr mich soll`s rote Rosen regnen\u201c. Mit diesem unverw\u00fcstlichen Evergreen er\u00f6ffnet das Album und setzt damit sogleich eine mitrei\u00dfende, erfrischend unsentimentale Duftmarke, bei der selbst ausgemachte Jazzgegner garantiert schwach werden.<\/p>\n<p>Noch ein weiterer Umstand macht diese Aufnahmen so einladend und auch f\u00fcr ein jazzfernes Publikum zug\u00e4nglich. Neben den vier festen Bandmitglieder, die auch bereits mehrfach in Regensburg und der Oberpfalz aufgetreten sind, haben sich die beiden Straubinger einige Freunde als Gastmusiker eingeladen. Hono Winterstein, langj\u00e4hriger Begleiter der franz\u00f6sischen S\u00e4ngerin Patricia Kaas, ist als Rhythmusgitarrist eine Legende. Dann spielen noch zwei Gitarristen mit, die als die eigentlichen Thronfolger von Django Reinhardt gelten: Stochelo Rosenberg, der den legend\u00e4ren Musiker bereits im Film \u201eDjango \u2013 Ein Leben f\u00fcr die Musik\u201c doubelte und Bir\u00e9li Lagr\u00e8ne, der Reinhardts Technik vielleicht so virtuos wie kein Zweiter beherrscht. Der Augsburger Vibraphonist Wolfgang Lackerschmid, ebenfalls ein Star auf seinem Gebiet, macht Knefs wundervolle Erkennungsmelodie und das schmachtende \u201eWonderful You\u201c von Peter Nero in Verbindung mit Davids Akkordeon zu feinen genu\u00dfvollen Preziosen.<\/p>\n<p>&nbsp;<\/p>\n<p>CD: David &amp; Danino Weiss Quartett, The New Gipsy Sound, CD und Download, EC 586-2\/GLM Music, 17,99 Euro (Audio)<\/p>\n","protected":false},"excerpt":{"rendered":"<p>Von Michael Scheiner.\u00a0Traubeli Weiss, der vor einigen Jahren verstorbene, popul\u00e4re Gipsyswing-Gitarrist, war der Onkel von David und Danino Weiss. Von ihm und anderen der weit verzweigten Familie haben die beiden Straubinger Musiker, Cousins, die sich seit ihrer Kindheit als Br\u00fcder verstehen, viel gelernt. Meist durch\u00a0 Abschauen. Er hat sie auch ermuntert mit der Musik weiterzumachen. Aktuell pr\u00e4sentieren die beiden voller Stolz ein neues, ihr zweites Album, welches soeben erschienen ist.\u00a0Stand die erste CD\u00a0 (Violets For Your Furs) noch ganz im Zeichen der amerikanischen Jazztradition, wie der von Frank Sinatra popul\u00e4r gemachte Titelsong erkennen l\u00e4sst, folgt jetzt eine R\u00fcckbesinnung aufs europ\u00e4ische Erbe. Aufs franz\u00f6sische vor allem, denn etliche der Songperlen sind von gro\u00dfen franz\u00f6sischen Entertainern und Komponisten geschrieben worden. So wird Joseph Cosmas \u201eClair De Lune\u201c mit wunderbar einf\u00fchlsamen, melancholischen Akkordeon- und Klavierlinien eigenwillig umspielt. Aufs Tempo dr\u00fccken die Weiss-Br\u00fcder bei Charles Aznavours \u201eJ\u2019aime Paris au mois de Mai\u201c, welches sie mit Hilfe des grandiosen M\u00fcnchner Groovemeisters Guido May und Trio-Elf-Bassist Peter Cudek im harten Hot-Swing beschleunigen. Ihm und dem ebenfalls im vorigen Jahr verstorbenen Filmmusikkomponisten Michel Legrand widmen sie das Album \u201eThe New Gipsy Sound\u201c. &hellip;<\/p>\n","protected":false},"author":37,"featured_media":23014,"comment_status":"open","ping_status":"closed","sticky":false,"template":"","format":"standard","meta":{"_jetpack_memberships_contains_paid_content":false,"footnotes":"","jetpack_publicize_message":"","jetpack_publicize_feature_enabled":true,"jetpack_social_post_already_shared":false,"jetpack_social_options":{"image_generator_settings":{"template":"highway","default_image_id":0,"font":"","enabled":false},"version":2}},"categories":[1152],"tags":[109,2974,2975,933,387],"coauthors":[1765],"class_list":["post-23008","post","type-post","status-publish","format-standard","has-post-thumbnail","hentry","category-rezension","tag-cd","tag-david-danino-weiss-quartett","tag-gipsy-sound","tag-glm-music","tag-michael-scheiner"],"yoast_head":"<!-- This site is optimized with the Yoast SEO plugin v27.5 - https:\/\/yoast.com\/product\/yoast-seo-wordpress\/ -->\n<title>\u201eRote Rosen\u201c regnen im coolen Gypsy-Sound - JazzZeitung<\/title>\n<meta name=\"robots\" content=\"index, follow, max-snippet:-1, max-image-preview:large, max-video-preview:-1\" \/>\n<link rel=\"canonical\" href=\"https:\/\/www.jazzzeitung.de\/cms\/2020\/07\/rote-rosen-regnen-im-coolen-gypsy-sound\/\" \/>\n<meta property=\"og:locale\" content=\"de_DE\" \/>\n<meta property=\"og:type\" content=\"article\" \/>\n<meta property=\"og:title\" content=\"\u201eRote Rosen\u201c regnen im coolen Gypsy-Sound - JazzZeitung\" \/>\n<meta property=\"og:description\" content=\"Von Michael Scheiner.\u00a0Traubeli Weiss, der vor einigen Jahren verstorbene, popul\u00e4re Gipsyswing-Gitarrist, war der Onkel von David und Danino Weiss. Von ihm und anderen der weit verzweigten Familie haben die beiden Straubinger Musiker, Cousins, die sich seit ihrer Kindheit als Br\u00fcder verstehen, viel gelernt. Meist durch\u00a0 Abschauen. Er hat sie auch ermuntert mit der Musik weiterzumachen. Aktuell pr\u00e4sentieren die beiden voller Stolz ein neues, ihr zweites Album, welches soeben erschienen ist.\u00a0Stand die erste CD\u00a0 (Violets For Your Furs) noch ganz im Zeichen der amerikanischen Jazztradition, wie der von Frank Sinatra popul\u00e4r gemachte Titelsong erkennen l\u00e4sst, folgt jetzt eine R\u00fcckbesinnung aufs europ\u00e4ische Erbe. Aufs franz\u00f6sische vor allem, denn etliche der Songperlen sind von gro\u00dfen franz\u00f6sischen Entertainern und Komponisten geschrieben worden. So wird Joseph Cosmas \u201eClair De Lune\u201c mit wunderbar einf\u00fchlsamen, melancholischen Akkordeon- und Klavierlinien eigenwillig umspielt. Aufs Tempo dr\u00fccken die Weiss-Br\u00fcder bei Charles Aznavours \u201eJ\u2019aime Paris au mois de Mai\u201c, welches sie mit Hilfe des grandiosen M\u00fcnchner Groovemeisters Guido May und Trio-Elf-Bassist Peter Cudek im harten Hot-Swing beschleunigen. Ihm und dem ebenfalls im vorigen Jahr verstorbenen Filmmusikkomponisten Michel Legrand widmen sie das Album \u201eThe New Gipsy Sound\u201c. &hellip;\" \/>\n<meta property=\"og:url\" content=\"https:\/\/www.jazzzeitung.de\/cms\/2020\/07\/rote-rosen-regnen-im-coolen-gypsy-sound\/\" \/>\n<meta property=\"og:site_name\" content=\"JazzZeitung\" \/>\n<meta property=\"article:publisher\" content=\"https:\/\/www.facebook.com\/JazzZeitung\/\" \/>\n<meta property=\"article:published_time\" content=\"2020-07-23T10:55:28+00:00\" \/>\n<meta property=\"og:image\" content=\"https:\/\/i0.wp.com\/www.jazzzeitung.de\/cms\/wp-content\/uploads\/2020\/07\/daviddanino-weiss_03c_GLM.jpg?fit=1400%2C930&ssl=1\" \/>\n\t<meta property=\"og:image:width\" content=\"1400\" \/>\n\t<meta property=\"og:image:height\" content=\"930\" \/>\n\t<meta property=\"og:image:type\" content=\"image\/jpeg\" \/>\n<meta name=\"author\" content=\"Michael Scheiner\" \/>\n<script type=\"application\/ld+json\" class=\"yoast-schema-graph\">{\"@context\":\"https:\\\/\\\/schema.org\",\"@graph\":[{\"@type\":\"Article\",\"@id\":\"https:\\\/\\\/www.jazzzeitung.de\\\/cms\\\/2020\\\/07\\\/rote-rosen-regnen-im-coolen-gypsy-sound\\\/#article\",\"isPartOf\":{\"@id\":\"https:\\\/\\\/www.jazzzeitung.de\\\/cms\\\/2020\\\/07\\\/rote-rosen-regnen-im-coolen-gypsy-sound\\\/\"},\"author\":{\"name\":\"Michael Scheiner\",\"@id\":\"https:\\\/\\\/www.jazzzeitung.de\\\/cms\\\/#\\\/schema\\\/person\\\/a0bebd4d1728041629a3cbd7790f87fb\"},\"headline\":\"\u201eRote Rosen\u201c regnen im coolen Gypsy-Sound\",\"datePublished\":\"2020-07-23T10:55:28+00:00\",\"mainEntityOfPage\":{\"@id\":\"https:\\\/\\\/www.jazzzeitung.de\\\/cms\\\/2020\\\/07\\\/rote-rosen-regnen-im-coolen-gypsy-sound\\\/\"},\"wordCount\":508,\"commentCount\":0,\"publisher\":{\"@id\":\"https:\\\/\\\/www.jazzzeitung.de\\\/cms\\\/#organization\"},\"image\":{\"@id\":\"https:\\\/\\\/www.jazzzeitung.de\\\/cms\\\/2020\\\/07\\\/rote-rosen-regnen-im-coolen-gypsy-sound\\\/#primaryimage\"},\"thumbnailUrl\":\"https:\\\/\\\/i0.wp.com\\\/www.jazzzeitung.de\\\/cms\\\/wp-content\\\/uploads\\\/2020\\\/07\\\/daviddanino-weiss_03c_GLM.jpg?fit=1400%2C930&ssl=1\",\"keywords\":[\"CD\",\"David &amp; Danino Weiss Quartett\",\"Gipsy Sound\",\"GLM Music\",\"Michael Scheiner\"],\"articleSection\":[\"Rezension\"],\"inLanguage\":\"de\",\"potentialAction\":[{\"@type\":\"CommentAction\",\"name\":\"Comment\",\"target\":[\"https:\\\/\\\/www.jazzzeitung.de\\\/cms\\\/2020\\\/07\\\/rote-rosen-regnen-im-coolen-gypsy-sound\\\/#respond\"]}]},{\"@type\":\"WebPage\",\"@id\":\"https:\\\/\\\/www.jazzzeitung.de\\\/cms\\\/2020\\\/07\\\/rote-rosen-regnen-im-coolen-gypsy-sound\\\/\",\"url\":\"https:\\\/\\\/www.jazzzeitung.de\\\/cms\\\/2020\\\/07\\\/rote-rosen-regnen-im-coolen-gypsy-sound\\\/\",\"name\":\"\u201eRote Rosen\u201c regnen im coolen Gypsy-Sound - JazzZeitung\",\"isPartOf\":{\"@id\":\"https:\\\/\\\/www.jazzzeitung.de\\\/cms\\\/#website\"},\"primaryImageOfPage\":{\"@id\":\"https:\\\/\\\/www.jazzzeitung.de\\\/cms\\\/2020\\\/07\\\/rote-rosen-regnen-im-coolen-gypsy-sound\\\/#primaryimage\"},\"image\":{\"@id\":\"https:\\\/\\\/www.jazzzeitung.de\\\/cms\\\/2020\\\/07\\\/rote-rosen-regnen-im-coolen-gypsy-sound\\\/#primaryimage\"},\"thumbnailUrl\":\"https:\\\/\\\/i0.wp.com\\\/www.jazzzeitung.de\\\/cms\\\/wp-content\\\/uploads\\\/2020\\\/07\\\/daviddanino-weiss_03c_GLM.jpg?fit=1400%2C930&ssl=1\",\"datePublished\":\"2020-07-23T10:55:28+00:00\",\"breadcrumb\":{\"@id\":\"https:\\\/\\\/www.jazzzeitung.de\\\/cms\\\/2020\\\/07\\\/rote-rosen-regnen-im-coolen-gypsy-sound\\\/#breadcrumb\"},\"inLanguage\":\"de\",\"potentialAction\":[{\"@type\":\"ReadAction\",\"target\":[\"https:\\\/\\\/www.jazzzeitung.de\\\/cms\\\/2020\\\/07\\\/rote-rosen-regnen-im-coolen-gypsy-sound\\\/\"]}]},{\"@type\":\"ImageObject\",\"inLanguage\":\"de\",\"@id\":\"https:\\\/\\\/www.jazzzeitung.de\\\/cms\\\/2020\\\/07\\\/rote-rosen-regnen-im-coolen-gypsy-sound\\\/#primaryimage\",\"url\":\"https:\\\/\\\/i0.wp.com\\\/www.jazzzeitung.de\\\/cms\\\/wp-content\\\/uploads\\\/2020\\\/07\\\/daviddanino-weiss_03c_GLM.jpg?fit=1400%2C930&ssl=1\",\"contentUrl\":\"https:\\\/\\\/i0.wp.com\\\/www.jazzzeitung.de\\\/cms\\\/wp-content\\\/uploads\\\/2020\\\/07\\\/daviddanino-weiss_03c_GLM.jpg?fit=1400%2C930&ssl=1\",\"width\":1400,\"height\":930},{\"@type\":\"BreadcrumbList\",\"@id\":\"https:\\\/\\\/www.jazzzeitung.de\\\/cms\\\/2020\\\/07\\\/rote-rosen-regnen-im-coolen-gypsy-sound\\\/#breadcrumb\",\"itemListElement\":[{\"@type\":\"ListItem\",\"position\":1,\"name\":\"Startseite\",\"item\":\"https:\\\/\\\/www.jazzzeitung.de\\\/cms\\\/\"},{\"@type\":\"ListItem\",\"position\":2,\"name\":\"\u201eRote Rosen\u201c regnen im coolen Gypsy-Sound\"}]},{\"@type\":\"WebSite\",\"@id\":\"https:\\\/\\\/www.jazzzeitung.de\\\/cms\\\/#website\",\"url\":\"https:\\\/\\\/www.jazzzeitung.de\\\/cms\\\/\",\"name\":\"JazzZeitung\",\"description\":\"Jazz-News und Jazz-Kontroverses\",\"publisher\":{\"@id\":\"https:\\\/\\\/www.jazzzeitung.de\\\/cms\\\/#organization\"},\"potentialAction\":[{\"@type\":\"SearchAction\",\"target\":{\"@type\":\"EntryPoint\",\"urlTemplate\":\"https:\\\/\\\/www.jazzzeitung.de\\\/cms\\\/?s={search_term_string}\"},\"query-input\":{\"@type\":\"PropertyValueSpecification\",\"valueRequired\":true,\"valueName\":\"search_term_string\"}}],\"inLanguage\":\"de\"},{\"@type\":\"Organization\",\"@id\":\"https:\\\/\\\/www.jazzzeitung.de\\\/cms\\\/#organization\",\"name\":\"JazzZeitung online\",\"url\":\"https:\\\/\\\/www.jazzzeitung.de\\\/cms\\\/\",\"logo\":{\"@type\":\"ImageObject\",\"inLanguage\":\"de\",\"@id\":\"https:\\\/\\\/www.jazzzeitung.de\\\/cms\\\/#\\\/schema\\\/logo\\\/image\\\/\",\"url\":\"https:\\\/\\\/i0.wp.com\\\/www.jazzzeitung.de\\\/cms\\\/wp-content\\\/uploads\\\/2015\\\/08\\\/JAZZZEITUNGDE_Logo_Neu.png?fit=499%2C200&ssl=1\",\"contentUrl\":\"https:\\\/\\\/i0.wp.com\\\/www.jazzzeitung.de\\\/cms\\\/wp-content\\\/uploads\\\/2015\\\/08\\\/JAZZZEITUNGDE_Logo_Neu.png?fit=499%2C200&ssl=1\",\"width\":499,\"height\":200,\"caption\":\"JazzZeitung online\"},\"image\":{\"@id\":\"https:\\\/\\\/www.jazzzeitung.de\\\/cms\\\/#\\\/schema\\\/logo\\\/image\\\/\"},\"sameAs\":[\"https:\\\/\\\/www.facebook.com\\\/JazzZeitung\\\/\"]},{\"@type\":\"Person\",\"@id\":\"https:\\\/\\\/www.jazzzeitung.de\\\/cms\\\/#\\\/schema\\\/person\\\/a0bebd4d1728041629a3cbd7790f87fb\",\"name\":\"Michael Scheiner\",\"image\":{\"@type\":\"ImageObject\",\"inLanguage\":\"de\",\"@id\":\"https:\\\/\\\/secure.gravatar.com\\\/avatar\\\/c2d6ac12f682c419867cf3f803880bb41d5b23007d3670820aa9a6e7b5f6ec8d?s=96&d=wp_user_avatar&r=gdabb1b10453880983dfc53da7552ec76\",\"url\":\"https:\\\/\\\/secure.gravatar.com\\\/avatar\\\/c2d6ac12f682c419867cf3f803880bb41d5b23007d3670820aa9a6e7b5f6ec8d?s=96&d=wp_user_avatar&r=g\",\"contentUrl\":\"https:\\\/\\\/secure.gravatar.com\\\/avatar\\\/c2d6ac12f682c419867cf3f803880bb41d5b23007d3670820aa9a6e7b5f6ec8d?s=96&d=wp_user_avatar&r=g\",\"caption\":\"Michael Scheiner\"},\"sameAs\":[\"http:\\\/\\\/www.michaelscheiner.de\"],\"url\":\"https:\\\/\\\/www.jazzzeitung.de\\\/cms\\\/author\\\/mscheiner\\\/\"}]}<\/script>\n<!-- \/ Yoast SEO plugin. -->","yoast_head_json":{"title":"\u201eRote Rosen\u201c regnen im coolen Gypsy-Sound - JazzZeitung","robots":{"index":"index","follow":"follow","max-snippet":"max-snippet:-1","max-image-preview":"max-image-preview:large","max-video-preview":"max-video-preview:-1"},"canonical":"https:\/\/www.jazzzeitung.de\/cms\/2020\/07\/rote-rosen-regnen-im-coolen-gypsy-sound\/","og_locale":"de_DE","og_type":"article","og_title":"\u201eRote Rosen\u201c regnen im coolen Gypsy-Sound - JazzZeitung","og_description":"Von Michael Scheiner.\u00a0Traubeli Weiss, der vor einigen Jahren verstorbene, popul\u00e4re Gipsyswing-Gitarrist, war der Onkel von David und Danino Weiss. Von ihm und anderen der weit verzweigten Familie haben die beiden Straubinger Musiker, Cousins, die sich seit ihrer Kindheit als Br\u00fcder verstehen, viel gelernt. Meist durch\u00a0 Abschauen. Er hat sie auch ermuntert mit der Musik weiterzumachen. Aktuell pr\u00e4sentieren die beiden voller Stolz ein neues, ihr zweites Album, welches soeben erschienen ist.\u00a0Stand die erste CD\u00a0 (Violets For Your Furs) noch ganz im Zeichen der amerikanischen Jazztradition, wie der von Frank Sinatra popul\u00e4r gemachte Titelsong erkennen l\u00e4sst, folgt jetzt eine R\u00fcckbesinnung aufs europ\u00e4ische Erbe. Aufs franz\u00f6sische vor allem, denn etliche der Songperlen sind von gro\u00dfen franz\u00f6sischen Entertainern und Komponisten geschrieben worden. So wird Joseph Cosmas \u201eClair De Lune\u201c mit wunderbar einf\u00fchlsamen, melancholischen Akkordeon- und Klavierlinien eigenwillig umspielt. Aufs Tempo dr\u00fccken die Weiss-Br\u00fcder bei Charles Aznavours \u201eJ\u2019aime Paris au mois de Mai\u201c, welches sie mit Hilfe des grandiosen M\u00fcnchner Groovemeisters Guido May und Trio-Elf-Bassist Peter Cudek im harten Hot-Swing beschleunigen. Ihm und dem ebenfalls im vorigen Jahr verstorbenen Filmmusikkomponisten Michel Legrand widmen sie das Album \u201eThe New Gipsy Sound\u201c. &hellip;","og_url":"https:\/\/www.jazzzeitung.de\/cms\/2020\/07\/rote-rosen-regnen-im-coolen-gypsy-sound\/","og_site_name":"JazzZeitung","article_publisher":"https:\/\/www.facebook.com\/JazzZeitung\/","article_published_time":"2020-07-23T10:55:28+00:00","og_image":[{"width":1400,"height":930,"url":"https:\/\/i0.wp.com\/www.jazzzeitung.de\/cms\/wp-content\/uploads\/2020\/07\/daviddanino-weiss_03c_GLM.jpg?fit=1400%2C930&ssl=1","type":"image\/jpeg"}],"author":"Michael Scheiner","schema":{"@context":"https:\/\/schema.org","@graph":[{"@type":"Article","@id":"https:\/\/www.jazzzeitung.de\/cms\/2020\/07\/rote-rosen-regnen-im-coolen-gypsy-sound\/#article","isPartOf":{"@id":"https:\/\/www.jazzzeitung.de\/cms\/2020\/07\/rote-rosen-regnen-im-coolen-gypsy-sound\/"},"author":{"name":"Michael Scheiner","@id":"https:\/\/www.jazzzeitung.de\/cms\/#\/schema\/person\/a0bebd4d1728041629a3cbd7790f87fb"},"headline":"\u201eRote Rosen\u201c regnen im coolen Gypsy-Sound","datePublished":"2020-07-23T10:55:28+00:00","mainEntityOfPage":{"@id":"https:\/\/www.jazzzeitung.de\/cms\/2020\/07\/rote-rosen-regnen-im-coolen-gypsy-sound\/"},"wordCount":508,"commentCount":0,"publisher":{"@id":"https:\/\/www.jazzzeitung.de\/cms\/#organization"},"image":{"@id":"https:\/\/www.jazzzeitung.de\/cms\/2020\/07\/rote-rosen-regnen-im-coolen-gypsy-sound\/#primaryimage"},"thumbnailUrl":"https:\/\/i0.wp.com\/www.jazzzeitung.de\/cms\/wp-content\/uploads\/2020\/07\/daviddanino-weiss_03c_GLM.jpg?fit=1400%2C930&ssl=1","keywords":["CD","David &amp; Danino Weiss Quartett","Gipsy Sound","GLM Music","Michael Scheiner"],"articleSection":["Rezension"],"inLanguage":"de","potentialAction":[{"@type":"CommentAction","name":"Comment","target":["https:\/\/www.jazzzeitung.de\/cms\/2020\/07\/rote-rosen-regnen-im-coolen-gypsy-sound\/#respond"]}]},{"@type":"WebPage","@id":"https:\/\/www.jazzzeitung.de\/cms\/2020\/07\/rote-rosen-regnen-im-coolen-gypsy-sound\/","url":"https:\/\/www.jazzzeitung.de\/cms\/2020\/07\/rote-rosen-regnen-im-coolen-gypsy-sound\/","name":"\u201eRote Rosen\u201c regnen im coolen Gypsy-Sound - JazzZeitung","isPartOf":{"@id":"https:\/\/www.jazzzeitung.de\/cms\/#website"},"primaryImageOfPage":{"@id":"https:\/\/www.jazzzeitung.de\/cms\/2020\/07\/rote-rosen-regnen-im-coolen-gypsy-sound\/#primaryimage"},"image":{"@id":"https:\/\/www.jazzzeitung.de\/cms\/2020\/07\/rote-rosen-regnen-im-coolen-gypsy-sound\/#primaryimage"},"thumbnailUrl":"https:\/\/i0.wp.com\/www.jazzzeitung.de\/cms\/wp-content\/uploads\/2020\/07\/daviddanino-weiss_03c_GLM.jpg?fit=1400%2C930&ssl=1","datePublished":"2020-07-23T10:55:28+00:00","breadcrumb":{"@id":"https:\/\/www.jazzzeitung.de\/cms\/2020\/07\/rote-rosen-regnen-im-coolen-gypsy-sound\/#breadcrumb"},"inLanguage":"de","potentialAction":[{"@type":"ReadAction","target":["https:\/\/www.jazzzeitung.de\/cms\/2020\/07\/rote-rosen-regnen-im-coolen-gypsy-sound\/"]}]},{"@type":"ImageObject","inLanguage":"de","@id":"https:\/\/www.jazzzeitung.de\/cms\/2020\/07\/rote-rosen-regnen-im-coolen-gypsy-sound\/#primaryimage","url":"https:\/\/i0.wp.com\/www.jazzzeitung.de\/cms\/wp-content\/uploads\/2020\/07\/daviddanino-weiss_03c_GLM.jpg?fit=1400%2C930&ssl=1","contentUrl":"https:\/\/i0.wp.com\/www.jazzzeitung.de\/cms\/wp-content\/uploads\/2020\/07\/daviddanino-weiss_03c_GLM.jpg?fit=1400%2C930&ssl=1","width":1400,"height":930},{"@type":"BreadcrumbList","@id":"https:\/\/www.jazzzeitung.de\/cms\/2020\/07\/rote-rosen-regnen-im-coolen-gypsy-sound\/#breadcrumb","itemListElement":[{"@type":"ListItem","position":1,"name":"Startseite","item":"https:\/\/www.jazzzeitung.de\/cms\/"},{"@type":"ListItem","position":2,"name":"\u201eRote Rosen\u201c regnen im coolen Gypsy-Sound"}]},{"@type":"WebSite","@id":"https:\/\/www.jazzzeitung.de\/cms\/#website","url":"https:\/\/www.jazzzeitung.de\/cms\/","name":"JazzZeitung","description":"Jazz-News und Jazz-Kontroverses","publisher":{"@id":"https:\/\/www.jazzzeitung.de\/cms\/#organization"},"potentialAction":[{"@type":"SearchAction","target":{"@type":"EntryPoint","urlTemplate":"https:\/\/www.jazzzeitung.de\/cms\/?s={search_term_string}"},"query-input":{"@type":"PropertyValueSpecification","valueRequired":true,"valueName":"search_term_string"}}],"inLanguage":"de"},{"@type":"Organization","@id":"https:\/\/www.jazzzeitung.de\/cms\/#organization","name":"JazzZeitung online","url":"https:\/\/www.jazzzeitung.de\/cms\/","logo":{"@type":"ImageObject","inLanguage":"de","@id":"https:\/\/www.jazzzeitung.de\/cms\/#\/schema\/logo\/image\/","url":"https:\/\/i0.wp.com\/www.jazzzeitung.de\/cms\/wp-content\/uploads\/2015\/08\/JAZZZEITUNGDE_Logo_Neu.png?fit=499%2C200&ssl=1","contentUrl":"https:\/\/i0.wp.com\/www.jazzzeitung.de\/cms\/wp-content\/uploads\/2015\/08\/JAZZZEITUNGDE_Logo_Neu.png?fit=499%2C200&ssl=1","width":499,"height":200,"caption":"JazzZeitung online"},"image":{"@id":"https:\/\/www.jazzzeitung.de\/cms\/#\/schema\/logo\/image\/"},"sameAs":["https:\/\/www.facebook.com\/JazzZeitung\/"]},{"@type":"Person","@id":"https:\/\/www.jazzzeitung.de\/cms\/#\/schema\/person\/a0bebd4d1728041629a3cbd7790f87fb","name":"Michael Scheiner","image":{"@type":"ImageObject","inLanguage":"de","@id":"https:\/\/secure.gravatar.com\/avatar\/c2d6ac12f682c419867cf3f803880bb41d5b23007d3670820aa9a6e7b5f6ec8d?s=96&d=wp_user_avatar&r=gdabb1b10453880983dfc53da7552ec76","url":"https:\/\/secure.gravatar.com\/avatar\/c2d6ac12f682c419867cf3f803880bb41d5b23007d3670820aa9a6e7b5f6ec8d?s=96&d=wp_user_avatar&r=g","contentUrl":"https:\/\/secure.gravatar.com\/avatar\/c2d6ac12f682c419867cf3f803880bb41d5b23007d3670820aa9a6e7b5f6ec8d?s=96&d=wp_user_avatar&r=g","caption":"Michael Scheiner"},"sameAs":["http:\/\/www.michaelscheiner.de"],"url":"https:\/\/www.jazzzeitung.de\/cms\/author\/mscheiner\/"}]}},"wp-worthy-pixel":{"ignored":false,"public":null,"server":null,"url":null},"wp-worthy-type":"normal","jetpack_publicize_connections":[],"cc_featured_image_caption":{"caption_text":"","source_text":"","source_url":""},"jetpack_featured_media_url":"https:\/\/i0.wp.com\/www.jazzzeitung.de\/cms\/wp-content\/uploads\/2020\/07\/daviddanino-weiss_03c_GLM.jpg?fit=1400%2C930&ssl=1","jetpack_shortlink":"https:\/\/wp.me\/p3KEcT-5Z6","jetpack-related-posts":[{"id":22659,"url":"https:\/\/www.jazzzeitung.de\/cms\/2020\/06\/dunkle-berge-lichte-hoehen-michael-scheiner-ueber-woodism-refugium\/","url_meta":{"origin":23008,"position":0},"title":"Dunkle Berge, lichte H\u00f6hen \u2013 Michael Scheiner \u00fcber ein neues Album des Quartetts Woodoism","author":"Michael Scheiner","date":"17. Juni 2020","format":false,"excerpt":"Dunkle Berge, lichte H\u00f6hen Zum Album \"Refugium\" von Florian Weiss' Woodoism Von Michael Scheiner \u201eOh-oh, hohe Berge\u201c sang Frl. Menke 1982 in ihrem sinnfrei zusammengebastelten NDW-Song \u00fcber Alpentourismus und eidgen\u00f6ssische Klischees. Ein fernes Echo aus der Zukunft zirpt, growlt, faucht und fl\u00f6tet nun munter davon, dass es in der Schweiz\u2026","rel":"","context":"In &quot;Rezension&quot;","block_context":{"text":"Rezension","link":"https:\/\/www.jazzzeitung.de\/cms\/thema\/rezension\/"},"img":{"alt_text":"","src":"https:\/\/i0.wp.com\/www.jazzzeitung.de\/cms\/wp-content\/uploads\/2020\/06\/Woodoism_live.jpg?fit=1200%2C803&ssl=1&resize=350%2C200","width":350,"height":200,"srcset":"https:\/\/i0.wp.com\/www.jazzzeitung.de\/cms\/wp-content\/uploads\/2020\/06\/Woodoism_live.jpg?fit=1200%2C803&ssl=1&resize=350%2C200 1x, https:\/\/i0.wp.com\/www.jazzzeitung.de\/cms\/wp-content\/uploads\/2020\/06\/Woodoism_live.jpg?fit=1200%2C803&ssl=1&resize=525%2C300 1.5x, https:\/\/i0.wp.com\/www.jazzzeitung.de\/cms\/wp-content\/uploads\/2020\/06\/Woodoism_live.jpg?fit=1200%2C803&ssl=1&resize=700%2C400 2x, https:\/\/i0.wp.com\/www.jazzzeitung.de\/cms\/wp-content\/uploads\/2020\/06\/Woodoism_live.jpg?fit=1200%2C803&ssl=1&resize=1050%2C600 3x"},"classes":[]},{"id":24517,"url":"https:\/\/www.jazzzeitung.de\/cms\/2021\/03\/wilder-energiestoss-und-zaertlichkeit-trio-benares-mit-neuer-cd\/","url_meta":{"origin":23008,"position":1},"title":"Wilder Energiesto\u00df und Z\u00e4rtlichkeit\u00a0 \u00a0\u2013 Trio Benares mit  neuer CD","author":"Michael Scheiner","date":"10. M\u00e4rz 2021","format":false,"excerpt":"Es klingt vielleicht etwas despektierlich oder proletenhaft \u2013 aber bei gemeinsamen Unisonol\u00e4ufen von Roger Hanschel und Prashant Mishra taucht manchmal das Bild als, als w\u00fcrden zwei gleichstarke Jungs um die Wette flitzen. Dabei geht es bei den Jungs, um bei dem Bild zu bleiben, gar nicht um ein Kr\u00e4fte messen,\u2026","rel":"","context":"In &quot;Rezension&quot;","block_context":{"text":"Rezension","link":"https:\/\/www.jazzzeitung.de\/cms\/thema\/rezension\/"},"img":{"alt_text":"","src":"https:\/\/i0.wp.com\/www.jazzzeitung.de\/cms\/wp-content\/uploads\/2021\/03\/triobenares-rajas-scaled.jpg?fit=1200%2C1040&ssl=1&resize=350%2C200","width":350,"height":200,"srcset":"https:\/\/i0.wp.com\/www.jazzzeitung.de\/cms\/wp-content\/uploads\/2021\/03\/triobenares-rajas-scaled.jpg?fit=1200%2C1040&ssl=1&resize=350%2C200 1x, https:\/\/i0.wp.com\/www.jazzzeitung.de\/cms\/wp-content\/uploads\/2021\/03\/triobenares-rajas-scaled.jpg?fit=1200%2C1040&ssl=1&resize=525%2C300 1.5x, https:\/\/i0.wp.com\/www.jazzzeitung.de\/cms\/wp-content\/uploads\/2021\/03\/triobenares-rajas-scaled.jpg?fit=1200%2C1040&ssl=1&resize=700%2C400 2x, https:\/\/i0.wp.com\/www.jazzzeitung.de\/cms\/wp-content\/uploads\/2021\/03\/triobenares-rajas-scaled.jpg?fit=1200%2C1040&ssl=1&resize=1050%2C600 3x"},"classes":[]},{"id":13586,"url":"https:\/\/www.jazzzeitung.de\/cms\/2017\/09\/helmut-nieberle-und-milorad-romic-gitarren-duo-mit-anarchischer-note\/","url_meta":{"origin":23008,"position":2},"title":"Helmut Nieberle und Milorad Romic: Gitarren-Duo mit anarchischer Note","author":"Redaktion JazzZeitung","date":"22. September 2017","format":false,"excerpt":"F\u00fcr viele Regensburger geh\u00f6ren die Serenadenkonzerte von Milorad Romic seit Jahren fest zum sommerlichen Ritual. Heuer gestaltete er das Programm zusammen mit Helmut Nieberle, einem langj\u00e4hrigen Partner, mit dem er aktuell ein Doppelalbum ver\u00f6ffentlicht hat. Im lauschigen Herzogspark bekam die Musik der beiden seelenverwandten und dabei ungleichen Gitarristen eine ganz\u2026","rel":"","context":"In &quot;Rezension&quot;","block_context":{"text":"Rezension","link":"https:\/\/www.jazzzeitung.de\/cms\/thema\/rezension\/"},"img":{"alt_text":"","src":"https:\/\/i0.wp.com\/www.jazzzeitung.de\/cms\/wp-content\/uploads\/2017\/09\/Romic-Nieberle.jpg?fit=1200%2C1098&ssl=1&resize=350%2C200","width":350,"height":200,"srcset":"https:\/\/i0.wp.com\/www.jazzzeitung.de\/cms\/wp-content\/uploads\/2017\/09\/Romic-Nieberle.jpg?fit=1200%2C1098&ssl=1&resize=350%2C200 1x, https:\/\/i0.wp.com\/www.jazzzeitung.de\/cms\/wp-content\/uploads\/2017\/09\/Romic-Nieberle.jpg?fit=1200%2C1098&ssl=1&resize=525%2C300 1.5x, https:\/\/i0.wp.com\/www.jazzzeitung.de\/cms\/wp-content\/uploads\/2017\/09\/Romic-Nieberle.jpg?fit=1200%2C1098&ssl=1&resize=700%2C400 2x, https:\/\/i0.wp.com\/www.jazzzeitung.de\/cms\/wp-content\/uploads\/2017\/09\/Romic-Nieberle.jpg?fit=1200%2C1098&ssl=1&resize=1050%2C600 3x"},"classes":[]},{"id":31151,"url":"https:\/\/www.jazzzeitung.de\/cms\/2024\/06\/zwischen-hardbop-und-modern-cd-von-werner-pusch\/","url_meta":{"origin":23008,"position":3},"title":"Zwischen Hardbop und Modern: CD von Werner Pusch \u00a0","author":"Michael Scheiner","date":"6. Juni 2024","format":false,"excerpt":"75 ist kein Pappenstiel, da kann man schon zur\u00fcckschauen und die eigenen Leistungen in den Blick nehmen. Wenn diese dann vor den eigenen und den Ohren anderer noch Bestand haben \u2013 sogar ohne nostalgische Verkl\u00e4rung oder Sch\u00f6nf\u00e4rberei \u2013 steht einer Wiederver\u00f6ffentlichung nichts mehr im Weg. So geschehen mit dem \u201emeine\u2026","rel":"","context":"In &quot;Rezension&quot;","block_context":{"text":"Rezension","link":"https:\/\/www.jazzzeitung.de\/cms\/thema\/rezension\/"},"img":{"alt_text":"","src":"https:\/\/i0.wp.com\/www.jazzzeitung.de\/cms\/wp-content\/uploads\/2024\/06\/foto3.jpg?fit=1200%2C802&ssl=1&resize=350%2C200","width":350,"height":200,"srcset":"https:\/\/i0.wp.com\/www.jazzzeitung.de\/cms\/wp-content\/uploads\/2024\/06\/foto3.jpg?fit=1200%2C802&ssl=1&resize=350%2C200 1x, https:\/\/i0.wp.com\/www.jazzzeitung.de\/cms\/wp-content\/uploads\/2024\/06\/foto3.jpg?fit=1200%2C802&ssl=1&resize=525%2C300 1.5x, https:\/\/i0.wp.com\/www.jazzzeitung.de\/cms\/wp-content\/uploads\/2024\/06\/foto3.jpg?fit=1200%2C802&ssl=1&resize=700%2C400 2x, https:\/\/i0.wp.com\/www.jazzzeitung.de\/cms\/wp-content\/uploads\/2024\/06\/foto3.jpg?fit=1200%2C802&ssl=1&resize=1050%2C600 3x"},"classes":[]},{"id":26609,"url":"https:\/\/www.jazzzeitung.de\/cms\/2022\/01\/zwei-die-sich-inspirieren-siyounhell\/","url_meta":{"origin":23008,"position":4},"title":"Zwei, die sich inspirieren: Siyou&#8217;n&#8217;Hell","author":"Michael Scheiner","date":"26. Januar 2022","format":false,"excerpt":"Zwischen funky Grooves, afrikanischen Traditionals und Songs von existentieller Tragweite bewegte sich das Duo Siyou'n'Hell k\u00fcrzlich im Jazzclub Leer Beutel in Regensburg.\u00a0 Kein Konzert, welches aktuell stattfindet, geht ohne wenigstens einen kleinen seelischen Striptease \u00fcber die B\u00fchne des Leeren Beutels. \u201eNach so vielen Wochen, Monaten der Abstinenz ist es etwas\u2026","rel":"","context":"In &quot;Bericht&quot;","block_context":{"text":"Bericht","link":"https:\/\/www.jazzzeitung.de\/cms\/thema\/bericht\/"},"img":{"alt_text":"","src":"https:\/\/i0.wp.com\/www.jazzzeitung.de\/cms\/wp-content\/uploads\/2022\/01\/SiyounHell-08.jpg?fit=1134%2C756&ssl=1&resize=350%2C200","width":350,"height":200,"srcset":"https:\/\/i0.wp.com\/www.jazzzeitung.de\/cms\/wp-content\/uploads\/2022\/01\/SiyounHell-08.jpg?fit=1134%2C756&ssl=1&resize=350%2C200 1x, https:\/\/i0.wp.com\/www.jazzzeitung.de\/cms\/wp-content\/uploads\/2022\/01\/SiyounHell-08.jpg?fit=1134%2C756&ssl=1&resize=525%2C300 1.5x, https:\/\/i0.wp.com\/www.jazzzeitung.de\/cms\/wp-content\/uploads\/2022\/01\/SiyounHell-08.jpg?fit=1134%2C756&ssl=1&resize=700%2C400 2x, https:\/\/i0.wp.com\/www.jazzzeitung.de\/cms\/wp-content\/uploads\/2022\/01\/SiyounHell-08.jpg?fit=1134%2C756&ssl=1&resize=1050%2C600 3x"},"classes":[]},{"id":33297,"url":"https:\/\/www.jazzzeitung.de\/cms\/2025\/11\/conny-bauer-und-kalle-kalima-legen-duoalbum-bei-jazzart-vor\/","url_meta":{"origin":23008,"position":5},"title":"Conny Bauer und Kalle Kalima legen Duoalbum bei Jazzart vor\u00a0","author":"Michael Scheiner","date":"4. November 2025","format":false,"excerpt":"Von Michael Scheiner -\u00a0Im M\u00e4rz \u2013 Maaliskuu, die dritte Nummer auf dem Duo-Album von Posaunist Conny Bauer und Kalle Kalima an der Gitarre \u2013 beginnen die beiden Instrumentalisten vergn\u00fcgt, selbstvergessen zu t\u00e4nzeln. Geradezu vers\u00f6hnlich legen sie sich nebeneinander ins frische noch k\u00fchle Gras und genie\u00dfen die w\u00e4rmenden Strahlen, w\u00e4hrend ihr\u2026","rel":"","context":"In &quot;News&quot;","block_context":{"text":"News","link":"https:\/\/www.jazzzeitung.de\/cms\/thema\/nachrichten\/"},"img":{"alt_text":"","src":"https:\/\/i0.wp.com\/www.jazzzeitung.de\/cms\/wp-content\/uploads\/2025\/11\/kalima_scheiner.jpg?fit=979%2C735&ssl=1&resize=350%2C200","width":350,"height":200,"srcset":"https:\/\/i0.wp.com\/www.jazzzeitung.de\/cms\/wp-content\/uploads\/2025\/11\/kalima_scheiner.jpg?fit=979%2C735&ssl=1&resize=350%2C200 1x, https:\/\/i0.wp.com\/www.jazzzeitung.de\/cms\/wp-content\/uploads\/2025\/11\/kalima_scheiner.jpg?fit=979%2C735&ssl=1&resize=525%2C300 1.5x, https:\/\/i0.wp.com\/www.jazzzeitung.de\/cms\/wp-content\/uploads\/2025\/11\/kalima_scheiner.jpg?fit=979%2C735&ssl=1&resize=700%2C400 2x"},"classes":[]}],"jetpack_sharing_enabled":true,"_links":{"self":[{"href":"https:\/\/www.jazzzeitung.de\/cms\/wp-json\/wp\/v2\/posts\/23008","targetHints":{"allow":["GET"]}}],"collection":[{"href":"https:\/\/www.jazzzeitung.de\/cms\/wp-json\/wp\/v2\/posts"}],"about":[{"href":"https:\/\/www.jazzzeitung.de\/cms\/wp-json\/wp\/v2\/types\/post"}],"author":[{"embeddable":true,"href":"https:\/\/www.jazzzeitung.de\/cms\/wp-json\/wp\/v2\/users\/37"}],"replies":[{"embeddable":true,"href":"https:\/\/www.jazzzeitung.de\/cms\/wp-json\/wp\/v2\/comments?post=23008"}],"version-history":[{"count":1,"href":"https:\/\/www.jazzzeitung.de\/cms\/wp-json\/wp\/v2\/posts\/23008\/revisions"}],"predecessor-version":[{"id":23015,"href":"https:\/\/www.jazzzeitung.de\/cms\/wp-json\/wp\/v2\/posts\/23008\/revisions\/23015"}],"wp:featuredmedia":[{"embeddable":true,"href":"https:\/\/www.jazzzeitung.de\/cms\/wp-json\/wp\/v2\/media\/23014"}],"wp:attachment":[{"href":"https:\/\/www.jazzzeitung.de\/cms\/wp-json\/wp\/v2\/media?parent=23008"}],"wp:term":[{"taxonomy":"category","embeddable":true,"href":"https:\/\/www.jazzzeitung.de\/cms\/wp-json\/wp\/v2\/categories?post=23008"},{"taxonomy":"post_tag","embeddable":true,"href":"https:\/\/www.jazzzeitung.de\/cms\/wp-json\/wp\/v2\/tags?post=23008"},{"taxonomy":"author","embeddable":true,"href":"https:\/\/www.jazzzeitung.de\/cms\/wp-json\/wp\/v2\/coauthors?post=23008"}],"curies":[{"name":"wp","href":"https:\/\/api.w.org\/{rel}","templated":true}]}}