{"id":22893,"date":"2020-07-04T11:36:37","date_gmt":"2020-07-04T09:36:37","guid":{"rendered":"https:\/\/www.jazzzeitung.de\/cms\/?p=22893"},"modified":"2020-07-04T11:37:10","modified_gmt":"2020-07-04T09:37:10","slug":"schlagzeuger-matthias-kaul-gestorben","status":"publish","type":"post","link":"https:\/\/www.jazzzeitung.de\/cms\/2020\/07\/schlagzeuger-matthias-kaul-gestorben\/","title":{"rendered":"Schlagzeuger Matthias Kaul gestorben"},"content":{"rendered":"<p><a href=\"https:\/\/www.facebook.com\/frauke.aulbert\/posts\/10217451543466567?__cft__[0]=AZXKrUNC8CLkAKTb3X08mbiJan5jRQ8TL7AK8OnvRVRqkBXLKG5DjkiajPVafwNToAI2kbWQhtp1QjU64eIIeH7KfsQP5skBLlYTrqXjSycSpKcjEsV9sKrfV1chb_8EkzE&amp;__tn__=%2CO%2CP-R\">Matthias Kaul ist tot<\/a>. Matthias Kaul, (Schlagzeuger und Komponist) begann seinen musikalischen Weg sehr jung als extrem aktiver H\u00f6rer, wobei die Umgebung in der er aufwuchs, ma\u00dfgeblich f\u00fcr seinen gesamten kompositorischen Weg war. Seit seinem 17. Lebensjahr trommelt er, studierte sp\u00e4ter klassisches Schlagzeug, und noch sp\u00e4ter begann er zu komponieren. Sein Kompositionsunterricht bestand daraus, dass er viele hundert Werke anderer Komponisten zur Urauff\u00fchrung brachte. Seit Ende seines Studiums arbeitet er entschieden als \u201efreelanced musician\u201c.<\/p>\n<p>Matthias Kaul starb vor drei Tagen. In seinen Antworten auf die <a href=\"https:\/\/www.nmz.de\/artikel\/11-fragen-an-matthias-kaul\">11 Fragen der nmz<\/a>:<\/p>\n<blockquote><p><strong>Welche Musik soll zu Ihrer Beerdigung erklingen?<\/strong><br \/>\nEs reicht, bei meiner Beerdigung einige Mikrofone in die H\u00f6he zu halten, sodass die Umweltkl\u00e4nge in der Lautst\u00e4rke leicht angehoben\u00a0werden.<\/p><\/blockquote>\n<p>In Erinnerung an den Musiker verweisen wir auf einen Konzertbericht von Andreas Kolb <a href=\"https:\/\/www.jazzzeitung.de\/jazz\/2002\/09\/dossier-muenchen.shtml\">aus dem Jahr 2002<\/a>.<\/p>\n<hr \/>\n<h2>Schlagzeuger Matthias Kaul nimmt ein elektrisches Klangbad im Cuvilli\u00e9s-Theater<\/h2>\n<p>Brotzeit und Champagnerflaschen, Wolldecken und Abendkleider: bei \u201eOper f\u00fcr alle\u201c verwandelte sich der Max Joseph Platz wieder einmal in ein Open-Air-Kino der besonderen Art. H\u00e4ndels \u201eC\u00e4sar in \u00c4gypten\u201c wurde live aus dem Nationaltheater via Gro\u00df-Videoleinwand \u00fcbertragen. Doch nicht nur bei diesem Event dr\u00e4ngelte sich das Publikum: Von insgesamt 19 Musiktheaterproduktionen von Barock bis Neuzeit waren die meisten ausverkauft. Trotz Haushaltssperre entfalteten die M\u00fcnchener Opernfestspiele wieder ihren Glanz \u2013 wen wundert\u2018s: der Geldgeber ist ja nicht die Stadt, sondern der Freistaat.<\/p>\n<p>Eher im Schatten dieser Prachtentfaltung, an den Festivalr\u00e4ndern gewisserma\u00dfen, gab es wieder die experimentelle Veranstaltungsreihe Festspiel + (wie plus). Von 13 Konzerten waren immerhin 5 dem Jazz gewidmet: improvisierter Musik von Jan Garbarek, Evan Parker, Gonzalo Rubalcaba, Pierre Favre, Uri Caine und Matthias Kaul.<\/p>\n<p>Schlagzeuger Matthias Kaul war zweifelsfrei der experimentierfreudigste unter den genannten Improvisatoren: Vor einem kleinen Kreis von Zuh\u00f6rern, die sich mehrheitlich gut am\u00fcsierten, nahm er mitten auf der B\u00fchne des Cuvilli\u00e9s-Theaters ein \u201eElectric Bath\u201c. Gekleidet in Frack und Fliege zelebrierte Kaul mit valentineskem Ernst ein einst\u00fcndiges elektronisches Klangbad. Kalebassen, Schl\u00e4uche, Flaschen, Wassertropfen, Schl\u00e4ge, Kratz- und Schabger\u00e4usche auf und in der Emailwanne geh\u00f6rten zu seinem unersch\u00f6pflich wirkenden Fundus von verfremdeten Klangerzeugern und Wasserinstrumenten. \u201eElectric Bath\u201c war auch eine Reise zur\u00fcck in die Kindheit: Wer hat nicht selbst einmal mit \u00e4hnlichen \u201eInstrumenten\u201c in der Badewanne kreativ gearbeitet. Mikrofone unter und \u00fcber Wasser machten bekannte und neue Sounds h\u00f6rbar, verfremdeten sie aber auch. Das Ritual des Badens, des Waschens verwandelte Kaul in ein Ritual eines Konzertabends. War auch die \u201eHerstellung\u201c der Ger\u00e4usche, T\u00f6ne, Rhythmen unkonventionell: Kaul entlockte seinem Zuber nichts wirklich Neues. Das Ger\u00e4usch geh\u00f6rt sp\u00e4testens seit der Musique concr\u00e8te zum Repertoire der Komponisten, nimmt man es genau, dann steht Kauls Musik in einer jahrhundertealten Tradition von Wassermusiken. Kauls Verdienst lag in seiner virtuosen solistischen und schauspielerischen Darbietung: die einst\u00fcndige Steigerungsdramaturgie seiner \u201eBadewannensymphonie\u201c \u00fcberzeugte, und man mochte sich ihr auch als abgekl\u00e4rter, mit allen Wassern gewaschener H\u00f6rer nicht entziehen.<\/p>\n<p>In einem ganz anderen Terrain bewegte sich da Saxophonist Evan Parker, \u2026 .<\/p>\n<hr \/>\n<blockquote><p>Lesen Sie auch die <strong>11 Fragen an Matthias Kaul<\/strong> in der <a href=\"https:\/\/www.nmz.de\/artikel\/11-fragen-an-matthias-kaul\">nmz 2016\/09<\/a>.<\/p><\/blockquote>\n<p>&nbsp;<\/p>\n<p>&nbsp;<\/p>\n","protected":false},"excerpt":{"rendered":"<p>Matthias Kaul ist tot. Matthias Kaul, (Schlagzeuger und Komponist) begann seinen musikalischen Weg sehr jung als extrem aktiver H\u00f6rer, wobei die Umgebung in der er aufwuchs, ma\u00dfgeblich f\u00fcr seinen gesamten kompositorischen Weg war. Seit seinem 17. Lebensjahr trommelt er, studierte sp\u00e4ter klassisches Schlagzeug, und noch sp\u00e4ter begann er zu komponieren. Sein Kompositionsunterricht bestand daraus, dass er viele hundert Werke anderer Komponisten zur Urauff\u00fchrung brachte. Seit Ende seines Studiums arbeitet er entschieden als \u201efreelanced musician\u201c. Matthias Kaul starb vor drei Tagen. In seinen Antworten auf die 11 Fragen der nmz: Welche Musik soll zu Ihrer Beerdigung erklingen? Es reicht, bei meiner Beerdigung einige Mikrofone in die H\u00f6he zu halten, sodass die Umweltkl\u00e4nge in der Lautst\u00e4rke leicht angehoben\u00a0werden. In Erinnerung an den Musiker verweisen wir auf einen Konzertbericht von Andreas Kolb aus dem Jahr 2002. Schlagzeuger Matthias Kaul nimmt ein elektrisches Klangbad im Cuvilli\u00e9s-Theater Brotzeit und Champagnerflaschen, Wolldecken und Abendkleider: bei \u201eOper f\u00fcr alle\u201c verwandelte sich der Max Joseph Platz wieder einmal in ein Open-Air-Kino der besonderen Art. H\u00e4ndels \u201eC\u00e4sar in \u00c4gypten\u201c wurde live aus dem Nationaltheater via Gro\u00df-Videoleinwand \u00fcbertragen. Doch nicht nur bei diesem Event dr\u00e4ngelte &hellip;<\/p>\n","protected":false},"author":7,"featured_media":22895,"comment_status":"open","ping_status":"closed","sticky":false,"template":"","format":"standard","meta":{"_jetpack_memberships_contains_paid_content":false,"footnotes":"","jetpack_publicize_message":"","jetpack_publicize_feature_enabled":true,"jetpack_social_post_already_shared":false,"jetpack_social_options":{"image_generator_settings":{"template":"highway","default_image_id":0,"font":"","enabled":false},"version":2}},"categories":[647,633,1063],"tags":[2967,1564],"coauthors":[662],"class_list":["post-22893","post","type-post","status-publish","format-standard","has-post-thumbnail","hentry","category-archiv","category-nachrichten","category-portrait","tag-matthias-kaul","tag-schlagzeug"],"yoast_head":"<!-- This site is optimized with the Yoast SEO plugin v27.5 - https:\/\/yoast.com\/product\/yoast-seo-wordpress\/ -->\n<title>Schlagzeuger Matthias Kaul gestorben - JazzZeitung<\/title>\n<meta name=\"robots\" content=\"index, follow, max-snippet:-1, max-image-preview:large, max-video-preview:-1\" \/>\n<link rel=\"canonical\" href=\"https:\/\/www.jazzzeitung.de\/cms\/2020\/07\/schlagzeuger-matthias-kaul-gestorben\/\" \/>\n<meta property=\"og:locale\" content=\"de_DE\" \/>\n<meta property=\"og:type\" content=\"article\" \/>\n<meta property=\"og:title\" content=\"Schlagzeuger Matthias Kaul gestorben - JazzZeitung\" \/>\n<meta property=\"og:description\" content=\"Matthias Kaul ist tot. Matthias Kaul, (Schlagzeuger und Komponist) begann seinen musikalischen Weg sehr jung als extrem aktiver H\u00f6rer, wobei die Umgebung in der er aufwuchs, ma\u00dfgeblich f\u00fcr seinen gesamten kompositorischen Weg war. Seit seinem 17. Lebensjahr trommelt er, studierte sp\u00e4ter klassisches Schlagzeug, und noch sp\u00e4ter begann er zu komponieren. Sein Kompositionsunterricht bestand daraus, dass er viele hundert Werke anderer Komponisten zur Urauff\u00fchrung brachte. Seit Ende seines Studiums arbeitet er entschieden als \u201efreelanced musician\u201c. Matthias Kaul starb vor drei Tagen. In seinen Antworten auf die 11 Fragen der nmz: Welche Musik soll zu Ihrer Beerdigung erklingen? Es reicht, bei meiner Beerdigung einige Mikrofone in die H\u00f6he zu halten, sodass die Umweltkl\u00e4nge in der Lautst\u00e4rke leicht angehoben\u00a0werden. In Erinnerung an den Musiker verweisen wir auf einen Konzertbericht von Andreas Kolb aus dem Jahr 2002. Schlagzeuger Matthias Kaul nimmt ein elektrisches Klangbad im Cuvilli\u00e9s-Theater Brotzeit und Champagnerflaschen, Wolldecken und Abendkleider: bei \u201eOper f\u00fcr alle\u201c verwandelte sich der Max Joseph Platz wieder einmal in ein Open-Air-Kino der besonderen Art. H\u00e4ndels \u201eC\u00e4sar in \u00c4gypten\u201c wurde live aus dem Nationaltheater via Gro\u00df-Videoleinwand \u00fcbertragen. Doch nicht nur bei diesem Event dr\u00e4ngelte &hellip;\" \/>\n<meta property=\"og:url\" content=\"https:\/\/www.jazzzeitung.de\/cms\/2020\/07\/schlagzeuger-matthias-kaul-gestorben\/\" \/>\n<meta property=\"og:site_name\" content=\"JazzZeitung\" \/>\n<meta property=\"article:publisher\" content=\"https:\/\/www.facebook.com\/JazzZeitung\/\" \/>\n<meta property=\"article:published_time\" content=\"2020-07-04T09:36:37+00:00\" \/>\n<meta property=\"article:modified_time\" content=\"2020-07-04T09:37:10+00:00\" \/>\n<meta property=\"og:image\" content=\"https:\/\/i0.wp.com\/www.jazzzeitung.de\/cms\/wp-content\/uploads\/2020\/07\/dossier-muenchen-big-gigapixel-width-1600px.jpg?fit=1600%2C1148&ssl=1\" \/>\n\t<meta property=\"og:image:width\" content=\"1600\" \/>\n\t<meta property=\"og:image:height\" content=\"1148\" \/>\n\t<meta property=\"og:image:type\" content=\"image\/jpeg\" \/>\n<meta name=\"author\" content=\"Andreas Kolb\" \/>\n<script type=\"application\/ld+json\" class=\"yoast-schema-graph\">{\"@context\":\"https:\\\/\\\/schema.org\",\"@graph\":[{\"@type\":\"Article\",\"@id\":\"https:\\\/\\\/www.jazzzeitung.de\\\/cms\\\/2020\\\/07\\\/schlagzeuger-matthias-kaul-gestorben\\\/#article\",\"isPartOf\":{\"@id\":\"https:\\\/\\\/www.jazzzeitung.de\\\/cms\\\/2020\\\/07\\\/schlagzeuger-matthias-kaul-gestorben\\\/\"},\"author\":{\"name\":\"Andreas Kolb\",\"@id\":\"https:\\\/\\\/www.jazzzeitung.de\\\/cms\\\/#\\\/schema\\\/person\\\/23954215d035da9ee48d2a2c09a4a62c\"},\"headline\":\"Schlagzeuger Matthias Kaul gestorben\",\"datePublished\":\"2020-07-04T09:36:37+00:00\",\"dateModified\":\"2020-07-04T09:37:10+00:00\",\"mainEntityOfPage\":{\"@id\":\"https:\\\/\\\/www.jazzzeitung.de\\\/cms\\\/2020\\\/07\\\/schlagzeuger-matthias-kaul-gestorben\\\/\"},\"wordCount\":522,\"commentCount\":0,\"publisher\":{\"@id\":\"https:\\\/\\\/www.jazzzeitung.de\\\/cms\\\/#organization\"},\"image\":{\"@id\":\"https:\\\/\\\/www.jazzzeitung.de\\\/cms\\\/2020\\\/07\\\/schlagzeuger-matthias-kaul-gestorben\\\/#primaryimage\"},\"thumbnailUrl\":\"https:\\\/\\\/i0.wp.com\\\/www.jazzzeitung.de\\\/cms\\\/wp-content\\\/uploads\\\/2020\\\/07\\\/dossier-muenchen-big-gigapixel-width-1600px.jpg?fit=1600%2C1148&ssl=1\",\"keywords\":[\"Matthias Kaul\",\"Schlagzeug\"],\"articleSection\":[\"Archiv\",\"News\",\"Portrait\"],\"inLanguage\":\"de\",\"potentialAction\":[{\"@type\":\"CommentAction\",\"name\":\"Comment\",\"target\":[\"https:\\\/\\\/www.jazzzeitung.de\\\/cms\\\/2020\\\/07\\\/schlagzeuger-matthias-kaul-gestorben\\\/#respond\"]}]},{\"@type\":\"WebPage\",\"@id\":\"https:\\\/\\\/www.jazzzeitung.de\\\/cms\\\/2020\\\/07\\\/schlagzeuger-matthias-kaul-gestorben\\\/\",\"url\":\"https:\\\/\\\/www.jazzzeitung.de\\\/cms\\\/2020\\\/07\\\/schlagzeuger-matthias-kaul-gestorben\\\/\",\"name\":\"Schlagzeuger Matthias Kaul gestorben - JazzZeitung\",\"isPartOf\":{\"@id\":\"https:\\\/\\\/www.jazzzeitung.de\\\/cms\\\/#website\"},\"primaryImageOfPage\":{\"@id\":\"https:\\\/\\\/www.jazzzeitung.de\\\/cms\\\/2020\\\/07\\\/schlagzeuger-matthias-kaul-gestorben\\\/#primaryimage\"},\"image\":{\"@id\":\"https:\\\/\\\/www.jazzzeitung.de\\\/cms\\\/2020\\\/07\\\/schlagzeuger-matthias-kaul-gestorben\\\/#primaryimage\"},\"thumbnailUrl\":\"https:\\\/\\\/i0.wp.com\\\/www.jazzzeitung.de\\\/cms\\\/wp-content\\\/uploads\\\/2020\\\/07\\\/dossier-muenchen-big-gigapixel-width-1600px.jpg?fit=1600%2C1148&ssl=1\",\"datePublished\":\"2020-07-04T09:36:37+00:00\",\"dateModified\":\"2020-07-04T09:37:10+00:00\",\"breadcrumb\":{\"@id\":\"https:\\\/\\\/www.jazzzeitung.de\\\/cms\\\/2020\\\/07\\\/schlagzeuger-matthias-kaul-gestorben\\\/#breadcrumb\"},\"inLanguage\":\"de\",\"potentialAction\":[{\"@type\":\"ReadAction\",\"target\":[\"https:\\\/\\\/www.jazzzeitung.de\\\/cms\\\/2020\\\/07\\\/schlagzeuger-matthias-kaul-gestorben\\\/\"]}]},{\"@type\":\"ImageObject\",\"inLanguage\":\"de\",\"@id\":\"https:\\\/\\\/www.jazzzeitung.de\\\/cms\\\/2020\\\/07\\\/schlagzeuger-matthias-kaul-gestorben\\\/#primaryimage\",\"url\":\"https:\\\/\\\/i0.wp.com\\\/www.jazzzeitung.de\\\/cms\\\/wp-content\\\/uploads\\\/2020\\\/07\\\/dossier-muenchen-big-gigapixel-width-1600px.jpg?fit=1600%2C1148&ssl=1\",\"contentUrl\":\"https:\\\/\\\/i0.wp.com\\\/www.jazzzeitung.de\\\/cms\\\/wp-content\\\/uploads\\\/2020\\\/07\\\/dossier-muenchen-big-gigapixel-width-1600px.jpg?fit=1600%2C1148&ssl=1\",\"width\":1600,\"height\":1148,\"caption\":\"Im Rahmen der M\u00fcnchner Opernfestspiele nimmt Matthias Kaul ein Bad. Foto: Heiland\"},{\"@type\":\"BreadcrumbList\",\"@id\":\"https:\\\/\\\/www.jazzzeitung.de\\\/cms\\\/2020\\\/07\\\/schlagzeuger-matthias-kaul-gestorben\\\/#breadcrumb\",\"itemListElement\":[{\"@type\":\"ListItem\",\"position\":1,\"name\":\"Startseite\",\"item\":\"https:\\\/\\\/www.jazzzeitung.de\\\/cms\\\/\"},{\"@type\":\"ListItem\",\"position\":2,\"name\":\"Schlagzeuger Matthias Kaul gestorben\"}]},{\"@type\":\"WebSite\",\"@id\":\"https:\\\/\\\/www.jazzzeitung.de\\\/cms\\\/#website\",\"url\":\"https:\\\/\\\/www.jazzzeitung.de\\\/cms\\\/\",\"name\":\"JazzZeitung\",\"description\":\"Jazz-News und Jazz-Kontroverses\",\"publisher\":{\"@id\":\"https:\\\/\\\/www.jazzzeitung.de\\\/cms\\\/#organization\"},\"potentialAction\":[{\"@type\":\"SearchAction\",\"target\":{\"@type\":\"EntryPoint\",\"urlTemplate\":\"https:\\\/\\\/www.jazzzeitung.de\\\/cms\\\/?s={search_term_string}\"},\"query-input\":{\"@type\":\"PropertyValueSpecification\",\"valueRequired\":true,\"valueName\":\"search_term_string\"}}],\"inLanguage\":\"de\"},{\"@type\":\"Organization\",\"@id\":\"https:\\\/\\\/www.jazzzeitung.de\\\/cms\\\/#organization\",\"name\":\"JazzZeitung online\",\"url\":\"https:\\\/\\\/www.jazzzeitung.de\\\/cms\\\/\",\"logo\":{\"@type\":\"ImageObject\",\"inLanguage\":\"de\",\"@id\":\"https:\\\/\\\/www.jazzzeitung.de\\\/cms\\\/#\\\/schema\\\/logo\\\/image\\\/\",\"url\":\"https:\\\/\\\/i0.wp.com\\\/www.jazzzeitung.de\\\/cms\\\/wp-content\\\/uploads\\\/2015\\\/08\\\/JAZZZEITUNGDE_Logo_Neu.png?fit=499%2C200&ssl=1\",\"contentUrl\":\"https:\\\/\\\/i0.wp.com\\\/www.jazzzeitung.de\\\/cms\\\/wp-content\\\/uploads\\\/2015\\\/08\\\/JAZZZEITUNGDE_Logo_Neu.png?fit=499%2C200&ssl=1\",\"width\":499,\"height\":200,\"caption\":\"JazzZeitung online\"},\"image\":{\"@id\":\"https:\\\/\\\/www.jazzzeitung.de\\\/cms\\\/#\\\/schema\\\/logo\\\/image\\\/\"},\"sameAs\":[\"https:\\\/\\\/www.facebook.com\\\/JazzZeitung\\\/\"]},{\"@type\":\"Person\",\"@id\":\"https:\\\/\\\/www.jazzzeitung.de\\\/cms\\\/#\\\/schema\\\/person\\\/23954215d035da9ee48d2a2c09a4a62c\",\"name\":\"Andreas Kolb\",\"image\":{\"@type\":\"ImageObject\",\"inLanguage\":\"de\",\"@id\":\"https:\\\/\\\/i0.wp.com\\\/www.jazzzeitung.de\\\/cms\\\/wp-content\\\/uploads\\\/2013\\\/05\\\/kolb-small.jpg?resize=96%2C96&ssl=1d81fdf4aa1b2f31d206a8dd371420dd4\",\"url\":\"https:\\\/\\\/i0.wp.com\\\/www.jazzzeitung.de\\\/cms\\\/wp-content\\\/uploads\\\/2013\\\/05\\\/kolb-small.jpg?resize=96%2C96&ssl=1\",\"contentUrl\":\"https:\\\/\\\/i0.wp.com\\\/www.jazzzeitung.de\\\/cms\\\/wp-content\\\/uploads\\\/2013\\\/05\\\/kolb-small.jpg?resize=96%2C96&ssl=1\",\"caption\":\"Andreas Kolb\"},\"description\":\"Andreas Kolb ist Chefredakteur der Jazzzeitung.\",\"sameAs\":[\"https:\\\/\\\/www.jazzzeitung.de\"],\"url\":\"https:\\\/\\\/www.jazzzeitung.de\\\/cms\\\/author\\\/kolb\\\/\"}]}<\/script>\n<!-- \/ Yoast SEO plugin. -->","yoast_head_json":{"title":"Schlagzeuger Matthias Kaul gestorben - JazzZeitung","robots":{"index":"index","follow":"follow","max-snippet":"max-snippet:-1","max-image-preview":"max-image-preview:large","max-video-preview":"max-video-preview:-1"},"canonical":"https:\/\/www.jazzzeitung.de\/cms\/2020\/07\/schlagzeuger-matthias-kaul-gestorben\/","og_locale":"de_DE","og_type":"article","og_title":"Schlagzeuger Matthias Kaul gestorben - JazzZeitung","og_description":"Matthias Kaul ist tot. Matthias Kaul, (Schlagzeuger und Komponist) begann seinen musikalischen Weg sehr jung als extrem aktiver H\u00f6rer, wobei die Umgebung in der er aufwuchs, ma\u00dfgeblich f\u00fcr seinen gesamten kompositorischen Weg war. Seit seinem 17. Lebensjahr trommelt er, studierte sp\u00e4ter klassisches Schlagzeug, und noch sp\u00e4ter begann er zu komponieren. Sein Kompositionsunterricht bestand daraus, dass er viele hundert Werke anderer Komponisten zur Urauff\u00fchrung brachte. Seit Ende seines Studiums arbeitet er entschieden als \u201efreelanced musician\u201c. Matthias Kaul starb vor drei Tagen. In seinen Antworten auf die 11 Fragen der nmz: Welche Musik soll zu Ihrer Beerdigung erklingen? Es reicht, bei meiner Beerdigung einige Mikrofone in die H\u00f6he zu halten, sodass die Umweltkl\u00e4nge in der Lautst\u00e4rke leicht angehoben\u00a0werden. In Erinnerung an den Musiker verweisen wir auf einen Konzertbericht von Andreas Kolb aus dem Jahr 2002. Schlagzeuger Matthias Kaul nimmt ein elektrisches Klangbad im Cuvilli\u00e9s-Theater Brotzeit und Champagnerflaschen, Wolldecken und Abendkleider: bei \u201eOper f\u00fcr alle\u201c verwandelte sich der Max Joseph Platz wieder einmal in ein Open-Air-Kino der besonderen Art. H\u00e4ndels \u201eC\u00e4sar in \u00c4gypten\u201c wurde live aus dem Nationaltheater via Gro\u00df-Videoleinwand \u00fcbertragen. Doch nicht nur bei diesem Event dr\u00e4ngelte &hellip;","og_url":"https:\/\/www.jazzzeitung.de\/cms\/2020\/07\/schlagzeuger-matthias-kaul-gestorben\/","og_site_name":"JazzZeitung","article_publisher":"https:\/\/www.facebook.com\/JazzZeitung\/","article_published_time":"2020-07-04T09:36:37+00:00","article_modified_time":"2020-07-04T09:37:10+00:00","og_image":[{"width":1600,"height":1148,"url":"https:\/\/i0.wp.com\/www.jazzzeitung.de\/cms\/wp-content\/uploads\/2020\/07\/dossier-muenchen-big-gigapixel-width-1600px.jpg?fit=1600%2C1148&ssl=1","type":"image\/jpeg"}],"author":"Andreas Kolb","schema":{"@context":"https:\/\/schema.org","@graph":[{"@type":"Article","@id":"https:\/\/www.jazzzeitung.de\/cms\/2020\/07\/schlagzeuger-matthias-kaul-gestorben\/#article","isPartOf":{"@id":"https:\/\/www.jazzzeitung.de\/cms\/2020\/07\/schlagzeuger-matthias-kaul-gestorben\/"},"author":{"name":"Andreas Kolb","@id":"https:\/\/www.jazzzeitung.de\/cms\/#\/schema\/person\/23954215d035da9ee48d2a2c09a4a62c"},"headline":"Schlagzeuger Matthias Kaul gestorben","datePublished":"2020-07-04T09:36:37+00:00","dateModified":"2020-07-04T09:37:10+00:00","mainEntityOfPage":{"@id":"https:\/\/www.jazzzeitung.de\/cms\/2020\/07\/schlagzeuger-matthias-kaul-gestorben\/"},"wordCount":522,"commentCount":0,"publisher":{"@id":"https:\/\/www.jazzzeitung.de\/cms\/#organization"},"image":{"@id":"https:\/\/www.jazzzeitung.de\/cms\/2020\/07\/schlagzeuger-matthias-kaul-gestorben\/#primaryimage"},"thumbnailUrl":"https:\/\/i0.wp.com\/www.jazzzeitung.de\/cms\/wp-content\/uploads\/2020\/07\/dossier-muenchen-big-gigapixel-width-1600px.jpg?fit=1600%2C1148&ssl=1","keywords":["Matthias Kaul","Schlagzeug"],"articleSection":["Archiv","News","Portrait"],"inLanguage":"de","potentialAction":[{"@type":"CommentAction","name":"Comment","target":["https:\/\/www.jazzzeitung.de\/cms\/2020\/07\/schlagzeuger-matthias-kaul-gestorben\/#respond"]}]},{"@type":"WebPage","@id":"https:\/\/www.jazzzeitung.de\/cms\/2020\/07\/schlagzeuger-matthias-kaul-gestorben\/","url":"https:\/\/www.jazzzeitung.de\/cms\/2020\/07\/schlagzeuger-matthias-kaul-gestorben\/","name":"Schlagzeuger Matthias Kaul gestorben - JazzZeitung","isPartOf":{"@id":"https:\/\/www.jazzzeitung.de\/cms\/#website"},"primaryImageOfPage":{"@id":"https:\/\/www.jazzzeitung.de\/cms\/2020\/07\/schlagzeuger-matthias-kaul-gestorben\/#primaryimage"},"image":{"@id":"https:\/\/www.jazzzeitung.de\/cms\/2020\/07\/schlagzeuger-matthias-kaul-gestorben\/#primaryimage"},"thumbnailUrl":"https:\/\/i0.wp.com\/www.jazzzeitung.de\/cms\/wp-content\/uploads\/2020\/07\/dossier-muenchen-big-gigapixel-width-1600px.jpg?fit=1600%2C1148&ssl=1","datePublished":"2020-07-04T09:36:37+00:00","dateModified":"2020-07-04T09:37:10+00:00","breadcrumb":{"@id":"https:\/\/www.jazzzeitung.de\/cms\/2020\/07\/schlagzeuger-matthias-kaul-gestorben\/#breadcrumb"},"inLanguage":"de","potentialAction":[{"@type":"ReadAction","target":["https:\/\/www.jazzzeitung.de\/cms\/2020\/07\/schlagzeuger-matthias-kaul-gestorben\/"]}]},{"@type":"ImageObject","inLanguage":"de","@id":"https:\/\/www.jazzzeitung.de\/cms\/2020\/07\/schlagzeuger-matthias-kaul-gestorben\/#primaryimage","url":"https:\/\/i0.wp.com\/www.jazzzeitung.de\/cms\/wp-content\/uploads\/2020\/07\/dossier-muenchen-big-gigapixel-width-1600px.jpg?fit=1600%2C1148&ssl=1","contentUrl":"https:\/\/i0.wp.com\/www.jazzzeitung.de\/cms\/wp-content\/uploads\/2020\/07\/dossier-muenchen-big-gigapixel-width-1600px.jpg?fit=1600%2C1148&ssl=1","width":1600,"height":1148,"caption":"Im Rahmen der M\u00fcnchner Opernfestspiele nimmt Matthias Kaul ein Bad. Foto: Heiland"},{"@type":"BreadcrumbList","@id":"https:\/\/www.jazzzeitung.de\/cms\/2020\/07\/schlagzeuger-matthias-kaul-gestorben\/#breadcrumb","itemListElement":[{"@type":"ListItem","position":1,"name":"Startseite","item":"https:\/\/www.jazzzeitung.de\/cms\/"},{"@type":"ListItem","position":2,"name":"Schlagzeuger Matthias Kaul gestorben"}]},{"@type":"WebSite","@id":"https:\/\/www.jazzzeitung.de\/cms\/#website","url":"https:\/\/www.jazzzeitung.de\/cms\/","name":"JazzZeitung","description":"Jazz-News und Jazz-Kontroverses","publisher":{"@id":"https:\/\/www.jazzzeitung.de\/cms\/#organization"},"potentialAction":[{"@type":"SearchAction","target":{"@type":"EntryPoint","urlTemplate":"https:\/\/www.jazzzeitung.de\/cms\/?s={search_term_string}"},"query-input":{"@type":"PropertyValueSpecification","valueRequired":true,"valueName":"search_term_string"}}],"inLanguage":"de"},{"@type":"Organization","@id":"https:\/\/www.jazzzeitung.de\/cms\/#organization","name":"JazzZeitung online","url":"https:\/\/www.jazzzeitung.de\/cms\/","logo":{"@type":"ImageObject","inLanguage":"de","@id":"https:\/\/www.jazzzeitung.de\/cms\/#\/schema\/logo\/image\/","url":"https:\/\/i0.wp.com\/www.jazzzeitung.de\/cms\/wp-content\/uploads\/2015\/08\/JAZZZEITUNGDE_Logo_Neu.png?fit=499%2C200&ssl=1","contentUrl":"https:\/\/i0.wp.com\/www.jazzzeitung.de\/cms\/wp-content\/uploads\/2015\/08\/JAZZZEITUNGDE_Logo_Neu.png?fit=499%2C200&ssl=1","width":499,"height":200,"caption":"JazzZeitung online"},"image":{"@id":"https:\/\/www.jazzzeitung.de\/cms\/#\/schema\/logo\/image\/"},"sameAs":["https:\/\/www.facebook.com\/JazzZeitung\/"]},{"@type":"Person","@id":"https:\/\/www.jazzzeitung.de\/cms\/#\/schema\/person\/23954215d035da9ee48d2a2c09a4a62c","name":"Andreas Kolb","image":{"@type":"ImageObject","inLanguage":"de","@id":"https:\/\/i0.wp.com\/www.jazzzeitung.de\/cms\/wp-content\/uploads\/2013\/05\/kolb-small.jpg?resize=96%2C96&ssl=1d81fdf4aa1b2f31d206a8dd371420dd4","url":"https:\/\/i0.wp.com\/www.jazzzeitung.de\/cms\/wp-content\/uploads\/2013\/05\/kolb-small.jpg?resize=96%2C96&ssl=1","contentUrl":"https:\/\/i0.wp.com\/www.jazzzeitung.de\/cms\/wp-content\/uploads\/2013\/05\/kolb-small.jpg?resize=96%2C96&ssl=1","caption":"Andreas Kolb"},"description":"Andreas Kolb ist Chefredakteur der Jazzzeitung.","sameAs":["https:\/\/www.jazzzeitung.de"],"url":"https:\/\/www.jazzzeitung.de\/cms\/author\/kolb\/"}]}},"wp-worthy-pixel":{"ignored":false,"public":null,"server":null,"url":null},"wp-worthy-type":"normal","jetpack_publicize_connections":[],"cc_featured_image_caption":{"caption_text":"Im Rahmen der M\u00fcnchner Opernfestspiele nimmt Matthias Kaul ein Bad. ","source_text":"Foto: Heiland","source_url":""},"jetpack_featured_media_url":"https:\/\/i0.wp.com\/www.jazzzeitung.de\/cms\/wp-content\/uploads\/2020\/07\/dossier-muenchen-big-gigapixel-width-1600px.jpg?fit=1600%2C1148&ssl=1","jetpack_shortlink":"https:\/\/wp.me\/p3KEcT-5Xf","jetpack-related-posts":[{"id":6738,"url":"https:\/\/www.jazzzeitung.de\/cms\/2015\/07\/ingolstaedter-jazzfoerderpreis-2015-geht-matthias-hetzer\/","url_meta":{"origin":22893,"position":0},"title":"Ingolst\u00e4dter Jazzf\u00f6rderpreis 2015 geht an Matthias Hetzer","author":"Redaktion JazzZeitung","date":"29. Juli 2015","format":false,"excerpt":"Die Ingolst\u00e4dter Jazztage stehen nicht nur f\u00fcr Konzerterlebnisse mit internationalen Jazzstars, sondern auch f\u00fcr aktive Nachwuchs-F\u00f6rderung. Aus diesem Grunde verleihen die Veranstalter in jedem Jahr den Jazzf\u00f6rderpreis der Stadt Ingolstadt \u2013 gef\u00f6rdert von der Sparkasse Ingolstadt und Media-Saturn. In diesem Jahr w\u00fcrdigt die hochkar\u00e4tig besetzte Jury den 21-j\u00e4hrigen Schlagzeuger Matthias\u2026","rel":"","context":"In &quot;News&quot;","block_context":{"text":"News","link":"https:\/\/www.jazzzeitung.de\/cms\/thema\/nachrichten\/"},"img":{"alt_text":"Matthias Hetzer. Foto: Ingolst\u00e4dter Jazztage\/Tob","src":"https:\/\/i0.wp.com\/www.jazzzeitung.de\/cms\/wp-content\/uploads\/2015\/07\/MatthiasHetzer_by_Tob52EA5-150x150.jpg?resize=350%2C200","width":350,"height":200},"classes":[]},{"id":23276,"url":"https:\/\/www.jazzzeitung.de\/cms\/2020\/08\/news-munichs-finest-jazz-organ-summit-im-deutschen-museum\/","url_meta":{"origin":22893,"position":1},"title":"+++News: +++Munich\u2019s Finest \u2013 Jazz Organ Summit im Deutschen Museum+++","author":"Redaktion JazzZeitung","date":"27. August 2020","format":false,"excerpt":"Big Bands k\u00f6nnen im Moment nicht auftreten \u2013 was aber kommt dem am n\u00e4chsten? Die Hammond Orgel, jenes wegen seiner Komplexit\u00e4t seit 35 Jahren nicht mehr gebaute Instrument, das ein ganzes Orchester ersetzen kann. Derzeit erlebt dieser wuchtig wabernde Veteran des Groove weltweit ein Comeback \u2013 und still und leise\u2026","rel":"","context":"In &quot;News&quot;","block_context":{"text":"News","link":"https:\/\/www.jazzzeitung.de\/cms\/thema\/nachrichten\/"},"img":{"alt_text":"","src":"https:\/\/i0.wp.com\/www.jazzzeitung.de\/cms\/wp-content\/uploads\/2020\/08\/matthias_bublath-03-rgb_foto_by_philipp_wulk-1-scaled.jpg?fit=1200%2C741&ssl=1&resize=350%2C200","width":350,"height":200,"srcset":"https:\/\/i0.wp.com\/www.jazzzeitung.de\/cms\/wp-content\/uploads\/2020\/08\/matthias_bublath-03-rgb_foto_by_philipp_wulk-1-scaled.jpg?fit=1200%2C741&ssl=1&resize=350%2C200 1x, https:\/\/i0.wp.com\/www.jazzzeitung.de\/cms\/wp-content\/uploads\/2020\/08\/matthias_bublath-03-rgb_foto_by_philipp_wulk-1-scaled.jpg?fit=1200%2C741&ssl=1&resize=525%2C300 1.5x, https:\/\/i0.wp.com\/www.jazzzeitung.de\/cms\/wp-content\/uploads\/2020\/08\/matthias_bublath-03-rgb_foto_by_philipp_wulk-1-scaled.jpg?fit=1200%2C741&ssl=1&resize=700%2C400 2x, https:\/\/i0.wp.com\/www.jazzzeitung.de\/cms\/wp-content\/uploads\/2020\/08\/matthias_bublath-03-rgb_foto_by_philipp_wulk-1-scaled.jpg?fit=1200%2C741&ssl=1&resize=1050%2C600 3x"},"classes":[]},{"id":33283,"url":"https:\/\/www.jazzzeitung.de\/cms\/2025\/10\/zum-tod-des-meistertrommlers-und-komponisten-jack-dejohnette\/","url_meta":{"origin":22893,"position":2},"title":"Zum Tod des Meistertrommlers und Komponisten Jack DeJohnette","author":"Andreas Kolb","date":"29. Oktober 2025","format":false,"excerpt":"Jack DeJohnette hat als Jazzschlagzeuger Musikgeschichte geschrieben. Gr\u00f6\u00dfen wie Miles Davis, Keith Jarrett und John Coltrane geh\u00f6rten zu seinen Partnern. Nun ist der Musiker im Alter von 83 Jahren gestorben, wie sein Label ECM mitteilte. Ornette Coleman, Sonny Rollins, Sun Ra, Jackie McLean, Thelonious Monk, Bill Evans, Stan Getz, Keith\u2026","rel":"","context":"In &quot;Bericht&quot;","block_context":{"text":"Bericht","link":"https:\/\/www.jazzzeitung.de\/cms\/thema\/bericht\/"},"img":{"alt_text":"","src":"https:\/\/i0.wp.com\/www.jazzzeitung.de\/cms\/wp-content\/uploads\/2025\/10\/107-scaled.jpg?fit=1200%2C798&ssl=1&resize=350%2C200","width":350,"height":200,"srcset":"https:\/\/i0.wp.com\/www.jazzzeitung.de\/cms\/wp-content\/uploads\/2025\/10\/107-scaled.jpg?fit=1200%2C798&ssl=1&resize=350%2C200 1x, https:\/\/i0.wp.com\/www.jazzzeitung.de\/cms\/wp-content\/uploads\/2025\/10\/107-scaled.jpg?fit=1200%2C798&ssl=1&resize=525%2C300 1.5x, https:\/\/i0.wp.com\/www.jazzzeitung.de\/cms\/wp-content\/uploads\/2025\/10\/107-scaled.jpg?fit=1200%2C798&ssl=1&resize=700%2C400 2x, https:\/\/i0.wp.com\/www.jazzzeitung.de\/cms\/wp-content\/uploads\/2025\/10\/107-scaled.jpg?fit=1200%2C798&ssl=1&resize=1050%2C600 3x"},"classes":[]},{"id":6546,"url":"https:\/\/www.jazzzeitung.de\/cms\/2015\/07\/newcomer-des-monats-matthias-lindermayr\/","url_meta":{"origin":22893,"position":3},"title":"Newcomer des Monats: Matthias Lindermayr","author":"Redaktion JazzZeitung","date":"13. Juli 2015","format":false,"excerpt":"Ein Ton, einsam, weit und eindringlich ruft dieser Ton. Eine Verzierung, dann ein zweiter Ton. Lang angehalten, man h\u00f6rt wie die Luft flie\u00dft, wie w\u00fcrzig-rauer Sand weht einem dieser Ton ins Ohr. Kraft hat er und nach Sehnsucht klingt er, tiefgr\u00fcndig und lebendig. Er strahlt nicht nur, dieser Ton hat\u2026","rel":"","context":"In &quot;Newcomer des Monats&quot;","block_context":{"text":"Newcomer des Monats","link":"https:\/\/www.jazzzeitung.de\/cms\/thema\/newcomer\/"},"img":{"alt_text":"\u00a9_hannes_rohrer","src":"https:\/\/i0.wp.com\/www.jazzzeitung.de\/cms\/wp-content\/uploads\/2015\/07\/DSC4308_%C2%A9_hannes_rohrer.jpg?fit=1200%2C798&ssl=1&resize=350%2C200","width":350,"height":200,"srcset":"https:\/\/i0.wp.com\/www.jazzzeitung.de\/cms\/wp-content\/uploads\/2015\/07\/DSC4308_%C2%A9_hannes_rohrer.jpg?fit=1200%2C798&ssl=1&resize=350%2C200 1x, https:\/\/i0.wp.com\/www.jazzzeitung.de\/cms\/wp-content\/uploads\/2015\/07\/DSC4308_%C2%A9_hannes_rohrer.jpg?fit=1200%2C798&ssl=1&resize=525%2C300 1.5x, https:\/\/i0.wp.com\/www.jazzzeitung.de\/cms\/wp-content\/uploads\/2015\/07\/DSC4308_%C2%A9_hannes_rohrer.jpg?fit=1200%2C798&ssl=1&resize=700%2C400 2x, https:\/\/i0.wp.com\/www.jazzzeitung.de\/cms\/wp-content\/uploads\/2015\/07\/DSC4308_%C2%A9_hannes_rohrer.jpg?fit=1200%2C798&ssl=1&resize=1050%2C600 3x"},"classes":[]},{"id":27559,"url":"https:\/\/www.jazzzeitung.de\/cms\/2022\/06\/nachruf-und-rueckblick-matthias-winckelmann\/","url_meta":{"origin":22893,"position":4},"title":"Nachruf und R\u00fcckblick: Matthias Winckelmann","author":"Redaktion JazzZeitung","date":"20. Juni 2022","format":false,"excerpt":"\u201eIn memoriam Matthias Winckelmann\u201c - aus aktuellem Anlass ist die Radiosendung \u201eJazztime auf BR-KLASSIK\u201c heute Abend eine Stunde lang dem am Wochenende in einer M\u00fcnchner Klinik nach einer Operation verstorbenen M\u00fcnchner Jazzproduzenten Matthias Winckelmann gewidmet. Die BR- Redakteure Ulrich Habersetzer und Roland Spiegel haben Ausz\u00fcge aus Sendungen, in denen Matthias\u2026","rel":"","context":"In &quot;News&quot;","block_context":{"text":"News","link":"https:\/\/www.jazzzeitung.de\/cms\/thema\/nachrichten\/"},"img":{"alt_text":"Matthias Winkelmann. Foto: Pakzad\/enja","src":"https:\/\/i0.wp.com\/www.jazzzeitung.de\/cms\/wp-content\/uploads\/2022\/06\/portrait-winkelmann.jpg?fit=802%2C1200&ssl=1&resize=350%2C200","width":350,"height":200,"srcset":"https:\/\/i0.wp.com\/www.jazzzeitung.de\/cms\/wp-content\/uploads\/2022\/06\/portrait-winkelmann.jpg?fit=802%2C1200&ssl=1&resize=350%2C200 1x, https:\/\/i0.wp.com\/www.jazzzeitung.de\/cms\/wp-content\/uploads\/2022\/06\/portrait-winkelmann.jpg?fit=802%2C1200&ssl=1&resize=525%2C300 1.5x, https:\/\/i0.wp.com\/www.jazzzeitung.de\/cms\/wp-content\/uploads\/2022\/06\/portrait-winkelmann.jpg?fit=802%2C1200&ssl=1&resize=700%2C400 2x"},"classes":[]},{"id":30248,"url":"https:\/\/www.jazzzeitung.de\/cms\/2023\/11\/rueckblick-auf-das-34-jim-jazzfest-in-muenchen\/","url_meta":{"origin":22893,"position":5},"title":"R\u00fcckblick auf das 34. JIM-Jazzfest in M\u00fcnchen","author":"Redaktion JazzZeitung","date":"9. November 2023","format":false,"excerpt":"R\u00fcckkehr in die alte Heimat und Eintritt in eine hoffentlich j\u00fcngere Zukunft: Das 34. Jazzfest M\u00fcnchen der Jazzmusiker-Initiative JIM fand 2023 an vier Abenden abwechselnd auf zwei ganz unterschiedlichen B\u00fchnen statt - in der Black Box des Fat Cat, ehemals Gasteig, und im Blitz-Club im Deutschen Museum. Beide boten mit\u2026","rel":"","context":"In &quot;Bericht&quot;","block_context":{"text":"Bericht","link":"https:\/\/www.jazzzeitung.de\/cms\/thema\/bericht\/"},"img":{"alt_text":"","src":"https:\/\/i0.wp.com\/www.jazzzeitung.de\/cms\/wp-content\/uploads\/2023\/11\/HESSEJulian%C2%A9Godehard.Lutz%40bayern-mail.de_IMGP4611B-scaled.jpg?fit=1200%2C795&ssl=1&resize=350%2C200","width":350,"height":200,"srcset":"https:\/\/i0.wp.com\/www.jazzzeitung.de\/cms\/wp-content\/uploads\/2023\/11\/HESSEJulian%C2%A9Godehard.Lutz%40bayern-mail.de_IMGP4611B-scaled.jpg?fit=1200%2C795&ssl=1&resize=350%2C200 1x, https:\/\/i0.wp.com\/www.jazzzeitung.de\/cms\/wp-content\/uploads\/2023\/11\/HESSEJulian%C2%A9Godehard.Lutz%40bayern-mail.de_IMGP4611B-scaled.jpg?fit=1200%2C795&ssl=1&resize=525%2C300 1.5x, https:\/\/i0.wp.com\/www.jazzzeitung.de\/cms\/wp-content\/uploads\/2023\/11\/HESSEJulian%C2%A9Godehard.Lutz%40bayern-mail.de_IMGP4611B-scaled.jpg?fit=1200%2C795&ssl=1&resize=700%2C400 2x, https:\/\/i0.wp.com\/www.jazzzeitung.de\/cms\/wp-content\/uploads\/2023\/11\/HESSEJulian%C2%A9Godehard.Lutz%40bayern-mail.de_IMGP4611B-scaled.jpg?fit=1200%2C795&ssl=1&resize=1050%2C600 3x"},"classes":[]}],"jetpack_sharing_enabled":true,"_links":{"self":[{"href":"https:\/\/www.jazzzeitung.de\/cms\/wp-json\/wp\/v2\/posts\/22893","targetHints":{"allow":["GET"]}}],"collection":[{"href":"https:\/\/www.jazzzeitung.de\/cms\/wp-json\/wp\/v2\/posts"}],"about":[{"href":"https:\/\/www.jazzzeitung.de\/cms\/wp-json\/wp\/v2\/types\/post"}],"author":[{"embeddable":true,"href":"https:\/\/www.jazzzeitung.de\/cms\/wp-json\/wp\/v2\/users\/7"}],"replies":[{"embeddable":true,"href":"https:\/\/www.jazzzeitung.de\/cms\/wp-json\/wp\/v2\/comments?post=22893"}],"version-history":[{"count":6,"href":"https:\/\/www.jazzzeitung.de\/cms\/wp-json\/wp\/v2\/posts\/22893\/revisions"}],"predecessor-version":[{"id":22901,"href":"https:\/\/www.jazzzeitung.de\/cms\/wp-json\/wp\/v2\/posts\/22893\/revisions\/22901"}],"wp:featuredmedia":[{"embeddable":true,"href":"https:\/\/www.jazzzeitung.de\/cms\/wp-json\/wp\/v2\/media\/22895"}],"wp:attachment":[{"href":"https:\/\/www.jazzzeitung.de\/cms\/wp-json\/wp\/v2\/media?parent=22893"}],"wp:term":[{"taxonomy":"category","embeddable":true,"href":"https:\/\/www.jazzzeitung.de\/cms\/wp-json\/wp\/v2\/categories?post=22893"},{"taxonomy":"post_tag","embeddable":true,"href":"https:\/\/www.jazzzeitung.de\/cms\/wp-json\/wp\/v2\/tags?post=22893"},{"taxonomy":"author","embeddable":true,"href":"https:\/\/www.jazzzeitung.de\/cms\/wp-json\/wp\/v2\/coauthors?post=22893"}],"curies":[{"name":"wp","href":"https:\/\/api.w.org\/{rel}","templated":true}]}}