{"id":2285,"date":"2013-09-23T12:45:20","date_gmt":"2013-09-23T10:45:20","guid":{"rendered":"http:\/\/www.jazzzeitung.de\/cms\/?p=2285"},"modified":"2013-09-23T14:17:25","modified_gmt":"2013-09-23T12:17:25","slug":"zum-tod-von-paul-kuhn","status":"publish","type":"post","link":"https:\/\/www.jazzzeitung.de\/cms\/2013\/09\/zum-tod-von-paul-kuhn\/","title":{"rendered":"Zum Tod von Paul Kuhn"},"content":{"rendered":"<p>Erste Informationen im Kulturinformationszentrum der neuen musikzeitung:\u00a0 <a href=\"http:\/\/www.nmz.de\/kiz\/nachrichten\/mann-am-klavier-showtalent-und-jazzvirtuose-paul-kuhn-ist-tot\">\u00abMann am Klavier\u00bb, Showtalent und Jazzvirtuose &#8211; Paul Kuhn ist tot<\/a><\/p>\n<p>Ein Nachruf des Chefredakteurs der JazzZeitung, Andreas Kolb, wird folgen.<\/p>\n","protected":false},"excerpt":{"rendered":"<p>Erste Informationen im Kulturinformationszentrum der neuen musikzeitung:\u00a0 \u00abMann am Klavier\u00bb, Showtalent und Jazzvirtuose &#8211; Paul Kuhn ist tot Ein Nachruf des Chefredakteurs der JazzZeitung, Andreas Kolb, wird folgen.<\/p>\n","protected":false},"author":18,"featured_media":0,"comment_status":"open","ping_status":"open","sticky":false,"template":"","format":"standard","meta":{"_jetpack_memberships_contains_paid_content":false,"footnotes":"","jetpack_publicize_message":"","jetpack_publicize_feature_enabled":true,"jetpack_social_post_already_shared":false,"jetpack_social_options":{"image_generator_settings":{"template":"highway","default_image_id":0,"font":"","enabled":false},"version":2}},"categories":[633],"tags":[408,701],"coauthors":[695],"class_list":["post-2285","post","type-post","status-publish","format-standard","hentry","category-nachrichten","tag-nachruf","tag-paul-kuhn"],"yoast_head":"<!-- This site is optimized with the Yoast SEO plugin v27.5 - https:\/\/yoast.com\/product\/yoast-seo-wordpress\/ -->\n<title>Zum Tod von Paul Kuhn - JazzZeitung<\/title>\n<meta name=\"robots\" content=\"index, follow, max-snippet:-1, max-image-preview:large, max-video-preview:-1\" \/>\n<link rel=\"canonical\" href=\"https:\/\/www.jazzzeitung.de\/cms\/2013\/09\/zum-tod-von-paul-kuhn\/\" \/>\n<meta property=\"og:locale\" content=\"de_DE\" \/>\n<meta property=\"og:type\" content=\"article\" \/>\n<meta property=\"og:title\" content=\"Zum Tod von Paul Kuhn - JazzZeitung\" \/>\n<meta property=\"og:description\" content=\"Erste Informationen im Kulturinformationszentrum der neuen musikzeitung:\u00a0 \u00abMann am Klavier\u00bb, Showtalent und Jazzvirtuose &#8211; Paul Kuhn ist tot Ein Nachruf des Chefredakteurs der JazzZeitung, Andreas Kolb, wird folgen.\" \/>\n<meta property=\"og:url\" content=\"https:\/\/www.jazzzeitung.de\/cms\/2013\/09\/zum-tod-von-paul-kuhn\/\" \/>\n<meta property=\"og:site_name\" content=\"JazzZeitung\" \/>\n<meta property=\"article:publisher\" content=\"https:\/\/www.facebook.com\/JazzZeitung\/\" \/>\n<meta property=\"article:published_time\" content=\"2013-09-23T10:45:20+00:00\" \/>\n<meta property=\"article:modified_time\" content=\"2013-09-23T12:17:25+00:00\" \/>\n<meta property=\"og:image\" content=\"https:\/\/i0.wp.com\/www.jazzzeitung.de\/cms\/wp-content\/uploads\/2012\/01\/ipad-logo-200.png?fit=200%2C200&ssl=1\" \/>\n\t<meta property=\"og:image:width\" content=\"200\" \/>\n\t<meta property=\"og:image:height\" content=\"200\" \/>\n\t<meta property=\"og:image:type\" content=\"image\/png\" \/>\n<meta name=\"author\" content=\"Redaktion JazzZeitung\" \/>\n<script type=\"application\/ld+json\" class=\"yoast-schema-graph\">{\"@context\":\"https:\\\/\\\/schema.org\",\"@graph\":[{\"@type\":\"Article\",\"@id\":\"https:\\\/\\\/www.jazzzeitung.de\\\/cms\\\/2013\\\/09\\\/zum-tod-von-paul-kuhn\\\/#article\",\"isPartOf\":{\"@id\":\"https:\\\/\\\/www.jazzzeitung.de\\\/cms\\\/2013\\\/09\\\/zum-tod-von-paul-kuhn\\\/\"},\"author\":{\"name\":\"Redaktion JazzZeitung\",\"@id\":\"https:\\\/\\\/www.jazzzeitung.de\\\/cms\\\/#\\\/schema\\\/person\\\/2245b36b9cd1d24cea10f01c031fb92b\"},\"headline\":\"Zum Tod von Paul Kuhn\",\"datePublished\":\"2013-09-23T10:45:20+00:00\",\"dateModified\":\"2013-09-23T12:17:25+00:00\",\"mainEntityOfPage\":{\"@id\":\"https:\\\/\\\/www.jazzzeitung.de\\\/cms\\\/2013\\\/09\\\/zum-tod-von-paul-kuhn\\\/\"},\"wordCount\":33,\"commentCount\":0,\"publisher\":{\"@id\":\"https:\\\/\\\/www.jazzzeitung.de\\\/cms\\\/#organization\"},\"keywords\":[\"Nachruf\",\"Paul Kuhn\"],\"articleSection\":[\"News\"],\"inLanguage\":\"de\",\"potentialAction\":[{\"@type\":\"CommentAction\",\"name\":\"Comment\",\"target\":[\"https:\\\/\\\/www.jazzzeitung.de\\\/cms\\\/2013\\\/09\\\/zum-tod-von-paul-kuhn\\\/#respond\"]}]},{\"@type\":\"WebPage\",\"@id\":\"https:\\\/\\\/www.jazzzeitung.de\\\/cms\\\/2013\\\/09\\\/zum-tod-von-paul-kuhn\\\/\",\"url\":\"https:\\\/\\\/www.jazzzeitung.de\\\/cms\\\/2013\\\/09\\\/zum-tod-von-paul-kuhn\\\/\",\"name\":\"Zum Tod von Paul Kuhn - JazzZeitung\",\"isPartOf\":{\"@id\":\"https:\\\/\\\/www.jazzzeitung.de\\\/cms\\\/#website\"},\"datePublished\":\"2013-09-23T10:45:20+00:00\",\"dateModified\":\"2013-09-23T12:17:25+00:00\",\"breadcrumb\":{\"@id\":\"https:\\\/\\\/www.jazzzeitung.de\\\/cms\\\/2013\\\/09\\\/zum-tod-von-paul-kuhn\\\/#breadcrumb\"},\"inLanguage\":\"de\",\"potentialAction\":[{\"@type\":\"ReadAction\",\"target\":[\"https:\\\/\\\/www.jazzzeitung.de\\\/cms\\\/2013\\\/09\\\/zum-tod-von-paul-kuhn\\\/\"]}]},{\"@type\":\"BreadcrumbList\",\"@id\":\"https:\\\/\\\/www.jazzzeitung.de\\\/cms\\\/2013\\\/09\\\/zum-tod-von-paul-kuhn\\\/#breadcrumb\",\"itemListElement\":[{\"@type\":\"ListItem\",\"position\":1,\"name\":\"Startseite\",\"item\":\"https:\\\/\\\/www.jazzzeitung.de\\\/cms\\\/\"},{\"@type\":\"ListItem\",\"position\":2,\"name\":\"Zum Tod von Paul Kuhn\"}]},{\"@type\":\"WebSite\",\"@id\":\"https:\\\/\\\/www.jazzzeitung.de\\\/cms\\\/#website\",\"url\":\"https:\\\/\\\/www.jazzzeitung.de\\\/cms\\\/\",\"name\":\"JazzZeitung\",\"description\":\"Jazz-News und Jazz-Kontroverses\",\"publisher\":{\"@id\":\"https:\\\/\\\/www.jazzzeitung.de\\\/cms\\\/#organization\"},\"potentialAction\":[{\"@type\":\"SearchAction\",\"target\":{\"@type\":\"EntryPoint\",\"urlTemplate\":\"https:\\\/\\\/www.jazzzeitung.de\\\/cms\\\/?s={search_term_string}\"},\"query-input\":{\"@type\":\"PropertyValueSpecification\",\"valueRequired\":true,\"valueName\":\"search_term_string\"}}],\"inLanguage\":\"de\"},{\"@type\":\"Organization\",\"@id\":\"https:\\\/\\\/www.jazzzeitung.de\\\/cms\\\/#organization\",\"name\":\"JazzZeitung online\",\"url\":\"https:\\\/\\\/www.jazzzeitung.de\\\/cms\\\/\",\"logo\":{\"@type\":\"ImageObject\",\"inLanguage\":\"de\",\"@id\":\"https:\\\/\\\/www.jazzzeitung.de\\\/cms\\\/#\\\/schema\\\/logo\\\/image\\\/\",\"url\":\"https:\\\/\\\/i0.wp.com\\\/www.jazzzeitung.de\\\/cms\\\/wp-content\\\/uploads\\\/2015\\\/08\\\/JAZZZEITUNGDE_Logo_Neu.png?fit=499%2C200&ssl=1\",\"contentUrl\":\"https:\\\/\\\/i0.wp.com\\\/www.jazzzeitung.de\\\/cms\\\/wp-content\\\/uploads\\\/2015\\\/08\\\/JAZZZEITUNGDE_Logo_Neu.png?fit=499%2C200&ssl=1\",\"width\":499,\"height\":200,\"caption\":\"JazzZeitung online\"},\"image\":{\"@id\":\"https:\\\/\\\/www.jazzzeitung.de\\\/cms\\\/#\\\/schema\\\/logo\\\/image\\\/\"},\"sameAs\":[\"https:\\\/\\\/www.facebook.com\\\/JazzZeitung\\\/\"]},{\"@type\":\"Person\",\"@id\":\"https:\\\/\\\/www.jazzzeitung.de\\\/cms\\\/#\\\/schema\\\/person\\\/2245b36b9cd1d24cea10f01c031fb92b\",\"name\":\"Redaktion JazzZeitung\",\"image\":{\"@type\":\"ImageObject\",\"inLanguage\":\"de\",\"@id\":\"https:\\\/\\\/i0.wp.com\\\/www.jazzzeitung.de\\\/cms\\\/wp-content\\\/uploads\\\/2015\\\/08\\\/JAZZZEITUNGDE_Logo_Neu.png?resize=96%2C96&ssl=159975dcacb611b5700bd619b5daf0a7a\",\"url\":\"https:\\\/\\\/i0.wp.com\\\/www.jazzzeitung.de\\\/cms\\\/wp-content\\\/uploads\\\/2015\\\/08\\\/JAZZZEITUNGDE_Logo_Neu.png?resize=96%2C96&ssl=1\",\"contentUrl\":\"https:\\\/\\\/i0.wp.com\\\/www.jazzzeitung.de\\\/cms\\\/wp-content\\\/uploads\\\/2015\\\/08\\\/JAZZZEITUNGDE_Logo_Neu.png?resize=96%2C96&ssl=1\",\"caption\":\"Redaktion JazzZeitung\"},\"description\":\"Artikel der Redaktion der JazzZeitung.\",\"sameAs\":[\"http:\\\/\\\/www.jazzzeitung.de\\\/cms\\\/\"],\"url\":\"https:\\\/\\\/www.jazzzeitung.de\\\/cms\\\/author\\\/redaktion\\\/\"}]}<\/script>\n<!-- \/ Yoast SEO plugin. -->","yoast_head_json":{"title":"Zum Tod von Paul Kuhn - JazzZeitung","robots":{"index":"index","follow":"follow","max-snippet":"max-snippet:-1","max-image-preview":"max-image-preview:large","max-video-preview":"max-video-preview:-1"},"canonical":"https:\/\/www.jazzzeitung.de\/cms\/2013\/09\/zum-tod-von-paul-kuhn\/","og_locale":"de_DE","og_type":"article","og_title":"Zum Tod von Paul Kuhn - JazzZeitung","og_description":"Erste Informationen im Kulturinformationszentrum der neuen musikzeitung:\u00a0 \u00abMann am Klavier\u00bb, Showtalent und Jazzvirtuose &#8211; Paul Kuhn ist tot Ein Nachruf des Chefredakteurs der JazzZeitung, Andreas Kolb, wird folgen.","og_url":"https:\/\/www.jazzzeitung.de\/cms\/2013\/09\/zum-tod-von-paul-kuhn\/","og_site_name":"JazzZeitung","article_publisher":"https:\/\/www.facebook.com\/JazzZeitung\/","article_published_time":"2013-09-23T10:45:20+00:00","article_modified_time":"2013-09-23T12:17:25+00:00","og_image":[{"width":200,"height":200,"url":"https:\/\/i0.wp.com\/www.jazzzeitung.de\/cms\/wp-content\/uploads\/2012\/01\/ipad-logo-200.png?fit=200%2C200&ssl=1","type":"image\/png"}],"author":"Redaktion JazzZeitung","schema":{"@context":"https:\/\/schema.org","@graph":[{"@type":"Article","@id":"https:\/\/www.jazzzeitung.de\/cms\/2013\/09\/zum-tod-von-paul-kuhn\/#article","isPartOf":{"@id":"https:\/\/www.jazzzeitung.de\/cms\/2013\/09\/zum-tod-von-paul-kuhn\/"},"author":{"name":"Redaktion JazzZeitung","@id":"https:\/\/www.jazzzeitung.de\/cms\/#\/schema\/person\/2245b36b9cd1d24cea10f01c031fb92b"},"headline":"Zum Tod von Paul Kuhn","datePublished":"2013-09-23T10:45:20+00:00","dateModified":"2013-09-23T12:17:25+00:00","mainEntityOfPage":{"@id":"https:\/\/www.jazzzeitung.de\/cms\/2013\/09\/zum-tod-von-paul-kuhn\/"},"wordCount":33,"commentCount":0,"publisher":{"@id":"https:\/\/www.jazzzeitung.de\/cms\/#organization"},"keywords":["Nachruf","Paul Kuhn"],"articleSection":["News"],"inLanguage":"de","potentialAction":[{"@type":"CommentAction","name":"Comment","target":["https:\/\/www.jazzzeitung.de\/cms\/2013\/09\/zum-tod-von-paul-kuhn\/#respond"]}]},{"@type":"WebPage","@id":"https:\/\/www.jazzzeitung.de\/cms\/2013\/09\/zum-tod-von-paul-kuhn\/","url":"https:\/\/www.jazzzeitung.de\/cms\/2013\/09\/zum-tod-von-paul-kuhn\/","name":"Zum Tod von Paul Kuhn - JazzZeitung","isPartOf":{"@id":"https:\/\/www.jazzzeitung.de\/cms\/#website"},"datePublished":"2013-09-23T10:45:20+00:00","dateModified":"2013-09-23T12:17:25+00:00","breadcrumb":{"@id":"https:\/\/www.jazzzeitung.de\/cms\/2013\/09\/zum-tod-von-paul-kuhn\/#breadcrumb"},"inLanguage":"de","potentialAction":[{"@type":"ReadAction","target":["https:\/\/www.jazzzeitung.de\/cms\/2013\/09\/zum-tod-von-paul-kuhn\/"]}]},{"@type":"BreadcrumbList","@id":"https:\/\/www.jazzzeitung.de\/cms\/2013\/09\/zum-tod-von-paul-kuhn\/#breadcrumb","itemListElement":[{"@type":"ListItem","position":1,"name":"Startseite","item":"https:\/\/www.jazzzeitung.de\/cms\/"},{"@type":"ListItem","position":2,"name":"Zum Tod von Paul Kuhn"}]},{"@type":"WebSite","@id":"https:\/\/www.jazzzeitung.de\/cms\/#website","url":"https:\/\/www.jazzzeitung.de\/cms\/","name":"JazzZeitung","description":"Jazz-News und Jazz-Kontroverses","publisher":{"@id":"https:\/\/www.jazzzeitung.de\/cms\/#organization"},"potentialAction":[{"@type":"SearchAction","target":{"@type":"EntryPoint","urlTemplate":"https:\/\/www.jazzzeitung.de\/cms\/?s={search_term_string}"},"query-input":{"@type":"PropertyValueSpecification","valueRequired":true,"valueName":"search_term_string"}}],"inLanguage":"de"},{"@type":"Organization","@id":"https:\/\/www.jazzzeitung.de\/cms\/#organization","name":"JazzZeitung online","url":"https:\/\/www.jazzzeitung.de\/cms\/","logo":{"@type":"ImageObject","inLanguage":"de","@id":"https:\/\/www.jazzzeitung.de\/cms\/#\/schema\/logo\/image\/","url":"https:\/\/i0.wp.com\/www.jazzzeitung.de\/cms\/wp-content\/uploads\/2015\/08\/JAZZZEITUNGDE_Logo_Neu.png?fit=499%2C200&ssl=1","contentUrl":"https:\/\/i0.wp.com\/www.jazzzeitung.de\/cms\/wp-content\/uploads\/2015\/08\/JAZZZEITUNGDE_Logo_Neu.png?fit=499%2C200&ssl=1","width":499,"height":200,"caption":"JazzZeitung online"},"image":{"@id":"https:\/\/www.jazzzeitung.de\/cms\/#\/schema\/logo\/image\/"},"sameAs":["https:\/\/www.facebook.com\/JazzZeitung\/"]},{"@type":"Person","@id":"https:\/\/www.jazzzeitung.de\/cms\/#\/schema\/person\/2245b36b9cd1d24cea10f01c031fb92b","name":"Redaktion JazzZeitung","image":{"@type":"ImageObject","inLanguage":"de","@id":"https:\/\/i0.wp.com\/www.jazzzeitung.de\/cms\/wp-content\/uploads\/2015\/08\/JAZZZEITUNGDE_Logo_Neu.png?resize=96%2C96&ssl=159975dcacb611b5700bd619b5daf0a7a","url":"https:\/\/i0.wp.com\/www.jazzzeitung.de\/cms\/wp-content\/uploads\/2015\/08\/JAZZZEITUNGDE_Logo_Neu.png?resize=96%2C96&ssl=1","contentUrl":"https:\/\/i0.wp.com\/www.jazzzeitung.de\/cms\/wp-content\/uploads\/2015\/08\/JAZZZEITUNGDE_Logo_Neu.png?resize=96%2C96&ssl=1","caption":"Redaktion JazzZeitung"},"description":"Artikel der Redaktion der JazzZeitung.","sameAs":["http:\/\/www.jazzzeitung.de\/cms\/"],"url":"https:\/\/www.jazzzeitung.de\/cms\/author\/redaktion\/"}]}},"wp-worthy-pixel":{"ignored":false,"public":null,"server":null,"url":null},"wp-worthy-type":"normal","jetpack_publicize_connections":[],"cc_featured_image_caption":{"caption_text":false,"source_text":false,"source_url":false},"jetpack_featured_media_url":"","jetpack_shortlink":"https:\/\/wp.me\/p3KEcT-AR","jetpack-related-posts":[{"id":8040,"url":"https:\/\/www.jazzzeitung.de\/cms\/2016\/01\/paul-bley-nachruf-auf-einen-modernisten\/","url_meta":{"origin":2285,"position":0},"title":"Paul Bley &#8211; Nachruf auf einen Modernisten","author":"Redaktion JazzZeitung","date":"7. Januar 2016","format":false,"excerpt":"Leuchtende Akkorde, klarer Anschlag, moderner Improvisationsduktus \u2013 dies sind die g\u00e4ngigen Attribute, die dem Pianisten Paul Bley zugesprochen werden. Dass sie wahr sind, belegen \u00fcber 100 CD-Einspielungen des gro\u00dfen Improvisators der Jazz-Moderne. Am 3. Januar starb der kanadische Pianist im Kreise seiner Familie wie der \u201eOttawa Citizen\u201c unter Berufung auf\u2026","rel":"","context":"In &quot;News&quot;","block_context":{"text":"News","link":"https:\/\/www.jazzzeitung.de\/cms\/thema\/nachrichten\/"},"img":{"alt_text":"Paul Bley. Foto: Thomas J. Krebs ","src":"https:\/\/i0.wp.com\/www.jazzzeitung.de\/cms\/wp-content\/uploads\/2016\/01\/Paul-Bley-Copyright-by-TJ-Krebs-jazzphotoagency%40web.de_-150x150.jpg?resize=350%2C200","width":350,"height":200},"classes":[]},{"id":7935,"url":"https:\/\/www.jazzzeitung.de\/cms\/2015\/12\/jazz-deutschland-ein-filmprojekt\/","url_meta":{"origin":2285,"position":1},"title":"Wie der Jazz nach Deutschland kam: ein Filmprojekt","author":"Redaktion JazzZeitung","date":"12. Dezember 2015","format":false,"excerpt":"Die Filmemacher Andreas Heinrich und Reinhard Kungel von rk-film arbeiten an einem Dokumentarfilm \u00fcber Anfang und Verbreitung des Jazz in Deutschland. Einen ersten Eindruck vermittelt ihr Trailer, der auf folgender Internet-Seite frei zug\u00e4nglich ist: http:\/\/jazz2germany.de In der Finanzierung ihres Projektes gehen die Filmemacher neue Wege. Gemeinsam mit der Internetplattform Startnext\u2026","rel":"","context":"In &quot;Bericht&quot;","block_context":{"text":"Bericht","link":"https:\/\/www.jazzzeitung.de\/cms\/thema\/bericht\/"},"img":{"alt_text":"Jazz_Titelfoto_3","src":"https:\/\/i0.wp.com\/www.jazzzeitung.de\/cms\/wp-content\/uploads\/2015\/12\/Jazz_Titelfoto_3-150x150.jpg?resize=350%2C200","width":350,"height":200},"classes":[]},{"id":4257,"url":"https:\/\/www.jazzzeitung.de\/cms\/2014\/07\/bayerisches-jazzweekend-2014-details\/","url_meta":{"origin":2285,"position":2},"title":"Bayerisches Jazzweekend 2014 \u2013 Teil I (Galerie)","author":"Martin Hufner","date":"14. Juli 2014","format":false,"excerpt":"So ein Wochenende kann schon sehr lang sein. Und wenn man aus Kleinmachnow angefahren kommt, wird es k\u00fcrzer und k\u00fcrzer. Bei den vielen Veranstaltungen, die so ein Weekend zieren, ist es dann nicht so einfach, irgendwo ein Pl\u00e4tzchen zu finden, an dem es einen auch wirklich festh\u00e4lt. Garant daf\u00fcr ist\u2026","rel":"","context":"In &quot;Blog&quot;","block_context":{"text":"Blog","link":"https:\/\/www.jazzzeitung.de\/cms\/thema\/blog\/"},"img":{"alt_text":"Besetzung: Axel K\u00fchn (s,bcl), Andi Kissenbeck (p), Axel K\u00fchn (b), Bastian J\u00fctte (d). Foto: Petra Basche","src":"https:\/\/i0.wp.com\/www.jazzzeitung.de\/cms\/wp-content\/uploads\/2014\/07\/Jazzweekend_2014_pb_very-kuehn-002.jpg?resize=350%2C200","width":350,"height":200,"srcset":"https:\/\/i0.wp.com\/www.jazzzeitung.de\/cms\/wp-content\/uploads\/2014\/07\/Jazzweekend_2014_pb_very-kuehn-002.jpg?resize=350%2C200 1x, https:\/\/i0.wp.com\/www.jazzzeitung.de\/cms\/wp-content\/uploads\/2014\/07\/Jazzweekend_2014_pb_very-kuehn-002.jpg?resize=525%2C300 1.5x, https:\/\/i0.wp.com\/www.jazzzeitung.de\/cms\/wp-content\/uploads\/2014\/07\/Jazzweekend_2014_pb_very-kuehn-002.jpg?resize=700%2C400 2x"},"classes":[]},{"id":20588,"url":"https:\/\/www.jazzzeitung.de\/cms\/2019\/09\/news-erstausstrahlung-dokumentation-ueber-die-brueder-kuehn-30-jazzfestival-muenchen-2019\/","url_meta":{"origin":2285,"position":3},"title":"+++ News +++ Erstausstrahlung der Dokumentation \u00fcber die Br\u00fcder K\u00fchn +++ 30. Jazzfestival M\u00fcnchen 2019 +++","author":"Redaktion JazzZeitung","date":"4. September 2019","format":false,"excerpt":"+++ Erstausstrahlung der Dokumentation \u00fcber die Br\u00fcder K\u00fchn +++ Rolf K\u00fchn ist Meister der Jazz-Klarinette. Er arbeitete mit Benny Goodman oder Count Basie zusammen und seine Markenzeichen sind bis heute seine Neugier und Experimentierlust. Sein Bruder Joachim K\u00fchn steht ihm in dieser Hinsicht als Pianist in nichts nach. Bekannt ist\u2026","rel":"","context":"In &quot;News&quot;","block_context":{"text":"News","link":"https:\/\/www.jazzzeitung.de\/cms\/thema\/nachrichten\/"},"img":{"alt_text":"","src":"https:\/\/i0.wp.com\/www.jazzzeitung.de\/cms\/wp-content\/uploads\/2019\/09\/00000001.jpg?fit=1200%2C793&ssl=1&resize=350%2C200","width":350,"height":200,"srcset":"https:\/\/i0.wp.com\/www.jazzzeitung.de\/cms\/wp-content\/uploads\/2019\/09\/00000001.jpg?fit=1200%2C793&ssl=1&resize=350%2C200 1x, https:\/\/i0.wp.com\/www.jazzzeitung.de\/cms\/wp-content\/uploads\/2019\/09\/00000001.jpg?fit=1200%2C793&ssl=1&resize=525%2C300 1.5x, https:\/\/i0.wp.com\/www.jazzzeitung.de\/cms\/wp-content\/uploads\/2019\/09\/00000001.jpg?fit=1200%2C793&ssl=1&resize=700%2C400 2x, https:\/\/i0.wp.com\/www.jazzzeitung.de\/cms\/wp-content\/uploads\/2019\/09\/00000001.jpg?fit=1200%2C793&ssl=1&resize=1050%2C600 3x"},"classes":[]},{"id":2604,"url":"https:\/\/www.jazzzeitung.de\/cms\/2013\/11\/jazzfest-2013-gestartet-christian-scott-und-joachim-kuehn-stage-stretch-stretch\/","url_meta":{"origin":2285,"position":4},"title":"Jazzfest 2013 gestartet \u2013 Christian Scott und Joachim K\u00fchn on Stage: Stretch as jazz can","author":"Huflaikhan","date":"1. November 2013","format":false,"excerpt":"Es gibt offizielle und heimliche Schwerpunkte bei umfangreichen Veranstaltungen wie es das JazzFest in Berlin eine ist. Offiziell geht es um einen \u201eAfrika-Akzent\u201c, inoffiziell um Umarmungen. Das Er\u00f6ffnungskonzert brachte zwei Formationen nacheinander auf die B\u00fchen: Der Trompeter Christian Scott mit seiner Band und \u201eGnawa Jazz Voodoo \u2013 Joachim K\u00fchn Africa\u2026","rel":"","context":"In &quot;Blog&quot;","block_context":{"text":"Blog","link":"https:\/\/www.jazzzeitung.de\/cms\/thema\/blog\/"},"img":{"alt_text":"Christian Scott. Foto: Petra Basche","src":"https:\/\/i0.wp.com\/www.jazzzeitung.de\/cms\/wp-content\/uploads\/2013\/11\/jf13-01-0721.jpg?resize=350%2C200","width":350,"height":200,"srcset":"https:\/\/i0.wp.com\/www.jazzzeitung.de\/cms\/wp-content\/uploads\/2013\/11\/jf13-01-0721.jpg?resize=350%2C200 1x, https:\/\/i0.wp.com\/www.jazzzeitung.de\/cms\/wp-content\/uploads\/2013\/11\/jf13-01-0721.jpg?resize=525%2C300 1.5x"},"classes":[]},{"id":15025,"url":"https:\/\/www.jazzzeitung.de\/cms\/2018\/02\/german-jazz-trophy-am-rolf-und-joachim-kuehn\/","url_meta":{"origin":2285,"position":5},"title":"German Jazz Trophy 2018 an Rolf und Joachim K\u00fchn","author":"Redaktion JazzZeitung","date":"9. Februar 2018","format":false,"excerpt":"Zum Festivalauftakt des Stuttgarter Festivals jazzopen wird am 12. Juli die German Jazz Trophy an die Br\u00fcder Rolf und Joachim K\u00fchn verliehen. Nach der Preisverleihung werden Rolf und Joachim K\u00fchn im Duo zu h\u00f6ren sein. Die Auszeichnung wird seit 2001 j\u00e4hrlich unter dem Motto \u201eA Life for Jazz\u201c von der\u2026","rel":"","context":"In &quot;News&quot;","block_context":{"text":"News","link":"https:\/\/www.jazzzeitung.de\/cms\/thema\/nachrichten\/"},"img":{"alt_text":"","src":"https:\/\/i0.wp.com\/www.jazzzeitung.de\/cms\/wp-content\/uploads\/2018\/02\/Foto_Rolf_und_JoachimKuehn.jpg?fit=1200%2C800&ssl=1&resize=350%2C200","width":350,"height":200,"srcset":"https:\/\/i0.wp.com\/www.jazzzeitung.de\/cms\/wp-content\/uploads\/2018\/02\/Foto_Rolf_und_JoachimKuehn.jpg?fit=1200%2C800&ssl=1&resize=350%2C200 1x, https:\/\/i0.wp.com\/www.jazzzeitung.de\/cms\/wp-content\/uploads\/2018\/02\/Foto_Rolf_und_JoachimKuehn.jpg?fit=1200%2C800&ssl=1&resize=525%2C300 1.5x, https:\/\/i0.wp.com\/www.jazzzeitung.de\/cms\/wp-content\/uploads\/2018\/02\/Foto_Rolf_und_JoachimKuehn.jpg?fit=1200%2C800&ssl=1&resize=700%2C400 2x, https:\/\/i0.wp.com\/www.jazzzeitung.de\/cms\/wp-content\/uploads\/2018\/02\/Foto_Rolf_und_JoachimKuehn.jpg?fit=1200%2C800&ssl=1&resize=1050%2C600 3x"},"classes":[]}],"jetpack_sharing_enabled":true,"_links":{"self":[{"href":"https:\/\/www.jazzzeitung.de\/cms\/wp-json\/wp\/v2\/posts\/2285","targetHints":{"allow":["GET"]}}],"collection":[{"href":"https:\/\/www.jazzzeitung.de\/cms\/wp-json\/wp\/v2\/posts"}],"about":[{"href":"https:\/\/www.jazzzeitung.de\/cms\/wp-json\/wp\/v2\/types\/post"}],"author":[{"embeddable":true,"href":"https:\/\/www.jazzzeitung.de\/cms\/wp-json\/wp\/v2\/users\/18"}],"replies":[{"embeddable":true,"href":"https:\/\/www.jazzzeitung.de\/cms\/wp-json\/wp\/v2\/comments?post=2285"}],"version-history":[{"count":4,"href":"https:\/\/www.jazzzeitung.de\/cms\/wp-json\/wp\/v2\/posts\/2285\/revisions"}],"predecessor-version":[{"id":2295,"href":"https:\/\/www.jazzzeitung.de\/cms\/wp-json\/wp\/v2\/posts\/2285\/revisions\/2295"}],"wp:attachment":[{"href":"https:\/\/www.jazzzeitung.de\/cms\/wp-json\/wp\/v2\/media?parent=2285"}],"wp:term":[{"taxonomy":"category","embeddable":true,"href":"https:\/\/www.jazzzeitung.de\/cms\/wp-json\/wp\/v2\/categories?post=2285"},{"taxonomy":"post_tag","embeddable":true,"href":"https:\/\/www.jazzzeitung.de\/cms\/wp-json\/wp\/v2\/tags?post=2285"},{"taxonomy":"author","embeddable":true,"href":"https:\/\/www.jazzzeitung.de\/cms\/wp-json\/wp\/v2\/coauthors?post=2285"}],"curies":[{"name":"wp","href":"https:\/\/api.w.org\/{rel}","templated":true}]}}