{"id":22791,"date":"2020-06-26T15:52:06","date_gmt":"2020-06-26T13:52:06","guid":{"rendered":"https:\/\/www.jazzzeitung.de\/cms\/?p=22791"},"modified":"2020-06-26T15:49:39","modified_gmt":"2020-06-26T13:49:39","slug":"im-dialog-mit-der-natur-markus-stockhausen-und-tara-bouman-improvisierten-vor-der-kolvenburg","status":"publish","type":"post","link":"https:\/\/www.jazzzeitung.de\/cms\/2020\/06\/im-dialog-mit-der-natur-markus-stockhausen-und-tara-bouman-improvisierten-vor-der-kolvenburg\/","title":{"rendered":"Im Dialog mit der Natur: Markus Stockhausen und Tara Bouman improvisierten vor der Kolvenburg"},"content":{"rendered":"<p><strong>Von Stefan Pieper. Es ist f\u00fcr Tara Bouman und Markus Stockhausen gleicherma\u00dfen wie f\u00fcr ihr Publikum etwas besonderes an diesem Sonntagnachmittag auf einer malerischen Wiese hinter der Kolvenburg im m\u00fcnsterl\u00e4ndischen Billerbeck: Musik drau\u00dfen &#8211; im Dialog mit der sommerlichen Natur. F\u00fcr das Paar, das auf Trompeten und Klarinetten improvisiert, hat dies auch irritierende Aspekte: Es fehlt ein umgebender Raum und damit der Nachhall, der verl\u00e4ssliche R\u00fcckmeldung und dem eigenen Spiel R\u00e4umlichkeit und Gr\u00f6\u00dfe gibt. Das Musizieren in freier Natur hat andere Bedingungen- und birgt damit auch Chancen f\u00fcr neue, manchmal regelrecht syn\u00e4sthetische Erlebnisse. Allein, weil das Spiel von Tara Bouman und Markus Stockhausen von zahllosen Vogelstimmen \u201ebeantwortet\u201c wurde&#8230;<\/strong><\/p>\n<p>\u201eDie V\u00f6gel sind eigentlich die noch besseren Musiker\u201c, kommentiert Markus Stockhausen in nobel untertreibender Bescheidenheit. Jenseits alle k\u00fcnstlerischen Wertungen zwischen Mensch und Tier d\u00fcrfte zumindest ein gemeinsamer Nenner bestehen: Improvisation, intuitiv aus dem Moment heraus. \u00dcberraschend ist, wie scheinbar verbindlich sich dieses Duo auf Anhieb auf tonale Strukturen, klardefinierte Themen und harmonische Muster einschw\u00f6rt \u2013 eben dort, wo andere in wilden Ausbr\u00fcchen ihre Ideen vielleicht manchmal etwas zu beliebig in den Raum werfen. Das Gegenteil ist hier der Fall und sorgt zudem f\u00fcr Zust\u00e4nde einer wohltuenden Entschleunigung, als w\u00fcrde ein Weilchen mal die Zeit stehen bleiben. Der Klang von Trompete, Pocket Trumpet und Fl\u00fcgelhorn vereint sich vielgestaltig mit den weit ausholenden Linien der Bassklarinette. Und bei aller Raffinesse wirkt das Spiel oft verbl\u00fcffend eing\u00e4ngig. Immer neue, vielgestaltige Motive, Themen und Melodien geraten in einen unaufgeregten Fluss. Mal geben pentatonische Skalen die Koordinaten vor, ebenso wie eine minimalistische Lyrik jeder Versuchung, auch nur einen Ton zu viel zu spielen, stets Einhalt gebietet. So k\u00f6nnen dies nur Menschen, die sich wirklich nahe sind!<\/p>\n<h3>Aus der Not geboren<\/h3>\n<p>Auch dieses Open-Air war \u201eaus der Not geboren\u201c weil aufgrund der aktuellen, f\u00fcr geschlossene R\u00e4ume geltenden Vorschriften die naheliegendste L\u00f6sung und der Auftakt einer von Christine S\u00f6rries betreuten Sommerkonzert-Reihe auf M\u00fcnsterl\u00e4ndischen Burgen, die bis in den September gehen wird. Der Gewinn an Erlebniswert, der so gut in die Jahreszeit und die wunderbare Umgebung der m\u00fcnsterl\u00e4ndischen Parklandschaft passt, gab dem Wagnis (Wetter als Unsicherheitsfaktor) auf jeden Fall recht!<\/p>\n<div class=\"tiled-gallery type-rectangular tiled-gallery-unresized\" data-original-width=\"840\" data-carousel-extra='{&quot;blog_id&quot;:1,&quot;permalink&quot;:&quot;https:\\\/\\\/www.jazzzeitung.de\\\/cms\\\/2020\\\/06\\\/im-dialog-mit-der-natur-markus-stockhausen-und-tara-bouman-improvisierten-vor-der-kolvenburg\\\/&quot;,&quot;likes_blog_id&quot;:55446655}' itemscope itemtype=\"http:\/\/schema.org\/ImageGallery\" > <div class=\"gallery-row\" style=\"width: 840px; height: 426px;\" data-original-width=\"840\" data-original-height=\"426\" > <div class=\"gallery-group images-2\" style=\"width: 356px; height: 426px;\" data-original-width=\"356\" data-original-height=\"426\" > <div class=\"tiled-gallery-item tiled-gallery-item-large\" itemprop=\"associatedMedia\" itemscope itemtype=\"http:\/\/schema.org\/ImageObject\"> <a href=\"https:\/\/www.jazzzeitung.de\/cms\/2020\/06\/im-dialog-mit-der-natur-markus-stockhausen-und-tara-bouman-improvisierten-vor-der-kolvenburg\/buehne-von-hinten\/\" border=\"0\" itemprop=\"url\"> <meta itemprop=\"width\" content=\"352\"> <meta itemprop=\"height\" content=\"184\"> <img decoding=\"async\" class=\"\" data-attachment-id=\"22794\" data-orig-file=\"https:\/\/www.jazzzeitung.de\/cms\/wp-content\/uploads\/2020\/06\/B\u00fchne-von-hinten-scaled.jpg\" data-orig-size=\"2560,1336\" data-comments-opened=\"1\" data-image-meta=\"{&quot;aperture&quot;:&quot;0&quot;,&quot;credit&quot;:&quot;&quot;,&quot;camera&quot;:&quot;&quot;,&quot;caption&quot;:&quot;&quot;,&quot;created_timestamp&quot;:&quot;0&quot;,&quot;copyright&quot;:&quot;&quot;,&quot;focal_length&quot;:&quot;0&quot;,&quot;iso&quot;:&quot;0&quot;,&quot;shutter_speed&quot;:&quot;0&quot;,&quot;title&quot;:&quot;&quot;,&quot;orientation&quot;:&quot;0&quot;}\" data-image-title=\"\" data-image-description=\"\" data-medium-file=\"https:\/\/i0.wp.com\/www.jazzzeitung.de\/cms\/wp-content\/uploads\/2020\/06\/B%C3%BChne-von-hinten-scaled.jpg?fit=300%2C157&#038;ssl=1\" data-large-file=\"https:\/\/i0.wp.com\/www.jazzzeitung.de\/cms\/wp-content\/uploads\/2020\/06\/B%C3%BChne-von-hinten-scaled.jpg?fit=840%2C439&#038;ssl=1\" src=\"https:\/\/i0.wp.com\/www.jazzzeitung.de\/cms\/wp-content\/uploads\/2020\/06\/B%C3%BChne-von-hinten-scaled.jpg?w=352&#038;h=184&#038;ssl=1\" width=\"352\" height=\"184\" loading=\"lazy\" data-original-width=\"352\" data-original-height=\"184\" itemprop=\"http:\/\/schema.org\/image\" title=\"\" alt=\"\" style=\"width: 352px; height: 184px;\" \/> <\/a> <\/div> <div class=\"tiled-gallery-item tiled-gallery-item-large\" itemprop=\"associatedMedia\" itemscope itemtype=\"http:\/\/schema.org\/ImageObject\"> <a href=\"https:\/\/www.jazzzeitung.de\/cms\/2020\/06\/im-dialog-mit-der-natur-markus-stockhausen-und-tara-bouman-improvisierten-vor-der-kolvenburg\/dsc02458r\/\" border=\"0\" itemprop=\"url\"> <meta itemprop=\"width\" content=\"352\"> <meta itemprop=\"height\" content=\"234\"> <img decoding=\"async\" class=\"\" data-attachment-id=\"22795\" data-orig-file=\"https:\/\/www.jazzzeitung.de\/cms\/wp-content\/uploads\/2020\/06\/DSC02458r-scaled.jpg\" data-orig-size=\"2560,1707\" data-comments-opened=\"1\" data-image-meta=\"{&quot;aperture&quot;:&quot;0&quot;,&quot;credit&quot;:&quot;&quot;,&quot;camera&quot;:&quot;&quot;,&quot;caption&quot;:&quot;&quot;,&quot;created_timestamp&quot;:&quot;0&quot;,&quot;copyright&quot;:&quot;&quot;,&quot;focal_length&quot;:&quot;0&quot;,&quot;iso&quot;:&quot;0&quot;,&quot;shutter_speed&quot;:&quot;0&quot;,&quot;title&quot;:&quot;&quot;,&quot;orientation&quot;:&quot;0&quot;}\" data-image-title=\"\" data-image-description=\"\" data-medium-file=\"https:\/\/i0.wp.com\/www.jazzzeitung.de\/cms\/wp-content\/uploads\/2020\/06\/DSC02458r-scaled.jpg?fit=300%2C200&#038;ssl=1\" data-large-file=\"https:\/\/i0.wp.com\/www.jazzzeitung.de\/cms\/wp-content\/uploads\/2020\/06\/DSC02458r-scaled.jpg?fit=840%2C560&#038;ssl=1\" src=\"https:\/\/i0.wp.com\/www.jazzzeitung.de\/cms\/wp-content\/uploads\/2020\/06\/DSC02458r-scaled.jpg?w=352&#038;h=234&#038;ssl=1\" srcset=\"https:\/\/i0.wp.com\/www.jazzzeitung.de\/cms\/wp-content\/uploads\/2020\/06\/DSC02458r-scaled.jpg?w=2560&amp;ssl=1 2560w, https:\/\/i0.wp.com\/www.jazzzeitung.de\/cms\/wp-content\/uploads\/2020\/06\/DSC02458r-scaled.jpg?resize=300%2C200&amp;ssl=1 300w, https:\/\/i0.wp.com\/www.jazzzeitung.de\/cms\/wp-content\/uploads\/2020\/06\/DSC02458r-scaled.jpg?resize=900%2C600&amp;ssl=1 900w, https:\/\/i0.wp.com\/www.jazzzeitung.de\/cms\/wp-content\/uploads\/2020\/06\/DSC02458r-scaled.jpg?resize=768%2C512&amp;ssl=1 768w, https:\/\/i0.wp.com\/www.jazzzeitung.de\/cms\/wp-content\/uploads\/2020\/06\/DSC02458r-scaled.jpg?resize=1536%2C1024&amp;ssl=1 1536w, https:\/\/i0.wp.com\/www.jazzzeitung.de\/cms\/wp-content\/uploads\/2020\/06\/DSC02458r-scaled.jpg?resize=2048%2C1365&amp;ssl=1 2048w, https:\/\/i0.wp.com\/www.jazzzeitung.de\/cms\/wp-content\/uploads\/2020\/06\/DSC02458r-scaled.jpg?resize=120%2C80&amp;ssl=1 120w, https:\/\/i0.wp.com\/www.jazzzeitung.de\/cms\/wp-content\/uploads\/2020\/06\/DSC02458r-scaled.jpg?resize=1320%2C880&amp;ssl=1 1320w, https:\/\/i0.wp.com\/www.jazzzeitung.de\/cms\/wp-content\/uploads\/2020\/06\/DSC02458r-scaled.jpg?w=1680&amp;ssl=1 1680w\" width=\"352\" height=\"234\" loading=\"lazy\" data-original-width=\"352\" data-original-height=\"234\" itemprop=\"http:\/\/schema.org\/image\" title=\"\" alt=\"\" style=\"width: 352px; height: 234px;\" \/> <\/a> <\/div> <\/div> <!-- close group --> <div class=\"gallery-group images-1\" style=\"width: 484px; height: 426px;\" data-original-width=\"484\" data-original-height=\"426\" > <div class=\"tiled-gallery-item tiled-gallery-item-large\" itemprop=\"associatedMedia\" itemscope itemtype=\"http:\/\/schema.org\/ImageObject\"> <a href=\"https:\/\/www.jazzzeitung.de\/cms\/2020\/06\/im-dialog-mit-der-natur-markus-stockhausen-und-tara-bouman-improvisierten-vor-der-kolvenburg\/stockhausen-bouman\/\" border=\"0\" itemprop=\"url\"> <meta itemprop=\"width\" content=\"480\"> <meta itemprop=\"height\" content=\"422\"> <img decoding=\"async\" class=\"\" data-attachment-id=\"22797\" data-orig-file=\"https:\/\/www.jazzzeitung.de\/cms\/wp-content\/uploads\/2020\/06\/Stockhausen-Bouman-scaled.jpg\" data-orig-size=\"2560,2249\" data-comments-opened=\"1\" data-image-meta=\"{&quot;aperture&quot;:&quot;0&quot;,&quot;credit&quot;:&quot;&quot;,&quot;camera&quot;:&quot;&quot;,&quot;caption&quot;:&quot;&quot;,&quot;created_timestamp&quot;:&quot;0&quot;,&quot;copyright&quot;:&quot;&quot;,&quot;focal_length&quot;:&quot;0&quot;,&quot;iso&quot;:&quot;0&quot;,&quot;shutter_speed&quot;:&quot;0&quot;,&quot;title&quot;:&quot;&quot;,&quot;orientation&quot;:&quot;0&quot;}\" data-image-title=\"Stockhausen und Bouman\" data-image-description=\"\" data-medium-file=\"https:\/\/i0.wp.com\/www.jazzzeitung.de\/cms\/wp-content\/uploads\/2020\/06\/Stockhausen-Bouman-scaled.jpg?fit=300%2C264&#038;ssl=1\" data-large-file=\"https:\/\/i0.wp.com\/www.jazzzeitung.de\/cms\/wp-content\/uploads\/2020\/06\/Stockhausen-Bouman-scaled.jpg?fit=683%2C600&#038;ssl=1\" src=\"https:\/\/i0.wp.com\/www.jazzzeitung.de\/cms\/wp-content\/uploads\/2020\/06\/Stockhausen-Bouman-scaled.jpg?w=480&#038;h=422&#038;ssl=1\" srcset=\"https:\/\/i0.wp.com\/www.jazzzeitung.de\/cms\/wp-content\/uploads\/2020\/06\/Stockhausen-Bouman-scaled.jpg?w=2560&amp;ssl=1 2560w, https:\/\/i0.wp.com\/www.jazzzeitung.de\/cms\/wp-content\/uploads\/2020\/06\/Stockhausen-Bouman-scaled.jpg?resize=300%2C264&amp;ssl=1 300w, https:\/\/i0.wp.com\/www.jazzzeitung.de\/cms\/wp-content\/uploads\/2020\/06\/Stockhausen-Bouman-scaled.jpg?resize=683%2C600&amp;ssl=1 683w, https:\/\/i0.wp.com\/www.jazzzeitung.de\/cms\/wp-content\/uploads\/2020\/06\/Stockhausen-Bouman-scaled.jpg?resize=768%2C675&amp;ssl=1 768w, https:\/\/i0.wp.com\/www.jazzzeitung.de\/cms\/wp-content\/uploads\/2020\/06\/Stockhausen-Bouman-scaled.jpg?resize=1536%2C1350&amp;ssl=1 1536w, https:\/\/i0.wp.com\/www.jazzzeitung.de\/cms\/wp-content\/uploads\/2020\/06\/Stockhausen-Bouman-scaled.jpg?resize=2048%2C1799&amp;ssl=1 2048w, https:\/\/i0.wp.com\/www.jazzzeitung.de\/cms\/wp-content\/uploads\/2020\/06\/Stockhausen-Bouman-scaled.jpg?resize=1320%2C1160&amp;ssl=1 1320w, https:\/\/i0.wp.com\/www.jazzzeitung.de\/cms\/wp-content\/uploads\/2020\/06\/Stockhausen-Bouman-scaled.jpg?w=1680&amp;ssl=1 1680w\" width=\"480\" height=\"422\" loading=\"lazy\" data-original-width=\"480\" data-original-height=\"422\" itemprop=\"http:\/\/schema.org\/image\" title=\"Stockhausen und Bouman\" alt=\"Stockhausen und Bouman\" style=\"width: 480px; height: 422px;\" \/> <\/a> <\/div> <\/div> <!-- close group --> <\/div> <!-- close row --> <div class=\"gallery-row\" style=\"width: 840px; height: 476px;\" data-original-width=\"840\" data-original-height=\"476\" > <div class=\"gallery-group images-1\" style=\"width: 594px; height: 476px;\" data-original-width=\"594\" data-original-height=\"476\" > <div class=\"tiled-gallery-item tiled-gallery-item-large\" itemprop=\"associatedMedia\" itemscope itemtype=\"http:\/\/schema.org\/ImageObject\"> <a href=\"https:\/\/www.jazzzeitung.de\/cms\/2020\/06\/im-dialog-mit-der-natur-markus-stockhausen-und-tara-bouman-improvisierten-vor-der-kolvenburg\/stockhausen5\/\" border=\"0\" itemprop=\"url\"> <meta itemprop=\"width\" content=\"590\"> <meta itemprop=\"height\" content=\"472\"> <img decoding=\"async\" class=\"\" data-attachment-id=\"22798\" data-orig-file=\"https:\/\/www.jazzzeitung.de\/cms\/wp-content\/uploads\/2020\/06\/Stockhausen5-scaled.jpg\" data-orig-size=\"2560,2050\" data-comments-opened=\"1\" data-image-meta=\"{&quot;aperture&quot;:&quot;0&quot;,&quot;credit&quot;:&quot;&quot;,&quot;camera&quot;:&quot;&quot;,&quot;caption&quot;:&quot;&quot;,&quot;created_timestamp&quot;:&quot;0&quot;,&quot;copyright&quot;:&quot;&quot;,&quot;focal_length&quot;:&quot;0&quot;,&quot;iso&quot;:&quot;0&quot;,&quot;shutter_speed&quot;:&quot;0&quot;,&quot;title&quot;:&quot;&quot;,&quot;orientation&quot;:&quot;0&quot;}\" data-image-title=\"Markus Stockhausen\" data-image-description=\"\" data-medium-file=\"https:\/\/i0.wp.com\/www.jazzzeitung.de\/cms\/wp-content\/uploads\/2020\/06\/Stockhausen5-scaled.jpg?fit=300%2C240&#038;ssl=1\" data-large-file=\"https:\/\/i0.wp.com\/www.jazzzeitung.de\/cms\/wp-content\/uploads\/2020\/06\/Stockhausen5-scaled.jpg?fit=749%2C600&#038;ssl=1\" src=\"https:\/\/i0.wp.com\/www.jazzzeitung.de\/cms\/wp-content\/uploads\/2020\/06\/Stockhausen5-scaled.jpg?w=590&#038;h=472&#038;ssl=1\" srcset=\"https:\/\/i0.wp.com\/www.jazzzeitung.de\/cms\/wp-content\/uploads\/2020\/06\/Stockhausen5-scaled.jpg?w=2560&amp;ssl=1 2560w, https:\/\/i0.wp.com\/www.jazzzeitung.de\/cms\/wp-content\/uploads\/2020\/06\/Stockhausen5-scaled.jpg?resize=300%2C240&amp;ssl=1 300w, https:\/\/i0.wp.com\/www.jazzzeitung.de\/cms\/wp-content\/uploads\/2020\/06\/Stockhausen5-scaled.jpg?resize=749%2C600&amp;ssl=1 749w, https:\/\/i0.wp.com\/www.jazzzeitung.de\/cms\/wp-content\/uploads\/2020\/06\/Stockhausen5-scaled.jpg?resize=768%2C615&amp;ssl=1 768w, https:\/\/i0.wp.com\/www.jazzzeitung.de\/cms\/wp-content\/uploads\/2020\/06\/Stockhausen5-scaled.jpg?resize=1536%2C1230&amp;ssl=1 1536w, https:\/\/i0.wp.com\/www.jazzzeitung.de\/cms\/wp-content\/uploads\/2020\/06\/Stockhausen5-scaled.jpg?resize=2048%2C1640&amp;ssl=1 2048w, https:\/\/i0.wp.com\/www.jazzzeitung.de\/cms\/wp-content\/uploads\/2020\/06\/Stockhausen5-scaled.jpg?resize=1320%2C1057&amp;ssl=1 1320w, https:\/\/i0.wp.com\/www.jazzzeitung.de\/cms\/wp-content\/uploads\/2020\/06\/Stockhausen5-scaled.jpg?w=1680&amp;ssl=1 1680w\" width=\"590\" height=\"472\" loading=\"lazy\" data-original-width=\"590\" data-original-height=\"472\" itemprop=\"http:\/\/schema.org\/image\" title=\"Markus Stockhausen\" alt=\"Markus Stockhausen\" style=\"width: 590px; height: 472px;\" \/> <\/a> <\/div> <\/div> <!-- close group --> <div class=\"gallery-group images-2\" style=\"width: 246px; height: 476px;\" data-original-width=\"246\" data-original-height=\"476\" > <div class=\"tiled-gallery-item tiled-gallery-item-small\" itemprop=\"associatedMedia\" itemscope itemtype=\"http:\/\/schema.org\/ImageObject\"> <a href=\"https:\/\/www.jazzzeitung.de\/cms\/2020\/06\/im-dialog-mit-der-natur-markus-stockhausen-und-tara-bouman-improvisierten-vor-der-kolvenburg\/tara-bouman\/\" border=\"0\" itemprop=\"url\"> <meta itemprop=\"width\" content=\"242\"> <meta itemprop=\"height\" content=\"209\"> <img decoding=\"async\" class=\"\" data-attachment-id=\"22799\" data-orig-file=\"https:\/\/www.jazzzeitung.de\/cms\/wp-content\/uploads\/2020\/06\/Tara-Bouman-scaled.jpg\" data-orig-size=\"2560,2216\" data-comments-opened=\"1\" data-image-meta=\"{&quot;aperture&quot;:&quot;0&quot;,&quot;credit&quot;:&quot;&quot;,&quot;camera&quot;:&quot;&quot;,&quot;caption&quot;:&quot;&quot;,&quot;created_timestamp&quot;:&quot;0&quot;,&quot;copyright&quot;:&quot;&quot;,&quot;focal_length&quot;:&quot;0&quot;,&quot;iso&quot;:&quot;0&quot;,&quot;shutter_speed&quot;:&quot;0&quot;,&quot;title&quot;:&quot;&quot;,&quot;orientation&quot;:&quot;0&quot;}\" data-image-title=\"Tara Bouman\" data-image-description=\"\" data-medium-file=\"https:\/\/i0.wp.com\/www.jazzzeitung.de\/cms\/wp-content\/uploads\/2020\/06\/Tara-Bouman-scaled.jpg?fit=300%2C260&#038;ssl=1\" data-large-file=\"https:\/\/i0.wp.com\/www.jazzzeitung.de\/cms\/wp-content\/uploads\/2020\/06\/Tara-Bouman-scaled.jpg?fit=693%2C600&#038;ssl=1\" src=\"https:\/\/i0.wp.com\/www.jazzzeitung.de\/cms\/wp-content\/uploads\/2020\/06\/Tara-Bouman-scaled.jpg?w=242&#038;h=209&#038;ssl=1\" srcset=\"https:\/\/i0.wp.com\/www.jazzzeitung.de\/cms\/wp-content\/uploads\/2020\/06\/Tara-Bouman-scaled.jpg?w=2560&amp;ssl=1 2560w, https:\/\/i0.wp.com\/www.jazzzeitung.de\/cms\/wp-content\/uploads\/2020\/06\/Tara-Bouman-scaled.jpg?resize=300%2C260&amp;ssl=1 300w, https:\/\/i0.wp.com\/www.jazzzeitung.de\/cms\/wp-content\/uploads\/2020\/06\/Tara-Bouman-scaled.jpg?resize=693%2C600&amp;ssl=1 693w, https:\/\/i0.wp.com\/www.jazzzeitung.de\/cms\/wp-content\/uploads\/2020\/06\/Tara-Bouman-scaled.jpg?resize=768%2C665&amp;ssl=1 768w, https:\/\/i0.wp.com\/www.jazzzeitung.de\/cms\/wp-content\/uploads\/2020\/06\/Tara-Bouman-scaled.jpg?resize=1536%2C1330&amp;ssl=1 1536w, https:\/\/i0.wp.com\/www.jazzzeitung.de\/cms\/wp-content\/uploads\/2020\/06\/Tara-Bouman-scaled.jpg?resize=2048%2C1773&amp;ssl=1 2048w, https:\/\/i0.wp.com\/www.jazzzeitung.de\/cms\/wp-content\/uploads\/2020\/06\/Tara-Bouman-scaled.jpg?resize=1320%2C1143&amp;ssl=1 1320w, https:\/\/i0.wp.com\/www.jazzzeitung.de\/cms\/wp-content\/uploads\/2020\/06\/Tara-Bouman-scaled.jpg?w=1680&amp;ssl=1 1680w\" width=\"242\" height=\"209\" loading=\"lazy\" data-original-width=\"242\" data-original-height=\"209\" itemprop=\"http:\/\/schema.org\/image\" title=\"Tara Bouman\" alt=\"Tara Bouman\" style=\"width: 242px; height: 209px;\" \/> <\/a> <\/div> <div class=\"tiled-gallery-item tiled-gallery-item-small\" itemprop=\"associatedMedia\" itemscope itemtype=\"http:\/\/schema.org\/ImageObject\"> <a href=\"https:\/\/www.jazzzeitung.de\/cms\/2020\/06\/im-dialog-mit-der-natur-markus-stockhausen-und-tara-bouman-improvisierten-vor-der-kolvenburg\/tara-bouman2\/\" border=\"0\" itemprop=\"url\"> <meta itemprop=\"width\" content=\"242\"> <meta itemprop=\"height\" content=\"259\"> <img decoding=\"async\" class=\"\" data-attachment-id=\"22800\" data-orig-file=\"https:\/\/www.jazzzeitung.de\/cms\/wp-content\/uploads\/2020\/06\/Tara-Bouman2-scaled.jpg\" data-orig-size=\"2397,2560\" data-comments-opened=\"1\" data-image-meta=\"{&quot;aperture&quot;:&quot;0&quot;,&quot;credit&quot;:&quot;&quot;,&quot;camera&quot;:&quot;&quot;,&quot;caption&quot;:&quot;&quot;,&quot;created_timestamp&quot;:&quot;0&quot;,&quot;copyright&quot;:&quot;&quot;,&quot;focal_length&quot;:&quot;0&quot;,&quot;iso&quot;:&quot;0&quot;,&quot;shutter_speed&quot;:&quot;0&quot;,&quot;title&quot;:&quot;&quot;,&quot;orientation&quot;:&quot;0&quot;}\" data-image-title=\"Tara Bouman\" data-image-description=\"\" data-medium-file=\"https:\/\/i0.wp.com\/www.jazzzeitung.de\/cms\/wp-content\/uploads\/2020\/06\/Tara-Bouman2-scaled.jpg?fit=281%2C300&#038;ssl=1\" data-large-file=\"https:\/\/i0.wp.com\/www.jazzzeitung.de\/cms\/wp-content\/uploads\/2020\/06\/Tara-Bouman2-scaled.jpg?fit=562%2C600&#038;ssl=1\" src=\"https:\/\/i0.wp.com\/www.jazzzeitung.de\/cms\/wp-content\/uploads\/2020\/06\/Tara-Bouman2-scaled.jpg?w=242&#038;h=259&#038;ssl=1\" srcset=\"https:\/\/i0.wp.com\/www.jazzzeitung.de\/cms\/wp-content\/uploads\/2020\/06\/Tara-Bouman2-scaled.jpg?w=2397&amp;ssl=1 2397w, https:\/\/i0.wp.com\/www.jazzzeitung.de\/cms\/wp-content\/uploads\/2020\/06\/Tara-Bouman2-scaled.jpg?resize=281%2C300&amp;ssl=1 281w, https:\/\/i0.wp.com\/www.jazzzeitung.de\/cms\/wp-content\/uploads\/2020\/06\/Tara-Bouman2-scaled.jpg?resize=562%2C600&amp;ssl=1 562w, https:\/\/i0.wp.com\/www.jazzzeitung.de\/cms\/wp-content\/uploads\/2020\/06\/Tara-Bouman2-scaled.jpg?resize=768%2C820&amp;ssl=1 768w, https:\/\/i0.wp.com\/www.jazzzeitung.de\/cms\/wp-content\/uploads\/2020\/06\/Tara-Bouman2-scaled.jpg?resize=1438%2C1536&amp;ssl=1 1438w, https:\/\/i0.wp.com\/www.jazzzeitung.de\/cms\/wp-content\/uploads\/2020\/06\/Tara-Bouman2-scaled.jpg?resize=1917%2C2048&amp;ssl=1 1917w, https:\/\/i0.wp.com\/www.jazzzeitung.de\/cms\/wp-content\/uploads\/2020\/06\/Tara-Bouman2-scaled.jpg?resize=1320%2C1410&amp;ssl=1 1320w, https:\/\/i0.wp.com\/www.jazzzeitung.de\/cms\/wp-content\/uploads\/2020\/06\/Tara-Bouman2-scaled.jpg?w=1680&amp;ssl=1 1680w\" width=\"242\" height=\"259\" loading=\"lazy\" data-original-width=\"242\" data-original-height=\"259\" itemprop=\"http:\/\/schema.org\/image\" title=\"Tara Bouman\" alt=\"Tara Bouman\" style=\"width: 242px; height: 259px;\" \/> <\/a> <\/div> <\/div> <!-- close group --> <\/div> <!-- close row --> <div class=\"gallery-row\" style=\"width: 840px; height: 1181px;\" data-original-width=\"840\" data-original-height=\"1181\" > <div class=\"gallery-group images-1\" style=\"width: 840px; height: 1181px;\" data-original-width=\"840\" data-original-height=\"1181\" > <div class=\"tiled-gallery-item tiled-gallery-item-large\" itemprop=\"associatedMedia\" itemscope itemtype=\"http:\/\/schema.org\/ImageObject\"> <a href=\"https:\/\/www.jazzzeitung.de\/cms\/2020\/06\/im-dialog-mit-der-natur-markus-stockhausen-und-tara-bouman-improvisierten-vor-der-kolvenburg\/tara-bouman3\/\" border=\"0\" itemprop=\"url\"> <meta itemprop=\"width\" content=\"836\"> <meta itemprop=\"height\" content=\"1177\"> <img decoding=\"async\" class=\"\" data-attachment-id=\"22801\" data-orig-file=\"https:\/\/www.jazzzeitung.de\/cms\/wp-content\/uploads\/2020\/06\/Tara-Bouman3-scaled.jpg\" data-orig-size=\"1818,2560\" data-comments-opened=\"1\" data-image-meta=\"{&quot;aperture&quot;:&quot;0&quot;,&quot;credit&quot;:&quot;&quot;,&quot;camera&quot;:&quot;&quot;,&quot;caption&quot;:&quot;&quot;,&quot;created_timestamp&quot;:&quot;0&quot;,&quot;copyright&quot;:&quot;&quot;,&quot;focal_length&quot;:&quot;0&quot;,&quot;iso&quot;:&quot;0&quot;,&quot;shutter_speed&quot;:&quot;0&quot;,&quot;title&quot;:&quot;&quot;,&quot;orientation&quot;:&quot;0&quot;}\" data-image-title=\"Tara Bouman\" data-image-description=\"\" data-medium-file=\"https:\/\/i0.wp.com\/www.jazzzeitung.de\/cms\/wp-content\/uploads\/2020\/06\/Tara-Bouman3-scaled.jpg?fit=213%2C300&#038;ssl=1\" data-large-file=\"https:\/\/i0.wp.com\/www.jazzzeitung.de\/cms\/wp-content\/uploads\/2020\/06\/Tara-Bouman3-scaled.jpg?fit=426%2C600&#038;ssl=1\" src=\"https:\/\/i0.wp.com\/www.jazzzeitung.de\/cms\/wp-content\/uploads\/2020\/06\/Tara-Bouman3-scaled.jpg?w=836&#038;h=1177&#038;ssl=1\" srcset=\"https:\/\/i0.wp.com\/www.jazzzeitung.de\/cms\/wp-content\/uploads\/2020\/06\/Tara-Bouman3-scaled.jpg?w=1818&amp;ssl=1 1818w, https:\/\/i0.wp.com\/www.jazzzeitung.de\/cms\/wp-content\/uploads\/2020\/06\/Tara-Bouman3-scaled.jpg?resize=213%2C300&amp;ssl=1 213w, https:\/\/i0.wp.com\/www.jazzzeitung.de\/cms\/wp-content\/uploads\/2020\/06\/Tara-Bouman3-scaled.jpg?resize=426%2C600&amp;ssl=1 426w, https:\/\/i0.wp.com\/www.jazzzeitung.de\/cms\/wp-content\/uploads\/2020\/06\/Tara-Bouman3-scaled.jpg?resize=768%2C1081&amp;ssl=1 768w, https:\/\/i0.wp.com\/www.jazzzeitung.de\/cms\/wp-content\/uploads\/2020\/06\/Tara-Bouman3-scaled.jpg?resize=1091%2C1536&amp;ssl=1 1091w, https:\/\/i0.wp.com\/www.jazzzeitung.de\/cms\/wp-content\/uploads\/2020\/06\/Tara-Bouman3-scaled.jpg?resize=1455%2C2048&amp;ssl=1 1455w, https:\/\/i0.wp.com\/www.jazzzeitung.de\/cms\/wp-content\/uploads\/2020\/06\/Tara-Bouman3-scaled.jpg?resize=1320%2C1859&amp;ssl=1 1320w, https:\/\/i0.wp.com\/www.jazzzeitung.de\/cms\/wp-content\/uploads\/2020\/06\/Tara-Bouman3-scaled.jpg?w=1680&amp;ssl=1 1680w\" width=\"836\" height=\"1177\" loading=\"lazy\" data-original-width=\"836\" data-original-height=\"1177\" itemprop=\"http:\/\/schema.org\/image\" title=\"Tara Bouman\" alt=\"Tara Bouman\" style=\"width: 836px; height: 1177px;\" \/> <\/a> <\/div> <\/div> <!-- close group --> <\/div> <!-- close row --> <\/div>\n<p><strong>Alle Termine<\/strong>:<\/p>\n<p>So, 21. Juni, 16 Uhr &#8211;\u00a0<a href=\"https:\/\/www.kolvenburg.de\/termine-veranstaltungen\/sommerkonzerte\/markus-stockhausen-tara-bouman.html\"><strong>Markus Stockhausen &amp; Tara Bouman<\/strong><\/a><\/p>\n<p>So, 5. Juli, 16 Uhr &#8211;\u00a0<a href=\"https:\/\/www.kolvenburg.de\/termine-veranstaltungen\/sommerkonzerte\/the-klezmer-tunes.html\"><strong>The Klezmer Tunes<\/strong><\/a><\/p>\n<p>So, 19. Juli, 16 Uhr &#8211;\u00a0<a href=\"https:\/\/www.kolvenburg.de\/termine-veranstaltungen\/sommerkonzerte\/konstantin-reinfeld-benyamin-nuss.html\"><strong>Konstantin Reinfeld &amp; Benyamin Nuss<\/strong><\/a><\/p>\n<p>So, 2. Aug, 16 Uhr &#8211;\u00a0<a href=\"https:\/\/www.kolvenburg.de\/termine-veranstaltungen\/sommerkonzerte\/accordion-affairs.html\"><strong>Accordion Affairs<\/strong><\/a><\/p>\n<p>So, 16. Aug, 16 Uhr &#8211;\u00a0<a href=\"https:\/\/www.kolvenburg.de\/termine-veranstaltungen\/sommerkonzerte\/horst-hansen-trio.html\"><strong>Horst Hansen Trio<\/strong><\/a><\/p>\n<p>So, 30. Aug, 16 Uhr &#8211;\u00a0<a href=\"https:\/\/www.kolvenburg.de\/termine-veranstaltungen\/sommerkonzerte\/inga-luehning-andre-nendza.html\"><strong>Inga L\u00fchning &amp; Andr\u00e9 Nendza<\/strong><\/a><\/p>\n<p>&nbsp;<\/p>\n<p><a href=\"https:\/\/www.kolvenburg.de\/termine-veranstaltungen\/sommerkonzerte.html\">https:\/\/www.kolvenburg.de\/termine-veranstaltungen\/sommerkonzerte.html<\/a><\/p>\n<p>Beitragsbild und Bildergalerie: Stefan Pieper<\/p>\n<p>&nbsp;<\/p>\n<p>&nbsp;<\/p>\n","protected":false},"excerpt":{"rendered":"<p>Von Stefan Pieper. Es ist f\u00fcr Tara Bouman und Markus Stockhausen gleicherma\u00dfen wie f\u00fcr ihr Publikum etwas besonderes an diesem Sonntagnachmittag auf einer malerischen Wiese hinter der Kolvenburg im m\u00fcnsterl\u00e4ndischen Billerbeck: Musik drau\u00dfen &#8211; im Dialog mit der sommerlichen Natur. F\u00fcr das Paar, das auf Trompeten und Klarinetten improvisiert, hat dies auch irritierende Aspekte: Es fehlt ein umgebender Raum und damit der Nachhall, der verl\u00e4ssliche R\u00fcckmeldung und dem eigenen Spiel R\u00e4umlichkeit und Gr\u00f6\u00dfe gibt. Das Musizieren in freier Natur hat andere Bedingungen- und birgt damit auch Chancen f\u00fcr neue, manchmal regelrecht syn\u00e4sthetische Erlebnisse. Allein, weil das Spiel von Tara Bouman und Markus Stockhausen von zahllosen Vogelstimmen \u201ebeantwortet\u201c wurde&#8230; \u201eDie V\u00f6gel sind eigentlich die noch besseren Musiker\u201c, kommentiert Markus Stockhausen in nobel untertreibender Bescheidenheit. Jenseits alle k\u00fcnstlerischen Wertungen zwischen Mensch und Tier d\u00fcrfte zumindest ein gemeinsamer Nenner bestehen: Improvisation, intuitiv aus dem Moment heraus. \u00dcberraschend ist, wie scheinbar verbindlich sich dieses Duo auf Anhieb auf tonale Strukturen, klardefinierte Themen und harmonische Muster einschw\u00f6rt \u2013 eben dort, wo andere in wilden Ausbr\u00fcchen ihre Ideen vielleicht manchmal etwas zu beliebig in den Raum werfen. Das Gegenteil ist hier &hellip;<\/p>\n","protected":false},"author":18,"featured_media":22796,"comment_status":"open","ping_status":"closed","sticky":false,"template":"","format":"standard","meta":{"_jetpack_memberships_contains_paid_content":false,"footnotes":"","jetpack_publicize_message":"","jetpack_publicize_feature_enabled":true,"jetpack_social_post_already_shared":false,"jetpack_social_options":{"image_generator_settings":{"template":"highway","default_image_id":0,"font":"","enabled":false},"version":2}},"categories":[1053],"tags":[140,1406,1007,1810,775,2139,1129,1356,2657,1976],"coauthors":[695],"class_list":["post-22791","post","type-post","status-publish","format-standard","has-post-thumbnail","hentry","category-bericht","tag-die-zeit","tag-duo","tag-improvisation","tag-markus-stockhausen","tag-open","tag-s","tag-stefan-pieper","tag-trio","tag-trompete","tag-veranstaltungen"],"yoast_head":"<!-- This site is optimized with the Yoast SEO plugin v27.5 - https:\/\/yoast.com\/product\/yoast-seo-wordpress\/ -->\n<title>Im Dialog mit der Natur: Markus Stockhausen und Tara Bouman improvisierten vor der Kolvenburg - JazzZeitung<\/title>\n<meta name=\"robots\" content=\"index, follow, max-snippet:-1, max-image-preview:large, max-video-preview:-1\" \/>\n<link rel=\"canonical\" href=\"https:\/\/www.jazzzeitung.de\/cms\/2020\/06\/im-dialog-mit-der-natur-markus-stockhausen-und-tara-bouman-improvisierten-vor-der-kolvenburg\/\" \/>\n<meta property=\"og:locale\" content=\"de_DE\" \/>\n<meta property=\"og:type\" content=\"article\" \/>\n<meta property=\"og:title\" content=\"Im Dialog mit der Natur: Markus Stockhausen und Tara Bouman improvisierten vor der Kolvenburg - JazzZeitung\" \/>\n<meta property=\"og:description\" content=\"Von Stefan Pieper. Es ist f\u00fcr Tara Bouman und Markus Stockhausen gleicherma\u00dfen wie f\u00fcr ihr Publikum etwas besonderes an diesem Sonntagnachmittag auf einer malerischen Wiese hinter der Kolvenburg im m\u00fcnsterl\u00e4ndischen Billerbeck: Musik drau\u00dfen &#8211; im Dialog mit der sommerlichen Natur. F\u00fcr das Paar, das auf Trompeten und Klarinetten improvisiert, hat dies auch irritierende Aspekte: Es fehlt ein umgebender Raum und damit der Nachhall, der verl\u00e4ssliche R\u00fcckmeldung und dem eigenen Spiel R\u00e4umlichkeit und Gr\u00f6\u00dfe gibt. Das Musizieren in freier Natur hat andere Bedingungen- und birgt damit auch Chancen f\u00fcr neue, manchmal regelrecht syn\u00e4sthetische Erlebnisse. Allein, weil das Spiel von Tara Bouman und Markus Stockhausen von zahllosen Vogelstimmen \u201ebeantwortet\u201c wurde&#8230; \u201eDie V\u00f6gel sind eigentlich die noch besseren Musiker\u201c, kommentiert Markus Stockhausen in nobel untertreibender Bescheidenheit. Jenseits alle k\u00fcnstlerischen Wertungen zwischen Mensch und Tier d\u00fcrfte zumindest ein gemeinsamer Nenner bestehen: Improvisation, intuitiv aus dem Moment heraus. \u00dcberraschend ist, wie scheinbar verbindlich sich dieses Duo auf Anhieb auf tonale Strukturen, klardefinierte Themen und harmonische Muster einschw\u00f6rt \u2013 eben dort, wo andere in wilden Ausbr\u00fcchen ihre Ideen vielleicht manchmal etwas zu beliebig in den Raum werfen. Das Gegenteil ist hier &hellip;\" \/>\n<meta property=\"og:url\" content=\"https:\/\/www.jazzzeitung.de\/cms\/2020\/06\/im-dialog-mit-der-natur-markus-stockhausen-und-tara-bouman-improvisierten-vor-der-kolvenburg\/\" \/>\n<meta property=\"og:site_name\" content=\"JazzZeitung\" \/>\n<meta property=\"article:publisher\" content=\"https:\/\/www.facebook.com\/JazzZeitung\/\" \/>\n<meta property=\"article:published_time\" content=\"2020-06-26T13:52:06+00:00\" \/>\n<meta property=\"og:image\" content=\"https:\/\/i0.wp.com\/www.jazzzeitung.de\/cms\/wp-content\/uploads\/2020\/06\/Markus-Stockhausen2-scaled-e1593082190450.jpg?fit=2560%2C1548&ssl=1\" \/>\n\t<meta property=\"og:image:width\" content=\"2560\" \/>\n\t<meta property=\"og:image:height\" content=\"1548\" \/>\n\t<meta property=\"og:image:type\" content=\"image\/jpeg\" \/>\n<meta name=\"author\" content=\"Redaktion JazzZeitung\" \/>\n<script type=\"application\/ld+json\" class=\"yoast-schema-graph\">{\"@context\":\"https:\\\/\\\/schema.org\",\"@graph\":[{\"@type\":\"Article\",\"@id\":\"https:\\\/\\\/www.jazzzeitung.de\\\/cms\\\/2020\\\/06\\\/im-dialog-mit-der-natur-markus-stockhausen-und-tara-bouman-improvisierten-vor-der-kolvenburg\\\/#article\",\"isPartOf\":{\"@id\":\"https:\\\/\\\/www.jazzzeitung.de\\\/cms\\\/2020\\\/06\\\/im-dialog-mit-der-natur-markus-stockhausen-und-tara-bouman-improvisierten-vor-der-kolvenburg\\\/\"},\"author\":{\"name\":\"Redaktion JazzZeitung\",\"@id\":\"https:\\\/\\\/www.jazzzeitung.de\\\/cms\\\/#\\\/schema\\\/person\\\/2245b36b9cd1d24cea10f01c031fb92b\"},\"headline\":\"Im Dialog mit der Natur: Markus Stockhausen und Tara Bouman improvisierten vor der Kolvenburg\",\"datePublished\":\"2020-06-26T13:52:06+00:00\",\"mainEntityOfPage\":{\"@id\":\"https:\\\/\\\/www.jazzzeitung.de\\\/cms\\\/2020\\\/06\\\/im-dialog-mit-der-natur-markus-stockhausen-und-tara-bouman-improvisierten-vor-der-kolvenburg\\\/\"},\"wordCount\":467,\"commentCount\":1,\"publisher\":{\"@id\":\"https:\\\/\\\/www.jazzzeitung.de\\\/cms\\\/#organization\"},\"image\":{\"@id\":\"https:\\\/\\\/www.jazzzeitung.de\\\/cms\\\/2020\\\/06\\\/im-dialog-mit-der-natur-markus-stockhausen-und-tara-bouman-improvisierten-vor-der-kolvenburg\\\/#primaryimage\"},\"thumbnailUrl\":\"https:\\\/\\\/i0.wp.com\\\/www.jazzzeitung.de\\\/cms\\\/wp-content\\\/uploads\\\/2020\\\/06\\\/Markus-Stockhausen2-scaled-e1593082190450.jpg?fit=2560%2C1548&ssl=1\",\"keywords\":[\"die ZEIT\",\"duo\",\"Improvisation\",\"Markus Stockhausen\",\"open\",\"S\",\"Stefan Pieper\",\"trio\",\"Trompete\",\"Veranstaltungen\"],\"articleSection\":[\"Bericht\"],\"inLanguage\":\"de\",\"potentialAction\":[{\"@type\":\"CommentAction\",\"name\":\"Comment\",\"target\":[\"https:\\\/\\\/www.jazzzeitung.de\\\/cms\\\/2020\\\/06\\\/im-dialog-mit-der-natur-markus-stockhausen-und-tara-bouman-improvisierten-vor-der-kolvenburg\\\/#respond\"]}]},{\"@type\":\"WebPage\",\"@id\":\"https:\\\/\\\/www.jazzzeitung.de\\\/cms\\\/2020\\\/06\\\/im-dialog-mit-der-natur-markus-stockhausen-und-tara-bouman-improvisierten-vor-der-kolvenburg\\\/\",\"url\":\"https:\\\/\\\/www.jazzzeitung.de\\\/cms\\\/2020\\\/06\\\/im-dialog-mit-der-natur-markus-stockhausen-und-tara-bouman-improvisierten-vor-der-kolvenburg\\\/\",\"name\":\"Im Dialog mit der Natur: Markus Stockhausen und Tara Bouman improvisierten vor der Kolvenburg - JazzZeitung\",\"isPartOf\":{\"@id\":\"https:\\\/\\\/www.jazzzeitung.de\\\/cms\\\/#website\"},\"primaryImageOfPage\":{\"@id\":\"https:\\\/\\\/www.jazzzeitung.de\\\/cms\\\/2020\\\/06\\\/im-dialog-mit-der-natur-markus-stockhausen-und-tara-bouman-improvisierten-vor-der-kolvenburg\\\/#primaryimage\"},\"image\":{\"@id\":\"https:\\\/\\\/www.jazzzeitung.de\\\/cms\\\/2020\\\/06\\\/im-dialog-mit-der-natur-markus-stockhausen-und-tara-bouman-improvisierten-vor-der-kolvenburg\\\/#primaryimage\"},\"thumbnailUrl\":\"https:\\\/\\\/i0.wp.com\\\/www.jazzzeitung.de\\\/cms\\\/wp-content\\\/uploads\\\/2020\\\/06\\\/Markus-Stockhausen2-scaled-e1593082190450.jpg?fit=2560%2C1548&ssl=1\",\"datePublished\":\"2020-06-26T13:52:06+00:00\",\"breadcrumb\":{\"@id\":\"https:\\\/\\\/www.jazzzeitung.de\\\/cms\\\/2020\\\/06\\\/im-dialog-mit-der-natur-markus-stockhausen-und-tara-bouman-improvisierten-vor-der-kolvenburg\\\/#breadcrumb\"},\"inLanguage\":\"de\",\"potentialAction\":[{\"@type\":\"ReadAction\",\"target\":[\"https:\\\/\\\/www.jazzzeitung.de\\\/cms\\\/2020\\\/06\\\/im-dialog-mit-der-natur-markus-stockhausen-und-tara-bouman-improvisierten-vor-der-kolvenburg\\\/\"]}]},{\"@type\":\"ImageObject\",\"inLanguage\":\"de\",\"@id\":\"https:\\\/\\\/www.jazzzeitung.de\\\/cms\\\/2020\\\/06\\\/im-dialog-mit-der-natur-markus-stockhausen-und-tara-bouman-improvisierten-vor-der-kolvenburg\\\/#primaryimage\",\"url\":\"https:\\\/\\\/i0.wp.com\\\/www.jazzzeitung.de\\\/cms\\\/wp-content\\\/uploads\\\/2020\\\/06\\\/Markus-Stockhausen2-scaled-e1593082190450.jpg?fit=2560%2C1548&ssl=1\",\"contentUrl\":\"https:\\\/\\\/i0.wp.com\\\/www.jazzzeitung.de\\\/cms\\\/wp-content\\\/uploads\\\/2020\\\/06\\\/Markus-Stockhausen2-scaled-e1593082190450.jpg?fit=2560%2C1548&ssl=1\",\"width\":2560,\"height\":1548},{\"@type\":\"BreadcrumbList\",\"@id\":\"https:\\\/\\\/www.jazzzeitung.de\\\/cms\\\/2020\\\/06\\\/im-dialog-mit-der-natur-markus-stockhausen-und-tara-bouman-improvisierten-vor-der-kolvenburg\\\/#breadcrumb\",\"itemListElement\":[{\"@type\":\"ListItem\",\"position\":1,\"name\":\"Startseite\",\"item\":\"https:\\\/\\\/www.jazzzeitung.de\\\/cms\\\/\"},{\"@type\":\"ListItem\",\"position\":2,\"name\":\"Im Dialog mit der Natur: Markus Stockhausen und Tara Bouman improvisierten vor der Kolvenburg\"}]},{\"@type\":\"WebSite\",\"@id\":\"https:\\\/\\\/www.jazzzeitung.de\\\/cms\\\/#website\",\"url\":\"https:\\\/\\\/www.jazzzeitung.de\\\/cms\\\/\",\"name\":\"JazzZeitung\",\"description\":\"Jazz-News und Jazz-Kontroverses\",\"publisher\":{\"@id\":\"https:\\\/\\\/www.jazzzeitung.de\\\/cms\\\/#organization\"},\"potentialAction\":[{\"@type\":\"SearchAction\",\"target\":{\"@type\":\"EntryPoint\",\"urlTemplate\":\"https:\\\/\\\/www.jazzzeitung.de\\\/cms\\\/?s={search_term_string}\"},\"query-input\":{\"@type\":\"PropertyValueSpecification\",\"valueRequired\":true,\"valueName\":\"search_term_string\"}}],\"inLanguage\":\"de\"},{\"@type\":\"Organization\",\"@id\":\"https:\\\/\\\/www.jazzzeitung.de\\\/cms\\\/#organization\",\"name\":\"JazzZeitung online\",\"url\":\"https:\\\/\\\/www.jazzzeitung.de\\\/cms\\\/\",\"logo\":{\"@type\":\"ImageObject\",\"inLanguage\":\"de\",\"@id\":\"https:\\\/\\\/www.jazzzeitung.de\\\/cms\\\/#\\\/schema\\\/logo\\\/image\\\/\",\"url\":\"https:\\\/\\\/i0.wp.com\\\/www.jazzzeitung.de\\\/cms\\\/wp-content\\\/uploads\\\/2015\\\/08\\\/JAZZZEITUNGDE_Logo_Neu.png?fit=499%2C200&ssl=1\",\"contentUrl\":\"https:\\\/\\\/i0.wp.com\\\/www.jazzzeitung.de\\\/cms\\\/wp-content\\\/uploads\\\/2015\\\/08\\\/JAZZZEITUNGDE_Logo_Neu.png?fit=499%2C200&ssl=1\",\"width\":499,\"height\":200,\"caption\":\"JazzZeitung online\"},\"image\":{\"@id\":\"https:\\\/\\\/www.jazzzeitung.de\\\/cms\\\/#\\\/schema\\\/logo\\\/image\\\/\"},\"sameAs\":[\"https:\\\/\\\/www.facebook.com\\\/JazzZeitung\\\/\"]},{\"@type\":\"Person\",\"@id\":\"https:\\\/\\\/www.jazzzeitung.de\\\/cms\\\/#\\\/schema\\\/person\\\/2245b36b9cd1d24cea10f01c031fb92b\",\"name\":\"Redaktion JazzZeitung\",\"image\":{\"@type\":\"ImageObject\",\"inLanguage\":\"de\",\"@id\":\"https:\\\/\\\/i0.wp.com\\\/www.jazzzeitung.de\\\/cms\\\/wp-content\\\/uploads\\\/2015\\\/08\\\/JAZZZEITUNGDE_Logo_Neu.png?resize=96%2C96&ssl=159975dcacb611b5700bd619b5daf0a7a\",\"url\":\"https:\\\/\\\/i0.wp.com\\\/www.jazzzeitung.de\\\/cms\\\/wp-content\\\/uploads\\\/2015\\\/08\\\/JAZZZEITUNGDE_Logo_Neu.png?resize=96%2C96&ssl=1\",\"contentUrl\":\"https:\\\/\\\/i0.wp.com\\\/www.jazzzeitung.de\\\/cms\\\/wp-content\\\/uploads\\\/2015\\\/08\\\/JAZZZEITUNGDE_Logo_Neu.png?resize=96%2C96&ssl=1\",\"caption\":\"Redaktion JazzZeitung\"},\"description\":\"Artikel der Redaktion der JazzZeitung.\",\"sameAs\":[\"http:\\\/\\\/www.jazzzeitung.de\\\/cms\\\/\"],\"url\":\"https:\\\/\\\/www.jazzzeitung.de\\\/cms\\\/author\\\/redaktion\\\/\"}]}<\/script>\n<!-- \/ Yoast SEO plugin. -->","yoast_head_json":{"title":"Im Dialog mit der Natur: Markus Stockhausen und Tara Bouman improvisierten vor der Kolvenburg - JazzZeitung","robots":{"index":"index","follow":"follow","max-snippet":"max-snippet:-1","max-image-preview":"max-image-preview:large","max-video-preview":"max-video-preview:-1"},"canonical":"https:\/\/www.jazzzeitung.de\/cms\/2020\/06\/im-dialog-mit-der-natur-markus-stockhausen-und-tara-bouman-improvisierten-vor-der-kolvenburg\/","og_locale":"de_DE","og_type":"article","og_title":"Im Dialog mit der Natur: Markus Stockhausen und Tara Bouman improvisierten vor der Kolvenburg - JazzZeitung","og_description":"Von Stefan Pieper. Es ist f\u00fcr Tara Bouman und Markus Stockhausen gleicherma\u00dfen wie f\u00fcr ihr Publikum etwas besonderes an diesem Sonntagnachmittag auf einer malerischen Wiese hinter der Kolvenburg im m\u00fcnsterl\u00e4ndischen Billerbeck: Musik drau\u00dfen &#8211; im Dialog mit der sommerlichen Natur. F\u00fcr das Paar, das auf Trompeten und Klarinetten improvisiert, hat dies auch irritierende Aspekte: Es fehlt ein umgebender Raum und damit der Nachhall, der verl\u00e4ssliche R\u00fcckmeldung und dem eigenen Spiel R\u00e4umlichkeit und Gr\u00f6\u00dfe gibt. Das Musizieren in freier Natur hat andere Bedingungen- und birgt damit auch Chancen f\u00fcr neue, manchmal regelrecht syn\u00e4sthetische Erlebnisse. Allein, weil das Spiel von Tara Bouman und Markus Stockhausen von zahllosen Vogelstimmen \u201ebeantwortet\u201c wurde&#8230; \u201eDie V\u00f6gel sind eigentlich die noch besseren Musiker\u201c, kommentiert Markus Stockhausen in nobel untertreibender Bescheidenheit. Jenseits alle k\u00fcnstlerischen Wertungen zwischen Mensch und Tier d\u00fcrfte zumindest ein gemeinsamer Nenner bestehen: Improvisation, intuitiv aus dem Moment heraus. \u00dcberraschend ist, wie scheinbar verbindlich sich dieses Duo auf Anhieb auf tonale Strukturen, klardefinierte Themen und harmonische Muster einschw\u00f6rt \u2013 eben dort, wo andere in wilden Ausbr\u00fcchen ihre Ideen vielleicht manchmal etwas zu beliebig in den Raum werfen. Das Gegenteil ist hier &hellip;","og_url":"https:\/\/www.jazzzeitung.de\/cms\/2020\/06\/im-dialog-mit-der-natur-markus-stockhausen-und-tara-bouman-improvisierten-vor-der-kolvenburg\/","og_site_name":"JazzZeitung","article_publisher":"https:\/\/www.facebook.com\/JazzZeitung\/","article_published_time":"2020-06-26T13:52:06+00:00","og_image":[{"width":2560,"height":1548,"url":"https:\/\/i0.wp.com\/www.jazzzeitung.de\/cms\/wp-content\/uploads\/2020\/06\/Markus-Stockhausen2-scaled-e1593082190450.jpg?fit=2560%2C1548&ssl=1","type":"image\/jpeg"}],"author":"Redaktion JazzZeitung","schema":{"@context":"https:\/\/schema.org","@graph":[{"@type":"Article","@id":"https:\/\/www.jazzzeitung.de\/cms\/2020\/06\/im-dialog-mit-der-natur-markus-stockhausen-und-tara-bouman-improvisierten-vor-der-kolvenburg\/#article","isPartOf":{"@id":"https:\/\/www.jazzzeitung.de\/cms\/2020\/06\/im-dialog-mit-der-natur-markus-stockhausen-und-tara-bouman-improvisierten-vor-der-kolvenburg\/"},"author":{"name":"Redaktion JazzZeitung","@id":"https:\/\/www.jazzzeitung.de\/cms\/#\/schema\/person\/2245b36b9cd1d24cea10f01c031fb92b"},"headline":"Im Dialog mit der Natur: Markus Stockhausen und Tara Bouman improvisierten vor der Kolvenburg","datePublished":"2020-06-26T13:52:06+00:00","mainEntityOfPage":{"@id":"https:\/\/www.jazzzeitung.de\/cms\/2020\/06\/im-dialog-mit-der-natur-markus-stockhausen-und-tara-bouman-improvisierten-vor-der-kolvenburg\/"},"wordCount":467,"commentCount":1,"publisher":{"@id":"https:\/\/www.jazzzeitung.de\/cms\/#organization"},"image":{"@id":"https:\/\/www.jazzzeitung.de\/cms\/2020\/06\/im-dialog-mit-der-natur-markus-stockhausen-und-tara-bouman-improvisierten-vor-der-kolvenburg\/#primaryimage"},"thumbnailUrl":"https:\/\/i0.wp.com\/www.jazzzeitung.de\/cms\/wp-content\/uploads\/2020\/06\/Markus-Stockhausen2-scaled-e1593082190450.jpg?fit=2560%2C1548&ssl=1","keywords":["die ZEIT","duo","Improvisation","Markus Stockhausen","open","S","Stefan Pieper","trio","Trompete","Veranstaltungen"],"articleSection":["Bericht"],"inLanguage":"de","potentialAction":[{"@type":"CommentAction","name":"Comment","target":["https:\/\/www.jazzzeitung.de\/cms\/2020\/06\/im-dialog-mit-der-natur-markus-stockhausen-und-tara-bouman-improvisierten-vor-der-kolvenburg\/#respond"]}]},{"@type":"WebPage","@id":"https:\/\/www.jazzzeitung.de\/cms\/2020\/06\/im-dialog-mit-der-natur-markus-stockhausen-und-tara-bouman-improvisierten-vor-der-kolvenburg\/","url":"https:\/\/www.jazzzeitung.de\/cms\/2020\/06\/im-dialog-mit-der-natur-markus-stockhausen-und-tara-bouman-improvisierten-vor-der-kolvenburg\/","name":"Im Dialog mit der Natur: Markus Stockhausen und Tara Bouman improvisierten vor der Kolvenburg - JazzZeitung","isPartOf":{"@id":"https:\/\/www.jazzzeitung.de\/cms\/#website"},"primaryImageOfPage":{"@id":"https:\/\/www.jazzzeitung.de\/cms\/2020\/06\/im-dialog-mit-der-natur-markus-stockhausen-und-tara-bouman-improvisierten-vor-der-kolvenburg\/#primaryimage"},"image":{"@id":"https:\/\/www.jazzzeitung.de\/cms\/2020\/06\/im-dialog-mit-der-natur-markus-stockhausen-und-tara-bouman-improvisierten-vor-der-kolvenburg\/#primaryimage"},"thumbnailUrl":"https:\/\/i0.wp.com\/www.jazzzeitung.de\/cms\/wp-content\/uploads\/2020\/06\/Markus-Stockhausen2-scaled-e1593082190450.jpg?fit=2560%2C1548&ssl=1","datePublished":"2020-06-26T13:52:06+00:00","breadcrumb":{"@id":"https:\/\/www.jazzzeitung.de\/cms\/2020\/06\/im-dialog-mit-der-natur-markus-stockhausen-und-tara-bouman-improvisierten-vor-der-kolvenburg\/#breadcrumb"},"inLanguage":"de","potentialAction":[{"@type":"ReadAction","target":["https:\/\/www.jazzzeitung.de\/cms\/2020\/06\/im-dialog-mit-der-natur-markus-stockhausen-und-tara-bouman-improvisierten-vor-der-kolvenburg\/"]}]},{"@type":"ImageObject","inLanguage":"de","@id":"https:\/\/www.jazzzeitung.de\/cms\/2020\/06\/im-dialog-mit-der-natur-markus-stockhausen-und-tara-bouman-improvisierten-vor-der-kolvenburg\/#primaryimage","url":"https:\/\/i0.wp.com\/www.jazzzeitung.de\/cms\/wp-content\/uploads\/2020\/06\/Markus-Stockhausen2-scaled-e1593082190450.jpg?fit=2560%2C1548&ssl=1","contentUrl":"https:\/\/i0.wp.com\/www.jazzzeitung.de\/cms\/wp-content\/uploads\/2020\/06\/Markus-Stockhausen2-scaled-e1593082190450.jpg?fit=2560%2C1548&ssl=1","width":2560,"height":1548},{"@type":"BreadcrumbList","@id":"https:\/\/www.jazzzeitung.de\/cms\/2020\/06\/im-dialog-mit-der-natur-markus-stockhausen-und-tara-bouman-improvisierten-vor-der-kolvenburg\/#breadcrumb","itemListElement":[{"@type":"ListItem","position":1,"name":"Startseite","item":"https:\/\/www.jazzzeitung.de\/cms\/"},{"@type":"ListItem","position":2,"name":"Im Dialog mit der Natur: Markus Stockhausen und Tara Bouman improvisierten vor der Kolvenburg"}]},{"@type":"WebSite","@id":"https:\/\/www.jazzzeitung.de\/cms\/#website","url":"https:\/\/www.jazzzeitung.de\/cms\/","name":"JazzZeitung","description":"Jazz-News und Jazz-Kontroverses","publisher":{"@id":"https:\/\/www.jazzzeitung.de\/cms\/#organization"},"potentialAction":[{"@type":"SearchAction","target":{"@type":"EntryPoint","urlTemplate":"https:\/\/www.jazzzeitung.de\/cms\/?s={search_term_string}"},"query-input":{"@type":"PropertyValueSpecification","valueRequired":true,"valueName":"search_term_string"}}],"inLanguage":"de"},{"@type":"Organization","@id":"https:\/\/www.jazzzeitung.de\/cms\/#organization","name":"JazzZeitung online","url":"https:\/\/www.jazzzeitung.de\/cms\/","logo":{"@type":"ImageObject","inLanguage":"de","@id":"https:\/\/www.jazzzeitung.de\/cms\/#\/schema\/logo\/image\/","url":"https:\/\/i0.wp.com\/www.jazzzeitung.de\/cms\/wp-content\/uploads\/2015\/08\/JAZZZEITUNGDE_Logo_Neu.png?fit=499%2C200&ssl=1","contentUrl":"https:\/\/i0.wp.com\/www.jazzzeitung.de\/cms\/wp-content\/uploads\/2015\/08\/JAZZZEITUNGDE_Logo_Neu.png?fit=499%2C200&ssl=1","width":499,"height":200,"caption":"JazzZeitung online"},"image":{"@id":"https:\/\/www.jazzzeitung.de\/cms\/#\/schema\/logo\/image\/"},"sameAs":["https:\/\/www.facebook.com\/JazzZeitung\/"]},{"@type":"Person","@id":"https:\/\/www.jazzzeitung.de\/cms\/#\/schema\/person\/2245b36b9cd1d24cea10f01c031fb92b","name":"Redaktion JazzZeitung","image":{"@type":"ImageObject","inLanguage":"de","@id":"https:\/\/i0.wp.com\/www.jazzzeitung.de\/cms\/wp-content\/uploads\/2015\/08\/JAZZZEITUNGDE_Logo_Neu.png?resize=96%2C96&ssl=159975dcacb611b5700bd619b5daf0a7a","url":"https:\/\/i0.wp.com\/www.jazzzeitung.de\/cms\/wp-content\/uploads\/2015\/08\/JAZZZEITUNGDE_Logo_Neu.png?resize=96%2C96&ssl=1","contentUrl":"https:\/\/i0.wp.com\/www.jazzzeitung.de\/cms\/wp-content\/uploads\/2015\/08\/JAZZZEITUNGDE_Logo_Neu.png?resize=96%2C96&ssl=1","caption":"Redaktion JazzZeitung"},"description":"Artikel der Redaktion der JazzZeitung.","sameAs":["http:\/\/www.jazzzeitung.de\/cms\/"],"url":"https:\/\/www.jazzzeitung.de\/cms\/author\/redaktion\/"}]}},"wp-worthy-pixel":{"ignored":false,"public":null,"server":null,"url":null},"wp-worthy-type":"normal","jetpack_publicize_connections":[],"cc_featured_image_caption":{"caption_text":"","source_text":"","source_url":""},"jetpack_featured_media_url":"https:\/\/i0.wp.com\/www.jazzzeitung.de\/cms\/wp-content\/uploads\/2020\/06\/Markus-Stockhausen2-scaled-e1593082190450.jpg?fit=2560%2C1548&ssl=1","jetpack_shortlink":"https:\/\/wp.me\/p3KEcT-5VB","jetpack-related-posts":[{"id":23205,"url":"https:\/\/www.jazzzeitung.de\/cms\/2020\/08\/cd-rezension-markus-stockhausen-wild-life\/","url_meta":{"origin":22791,"position":0},"title":"CD-Rezension: Markus Stockhausen: Wild Life","author":"Redaktion JazzZeitung","date":"21. August 2020","format":false,"excerpt":"Sch\u00f6pferische Freiheit in spiritueller Dimension Der Jazztrompeter Markus Stockhausen teilt mit seinem Vater Karlheinz Stockhausen das Bekenntnis zur sch\u00f6pferischen Freiheit in einer durchaus spirituell zu nennenden Dimension. Markus Stockhausen spricht hier gerne von \u201eIntuition\u201c. Das Eintauchen in den Kosmos der neuen Dreier-CD \u201eWild Life\u201c macht deutlich, dass hier zwischen den\u2026","rel":"","context":"In &quot;Rezension&quot;","block_context":{"text":"Rezension","link":"https:\/\/www.jazzzeitung.de\/cms\/thema\/rezension\/"},"img":{"alt_text":"","src":"https:\/\/i0.wp.com\/www.jazzzeitung.de\/cms\/wp-content\/uploads\/2020\/08\/fq5n7v-wildlife-preview-m3.jpg?fit=1200%2C1200&ssl=1&resize=350%2C200","width":350,"height":200,"srcset":"https:\/\/i0.wp.com\/www.jazzzeitung.de\/cms\/wp-content\/uploads\/2020\/08\/fq5n7v-wildlife-preview-m3.jpg?fit=1200%2C1200&ssl=1&resize=350%2C200 1x, https:\/\/i0.wp.com\/www.jazzzeitung.de\/cms\/wp-content\/uploads\/2020\/08\/fq5n7v-wildlife-preview-m3.jpg?fit=1200%2C1200&ssl=1&resize=525%2C300 1.5x, https:\/\/i0.wp.com\/www.jazzzeitung.de\/cms\/wp-content\/uploads\/2020\/08\/fq5n7v-wildlife-preview-m3.jpg?fit=1200%2C1200&ssl=1&resize=700%2C400 2x, https:\/\/i0.wp.com\/www.jazzzeitung.de\/cms\/wp-content\/uploads\/2020\/08\/fq5n7v-wildlife-preview-m3.jpg?fit=1200%2C1200&ssl=1&resize=1050%2C600 3x"},"classes":[]},{"id":25433,"url":"https:\/\/www.jazzzeitung.de\/cms\/2021\/08\/das-musik-und-literaturfestival-wege-durch-das-land\/","url_meta":{"origin":22791,"position":1},"title":"Das Musik- und Literaturfestival \u201eWege durch das Land&#8220;","author":"Redaktion JazzZeitung","date":"18. August 2021","format":false,"excerpt":"Unter weitem Himmel: Das Duo Aliada bei einer Publikumswanderung im Rahmen des Musik- und Literaturfestivals Wege durch das Land (Bielefeld) \u201eEin technisches Level, das alles musikalisch m\u00f6glich macht\" und eine \u201eeinzigartige Krativit\u00e4t, welche die Zuschauer in ihren Bann zieht\" wurde dem Saxofonisten Michael Knot und dem Akkordeonspieler Bogdan Laketic attestiert,\u2026","rel":"","context":"In &quot;Bericht&quot;","block_context":{"text":"Bericht","link":"https:\/\/www.jazzzeitung.de\/cms\/thema\/bericht\/"},"img":{"alt_text":"","src":"https:\/\/i0.wp.com\/www.jazzzeitung.de\/cms\/wp-content\/uploads\/2021\/08\/Hof-Meyer-zur-Muedehorst-scaled.jpg?fit=806%2C1200&ssl=1&resize=350%2C200","width":350,"height":200,"srcset":"https:\/\/i0.wp.com\/www.jazzzeitung.de\/cms\/wp-content\/uploads\/2021\/08\/Hof-Meyer-zur-Muedehorst-scaled.jpg?fit=806%2C1200&ssl=1&resize=350%2C200 1x, https:\/\/i0.wp.com\/www.jazzzeitung.de\/cms\/wp-content\/uploads\/2021\/08\/Hof-Meyer-zur-Muedehorst-scaled.jpg?fit=806%2C1200&ssl=1&resize=525%2C300 1.5x, https:\/\/i0.wp.com\/www.jazzzeitung.de\/cms\/wp-content\/uploads\/2021\/08\/Hof-Meyer-zur-Muedehorst-scaled.jpg?fit=806%2C1200&ssl=1&resize=700%2C400 2x"},"classes":[]},{"id":20494,"url":"https:\/\/www.jazzzeitung.de\/cms\/2019\/08\/20494\/","url_meta":{"origin":22791,"position":2},"title":"42. Jazzfestival Neuwied 2019","author":"Redaktion JazzZeitung","date":"28. August 2019","format":false,"excerpt":"Das Jazzfestival Neuwied findet vom 18. - 20. Oktober 2019 zum 42. Mal statt.Das Festival wurde 1978 gegr\u00fcndet. In den vergangenen 41 Jahren haben zahlreiche namhafte und wegweisende K\u00fcnstler das Jazzfestival Neuwied besucht. John McLaughlin war einer von ihnen, ebenso wie Lester Bowie und Paco De Lucia, Jan Garbarek und\u2026","rel":"","context":"In &quot;News&quot;","block_context":{"text":"News","link":"https:\/\/www.jazzzeitung.de\/cms\/thema\/nachrichten\/"},"img":{"alt_text":"","src":"https:\/\/i0.wp.com\/www.jazzzeitung.de\/cms\/wp-content\/uploads\/2019\/08\/9371E9AA-27DD-41B3-8F9A-F1DF16758870.jpeg?fit=1200%2C797&ssl=1&resize=350%2C200","width":350,"height":200,"srcset":"https:\/\/i0.wp.com\/www.jazzzeitung.de\/cms\/wp-content\/uploads\/2019\/08\/9371E9AA-27DD-41B3-8F9A-F1DF16758870.jpeg?fit=1200%2C797&ssl=1&resize=350%2C200 1x, https:\/\/i0.wp.com\/www.jazzzeitung.de\/cms\/wp-content\/uploads\/2019\/08\/9371E9AA-27DD-41B3-8F9A-F1DF16758870.jpeg?fit=1200%2C797&ssl=1&resize=525%2C300 1.5x, https:\/\/i0.wp.com\/www.jazzzeitung.de\/cms\/wp-content\/uploads\/2019\/08\/9371E9AA-27DD-41B3-8F9A-F1DF16758870.jpeg?fit=1200%2C797&ssl=1&resize=700%2C400 2x, https:\/\/i0.wp.com\/www.jazzzeitung.de\/cms\/wp-content\/uploads\/2019\/08\/9371E9AA-27DD-41B3-8F9A-F1DF16758870.jpeg?fit=1200%2C797&ssl=1&resize=1050%2C600 3x"},"classes":[]},{"id":10255,"url":"https:\/\/www.jazzzeitung.de\/cms\/2016\/10\/quadrivium-konzert-im-stockwerk-groebenzell\/","url_meta":{"origin":22791,"position":3},"title":"Markus Stockhausen Quadrivium in Gr\u00f6benzell","author":"Redaktion JazzZeitung","date":"10. Oktober 2016","format":false,"excerpt":"Im Rahmen der Konzertreihe ALL THAT JAZZ @ GR\u00d6BENZELL trat Markus Stockhausen mit seiner Formation Quadrivium am vergangenen Samstag im Stockwerk auf. Gemeinsam mit Angelo Comisso Klavier, J\u00f6rg Brinkmann am Cello und dem Drummer Christian Thom\u00e9 auf der Suche nach Klangr\u00e4umen faszinierten sie und schlugen das Publikum in ihren Bann.\u2026","rel":"","context":"In &quot;Galerie&quot;","block_context":{"text":"Galerie","link":"https:\/\/www.jazzzeitung.de\/cms\/thema\/galerie\/"},"img":{"alt_text":"","src":"https:\/\/i0.wp.com\/www.jazzzeitung.de\/cms\/wp-content\/uploads\/2016\/10\/P1060133-Stockhausen-Foto-TJ-Krebs.jpg?fit=1200%2C800&ssl=1&resize=350%2C200","width":350,"height":200,"srcset":"https:\/\/i0.wp.com\/www.jazzzeitung.de\/cms\/wp-content\/uploads\/2016\/10\/P1060133-Stockhausen-Foto-TJ-Krebs.jpg?fit=1200%2C800&ssl=1&resize=350%2C200 1x, https:\/\/i0.wp.com\/www.jazzzeitung.de\/cms\/wp-content\/uploads\/2016\/10\/P1060133-Stockhausen-Foto-TJ-Krebs.jpg?fit=1200%2C800&ssl=1&resize=525%2C300 1.5x, https:\/\/i0.wp.com\/www.jazzzeitung.de\/cms\/wp-content\/uploads\/2016\/10\/P1060133-Stockhausen-Foto-TJ-Krebs.jpg?fit=1200%2C800&ssl=1&resize=700%2C400 2x, https:\/\/i0.wp.com\/www.jazzzeitung.de\/cms\/wp-content\/uploads\/2016\/10\/P1060133-Stockhausen-Foto-TJ-Krebs.jpg?fit=1200%2C800&ssl=1&resize=1050%2C600 3x"},"classes":[]},{"id":30170,"url":"https:\/\/www.jazzzeitung.de\/cms\/2023\/10\/die-krakow-jazz-week\/","url_meta":{"origin":22791,"position":4},"title":"Die Krakow Jazz Week ist zuende gegangen","author":"Redaktion JazzZeitung","date":"26. Oktober 2023","format":false,"excerpt":"Das Festival soll gr\u00f6\u00dfer werden. \u201eIn diesem Jahr haben wir zum ersten Mal die Seifert Jazz Days und die Jazz Juniors unter einem Namen zusammengefasst\u201c, erz\u00e4hlt Tomasz Handzlik, der General Director der Krakow Jazz Week, die vom 9. bis 15. Oktober \u00fcber die B\u00fchne gegangen ist. \u201eIm n\u00e4chsten Jahr wird\u2026","rel":"","context":"In &quot;Bericht&quot;","block_context":{"text":"Bericht","link":"https:\/\/www.jazzzeitung.de\/cms\/thema\/bericht\/"},"img":{"alt_text":"","src":"https:\/\/i0.wp.com\/www.jazzzeitung.de\/cms\/wp-content\/uploads\/2023\/10\/DSC09599-Mateusz-Smoczynski-Markus-Stockhausen-Quintett-c-Ralf-Dombrowski-scaled.jpg?fit=1200%2C800&ssl=1&resize=350%2C200","width":350,"height":200,"srcset":"https:\/\/i0.wp.com\/www.jazzzeitung.de\/cms\/wp-content\/uploads\/2023\/10\/DSC09599-Mateusz-Smoczynski-Markus-Stockhausen-Quintett-c-Ralf-Dombrowski-scaled.jpg?fit=1200%2C800&ssl=1&resize=350%2C200 1x, https:\/\/i0.wp.com\/www.jazzzeitung.de\/cms\/wp-content\/uploads\/2023\/10\/DSC09599-Mateusz-Smoczynski-Markus-Stockhausen-Quintett-c-Ralf-Dombrowski-scaled.jpg?fit=1200%2C800&ssl=1&resize=525%2C300 1.5x, https:\/\/i0.wp.com\/www.jazzzeitung.de\/cms\/wp-content\/uploads\/2023\/10\/DSC09599-Mateusz-Smoczynski-Markus-Stockhausen-Quintett-c-Ralf-Dombrowski-scaled.jpg?fit=1200%2C800&ssl=1&resize=700%2C400 2x, https:\/\/i0.wp.com\/www.jazzzeitung.de\/cms\/wp-content\/uploads\/2023\/10\/DSC09599-Mateusz-Smoczynski-Markus-Stockhausen-Quintett-c-Ralf-Dombrowski-scaled.jpg?fit=1200%2C800&ssl=1&resize=1050%2C600 3x"},"classes":[]},{"id":13556,"url":"https:\/\/www.jazzzeitung.de\/cms\/2017\/09\/caroll-vanwelden-sings-shakespears-sonnets-auf-neuer-cd-und-live-im-hertener-glashaus\/","url_meta":{"origin":22791,"position":5},"title":"Caroll Vanwelden sings Shakespeares Sonnets \u2013 auf neuer CD und live im Hertener Glashaus","author":"Redaktion JazzZeitung","date":"19. September 2017","format":false,"excerpt":"Bei vielen von uns wurde die Leidenschaft f\u00fcr Literatur durch den Schulunterricht nicht unbedingt gef\u00f6rdert \u2013 schade eigentlich, wo gro\u00dfe Sprachkunst doch so zeitlos bereichernd wirken kann. Etwa die Lyrik eines William Shakespeare, von der die Belgierin Caroll Vanwelden seit Jahren infiziert ist. Ihr Projekt: Shakespeares Sonnette mit einer heutigen\u2026","rel":"","context":"In &quot;Bericht&quot;","block_context":{"text":"Bericht","link":"https:\/\/www.jazzzeitung.de\/cms\/thema\/bericht\/"},"img":{"alt_text":"Caroll Vanwelden. Foto: Stefan Pieper","src":"https:\/\/i0.wp.com\/www.jazzzeitung.de\/cms\/wp-content\/uploads\/2017\/09\/DSC01372.jpgaaa.jpg?fit=1093%2C1200&ssl=1&resize=350%2C200","width":350,"height":200,"srcset":"https:\/\/i0.wp.com\/www.jazzzeitung.de\/cms\/wp-content\/uploads\/2017\/09\/DSC01372.jpgaaa.jpg?fit=1093%2C1200&ssl=1&resize=350%2C200 1x, https:\/\/i0.wp.com\/www.jazzzeitung.de\/cms\/wp-content\/uploads\/2017\/09\/DSC01372.jpgaaa.jpg?fit=1093%2C1200&ssl=1&resize=525%2C300 1.5x, https:\/\/i0.wp.com\/www.jazzzeitung.de\/cms\/wp-content\/uploads\/2017\/09\/DSC01372.jpgaaa.jpg?fit=1093%2C1200&ssl=1&resize=700%2C400 2x, https:\/\/i0.wp.com\/www.jazzzeitung.de\/cms\/wp-content\/uploads\/2017\/09\/DSC01372.jpgaaa.jpg?fit=1093%2C1200&ssl=1&resize=1050%2C600 3x"},"classes":[]}],"jetpack_sharing_enabled":true,"_links":{"self":[{"href":"https:\/\/www.jazzzeitung.de\/cms\/wp-json\/wp\/v2\/posts\/22791","targetHints":{"allow":["GET"]}}],"collection":[{"href":"https:\/\/www.jazzzeitung.de\/cms\/wp-json\/wp\/v2\/posts"}],"about":[{"href":"https:\/\/www.jazzzeitung.de\/cms\/wp-json\/wp\/v2\/types\/post"}],"author":[{"embeddable":true,"href":"https:\/\/www.jazzzeitung.de\/cms\/wp-json\/wp\/v2\/users\/18"}],"replies":[{"embeddable":true,"href":"https:\/\/www.jazzzeitung.de\/cms\/wp-json\/wp\/v2\/comments?post=22791"}],"version-history":[{"count":5,"href":"https:\/\/www.jazzzeitung.de\/cms\/wp-json\/wp\/v2\/posts\/22791\/revisions"}],"predecessor-version":[{"id":22855,"href":"https:\/\/www.jazzzeitung.de\/cms\/wp-json\/wp\/v2\/posts\/22791\/revisions\/22855"}],"wp:featuredmedia":[{"embeddable":true,"href":"https:\/\/www.jazzzeitung.de\/cms\/wp-json\/wp\/v2\/media\/22796"}],"wp:attachment":[{"href":"https:\/\/www.jazzzeitung.de\/cms\/wp-json\/wp\/v2\/media?parent=22791"}],"wp:term":[{"taxonomy":"category","embeddable":true,"href":"https:\/\/www.jazzzeitung.de\/cms\/wp-json\/wp\/v2\/categories?post=22791"},{"taxonomy":"post_tag","embeddable":true,"href":"https:\/\/www.jazzzeitung.de\/cms\/wp-json\/wp\/v2\/tags?post=22791"},{"taxonomy":"author","embeddable":true,"href":"https:\/\/www.jazzzeitung.de\/cms\/wp-json\/wp\/v2\/coauthors?post=22791"}],"curies":[{"name":"wp","href":"https:\/\/api.w.org\/{rel}","templated":true}]}}