{"id":22669,"date":"2020-06-18T15:00:09","date_gmt":"2020-06-18T13:00:09","guid":{"rendered":"https:\/\/www.jazzzeitung.de\/cms\/?p=22669"},"modified":"2020-06-18T12:08:27","modified_gmt":"2020-06-18T10:08:27","slug":"newshr-sinfonieorchester-setzt-stageseven-bis-ende-juni-fort","status":"publish","type":"post","link":"https:\/\/www.jazzzeitung.de\/cms\/2020\/06\/newshr-sinfonieorchester-setzt-stageseven-bis-ende-juni-fort\/","title":{"rendered":"news+++hr-Sinfonieorchester setzt Stage@Seven bis Ende Juni fort+++Bundesbigbandarchiv in neuem Look+++Edumusica Summermasterclasses im August+++"},"content":{"rendered":"<h3>Ruth Reinhardt und Simon Oslender auf der \u201eStage@Seven&#8220;<\/h3>\n<p>Bis einschlie\u00dflich Freitag, 26. Juni, setzen das hr-Sinfonieorchester und die hr-Bigband ihre erfolgreiche Livestream-Reihe \u201eStage@Seven&#8220; fort. In der kommenden Woche erklingen unter der Leitung von Ruth Reinhardt ber\u00fchmte Werke wie die \u201eKleine Nachtmusik&#8220; von Wolfgang Amadeus Mozart und die \u201eHolberg-Suite&#8220; von Edvard Grieg, aber auch das Cellokonzert von Robert Schumann und das Oboenkonzert von Bohuslav Martinu. Die hr-Bigband hat sich den jungen Hammondorgel-Virtuosen Simon Oslender eingeladen und pr\u00e4sentiert groovige St\u00fccke aus der Feder von Ray Charles und Co.<br \/>\nSoul-Jazz, Rhythm &#8217;n&#8216; Blues und Boogaloo verspricht der Dienstagabend mit der hr-Bigband, die einen der sogenannten \u201eRising Stars&#8220; der deutschen Jazzszene trifft: Simon Oslender. Dank seines au\u00dfergew\u00f6hnlichen Talents ist der 21-J\u00e4hrige bereits festes Mitglied der Wolfgang Haffner Band und spielt in der neuen Formation von Saxofonist Bill Evans, den Spykillers. Auf der \u201eStage@Seven&#8220; trifft er jetzt die hr-Bigband unter der Leitung von J\u00f6rg Achim Keller. Zuvor ist hr-Solo-Cellist Peter-Philipp Staemmler in Schumanns Cellokonzert zu erleben und am Freitag zudem Solo-Oboist Jos\u00e9 Luis Garc\u00eda Vegara im selten gespielten Oboenkonzert von Bohuslav Martinu.<\/p>\n<p>Die n\u00e4chsten Konzerte bei \u201eStage@Seven&#8220;:<br \/>\nMontag bis Freitag, jeweils 19 Uhr, ausgenommen Feiertage, online und jeweils mittwochs, donnerstags und freitags live in hr2-kultur<br \/>\nMontag, 8. Juni:<br \/>\nRachelle Hunt, Violine; Daniela Shemer, Violoncello; Nami Ejiri, Klavier<br \/>\nFelix Mendelssohn Bartholdy: Trio Nr. 1 d-Moll f\u00fcr Violine, Violoncello und Klavier<br \/>\nDienstag, 9. Juni:<br \/>\n\u201eHammond Groove&#8220; \u2013 hr-Bigband meets Simon Oslender<br \/>\nhr-Bigband<br \/>\nSimon Oslender, Hammond B3<br \/>\nJ\u00f6rg Achim Keller, Dirigent<br \/>\nVideo-Livestream auch auf ARTE Concert!<\/p>\n<p>Weitere Informationen:<br \/>\n<a href=\"http:\/\/www.hr-sinfonieorchester.de\">www.hr-sinfonieorchester.de<\/a><\/p>\n<p>&nbsp;<\/p>\n<h3>Bundesbigbandarchiv der <strong>Bundesakademie Trossingen<\/strong> mit neuem Design nun online<\/h3>\n<p>In neuem Design und mit zus\u00e4tzlichen Funktionen ist die neue Website des Bundesbigbandarchivs online gegangen. Ab sofort k\u00f6nnen Leiter<em>innen von Jugendjazzorchestern, Schul- und Musikschulbigbands ebenso wie nat\u00fcrlich alle weiteren Bigbandleiter<\/em>innen\u00a0 auf die Suche nach aktuellem und zeitgen\u00f6ssischem Repertoire gehen. Tr\u00e4ger des Bundesbigbandarchivs ist die Bundesakademie f\u00fcr musikalische Jugendbildung Trossingen.<br \/>\nDas Bundesbigbandarchiv (bbA) ist ein nicht-kommerzielles Online-Notenportal, das seit April 2013 Komponist<em>innen mit Leiter<\/em>innen von Jugendjazzorchestern und ihren Musiker<em>innen vernetzt. Es lenkt den Blick auf die kompositorische Qualit\u00e4t unterschiedlicher Generationen von Komponist<\/em>innen mit eigenst\u00e4ndigen und aktuellen Ausdrucksformen und bietet qualifizierte Aussagen \u00fcber die Besetzung, Stilistik, Schwierigkeitsgrade sowie weitere Details der Werke. Ins Archiv aufgenommen werden Originalkompositionen, die durch ein Fachgremium eingestuft werden.<\/p>\n<p>Das Bundesbigbandarchiv ist zu finden unter: <a href=\"http:\/\/www.bundesbigbandarchiv.de\">www.bundesbigbandarchiv.de<\/a><\/p>\n<p>&nbsp;<\/p>\n<h3>Edumusica Summermasterclasses finden vom 1. bis 22. August statt<\/h3>\n<p>Auf dieser Plattform wird ein innovatives Online-Weiterbildungsangebot im musikalischen Bereich angeboten, das\u00a0 mit\u00a0 den music summer masterclasses im August nun erstmals an den Start geht. Das Line-Up der music summer masterclasses liest sich beeindruckend: Jan Miserre, Manuel da Coll, Jan Zehrfeld oder auch der Echo-Gewinner Henning Sieverts sind im Dozententeam, um nur einen Teil zu nennen. Allesamt geh\u00f6ren sie zu den internationalen Gr\u00f6\u00dfen ihres Instruments und spielen in den\u00a0 Bands von Stars wie Jacob Collier, Sarah Connor, Till Br\u00f6nner, LaBrassBanda und\u00a0 vielen anderen. Vom 1. bis zum 22.August haben interessierte Musiker jetzt die M\u00f6glichkeit, online an 13 interaktiven Live-Workshops mit den Profis an Klavier, Gitarre, Bass und Schlagzeug teilzunehmen. Das Angebot richtet sich in erster Linie an fortgeschrittene\u00a0 Instrumentalisten\/-innen. Ziel\u00a0 des\u00a0 Programms\u00a0 ist es,\u00a0 die eigenen musikalischen F\u00e4higkeiten auszubauen und das Netzwerk mit Profis und Gleichgesinnten im nationalen und internationalen Umfeld zu vergr\u00f6\u00dfern. Die Teilnehmerzahl eines jeden Workshops ist deshalb auf acht aktive Teilnehmer\/-innen begrenzt. Au\u00dferdem besteht die M\u00f6glichkeit, die Workshops im Rahmen eines Zertifikatskurses zu besuchen. In\u00a0 diesem\u00a0 Fall\u00a0 wird\u00a0 das\u00a0 Programm\u00a0 um\u00a0 einen\u00a0 p\u00e4dagogischen\u00a0 Teil erg\u00e4nzt und schlie\u00dft mit einem Zertifikat ab, das an einigen Universit\u00e4ten und Musikhochschulen mit Leistungspunkten angerechnet werden kann. Selbstverst\u00e4ndlich k\u00f6nnen aber auch Hobbymusiker teilnehmen und den Profis \u00fcber die digitale Schulter schauen. Jeder Workshop dauert drei Stunden \u00a0Gebucht werden k\u00f6nnen die Live-Kurse ab 8. Juni \u00fcber die Website <a href=\"http:\/\/www.edumusica.de\">www.edumusica.de<\/a><\/p>\n<p>&nbsp;<\/p>\n<p>Beitragsbild: Bild: hr\/Dirk Ostermeier<\/p>\n","protected":false},"excerpt":{"rendered":"<p>Ruth Reinhardt und Simon Oslender auf der \u201eStage@Seven&#8220; Bis einschlie\u00dflich Freitag, 26. Juni, setzen das hr-Sinfonieorchester und die hr-Bigband ihre erfolgreiche Livestream-Reihe \u201eStage@Seven&#8220; fort. In der kommenden Woche erklingen unter der Leitung von Ruth Reinhardt ber\u00fchmte Werke wie die \u201eKleine Nachtmusik&#8220; von Wolfgang Amadeus Mozart und die \u201eHolberg-Suite&#8220; von Edvard Grieg, aber auch das Cellokonzert von Robert Schumann und das Oboenkonzert von Bohuslav Martinu. Die hr-Bigband hat sich den jungen Hammondorgel-Virtuosen Simon Oslender eingeladen und pr\u00e4sentiert groovige St\u00fccke aus der Feder von Ray Charles und Co. Soul-Jazz, Rhythm &#8217;n&#8216; Blues und Boogaloo verspricht der Dienstagabend mit der hr-Bigband, die einen der sogenannten \u201eRising Stars&#8220; der deutschen Jazzszene trifft: Simon Oslender. Dank seines au\u00dfergew\u00f6hnlichen Talents ist der 21-J\u00e4hrige bereits festes Mitglied der Wolfgang Haffner Band und spielt in der neuen Formation von Saxofonist Bill Evans, den Spykillers. Auf der \u201eStage@Seven&#8220; trifft er jetzt die hr-Bigband unter der Leitung von J\u00f6rg Achim Keller. Zuvor ist hr-Solo-Cellist Peter-Philipp Staemmler in Schumanns Cellokonzert zu erleben und am Freitag zudem Solo-Oboist Jos\u00e9 Luis Garc\u00eda Vegara im selten gespielten Oboenkonzert von Bohuslav Martinu. Die n\u00e4chsten Konzerte bei \u201eStage@Seven&#8220;: Montag bis Freitag, &hellip;<\/p>\n","protected":false},"author":18,"featured_media":22672,"comment_status":"open","ping_status":"closed","sticky":false,"template":"","format":"standard","meta":{"_jetpack_memberships_contains_paid_content":false,"footnotes":"","jetpack_publicize_message":"","jetpack_publicize_feature_enabled":true,"jetpack_social_post_already_shared":false,"jetpack_social_options":{"image_generator_settings":{"template":"highway","default_image_id":0,"font":"","enabled":false},"version":2}},"categories":[633],"tags":[48,1763,739,73,75,83,738,980,2890,1675,221,1025,1876,1978,323,327,1672,2952,1951,462,1564,549,1356,579,599,20],"coauthors":[695],"class_list":["post-22669","post","type-post","status-publish","format-standard","has-post-thumbnail","hentry","category-nachrichten","tag-arte","tag-bass","tag-bba","tag-bigband","tag-bill-evans","tag-blues","tag-bundesbigbandarchiv","tag-echo","tag-gitarre","tag-hammondorgel","tag-henning-sieverts","tag-hr-bigband","tag-jazz","tag-jazzszene","tag-konzerte","tag-kultur","tag-live","tag-musikerinnen","tag-news","tag-reinhardt","tag-schlagzeug","tag-till-broenner","tag-trio","tag-video","tag-wolfgang-haffner","tag-workshop"],"yoast_head":"<!-- This site is optimized with the Yoast SEO plugin v27.5 - https:\/\/yoast.com\/product\/yoast-seo-wordpress\/ -->\n<title>news+++hr-Sinfonieorchester setzt Stage@Seven bis Ende Juni fort+++Bundesbigbandarchiv in neuem Look+++Edumusica Summermasterclasses im August+++ - JazzZeitung<\/title>\n<meta name=\"robots\" content=\"index, follow, max-snippet:-1, max-image-preview:large, max-video-preview:-1\" \/>\n<link rel=\"canonical\" href=\"https:\/\/www.jazzzeitung.de\/cms\/2020\/06\/newshr-sinfonieorchester-setzt-stageseven-bis-ende-juni-fort\/\" \/>\n<meta property=\"og:locale\" content=\"de_DE\" \/>\n<meta property=\"og:type\" content=\"article\" \/>\n<meta property=\"og:title\" content=\"news+++hr-Sinfonieorchester setzt Stage@Seven bis Ende Juni fort+++Bundesbigbandarchiv in neuem Look+++Edumusica Summermasterclasses im August+++ - JazzZeitung\" \/>\n<meta property=\"og:description\" content=\"Ruth Reinhardt und Simon Oslender auf der \u201eStage@Seven&#8220; Bis einschlie\u00dflich Freitag, 26. Juni, setzen das hr-Sinfonieorchester und die hr-Bigband ihre erfolgreiche Livestream-Reihe \u201eStage@Seven&#8220; fort. In der kommenden Woche erklingen unter der Leitung von Ruth Reinhardt ber\u00fchmte Werke wie die \u201eKleine Nachtmusik&#8220; von Wolfgang Amadeus Mozart und die \u201eHolberg-Suite&#8220; von Edvard Grieg, aber auch das Cellokonzert von Robert Schumann und das Oboenkonzert von Bohuslav Martinu. Die hr-Bigband hat sich den jungen Hammondorgel-Virtuosen Simon Oslender eingeladen und pr\u00e4sentiert groovige St\u00fccke aus der Feder von Ray Charles und Co. Soul-Jazz, Rhythm &#8217;n&#8216; Blues und Boogaloo verspricht der Dienstagabend mit der hr-Bigband, die einen der sogenannten \u201eRising Stars&#8220; der deutschen Jazzszene trifft: Simon Oslender. Dank seines au\u00dfergew\u00f6hnlichen Talents ist der 21-J\u00e4hrige bereits festes Mitglied der Wolfgang Haffner Band und spielt in der neuen Formation von Saxofonist Bill Evans, den Spykillers. Auf der \u201eStage@Seven&#8220; trifft er jetzt die hr-Bigband unter der Leitung von J\u00f6rg Achim Keller. Zuvor ist hr-Solo-Cellist Peter-Philipp Staemmler in Schumanns Cellokonzert zu erleben und am Freitag zudem Solo-Oboist Jos\u00e9 Luis Garc\u00eda Vegara im selten gespielten Oboenkonzert von Bohuslav Martinu. Die n\u00e4chsten Konzerte bei \u201eStage@Seven&#8220;: Montag bis Freitag, &hellip;\" \/>\n<meta property=\"og:url\" content=\"https:\/\/www.jazzzeitung.de\/cms\/2020\/06\/newshr-sinfonieorchester-setzt-stageseven-bis-ende-juni-fort\/\" \/>\n<meta property=\"og:site_name\" content=\"JazzZeitung\" \/>\n<meta property=\"article:publisher\" content=\"https:\/\/www.facebook.com\/JazzZeitung\/\" \/>\n<meta property=\"article:published_time\" content=\"2020-06-18T13:00:09+00:00\" \/>\n<meta property=\"og:image\" content=\"https:\/\/i0.wp.com\/www.jazzzeitung.de\/cms\/wp-content\/uploads\/2020\/06\/hr-bigband-122.jpg?fit=2303%2C1535&ssl=1\" \/>\n\t<meta property=\"og:image:width\" content=\"2303\" \/>\n\t<meta property=\"og:image:height\" content=\"1535\" \/>\n\t<meta property=\"og:image:type\" content=\"image\/jpeg\" \/>\n<meta name=\"author\" content=\"Redaktion JazzZeitung\" \/>\n<script type=\"application\/ld+json\" class=\"yoast-schema-graph\">{\"@context\":\"https:\\\/\\\/schema.org\",\"@graph\":[{\"@type\":\"Article\",\"@id\":\"https:\\\/\\\/www.jazzzeitung.de\\\/cms\\\/2020\\\/06\\\/newshr-sinfonieorchester-setzt-stageseven-bis-ende-juni-fort\\\/#article\",\"isPartOf\":{\"@id\":\"https:\\\/\\\/www.jazzzeitung.de\\\/cms\\\/2020\\\/06\\\/newshr-sinfonieorchester-setzt-stageseven-bis-ende-juni-fort\\\/\"},\"author\":{\"name\":\"Redaktion JazzZeitung\",\"@id\":\"https:\\\/\\\/www.jazzzeitung.de\\\/cms\\\/#\\\/schema\\\/person\\\/2245b36b9cd1d24cea10f01c031fb92b\"},\"headline\":\"news+++hr-Sinfonieorchester setzt Stage@Seven bis Ende Juni fort+++Bundesbigbandarchiv in neuem Look+++Edumusica Summermasterclasses im August+++\",\"datePublished\":\"2020-06-18T13:00:09+00:00\",\"mainEntityOfPage\":{\"@id\":\"https:\\\/\\\/www.jazzzeitung.de\\\/cms\\\/2020\\\/06\\\/newshr-sinfonieorchester-setzt-stageseven-bis-ende-juni-fort\\\/\"},\"wordCount\":674,\"commentCount\":0,\"publisher\":{\"@id\":\"https:\\\/\\\/www.jazzzeitung.de\\\/cms\\\/#organization\"},\"image\":{\"@id\":\"https:\\\/\\\/www.jazzzeitung.de\\\/cms\\\/2020\\\/06\\\/newshr-sinfonieorchester-setzt-stageseven-bis-ende-juni-fort\\\/#primaryimage\"},\"thumbnailUrl\":\"https:\\\/\\\/i0.wp.com\\\/www.jazzzeitung.de\\\/cms\\\/wp-content\\\/uploads\\\/2020\\\/06\\\/hr-bigband-122.jpg?fit=2303%2C1535&ssl=1\",\"keywords\":[\"Arte\",\"Bass\",\"bbA\",\"Bigband\",\"Bill Evans\",\"Blues\",\"Bundesbigbandarchiv\",\"ECHO\",\"Gitarre\",\"Hammondorgel\",\"Henning Sieverts\",\"hr-Bigband\",\"Jazz\",\"Jazzszene\",\"Konzerte\",\"Kultur\",\"Live\",\"Musikerinnen\",\"News\",\"reinhardt\",\"Schlagzeug\",\"Till Br\u00f6nner\",\"trio\",\"Video\",\"Wolfgang Haffner\",\"Workshop\"],\"articleSection\":[\"News\"],\"inLanguage\":\"de\",\"potentialAction\":[{\"@type\":\"CommentAction\",\"name\":\"Comment\",\"target\":[\"https:\\\/\\\/www.jazzzeitung.de\\\/cms\\\/2020\\\/06\\\/newshr-sinfonieorchester-setzt-stageseven-bis-ende-juni-fort\\\/#respond\"]}]},{\"@type\":\"WebPage\",\"@id\":\"https:\\\/\\\/www.jazzzeitung.de\\\/cms\\\/2020\\\/06\\\/newshr-sinfonieorchester-setzt-stageseven-bis-ende-juni-fort\\\/\",\"url\":\"https:\\\/\\\/www.jazzzeitung.de\\\/cms\\\/2020\\\/06\\\/newshr-sinfonieorchester-setzt-stageseven-bis-ende-juni-fort\\\/\",\"name\":\"news+++hr-Sinfonieorchester setzt Stage@Seven bis Ende Juni fort+++Bundesbigbandarchiv in neuem Look+++Edumusica Summermasterclasses im August+++ - JazzZeitung\",\"isPartOf\":{\"@id\":\"https:\\\/\\\/www.jazzzeitung.de\\\/cms\\\/#website\"},\"primaryImageOfPage\":{\"@id\":\"https:\\\/\\\/www.jazzzeitung.de\\\/cms\\\/2020\\\/06\\\/newshr-sinfonieorchester-setzt-stageseven-bis-ende-juni-fort\\\/#primaryimage\"},\"image\":{\"@id\":\"https:\\\/\\\/www.jazzzeitung.de\\\/cms\\\/2020\\\/06\\\/newshr-sinfonieorchester-setzt-stageseven-bis-ende-juni-fort\\\/#primaryimage\"},\"thumbnailUrl\":\"https:\\\/\\\/i0.wp.com\\\/www.jazzzeitung.de\\\/cms\\\/wp-content\\\/uploads\\\/2020\\\/06\\\/hr-bigband-122.jpg?fit=2303%2C1535&ssl=1\",\"datePublished\":\"2020-06-18T13:00:09+00:00\",\"breadcrumb\":{\"@id\":\"https:\\\/\\\/www.jazzzeitung.de\\\/cms\\\/2020\\\/06\\\/newshr-sinfonieorchester-setzt-stageseven-bis-ende-juni-fort\\\/#breadcrumb\"},\"inLanguage\":\"de\",\"potentialAction\":[{\"@type\":\"ReadAction\",\"target\":[\"https:\\\/\\\/www.jazzzeitung.de\\\/cms\\\/2020\\\/06\\\/newshr-sinfonieorchester-setzt-stageseven-bis-ende-juni-fort\\\/\"]}]},{\"@type\":\"ImageObject\",\"inLanguage\":\"de\",\"@id\":\"https:\\\/\\\/www.jazzzeitung.de\\\/cms\\\/2020\\\/06\\\/newshr-sinfonieorchester-setzt-stageseven-bis-ende-juni-fort\\\/#primaryimage\",\"url\":\"https:\\\/\\\/i0.wp.com\\\/www.jazzzeitung.de\\\/cms\\\/wp-content\\\/uploads\\\/2020\\\/06\\\/hr-bigband-122.jpg?fit=2303%2C1535&ssl=1\",\"contentUrl\":\"https:\\\/\\\/i0.wp.com\\\/www.jazzzeitung.de\\\/cms\\\/wp-content\\\/uploads\\\/2020\\\/06\\\/hr-bigband-122.jpg?fit=2303%2C1535&ssl=1\",\"width\":2303,\"height\":1535,\"caption\":\"\u00a9 HR\\\/Dirk Ostermeier - honorarfrei, Verwendung nur im Zusammenhang mit einem redaktionellen Beitrag \u00fcber Sendungen oder Aktivit\u00e4ten des Hessischen Rundfunks, seiner Personen oder seiner Einrichtungen bei Nennung \\\"Bild: HR\\\/Dirk Ostermeier\\\". Andere Verwendung nur nach Absprache. HR\\\/Pressestelle 069\\\/155 -4954, Fax -3005. Bild: Die hr-Bigband und ihr Chefdirigent Jim McNeely (3.v.r.).\"},{\"@type\":\"BreadcrumbList\",\"@id\":\"https:\\\/\\\/www.jazzzeitung.de\\\/cms\\\/2020\\\/06\\\/newshr-sinfonieorchester-setzt-stageseven-bis-ende-juni-fort\\\/#breadcrumb\",\"itemListElement\":[{\"@type\":\"ListItem\",\"position\":1,\"name\":\"Startseite\",\"item\":\"https:\\\/\\\/www.jazzzeitung.de\\\/cms\\\/\"},{\"@type\":\"ListItem\",\"position\":2,\"name\":\"news+++hr-Sinfonieorchester setzt Stage@Seven bis Ende Juni fort+++Bundesbigbandarchiv in neuem Look+++Edumusica Summermasterclasses im August+++\"}]},{\"@type\":\"WebSite\",\"@id\":\"https:\\\/\\\/www.jazzzeitung.de\\\/cms\\\/#website\",\"url\":\"https:\\\/\\\/www.jazzzeitung.de\\\/cms\\\/\",\"name\":\"JazzZeitung\",\"description\":\"Jazz-News und Jazz-Kontroverses\",\"publisher\":{\"@id\":\"https:\\\/\\\/www.jazzzeitung.de\\\/cms\\\/#organization\"},\"potentialAction\":[{\"@type\":\"SearchAction\",\"target\":{\"@type\":\"EntryPoint\",\"urlTemplate\":\"https:\\\/\\\/www.jazzzeitung.de\\\/cms\\\/?s={search_term_string}\"},\"query-input\":{\"@type\":\"PropertyValueSpecification\",\"valueRequired\":true,\"valueName\":\"search_term_string\"}}],\"inLanguage\":\"de\"},{\"@type\":\"Organization\",\"@id\":\"https:\\\/\\\/www.jazzzeitung.de\\\/cms\\\/#organization\",\"name\":\"JazzZeitung online\",\"url\":\"https:\\\/\\\/www.jazzzeitung.de\\\/cms\\\/\",\"logo\":{\"@type\":\"ImageObject\",\"inLanguage\":\"de\",\"@id\":\"https:\\\/\\\/www.jazzzeitung.de\\\/cms\\\/#\\\/schema\\\/logo\\\/image\\\/\",\"url\":\"https:\\\/\\\/i0.wp.com\\\/www.jazzzeitung.de\\\/cms\\\/wp-content\\\/uploads\\\/2015\\\/08\\\/JAZZZEITUNGDE_Logo_Neu.png?fit=499%2C200&ssl=1\",\"contentUrl\":\"https:\\\/\\\/i0.wp.com\\\/www.jazzzeitung.de\\\/cms\\\/wp-content\\\/uploads\\\/2015\\\/08\\\/JAZZZEITUNGDE_Logo_Neu.png?fit=499%2C200&ssl=1\",\"width\":499,\"height\":200,\"caption\":\"JazzZeitung online\"},\"image\":{\"@id\":\"https:\\\/\\\/www.jazzzeitung.de\\\/cms\\\/#\\\/schema\\\/logo\\\/image\\\/\"},\"sameAs\":[\"https:\\\/\\\/www.facebook.com\\\/JazzZeitung\\\/\"]},{\"@type\":\"Person\",\"@id\":\"https:\\\/\\\/www.jazzzeitung.de\\\/cms\\\/#\\\/schema\\\/person\\\/2245b36b9cd1d24cea10f01c031fb92b\",\"name\":\"Redaktion JazzZeitung\",\"image\":{\"@type\":\"ImageObject\",\"inLanguage\":\"de\",\"@id\":\"https:\\\/\\\/i0.wp.com\\\/www.jazzzeitung.de\\\/cms\\\/wp-content\\\/uploads\\\/2015\\\/08\\\/JAZZZEITUNGDE_Logo_Neu.png?resize=96%2C96&ssl=159975dcacb611b5700bd619b5daf0a7a\",\"url\":\"https:\\\/\\\/i0.wp.com\\\/www.jazzzeitung.de\\\/cms\\\/wp-content\\\/uploads\\\/2015\\\/08\\\/JAZZZEITUNGDE_Logo_Neu.png?resize=96%2C96&ssl=1\",\"contentUrl\":\"https:\\\/\\\/i0.wp.com\\\/www.jazzzeitung.de\\\/cms\\\/wp-content\\\/uploads\\\/2015\\\/08\\\/JAZZZEITUNGDE_Logo_Neu.png?resize=96%2C96&ssl=1\",\"caption\":\"Redaktion JazzZeitung\"},\"description\":\"Artikel der Redaktion der JazzZeitung.\",\"sameAs\":[\"http:\\\/\\\/www.jazzzeitung.de\\\/cms\\\/\"],\"url\":\"https:\\\/\\\/www.jazzzeitung.de\\\/cms\\\/author\\\/redaktion\\\/\"}]}<\/script>\n<!-- \/ Yoast SEO plugin. -->","yoast_head_json":{"title":"news+++hr-Sinfonieorchester setzt Stage@Seven bis Ende Juni fort+++Bundesbigbandarchiv in neuem Look+++Edumusica Summermasterclasses im August+++ - JazzZeitung","robots":{"index":"index","follow":"follow","max-snippet":"max-snippet:-1","max-image-preview":"max-image-preview:large","max-video-preview":"max-video-preview:-1"},"canonical":"https:\/\/www.jazzzeitung.de\/cms\/2020\/06\/newshr-sinfonieorchester-setzt-stageseven-bis-ende-juni-fort\/","og_locale":"de_DE","og_type":"article","og_title":"news+++hr-Sinfonieorchester setzt Stage@Seven bis Ende Juni fort+++Bundesbigbandarchiv in neuem Look+++Edumusica Summermasterclasses im August+++ - JazzZeitung","og_description":"Ruth Reinhardt und Simon Oslender auf der \u201eStage@Seven&#8220; Bis einschlie\u00dflich Freitag, 26. Juni, setzen das hr-Sinfonieorchester und die hr-Bigband ihre erfolgreiche Livestream-Reihe \u201eStage@Seven&#8220; fort. In der kommenden Woche erklingen unter der Leitung von Ruth Reinhardt ber\u00fchmte Werke wie die \u201eKleine Nachtmusik&#8220; von Wolfgang Amadeus Mozart und die \u201eHolberg-Suite&#8220; von Edvard Grieg, aber auch das Cellokonzert von Robert Schumann und das Oboenkonzert von Bohuslav Martinu. Die hr-Bigband hat sich den jungen Hammondorgel-Virtuosen Simon Oslender eingeladen und pr\u00e4sentiert groovige St\u00fccke aus der Feder von Ray Charles und Co. Soul-Jazz, Rhythm &#8217;n&#8216; Blues und Boogaloo verspricht der Dienstagabend mit der hr-Bigband, die einen der sogenannten \u201eRising Stars&#8220; der deutschen Jazzszene trifft: Simon Oslender. Dank seines au\u00dfergew\u00f6hnlichen Talents ist der 21-J\u00e4hrige bereits festes Mitglied der Wolfgang Haffner Band und spielt in der neuen Formation von Saxofonist Bill Evans, den Spykillers. Auf der \u201eStage@Seven&#8220; trifft er jetzt die hr-Bigband unter der Leitung von J\u00f6rg Achim Keller. Zuvor ist hr-Solo-Cellist Peter-Philipp Staemmler in Schumanns Cellokonzert zu erleben und am Freitag zudem Solo-Oboist Jos\u00e9 Luis Garc\u00eda Vegara im selten gespielten Oboenkonzert von Bohuslav Martinu. Die n\u00e4chsten Konzerte bei \u201eStage@Seven&#8220;: Montag bis Freitag, &hellip;","og_url":"https:\/\/www.jazzzeitung.de\/cms\/2020\/06\/newshr-sinfonieorchester-setzt-stageseven-bis-ende-juni-fort\/","og_site_name":"JazzZeitung","article_publisher":"https:\/\/www.facebook.com\/JazzZeitung\/","article_published_time":"2020-06-18T13:00:09+00:00","og_image":[{"width":2303,"height":1535,"url":"https:\/\/i0.wp.com\/www.jazzzeitung.de\/cms\/wp-content\/uploads\/2020\/06\/hr-bigband-122.jpg?fit=2303%2C1535&ssl=1","type":"image\/jpeg"}],"author":"Redaktion JazzZeitung","schema":{"@context":"https:\/\/schema.org","@graph":[{"@type":"Article","@id":"https:\/\/www.jazzzeitung.de\/cms\/2020\/06\/newshr-sinfonieorchester-setzt-stageseven-bis-ende-juni-fort\/#article","isPartOf":{"@id":"https:\/\/www.jazzzeitung.de\/cms\/2020\/06\/newshr-sinfonieorchester-setzt-stageseven-bis-ende-juni-fort\/"},"author":{"name":"Redaktion JazzZeitung","@id":"https:\/\/www.jazzzeitung.de\/cms\/#\/schema\/person\/2245b36b9cd1d24cea10f01c031fb92b"},"headline":"news+++hr-Sinfonieorchester setzt Stage@Seven bis Ende Juni fort+++Bundesbigbandarchiv in neuem Look+++Edumusica Summermasterclasses im August+++","datePublished":"2020-06-18T13:00:09+00:00","mainEntityOfPage":{"@id":"https:\/\/www.jazzzeitung.de\/cms\/2020\/06\/newshr-sinfonieorchester-setzt-stageseven-bis-ende-juni-fort\/"},"wordCount":674,"commentCount":0,"publisher":{"@id":"https:\/\/www.jazzzeitung.de\/cms\/#organization"},"image":{"@id":"https:\/\/www.jazzzeitung.de\/cms\/2020\/06\/newshr-sinfonieorchester-setzt-stageseven-bis-ende-juni-fort\/#primaryimage"},"thumbnailUrl":"https:\/\/i0.wp.com\/www.jazzzeitung.de\/cms\/wp-content\/uploads\/2020\/06\/hr-bigband-122.jpg?fit=2303%2C1535&ssl=1","keywords":["Arte","Bass","bbA","Bigband","Bill Evans","Blues","Bundesbigbandarchiv","ECHO","Gitarre","Hammondorgel","Henning Sieverts","hr-Bigband","Jazz","Jazzszene","Konzerte","Kultur","Live","Musikerinnen","News","reinhardt","Schlagzeug","Till Br\u00f6nner","trio","Video","Wolfgang Haffner","Workshop"],"articleSection":["News"],"inLanguage":"de","potentialAction":[{"@type":"CommentAction","name":"Comment","target":["https:\/\/www.jazzzeitung.de\/cms\/2020\/06\/newshr-sinfonieorchester-setzt-stageseven-bis-ende-juni-fort\/#respond"]}]},{"@type":"WebPage","@id":"https:\/\/www.jazzzeitung.de\/cms\/2020\/06\/newshr-sinfonieorchester-setzt-stageseven-bis-ende-juni-fort\/","url":"https:\/\/www.jazzzeitung.de\/cms\/2020\/06\/newshr-sinfonieorchester-setzt-stageseven-bis-ende-juni-fort\/","name":"news+++hr-Sinfonieorchester setzt Stage@Seven bis Ende Juni fort+++Bundesbigbandarchiv in neuem Look+++Edumusica Summermasterclasses im August+++ - JazzZeitung","isPartOf":{"@id":"https:\/\/www.jazzzeitung.de\/cms\/#website"},"primaryImageOfPage":{"@id":"https:\/\/www.jazzzeitung.de\/cms\/2020\/06\/newshr-sinfonieorchester-setzt-stageseven-bis-ende-juni-fort\/#primaryimage"},"image":{"@id":"https:\/\/www.jazzzeitung.de\/cms\/2020\/06\/newshr-sinfonieorchester-setzt-stageseven-bis-ende-juni-fort\/#primaryimage"},"thumbnailUrl":"https:\/\/i0.wp.com\/www.jazzzeitung.de\/cms\/wp-content\/uploads\/2020\/06\/hr-bigband-122.jpg?fit=2303%2C1535&ssl=1","datePublished":"2020-06-18T13:00:09+00:00","breadcrumb":{"@id":"https:\/\/www.jazzzeitung.de\/cms\/2020\/06\/newshr-sinfonieorchester-setzt-stageseven-bis-ende-juni-fort\/#breadcrumb"},"inLanguage":"de","potentialAction":[{"@type":"ReadAction","target":["https:\/\/www.jazzzeitung.de\/cms\/2020\/06\/newshr-sinfonieorchester-setzt-stageseven-bis-ende-juni-fort\/"]}]},{"@type":"ImageObject","inLanguage":"de","@id":"https:\/\/www.jazzzeitung.de\/cms\/2020\/06\/newshr-sinfonieorchester-setzt-stageseven-bis-ende-juni-fort\/#primaryimage","url":"https:\/\/i0.wp.com\/www.jazzzeitung.de\/cms\/wp-content\/uploads\/2020\/06\/hr-bigband-122.jpg?fit=2303%2C1535&ssl=1","contentUrl":"https:\/\/i0.wp.com\/www.jazzzeitung.de\/cms\/wp-content\/uploads\/2020\/06\/hr-bigband-122.jpg?fit=2303%2C1535&ssl=1","width":2303,"height":1535,"caption":"\u00a9 HR\/Dirk Ostermeier - honorarfrei, Verwendung nur im Zusammenhang mit einem redaktionellen Beitrag \u00fcber Sendungen oder Aktivit\u00e4ten des Hessischen Rundfunks, seiner Personen oder seiner Einrichtungen bei Nennung \"Bild: HR\/Dirk Ostermeier\". Andere Verwendung nur nach Absprache. HR\/Pressestelle 069\/155 -4954, Fax -3005. Bild: Die hr-Bigband und ihr Chefdirigent Jim McNeely (3.v.r.)."},{"@type":"BreadcrumbList","@id":"https:\/\/www.jazzzeitung.de\/cms\/2020\/06\/newshr-sinfonieorchester-setzt-stageseven-bis-ende-juni-fort\/#breadcrumb","itemListElement":[{"@type":"ListItem","position":1,"name":"Startseite","item":"https:\/\/www.jazzzeitung.de\/cms\/"},{"@type":"ListItem","position":2,"name":"news+++hr-Sinfonieorchester setzt Stage@Seven bis Ende Juni fort+++Bundesbigbandarchiv in neuem Look+++Edumusica Summermasterclasses im August+++"}]},{"@type":"WebSite","@id":"https:\/\/www.jazzzeitung.de\/cms\/#website","url":"https:\/\/www.jazzzeitung.de\/cms\/","name":"JazzZeitung","description":"Jazz-News und Jazz-Kontroverses","publisher":{"@id":"https:\/\/www.jazzzeitung.de\/cms\/#organization"},"potentialAction":[{"@type":"SearchAction","target":{"@type":"EntryPoint","urlTemplate":"https:\/\/www.jazzzeitung.de\/cms\/?s={search_term_string}"},"query-input":{"@type":"PropertyValueSpecification","valueRequired":true,"valueName":"search_term_string"}}],"inLanguage":"de"},{"@type":"Organization","@id":"https:\/\/www.jazzzeitung.de\/cms\/#organization","name":"JazzZeitung online","url":"https:\/\/www.jazzzeitung.de\/cms\/","logo":{"@type":"ImageObject","inLanguage":"de","@id":"https:\/\/www.jazzzeitung.de\/cms\/#\/schema\/logo\/image\/","url":"https:\/\/i0.wp.com\/www.jazzzeitung.de\/cms\/wp-content\/uploads\/2015\/08\/JAZZZEITUNGDE_Logo_Neu.png?fit=499%2C200&ssl=1","contentUrl":"https:\/\/i0.wp.com\/www.jazzzeitung.de\/cms\/wp-content\/uploads\/2015\/08\/JAZZZEITUNGDE_Logo_Neu.png?fit=499%2C200&ssl=1","width":499,"height":200,"caption":"JazzZeitung online"},"image":{"@id":"https:\/\/www.jazzzeitung.de\/cms\/#\/schema\/logo\/image\/"},"sameAs":["https:\/\/www.facebook.com\/JazzZeitung\/"]},{"@type":"Person","@id":"https:\/\/www.jazzzeitung.de\/cms\/#\/schema\/person\/2245b36b9cd1d24cea10f01c031fb92b","name":"Redaktion JazzZeitung","image":{"@type":"ImageObject","inLanguage":"de","@id":"https:\/\/i0.wp.com\/www.jazzzeitung.de\/cms\/wp-content\/uploads\/2015\/08\/JAZZZEITUNGDE_Logo_Neu.png?resize=96%2C96&ssl=159975dcacb611b5700bd619b5daf0a7a","url":"https:\/\/i0.wp.com\/www.jazzzeitung.de\/cms\/wp-content\/uploads\/2015\/08\/JAZZZEITUNGDE_Logo_Neu.png?resize=96%2C96&ssl=1","contentUrl":"https:\/\/i0.wp.com\/www.jazzzeitung.de\/cms\/wp-content\/uploads\/2015\/08\/JAZZZEITUNGDE_Logo_Neu.png?resize=96%2C96&ssl=1","caption":"Redaktion JazzZeitung"},"description":"Artikel der Redaktion der JazzZeitung.","sameAs":["http:\/\/www.jazzzeitung.de\/cms\/"],"url":"https:\/\/www.jazzzeitung.de\/cms\/author\/redaktion\/"}]}},"wp-worthy-pixel":{"ignored":false,"public":null,"server":null,"url":null},"wp-worthy-type":"normal","jetpack_publicize_connections":[],"cc_featured_image_caption":{"caption_text":"","source_text":"","source_url":""},"jetpack_featured_media_url":"https:\/\/i0.wp.com\/www.jazzzeitung.de\/cms\/wp-content\/uploads\/2020\/06\/hr-bigband-122.jpg?fit=2303%2C1535&ssl=1","jetpack_shortlink":"https:\/\/wp.me\/p3KEcT-5TD","jetpack-related-posts":[{"id":22504,"url":"https:\/\/www.jazzzeitung.de\/cms\/2020\/05\/newsjazz-day-germany-ins-leben-gerufenhr-sinfonieorchester-und-bigband-mit-stageseven-konzerten-nun-onlinekonzertabsagen-des-jazzclubs-huerth\/","url_meta":{"origin":22669,"position":0},"title":"news+++Gemeinsamer Appell der Verb\u00e4nde an Bundesregierung+++Jazz Day Germany geht mit neuer Website online+++hr-Bigband und hr-Sinfonieorchester mit Stage@Seven-Konzerten nun online+++Konzertabsagen des Jazzclubs H\u00fcrth+++","author":"Redaktion JazzZeitung","date":"13. Mai 2020","format":false,"excerpt":"Gemeinsamer Appell: Deutsche Jazzunion fordert dringende Korrekturen bei Corona-Soforthilfen. Berlin, 12.05.2020 | In einem gemeinsamen Appell fordern die Deutsche Jazzunion und zahlreiche andere Bundes- und Landesverb\u00e4nde verschiedener Sparten von der Bundesregierung dringende Korrekturen bei den Corona-Soforthilfen. Die aktuellen Regularien gingen an der Arbeitsrealit\u00e4t der soloselbst\u00e4ndigen Jazzmusikerinnen und Kunstschaffenden vorbei, hei\u00dft\u2026","rel":"","context":"In &quot;News&quot;","block_context":{"text":"News","link":"https:\/\/www.jazzzeitung.de\/cms\/thema\/nachrichten\/"},"img":{"alt_text":"","src":"https:\/\/i0.wp.com\/www.jazzzeitung.de\/cms\/wp-content\/uploads\/2020\/05\/hrso_hrbb_collage-100_t-1589197560587_v-16to7.jpg?fit=992%2C434&ssl=1&resize=350%2C200","width":350,"height":200,"srcset":"https:\/\/i0.wp.com\/www.jazzzeitung.de\/cms\/wp-content\/uploads\/2020\/05\/hrso_hrbb_collage-100_t-1589197560587_v-16to7.jpg?fit=992%2C434&ssl=1&resize=350%2C200 1x, https:\/\/i0.wp.com\/www.jazzzeitung.de\/cms\/wp-content\/uploads\/2020\/05\/hrso_hrbb_collage-100_t-1589197560587_v-16to7.jpg?fit=992%2C434&ssl=1&resize=525%2C300 1.5x, https:\/\/i0.wp.com\/www.jazzzeitung.de\/cms\/wp-content\/uploads\/2020\/05\/hrso_hrbb_collage-100_t-1589197560587_v-16to7.jpg?fit=992%2C434&ssl=1&resize=700%2C400 2x"},"classes":[]},{"id":19512,"url":"https:\/\/www.jazzzeitung.de\/cms\/2019\/05\/news-hr-bigband-mit-cuba-2-0-gaststar-till-broenner-und-weiteren-hoehepunkten-spanien-und-portugal-schwerpunktlaender-beim-suedtirol-jazzfestival\/","url_meta":{"origin":22669,"position":1},"title":"+++ news +++ hr-Bigband mit \u201eCuba 2.0\u201c, Gaststar Till Br\u00f6nner und weiteren H\u00f6hepunkten +++ Spanien und Portugal Schwerpunktl\u00e4nder beim S\u00fcdtirol Jazzfestival +++","author":"Redaktion JazzZeitung","date":"23. Mai 2019","format":false,"excerpt":"\u201eDen eigenen Gef\u00fchlen und Assoziationen freien Lauf lassen und aus der Musik das sch\u00f6pfen, was man von ihr will oder was man von ihr braucht.\u201c Das legt Orchestermanager Olaf St\u00f6tzler in seinem Vorwort zur neuen Saison den Zuh\u00f6rerinnen und Zuh\u00f6rern der hr-Bigband ans Herz. Die neue Spielzeit birgt mit ihren\u2026","rel":"","context":"In &quot;News&quot;","block_context":{"text":"News","link":"https:\/\/www.jazzzeitung.de\/cms\/thema\/nachrichten\/"},"img":{"alt_text":"","src":"https:\/\/i0.wp.com\/www.jazzzeitung.de\/cms\/wp-content\/uploads\/2019\/04\/hr-bigband-118.jpg?fit=1200%2C800&ssl=1&resize=350%2C200","width":350,"height":200,"srcset":"https:\/\/i0.wp.com\/www.jazzzeitung.de\/cms\/wp-content\/uploads\/2019\/04\/hr-bigband-118.jpg?fit=1200%2C800&ssl=1&resize=350%2C200 1x, https:\/\/i0.wp.com\/www.jazzzeitung.de\/cms\/wp-content\/uploads\/2019\/04\/hr-bigband-118.jpg?fit=1200%2C800&ssl=1&resize=525%2C300 1.5x, https:\/\/i0.wp.com\/www.jazzzeitung.de\/cms\/wp-content\/uploads\/2019\/04\/hr-bigband-118.jpg?fit=1200%2C800&ssl=1&resize=700%2C400 2x, https:\/\/i0.wp.com\/www.jazzzeitung.de\/cms\/wp-content\/uploads\/2019\/04\/hr-bigband-118.jpg?fit=1200%2C800&ssl=1&resize=1050%2C600 3x"},"classes":[]},{"id":12974,"url":"https:\/\/www.jazzzeitung.de\/cms\/2017\/07\/neue-cd-von-django-bates-und-hr-bigband-saluting-sgt-pepper\/","url_meta":{"origin":22669,"position":2},"title":"Neue CD von Django Bates und hr-Bigband: &#8222;Saluting Sgt. Pepper&#8220;","author":"Redaktion JazzZeitung","date":"11. Juli 2017","format":false,"excerpt":"Im Juni 1967 erschien das wohl einflussreichste Rockalbum aller Zeiten: \u201eSgt. Pepper\u2019s Lonely Hearts Club Band\u201c von den Beatles. Django Bates schenkte es damals seiner Schwester: \u201eDurch die geschlossene T\u00fcr ihres Zimmers h\u00f6rte ich diese unglaubliche Vielfalt der Kl\u00e4nge, Genres, Effekte und \u00dcberraschungen.\" Zum 50. Geburtstag dieses Meilensteins der Popgeschichte\u2026","rel":"","context":"In &quot;Rezension&quot;","block_context":{"text":"Rezension","link":"https:\/\/www.jazzzeitung.de\/cms\/thema\/rezension\/"},"img":{"alt_text":"","src":"https:\/\/i0.wp.com\/www.jazzzeitung.de\/cms\/wp-content\/uploads\/2017\/07\/salutingsgtpepper_cdcover-100_story-salutingsgtpepper__cd-100-150x150.jpg?resize=350%2C200&ssl=1","width":350,"height":200},"classes":[]},{"id":5238,"url":"https:\/\/www.jazzzeitung.de\/cms\/2015\/01\/breaking-news-die-hr-bigband-im-februar-13-weidener-jazzseminar-neuer-studiengang-fuer-jazz-talente\/","url_meta":{"origin":22669,"position":3},"title":"+++ Breaking News +++  Die hr-Bigband im Februar +++ 13. Weidener Jazzseminar +++ Neuer Studiengang f\u00fcr Jazz-Talente +++","author":"Redaktion JazzZeitung","date":"20. Januar 2015","format":false,"excerpt":"Zusammen mit seiner Band monoPunk und dem Bl\u00e4serturbo der hr-Bigband streift Max Mutzke am 05. und 06. Februar durch die Perlen seines Repertoires. Seit Max Mutzke sich auf seinem Album \u201eDurch Einander\" mit Musikern wie Wolfgang Haffner, Roberto DiGioia und Nils Landgren zusammentat, ist klar, dass der Horizont des erfolgreichen\u2026","rel":"","context":"In &quot;News&quot;","block_context":{"text":"News","link":"https:\/\/www.jazzzeitung.de\/cms\/thema\/nachrichten\/"},"img":{"alt_text":"Max Mutzke tritt im Februar mit der hr Bigband auf. Foto: Heiko Franz\/ Sony Music","src":"https:\/\/i0.wp.com\/www.jazzzeitung.de\/cms\/wp-content\/uploads\/2015\/01\/Max-Mutzke-150x150.jpg?resize=350%2C200","width":350,"height":200},"classes":[]},{"id":7450,"url":"https:\/\/www.jazzzeitung.de\/cms\/2015\/10\/hoellen-jazz-und-michael-mantler-frankfurt\/","url_meta":{"origin":22669,"position":4},"title":"H\u00f6llen-Jazz und Michael Mantler in Frankfurt","author":"Redaktion JazzZeitung","date":"23. Oktober 2015","format":false,"excerpt":"Der Auftritt der hr-Bigband am ersten Konzertabend des 46. Deutschen Jazzfestivals Frankfurt wird eine spannende Begegnung mit dem Free-Jazz-Trompeter und Bigband-Komponisten Michael Mantler. Unter der Leitung von Christoph Cech wird er das dreit\u00e4gige Festival am Donnerstag, 29. Oktober, im hr-Sendesaal er\u00f6ffnen. Der Festivalsamstag, 31. Oktober, steht ganz im Zeichen von\u2026","rel":"","context":"In &quot;Redaktionelle Nachrichten&quot;","block_context":{"text":"Redaktionelle Nachrichten","link":"https:\/\/www.jazzzeitung.de\/cms\/thema\/redaktion\/"},"img":{"alt_text":"\u00a9 HR\/Sascha Rheker\/attenzione","src":"https:\/\/i0.wp.com\/www.jazzzeitung.de\/cms\/wp-content\/uploads\/2015\/10\/michael-mantler-150x150.jpg?resize=350%2C200","width":350,"height":200},"classes":[]},{"id":2304,"url":"https:\/\/www.jazzzeitung.de\/cms\/2013\/09\/eine-fender-von-eric-clapton-jazzgitarrist-kurt-rosenwinkel-mit-der-hr-bigband-zu-gast-wiesbaden-und-giessen\/","url_meta":{"origin":22669,"position":5},"title":"Eine \u201eFender\u201c von Eric Clapton Jazzgitarrist- Kurt Rosenwinkel mit der hr-Bigband zu Gast in Wiesbaden und Gie\u00dfen","author":"Redaktion JazzZeitung","date":"25. September 2013","format":false,"excerpt":"Im April stand Kurt Rosenwinkel noch bei Eric Claptons \u201eCrossroads Guitar Festival\u201c vor 18.000 Menschen im New Yorker Madison Square Garden auf der B\u00fchne. Jetzt kommt der US-Amerikaner, der zu den profiliertesten Jazzgitarristen der neuen Generation z\u00e4hlt, mit der hr-Bigband nach Hessen: am Freitag, 11. Oktober, ins Wiesbadener Kulturforum und\u2026","rel":"","context":"In &quot;News&quot;","block_context":{"text":"News","link":"https:\/\/www.jazzzeitung.de\/cms\/thema\/nachrichten\/"},"img":{"alt_text":"025bb_Kurt Rosenwinkel","src":"https:\/\/i0.wp.com\/www.jazzzeitung.de\/cms\/wp-content\/uploads\/2013\/09\/kurt_rosenwinkel-300x217.jpg?resize=350%2C200","width":350,"height":200},"classes":[]}],"jetpack_sharing_enabled":true,"_links":{"self":[{"href":"https:\/\/www.jazzzeitung.de\/cms\/wp-json\/wp\/v2\/posts\/22669","targetHints":{"allow":["GET"]}}],"collection":[{"href":"https:\/\/www.jazzzeitung.de\/cms\/wp-json\/wp\/v2\/posts"}],"about":[{"href":"https:\/\/www.jazzzeitung.de\/cms\/wp-json\/wp\/v2\/types\/post"}],"author":[{"embeddable":true,"href":"https:\/\/www.jazzzeitung.de\/cms\/wp-json\/wp\/v2\/users\/18"}],"replies":[{"embeddable":true,"href":"https:\/\/www.jazzzeitung.de\/cms\/wp-json\/wp\/v2\/comments?post=22669"}],"version-history":[{"count":6,"href":"https:\/\/www.jazzzeitung.de\/cms\/wp-json\/wp\/v2\/posts\/22669\/revisions"}],"predecessor-version":[{"id":22671,"href":"https:\/\/www.jazzzeitung.de\/cms\/wp-json\/wp\/v2\/posts\/22669\/revisions\/22671"}],"wp:featuredmedia":[{"embeddable":true,"href":"https:\/\/www.jazzzeitung.de\/cms\/wp-json\/wp\/v2\/media\/22672"}],"wp:attachment":[{"href":"https:\/\/www.jazzzeitung.de\/cms\/wp-json\/wp\/v2\/media?parent=22669"}],"wp:term":[{"taxonomy":"category","embeddable":true,"href":"https:\/\/www.jazzzeitung.de\/cms\/wp-json\/wp\/v2\/categories?post=22669"},{"taxonomy":"post_tag","embeddable":true,"href":"https:\/\/www.jazzzeitung.de\/cms\/wp-json\/wp\/v2\/tags?post=22669"},{"taxonomy":"author","embeddable":true,"href":"https:\/\/www.jazzzeitung.de\/cms\/wp-json\/wp\/v2\/coauthors?post=22669"}],"curies":[{"name":"wp","href":"https:\/\/api.w.org\/{rel}","templated":true}]}}