{"id":22634,"date":"2020-06-11T20:22:50","date_gmt":"2020-06-11T18:22:50","guid":{"rendered":"https:\/\/www.jazzzeitung.de\/cms\/?p=22634"},"modified":"2020-06-10T20:24:42","modified_gmt":"2020-06-10T18:24:42","slug":"die-offene-jazz-haus-schule-ojhs-in-koeln-feiert-den-40-jahrestag-ihrer-gruendung","status":"publish","type":"post","link":"https:\/\/www.jazzzeitung.de\/cms\/2020\/06\/die-offene-jazz-haus-schule-ojhs-in-koeln-feiert-den-40-jahrestag-ihrer-gruendung\/","title":{"rendered":"Die Offene Jazz Haus Schule (OJHS) in K\u00f6ln feiert den 40. Jahrestag ihrer Gr\u00fcndung"},"content":{"rendered":"<h3>Das Reservoir einer Kulturmetropole<\/h3>\n<p><strong>Die Offene Jazz Haus Schule (OJHS) in K\u00f6ln feiert den 40. Jahrestag ihrer Gr\u00fcndung \u2013 Rainer Linke \u00fcbergibt die Schulleitung an Joscha Oetz<\/strong><\/p>\n<p>Als die\u00a0 Offene Jazz Haus Schule <a href=\"https:\/\/jazzhausschule.de\/\">(OJHS)<\/a> 1980 in K\u00f6ln von Mitgliedern der Initiative K\u00f6lner Jazz Haus gegr\u00fcndet wurde, reagierte sie auf einen sp\u00fcrbar gewordenen Mangel in der musikp\u00e4dagogischen Landschaft Deutschlands. Hier und da gab es an Musikschulen zwar ein<\/p>\n<p>Jazz-Angebot, in dem mit Bigband-Arrangements gearbeitet wurde und die und sich in Selbstverst\u00e4ndnis und Methodik kaum von ihrem Umfeld unterschied, und an deutschen Musikhochschulen gab es noch keine ernsthafte und praktisch relevante Besch\u00e4ftigung mit Jazz. Das und manches Andere hat sich seither grundlegend und tiefgreifend ge\u00e4nder. Die Entwicklungen, die in K\u00f6ln ihren Ausgang genommen beziehungsweise sich dort abgespielt haben, haben daran erheblichen Anteil.<\/p>\n<p>Der Bedarf nach p\u00e4dagogischer und didaktischer Hinwendung zum Jazz wurde in K\u00f6ln zun\u00e4chst manifest anhand von Workshop-Angeboten, die unter ma\u00dfgeblicher Initiative von Rainer Linke \u2013 damals auch Bassist in Formationen wie Riot oder Blau Frontal \u2013 angeboten wurden. Die Zahl der Workshop-Interessenten sowie der Unwille etwa in der Rheinischen Musikschule, darauf einzugehen, verwies auf eine neu entstehende \u00d6ffentlichkeit. Und die noch weitgehend oral-auralen Wege, auf denen sich die seinerzeit pr\u00e4genden Musiker des deutschen Jazz ihrer Musik angen\u00e4hert hatten, verwies auf die Notwendigkeit, neu \u00fcber Musikp\u00e4dagogik nachzudenken und die an den Musikschulen bew\u00e4hrten Ideen von Notentextlesen, Intonations\u00fcbungen und regelm\u00e4\u00dfigen Leistungsnachweisen nicht mehr im alleinigen Zentrum der p\u00e4dagogischen Arbeit zu belassen.<\/p>\n<p>Das waren allerdings nicht die einzigen Probleme, denen sich die Jazz Haus Schule ab 1980 gegen\u00fcber sah. Die praktische Arbeit war von Anfang an gepr\u00e4gt durch Finanzierungsfragen und Raumprobleme; beide bilden gewisserma\u00dfen ein Kontinuum der Arbeit seit 1980.<\/p>\n<p>Die Anf\u00e4nge im baulich nicht sonderlich geeigneten Bayenturm, dessen Vergabe an das Feministische Archiv nach 1988, der Umzug in die baulich auch nicht ideale mittelalterliche Eigelstein-Torburg 1990 sowie eine m\u00e4hlich beginnende finanzielle Unterst\u00fctzung durch die \u00f6ffentliche Hand\u00a0 brachten Verbesserungen, aber meist nur vor\u00fcbergehend und l\u00f6sten keines der Probleme dauerhaft und zufriedenstellend.<\/p>\n<p>Ab 1983 begann die Jazz-Arbeit mit Kindern an der OJHS. Ab 1984 gab es j\u00e4hrliche Tagungen zu musikp\u00e4dagogischen Themen in Hamburg (1984), Remscheid (1985) und Hannover (1986), und 1985 erschien unter Verantwortung der OJHS als Signal f\u00fcr den Beginn einer neuen \u00c4ra der Musikp\u00e4dagogik die Publikation \u201eMaterialien f\u00fcr die Arbeit mit Jazzgruppen\u201c. Die OJHS z\u00e4hlte 250 Kurs-Teilnehmer, die Dozenten rekrutierten sich aus der K\u00f6lner Jazz-Szene und arbeiteten \u2013 wie bis heute \u2013 auf Honorar-Basis. An der Hochschule f\u00fcr Musik und Tanz zeichneten sich erste Ver\u00e4nderungen ab<\/p>\n<p>Ab Mitte der 1990-er Jahre konsolidierte und professionalisierte sich die Arbeit an der OJHS zunehmend. Die Eigelstein-Torburg wurde aus Eigenmitteln und mit finanzieller Hilfe der Stadt K\u00f6ln und des Landes NRW sowie der Stiftung Deutsche Jugendmarke renoviert, die OJHS wurde in den Jugendkulturbericht des Landes als modellhafte musik- und kulturp\u00e4dagogische Einrichtung \u00fcbernommen, und die Schule erweiterte inhaltlich und in der Fl\u00e4che ihren Einzugsbereich. Sie legte neue Schwerpunkte auf soziokulturelle Arbeit und war die erste musikp\u00e4dagogische Einrichtung in Deutschland, die systematisch und mit authentischem Personal den HipHop in ihr p\u00e4dagogisches und kulturelles Programm aufnahm. In Kooperation mit K\u00f6lner Schulen wurde die Arbeit schon seit dem Ende der 1980-er Jahre\u00a0 zunehmend dezentral geordnet, was aber die r\u00e4umlichen Probleme nur zum Teil l\u00f6ste und die organisatorischen vervielfachte.<\/p>\n<p>Die Chronik der Erfolgsgeschichte rei\u00dft hier keineswegs ab, im Gegenteil, sie intensivierte sich seit Beginn des neues Jahrhunderts. Die OJHS sch\u00f6pft aus dem riesigen kulturellen Reservoir einer Kulturmetropole, das durch die Pr\u00e4senz von Rundfunksendern (Deutschlandfunk, WDR) und die Hochschule f\u00fcr Musik und Tanz ein tief greifendes Netzwerk in der Stadt und \u00fcber sie hinaus gebildet hat.<\/p>\n<p>Heute ist die K\u00f6lner Jazzhaus Schule eine weithin angesehene und sogar \u00f6konomisch im Vergleich zur Gr\u00fcnderphase gut konsolidierte Einrichtung sowie ein relevanter Arbeitgeber im p\u00e4dagogisch kulturellen Bereich. Gleichwohl ist sie bisher nicht in der Lage, p\u00e4dagogische Kr\u00e4fte anzustellen; nach wie vor werden Dozenten ausschlie\u00dflich aus den Geb\u00fchren finanziert. Allerdings gibt es mittlerweile an die 5000 Teilnehmer an den Angeboten der OJHS. Dass die Verwaltung und Organisation nach wie vor nur einen kleinen Apparat gebildet hat, liegt auf der Hand.<\/p>\n<p>Einen wichtigen Teil der Arbeit nimmt die Reflexion der musikp\u00e4dagogischen Arbeit ein sowie die Weiterbildungsinitiativen f\u00fcr Dozenten. Dar\u00fcber gibt eine stattliche Publikationsliste, die auf der Website der Schule unter \u201eJazzHaus-Einblicke\u201c rubriziert sind. Und die neueren Entwicklungen der st\u00e4dtischen Haushaltspolitik verweisen auch auf eine verst\u00e4rkte Anerkennung der Arbeit der OJHS, wenngleich die Corona-Lockdown-Folgen noch nicht absehbar sind.<\/p>\n<p>Rainer Linke, der an der Gr\u00fcndung der OJHS ma\u00dfgeblich beteiligt war und die Schule seit ihren Anf\u00e4ngen aufgebaut und verantwortlich geleitet hat, gibt in diesem Sommer die Leitungsfunktion weiter \u2013 wieder an einen Kontrabassisten: Joscha Oetz, der selbst der OJHS manches verdankt, wird ab August hier die Funktion des gesch\u00e4ftsf\u00fchrenden Schuldirektors innehaben. Er leitet dann eine kulturp\u00e4dagogische Institution, die renommiert und bestens vernetzt ist und immer noch voller Innovations-Potential steckt.<\/p>\n<p>Text: Hans-J\u00fcrgen Linke<\/p>\n<p>Foto: Ute Linke<\/p>\n<p>&nbsp;<\/p>\n","protected":false},"excerpt":{"rendered":"<p>Das Reservoir einer Kulturmetropole Die Offene Jazz Haus Schule (OJHS) in K\u00f6ln feiert den 40. Jahrestag ihrer Gr\u00fcndung \u2013 Rainer Linke \u00fcbergibt die Schulleitung an Joscha Oetz Als die\u00a0 Offene Jazz Haus Schule (OJHS) 1980 in K\u00f6ln von Mitgliedern der Initiative K\u00f6lner Jazz Haus gegr\u00fcndet wurde, reagierte sie auf einen sp\u00fcrbar gewordenen Mangel in der musikp\u00e4dagogischen Landschaft Deutschlands. Hier und da gab es an Musikschulen zwar ein Jazz-Angebot, in dem mit Bigband-Arrangements gearbeitet wurde und die und sich in Selbstverst\u00e4ndnis und Methodik kaum von ihrem Umfeld unterschied, und an deutschen Musikhochschulen gab es noch keine ernsthafte und praktisch relevante Besch\u00e4ftigung mit Jazz. Das und manches Andere hat sich seither grundlegend und tiefgreifend ge\u00e4nder. Die Entwicklungen, die in K\u00f6ln ihren Ausgang genommen beziehungsweise sich dort abgespielt haben, haben daran erheblichen Anteil. Der Bedarf nach p\u00e4dagogischer und didaktischer Hinwendung zum Jazz wurde in K\u00f6ln zun\u00e4chst manifest anhand von Workshop-Angeboten, die unter ma\u00dfgeblicher Initiative von Rainer Linke \u2013 damals auch Bassist in Formationen wie Riot oder Blau Frontal \u2013 angeboten wurden. Die Zahl der Workshop-Interessenten sowie der Unwille etwa in der Rheinischen Musikschule, darauf einzugehen, verwies auf eine &hellip;<\/p>\n","protected":false},"author":18,"featured_media":22639,"comment_status":"open","ping_status":"closed","sticky":false,"template":"","format":"standard","meta":{"_jetpack_memberships_contains_paid_content":false,"footnotes":"","jetpack_publicize_message":"","jetpack_publicize_feature_enabled":true,"jetpack_social_post_already_shared":false,"jetpack_social_options":{"image_generator_settings":{"template":"highway","default_image_id":0,"font":"","enabled":false},"version":2}},"categories":[1053],"tags":[73,2941,137,215,2049,2426,1876,852,589,20],"coauthors":[695],"class_list":["post-22634","post","type-post","status-publish","format-standard","has-post-thumbnail","hentry","category-bericht","tag-bigband","tag-corona","tag-deutschland","tag-hamburg","tag-hannover","tag-hans-juergen-linke","tag-jazz","tag-koeln","tag-wdr","tag-workshop"],"yoast_head":"<!-- This site is optimized with the Yoast SEO plugin v27.5 - https:\/\/yoast.com\/product\/yoast-seo-wordpress\/ -->\n<title>Die Offene Jazz Haus Schule (OJHS) in K\u00f6ln feiert den 40. Jahrestag ihrer Gr\u00fcndung - JazzZeitung<\/title>\n<meta name=\"robots\" content=\"index, follow, max-snippet:-1, max-image-preview:large, max-video-preview:-1\" \/>\n<link rel=\"canonical\" href=\"https:\/\/www.jazzzeitung.de\/cms\/2020\/06\/die-offene-jazz-haus-schule-ojhs-in-koeln-feiert-den-40-jahrestag-ihrer-gruendung\/\" \/>\n<meta property=\"og:locale\" content=\"de_DE\" \/>\n<meta property=\"og:type\" content=\"article\" \/>\n<meta property=\"og:title\" content=\"Die Offene Jazz Haus Schule (OJHS) in K\u00f6ln feiert den 40. Jahrestag ihrer Gr\u00fcndung - JazzZeitung\" \/>\n<meta property=\"og:description\" content=\"Das Reservoir einer Kulturmetropole Die Offene Jazz Haus Schule (OJHS) in K\u00f6ln feiert den 40. Jahrestag ihrer Gr\u00fcndung \u2013 Rainer Linke \u00fcbergibt die Schulleitung an Joscha Oetz Als die\u00a0 Offene Jazz Haus Schule (OJHS) 1980 in K\u00f6ln von Mitgliedern der Initiative K\u00f6lner Jazz Haus gegr\u00fcndet wurde, reagierte sie auf einen sp\u00fcrbar gewordenen Mangel in der musikp\u00e4dagogischen Landschaft Deutschlands. Hier und da gab es an Musikschulen zwar ein Jazz-Angebot, in dem mit Bigband-Arrangements gearbeitet wurde und die und sich in Selbstverst\u00e4ndnis und Methodik kaum von ihrem Umfeld unterschied, und an deutschen Musikhochschulen gab es noch keine ernsthafte und praktisch relevante Besch\u00e4ftigung mit Jazz. Das und manches Andere hat sich seither grundlegend und tiefgreifend ge\u00e4nder. Die Entwicklungen, die in K\u00f6ln ihren Ausgang genommen beziehungsweise sich dort abgespielt haben, haben daran erheblichen Anteil. Der Bedarf nach p\u00e4dagogischer und didaktischer Hinwendung zum Jazz wurde in K\u00f6ln zun\u00e4chst manifest anhand von Workshop-Angeboten, die unter ma\u00dfgeblicher Initiative von Rainer Linke \u2013 damals auch Bassist in Formationen wie Riot oder Blau Frontal \u2013 angeboten wurden. Die Zahl der Workshop-Interessenten sowie der Unwille etwa in der Rheinischen Musikschule, darauf einzugehen, verwies auf eine &hellip;\" \/>\n<meta property=\"og:url\" content=\"https:\/\/www.jazzzeitung.de\/cms\/2020\/06\/die-offene-jazz-haus-schule-ojhs-in-koeln-feiert-den-40-jahrestag-ihrer-gruendung\/\" \/>\n<meta property=\"og:site_name\" content=\"JazzZeitung\" \/>\n<meta property=\"article:publisher\" content=\"https:\/\/www.facebook.com\/JazzZeitung\/\" \/>\n<meta property=\"article:published_time\" content=\"2020-06-11T18:22:50+00:00\" \/>\n<meta property=\"og:image\" content=\"https:\/\/i0.wp.com\/www.jazzzeitung.de\/cms\/wp-content\/uploads\/2020\/06\/rainer-linke-und-joscha-oetz-e1591813340638.jpg?fit=1440%2C999&ssl=1\" \/>\n\t<meta property=\"og:image:width\" content=\"1440\" \/>\n\t<meta property=\"og:image:height\" content=\"999\" \/>\n\t<meta property=\"og:image:type\" content=\"image\/jpeg\" \/>\n<meta name=\"author\" content=\"Redaktion JazzZeitung\" \/>\n<script type=\"application\/ld+json\" class=\"yoast-schema-graph\">{\"@context\":\"https:\\\/\\\/schema.org\",\"@graph\":[{\"@type\":\"Article\",\"@id\":\"https:\\\/\\\/www.jazzzeitung.de\\\/cms\\\/2020\\\/06\\\/die-offene-jazz-haus-schule-ojhs-in-koeln-feiert-den-40-jahrestag-ihrer-gruendung\\\/#article\",\"isPartOf\":{\"@id\":\"https:\\\/\\\/www.jazzzeitung.de\\\/cms\\\/2020\\\/06\\\/die-offene-jazz-haus-schule-ojhs-in-koeln-feiert-den-40-jahrestag-ihrer-gruendung\\\/\"},\"author\":{\"name\":\"Redaktion JazzZeitung\",\"@id\":\"https:\\\/\\\/www.jazzzeitung.de\\\/cms\\\/#\\\/schema\\\/person\\\/2245b36b9cd1d24cea10f01c031fb92b\"},\"headline\":\"Die Offene Jazz Haus Schule (OJHS) in K\u00f6ln feiert den 40. Jahrestag ihrer Gr\u00fcndung\",\"datePublished\":\"2020-06-11T18:22:50+00:00\",\"mainEntityOfPage\":{\"@id\":\"https:\\\/\\\/www.jazzzeitung.de\\\/cms\\\/2020\\\/06\\\/die-offene-jazz-haus-schule-ojhs-in-koeln-feiert-den-40-jahrestag-ihrer-gruendung\\\/\"},\"wordCount\":871,\"commentCount\":0,\"publisher\":{\"@id\":\"https:\\\/\\\/www.jazzzeitung.de\\\/cms\\\/#organization\"},\"image\":{\"@id\":\"https:\\\/\\\/www.jazzzeitung.de\\\/cms\\\/2020\\\/06\\\/die-offene-jazz-haus-schule-ojhs-in-koeln-feiert-den-40-jahrestag-ihrer-gruendung\\\/#primaryimage\"},\"thumbnailUrl\":\"https:\\\/\\\/i0.wp.com\\\/www.jazzzeitung.de\\\/cms\\\/wp-content\\\/uploads\\\/2020\\\/06\\\/rainer-linke-und-joscha-oetz-e1591813340638.jpg?fit=1440%2C999&ssl=1\",\"keywords\":[\"Bigband\",\"Corona\",\"Deutschland\",\"Hamburg\",\"Hannover\",\"Hans-J\u00fcrgen Linke\",\"Jazz\",\"K\u00f6ln\",\"WDR\",\"Workshop\"],\"articleSection\":[\"Bericht\"],\"inLanguage\":\"de\",\"potentialAction\":[{\"@type\":\"CommentAction\",\"name\":\"Comment\",\"target\":[\"https:\\\/\\\/www.jazzzeitung.de\\\/cms\\\/2020\\\/06\\\/die-offene-jazz-haus-schule-ojhs-in-koeln-feiert-den-40-jahrestag-ihrer-gruendung\\\/#respond\"]}]},{\"@type\":\"WebPage\",\"@id\":\"https:\\\/\\\/www.jazzzeitung.de\\\/cms\\\/2020\\\/06\\\/die-offene-jazz-haus-schule-ojhs-in-koeln-feiert-den-40-jahrestag-ihrer-gruendung\\\/\",\"url\":\"https:\\\/\\\/www.jazzzeitung.de\\\/cms\\\/2020\\\/06\\\/die-offene-jazz-haus-schule-ojhs-in-koeln-feiert-den-40-jahrestag-ihrer-gruendung\\\/\",\"name\":\"Die Offene Jazz Haus Schule (OJHS) in K\u00f6ln feiert den 40. Jahrestag ihrer Gr\u00fcndung - JazzZeitung\",\"isPartOf\":{\"@id\":\"https:\\\/\\\/www.jazzzeitung.de\\\/cms\\\/#website\"},\"primaryImageOfPage\":{\"@id\":\"https:\\\/\\\/www.jazzzeitung.de\\\/cms\\\/2020\\\/06\\\/die-offene-jazz-haus-schule-ojhs-in-koeln-feiert-den-40-jahrestag-ihrer-gruendung\\\/#primaryimage\"},\"image\":{\"@id\":\"https:\\\/\\\/www.jazzzeitung.de\\\/cms\\\/2020\\\/06\\\/die-offene-jazz-haus-schule-ojhs-in-koeln-feiert-den-40-jahrestag-ihrer-gruendung\\\/#primaryimage\"},\"thumbnailUrl\":\"https:\\\/\\\/i0.wp.com\\\/www.jazzzeitung.de\\\/cms\\\/wp-content\\\/uploads\\\/2020\\\/06\\\/rainer-linke-und-joscha-oetz-e1591813340638.jpg?fit=1440%2C999&ssl=1\",\"datePublished\":\"2020-06-11T18:22:50+00:00\",\"breadcrumb\":{\"@id\":\"https:\\\/\\\/www.jazzzeitung.de\\\/cms\\\/2020\\\/06\\\/die-offene-jazz-haus-schule-ojhs-in-koeln-feiert-den-40-jahrestag-ihrer-gruendung\\\/#breadcrumb\"},\"inLanguage\":\"de\",\"potentialAction\":[{\"@type\":\"ReadAction\",\"target\":[\"https:\\\/\\\/www.jazzzeitung.de\\\/cms\\\/2020\\\/06\\\/die-offene-jazz-haus-schule-ojhs-in-koeln-feiert-den-40-jahrestag-ihrer-gruendung\\\/\"]}]},{\"@type\":\"ImageObject\",\"inLanguage\":\"de\",\"@id\":\"https:\\\/\\\/www.jazzzeitung.de\\\/cms\\\/2020\\\/06\\\/die-offene-jazz-haus-schule-ojhs-in-koeln-feiert-den-40-jahrestag-ihrer-gruendung\\\/#primaryimage\",\"url\":\"https:\\\/\\\/i0.wp.com\\\/www.jazzzeitung.de\\\/cms\\\/wp-content\\\/uploads\\\/2020\\\/06\\\/rainer-linke-und-joscha-oetz-e1591813340638.jpg?fit=1440%2C999&ssl=1\",\"contentUrl\":\"https:\\\/\\\/i0.wp.com\\\/www.jazzzeitung.de\\\/cms\\\/wp-content\\\/uploads\\\/2020\\\/06\\\/rainer-linke-und-joscha-oetz-e1591813340638.jpg?fit=1440%2C999&ssl=1\",\"width\":1440,\"height\":999},{\"@type\":\"BreadcrumbList\",\"@id\":\"https:\\\/\\\/www.jazzzeitung.de\\\/cms\\\/2020\\\/06\\\/die-offene-jazz-haus-schule-ojhs-in-koeln-feiert-den-40-jahrestag-ihrer-gruendung\\\/#breadcrumb\",\"itemListElement\":[{\"@type\":\"ListItem\",\"position\":1,\"name\":\"Startseite\",\"item\":\"https:\\\/\\\/www.jazzzeitung.de\\\/cms\\\/\"},{\"@type\":\"ListItem\",\"position\":2,\"name\":\"Die Offene Jazz Haus Schule (OJHS) in K\u00f6ln feiert den 40. Jahrestag ihrer Gr\u00fcndung\"}]},{\"@type\":\"WebSite\",\"@id\":\"https:\\\/\\\/www.jazzzeitung.de\\\/cms\\\/#website\",\"url\":\"https:\\\/\\\/www.jazzzeitung.de\\\/cms\\\/\",\"name\":\"JazzZeitung\",\"description\":\"Jazz-News und Jazz-Kontroverses\",\"publisher\":{\"@id\":\"https:\\\/\\\/www.jazzzeitung.de\\\/cms\\\/#organization\"},\"potentialAction\":[{\"@type\":\"SearchAction\",\"target\":{\"@type\":\"EntryPoint\",\"urlTemplate\":\"https:\\\/\\\/www.jazzzeitung.de\\\/cms\\\/?s={search_term_string}\"},\"query-input\":{\"@type\":\"PropertyValueSpecification\",\"valueRequired\":true,\"valueName\":\"search_term_string\"}}],\"inLanguage\":\"de\"},{\"@type\":\"Organization\",\"@id\":\"https:\\\/\\\/www.jazzzeitung.de\\\/cms\\\/#organization\",\"name\":\"JazzZeitung online\",\"url\":\"https:\\\/\\\/www.jazzzeitung.de\\\/cms\\\/\",\"logo\":{\"@type\":\"ImageObject\",\"inLanguage\":\"de\",\"@id\":\"https:\\\/\\\/www.jazzzeitung.de\\\/cms\\\/#\\\/schema\\\/logo\\\/image\\\/\",\"url\":\"https:\\\/\\\/i0.wp.com\\\/www.jazzzeitung.de\\\/cms\\\/wp-content\\\/uploads\\\/2015\\\/08\\\/JAZZZEITUNGDE_Logo_Neu.png?fit=499%2C200&ssl=1\",\"contentUrl\":\"https:\\\/\\\/i0.wp.com\\\/www.jazzzeitung.de\\\/cms\\\/wp-content\\\/uploads\\\/2015\\\/08\\\/JAZZZEITUNGDE_Logo_Neu.png?fit=499%2C200&ssl=1\",\"width\":499,\"height\":200,\"caption\":\"JazzZeitung online\"},\"image\":{\"@id\":\"https:\\\/\\\/www.jazzzeitung.de\\\/cms\\\/#\\\/schema\\\/logo\\\/image\\\/\"},\"sameAs\":[\"https:\\\/\\\/www.facebook.com\\\/JazzZeitung\\\/\"]},{\"@type\":\"Person\",\"@id\":\"https:\\\/\\\/www.jazzzeitung.de\\\/cms\\\/#\\\/schema\\\/person\\\/2245b36b9cd1d24cea10f01c031fb92b\",\"name\":\"Redaktion JazzZeitung\",\"image\":{\"@type\":\"ImageObject\",\"inLanguage\":\"de\",\"@id\":\"https:\\\/\\\/i0.wp.com\\\/www.jazzzeitung.de\\\/cms\\\/wp-content\\\/uploads\\\/2015\\\/08\\\/JAZZZEITUNGDE_Logo_Neu.png?resize=96%2C96&ssl=159975dcacb611b5700bd619b5daf0a7a\",\"url\":\"https:\\\/\\\/i0.wp.com\\\/www.jazzzeitung.de\\\/cms\\\/wp-content\\\/uploads\\\/2015\\\/08\\\/JAZZZEITUNGDE_Logo_Neu.png?resize=96%2C96&ssl=1\",\"contentUrl\":\"https:\\\/\\\/i0.wp.com\\\/www.jazzzeitung.de\\\/cms\\\/wp-content\\\/uploads\\\/2015\\\/08\\\/JAZZZEITUNGDE_Logo_Neu.png?resize=96%2C96&ssl=1\",\"caption\":\"Redaktion JazzZeitung\"},\"description\":\"Artikel der Redaktion der JazzZeitung.\",\"sameAs\":[\"http:\\\/\\\/www.jazzzeitung.de\\\/cms\\\/\"],\"url\":\"https:\\\/\\\/www.jazzzeitung.de\\\/cms\\\/author\\\/redaktion\\\/\"}]}<\/script>\n<!-- \/ Yoast SEO plugin. -->","yoast_head_json":{"title":"Die Offene Jazz Haus Schule (OJHS) in K\u00f6ln feiert den 40. Jahrestag ihrer Gr\u00fcndung - JazzZeitung","robots":{"index":"index","follow":"follow","max-snippet":"max-snippet:-1","max-image-preview":"max-image-preview:large","max-video-preview":"max-video-preview:-1"},"canonical":"https:\/\/www.jazzzeitung.de\/cms\/2020\/06\/die-offene-jazz-haus-schule-ojhs-in-koeln-feiert-den-40-jahrestag-ihrer-gruendung\/","og_locale":"de_DE","og_type":"article","og_title":"Die Offene Jazz Haus Schule (OJHS) in K\u00f6ln feiert den 40. Jahrestag ihrer Gr\u00fcndung - JazzZeitung","og_description":"Das Reservoir einer Kulturmetropole Die Offene Jazz Haus Schule (OJHS) in K\u00f6ln feiert den 40. Jahrestag ihrer Gr\u00fcndung \u2013 Rainer Linke \u00fcbergibt die Schulleitung an Joscha Oetz Als die\u00a0 Offene Jazz Haus Schule (OJHS) 1980 in K\u00f6ln von Mitgliedern der Initiative K\u00f6lner Jazz Haus gegr\u00fcndet wurde, reagierte sie auf einen sp\u00fcrbar gewordenen Mangel in der musikp\u00e4dagogischen Landschaft Deutschlands. Hier und da gab es an Musikschulen zwar ein Jazz-Angebot, in dem mit Bigband-Arrangements gearbeitet wurde und die und sich in Selbstverst\u00e4ndnis und Methodik kaum von ihrem Umfeld unterschied, und an deutschen Musikhochschulen gab es noch keine ernsthafte und praktisch relevante Besch\u00e4ftigung mit Jazz. Das und manches Andere hat sich seither grundlegend und tiefgreifend ge\u00e4nder. Die Entwicklungen, die in K\u00f6ln ihren Ausgang genommen beziehungsweise sich dort abgespielt haben, haben daran erheblichen Anteil. Der Bedarf nach p\u00e4dagogischer und didaktischer Hinwendung zum Jazz wurde in K\u00f6ln zun\u00e4chst manifest anhand von Workshop-Angeboten, die unter ma\u00dfgeblicher Initiative von Rainer Linke \u2013 damals auch Bassist in Formationen wie Riot oder Blau Frontal \u2013 angeboten wurden. Die Zahl der Workshop-Interessenten sowie der Unwille etwa in der Rheinischen Musikschule, darauf einzugehen, verwies auf eine &hellip;","og_url":"https:\/\/www.jazzzeitung.de\/cms\/2020\/06\/die-offene-jazz-haus-schule-ojhs-in-koeln-feiert-den-40-jahrestag-ihrer-gruendung\/","og_site_name":"JazzZeitung","article_publisher":"https:\/\/www.facebook.com\/JazzZeitung\/","article_published_time":"2020-06-11T18:22:50+00:00","og_image":[{"width":1440,"height":999,"url":"https:\/\/i0.wp.com\/www.jazzzeitung.de\/cms\/wp-content\/uploads\/2020\/06\/rainer-linke-und-joscha-oetz-e1591813340638.jpg?fit=1440%2C999&ssl=1","type":"image\/jpeg"}],"author":"Redaktion JazzZeitung","schema":{"@context":"https:\/\/schema.org","@graph":[{"@type":"Article","@id":"https:\/\/www.jazzzeitung.de\/cms\/2020\/06\/die-offene-jazz-haus-schule-ojhs-in-koeln-feiert-den-40-jahrestag-ihrer-gruendung\/#article","isPartOf":{"@id":"https:\/\/www.jazzzeitung.de\/cms\/2020\/06\/die-offene-jazz-haus-schule-ojhs-in-koeln-feiert-den-40-jahrestag-ihrer-gruendung\/"},"author":{"name":"Redaktion JazzZeitung","@id":"https:\/\/www.jazzzeitung.de\/cms\/#\/schema\/person\/2245b36b9cd1d24cea10f01c031fb92b"},"headline":"Die Offene Jazz Haus Schule (OJHS) in K\u00f6ln feiert den 40. Jahrestag ihrer Gr\u00fcndung","datePublished":"2020-06-11T18:22:50+00:00","mainEntityOfPage":{"@id":"https:\/\/www.jazzzeitung.de\/cms\/2020\/06\/die-offene-jazz-haus-schule-ojhs-in-koeln-feiert-den-40-jahrestag-ihrer-gruendung\/"},"wordCount":871,"commentCount":0,"publisher":{"@id":"https:\/\/www.jazzzeitung.de\/cms\/#organization"},"image":{"@id":"https:\/\/www.jazzzeitung.de\/cms\/2020\/06\/die-offene-jazz-haus-schule-ojhs-in-koeln-feiert-den-40-jahrestag-ihrer-gruendung\/#primaryimage"},"thumbnailUrl":"https:\/\/i0.wp.com\/www.jazzzeitung.de\/cms\/wp-content\/uploads\/2020\/06\/rainer-linke-und-joscha-oetz-e1591813340638.jpg?fit=1440%2C999&ssl=1","keywords":["Bigband","Corona","Deutschland","Hamburg","Hannover","Hans-J\u00fcrgen Linke","Jazz","K\u00f6ln","WDR","Workshop"],"articleSection":["Bericht"],"inLanguage":"de","potentialAction":[{"@type":"CommentAction","name":"Comment","target":["https:\/\/www.jazzzeitung.de\/cms\/2020\/06\/die-offene-jazz-haus-schule-ojhs-in-koeln-feiert-den-40-jahrestag-ihrer-gruendung\/#respond"]}]},{"@type":"WebPage","@id":"https:\/\/www.jazzzeitung.de\/cms\/2020\/06\/die-offene-jazz-haus-schule-ojhs-in-koeln-feiert-den-40-jahrestag-ihrer-gruendung\/","url":"https:\/\/www.jazzzeitung.de\/cms\/2020\/06\/die-offene-jazz-haus-schule-ojhs-in-koeln-feiert-den-40-jahrestag-ihrer-gruendung\/","name":"Die Offene Jazz Haus Schule (OJHS) in K\u00f6ln feiert den 40. Jahrestag ihrer Gr\u00fcndung - JazzZeitung","isPartOf":{"@id":"https:\/\/www.jazzzeitung.de\/cms\/#website"},"primaryImageOfPage":{"@id":"https:\/\/www.jazzzeitung.de\/cms\/2020\/06\/die-offene-jazz-haus-schule-ojhs-in-koeln-feiert-den-40-jahrestag-ihrer-gruendung\/#primaryimage"},"image":{"@id":"https:\/\/www.jazzzeitung.de\/cms\/2020\/06\/die-offene-jazz-haus-schule-ojhs-in-koeln-feiert-den-40-jahrestag-ihrer-gruendung\/#primaryimage"},"thumbnailUrl":"https:\/\/i0.wp.com\/www.jazzzeitung.de\/cms\/wp-content\/uploads\/2020\/06\/rainer-linke-und-joscha-oetz-e1591813340638.jpg?fit=1440%2C999&ssl=1","datePublished":"2020-06-11T18:22:50+00:00","breadcrumb":{"@id":"https:\/\/www.jazzzeitung.de\/cms\/2020\/06\/die-offene-jazz-haus-schule-ojhs-in-koeln-feiert-den-40-jahrestag-ihrer-gruendung\/#breadcrumb"},"inLanguage":"de","potentialAction":[{"@type":"ReadAction","target":["https:\/\/www.jazzzeitung.de\/cms\/2020\/06\/die-offene-jazz-haus-schule-ojhs-in-koeln-feiert-den-40-jahrestag-ihrer-gruendung\/"]}]},{"@type":"ImageObject","inLanguage":"de","@id":"https:\/\/www.jazzzeitung.de\/cms\/2020\/06\/die-offene-jazz-haus-schule-ojhs-in-koeln-feiert-den-40-jahrestag-ihrer-gruendung\/#primaryimage","url":"https:\/\/i0.wp.com\/www.jazzzeitung.de\/cms\/wp-content\/uploads\/2020\/06\/rainer-linke-und-joscha-oetz-e1591813340638.jpg?fit=1440%2C999&ssl=1","contentUrl":"https:\/\/i0.wp.com\/www.jazzzeitung.de\/cms\/wp-content\/uploads\/2020\/06\/rainer-linke-und-joscha-oetz-e1591813340638.jpg?fit=1440%2C999&ssl=1","width":1440,"height":999},{"@type":"BreadcrumbList","@id":"https:\/\/www.jazzzeitung.de\/cms\/2020\/06\/die-offene-jazz-haus-schule-ojhs-in-koeln-feiert-den-40-jahrestag-ihrer-gruendung\/#breadcrumb","itemListElement":[{"@type":"ListItem","position":1,"name":"Startseite","item":"https:\/\/www.jazzzeitung.de\/cms\/"},{"@type":"ListItem","position":2,"name":"Die Offene Jazz Haus Schule (OJHS) in K\u00f6ln feiert den 40. Jahrestag ihrer Gr\u00fcndung"}]},{"@type":"WebSite","@id":"https:\/\/www.jazzzeitung.de\/cms\/#website","url":"https:\/\/www.jazzzeitung.de\/cms\/","name":"JazzZeitung","description":"Jazz-News und Jazz-Kontroverses","publisher":{"@id":"https:\/\/www.jazzzeitung.de\/cms\/#organization"},"potentialAction":[{"@type":"SearchAction","target":{"@type":"EntryPoint","urlTemplate":"https:\/\/www.jazzzeitung.de\/cms\/?s={search_term_string}"},"query-input":{"@type":"PropertyValueSpecification","valueRequired":true,"valueName":"search_term_string"}}],"inLanguage":"de"},{"@type":"Organization","@id":"https:\/\/www.jazzzeitung.de\/cms\/#organization","name":"JazzZeitung online","url":"https:\/\/www.jazzzeitung.de\/cms\/","logo":{"@type":"ImageObject","inLanguage":"de","@id":"https:\/\/www.jazzzeitung.de\/cms\/#\/schema\/logo\/image\/","url":"https:\/\/i0.wp.com\/www.jazzzeitung.de\/cms\/wp-content\/uploads\/2015\/08\/JAZZZEITUNGDE_Logo_Neu.png?fit=499%2C200&ssl=1","contentUrl":"https:\/\/i0.wp.com\/www.jazzzeitung.de\/cms\/wp-content\/uploads\/2015\/08\/JAZZZEITUNGDE_Logo_Neu.png?fit=499%2C200&ssl=1","width":499,"height":200,"caption":"JazzZeitung online"},"image":{"@id":"https:\/\/www.jazzzeitung.de\/cms\/#\/schema\/logo\/image\/"},"sameAs":["https:\/\/www.facebook.com\/JazzZeitung\/"]},{"@type":"Person","@id":"https:\/\/www.jazzzeitung.de\/cms\/#\/schema\/person\/2245b36b9cd1d24cea10f01c031fb92b","name":"Redaktion JazzZeitung","image":{"@type":"ImageObject","inLanguage":"de","@id":"https:\/\/i0.wp.com\/www.jazzzeitung.de\/cms\/wp-content\/uploads\/2015\/08\/JAZZZEITUNGDE_Logo_Neu.png?resize=96%2C96&ssl=159975dcacb611b5700bd619b5daf0a7a","url":"https:\/\/i0.wp.com\/www.jazzzeitung.de\/cms\/wp-content\/uploads\/2015\/08\/JAZZZEITUNGDE_Logo_Neu.png?resize=96%2C96&ssl=1","contentUrl":"https:\/\/i0.wp.com\/www.jazzzeitung.de\/cms\/wp-content\/uploads\/2015\/08\/JAZZZEITUNGDE_Logo_Neu.png?resize=96%2C96&ssl=1","caption":"Redaktion JazzZeitung"},"description":"Artikel der Redaktion der JazzZeitung.","sameAs":["http:\/\/www.jazzzeitung.de\/cms\/"],"url":"https:\/\/www.jazzzeitung.de\/cms\/author\/redaktion\/"}]}},"wp-worthy-pixel":{"ignored":false,"public":null,"server":null,"url":null},"wp-worthy-type":"normal","jetpack_publicize_connections":[],"cc_featured_image_caption":{"caption_text":"","source_text":"","source_url":""},"jetpack_featured_media_url":"https:\/\/i0.wp.com\/www.jazzzeitung.de\/cms\/wp-content\/uploads\/2020\/06\/rainer-linke-und-joscha-oetz-e1591813340638.jpg?fit=1440%2C999&ssl=1","jetpack_shortlink":"https:\/\/wp.me\/p3KEcT-5T4","jetpack-related-posts":[{"id":9525,"url":"https:\/\/www.jazzzeitung.de\/cms\/2016\/06\/news-vivavoce-ingolstadtoldtime-jazz-speyer\/","url_meta":{"origin":22634,"position":0},"title":"News: +++Jazz-Sommerfest in K\u00f6ln+++Oldtime Jazz in Speyer+++Viva Voce in Ingolstadt+++","author":"Redaktion JazzZeitung","date":"19. Juni 2016","format":false,"excerpt":"Sommerfest der Offenen Jazzhausschule K\u00f6ln geht noch bis 8. Juli Die Offene Jazzhausschule ist weder aus K\u00f6ln noch aus der deutschen Jazzlandschaft wegzudenken. Mit innovativen Arbeitsans\u00e4tzen etablierte sich 1980 die Offene Jazz Haus Schule als freies Zentrum f\u00fcr Improvisierte und Popul\u00e4re Musik K\u00f6ln \u2013 initiiert von Musikern aus dem Kreis\u2026","rel":"","context":"In &quot;News&quot;","block_context":{"text":"News","link":"https:\/\/www.jazzzeitung.de\/cms\/thema\/nachrichten\/"},"img":{"alt_text":"","src":"https:\/\/i0.wp.com\/www.jazzzeitung.de\/cms\/wp-content\/uploads\/2016\/06\/MARSHALL_COOPER_Press_Instruments_2014_Copyright_Simon_Hegenberg_web.jpg?fit=945%2C1200&ssl=1&resize=350%2C200","width":350,"height":200,"srcset":"https:\/\/i0.wp.com\/www.jazzzeitung.de\/cms\/wp-content\/uploads\/2016\/06\/MARSHALL_COOPER_Press_Instruments_2014_Copyright_Simon_Hegenberg_web.jpg?fit=945%2C1200&ssl=1&resize=350%2C200 1x, https:\/\/i0.wp.com\/www.jazzzeitung.de\/cms\/wp-content\/uploads\/2016\/06\/MARSHALL_COOPER_Press_Instruments_2014_Copyright_Simon_Hegenberg_web.jpg?fit=945%2C1200&ssl=1&resize=525%2C300 1.5x, https:\/\/i0.wp.com\/www.jazzzeitung.de\/cms\/wp-content\/uploads\/2016\/06\/MARSHALL_COOPER_Press_Instruments_2014_Copyright_Simon_Hegenberg_web.jpg?fit=945%2C1200&ssl=1&resize=700%2C400 2x"},"classes":[]},{"id":29544,"url":"https:\/\/www.jazzzeitung.de\/cms\/2023\/06\/news-jutta-hipp-preis-fuer-olga-reznichenko-und-matti-oehl-deutsche-jazzunion-feiert-50-jahre-mit-forum-und-marburger-jazzsommer-vorbereitung-auf-aufnahmepruefungen-mit-andre-nendza\/","url_meta":{"origin":22634,"position":1},"title":"News: +++ Jutta Hipp Preis f\u00fcr Olga Reznichenko und Matti Oehl +++ Deutsche Jazzunion feiert 50 Jahre mit Forum und Marburger Jazzsommer +++ Vorbereitung auf Aufnahmepr\u00fcfungen mit Andr\u00e9 Nendza +++","author":"Redaktion JazzZeitung","date":"7. Juni 2023","format":false,"excerpt":"+++ Jutta Hipp Preis f\u00fcr Olga Reznichenko und Matti Oehl +++ Hipp hipp, hurra: Am 15. Juni 2023 wird der erste Jutta Hipp Preis an Olga Reznichenko und Matti Oehl vergeben. Der Jazzverband Sachsen e.\u00a0V. zeichnet damit etablierte Jazzmusiker*innen aus, die im Leben und Wirken mit dem Freistaat verbunden sind.\u2026","rel":"","context":"In &quot;News&quot;","block_context":{"text":"News","link":"https:\/\/www.jazzzeitung.de\/cms\/thema\/nachrichten\/"},"img":{"alt_text":"","src":"https:\/\/i0.wp.com\/www.jazzzeitung.de\/cms\/wp-content\/uploads\/2023\/01\/Ausschnitt-Hipp.png?fit=1058%2C790&ssl=1&resize=350%2C200","width":350,"height":200,"srcset":"https:\/\/i0.wp.com\/www.jazzzeitung.de\/cms\/wp-content\/uploads\/2023\/01\/Ausschnitt-Hipp.png?fit=1058%2C790&ssl=1&resize=350%2C200 1x, https:\/\/i0.wp.com\/www.jazzzeitung.de\/cms\/wp-content\/uploads\/2023\/01\/Ausschnitt-Hipp.png?fit=1058%2C790&ssl=1&resize=525%2C300 1.5x, https:\/\/i0.wp.com\/www.jazzzeitung.de\/cms\/wp-content\/uploads\/2023\/01\/Ausschnitt-Hipp.png?fit=1058%2C790&ssl=1&resize=700%2C400 2x, https:\/\/i0.wp.com\/www.jazzzeitung.de\/cms\/wp-content\/uploads\/2023\/01\/Ausschnitt-Hipp.png?fit=1058%2C790&ssl=1&resize=1050%2C600 3x"},"classes":[]},{"id":26435,"url":"https:\/\/www.jazzzeitung.de\/cms\/2021\/12\/klaus-graf-wird-neuer-kuenstlerischer-leiter-beim-ljjo-baden-wuerttemberg-25-jahre-jazz-fabrik-ruesselsheim-15-neuer-deutscher-jazzpreis-koeln-vergibt-foerderstipendien\/","url_meta":{"origin":22634,"position":2},"title":"+++ Klaus Graf wird neuer k\u00fcnstlerischer Leiter beim LJJO Baden-W\u00fcrttemberg+++ 25 Jahre Jazz-Fabrik R\u00fcsselsheim+++ 15. Neuer Deutscher Jazzpreis+++ K\u00f6ln vergibt F\u00f6rderstipendien +++","author":"Redaktion JazzZeitung","date":"21. Dezember 2021","format":false,"excerpt":"Klaus Graf wird neuer k\u00fcnstlerischer Leiter beim Landesjugendjazzorchester Baden-W\u00fcrttemberg Der Arbeitskreis des LMR-Pr\u00e4sidiums entschied sich f\u00fcr den Dirigenten Klaus Graf als neuen k\u00fcnstlerischen Leiter des Landesjugendjazzorchesters Baden-W\u00fcrttemberg. Als ehemaliges Mitglied des LaJazzO und Mitglied der SWR-Bigband, sowie als Co-Dirigent des bisherigen Leiters Rainer Tempel qualifizierte sich Klaus Graf f\u00fcr diesen\u2026","rel":"","context":"In &quot;News&quot;","block_context":{"text":"News","link":"https:\/\/www.jazzzeitung.de\/cms\/thema\/nachrichten\/"},"img":{"alt_text":"","src":"https:\/\/i0.wp.com\/www.jazzzeitung.de\/cms\/wp-content\/uploads\/2021\/12\/Prof.KlausGraf-scaled-e1639994178473.jpg?fit=1200%2C1050&ssl=1&resize=350%2C200","width":350,"height":200,"srcset":"https:\/\/i0.wp.com\/www.jazzzeitung.de\/cms\/wp-content\/uploads\/2021\/12\/Prof.KlausGraf-scaled-e1639994178473.jpg?fit=1200%2C1050&ssl=1&resize=350%2C200 1x, https:\/\/i0.wp.com\/www.jazzzeitung.de\/cms\/wp-content\/uploads\/2021\/12\/Prof.KlausGraf-scaled-e1639994178473.jpg?fit=1200%2C1050&ssl=1&resize=525%2C300 1.5x, https:\/\/i0.wp.com\/www.jazzzeitung.de\/cms\/wp-content\/uploads\/2021\/12\/Prof.KlausGraf-scaled-e1639994178473.jpg?fit=1200%2C1050&ssl=1&resize=700%2C400 2x, https:\/\/i0.wp.com\/www.jazzzeitung.de\/cms\/wp-content\/uploads\/2021\/12\/Prof.KlausGraf-scaled-e1639994178473.jpg?fit=1200%2C1050&ssl=1&resize=1050%2C600 3x"},"classes":[]},{"id":16508,"url":"https:\/\/www.jazzzeitung.de\/cms\/2018\/06\/news-women-im-jazz-beim-suedtiroler-jazzfestivalvorstudium-jazz-der-offenen-jazzhaus-schule-beginnt-im-septemberkartenverkauf-fuer-jazzfestival-frankfurt-hat-begonnen\/","url_meta":{"origin":22634,"position":3},"title":"+++NEWS+++&#8220;Women in Jazz&#8220; beim S\u00fcdtiroler Jazzfestival+++&#8220;Vorstudium Jazz&#8220; der Offenen Jazzhaus Schule beginnt im September+++Kartenverkauf f\u00fcr Jazzfestival Frankfurt hat begonnen+++","author":"Redaktion JazzZeitung","date":"27. Juni 2018","format":false,"excerpt":"+++\"Women in Jazz\" beim S\u00fcdtiroler Jazzfestival+++ Neben dem Schwerpunkt auf die nordischen L\u00e4nder unter dem Motto \u201eExploring the North\u201c lockt das S\u00fcdtirol Jazzfestival dieses Jahr Wert mit einer reichlich weiblichen Programmierung. Das mit Musikerinnen besetzte franz\u00f6sische Trio Ikui Doki verarbeitet den Impressionismus der Jahrhundertwende und betritt dabei ekstatische Klanglandschaften, die\u2026","rel":"","context":"In &quot;News&quot;","block_context":{"text":"News","link":"https:\/\/www.jazzzeitung.de\/cms\/thema\/nachrichten\/"},"img":{"alt_text":"","src":"https:\/\/i0.wp.com\/www.jazzzeitung.de\/cms\/wp-content\/uploads\/2018\/06\/siea_harry_klein-80.jpg?fit=1200%2C800&ssl=1&resize=350%2C200","width":350,"height":200,"srcset":"https:\/\/i0.wp.com\/www.jazzzeitung.de\/cms\/wp-content\/uploads\/2018\/06\/siea_harry_klein-80.jpg?fit=1200%2C800&ssl=1&resize=350%2C200 1x, https:\/\/i0.wp.com\/www.jazzzeitung.de\/cms\/wp-content\/uploads\/2018\/06\/siea_harry_klein-80.jpg?fit=1200%2C800&ssl=1&resize=525%2C300 1.5x, https:\/\/i0.wp.com\/www.jazzzeitung.de\/cms\/wp-content\/uploads\/2018\/06\/siea_harry_klein-80.jpg?fit=1200%2C800&ssl=1&resize=700%2C400 2x, https:\/\/i0.wp.com\/www.jazzzeitung.de\/cms\/wp-content\/uploads\/2018\/06\/siea_harry_klein-80.jpg?fit=1200%2C800&ssl=1&resize=1050%2C600 3x"},"classes":[]},{"id":4972,"url":"https:\/\/www.jazzzeitung.de\/cms\/2014\/11\/udj-jazzforum-2014-koeln-erfolgreich-zu-ende-gegangen\/","url_meta":{"origin":22634,"position":4},"title":"22. JazzForum der UDJ 2014 in K\u00f6ln erfolgreich zu Ende gegangen","author":"Redaktion JazzZeitung","date":"25. November 2014","format":false,"excerpt":"Mit einer \u201eWeltpremiere\u201c am Konzertabend endete das 22. JazzForum der Union Deutscher Jazzmusiker im Stadtgarten K\u00f6ln. Die Lokalmatadoren Sebastian Sternal (Klavier), Dieter Manderscheid (Bass), Dominik Mahnig (Schlagzeug) und Claudius Valk (Saxophon) waren das erste Mal als Quartett aufeinandergetroffen und vor einem euphorischen Publikum durch eine kontrastreiche und vielschichtige Klangwelt regelrecht\u2026","rel":"","context":"In &quot;News&quot;","block_context":{"text":"News","link":"https:\/\/www.jazzzeitung.de\/cms\/thema\/nachrichten\/"},"img":{"alt_text":"Von links nach rechts: Dieter Manderscheid (HfMT K\u00f6ln), Tina Heine (Festivaldirektorin Elbjazz), Julia Neupert (SWR, Moderation), Sebastian Studnitzky (Musiker, Veranstalter), Thomas Baerens (Ministerium f\u00fcr Kinder, Familie, Jugend, Kultur und Sport NRW), Thomas Gl\u00e4\u00dfer (Musiker, Musikkurator, Kulturmanager). Foto UdJ","src":"https:\/\/i0.wp.com\/www.jazzzeitung.de\/cms\/wp-content\/uploads\/2014\/11\/Jazzforum-150x150.jpg?resize=350%2C200","width":350,"height":200},"classes":[]},{"id":6360,"url":"https:\/\/www.jazzzeitung.de\/cms\/2015\/06\/news-gitarrist-al-di-meola-ottobrunn-25-jaehriges-jubilaeum-worms-jazz-joy-klaeng-workshop-koeln\/","url_meta":{"origin":22634,"position":5},"title":"News: 25-j\u00e4hriges Jubil\u00e4um &#8222;Worms: Jazz &#038; Joy&#8220; +++ Gitarrist Al Di Meola in Ottobrunn +++ KLAENG-Workshop in K\u00f6ln +++","author":"Redaktion JazzZeitung","date":"10. Juni 2015","format":false,"excerpt":"+++ 25-j\u00e4hriges Jubil\u00e4um des Musikfestivals \u201eWorms: Jazz & Joy\u201c +++ Vom 19. bis 21. Juni wird das Musikfestival \u201eWorms: Jazz & Joy\u201c dieses Jahr bereits zum 25. Mal ein gro\u00dfes Publikum begeistern. An f\u00fcnf verschiedenen Pl\u00e4tzen rund um den historischen Wormser Kaiserdom k\u00f6nnen Musikfans unter freiem Himmel nationalen und internationalen\u2026","rel":"","context":"In &quot;News&quot;","block_context":{"text":"News","link":"https:\/\/www.jazzzeitung.de\/cms\/thema\/nachrichten\/"},"img":{"alt_text":"Dieses Jahr dabei: Bob Geldof. Foto: Agentur","src":"https:\/\/i0.wp.com\/www.jazzzeitung.de\/cms\/wp-content\/uploads\/2015\/06\/Bob-Geldof-2012-150x150.jpg?resize=350%2C200","width":350,"height":200},"classes":[]}],"jetpack_sharing_enabled":true,"_links":{"self":[{"href":"https:\/\/www.jazzzeitung.de\/cms\/wp-json\/wp\/v2\/posts\/22634","targetHints":{"allow":["GET"]}}],"collection":[{"href":"https:\/\/www.jazzzeitung.de\/cms\/wp-json\/wp\/v2\/posts"}],"about":[{"href":"https:\/\/www.jazzzeitung.de\/cms\/wp-json\/wp\/v2\/types\/post"}],"author":[{"embeddable":true,"href":"https:\/\/www.jazzzeitung.de\/cms\/wp-json\/wp\/v2\/users\/18"}],"replies":[{"embeddable":true,"href":"https:\/\/www.jazzzeitung.de\/cms\/wp-json\/wp\/v2\/comments?post=22634"}],"version-history":[{"count":3,"href":"https:\/\/www.jazzzeitung.de\/cms\/wp-json\/wp\/v2\/posts\/22634\/revisions"}],"predecessor-version":[{"id":22647,"href":"https:\/\/www.jazzzeitung.de\/cms\/wp-json\/wp\/v2\/posts\/22634\/revisions\/22647"}],"wp:featuredmedia":[{"embeddable":true,"href":"https:\/\/www.jazzzeitung.de\/cms\/wp-json\/wp\/v2\/media\/22639"}],"wp:attachment":[{"href":"https:\/\/www.jazzzeitung.de\/cms\/wp-json\/wp\/v2\/media?parent=22634"}],"wp:term":[{"taxonomy":"category","embeddable":true,"href":"https:\/\/www.jazzzeitung.de\/cms\/wp-json\/wp\/v2\/categories?post=22634"},{"taxonomy":"post_tag","embeddable":true,"href":"https:\/\/www.jazzzeitung.de\/cms\/wp-json\/wp\/v2\/tags?post=22634"},{"taxonomy":"author","embeddable":true,"href":"https:\/\/www.jazzzeitung.de\/cms\/wp-json\/wp\/v2\/coauthors?post=22634"}],"curies":[{"name":"wp","href":"https:\/\/api.w.org\/{rel}","templated":true}]}}