{"id":22532,"date":"2020-05-16T12:00:55","date_gmt":"2020-05-16T10:00:55","guid":{"rendered":"https:\/\/www.jazzzeitung.de\/cms\/?p=22532"},"modified":"2020-05-15T12:35:17","modified_gmt":"2020-05-15T10:35:17","slug":"die-jazz-radiowoche-vom-18-05-20-bis-24-05-20","status":"publish","type":"post","link":"https:\/\/www.jazzzeitung.de\/cms\/2020\/05\/die-jazz-radiowoche-vom-18-05-20-bis-24-05-20\/","title":{"rendered":"Die Jazz-Radiowoche vom 18.05.20 bis 24.05.20"},"content":{"rendered":"<p>Ein kleiner Blick in die Jazzwoche 21 im Radio. Die \u00dcbersicht zum <a href=\"https:\/\/service.conbrio.de\/service\/download\/278\/\">Download als PDF<\/a>. Alle Angaben ohne Gew\u00e4hr.<\/p>\n<hr \/>\n<h2>Jazz im Radio (Fernsehen)<\/h2>\n<ul>\n<li><strong>SR2<\/strong> \u2013 <a href=\"http:\/\/www.sr.de\/sr\/sr2\/sendungen_a-z\/uebersicht\/jazznow\/index.html\">JazzNow<\/a> \u2013 Sonntags von 20.04 bis 22.30 Uhr<\/li>\n<li><strong>BR-KLASSIK \u2013 <\/strong><a href=\"https:\/\/www.br-klassik.de\/themen\/jazz-und-weltmusik\/jazztime-die-ganze-welt-des-jazz-100.html\">Jazztime<\/a><strong> \u2013 <\/strong>Von Montag bis Freitag t\u00e4glich um 23.05 Uhr<\/li>\n<li><strong>rbb-kultur<\/strong> \u2013 <a href=\"https:\/\/www.kulturradio.de\/programm\/schema\/sendungen\/late_night_jazz.html\">Late Night Jazz<\/a> \u2013 Sa und So 23:04 \u2013 24:00 Uhr<\/li>\n<li><strong>hr2-kultur<\/strong> \u2013 <a href=\"http:\/\/www.hr2.de\/musik\/jazz\/index.html\">Jazz in hr2-kultur<\/a> \u2013 t\u00e4glich<\/li>\n<li><strong>SWR2<\/strong> \u2013 <a href=\"https:\/\/www.swr.de\/swr2\/programm\/sendungen\/jazz\/startseite-mit-vorschau\/-\/id=659242\/did=13778140\/nid=659242\/13ttn4d\/index.html\">Jazz<\/a> \u2013 t\u00e4glich<\/li>\n<li><strong>Deutschlandfunk<\/strong> \u2013 <a href=\"http:\/\/www.deutschlandfunk.de\/jazz.747.de.html\">Jazz (\u00dcberblick)<\/a> \u2013 <a href=\"http:\/\/www.deutschlandfunk.de\/jazz-live.822.de.html\">Jazz Live<\/a>, <a href=\"http:\/\/www.deutschlandfunk.de\/jazzfacts.824.de.html\">JazzFacts<\/a> und <a href=\"http:\/\/www.deutschlandfunk.de\/milestones.1805.de.html\">Milestones<\/a><\/li>\n<li><strong>Deutschlandfunk Kultur<\/strong> \u2013 <a href=\"http:\/\/www.deutschlandfunkkultur.de\/jazz.1142.de.html\">Jazz<\/a> \u2013 diverse Sendetermine<\/li>\n<li><strong>\u00d61 <\/strong>\u2013 <a href=\"https:\/\/oe1.orf.at\/programm\/\">diverse Sendetermine<\/a><\/li>\n<li><strong>ARTE TV<\/strong> \u2013 <a href=\"https:\/\/www.arte.tv\/de\/videos\/arte-concert\/jazz\/?xtor=AD-6-%5bMV_CFR_ARTE_DE_Google_GEN_GDN%5d-%5bGDN_GEN_Arte_Concerts_Jazz%5d-C-%5bjazz%20musik%5d\">Jazz<\/a><\/li>\n<\/ul>\n<p><strong>Periodika: Dauersendungen ohne gen\u00fcgend Infos \u2013 Tagesbegleitradio<\/strong><\/p>\n<ul>\n<li><strong>NDR Info <\/strong>\u2013 <strong>Play Jazz! Das Jazzmagazin<\/strong> 22:20 bis 23:00<\/li>\n<li><strong>MDR Kultur \u2013 Jazz <\/strong>19:05 bis 20:00<\/li>\n<li><strong>MDR Kultur \u2013<\/strong><strong>Jazz Lounge<\/strong> 19:35 bis 20:00<\/li>\n<li><strong>WDR3<\/strong> \u2013 Jazz &amp; World \u2013 Improvisiertes zum Tagesausklang \u2013 Montag bis Freitag, 22.04 \u2013 0:00 Uhr<\/li>\n<li><strong>WDR 3 Pers\u00f6nlich mit G\u00f6tz Alsmann<\/strong> 13:04 bis 15:00 (Samstags)<\/li>\n<\/ul>\n<p><strong>Podcast:<\/strong><\/p>\n<p>[podcastplayer feed_url=&#8217;https:\/\/audiothek.ardmediathek.de\/programsets\/74028654\/synd_rss?offset=0&amp;limit=12&#8242;]<br \/>\n<audio class=\"wp-audio-shortcode\" id=\"audio-22532-1\" preload=\"none\" style=\"width: 100%;\" controls=\"controls\"><source type=\"audio\/mpeg\" src=\"https:\/\/wdrmedien-a.akamaihd.net\/medp\/podcast\/weltweit\/fsk0\/214\/2140806\/wdr3giantstepsinjazz_2020-04-03_trailergiantstepsinjazz_wdr3.mp3?_=1\" \/><a href=\"https:\/\/wdrmedien-a.akamaihd.net\/medp\/podcast\/weltweit\/fsk0\/214\/2140806\/wdr3giantstepsinjazz_2020-04-03_trailergiantstepsinjazz_wdr3.mp3\">https:\/\/wdrmedien-a.akamaihd.net\/medp\/podcast\/weltweit\/fsk0\/214\/2140806\/wdr3giantstepsinjazz_2020-04-03_trailergiantstepsinjazz_wdr3.mp3<\/a><\/audio><\/p>\n<hr \/>\n<h2>18.05.<\/h2>\n<hr \/>\n<p>17:50 bis 18:00 | SWR 2<br \/>\n<strong>SWR2 Jazz vor Sechs<\/strong><\/p>\n<p>19:04 bis 20:00 | hr2-kultur<br \/>\n<strong>H\u00f6rbar<\/strong><\/p>\n<p>22:04 bis 00:00 | WDR 3<br \/>\n<strong>WDR 3 Jazz &amp; World<\/strong><\/p>\n<p>22:05 bis 23:00 | NDR Info<br \/>\n<strong>Play Jazz! Das Jazzmagazin \u2013 Mit Michael Laages<\/strong><\/p>\n<p>22:30 bis 23:00 | hr2-kultur<br \/>\n<strong>Jazz Now: Aus dem Dschungel der Neuver\u00f6ffentlichungen | Am Mikrofon: Guenter Hottmann<\/strong><\/p>\n<p>23:05 bis 00:00 | BR-KLASSIK<br \/>\n<strong>Jazztime: Jazztoday<\/strong><\/p>\n<p style=\"padding-left: 40px;\">Neues von deutschen Saxophonisten: Aktuelle CDs des Weilheimer Tenorsaxophonisten Johannes Enders und von zwei Stuttgartern: dem Tenorsaxophonisten Christoph Beck sowie vom Altsaxophonisten und Jung-Star Jakob Manz. Moderation und Auswahl: Henning Sieverts<\/p>\n<hr \/>\n<h2>19.05.<\/h2>\n<hr \/>\n<p>01:05 bis 05:00 | Deutschlandfunk Kultur<br \/>\n<strong>Tonart: Jazz \u2013 Moderation: Lothar J\u00e4nichen<\/strong><\/p>\n<p>17:50 bis 18:00 | SWR 2<br \/>\n<strong>SWR2 Jazz vor Sechs<\/strong><\/p>\n<p>21:03 bis 22:00 | SWR 2<\/p>\n<p><strong>SWR2 Jazz Session: Homezone \u2013 Jazz in S\u00fcdwest \u2013 Die Saxofonistin Alexandra Lehmler<\/strong><\/p>\n<p style=\"padding-left: 40px;\">Von Julia Neupert.\u00a0 Die monatliche Sendereihe \u201eHomezone\u201c f\u00fchrt regelm\u00e4\u00dfig an die vielen verschiedenen Orte, an denen der Jazz im S\u00fcdwesten zu Hause ist. Neben Konzertaufnahmen aus unserem Archiv und aktuellen Studioproduktionen gibt es immer auch einen thematischen Schwerpunkt. In dieser \u201eHomezone\u201c-Ausgabe\u201c geht es um die Saxofonistin Alexandra Lehmler.<\/p>\n<p style=\"padding-left: 40px;\">21:05 bis 22:00 | Deutschlandfunk<br \/>\n<strong>Jazz Live: \u00c9mile Parisien Quartet \u2013 \u201eDouble Screening\u201c<\/strong><\/p>\n<p>Aufnahme vom 1.3.2020 aus dem Grillo Theater in Essen. Am Mikrofon: Odilo Clausnitzer. \u00c9mile Parisiens Hauptinstrument ist das Sopransaxofon. Schon das zeichnet ihn aus. Und er klingt darauf auch noch wie kein anderer. Der Pariser gilt als Ausnahmeerscheinung auf der ohnehin reich mit Talent gesegneten franz\u00f6sischen Jazzszene. Mit seinem seit 15 Jahren bestehenden Quartett macht er vor, wie es m\u00f6glich ist, mit flie\u00dfender Leichtigkeit \u00fcber h\u00f6chst vertrackte Formabl\u00e4ufe zu improvisieren. Die Kompositionen seines j\u00fcngsten Programmes \u201eDouble Screening\u201c reflektieren programmatisch die Herausforderungen des Computerzeitalters: Multitasking, rasend schnelle Ebenenwechsel, digitale Abstraktion finden darin klanglichen Ausdruck. Das allerdings mit rein analogen Mitteln \u2013 und voll mitrei\u00dfender Energie.<\/p>\n<p>22:00 bis 00:00 | Bremen Zwei<br \/>\n<strong>Jazz Grooves<\/strong><\/p>\n<p>22:04 bis 00:00 | WDR 3<br \/>\n<strong>WDR 3 Jazz &amp; World<\/strong><\/p>\n<p>22:05 bis 23:00 | NDR Info<br \/>\n<strong>Play Jazz! Das Jazzmagazin \u2013 Mit Michael Laages<\/strong><\/p>\n<p>22:30 bis 23:00 | hr2-kultur<br \/>\n<strong>Jazzgroove: An den R\u00e4ndern des Jazz | Am Mikrofon: Guenter Hottmann<\/strong><\/p>\n<p>23:05 bis 00:00 | BR-KLASSIK<br \/>\n<strong>Jazztime: News &amp; Roots \u2013 Zum 55. Geburtstag von David Gazarov<\/strong><\/p>\n<p style=\"padding-left: 40px;\">Henning Sieverts pr\u00e4sentiert den deutsch-armenischen Klaviervirtuosen, der lange Jahre in M\u00fcnchen gelebt hat, in hochgradig swingenden Aufnahmen mit Jimmy Woode, Keith Copeland, den \u201eKlazz Brothers\u201c und anderen<\/p>\n<hr \/>\n<h2>20.05.<\/h2>\n<hr \/>\n<p>17:50 bis 18:00 | SWR 2<br \/>\n<strong>SWR2 Jazz vor Sechs<\/strong><\/p>\n<p>19:05 bis 19:30 | BR-KLASSIK<br \/>\n<strong>Classic Sounds in Jazz \u2013 \u201eShort Stories for Vibraphone\u201c<\/strong><\/p>\n<p style=\"padding-left: 40px;\">Mit Aufnahmen von Lionel Hampton, Milt Jackson, Wolfgang Lackerschmid und anderen. Moderation und Auswahl: Beatrix Gillmann<\/p>\n<p>22:04 bis 00:00 | WDR 3<br \/>\n<strong>WDR 3 Jazz &amp; World<\/strong><\/p>\n<p>22:05 bis 23:00 | NDR Info<br \/>\n<strong>Play Jazz! Das Jazzmagazin \u2013 Mit Michael Laages<\/strong><\/p>\n<p>22:30 bis 23:00 | hr2-kultur<br \/>\n<strong>Jazzfacts What\u2019s going on? \u2013 Features, Interviews und was die Szene (um-)treibt |<\/strong><\/p>\n<p>23:05 bis 00:00 | BR-KLASSIK<br \/>\n<strong>Jazztime: Jazz aus N\u00fcrnberg: Mostly Vocal \u2013 \u201eStorytellers\u201c<\/strong><\/p>\n<p style=\"padding-left: 40px;\">Aufnahmen mit Bossarenova, Jay Clayton &amp; Jerry Granelli, Rickie Lee Jones, Dino Saluzzi und Luciana Souza. Moderation und Auswahl: Beate Sampson<\/p>\n<hr \/>\n<h2>21.05.<\/h2>\n<hr \/>\n<p>17:50 bis 18:00 | SWR 2<br \/>\n<strong>SWR2 Jazz vor Sechs<\/strong><\/p>\n<p>19:04 bis 20:00 | hr2-kultur<br \/>\n<strong>Jazz am Feiertag<\/strong><\/p>\n<p>19:27 bis 20:00 | SWR 2<br \/>\n<strong>Pr\u00e4zision und Spielfreude \u2013 Die Schlagzeugerin Allison Miller und ihr Projekt Boom Tic Boom<\/strong><\/p>\n<p style=\"padding-left: 40px;\">Von Thomas Loewner. Allison Miller hatte schon immer ein Faible f\u00fcr den Jazz \u2013 aber genauso auch f\u00fcr Folk und Rock. All diese Interessen verbindet sie seit mittlerweile 10 Jahren in der Musik ihres Bandprojekts Boom Tic Boom. Die Kompositionen, die sie f\u00fcr dieses Sextett schreibt, sind ein bunter Mix verschiedener Genres. Doch egal, in welche stilistische Richtung das Pendel gerade ausschl\u00e4gt, f\u00fcr Zusammenhalt sorgt stets das Schlagzeugspiel Millers. Mit ihrem sicheren Gesp\u00fcr f\u00fcr Grooves und Melodien treibt sie ihre Mitspieler*innen an, ohne dabei jemals den Gruppensound aus dem Blick zu verlieren.<\/p>\n<p>20:15 bis 21:00 | NDR Info<br \/>\n<strong>Jazz Konzert: Jazz p\u00e5 svenska \u2013 Mit Georg Riedel, Jan Lundgren, Nils Landgren und Magnus Lindgren<\/strong><\/p>\n<p style=\"padding-left: 40px;\">NDR-Aufnahme aus dem Rolf-Liebermann-Studio vom November 2007. Am Mikrofon: Heti Brunzel<\/p>\n<p>21:05 bis 22:00 | Deutschlandfunk<br \/>\n<strong>JazzFacts<\/strong><\/p>\n<p>22:04 bis 00:00 | WDR 3<br \/>\n<strong>WDR 3 Jazz &amp; World<\/strong><\/p>\n<p>22:05 bis 23:00 | NDR Info<br \/>\n<strong>Play Jazz! Das Jazzmagazin \u2013 Mit Michael Laages<\/strong><\/p>\n<p>23:03 bis 00:00 | SWR 2<br \/>\n<strong>SWR2 NOWJazz: Ein Meister im Schatten des Meisters \u2013 Erinnerungen an den Keyboarder Lyle Mays<\/strong><\/p>\n<p style=\"padding-left: 40px;\">Von Michael R\u00fcsenberg. Der Tod von Lyle Mays am 10. Februar hatte ein immenses Echo. Offenkundig ist die Erinnerung an sein nuanciertes Keyboardspiel in 30 Jahren an der Seite von Pat Metheny nicht untergegangen. \u201eVon den ersten Noten an hatten wir eine unmittelbare Bindung. Seine gro\u00dfe Intelligenz und musikalische Weisheit pr\u00e4gten jeden Aspekt dessen, wer er war. Ich werde ihn von ganzem Herzen vermissen.\u201c sagte Metheny. SWR2 NOWJazz erinnert auch an den virtuosen Pianisten Lyle Mays, der er abseits der Metheny-Projekte war.<\/p>\n<p>23:05 bis 00:00 | BR-KLASSIK<br \/>\n<strong>Jazztime: All that Jazz \u2013 Eine Chronik des Jazz (10)<\/strong><\/p>\n<p style=\"padding-left: 40px;\">Von kl\u00e4ffenden, bellenden und gelben Hunden \u2013 Musik von September 1919 bis Januar 1920. Moderation und Auswahl: Marcus A. Woelfle<\/p>\n<hr \/>\n<h2>22.05.<\/h2>\n<hr \/>\n<p>17:50 bis 18:00 | SWR 2<br \/>\n<strong>SWR2 Jazz vor Sechs<\/strong><\/p>\n<p>22:04 bis 00:00 | WDR 3<br \/>\n<strong>WDR 3 Jazz &amp; World<\/strong><\/p>\n<p>22:05 bis 23:00 | NDR Info<br \/>\n<strong>\u201eDe mi vida y de mi tierra\u201c \u2013 Dem argentinischen Musiker Dino Saluzzi zum 85. Geburtstag<\/strong><\/p>\n<p>Am Mikrofon: Karl Lippegaus<\/p>\n<p>22:30 bis 23:00 | hr2-kultur<br \/>\n<strong>Jazz Classics: Aufnahmen, die die Welt beweg(t)en<\/strong><\/p>\n<p>23:03 bis 00:00 | SWR 2<br \/>\n<strong>SWR2 NOWJazz Session: Escape The Nostalgic Prisons \u2013 Anthony Braxton\u2019s ZIM Music beim Jazzfest Berlin 2019<\/strong><\/p>\n<p style=\"padding-left: 40px;\">Von Nina Polaschegg. 2019 stand das Jazzfest Berlin ganz im Zeichen des Chicagoer Musikers Anthony Braxton. ZIM-Music nennt Braxton sein neuestes Kompositionsprinzip, das er mit einem hochkar\u00e4tig besetzten Septett in Berlin pr\u00e4sentierte. Es dockt an und ist verschmolzen mit seinen zahlreichen Konzepten, die er im Laufe der Jahrzehnte entwickelt hat. Ideen, Spielkonzepte, Anleitungen, die einerseits klare Richtlinien oder Schwerpunkte vorgeben, andererseits den Musikerinnen und Musikern innerhalb dieser Rahmen viel Gestaltungsfreiraum lassen und auch von ihnen einfordern.<\/p>\n<p>23:05 bis 00:00 | BR-KLASSIK<br \/>\n<strong>Jazztime: Das Jazzkonzert \u2013 Achtzehn Musiker auf Entdeckungsreise<\/strong><\/p>\n<p style=\"padding-left: 40px;\">Christian Muthspiel und das Orjazztra Vienna bei ihrer Welt-Premiere. Aufnahme vom August 2019 beim Internationalen Jazzfestival von Saalfelden. Moderation und Auswahl: Roland Spiegel<\/p>\n<hr \/>\n<h2>23.05.<\/h2>\n<hr \/>\n<p>13:04 bis 15:00 | WDR 3<br \/>\n<strong>WDR 3 Pers\u00f6nlich mit G\u00f6tz Alsmann<\/strong><\/p>\n<p>17:05 bis 17:55 | Bayern 2<br \/>\n<strong>Jazz &amp; Politik: Politisches Feuilleton<\/strong><\/p>\n<p style=\"padding-left: 40px;\">Moderation: Lukas Hammerstein. Musikauswahl: Roland Spiegel<\/p>\n<p>17:50 bis 18:00 | SWR 2<br \/>\n<strong>SWR2 Jazz vor Sechs<\/strong><\/p>\n<p>18:05 bis 19:00 | BR-KLASSIK<br \/>\n<strong>Jazz und mehr: Helge und Ludwig<\/strong><\/p>\n<p style=\"padding-left: 40px;\">Musik-Clown Helge Schneider mit sehr eigenen Einsch\u00e4tzungen zu Beethoven als Musiker und Mensch mit Kl\u00e4ngen von Chuck Berry, Avishai Cohen und nat\u00fcrlich Ludwig van Beethoven und Helge Schneider. Moderation und Auswahl: Ulrich Habersetzer<\/p>\n<p>19:04 bis 20:00 | hr2-kultur<br \/>\n<strong>Live Jazz: Noah Preminger Quartet w\/ Jason Palmer | Jazzfestival Leipnitz 2019<\/strong><\/p>\n<p style=\"padding-left: 40px;\">Noah Preminger Quartet || Noah Preminger, ts | Jason Palmer, tp | Kim Cass, b | Dan Weiss, dr | Jazzfestival Leipnitz 2019, Jazz &amp; Wein, Leipnitz \/ Austria, Kulturzentrum, September 2019. Am Mikrofon: Claus Gnichwitz<\/p>\n<p>20:15 bis 21:00 | NDR Info<br \/>\n<strong>Jazz Klassiker: \u201eHere \u2018tis\u201c \u2013 Der Pianist Ramsey Lewis \u2013 Am Mikrofon: Marianne Therstappen<\/strong><\/p>\n<p>22:03 bis 23:00 | SWR 2<br \/>\n<strong>SWR2 Jazztime: Meister der Hammond-Orgel \u2013 H\u00f6hepunkte im Schaffen von Jimmy Smith<\/strong><\/p>\n<p style=\"padding-left: 40px;\">Von Hans-J\u00fcrgen Schaal. Die 1934 erfundene Hammondorgel schien ein schwerf\u00e4lliges Instrument f\u00fcr langweilige Hausmusik zu sein \u2013 bis Jimmy Smith kam. Dieser geniale Hitzkopf hatte die billigen, verstimmten Klaviere der Clubs endg\u00fcltig satt. In seiner Not st\u00fcrzte er sich auf die elektrische Orgel und entwickelte sein ganz pers\u00f6nliches Modern-Jazz-Konzept: fauchende Bebop-Phrasen, nie geh\u00f6rte Registrierungen, swingend dahinrollende Basslinien. Ein aggressiver, perkussiver Sound-Hurrikan mit enormen Folgen f\u00fcr Hardbop und Soul Jazz. Miles Davis nannte Jimmy Smith \u201edas achte Weltwunder\u201c.<\/p>\n<p>22:05 bis 23:00 | NDR Info<br \/>\n<strong>Jazz Konzert: Brad Mehldau mit der NDR Radiophilharmonie<\/strong><\/p>\n<p style=\"padding-left: 40px;\">NDR-Aufnahme aus Kuppelsaal in Hannover vom Januar 2020. Am Mikrofon: Felix Tenbaum<\/p>\n<hr \/>\n<h2>24.05.<\/h2>\n<hr \/>\n<p>00:05 bis 02:00 | Bayern 2<br \/>\n<strong>radioJazznacht<\/strong><\/p>\n<p>19:04 bis 20:00 | hr2-kultur<br \/>\n<strong>hr-Bigband: Konzerte und Produktionen u.a. mit: Gary Burton &amp; hr-Bigband, cond. <\/strong><strong>&amp; arr. by Jim McNeely<\/strong><\/p>\n<p style=\"padding-left: 40px;\">Konzerte und Produktionen u.a. mit: \u201eThe Mallet-Man\u2019s Hammering\u201c: Gary Burton &amp; hr-Bigband, cond. &amp; arr. by Jim McNeely, Orangerie Darmstadt, Mai 2013, Teil 1. Am Mikrofon: Matthias Spindler<\/p>\n<p>20:04 bis 21:30 | SR2 KulturRadio<br \/>\n<strong>JazzNow: Fokus \u201eJazz aus dem Saarland\u201c<\/strong><\/p>\n<p>Christian Papst Trio. Kurhaus Harschberg, St. Wendel. Aufnahme vom 20. Januar 2018 (Wdh)<\/p>\n<p>22:05 bis 23:00 | NDR Info<br \/>\n<strong>Jazz NDR Bigband: Dino Saluzzi \/ Charlie Mariano \/ Wolfgang Dauner<\/strong><\/p>\n<p style=\"padding-left: 40px;\">NDR-Aufnahme aus der Fabrik, Hamburg vom November 1993.\u00a0 Am Mikrofon: Henry Altmann<\/p>\n<p>&nbsp;<\/p>\n","protected":false},"excerpt":{"rendered":"<p>Ein kleiner Blick in die Jazzwoche 21 im Radio. Alle Angaben ohne Gew\u00e4hr. Meister der Hammond-Orgel \u2013 H\u00f6hepunkte im Schaffen von Jimmy Smith |  Ein Meister im Schatten des Meisters \u2013 Erinnerungen an den Keyboarder Lyle Mays.<\/p>\n","protected":false},"author":1,"featured_media":18913,"comment_status":"open","ping_status":"closed","sticky":false,"template":"","format":"standard","meta":{"_jetpack_memberships_contains_paid_content":false,"footnotes":"","jetpack_publicize_message":"","jetpack_publicize_feature_enabled":true,"jetpack_social_post_already_shared":false,"jetpack_social_options":{"image_generator_settings":{"template":"highway","default_image_id":0,"font":"","enabled":false},"version":2}},"categories":[633,452],"tags":[1629],"coauthors":[650],"class_list":["post-22532","post","type-post","status-publish","format-standard","has-post-thumbnail","hentry","category-nachrichten","category-radio","tag-jazz-im-radio"],"yoast_head":"<!-- This site is optimized with the Yoast SEO plugin v27.5 - https:\/\/yoast.com\/product\/yoast-seo-wordpress\/ -->\n<title>Die Jazz-Radiowoche vom 18.05.20 bis 24.05.20 - JazzZeitung<\/title>\n<meta name=\"robots\" content=\"index, follow, max-snippet:-1, max-image-preview:large, max-video-preview:-1\" \/>\n<link rel=\"canonical\" href=\"https:\/\/www.jazzzeitung.de\/cms\/2020\/05\/die-jazz-radiowoche-vom-18-05-20-bis-24-05-20\/\" \/>\n<meta property=\"og:locale\" content=\"de_DE\" \/>\n<meta property=\"og:type\" content=\"article\" \/>\n<meta property=\"og:title\" content=\"Die Jazz-Radiowoche vom 18.05.20 bis 24.05.20 - JazzZeitung\" \/>\n<meta property=\"og:description\" content=\"Ein kleiner Blick in die Jazzwoche 21 im Radio. Alle Angaben ohne Gew\u00e4hr. Meister der Hammond-Orgel \u2013 H\u00f6hepunkte im Schaffen von Jimmy Smith | Ein Meister im Schatten des Meisters \u2013 Erinnerungen an den Keyboarder Lyle Mays.\" \/>\n<meta property=\"og:url\" content=\"https:\/\/www.jazzzeitung.de\/cms\/2020\/05\/die-jazz-radiowoche-vom-18-05-20-bis-24-05-20\/\" \/>\n<meta property=\"og:site_name\" content=\"JazzZeitung\" \/>\n<meta property=\"article:publisher\" content=\"https:\/\/www.facebook.com\/JazzZeitung\/\" \/>\n<meta property=\"article:author\" content=\"https:\/\/www.facebook.com\/hufner\" \/>\n<meta property=\"article:published_time\" content=\"2020-05-16T10:00:55+00:00\" \/>\n<meta property=\"og:image\" content=\"https:\/\/i0.wp.com\/www.jazzzeitung.de\/cms\/wp-content\/uploads\/2019\/03\/jazz_im_radio.jpg?fit=2200%2C1417&ssl=1\" \/>\n\t<meta property=\"og:image:width\" content=\"2200\" \/>\n\t<meta property=\"og:image:height\" content=\"1417\" \/>\n\t<meta property=\"og:image:type\" content=\"image\/jpeg\" \/>\n<meta name=\"author\" content=\"Martin Hufner\" \/>\n<script type=\"application\/ld+json\" class=\"yoast-schema-graph\">{\"@context\":\"https:\\\/\\\/schema.org\",\"@graph\":[{\"@type\":\"Article\",\"@id\":\"https:\\\/\\\/www.jazzzeitung.de\\\/cms\\\/2020\\\/05\\\/die-jazz-radiowoche-vom-18-05-20-bis-24-05-20\\\/#article\",\"isPartOf\":{\"@id\":\"https:\\\/\\\/www.jazzzeitung.de\\\/cms\\\/2020\\\/05\\\/die-jazz-radiowoche-vom-18-05-20-bis-24-05-20\\\/\"},\"author\":{\"name\":\"Martin Hufner\",\"@id\":\"https:\\\/\\\/www.jazzzeitung.de\\\/cms\\\/#\\\/schema\\\/person\\\/b9a4e5ac765d94fb8f617bfa8f1fc5f7\"},\"headline\":\"Die Jazz-Radiowoche vom 18.05.20 bis 24.05.20\",\"datePublished\":\"2020-05-16T10:00:55+00:00\",\"mainEntityOfPage\":{\"@id\":\"https:\\\/\\\/www.jazzzeitung.de\\\/cms\\\/2020\\\/05\\\/die-jazz-radiowoche-vom-18-05-20-bis-24-05-20\\\/\"},\"wordCount\":1410,\"commentCount\":0,\"publisher\":{\"@id\":\"https:\\\/\\\/www.jazzzeitung.de\\\/cms\\\/#organization\"},\"image\":{\"@id\":\"https:\\\/\\\/www.jazzzeitung.de\\\/cms\\\/2020\\\/05\\\/die-jazz-radiowoche-vom-18-05-20-bis-24-05-20\\\/#primaryimage\"},\"thumbnailUrl\":\"https:\\\/\\\/i0.wp.com\\\/www.jazzzeitung.de\\\/cms\\\/wp-content\\\/uploads\\\/2019\\\/03\\\/jazz_im_radio.jpg?fit=2200%2C1417&ssl=1\",\"keywords\":[\"Jazz im Radio\"],\"articleSection\":[\"News\",\"Radio\"],\"inLanguage\":\"de\",\"potentialAction\":[{\"@type\":\"CommentAction\",\"name\":\"Comment\",\"target\":[\"https:\\\/\\\/www.jazzzeitung.de\\\/cms\\\/2020\\\/05\\\/die-jazz-radiowoche-vom-18-05-20-bis-24-05-20\\\/#respond\"]}]},{\"@type\":\"WebPage\",\"@id\":\"https:\\\/\\\/www.jazzzeitung.de\\\/cms\\\/2020\\\/05\\\/die-jazz-radiowoche-vom-18-05-20-bis-24-05-20\\\/\",\"url\":\"https:\\\/\\\/www.jazzzeitung.de\\\/cms\\\/2020\\\/05\\\/die-jazz-radiowoche-vom-18-05-20-bis-24-05-20\\\/\",\"name\":\"Die Jazz-Radiowoche vom 18.05.20 bis 24.05.20 - JazzZeitung\",\"isPartOf\":{\"@id\":\"https:\\\/\\\/www.jazzzeitung.de\\\/cms\\\/#website\"},\"primaryImageOfPage\":{\"@id\":\"https:\\\/\\\/www.jazzzeitung.de\\\/cms\\\/2020\\\/05\\\/die-jazz-radiowoche-vom-18-05-20-bis-24-05-20\\\/#primaryimage\"},\"image\":{\"@id\":\"https:\\\/\\\/www.jazzzeitung.de\\\/cms\\\/2020\\\/05\\\/die-jazz-radiowoche-vom-18-05-20-bis-24-05-20\\\/#primaryimage\"},\"thumbnailUrl\":\"https:\\\/\\\/i0.wp.com\\\/www.jazzzeitung.de\\\/cms\\\/wp-content\\\/uploads\\\/2019\\\/03\\\/jazz_im_radio.jpg?fit=2200%2C1417&ssl=1\",\"datePublished\":\"2020-05-16T10:00:55+00:00\",\"breadcrumb\":{\"@id\":\"https:\\\/\\\/www.jazzzeitung.de\\\/cms\\\/2020\\\/05\\\/die-jazz-radiowoche-vom-18-05-20-bis-24-05-20\\\/#breadcrumb\"},\"inLanguage\":\"de\",\"potentialAction\":[{\"@type\":\"ReadAction\",\"target\":[\"https:\\\/\\\/www.jazzzeitung.de\\\/cms\\\/2020\\\/05\\\/die-jazz-radiowoche-vom-18-05-20-bis-24-05-20\\\/\"]}]},{\"@type\":\"ImageObject\",\"inLanguage\":\"de\",\"@id\":\"https:\\\/\\\/www.jazzzeitung.de\\\/cms\\\/2020\\\/05\\\/die-jazz-radiowoche-vom-18-05-20-bis-24-05-20\\\/#primaryimage\",\"url\":\"https:\\\/\\\/i0.wp.com\\\/www.jazzzeitung.de\\\/cms\\\/wp-content\\\/uploads\\\/2019\\\/03\\\/jazz_im_radio.jpg?fit=2200%2C1417&ssl=1\",\"contentUrl\":\"https:\\\/\\\/i0.wp.com\\\/www.jazzzeitung.de\\\/cms\\\/wp-content\\\/uploads\\\/2019\\\/03\\\/jazz_im_radio.jpg?fit=2200%2C1417&ssl=1\",\"width\":2200,\"height\":1417,\"caption\":\"Jazz im Radio. Foto: Hufner\"},{\"@type\":\"BreadcrumbList\",\"@id\":\"https:\\\/\\\/www.jazzzeitung.de\\\/cms\\\/2020\\\/05\\\/die-jazz-radiowoche-vom-18-05-20-bis-24-05-20\\\/#breadcrumb\",\"itemListElement\":[{\"@type\":\"ListItem\",\"position\":1,\"name\":\"Startseite\",\"item\":\"https:\\\/\\\/www.jazzzeitung.de\\\/cms\\\/\"},{\"@type\":\"ListItem\",\"position\":2,\"name\":\"Die Jazz-Radiowoche vom 18.05.20 bis 24.05.20\"}]},{\"@type\":\"WebSite\",\"@id\":\"https:\\\/\\\/www.jazzzeitung.de\\\/cms\\\/#website\",\"url\":\"https:\\\/\\\/www.jazzzeitung.de\\\/cms\\\/\",\"name\":\"JazzZeitung\",\"description\":\"Jazz-News und Jazz-Kontroverses\",\"publisher\":{\"@id\":\"https:\\\/\\\/www.jazzzeitung.de\\\/cms\\\/#organization\"},\"potentialAction\":[{\"@type\":\"SearchAction\",\"target\":{\"@type\":\"EntryPoint\",\"urlTemplate\":\"https:\\\/\\\/www.jazzzeitung.de\\\/cms\\\/?s={search_term_string}\"},\"query-input\":{\"@type\":\"PropertyValueSpecification\",\"valueRequired\":true,\"valueName\":\"search_term_string\"}}],\"inLanguage\":\"de\"},{\"@type\":\"Organization\",\"@id\":\"https:\\\/\\\/www.jazzzeitung.de\\\/cms\\\/#organization\",\"name\":\"JazzZeitung online\",\"url\":\"https:\\\/\\\/www.jazzzeitung.de\\\/cms\\\/\",\"logo\":{\"@type\":\"ImageObject\",\"inLanguage\":\"de\",\"@id\":\"https:\\\/\\\/www.jazzzeitung.de\\\/cms\\\/#\\\/schema\\\/logo\\\/image\\\/\",\"url\":\"https:\\\/\\\/i0.wp.com\\\/www.jazzzeitung.de\\\/cms\\\/wp-content\\\/uploads\\\/2015\\\/08\\\/JAZZZEITUNGDE_Logo_Neu.png?fit=499%2C200&ssl=1\",\"contentUrl\":\"https:\\\/\\\/i0.wp.com\\\/www.jazzzeitung.de\\\/cms\\\/wp-content\\\/uploads\\\/2015\\\/08\\\/JAZZZEITUNGDE_Logo_Neu.png?fit=499%2C200&ssl=1\",\"width\":499,\"height\":200,\"caption\":\"JazzZeitung online\"},\"image\":{\"@id\":\"https:\\\/\\\/www.jazzzeitung.de\\\/cms\\\/#\\\/schema\\\/logo\\\/image\\\/\"},\"sameAs\":[\"https:\\\/\\\/www.facebook.com\\\/JazzZeitung\\\/\"]},{\"@type\":\"Person\",\"@id\":\"https:\\\/\\\/www.jazzzeitung.de\\\/cms\\\/#\\\/schema\\\/person\\\/b9a4e5ac765d94fb8f617bfa8f1fc5f7\",\"name\":\"Martin Hufner\",\"image\":{\"@type\":\"ImageObject\",\"inLanguage\":\"de\",\"@id\":\"https:\\\/\\\/i0.wp.com\\\/www.jazzzeitung.de\\\/cms\\\/wp-content\\\/uploads\\\/2013\\\/07\\\/huf-06.jpg?resize=96%2C96&ssl=15fcc31aa94540751a3b804516452be00\",\"url\":\"https:\\\/\\\/i0.wp.com\\\/www.jazzzeitung.de\\\/cms\\\/wp-content\\\/uploads\\\/2013\\\/07\\\/huf-06.jpg?resize=96%2C96&ssl=1\",\"contentUrl\":\"https:\\\/\\\/i0.wp.com\\\/www.jazzzeitung.de\\\/cms\\\/wp-content\\\/uploads\\\/2013\\\/07\\\/huf-06.jpg?resize=96%2C96&ssl=1\",\"caption\":\"Martin Hufner\"},\"description\":\"Martin Hufner ist freier Autor der JazzZeitung.\",\"sameAs\":[\"https:\\\/\\\/www.kritische-masse.de\\\/logbuch\",\"https:\\\/\\\/www.facebook.com\\\/hufner\"],\"url\":\"https:\\\/\\\/www.jazzzeitung.de\\\/cms\\\/author\\\/admin\\\/\"}]}<\/script>\n<!-- \/ Yoast SEO plugin. -->","yoast_head_json":{"title":"Die Jazz-Radiowoche vom 18.05.20 bis 24.05.20 - JazzZeitung","robots":{"index":"index","follow":"follow","max-snippet":"max-snippet:-1","max-image-preview":"max-image-preview:large","max-video-preview":"max-video-preview:-1"},"canonical":"https:\/\/www.jazzzeitung.de\/cms\/2020\/05\/die-jazz-radiowoche-vom-18-05-20-bis-24-05-20\/","og_locale":"de_DE","og_type":"article","og_title":"Die Jazz-Radiowoche vom 18.05.20 bis 24.05.20 - JazzZeitung","og_description":"Ein kleiner Blick in die Jazzwoche 21 im Radio. Alle Angaben ohne Gew\u00e4hr. Meister der Hammond-Orgel \u2013 H\u00f6hepunkte im Schaffen von Jimmy Smith | Ein Meister im Schatten des Meisters \u2013 Erinnerungen an den Keyboarder Lyle Mays.","og_url":"https:\/\/www.jazzzeitung.de\/cms\/2020\/05\/die-jazz-radiowoche-vom-18-05-20-bis-24-05-20\/","og_site_name":"JazzZeitung","article_publisher":"https:\/\/www.facebook.com\/JazzZeitung\/","article_author":"https:\/\/www.facebook.com\/hufner","article_published_time":"2020-05-16T10:00:55+00:00","og_image":[{"width":2200,"height":1417,"url":"https:\/\/i0.wp.com\/www.jazzzeitung.de\/cms\/wp-content\/uploads\/2019\/03\/jazz_im_radio.jpg?fit=2200%2C1417&ssl=1","type":"image\/jpeg"}],"author":"Martin Hufner","schema":{"@context":"https:\/\/schema.org","@graph":[{"@type":"Article","@id":"https:\/\/www.jazzzeitung.de\/cms\/2020\/05\/die-jazz-radiowoche-vom-18-05-20-bis-24-05-20\/#article","isPartOf":{"@id":"https:\/\/www.jazzzeitung.de\/cms\/2020\/05\/die-jazz-radiowoche-vom-18-05-20-bis-24-05-20\/"},"author":{"name":"Martin Hufner","@id":"https:\/\/www.jazzzeitung.de\/cms\/#\/schema\/person\/b9a4e5ac765d94fb8f617bfa8f1fc5f7"},"headline":"Die Jazz-Radiowoche vom 18.05.20 bis 24.05.20","datePublished":"2020-05-16T10:00:55+00:00","mainEntityOfPage":{"@id":"https:\/\/www.jazzzeitung.de\/cms\/2020\/05\/die-jazz-radiowoche-vom-18-05-20-bis-24-05-20\/"},"wordCount":1410,"commentCount":0,"publisher":{"@id":"https:\/\/www.jazzzeitung.de\/cms\/#organization"},"image":{"@id":"https:\/\/www.jazzzeitung.de\/cms\/2020\/05\/die-jazz-radiowoche-vom-18-05-20-bis-24-05-20\/#primaryimage"},"thumbnailUrl":"https:\/\/i0.wp.com\/www.jazzzeitung.de\/cms\/wp-content\/uploads\/2019\/03\/jazz_im_radio.jpg?fit=2200%2C1417&ssl=1","keywords":["Jazz im Radio"],"articleSection":["News","Radio"],"inLanguage":"de","potentialAction":[{"@type":"CommentAction","name":"Comment","target":["https:\/\/www.jazzzeitung.de\/cms\/2020\/05\/die-jazz-radiowoche-vom-18-05-20-bis-24-05-20\/#respond"]}]},{"@type":"WebPage","@id":"https:\/\/www.jazzzeitung.de\/cms\/2020\/05\/die-jazz-radiowoche-vom-18-05-20-bis-24-05-20\/","url":"https:\/\/www.jazzzeitung.de\/cms\/2020\/05\/die-jazz-radiowoche-vom-18-05-20-bis-24-05-20\/","name":"Die Jazz-Radiowoche vom 18.05.20 bis 24.05.20 - JazzZeitung","isPartOf":{"@id":"https:\/\/www.jazzzeitung.de\/cms\/#website"},"primaryImageOfPage":{"@id":"https:\/\/www.jazzzeitung.de\/cms\/2020\/05\/die-jazz-radiowoche-vom-18-05-20-bis-24-05-20\/#primaryimage"},"image":{"@id":"https:\/\/www.jazzzeitung.de\/cms\/2020\/05\/die-jazz-radiowoche-vom-18-05-20-bis-24-05-20\/#primaryimage"},"thumbnailUrl":"https:\/\/i0.wp.com\/www.jazzzeitung.de\/cms\/wp-content\/uploads\/2019\/03\/jazz_im_radio.jpg?fit=2200%2C1417&ssl=1","datePublished":"2020-05-16T10:00:55+00:00","breadcrumb":{"@id":"https:\/\/www.jazzzeitung.de\/cms\/2020\/05\/die-jazz-radiowoche-vom-18-05-20-bis-24-05-20\/#breadcrumb"},"inLanguage":"de","potentialAction":[{"@type":"ReadAction","target":["https:\/\/www.jazzzeitung.de\/cms\/2020\/05\/die-jazz-radiowoche-vom-18-05-20-bis-24-05-20\/"]}]},{"@type":"ImageObject","inLanguage":"de","@id":"https:\/\/www.jazzzeitung.de\/cms\/2020\/05\/die-jazz-radiowoche-vom-18-05-20-bis-24-05-20\/#primaryimage","url":"https:\/\/i0.wp.com\/www.jazzzeitung.de\/cms\/wp-content\/uploads\/2019\/03\/jazz_im_radio.jpg?fit=2200%2C1417&ssl=1","contentUrl":"https:\/\/i0.wp.com\/www.jazzzeitung.de\/cms\/wp-content\/uploads\/2019\/03\/jazz_im_radio.jpg?fit=2200%2C1417&ssl=1","width":2200,"height":1417,"caption":"Jazz im Radio. Foto: Hufner"},{"@type":"BreadcrumbList","@id":"https:\/\/www.jazzzeitung.de\/cms\/2020\/05\/die-jazz-radiowoche-vom-18-05-20-bis-24-05-20\/#breadcrumb","itemListElement":[{"@type":"ListItem","position":1,"name":"Startseite","item":"https:\/\/www.jazzzeitung.de\/cms\/"},{"@type":"ListItem","position":2,"name":"Die Jazz-Radiowoche vom 18.05.20 bis 24.05.20"}]},{"@type":"WebSite","@id":"https:\/\/www.jazzzeitung.de\/cms\/#website","url":"https:\/\/www.jazzzeitung.de\/cms\/","name":"JazzZeitung","description":"Jazz-News und Jazz-Kontroverses","publisher":{"@id":"https:\/\/www.jazzzeitung.de\/cms\/#organization"},"potentialAction":[{"@type":"SearchAction","target":{"@type":"EntryPoint","urlTemplate":"https:\/\/www.jazzzeitung.de\/cms\/?s={search_term_string}"},"query-input":{"@type":"PropertyValueSpecification","valueRequired":true,"valueName":"search_term_string"}}],"inLanguage":"de"},{"@type":"Organization","@id":"https:\/\/www.jazzzeitung.de\/cms\/#organization","name":"JazzZeitung online","url":"https:\/\/www.jazzzeitung.de\/cms\/","logo":{"@type":"ImageObject","inLanguage":"de","@id":"https:\/\/www.jazzzeitung.de\/cms\/#\/schema\/logo\/image\/","url":"https:\/\/i0.wp.com\/www.jazzzeitung.de\/cms\/wp-content\/uploads\/2015\/08\/JAZZZEITUNGDE_Logo_Neu.png?fit=499%2C200&ssl=1","contentUrl":"https:\/\/i0.wp.com\/www.jazzzeitung.de\/cms\/wp-content\/uploads\/2015\/08\/JAZZZEITUNGDE_Logo_Neu.png?fit=499%2C200&ssl=1","width":499,"height":200,"caption":"JazzZeitung online"},"image":{"@id":"https:\/\/www.jazzzeitung.de\/cms\/#\/schema\/logo\/image\/"},"sameAs":["https:\/\/www.facebook.com\/JazzZeitung\/"]},{"@type":"Person","@id":"https:\/\/www.jazzzeitung.de\/cms\/#\/schema\/person\/b9a4e5ac765d94fb8f617bfa8f1fc5f7","name":"Martin Hufner","image":{"@type":"ImageObject","inLanguage":"de","@id":"https:\/\/i0.wp.com\/www.jazzzeitung.de\/cms\/wp-content\/uploads\/2013\/07\/huf-06.jpg?resize=96%2C96&ssl=15fcc31aa94540751a3b804516452be00","url":"https:\/\/i0.wp.com\/www.jazzzeitung.de\/cms\/wp-content\/uploads\/2013\/07\/huf-06.jpg?resize=96%2C96&ssl=1","contentUrl":"https:\/\/i0.wp.com\/www.jazzzeitung.de\/cms\/wp-content\/uploads\/2013\/07\/huf-06.jpg?resize=96%2C96&ssl=1","caption":"Martin Hufner"},"description":"Martin Hufner ist freier Autor der JazzZeitung.","sameAs":["https:\/\/www.kritische-masse.de\/logbuch","https:\/\/www.facebook.com\/hufner"],"url":"https:\/\/www.jazzzeitung.de\/cms\/author\/admin\/"}]}},"wp-worthy-pixel":{"ignored":false,"public":"060a4268b558400c849bc9c9d2982078","server":"vg04.met.vgwort.de","url":"https:\/\/vg04.met.vgwort.de\/na\/060a4268b558400c849bc9c9d2982078"},"wp-worthy-type":"normal","jetpack_publicize_connections":[],"cc_featured_image_caption":{"caption_text":"Jazz im Radio.","source_text":"Foto: Hufner","source_url":"https:\/\/www.musikkritik.org"},"jetpack_featured_media_url":"https:\/\/i0.wp.com\/www.jazzzeitung.de\/cms\/wp-content\/uploads\/2019\/03\/jazz_im_radio.jpg?fit=2200%2C1417&ssl=1","jetpack_shortlink":"https:\/\/wp.me\/p3KEcT-5Rq","jetpack-related-posts":[{"id":22236,"url":"https:\/\/www.jazzzeitung.de\/cms\/2020\/03\/die-jazz-radiowoche-vom-30-03-20-bis-05-04-20\/","url_meta":{"origin":22532,"position":0},"title":"Die Jazz-Radiowoche vom 30.03.20 bis 05.04.20","author":"Martin Hufner","date":"29. M\u00e4rz 2020","format":false,"excerpt":"Ein kleiner Blick in die Jazzwoche 14 im Radio. Alle Angaben ohne Gew\u00e4hr. Jazz im Radio (Fernsehen) SR2 \u2013 JazzNow \u2013 Sonntags von 20.04 bis 22.30 Uhr BR-KLASSIK \u2013 Jazztime \u2013 Von Montag bis Freitag t\u00e4glich um 23.05 Uhr rbb-kultur \u2013 Late Night Jazz \u2013 Sa und So 23:04 \u2013\u2026","rel":"","context":"In &quot;News&quot;","block_context":{"text":"News","link":"https:\/\/www.jazzzeitung.de\/cms\/thema\/nachrichten\/"},"img":{"alt_text":"Jazz im Radio. Foto: Hufner","src":"https:\/\/i0.wp.com\/www.jazzzeitung.de\/cms\/wp-content\/uploads\/2019\/03\/jazz_im_radio.jpg?fit=1200%2C773&ssl=1&resize=350%2C200","width":350,"height":200,"srcset":"https:\/\/i0.wp.com\/www.jazzzeitung.de\/cms\/wp-content\/uploads\/2019\/03\/jazz_im_radio.jpg?fit=1200%2C773&ssl=1&resize=350%2C200 1x, https:\/\/i0.wp.com\/www.jazzzeitung.de\/cms\/wp-content\/uploads\/2019\/03\/jazz_im_radio.jpg?fit=1200%2C773&ssl=1&resize=525%2C300 1.5x, https:\/\/i0.wp.com\/www.jazzzeitung.de\/cms\/wp-content\/uploads\/2019\/03\/jazz_im_radio.jpg?fit=1200%2C773&ssl=1&resize=700%2C400 2x, https:\/\/i0.wp.com\/www.jazzzeitung.de\/cms\/wp-content\/uploads\/2019\/03\/jazz_im_radio.jpg?fit=1200%2C773&ssl=1&resize=1050%2C600 3x"},"classes":[]},{"id":23939,"url":"https:\/\/www.jazzzeitung.de\/cms\/2020\/12\/die-jazz-radiowoche-vom-7-12-20-bis-13-12-2020\/","url_meta":{"origin":22532,"position":1},"title":"Die Jazz-Radiowoche vom 7.12.20 bis 13.12.2020","author":"Martin Hufner","date":"6. Dezember 2020","format":false,"excerpt":"Ein kleiner Blick in die Jazzwoche 50 im Radio. Der ist dieses mal so klein, es steht da n\u00e4mlich gar nichts drin.Grund daf\u00fcr: Die Suchmaschine f\u00fcr Radiosendungen der ARD gibt am dem 7.12.2020 keine Ergebnisse heraus. Versuche der Kontaktaufnahme mit der ARD sind ohne Echo verhallt. Aktuell bleibt es bei\u2026","rel":"","context":"In &quot;News&quot;","block_context":{"text":"News","link":"https:\/\/www.jazzzeitung.de\/cms\/thema\/nachrichten\/"},"img":{"alt_text":"Jazz im Radio. Foto: Hufner","src":"https:\/\/i0.wp.com\/www.jazzzeitung.de\/cms\/wp-content\/uploads\/2019\/03\/jazz_im_radio.jpg?fit=1200%2C773&ssl=1&resize=350%2C200","width":350,"height":200,"srcset":"https:\/\/i0.wp.com\/www.jazzzeitung.de\/cms\/wp-content\/uploads\/2019\/03\/jazz_im_radio.jpg?fit=1200%2C773&ssl=1&resize=350%2C200 1x, https:\/\/i0.wp.com\/www.jazzzeitung.de\/cms\/wp-content\/uploads\/2019\/03\/jazz_im_radio.jpg?fit=1200%2C773&ssl=1&resize=525%2C300 1.5x, https:\/\/i0.wp.com\/www.jazzzeitung.de\/cms\/wp-content\/uploads\/2019\/03\/jazz_im_radio.jpg?fit=1200%2C773&ssl=1&resize=700%2C400 2x, https:\/\/i0.wp.com\/www.jazzzeitung.de\/cms\/wp-content\/uploads\/2019\/03\/jazz_im_radio.jpg?fit=1200%2C773&ssl=1&resize=1050%2C600 3x"},"classes":[]},{"id":21609,"url":"https:\/\/www.jazzzeitung.de\/cms\/2020\/01\/die-jazz-radiowoche-vom-06-01-20-bis-12-01-20-notausgabe\/","url_meta":{"origin":22532,"position":2},"title":"Die Jazz-Radiowoche vom 06.01.20 bis 12.01.20 (Notausgabe)","author":"Martin Hufner","date":"5. Januar 2020","format":false,"excerpt":"Ein kleiner Blick in die Jazzwoche 02 im Radio. Notausgabe! Die \u00dcbersicht zum Download als PDF. Alle Angaben ohne Gew\u00e4hr. Jazz im Radio (Fernsehen) SR2 \u2013 JazzNow \u2013 Sonntags von 20.04 bis 22.30 Uhr BR-KLASSIK \u2013 Jazztime \u2013 Von Montag bis Freitag t\u00e4glich um 23.05 Uhr rbb-kultur \u2013 Late Night\u2026","rel":"","context":"In &quot;News&quot;","block_context":{"text":"News","link":"https:\/\/www.jazzzeitung.de\/cms\/thema\/nachrichten\/"},"img":{"alt_text":"Jazz im Radio. Foto: Hufner","src":"https:\/\/i0.wp.com\/www.jazzzeitung.de\/cms\/wp-content\/uploads\/2019\/03\/jazz_im_radio.jpg?fit=1200%2C773&ssl=1&resize=350%2C200","width":350,"height":200,"srcset":"https:\/\/i0.wp.com\/www.jazzzeitung.de\/cms\/wp-content\/uploads\/2019\/03\/jazz_im_radio.jpg?fit=1200%2C773&ssl=1&resize=350%2C200 1x, https:\/\/i0.wp.com\/www.jazzzeitung.de\/cms\/wp-content\/uploads\/2019\/03\/jazz_im_radio.jpg?fit=1200%2C773&ssl=1&resize=525%2C300 1.5x, https:\/\/i0.wp.com\/www.jazzzeitung.de\/cms\/wp-content\/uploads\/2019\/03\/jazz_im_radio.jpg?fit=1200%2C773&ssl=1&resize=700%2C400 2x, https:\/\/i0.wp.com\/www.jazzzeitung.de\/cms\/wp-content\/uploads\/2019\/03\/jazz_im_radio.jpg?fit=1200%2C773&ssl=1&resize=1050%2C600 3x"},"classes":[]},{"id":23982,"url":"https:\/\/www.jazzzeitung.de\/cms\/2020\/12\/die-jazz-radiowoche-vom-14-12-20-bis-31-12-2020\/","url_meta":{"origin":22532,"position":3},"title":"Die Jazz-Radiowoche vom 14.12.20 bis 31.12.2020","author":"Martin Hufner","date":"13. Dezember 2020","format":false,"excerpt":"Ein kleiner Blick in Restmonat. Die Suchmaschine der ARD hat ihren Dienst am 7.12.2020 eingestellt. Nachfragen haben nur gezeigt, dass die Veranwortlichen kein Interesse daran haben, das zu kommunizieren. Weder ist herauszubekommen, wer das veranlasst hat noch warum. Danke ARD! F\u00fcr nichts. Jetzt schauen wir mal, wie es weiter geht.\u2026","rel":"","context":"In &quot;News&quot;","block_context":{"text":"News","link":"https:\/\/www.jazzzeitung.de\/cms\/thema\/nachrichten\/"},"img":{"alt_text":"Jazz im Radio. Foto: Hufner","src":"https:\/\/i0.wp.com\/www.jazzzeitung.de\/cms\/wp-content\/uploads\/2019\/03\/jazz_im_radio.jpg?fit=1200%2C773&ssl=1&resize=350%2C200","width":350,"height":200,"srcset":"https:\/\/i0.wp.com\/www.jazzzeitung.de\/cms\/wp-content\/uploads\/2019\/03\/jazz_im_radio.jpg?fit=1200%2C773&ssl=1&resize=350%2C200 1x, https:\/\/i0.wp.com\/www.jazzzeitung.de\/cms\/wp-content\/uploads\/2019\/03\/jazz_im_radio.jpg?fit=1200%2C773&ssl=1&resize=525%2C300 1.5x, https:\/\/i0.wp.com\/www.jazzzeitung.de\/cms\/wp-content\/uploads\/2019\/03\/jazz_im_radio.jpg?fit=1200%2C773&ssl=1&resize=700%2C400 2x, https:\/\/i0.wp.com\/www.jazzzeitung.de\/cms\/wp-content\/uploads\/2019\/03\/jazz_im_radio.jpg?fit=1200%2C773&ssl=1&resize=1050%2C600 3x"},"classes":[]},{"id":22441,"url":"https:\/\/www.jazzzeitung.de\/cms\/2020\/05\/die-jazz-radiowoche-vom-04-05-20-bis-10-05-20\/","url_meta":{"origin":22532,"position":4},"title":"Die Jazz-Radiowoche vom 04.05.20 bis 10.05.20","author":"Martin Hufner","date":"3. Mai 2020","format":false,"excerpt":"Ein kleiner Blick in die Jazzwoche 19 im Radio. Alle Angaben ohne Gew\u00e4hr. Jazz Special \u2013 Fire Music \u2013 Die unheilige Allianz von Jazz und Krieg | The Space Between \u2013 Mikrotonalit\u00e4t im Jazz","rel":"","context":"In &quot;News&quot;","block_context":{"text":"News","link":"https:\/\/www.jazzzeitung.de\/cms\/thema\/nachrichten\/"},"img":{"alt_text":"Jazz im Radio. Foto: Hufner","src":"https:\/\/i0.wp.com\/www.jazzzeitung.de\/cms\/wp-content\/uploads\/2019\/03\/jazz_im_radio.jpg?fit=1200%2C773&ssl=1&resize=350%2C200","width":350,"height":200,"srcset":"https:\/\/i0.wp.com\/www.jazzzeitung.de\/cms\/wp-content\/uploads\/2019\/03\/jazz_im_radio.jpg?fit=1200%2C773&ssl=1&resize=350%2C200 1x, https:\/\/i0.wp.com\/www.jazzzeitung.de\/cms\/wp-content\/uploads\/2019\/03\/jazz_im_radio.jpg?fit=1200%2C773&ssl=1&resize=525%2C300 1.5x, https:\/\/i0.wp.com\/www.jazzzeitung.de\/cms\/wp-content\/uploads\/2019\/03\/jazz_im_radio.jpg?fit=1200%2C773&ssl=1&resize=700%2C400 2x, https:\/\/i0.wp.com\/www.jazzzeitung.de\/cms\/wp-content\/uploads\/2019\/03\/jazz_im_radio.jpg?fit=1200%2C773&ssl=1&resize=1050%2C600 3x"},"classes":[]},{"id":23135,"url":"https:\/\/www.jazzzeitung.de\/cms\/2020\/08\/die-jazz-radiowoche-vom-10-08-bis-16-08-2020\/","url_meta":{"origin":22532,"position":5},"title":"Die Jazz-Radiowoche vom 10.08. bis 16.08.2020","author":"Martin Hufner","date":"9. August 2020","format":false,"excerpt":"Ein kleiner Blick in die Jazzwoche 33 im Radio. Alle Angaben ohne Gew\u00e4hr. Unter anderem: Botschafter Haitis \u2013 der Altsaxofonist Godwin Lewis","rel":"","context":"In &quot;News&quot;","block_context":{"text":"News","link":"https:\/\/www.jazzzeitung.de\/cms\/thema\/nachrichten\/"},"img":{"alt_text":"Jazz im Radio. Foto: Hufner","src":"https:\/\/i0.wp.com\/www.jazzzeitung.de\/cms\/wp-content\/uploads\/2019\/03\/jazz_im_radio.jpg?fit=1200%2C773&ssl=1&resize=350%2C200","width":350,"height":200,"srcset":"https:\/\/i0.wp.com\/www.jazzzeitung.de\/cms\/wp-content\/uploads\/2019\/03\/jazz_im_radio.jpg?fit=1200%2C773&ssl=1&resize=350%2C200 1x, https:\/\/i0.wp.com\/www.jazzzeitung.de\/cms\/wp-content\/uploads\/2019\/03\/jazz_im_radio.jpg?fit=1200%2C773&ssl=1&resize=525%2C300 1.5x, https:\/\/i0.wp.com\/www.jazzzeitung.de\/cms\/wp-content\/uploads\/2019\/03\/jazz_im_radio.jpg?fit=1200%2C773&ssl=1&resize=700%2C400 2x, https:\/\/i0.wp.com\/www.jazzzeitung.de\/cms\/wp-content\/uploads\/2019\/03\/jazz_im_radio.jpg?fit=1200%2C773&ssl=1&resize=1050%2C600 3x"},"classes":[]}],"jetpack_sharing_enabled":false,"_links":{"self":[{"href":"https:\/\/www.jazzzeitung.de\/cms\/wp-json\/wp\/v2\/posts\/22532","targetHints":{"allow":["GET"]}}],"collection":[{"href":"https:\/\/www.jazzzeitung.de\/cms\/wp-json\/wp\/v2\/posts"}],"about":[{"href":"https:\/\/www.jazzzeitung.de\/cms\/wp-json\/wp\/v2\/types\/post"}],"author":[{"embeddable":true,"href":"https:\/\/www.jazzzeitung.de\/cms\/wp-json\/wp\/v2\/users\/1"}],"replies":[{"embeddable":true,"href":"https:\/\/www.jazzzeitung.de\/cms\/wp-json\/wp\/v2\/comments?post=22532"}],"version-history":[{"count":1,"href":"https:\/\/www.jazzzeitung.de\/cms\/wp-json\/wp\/v2\/posts\/22532\/revisions"}],"predecessor-version":[{"id":22533,"href":"https:\/\/www.jazzzeitung.de\/cms\/wp-json\/wp\/v2\/posts\/22532\/revisions\/22533"}],"wp:featuredmedia":[{"embeddable":true,"href":"https:\/\/www.jazzzeitung.de\/cms\/wp-json\/wp\/v2\/media\/18913"}],"wp:attachment":[{"href":"https:\/\/www.jazzzeitung.de\/cms\/wp-json\/wp\/v2\/media?parent=22532"}],"wp:term":[{"taxonomy":"category","embeddable":true,"href":"https:\/\/www.jazzzeitung.de\/cms\/wp-json\/wp\/v2\/categories?post=22532"},{"taxonomy":"post_tag","embeddable":true,"href":"https:\/\/www.jazzzeitung.de\/cms\/wp-json\/wp\/v2\/tags?post=22532"},{"taxonomy":"author","embeddable":true,"href":"https:\/\/www.jazzzeitung.de\/cms\/wp-json\/wp\/v2\/coauthors?post=22532"}],"curies":[{"name":"wp","href":"https:\/\/api.w.org\/{rel}","templated":true}]}}