{"id":22515,"date":"2020-05-12T10:40:27","date_gmt":"2020-05-12T08:40:27","guid":{"rendered":"https:\/\/www.jazzzeitung.de\/cms\/?p=22515"},"modified":"2020-05-12T10:40:27","modified_gmt":"2020-05-12T08:40:27","slug":"news-zukunft-dresden-mit-oder-ohne-jazztage-dresden-bewerbungsfrist-verlaengert-radio-oe1-jazz-stipendium-2020","status":"publish","type":"post","link":"https:\/\/www.jazzzeitung.de\/cms\/2020\/05\/news-zukunft-dresden-mit-oder-ohne-jazztage-dresden-bewerbungsfrist-verlaengert-radio-oe1-jazz-stipendium-2020\/","title":{"rendered":"+++ news +++ Zukunft Dresden: mit oder ohne Jazztage Dresden? +++ Bewerbungsfrist verl\u00e4ngert: Radio \u00d61 Jazz-Stipendium 2020 +++"},"content":{"rendered":"<h3><strong>+++ Pressemitteilung des Teams der Jazztage Dresden +++<\/strong><\/h3>\n<p>Eine sch\u00f6ne Sache k\u00f6nnen wir der aktuellen Situation abgewinnen \u2013 wir h\u00f6ren \u00f6fter voneinander. Wir sind im Gespr\u00e4ch mit zahlreichen politischen Akteuren, ben\u00f6tigen aber Ihre breite Unterst\u00fctzung gerade jetzt in Bezug auf die Kulturentwicklung der Stadt Dresden. Hier hei\u00dft es simpel: Wir danken f\u00fcr die ersten zahlreichen Spenden auf den letzten Newsletter, wodurch schon knapp 10.000 \u20ac zusammen gekommen sind. Aber ohne Stadt und Staat werden die gemeinn\u00fctzigen Jazztage Dresden wie auch gro\u00dfe Teile der freien Kulturszene nicht \u00fcberleben. Die 9000 \u20ac Unternehmens Soforthilfe wurde gew\u00e4hrt, aber der SAB-Kredit \u00fcber 100.000 \u20ac zur Absicherung dieses Jahres kann nicht beantragt werden, weil leider in Sachsen gemeinn\u00fctzige Institutionen von der Hilfe ausgenommen sind.<\/p>\n<p>Mitte April nun wurde der neue Kulturentwicklungsplan der Stadt Dresden ver\u00f6ffentlicht und liegt im Zuge der B\u00fcrgerbeteiligung seit <strong>Montag, 11. Mai<\/strong> zum Kommentieren aus. In ALLEN 5 benannten Schwerpunkten des Bereiches Musik (ab Seite 64) \u201eExzellenz f\u00f6rdern, international agieren, Zeitgenossenschaft demonstrieren, musikalische Bildung intensivieren, Partizipation \u2026 st\u00e4rken\u201c k\u00f6nnen die Jazztage punkten. Benannt zur Durchf\u00fchrung werden in allen Punkten fast ausschlie\u00dflich die 3 gro\u00dfen St\u00e4dtischen Einrichtungen Philharmonie, Musikfestspiele und Kreuzchor. So wichtig diese sind und so richtig deren \u00dcbernahme von Verantwortung f\u00fcr die Kultur ist, so bleibt doch die Frage nach dem Blick auf die freien Institutionen, deren Kompetenzen und die Einbindung derselben im Raum stehen. Bitte beteiligen Sie sich im B\u00fcrger-Beteiligungsportal mit Ihren Anregungen, mit Lob und konstruktiver Kritik, damit die Jazztage Dresden fair und proportional zu Ihrem Beitrag zur Kultur Dresdens, auch finanziell, ber\u00fccksichtigt werden &#8211; Wir tun daf\u00fcr Alles, damit die Jazztage Ihnen, verehrtes Publikum, wie der Stadt Dresden, Sachsen und Deutschland weiterhin als herausragendes internationales Jazzfestival erhalten bleiben.<\/p>\n<p><strong><a href=\"https:\/\/login.mailingwork.de\/-link2\/4535\/665\/9\/33\/7513\/rYq1GeVM\/8NpAUnWMMi\/0\">HIER<\/a><\/strong> finden Sie den <strong>Kulturentwicklungsplan<\/strong>. Bitte beteiligen Sie sich unter den Abschnitten &#8222;Musik&#8220; und &#8222;Schwerpunkte zur Weiterentwicklung der Kulturf\u00f6rderung&#8220; (runterscrollen). Der Versand befindet sich am Seitenende. Die prek\u00e4re Lage der Jazztage kommt nicht von ungef\u00e4hr, sondern ist der stiefm\u00fctterlichen F\u00f6rderung durch Stadt und Land im Vergleich zu anderen Festivals geschuldet. Diese betr\u00e4gt bei Gesamteinnahmen von \u00fcber 1.000.000 \u20ac gerade einmal zusammen 5,5%. W\u00e4ren dies 20%, was vergleichsweise immer noch niedrig w\u00e4re, h\u00e4tten die Jazztage kein solch akutes, als auch wenig zuk\u00fcnftige Probleme. Alleine die Leipziger Jazztage bekommen von der Stadt \u00fcber 200.000 \u20ac. Dies zu Recht, obwohl sie gerade einmal ein F\u00fcnftel der Besucher haben. Pro Besucher bekommen die Jazztage, nach Jahren im Cent Bereich, im Jahr 2019 gerade einmal 1,15 \u20ac je Besucher. Das ist mit Abstand s\u00e4chsischer Minusrekord bei Hochkulturfestivals.<\/p>\n<p>Wir sind uns bewusst, dass die Lage im Moment f\u00fcr Alle eine Herausforderung ist. Aber ohne eine faire Angleichung an vergleichbare Festivals (da sprechen wir noch nicht einmal von klassischen Festivals) sind die Jazztage nicht \u00fcberlebens- und konkurrenzf\u00e4hig. Wir k\u00f6nnen und wollen Ihnen auch nicht zumuten, bei den Jazztagen f\u00fcr identische K\u00fcnstler mehr Eintritt zahlen zu m\u00fcssen.<\/p>\n<p>Wir danken Ihnen f\u00fcr Ihre Unterst\u00fctzung. Ihr Team der Jazztage Dresden<\/p>\n<p>&nbsp;<\/p>\n<h3><strong>+++ Radio \u00d61 Jazz-Stipendium 2020 &#8211; Bewerbungsfrist verl\u00e4ngert +++<\/strong><\/h3>\n<p>Bereits seit 2018 wird das\u00a0<strong>\u00d61 Jazz Stipendium<\/strong>\u00a0im Rahmen der \u00d61 Talenteb\u00f6rse in Form eines zweij\u00e4hrigen Studiums im Fach Master of Arts in Music an der\u00a0<strong>JAM MUSIC LAB Private University for Jazz and Popular Music\u00a0<\/strong>in\u00a0Wien\u00a0verliehen.\u00a0Damit soll einem Talent mit Potenzial und dem Mut, eine originelle Handschrift im Jazz zu entwickeln, die Gelegenheit gegeben werden,\u00a0ein k\u00fcnstlerisches oder p\u00e4dagogisches (IGP) Masterstudium in Wien zu realisieren.<\/p>\n<p>Bewerben k\u00f6nnen sich\u00a0Musiker\/innen im Alter von bis zu 28 Jahren, die entweder die \u00f6sterreichische Staatsb\u00fcrgerschaft haben oder deren Lebensmittelpunkt \u00d6sterreich ist.\u00a0Die Jury ist mit dem \u00f6sterreichischen Gitarristen und Komponisten Wolfgang Muthspiel, dem US-amerikanischen Produzenten Jeff Levenson und \u00d61 Jazzredaktionsleiter Andreas Felber hochkar\u00e4tig besetzt.<\/p>\n<p>Die Bewerbungsfrist f\u00fcr das \u00d61 Jazz-Stipendium 2020 wurde coronabedingt verl\u00e4ngert und endet am 31. Mai 2020.\u00a0Der Gewinner oder die Gewinnerin wird im Juli 2020 bekannt gegeben.<\/p>\n<p>Die\u00a0Vergabekriterien, der genaue Zeitplan, das Einreichprocedere\u00a0und\u00a0Infos zur Audition\u00a0sind <a href=\"http:\/\/r20.rs6.net\/tn.jsp?f=001kPg7v1rsBC4Bn_BIQxjrbN5Mijdibl2x4VMTPwSiWNOhBCg1-hbmANvtUAAKu5iXosuPR8ZT4bL0EU5Di_VmE6rvg0iNiN1VR774suWNouhYG9GARlRbJfhLTV6aT4YhERvVwXfAlHpd-_ZQEs7opJadsipBOaehcagYUejwkWkl2WxmoTAcgEgCYPJsgS_CSLjrXxfC2fT_qAgSeJrXXKcR08r82TeSQ8jXa9aoQ3Z2QPkEk9XN3HC5QqkxIpeQJYglKxTklhoOU9GhXMMd2hgm_tHgwTs0&amp;c=5CD9GvRvviD28cbj872N24h7reJVg3cKufR_EeRZhAA37NUcqtnMLA==&amp;ch=KG3j_o6G0Z2obEy4Do6B0UNOBt9UfOpxOj-LNDzTd_tQPNx9uHjF7g==\">hier zu finden<\/a>.<\/p>\n<p>Gegenw\u00e4rtig ist die\u00a0JAM MUSIC LAB Private University for Jazz and Popular Music Vienna\u00a0als erste Musikuniversit\u00e4t \u00d6sterreichs gesamtheitlich auf Jazz, Popular- und Medienmusik ausgerichtet. Am Standort Gasometer Music City nimmt sie mit ihren Bachelor- und Masterstudieng\u00e4ngen in Musik, Musikp\u00e4dagogik und Musikproduktion auch europaweit eine Vorreiterrolle ein und m\u00f6chte die gro\u00dfe klassische Tradition der Musik-Weltstadt Wien auch im Bereich des aktuellen Jazz, Rock und Pop fortsetzen. Zu weiteren Informationen <a href=\"http:\/\/r20.rs6.net\/tn.jsp?f=001kPg7v1rsBC4Bn_BIQxjrbN5Mijdibl2x4VMTPwSiWNOhBCg1-hbmANvtUAAKu5iXkBWU-Ur3sljebV4rPs68xmUk5sVhka1-Y-L0NWsQWvhoHhPmf3bmxtePiNWPJ2kPfdjnp0z6QlIM0wGFm63E7XuJiksig6BH3oakw89AWz9wJwSbwh77Gw==&amp;c=5CD9GvRvviD28cbj872N24h7reJVg3cKufR_EeRZhAA37NUcqtnMLA==&amp;ch=KG3j_o6G0Z2obEy4Do6B0UNOBt9UfOpxOj-LNDzTd_tQPNx9uHjF7g==\">geht es hier<\/a>.<\/p>\n","protected":false},"excerpt":{"rendered":"<p>+++ Pressemitteilung des Teams der Jazztage Dresden +++ Eine sch\u00f6ne Sache k\u00f6nnen wir der aktuellen Situation abgewinnen \u2013 wir h\u00f6ren \u00f6fter voneinander. Wir sind im Gespr\u00e4ch mit zahlreichen politischen Akteuren, ben\u00f6tigen aber Ihre breite Unterst\u00fctzung gerade jetzt in Bezug auf die Kulturentwicklung der Stadt Dresden. Hier hei\u00dft es simpel: Wir danken f\u00fcr die ersten zahlreichen Spenden auf den letzten Newsletter, wodurch schon knapp 10.000 \u20ac zusammen gekommen sind. Aber ohne Stadt und Staat werden die gemeinn\u00fctzigen Jazztage Dresden wie auch gro\u00dfe Teile der freien Kulturszene nicht \u00fcberleben. Die 9000 \u20ac Unternehmens Soforthilfe wurde gew\u00e4hrt, aber der SAB-Kredit \u00fcber 100.000 \u20ac zur Absicherung dieses Jahres kann nicht beantragt werden, weil leider in Sachsen gemeinn\u00fctzige Institutionen von der Hilfe ausgenommen sind. Mitte April nun wurde der neue Kulturentwicklungsplan der Stadt Dresden ver\u00f6ffentlicht und liegt im Zuge der B\u00fcrgerbeteiligung seit Montag, 11. Mai zum Kommentieren aus. In ALLEN 5 benannten Schwerpunkten des Bereiches Musik (ab Seite 64) \u201eExzellenz f\u00f6rdern, international agieren, Zeitgenossenschaft demonstrieren, musikalische Bildung intensivieren, Partizipation \u2026 st\u00e4rken\u201c k\u00f6nnen die Jazztage punkten. Benannt zur Durchf\u00fchrung werden in allen Punkten fast ausschlie\u00dflich die 3 gro\u00dfen St\u00e4dtischen Einrichtungen Philharmonie, &hellip;<\/p>\n","protected":false},"author":18,"featured_media":22521,"comment_status":"open","ping_status":"closed","sticky":false,"template":"","format":"standard","meta":{"_jetpack_memberships_contains_paid_content":false,"footnotes":"","jetpack_publicize_message":"","jetpack_publicize_feature_enabled":true,"jetpack_social_post_already_shared":false,"jetpack_social_options":{"image_generator_settings":{"template":"highway","default_image_id":0,"font":"","enabled":false},"version":2}},"categories":[633],"tags":[2002,2941,154,2946,1876,286,2947,332,2945,2948],"coauthors":[695],"class_list":["post-22515","post","type-post","status-publish","format-standard","has-post-thumbnail","hentry","category-nachrichten","tag-bewerbung","tag-corona","tag-dresden","tag-jam-music-lab-private-university-for-jazz-and-popular-music-vienna","tag-jazz","tag-jazztage-dresden","tag-kulturentwicklungsplan-der-stadt-dresden","tag-kulturpolitik","tag-oe1-jazz-stipendium","tag-stpendium"],"yoast_head":"<!-- This site is optimized with the Yoast SEO plugin v27.5 - https:\/\/yoast.com\/product\/yoast-seo-wordpress\/ -->\n<title>+++ news +++ Zukunft Dresden: mit oder ohne Jazztage Dresden? +++ Bewerbungsfrist verl\u00e4ngert: Radio \u00d61 Jazz-Stipendium 2020 +++ - JazzZeitung<\/title>\n<meta name=\"robots\" content=\"index, follow, max-snippet:-1, max-image-preview:large, max-video-preview:-1\" \/>\n<link rel=\"canonical\" href=\"https:\/\/www.jazzzeitung.de\/cms\/2020\/05\/news-zukunft-dresden-mit-oder-ohne-jazztage-dresden-bewerbungsfrist-verlaengert-radio-oe1-jazz-stipendium-2020\/\" \/>\n<meta property=\"og:locale\" content=\"de_DE\" \/>\n<meta property=\"og:type\" content=\"article\" \/>\n<meta property=\"og:title\" content=\"+++ news +++ Zukunft Dresden: mit oder ohne Jazztage Dresden? +++ Bewerbungsfrist verl\u00e4ngert: Radio \u00d61 Jazz-Stipendium 2020 +++ - JazzZeitung\" \/>\n<meta property=\"og:description\" content=\"+++ Pressemitteilung des Teams der Jazztage Dresden +++ Eine sch\u00f6ne Sache k\u00f6nnen wir der aktuellen Situation abgewinnen \u2013 wir h\u00f6ren \u00f6fter voneinander. Wir sind im Gespr\u00e4ch mit zahlreichen politischen Akteuren, ben\u00f6tigen aber Ihre breite Unterst\u00fctzung gerade jetzt in Bezug auf die Kulturentwicklung der Stadt Dresden. Hier hei\u00dft es simpel: Wir danken f\u00fcr die ersten zahlreichen Spenden auf den letzten Newsletter, wodurch schon knapp 10.000 \u20ac zusammen gekommen sind. Aber ohne Stadt und Staat werden die gemeinn\u00fctzigen Jazztage Dresden wie auch gro\u00dfe Teile der freien Kulturszene nicht \u00fcberleben. Die 9000 \u20ac Unternehmens Soforthilfe wurde gew\u00e4hrt, aber der SAB-Kredit \u00fcber 100.000 \u20ac zur Absicherung dieses Jahres kann nicht beantragt werden, weil leider in Sachsen gemeinn\u00fctzige Institutionen von der Hilfe ausgenommen sind. Mitte April nun wurde der neue Kulturentwicklungsplan der Stadt Dresden ver\u00f6ffentlicht und liegt im Zuge der B\u00fcrgerbeteiligung seit Montag, 11. Mai zum Kommentieren aus. In ALLEN 5 benannten Schwerpunkten des Bereiches Musik (ab Seite 64) \u201eExzellenz f\u00f6rdern, international agieren, Zeitgenossenschaft demonstrieren, musikalische Bildung intensivieren, Partizipation \u2026 st\u00e4rken\u201c k\u00f6nnen die Jazztage punkten. Benannt zur Durchf\u00fchrung werden in allen Punkten fast ausschlie\u00dflich die 3 gro\u00dfen St\u00e4dtischen Einrichtungen Philharmonie, &hellip;\" \/>\n<meta property=\"og:url\" content=\"https:\/\/www.jazzzeitung.de\/cms\/2020\/05\/news-zukunft-dresden-mit-oder-ohne-jazztage-dresden-bewerbungsfrist-verlaengert-radio-oe1-jazz-stipendium-2020\/\" \/>\n<meta property=\"og:site_name\" content=\"JazzZeitung\" \/>\n<meta property=\"article:publisher\" content=\"https:\/\/www.facebook.com\/JazzZeitung\/\" \/>\n<meta property=\"article:published_time\" content=\"2020-05-12T08:40:27+00:00\" \/>\n<meta property=\"og:image\" content=\"https:\/\/i0.wp.com\/www.jazzzeitung.de\/cms\/wp-content\/uploads\/2020\/05\/pub-3284641_1920.jpg?fit=1920%2C1280&ssl=1\" \/>\n\t<meta property=\"og:image:width\" content=\"1920\" \/>\n\t<meta property=\"og:image:height\" content=\"1280\" \/>\n\t<meta property=\"og:image:type\" content=\"image\/jpeg\" \/>\n<meta name=\"author\" content=\"Redaktion JazzZeitung\" \/>\n<script type=\"application\/ld+json\" class=\"yoast-schema-graph\">{\"@context\":\"https:\\\/\\\/schema.org\",\"@graph\":[{\"@type\":\"Article\",\"@id\":\"https:\\\/\\\/www.jazzzeitung.de\\\/cms\\\/2020\\\/05\\\/news-zukunft-dresden-mit-oder-ohne-jazztage-dresden-bewerbungsfrist-verlaengert-radio-oe1-jazz-stipendium-2020\\\/#article\",\"isPartOf\":{\"@id\":\"https:\\\/\\\/www.jazzzeitung.de\\\/cms\\\/2020\\\/05\\\/news-zukunft-dresden-mit-oder-ohne-jazztage-dresden-bewerbungsfrist-verlaengert-radio-oe1-jazz-stipendium-2020\\\/\"},\"author\":{\"name\":\"Redaktion JazzZeitung\",\"@id\":\"https:\\\/\\\/www.jazzzeitung.de\\\/cms\\\/#\\\/schema\\\/person\\\/2245b36b9cd1d24cea10f01c031fb92b\"},\"headline\":\"+++ news +++ Zukunft Dresden: mit oder ohne Jazztage Dresden? +++ Bewerbungsfrist verl\u00e4ngert: Radio \u00d61 Jazz-Stipendium 2020 +++\",\"datePublished\":\"2020-05-12T08:40:27+00:00\",\"mainEntityOfPage\":{\"@id\":\"https:\\\/\\\/www.jazzzeitung.de\\\/cms\\\/2020\\\/05\\\/news-zukunft-dresden-mit-oder-ohne-jazztage-dresden-bewerbungsfrist-verlaengert-radio-oe1-jazz-stipendium-2020\\\/\"},\"wordCount\":757,\"commentCount\":0,\"publisher\":{\"@id\":\"https:\\\/\\\/www.jazzzeitung.de\\\/cms\\\/#organization\"},\"image\":{\"@id\":\"https:\\\/\\\/www.jazzzeitung.de\\\/cms\\\/2020\\\/05\\\/news-zukunft-dresden-mit-oder-ohne-jazztage-dresden-bewerbungsfrist-verlaengert-radio-oe1-jazz-stipendium-2020\\\/#primaryimage\"},\"thumbnailUrl\":\"https:\\\/\\\/i0.wp.com\\\/www.jazzzeitung.de\\\/cms\\\/wp-content\\\/uploads\\\/2020\\\/05\\\/pub-3284641_1920.jpg?fit=1920%2C1280&ssl=1\",\"keywords\":[\"Bewerbung\",\"Corona\",\"Dresden\",\"JAM MUSIC LAB Private University for Jazz and Popular Music Vienna\",\"Jazz\",\"Jazztage Dresden\",\"Kulturentwicklungsplan der Stadt Dresden\",\"Kulturpolitik\",\"\u00d61 Jazz Stipendium\",\"Stpendium\"],\"articleSection\":[\"News\"],\"inLanguage\":\"de\",\"potentialAction\":[{\"@type\":\"CommentAction\",\"name\":\"Comment\",\"target\":[\"https:\\\/\\\/www.jazzzeitung.de\\\/cms\\\/2020\\\/05\\\/news-zukunft-dresden-mit-oder-ohne-jazztage-dresden-bewerbungsfrist-verlaengert-radio-oe1-jazz-stipendium-2020\\\/#respond\"]}]},{\"@type\":\"WebPage\",\"@id\":\"https:\\\/\\\/www.jazzzeitung.de\\\/cms\\\/2020\\\/05\\\/news-zukunft-dresden-mit-oder-ohne-jazztage-dresden-bewerbungsfrist-verlaengert-radio-oe1-jazz-stipendium-2020\\\/\",\"url\":\"https:\\\/\\\/www.jazzzeitung.de\\\/cms\\\/2020\\\/05\\\/news-zukunft-dresden-mit-oder-ohne-jazztage-dresden-bewerbungsfrist-verlaengert-radio-oe1-jazz-stipendium-2020\\\/\",\"name\":\"+++ news +++ Zukunft Dresden: mit oder ohne Jazztage Dresden? +++ Bewerbungsfrist verl\u00e4ngert: Radio \u00d61 Jazz-Stipendium 2020 +++ - JazzZeitung\",\"isPartOf\":{\"@id\":\"https:\\\/\\\/www.jazzzeitung.de\\\/cms\\\/#website\"},\"primaryImageOfPage\":{\"@id\":\"https:\\\/\\\/www.jazzzeitung.de\\\/cms\\\/2020\\\/05\\\/news-zukunft-dresden-mit-oder-ohne-jazztage-dresden-bewerbungsfrist-verlaengert-radio-oe1-jazz-stipendium-2020\\\/#primaryimage\"},\"image\":{\"@id\":\"https:\\\/\\\/www.jazzzeitung.de\\\/cms\\\/2020\\\/05\\\/news-zukunft-dresden-mit-oder-ohne-jazztage-dresden-bewerbungsfrist-verlaengert-radio-oe1-jazz-stipendium-2020\\\/#primaryimage\"},\"thumbnailUrl\":\"https:\\\/\\\/i0.wp.com\\\/www.jazzzeitung.de\\\/cms\\\/wp-content\\\/uploads\\\/2020\\\/05\\\/pub-3284641_1920.jpg?fit=1920%2C1280&ssl=1\",\"datePublished\":\"2020-05-12T08:40:27+00:00\",\"breadcrumb\":{\"@id\":\"https:\\\/\\\/www.jazzzeitung.de\\\/cms\\\/2020\\\/05\\\/news-zukunft-dresden-mit-oder-ohne-jazztage-dresden-bewerbungsfrist-verlaengert-radio-oe1-jazz-stipendium-2020\\\/#breadcrumb\"},\"inLanguage\":\"de\",\"potentialAction\":[{\"@type\":\"ReadAction\",\"target\":[\"https:\\\/\\\/www.jazzzeitung.de\\\/cms\\\/2020\\\/05\\\/news-zukunft-dresden-mit-oder-ohne-jazztage-dresden-bewerbungsfrist-verlaengert-radio-oe1-jazz-stipendium-2020\\\/\"]}]},{\"@type\":\"ImageObject\",\"inLanguage\":\"de\",\"@id\":\"https:\\\/\\\/www.jazzzeitung.de\\\/cms\\\/2020\\\/05\\\/news-zukunft-dresden-mit-oder-ohne-jazztage-dresden-bewerbungsfrist-verlaengert-radio-oe1-jazz-stipendium-2020\\\/#primaryimage\",\"url\":\"https:\\\/\\\/i0.wp.com\\\/www.jazzzeitung.de\\\/cms\\\/wp-content\\\/uploads\\\/2020\\\/05\\\/pub-3284641_1920.jpg?fit=1920%2C1280&ssl=1\",\"contentUrl\":\"https:\\\/\\\/i0.wp.com\\\/www.jazzzeitung.de\\\/cms\\\/wp-content\\\/uploads\\\/2020\\\/05\\\/pub-3284641_1920.jpg?fit=1920%2C1280&ssl=1\",\"width\":1920,\"height\":1280},{\"@type\":\"BreadcrumbList\",\"@id\":\"https:\\\/\\\/www.jazzzeitung.de\\\/cms\\\/2020\\\/05\\\/news-zukunft-dresden-mit-oder-ohne-jazztage-dresden-bewerbungsfrist-verlaengert-radio-oe1-jazz-stipendium-2020\\\/#breadcrumb\",\"itemListElement\":[{\"@type\":\"ListItem\",\"position\":1,\"name\":\"Startseite\",\"item\":\"https:\\\/\\\/www.jazzzeitung.de\\\/cms\\\/\"},{\"@type\":\"ListItem\",\"position\":2,\"name\":\"+++ news +++ Zukunft Dresden: mit oder ohne Jazztage Dresden? +++ Bewerbungsfrist verl\u00e4ngert: Radio \u00d61 Jazz-Stipendium 2020 +++\"}]},{\"@type\":\"WebSite\",\"@id\":\"https:\\\/\\\/www.jazzzeitung.de\\\/cms\\\/#website\",\"url\":\"https:\\\/\\\/www.jazzzeitung.de\\\/cms\\\/\",\"name\":\"JazzZeitung\",\"description\":\"Jazz-News und Jazz-Kontroverses\",\"publisher\":{\"@id\":\"https:\\\/\\\/www.jazzzeitung.de\\\/cms\\\/#organization\"},\"potentialAction\":[{\"@type\":\"SearchAction\",\"target\":{\"@type\":\"EntryPoint\",\"urlTemplate\":\"https:\\\/\\\/www.jazzzeitung.de\\\/cms\\\/?s={search_term_string}\"},\"query-input\":{\"@type\":\"PropertyValueSpecification\",\"valueRequired\":true,\"valueName\":\"search_term_string\"}}],\"inLanguage\":\"de\"},{\"@type\":\"Organization\",\"@id\":\"https:\\\/\\\/www.jazzzeitung.de\\\/cms\\\/#organization\",\"name\":\"JazzZeitung online\",\"url\":\"https:\\\/\\\/www.jazzzeitung.de\\\/cms\\\/\",\"logo\":{\"@type\":\"ImageObject\",\"inLanguage\":\"de\",\"@id\":\"https:\\\/\\\/www.jazzzeitung.de\\\/cms\\\/#\\\/schema\\\/logo\\\/image\\\/\",\"url\":\"https:\\\/\\\/i0.wp.com\\\/www.jazzzeitung.de\\\/cms\\\/wp-content\\\/uploads\\\/2015\\\/08\\\/JAZZZEITUNGDE_Logo_Neu.png?fit=499%2C200&ssl=1\",\"contentUrl\":\"https:\\\/\\\/i0.wp.com\\\/www.jazzzeitung.de\\\/cms\\\/wp-content\\\/uploads\\\/2015\\\/08\\\/JAZZZEITUNGDE_Logo_Neu.png?fit=499%2C200&ssl=1\",\"width\":499,\"height\":200,\"caption\":\"JazzZeitung online\"},\"image\":{\"@id\":\"https:\\\/\\\/www.jazzzeitung.de\\\/cms\\\/#\\\/schema\\\/logo\\\/image\\\/\"},\"sameAs\":[\"https:\\\/\\\/www.facebook.com\\\/JazzZeitung\\\/\"]},{\"@type\":\"Person\",\"@id\":\"https:\\\/\\\/www.jazzzeitung.de\\\/cms\\\/#\\\/schema\\\/person\\\/2245b36b9cd1d24cea10f01c031fb92b\",\"name\":\"Redaktion JazzZeitung\",\"image\":{\"@type\":\"ImageObject\",\"inLanguage\":\"de\",\"@id\":\"https:\\\/\\\/i0.wp.com\\\/www.jazzzeitung.de\\\/cms\\\/wp-content\\\/uploads\\\/2015\\\/08\\\/JAZZZEITUNGDE_Logo_Neu.png?resize=96%2C96&ssl=159975dcacb611b5700bd619b5daf0a7a\",\"url\":\"https:\\\/\\\/i0.wp.com\\\/www.jazzzeitung.de\\\/cms\\\/wp-content\\\/uploads\\\/2015\\\/08\\\/JAZZZEITUNGDE_Logo_Neu.png?resize=96%2C96&ssl=1\",\"contentUrl\":\"https:\\\/\\\/i0.wp.com\\\/www.jazzzeitung.de\\\/cms\\\/wp-content\\\/uploads\\\/2015\\\/08\\\/JAZZZEITUNGDE_Logo_Neu.png?resize=96%2C96&ssl=1\",\"caption\":\"Redaktion JazzZeitung\"},\"description\":\"Artikel der Redaktion der JazzZeitung.\",\"sameAs\":[\"http:\\\/\\\/www.jazzzeitung.de\\\/cms\\\/\"],\"url\":\"https:\\\/\\\/www.jazzzeitung.de\\\/cms\\\/author\\\/redaktion\\\/\"}]}<\/script>\n<!-- \/ Yoast SEO plugin. -->","yoast_head_json":{"title":"+++ news +++ Zukunft Dresden: mit oder ohne Jazztage Dresden? +++ Bewerbungsfrist verl\u00e4ngert: Radio \u00d61 Jazz-Stipendium 2020 +++ - JazzZeitung","robots":{"index":"index","follow":"follow","max-snippet":"max-snippet:-1","max-image-preview":"max-image-preview:large","max-video-preview":"max-video-preview:-1"},"canonical":"https:\/\/www.jazzzeitung.de\/cms\/2020\/05\/news-zukunft-dresden-mit-oder-ohne-jazztage-dresden-bewerbungsfrist-verlaengert-radio-oe1-jazz-stipendium-2020\/","og_locale":"de_DE","og_type":"article","og_title":"+++ news +++ Zukunft Dresden: mit oder ohne Jazztage Dresden? +++ Bewerbungsfrist verl\u00e4ngert: Radio \u00d61 Jazz-Stipendium 2020 +++ - JazzZeitung","og_description":"+++ Pressemitteilung des Teams der Jazztage Dresden +++ Eine sch\u00f6ne Sache k\u00f6nnen wir der aktuellen Situation abgewinnen \u2013 wir h\u00f6ren \u00f6fter voneinander. Wir sind im Gespr\u00e4ch mit zahlreichen politischen Akteuren, ben\u00f6tigen aber Ihre breite Unterst\u00fctzung gerade jetzt in Bezug auf die Kulturentwicklung der Stadt Dresden. Hier hei\u00dft es simpel: Wir danken f\u00fcr die ersten zahlreichen Spenden auf den letzten Newsletter, wodurch schon knapp 10.000 \u20ac zusammen gekommen sind. Aber ohne Stadt und Staat werden die gemeinn\u00fctzigen Jazztage Dresden wie auch gro\u00dfe Teile der freien Kulturszene nicht \u00fcberleben. Die 9000 \u20ac Unternehmens Soforthilfe wurde gew\u00e4hrt, aber der SAB-Kredit \u00fcber 100.000 \u20ac zur Absicherung dieses Jahres kann nicht beantragt werden, weil leider in Sachsen gemeinn\u00fctzige Institutionen von der Hilfe ausgenommen sind. Mitte April nun wurde der neue Kulturentwicklungsplan der Stadt Dresden ver\u00f6ffentlicht und liegt im Zuge der B\u00fcrgerbeteiligung seit Montag, 11. Mai zum Kommentieren aus. In ALLEN 5 benannten Schwerpunkten des Bereiches Musik (ab Seite 64) \u201eExzellenz f\u00f6rdern, international agieren, Zeitgenossenschaft demonstrieren, musikalische Bildung intensivieren, Partizipation \u2026 st\u00e4rken\u201c k\u00f6nnen die Jazztage punkten. Benannt zur Durchf\u00fchrung werden in allen Punkten fast ausschlie\u00dflich die 3 gro\u00dfen St\u00e4dtischen Einrichtungen Philharmonie, &hellip;","og_url":"https:\/\/www.jazzzeitung.de\/cms\/2020\/05\/news-zukunft-dresden-mit-oder-ohne-jazztage-dresden-bewerbungsfrist-verlaengert-radio-oe1-jazz-stipendium-2020\/","og_site_name":"JazzZeitung","article_publisher":"https:\/\/www.facebook.com\/JazzZeitung\/","article_published_time":"2020-05-12T08:40:27+00:00","og_image":[{"width":1920,"height":1280,"url":"https:\/\/i0.wp.com\/www.jazzzeitung.de\/cms\/wp-content\/uploads\/2020\/05\/pub-3284641_1920.jpg?fit=1920%2C1280&ssl=1","type":"image\/jpeg"}],"author":"Redaktion JazzZeitung","schema":{"@context":"https:\/\/schema.org","@graph":[{"@type":"Article","@id":"https:\/\/www.jazzzeitung.de\/cms\/2020\/05\/news-zukunft-dresden-mit-oder-ohne-jazztage-dresden-bewerbungsfrist-verlaengert-radio-oe1-jazz-stipendium-2020\/#article","isPartOf":{"@id":"https:\/\/www.jazzzeitung.de\/cms\/2020\/05\/news-zukunft-dresden-mit-oder-ohne-jazztage-dresden-bewerbungsfrist-verlaengert-radio-oe1-jazz-stipendium-2020\/"},"author":{"name":"Redaktion JazzZeitung","@id":"https:\/\/www.jazzzeitung.de\/cms\/#\/schema\/person\/2245b36b9cd1d24cea10f01c031fb92b"},"headline":"+++ news +++ Zukunft Dresden: mit oder ohne Jazztage Dresden? +++ Bewerbungsfrist verl\u00e4ngert: Radio \u00d61 Jazz-Stipendium 2020 +++","datePublished":"2020-05-12T08:40:27+00:00","mainEntityOfPage":{"@id":"https:\/\/www.jazzzeitung.de\/cms\/2020\/05\/news-zukunft-dresden-mit-oder-ohne-jazztage-dresden-bewerbungsfrist-verlaengert-radio-oe1-jazz-stipendium-2020\/"},"wordCount":757,"commentCount":0,"publisher":{"@id":"https:\/\/www.jazzzeitung.de\/cms\/#organization"},"image":{"@id":"https:\/\/www.jazzzeitung.de\/cms\/2020\/05\/news-zukunft-dresden-mit-oder-ohne-jazztage-dresden-bewerbungsfrist-verlaengert-radio-oe1-jazz-stipendium-2020\/#primaryimage"},"thumbnailUrl":"https:\/\/i0.wp.com\/www.jazzzeitung.de\/cms\/wp-content\/uploads\/2020\/05\/pub-3284641_1920.jpg?fit=1920%2C1280&ssl=1","keywords":["Bewerbung","Corona","Dresden","JAM MUSIC LAB Private University for Jazz and Popular Music Vienna","Jazz","Jazztage Dresden","Kulturentwicklungsplan der Stadt Dresden","Kulturpolitik","\u00d61 Jazz Stipendium","Stpendium"],"articleSection":["News"],"inLanguage":"de","potentialAction":[{"@type":"CommentAction","name":"Comment","target":["https:\/\/www.jazzzeitung.de\/cms\/2020\/05\/news-zukunft-dresden-mit-oder-ohne-jazztage-dresden-bewerbungsfrist-verlaengert-radio-oe1-jazz-stipendium-2020\/#respond"]}]},{"@type":"WebPage","@id":"https:\/\/www.jazzzeitung.de\/cms\/2020\/05\/news-zukunft-dresden-mit-oder-ohne-jazztage-dresden-bewerbungsfrist-verlaengert-radio-oe1-jazz-stipendium-2020\/","url":"https:\/\/www.jazzzeitung.de\/cms\/2020\/05\/news-zukunft-dresden-mit-oder-ohne-jazztage-dresden-bewerbungsfrist-verlaengert-radio-oe1-jazz-stipendium-2020\/","name":"+++ news +++ Zukunft Dresden: mit oder ohne Jazztage Dresden? +++ Bewerbungsfrist verl\u00e4ngert: Radio \u00d61 Jazz-Stipendium 2020 +++ - JazzZeitung","isPartOf":{"@id":"https:\/\/www.jazzzeitung.de\/cms\/#website"},"primaryImageOfPage":{"@id":"https:\/\/www.jazzzeitung.de\/cms\/2020\/05\/news-zukunft-dresden-mit-oder-ohne-jazztage-dresden-bewerbungsfrist-verlaengert-radio-oe1-jazz-stipendium-2020\/#primaryimage"},"image":{"@id":"https:\/\/www.jazzzeitung.de\/cms\/2020\/05\/news-zukunft-dresden-mit-oder-ohne-jazztage-dresden-bewerbungsfrist-verlaengert-radio-oe1-jazz-stipendium-2020\/#primaryimage"},"thumbnailUrl":"https:\/\/i0.wp.com\/www.jazzzeitung.de\/cms\/wp-content\/uploads\/2020\/05\/pub-3284641_1920.jpg?fit=1920%2C1280&ssl=1","datePublished":"2020-05-12T08:40:27+00:00","breadcrumb":{"@id":"https:\/\/www.jazzzeitung.de\/cms\/2020\/05\/news-zukunft-dresden-mit-oder-ohne-jazztage-dresden-bewerbungsfrist-verlaengert-radio-oe1-jazz-stipendium-2020\/#breadcrumb"},"inLanguage":"de","potentialAction":[{"@type":"ReadAction","target":["https:\/\/www.jazzzeitung.de\/cms\/2020\/05\/news-zukunft-dresden-mit-oder-ohne-jazztage-dresden-bewerbungsfrist-verlaengert-radio-oe1-jazz-stipendium-2020\/"]}]},{"@type":"ImageObject","inLanguage":"de","@id":"https:\/\/www.jazzzeitung.de\/cms\/2020\/05\/news-zukunft-dresden-mit-oder-ohne-jazztage-dresden-bewerbungsfrist-verlaengert-radio-oe1-jazz-stipendium-2020\/#primaryimage","url":"https:\/\/i0.wp.com\/www.jazzzeitung.de\/cms\/wp-content\/uploads\/2020\/05\/pub-3284641_1920.jpg?fit=1920%2C1280&ssl=1","contentUrl":"https:\/\/i0.wp.com\/www.jazzzeitung.de\/cms\/wp-content\/uploads\/2020\/05\/pub-3284641_1920.jpg?fit=1920%2C1280&ssl=1","width":1920,"height":1280},{"@type":"BreadcrumbList","@id":"https:\/\/www.jazzzeitung.de\/cms\/2020\/05\/news-zukunft-dresden-mit-oder-ohne-jazztage-dresden-bewerbungsfrist-verlaengert-radio-oe1-jazz-stipendium-2020\/#breadcrumb","itemListElement":[{"@type":"ListItem","position":1,"name":"Startseite","item":"https:\/\/www.jazzzeitung.de\/cms\/"},{"@type":"ListItem","position":2,"name":"+++ news +++ Zukunft Dresden: mit oder ohne Jazztage Dresden? +++ Bewerbungsfrist verl\u00e4ngert: Radio \u00d61 Jazz-Stipendium 2020 +++"}]},{"@type":"WebSite","@id":"https:\/\/www.jazzzeitung.de\/cms\/#website","url":"https:\/\/www.jazzzeitung.de\/cms\/","name":"JazzZeitung","description":"Jazz-News und Jazz-Kontroverses","publisher":{"@id":"https:\/\/www.jazzzeitung.de\/cms\/#organization"},"potentialAction":[{"@type":"SearchAction","target":{"@type":"EntryPoint","urlTemplate":"https:\/\/www.jazzzeitung.de\/cms\/?s={search_term_string}"},"query-input":{"@type":"PropertyValueSpecification","valueRequired":true,"valueName":"search_term_string"}}],"inLanguage":"de"},{"@type":"Organization","@id":"https:\/\/www.jazzzeitung.de\/cms\/#organization","name":"JazzZeitung online","url":"https:\/\/www.jazzzeitung.de\/cms\/","logo":{"@type":"ImageObject","inLanguage":"de","@id":"https:\/\/www.jazzzeitung.de\/cms\/#\/schema\/logo\/image\/","url":"https:\/\/i0.wp.com\/www.jazzzeitung.de\/cms\/wp-content\/uploads\/2015\/08\/JAZZZEITUNGDE_Logo_Neu.png?fit=499%2C200&ssl=1","contentUrl":"https:\/\/i0.wp.com\/www.jazzzeitung.de\/cms\/wp-content\/uploads\/2015\/08\/JAZZZEITUNGDE_Logo_Neu.png?fit=499%2C200&ssl=1","width":499,"height":200,"caption":"JazzZeitung online"},"image":{"@id":"https:\/\/www.jazzzeitung.de\/cms\/#\/schema\/logo\/image\/"},"sameAs":["https:\/\/www.facebook.com\/JazzZeitung\/"]},{"@type":"Person","@id":"https:\/\/www.jazzzeitung.de\/cms\/#\/schema\/person\/2245b36b9cd1d24cea10f01c031fb92b","name":"Redaktion JazzZeitung","image":{"@type":"ImageObject","inLanguage":"de","@id":"https:\/\/i0.wp.com\/www.jazzzeitung.de\/cms\/wp-content\/uploads\/2015\/08\/JAZZZEITUNGDE_Logo_Neu.png?resize=96%2C96&ssl=159975dcacb611b5700bd619b5daf0a7a","url":"https:\/\/i0.wp.com\/www.jazzzeitung.de\/cms\/wp-content\/uploads\/2015\/08\/JAZZZEITUNGDE_Logo_Neu.png?resize=96%2C96&ssl=1","contentUrl":"https:\/\/i0.wp.com\/www.jazzzeitung.de\/cms\/wp-content\/uploads\/2015\/08\/JAZZZEITUNGDE_Logo_Neu.png?resize=96%2C96&ssl=1","caption":"Redaktion JazzZeitung"},"description":"Artikel der Redaktion der JazzZeitung.","sameAs":["http:\/\/www.jazzzeitung.de\/cms\/"],"url":"https:\/\/www.jazzzeitung.de\/cms\/author\/redaktion\/"}]}},"wp-worthy-pixel":{"ignored":false,"public":null,"server":null,"url":null},"wp-worthy-type":"normal","jetpack_publicize_connections":[],"cc_featured_image_caption":{"caption_text":"","source_text":"","source_url":""},"jetpack_featured_media_url":"https:\/\/i0.wp.com\/www.jazzzeitung.de\/cms\/wp-content\/uploads\/2020\/05\/pub-3284641_1920.jpg?fit=1920%2C1280&ssl=1","jetpack_shortlink":"https:\/\/wp.me\/p3KEcT-5R9","jetpack-related-posts":[{"id":577,"url":"https:\/\/www.jazzzeitung.de\/cms\/2010\/11\/jazztage-dresden-senden-s-o-s\/","url_meta":{"origin":22515,"position":0},"title":"Jazztage Dresden senden S.O.S","author":"J\u00f6rg Lichtinger","date":"19. November 2010","format":false,"excerpt":"Bitter f\u00fcr die chronisch defizit\u00e4r arbeitendenden Jazztage Dresden: Bei der k\u00fcrzlich zu Ende gegangenen Ausgabe 2010 hat das Festival mit rund 13.000 Besuchern einen Rekord aufgestellt, obwohl man aus Geldmangel sowohl das Werbebudget um 75 % k\u00fcrzen, als auch die Dauer des Festivals um f\u00fcnf Tage reduzieren musste. Trotzdem steht\u2026","rel":"","context":"In &quot;Blog&quot;","block_context":{"text":"Blog","link":"https:\/\/www.jazzzeitung.de\/cms\/thema\/blog\/"},"img":{"alt_text":"logo","src":"https:\/\/i0.wp.com\/www.jazzzeitung.de\/cms\/wp-content\/uploads\/2010\/11\/logo.png?resize=350%2C200","width":350,"height":200},"classes":[]},{"id":10703,"url":"https:\/\/www.jazzzeitung.de\/cms\/2016\/11\/von-unkersdorf-an-den-elbestrand-die-16-jazztage-dresden-widmen-sich-den-lebenden-legenden\/","url_meta":{"origin":22515,"position":1},"title":"Geschichtsbewusst: Die 16. Jazztage Dresden widmen sich den lebenden Legenden","author":"Redaktion JazzZeitung","date":"3. November 2016","format":false,"excerpt":"Der 16. Festivaljahrgang der Jazztage Dresden ist ganz dem Thema LIVING LEGENDS gewidmet und somit den Stars und Legenden des Jazz. Mit dabei sind einerseits Al Jarreau (Foto. (c) Yvonne Schmedemann), Stanley Clarke, Klaus Doldinger, Chris Barber und Al di Meola, die nach wie vor auf den B\u00fchnen dieser Welt\u2026","rel":"","context":"In &quot;News&quot;","block_context":{"text":"News","link":"https:\/\/www.jazzzeitung.de\/cms\/thema\/nachrichten\/"},"img":{"alt_text":"","src":"https:\/\/i0.wp.com\/www.jazzzeitung.de\/cms\/wp-content\/uploads\/2016\/11\/16-11-05_Al-Jarreau-NDR-Bigband_Erlwein-Capitol_JT16%C2%A9-Yvonne-Schmedemann_Ensemble_2.jpg?fit=1200%2C795&ssl=1&resize=350%2C200","width":350,"height":200,"srcset":"https:\/\/i0.wp.com\/www.jazzzeitung.de\/cms\/wp-content\/uploads\/2016\/11\/16-11-05_Al-Jarreau-NDR-Bigband_Erlwein-Capitol_JT16%C2%A9-Yvonne-Schmedemann_Ensemble_2.jpg?fit=1200%2C795&ssl=1&resize=350%2C200 1x, https:\/\/i0.wp.com\/www.jazzzeitung.de\/cms\/wp-content\/uploads\/2016\/11\/16-11-05_Al-Jarreau-NDR-Bigband_Erlwein-Capitol_JT16%C2%A9-Yvonne-Schmedemann_Ensemble_2.jpg?fit=1200%2C795&ssl=1&resize=525%2C300 1.5x, https:\/\/i0.wp.com\/www.jazzzeitung.de\/cms\/wp-content\/uploads\/2016\/11\/16-11-05_Al-Jarreau-NDR-Bigband_Erlwein-Capitol_JT16%C2%A9-Yvonne-Schmedemann_Ensemble_2.jpg?fit=1200%2C795&ssl=1&resize=700%2C400 2x, https:\/\/i0.wp.com\/www.jazzzeitung.de\/cms\/wp-content\/uploads\/2016\/11\/16-11-05_Al-Jarreau-NDR-Bigband_Erlwein-Capitol_JT16%C2%A9-Yvonne-Schmedemann_Ensemble_2.jpg?fit=1200%2C795&ssl=1&resize=1050%2C600 3x"},"classes":[]},{"id":2575,"url":"https:\/\/www.jazzzeitung.de\/cms\/2013\/10\/jazztage-dresden\/","url_meta":{"origin":22515,"position":2},"title":"Jazztage Dresden","author":"Redaktion JazzZeitung","date":"30. Oktober 2013","format":false,"excerpt":"Die Jazztage in Dresden stehen wieder vor der T\u00fcr: Am 8. November 2013 startet das l\u00e4ngste Jazzfestival Mitteldeutschlands. Es hat im 13. Jahr seines Bestehens noch mehr zu bieten \u2013 noch mehr Bands, noch mehr Konzerte, noch mehr Spielst\u00e4tten, noch mehr Jazz \u2013 als je zuvor. Unter dem Motto international\u2026","rel":"","context":"In &quot;News&quot;","block_context":{"text":"News","link":"https:\/\/www.jazzzeitung.de\/cms\/thema\/nachrichten\/"},"img":{"alt_text":"Jazztage Dresden","src":"http:\/\/www.jazzzeitung.de\/cms\/wp-content\/uploads\/2013\/10\/Jazztage-Dresden.bmp","width":350,"height":200},"classes":[]},{"id":23624,"url":"https:\/\/www.jazzzeitung.de\/cms\/2020\/10\/daniele-ganser-bei-den-jazztagen-dresden-ein-politikum\/","url_meta":{"origin":22515,"position":3},"title":"Daniele Ganser bei den Jazztagen Dresden &#8211; ein Politikum","author":"Redaktion JazzZeitung","date":"14. Oktober 2020","format":false,"excerpt":"Gro\u00dfe Aufregung um den Vortrag von Daniele Ganser bei den Jazztagen Dresden, die am 21. Oktober 2020 starten. Es erreichten uns einige Mails von Kritikern. Wir als Medium haben nun gesammelt und stellen unseren Leserinnen und Lesern unzensiert und objektiv folgende Informationen zur Verf\u00fcgung: Stellungnahme der Jazztage Dresden Seit Ende\u2026","rel":"","context":"In &quot;News&quot;","block_context":{"text":"News","link":"https:\/\/www.jazzzeitung.de\/cms\/thema\/nachrichten\/"},"img":{"alt_text":"","src":"https:\/\/i0.wp.com\/www.jazzzeitung.de\/cms\/wp-content\/uploads\/2020\/10\/micro-1494436_1920.jpg?fit=1200%2C800&ssl=1&resize=350%2C200","width":350,"height":200,"srcset":"https:\/\/i0.wp.com\/www.jazzzeitung.de\/cms\/wp-content\/uploads\/2020\/10\/micro-1494436_1920.jpg?fit=1200%2C800&ssl=1&resize=350%2C200 1x, https:\/\/i0.wp.com\/www.jazzzeitung.de\/cms\/wp-content\/uploads\/2020\/10\/micro-1494436_1920.jpg?fit=1200%2C800&ssl=1&resize=525%2C300 1.5x, https:\/\/i0.wp.com\/www.jazzzeitung.de\/cms\/wp-content\/uploads\/2020\/10\/micro-1494436_1920.jpg?fit=1200%2C800&ssl=1&resize=700%2C400 2x, https:\/\/i0.wp.com\/www.jazzzeitung.de\/cms\/wp-content\/uploads\/2020\/10\/micro-1494436_1920.jpg?fit=1200%2C800&ssl=1&resize=1050%2C600 3x"},"classes":[]},{"id":9361,"url":"https:\/\/www.jazzzeitung.de\/cms\/2016\/05\/news-mehrere-jazzevents-klopfen-der-tuer-erdingen-goerlitz-und-im-spaetherbst-dresden\/","url_meta":{"origin":22515,"position":4},"title":"+++ News: +++ Mehrere Jazzevents klopfen an der T\u00fcr: Erding, G\u00f6rlitz und im Sp\u00e4therbst: Dresden +++","author":"Redaktion JazzZeitung","date":"20. Mai 2016","format":false,"excerpt":"Einige Jazzevents klopfen nun an die T\u00fcr \u2013 beginnend am 25. Mai in Erding \u00fcber G\u00f6rlitz am 26. Mai bis nach Dresden, wo am 2. Juni der Kartenvorverkauf f\u00fcr die Dresdener Jazztage startet. Am Mittwoch geht es wieder los mit den Konzerten des Jazz Project Erding im renovierten und neu\u2026","rel":"","context":"In &quot;News&quot;","block_context":{"text":"News","link":"https:\/\/www.jazzzeitung.de\/cms\/thema\/nachrichten\/"},"img":{"alt_text":"","src":"https:\/\/i0.wp.com\/www.jazzzeitung.de\/cms\/wp-content\/uploads\/2016\/05\/JazzLegends-feat-Julia-Schroeter_800x367_4w3.jpg?resize=350%2C200","width":350,"height":200},"classes":[]},{"id":6531,"url":"https:\/\/www.jazzzeitung.de\/cms\/2015\/07\/dresden-kuendigt-jazzclub-tonne\/","url_meta":{"origin":22515,"position":5},"title":"Dresden k\u00fcndigt Jazzclub Tonne","author":"Michael Ernst","date":"8. Juli 2015","format":false,"excerpt":"Wie die s\u00e4chsische Landeshauptstadt Dresden mit einem Kleinod des Jazz umgeht: Bei Problemen wird dicht gemacht! Erst steht der Dresdner Jazzclub Tonne im Regen, weil das Geb\u00e4ude undicht ist. Daraufhin wird die Spielst\u00e4tte dicht gemacht (und nicht etwa abgedichtet). Weil das alles nix hilft, werden die Veranstalter auf die Stra\u00dfe\u2026","rel":"","context":"In &quot;Bericht&quot;","block_context":{"text":"Bericht","link":"https:\/\/www.jazzzeitung.de\/cms\/thema\/bericht\/"},"img":{"alt_text":"Alles in die Tonne. Foto: Hufner","src":"https:\/\/i0.wp.com\/www.jazzzeitung.de\/cms\/wp-content\/uploads\/2015\/07\/fuer_die_tonne_c_hufner-800x600.jpg?resize=350%2C200","width":350,"height":200,"srcset":"https:\/\/i0.wp.com\/www.jazzzeitung.de\/cms\/wp-content\/uploads\/2015\/07\/fuer_die_tonne_c_hufner-800x600.jpg?resize=350%2C200 1x, https:\/\/i0.wp.com\/www.jazzzeitung.de\/cms\/wp-content\/uploads\/2015\/07\/fuer_die_tonne_c_hufner-800x600.jpg?resize=525%2C300 1.5x"},"classes":[]}],"jetpack_sharing_enabled":true,"_links":{"self":[{"href":"https:\/\/www.jazzzeitung.de\/cms\/wp-json\/wp\/v2\/posts\/22515","targetHints":{"allow":["GET"]}}],"collection":[{"href":"https:\/\/www.jazzzeitung.de\/cms\/wp-json\/wp\/v2\/posts"}],"about":[{"href":"https:\/\/www.jazzzeitung.de\/cms\/wp-json\/wp\/v2\/types\/post"}],"author":[{"embeddable":true,"href":"https:\/\/www.jazzzeitung.de\/cms\/wp-json\/wp\/v2\/users\/18"}],"replies":[{"embeddable":true,"href":"https:\/\/www.jazzzeitung.de\/cms\/wp-json\/wp\/v2\/comments?post=22515"}],"version-history":[{"count":1,"href":"https:\/\/www.jazzzeitung.de\/cms\/wp-json\/wp\/v2\/posts\/22515\/revisions"}],"predecessor-version":[{"id":22522,"href":"https:\/\/www.jazzzeitung.de\/cms\/wp-json\/wp\/v2\/posts\/22515\/revisions\/22522"}],"wp:featuredmedia":[{"embeddable":true,"href":"https:\/\/www.jazzzeitung.de\/cms\/wp-json\/wp\/v2\/media\/22521"}],"wp:attachment":[{"href":"https:\/\/www.jazzzeitung.de\/cms\/wp-json\/wp\/v2\/media?parent=22515"}],"wp:term":[{"taxonomy":"category","embeddable":true,"href":"https:\/\/www.jazzzeitung.de\/cms\/wp-json\/wp\/v2\/categories?post=22515"},{"taxonomy":"post_tag","embeddable":true,"href":"https:\/\/www.jazzzeitung.de\/cms\/wp-json\/wp\/v2\/tags?post=22515"},{"taxonomy":"author","embeddable":true,"href":"https:\/\/www.jazzzeitung.de\/cms\/wp-json\/wp\/v2\/coauthors?post=22515"}],"curies":[{"name":"wp","href":"https:\/\/api.w.org\/{rel}","templated":true}]}}