{"id":22504,"date":"2020-05-13T09:00:16","date_gmt":"2020-05-13T07:00:16","guid":{"rendered":"https:\/\/www.jazzzeitung.de\/cms\/?p=22504"},"modified":"2020-05-18T11:49:58","modified_gmt":"2020-05-18T09:49:58","slug":"newsjazz-day-germany-ins-leben-gerufenhr-sinfonieorchester-und-bigband-mit-stageseven-konzerten-nun-onlinekonzertabsagen-des-jazzclubs-huerth","status":"publish","type":"post","link":"https:\/\/www.jazzzeitung.de\/cms\/2020\/05\/newsjazz-day-germany-ins-leben-gerufenhr-sinfonieorchester-und-bigband-mit-stageseven-konzerten-nun-onlinekonzertabsagen-des-jazzclubs-huerth\/","title":{"rendered":"news+++Gemeinsamer Appell der Verb\u00e4nde an Bundesregierung+++Jazz Day Germany geht mit neuer Website online+++hr-Bigband und hr-Sinfonieorchester mit Stage@Seven-Konzerten nun online+++Konzertabsagen des Jazzclubs H\u00fcrth+++"},"content":{"rendered":"<h4>Gemeinsamer Appell: Deutsche Jazzunion fordert dringende Korrekturen bei Corona-Soforthilfen.<\/h4>\n<p>Berlin, 12.05.2020 | In einem gemeinsamen Appell fordern die Deutsche Jazzunion und zahlreiche andere Bundes- und Landesverb\u00e4nde verschiedener Sparten von der Bundesregierung dringende Korrekturen bei den Corona-Soforthilfen.<\/p>\n<p>Die aktuellen Regularien gingen an der Arbeitsrealit\u00e4t der soloselbst\u00e4ndigen Jazzmusiker<em>innen und Kunstschaffenden vorbei, hei\u00dft es in dem Appell, der unter anderem eine ausf\u00fchrliche Begr\u00fcndung umfasst, weshalb das von der Bundesregierung vorgesehene Sozialschutzpaket dem tats\u00e4chlichen Bedarf professionell und unternehmerisch t\u00e4tiger K\u00fcnstler<\/em>innen, die in der Coronakrise ihren Beruf nicht aus\u00fcben d\u00fcrfen, nicht gerecht wird.<\/p>\n<p>Zur Bewahrung der beruflichen Existenz tausender Jazzmusiker<em>innen und anderer freier K\u00fcnstler<\/em>innen vor dem wirtschaftlichen Ruin w\u00fcrden au\u00dferdem dringend passgenaue Konzepte ben\u00f6tigt, die \u00fcber den Zeithorizont der Soforthilfen hinausgehen und neben der Infrastruktur passgenaue individuelle Unterst\u00fctzung sicherstellen.<\/p>\n<p>In dem Appell hei\u00dft es:<\/p>\n<p><em>\u201eKultur wird von Menschen gemacht. Es ist richtig, die kulturelle Infrastruktur zu st\u00fctzen, das allein reicht aber nicht aus. Wenn die kulturelle Vielfalt in Deutschland erhalten werden soll, dann m\u00fcssen auch die aus\u00fcbenden K\u00fcnstler<\/em><em>innen individuell in die Lage versetzt werden, ihre Arbeit professionell fortzusetzen. (\u2026) Die Soloselbst\u00e4ndigen in den Bereichen Kunst und Kultur sind wichtige Protagonist<\/em>innen des kulturellen Lebens und zivilgesellschaftlicher Entwicklungen. Sie sind kritisches Korrektiv, pr\u00e4gen die Kultur der Metropolen und schaffen ein hochwertiges kulturelles Angebot an Orten &#8211; auch und besonders in der Fl\u00e4che &#8211; die durch die Institutionen nicht erreicht werden.\u201c<br \/>\nDer gemeinsame Appell als Download: <a href=\"https:\/\/deutsche-jazzunion.us17.list-manage.com\/track\/click?u=58be787bba4617a28b00e04d0&amp;id=b80892a5e8&amp;e=1874cb0abc\">https:\/\/tinyurl.com\/yatlb9lr<\/a><\/p>\n<p>Weitere Informationen:<a href=\"https:\/\/deutsche-jazzunion.us17.list-manage.com\/track\/click?u=58be787bba4617a28b00e04d0&amp;id=0e8b0a942d&amp;e=1874cb0abc\">www.deutsche-jazzunion.de<\/a><\/p>\n<h4>Der International Jazz Day mit neuer Website.<\/h4>\n<p>Internationaler Tag des Jazz ist der 30. April. Die 36. Generalkonferenz der UNESCO hatte ihn im November 2011 ausgerufen. Ziel des Gedenk- und Aktionstages ist, an \u201edie k\u00fcnstlerische Bedeutung des Jazz, seine Wurzeln und seine weltweiten Auswirkungen auf die kulturelle Entwicklung erinnern.&#8220;<\/p>\n<p>Coronabedingt gab es dieses Jahr keine Konzerte am International Jazz Day. P\u00fcntklich am 30.4.2020 ging die Jazz Day Germany Initiative aber trotz Ausgangsbeschr\u00e4nkungen und Co mit der neuen Website <a href=\"http:\/\/www.jazzdaygermany.de\">www.jazzdaygermany.de<\/a> online. 50 ausgew\u00e4hlte internationale K\u00fcnstler werden\u00a0 hier vorgestellt und es besteht die M\u00f6glichkeit, Dokumentationen, Musik etc. der K\u00fcnstler anzusehen. Auf diese Weise soll der Kontakt zwischen Musiker und Publikum nicht vollst\u00e4ndig abrei\u00dfen. Die Homepage Jazz Day Germany soll zeigen, dass \u00fcber das Coronavirus hinaus ein musikalisches Zusammenleben im digitalen Raum m\u00f6glich ist.<\/p>\n<h4>hr-Bigband\u00a0 und hr-Sinfonieorchester beeenden\u00a0 die Konzertsaison 2019\/20.<\/h4>\n<p>Durch die Regelung, dass in Hessen alle Veranstaltungen mit mehr als 100 Personen bis zum 31.8.2020 nicht stattfinden d\u00fcrfen, sieht sich das hr-Orchester gezwungen die Konzertsaison 2019\/20 f\u00fcr beendet zu erkl\u00e4ren. hr-Musikchef Michael Traub erkl\u00e4rte, dass die Abstands- und Hygieneordnungen f\u00fcr Konzerte mit mehreren hundert bis \u00fcber 2.000 Menschen nicht umsetzbar sind. Jedoch k\u00f6nnen sich die Zuh\u00f6rer wenigstens auf etwas freuen: Ab sofort pr\u00e4sentieren hr-Bigband und hr-Sinfonieorchester ihre t\u00e4glichen Live-Konzerte im Format \u201eStage@Seven\u201c vor virtuellem Publikm als Live-Stream.<br \/>\nDie Orchestermanagements beider Klangk\u00f6rper orientieren sich dabei an der neuen Verordnung der hessischen Landesregierung vom 7. Mai sowie an den Empfehlungen der Berufsgenossenschaft. Bei den geplanten \u201eStage@Seven\u201c-Konzerten im hr-Sendesaal d\u00fcrfe eine maximale Anzahl von 40 Personen anwesend sein, bei denen im H\u00f6rfunkstudio II entsprechend weniger. \u201eDie Vorgaben der Berufsgenossenschaft sehen momentan 20 Quadratmeter pro Person vor\u201c, erkl\u00e4rt hr-Bigband-Manager Olaf St\u00f6tzler, \u201ezus\u00e4tzlich gibt es f\u00fcr Bl\u00e4ser*innen besondere Abstandsregeln, die wir nat\u00fcrlich einhalten.\u201c<\/p>\n<p>Ab sofort werden die Konzerte wieder von Montag bis Freitag stattfinden. Weitere Informationen zu den Streams und den ausfallenden Konzerten unter <a href=\"https:\/\/www.hr-sinfonieorchester.de\/index.html\">https:\/\/www.hr-sinfonieorchester.de\/index.html<\/a><\/p>\n<h4>Jazzclub-H\u00fcrth sagt wegen Corona-Pandemie Konzerte bis 31. Dezember ab. Alle Veranstaltungen werden nachgeholt.<\/h4>\n<p class=\"western\"><span style=\"font-family: Arial, serif;\">Bedingt durch die weltweite Corona-Pandemie musste der Jazzclub H\u00fcrth e.\u00a0V. in den vergangenen Wochen mehrere Veranstaltungen absagen. Trotz anstehender Lockerungen der Auflagen, die dem Schutz der Bev\u00f6lkerung dienen und die Ausbreitung der Infektionskrankheit eind\u00e4mmen sollen, bleibt die <\/span><span style=\"font-family: Arial, serif;\">Lage in Nordrhein-Westfalen f\u00fcr Konzerte weiter unsicher.<\/span><span style=\"font-family: Arial, serif;\"><br \/>\nDeswegen hat sich der Jazzclub dazu entschlossen, alle geplanten Konzerte <\/span><span style=\"font-family: Arial, serif;\">bis einschlie\u00dflich 31. Dezember 2020<\/span><span style=\"font-family: Arial, serif;\"> abzusagen. Der Vorstand geht damit sicherheitshalber \u00fcber das Verbot von Gro\u00dfveranstaltungen hinaus, das der Bund f\u00fcr den Zeitraum bis zum 31. August beschlossen hatte. Kurzfristige Sonderkonzerte mit jungen K\u00fcnstlern scheinen aber m\u00f6glich. G\u00fcnter Reiners, Vorsitzender des Jazzclubs versichert: \u201eSollte sich die gesundheitliche Lage in der kommenden Zeit entspannen, werden wir kurzfristig Veranstaltungen mit jungen K\u00fcnstlern planen. Dazu werden wir alle n\u00f6tigen Sicherheits- und Hygienevorschriften einhalten. Damit wir damit jederzeit starten k\u00f6nnen, sind wir gerade dabei, Konzepte mit einer alternativen Bestuhlung und angepassten Angeboten durchzuspielen, die wir mit den zust\u00e4ndigen Beh\u00f6rden absprechen.&#8220;<\/span><\/p>\n<p class=\"western\"><span style=\"font-family: Arial, serif;\">Auch die Workshops, die der Jazzclub mit Streicher-Schwerpunkt unter der Leitung von Sebastian Reimann sowie zum Thema Ensemble (Leitung: Frank Haunschild und Marius Peters) geplant hatte, k\u00f6nnen erst 2021 stattfinden. <\/span><span style=\"font-family: Arial, serif;\"><br \/>\nAktuelle Informationen <\/span><\/p>\n<p class=\"western\"><span style=\"font-size: medium;\"><span style=\"color: #000000;\"><span style=\"font-family: Arial, serif;\">Jazzclub H\u00fcrth e. V.<\/span><\/span><\/span><\/p>\n<p class=\"western\"><span style=\"font-size: medium;\"><span style=\"color: #000000;\"><span style=\"font-family: Arial, serif;\"><a href=\"http:\/\/jazzclub-huerth.de\">jazzclub-huerth.de<\/a><\/span><\/span><\/span><\/p>\n<p>Beitragsbild: Bild: hr\/Ben Knabe\/Dirk Ostermeier<\/p>\n","protected":false},"excerpt":{"rendered":"<p>Gemeinsamer Appell: Deutsche Jazzunion fordert dringende Korrekturen bei Corona-Soforthilfen. Berlin, 12.05.2020 | In einem gemeinsamen Appell fordern die Deutsche Jazzunion und zahlreiche andere Bundes- und Landesverb\u00e4nde verschiedener Sparten von der Bundesregierung dringende Korrekturen bei den Corona-Soforthilfen. Die aktuellen Regularien gingen an der Arbeitsrealit\u00e4t der soloselbst\u00e4ndigen Jazzmusikerinnen und Kunstschaffenden vorbei, hei\u00dft es in dem Appell, der unter anderem eine ausf\u00fchrliche Begr\u00fcndung umfasst, weshalb das von der Bundesregierung vorgesehene Sozialschutzpaket dem tats\u00e4chlichen Bedarf professionell und unternehmerisch t\u00e4tiger K\u00fcnstlerinnen, die in der Coronakrise ihren Beruf nicht aus\u00fcben d\u00fcrfen, nicht gerecht wird. Zur Bewahrung der beruflichen Existenz tausender Jazzmusikerinnen und anderer freier K\u00fcnstlerinnen vor dem wirtschaftlichen Ruin w\u00fcrden au\u00dferdem dringend passgenaue Konzepte ben\u00f6tigt, die \u00fcber den Zeithorizont der Soforthilfen hinausgehen und neben der Infrastruktur passgenaue individuelle Unterst\u00fctzung sicherstellen. In dem Appell hei\u00dft es: \u201eKultur wird von Menschen gemacht. Es ist richtig, die kulturelle Infrastruktur zu st\u00fctzen, das allein reicht aber nicht aus. Wenn die kulturelle Vielfalt in Deutschland erhalten werden soll, dann m\u00fcssen auch die aus\u00fcbenden K\u00fcnstlerinnen individuell in die Lage versetzt werden, ihre Arbeit professionell fortzusetzen. (\u2026) Die Soloselbst\u00e4ndigen in den Bereichen Kunst und Kultur sind wichtige Protagonistinnen &hellip;<\/p>\n","protected":false},"author":18,"featured_media":22517,"comment_status":"open","ping_status":"closed","sticky":false,"template":"","format":"standard","meta":{"_jetpack_memberships_contains_paid_content":false,"footnotes":"","jetpack_publicize_message":"","jetpack_publicize_feature_enabled":true,"jetpack_social_post_already_shared":false,"jetpack_social_options":{"image_generator_settings":{"template":"highway","default_image_id":0,"font":"","enabled":false},"version":2}},"categories":[633],"tags":[2954,2941,2949,2445,2911,2777,2953,2951,2952,2950],"coauthors":[695],"class_list":["post-22504","post","type-post","status-publish","format-standard","has-post-thumbnail","hentry","category-nachrichten","tag-appell","tag-corona","tag-covid-19","tag-deutsche-jazzunion","tag-dju","tag-hr-bugband","tag-internatinal-jazz-day","tag-kuenstlerhilfen","tag-musikerinnen","tag-sofort-hilfen"],"yoast_head":"<!-- This site is optimized with the Yoast SEO plugin v27.5 - https:\/\/yoast.com\/product\/yoast-seo-wordpress\/ -->\n<title>news+++Gemeinsamer Appell der Verb\u00e4nde an Bundesregierung+++Jazz Day Germany geht mit neuer Website online+++hr-Bigband und hr-Sinfonieorchester mit Stage@Seven-Konzerten nun online+++Konzertabsagen des Jazzclubs H\u00fcrth+++ - JazzZeitung<\/title>\n<meta name=\"robots\" content=\"index, follow, max-snippet:-1, max-image-preview:large, max-video-preview:-1\" \/>\n<link rel=\"canonical\" href=\"https:\/\/www.jazzzeitung.de\/cms\/2020\/05\/newsjazz-day-germany-ins-leben-gerufenhr-sinfonieorchester-und-bigband-mit-stageseven-konzerten-nun-onlinekonzertabsagen-des-jazzclubs-huerth\/\" \/>\n<meta property=\"og:locale\" content=\"de_DE\" \/>\n<meta property=\"og:type\" content=\"article\" \/>\n<meta property=\"og:title\" content=\"news+++Gemeinsamer Appell der Verb\u00e4nde an Bundesregierung+++Jazz Day Germany geht mit neuer Website online+++hr-Bigband und hr-Sinfonieorchester mit Stage@Seven-Konzerten nun online+++Konzertabsagen des Jazzclubs H\u00fcrth+++ - JazzZeitung\" \/>\n<meta property=\"og:description\" content=\"Gemeinsamer Appell: Deutsche Jazzunion fordert dringende Korrekturen bei Corona-Soforthilfen. Berlin, 12.05.2020 | In einem gemeinsamen Appell fordern die Deutsche Jazzunion und zahlreiche andere Bundes- und Landesverb\u00e4nde verschiedener Sparten von der Bundesregierung dringende Korrekturen bei den Corona-Soforthilfen. Die aktuellen Regularien gingen an der Arbeitsrealit\u00e4t der soloselbst\u00e4ndigen Jazzmusikerinnen und Kunstschaffenden vorbei, hei\u00dft es in dem Appell, der unter anderem eine ausf\u00fchrliche Begr\u00fcndung umfasst, weshalb das von der Bundesregierung vorgesehene Sozialschutzpaket dem tats\u00e4chlichen Bedarf professionell und unternehmerisch t\u00e4tiger K\u00fcnstlerinnen, die in der Coronakrise ihren Beruf nicht aus\u00fcben d\u00fcrfen, nicht gerecht wird. Zur Bewahrung der beruflichen Existenz tausender Jazzmusikerinnen und anderer freier K\u00fcnstlerinnen vor dem wirtschaftlichen Ruin w\u00fcrden au\u00dferdem dringend passgenaue Konzepte ben\u00f6tigt, die \u00fcber den Zeithorizont der Soforthilfen hinausgehen und neben der Infrastruktur passgenaue individuelle Unterst\u00fctzung sicherstellen. In dem Appell hei\u00dft es: \u201eKultur wird von Menschen gemacht. Es ist richtig, die kulturelle Infrastruktur zu st\u00fctzen, das allein reicht aber nicht aus. Wenn die kulturelle Vielfalt in Deutschland erhalten werden soll, dann m\u00fcssen auch die aus\u00fcbenden K\u00fcnstlerinnen individuell in die Lage versetzt werden, ihre Arbeit professionell fortzusetzen. (\u2026) Die Soloselbst\u00e4ndigen in den Bereichen Kunst und Kultur sind wichtige Protagonistinnen &hellip;\" \/>\n<meta property=\"og:url\" content=\"https:\/\/www.jazzzeitung.de\/cms\/2020\/05\/newsjazz-day-germany-ins-leben-gerufenhr-sinfonieorchester-und-bigband-mit-stageseven-konzerten-nun-onlinekonzertabsagen-des-jazzclubs-huerth\/\" \/>\n<meta property=\"og:site_name\" content=\"JazzZeitung\" \/>\n<meta property=\"article:publisher\" content=\"https:\/\/www.facebook.com\/JazzZeitung\/\" \/>\n<meta property=\"article:published_time\" content=\"2020-05-13T07:00:16+00:00\" \/>\n<meta property=\"article:modified_time\" content=\"2020-05-18T09:49:58+00:00\" \/>\n<meta property=\"og:image\" content=\"https:\/\/i0.wp.com\/www.jazzzeitung.de\/cms\/wp-content\/uploads\/2020\/05\/hrso_hrbb_collage-100_t-1589197560587_v-16to7.jpg?fit=992%2C434&ssl=1\" \/>\n\t<meta property=\"og:image:width\" content=\"992\" \/>\n\t<meta property=\"og:image:height\" content=\"434\" \/>\n\t<meta property=\"og:image:type\" content=\"image\/jpeg\" \/>\n<meta name=\"author\" content=\"Redaktion JazzZeitung\" \/>\n<script type=\"application\/ld+json\" class=\"yoast-schema-graph\">{\"@context\":\"https:\\\/\\\/schema.org\",\"@graph\":[{\"@type\":\"Article\",\"@id\":\"https:\\\/\\\/www.jazzzeitung.de\\\/cms\\\/2020\\\/05\\\/newsjazz-day-germany-ins-leben-gerufenhr-sinfonieorchester-und-bigband-mit-stageseven-konzerten-nun-onlinekonzertabsagen-des-jazzclubs-huerth\\\/#article\",\"isPartOf\":{\"@id\":\"https:\\\/\\\/www.jazzzeitung.de\\\/cms\\\/2020\\\/05\\\/newsjazz-day-germany-ins-leben-gerufenhr-sinfonieorchester-und-bigband-mit-stageseven-konzerten-nun-onlinekonzertabsagen-des-jazzclubs-huerth\\\/\"},\"author\":{\"name\":\"Redaktion JazzZeitung\",\"@id\":\"https:\\\/\\\/www.jazzzeitung.de\\\/cms\\\/#\\\/schema\\\/person\\\/2245b36b9cd1d24cea10f01c031fb92b\"},\"headline\":\"news+++Gemeinsamer Appell der Verb\u00e4nde an Bundesregierung+++Jazz Day Germany geht mit neuer Website online+++hr-Bigband und hr-Sinfonieorchester mit Stage@Seven-Konzerten nun online+++Konzertabsagen des Jazzclubs H\u00fcrth+++\",\"datePublished\":\"2020-05-13T07:00:16+00:00\",\"dateModified\":\"2020-05-18T09:49:58+00:00\",\"mainEntityOfPage\":{\"@id\":\"https:\\\/\\\/www.jazzzeitung.de\\\/cms\\\/2020\\\/05\\\/newsjazz-day-germany-ins-leben-gerufenhr-sinfonieorchester-und-bigband-mit-stageseven-konzerten-nun-onlinekonzertabsagen-des-jazzclubs-huerth\\\/\"},\"wordCount\":846,\"commentCount\":0,\"publisher\":{\"@id\":\"https:\\\/\\\/www.jazzzeitung.de\\\/cms\\\/#organization\"},\"image\":{\"@id\":\"https:\\\/\\\/www.jazzzeitung.de\\\/cms\\\/2020\\\/05\\\/newsjazz-day-germany-ins-leben-gerufenhr-sinfonieorchester-und-bigband-mit-stageseven-konzerten-nun-onlinekonzertabsagen-des-jazzclubs-huerth\\\/#primaryimage\"},\"thumbnailUrl\":\"https:\\\/\\\/i0.wp.com\\\/www.jazzzeitung.de\\\/cms\\\/wp-content\\\/uploads\\\/2020\\\/05\\\/hrso_hrbb_collage-100_t-1589197560587_v-16to7.jpg?fit=992%2C434&ssl=1\",\"keywords\":[\"Appell\",\"Corona\",\"COVID-19\",\"Deutsche Jazzunion\",\"DJU\",\"hr.Bugband\",\"Internatinal Jazz Day\",\"K\u00fcnstlerhilfen\",\"Musikerinnen\",\"Sofort-Hilfen\"],\"articleSection\":[\"News\"],\"inLanguage\":\"de\",\"potentialAction\":[{\"@type\":\"CommentAction\",\"name\":\"Comment\",\"target\":[\"https:\\\/\\\/www.jazzzeitung.de\\\/cms\\\/2020\\\/05\\\/newsjazz-day-germany-ins-leben-gerufenhr-sinfonieorchester-und-bigband-mit-stageseven-konzerten-nun-onlinekonzertabsagen-des-jazzclubs-huerth\\\/#respond\"]}]},{\"@type\":\"WebPage\",\"@id\":\"https:\\\/\\\/www.jazzzeitung.de\\\/cms\\\/2020\\\/05\\\/newsjazz-day-germany-ins-leben-gerufenhr-sinfonieorchester-und-bigband-mit-stageseven-konzerten-nun-onlinekonzertabsagen-des-jazzclubs-huerth\\\/\",\"url\":\"https:\\\/\\\/www.jazzzeitung.de\\\/cms\\\/2020\\\/05\\\/newsjazz-day-germany-ins-leben-gerufenhr-sinfonieorchester-und-bigband-mit-stageseven-konzerten-nun-onlinekonzertabsagen-des-jazzclubs-huerth\\\/\",\"name\":\"news+++Gemeinsamer Appell der Verb\u00e4nde an Bundesregierung+++Jazz Day Germany geht mit neuer Website online+++hr-Bigband und hr-Sinfonieorchester mit Stage@Seven-Konzerten nun online+++Konzertabsagen des Jazzclubs H\u00fcrth+++ - JazzZeitung\",\"isPartOf\":{\"@id\":\"https:\\\/\\\/www.jazzzeitung.de\\\/cms\\\/#website\"},\"primaryImageOfPage\":{\"@id\":\"https:\\\/\\\/www.jazzzeitung.de\\\/cms\\\/2020\\\/05\\\/newsjazz-day-germany-ins-leben-gerufenhr-sinfonieorchester-und-bigband-mit-stageseven-konzerten-nun-onlinekonzertabsagen-des-jazzclubs-huerth\\\/#primaryimage\"},\"image\":{\"@id\":\"https:\\\/\\\/www.jazzzeitung.de\\\/cms\\\/2020\\\/05\\\/newsjazz-day-germany-ins-leben-gerufenhr-sinfonieorchester-und-bigband-mit-stageseven-konzerten-nun-onlinekonzertabsagen-des-jazzclubs-huerth\\\/#primaryimage\"},\"thumbnailUrl\":\"https:\\\/\\\/i0.wp.com\\\/www.jazzzeitung.de\\\/cms\\\/wp-content\\\/uploads\\\/2020\\\/05\\\/hrso_hrbb_collage-100_t-1589197560587_v-16to7.jpg?fit=992%2C434&ssl=1\",\"datePublished\":\"2020-05-13T07:00:16+00:00\",\"dateModified\":\"2020-05-18T09:49:58+00:00\",\"breadcrumb\":{\"@id\":\"https:\\\/\\\/www.jazzzeitung.de\\\/cms\\\/2020\\\/05\\\/newsjazz-day-germany-ins-leben-gerufenhr-sinfonieorchester-und-bigband-mit-stageseven-konzerten-nun-onlinekonzertabsagen-des-jazzclubs-huerth\\\/#breadcrumb\"},\"inLanguage\":\"de\",\"potentialAction\":[{\"@type\":\"ReadAction\",\"target\":[\"https:\\\/\\\/www.jazzzeitung.de\\\/cms\\\/2020\\\/05\\\/newsjazz-day-germany-ins-leben-gerufenhr-sinfonieorchester-und-bigband-mit-stageseven-konzerten-nun-onlinekonzertabsagen-des-jazzclubs-huerth\\\/\"]}]},{\"@type\":\"ImageObject\",\"inLanguage\":\"de\",\"@id\":\"https:\\\/\\\/www.jazzzeitung.de\\\/cms\\\/2020\\\/05\\\/newsjazz-day-germany-ins-leben-gerufenhr-sinfonieorchester-und-bigband-mit-stageseven-konzerten-nun-onlinekonzertabsagen-des-jazzclubs-huerth\\\/#primaryimage\",\"url\":\"https:\\\/\\\/i0.wp.com\\\/www.jazzzeitung.de\\\/cms\\\/wp-content\\\/uploads\\\/2020\\\/05\\\/hrso_hrbb_collage-100_t-1589197560587_v-16to7.jpg?fit=992%2C434&ssl=1\",\"contentUrl\":\"https:\\\/\\\/i0.wp.com\\\/www.jazzzeitung.de\\\/cms\\\/wp-content\\\/uploads\\\/2020\\\/05\\\/hrso_hrbb_collage-100_t-1589197560587_v-16to7.jpg?fit=992%2C434&ssl=1\",\"width\":992,\"height\":434},{\"@type\":\"BreadcrumbList\",\"@id\":\"https:\\\/\\\/www.jazzzeitung.de\\\/cms\\\/2020\\\/05\\\/newsjazz-day-germany-ins-leben-gerufenhr-sinfonieorchester-und-bigband-mit-stageseven-konzerten-nun-onlinekonzertabsagen-des-jazzclubs-huerth\\\/#breadcrumb\",\"itemListElement\":[{\"@type\":\"ListItem\",\"position\":1,\"name\":\"Startseite\",\"item\":\"https:\\\/\\\/www.jazzzeitung.de\\\/cms\\\/\"},{\"@type\":\"ListItem\",\"position\":2,\"name\":\"news+++Gemeinsamer Appell der Verb\u00e4nde an Bundesregierung+++Jazz Day Germany geht mit neuer Website online+++hr-Bigband und hr-Sinfonieorchester mit Stage@Seven-Konzerten nun online+++Konzertabsagen des Jazzclubs H\u00fcrth+++\"}]},{\"@type\":\"WebSite\",\"@id\":\"https:\\\/\\\/www.jazzzeitung.de\\\/cms\\\/#website\",\"url\":\"https:\\\/\\\/www.jazzzeitung.de\\\/cms\\\/\",\"name\":\"JazzZeitung\",\"description\":\"Jazz-News und Jazz-Kontroverses\",\"publisher\":{\"@id\":\"https:\\\/\\\/www.jazzzeitung.de\\\/cms\\\/#organization\"},\"potentialAction\":[{\"@type\":\"SearchAction\",\"target\":{\"@type\":\"EntryPoint\",\"urlTemplate\":\"https:\\\/\\\/www.jazzzeitung.de\\\/cms\\\/?s={search_term_string}\"},\"query-input\":{\"@type\":\"PropertyValueSpecification\",\"valueRequired\":true,\"valueName\":\"search_term_string\"}}],\"inLanguage\":\"de\"},{\"@type\":\"Organization\",\"@id\":\"https:\\\/\\\/www.jazzzeitung.de\\\/cms\\\/#organization\",\"name\":\"JazzZeitung online\",\"url\":\"https:\\\/\\\/www.jazzzeitung.de\\\/cms\\\/\",\"logo\":{\"@type\":\"ImageObject\",\"inLanguage\":\"de\",\"@id\":\"https:\\\/\\\/www.jazzzeitung.de\\\/cms\\\/#\\\/schema\\\/logo\\\/image\\\/\",\"url\":\"https:\\\/\\\/i0.wp.com\\\/www.jazzzeitung.de\\\/cms\\\/wp-content\\\/uploads\\\/2015\\\/08\\\/JAZZZEITUNGDE_Logo_Neu.png?fit=499%2C200&ssl=1\",\"contentUrl\":\"https:\\\/\\\/i0.wp.com\\\/www.jazzzeitung.de\\\/cms\\\/wp-content\\\/uploads\\\/2015\\\/08\\\/JAZZZEITUNGDE_Logo_Neu.png?fit=499%2C200&ssl=1\",\"width\":499,\"height\":200,\"caption\":\"JazzZeitung online\"},\"image\":{\"@id\":\"https:\\\/\\\/www.jazzzeitung.de\\\/cms\\\/#\\\/schema\\\/logo\\\/image\\\/\"},\"sameAs\":[\"https:\\\/\\\/www.facebook.com\\\/JazzZeitung\\\/\"]},{\"@type\":\"Person\",\"@id\":\"https:\\\/\\\/www.jazzzeitung.de\\\/cms\\\/#\\\/schema\\\/person\\\/2245b36b9cd1d24cea10f01c031fb92b\",\"name\":\"Redaktion JazzZeitung\",\"image\":{\"@type\":\"ImageObject\",\"inLanguage\":\"de\",\"@id\":\"https:\\\/\\\/i0.wp.com\\\/www.jazzzeitung.de\\\/cms\\\/wp-content\\\/uploads\\\/2015\\\/08\\\/JAZZZEITUNGDE_Logo_Neu.png?resize=96%2C96&ssl=159975dcacb611b5700bd619b5daf0a7a\",\"url\":\"https:\\\/\\\/i0.wp.com\\\/www.jazzzeitung.de\\\/cms\\\/wp-content\\\/uploads\\\/2015\\\/08\\\/JAZZZEITUNGDE_Logo_Neu.png?resize=96%2C96&ssl=1\",\"contentUrl\":\"https:\\\/\\\/i0.wp.com\\\/www.jazzzeitung.de\\\/cms\\\/wp-content\\\/uploads\\\/2015\\\/08\\\/JAZZZEITUNGDE_Logo_Neu.png?resize=96%2C96&ssl=1\",\"caption\":\"Redaktion JazzZeitung\"},\"description\":\"Artikel der Redaktion der JazzZeitung.\",\"sameAs\":[\"http:\\\/\\\/www.jazzzeitung.de\\\/cms\\\/\"],\"url\":\"https:\\\/\\\/www.jazzzeitung.de\\\/cms\\\/author\\\/redaktion\\\/\"}]}<\/script>\n<!-- \/ Yoast SEO plugin. -->","yoast_head_json":{"title":"news+++Gemeinsamer Appell der Verb\u00e4nde an Bundesregierung+++Jazz Day Germany geht mit neuer Website online+++hr-Bigband und hr-Sinfonieorchester mit Stage@Seven-Konzerten nun online+++Konzertabsagen des Jazzclubs H\u00fcrth+++ - JazzZeitung","robots":{"index":"index","follow":"follow","max-snippet":"max-snippet:-1","max-image-preview":"max-image-preview:large","max-video-preview":"max-video-preview:-1"},"canonical":"https:\/\/www.jazzzeitung.de\/cms\/2020\/05\/newsjazz-day-germany-ins-leben-gerufenhr-sinfonieorchester-und-bigband-mit-stageseven-konzerten-nun-onlinekonzertabsagen-des-jazzclubs-huerth\/","og_locale":"de_DE","og_type":"article","og_title":"news+++Gemeinsamer Appell der Verb\u00e4nde an Bundesregierung+++Jazz Day Germany geht mit neuer Website online+++hr-Bigband und hr-Sinfonieorchester mit Stage@Seven-Konzerten nun online+++Konzertabsagen des Jazzclubs H\u00fcrth+++ - JazzZeitung","og_description":"Gemeinsamer Appell: Deutsche Jazzunion fordert dringende Korrekturen bei Corona-Soforthilfen. Berlin, 12.05.2020 | In einem gemeinsamen Appell fordern die Deutsche Jazzunion und zahlreiche andere Bundes- und Landesverb\u00e4nde verschiedener Sparten von der Bundesregierung dringende Korrekturen bei den Corona-Soforthilfen. Die aktuellen Regularien gingen an der Arbeitsrealit\u00e4t der soloselbst\u00e4ndigen Jazzmusikerinnen und Kunstschaffenden vorbei, hei\u00dft es in dem Appell, der unter anderem eine ausf\u00fchrliche Begr\u00fcndung umfasst, weshalb das von der Bundesregierung vorgesehene Sozialschutzpaket dem tats\u00e4chlichen Bedarf professionell und unternehmerisch t\u00e4tiger K\u00fcnstlerinnen, die in der Coronakrise ihren Beruf nicht aus\u00fcben d\u00fcrfen, nicht gerecht wird. Zur Bewahrung der beruflichen Existenz tausender Jazzmusikerinnen und anderer freier K\u00fcnstlerinnen vor dem wirtschaftlichen Ruin w\u00fcrden au\u00dferdem dringend passgenaue Konzepte ben\u00f6tigt, die \u00fcber den Zeithorizont der Soforthilfen hinausgehen und neben der Infrastruktur passgenaue individuelle Unterst\u00fctzung sicherstellen. In dem Appell hei\u00dft es: \u201eKultur wird von Menschen gemacht. Es ist richtig, die kulturelle Infrastruktur zu st\u00fctzen, das allein reicht aber nicht aus. Wenn die kulturelle Vielfalt in Deutschland erhalten werden soll, dann m\u00fcssen auch die aus\u00fcbenden K\u00fcnstlerinnen individuell in die Lage versetzt werden, ihre Arbeit professionell fortzusetzen. (\u2026) Die Soloselbst\u00e4ndigen in den Bereichen Kunst und Kultur sind wichtige Protagonistinnen &hellip;","og_url":"https:\/\/www.jazzzeitung.de\/cms\/2020\/05\/newsjazz-day-germany-ins-leben-gerufenhr-sinfonieorchester-und-bigband-mit-stageseven-konzerten-nun-onlinekonzertabsagen-des-jazzclubs-huerth\/","og_site_name":"JazzZeitung","article_publisher":"https:\/\/www.facebook.com\/JazzZeitung\/","article_published_time":"2020-05-13T07:00:16+00:00","article_modified_time":"2020-05-18T09:49:58+00:00","og_image":[{"width":992,"height":434,"url":"https:\/\/i0.wp.com\/www.jazzzeitung.de\/cms\/wp-content\/uploads\/2020\/05\/hrso_hrbb_collage-100_t-1589197560587_v-16to7.jpg?fit=992%2C434&ssl=1","type":"image\/jpeg"}],"author":"Redaktion JazzZeitung","schema":{"@context":"https:\/\/schema.org","@graph":[{"@type":"Article","@id":"https:\/\/www.jazzzeitung.de\/cms\/2020\/05\/newsjazz-day-germany-ins-leben-gerufenhr-sinfonieorchester-und-bigband-mit-stageseven-konzerten-nun-onlinekonzertabsagen-des-jazzclubs-huerth\/#article","isPartOf":{"@id":"https:\/\/www.jazzzeitung.de\/cms\/2020\/05\/newsjazz-day-germany-ins-leben-gerufenhr-sinfonieorchester-und-bigband-mit-stageseven-konzerten-nun-onlinekonzertabsagen-des-jazzclubs-huerth\/"},"author":{"name":"Redaktion JazzZeitung","@id":"https:\/\/www.jazzzeitung.de\/cms\/#\/schema\/person\/2245b36b9cd1d24cea10f01c031fb92b"},"headline":"news+++Gemeinsamer Appell der Verb\u00e4nde an Bundesregierung+++Jazz Day Germany geht mit neuer Website online+++hr-Bigband und hr-Sinfonieorchester mit Stage@Seven-Konzerten nun online+++Konzertabsagen des Jazzclubs H\u00fcrth+++","datePublished":"2020-05-13T07:00:16+00:00","dateModified":"2020-05-18T09:49:58+00:00","mainEntityOfPage":{"@id":"https:\/\/www.jazzzeitung.de\/cms\/2020\/05\/newsjazz-day-germany-ins-leben-gerufenhr-sinfonieorchester-und-bigband-mit-stageseven-konzerten-nun-onlinekonzertabsagen-des-jazzclubs-huerth\/"},"wordCount":846,"commentCount":0,"publisher":{"@id":"https:\/\/www.jazzzeitung.de\/cms\/#organization"},"image":{"@id":"https:\/\/www.jazzzeitung.de\/cms\/2020\/05\/newsjazz-day-germany-ins-leben-gerufenhr-sinfonieorchester-und-bigband-mit-stageseven-konzerten-nun-onlinekonzertabsagen-des-jazzclubs-huerth\/#primaryimage"},"thumbnailUrl":"https:\/\/i0.wp.com\/www.jazzzeitung.de\/cms\/wp-content\/uploads\/2020\/05\/hrso_hrbb_collage-100_t-1589197560587_v-16to7.jpg?fit=992%2C434&ssl=1","keywords":["Appell","Corona","COVID-19","Deutsche Jazzunion","DJU","hr.Bugband","Internatinal Jazz Day","K\u00fcnstlerhilfen","Musikerinnen","Sofort-Hilfen"],"articleSection":["News"],"inLanguage":"de","potentialAction":[{"@type":"CommentAction","name":"Comment","target":["https:\/\/www.jazzzeitung.de\/cms\/2020\/05\/newsjazz-day-germany-ins-leben-gerufenhr-sinfonieorchester-und-bigband-mit-stageseven-konzerten-nun-onlinekonzertabsagen-des-jazzclubs-huerth\/#respond"]}]},{"@type":"WebPage","@id":"https:\/\/www.jazzzeitung.de\/cms\/2020\/05\/newsjazz-day-germany-ins-leben-gerufenhr-sinfonieorchester-und-bigband-mit-stageseven-konzerten-nun-onlinekonzertabsagen-des-jazzclubs-huerth\/","url":"https:\/\/www.jazzzeitung.de\/cms\/2020\/05\/newsjazz-day-germany-ins-leben-gerufenhr-sinfonieorchester-und-bigband-mit-stageseven-konzerten-nun-onlinekonzertabsagen-des-jazzclubs-huerth\/","name":"news+++Gemeinsamer Appell der Verb\u00e4nde an Bundesregierung+++Jazz Day Germany geht mit neuer Website online+++hr-Bigband und hr-Sinfonieorchester mit Stage@Seven-Konzerten nun online+++Konzertabsagen des Jazzclubs H\u00fcrth+++ - JazzZeitung","isPartOf":{"@id":"https:\/\/www.jazzzeitung.de\/cms\/#website"},"primaryImageOfPage":{"@id":"https:\/\/www.jazzzeitung.de\/cms\/2020\/05\/newsjazz-day-germany-ins-leben-gerufenhr-sinfonieorchester-und-bigband-mit-stageseven-konzerten-nun-onlinekonzertabsagen-des-jazzclubs-huerth\/#primaryimage"},"image":{"@id":"https:\/\/www.jazzzeitung.de\/cms\/2020\/05\/newsjazz-day-germany-ins-leben-gerufenhr-sinfonieorchester-und-bigband-mit-stageseven-konzerten-nun-onlinekonzertabsagen-des-jazzclubs-huerth\/#primaryimage"},"thumbnailUrl":"https:\/\/i0.wp.com\/www.jazzzeitung.de\/cms\/wp-content\/uploads\/2020\/05\/hrso_hrbb_collage-100_t-1589197560587_v-16to7.jpg?fit=992%2C434&ssl=1","datePublished":"2020-05-13T07:00:16+00:00","dateModified":"2020-05-18T09:49:58+00:00","breadcrumb":{"@id":"https:\/\/www.jazzzeitung.de\/cms\/2020\/05\/newsjazz-day-germany-ins-leben-gerufenhr-sinfonieorchester-und-bigband-mit-stageseven-konzerten-nun-onlinekonzertabsagen-des-jazzclubs-huerth\/#breadcrumb"},"inLanguage":"de","potentialAction":[{"@type":"ReadAction","target":["https:\/\/www.jazzzeitung.de\/cms\/2020\/05\/newsjazz-day-germany-ins-leben-gerufenhr-sinfonieorchester-und-bigband-mit-stageseven-konzerten-nun-onlinekonzertabsagen-des-jazzclubs-huerth\/"]}]},{"@type":"ImageObject","inLanguage":"de","@id":"https:\/\/www.jazzzeitung.de\/cms\/2020\/05\/newsjazz-day-germany-ins-leben-gerufenhr-sinfonieorchester-und-bigband-mit-stageseven-konzerten-nun-onlinekonzertabsagen-des-jazzclubs-huerth\/#primaryimage","url":"https:\/\/i0.wp.com\/www.jazzzeitung.de\/cms\/wp-content\/uploads\/2020\/05\/hrso_hrbb_collage-100_t-1589197560587_v-16to7.jpg?fit=992%2C434&ssl=1","contentUrl":"https:\/\/i0.wp.com\/www.jazzzeitung.de\/cms\/wp-content\/uploads\/2020\/05\/hrso_hrbb_collage-100_t-1589197560587_v-16to7.jpg?fit=992%2C434&ssl=1","width":992,"height":434},{"@type":"BreadcrumbList","@id":"https:\/\/www.jazzzeitung.de\/cms\/2020\/05\/newsjazz-day-germany-ins-leben-gerufenhr-sinfonieorchester-und-bigband-mit-stageseven-konzerten-nun-onlinekonzertabsagen-des-jazzclubs-huerth\/#breadcrumb","itemListElement":[{"@type":"ListItem","position":1,"name":"Startseite","item":"https:\/\/www.jazzzeitung.de\/cms\/"},{"@type":"ListItem","position":2,"name":"news+++Gemeinsamer Appell der Verb\u00e4nde an Bundesregierung+++Jazz Day Germany geht mit neuer Website online+++hr-Bigband und hr-Sinfonieorchester mit Stage@Seven-Konzerten nun online+++Konzertabsagen des Jazzclubs H\u00fcrth+++"}]},{"@type":"WebSite","@id":"https:\/\/www.jazzzeitung.de\/cms\/#website","url":"https:\/\/www.jazzzeitung.de\/cms\/","name":"JazzZeitung","description":"Jazz-News und Jazz-Kontroverses","publisher":{"@id":"https:\/\/www.jazzzeitung.de\/cms\/#organization"},"potentialAction":[{"@type":"SearchAction","target":{"@type":"EntryPoint","urlTemplate":"https:\/\/www.jazzzeitung.de\/cms\/?s={search_term_string}"},"query-input":{"@type":"PropertyValueSpecification","valueRequired":true,"valueName":"search_term_string"}}],"inLanguage":"de"},{"@type":"Organization","@id":"https:\/\/www.jazzzeitung.de\/cms\/#organization","name":"JazzZeitung online","url":"https:\/\/www.jazzzeitung.de\/cms\/","logo":{"@type":"ImageObject","inLanguage":"de","@id":"https:\/\/www.jazzzeitung.de\/cms\/#\/schema\/logo\/image\/","url":"https:\/\/i0.wp.com\/www.jazzzeitung.de\/cms\/wp-content\/uploads\/2015\/08\/JAZZZEITUNGDE_Logo_Neu.png?fit=499%2C200&ssl=1","contentUrl":"https:\/\/i0.wp.com\/www.jazzzeitung.de\/cms\/wp-content\/uploads\/2015\/08\/JAZZZEITUNGDE_Logo_Neu.png?fit=499%2C200&ssl=1","width":499,"height":200,"caption":"JazzZeitung online"},"image":{"@id":"https:\/\/www.jazzzeitung.de\/cms\/#\/schema\/logo\/image\/"},"sameAs":["https:\/\/www.facebook.com\/JazzZeitung\/"]},{"@type":"Person","@id":"https:\/\/www.jazzzeitung.de\/cms\/#\/schema\/person\/2245b36b9cd1d24cea10f01c031fb92b","name":"Redaktion JazzZeitung","image":{"@type":"ImageObject","inLanguage":"de","@id":"https:\/\/i0.wp.com\/www.jazzzeitung.de\/cms\/wp-content\/uploads\/2015\/08\/JAZZZEITUNGDE_Logo_Neu.png?resize=96%2C96&ssl=159975dcacb611b5700bd619b5daf0a7a","url":"https:\/\/i0.wp.com\/www.jazzzeitung.de\/cms\/wp-content\/uploads\/2015\/08\/JAZZZEITUNGDE_Logo_Neu.png?resize=96%2C96&ssl=1","contentUrl":"https:\/\/i0.wp.com\/www.jazzzeitung.de\/cms\/wp-content\/uploads\/2015\/08\/JAZZZEITUNGDE_Logo_Neu.png?resize=96%2C96&ssl=1","caption":"Redaktion JazzZeitung"},"description":"Artikel der Redaktion der JazzZeitung.","sameAs":["http:\/\/www.jazzzeitung.de\/cms\/"],"url":"https:\/\/www.jazzzeitung.de\/cms\/author\/redaktion\/"}]}},"wp-worthy-pixel":{"ignored":false,"public":null,"server":null,"url":null},"wp-worthy-type":"normal","jetpack_publicize_connections":[],"cc_featured_image_caption":{"caption_text":"","source_text":"","source_url":""},"jetpack_featured_media_url":"https:\/\/i0.wp.com\/www.jazzzeitung.de\/cms\/wp-content\/uploads\/2020\/05\/hrso_hrbb_collage-100_t-1589197560587_v-16to7.jpg?fit=992%2C434&ssl=1","jetpack_shortlink":"https:\/\/wp.me\/p3KEcT-5QY","jetpack-related-posts":[{"id":23689,"url":"https:\/\/www.jazzzeitung.de\/cms\/2020\/10\/deutsche-jazzunion-warnt-vor-folgen-von-veranstaltungsverbot-ohne-kompensation-fuer-kulturschaffende\/","url_meta":{"origin":22504,"position":0},"title":"+++ Deutsche Jazzunion warnt vor Folgen von Veranstaltungsverbot ohne Kompensation f\u00fcr Kulturschaffende +++","author":"Redaktion JazzZeitung","date":"28. Oktober 2020","format":false,"excerpt":"+++ Und wir schlie\u00dfen uns an! +++ +++ Deutsche Jazzunion fordert Bundesregierung zu Augenma\u00df bei neuen Coronama\u00dfnahmen auf +++ Neuser: \u201eErneuter Lockdown im Kulturbereich w\u00e4re kaum zu verkraften!\u201c +++ Einnahmeausf\u00e4lle m\u00fcssen f\u00fcr Kunst- und Kulturschaffende kompensiert werden Berlin, 28.10.2020 | Die Deutsche Jazzunion richtet gemeinsam mit vielen anderen Bundesverb\u00e4nden einen\u2026","rel":"","context":"In &quot;News&quot;","block_context":{"text":"News","link":"https:\/\/www.jazzzeitung.de\/cms\/thema\/nachrichten\/"},"img":{"alt_text":"","src":"https:\/\/i0.wp.com\/www.jazzzeitung.de\/cms\/wp-content\/uploads\/2020\/10\/jazz-199547_1920-3.jpg?fit=1200%2C800&ssl=1&resize=350%2C200","width":350,"height":200,"srcset":"https:\/\/i0.wp.com\/www.jazzzeitung.de\/cms\/wp-content\/uploads\/2020\/10\/jazz-199547_1920-3.jpg?fit=1200%2C800&ssl=1&resize=350%2C200 1x, https:\/\/i0.wp.com\/www.jazzzeitung.de\/cms\/wp-content\/uploads\/2020\/10\/jazz-199547_1920-3.jpg?fit=1200%2C800&ssl=1&resize=525%2C300 1.5x, https:\/\/i0.wp.com\/www.jazzzeitung.de\/cms\/wp-content\/uploads\/2020\/10\/jazz-199547_1920-3.jpg?fit=1200%2C800&ssl=1&resize=700%2C400 2x, https:\/\/i0.wp.com\/www.jazzzeitung.de\/cms\/wp-content\/uploads\/2020\/10\/jazz-199547_1920-3.jpg?fit=1200%2C800&ssl=1&resize=1050%2C600 3x"},"classes":[]},{"id":31988,"url":"https:\/\/www.jazzzeitung.de\/cms\/2024\/12\/jazzverbaende-veroeffentlichen-appell-jazz-ist-vielfalt-investiert-in-kultur\/","url_meta":{"origin":22504,"position":1},"title":"Jazzverb\u00e4nde ver\u00f6ffentlichen Appell: JAZZ IST VIELFALT. Investiert in Kultur!","author":"Martin Hufner","date":"11. Dezember 2024","format":false,"excerpt":"Gemeinsame Kampagne der Jazzszene zeigt drohende Folgen der geplanten K\u00fcrzungen auf.","rel":"","context":"In &quot;News&quot;","block_context":{"text":"News","link":"https:\/\/www.jazzzeitung.de\/cms\/thema\/nachrichten\/"},"img":{"alt_text":"","src":"https:\/\/i0.wp.com\/www.jazzzeitung.de\/cms\/wp-content\/uploads\/2024\/09\/DJU_Logo_Farbe_CMYK-scaled.jpg?fit=1200%2C848&ssl=1&resize=350%2C200","width":350,"height":200,"srcset":"https:\/\/i0.wp.com\/www.jazzzeitung.de\/cms\/wp-content\/uploads\/2024\/09\/DJU_Logo_Farbe_CMYK-scaled.jpg?fit=1200%2C848&ssl=1&resize=350%2C200 1x, https:\/\/i0.wp.com\/www.jazzzeitung.de\/cms\/wp-content\/uploads\/2024\/09\/DJU_Logo_Farbe_CMYK-scaled.jpg?fit=1200%2C848&ssl=1&resize=525%2C300 1.5x, https:\/\/i0.wp.com\/www.jazzzeitung.de\/cms\/wp-content\/uploads\/2024\/09\/DJU_Logo_Farbe_CMYK-scaled.jpg?fit=1200%2C848&ssl=1&resize=700%2C400 2x, https:\/\/i0.wp.com\/www.jazzzeitung.de\/cms\/wp-content\/uploads\/2024\/09\/DJU_Logo_Farbe_CMYK-scaled.jpg?fit=1200%2C848&ssl=1&resize=1050%2C600 3x"},"classes":[]},{"id":23815,"url":"https:\/\/www.jazzzeitung.de\/cms\/2020\/11\/news-deutsche-jazzunion-mit-gender-studiedeutsche-jazzunion-und-allianz-der-freien-kuenste-fordern-unternehmerinnenlohn-und-ausweitung-der-novemberhilfe\/","url_meta":{"origin":22504,"position":2},"title":"News: +++ Deutsche Jazzunion mit Gender-Studie +++ Unternehmer*innenlohn und Ausweitung der Novemberhilfe gefordert +++","author":"Redaktion JazzZeitung","date":"13. November 2020","format":false,"excerpt":"Neue Publikation zur Geschlechtergerechtigkeit im Jazz Es ist es soweit: Die Publikation \u201eGender.Macht.Musik. Geschlechtergerechtigkeit im Jazz\u201c der Deutschen Jazzunion als Download erh\u00e4ltlich. Mit geschlechtsspezifischen Nachauswertungen der jazzstudie2016 und der Mitgliederumfrage 2018 der Deutschen Jazzunion will die Publikation wichtige Einblicke in die aktuelle Situation von Geschlechtergerechtigkeit in der deutschen Jazzlandschaft geben.\u2026","rel":"","context":"In &quot;News&quot;","block_context":{"text":"News","link":"https:\/\/www.jazzzeitung.de\/cms\/thema\/nachrichten\/"},"img":{"alt_text":"Gender Macht Musik.","src":"https:\/\/i0.wp.com\/www.jazzzeitung.de\/cms\/wp-content\/uploads\/2020\/11\/GENDER.MACHT_.MUSIK_-scaled.jpg?fit=848%2C1200&ssl=1&resize=350%2C200","width":350,"height":200,"srcset":"https:\/\/i0.wp.com\/www.jazzzeitung.de\/cms\/wp-content\/uploads\/2020\/11\/GENDER.MACHT_.MUSIK_-scaled.jpg?fit=848%2C1200&ssl=1&resize=350%2C200 1x, https:\/\/i0.wp.com\/www.jazzzeitung.de\/cms\/wp-content\/uploads\/2020\/11\/GENDER.MACHT_.MUSIK_-scaled.jpg?fit=848%2C1200&ssl=1&resize=525%2C300 1.5x, https:\/\/i0.wp.com\/www.jazzzeitung.de\/cms\/wp-content\/uploads\/2020\/11\/GENDER.MACHT_.MUSIK_-scaled.jpg?fit=848%2C1200&ssl=1&resize=700%2C400 2x"},"classes":[]},{"id":23646,"url":"https:\/\/www.jazzzeitung.de\/cms\/2020\/10\/jazz-now-2020-25-jazzforum-der-deutschen-jazzunion-fand-trotz-corona-pandemie-in-leipzig-statt\/","url_meta":{"origin":22504,"position":3},"title":"Jazz Now! 2020: 25. Jazzforum der Deutschen Jazzunion fand trotz Corona-Pandemie in Leipzig statt","author":"Redaktion JazzZeitung","date":"19. Oktober 2020","format":false,"excerpt":"Trotz den Corona-Einschr\u00e4nkungen hat die Deutsche Jazzunion an den vergangenen zwei Tagen ihre biennale Bundeskonferenz \u201eJazz Now! 2020\u201c im Kunstkraftwerk Leipzig durchgef\u00fchrt. Mit Abstand und Masken, sowie mit vielen digitalen und hybriden Formaten fanden Panels und Workshops statt, die von Jazzmusiker*innen aus ganz Deutschland und Europa beachtet wurden. Durch die\u2026","rel":"","context":"In &quot;News&quot;","block_context":{"text":"News","link":"https:\/\/www.jazzzeitung.de\/cms\/thema\/nachrichten\/"},"img":{"alt_text":"JazzNow Jazztage Leipzig 2020. Foto: Lukas Diller.","src":"https:\/\/i0.wp.com\/www.jazzzeitung.de\/cms\/wp-content\/uploads\/2020\/10\/JazzNow_Jazztage_c_LukasDiller-9.jpg?fit=1200%2C800&ssl=1&resize=350%2C200","width":350,"height":200,"srcset":"https:\/\/i0.wp.com\/www.jazzzeitung.de\/cms\/wp-content\/uploads\/2020\/10\/JazzNow_Jazztage_c_LukasDiller-9.jpg?fit=1200%2C800&ssl=1&resize=350%2C200 1x, https:\/\/i0.wp.com\/www.jazzzeitung.de\/cms\/wp-content\/uploads\/2020\/10\/JazzNow_Jazztage_c_LukasDiller-9.jpg?fit=1200%2C800&ssl=1&resize=525%2C300 1.5x, https:\/\/i0.wp.com\/www.jazzzeitung.de\/cms\/wp-content\/uploads\/2020\/10\/JazzNow_Jazztage_c_LukasDiller-9.jpg?fit=1200%2C800&ssl=1&resize=700%2C400 2x, https:\/\/i0.wp.com\/www.jazzzeitung.de\/cms\/wp-content\/uploads\/2020\/10\/JazzNow_Jazztage_c_LukasDiller-9.jpg?fit=1200%2C800&ssl=1&resize=1050%2C600 3x"},"classes":[]},{"id":22046,"url":"https:\/\/www.jazzzeitung.de\/cms\/2020\/02\/news-robyn-schulkowsky-gebrueder-teichmann-im-leeren-beutel-jazz-rally-duesseldorf-zugangshuerden-zur-grundrente-senken\/","url_meta":{"origin":22504,"position":4},"title":"+++ news +++ Robyn Schulkowsky &#038; Gebr\u00fcder Teichmann im Leeren Beutel +++ Jazz Rally D\u00fcsseldorf +++ Zugangsh\u00fcrden zur Grundrente senken +++","author":"Redaktion JazzZeitung","date":"28. Februar 2020","format":false,"excerpt":"+++ Robyn Schulkowsky & Gebr\u00fcder Teichmann a, 24. April im Leeren Beutel Regensburg +++ Mit Robyn Schulkowsky und den Gebr\u00fcder Teichmann treffen zwei Generationen stil\u00fcbergreifender Experimentierfreude und musikalischer Offenheit zusammen. Aus der Freundschaft der drei Musiker entsprang der Wunsch sich musikalisch auszutauschen. Das Konzept ist so einfach wie spannend: Einen\u2026","rel":"","context":"In &quot;News&quot;","block_context":{"text":"News","link":"https:\/\/www.jazzzeitung.de\/cms\/thema\/nachrichten\/"},"img":{"alt_text":"","src":"https:\/\/i0.wp.com\/www.jazzzeitung.de\/cms\/wp-content\/uploads\/2020\/02\/Robyn-Teichmanns_09175.jpg?fit=1200%2C822&ssl=1&resize=350%2C200","width":350,"height":200,"srcset":"https:\/\/i0.wp.com\/www.jazzzeitung.de\/cms\/wp-content\/uploads\/2020\/02\/Robyn-Teichmanns_09175.jpg?fit=1200%2C822&ssl=1&resize=350%2C200 1x, https:\/\/i0.wp.com\/www.jazzzeitung.de\/cms\/wp-content\/uploads\/2020\/02\/Robyn-Teichmanns_09175.jpg?fit=1200%2C822&ssl=1&resize=525%2C300 1.5x, https:\/\/i0.wp.com\/www.jazzzeitung.de\/cms\/wp-content\/uploads\/2020\/02\/Robyn-Teichmanns_09175.jpg?fit=1200%2C822&ssl=1&resize=700%2C400 2x, https:\/\/i0.wp.com\/www.jazzzeitung.de\/cms\/wp-content\/uploads\/2020\/02\/Robyn-Teichmanns_09175.jpg?fit=1200%2C822&ssl=1&resize=1050%2C600 3x"},"classes":[]},{"id":32443,"url":"https:\/\/www.jazzzeitung.de\/cms\/2025\/04\/deutsche-jazzunion-begruesst-koalitionsvertrag-und-betont-bedeutung-der-freien-kuenste\/","url_meta":{"origin":22504,"position":5},"title":"Deutsche Jazzunion begr\u00fc\u00dft Koalitionsvertrag und betont Bedeutung der freien K\u00fcnste","author":"Martin Hufner","date":"10. April 2025","format":false,"excerpt":"Koalitionsvertrag beinhaltet wichtige Signale im Bereich der sozialen Absicherung und Bundeskulturf\u00f6rderung +++ Jazz in der Initiative Musik muss gest\u00e4rkt werden +++ +++ Nachhaltige Finanzierung der freien Musik sicherstellen","rel":"","context":"In &quot;News&quot;","block_context":{"text":"News","link":"https:\/\/www.jazzzeitung.de\/cms\/thema\/nachrichten\/"},"img":{"alt_text":"Vogel ins Freie. Foto \u00a9 Martin Hufner","src":"https:\/\/i0.wp.com\/www.jazzzeitung.de\/cms\/wp-content\/uploads\/2024\/06\/Vogel-ins-Freie.-Foto-%C2%A9-Martin-Hufner.jpg?fit=1200%2C795&ssl=1&resize=350%2C200","width":350,"height":200,"srcset":"https:\/\/i0.wp.com\/www.jazzzeitung.de\/cms\/wp-content\/uploads\/2024\/06\/Vogel-ins-Freie.-Foto-%C2%A9-Martin-Hufner.jpg?fit=1200%2C795&ssl=1&resize=350%2C200 1x, https:\/\/i0.wp.com\/www.jazzzeitung.de\/cms\/wp-content\/uploads\/2024\/06\/Vogel-ins-Freie.-Foto-%C2%A9-Martin-Hufner.jpg?fit=1200%2C795&ssl=1&resize=525%2C300 1.5x, https:\/\/i0.wp.com\/www.jazzzeitung.de\/cms\/wp-content\/uploads\/2024\/06\/Vogel-ins-Freie.-Foto-%C2%A9-Martin-Hufner.jpg?fit=1200%2C795&ssl=1&resize=700%2C400 2x, https:\/\/i0.wp.com\/www.jazzzeitung.de\/cms\/wp-content\/uploads\/2024\/06\/Vogel-ins-Freie.-Foto-%C2%A9-Martin-Hufner.jpg?fit=1200%2C795&ssl=1&resize=1050%2C600 3x"},"classes":[]}],"jetpack_sharing_enabled":true,"_links":{"self":[{"href":"https:\/\/www.jazzzeitung.de\/cms\/wp-json\/wp\/v2\/posts\/22504","targetHints":{"allow":["GET"]}}],"collection":[{"href":"https:\/\/www.jazzzeitung.de\/cms\/wp-json\/wp\/v2\/posts"}],"about":[{"href":"https:\/\/www.jazzzeitung.de\/cms\/wp-json\/wp\/v2\/types\/post"}],"author":[{"embeddable":true,"href":"https:\/\/www.jazzzeitung.de\/cms\/wp-json\/wp\/v2\/users\/18"}],"replies":[{"embeddable":true,"href":"https:\/\/www.jazzzeitung.de\/cms\/wp-json\/wp\/v2\/comments?post=22504"}],"version-history":[{"count":15,"href":"https:\/\/www.jazzzeitung.de\/cms\/wp-json\/wp\/v2\/posts\/22504\/revisions"}],"predecessor-version":[{"id":22525,"href":"https:\/\/www.jazzzeitung.de\/cms\/wp-json\/wp\/v2\/posts\/22504\/revisions\/22525"}],"wp:featuredmedia":[{"embeddable":true,"href":"https:\/\/www.jazzzeitung.de\/cms\/wp-json\/wp\/v2\/media\/22517"}],"wp:attachment":[{"href":"https:\/\/www.jazzzeitung.de\/cms\/wp-json\/wp\/v2\/media?parent=22504"}],"wp:term":[{"taxonomy":"category","embeddable":true,"href":"https:\/\/www.jazzzeitung.de\/cms\/wp-json\/wp\/v2\/categories?post=22504"},{"taxonomy":"post_tag","embeddable":true,"href":"https:\/\/www.jazzzeitung.de\/cms\/wp-json\/wp\/v2\/tags?post=22504"},{"taxonomy":"author","embeddable":true,"href":"https:\/\/www.jazzzeitung.de\/cms\/wp-json\/wp\/v2\/coauthors?post=22504"}],"curies":[{"name":"wp","href":"https:\/\/api.w.org\/{rel}","templated":true}]}}