{"id":22498,"date":"2020-05-10T12:00:01","date_gmt":"2020-05-10T10:00:01","guid":{"rendered":"https:\/\/www.jazzzeitung.de\/cms\/?p=22498"},"modified":"2020-05-06T18:54:23","modified_gmt":"2020-05-06T16:54:23","slug":"die-jazz-radiowoche-vom-11-05-20-bis-17-05-20","status":"publish","type":"post","link":"https:\/\/www.jazzzeitung.de\/cms\/2020\/05\/die-jazz-radiowoche-vom-11-05-20-bis-17-05-20\/","title":{"rendered":"Die Jazz-Radiowoche vom 11.05.20 bis 17.05.20"},"content":{"rendered":"<p>Ein kleiner Blick in die Jazzwoche 19 im Radio. Die \u00dcbersicht zum <a href=\"https:\/\/service.conbrio.de\/service\/download\/278\/\">Download als PDF<\/a>. Alle Angaben ohne Gew\u00e4hr.<\/p>\n<h2>Jazz im Radio (Fernsehen)<\/h2>\n<ul>\n<li><strong>SR2<\/strong> \u2013 <a href=\"http:\/\/www.sr.de\/sr\/sr2\/sendungen_a-z\/uebersicht\/jazznow\/index.html\">JazzNow<\/a> \u2013 Sonntags von 20.04 bis 22.30 Uhr<\/li>\n<li><strong>BR-KLASSIK \u2013 <\/strong><a href=\"https:\/\/www.br-klassik.de\/themen\/jazz-und-weltmusik\/jazztime-die-ganze-welt-des-jazz-100.html\">Jazztime<\/a><strong> \u2013 <\/strong>Von Montag bis Freitag t\u00e4glich um 23.05 Uhr<\/li>\n<li><strong>rbb-kultur<\/strong> \u2013 <a href=\"https:\/\/www.kulturradio.de\/programm\/schema\/sendungen\/late_night_jazz.html\">Late Night Jazz<\/a> \u2013 Sa und So 23:04 \u2013 24:00 Uhr<\/li>\n<li><strong>hr2-kultur<\/strong> \u2013 <a href=\"http:\/\/www.hr2.de\/musik\/jazz\/index.html\">Jazz in hr2-kultur<\/a> \u2013 t\u00e4glich<\/li>\n<li><strong>SWR2<\/strong> \u2013 <a href=\"https:\/\/www.swr.de\/swr2\/programm\/sendungen\/jazz\/startseite-mit-vorschau\/-\/id=659242\/did=13778140\/nid=659242\/13ttn4d\/index.html\">Jazz<\/a> \u2013 t\u00e4glich<\/li>\n<li><strong>Deutschlandfunk<\/strong> \u2013 <a href=\"http:\/\/www.deutschlandfunk.de\/jazz.747.de.html\">Jazz (\u00dcberblick)<\/a> \u2013 <a href=\"http:\/\/www.deutschlandfunk.de\/jazz-live.822.de.html\">Jazz Live<\/a>, <a href=\"http:\/\/www.deutschlandfunk.de\/jazzfacts.824.de.html\">JazzFacts<\/a> und <a href=\"http:\/\/www.deutschlandfunk.de\/milestones.1805.de.html\">Milestones<\/a><\/li>\n<li><strong>Deutschlandfunk Kultur<\/strong> \u2013 <a href=\"http:\/\/www.deutschlandfunkkultur.de\/jazz.1142.de.html\">Jazz<\/a> \u2013 diverse Sendetermine<\/li>\n<li><strong>\u00d61 <\/strong>\u2013 <a href=\"https:\/\/oe1.orf.at\/programm\/\">diverse Sendetermine<\/a><\/li>\n<li><strong>ARTE TV<\/strong> \u2013 <a href=\"https:\/\/www.arte.tv\/de\/videos\/arte-concert\/jazz\/?xtor=AD-6-%5bMV_CFR_ARTE_DE_Google_GEN_GDN%5d-%5bGDN_GEN_Arte_Concerts_Jazz%5d-C-%5bjazz%20musik%5d\">Jazz<\/a><\/li>\n<\/ul>\n<p><strong>Periodika: Dauersendungen ohne gen\u00fcgend Infos \u2013 Tagesbegleitradio<\/strong><\/p>\n<ul>\n<li><strong>NDR Info <\/strong>\u2013 <strong>Play Jazz! Das Jazzmagazin<\/strong> 22:20 bis 23:00<\/li>\n<li><strong>MDR Kultur \u2013 Jazz <\/strong>19:05 bis 20:00<\/li>\n<li><strong>MDR Kultur \u2013<\/strong><strong>Jazz Lounge<\/strong> 19:35 bis 20:00<\/li>\n<li><strong>WDR3<\/strong> \u2013 Jazz &amp; World \u2013 Improvisiertes zum Tagesausklang \u2013 Montag bis Freitag, 22.04 \u2013 0:00 Uhr<\/li>\n<li><strong>WDR 3 Pers\u00f6nlich mit G\u00f6tz Alsmann<\/strong> 13:04 bis 15:00 (Samstags)<\/li>\n<\/ul>\n<p><strong>Podcast:<\/strong><\/p>\n<ul>\n<li><a href=\"https:\/\/www1.wdr.de\/mediathek\/audio\/wdr3\/wdr3-jazz\/giant-steps-in-jazz\/index.html\">WDR Podcast Giant Steps in Jazz von Karsten M\u00fctzelfeldt<\/a><\/li>\n<\/ul>\n<p>[podcastplayer feed_url=&#8217;https:\/\/audiothek.ardmediathek.de\/programsets\/74028654\/synd_rss?offset=0&amp;limit=12&#8242;]<br \/>\n<audio class=\"wp-audio-shortcode\" id=\"audio-22498-1\" preload=\"none\" style=\"width: 100%;\" controls=\"controls\"><source type=\"audio\/mpeg\" src=\"https:\/\/wdrmedien-a.akamaihd.net\/medp\/podcast\/weltweit\/fsk0\/214\/2140806\/wdr3giantstepsinjazz_2020-04-03_trailergiantstepsinjazz_wdr3.mp3?_=1\" \/><a href=\"https:\/\/wdrmedien-a.akamaihd.net\/medp\/podcast\/weltweit\/fsk0\/214\/2140806\/wdr3giantstepsinjazz_2020-04-03_trailergiantstepsinjazz_wdr3.mp3\">https:\/\/wdrmedien-a.akamaihd.net\/medp\/podcast\/weltweit\/fsk0\/214\/2140806\/wdr3giantstepsinjazz_2020-04-03_trailergiantstepsinjazz_wdr3.mp3<\/a><\/audio><\/p>\n<hr \/>\n<h2>11.05.<\/h2>\n<hr \/>\n<p>17:50 bis 18:00 | SWR 2<br \/>\n<strong>SWR2 Jazz vor Sechs<\/strong><\/p>\n<p>19:04 bis 20:00 | hr2-kultur<br \/>\n<strong>H\u00f6rbar<\/strong><\/p>\n<p>22:04 bis 00:00 | WDR 3<br \/>\n<strong>WDR 3 Jazz &amp; World<\/strong><\/p>\n<p>22:05 bis 23:00 | NDR Info<br \/>\n<strong>Play Jazz! Das Jazzmagazin \u2013 Mit Mauretta Heinzelmann<\/strong><\/p>\n<p>22:30 bis 23:00 | hr2-kultur<br \/>\n<strong>Jazz Now: Aus dem Dschungel der Neuver\u00f6ffentlichungen | Am Mikrofon: Guenter Hottmann<\/strong><\/p>\n<p>23:05 bis 00:00 | BR-KLASSIK<br \/>\n<strong>Jazztime: Jazztoday<\/strong><\/p>\n<p style=\"padding-left: 40px;\">The Rabbit \u2013 Zum 50.Todestag von Johnny Hodges (25.6.1906 bis 11.5.1970): Henning Sieverts erinnert an den gro\u00dfen amerikanischen Altsaxophonisten, der f\u00fcr fast 40 Jahre den Sound des Duke Ellington Orchestra mitpr\u00e4gte<\/p>\n<hr \/>\n<h2>12.05.<\/h2>\n<hr \/>\n<p>01:05 bis 05:00 | Deutschlandfunk Kultur<br \/>\n<strong>Tonart: Jazz \u2013 Moderation: Oliver Schwesig<\/strong><\/p>\n<p>17:50 bis 18:00 | SWR 2<br \/>\n<strong>SWR2 Jazz vor Sechs<\/strong><\/p>\n<p>21:03 bis 22:00 | SWR 2<br \/>\n<strong>SWR2 Jazz Session: My Favorite Discs<\/strong><\/p>\n<p style=\"padding-left: 40px;\">Von Nina Polaschegg. Pers\u00f6nliche Lieblingsalben aus der \u00e4lteren oder j\u00fcngeren Jazzgeschichte werden in der Reihe \u201eMy Favorite Discs\u201c regelm\u00e4\u00dfig vorgestellt: von den Autorinnen und Autoren unserer SWR2-Jazzredaktion. Legend\u00e4re Klassiker oder weniger bekannte Favoriten \u2013 warum gerade ein bestimmtes Album sie so beeindruckt hat, erkl\u00e4ren sie in dieser Sendung.<\/p>\n<p>21:05 bis 22:00 | Deutschlandfunk<br \/>\n<strong>Jazz Live: Trio Das Kapital \u2013 \u201eVive La France!\u201c<\/strong><\/p>\n<p style=\"padding-left: 40px;\">Daniel Erdmann, Tenorsaxofon; Hasse Poulsen, Gitarre; Edward Perraud, Schlagzeug. Aufnahme vom 2.11.2019 beim Tampere Jazz Happening, Finnland. Am Mikrofon: Karsten M\u00fctzelfeldt<\/p>\n<p style=\"padding-left: 40px;\">Sie nennen sich nach dem Hauptwerk von Karl Marx. Sie begannen mit eigenwilligen Eisler-Interpretationen. Heute spielen die drei Wahl-Pariser von Das Kapital auf charmant-schr\u00e4ge Weise Hits aus 430 Jahren franz\u00f6sischer Musikgeschichte. Auf dem offiziellen Plakatfoto f\u00fcr das Tampere Jazz Festival demonstriert die Band ihren Sinn f\u00fcr Selbstironie: Es zeigt den deutschen Saxofonisten Daniel Erdmann in der Uniform General de Gaulles, den d\u00e4nischen Gitarristen Hasse Poulsen als Louis XIV verkleidet und den franz\u00f6sischen Schlagzeuger Edward Perraud in der Rolle Napoleon Bonapartes. Entsprechend warf ihr j\u00fcngstes Programm \u201eVive La France\u201c durchaus keinen romantisch-verkl\u00e4rten Blick auf die Grande Nation, sondern betrieb eine charmant-s\u00fcffisante Dekonstruktion gallischen Musik-Erbes \u2013 mit Themen von Claude Debussy und Erik Satie \u00fcber den Chansonnier Claude Fran\u00e7ois bis zum Disco-Star Patrick Hernandez\u2026<\/p>\n<p>22:00 bis 00:00 | Bremen Zwei<br \/>\n<strong>Jazz Grooves<\/strong><\/p>\n<p>22:04 bis 00:00 | WDR 3<br \/>\n<strong>WDR 3 Jazz &amp; World<\/strong><\/p>\n<p>22:05 bis 23:00 | NDR Info<br \/>\n<strong>Play Jazz! Das Jazzmagazin \u2013 Mit Mauretta Heinzelmann<\/strong><\/p>\n<p>22:30 bis 23:00 | hr2-kultur<br \/>\n<strong>Jazzgroove: An den R\u00e4ndern des Jazz | Am Mikrofon: Guenter Hottmann<\/strong><\/p>\n<p>23:05 bis 00:00 | BR-KLASSIK<br \/>\n<strong>Jazztime: News &amp; Roots<\/strong><\/p>\n<p style=\"padding-left: 40px;\">Now This \u2013 Zum 85.Geburtstag von Gary Peacock: Henning Sieverts feiert den amerikanischen Meisterbassisten in Aufnahmen als Bandleader und Sideman, u.a. mit Keith Jarrett, Paul Bley, Marc Copland und Bill Frisell.<\/p>\n<hr \/>\n<h2>13.05.<\/h2>\n<hr \/>\n<p>17:50 bis 18:00 | SWR 2<br \/>\n<strong>SWR2 Jazz vor Sechs<\/strong><\/p>\n<p>19:05 bis 20:00 | BR-KLASSIK<br \/>\n<strong>Classic Sounds in Jazz: Blue Feelings<\/strong><\/p>\n<p style=\"padding-left: 40px;\">Mit Musik von Ella Fitzgerald, Duke Ellington und John Coltrane, Paul Desmond und anderen. Moderation und Auswahl: Roland Spiegel<\/p>\n<p>19:15 bis 20:00 | SR2 KulturRadio<br \/>\n<strong>Literatur im Gespr\u00e4ch: Das Magazin<\/strong><\/p>\n<p>20:04 bis 22:00 | WDR 3<br \/>\n<strong>WDR 3 Konzert live: The Four Tenors<\/strong><\/p>\n<p style=\"padding-left: 40px;\">Ada Rovatti, Bob Malach und Paul Heller, Tenorsaxofon; WDR Big Band, Komposition, Tenorsaxofon und Leitung: Bob Mintzer. \u00dcbertragung aus der K\u00f6lner Philharmonie<\/p>\n<p style=\"padding-left: 40px;\">Bei diesem \u201eSaxofon-Gipfel\u201c begegnen sich gleich vier international angesehene Tenorist*innen auf der B\u00fchne der K\u00f6lner Philharmonie. Dass Bob Mintzer im Sommer 2016 zum Chefdirigent der WDR Big Band ernannt wurde, ist gleich in doppelter Hinsicht ein Segen f\u00fcr die Band. Denn der Amerikaner z\u00e4hlt nicht nur zu den profiliertesten Arrangeur*innen des orchestralen Jazz, er ist auch ein \u00fcberaus talentierter Improvisator auf dem Tenorsaxophon. Zusammen mit Paul Heller, dem langj\u00e4hrigen Tenorsaxophonisten der WDR Big Band bildet er die Basis des Saxophongipfels \u201eThe Four Tenors\u201c. Komplettiert wird dieses Solistenquartett durch die Italienerin Ada Rovatti und den Amerikaner Bob Malach, zwei weiteren renommierten Vertreter*innen dieses Fachs. Damit steht einem impulsiven und von Energie getr\u00e4nkten Konzertabends nichts mehr im Wege.<\/p>\n<p>22:04 bis 00:00 | WDR 3<br \/>\n<strong>WDR 3 Jazz &amp; World<\/strong><\/p>\n<p>22:05 bis 23:00 | NDR Info<br \/>\n<strong>Play Jazz! Das Jazzmagazin \u2013 Mit Mauretta Heinzelmann<\/strong><\/p>\n<p>22:30 bis 23:00 | hr2-kultur<br \/>\n<strong>Jazzfacts: What\u2019s going on? \u2013 Features, Interviews und was die Szene (um-)treibt |<\/strong><\/p>\n<p>23:05 bis 00:00 | BR-KLASSIK<br \/>\n<strong>Jazztime: Jazz aus N\u00fcrnberg: Special \u2013 \u201eSongs in the key of life\u201c \u2013 Stevie Wonders Musik in Jazzfassungen<\/strong><\/p>\n<p style=\"padding-left: 40px;\">Aufnahmen mit Jacob Collier, Aaron Goldberg, Herbie Hancock, Vijay Iyer, Esperanza Spalding und anderen. Moderation und Auswahl: Beate Sampson<\/p>\n<hr \/>\n<h2>14.05.<\/h2>\n<hr \/>\n<p>17:50 bis 18:00 | SWR 2<br \/>\n<strong>SWR2 Jazz vor Sechs<\/strong><\/p>\n<p>20:04 bis 22:30 | hr2-kultur<br \/>\n<strong>hr-Bigband Live in concert: Melissa Aldana &amp; hr-Bigband, cond. &amp; arr. by Jim McNeely<\/strong><\/p>\n<p style=\"padding-left: 40px;\">hr-Bigband Live in concert: Melissa Aldana &amp; hr-Bigband, cond. &amp; arr. by Jim McNeely || Live-\u00dcbertragung des Konzert-Projekts der hr-Bigband mit der chilenischen Saxophonistin Melissa Aldana aus dem hr-Sendesaal in Frankfurt. Jim McNeely hat Aldanas Musik arrangiert, er leitet die hr-Bigband.<\/p>\n<p style=\"padding-left: 40px;\">Das majest\u00e4tische Tenorsaxophon, gespielt von einer Frau, das ist noch immer ein Blickfang. Und sie ist eine Attraktion: Melissa Aldana hei\u00dft sie, sie kommt aus Santiago de Chile, lebt in New York, sie war erst 24, da hat sie die renommierte \u201eThelonious Monk International Jazz Saxophone Competition\u201c f\u00fcr sich entscheiden k\u00f6nnen. Eine junge zierliche Frau, die den renommierten Wettbewerb gewinnt, da waren nat\u00fcrlich fast alle aus\u2019m H\u00e4uschen. Schlie\u00dflich klingt sie ein bisschen wie die Cool-Jazz-Legende Warne Marsh \u2013 oder um in der Gegenwart zu bleiben: sie erinnert mitunter an Mark Turner.<\/p>\n<p style=\"padding-left: 40px;\">Heute lebt Melissa Aldana in New York und geh\u00f6rt zur Riege der Musiker*innen, die gern von Veranstaltern und Festivals nach Europa eingeladen werden. Jedenfalls war das vor der Corona-Pandemie so. Ob dieses Konzert, f\u00fcr das Jim McNeely gern die Musik orchestrieren m\u00f6chte, tats\u00e4chlich zustande kommt, ist indes zum gegenw\u00e4rtigen Zeitpunkt nicht gesichert.<\/p>\n<p>21:05 bis 22:00 | Deutschlandfunk<br \/>\n<strong>JazzFacts<\/strong><\/p>\n<p>22:04 bis 00:00 | WDR 3<br \/>\n<strong>WDR 3 Jazz &amp; World<\/strong><\/p>\n<p>22:05 bis 23:00 | NDR Info<br \/>\n<strong>Play Jazz! Das Jazzmagazin \u2013 Mit Mauretta Heinzelmann<\/strong><\/p>\n<p>22:30 bis 23:00 | hr2-kultur<br \/>\n<strong>Jazz Now: Aus dem Dschungel der Neuver\u00f6ffentlichungen | Am Mikrofon: Guenter Hottmann<\/strong><\/p>\n<p>23:03 bis 00:00 | SWR 2<br \/>\n<strong>SWR2 NOWJazz: Hans im Gl\u00fcck, von Landshut nach London \u2013 Der Pianist und Komponist Hans Koller<\/strong><\/p>\n<p style=\"padding-left: 40px;\">Von Henry Altmann. Er tr\u00e4gt einen ber\u00fchmten Namen. Und doch hat Hans Koller, geboren 1970 in Landshut, nichts mit seinem Namensvetter, dem Wiener Saxofonisten Hans Koller (1921 \u2013 2003), zu tun. Au\u00dfer, dass er eine internationale Karriere gemacht hat und nach zwei Jahrzehnten zu den anerkannten Kr\u00e4ften des europ\u00e4ischen Jazz z\u00e4hlt: als Pianist, mehr noch aber als Komponist ebenso komplexer wie eleganter Werke f\u00fcr gr\u00f6\u00dfere Ensembles. So ganz nebenbei hat der 50-j\u00e4hrige Musikethnologie studiert, einen Doktor in Kompositionswissenschaft gemacht und eine Reihe wunderbarer Platten aufgenommen.<\/p>\n<p>23:05 bis 00:00 | BR-KLASSIK<br \/>\n<strong>Jazztime: All that Jazz<\/strong><\/p>\n<p style=\"padding-left: 40px;\">Weil der 45j\u00e4hrige Jimmy Greene so wandelbar ist und am Tenor- und am Sopransaxofon mit solch beseeltem Ton spielt, wurde er bereits von Horace Silver oder Ron Carter angeheuert. Neben seiner regen Sideman-T\u00e4tigkeit verfolgt der H\u00fcne ganz konsequent eine Solo-Karriere. Seine letzten Werke waren alle von einem furchtbaren Ereignis gepr\u00e4gt: Ende 2012 wurde Greenes sechsj\u00e4hrige Tochter Ana bei einem Amoklauf an der Sandy Hook Elementary School in Connecticut erschossen. Moderation und Auswahl: Ssirus W. Pakzad<\/p>\n<hr \/>\n<h2>15.05.<\/h2>\n<hr \/>\n<p>17:50 bis 18:00 | SWR 2<br \/>\n<strong>SWR2 Jazz vor Sechs<\/strong><\/p>\n<p>22:04 bis 00:00 | WDR 3<br \/>\n<strong>WDR 3 Jazz &amp; World<\/strong><\/p>\n<p>22:05 bis 23:00 | NDR Info<br \/>\n<strong>Jazz Special: Volkst\u00fcmliche Avantgarde \u2013 wie klingt denn das?<\/strong><\/p>\n<p style=\"padding-left: 40px;\">Der d\u00e4nische Schlagzeuger Peter Bruun. Am Mikrofon: Michael R\u00fcsenberg<\/p>\n<p>22:05 bis 22:50 | Deutschlandfunk<br \/>\n<strong>Milestones \u2013 Jazzklassiker: First Lady of Jazz \u2013 Zum 110. Geburtstag der Pianistin Mary Lou Williams<\/strong><\/p>\n<p style=\"padding-left: 40px;\">Am Mikrofon: Odilo Clausnitzer. In einer Epoche, in der Frauen im Jazz sonst nur als S\u00e4ngerinnen auftraten, zeigte die Pianistin und Arrangeurin Mary Lou Williams ihren m\u00e4nnlichen Kollegen energisch, wo\u2019s langging. Stilistisch war sie ihrer Zeit lange um Jahre voraus. Mary Lou Williams\u2019 ist die bis heute wichtigste und einflussreichste Musikerin der Jazzgeschichte. In der euphorischen Swing-\u00c4ra, in der Count Basie, Benny Goodman und Duke Ellington den Ton angaben, konnte sich Williams als einzige Frau in diesem Kreis etablieren. Mit Mitte 20 sorgte die Musikerin aus Atlanta in der damaligen Jazzmetropole Kansas City f\u00fcr Furore. Sie lieferte die Arrangements f\u00fcr Andy Kirk\u2019s Clouds of Joy, die dort dem fr\u00fchen Count-Basie-Orchester Konkurrenz machten. Ende der 1930er-Jahre waren auch die anspruchsvollen Jazzmusiker der US-Ostk\u00fcste von ihr beeindruckt. In der Zeit, in welcher der Taumel des Swing seinen H\u00f6hepunkt erreichte, schrieb Mary Lou Williams eine der hei\u00dfesten Nummern f\u00fcr das Benny-Goodman-Orchester. Bald darauf inspirierte sie Bebop-Avantgardisten wie Thelonious Monk und Bud Powell. Bis zu ihrem Tode 1981 wusste sie sich k\u00fcnstlerisch weiterzuentwickeln. Ihr Kompositionsrepertoire reichte von Blues und Boogie-Hits \u00fcber anspruchsvolle Suiten bis zu Messen und Kantaten.<\/p>\n<p>22:30 bis 23:00 | hr2-kultur<br \/>\n<strong>Jazz Classics: Aufnahmen, die die Welt beweg(t)en<\/strong><\/p>\n<p style=\"padding-left: 40px;\">\u201eBean on tour\u201c: Coleman Hawkins in Europa 1934-1939 | Heute mit: Coleman Hawkins: Timeless Historical Presents: Coleman Hawkins in Europe 1934-1939 | Timeless CBC 1-006 Jazz. Am Mikrofon: Jesko von Schwichow<\/p>\n<p>23:05 bis 00:00 | BR-KLASSIK<br \/>\n<strong>Jazztime: Jazz auf Reisen \u2013 Der \u00dcberw\u00e4ltigende \u2013 Tenorsaxofon-Legende Joe Henderson<\/strong><\/p>\n<p style=\"padding-left: 40px;\">Mit Kim Clarke, Kontrabass, Renee Rosnes, Klavier und Sylvia Cuenca, Schlagzeug. Aufnahme vom 22. M\u00e4rz 1987 bei der Internationalen Jazzwoche Burghausen. Moderation und Auswahl: Ulrich Habersetzer<\/p>\n<p>23:30 bis 00:00 | SWR 2<br \/>\n<strong>SWR2 NOWJazz Update: Sonic Wilderness Spezial \u2013 Die Dutar in Zentralasien<\/strong><\/p>\n<p style=\"padding-left: 40px;\">Von Franziska Buhre. Instrumente sind \u00e4lter als Nationalstaaten. Die zweisaitige Langhalslaute Dutar ist eine faszinierende Reisende auf den Pfaden der persischsprachigen Welt. In Zentralasien vereint sie Menschen verschiedener Ethnien, die den Kompositionszyklus Shashmaqam als ihr musikalisches Erbe pflegen. Einer von ihnen ist der Musiker und Komponist Sirojiddin Juraev aus Tadschikistan. Franziska Buhre stellt ihn und seine Musik vor.<\/p>\n<hr \/>\n<h2>16.05.<\/h2>\n<hr \/>\n<p>01:05 bis 06:00 | Deutschlandfunk<br \/>\n<strong>Deutschlandfunk Radionacht: Symphonic Jazz<\/strong><\/p>\n<p style=\"padding-left: 40px;\">Wie kann die Verbindung von sinfonischer Musik und Jazz gelingen?. Am Mikrofon: Jan Tengeler<\/p>\n<p>13:04 bis 15:00 | WDR 3<br \/>\n<strong>WDR 3 Pers\u00f6nlich mit G\u00f6tz Alsmann<\/strong><\/p>\n<p>17:05 bis 17:55 | Bayern 2<br \/>\n<strong>Jazz &amp; Politik: Politisches Feuilleton<\/strong><\/p>\n<p style=\"padding-left: 40px;\">Moderation: Lukas Hammerstein. Musikauswahl: Roland Spiegel<\/p>\n<p>17:50 bis 18:00 | SWR 2<br \/>\n<strong>SWR2 Jazz vor Sechs<\/strong><\/p>\n<p>18:05 bis 19:00 | BR-KLASSIK<br \/>\n<strong>Jazz und mehr: Die Einsamen<\/strong><\/p>\n<p style=\"padding-left: 40px;\">Mit Musik von Eva Cassidy, Andy Bey, Joe Pass, Peter Wispelwey und anderen. Moderation und Auswahl: Roland Spiegel<\/p>\n<p>19:04 bis 20:00 | hr2-kultur<br \/>\n<strong>Live Jazz: 53. <\/strong><strong>Internationales Jazzfestival Montreux 2019<\/strong><\/p>\n<ul>\n<li>Snarky Puppy<\/li>\n<li>Terence Blanchard Group<\/li>\n<\/ul>\n<p>20:04 bis 22:00 | WDR 3<br \/>\n<strong>WDR 3 Konzert: Composer in Residence<\/strong><\/p>\n<p style=\"padding-left: 40px;\">Marcio Doctor, Percussion; WDR Big Band, Komposition, Arrangements und Leitung: Vince Mendoza. Aufnahme aus dem K\u00f6lner Stadtgarten. Im Herbst 2016 wurde ein Schlussstrich gezogen und die \u201ewilde Ehe\u201c zwischen Vince Mendoza und der WDR Big Band f\u00fcr beendet erkl\u00e4rt. Nicht etwa, weil die Beziehung nicht mehr funktioniert h\u00e4tte, genau das Gegenteil war der Fall. Vince Mendoza ist seit den fr\u00fchen 1990er-Jahren ein gern gesehener Gast bei der WDR Big Band. Und weil die Zusammenarbeit von Mal zu Mal enger wurde und man diese musikalische Beziehung noch intensivieren wollte, ernannte man den amerikanischen Arrangeur kurzerhand zum \u201eComposer in Residence\u201c. Mendoza kennt die WDR Big Band wie kaum ein anderer, er wei\u00df bestens, wie er mit seiner filigranen Kompositionskunst das Potential eines jeden Bandmitglieds voll aussch\u00f6pfen kann. Jetzt pr\u00e4sentiert Vince Mendoza neuen \u201eStoff\u201c, den er \u201eseiner\u201c Klangk\u00f6rper auf den Leib geschneidert hat.<\/p>\n<p>20:15 bis 21:00 | NDR Info<br \/>\n<strong>Jazz Klassiker: W\u00fcnsche werden wahr &#8230; Am Mikrofon: Marianne Therstappen<\/strong><\/p>\n<p>22:03 bis 23:00 | SWR 2<br \/>\n<strong>SWR2 Jazztime: Incredible Jazz Vibes \u2013 Der Vibrafonist Warren Wolf<\/strong><\/p>\n<p style=\"padding-left: 40px;\">Von Ssirus W. Pakzad. Der aus Baltimore stammende Warren Wolf z\u00e4hlt zu den gro\u00dfen Virtuosen an Vibrafon und Marimba. Er ist ein Mann, der die Jazztradition mit modernen Gestaltungsmitteln weiterf\u00fchrt. Der 40-J\u00e4hrige, der auch ein brillanter Schlagzeuger und Pianist ist, musizierte mit vielen Gr\u00f6\u00dfen der amerikanischen Jazz-Szene, spielte eine Reihe von Alben unter eigenem Namen ein und geh\u00f6rt zur Stammbesetzung des \u201eSFJazz Collective\u201c. 2010 wurde er in der Kategorie \u201eRising Stars\u201c im Down Beat Critics Poll zum besten Vibrafonisten gew\u00e4hlt.<\/p>\n<p>22:05 bis 23:00 | NDR Info<br \/>\n<strong>Jazz Konzert: Roy Nathanson\u2019s Sotto Voce<\/strong><\/p>\n<p style=\"padding-left: 40px;\">NDR-Aufnahme aus dem Rolf-Liebermann-Studio vom November 2011. Am Mikrofon: Sarah Seidel<\/p>\n<hr \/>\n<h2>17.05.<\/h2>\n<hr \/>\n<p>00:05 bis 02:00 | Bayern 2<br \/>\n<strong>radioJazznacht \u2013 Mit Marcus A. Woelfle<\/strong><\/p>\n<p style=\"padding-left: 40px;\">\u201eSpiel jeden Ton so, als ob es um dein Leben ginge!\u201c \u2013 Zum 90. Geburtstag des Pianisten Friedrich Guldas. Moderation und Auswahl: Marcus A. Woelfle<\/p>\n<p>19:04 bis 20:00 | hr2-kultur<br \/>\n<strong>hr-Bigband<\/strong><\/p>\n<p style=\"padding-left: 40px;\">Konzerte und Produktionen u.a. mit: hr-Bigband: \u201eRemembering Peter\u201c | Ein Memorial f\u00fcr den langj\u00e4hrigen hr-Bigband-Posaunisten Peter Feil | H\u00f6rfunkstudio II, Frankfurt am Main, Dezember 2019, Teil 1. Am Mikrofon: Claus Gnichwitz<\/p>\n<p>19:32 bis 20:00 | SWR 2<br \/>\n<strong>SWR2 Jazz: Geschichte eines Jazz-Standards (26) \u2013 Nuages<\/strong><\/p>\n<p style=\"padding-left: 40px;\">Von Hans-J\u00fcrgen Schaal. Django Reinhardt, der Pionier des Gypsy-Jazz, schrieb diese schwerm\u00fctige Melodie im Jahr 1940: \u201eNuages\u201c \u2013 Wolken. Die Wolken, die damals \u00fcber Frankreich aufzogen, waren dunkel und bedrohlich. Im Juni hatte das Land vor dem Angriff Nazi-Deutschlands kapituliert, Paris war nun eine besetzte Stadt. In der Nachfolge von Reinhardt wurde \u201eNuages\u201c zur Pflichtnummer unz\u00e4hliger Gitarristen und Geiger diesseits und jenseits des Atlantiks. Die Betextungen des Songs verraten allerdings: Man kann \u201eNuages\u201c durchaus auch als \u201elove ballad\u201c h\u00f6ren und empfinden.<\/p>\n<p>20:04 bis 21:30 | SR2 KulturRadio<br \/>\n<strong>JazzNow: Philipp Schiepek Quartet \u2013 Mitschnitt vom 28. November 2019 in M\u00fcnchen<\/strong><\/p>\n<p>22:00 bis 00:00 | NDR Kultur<br \/>\n<strong>Soir\u00e9e: \u201eEcht schr\u00e4g &#8230;\u201c<\/strong><\/p>\n<p style=\"padding-left: 40px;\">L. Krajenski \/ M. Becker: \u201eVon Bach bis Monk\u201c, Jazz-Kompositionen | Volker Thies: Embrace | Friedrich Gulda: Konzert fur Violoncello und Blasorchester. Oliver Mascarenhas, Violoncello; Philharmonic Allstars; Markus Becker, Klavier; Lutz Krajenski, Hammondorgel. Ltg.: Gerd M\u00fcller-Lorenz. Aufzeichnung vom 16. Februar2020 im Kleinen Sendesaal des NDR in Hannover<\/p>\n<p>22:05 bis 23:00 | NDR Info<br \/>\n<strong>Jazz NDR Bigband: Das Studio-Eins-Konzert \u201eMemories, reflections and chili\u201c<\/strong><\/p>\n<p style=\"padding-left: 40px;\">Am Mikrofon: Henry Altmann<\/p>\n<p>&nbsp;<\/p>\n","protected":false},"excerpt":{"rendered":"<p>Ein kleiner Blick in die Jazzwoche 20 im Radio. Alle Angaben ohne Gew\u00e4hr. Geschichte eines Jazz-Standards (26) \u2013 Nuages |  First Lady of Jazz \u2013 Zum 110. Geburtstag der Pianistin Mary Lou Williams. <\/p>\n","protected":false},"author":1,"featured_media":18913,"comment_status":"open","ping_status":"closed","sticky":false,"template":"","format":"standard","meta":{"_jetpack_memberships_contains_paid_content":false,"footnotes":"","jetpack_publicize_message":"","jetpack_publicize_feature_enabled":true,"jetpack_social_post_already_shared":false,"jetpack_social_options":{"image_generator_settings":{"template":"highway","default_image_id":0,"font":"","enabled":false},"version":2}},"categories":[633,452],"tags":[1629],"coauthors":[650],"class_list":["post-22498","post","type-post","status-publish","format-standard","has-post-thumbnail","hentry","category-nachrichten","category-radio","tag-jazz-im-radio"],"yoast_head":"<!-- This site is optimized with the Yoast SEO plugin v27.5 - https:\/\/yoast.com\/product\/yoast-seo-wordpress\/ -->\n<title>Die Jazz-Radiowoche vom 11.05.20 bis 17.05.20 - JazzZeitung<\/title>\n<meta name=\"robots\" content=\"index, follow, max-snippet:-1, max-image-preview:large, max-video-preview:-1\" \/>\n<link rel=\"canonical\" href=\"https:\/\/www.jazzzeitung.de\/cms\/2020\/05\/die-jazz-radiowoche-vom-11-05-20-bis-17-05-20\/\" \/>\n<meta property=\"og:locale\" content=\"de_DE\" \/>\n<meta property=\"og:type\" content=\"article\" \/>\n<meta property=\"og:title\" content=\"Die Jazz-Radiowoche vom 11.05.20 bis 17.05.20 - JazzZeitung\" \/>\n<meta property=\"og:description\" content=\"Ein kleiner Blick in die Jazzwoche 20 im Radio. Alle Angaben ohne Gew\u00e4hr. Geschichte eines Jazz-Standards (26) \u2013 Nuages | First Lady of Jazz \u2013 Zum 110. Geburtstag der Pianistin Mary Lou Williams.\" \/>\n<meta property=\"og:url\" content=\"https:\/\/www.jazzzeitung.de\/cms\/2020\/05\/die-jazz-radiowoche-vom-11-05-20-bis-17-05-20\/\" \/>\n<meta property=\"og:site_name\" content=\"JazzZeitung\" \/>\n<meta property=\"article:publisher\" content=\"https:\/\/www.facebook.com\/JazzZeitung\/\" \/>\n<meta property=\"article:author\" content=\"https:\/\/www.facebook.com\/hufner\" \/>\n<meta property=\"article:published_time\" content=\"2020-05-10T10:00:01+00:00\" \/>\n<meta property=\"og:image\" content=\"https:\/\/i0.wp.com\/www.jazzzeitung.de\/cms\/wp-content\/uploads\/2019\/03\/jazz_im_radio.jpg?fit=2200%2C1417&ssl=1\" \/>\n\t<meta property=\"og:image:width\" content=\"2200\" \/>\n\t<meta property=\"og:image:height\" content=\"1417\" \/>\n\t<meta property=\"og:image:type\" content=\"image\/jpeg\" \/>\n<meta name=\"author\" content=\"Martin Hufner\" \/>\n<script type=\"application\/ld+json\" class=\"yoast-schema-graph\">{\"@context\":\"https:\\\/\\\/schema.org\",\"@graph\":[{\"@type\":\"Article\",\"@id\":\"https:\\\/\\\/www.jazzzeitung.de\\\/cms\\\/2020\\\/05\\\/die-jazz-radiowoche-vom-11-05-20-bis-17-05-20\\\/#article\",\"isPartOf\":{\"@id\":\"https:\\\/\\\/www.jazzzeitung.de\\\/cms\\\/2020\\\/05\\\/die-jazz-radiowoche-vom-11-05-20-bis-17-05-20\\\/\"},\"author\":{\"name\":\"Martin Hufner\",\"@id\":\"https:\\\/\\\/www.jazzzeitung.de\\\/cms\\\/#\\\/schema\\\/person\\\/b9a4e5ac765d94fb8f617bfa8f1fc5f7\"},\"headline\":\"Die Jazz-Radiowoche vom 11.05.20 bis 17.05.20\",\"datePublished\":\"2020-05-10T10:00:01+00:00\",\"mainEntityOfPage\":{\"@id\":\"https:\\\/\\\/www.jazzzeitung.de\\\/cms\\\/2020\\\/05\\\/die-jazz-radiowoche-vom-11-05-20-bis-17-05-20\\\/\"},\"wordCount\":2261,\"commentCount\":0,\"publisher\":{\"@id\":\"https:\\\/\\\/www.jazzzeitung.de\\\/cms\\\/#organization\"},\"image\":{\"@id\":\"https:\\\/\\\/www.jazzzeitung.de\\\/cms\\\/2020\\\/05\\\/die-jazz-radiowoche-vom-11-05-20-bis-17-05-20\\\/#primaryimage\"},\"thumbnailUrl\":\"https:\\\/\\\/i0.wp.com\\\/www.jazzzeitung.de\\\/cms\\\/wp-content\\\/uploads\\\/2019\\\/03\\\/jazz_im_radio.jpg?fit=2200%2C1417&ssl=1\",\"keywords\":[\"Jazz im Radio\"],\"articleSection\":[\"News\",\"Radio\"],\"inLanguage\":\"de\",\"potentialAction\":[{\"@type\":\"CommentAction\",\"name\":\"Comment\",\"target\":[\"https:\\\/\\\/www.jazzzeitung.de\\\/cms\\\/2020\\\/05\\\/die-jazz-radiowoche-vom-11-05-20-bis-17-05-20\\\/#respond\"]}]},{\"@type\":\"WebPage\",\"@id\":\"https:\\\/\\\/www.jazzzeitung.de\\\/cms\\\/2020\\\/05\\\/die-jazz-radiowoche-vom-11-05-20-bis-17-05-20\\\/\",\"url\":\"https:\\\/\\\/www.jazzzeitung.de\\\/cms\\\/2020\\\/05\\\/die-jazz-radiowoche-vom-11-05-20-bis-17-05-20\\\/\",\"name\":\"Die Jazz-Radiowoche vom 11.05.20 bis 17.05.20 - JazzZeitung\",\"isPartOf\":{\"@id\":\"https:\\\/\\\/www.jazzzeitung.de\\\/cms\\\/#website\"},\"primaryImageOfPage\":{\"@id\":\"https:\\\/\\\/www.jazzzeitung.de\\\/cms\\\/2020\\\/05\\\/die-jazz-radiowoche-vom-11-05-20-bis-17-05-20\\\/#primaryimage\"},\"image\":{\"@id\":\"https:\\\/\\\/www.jazzzeitung.de\\\/cms\\\/2020\\\/05\\\/die-jazz-radiowoche-vom-11-05-20-bis-17-05-20\\\/#primaryimage\"},\"thumbnailUrl\":\"https:\\\/\\\/i0.wp.com\\\/www.jazzzeitung.de\\\/cms\\\/wp-content\\\/uploads\\\/2019\\\/03\\\/jazz_im_radio.jpg?fit=2200%2C1417&ssl=1\",\"datePublished\":\"2020-05-10T10:00:01+00:00\",\"breadcrumb\":{\"@id\":\"https:\\\/\\\/www.jazzzeitung.de\\\/cms\\\/2020\\\/05\\\/die-jazz-radiowoche-vom-11-05-20-bis-17-05-20\\\/#breadcrumb\"},\"inLanguage\":\"de\",\"potentialAction\":[{\"@type\":\"ReadAction\",\"target\":[\"https:\\\/\\\/www.jazzzeitung.de\\\/cms\\\/2020\\\/05\\\/die-jazz-radiowoche-vom-11-05-20-bis-17-05-20\\\/\"]}]},{\"@type\":\"ImageObject\",\"inLanguage\":\"de\",\"@id\":\"https:\\\/\\\/www.jazzzeitung.de\\\/cms\\\/2020\\\/05\\\/die-jazz-radiowoche-vom-11-05-20-bis-17-05-20\\\/#primaryimage\",\"url\":\"https:\\\/\\\/i0.wp.com\\\/www.jazzzeitung.de\\\/cms\\\/wp-content\\\/uploads\\\/2019\\\/03\\\/jazz_im_radio.jpg?fit=2200%2C1417&ssl=1\",\"contentUrl\":\"https:\\\/\\\/i0.wp.com\\\/www.jazzzeitung.de\\\/cms\\\/wp-content\\\/uploads\\\/2019\\\/03\\\/jazz_im_radio.jpg?fit=2200%2C1417&ssl=1\",\"width\":2200,\"height\":1417,\"caption\":\"Jazz im Radio. Foto: Hufner\"},{\"@type\":\"BreadcrumbList\",\"@id\":\"https:\\\/\\\/www.jazzzeitung.de\\\/cms\\\/2020\\\/05\\\/die-jazz-radiowoche-vom-11-05-20-bis-17-05-20\\\/#breadcrumb\",\"itemListElement\":[{\"@type\":\"ListItem\",\"position\":1,\"name\":\"Startseite\",\"item\":\"https:\\\/\\\/www.jazzzeitung.de\\\/cms\\\/\"},{\"@type\":\"ListItem\",\"position\":2,\"name\":\"Die Jazz-Radiowoche vom 11.05.20 bis 17.05.20\"}]},{\"@type\":\"WebSite\",\"@id\":\"https:\\\/\\\/www.jazzzeitung.de\\\/cms\\\/#website\",\"url\":\"https:\\\/\\\/www.jazzzeitung.de\\\/cms\\\/\",\"name\":\"JazzZeitung\",\"description\":\"Jazz-News und Jazz-Kontroverses\",\"publisher\":{\"@id\":\"https:\\\/\\\/www.jazzzeitung.de\\\/cms\\\/#organization\"},\"potentialAction\":[{\"@type\":\"SearchAction\",\"target\":{\"@type\":\"EntryPoint\",\"urlTemplate\":\"https:\\\/\\\/www.jazzzeitung.de\\\/cms\\\/?s={search_term_string}\"},\"query-input\":{\"@type\":\"PropertyValueSpecification\",\"valueRequired\":true,\"valueName\":\"search_term_string\"}}],\"inLanguage\":\"de\"},{\"@type\":\"Organization\",\"@id\":\"https:\\\/\\\/www.jazzzeitung.de\\\/cms\\\/#organization\",\"name\":\"JazzZeitung online\",\"url\":\"https:\\\/\\\/www.jazzzeitung.de\\\/cms\\\/\",\"logo\":{\"@type\":\"ImageObject\",\"inLanguage\":\"de\",\"@id\":\"https:\\\/\\\/www.jazzzeitung.de\\\/cms\\\/#\\\/schema\\\/logo\\\/image\\\/\",\"url\":\"https:\\\/\\\/i0.wp.com\\\/www.jazzzeitung.de\\\/cms\\\/wp-content\\\/uploads\\\/2015\\\/08\\\/JAZZZEITUNGDE_Logo_Neu.png?fit=499%2C200&ssl=1\",\"contentUrl\":\"https:\\\/\\\/i0.wp.com\\\/www.jazzzeitung.de\\\/cms\\\/wp-content\\\/uploads\\\/2015\\\/08\\\/JAZZZEITUNGDE_Logo_Neu.png?fit=499%2C200&ssl=1\",\"width\":499,\"height\":200,\"caption\":\"JazzZeitung online\"},\"image\":{\"@id\":\"https:\\\/\\\/www.jazzzeitung.de\\\/cms\\\/#\\\/schema\\\/logo\\\/image\\\/\"},\"sameAs\":[\"https:\\\/\\\/www.facebook.com\\\/JazzZeitung\\\/\"]},{\"@type\":\"Person\",\"@id\":\"https:\\\/\\\/www.jazzzeitung.de\\\/cms\\\/#\\\/schema\\\/person\\\/b9a4e5ac765d94fb8f617bfa8f1fc5f7\",\"name\":\"Martin Hufner\",\"image\":{\"@type\":\"ImageObject\",\"inLanguage\":\"de\",\"@id\":\"https:\\\/\\\/i0.wp.com\\\/www.jazzzeitung.de\\\/cms\\\/wp-content\\\/uploads\\\/2013\\\/07\\\/huf-06.jpg?resize=96%2C96&ssl=15fcc31aa94540751a3b804516452be00\",\"url\":\"https:\\\/\\\/i0.wp.com\\\/www.jazzzeitung.de\\\/cms\\\/wp-content\\\/uploads\\\/2013\\\/07\\\/huf-06.jpg?resize=96%2C96&ssl=1\",\"contentUrl\":\"https:\\\/\\\/i0.wp.com\\\/www.jazzzeitung.de\\\/cms\\\/wp-content\\\/uploads\\\/2013\\\/07\\\/huf-06.jpg?resize=96%2C96&ssl=1\",\"caption\":\"Martin Hufner\"},\"description\":\"Martin Hufner ist freier Autor der JazzZeitung.\",\"sameAs\":[\"https:\\\/\\\/www.kritische-masse.de\\\/logbuch\",\"https:\\\/\\\/www.facebook.com\\\/hufner\"],\"url\":\"https:\\\/\\\/www.jazzzeitung.de\\\/cms\\\/author\\\/admin\\\/\"}]}<\/script>\n<!-- \/ Yoast SEO plugin. -->","yoast_head_json":{"title":"Die Jazz-Radiowoche vom 11.05.20 bis 17.05.20 - JazzZeitung","robots":{"index":"index","follow":"follow","max-snippet":"max-snippet:-1","max-image-preview":"max-image-preview:large","max-video-preview":"max-video-preview:-1"},"canonical":"https:\/\/www.jazzzeitung.de\/cms\/2020\/05\/die-jazz-radiowoche-vom-11-05-20-bis-17-05-20\/","og_locale":"de_DE","og_type":"article","og_title":"Die Jazz-Radiowoche vom 11.05.20 bis 17.05.20 - JazzZeitung","og_description":"Ein kleiner Blick in die Jazzwoche 20 im Radio. Alle Angaben ohne Gew\u00e4hr. Geschichte eines Jazz-Standards (26) \u2013 Nuages | First Lady of Jazz \u2013 Zum 110. Geburtstag der Pianistin Mary Lou Williams.","og_url":"https:\/\/www.jazzzeitung.de\/cms\/2020\/05\/die-jazz-radiowoche-vom-11-05-20-bis-17-05-20\/","og_site_name":"JazzZeitung","article_publisher":"https:\/\/www.facebook.com\/JazzZeitung\/","article_author":"https:\/\/www.facebook.com\/hufner","article_published_time":"2020-05-10T10:00:01+00:00","og_image":[{"width":2200,"height":1417,"url":"https:\/\/i0.wp.com\/www.jazzzeitung.de\/cms\/wp-content\/uploads\/2019\/03\/jazz_im_radio.jpg?fit=2200%2C1417&ssl=1","type":"image\/jpeg"}],"author":"Martin Hufner","schema":{"@context":"https:\/\/schema.org","@graph":[{"@type":"Article","@id":"https:\/\/www.jazzzeitung.de\/cms\/2020\/05\/die-jazz-radiowoche-vom-11-05-20-bis-17-05-20\/#article","isPartOf":{"@id":"https:\/\/www.jazzzeitung.de\/cms\/2020\/05\/die-jazz-radiowoche-vom-11-05-20-bis-17-05-20\/"},"author":{"name":"Martin Hufner","@id":"https:\/\/www.jazzzeitung.de\/cms\/#\/schema\/person\/b9a4e5ac765d94fb8f617bfa8f1fc5f7"},"headline":"Die Jazz-Radiowoche vom 11.05.20 bis 17.05.20","datePublished":"2020-05-10T10:00:01+00:00","mainEntityOfPage":{"@id":"https:\/\/www.jazzzeitung.de\/cms\/2020\/05\/die-jazz-radiowoche-vom-11-05-20-bis-17-05-20\/"},"wordCount":2261,"commentCount":0,"publisher":{"@id":"https:\/\/www.jazzzeitung.de\/cms\/#organization"},"image":{"@id":"https:\/\/www.jazzzeitung.de\/cms\/2020\/05\/die-jazz-radiowoche-vom-11-05-20-bis-17-05-20\/#primaryimage"},"thumbnailUrl":"https:\/\/i0.wp.com\/www.jazzzeitung.de\/cms\/wp-content\/uploads\/2019\/03\/jazz_im_radio.jpg?fit=2200%2C1417&ssl=1","keywords":["Jazz im Radio"],"articleSection":["News","Radio"],"inLanguage":"de","potentialAction":[{"@type":"CommentAction","name":"Comment","target":["https:\/\/www.jazzzeitung.de\/cms\/2020\/05\/die-jazz-radiowoche-vom-11-05-20-bis-17-05-20\/#respond"]}]},{"@type":"WebPage","@id":"https:\/\/www.jazzzeitung.de\/cms\/2020\/05\/die-jazz-radiowoche-vom-11-05-20-bis-17-05-20\/","url":"https:\/\/www.jazzzeitung.de\/cms\/2020\/05\/die-jazz-radiowoche-vom-11-05-20-bis-17-05-20\/","name":"Die Jazz-Radiowoche vom 11.05.20 bis 17.05.20 - JazzZeitung","isPartOf":{"@id":"https:\/\/www.jazzzeitung.de\/cms\/#website"},"primaryImageOfPage":{"@id":"https:\/\/www.jazzzeitung.de\/cms\/2020\/05\/die-jazz-radiowoche-vom-11-05-20-bis-17-05-20\/#primaryimage"},"image":{"@id":"https:\/\/www.jazzzeitung.de\/cms\/2020\/05\/die-jazz-radiowoche-vom-11-05-20-bis-17-05-20\/#primaryimage"},"thumbnailUrl":"https:\/\/i0.wp.com\/www.jazzzeitung.de\/cms\/wp-content\/uploads\/2019\/03\/jazz_im_radio.jpg?fit=2200%2C1417&ssl=1","datePublished":"2020-05-10T10:00:01+00:00","breadcrumb":{"@id":"https:\/\/www.jazzzeitung.de\/cms\/2020\/05\/die-jazz-radiowoche-vom-11-05-20-bis-17-05-20\/#breadcrumb"},"inLanguage":"de","potentialAction":[{"@type":"ReadAction","target":["https:\/\/www.jazzzeitung.de\/cms\/2020\/05\/die-jazz-radiowoche-vom-11-05-20-bis-17-05-20\/"]}]},{"@type":"ImageObject","inLanguage":"de","@id":"https:\/\/www.jazzzeitung.de\/cms\/2020\/05\/die-jazz-radiowoche-vom-11-05-20-bis-17-05-20\/#primaryimage","url":"https:\/\/i0.wp.com\/www.jazzzeitung.de\/cms\/wp-content\/uploads\/2019\/03\/jazz_im_radio.jpg?fit=2200%2C1417&ssl=1","contentUrl":"https:\/\/i0.wp.com\/www.jazzzeitung.de\/cms\/wp-content\/uploads\/2019\/03\/jazz_im_radio.jpg?fit=2200%2C1417&ssl=1","width":2200,"height":1417,"caption":"Jazz im Radio. Foto: Hufner"},{"@type":"BreadcrumbList","@id":"https:\/\/www.jazzzeitung.de\/cms\/2020\/05\/die-jazz-radiowoche-vom-11-05-20-bis-17-05-20\/#breadcrumb","itemListElement":[{"@type":"ListItem","position":1,"name":"Startseite","item":"https:\/\/www.jazzzeitung.de\/cms\/"},{"@type":"ListItem","position":2,"name":"Die Jazz-Radiowoche vom 11.05.20 bis 17.05.20"}]},{"@type":"WebSite","@id":"https:\/\/www.jazzzeitung.de\/cms\/#website","url":"https:\/\/www.jazzzeitung.de\/cms\/","name":"JazzZeitung","description":"Jazz-News und Jazz-Kontroverses","publisher":{"@id":"https:\/\/www.jazzzeitung.de\/cms\/#organization"},"potentialAction":[{"@type":"SearchAction","target":{"@type":"EntryPoint","urlTemplate":"https:\/\/www.jazzzeitung.de\/cms\/?s={search_term_string}"},"query-input":{"@type":"PropertyValueSpecification","valueRequired":true,"valueName":"search_term_string"}}],"inLanguage":"de"},{"@type":"Organization","@id":"https:\/\/www.jazzzeitung.de\/cms\/#organization","name":"JazzZeitung online","url":"https:\/\/www.jazzzeitung.de\/cms\/","logo":{"@type":"ImageObject","inLanguage":"de","@id":"https:\/\/www.jazzzeitung.de\/cms\/#\/schema\/logo\/image\/","url":"https:\/\/i0.wp.com\/www.jazzzeitung.de\/cms\/wp-content\/uploads\/2015\/08\/JAZZZEITUNGDE_Logo_Neu.png?fit=499%2C200&ssl=1","contentUrl":"https:\/\/i0.wp.com\/www.jazzzeitung.de\/cms\/wp-content\/uploads\/2015\/08\/JAZZZEITUNGDE_Logo_Neu.png?fit=499%2C200&ssl=1","width":499,"height":200,"caption":"JazzZeitung online"},"image":{"@id":"https:\/\/www.jazzzeitung.de\/cms\/#\/schema\/logo\/image\/"},"sameAs":["https:\/\/www.facebook.com\/JazzZeitung\/"]},{"@type":"Person","@id":"https:\/\/www.jazzzeitung.de\/cms\/#\/schema\/person\/b9a4e5ac765d94fb8f617bfa8f1fc5f7","name":"Martin Hufner","image":{"@type":"ImageObject","inLanguage":"de","@id":"https:\/\/i0.wp.com\/www.jazzzeitung.de\/cms\/wp-content\/uploads\/2013\/07\/huf-06.jpg?resize=96%2C96&ssl=15fcc31aa94540751a3b804516452be00","url":"https:\/\/i0.wp.com\/www.jazzzeitung.de\/cms\/wp-content\/uploads\/2013\/07\/huf-06.jpg?resize=96%2C96&ssl=1","contentUrl":"https:\/\/i0.wp.com\/www.jazzzeitung.de\/cms\/wp-content\/uploads\/2013\/07\/huf-06.jpg?resize=96%2C96&ssl=1","caption":"Martin Hufner"},"description":"Martin Hufner ist freier Autor der JazzZeitung.","sameAs":["https:\/\/www.kritische-masse.de\/logbuch","https:\/\/www.facebook.com\/hufner"],"url":"https:\/\/www.jazzzeitung.de\/cms\/author\/admin\/"}]}},"wp-worthy-pixel":{"ignored":false,"public":"aee94d20f1ae4f35bfd117064573b7e2","server":"vg04.met.vgwort.de","url":"https:\/\/vg04.met.vgwort.de\/na\/aee94d20f1ae4f35bfd117064573b7e2"},"wp-worthy-type":"normal","jetpack_publicize_connections":[],"cc_featured_image_caption":{"caption_text":"Jazz im Radio","source_text":"Motiv: Hufner","source_url":"https:\/\/www.musikkritik.org"},"jetpack_featured_media_url":"https:\/\/i0.wp.com\/www.jazzzeitung.de\/cms\/wp-content\/uploads\/2019\/03\/jazz_im_radio.jpg?fit=2200%2C1417&ssl=1","jetpack_shortlink":"https:\/\/wp.me\/p3KEcT-5QS","jetpack-related-posts":[{"id":22236,"url":"https:\/\/www.jazzzeitung.de\/cms\/2020\/03\/die-jazz-radiowoche-vom-30-03-20-bis-05-04-20\/","url_meta":{"origin":22498,"position":0},"title":"Die Jazz-Radiowoche vom 30.03.20 bis 05.04.20","author":"Martin Hufner","date":"29. M\u00e4rz 2020","format":false,"excerpt":"Ein kleiner Blick in die Jazzwoche 14 im Radio. Alle Angaben ohne Gew\u00e4hr. Jazz im Radio (Fernsehen) SR2 \u2013 JazzNow \u2013 Sonntags von 20.04 bis 22.30 Uhr BR-KLASSIK \u2013 Jazztime \u2013 Von Montag bis Freitag t\u00e4glich um 23.05 Uhr rbb-kultur \u2013 Late Night Jazz \u2013 Sa und So 23:04 \u2013\u2026","rel":"","context":"In &quot;News&quot;","block_context":{"text":"News","link":"https:\/\/www.jazzzeitung.de\/cms\/thema\/nachrichten\/"},"img":{"alt_text":"Jazz im Radio. Foto: Hufner","src":"https:\/\/i0.wp.com\/www.jazzzeitung.de\/cms\/wp-content\/uploads\/2019\/03\/jazz_im_radio.jpg?fit=1200%2C773&ssl=1&resize=350%2C200","width":350,"height":200,"srcset":"https:\/\/i0.wp.com\/www.jazzzeitung.de\/cms\/wp-content\/uploads\/2019\/03\/jazz_im_radio.jpg?fit=1200%2C773&ssl=1&resize=350%2C200 1x, https:\/\/i0.wp.com\/www.jazzzeitung.de\/cms\/wp-content\/uploads\/2019\/03\/jazz_im_radio.jpg?fit=1200%2C773&ssl=1&resize=525%2C300 1.5x, https:\/\/i0.wp.com\/www.jazzzeitung.de\/cms\/wp-content\/uploads\/2019\/03\/jazz_im_radio.jpg?fit=1200%2C773&ssl=1&resize=700%2C400 2x, https:\/\/i0.wp.com\/www.jazzzeitung.de\/cms\/wp-content\/uploads\/2019\/03\/jazz_im_radio.jpg?fit=1200%2C773&ssl=1&resize=1050%2C600 3x"},"classes":[]},{"id":23939,"url":"https:\/\/www.jazzzeitung.de\/cms\/2020\/12\/die-jazz-radiowoche-vom-7-12-20-bis-13-12-2020\/","url_meta":{"origin":22498,"position":1},"title":"Die Jazz-Radiowoche vom 7.12.20 bis 13.12.2020","author":"Martin Hufner","date":"6. Dezember 2020","format":false,"excerpt":"Ein kleiner Blick in die Jazzwoche 50 im Radio. Der ist dieses mal so klein, es steht da n\u00e4mlich gar nichts drin.Grund daf\u00fcr: Die Suchmaschine f\u00fcr Radiosendungen der ARD gibt am dem 7.12.2020 keine Ergebnisse heraus. Versuche der Kontaktaufnahme mit der ARD sind ohne Echo verhallt. Aktuell bleibt es bei\u2026","rel":"","context":"In &quot;News&quot;","block_context":{"text":"News","link":"https:\/\/www.jazzzeitung.de\/cms\/thema\/nachrichten\/"},"img":{"alt_text":"Jazz im Radio. Foto: Hufner","src":"https:\/\/i0.wp.com\/www.jazzzeitung.de\/cms\/wp-content\/uploads\/2019\/03\/jazz_im_radio.jpg?fit=1200%2C773&ssl=1&resize=350%2C200","width":350,"height":200,"srcset":"https:\/\/i0.wp.com\/www.jazzzeitung.de\/cms\/wp-content\/uploads\/2019\/03\/jazz_im_radio.jpg?fit=1200%2C773&ssl=1&resize=350%2C200 1x, https:\/\/i0.wp.com\/www.jazzzeitung.de\/cms\/wp-content\/uploads\/2019\/03\/jazz_im_radio.jpg?fit=1200%2C773&ssl=1&resize=525%2C300 1.5x, https:\/\/i0.wp.com\/www.jazzzeitung.de\/cms\/wp-content\/uploads\/2019\/03\/jazz_im_radio.jpg?fit=1200%2C773&ssl=1&resize=700%2C400 2x, https:\/\/i0.wp.com\/www.jazzzeitung.de\/cms\/wp-content\/uploads\/2019\/03\/jazz_im_radio.jpg?fit=1200%2C773&ssl=1&resize=1050%2C600 3x"},"classes":[]},{"id":21609,"url":"https:\/\/www.jazzzeitung.de\/cms\/2020\/01\/die-jazz-radiowoche-vom-06-01-20-bis-12-01-20-notausgabe\/","url_meta":{"origin":22498,"position":2},"title":"Die Jazz-Radiowoche vom 06.01.20 bis 12.01.20 (Notausgabe)","author":"Martin Hufner","date":"5. Januar 2020","format":false,"excerpt":"Ein kleiner Blick in die Jazzwoche 02 im Radio. Notausgabe! Die \u00dcbersicht zum Download als PDF. Alle Angaben ohne Gew\u00e4hr. Jazz im Radio (Fernsehen) SR2 \u2013 JazzNow \u2013 Sonntags von 20.04 bis 22.30 Uhr BR-KLASSIK \u2013 Jazztime \u2013 Von Montag bis Freitag t\u00e4glich um 23.05 Uhr rbb-kultur \u2013 Late Night\u2026","rel":"","context":"In &quot;News&quot;","block_context":{"text":"News","link":"https:\/\/www.jazzzeitung.de\/cms\/thema\/nachrichten\/"},"img":{"alt_text":"Jazz im Radio. Foto: Hufner","src":"https:\/\/i0.wp.com\/www.jazzzeitung.de\/cms\/wp-content\/uploads\/2019\/03\/jazz_im_radio.jpg?fit=1200%2C773&ssl=1&resize=350%2C200","width":350,"height":200,"srcset":"https:\/\/i0.wp.com\/www.jazzzeitung.de\/cms\/wp-content\/uploads\/2019\/03\/jazz_im_radio.jpg?fit=1200%2C773&ssl=1&resize=350%2C200 1x, https:\/\/i0.wp.com\/www.jazzzeitung.de\/cms\/wp-content\/uploads\/2019\/03\/jazz_im_radio.jpg?fit=1200%2C773&ssl=1&resize=525%2C300 1.5x, https:\/\/i0.wp.com\/www.jazzzeitung.de\/cms\/wp-content\/uploads\/2019\/03\/jazz_im_radio.jpg?fit=1200%2C773&ssl=1&resize=700%2C400 2x, https:\/\/i0.wp.com\/www.jazzzeitung.de\/cms\/wp-content\/uploads\/2019\/03\/jazz_im_radio.jpg?fit=1200%2C773&ssl=1&resize=1050%2C600 3x"},"classes":[]},{"id":23982,"url":"https:\/\/www.jazzzeitung.de\/cms\/2020\/12\/die-jazz-radiowoche-vom-14-12-20-bis-31-12-2020\/","url_meta":{"origin":22498,"position":3},"title":"Die Jazz-Radiowoche vom 14.12.20 bis 31.12.2020","author":"Martin Hufner","date":"13. Dezember 2020","format":false,"excerpt":"Ein kleiner Blick in Restmonat. Die Suchmaschine der ARD hat ihren Dienst am 7.12.2020 eingestellt. Nachfragen haben nur gezeigt, dass die Veranwortlichen kein Interesse daran haben, das zu kommunizieren. Weder ist herauszubekommen, wer das veranlasst hat noch warum. Danke ARD! F\u00fcr nichts. Jetzt schauen wir mal, wie es weiter geht.\u2026","rel":"","context":"In &quot;News&quot;","block_context":{"text":"News","link":"https:\/\/www.jazzzeitung.de\/cms\/thema\/nachrichten\/"},"img":{"alt_text":"Jazz im Radio. Foto: Hufner","src":"https:\/\/i0.wp.com\/www.jazzzeitung.de\/cms\/wp-content\/uploads\/2019\/03\/jazz_im_radio.jpg?fit=1200%2C773&ssl=1&resize=350%2C200","width":350,"height":200,"srcset":"https:\/\/i0.wp.com\/www.jazzzeitung.de\/cms\/wp-content\/uploads\/2019\/03\/jazz_im_radio.jpg?fit=1200%2C773&ssl=1&resize=350%2C200 1x, https:\/\/i0.wp.com\/www.jazzzeitung.de\/cms\/wp-content\/uploads\/2019\/03\/jazz_im_radio.jpg?fit=1200%2C773&ssl=1&resize=525%2C300 1.5x, https:\/\/i0.wp.com\/www.jazzzeitung.de\/cms\/wp-content\/uploads\/2019\/03\/jazz_im_radio.jpg?fit=1200%2C773&ssl=1&resize=700%2C400 2x, https:\/\/i0.wp.com\/www.jazzzeitung.de\/cms\/wp-content\/uploads\/2019\/03\/jazz_im_radio.jpg?fit=1200%2C773&ssl=1&resize=1050%2C600 3x"},"classes":[]},{"id":22441,"url":"https:\/\/www.jazzzeitung.de\/cms\/2020\/05\/die-jazz-radiowoche-vom-04-05-20-bis-10-05-20\/","url_meta":{"origin":22498,"position":4},"title":"Die Jazz-Radiowoche vom 04.05.20 bis 10.05.20","author":"Martin Hufner","date":"3. Mai 2020","format":false,"excerpt":"Ein kleiner Blick in die Jazzwoche 19 im Radio. Alle Angaben ohne Gew\u00e4hr. Jazz Special \u2013 Fire Music \u2013 Die unheilige Allianz von Jazz und Krieg | The Space Between \u2013 Mikrotonalit\u00e4t im Jazz","rel":"","context":"In &quot;News&quot;","block_context":{"text":"News","link":"https:\/\/www.jazzzeitung.de\/cms\/thema\/nachrichten\/"},"img":{"alt_text":"Jazz im Radio. Foto: Hufner","src":"https:\/\/i0.wp.com\/www.jazzzeitung.de\/cms\/wp-content\/uploads\/2019\/03\/jazz_im_radio.jpg?fit=1200%2C773&ssl=1&resize=350%2C200","width":350,"height":200,"srcset":"https:\/\/i0.wp.com\/www.jazzzeitung.de\/cms\/wp-content\/uploads\/2019\/03\/jazz_im_radio.jpg?fit=1200%2C773&ssl=1&resize=350%2C200 1x, https:\/\/i0.wp.com\/www.jazzzeitung.de\/cms\/wp-content\/uploads\/2019\/03\/jazz_im_radio.jpg?fit=1200%2C773&ssl=1&resize=525%2C300 1.5x, https:\/\/i0.wp.com\/www.jazzzeitung.de\/cms\/wp-content\/uploads\/2019\/03\/jazz_im_radio.jpg?fit=1200%2C773&ssl=1&resize=700%2C400 2x, https:\/\/i0.wp.com\/www.jazzzeitung.de\/cms\/wp-content\/uploads\/2019\/03\/jazz_im_radio.jpg?fit=1200%2C773&ssl=1&resize=1050%2C600 3x"},"classes":[]},{"id":23135,"url":"https:\/\/www.jazzzeitung.de\/cms\/2020\/08\/die-jazz-radiowoche-vom-10-08-bis-16-08-2020\/","url_meta":{"origin":22498,"position":5},"title":"Die Jazz-Radiowoche vom 10.08. bis 16.08.2020","author":"Martin Hufner","date":"9. August 2020","format":false,"excerpt":"Ein kleiner Blick in die Jazzwoche 33 im Radio. Alle Angaben ohne Gew\u00e4hr. Unter anderem: Botschafter Haitis \u2013 der Altsaxofonist Godwin Lewis","rel":"","context":"In &quot;News&quot;","block_context":{"text":"News","link":"https:\/\/www.jazzzeitung.de\/cms\/thema\/nachrichten\/"},"img":{"alt_text":"Jazz im Radio. Foto: Hufner","src":"https:\/\/i0.wp.com\/www.jazzzeitung.de\/cms\/wp-content\/uploads\/2019\/03\/jazz_im_radio.jpg?fit=1200%2C773&ssl=1&resize=350%2C200","width":350,"height":200,"srcset":"https:\/\/i0.wp.com\/www.jazzzeitung.de\/cms\/wp-content\/uploads\/2019\/03\/jazz_im_radio.jpg?fit=1200%2C773&ssl=1&resize=350%2C200 1x, https:\/\/i0.wp.com\/www.jazzzeitung.de\/cms\/wp-content\/uploads\/2019\/03\/jazz_im_radio.jpg?fit=1200%2C773&ssl=1&resize=525%2C300 1.5x, https:\/\/i0.wp.com\/www.jazzzeitung.de\/cms\/wp-content\/uploads\/2019\/03\/jazz_im_radio.jpg?fit=1200%2C773&ssl=1&resize=700%2C400 2x, https:\/\/i0.wp.com\/www.jazzzeitung.de\/cms\/wp-content\/uploads\/2019\/03\/jazz_im_radio.jpg?fit=1200%2C773&ssl=1&resize=1050%2C600 3x"},"classes":[]}],"jetpack_sharing_enabled":false,"_links":{"self":[{"href":"https:\/\/www.jazzzeitung.de\/cms\/wp-json\/wp\/v2\/posts\/22498","targetHints":{"allow":["GET"]}}],"collection":[{"href":"https:\/\/www.jazzzeitung.de\/cms\/wp-json\/wp\/v2\/posts"}],"about":[{"href":"https:\/\/www.jazzzeitung.de\/cms\/wp-json\/wp\/v2\/types\/post"}],"author":[{"embeddable":true,"href":"https:\/\/www.jazzzeitung.de\/cms\/wp-json\/wp\/v2\/users\/1"}],"replies":[{"embeddable":true,"href":"https:\/\/www.jazzzeitung.de\/cms\/wp-json\/wp\/v2\/comments?post=22498"}],"version-history":[{"count":1,"href":"https:\/\/www.jazzzeitung.de\/cms\/wp-json\/wp\/v2\/posts\/22498\/revisions"}],"predecessor-version":[{"id":22499,"href":"https:\/\/www.jazzzeitung.de\/cms\/wp-json\/wp\/v2\/posts\/22498\/revisions\/22499"}],"wp:featuredmedia":[{"embeddable":true,"href":"https:\/\/www.jazzzeitung.de\/cms\/wp-json\/wp\/v2\/media\/18913"}],"wp:attachment":[{"href":"https:\/\/www.jazzzeitung.de\/cms\/wp-json\/wp\/v2\/media?parent=22498"}],"wp:term":[{"taxonomy":"category","embeddable":true,"href":"https:\/\/www.jazzzeitung.de\/cms\/wp-json\/wp\/v2\/categories?post=22498"},{"taxonomy":"post_tag","embeddable":true,"href":"https:\/\/www.jazzzeitung.de\/cms\/wp-json\/wp\/v2\/tags?post=22498"},{"taxonomy":"author","embeddable":true,"href":"https:\/\/www.jazzzeitung.de\/cms\/wp-json\/wp\/v2\/coauthors?post=22498"}],"curies":[{"name":"wp","href":"https:\/\/api.w.org\/{rel}","templated":true}]}}