{"id":22481,"date":"2020-05-06T10:41:48","date_gmt":"2020-05-06T08:41:48","guid":{"rendered":"https:\/\/www.jazzzeitung.de\/cms\/?p=22481"},"modified":"2020-05-06T10:41:48","modified_gmt":"2020-05-06T08:41:48","slug":"local-heroes-live-stream-konzertreihe-aus-dem-jazzclub-unterfahrt","status":"publish","type":"post","link":"https:\/\/www.jazzzeitung.de\/cms\/2020\/05\/local-heroes-live-stream-konzertreihe-aus-dem-jazzclub-unterfahrt\/","title":{"rendered":"\u201eLocal Heroes\u201c: Live-Stream Konzertreihe aus dem Jazzclub Unterfahrt"},"content":{"rendered":"<p><strong>Auf den ersten Blick scheint alles normal zu sein, die 31 Stufen hinunter in den Keller des M\u00fcnchner Kulturzentrum Einstein, den langgezogenen Gang entlang zum Jazzclub Unterfahrt, aber dann &#8211; kein Licht am Ende des Tunnels! Alles ist dunkel und auch am Eingang des Clubs leere Plakatrahmen. Beim Betreten der Unterfahrt f\u00e4llt der Blick leicht melancholisch und unweigerlich auf die Speisetafeln an der K\u00fcchenwand: zu sehen der \u201elast order before shutdown\u201c. In Coronazeiten ist der normale Konzertbetrieb eingestellt und alles verwaist. Alles? Nicht ganz, denn in solchen Zeiten sind Alternativen und Innovation gefragt!<\/strong><\/p>\n<h3>Gedacht, \u00fcberlegt, konzipiert, getan!<\/h3>\n<p>Seit \u00fcber 50 Tagen ist der Jazzclub mittlerweile geschlossen und geplante Konzerte mussten, wie \u00fcberall sonst auch, abgesagt werden. Was tun in diesen besonderen Zeiten, wo Booking und Reisen ein unm\u00f6gliches Unterfangen ist? Zum Gl\u00fcck ist M\u00fcnchen eine Stadt mit einer ausgesprochen hohen Dichte an professionellen Musikern. Was liegt da n\u00e4her, als lokale Jazzheroes einzuladen und Streaming-Konzerte, die ja sowieso in aller Munde sind, zu veranstalten? Gedacht, \u00fcberlegt, konzipiert, getan! Den Auftakt bestritt die M\u00fcnchner S\u00e4ngerin <strong>Jenny Evans<\/strong>, die traditionell seit Jahren regelm\u00e4\u00dfig am Ostersamstag in der Unterfahrt auftritt. Um Mindestabst\u00e4nde einzuhalten, wurde die eigentliche Besetzung auf ein Trio verkleinert und unter dem treffenden Motto \u201etoo close for comfort\u201c ging das erste Unterfahrt Streaming-Konzert planm\u00e4\u00dfig am Ostersamstag \u00fcber die B\u00fchne und ins Netz. \u00dcberw\u00e4ltigt vom Zuspruch der Zuschauer, die das Konzert am Tablet, Handy oder Computer etc. verfolgten, spielte am Wochenende darauf das Trio <strong>LBT<\/strong>, die ihr neues Album \u201eStereo\u201c pr\u00e4sentierten. Weiter im Programm ging es eine Woche sp\u00e4ter dann mit dem Trio <strong>Br\u00e4ndle-Schwager-May <\/strong>und am letzten Wochenende folgte <strong>Chris Gall<\/strong> mit einem tief bewegenden Piano-Solo-Konzert, das der Bayerische Rundfunk parallel zum Stream mitgeschnitten hat (Sendetermine mit Ausschnitten des Abends am 08.05.2020 &amp; das ganze Konzert am 10.07.2020 in BR Klassik).<\/p>\n<div class=\"tiled-gallery type-rectangular tiled-gallery-unresized\" data-original-width=\"840\" data-carousel-extra='{&quot;blog_id&quot;:1,&quot;permalink&quot;:&quot;https:\\\/\\\/www.jazzzeitung.de\\\/cms\\\/2020\\\/05\\\/local-heroes-live-stream-konzertreihe-aus-dem-jazzclub-unterfahrt\\\/&quot;,&quot;likes_blog_id&quot;:55446655}' itemscope itemtype=\"http:\/\/schema.org\/ImageGallery\" > <div class=\"gallery-row\" style=\"width: 840px; height: 713px;\" data-original-width=\"840\" data-original-height=\"713\" > <div class=\"gallery-group images-1\" style=\"width: 485px; height: 713px;\" data-original-width=\"485\" data-original-height=\"713\" > <div class=\"tiled-gallery-item tiled-gallery-item-large\" itemprop=\"associatedMedia\" itemscope itemtype=\"http:\/\/schema.org\/ImageObject\"> <a href=\"https:\/\/www.jazzzeitung.de\/cms\/2020\/05\/local-heroes-live-stream-konzertreihe-aus-dem-jazzclub-unterfahrt\/alles-vorbereitet-foto-tj-krebs\/\" border=\"0\" itemprop=\"url\"> <meta itemprop=\"width\" content=\"481\"> <meta itemprop=\"height\" content=\"709\"> <img decoding=\"async\" class=\"\" data-attachment-id=\"22482\" data-orig-file=\"https:\/\/www.jazzzeitung.de\/cms\/wp-content\/uploads\/2020\/05\/Alles-vorbereitet-Foto-TJ-Krebs.jpg\" data-orig-size=\"800,1179\" data-comments-opened=\"1\" data-image-meta=\"{&quot;aperture&quot;:&quot;0&quot;,&quot;credit&quot;:&quot;&quot;,&quot;camera&quot;:&quot;&quot;,&quot;caption&quot;:&quot;&quot;,&quot;created_timestamp&quot;:&quot;0&quot;,&quot;copyright&quot;:&quot;&quot;,&quot;focal_length&quot;:&quot;0&quot;,&quot;iso&quot;:&quot;0&quot;,&quot;shutter_speed&quot;:&quot;0&quot;,&quot;title&quot;:&quot;&quot;,&quot;orientation&quot;:&quot;0&quot;}\" data-image-title=\"Alles vorbereitet &amp;#8211; Foto TJ Krebs\" data-image-description=\"\" data-medium-file=\"https:\/\/i0.wp.com\/www.jazzzeitung.de\/cms\/wp-content\/uploads\/2020\/05\/Alles-vorbereitet-Foto-TJ-Krebs.jpg?fit=204%2C300&#038;ssl=1\" data-large-file=\"https:\/\/i0.wp.com\/www.jazzzeitung.de\/cms\/wp-content\/uploads\/2020\/05\/Alles-vorbereitet-Foto-TJ-Krebs.jpg?fit=407%2C600&#038;ssl=1\" src=\"https:\/\/i0.wp.com\/www.jazzzeitung.de\/cms\/wp-content\/uploads\/2020\/05\/Alles-vorbereitet-Foto-TJ-Krebs.jpg?w=481&#038;h=709&#038;ssl=1\" srcset=\"https:\/\/i0.wp.com\/www.jazzzeitung.de\/cms\/wp-content\/uploads\/2020\/05\/Alles-vorbereitet-Foto-TJ-Krebs.jpg?w=800&amp;ssl=1 800w, https:\/\/i0.wp.com\/www.jazzzeitung.de\/cms\/wp-content\/uploads\/2020\/05\/Alles-vorbereitet-Foto-TJ-Krebs.jpg?resize=204%2C300&amp;ssl=1 204w, https:\/\/i0.wp.com\/www.jazzzeitung.de\/cms\/wp-content\/uploads\/2020\/05\/Alles-vorbereitet-Foto-TJ-Krebs.jpg?resize=407%2C600&amp;ssl=1 407w, https:\/\/i0.wp.com\/www.jazzzeitung.de\/cms\/wp-content\/uploads\/2020\/05\/Alles-vorbereitet-Foto-TJ-Krebs.jpg?resize=768%2C1132&amp;ssl=1 768w\" width=\"481\" height=\"709\" loading=\"lazy\" data-original-width=\"481\" data-original-height=\"709\" itemprop=\"http:\/\/schema.org\/image\" title=\"Alles vorbereitet - Foto TJ Krebs\" alt=\"Alles vorbereitet - Foto TJ Krebs\" style=\"width: 481px; height: 709px;\" \/> <\/a> <\/div> <\/div> <!-- close group --> <div class=\"gallery-group images-3\" style=\"width: 355px; height: 713px;\" data-original-width=\"355\" data-original-height=\"713\" > <div class=\"tiled-gallery-item tiled-gallery-item-large\" itemprop=\"associatedMedia\" itemscope itemtype=\"http:\/\/schema.org\/ImageObject\"> <a href=\"https:\/\/www.jazzzeitung.de\/cms\/2020\/05\/local-heroes-live-stream-konzertreihe-aus-dem-jazzclub-unterfahrt\/chris-gall-foto-tj-krebs\/\" border=\"0\" itemprop=\"url\"> <meta itemprop=\"width\" content=\"351\"> <meta itemprop=\"height\" content=\"234\"> <img decoding=\"async\" class=\"\" data-attachment-id=\"22484\" data-orig-file=\"https:\/\/www.jazzzeitung.de\/cms\/wp-content\/uploads\/2020\/05\/Chris-Gall-Foto-TJ-Krebs.jpg\" data-orig-size=\"1200,800\" data-comments-opened=\"1\" data-image-meta=\"{&quot;aperture&quot;:&quot;0&quot;,&quot;credit&quot;:&quot;&quot;,&quot;camera&quot;:&quot;&quot;,&quot;caption&quot;:&quot;&quot;,&quot;created_timestamp&quot;:&quot;0&quot;,&quot;copyright&quot;:&quot;&quot;,&quot;focal_length&quot;:&quot;0&quot;,&quot;iso&quot;:&quot;0&quot;,&quot;shutter_speed&quot;:&quot;0&quot;,&quot;title&quot;:&quot;&quot;,&quot;orientation&quot;:&quot;0&quot;}\" data-image-title=\"Chris Gall &amp;#8211; Foto TJ Krebs\" data-image-description=\"\" data-medium-file=\"https:\/\/i0.wp.com\/www.jazzzeitung.de\/cms\/wp-content\/uploads\/2020\/05\/Chris-Gall-Foto-TJ-Krebs.jpg?fit=300%2C200&#038;ssl=1\" data-large-file=\"https:\/\/i0.wp.com\/www.jazzzeitung.de\/cms\/wp-content\/uploads\/2020\/05\/Chris-Gall-Foto-TJ-Krebs.jpg?fit=840%2C560&#038;ssl=1\" src=\"https:\/\/i0.wp.com\/www.jazzzeitung.de\/cms\/wp-content\/uploads\/2020\/05\/Chris-Gall-Foto-TJ-Krebs.jpg?w=351&#038;h=234&#038;ssl=1\" srcset=\"https:\/\/i0.wp.com\/www.jazzzeitung.de\/cms\/wp-content\/uploads\/2020\/05\/Chris-Gall-Foto-TJ-Krebs.jpg?w=1200&amp;ssl=1 1200w, https:\/\/i0.wp.com\/www.jazzzeitung.de\/cms\/wp-content\/uploads\/2020\/05\/Chris-Gall-Foto-TJ-Krebs.jpg?resize=300%2C200&amp;ssl=1 300w, https:\/\/i0.wp.com\/www.jazzzeitung.de\/cms\/wp-content\/uploads\/2020\/05\/Chris-Gall-Foto-TJ-Krebs.jpg?resize=900%2C600&amp;ssl=1 900w, https:\/\/i0.wp.com\/www.jazzzeitung.de\/cms\/wp-content\/uploads\/2020\/05\/Chris-Gall-Foto-TJ-Krebs.jpg?resize=768%2C512&amp;ssl=1 768w, https:\/\/i0.wp.com\/www.jazzzeitung.de\/cms\/wp-content\/uploads\/2020\/05\/Chris-Gall-Foto-TJ-Krebs.jpg?resize=120%2C80&amp;ssl=1 120w\" width=\"351\" height=\"234\" loading=\"lazy\" data-original-width=\"351\" data-original-height=\"234\" itemprop=\"http:\/\/schema.org\/image\" title=\"Chris Gall - Foto TJ Krebs\" alt=\"Chris Gall - Foto TJ Krebs\" style=\"width: 351px; height: 234px;\" \/> <\/a> <\/div> <div class=\"tiled-gallery-item tiled-gallery-item-large\" itemprop=\"associatedMedia\" itemscope itemtype=\"http:\/\/schema.org\/ImageObject\"> <a href=\"https:\/\/www.jazzzeitung.de\/cms\/2020\/05\/local-heroes-live-stream-konzertreihe-aus-dem-jazzclub-unterfahrt\/chris-gall-haende-foto-tj-krebs\/\" border=\"0\" itemprop=\"url\"> <meta itemprop=\"width\" content=\"351\"> <meta itemprop=\"height\" content=\"234\"> <img decoding=\"async\" class=\"\" data-attachment-id=\"22485\" data-orig-file=\"https:\/\/www.jazzzeitung.de\/cms\/wp-content\/uploads\/2020\/05\/Chris-Gall-H\u00e4nde-Foto-TJ-Krebs.jpg\" data-orig-size=\"1200,800\" data-comments-opened=\"1\" data-image-meta=\"{&quot;aperture&quot;:&quot;0&quot;,&quot;credit&quot;:&quot;&quot;,&quot;camera&quot;:&quot;&quot;,&quot;caption&quot;:&quot;&quot;,&quot;created_timestamp&quot;:&quot;0&quot;,&quot;copyright&quot;:&quot;&quot;,&quot;focal_length&quot;:&quot;0&quot;,&quot;iso&quot;:&quot;0&quot;,&quot;shutter_speed&quot;:&quot;0&quot;,&quot;title&quot;:&quot;&quot;,&quot;orientation&quot;:&quot;0&quot;}\" data-image-title=\"Chris Gall H\u00e4nde &amp;#8211; Foto TJ Krebs\" data-image-description=\"\" data-medium-file=\"https:\/\/i0.wp.com\/www.jazzzeitung.de\/cms\/wp-content\/uploads\/2020\/05\/Chris-Gall-H%C3%A4nde-Foto-TJ-Krebs.jpg?fit=300%2C200&#038;ssl=1\" data-large-file=\"https:\/\/i0.wp.com\/www.jazzzeitung.de\/cms\/wp-content\/uploads\/2020\/05\/Chris-Gall-H%C3%A4nde-Foto-TJ-Krebs.jpg?fit=840%2C560&#038;ssl=1\" src=\"https:\/\/i0.wp.com\/www.jazzzeitung.de\/cms\/wp-content\/uploads\/2020\/05\/Chris-Gall-H%C3%A4nde-Foto-TJ-Krebs.jpg?w=351&#038;h=234&#038;ssl=1\" width=\"351\" height=\"234\" loading=\"lazy\" data-original-width=\"351\" data-original-height=\"234\" itemprop=\"http:\/\/schema.org\/image\" title=\"Chris Gall H\u00e4nde - Foto TJ Krebs\" alt=\"Chris Gall H\u00e4nde - Foto TJ Krebs\" style=\"width: 351px; height: 234px;\" \/> <\/a> <\/div> <div class=\"tiled-gallery-item tiled-gallery-item-large\" itemprop=\"associatedMedia\" itemscope itemtype=\"http:\/\/schema.org\/ImageObject\"> <a href=\"https:\/\/www.jazzzeitung.de\/cms\/2020\/05\/local-heroes-live-stream-konzertreihe-aus-dem-jazzclub-unterfahrt\/chris-gall-live-foto-tj-krebs\/\" border=\"0\" itemprop=\"url\"> <meta itemprop=\"width\" content=\"351\"> <meta itemprop=\"height\" content=\"233\"> <img decoding=\"async\" class=\"\" data-attachment-id=\"22486\" data-orig-file=\"https:\/\/www.jazzzeitung.de\/cms\/wp-content\/uploads\/2020\/05\/Chris-Gall-live-Foto-TJ-Krebs.jpg\" data-orig-size=\"1200,800\" data-comments-opened=\"1\" data-image-meta=\"{&quot;aperture&quot;:&quot;0&quot;,&quot;credit&quot;:&quot;&quot;,&quot;camera&quot;:&quot;&quot;,&quot;caption&quot;:&quot;&quot;,&quot;created_timestamp&quot;:&quot;0&quot;,&quot;copyright&quot;:&quot;&quot;,&quot;focal_length&quot;:&quot;0&quot;,&quot;iso&quot;:&quot;0&quot;,&quot;shutter_speed&quot;:&quot;0&quot;,&quot;title&quot;:&quot;&quot;,&quot;orientation&quot;:&quot;0&quot;}\" data-image-title=\"Chris Gall live &amp;#8211; Foto TJ Krebs\" data-image-description=\"\" data-medium-file=\"https:\/\/i0.wp.com\/www.jazzzeitung.de\/cms\/wp-content\/uploads\/2020\/05\/Chris-Gall-live-Foto-TJ-Krebs.jpg?fit=300%2C200&#038;ssl=1\" data-large-file=\"https:\/\/i0.wp.com\/www.jazzzeitung.de\/cms\/wp-content\/uploads\/2020\/05\/Chris-Gall-live-Foto-TJ-Krebs.jpg?fit=840%2C560&#038;ssl=1\" src=\"https:\/\/i0.wp.com\/www.jazzzeitung.de\/cms\/wp-content\/uploads\/2020\/05\/Chris-Gall-live-Foto-TJ-Krebs.jpg?w=351&#038;h=233&#038;ssl=1\" srcset=\"https:\/\/i0.wp.com\/www.jazzzeitung.de\/cms\/wp-content\/uploads\/2020\/05\/Chris-Gall-live-Foto-TJ-Krebs.jpg?w=1200&amp;ssl=1 1200w, https:\/\/i0.wp.com\/www.jazzzeitung.de\/cms\/wp-content\/uploads\/2020\/05\/Chris-Gall-live-Foto-TJ-Krebs.jpg?resize=300%2C200&amp;ssl=1 300w, https:\/\/i0.wp.com\/www.jazzzeitung.de\/cms\/wp-content\/uploads\/2020\/05\/Chris-Gall-live-Foto-TJ-Krebs.jpg?resize=900%2C600&amp;ssl=1 900w, https:\/\/i0.wp.com\/www.jazzzeitung.de\/cms\/wp-content\/uploads\/2020\/05\/Chris-Gall-live-Foto-TJ-Krebs.jpg?resize=768%2C512&amp;ssl=1 768w, https:\/\/i0.wp.com\/www.jazzzeitung.de\/cms\/wp-content\/uploads\/2020\/05\/Chris-Gall-live-Foto-TJ-Krebs.jpg?resize=120%2C80&amp;ssl=1 120w\" width=\"351\" height=\"233\" loading=\"lazy\" data-original-width=\"351\" data-original-height=\"233\" itemprop=\"http:\/\/schema.org\/image\" title=\"Chris Gall live - Foto TJ Krebs\" alt=\"Chris Gall live - Foto TJ Krebs\" style=\"width: 351px; height: 233px;\" \/> <\/a> <\/div> <\/div> <!-- close group --> <\/div> <!-- close row --> <div class=\"gallery-row\" style=\"width: 840px; height: 388px;\" data-original-width=\"840\" data-original-height=\"388\" > <div class=\"gallery-group images-1\" style=\"width: 580px; height: 388px;\" data-original-width=\"580\" data-original-height=\"388\" > <div class=\"tiled-gallery-item tiled-gallery-item-large\" itemprop=\"associatedMedia\" itemscope itemtype=\"http:\/\/schema.org\/ImageObject\"> <a href=\"https:\/\/www.jazzzeitung.de\/cms\/2020\/05\/local-heroes-live-stream-konzertreihe-aus-dem-jazzclub-unterfahrt\/chris-gall-live-mit-kameramann-valentin-stueckl-foto-tj-krebs\/\" border=\"0\" itemprop=\"url\"> <meta itemprop=\"width\" content=\"576\"> <meta itemprop=\"height\" content=\"384\"> <img decoding=\"async\" class=\"\" data-attachment-id=\"22487\" data-orig-file=\"https:\/\/www.jazzzeitung.de\/cms\/wp-content\/uploads\/2020\/05\/Chris-Gall-live-mit-Kameramann-Valentin-St\u00fcckl-Foto-TJ-Krebs.jpg\" data-orig-size=\"1200,800\" data-comments-opened=\"1\" data-image-meta=\"{&quot;aperture&quot;:&quot;0&quot;,&quot;credit&quot;:&quot;&quot;,&quot;camera&quot;:&quot;&quot;,&quot;caption&quot;:&quot;&quot;,&quot;created_timestamp&quot;:&quot;0&quot;,&quot;copyright&quot;:&quot;&quot;,&quot;focal_length&quot;:&quot;0&quot;,&quot;iso&quot;:&quot;0&quot;,&quot;shutter_speed&quot;:&quot;0&quot;,&quot;title&quot;:&quot;&quot;,&quot;orientation&quot;:&quot;0&quot;}\" data-image-title=\"Chris Gall live mit Kameramann Valentin St\u00fcckl &amp;#8211; Foto TJ Krebs\" data-image-description=\"\" data-medium-file=\"https:\/\/i0.wp.com\/www.jazzzeitung.de\/cms\/wp-content\/uploads\/2020\/05\/Chris-Gall-live-mit-Kameramann-Valentin-St%C3%BCckl-Foto-TJ-Krebs.jpg?fit=300%2C200&#038;ssl=1\" data-large-file=\"https:\/\/i0.wp.com\/www.jazzzeitung.de\/cms\/wp-content\/uploads\/2020\/05\/Chris-Gall-live-mit-Kameramann-Valentin-St%C3%BCckl-Foto-TJ-Krebs.jpg?fit=840%2C560&#038;ssl=1\" src=\"https:\/\/i0.wp.com\/www.jazzzeitung.de\/cms\/wp-content\/uploads\/2020\/05\/Chris-Gall-live-mit-Kameramann-Valentin-St%C3%BCckl-Foto-TJ-Krebs.jpg?w=576&#038;h=384&#038;ssl=1\" width=\"576\" height=\"384\" loading=\"lazy\" data-original-width=\"576\" data-original-height=\"384\" itemprop=\"http:\/\/schema.org\/image\" title=\"Chris Gall live mit Kameramann Valentin St\u00fcckl - Foto TJ Krebs\" alt=\"Chris Gall live mit Kameramann Valentin St\u00fcckl - Foto TJ Krebs\" style=\"width: 576px; height: 384px;\" \/> <\/a> <\/div> <\/div> <!-- close group --> <div class=\"gallery-group images-1\" style=\"width: 260px; height: 388px;\" data-original-width=\"260\" data-original-height=\"388\" > <div class=\"tiled-gallery-item tiled-gallery-item-large\" itemprop=\"associatedMedia\" itemscope itemtype=\"http:\/\/schema.org\/ImageObject\"> <a href=\"https:\/\/www.jazzzeitung.de\/cms\/2020\/05\/local-heroes-live-stream-konzertreihe-aus-dem-jazzclub-unterfahrt\/eingang-foto-tj-krebs\/\" border=\"0\" itemprop=\"url\"> <meta itemprop=\"width\" content=\"256\"> <meta itemprop=\"height\" content=\"384\"> <img decoding=\"async\" class=\"\" data-attachment-id=\"22488\" data-orig-file=\"https:\/\/www.jazzzeitung.de\/cms\/wp-content\/uploads\/2020\/05\/Eingang-Foto-TJ-Krebs.jpg\" data-orig-size=\"800,1200\" data-comments-opened=\"1\" data-image-meta=\"{&quot;aperture&quot;:&quot;0&quot;,&quot;credit&quot;:&quot;&quot;,&quot;camera&quot;:&quot;&quot;,&quot;caption&quot;:&quot;&quot;,&quot;created_timestamp&quot;:&quot;0&quot;,&quot;copyright&quot;:&quot;&quot;,&quot;focal_length&quot;:&quot;0&quot;,&quot;iso&quot;:&quot;0&quot;,&quot;shutter_speed&quot;:&quot;0&quot;,&quot;title&quot;:&quot;&quot;,&quot;orientation&quot;:&quot;0&quot;}\" data-image-title=\"Eingang &amp;#8211; Foto TJ Krebs\" data-image-description=\"\" data-medium-file=\"https:\/\/i0.wp.com\/www.jazzzeitung.de\/cms\/wp-content\/uploads\/2020\/05\/Eingang-Foto-TJ-Krebs.jpg?fit=200%2C300&#038;ssl=1\" data-large-file=\"https:\/\/i0.wp.com\/www.jazzzeitung.de\/cms\/wp-content\/uploads\/2020\/05\/Eingang-Foto-TJ-Krebs.jpg?fit=400%2C600&#038;ssl=1\" src=\"https:\/\/i0.wp.com\/www.jazzzeitung.de\/cms\/wp-content\/uploads\/2020\/05\/Eingang-Foto-TJ-Krebs.jpg?w=256&#038;h=384&#038;ssl=1\" srcset=\"https:\/\/i0.wp.com\/www.jazzzeitung.de\/cms\/wp-content\/uploads\/2020\/05\/Eingang-Foto-TJ-Krebs.jpg?w=800&amp;ssl=1 800w, https:\/\/i0.wp.com\/www.jazzzeitung.de\/cms\/wp-content\/uploads\/2020\/05\/Eingang-Foto-TJ-Krebs.jpg?resize=200%2C300&amp;ssl=1 200w, https:\/\/i0.wp.com\/www.jazzzeitung.de\/cms\/wp-content\/uploads\/2020\/05\/Eingang-Foto-TJ-Krebs.jpg?resize=400%2C600&amp;ssl=1 400w, https:\/\/i0.wp.com\/www.jazzzeitung.de\/cms\/wp-content\/uploads\/2020\/05\/Eingang-Foto-TJ-Krebs.jpg?resize=768%2C1152&amp;ssl=1 768w\" width=\"256\" height=\"384\" loading=\"lazy\" data-original-width=\"256\" data-original-height=\"384\" itemprop=\"http:\/\/schema.org\/image\" title=\"Eingang - Foto TJ Krebs\" alt=\"Eingang - Foto TJ Krebs\" style=\"width: 256px; height: 384px;\" \/> <\/a> <\/div> <\/div> <!-- close group --> <\/div> <!-- close row --> <div class=\"gallery-row\" style=\"width: 840px; height: 388px;\" data-original-width=\"840\" data-original-height=\"388\" > <div class=\"gallery-group images-1\" style=\"width: 260px; height: 388px;\" data-original-width=\"260\" data-original-height=\"388\" > <div class=\"tiled-gallery-item tiled-gallery-item-large\" itemprop=\"associatedMedia\" itemscope itemtype=\"http:\/\/schema.org\/ImageObject\"> <a href=\"https:\/\/www.jazzzeitung.de\/cms\/2020\/05\/local-heroes-live-stream-konzertreihe-aus-dem-jazzclub-unterfahrt\/kein-licht-am-ende-des-tunnels-foto-tj-krebs\/\" border=\"0\" itemprop=\"url\"> <meta itemprop=\"width\" content=\"256\"> <meta itemprop=\"height\" content=\"384\"> <img decoding=\"async\" class=\"\" data-attachment-id=\"22489\" data-orig-file=\"https:\/\/www.jazzzeitung.de\/cms\/wp-content\/uploads\/2020\/05\/Kein-Licht-am-Ende-des-Tunnels-Foto-TJ-Krebs.jpg\" data-orig-size=\"800,1200\" data-comments-opened=\"1\" data-image-meta=\"{&quot;aperture&quot;:&quot;0&quot;,&quot;credit&quot;:&quot;&quot;,&quot;camera&quot;:&quot;&quot;,&quot;caption&quot;:&quot;&quot;,&quot;created_timestamp&quot;:&quot;0&quot;,&quot;copyright&quot;:&quot;&quot;,&quot;focal_length&quot;:&quot;0&quot;,&quot;iso&quot;:&quot;0&quot;,&quot;shutter_speed&quot;:&quot;0&quot;,&quot;title&quot;:&quot;&quot;,&quot;orientation&quot;:&quot;0&quot;}\" data-image-title=\"Kein Licht am Ende des Tunnels &amp;#8211; Foto TJ Krebs\" data-image-description=\"\" data-medium-file=\"https:\/\/i0.wp.com\/www.jazzzeitung.de\/cms\/wp-content\/uploads\/2020\/05\/Kein-Licht-am-Ende-des-Tunnels-Foto-TJ-Krebs.jpg?fit=200%2C300&#038;ssl=1\" data-large-file=\"https:\/\/i0.wp.com\/www.jazzzeitung.de\/cms\/wp-content\/uploads\/2020\/05\/Kein-Licht-am-Ende-des-Tunnels-Foto-TJ-Krebs.jpg?fit=400%2C600&#038;ssl=1\" src=\"https:\/\/i0.wp.com\/www.jazzzeitung.de\/cms\/wp-content\/uploads\/2020\/05\/Kein-Licht-am-Ende-des-Tunnels-Foto-TJ-Krebs.jpg?w=256&#038;h=384&#038;ssl=1\" srcset=\"https:\/\/i0.wp.com\/www.jazzzeitung.de\/cms\/wp-content\/uploads\/2020\/05\/Kein-Licht-am-Ende-des-Tunnels-Foto-TJ-Krebs.jpg?w=800&amp;ssl=1 800w, https:\/\/i0.wp.com\/www.jazzzeitung.de\/cms\/wp-content\/uploads\/2020\/05\/Kein-Licht-am-Ende-des-Tunnels-Foto-TJ-Krebs.jpg?resize=200%2C300&amp;ssl=1 200w, https:\/\/i0.wp.com\/www.jazzzeitung.de\/cms\/wp-content\/uploads\/2020\/05\/Kein-Licht-am-Ende-des-Tunnels-Foto-TJ-Krebs.jpg?resize=400%2C600&amp;ssl=1 400w, https:\/\/i0.wp.com\/www.jazzzeitung.de\/cms\/wp-content\/uploads\/2020\/05\/Kein-Licht-am-Ende-des-Tunnels-Foto-TJ-Krebs.jpg?resize=768%2C1152&amp;ssl=1 768w\" width=\"256\" height=\"384\" loading=\"lazy\" data-original-width=\"256\" data-original-height=\"384\" itemprop=\"http:\/\/schema.org\/image\" title=\"Kein Licht am Ende des Tunnels - Foto TJ Krebs\" alt=\"Kein Licht am Ende des Tunnels - Foto TJ Krebs\" style=\"width: 256px; height: 384px;\" \/> <\/a> <\/div> <\/div> <!-- close group --> <div class=\"gallery-group images-1\" style=\"width: 580px; height: 388px;\" data-original-width=\"580\" data-original-height=\"388\" > <div class=\"tiled-gallery-item tiled-gallery-item-large\" itemprop=\"associatedMedia\" itemscope itemtype=\"http:\/\/schema.org\/ImageObject\"> <a href=\"https:\/\/www.jazzzeitung.de\/cms\/2020\/05\/local-heroes-live-stream-konzertreihe-aus-dem-jazzclub-unterfahrt\/last-order-before-shutdown-foto-tj-krebs\/\" border=\"0\" itemprop=\"url\"> <meta itemprop=\"width\" content=\"576\"> <meta itemprop=\"height\" content=\"384\"> <img decoding=\"async\" class=\"\" data-attachment-id=\"22490\" data-orig-file=\"https:\/\/www.jazzzeitung.de\/cms\/wp-content\/uploads\/2020\/05\/last-order-before-shutdown-Foto-TJ-Krebs.jpg\" data-orig-size=\"1200,800\" data-comments-opened=\"1\" data-image-meta=\"{&quot;aperture&quot;:&quot;0&quot;,&quot;credit&quot;:&quot;&quot;,&quot;camera&quot;:&quot;&quot;,&quot;caption&quot;:&quot;&quot;,&quot;created_timestamp&quot;:&quot;0&quot;,&quot;copyright&quot;:&quot;&quot;,&quot;focal_length&quot;:&quot;0&quot;,&quot;iso&quot;:&quot;0&quot;,&quot;shutter_speed&quot;:&quot;0&quot;,&quot;title&quot;:&quot;&quot;,&quot;orientation&quot;:&quot;0&quot;}\" data-image-title=\"last order before shutdown &amp;#8211; Foto TJ Krebs\" data-image-description=\"\" data-medium-file=\"https:\/\/i0.wp.com\/www.jazzzeitung.de\/cms\/wp-content\/uploads\/2020\/05\/last-order-before-shutdown-Foto-TJ-Krebs.jpg?fit=300%2C200&#038;ssl=1\" data-large-file=\"https:\/\/i0.wp.com\/www.jazzzeitung.de\/cms\/wp-content\/uploads\/2020\/05\/last-order-before-shutdown-Foto-TJ-Krebs.jpg?fit=840%2C560&#038;ssl=1\" src=\"https:\/\/i0.wp.com\/www.jazzzeitung.de\/cms\/wp-content\/uploads\/2020\/05\/last-order-before-shutdown-Foto-TJ-Krebs.jpg?w=576&#038;h=384&#038;ssl=1\" srcset=\"https:\/\/i0.wp.com\/www.jazzzeitung.de\/cms\/wp-content\/uploads\/2020\/05\/last-order-before-shutdown-Foto-TJ-Krebs.jpg?w=1200&amp;ssl=1 1200w, https:\/\/i0.wp.com\/www.jazzzeitung.de\/cms\/wp-content\/uploads\/2020\/05\/last-order-before-shutdown-Foto-TJ-Krebs.jpg?resize=300%2C200&amp;ssl=1 300w, https:\/\/i0.wp.com\/www.jazzzeitung.de\/cms\/wp-content\/uploads\/2020\/05\/last-order-before-shutdown-Foto-TJ-Krebs.jpg?resize=900%2C600&amp;ssl=1 900w, https:\/\/i0.wp.com\/www.jazzzeitung.de\/cms\/wp-content\/uploads\/2020\/05\/last-order-before-shutdown-Foto-TJ-Krebs.jpg?resize=768%2C512&amp;ssl=1 768w, https:\/\/i0.wp.com\/www.jazzzeitung.de\/cms\/wp-content\/uploads\/2020\/05\/last-order-before-shutdown-Foto-TJ-Krebs.jpg?resize=120%2C80&amp;ssl=1 120w\" width=\"576\" height=\"384\" loading=\"lazy\" data-original-width=\"576\" data-original-height=\"384\" itemprop=\"http:\/\/schema.org\/image\" title=\"last order before shutdown - Foto TJ Krebs\" alt=\"last order before shutdown - Foto TJ Krebs\" style=\"width: 576px; height: 384px;\" \/> <\/a> <\/div> <\/div> <!-- close group --> <\/div> <!-- close row --> <div class=\"gallery-row\" style=\"width: 840px; height: 402px;\" data-original-width=\"840\" data-original-height=\"402\" > <div class=\"gallery-group images-1\" style=\"width: 269px; height: 402px;\" data-original-width=\"269\" data-original-height=\"402\" > <div class=\"tiled-gallery-item tiled-gallery-item-large\" itemprop=\"associatedMedia\" itemscope itemtype=\"http:\/\/schema.org\/ImageObject\"> <a href=\"https:\/\/www.jazzzeitung.de\/cms\/2020\/05\/local-heroes-live-stream-konzertreihe-aus-dem-jazzclub-unterfahrt\/soundcheck-foto-tj-krebs\/\" border=\"0\" itemprop=\"url\"> <meta itemprop=\"width\" content=\"265\"> <meta itemprop=\"height\" content=\"398\"> <img decoding=\"async\" class=\"\" data-attachment-id=\"22491\" data-orig-file=\"https:\/\/www.jazzzeitung.de\/cms\/wp-content\/uploads\/2020\/05\/Soundcheck-Foto-TJ-Krebs.jpg\" data-orig-size=\"800,1200\" data-comments-opened=\"1\" data-image-meta=\"{&quot;aperture&quot;:&quot;0&quot;,&quot;credit&quot;:&quot;&quot;,&quot;camera&quot;:&quot;&quot;,&quot;caption&quot;:&quot;&quot;,&quot;created_timestamp&quot;:&quot;0&quot;,&quot;copyright&quot;:&quot;&quot;,&quot;focal_length&quot;:&quot;0&quot;,&quot;iso&quot;:&quot;0&quot;,&quot;shutter_speed&quot;:&quot;0&quot;,&quot;title&quot;:&quot;&quot;,&quot;orientation&quot;:&quot;0&quot;}\" data-image-title=\"Soundcheck &amp;#8211; Foto TJ Krebs\" data-image-description=\"\" data-medium-file=\"https:\/\/i0.wp.com\/www.jazzzeitung.de\/cms\/wp-content\/uploads\/2020\/05\/Soundcheck-Foto-TJ-Krebs.jpg?fit=200%2C300&#038;ssl=1\" data-large-file=\"https:\/\/i0.wp.com\/www.jazzzeitung.de\/cms\/wp-content\/uploads\/2020\/05\/Soundcheck-Foto-TJ-Krebs.jpg?fit=400%2C600&#038;ssl=1\" src=\"https:\/\/i0.wp.com\/www.jazzzeitung.de\/cms\/wp-content\/uploads\/2020\/05\/Soundcheck-Foto-TJ-Krebs.jpg?w=265&#038;h=398&#038;ssl=1\" srcset=\"https:\/\/i0.wp.com\/www.jazzzeitung.de\/cms\/wp-content\/uploads\/2020\/05\/Soundcheck-Foto-TJ-Krebs.jpg?w=800&amp;ssl=1 800w, https:\/\/i0.wp.com\/www.jazzzeitung.de\/cms\/wp-content\/uploads\/2020\/05\/Soundcheck-Foto-TJ-Krebs.jpg?resize=200%2C300&amp;ssl=1 200w, https:\/\/i0.wp.com\/www.jazzzeitung.de\/cms\/wp-content\/uploads\/2020\/05\/Soundcheck-Foto-TJ-Krebs.jpg?resize=400%2C600&amp;ssl=1 400w, https:\/\/i0.wp.com\/www.jazzzeitung.de\/cms\/wp-content\/uploads\/2020\/05\/Soundcheck-Foto-TJ-Krebs.jpg?resize=768%2C1152&amp;ssl=1 768w\" width=\"265\" height=\"398\" loading=\"lazy\" data-original-width=\"265\" data-original-height=\"398\" itemprop=\"http:\/\/schema.org\/image\" title=\"Soundcheck - Foto TJ Krebs\" alt=\"Soundcheck - Foto TJ Krebs\" style=\"width: 265px; height: 398px;\" \/> <\/a> <\/div> <\/div> <!-- close group --> <div class=\"gallery-group images-2\" style=\"width: 299px; height: 402px;\" data-original-width=\"299\" data-original-height=\"402\" > <div class=\"tiled-gallery-item tiled-gallery-item-large\" itemprop=\"associatedMedia\" itemscope itemtype=\"http:\/\/schema.org\/ImageObject\"> <a href=\"https:\/\/www.jazzzeitung.de\/cms\/2020\/05\/local-heroes-live-stream-konzertreihe-aus-dem-jazzclub-unterfahrt\/soundman-robert-huber-foto-tj-krebs\/\" border=\"0\" itemprop=\"url\"> <meta itemprop=\"width\" content=\"295\"> <meta itemprop=\"height\" content=\"197\"> <img decoding=\"async\" class=\"\" data-attachment-id=\"22492\" data-orig-file=\"https:\/\/www.jazzzeitung.de\/cms\/wp-content\/uploads\/2020\/05\/Soundman-Robert-Huber-Foto-TJ-Krebs.jpg\" data-orig-size=\"1200,800\" data-comments-opened=\"1\" data-image-meta=\"{&quot;aperture&quot;:&quot;0&quot;,&quot;credit&quot;:&quot;&quot;,&quot;camera&quot;:&quot;&quot;,&quot;caption&quot;:&quot;&quot;,&quot;created_timestamp&quot;:&quot;0&quot;,&quot;copyright&quot;:&quot;&quot;,&quot;focal_length&quot;:&quot;0&quot;,&quot;iso&quot;:&quot;0&quot;,&quot;shutter_speed&quot;:&quot;0&quot;,&quot;title&quot;:&quot;&quot;,&quot;orientation&quot;:&quot;0&quot;}\" data-image-title=\"Soundman Robert Huber &amp;#8211; Foto TJ Krebs\" data-image-description=\"\" data-medium-file=\"https:\/\/i0.wp.com\/www.jazzzeitung.de\/cms\/wp-content\/uploads\/2020\/05\/Soundman-Robert-Huber-Foto-TJ-Krebs.jpg?fit=300%2C200&#038;ssl=1\" data-large-file=\"https:\/\/i0.wp.com\/www.jazzzeitung.de\/cms\/wp-content\/uploads\/2020\/05\/Soundman-Robert-Huber-Foto-TJ-Krebs.jpg?fit=840%2C560&#038;ssl=1\" src=\"https:\/\/i0.wp.com\/www.jazzzeitung.de\/cms\/wp-content\/uploads\/2020\/05\/Soundman-Robert-Huber-Foto-TJ-Krebs.jpg?w=295&#038;h=197&#038;ssl=1\" srcset=\"https:\/\/i0.wp.com\/www.jazzzeitung.de\/cms\/wp-content\/uploads\/2020\/05\/Soundman-Robert-Huber-Foto-TJ-Krebs.jpg?w=1200&amp;ssl=1 1200w, https:\/\/i0.wp.com\/www.jazzzeitung.de\/cms\/wp-content\/uploads\/2020\/05\/Soundman-Robert-Huber-Foto-TJ-Krebs.jpg?resize=300%2C200&amp;ssl=1 300w, https:\/\/i0.wp.com\/www.jazzzeitung.de\/cms\/wp-content\/uploads\/2020\/05\/Soundman-Robert-Huber-Foto-TJ-Krebs.jpg?resize=900%2C600&amp;ssl=1 900w, https:\/\/i0.wp.com\/www.jazzzeitung.de\/cms\/wp-content\/uploads\/2020\/05\/Soundman-Robert-Huber-Foto-TJ-Krebs.jpg?resize=768%2C512&amp;ssl=1 768w, https:\/\/i0.wp.com\/www.jazzzeitung.de\/cms\/wp-content\/uploads\/2020\/05\/Soundman-Robert-Huber-Foto-TJ-Krebs.jpg?resize=120%2C80&amp;ssl=1 120w\" width=\"295\" height=\"197\" loading=\"lazy\" data-original-width=\"295\" data-original-height=\"197\" itemprop=\"http:\/\/schema.org\/image\" title=\"Soundman Robert Huber - Foto TJ Krebs\" alt=\"Soundman Robert Huber - Foto TJ Krebs\" style=\"width: 295px; height: 197px;\" \/> <\/a> <\/div> <div class=\"tiled-gallery-item tiled-gallery-item-large\" itemprop=\"associatedMedia\" itemscope itemtype=\"http:\/\/schema.org\/ImageObject\"> <a href=\"https:\/\/www.jazzzeitung.de\/cms\/2020\/05\/local-heroes-live-stream-konzertreihe-aus-dem-jazzclub-unterfahrt\/unterfahrt-buero-foto-tj-krebs\/\" border=\"0\" itemprop=\"url\"> <meta itemprop=\"width\" content=\"295\"> <meta itemprop=\"height\" content=\"197\"> <img decoding=\"async\" class=\"\" data-attachment-id=\"22493\" data-orig-file=\"https:\/\/www.jazzzeitung.de\/cms\/wp-content\/uploads\/2020\/05\/Unterfahrt-B\u00fcro-Foto-TJ-Krebs.jpg\" data-orig-size=\"1200,800\" data-comments-opened=\"1\" data-image-meta=\"{&quot;aperture&quot;:&quot;0&quot;,&quot;credit&quot;:&quot;&quot;,&quot;camera&quot;:&quot;&quot;,&quot;caption&quot;:&quot;&quot;,&quot;created_timestamp&quot;:&quot;0&quot;,&quot;copyright&quot;:&quot;&quot;,&quot;focal_length&quot;:&quot;0&quot;,&quot;iso&quot;:&quot;0&quot;,&quot;shutter_speed&quot;:&quot;0&quot;,&quot;title&quot;:&quot;&quot;,&quot;orientation&quot;:&quot;0&quot;}\" data-image-title=\"Unterfahrt B\u00fcro &amp;#8211; Foto TJ Krebs\" data-image-description=\"\" data-medium-file=\"https:\/\/i0.wp.com\/www.jazzzeitung.de\/cms\/wp-content\/uploads\/2020\/05\/Unterfahrt-B%C3%BCro-Foto-TJ-Krebs.jpg?fit=300%2C200&#038;ssl=1\" data-large-file=\"https:\/\/i0.wp.com\/www.jazzzeitung.de\/cms\/wp-content\/uploads\/2020\/05\/Unterfahrt-B%C3%BCro-Foto-TJ-Krebs.jpg?fit=840%2C560&#038;ssl=1\" src=\"https:\/\/i0.wp.com\/www.jazzzeitung.de\/cms\/wp-content\/uploads\/2020\/05\/Unterfahrt-B%C3%BCro-Foto-TJ-Krebs.jpg?w=295&#038;h=197&#038;ssl=1\" width=\"295\" height=\"197\" loading=\"lazy\" data-original-width=\"295\" data-original-height=\"197\" itemprop=\"http:\/\/schema.org\/image\" title=\"Unterfahrt B\u00fcro - Foto TJ Krebs\" alt=\"Unterfahrt B\u00fcro - Foto TJ Krebs\" style=\"width: 295px; height: 197px;\" \/> <\/a> <\/div> <\/div> <!-- close group --> <div class=\"gallery-group images-1\" style=\"width: 272px; height: 402px;\" data-original-width=\"272\" data-original-height=\"402\" > <div class=\"tiled-gallery-item tiled-gallery-item-large\" itemprop=\"associatedMedia\" itemscope itemtype=\"http:\/\/schema.org\/ImageObject\"> <a href=\"https:\/\/www.jazzzeitung.de\/cms\/2020\/05\/local-heroes-live-stream-konzertreihe-aus-dem-jazzclub-unterfahrt\/vorbereitungen-foto-tj-krebs\/\" border=\"0\" itemprop=\"url\"> <meta itemprop=\"width\" content=\"268\"> <meta itemprop=\"height\" content=\"398\"> <img decoding=\"async\" class=\"\" data-attachment-id=\"22494\" data-orig-file=\"https:\/\/www.jazzzeitung.de\/cms\/wp-content\/uploads\/2020\/05\/Vorbereitungen-Foto-TJ-Krebs.jpg\" data-orig-size=\"800,1189\" data-comments-opened=\"1\" data-image-meta=\"{&quot;aperture&quot;:&quot;0&quot;,&quot;credit&quot;:&quot;&quot;,&quot;camera&quot;:&quot;&quot;,&quot;caption&quot;:&quot;&quot;,&quot;created_timestamp&quot;:&quot;0&quot;,&quot;copyright&quot;:&quot;&quot;,&quot;focal_length&quot;:&quot;0&quot;,&quot;iso&quot;:&quot;0&quot;,&quot;shutter_speed&quot;:&quot;0&quot;,&quot;title&quot;:&quot;&quot;,&quot;orientation&quot;:&quot;0&quot;}\" data-image-title=\"Vorbereitungen &amp;#8211; Foto TJ Krebs\" data-image-description=\"\" data-medium-file=\"https:\/\/i0.wp.com\/www.jazzzeitung.de\/cms\/wp-content\/uploads\/2020\/05\/Vorbereitungen-Foto-TJ-Krebs.jpg?fit=202%2C300&#038;ssl=1\" data-large-file=\"https:\/\/i0.wp.com\/www.jazzzeitung.de\/cms\/wp-content\/uploads\/2020\/05\/Vorbereitungen-Foto-TJ-Krebs.jpg?fit=404%2C600&#038;ssl=1\" src=\"https:\/\/i0.wp.com\/www.jazzzeitung.de\/cms\/wp-content\/uploads\/2020\/05\/Vorbereitungen-Foto-TJ-Krebs.jpg?w=268&#038;h=398&#038;ssl=1\" srcset=\"https:\/\/i0.wp.com\/www.jazzzeitung.de\/cms\/wp-content\/uploads\/2020\/05\/Vorbereitungen-Foto-TJ-Krebs.jpg?w=800&amp;ssl=1 800w, https:\/\/i0.wp.com\/www.jazzzeitung.de\/cms\/wp-content\/uploads\/2020\/05\/Vorbereitungen-Foto-TJ-Krebs.jpg?resize=202%2C300&amp;ssl=1 202w, https:\/\/i0.wp.com\/www.jazzzeitung.de\/cms\/wp-content\/uploads\/2020\/05\/Vorbereitungen-Foto-TJ-Krebs.jpg?resize=404%2C600&amp;ssl=1 404w, https:\/\/i0.wp.com\/www.jazzzeitung.de\/cms\/wp-content\/uploads\/2020\/05\/Vorbereitungen-Foto-TJ-Krebs.jpg?resize=768%2C1141&amp;ssl=1 768w\" width=\"268\" height=\"398\" loading=\"lazy\" data-original-width=\"268\" data-original-height=\"398\" itemprop=\"http:\/\/schema.org\/image\" title=\"Vorbereitungen - Foto TJ Krebs\" alt=\"Vorbereitungen - Foto TJ Krebs\" style=\"width: 268px; height: 398px;\" \/> <\/a> <\/div> <\/div> <!-- close group --> <\/div> <!-- close row --> <\/div>\n<h3>Feinjustierung<\/h3>\n<p>Was man nicht untersch\u00e4tzen darf ist der Aufwand eines Streaming-Konzertes, zumindest so wie es in der Unterfahrt veranstaltet wird. An Vorbereitung gehen da mal eben 3-4 Stunden drauf, bevor der erste Ton erklingt. Dann folgt, wenn die Musiker vor Ort sind, der gewohnte Soundcheck auf der B\u00fchne, am Mischpult wird geregelt, das Licht eingestellt und letztlich an den Kameras feinjustiert. In der Unterfahrt sitzt der Vorstand selbst am Pult: w\u00e4hrend Michael St\u00fcckl Regie f\u00fchrt, regelt Robert Huber souver\u00e4n wie immer den Sound und Valentin St\u00fcckl bedient die Kameras. Anna Schluifelder bereitet am Laptop alles vor und wird w\u00e4hrend des Streams die Online-Kommunikation im Chat \u00fcbernehmen. Was f\u00fcr ein organisatorischer Aufwand, aber der lohnt sich! Schon w\u00e4hrend der ersten \u00dcbertragung mit Jenny Evans haben \u00fcber 1000 Zuschauer laut Statistiken von YouTube und Facebook in das Konzert reingeschaut, Tendenz steigend mit den Folgekonzerten. Bei Chris Gall letzten Samstag haben ca. 450 Zuschauer auf YouTube das ganze Konzert verfolgt, bei insgesamt 2400 Zugriffen, Facebook noch nicht einmal mit eingerechnet. Die Rechnung geht auf. Nicht nur f\u00fcr den Club, sondern auch f\u00fcr die Musiker. Denn sie spielen nicht &#8211; wie leider oft in diesen Zeiten bei Streaming-Events &#8211; umsonst, sondern erhalten f\u00fcr den Auftritt eine ordentliche Gage, die online durch Spenden aufgestockt werden kann. Wie gro\u00df die Bereitschaft ist, f\u00fcr ein professionelles Streaming-Konzert als Zuschauer zu spenden, ist beeindruckend: Insgesamt wurde durch Spenden der Unterfahrt-Zuschauer und -Fans so die regul\u00e4re Gage der Musiker in etwa verdoppelt!<\/p>\n<h3>Unterfahrt-Wohnzimmer<\/h3>\n<p>Das alles ist mehr als nur ein guter Ansatz. Mit der Zeit bekommt man \u00dcbung in der Kameraf\u00fchrung, dem Schnitt, im Handling mit Online-Medien und wer wei\u00df, was die Zukunft noch so alles mit sich bringt. Wenn alles wieder seinen normalen Gang geht, k\u00f6nnte man zuk\u00fcnftig vielleicht zus\u00e4tzlich zum Live-Erlebnis, parallel oder im Nachgang, einen Stream anbieten (nur so als Idee). Aber das wird aller Voraussicht nach noch dauern. Bis dahin kann man sich das fehlende Live-Erlebnis durch weitere Live-Stream-Konzerte aus dem Jazzclub Unterfahrt-\u201eWohnzimmer\u201c verk\u00fcrzen.<\/p>\n<p>Den Link zum Konzertstream findet man auf dem Unterfahrt YouTube-Channel und der Unterfahrt Facebookseite. Die Konzerte beginnen immer ab 20:30, gespielt wird ein langes Set (ca. 70 min). Der Eintritt, respektive das Zuschauen, ist frei, Spenden sind nat\u00fcrlich willkommen.<\/p>\n<p>Am kommenden Samstag um 20:30h wird <strong>Fiona Ground<\/strong> im Trio zusammen mit <strong>Moritz Stahl<\/strong> und <strong>Philipp Schiepek<\/strong> ihr aktuelles Programm \u201eINTERSPACES\u201c pr\u00e4sentieren.<\/p>\n<p>&nbsp;<\/p>\n<p>Weitere Konzerttermine (Details dazu auf der Website unter <a href=\"http:\/\/www.unterfahrt.de\">www.unterfahrt.de<\/a> )<\/p>\n<ul>\n<li><strong>Wolfgang Schmid\u2018s<\/strong> \u201eKICK OFF RELOADED\u201c am 16.05.2020<\/li>\n<li><strong>Geoff Goodman\u2019s<\/strong> \u201eCRISS CROSS&#8220; \u00a0\u00a0\u00a0\u00a0\u00a0\u00a0\u00a0\u00a0\u00a0\u00a0\u00a0 am 23.05.2020<\/li>\n<li><strong>Le Bang Bang<\/strong> \u201eTen years Jubilee\u201c am 27.05.2020<\/li>\n<li><strong>Organ Explosion<\/strong> am 30.05.2020<\/li>\n<li><strong>Jakob Manz Quartett<\/strong> \u201eNatural Energy\u201c am 06.06.2020<\/li>\n<\/ul>\n<p>&nbsp;<\/p>\n<p>Text &amp; Fotos: Thomas J. Krebs<\/p>\n","protected":false},"excerpt":{"rendered":"<p>Auf den ersten Blick scheint alles normal zu sein, die 31 Stufen hinunter in den Keller des M\u00fcnchner Kulturzentrum Einstein, den langgezogenen Gang entlang zum Jazzclub Unterfahrt, aber dann &#8211; kein Licht am Ende des Tunnels! Alles ist dunkel und auch am Eingang des Clubs leere Plakatrahmen. Beim Betreten der Unterfahrt f\u00e4llt der Blick leicht melancholisch und unweigerlich auf die Speisetafeln an der K\u00fcchenwand: zu sehen der \u201elast order before shutdown\u201c. In Coronazeiten ist der normale Konzertbetrieb eingestellt und alles verwaist. Alles? Nicht ganz, denn in solchen Zeiten sind Alternativen und Innovation gefragt! Gedacht, \u00fcberlegt, konzipiert, getan! Seit \u00fcber 50 Tagen ist der Jazzclub mittlerweile geschlossen und geplante Konzerte mussten, wie \u00fcberall sonst auch, abgesagt werden. Was tun in diesen besonderen Zeiten, wo Booking und Reisen ein unm\u00f6gliches Unterfangen ist? Zum Gl\u00fcck ist M\u00fcnchen eine Stadt mit einer ausgesprochen hohen Dichte an professionellen Musikern. Was liegt da n\u00e4her, als lokale Jazzheroes einzuladen und Streaming-Konzerte, die ja sowieso in aller Munde sind, zu veranstalten? Gedacht, \u00fcberlegt, konzipiert, getan! Den Auftakt bestritt die M\u00fcnchner S\u00e4ngerin Jenny Evans, die traditionell seit Jahren regelm\u00e4\u00dfig am Ostersamstag in der Unterfahrt &hellip;<\/p>\n","protected":false},"author":35,"featured_media":22483,"comment_status":"open","ping_status":"closed","sticky":false,"template":"","format":"standard","meta":{"_jetpack_memberships_contains_paid_content":false,"footnotes":"","jetpack_publicize_message":"","jetpack_publicize_feature_enabled":true,"jetpack_social_post_already_shared":false,"jetpack_social_options":{"image_generator_settings":{"template":"highway","default_image_id":0,"font":"","enabled":false},"version":2}},"categories":[1053],"tags":[2938,2941,2942,809,1101,294,297,2940,2944,1742,2943,1260,2939],"coauthors":[1602],"class_list":["post-22481","post","type-post","status-publish","format-standard","has-post-thumbnail","hentry","category-bericht","tag-braendle-schwager-may","tag-corona","tag-covi-19","tag-jazzclub-unterfahrt","tag-jazzclub-unterfahrt-muenchen","tag-jazzzeitung","tag-jenny-evans","tag-live-stream-konzertreihe","tag-michael-stueckl","tag-streaming","tag-streaming-konzert","tag-thomas-j-krebs","tag-local-heroes"],"yoast_head":"<!-- This site is optimized with the Yoast SEO plugin v27.4 - https:\/\/yoast.com\/product\/yoast-seo-wordpress\/ -->\n<title>\u201eLocal Heroes\u201c: Live-Stream Konzertreihe aus dem Jazzclub Unterfahrt - JazzZeitung<\/title>\n<meta name=\"robots\" content=\"index, follow, max-snippet:-1, max-image-preview:large, max-video-preview:-1\" \/>\n<link rel=\"canonical\" href=\"https:\/\/www.jazzzeitung.de\/cms\/2020\/05\/local-heroes-live-stream-konzertreihe-aus-dem-jazzclub-unterfahrt\/\" \/>\n<meta property=\"og:locale\" content=\"de_DE\" \/>\n<meta property=\"og:type\" content=\"article\" \/>\n<meta property=\"og:title\" content=\"\u201eLocal Heroes\u201c: Live-Stream Konzertreihe aus dem Jazzclub Unterfahrt - JazzZeitung\" \/>\n<meta property=\"og:description\" content=\"Auf den ersten Blick scheint alles normal zu sein, die 31 Stufen hinunter in den Keller des M\u00fcnchner Kulturzentrum Einstein, den langgezogenen Gang entlang zum Jazzclub Unterfahrt, aber dann &#8211; kein Licht am Ende des Tunnels! Alles ist dunkel und auch am Eingang des Clubs leere Plakatrahmen. Beim Betreten der Unterfahrt f\u00e4llt der Blick leicht melancholisch und unweigerlich auf die Speisetafeln an der K\u00fcchenwand: zu sehen der \u201elast order before shutdown\u201c. In Coronazeiten ist der normale Konzertbetrieb eingestellt und alles verwaist. Alles? Nicht ganz, denn in solchen Zeiten sind Alternativen und Innovation gefragt! Gedacht, \u00fcberlegt, konzipiert, getan! Seit \u00fcber 50 Tagen ist der Jazzclub mittlerweile geschlossen und geplante Konzerte mussten, wie \u00fcberall sonst auch, abgesagt werden. Was tun in diesen besonderen Zeiten, wo Booking und Reisen ein unm\u00f6gliches Unterfangen ist? Zum Gl\u00fcck ist M\u00fcnchen eine Stadt mit einer ausgesprochen hohen Dichte an professionellen Musikern. Was liegt da n\u00e4her, als lokale Jazzheroes einzuladen und Streaming-Konzerte, die ja sowieso in aller Munde sind, zu veranstalten? Gedacht, \u00fcberlegt, konzipiert, getan! Den Auftakt bestritt die M\u00fcnchner S\u00e4ngerin Jenny Evans, die traditionell seit Jahren regelm\u00e4\u00dfig am Ostersamstag in der Unterfahrt &hellip;\" \/>\n<meta property=\"og:url\" content=\"https:\/\/www.jazzzeitung.de\/cms\/2020\/05\/local-heroes-live-stream-konzertreihe-aus-dem-jazzclub-unterfahrt\/\" \/>\n<meta property=\"og:site_name\" content=\"JazzZeitung\" \/>\n<meta property=\"article:publisher\" content=\"https:\/\/www.facebook.com\/JazzZeitung\/\" \/>\n<meta property=\"article:published_time\" content=\"2020-05-06T08:41:48+00:00\" \/>\n<meta property=\"og:image\" content=\"https:\/\/i0.wp.com\/www.jazzzeitung.de\/cms\/wp-content\/uploads\/2020\/05\/Br\u00e4ndle-Schwager-May-Foto-TJ-Krebs.jpg?fit=1920%2C1080&ssl=1\" \/>\n\t<meta property=\"og:image:width\" content=\"1920\" \/>\n\t<meta property=\"og:image:height\" content=\"1080\" \/>\n\t<meta property=\"og:image:type\" content=\"image\/jpeg\" \/>\n<meta name=\"author\" content=\"Thomas J. Krebs\" \/>\n<script type=\"application\/ld+json\" class=\"yoast-schema-graph\">{\"@context\":\"https:\\\/\\\/schema.org\",\"@graph\":[{\"@type\":\"Article\",\"@id\":\"https:\\\/\\\/www.jazzzeitung.de\\\/cms\\\/2020\\\/05\\\/local-heroes-live-stream-konzertreihe-aus-dem-jazzclub-unterfahrt\\\/#article\",\"isPartOf\":{\"@id\":\"https:\\\/\\\/www.jazzzeitung.de\\\/cms\\\/2020\\\/05\\\/local-heroes-live-stream-konzertreihe-aus-dem-jazzclub-unterfahrt\\\/\"},\"author\":{\"name\":\"Thomas J. Krebs\",\"@id\":\"https:\\\/\\\/www.jazzzeitung.de\\\/cms\\\/#\\\/schema\\\/person\\\/ba94c5bbea92d014d6a3d1f0105daa18\"},\"headline\":\"\u201eLocal Heroes\u201c: Live-Stream Konzertreihe aus dem Jazzclub Unterfahrt\",\"datePublished\":\"2020-05-06T08:41:48+00:00\",\"mainEntityOfPage\":{\"@id\":\"https:\\\/\\\/www.jazzzeitung.de\\\/cms\\\/2020\\\/05\\\/local-heroes-live-stream-konzertreihe-aus-dem-jazzclub-unterfahrt\\\/\"},\"wordCount\":779,\"commentCount\":0,\"publisher\":{\"@id\":\"https:\\\/\\\/www.jazzzeitung.de\\\/cms\\\/#organization\"},\"image\":{\"@id\":\"https:\\\/\\\/www.jazzzeitung.de\\\/cms\\\/2020\\\/05\\\/local-heroes-live-stream-konzertreihe-aus-dem-jazzclub-unterfahrt\\\/#primaryimage\"},\"thumbnailUrl\":\"https:\\\/\\\/i0.wp.com\\\/www.jazzzeitung.de\\\/cms\\\/wp-content\\\/uploads\\\/2020\\\/05\\\/Br%C3%A4ndle-Schwager-May-Foto-TJ-Krebs.jpg?fit=1920%2C1080&ssl=1\",\"keywords\":[\"Br\u00e4ndle-Schwager-May\",\"Corona\",\"COVI-19\",\"Jazzclub Unterfahrt\",\"Jazzclub Unterfahrt M\u00fcnchen\",\"Jazzzeitung\",\"Jenny Evans\",\"Live-Stream Konzertreihe\",\"Michael St\u00fcckl\",\"Streaming\",\"Streaming-Konzert\",\"Thomas J. Krebs\",\"\u201eLocal Heroes\u201c\"],\"articleSection\":[\"Bericht\"],\"inLanguage\":\"de\",\"potentialAction\":[{\"@type\":\"CommentAction\",\"name\":\"Comment\",\"target\":[\"https:\\\/\\\/www.jazzzeitung.de\\\/cms\\\/2020\\\/05\\\/local-heroes-live-stream-konzertreihe-aus-dem-jazzclub-unterfahrt\\\/#respond\"]}]},{\"@type\":\"WebPage\",\"@id\":\"https:\\\/\\\/www.jazzzeitung.de\\\/cms\\\/2020\\\/05\\\/local-heroes-live-stream-konzertreihe-aus-dem-jazzclub-unterfahrt\\\/\",\"url\":\"https:\\\/\\\/www.jazzzeitung.de\\\/cms\\\/2020\\\/05\\\/local-heroes-live-stream-konzertreihe-aus-dem-jazzclub-unterfahrt\\\/\",\"name\":\"\u201eLocal Heroes\u201c: Live-Stream Konzertreihe aus dem Jazzclub Unterfahrt - JazzZeitung\",\"isPartOf\":{\"@id\":\"https:\\\/\\\/www.jazzzeitung.de\\\/cms\\\/#website\"},\"primaryImageOfPage\":{\"@id\":\"https:\\\/\\\/www.jazzzeitung.de\\\/cms\\\/2020\\\/05\\\/local-heroes-live-stream-konzertreihe-aus-dem-jazzclub-unterfahrt\\\/#primaryimage\"},\"image\":{\"@id\":\"https:\\\/\\\/www.jazzzeitung.de\\\/cms\\\/2020\\\/05\\\/local-heroes-live-stream-konzertreihe-aus-dem-jazzclub-unterfahrt\\\/#primaryimage\"},\"thumbnailUrl\":\"https:\\\/\\\/i0.wp.com\\\/www.jazzzeitung.de\\\/cms\\\/wp-content\\\/uploads\\\/2020\\\/05\\\/Br%C3%A4ndle-Schwager-May-Foto-TJ-Krebs.jpg?fit=1920%2C1080&ssl=1\",\"datePublished\":\"2020-05-06T08:41:48+00:00\",\"breadcrumb\":{\"@id\":\"https:\\\/\\\/www.jazzzeitung.de\\\/cms\\\/2020\\\/05\\\/local-heroes-live-stream-konzertreihe-aus-dem-jazzclub-unterfahrt\\\/#breadcrumb\"},\"inLanguage\":\"de\",\"potentialAction\":[{\"@type\":\"ReadAction\",\"target\":[\"https:\\\/\\\/www.jazzzeitung.de\\\/cms\\\/2020\\\/05\\\/local-heroes-live-stream-konzertreihe-aus-dem-jazzclub-unterfahrt\\\/\"]}]},{\"@type\":\"ImageObject\",\"inLanguage\":\"de\",\"@id\":\"https:\\\/\\\/www.jazzzeitung.de\\\/cms\\\/2020\\\/05\\\/local-heroes-live-stream-konzertreihe-aus-dem-jazzclub-unterfahrt\\\/#primaryimage\",\"url\":\"https:\\\/\\\/i0.wp.com\\\/www.jazzzeitung.de\\\/cms\\\/wp-content\\\/uploads\\\/2020\\\/05\\\/Br%C3%A4ndle-Schwager-May-Foto-TJ-Krebs.jpg?fit=1920%2C1080&ssl=1\",\"contentUrl\":\"https:\\\/\\\/i0.wp.com\\\/www.jazzzeitung.de\\\/cms\\\/wp-content\\\/uploads\\\/2020\\\/05\\\/Br%C3%A4ndle-Schwager-May-Foto-TJ-Krebs.jpg?fit=1920%2C1080&ssl=1\",\"width\":1920,\"height\":1080},{\"@type\":\"BreadcrumbList\",\"@id\":\"https:\\\/\\\/www.jazzzeitung.de\\\/cms\\\/2020\\\/05\\\/local-heroes-live-stream-konzertreihe-aus-dem-jazzclub-unterfahrt\\\/#breadcrumb\",\"itemListElement\":[{\"@type\":\"ListItem\",\"position\":1,\"name\":\"Startseite\",\"item\":\"https:\\\/\\\/www.jazzzeitung.de\\\/cms\\\/\"},{\"@type\":\"ListItem\",\"position\":2,\"name\":\"\u201eLocal Heroes\u201c: Live-Stream Konzertreihe aus dem Jazzclub Unterfahrt\"}]},{\"@type\":\"WebSite\",\"@id\":\"https:\\\/\\\/www.jazzzeitung.de\\\/cms\\\/#website\",\"url\":\"https:\\\/\\\/www.jazzzeitung.de\\\/cms\\\/\",\"name\":\"JazzZeitung\",\"description\":\"Jazz-News und Jazz-Kontroverses\",\"publisher\":{\"@id\":\"https:\\\/\\\/www.jazzzeitung.de\\\/cms\\\/#organization\"},\"potentialAction\":[{\"@type\":\"SearchAction\",\"target\":{\"@type\":\"EntryPoint\",\"urlTemplate\":\"https:\\\/\\\/www.jazzzeitung.de\\\/cms\\\/?s={search_term_string}\"},\"query-input\":{\"@type\":\"PropertyValueSpecification\",\"valueRequired\":true,\"valueName\":\"search_term_string\"}}],\"inLanguage\":\"de\"},{\"@type\":\"Organization\",\"@id\":\"https:\\\/\\\/www.jazzzeitung.de\\\/cms\\\/#organization\",\"name\":\"JazzZeitung online\",\"url\":\"https:\\\/\\\/www.jazzzeitung.de\\\/cms\\\/\",\"logo\":{\"@type\":\"ImageObject\",\"inLanguage\":\"de\",\"@id\":\"https:\\\/\\\/www.jazzzeitung.de\\\/cms\\\/#\\\/schema\\\/logo\\\/image\\\/\",\"url\":\"https:\\\/\\\/i0.wp.com\\\/www.jazzzeitung.de\\\/cms\\\/wp-content\\\/uploads\\\/2015\\\/08\\\/JAZZZEITUNGDE_Logo_Neu.png?fit=499%2C200&ssl=1\",\"contentUrl\":\"https:\\\/\\\/i0.wp.com\\\/www.jazzzeitung.de\\\/cms\\\/wp-content\\\/uploads\\\/2015\\\/08\\\/JAZZZEITUNGDE_Logo_Neu.png?fit=499%2C200&ssl=1\",\"width\":499,\"height\":200,\"caption\":\"JazzZeitung online\"},\"image\":{\"@id\":\"https:\\\/\\\/www.jazzzeitung.de\\\/cms\\\/#\\\/schema\\\/logo\\\/image\\\/\"},\"sameAs\":[\"https:\\\/\\\/www.facebook.com\\\/JazzZeitung\\\/\"]},{\"@type\":\"Person\",\"@id\":\"https:\\\/\\\/www.jazzzeitung.de\\\/cms\\\/#\\\/schema\\\/person\\\/ba94c5bbea92d014d6a3d1f0105daa18\",\"name\":\"Thomas J. Krebs\",\"image\":{\"@type\":\"ImageObject\",\"inLanguage\":\"de\",\"@id\":\"https:\\\/\\\/secure.gravatar.com\\\/avatar\\\/e362b221c114fbcde56be31a2eacbbab541308e5bf72f20d4519b16cdeb5c667?s=96&d=wp_user_avatar&r=ga12b8f4e2750c9ca30f9e22cab2177c6\",\"url\":\"https:\\\/\\\/secure.gravatar.com\\\/avatar\\\/e362b221c114fbcde56be31a2eacbbab541308e5bf72f20d4519b16cdeb5c667?s=96&d=wp_user_avatar&r=g\",\"contentUrl\":\"https:\\\/\\\/secure.gravatar.com\\\/avatar\\\/e362b221c114fbcde56be31a2eacbbab541308e5bf72f20d4519b16cdeb5c667?s=96&d=wp_user_avatar&r=g\",\"caption\":\"Thomas J. Krebs\"},\"url\":\"https:\\\/\\\/www.jazzzeitung.de\\\/cms\\\/author\\\/krebs\\\/\"}]}<\/script>\n<!-- \/ Yoast SEO plugin. -->","yoast_head_json":{"title":"\u201eLocal Heroes\u201c: Live-Stream Konzertreihe aus dem Jazzclub Unterfahrt - JazzZeitung","robots":{"index":"index","follow":"follow","max-snippet":"max-snippet:-1","max-image-preview":"max-image-preview:large","max-video-preview":"max-video-preview:-1"},"canonical":"https:\/\/www.jazzzeitung.de\/cms\/2020\/05\/local-heroes-live-stream-konzertreihe-aus-dem-jazzclub-unterfahrt\/","og_locale":"de_DE","og_type":"article","og_title":"\u201eLocal Heroes\u201c: Live-Stream Konzertreihe aus dem Jazzclub Unterfahrt - JazzZeitung","og_description":"Auf den ersten Blick scheint alles normal zu sein, die 31 Stufen hinunter in den Keller des M\u00fcnchner Kulturzentrum Einstein, den langgezogenen Gang entlang zum Jazzclub Unterfahrt, aber dann &#8211; kein Licht am Ende des Tunnels! Alles ist dunkel und auch am Eingang des Clubs leere Plakatrahmen. Beim Betreten der Unterfahrt f\u00e4llt der Blick leicht melancholisch und unweigerlich auf die Speisetafeln an der K\u00fcchenwand: zu sehen der \u201elast order before shutdown\u201c. In Coronazeiten ist der normale Konzertbetrieb eingestellt und alles verwaist. Alles? Nicht ganz, denn in solchen Zeiten sind Alternativen und Innovation gefragt! Gedacht, \u00fcberlegt, konzipiert, getan! Seit \u00fcber 50 Tagen ist der Jazzclub mittlerweile geschlossen und geplante Konzerte mussten, wie \u00fcberall sonst auch, abgesagt werden. Was tun in diesen besonderen Zeiten, wo Booking und Reisen ein unm\u00f6gliches Unterfangen ist? Zum Gl\u00fcck ist M\u00fcnchen eine Stadt mit einer ausgesprochen hohen Dichte an professionellen Musikern. Was liegt da n\u00e4her, als lokale Jazzheroes einzuladen und Streaming-Konzerte, die ja sowieso in aller Munde sind, zu veranstalten? Gedacht, \u00fcberlegt, konzipiert, getan! Den Auftakt bestritt die M\u00fcnchner S\u00e4ngerin Jenny Evans, die traditionell seit Jahren regelm\u00e4\u00dfig am Ostersamstag in der Unterfahrt &hellip;","og_url":"https:\/\/www.jazzzeitung.de\/cms\/2020\/05\/local-heroes-live-stream-konzertreihe-aus-dem-jazzclub-unterfahrt\/","og_site_name":"JazzZeitung","article_publisher":"https:\/\/www.facebook.com\/JazzZeitung\/","article_published_time":"2020-05-06T08:41:48+00:00","og_image":[{"width":1920,"height":1080,"url":"https:\/\/i0.wp.com\/www.jazzzeitung.de\/cms\/wp-content\/uploads\/2020\/05\/Br\u00e4ndle-Schwager-May-Foto-TJ-Krebs.jpg?fit=1920%2C1080&ssl=1","type":"image\/jpeg"}],"author":"Thomas J. Krebs","schema":{"@context":"https:\/\/schema.org","@graph":[{"@type":"Article","@id":"https:\/\/www.jazzzeitung.de\/cms\/2020\/05\/local-heroes-live-stream-konzertreihe-aus-dem-jazzclub-unterfahrt\/#article","isPartOf":{"@id":"https:\/\/www.jazzzeitung.de\/cms\/2020\/05\/local-heroes-live-stream-konzertreihe-aus-dem-jazzclub-unterfahrt\/"},"author":{"name":"Thomas J. Krebs","@id":"https:\/\/www.jazzzeitung.de\/cms\/#\/schema\/person\/ba94c5bbea92d014d6a3d1f0105daa18"},"headline":"\u201eLocal Heroes\u201c: Live-Stream Konzertreihe aus dem Jazzclub Unterfahrt","datePublished":"2020-05-06T08:41:48+00:00","mainEntityOfPage":{"@id":"https:\/\/www.jazzzeitung.de\/cms\/2020\/05\/local-heroes-live-stream-konzertreihe-aus-dem-jazzclub-unterfahrt\/"},"wordCount":779,"commentCount":0,"publisher":{"@id":"https:\/\/www.jazzzeitung.de\/cms\/#organization"},"image":{"@id":"https:\/\/www.jazzzeitung.de\/cms\/2020\/05\/local-heroes-live-stream-konzertreihe-aus-dem-jazzclub-unterfahrt\/#primaryimage"},"thumbnailUrl":"https:\/\/i0.wp.com\/www.jazzzeitung.de\/cms\/wp-content\/uploads\/2020\/05\/Br%C3%A4ndle-Schwager-May-Foto-TJ-Krebs.jpg?fit=1920%2C1080&ssl=1","keywords":["Br\u00e4ndle-Schwager-May","Corona","COVI-19","Jazzclub Unterfahrt","Jazzclub Unterfahrt M\u00fcnchen","Jazzzeitung","Jenny Evans","Live-Stream Konzertreihe","Michael St\u00fcckl","Streaming","Streaming-Konzert","Thomas J. Krebs","\u201eLocal Heroes\u201c"],"articleSection":["Bericht"],"inLanguage":"de","potentialAction":[{"@type":"CommentAction","name":"Comment","target":["https:\/\/www.jazzzeitung.de\/cms\/2020\/05\/local-heroes-live-stream-konzertreihe-aus-dem-jazzclub-unterfahrt\/#respond"]}]},{"@type":"WebPage","@id":"https:\/\/www.jazzzeitung.de\/cms\/2020\/05\/local-heroes-live-stream-konzertreihe-aus-dem-jazzclub-unterfahrt\/","url":"https:\/\/www.jazzzeitung.de\/cms\/2020\/05\/local-heroes-live-stream-konzertreihe-aus-dem-jazzclub-unterfahrt\/","name":"\u201eLocal Heroes\u201c: Live-Stream Konzertreihe aus dem Jazzclub Unterfahrt - JazzZeitung","isPartOf":{"@id":"https:\/\/www.jazzzeitung.de\/cms\/#website"},"primaryImageOfPage":{"@id":"https:\/\/www.jazzzeitung.de\/cms\/2020\/05\/local-heroes-live-stream-konzertreihe-aus-dem-jazzclub-unterfahrt\/#primaryimage"},"image":{"@id":"https:\/\/www.jazzzeitung.de\/cms\/2020\/05\/local-heroes-live-stream-konzertreihe-aus-dem-jazzclub-unterfahrt\/#primaryimage"},"thumbnailUrl":"https:\/\/i0.wp.com\/www.jazzzeitung.de\/cms\/wp-content\/uploads\/2020\/05\/Br%C3%A4ndle-Schwager-May-Foto-TJ-Krebs.jpg?fit=1920%2C1080&ssl=1","datePublished":"2020-05-06T08:41:48+00:00","breadcrumb":{"@id":"https:\/\/www.jazzzeitung.de\/cms\/2020\/05\/local-heroes-live-stream-konzertreihe-aus-dem-jazzclub-unterfahrt\/#breadcrumb"},"inLanguage":"de","potentialAction":[{"@type":"ReadAction","target":["https:\/\/www.jazzzeitung.de\/cms\/2020\/05\/local-heroes-live-stream-konzertreihe-aus-dem-jazzclub-unterfahrt\/"]}]},{"@type":"ImageObject","inLanguage":"de","@id":"https:\/\/www.jazzzeitung.de\/cms\/2020\/05\/local-heroes-live-stream-konzertreihe-aus-dem-jazzclub-unterfahrt\/#primaryimage","url":"https:\/\/i0.wp.com\/www.jazzzeitung.de\/cms\/wp-content\/uploads\/2020\/05\/Br%C3%A4ndle-Schwager-May-Foto-TJ-Krebs.jpg?fit=1920%2C1080&ssl=1","contentUrl":"https:\/\/i0.wp.com\/www.jazzzeitung.de\/cms\/wp-content\/uploads\/2020\/05\/Br%C3%A4ndle-Schwager-May-Foto-TJ-Krebs.jpg?fit=1920%2C1080&ssl=1","width":1920,"height":1080},{"@type":"BreadcrumbList","@id":"https:\/\/www.jazzzeitung.de\/cms\/2020\/05\/local-heroes-live-stream-konzertreihe-aus-dem-jazzclub-unterfahrt\/#breadcrumb","itemListElement":[{"@type":"ListItem","position":1,"name":"Startseite","item":"https:\/\/www.jazzzeitung.de\/cms\/"},{"@type":"ListItem","position":2,"name":"\u201eLocal Heroes\u201c: Live-Stream Konzertreihe aus dem Jazzclub Unterfahrt"}]},{"@type":"WebSite","@id":"https:\/\/www.jazzzeitung.de\/cms\/#website","url":"https:\/\/www.jazzzeitung.de\/cms\/","name":"JazzZeitung","description":"Jazz-News und Jazz-Kontroverses","publisher":{"@id":"https:\/\/www.jazzzeitung.de\/cms\/#organization"},"potentialAction":[{"@type":"SearchAction","target":{"@type":"EntryPoint","urlTemplate":"https:\/\/www.jazzzeitung.de\/cms\/?s={search_term_string}"},"query-input":{"@type":"PropertyValueSpecification","valueRequired":true,"valueName":"search_term_string"}}],"inLanguage":"de"},{"@type":"Organization","@id":"https:\/\/www.jazzzeitung.de\/cms\/#organization","name":"JazzZeitung online","url":"https:\/\/www.jazzzeitung.de\/cms\/","logo":{"@type":"ImageObject","inLanguage":"de","@id":"https:\/\/www.jazzzeitung.de\/cms\/#\/schema\/logo\/image\/","url":"https:\/\/i0.wp.com\/www.jazzzeitung.de\/cms\/wp-content\/uploads\/2015\/08\/JAZZZEITUNGDE_Logo_Neu.png?fit=499%2C200&ssl=1","contentUrl":"https:\/\/i0.wp.com\/www.jazzzeitung.de\/cms\/wp-content\/uploads\/2015\/08\/JAZZZEITUNGDE_Logo_Neu.png?fit=499%2C200&ssl=1","width":499,"height":200,"caption":"JazzZeitung online"},"image":{"@id":"https:\/\/www.jazzzeitung.de\/cms\/#\/schema\/logo\/image\/"},"sameAs":["https:\/\/www.facebook.com\/JazzZeitung\/"]},{"@type":"Person","@id":"https:\/\/www.jazzzeitung.de\/cms\/#\/schema\/person\/ba94c5bbea92d014d6a3d1f0105daa18","name":"Thomas J. Krebs","image":{"@type":"ImageObject","inLanguage":"de","@id":"https:\/\/secure.gravatar.com\/avatar\/e362b221c114fbcde56be31a2eacbbab541308e5bf72f20d4519b16cdeb5c667?s=96&d=wp_user_avatar&r=ga12b8f4e2750c9ca30f9e22cab2177c6","url":"https:\/\/secure.gravatar.com\/avatar\/e362b221c114fbcde56be31a2eacbbab541308e5bf72f20d4519b16cdeb5c667?s=96&d=wp_user_avatar&r=g","contentUrl":"https:\/\/secure.gravatar.com\/avatar\/e362b221c114fbcde56be31a2eacbbab541308e5bf72f20d4519b16cdeb5c667?s=96&d=wp_user_avatar&r=g","caption":"Thomas J. Krebs"},"url":"https:\/\/www.jazzzeitung.de\/cms\/author\/krebs\/"}]}},"wp-worthy-pixel":{"ignored":false,"public":null,"server":null,"url":null},"wp-worthy-type":"normal","jetpack_publicize_connections":[],"cc_featured_image_caption":{"caption_text":"","source_text":"","source_url":""},"jetpack_featured_media_url":"https:\/\/i0.wp.com\/www.jazzzeitung.de\/cms\/wp-content\/uploads\/2020\/05\/Br%C3%A4ndle-Schwager-May-Foto-TJ-Krebs.jpg?fit=1920%2C1080&ssl=1","jetpack_shortlink":"https:\/\/wp.me\/p3KEcT-5QB","jetpack-related-posts":[{"id":24170,"url":"https:\/\/www.jazzzeitung.de\/cms\/2021\/01\/maik-krahl-quartett-mit-seinem-programm-fraction-live-im-jazzclub-unterfahrt\/","url_meta":{"origin":22481,"position":0},"title":"Maik Krahl Quartett mit seinem Programm Fraction live im Jazzclub Unterfahrt\u00a0","author":"Thomas J. Krebs","date":"16. Januar 2021","format":false,"excerpt":"Der K\u00f6lner Trompeter Maik Krahl hat sich im Laufe der letzten Jahre in der Jazz-Szene etabliert und sein Ruf als Trompeter der neuen wilden Generation eilt ihm bereits voraus. Mit der aktuellen CD \u201eFRACTION\u201c, erschienen auf dem holl\u00e4ndischen Challenge Label, f\u00fchrt er seinen kompositorischen Ansatz konsequent fort, wobei das Album\u2026","rel":"","context":"In &quot;Bericht&quot;","block_context":{"text":"Bericht","link":"https:\/\/www.jazzzeitung.de\/cms\/thema\/bericht\/"},"img":{"alt_text":"","src":"https:\/\/i0.wp.com\/www.jazzzeitung.de\/cms\/wp-content\/uploads\/2021\/01\/P2028180-Lutz-Krahl-Foto-TJ-Krebs.jpg?fit=800%2C533&ssl=1&resize=350%2C200","width":350,"height":200,"srcset":"https:\/\/i0.wp.com\/www.jazzzeitung.de\/cms\/wp-content\/uploads\/2021\/01\/P2028180-Lutz-Krahl-Foto-TJ-Krebs.jpg?fit=800%2C533&ssl=1&resize=350%2C200 1x, https:\/\/i0.wp.com\/www.jazzzeitung.de\/cms\/wp-content\/uploads\/2021\/01\/P2028180-Lutz-Krahl-Foto-TJ-Krebs.jpg?fit=800%2C533&ssl=1&resize=525%2C300 1.5x, https:\/\/i0.wp.com\/www.jazzzeitung.de\/cms\/wp-content\/uploads\/2021\/01\/P2028180-Lutz-Krahl-Foto-TJ-Krebs.jpg?fit=800%2C533&ssl=1&resize=700%2C400 2x"},"classes":[]},{"id":22636,"url":"https:\/\/www.jazzzeitung.de\/cms\/2020\/06\/news-hannah-weiss-und-vincent-rein-als-local-heroes-in-der-unterfahrtbewerben-fuer-den-jungen-muenchner-jazzpreis\/","url_meta":{"origin":22481,"position":1},"title":"+++News: +++Hannah Weiss und Vincent Rein als Local Heroes in der Unterfahrt+++Bewerben f\u00fcr den Jungen M\u00fcnchner Jazzpreis+++","author":"Redaktion JazzZeitung","date":"10. Juni 2020","format":false,"excerpt":"+++Local Heroes: Die Jazz-Streams aus M\u00fcnchen+++ \u201eLocal Heroes Live\u201c\u00a0 ist eine Live-Stream-Serie des M\u00fcnchener Jazzclub Unterfahrt. Die Tipps der JazzZeitung.de im Folgenden: \u00a0 Local Heroes Live #12 + 13 Abschlusskonzerte des Jazz-Instituts der Hochschule f\u00fcr Musik und Theater M\u00fcnchen Freitag, 12.06.2020 20.00 Uhr: Ganzenm\u00fcller\u2019s Bed & Breakbeat Besetzung: Julian Hesse\u2026","rel":"","context":"In &quot;News&quot;","block_context":{"text":"News","link":"https:\/\/www.jazzzeitung.de\/cms\/thema\/nachrichten\/"},"img":{"alt_text":"","src":"https:\/\/i0.wp.com\/www.jazzzeitung.de\/cms\/wp-content\/uploads\/2020\/06\/weiss.jpg?fit=709%2C1063&ssl=1&resize=350%2C200","width":350,"height":200,"srcset":"https:\/\/i0.wp.com\/www.jazzzeitung.de\/cms\/wp-content\/uploads\/2020\/06\/weiss.jpg?fit=709%2C1063&ssl=1&resize=350%2C200 1x, https:\/\/i0.wp.com\/www.jazzzeitung.de\/cms\/wp-content\/uploads\/2020\/06\/weiss.jpg?fit=709%2C1063&ssl=1&resize=525%2C300 1.5x, https:\/\/i0.wp.com\/www.jazzzeitung.de\/cms\/wp-content\/uploads\/2020\/06\/weiss.jpg?fit=709%2C1063&ssl=1&resize=700%2C400 2x"},"classes":[]},{"id":24537,"url":"https:\/\/www.jazzzeitung.de\/cms\/2021\/03\/ein-jahr-lockdown-jubilaeum-im-jazzclub-unterfahrt-mit-lionel-loueke-solo-hh-live-stream-konzert\/","url_meta":{"origin":22481,"position":2},"title":"Ein Jahr Lockdown: \u201eJubil\u00e4um\u201c im Jazzclub Unterfahrt mit Lionel Loueke solo \u201eHH\u201c Live-Stream Konzert","author":"Thomas J. Krebs","date":"16. M\u00e4rz 2021","format":false,"excerpt":"Eigentlich war alles geplant: eine gro\u00dfe Tour mit Herbie Hancock zu seinem 80. Geburtstag, die Ver\u00f6ffentlichung einer Solo CD mit begleitenden Club-Konzerten im Herbst \u2026 und dann kam schlie\u00dflich alles anders! Aber irgendwie muss man sich in dieser Situation zu helfen wissen. Da sich der Gitarrist Lionel Loueke momentan in\u2026","rel":"","context":"In &quot;Bericht&quot;","block_context":{"text":"Bericht","link":"https:\/\/www.jazzzeitung.de\/cms\/thema\/bericht\/"},"img":{"alt_text":"","src":"https:\/\/i0.wp.com\/www.jazzzeitung.de\/cms\/wp-content\/uploads\/2021\/03\/P2128685-sw-Loueke-Foto-TJ-Krebs.jpg?fit=1200%2C800&ssl=1&resize=350%2C200","width":350,"height":200,"srcset":"https:\/\/i0.wp.com\/www.jazzzeitung.de\/cms\/wp-content\/uploads\/2021\/03\/P2128685-sw-Loueke-Foto-TJ-Krebs.jpg?fit=1200%2C800&ssl=1&resize=350%2C200 1x, https:\/\/i0.wp.com\/www.jazzzeitung.de\/cms\/wp-content\/uploads\/2021\/03\/P2128685-sw-Loueke-Foto-TJ-Krebs.jpg?fit=1200%2C800&ssl=1&resize=525%2C300 1.5x, https:\/\/i0.wp.com\/www.jazzzeitung.de\/cms\/wp-content\/uploads\/2021\/03\/P2128685-sw-Loueke-Foto-TJ-Krebs.jpg?fit=1200%2C800&ssl=1&resize=700%2C400 2x, https:\/\/i0.wp.com\/www.jazzzeitung.de\/cms\/wp-content\/uploads\/2021\/03\/P2128685-sw-Loueke-Foto-TJ-Krebs.jpg?fit=1200%2C800&ssl=1&resize=1050%2C600 3x"},"classes":[]},{"id":18055,"url":"https:\/\/www.jazzzeitung.de\/cms\/2018\/12\/das-trio-escape-argot-im-jazzclub-unterfahrt\/","url_meta":{"origin":22481,"position":3},"title":"Das Trio &#8222;Escape Argot&#8220; im Jazzclub Unterfahrt","author":"Redaktion JazzZeitung","date":"9. Dezember 2018","format":false,"excerpt":"Da wird sich so manch einer im Nachhinein \u00e4rgern, diesen fantastischen Gig verpasst zu haben. Die Schweiz zu Gast im M\u00fcnchner Jazzclub Unterfahrt: der Schlagzeuger Christoph Steiner (\u201eHildegard lernt fliegen\u201c) entwickelt mit dem Trio \"Escape Argot\" zusammen mit Pianist Florian Favre und Christoph Grab am Saxophon eine eigene Klangsprache. Favre\u2026","rel":"","context":"In &quot;Bericht&quot;","block_context":{"text":"Bericht","link":"https:\/\/www.jazzzeitung.de\/cms\/thema\/bericht\/"},"img":{"alt_text":"","src":"https:\/\/i0.wp.com\/www.jazzzeitung.de\/cms\/wp-content\/uploads\/2018\/12\/Florian-Favre-H%C3%A4nde-Foto-TJ-Krebs-jazzphotoagency%40web.de_.jpg?fit=1200%2C800&ssl=1&resize=350%2C200","width":350,"height":200,"srcset":"https:\/\/i0.wp.com\/www.jazzzeitung.de\/cms\/wp-content\/uploads\/2018\/12\/Florian-Favre-H%C3%A4nde-Foto-TJ-Krebs-jazzphotoagency%40web.de_.jpg?fit=1200%2C800&ssl=1&resize=350%2C200 1x, https:\/\/i0.wp.com\/www.jazzzeitung.de\/cms\/wp-content\/uploads\/2018\/12\/Florian-Favre-H%C3%A4nde-Foto-TJ-Krebs-jazzphotoagency%40web.de_.jpg?fit=1200%2C800&ssl=1&resize=525%2C300 1.5x, https:\/\/i0.wp.com\/www.jazzzeitung.de\/cms\/wp-content\/uploads\/2018\/12\/Florian-Favre-H%C3%A4nde-Foto-TJ-Krebs-jazzphotoagency%40web.de_.jpg?fit=1200%2C800&ssl=1&resize=700%2C400 2x, https:\/\/i0.wp.com\/www.jazzzeitung.de\/cms\/wp-content\/uploads\/2018\/12\/Florian-Favre-H%C3%A4nde-Foto-TJ-Krebs-jazzphotoagency%40web.de_.jpg?fit=1200%2C800&ssl=1&resize=1050%2C600 3x"},"classes":[]},{"id":17987,"url":"https:\/\/www.jazzzeitung.de\/cms\/2018\/11\/ghost-note-in-der-muenchner-unterfahrt-tearing-down-the-club\/","url_meta":{"origin":22481,"position":4},"title":"Ghost Note in der M\u00fcnchner Unterfahrt: \u201eTearing down the Club!\u201c","author":"Redaktion JazzZeitung","date":"30. November 2018","format":false,"excerpt":"\u201eDon\u2019t Stop The Music\u201c, otherwise we will \u201eBurning Down the House\u201c - passende Zitate, die man dem Publikum an diesem Abend in der Unterfahrt durchaus zugetraut h\u00e4tte! Zum Gl\u00fcck liegt der Jazzclub Unterfahrt im Kellergeschoss und hat kein Dach - das n\u00e4mlich w\u00e4re nach dem Ghost Note-Gig am vergangenen Wochenende\u2026","rel":"","context":"In &quot;Bericht&quot;","block_context":{"text":"Bericht","link":"https:\/\/www.jazzzeitung.de\/cms\/thema\/bericht\/"},"img":{"alt_text":"","src":"https:\/\/i0.wp.com\/www.jazzzeitung.de\/cms\/wp-content\/uploads\/2018\/11\/1109325-Ghost-Note-Audience-Foto-TJ-Krebs-jazzphotoagency%40web.de_.jpg?fit=1200%2C800&ssl=1&resize=350%2C200","width":350,"height":200,"srcset":"https:\/\/i0.wp.com\/www.jazzzeitung.de\/cms\/wp-content\/uploads\/2018\/11\/1109325-Ghost-Note-Audience-Foto-TJ-Krebs-jazzphotoagency%40web.de_.jpg?fit=1200%2C800&ssl=1&resize=350%2C200 1x, https:\/\/i0.wp.com\/www.jazzzeitung.de\/cms\/wp-content\/uploads\/2018\/11\/1109325-Ghost-Note-Audience-Foto-TJ-Krebs-jazzphotoagency%40web.de_.jpg?fit=1200%2C800&ssl=1&resize=525%2C300 1.5x, https:\/\/i0.wp.com\/www.jazzzeitung.de\/cms\/wp-content\/uploads\/2018\/11\/1109325-Ghost-Note-Audience-Foto-TJ-Krebs-jazzphotoagency%40web.de_.jpg?fit=1200%2C800&ssl=1&resize=700%2C400 2x, https:\/\/i0.wp.com\/www.jazzzeitung.de\/cms\/wp-content\/uploads\/2018\/11\/1109325-Ghost-Note-Audience-Foto-TJ-Krebs-jazzphotoagency%40web.de_.jpg?fit=1200%2C800&ssl=1&resize=1050%2C600 3x"},"classes":[]},{"id":14506,"url":"https:\/\/www.jazzzeitung.de\/cms\/2017\/12\/marius-nesets-circle-of-chimes-in-der-unterfahrt\/","url_meta":{"origin":22481,"position":5},"title":"Marius Nesets \u201eCircle of Chimes\u201c in der Unterfahrt","author":"Thomas J. Krebs","date":"12. Dezember 2017","format":false,"excerpt":"\u201eBefore the storm\u201c - so betitelt Thomas J. Krebs seine Fotostrecke, die er w\u00e4hrend der Proben des Marius Neset Quintetts aufgenommen hat.\u00a0Ungest\u00fcm und kraftvoll war dann auch das vom Publikum bejubelte Konzert im Jazzclub Unterfahrt, bei der die Band ihr aktuelles, beim Label ACT, ver\u00f6ffentlichtes Album \u201eCircle of Chimes\u201c vorstellte.\u2026","rel":"","context":"In &quot;Galerie&quot;","block_context":{"text":"Galerie","link":"https:\/\/www.jazzzeitung.de\/cms\/thema\/galerie\/"},"img":{"alt_text":"","src":"https:\/\/i0.wp.com\/www.jazzzeitung.de\/cms\/wp-content\/uploads\/2017\/12\/Marius-Neset-Foto-TJ-Krebs-jazzphotoagency%40web.de_.jpg?fit=1200%2C800&ssl=1&resize=350%2C200","width":350,"height":200,"srcset":"https:\/\/i0.wp.com\/www.jazzzeitung.de\/cms\/wp-content\/uploads\/2017\/12\/Marius-Neset-Foto-TJ-Krebs-jazzphotoagency%40web.de_.jpg?fit=1200%2C800&ssl=1&resize=350%2C200 1x, https:\/\/i0.wp.com\/www.jazzzeitung.de\/cms\/wp-content\/uploads\/2017\/12\/Marius-Neset-Foto-TJ-Krebs-jazzphotoagency%40web.de_.jpg?fit=1200%2C800&ssl=1&resize=525%2C300 1.5x, https:\/\/i0.wp.com\/www.jazzzeitung.de\/cms\/wp-content\/uploads\/2017\/12\/Marius-Neset-Foto-TJ-Krebs-jazzphotoagency%40web.de_.jpg?fit=1200%2C800&ssl=1&resize=700%2C400 2x, https:\/\/i0.wp.com\/www.jazzzeitung.de\/cms\/wp-content\/uploads\/2017\/12\/Marius-Neset-Foto-TJ-Krebs-jazzphotoagency%40web.de_.jpg?fit=1200%2C800&ssl=1&resize=1050%2C600 3x"},"classes":[]}],"jetpack_sharing_enabled":true,"_links":{"self":[{"href":"https:\/\/www.jazzzeitung.de\/cms\/wp-json\/wp\/v2\/posts\/22481","targetHints":{"allow":["GET"]}}],"collection":[{"href":"https:\/\/www.jazzzeitung.de\/cms\/wp-json\/wp\/v2\/posts"}],"about":[{"href":"https:\/\/www.jazzzeitung.de\/cms\/wp-json\/wp\/v2\/types\/post"}],"author":[{"embeddable":true,"href":"https:\/\/www.jazzzeitung.de\/cms\/wp-json\/wp\/v2\/users\/35"}],"replies":[{"embeddable":true,"href":"https:\/\/www.jazzzeitung.de\/cms\/wp-json\/wp\/v2\/comments?post=22481"}],"version-history":[{"count":2,"href":"https:\/\/www.jazzzeitung.de\/cms\/wp-json\/wp\/v2\/posts\/22481\/revisions"}],"predecessor-version":[{"id":22496,"href":"https:\/\/www.jazzzeitung.de\/cms\/wp-json\/wp\/v2\/posts\/22481\/revisions\/22496"}],"wp:featuredmedia":[{"embeddable":true,"href":"https:\/\/www.jazzzeitung.de\/cms\/wp-json\/wp\/v2\/media\/22483"}],"wp:attachment":[{"href":"https:\/\/www.jazzzeitung.de\/cms\/wp-json\/wp\/v2\/media?parent=22481"}],"wp:term":[{"taxonomy":"category","embeddable":true,"href":"https:\/\/www.jazzzeitung.de\/cms\/wp-json\/wp\/v2\/categories?post=22481"},{"taxonomy":"post_tag","embeddable":true,"href":"https:\/\/www.jazzzeitung.de\/cms\/wp-json\/wp\/v2\/tags?post=22481"},{"taxonomy":"author","embeddable":true,"href":"https:\/\/www.jazzzeitung.de\/cms\/wp-json\/wp\/v2\/coauthors?post=22481"}],"curies":[{"name":"wp","href":"https:\/\/api.w.org\/{rel}","templated":true}]}}