{"id":2247,"date":"2013-09-20T09:31:23","date_gmt":"2013-09-20T07:31:23","guid":{"rendered":"http:\/\/www.jazzzeitung.de\/cms\/?p=2247"},"modified":"2013-09-23T10:23:02","modified_gmt":"2013-09-23T08:23:02","slug":"verlosung-karten-fuer-das-jazzfest-berlin","status":"publish","type":"post","link":"https:\/\/www.jazzzeitung.de\/cms\/2013\/09\/verlosung-karten-fuer-das-jazzfest-berlin\/","title":{"rendered":"Verlosung: Karten f\u00fcr das Jazzfest Berlin"},"content":{"rendered":"<p>Das Jazzfest Berlin 2013 \u2013 veranstaltet von den Berliner Festspielen \u2013 findet vom 31. Oktober bis zum 03. November 2013 statt. An vier Tagen werden 22 Jazzformationen in 19 Veranstaltungen zu erleben sein. Der k\u00fcnstlerische Leiter Bert Noglik schafft auch in seiner zweiten Festivalausgabe ein Spannungsfeld unterschiedlicher thematischer Magnetpunkte mit zahlreichen Verbindungslinien.<\/p>\n<p>Zur Feier des Tages verlost die JazzZeitung jeweils 1&#215;2 Karten f\u00fcr folgende Konzerte:<\/p>\n<p>31. Oktober 2013, 20:00 Uhr, Haus der Berliner Festspiele<br \/>\nEr\u00f6ffnungskonzert Jazzfest Berlin 2013<\/p>\n<p><strong>Christian Scott<\/strong><br \/>\n\u201eStretch Music\u201c hei\u00dft bei Christian Scott die inszenierte Umarmung der vielen musikalischen Facetten seiner Heimat New Orleans. Damit hat sich der Trompeter einen Namen als Mittler zwischen einem Jahrhundert Jazz-Tradition und den Erwartungen eines jugendlichen Publikums gemacht. Als Neffe des bekannten Saxofonisten Donald Harrison begeisterte er sich schon fr\u00fch f\u00fcr den Jazz. Der umtriebige Newcomer gilt nicht nur als ein \u201ejunger Style-Gott des Jazz\u201c (\u201eJazzTimes\u201c), f\u00fcr ihn ist Politik genauso wichtig wie \u00c4sthetik oder virtuose Trompeten-Technik. So besch\u00e4ftigt sich Scott, der sich auch<br \/>\nnach zwei afrikanischen St\u00e4dten \u201eaTunde Adjuah\u201c nennt, in seinem gleichnamigen aktuellen Album mit seinen afrikanischen Wurzeln.<\/p>\n<p><strong>\u201eGnawa Jazz Voodoo\u201c Joachim K\u00fchn Africa Connection feat. Pharoah Sanders<\/strong><br \/>\nMittel- und s\u00fcdeurop\u00e4ische Improvisationskunst, nordafrikanische Gnawa- Musik, westafrikanische Griot-Tradition und der soziale Cry der Post-Coltrane\u00c4ra \u2013 all das kommt in Joachim K\u00fchns Projekt \u201eGnawa Jazz Voodoo\u201c zusammen. Pharoah Sanders ist an der Seite von John Coltrane zum Star des New Thing aufgestiegen und hat nach dem Tod Coltranes dessen Botschaft im Br\u00fcckenschlag zu anderen Kulturen weitergetragen. Der charismatische Musiker mit dem m\u00e4chtigen Ton auf dem Tenorsaxofon sch\u00f6pft in seinem Spiel aus spirituellen Quellen und afrikanischen Roots.<br \/>\nExklusiv f\u00fcr das Jazzfest Berlin entstanden, verspricht dieses Konzert, ein Gipfeltreffen des internationalen Jazzgeschehens zu werden.<\/p>\n<p>31. Oktober, 23.30 Uhr, Akademie der K\u00fcnste<\/p>\n<p><strong>Gebhard Ullmann \u201eBerlin Suite\u201c<\/strong><br \/>\nGebhard Ullmann zog Anfang der achtziger Jahre aus dem Rheinland nach Berlin und pr\u00e4gte dort die Szene entscheidend mit, bevor er ab 1989 seine Zeit zwischen Berlin und New York teilte. Bis heute hat sich der weitgereiste Saxofonist bei aller Verbundenheit mit Berlin zugleich eine distanzierte Draufsicht auf den multikulturellen Ameisenhaufen bewahrt. Seine Idee von Berlin ist global, genau wie seine Band, deren Mitglieder aus ganz Europa und New York stammen. Aus dieser multinationalen Perspektive ergibt sich in seiner \u201eBerlin Suite\u201c ein flirrendes Wimmelbild unterschiedlichster Situationen, das sich zu sonischen Momentaufnahmen vom Maybachufer bis zur Museumsinsel verdichtet. Beim Jazzfest erlebt die \u201eBerlin Suite\u201c ihre Premiere vor gro\u00dfem Publikum.<\/p>\n<p>Wer teilnehmen will, sendet bis 15.10.2013 ein E-Mail an gaisa@jazzzeitung.de, die Karten werden dann an der Abendkasse hinterlegt.<\/p>\n<p>Das komplette Programm finden Sie unter <a title=\"Jazzfest Berlin\" href=\"http:\/\/www.berliner-festspiele.de\" target=\"_blank\">www.berlinerfestspiel.de<\/a><\/p>\n<p>Der Kartenvorverkauf des Jazzfest Berlin 2013 beginnt heute am 20. September unter: www.berlinerfestspiele.de\/jazzfest oder +49-30-254 89 100.<\/p>\n","protected":false},"excerpt":{"rendered":"<p>Das Jazzfest Berlin 2013 \u2013 veranstaltet von den Berliner Festspielen \u2013 findet vom 31. Oktober bis zum 03. November 2013 statt. An vier Tagen werden 22 Jazzformationen in 19 Veranstaltungen zu erleben sein. Der k\u00fcnstlerische Leiter Bert Noglik schafft auch in seiner zweiten Festivalausgabe ein Spannungsfeld unterschiedlicher thematischer Magnetpunkte mit zahlreichen Verbindungslinien. Zur Feier des Tages verlost die JazzZeitung jeweils 1&#215;2 Karten f\u00fcr folgende Konzerte: 31. Oktober 2013, 20:00 Uhr, Haus der Berliner Festspiele Er\u00f6ffnungskonzert Jazzfest Berlin 2013 Christian Scott \u201eStretch Music\u201c hei\u00dft bei Christian Scott die inszenierte Umarmung der vielen musikalischen Facetten seiner Heimat New Orleans. Damit hat sich der Trompeter einen Namen als Mittler zwischen einem Jahrhundert Jazz-Tradition und den Erwartungen eines jugendlichen Publikums gemacht. Als Neffe des bekannten Saxofonisten Donald Harrison begeisterte er sich schon fr\u00fch f\u00fcr den Jazz. Der umtriebige Newcomer gilt nicht nur als ein \u201ejunger Style-Gott des Jazz\u201c (\u201eJazzTimes\u201c), f\u00fcr ihn ist Politik genauso wichtig wie \u00c4sthetik oder virtuose Trompeten-Technik. So besch\u00e4ftigt sich Scott, der sich auch nach zwei afrikanischen St\u00e4dten \u201eaTunde Adjuah\u201c nennt, in seinem gleichnamigen aktuellen Album mit seinen afrikanischen Wurzeln. \u201eGnawa Jazz Voodoo\u201c Joachim K\u00fchn Africa &hellip;<\/p>\n","protected":false},"author":18,"featured_media":0,"comment_status":"open","ping_status":"open","sticky":false,"template":"","format":"standard","meta":{"_jetpack_memberships_contains_paid_content":false,"footnotes":"","jetpack_publicize_message":"","jetpack_publicize_feature_enabled":true,"jetpack_social_post_already_shared":false,"jetpack_social_options":{"image_generator_settings":{"template":"highway","default_image_id":0,"font":"","enabled":false},"version":2}},"categories":[633],"tags":[34,66,73,187,247,272,294,323,327,388,14],"coauthors":[695],"class_list":["post-2247","post","type-post","status-publish","format-standard","hentry","category-nachrichten","tag-album","tag-berlin","tag-bigband","tag-fred-wesley","tag-jack-dejohnette","tag-jazzfest-berlin","tag-jazzzeitung","tag-konzerte","tag-kultur","tag-michael-wollny","tag-politik"],"yoast_head":"<!-- This site is optimized with the Yoast SEO plugin v27.5 - https:\/\/yoast.com\/product\/yoast-seo-wordpress\/ -->\n<title>Verlosung: Karten f\u00fcr das Jazzfest Berlin - JazzZeitung<\/title>\n<meta name=\"robots\" content=\"index, follow, max-snippet:-1, max-image-preview:large, max-video-preview:-1\" \/>\n<link rel=\"canonical\" href=\"https:\/\/www.jazzzeitung.de\/cms\/2013\/09\/verlosung-karten-fuer-das-jazzfest-berlin\/\" \/>\n<meta property=\"og:locale\" content=\"de_DE\" \/>\n<meta property=\"og:type\" content=\"article\" \/>\n<meta property=\"og:title\" content=\"Verlosung: Karten f\u00fcr das Jazzfest Berlin - JazzZeitung\" \/>\n<meta property=\"og:description\" content=\"Das Jazzfest Berlin 2013 \u2013 veranstaltet von den Berliner Festspielen \u2013 findet vom 31. Oktober bis zum 03. November 2013 statt. An vier Tagen werden 22 Jazzformationen in 19 Veranstaltungen zu erleben sein. Der k\u00fcnstlerische Leiter Bert Noglik schafft auch in seiner zweiten Festivalausgabe ein Spannungsfeld unterschiedlicher thematischer Magnetpunkte mit zahlreichen Verbindungslinien. Zur Feier des Tages verlost die JazzZeitung jeweils 1&#215;2 Karten f\u00fcr folgende Konzerte: 31. Oktober 2013, 20:00 Uhr, Haus der Berliner Festspiele Er\u00f6ffnungskonzert Jazzfest Berlin 2013 Christian Scott \u201eStretch Music\u201c hei\u00dft bei Christian Scott die inszenierte Umarmung der vielen musikalischen Facetten seiner Heimat New Orleans. Damit hat sich der Trompeter einen Namen als Mittler zwischen einem Jahrhundert Jazz-Tradition und den Erwartungen eines jugendlichen Publikums gemacht. Als Neffe des bekannten Saxofonisten Donald Harrison begeisterte er sich schon fr\u00fch f\u00fcr den Jazz. Der umtriebige Newcomer gilt nicht nur als ein \u201ejunger Style-Gott des Jazz\u201c (\u201eJazzTimes\u201c), f\u00fcr ihn ist Politik genauso wichtig wie \u00c4sthetik oder virtuose Trompeten-Technik. So besch\u00e4ftigt sich Scott, der sich auch nach zwei afrikanischen St\u00e4dten \u201eaTunde Adjuah\u201c nennt, in seinem gleichnamigen aktuellen Album mit seinen afrikanischen Wurzeln. \u201eGnawa Jazz Voodoo\u201c Joachim K\u00fchn Africa &hellip;\" \/>\n<meta property=\"og:url\" content=\"https:\/\/www.jazzzeitung.de\/cms\/2013\/09\/verlosung-karten-fuer-das-jazzfest-berlin\/\" \/>\n<meta property=\"og:site_name\" content=\"JazzZeitung\" \/>\n<meta property=\"article:publisher\" content=\"https:\/\/www.facebook.com\/JazzZeitung\/\" \/>\n<meta property=\"article:published_time\" content=\"2013-09-20T07:31:23+00:00\" \/>\n<meta property=\"article:modified_time\" content=\"2013-09-23T08:23:02+00:00\" \/>\n<meta property=\"og:image\" content=\"https:\/\/i0.wp.com\/www.jazzzeitung.de\/cms\/wp-content\/uploads\/2012\/01\/ipad-logo-200.png?fit=200%2C200&ssl=1\" \/>\n\t<meta property=\"og:image:width\" content=\"200\" \/>\n\t<meta property=\"og:image:height\" content=\"200\" \/>\n\t<meta property=\"og:image:type\" content=\"image\/png\" \/>\n<meta name=\"author\" content=\"Redaktion JazzZeitung\" \/>\n<script type=\"application\/ld+json\" class=\"yoast-schema-graph\">{\"@context\":\"https:\\\/\\\/schema.org\",\"@graph\":[{\"@type\":\"Article\",\"@id\":\"https:\\\/\\\/www.jazzzeitung.de\\\/cms\\\/2013\\\/09\\\/verlosung-karten-fuer-das-jazzfest-berlin\\\/#article\",\"isPartOf\":{\"@id\":\"https:\\\/\\\/www.jazzzeitung.de\\\/cms\\\/2013\\\/09\\\/verlosung-karten-fuer-das-jazzfest-berlin\\\/\"},\"author\":{\"name\":\"Redaktion JazzZeitung\",\"@id\":\"https:\\\/\\\/www.jazzzeitung.de\\\/cms\\\/#\\\/schema\\\/person\\\/2245b36b9cd1d24cea10f01c031fb92b\"},\"headline\":\"Verlosung: Karten f\u00fcr das Jazzfest Berlin\",\"datePublished\":\"2013-09-20T07:31:23+00:00\",\"dateModified\":\"2013-09-23T08:23:02+00:00\",\"mainEntityOfPage\":{\"@id\":\"https:\\\/\\\/www.jazzzeitung.de\\\/cms\\\/2013\\\/09\\\/verlosung-karten-fuer-das-jazzfest-berlin\\\/\"},\"wordCount\":457,\"commentCount\":0,\"publisher\":{\"@id\":\"https:\\\/\\\/www.jazzzeitung.de\\\/cms\\\/#organization\"},\"keywords\":[\"Album\",\"Berlin\",\"Bigband\",\"Fred Wesley\",\"Jack Dejohnette\",\"Jazzfest Berlin\",\"Jazzzeitung\",\"Konzerte\",\"Kultur\",\"Michael Wollny\",\"Politik\"],\"articleSection\":[\"News\"],\"inLanguage\":\"de\",\"potentialAction\":[{\"@type\":\"CommentAction\",\"name\":\"Comment\",\"target\":[\"https:\\\/\\\/www.jazzzeitung.de\\\/cms\\\/2013\\\/09\\\/verlosung-karten-fuer-das-jazzfest-berlin\\\/#respond\"]}]},{\"@type\":\"WebPage\",\"@id\":\"https:\\\/\\\/www.jazzzeitung.de\\\/cms\\\/2013\\\/09\\\/verlosung-karten-fuer-das-jazzfest-berlin\\\/\",\"url\":\"https:\\\/\\\/www.jazzzeitung.de\\\/cms\\\/2013\\\/09\\\/verlosung-karten-fuer-das-jazzfest-berlin\\\/\",\"name\":\"Verlosung: Karten f\u00fcr das Jazzfest Berlin - JazzZeitung\",\"isPartOf\":{\"@id\":\"https:\\\/\\\/www.jazzzeitung.de\\\/cms\\\/#website\"},\"datePublished\":\"2013-09-20T07:31:23+00:00\",\"dateModified\":\"2013-09-23T08:23:02+00:00\",\"breadcrumb\":{\"@id\":\"https:\\\/\\\/www.jazzzeitung.de\\\/cms\\\/2013\\\/09\\\/verlosung-karten-fuer-das-jazzfest-berlin\\\/#breadcrumb\"},\"inLanguage\":\"de\",\"potentialAction\":[{\"@type\":\"ReadAction\",\"target\":[\"https:\\\/\\\/www.jazzzeitung.de\\\/cms\\\/2013\\\/09\\\/verlosung-karten-fuer-das-jazzfest-berlin\\\/\"]}]},{\"@type\":\"BreadcrumbList\",\"@id\":\"https:\\\/\\\/www.jazzzeitung.de\\\/cms\\\/2013\\\/09\\\/verlosung-karten-fuer-das-jazzfest-berlin\\\/#breadcrumb\",\"itemListElement\":[{\"@type\":\"ListItem\",\"position\":1,\"name\":\"Startseite\",\"item\":\"https:\\\/\\\/www.jazzzeitung.de\\\/cms\\\/\"},{\"@type\":\"ListItem\",\"position\":2,\"name\":\"Verlosung: Karten f\u00fcr das Jazzfest Berlin\"}]},{\"@type\":\"WebSite\",\"@id\":\"https:\\\/\\\/www.jazzzeitung.de\\\/cms\\\/#website\",\"url\":\"https:\\\/\\\/www.jazzzeitung.de\\\/cms\\\/\",\"name\":\"JazzZeitung\",\"description\":\"Jazz-News und Jazz-Kontroverses\",\"publisher\":{\"@id\":\"https:\\\/\\\/www.jazzzeitung.de\\\/cms\\\/#organization\"},\"potentialAction\":[{\"@type\":\"SearchAction\",\"target\":{\"@type\":\"EntryPoint\",\"urlTemplate\":\"https:\\\/\\\/www.jazzzeitung.de\\\/cms\\\/?s={search_term_string}\"},\"query-input\":{\"@type\":\"PropertyValueSpecification\",\"valueRequired\":true,\"valueName\":\"search_term_string\"}}],\"inLanguage\":\"de\"},{\"@type\":\"Organization\",\"@id\":\"https:\\\/\\\/www.jazzzeitung.de\\\/cms\\\/#organization\",\"name\":\"JazzZeitung online\",\"url\":\"https:\\\/\\\/www.jazzzeitung.de\\\/cms\\\/\",\"logo\":{\"@type\":\"ImageObject\",\"inLanguage\":\"de\",\"@id\":\"https:\\\/\\\/www.jazzzeitung.de\\\/cms\\\/#\\\/schema\\\/logo\\\/image\\\/\",\"url\":\"https:\\\/\\\/i0.wp.com\\\/www.jazzzeitung.de\\\/cms\\\/wp-content\\\/uploads\\\/2015\\\/08\\\/JAZZZEITUNGDE_Logo_Neu.png?fit=499%2C200&ssl=1\",\"contentUrl\":\"https:\\\/\\\/i0.wp.com\\\/www.jazzzeitung.de\\\/cms\\\/wp-content\\\/uploads\\\/2015\\\/08\\\/JAZZZEITUNGDE_Logo_Neu.png?fit=499%2C200&ssl=1\",\"width\":499,\"height\":200,\"caption\":\"JazzZeitung online\"},\"image\":{\"@id\":\"https:\\\/\\\/www.jazzzeitung.de\\\/cms\\\/#\\\/schema\\\/logo\\\/image\\\/\"},\"sameAs\":[\"https:\\\/\\\/www.facebook.com\\\/JazzZeitung\\\/\"]},{\"@type\":\"Person\",\"@id\":\"https:\\\/\\\/www.jazzzeitung.de\\\/cms\\\/#\\\/schema\\\/person\\\/2245b36b9cd1d24cea10f01c031fb92b\",\"name\":\"Redaktion JazzZeitung\",\"image\":{\"@type\":\"ImageObject\",\"inLanguage\":\"de\",\"@id\":\"https:\\\/\\\/i0.wp.com\\\/www.jazzzeitung.de\\\/cms\\\/wp-content\\\/uploads\\\/2015\\\/08\\\/JAZZZEITUNGDE_Logo_Neu.png?resize=96%2C96&ssl=159975dcacb611b5700bd619b5daf0a7a\",\"url\":\"https:\\\/\\\/i0.wp.com\\\/www.jazzzeitung.de\\\/cms\\\/wp-content\\\/uploads\\\/2015\\\/08\\\/JAZZZEITUNGDE_Logo_Neu.png?resize=96%2C96&ssl=1\",\"contentUrl\":\"https:\\\/\\\/i0.wp.com\\\/www.jazzzeitung.de\\\/cms\\\/wp-content\\\/uploads\\\/2015\\\/08\\\/JAZZZEITUNGDE_Logo_Neu.png?resize=96%2C96&ssl=1\",\"caption\":\"Redaktion JazzZeitung\"},\"description\":\"Artikel der Redaktion der JazzZeitung.\",\"sameAs\":[\"http:\\\/\\\/www.jazzzeitung.de\\\/cms\\\/\"],\"url\":\"https:\\\/\\\/www.jazzzeitung.de\\\/cms\\\/author\\\/redaktion\\\/\"}]}<\/script>\n<!-- \/ Yoast SEO plugin. -->","yoast_head_json":{"title":"Verlosung: Karten f\u00fcr das Jazzfest Berlin - JazzZeitung","robots":{"index":"index","follow":"follow","max-snippet":"max-snippet:-1","max-image-preview":"max-image-preview:large","max-video-preview":"max-video-preview:-1"},"canonical":"https:\/\/www.jazzzeitung.de\/cms\/2013\/09\/verlosung-karten-fuer-das-jazzfest-berlin\/","og_locale":"de_DE","og_type":"article","og_title":"Verlosung: Karten f\u00fcr das Jazzfest Berlin - JazzZeitung","og_description":"Das Jazzfest Berlin 2013 \u2013 veranstaltet von den Berliner Festspielen \u2013 findet vom 31. Oktober bis zum 03. November 2013 statt. An vier Tagen werden 22 Jazzformationen in 19 Veranstaltungen zu erleben sein. Der k\u00fcnstlerische Leiter Bert Noglik schafft auch in seiner zweiten Festivalausgabe ein Spannungsfeld unterschiedlicher thematischer Magnetpunkte mit zahlreichen Verbindungslinien. Zur Feier des Tages verlost die JazzZeitung jeweils 1&#215;2 Karten f\u00fcr folgende Konzerte: 31. Oktober 2013, 20:00 Uhr, Haus der Berliner Festspiele Er\u00f6ffnungskonzert Jazzfest Berlin 2013 Christian Scott \u201eStretch Music\u201c hei\u00dft bei Christian Scott die inszenierte Umarmung der vielen musikalischen Facetten seiner Heimat New Orleans. Damit hat sich der Trompeter einen Namen als Mittler zwischen einem Jahrhundert Jazz-Tradition und den Erwartungen eines jugendlichen Publikums gemacht. Als Neffe des bekannten Saxofonisten Donald Harrison begeisterte er sich schon fr\u00fch f\u00fcr den Jazz. Der umtriebige Newcomer gilt nicht nur als ein \u201ejunger Style-Gott des Jazz\u201c (\u201eJazzTimes\u201c), f\u00fcr ihn ist Politik genauso wichtig wie \u00c4sthetik oder virtuose Trompeten-Technik. So besch\u00e4ftigt sich Scott, der sich auch nach zwei afrikanischen St\u00e4dten \u201eaTunde Adjuah\u201c nennt, in seinem gleichnamigen aktuellen Album mit seinen afrikanischen Wurzeln. \u201eGnawa Jazz Voodoo\u201c Joachim K\u00fchn Africa &hellip;","og_url":"https:\/\/www.jazzzeitung.de\/cms\/2013\/09\/verlosung-karten-fuer-das-jazzfest-berlin\/","og_site_name":"JazzZeitung","article_publisher":"https:\/\/www.facebook.com\/JazzZeitung\/","article_published_time":"2013-09-20T07:31:23+00:00","article_modified_time":"2013-09-23T08:23:02+00:00","og_image":[{"width":200,"height":200,"url":"https:\/\/i0.wp.com\/www.jazzzeitung.de\/cms\/wp-content\/uploads\/2012\/01\/ipad-logo-200.png?fit=200%2C200&ssl=1","type":"image\/png"}],"author":"Redaktion JazzZeitung","schema":{"@context":"https:\/\/schema.org","@graph":[{"@type":"Article","@id":"https:\/\/www.jazzzeitung.de\/cms\/2013\/09\/verlosung-karten-fuer-das-jazzfest-berlin\/#article","isPartOf":{"@id":"https:\/\/www.jazzzeitung.de\/cms\/2013\/09\/verlosung-karten-fuer-das-jazzfest-berlin\/"},"author":{"name":"Redaktion JazzZeitung","@id":"https:\/\/www.jazzzeitung.de\/cms\/#\/schema\/person\/2245b36b9cd1d24cea10f01c031fb92b"},"headline":"Verlosung: Karten f\u00fcr das Jazzfest Berlin","datePublished":"2013-09-20T07:31:23+00:00","dateModified":"2013-09-23T08:23:02+00:00","mainEntityOfPage":{"@id":"https:\/\/www.jazzzeitung.de\/cms\/2013\/09\/verlosung-karten-fuer-das-jazzfest-berlin\/"},"wordCount":457,"commentCount":0,"publisher":{"@id":"https:\/\/www.jazzzeitung.de\/cms\/#organization"},"keywords":["Album","Berlin","Bigband","Fred Wesley","Jack Dejohnette","Jazzfest Berlin","Jazzzeitung","Konzerte","Kultur","Michael Wollny","Politik"],"articleSection":["News"],"inLanguage":"de","potentialAction":[{"@type":"CommentAction","name":"Comment","target":["https:\/\/www.jazzzeitung.de\/cms\/2013\/09\/verlosung-karten-fuer-das-jazzfest-berlin\/#respond"]}]},{"@type":"WebPage","@id":"https:\/\/www.jazzzeitung.de\/cms\/2013\/09\/verlosung-karten-fuer-das-jazzfest-berlin\/","url":"https:\/\/www.jazzzeitung.de\/cms\/2013\/09\/verlosung-karten-fuer-das-jazzfest-berlin\/","name":"Verlosung: Karten f\u00fcr das Jazzfest Berlin - JazzZeitung","isPartOf":{"@id":"https:\/\/www.jazzzeitung.de\/cms\/#website"},"datePublished":"2013-09-20T07:31:23+00:00","dateModified":"2013-09-23T08:23:02+00:00","breadcrumb":{"@id":"https:\/\/www.jazzzeitung.de\/cms\/2013\/09\/verlosung-karten-fuer-das-jazzfest-berlin\/#breadcrumb"},"inLanguage":"de","potentialAction":[{"@type":"ReadAction","target":["https:\/\/www.jazzzeitung.de\/cms\/2013\/09\/verlosung-karten-fuer-das-jazzfest-berlin\/"]}]},{"@type":"BreadcrumbList","@id":"https:\/\/www.jazzzeitung.de\/cms\/2013\/09\/verlosung-karten-fuer-das-jazzfest-berlin\/#breadcrumb","itemListElement":[{"@type":"ListItem","position":1,"name":"Startseite","item":"https:\/\/www.jazzzeitung.de\/cms\/"},{"@type":"ListItem","position":2,"name":"Verlosung: Karten f\u00fcr das Jazzfest Berlin"}]},{"@type":"WebSite","@id":"https:\/\/www.jazzzeitung.de\/cms\/#website","url":"https:\/\/www.jazzzeitung.de\/cms\/","name":"JazzZeitung","description":"Jazz-News und Jazz-Kontroverses","publisher":{"@id":"https:\/\/www.jazzzeitung.de\/cms\/#organization"},"potentialAction":[{"@type":"SearchAction","target":{"@type":"EntryPoint","urlTemplate":"https:\/\/www.jazzzeitung.de\/cms\/?s={search_term_string}"},"query-input":{"@type":"PropertyValueSpecification","valueRequired":true,"valueName":"search_term_string"}}],"inLanguage":"de"},{"@type":"Organization","@id":"https:\/\/www.jazzzeitung.de\/cms\/#organization","name":"JazzZeitung online","url":"https:\/\/www.jazzzeitung.de\/cms\/","logo":{"@type":"ImageObject","inLanguage":"de","@id":"https:\/\/www.jazzzeitung.de\/cms\/#\/schema\/logo\/image\/","url":"https:\/\/i0.wp.com\/www.jazzzeitung.de\/cms\/wp-content\/uploads\/2015\/08\/JAZZZEITUNGDE_Logo_Neu.png?fit=499%2C200&ssl=1","contentUrl":"https:\/\/i0.wp.com\/www.jazzzeitung.de\/cms\/wp-content\/uploads\/2015\/08\/JAZZZEITUNGDE_Logo_Neu.png?fit=499%2C200&ssl=1","width":499,"height":200,"caption":"JazzZeitung online"},"image":{"@id":"https:\/\/www.jazzzeitung.de\/cms\/#\/schema\/logo\/image\/"},"sameAs":["https:\/\/www.facebook.com\/JazzZeitung\/"]},{"@type":"Person","@id":"https:\/\/www.jazzzeitung.de\/cms\/#\/schema\/person\/2245b36b9cd1d24cea10f01c031fb92b","name":"Redaktion JazzZeitung","image":{"@type":"ImageObject","inLanguage":"de","@id":"https:\/\/i0.wp.com\/www.jazzzeitung.de\/cms\/wp-content\/uploads\/2015\/08\/JAZZZEITUNGDE_Logo_Neu.png?resize=96%2C96&ssl=159975dcacb611b5700bd619b5daf0a7a","url":"https:\/\/i0.wp.com\/www.jazzzeitung.de\/cms\/wp-content\/uploads\/2015\/08\/JAZZZEITUNGDE_Logo_Neu.png?resize=96%2C96&ssl=1","contentUrl":"https:\/\/i0.wp.com\/www.jazzzeitung.de\/cms\/wp-content\/uploads\/2015\/08\/JAZZZEITUNGDE_Logo_Neu.png?resize=96%2C96&ssl=1","caption":"Redaktion JazzZeitung"},"description":"Artikel der Redaktion der JazzZeitung.","sameAs":["http:\/\/www.jazzzeitung.de\/cms\/"],"url":"https:\/\/www.jazzzeitung.de\/cms\/author\/redaktion\/"}]}},"wp-worthy-pixel":{"ignored":false,"public":null,"server":null,"url":null},"wp-worthy-type":"normal","jetpack_publicize_connections":[],"cc_featured_image_caption":{"caption_text":false,"source_text":false,"source_url":false},"jetpack_featured_media_url":"","jetpack_shortlink":"https:\/\/wp.me\/p3KEcT-Af","jetpack-related-posts":[{"id":21077,"url":"https:\/\/www.jazzzeitung.de\/cms\/2019\/10\/jazzfest-berlin-2019am-31-oktober-eroeffnet-anthony-braxtons-sonic-genome-das-festival\/","url_meta":{"origin":2247,"position":0},"title":"Jazzfest Berlin 2019:\u00a0Am 31. Oktober er\u00f6ffnet Anthony Braxtons \u201eSonic Genome\u201c das Festival\u00a0","author":"Martin Hufner","date":"29. Oktober 2019","format":false,"excerpt":"Die Berliner Festspiele veranstalten das\u00a056.\u00a0Jazzfest\u00a0Berlin vom 31.\u00a0Oktober bis zum 3.\u00a0November. An den vier Festivaltagen feiern f\u00fcnf Projekte ihre weltweite Premiere, f\u00fcnfzehn ihre Deutschlandpremiere. Neben der ARD und dem Deutschlandradio mit zwei Live-\u00dcbertragungen und der ARD Jazznacht wird 2019 als neuer Medienpartner Arte Concert das Festival mit zwei Live-gestreamten Abenden erlebbar\u2026","rel":"","context":"In &quot;News&quot;","block_context":{"text":"News","link":"https:\/\/www.jazzzeitung.de\/cms\/thema\/nachrichten\/"},"img":{"alt_text":"Jazzfest Berlin 2017. Foto: Martin Hufner","src":"https:\/\/i0.wp.com\/www.jazzzeitung.de\/cms\/wp-content\/uploads\/2017\/11\/jazzfest17-outside.jpg?fit=900%2C1200&ssl=1&resize=350%2C200","width":350,"height":200,"srcset":"https:\/\/i0.wp.com\/www.jazzzeitung.de\/cms\/wp-content\/uploads\/2017\/11\/jazzfest17-outside.jpg?fit=900%2C1200&ssl=1&resize=350%2C200 1x, https:\/\/i0.wp.com\/www.jazzzeitung.de\/cms\/wp-content\/uploads\/2017\/11\/jazzfest17-outside.jpg?fit=900%2C1200&ssl=1&resize=525%2C300 1.5x, https:\/\/i0.wp.com\/www.jazzzeitung.de\/cms\/wp-content\/uploads\/2017\/11\/jazzfest17-outside.jpg?fit=900%2C1200&ssl=1&resize=700%2C400 2x"},"classes":[]},{"id":12142,"url":"https:\/\/www.jazzzeitung.de\/cms\/2017\/04\/jazzfest-berlin-berliner-festspiele-berufen-nadin-deventer-als-neue-kuenstlerische-leiterin-ab-2018\/","url_meta":{"origin":2247,"position":1},"title":"Jazzfest Berlin: Berliner Festspiele berufen Nadin Deventer als neue k\u00fcnstlerische Leiterin ab 2018","author":"Redaktion JazzZeitung","date":"14. April 2017","format":false,"excerpt":"Seit seiner Gr\u00fcndung als \u201eBerliner Jazztage\u201c 1964 z\u00e4hlt das Jazzfest Berlin zu Europas renommiertesten Festivals seiner Art, wobei zu seiner Tradition stets Innovation und politische Themen geh\u00f6ren. Nach der dreij\u00e4hrigen Festivalleitung von Richard Williams \u00fcbernimmt ab 2018 die Kuratorin Nadin Deventer die k\u00fcnstlerische Leitung des Jazzfest Berlin. Thomas Oberender, Intendant\u2026","rel":"","context":"In &quot;News&quot;","block_context":{"text":"News","link":"https:\/\/www.jazzzeitung.de\/cms\/thema\/nachrichten\/"},"img":{"alt_text":"Nadin Deventer. K\u00fcnstlerische Leiterin Jazzfest Berlin ab 2018. Foto: \u00a9 Camille Blake","src":"https:\/\/i0.wp.com\/www.jazzzeitung.de\/cms\/wp-content\/uploads\/2017\/04\/deventer_c_camille_blake-150x150.jpg?resize=350%2C200","width":350,"height":200},"classes":[]},{"id":20674,"url":"https:\/\/www.jazzzeitung.de\/cms\/2019\/09\/festivalprogramm-des-56-jazzfest-berlin-2019-veroeffentlicht\/","url_meta":{"origin":2247,"position":2},"title":"Festivalprogramm des 56. Jazzfest Berlin 2019 ver\u00f6ffentlicht","author":"Redaktion JazzZeitung","date":"12. September 2019","format":false,"excerpt":"Das Jazzfest Berlin 2019 wird von den Berliner Festspielen vom 31. Oktober bis 3. November veranstaltet und stellt in seiner diesj\u00e4hrigen Ausgabe Communities, Kollektive und internationale Begegnungen in den Fokus. An den vier Festivaltagen sind rund 200 Musiker*innen aus mehr als 15 L\u00e4ndern in verschiedensten Formationen im Haus der Berliner\u2026","rel":"","context":"In &quot;News&quot;","block_context":{"text":"News","link":"https:\/\/www.jazzzeitung.de\/cms\/thema\/nachrichten\/"},"img":{"alt_text":"","src":"https:\/\/i0.wp.com\/www.jazzzeitung.de\/cms\/wp-content\/uploads\/2019\/09\/jfb19_p_moskus_trio_c_til_nedlasting.jpg?fit=1200%2C675&ssl=1&resize=350%2C200","width":350,"height":200,"srcset":"https:\/\/i0.wp.com\/www.jazzzeitung.de\/cms\/wp-content\/uploads\/2019\/09\/jfb19_p_moskus_trio_c_til_nedlasting.jpg?fit=1200%2C675&ssl=1&resize=350%2C200 1x, https:\/\/i0.wp.com\/www.jazzzeitung.de\/cms\/wp-content\/uploads\/2019\/09\/jfb19_p_moskus_trio_c_til_nedlasting.jpg?fit=1200%2C675&ssl=1&resize=525%2C300 1.5x, https:\/\/i0.wp.com\/www.jazzzeitung.de\/cms\/wp-content\/uploads\/2019\/09\/jfb19_p_moskus_trio_c_til_nedlasting.jpg?fit=1200%2C675&ssl=1&resize=700%2C400 2x, https:\/\/i0.wp.com\/www.jazzzeitung.de\/cms\/wp-content\/uploads\/2019\/09\/jfb19_p_moskus_trio_c_til_nedlasting.jpg?fit=1200%2C675&ssl=1&resize=1050%2C600 3x"},"classes":[]},{"id":13624,"url":"https:\/\/www.jazzzeitung.de\/cms\/2017\/10\/jazzfest-berlin\/","url_meta":{"origin":2247,"position":3},"title":"Jazzfest Berlin 2017 blickt nach London und New York","author":"Redaktion JazzZeitung","date":"2. Oktober 2017","format":false,"excerpt":"Festivaler\u00f6ffnung mit Bands aus den USA und London im Lido in Kreuzberg. Erster Artist-in-Residence: Amerikanischer Musiker Tyshawn Sorey\u00a0 Die Verbindung der Berliner Musikszene mit den USA und London\u00a0ist eines der Themen\u00a0der dritten und letzten Festivalausgabe des k\u00fcnstlerischen Leiters, des britischen\u00a0Autors\u00a0Richard Williams.\u00a0Der US-amerikanische\u00a0Schlagzeuger und Komponist\u00a0Tyshawn Sorey ist der erste Artist-in-Residence des\u2026","rel":"","context":"In &quot;News&quot;","block_context":{"text":"News","link":"https:\/\/www.jazzzeitung.de\/cms\/thema\/nachrichten\/"},"img":{"alt_text":"Tyshawn Sorey. Copyright: Tyshawn Sorey","src":"https:\/\/i0.wp.com\/www.jazzzeitung.de\/cms\/wp-content\/uploads\/2017\/10\/jfb17_p_tyshawn_sorey_by_john_rogers_c_tyshawn_sorey_06.jpeg?fit=1200%2C800&ssl=1&resize=350%2C200","width":350,"height":200,"srcset":"https:\/\/i0.wp.com\/www.jazzzeitung.de\/cms\/wp-content\/uploads\/2017\/10\/jfb17_p_tyshawn_sorey_by_john_rogers_c_tyshawn_sorey_06.jpeg?fit=1200%2C800&ssl=1&resize=350%2C200 1x, https:\/\/i0.wp.com\/www.jazzzeitung.de\/cms\/wp-content\/uploads\/2017\/10\/jfb17_p_tyshawn_sorey_by_john_rogers_c_tyshawn_sorey_06.jpeg?fit=1200%2C800&ssl=1&resize=525%2C300 1.5x, https:\/\/i0.wp.com\/www.jazzzeitung.de\/cms\/wp-content\/uploads\/2017\/10\/jfb17_p_tyshawn_sorey_by_john_rogers_c_tyshawn_sorey_06.jpeg?fit=1200%2C800&ssl=1&resize=700%2C400 2x, https:\/\/i0.wp.com\/www.jazzzeitung.de\/cms\/wp-content\/uploads\/2017\/10\/jfb17_p_tyshawn_sorey_by_john_rogers_c_tyshawn_sorey_06.jpeg?fit=1200%2C800&ssl=1&resize=1050%2C600 3x"},"classes":[]},{"id":9521,"url":"https:\/\/www.jazzzeitung.de\/cms\/2016\/06\/das-jazzfest-berlin-2016-einer-extended-version\/","url_meta":{"origin":2247,"position":4},"title":"Das Jazzfest Berlin 2016 in einer &#8222;extended version&#8220;","author":"Redaktion JazzZeitung","date":"16. Juni 2016","format":false,"excerpt":"Der k\u00fcnstlerische Leiter des Jazzfest Berlin Richard Williams hat das Programm f\u00fcr das Jazzfest Berlin 2016 vorgestellt Die Berliner Festspiele\u00a0veranstalten\u00a0das 53. Jazzfest Berlin in diesem Jahr vom 1.\u00a0bis 6.\u00a0November, in einer\u00a0\u201eextended version\u201c mit\u00a0zwei Vorveranstaltungen. Insgesamt\u00a0werden beim Festival 16\u00a0Jazzformationen und f\u00fcnf teils v\u00f6llig neue Duo-Kombinationen auftreten. Viele der beim Jazzfest Berlin\u2026","rel":"","context":"In &quot;News&quot;","block_context":{"text":"News","link":"https:\/\/www.jazzzeitung.de\/cms\/thema\/nachrichten\/"},"img":{"alt_text":"LUCIA_CADOTSCH___Michael_Jungblut_01","src":"https:\/\/i0.wp.com\/www.jazzzeitung.de\/cms\/wp-content\/uploads\/2016\/06\/LUCIA_CADOTSCH___Michael_Jungblut_01-150x150.jpg?resize=350%2C200","width":350,"height":200},"classes":[]},{"id":7540,"url":"https:\/\/www.jazzzeitung.de\/cms\/2015\/11\/7540\/","url_meta":{"origin":2247,"position":5},"title":"Neue Galerie Berlin mit Jazzfotos von Detlev Schilke","author":"Redaktion JazzZeitung","date":"5. November 2015","format":false,"excerpt":"Was ist Jazz und wohin geht seine Reise? Unter dieser Fragestellung beginnt heute das 51. Jazzfest Berlin. Die NEUE GALERIE BERLIN nimmt das Jazzfest als Anlass f\u00fcr eine Sonderausstellung mit Fotografien von Detlev Schilke aus den Jahren 1987 bis 2014. Die R\u00e4ume in der Ludwigkirchstra\u00dfe 11 sind in unmittelbarer N\u00e4hes\u2026","rel":"","context":"In &quot;News&quot;","block_context":{"text":"News","link":"https:\/\/www.jazzzeitung.de\/cms\/thema\/nachrichten\/"},"img":{"alt_text":"Flyer_Jazzfest_Schilke (002)","src":"https:\/\/i0.wp.com\/www.jazzzeitung.de\/cms\/wp-content\/uploads\/2015\/11\/Flyer_Jazzfest_Schilke-002-150x150.jpg?resize=350%2C200","width":350,"height":200},"classes":[]}],"jetpack_sharing_enabled":true,"_links":{"self":[{"href":"https:\/\/www.jazzzeitung.de\/cms\/wp-json\/wp\/v2\/posts\/2247","targetHints":{"allow":["GET"]}}],"collection":[{"href":"https:\/\/www.jazzzeitung.de\/cms\/wp-json\/wp\/v2\/posts"}],"about":[{"href":"https:\/\/www.jazzzeitung.de\/cms\/wp-json\/wp\/v2\/types\/post"}],"author":[{"embeddable":true,"href":"https:\/\/www.jazzzeitung.de\/cms\/wp-json\/wp\/v2\/users\/18"}],"replies":[{"embeddable":true,"href":"https:\/\/www.jazzzeitung.de\/cms\/wp-json\/wp\/v2\/comments?post=2247"}],"version-history":[{"count":4,"href":"https:\/\/www.jazzzeitung.de\/cms\/wp-json\/wp\/v2\/posts\/2247\/revisions"}],"predecessor-version":[{"id":2290,"href":"https:\/\/www.jazzzeitung.de\/cms\/wp-json\/wp\/v2\/posts\/2247\/revisions\/2290"}],"wp:attachment":[{"href":"https:\/\/www.jazzzeitung.de\/cms\/wp-json\/wp\/v2\/media?parent=2247"}],"wp:term":[{"taxonomy":"category","embeddable":true,"href":"https:\/\/www.jazzzeitung.de\/cms\/wp-json\/wp\/v2\/categories?post=2247"},{"taxonomy":"post_tag","embeddable":true,"href":"https:\/\/www.jazzzeitung.de\/cms\/wp-json\/wp\/v2\/tags?post=2247"},{"taxonomy":"author","embeddable":true,"href":"https:\/\/www.jazzzeitung.de\/cms\/wp-json\/wp\/v2\/coauthors?post=2247"}],"curies":[{"name":"wp","href":"https:\/\/api.w.org\/{rel}","templated":true}]}}