{"id":22446,"date":"2020-05-04T13:37:43","date_gmt":"2020-05-04T11:37:43","guid":{"rendered":"https:\/\/www.jazzzeitung.de\/cms\/?p=22446"},"modified":"2020-05-04T13:37:43","modified_gmt":"2020-05-04T11:37:43","slug":"young-german-jazz-neues-von-jakob-manz-und-johanna-summer","status":"publish","type":"post","link":"https:\/\/www.jazzzeitung.de\/cms\/2020\/05\/young-german-jazz-neues-von-jakob-manz-und-johanna-summer\/","title":{"rendered":"Young German Jazz: Neues von Jakob Manz und Johanna Summer"},"content":{"rendered":"<p><strong>Im Rahmen der ACT Reihe \u201e:young german jazz\u201c erscheinen aktuell zwei bemerkenswerte Ver\u00f6ffentlichungen. \u201eSchuman Kaleidoskop\u201c von Johanna Summer und \u201eNatural Energy\u201c von The Jakob Manz Project.\u00a0Beide K\u00fcnstler verbindet auf kuriose Weise das Jahr 2018: Die Pianistin Johanna Summer gewann damals mit knapp 23 Jahren den Jungen M\u00fcnchner Jazzpreis und Saxophonist Jakob Manz mit gerade einmal 16 Jahren den Biberacher Jazzpreis. Dieses Jahr war damit der Startschuss f\u00fcr beide K\u00fcnstler, die Szene horchte auf und seitdem geht es unaufhaltsam weiter.<\/strong><\/p>\n<p>Jakob Manz gewann gleich ein halbes Jahr sp\u00e4ter den future.sounds Wettbewerb der Leverkusener Jazztage und spielte parallel dazu im BuJazzO. Seine eigentliche Liebe gilt dem Groove und dem Soul im Jazz. Und die teilt er mit seinen gleichaltrigen Freunden des Jakob Manz Projects, Frieder Klein am Bass, dem Pianisten Hannes Stollsteimer und Paul Albrecht am Schlagzeug. Eine kluge Entscheidung war es zudem, sich f\u00fcr das Debut Album nicht noch \u201everkaufsf\u00f6rdernde\u201c Stars mit an Bord zu holen, sondern sich auf die eigene Gruppe zu beschr\u00e4nken.<\/p>\n<h3>Absolut irre<\/h3>\n<p>Das zeigt, was alles in den Musikern steckt und es ist absolut irre &#8211; mit dem Jakob Manz Projekt kann man praktisch jeden bei einem Music Blindfold Test aufs Glatteis f\u00fchren. Nicht, dass Manz hemmungslos abkupfert, ganz und gar nicht! Er verbeugt sich vor den Brecker Brothers, Cannonball Adderly, David Sanborn oder Marcus Miller, spielt aber immer sein eigenes Ding mit erfrischenden, eigenen Kompositionen.<\/p>\n<p><a href=\"https:\/\/i0.wp.com\/www.jazzzeitung.de\/cms\/wp-content\/uploads\/2020\/05\/Cover_Jakob-Manz_Natural-Energy.jpg?ssl=1\"><img data-recalc-dims=\"1\" loading=\"lazy\" decoding=\"async\" data-attachment-id=\"22447\" data-permalink=\"https:\/\/www.jazzzeitung.de\/cms\/2020\/05\/young-german-jazz-neues-von-jakob-manz-und-johanna-summer\/cover_jakob-manz_natural-energy\/\" data-orig-file=\"https:\/\/i0.wp.com\/www.jazzzeitung.de\/cms\/wp-content\/uploads\/2020\/05\/Cover_Jakob-Manz_Natural-Energy.jpg?fit=1648%2C1482&amp;ssl=1\" data-orig-size=\"1648,1482\" data-comments-opened=\"1\" data-image-meta=\"{&quot;aperture&quot;:&quot;0&quot;,&quot;credit&quot;:&quot;&quot;,&quot;camera&quot;:&quot;&quot;,&quot;caption&quot;:&quot;&quot;,&quot;created_timestamp&quot;:&quot;0&quot;,&quot;copyright&quot;:&quot;&quot;,&quot;focal_length&quot;:&quot;0&quot;,&quot;iso&quot;:&quot;0&quot;,&quot;shutter_speed&quot;:&quot;0&quot;,&quot;title&quot;:&quot;&quot;,&quot;orientation&quot;:&quot;0&quot;}\" data-image-title=\"Cover_Jakob Manz_Natural Energy\" data-image-description=\"\" data-image-caption=\"\" data-large-file=\"https:\/\/i0.wp.com\/www.jazzzeitung.de\/cms\/wp-content\/uploads\/2020\/05\/Cover_Jakob-Manz_Natural-Energy.jpg?fit=667%2C600&amp;ssl=1\" class=\"alignleft size-medium wp-image-22447\" src=\"https:\/\/i0.wp.com\/www.jazzzeitung.de\/cms\/wp-content\/uploads\/2020\/05\/Cover_Jakob-Manz_Natural-Energy-300x270.jpg?resize=300%2C270&#038;ssl=1\" alt=\"\" width=\"300\" height=\"270\" srcset=\"https:\/\/i0.wp.com\/www.jazzzeitung.de\/cms\/wp-content\/uploads\/2020\/05\/Cover_Jakob-Manz_Natural-Energy.jpg?resize=300%2C270&amp;ssl=1 300w, https:\/\/i0.wp.com\/www.jazzzeitung.de\/cms\/wp-content\/uploads\/2020\/05\/Cover_Jakob-Manz_Natural-Energy.jpg?resize=667%2C600&amp;ssl=1 667w, https:\/\/i0.wp.com\/www.jazzzeitung.de\/cms\/wp-content\/uploads\/2020\/05\/Cover_Jakob-Manz_Natural-Energy.jpg?resize=768%2C691&amp;ssl=1 768w, https:\/\/i0.wp.com\/www.jazzzeitung.de\/cms\/wp-content\/uploads\/2020\/05\/Cover_Jakob-Manz_Natural-Energy.jpg?resize=1536%2C1381&amp;ssl=1 1536w, https:\/\/i0.wp.com\/www.jazzzeitung.de\/cms\/wp-content\/uploads\/2020\/05\/Cover_Jakob-Manz_Natural-Energy.jpg?resize=1320%2C1187&amp;ssl=1 1320w, https:\/\/i0.wp.com\/www.jazzzeitung.de\/cms\/wp-content\/uploads\/2020\/05\/Cover_Jakob-Manz_Natural-Energy.jpg?w=1648&amp;ssl=1 1648w\" sizes=\"auto, (max-width: 300px) 100vw, 300px\" \/><\/a><\/p>\n<p>Funkige Grooves, rockige Riffs und eing\u00e4ngige Themen beherrschen das Album. Dass Manz auch andere T\u00f6ne anschlagen kann beweist er eindrucksvoll mit Balladen wie \u201eSoft Like Peanut Butter\u201c im Duo mit Stollsteimer oder \u201eEngaged\u201c zusammen im Quartett. Was er zudem mit einer Blockfl\u00f6te (!) in \u201eThunderbird\u201c anstellt &#8211; unbelievable! \u201eNatural Energy\u201c klingt vom ersten bis zum letzten Ton authentisch &#8211; der Name ist da Programm! Keine Frage, von Jakob Manz werden wir noch einiges zu h\u00f6ren bekommen.<\/p>\n<h3>Den H\u00f6rer entr\u00fccken<\/h3>\n<p>Die Pianistin Johanna Summer begeistert auf \u00e4hnliche Weise. Spielerisch \u00fcber jeden Zweifel erhaben gelingt es ihr, dem Fl\u00fcgel Melodien und spannungsreiche Momente zu entlocken, die den H\u00f6rer entr\u00fccken. Nach ihrem Studium an der Dresdner Musikhochschule und zwei Jahren im BuJazzO entdeckt Summer neben der Klassik ihre Vorliebe f\u00fcr das freie Spiel an diesem Instrument und was man daraus entwickeln kann. W\u00e4hrend sie erste Jazzerfahrungen mit Jazzstandards sammelte, w\u00e4hlte sie f\u00fcr ihr Deb\u00fctalbum ein Repertoire, das ihren klassischen Wurzeln n\u00e4her ist. Auf der CD \u201eSchumann Kaleidoskop\u201c spannt sie einen weiten Bogen von der klassischen Pr\u00e4zision Schumann&#8217;scher Themen hin zu Summers eigenen Harmonik und Freiheiten, die sie sich nimmt, diese harmonisch in ihre Jazzgefilde zu transportieren.<\/p>\n<div class=\"tiled-gallery type-rectangular tiled-gallery-unresized\" data-original-width=\"840\" data-carousel-extra='{&quot;blog_id&quot;:1,&quot;permalink&quot;:&quot;https:\\\/\\\/www.jazzzeitung.de\\\/cms\\\/2020\\\/05\\\/young-german-jazz-neues-von-jakob-manz-und-johanna-summer\\\/&quot;,&quot;likes_blog_id&quot;:55446655}' itemscope itemtype=\"http:\/\/schema.org\/ImageGallery\" > <div class=\"gallery-row\" style=\"width: 840px; height: 343px;\" data-original-width=\"840\" data-original-height=\"343\" > <div class=\"gallery-group images-1\" style=\"width: 380px; height: 343px;\" data-original-width=\"380\" data-original-height=\"343\" > <div class=\"tiled-gallery-item tiled-gallery-item-large\" itemprop=\"associatedMedia\" itemscope itemtype=\"http:\/\/schema.org\/ImageObject\"> <a href=\"https:\/\/www.jazzzeitung.de\/cms\/2020\/05\/young-german-jazz-neues-von-jakob-manz-und-johanna-summer\/cover_schumann-kaleidoskop\/\" border=\"0\" itemprop=\"url\"> <meta itemprop=\"width\" content=\"376\"> <meta itemprop=\"height\" content=\"339\"> <img decoding=\"async\" class=\"\" data-attachment-id=\"22448\" data-orig-file=\"https:\/\/www.jazzzeitung.de\/cms\/wp-content\/uploads\/2020\/05\/Cover_Schumann-Kaleidoskop.jpg\" data-orig-size=\"1648,1482\" data-comments-opened=\"1\" data-image-meta=\"{&quot;aperture&quot;:&quot;0&quot;,&quot;credit&quot;:&quot;&quot;,&quot;camera&quot;:&quot;&quot;,&quot;caption&quot;:&quot;&quot;,&quot;created_timestamp&quot;:&quot;0&quot;,&quot;copyright&quot;:&quot;&quot;,&quot;focal_length&quot;:&quot;0&quot;,&quot;iso&quot;:&quot;0&quot;,&quot;shutter_speed&quot;:&quot;0&quot;,&quot;title&quot;:&quot;&quot;,&quot;orientation&quot;:&quot;0&quot;}\" data-image-title=\"Cover_Schumann Kaleidoskop\" data-image-description=\"\" data-medium-file=\"https:\/\/i0.wp.com\/www.jazzzeitung.de\/cms\/wp-content\/uploads\/2020\/05\/Cover_Schumann-Kaleidoskop.jpg?fit=300%2C270&#038;ssl=1\" data-large-file=\"https:\/\/i0.wp.com\/www.jazzzeitung.de\/cms\/wp-content\/uploads\/2020\/05\/Cover_Schumann-Kaleidoskop.jpg?fit=667%2C600&#038;ssl=1\" src=\"https:\/\/i0.wp.com\/www.jazzzeitung.de\/cms\/wp-content\/uploads\/2020\/05\/Cover_Schumann-Kaleidoskop.jpg?w=376&#038;h=339&#038;ssl=1\" srcset=\"https:\/\/i0.wp.com\/www.jazzzeitung.de\/cms\/wp-content\/uploads\/2020\/05\/Cover_Schumann-Kaleidoskop.jpg?w=1648&amp;ssl=1 1648w, https:\/\/i0.wp.com\/www.jazzzeitung.de\/cms\/wp-content\/uploads\/2020\/05\/Cover_Schumann-Kaleidoskop.jpg?resize=300%2C270&amp;ssl=1 300w, https:\/\/i0.wp.com\/www.jazzzeitung.de\/cms\/wp-content\/uploads\/2020\/05\/Cover_Schumann-Kaleidoskop.jpg?resize=667%2C600&amp;ssl=1 667w, https:\/\/i0.wp.com\/www.jazzzeitung.de\/cms\/wp-content\/uploads\/2020\/05\/Cover_Schumann-Kaleidoskop.jpg?resize=768%2C691&amp;ssl=1 768w, https:\/\/i0.wp.com\/www.jazzzeitung.de\/cms\/wp-content\/uploads\/2020\/05\/Cover_Schumann-Kaleidoskop.jpg?resize=1536%2C1381&amp;ssl=1 1536w, https:\/\/i0.wp.com\/www.jazzzeitung.de\/cms\/wp-content\/uploads\/2020\/05\/Cover_Schumann-Kaleidoskop.jpg?resize=1320%2C1187&amp;ssl=1 1320w\" width=\"376\" height=\"339\" loading=\"lazy\" data-original-width=\"376\" data-original-height=\"339\" itemprop=\"http:\/\/schema.org\/image\" title=\"Cover_Schumann Kaleidoskop\" alt=\"Cover_Schumann Kaleidoskop\" style=\"width: 376px; height: 339px;\" \/> <\/a> <\/div> <\/div> <!-- close group --> <div class=\"gallery-group images-1\" style=\"width: 230px; height: 343px;\" data-original-width=\"230\" data-original-height=\"343\" > <div class=\"tiled-gallery-item tiled-gallery-item-small\" itemprop=\"associatedMedia\" itemscope itemtype=\"http:\/\/schema.org\/ImageObject\"> <a href=\"https:\/\/www.jazzzeitung.de\/cms\/2020\/05\/young-german-jazz-neues-von-jakob-manz-und-johanna-summer\/p1224001-johanna-summer-foto-tj-krebs\/\" border=\"0\" itemprop=\"url\"> <meta itemprop=\"width\" content=\"226\"> <meta itemprop=\"height\" content=\"339\"> <img decoding=\"async\" class=\"\" data-attachment-id=\"22452\" data-orig-file=\"https:\/\/www.jazzzeitung.de\/cms\/wp-content\/uploads\/2020\/05\/P1224001-Johanna-Summer-Foto-TJ-Krebs.jpg\" data-orig-size=\"800,1200\" data-comments-opened=\"1\" data-image-meta=\"{&quot;aperture&quot;:&quot;0&quot;,&quot;credit&quot;:&quot;&quot;,&quot;camera&quot;:&quot;&quot;,&quot;caption&quot;:&quot;&quot;,&quot;created_timestamp&quot;:&quot;0&quot;,&quot;copyright&quot;:&quot;&quot;,&quot;focal_length&quot;:&quot;0&quot;,&quot;iso&quot;:&quot;0&quot;,&quot;shutter_speed&quot;:&quot;0&quot;,&quot;title&quot;:&quot;&quot;,&quot;orientation&quot;:&quot;0&quot;}\" data-image-title=\"P1224001 Johanna Summer &amp;#8211; Foto TJ Krebs\" data-image-description=\"\" data-medium-file=\"https:\/\/i0.wp.com\/www.jazzzeitung.de\/cms\/wp-content\/uploads\/2020\/05\/P1224001-Johanna-Summer-Foto-TJ-Krebs.jpg?fit=200%2C300&#038;ssl=1\" data-large-file=\"https:\/\/i0.wp.com\/www.jazzzeitung.de\/cms\/wp-content\/uploads\/2020\/05\/P1224001-Johanna-Summer-Foto-TJ-Krebs.jpg?fit=400%2C600&#038;ssl=1\" src=\"https:\/\/i0.wp.com\/www.jazzzeitung.de\/cms\/wp-content\/uploads\/2020\/05\/P1224001-Johanna-Summer-Foto-TJ-Krebs.jpg?w=226&#038;h=339&#038;ssl=1\" srcset=\"https:\/\/i0.wp.com\/www.jazzzeitung.de\/cms\/wp-content\/uploads\/2020\/05\/P1224001-Johanna-Summer-Foto-TJ-Krebs.jpg?w=800&amp;ssl=1 800w, https:\/\/i0.wp.com\/www.jazzzeitung.de\/cms\/wp-content\/uploads\/2020\/05\/P1224001-Johanna-Summer-Foto-TJ-Krebs.jpg?resize=200%2C300&amp;ssl=1 200w, https:\/\/i0.wp.com\/www.jazzzeitung.de\/cms\/wp-content\/uploads\/2020\/05\/P1224001-Johanna-Summer-Foto-TJ-Krebs.jpg?resize=400%2C600&amp;ssl=1 400w, https:\/\/i0.wp.com\/www.jazzzeitung.de\/cms\/wp-content\/uploads\/2020\/05\/P1224001-Johanna-Summer-Foto-TJ-Krebs.jpg?resize=768%2C1152&amp;ssl=1 768w\" width=\"226\" height=\"339\" loading=\"lazy\" data-original-width=\"226\" data-original-height=\"339\" itemprop=\"http:\/\/schema.org\/image\" title=\"P1224001 Johanna Summer - Foto TJ Krebs\" alt=\"P1224001 Johanna Summer - Foto TJ Krebs\" style=\"width: 226px; height: 339px;\" \/> <\/a> <\/div> <\/div> <!-- close group --> <div class=\"gallery-group images-1\" style=\"width: 230px; height: 343px;\" data-original-width=\"230\" data-original-height=\"343\" > <div class=\"tiled-gallery-item tiled-gallery-item-small\" itemprop=\"associatedMedia\" itemscope itemtype=\"http:\/\/schema.org\/ImageObject\"> <a href=\"https:\/\/www.jazzzeitung.de\/cms\/2020\/05\/young-german-jazz-neues-von-jakob-manz-und-johanna-summer\/p1223787-johanna-summer-foto-tj-krebs\/\" border=\"0\" itemprop=\"url\"> <meta itemprop=\"width\" content=\"226\"> <meta itemprop=\"height\" content=\"339\"> <img decoding=\"async\" class=\"\" data-attachment-id=\"22451\" data-orig-file=\"https:\/\/www.jazzzeitung.de\/cms\/wp-content\/uploads\/2020\/05\/P1223787-Johanna-Summer-Foto-TJ-Krebs.jpg\" data-orig-size=\"800,1200\" data-comments-opened=\"1\" data-image-meta=\"{&quot;aperture&quot;:&quot;0&quot;,&quot;credit&quot;:&quot;&quot;,&quot;camera&quot;:&quot;&quot;,&quot;caption&quot;:&quot;&quot;,&quot;created_timestamp&quot;:&quot;0&quot;,&quot;copyright&quot;:&quot;&quot;,&quot;focal_length&quot;:&quot;0&quot;,&quot;iso&quot;:&quot;0&quot;,&quot;shutter_speed&quot;:&quot;0&quot;,&quot;title&quot;:&quot;&quot;,&quot;orientation&quot;:&quot;0&quot;}\" data-image-title=\"P1223787 Johanna Summer &amp;#8211; Foto TJ Krebs\" data-image-description=\"\" data-medium-file=\"https:\/\/i0.wp.com\/www.jazzzeitung.de\/cms\/wp-content\/uploads\/2020\/05\/P1223787-Johanna-Summer-Foto-TJ-Krebs.jpg?fit=200%2C300&#038;ssl=1\" data-large-file=\"https:\/\/i0.wp.com\/www.jazzzeitung.de\/cms\/wp-content\/uploads\/2020\/05\/P1223787-Johanna-Summer-Foto-TJ-Krebs.jpg?fit=400%2C600&#038;ssl=1\" src=\"https:\/\/i0.wp.com\/www.jazzzeitung.de\/cms\/wp-content\/uploads\/2020\/05\/P1223787-Johanna-Summer-Foto-TJ-Krebs.jpg?w=226&#038;h=339&#038;ssl=1\" srcset=\"https:\/\/i0.wp.com\/www.jazzzeitung.de\/cms\/wp-content\/uploads\/2020\/05\/P1223787-Johanna-Summer-Foto-TJ-Krebs.jpg?w=800&amp;ssl=1 800w, https:\/\/i0.wp.com\/www.jazzzeitung.de\/cms\/wp-content\/uploads\/2020\/05\/P1223787-Johanna-Summer-Foto-TJ-Krebs.jpg?resize=200%2C300&amp;ssl=1 200w, https:\/\/i0.wp.com\/www.jazzzeitung.de\/cms\/wp-content\/uploads\/2020\/05\/P1223787-Johanna-Summer-Foto-TJ-Krebs.jpg?resize=400%2C600&amp;ssl=1 400w, https:\/\/i0.wp.com\/www.jazzzeitung.de\/cms\/wp-content\/uploads\/2020\/05\/P1223787-Johanna-Summer-Foto-TJ-Krebs.jpg?resize=768%2C1152&amp;ssl=1 768w\" width=\"226\" height=\"339\" loading=\"lazy\" data-original-width=\"226\" data-original-height=\"339\" itemprop=\"http:\/\/schema.org\/image\" title=\"P1223787 Johanna Summer - Foto TJ Krebs\" alt=\"P1223787 Johanna Summer - Foto TJ Krebs\" style=\"width: 226px; height: 339px;\" \/> <\/a> <\/div> <\/div> <!-- close group --> <\/div> <!-- close row --> <\/div>\n<p>Dabei bedarf es einer enormen Disziplin und pianistischer Weitsicht klassische Evergreens wie Schumanns \u201eTr\u00e4umerei\u201c oder \u201eMai, lieber Mai\u201c spannend zu interpretieren und konsequent weiter zu entwickeln. Schumann scheint f\u00fcr Johanna Summer in der Tat ein Kaleidoskop f\u00fcr ihre musikalischen Ideen zu sein. So wechselt Summer von romantischen Passagen \u00fcber kraftvolle Grooves zu inspirierten Improvisationen, \u201eWeitererz\u00e4hlungen\u201c im praktischen Sinn. Summer gelingt es solo am Fl\u00fcgel spielerisch, den H\u00f6rer auf ihre spannende Reise mit zu nehmen und komplett zu verzaubern.<\/p>\n<h3>Vision\u00e4rer Spirit<\/h3>\n<p>Beide Musiker, Jakob Manz wie Johanna Summer, zeigen, worauf es in der Musik wirklich ankommt: Technik und K\u00f6nnen ist eine Grundvoraussetzung. Was aber letztlich den Funken \u00fcberspringen l\u00e4sst ist ein vision\u00e4rer Spirit, sich Trauen das zu spielen und gleichzeitig ausdr\u00fccken zu k\u00f6nnen, was man tief in sich f\u00fchlt.<\/p>\n<p>Text &amp; Fotos: Thomas J. Krebs<\/p>\n<p>&nbsp;<\/p>\n<p><strong>The Jakob Manz Project: Natural Energy\u00a0\u00a0 \u00a0\u00a0\u00a0\u00a0\u00a0\u00a0\u00a0\u00a0\u00a0\u00a0\u00a0\u00a0\u00a0\u00a0 ACT 9680-2<\/strong><\/p>\n<p><strong>Johanna Summer: Schumann Kaleidoskop\u00a0\u00a0\u00a0\u00a0\u00a0\u00a0\u00a0\u00a0\u00a0\u00a0\u00a0 ACT 9681-2<\/strong><\/p>\n<p>&nbsp;<\/p>\n<p>&nbsp;<\/p>\n","protected":false},"excerpt":{"rendered":"<p>Im Rahmen der ACT Reihe \u201e:young german jazz\u201c erscheinen aktuell zwei bemerkenswerte Ver\u00f6ffentlichungen. \u201eSchuman Kaleidoskop\u201c von Johanna Summer und \u201eNatural Energy\u201c von The Jakob Manz Project.\u00a0Beide K\u00fcnstler verbindet auf kuriose Weise das Jahr 2018: Die Pianistin Johanna Summer gewann damals mit knapp 23 Jahren den Jungen M\u00fcnchner Jazzpreis und Saxophonist Jakob Manz mit gerade einmal 16 Jahren den Biberacher Jazzpreis. Dieses Jahr war damit der Startschuss f\u00fcr beide K\u00fcnstler, die Szene horchte auf und seitdem geht es unaufhaltsam weiter. Jakob Manz gewann gleich ein halbes Jahr sp\u00e4ter den future.sounds Wettbewerb der Leverkusener Jazztage und spielte parallel dazu im BuJazzO. Seine eigentliche Liebe gilt dem Groove und dem Soul im Jazz. Und die teilt er mit seinen gleichaltrigen Freunden des Jakob Manz Projects, Frieder Klein am Bass, dem Pianisten Hannes Stollsteimer und Paul Albrecht am Schlagzeug. Eine kluge Entscheidung war es zudem, sich f\u00fcr das Debut Album nicht noch \u201everkaufsf\u00f6rdernde\u201c Stars mit an Bord zu holen, sondern sich auf die eigene Gruppe zu beschr\u00e4nken. Absolut irre Das zeigt, was alles in den Musikern steckt und es ist absolut irre &#8211; mit dem Jakob Manz Projekt kann &hellip;<\/p>\n","protected":false},"author":35,"featured_media":22449,"comment_status":"open","ping_status":"closed","sticky":false,"template":"","format":"standard","meta":{"_jetpack_memberships_contains_paid_content":false,"footnotes":"","jetpack_publicize_message":"","jetpack_publicize_feature_enabled":true,"jetpack_social_post_already_shared":false,"jetpack_social_options":{"image_generator_settings":{"template":"highway","default_image_id":0,"font":"","enabled":false},"version":2}},"categories":[1152],"tags":[29,965,2935,2551,2934,2936,2933,2932,1260,2937],"coauthors":[1602],"class_list":["post-22446","post","type-post","status-publish","format-standard","has-post-thumbnail","hentry","category-rezension","tag-act","tag-act-music","tag-cds","tag-johanna-summer","tag-natural-energy","tag-neuerscheinungen","tag-schumann-kaleidoskop","tag-the-jakob-manz-project","tag-thomas-j-krebs","tag-young-german-jazz"],"yoast_head":"<!-- This site is optimized with the Yoast SEO plugin v27.5 - https:\/\/yoast.com\/product\/yoast-seo-wordpress\/ -->\n<title>Young German Jazz: Neues von Jakob Manz und Johanna Summer - JazzZeitung<\/title>\n<meta name=\"robots\" content=\"index, follow, max-snippet:-1, max-image-preview:large, max-video-preview:-1\" \/>\n<link rel=\"canonical\" href=\"https:\/\/www.jazzzeitung.de\/cms\/2020\/05\/young-german-jazz-neues-von-jakob-manz-und-johanna-summer\/\" \/>\n<meta property=\"og:locale\" content=\"de_DE\" \/>\n<meta property=\"og:type\" content=\"article\" \/>\n<meta property=\"og:title\" content=\"Young German Jazz: Neues von Jakob Manz und Johanna Summer - JazzZeitung\" \/>\n<meta property=\"og:description\" content=\"Im Rahmen der ACT Reihe \u201e:young german jazz\u201c erscheinen aktuell zwei bemerkenswerte Ver\u00f6ffentlichungen. \u201eSchuman Kaleidoskop\u201c von Johanna Summer und \u201eNatural Energy\u201c von The Jakob Manz Project.\u00a0Beide K\u00fcnstler verbindet auf kuriose Weise das Jahr 2018: Die Pianistin Johanna Summer gewann damals mit knapp 23 Jahren den Jungen M\u00fcnchner Jazzpreis und Saxophonist Jakob Manz mit gerade einmal 16 Jahren den Biberacher Jazzpreis. Dieses Jahr war damit der Startschuss f\u00fcr beide K\u00fcnstler, die Szene horchte auf und seitdem geht es unaufhaltsam weiter. Jakob Manz gewann gleich ein halbes Jahr sp\u00e4ter den future.sounds Wettbewerb der Leverkusener Jazztage und spielte parallel dazu im BuJazzO. Seine eigentliche Liebe gilt dem Groove und dem Soul im Jazz. Und die teilt er mit seinen gleichaltrigen Freunden des Jakob Manz Projects, Frieder Klein am Bass, dem Pianisten Hannes Stollsteimer und Paul Albrecht am Schlagzeug. Eine kluge Entscheidung war es zudem, sich f\u00fcr das Debut Album nicht noch \u201everkaufsf\u00f6rdernde\u201c Stars mit an Bord zu holen, sondern sich auf die eigene Gruppe zu beschr\u00e4nken. Absolut irre Das zeigt, was alles in den Musikern steckt und es ist absolut irre &#8211; mit dem Jakob Manz Projekt kann &hellip;\" \/>\n<meta property=\"og:url\" content=\"https:\/\/www.jazzzeitung.de\/cms\/2020\/05\/young-german-jazz-neues-von-jakob-manz-und-johanna-summer\/\" \/>\n<meta property=\"og:site_name\" content=\"JazzZeitung\" \/>\n<meta property=\"article:publisher\" content=\"https:\/\/www.facebook.com\/JazzZeitung\/\" \/>\n<meta property=\"article:published_time\" content=\"2020-05-04T11:37:43+00:00\" \/>\n<meta property=\"og:image\" content=\"https:\/\/i0.wp.com\/www.jazzzeitung.de\/cms\/wp-content\/uploads\/2020\/05\/P1100662-Jakob-Manz-Project-Foto-TJ-Krebs.jpg?fit=1200%2C800&ssl=1\" \/>\n\t<meta property=\"og:image:width\" content=\"1200\" \/>\n\t<meta property=\"og:image:height\" content=\"800\" \/>\n\t<meta property=\"og:image:type\" content=\"image\/jpeg\" \/>\n<meta name=\"author\" content=\"Thomas J. Krebs\" \/>\n<script type=\"application\/ld+json\" class=\"yoast-schema-graph\">{\"@context\":\"https:\\\/\\\/schema.org\",\"@graph\":[{\"@type\":\"Article\",\"@id\":\"https:\\\/\\\/www.jazzzeitung.de\\\/cms\\\/2020\\\/05\\\/young-german-jazz-neues-von-jakob-manz-und-johanna-summer\\\/#article\",\"isPartOf\":{\"@id\":\"https:\\\/\\\/www.jazzzeitung.de\\\/cms\\\/2020\\\/05\\\/young-german-jazz-neues-von-jakob-manz-und-johanna-summer\\\/\"},\"author\":{\"name\":\"Thomas J. Krebs\",\"@id\":\"https:\\\/\\\/www.jazzzeitung.de\\\/cms\\\/#\\\/schema\\\/person\\\/ba94c5bbea92d014d6a3d1f0105daa18\"},\"headline\":\"Young German Jazz: Neues von Jakob Manz und Johanna Summer\",\"datePublished\":\"2020-05-04T11:37:43+00:00\",\"mainEntityOfPage\":{\"@id\":\"https:\\\/\\\/www.jazzzeitung.de\\\/cms\\\/2020\\\/05\\\/young-german-jazz-neues-von-jakob-manz-und-johanna-summer\\\/\"},\"wordCount\":625,\"commentCount\":0,\"publisher\":{\"@id\":\"https:\\\/\\\/www.jazzzeitung.de\\\/cms\\\/#organization\"},\"image\":{\"@id\":\"https:\\\/\\\/www.jazzzeitung.de\\\/cms\\\/2020\\\/05\\\/young-german-jazz-neues-von-jakob-manz-und-johanna-summer\\\/#primaryimage\"},\"thumbnailUrl\":\"https:\\\/\\\/i0.wp.com\\\/www.jazzzeitung.de\\\/cms\\\/wp-content\\\/uploads\\\/2020\\\/05\\\/P1100662-Jakob-Manz-Project-Foto-TJ-Krebs.jpg?fit=1200%2C800&ssl=1\",\"keywords\":[\"act\",\"ACT Music\",\"CDs\",\"Johanna Summer\",\"Natural Energy\",\"Neuerscheinungen\",\"Schumann Kaleidoskop\",\"The Jakob Manz Project\",\"Thomas J. Krebs\",\"Young German Jazz\"],\"articleSection\":[\"Rezension\"],\"inLanguage\":\"de\",\"potentialAction\":[{\"@type\":\"CommentAction\",\"name\":\"Comment\",\"target\":[\"https:\\\/\\\/www.jazzzeitung.de\\\/cms\\\/2020\\\/05\\\/young-german-jazz-neues-von-jakob-manz-und-johanna-summer\\\/#respond\"]}]},{\"@type\":\"WebPage\",\"@id\":\"https:\\\/\\\/www.jazzzeitung.de\\\/cms\\\/2020\\\/05\\\/young-german-jazz-neues-von-jakob-manz-und-johanna-summer\\\/\",\"url\":\"https:\\\/\\\/www.jazzzeitung.de\\\/cms\\\/2020\\\/05\\\/young-german-jazz-neues-von-jakob-manz-und-johanna-summer\\\/\",\"name\":\"Young German Jazz: Neues von Jakob Manz und Johanna Summer - JazzZeitung\",\"isPartOf\":{\"@id\":\"https:\\\/\\\/www.jazzzeitung.de\\\/cms\\\/#website\"},\"primaryImageOfPage\":{\"@id\":\"https:\\\/\\\/www.jazzzeitung.de\\\/cms\\\/2020\\\/05\\\/young-german-jazz-neues-von-jakob-manz-und-johanna-summer\\\/#primaryimage\"},\"image\":{\"@id\":\"https:\\\/\\\/www.jazzzeitung.de\\\/cms\\\/2020\\\/05\\\/young-german-jazz-neues-von-jakob-manz-und-johanna-summer\\\/#primaryimage\"},\"thumbnailUrl\":\"https:\\\/\\\/i0.wp.com\\\/www.jazzzeitung.de\\\/cms\\\/wp-content\\\/uploads\\\/2020\\\/05\\\/P1100662-Jakob-Manz-Project-Foto-TJ-Krebs.jpg?fit=1200%2C800&ssl=1\",\"datePublished\":\"2020-05-04T11:37:43+00:00\",\"breadcrumb\":{\"@id\":\"https:\\\/\\\/www.jazzzeitung.de\\\/cms\\\/2020\\\/05\\\/young-german-jazz-neues-von-jakob-manz-und-johanna-summer\\\/#breadcrumb\"},\"inLanguage\":\"de\",\"potentialAction\":[{\"@type\":\"ReadAction\",\"target\":[\"https:\\\/\\\/www.jazzzeitung.de\\\/cms\\\/2020\\\/05\\\/young-german-jazz-neues-von-jakob-manz-und-johanna-summer\\\/\"]}]},{\"@type\":\"ImageObject\",\"inLanguage\":\"de\",\"@id\":\"https:\\\/\\\/www.jazzzeitung.de\\\/cms\\\/2020\\\/05\\\/young-german-jazz-neues-von-jakob-manz-und-johanna-summer\\\/#primaryimage\",\"url\":\"https:\\\/\\\/i0.wp.com\\\/www.jazzzeitung.de\\\/cms\\\/wp-content\\\/uploads\\\/2020\\\/05\\\/P1100662-Jakob-Manz-Project-Foto-TJ-Krebs.jpg?fit=1200%2C800&ssl=1\",\"contentUrl\":\"https:\\\/\\\/i0.wp.com\\\/www.jazzzeitung.de\\\/cms\\\/wp-content\\\/uploads\\\/2020\\\/05\\\/P1100662-Jakob-Manz-Project-Foto-TJ-Krebs.jpg?fit=1200%2C800&ssl=1\",\"width\":1200,\"height\":800},{\"@type\":\"BreadcrumbList\",\"@id\":\"https:\\\/\\\/www.jazzzeitung.de\\\/cms\\\/2020\\\/05\\\/young-german-jazz-neues-von-jakob-manz-und-johanna-summer\\\/#breadcrumb\",\"itemListElement\":[{\"@type\":\"ListItem\",\"position\":1,\"name\":\"Startseite\",\"item\":\"https:\\\/\\\/www.jazzzeitung.de\\\/cms\\\/\"},{\"@type\":\"ListItem\",\"position\":2,\"name\":\"Young German Jazz: Neues von Jakob Manz und Johanna Summer\"}]},{\"@type\":\"WebSite\",\"@id\":\"https:\\\/\\\/www.jazzzeitung.de\\\/cms\\\/#website\",\"url\":\"https:\\\/\\\/www.jazzzeitung.de\\\/cms\\\/\",\"name\":\"JazzZeitung\",\"description\":\"Jazz-News und Jazz-Kontroverses\",\"publisher\":{\"@id\":\"https:\\\/\\\/www.jazzzeitung.de\\\/cms\\\/#organization\"},\"potentialAction\":[{\"@type\":\"SearchAction\",\"target\":{\"@type\":\"EntryPoint\",\"urlTemplate\":\"https:\\\/\\\/www.jazzzeitung.de\\\/cms\\\/?s={search_term_string}\"},\"query-input\":{\"@type\":\"PropertyValueSpecification\",\"valueRequired\":true,\"valueName\":\"search_term_string\"}}],\"inLanguage\":\"de\"},{\"@type\":\"Organization\",\"@id\":\"https:\\\/\\\/www.jazzzeitung.de\\\/cms\\\/#organization\",\"name\":\"JazzZeitung online\",\"url\":\"https:\\\/\\\/www.jazzzeitung.de\\\/cms\\\/\",\"logo\":{\"@type\":\"ImageObject\",\"inLanguage\":\"de\",\"@id\":\"https:\\\/\\\/www.jazzzeitung.de\\\/cms\\\/#\\\/schema\\\/logo\\\/image\\\/\",\"url\":\"https:\\\/\\\/i0.wp.com\\\/www.jazzzeitung.de\\\/cms\\\/wp-content\\\/uploads\\\/2015\\\/08\\\/JAZZZEITUNGDE_Logo_Neu.png?fit=499%2C200&ssl=1\",\"contentUrl\":\"https:\\\/\\\/i0.wp.com\\\/www.jazzzeitung.de\\\/cms\\\/wp-content\\\/uploads\\\/2015\\\/08\\\/JAZZZEITUNGDE_Logo_Neu.png?fit=499%2C200&ssl=1\",\"width\":499,\"height\":200,\"caption\":\"JazzZeitung online\"},\"image\":{\"@id\":\"https:\\\/\\\/www.jazzzeitung.de\\\/cms\\\/#\\\/schema\\\/logo\\\/image\\\/\"},\"sameAs\":[\"https:\\\/\\\/www.facebook.com\\\/JazzZeitung\\\/\"]},{\"@type\":\"Person\",\"@id\":\"https:\\\/\\\/www.jazzzeitung.de\\\/cms\\\/#\\\/schema\\\/person\\\/ba94c5bbea92d014d6a3d1f0105daa18\",\"name\":\"Thomas J. Krebs\",\"image\":{\"@type\":\"ImageObject\",\"inLanguage\":\"de\",\"@id\":\"https:\\\/\\\/secure.gravatar.com\\\/avatar\\\/e362b221c114fbcde56be31a2eacbbab541308e5bf72f20d4519b16cdeb5c667?s=96&d=wp_user_avatar&r=ga12b8f4e2750c9ca30f9e22cab2177c6\",\"url\":\"https:\\\/\\\/secure.gravatar.com\\\/avatar\\\/e362b221c114fbcde56be31a2eacbbab541308e5bf72f20d4519b16cdeb5c667?s=96&d=wp_user_avatar&r=g\",\"contentUrl\":\"https:\\\/\\\/secure.gravatar.com\\\/avatar\\\/e362b221c114fbcde56be31a2eacbbab541308e5bf72f20d4519b16cdeb5c667?s=96&d=wp_user_avatar&r=g\",\"caption\":\"Thomas J. Krebs\"},\"url\":\"https:\\\/\\\/www.jazzzeitung.de\\\/cms\\\/author\\\/krebs\\\/\"}]}<\/script>\n<!-- \/ Yoast SEO plugin. -->","yoast_head_json":{"title":"Young German Jazz: Neues von Jakob Manz und Johanna Summer - JazzZeitung","robots":{"index":"index","follow":"follow","max-snippet":"max-snippet:-1","max-image-preview":"max-image-preview:large","max-video-preview":"max-video-preview:-1"},"canonical":"https:\/\/www.jazzzeitung.de\/cms\/2020\/05\/young-german-jazz-neues-von-jakob-manz-und-johanna-summer\/","og_locale":"de_DE","og_type":"article","og_title":"Young German Jazz: Neues von Jakob Manz und Johanna Summer - JazzZeitung","og_description":"Im Rahmen der ACT Reihe \u201e:young german jazz\u201c erscheinen aktuell zwei bemerkenswerte Ver\u00f6ffentlichungen. \u201eSchuman Kaleidoskop\u201c von Johanna Summer und \u201eNatural Energy\u201c von The Jakob Manz Project.\u00a0Beide K\u00fcnstler verbindet auf kuriose Weise das Jahr 2018: Die Pianistin Johanna Summer gewann damals mit knapp 23 Jahren den Jungen M\u00fcnchner Jazzpreis und Saxophonist Jakob Manz mit gerade einmal 16 Jahren den Biberacher Jazzpreis. Dieses Jahr war damit der Startschuss f\u00fcr beide K\u00fcnstler, die Szene horchte auf und seitdem geht es unaufhaltsam weiter. Jakob Manz gewann gleich ein halbes Jahr sp\u00e4ter den future.sounds Wettbewerb der Leverkusener Jazztage und spielte parallel dazu im BuJazzO. Seine eigentliche Liebe gilt dem Groove und dem Soul im Jazz. Und die teilt er mit seinen gleichaltrigen Freunden des Jakob Manz Projects, Frieder Klein am Bass, dem Pianisten Hannes Stollsteimer und Paul Albrecht am Schlagzeug. Eine kluge Entscheidung war es zudem, sich f\u00fcr das Debut Album nicht noch \u201everkaufsf\u00f6rdernde\u201c Stars mit an Bord zu holen, sondern sich auf die eigene Gruppe zu beschr\u00e4nken. Absolut irre Das zeigt, was alles in den Musikern steckt und es ist absolut irre &#8211; mit dem Jakob Manz Projekt kann &hellip;","og_url":"https:\/\/www.jazzzeitung.de\/cms\/2020\/05\/young-german-jazz-neues-von-jakob-manz-und-johanna-summer\/","og_site_name":"JazzZeitung","article_publisher":"https:\/\/www.facebook.com\/JazzZeitung\/","article_published_time":"2020-05-04T11:37:43+00:00","og_image":[{"width":1200,"height":800,"url":"https:\/\/i0.wp.com\/www.jazzzeitung.de\/cms\/wp-content\/uploads\/2020\/05\/P1100662-Jakob-Manz-Project-Foto-TJ-Krebs.jpg?fit=1200%2C800&ssl=1","type":"image\/jpeg"}],"author":"Thomas J. Krebs","schema":{"@context":"https:\/\/schema.org","@graph":[{"@type":"Article","@id":"https:\/\/www.jazzzeitung.de\/cms\/2020\/05\/young-german-jazz-neues-von-jakob-manz-und-johanna-summer\/#article","isPartOf":{"@id":"https:\/\/www.jazzzeitung.de\/cms\/2020\/05\/young-german-jazz-neues-von-jakob-manz-und-johanna-summer\/"},"author":{"name":"Thomas J. Krebs","@id":"https:\/\/www.jazzzeitung.de\/cms\/#\/schema\/person\/ba94c5bbea92d014d6a3d1f0105daa18"},"headline":"Young German Jazz: Neues von Jakob Manz und Johanna Summer","datePublished":"2020-05-04T11:37:43+00:00","mainEntityOfPage":{"@id":"https:\/\/www.jazzzeitung.de\/cms\/2020\/05\/young-german-jazz-neues-von-jakob-manz-und-johanna-summer\/"},"wordCount":625,"commentCount":0,"publisher":{"@id":"https:\/\/www.jazzzeitung.de\/cms\/#organization"},"image":{"@id":"https:\/\/www.jazzzeitung.de\/cms\/2020\/05\/young-german-jazz-neues-von-jakob-manz-und-johanna-summer\/#primaryimage"},"thumbnailUrl":"https:\/\/i0.wp.com\/www.jazzzeitung.de\/cms\/wp-content\/uploads\/2020\/05\/P1100662-Jakob-Manz-Project-Foto-TJ-Krebs.jpg?fit=1200%2C800&ssl=1","keywords":["act","ACT Music","CDs","Johanna Summer","Natural Energy","Neuerscheinungen","Schumann Kaleidoskop","The Jakob Manz Project","Thomas J. Krebs","Young German Jazz"],"articleSection":["Rezension"],"inLanguage":"de","potentialAction":[{"@type":"CommentAction","name":"Comment","target":["https:\/\/www.jazzzeitung.de\/cms\/2020\/05\/young-german-jazz-neues-von-jakob-manz-und-johanna-summer\/#respond"]}]},{"@type":"WebPage","@id":"https:\/\/www.jazzzeitung.de\/cms\/2020\/05\/young-german-jazz-neues-von-jakob-manz-und-johanna-summer\/","url":"https:\/\/www.jazzzeitung.de\/cms\/2020\/05\/young-german-jazz-neues-von-jakob-manz-und-johanna-summer\/","name":"Young German Jazz: Neues von Jakob Manz und Johanna Summer - JazzZeitung","isPartOf":{"@id":"https:\/\/www.jazzzeitung.de\/cms\/#website"},"primaryImageOfPage":{"@id":"https:\/\/www.jazzzeitung.de\/cms\/2020\/05\/young-german-jazz-neues-von-jakob-manz-und-johanna-summer\/#primaryimage"},"image":{"@id":"https:\/\/www.jazzzeitung.de\/cms\/2020\/05\/young-german-jazz-neues-von-jakob-manz-und-johanna-summer\/#primaryimage"},"thumbnailUrl":"https:\/\/i0.wp.com\/www.jazzzeitung.de\/cms\/wp-content\/uploads\/2020\/05\/P1100662-Jakob-Manz-Project-Foto-TJ-Krebs.jpg?fit=1200%2C800&ssl=1","datePublished":"2020-05-04T11:37:43+00:00","breadcrumb":{"@id":"https:\/\/www.jazzzeitung.de\/cms\/2020\/05\/young-german-jazz-neues-von-jakob-manz-und-johanna-summer\/#breadcrumb"},"inLanguage":"de","potentialAction":[{"@type":"ReadAction","target":["https:\/\/www.jazzzeitung.de\/cms\/2020\/05\/young-german-jazz-neues-von-jakob-manz-und-johanna-summer\/"]}]},{"@type":"ImageObject","inLanguage":"de","@id":"https:\/\/www.jazzzeitung.de\/cms\/2020\/05\/young-german-jazz-neues-von-jakob-manz-und-johanna-summer\/#primaryimage","url":"https:\/\/i0.wp.com\/www.jazzzeitung.de\/cms\/wp-content\/uploads\/2020\/05\/P1100662-Jakob-Manz-Project-Foto-TJ-Krebs.jpg?fit=1200%2C800&ssl=1","contentUrl":"https:\/\/i0.wp.com\/www.jazzzeitung.de\/cms\/wp-content\/uploads\/2020\/05\/P1100662-Jakob-Manz-Project-Foto-TJ-Krebs.jpg?fit=1200%2C800&ssl=1","width":1200,"height":800},{"@type":"BreadcrumbList","@id":"https:\/\/www.jazzzeitung.de\/cms\/2020\/05\/young-german-jazz-neues-von-jakob-manz-und-johanna-summer\/#breadcrumb","itemListElement":[{"@type":"ListItem","position":1,"name":"Startseite","item":"https:\/\/www.jazzzeitung.de\/cms\/"},{"@type":"ListItem","position":2,"name":"Young German Jazz: Neues von Jakob Manz und Johanna Summer"}]},{"@type":"WebSite","@id":"https:\/\/www.jazzzeitung.de\/cms\/#website","url":"https:\/\/www.jazzzeitung.de\/cms\/","name":"JazzZeitung","description":"Jazz-News und Jazz-Kontroverses","publisher":{"@id":"https:\/\/www.jazzzeitung.de\/cms\/#organization"},"potentialAction":[{"@type":"SearchAction","target":{"@type":"EntryPoint","urlTemplate":"https:\/\/www.jazzzeitung.de\/cms\/?s={search_term_string}"},"query-input":{"@type":"PropertyValueSpecification","valueRequired":true,"valueName":"search_term_string"}}],"inLanguage":"de"},{"@type":"Organization","@id":"https:\/\/www.jazzzeitung.de\/cms\/#organization","name":"JazzZeitung online","url":"https:\/\/www.jazzzeitung.de\/cms\/","logo":{"@type":"ImageObject","inLanguage":"de","@id":"https:\/\/www.jazzzeitung.de\/cms\/#\/schema\/logo\/image\/","url":"https:\/\/i0.wp.com\/www.jazzzeitung.de\/cms\/wp-content\/uploads\/2015\/08\/JAZZZEITUNGDE_Logo_Neu.png?fit=499%2C200&ssl=1","contentUrl":"https:\/\/i0.wp.com\/www.jazzzeitung.de\/cms\/wp-content\/uploads\/2015\/08\/JAZZZEITUNGDE_Logo_Neu.png?fit=499%2C200&ssl=1","width":499,"height":200,"caption":"JazzZeitung online"},"image":{"@id":"https:\/\/www.jazzzeitung.de\/cms\/#\/schema\/logo\/image\/"},"sameAs":["https:\/\/www.facebook.com\/JazzZeitung\/"]},{"@type":"Person","@id":"https:\/\/www.jazzzeitung.de\/cms\/#\/schema\/person\/ba94c5bbea92d014d6a3d1f0105daa18","name":"Thomas J. Krebs","image":{"@type":"ImageObject","inLanguage":"de","@id":"https:\/\/secure.gravatar.com\/avatar\/e362b221c114fbcde56be31a2eacbbab541308e5bf72f20d4519b16cdeb5c667?s=96&d=wp_user_avatar&r=ga12b8f4e2750c9ca30f9e22cab2177c6","url":"https:\/\/secure.gravatar.com\/avatar\/e362b221c114fbcde56be31a2eacbbab541308e5bf72f20d4519b16cdeb5c667?s=96&d=wp_user_avatar&r=g","contentUrl":"https:\/\/secure.gravatar.com\/avatar\/e362b221c114fbcde56be31a2eacbbab541308e5bf72f20d4519b16cdeb5c667?s=96&d=wp_user_avatar&r=g","caption":"Thomas J. Krebs"},"url":"https:\/\/www.jazzzeitung.de\/cms\/author\/krebs\/"}]}},"wp-worthy-pixel":{"ignored":false,"public":null,"server":null,"url":null},"wp-worthy-type":"normal","jetpack_publicize_connections":[],"cc_featured_image_caption":{"caption_text":"","source_text":"","source_url":""},"jetpack_featured_media_url":"https:\/\/i0.wp.com\/www.jazzzeitung.de\/cms\/wp-content\/uploads\/2020\/05\/P1100662-Jakob-Manz-Project-Foto-TJ-Krebs.jpg?fit=1200%2C800&ssl=1","jetpack_shortlink":"https:\/\/wp.me\/p3KEcT-5Q2","jetpack-related-posts":[{"id":26884,"url":"https:\/\/www.jazzzeitung.de\/cms\/2022\/03\/the-gallery-concerts-i-jakob-manz-johanna-summer\/","url_meta":{"origin":22446,"position":0},"title":"The Gallery Concerts I: Jakob Manz &#038; Johanna Summer","author":"Redaktion JazzZeitung","date":"25. M\u00e4rz 2022","format":false,"excerpt":"ACT Records ist seit seiner Gr\u00fcndung 1992 mit der bildenden Kunst fest verbunden. In der Berliner ACT Art Collection Gallery werden von Zeit zu Zeit spezielle Musikabende abgehalten. Mit dem vorliegenden Album \u201eThe Gallery Concerts\u201c wird eine neue Konzertreihe aus der Taufe gehoben, deren erste Ausgabe zwei junge K\u00fcnstler bestreiten,\u2026","rel":"","context":"In &quot;News&quot;","block_context":{"text":"News","link":"https:\/\/www.jazzzeitung.de\/cms\/thema\/nachrichten\/"},"img":{"alt_text":"","src":"https:\/\/i0.wp.com\/www.jazzzeitung.de\/cms\/wp-content\/uploads\/2022\/03\/Collage-Summer-Manz-2-Foto-TJ-Krebs.jpg?fit=1200%2C900&ssl=1&resize=350%2C200","width":350,"height":200,"srcset":"https:\/\/i0.wp.com\/www.jazzzeitung.de\/cms\/wp-content\/uploads\/2022\/03\/Collage-Summer-Manz-2-Foto-TJ-Krebs.jpg?fit=1200%2C900&ssl=1&resize=350%2C200 1x, https:\/\/i0.wp.com\/www.jazzzeitung.de\/cms\/wp-content\/uploads\/2022\/03\/Collage-Summer-Manz-2-Foto-TJ-Krebs.jpg?fit=1200%2C900&ssl=1&resize=525%2C300 1.5x, https:\/\/i0.wp.com\/www.jazzzeitung.de\/cms\/wp-content\/uploads\/2022\/03\/Collage-Summer-Manz-2-Foto-TJ-Krebs.jpg?fit=1200%2C900&ssl=1&resize=700%2C400 2x, https:\/\/i0.wp.com\/www.jazzzeitung.de\/cms\/wp-content\/uploads\/2022\/03\/Collage-Summer-Manz-2-Foto-TJ-Krebs.jpg?fit=1200%2C900&ssl=1&resize=1050%2C600 3x"},"classes":[]},{"id":26894,"url":"https:\/\/www.jazzzeitung.de\/cms\/2022\/03\/saxophonist-und-komponist-jakob-manz-erhaelt-den-jazz-preis-baden-wuerttemberg-2022\/","url_meta":{"origin":22446,"position":1},"title":"Saxophonist und Komponist Jakob Manz erh\u00e4lt den Jazz-Preis Baden-W\u00fcrttemberg 2022","author":"Redaktion JazzZeitung","date":"18. M\u00e4rz 2022","format":false,"excerpt":"\"Wer Jakob Manz auf der B\u00fchne erlebt, ist fasziniert von seiner Energie und Spielfreude.\" Das sagt Kunststaatssekret\u00e4rin Petra Olschowski \u00fcber den diesj\u00e4hrigen Preistr\u00e4ger des Jazz-Preises Baden-W\u00fcrttemberg. Der 20-j\u00e4hrige Jakob Manz aus Dettingen bei Reutlingen \u00fcberzeugte die Jury unter anderem mit seinem \"reifen und charakterstarken Saxophonspiel\" und der \"kompositorischen Finesse seiner\u2026","rel":"","context":"In &quot;News&quot;","block_context":{"text":"News","link":"https:\/\/www.jazzzeitung.de\/cms\/thema\/nachrichten\/"},"img":{"alt_text":"","src":"https:\/\/i0.wp.com\/www.jazzzeitung.de\/cms\/wp-content\/uploads\/2022\/03\/023-PM-MWK_ANLAGE_Foto_2_Jakob-Manz_c_Thomas-Kiehl-scaled.jpg?fit=1200%2C800&ssl=1&resize=350%2C200","width":350,"height":200,"srcset":"https:\/\/i0.wp.com\/www.jazzzeitung.de\/cms\/wp-content\/uploads\/2022\/03\/023-PM-MWK_ANLAGE_Foto_2_Jakob-Manz_c_Thomas-Kiehl-scaled.jpg?fit=1200%2C800&ssl=1&resize=350%2C200 1x, https:\/\/i0.wp.com\/www.jazzzeitung.de\/cms\/wp-content\/uploads\/2022\/03\/023-PM-MWK_ANLAGE_Foto_2_Jakob-Manz_c_Thomas-Kiehl-scaled.jpg?fit=1200%2C800&ssl=1&resize=525%2C300 1.5x, https:\/\/i0.wp.com\/www.jazzzeitung.de\/cms\/wp-content\/uploads\/2022\/03\/023-PM-MWK_ANLAGE_Foto_2_Jakob-Manz_c_Thomas-Kiehl-scaled.jpg?fit=1200%2C800&ssl=1&resize=700%2C400 2x, https:\/\/i0.wp.com\/www.jazzzeitung.de\/cms\/wp-content\/uploads\/2022\/03\/023-PM-MWK_ANLAGE_Foto_2_Jakob-Manz_c_Thomas-Kiehl-scaled.jpg?fit=1200%2C800&ssl=1&resize=1050%2C600 3x"},"classes":[]},{"id":30301,"url":"https:\/\/www.jazzzeitung.de\/cms\/2023\/11\/den-bass-an-die-rampe-geholt\/","url_meta":{"origin":22446,"position":2},"title":"Den Bass an die Rampe geholt","author":"Redaktion JazzZeitung","date":"17. November 2023","format":false,"excerpt":"E-Bassist, Bandleader und Professor Wolfgang Schmid feierte seinen 75. Geburtstag mit Freunden in der M\u00fcnchener Unterfahrt Michael St\u00fcckl, Vorstand des Jazzclub Unterfahrt, hatte sich auf Wunsch des Jubilars eigens in Schale geworfen. Schlie\u00dflich machte ihn dieser als 15-J\u00e4hrigen erst zum Jazz-Freund und dann -Veranstalter. Und so begr\u00fc\u00dfte er Wolfgang Schmid,\u2026","rel":"","context":"In &quot;Galerie&quot;","block_context":{"text":"Galerie","link":"https:\/\/www.jazzzeitung.de\/cms\/thema\/galerie\/"},"img":{"alt_text":"","src":"https:\/\/i0.wp.com\/www.jazzzeitung.de\/cms\/wp-content\/uploads\/2023\/11\/BALTESLuis-MANZJakob-SCHMIDWolfgang%C2%A9Godehard.Lutz%40bayern-mail.de_IMGP4703A-scaled.jpg?fit=1200%2C795&ssl=1&resize=350%2C200","width":350,"height":200,"srcset":"https:\/\/i0.wp.com\/www.jazzzeitung.de\/cms\/wp-content\/uploads\/2023\/11\/BALTESLuis-MANZJakob-SCHMIDWolfgang%C2%A9Godehard.Lutz%40bayern-mail.de_IMGP4703A-scaled.jpg?fit=1200%2C795&ssl=1&resize=350%2C200 1x, https:\/\/i0.wp.com\/www.jazzzeitung.de\/cms\/wp-content\/uploads\/2023\/11\/BALTESLuis-MANZJakob-SCHMIDWolfgang%C2%A9Godehard.Lutz%40bayern-mail.de_IMGP4703A-scaled.jpg?fit=1200%2C795&ssl=1&resize=525%2C300 1.5x, https:\/\/i0.wp.com\/www.jazzzeitung.de\/cms\/wp-content\/uploads\/2023\/11\/BALTESLuis-MANZJakob-SCHMIDWolfgang%C2%A9Godehard.Lutz%40bayern-mail.de_IMGP4703A-scaled.jpg?fit=1200%2C795&ssl=1&resize=700%2C400 2x, https:\/\/i0.wp.com\/www.jazzzeitung.de\/cms\/wp-content\/uploads\/2023\/11\/BALTESLuis-MANZJakob-SCHMIDWolfgang%C2%A9Godehard.Lutz%40bayern-mail.de_IMGP4703A-scaled.jpg?fit=1200%2C795&ssl=1&resize=1050%2C600 3x"},"classes":[]},{"id":28386,"url":"https:\/\/www.jazzzeitung.de\/cms\/2022\/10\/jazzpreise-und-preistraegerkonzerte-im-suedwesten-andromeda-mega-express-orchestra-auf-deutschland-tour-jazzfest-muenchen-meets-jazz-now-blitzclub\/","url_meta":{"origin":22446,"position":3},"title":"+++ Jazzpreise und Preistr\u00e4gerkonzerte im S\u00fcdwesten +++ Andromeda Mega Express Orchestra auf Deutschland-Tour +++ Jazzfest M\u00fcnchen meets Jazz Now! \/ Blitzclub +++","author":"Redaktion JazzZeitung","date":"4. Oktober 2022","format":false,"excerpt":"+++ Jazzpreise und Preistr\u00e4gerkonzerte im S\u00fcdwesten +++ Der mit 15.000 Euro dotierte SWR-Jazzpreis geht 2022 an den in Berlin lebenden schwedischen Bassisten, Komponisten und Bandleader Petter Eldh. Der gemeinsam vom Land Rheinland-Pfalz und dem SWR vergebene Preis ist die \u00e4lteste Jazzauszeichnung im deutschsprachigen Raum. Am 10. Oktober findet diesbez\u00fcglich ein\u2026","rel":"","context":"In &quot;News&quot;","block_context":{"text":"News","link":"https:\/\/www.jazzzeitung.de\/cms\/thema\/nachrichten\/"},"img":{"alt_text":"","src":"https:\/\/i0.wp.com\/www.jazzzeitung.de\/cms\/wp-content\/uploads\/2022\/10\/HotStuff-1024x682-1.jpeg?fit=1024%2C682&ssl=1&resize=350%2C200","width":350,"height":200,"srcset":"https:\/\/i0.wp.com\/www.jazzzeitung.de\/cms\/wp-content\/uploads\/2022\/10\/HotStuff-1024x682-1.jpeg?fit=1024%2C682&ssl=1&resize=350%2C200 1x, https:\/\/i0.wp.com\/www.jazzzeitung.de\/cms\/wp-content\/uploads\/2022\/10\/HotStuff-1024x682-1.jpeg?fit=1024%2C682&ssl=1&resize=525%2C300 1.5x, https:\/\/i0.wp.com\/www.jazzzeitung.de\/cms\/wp-content\/uploads\/2022\/10\/HotStuff-1024x682-1.jpeg?fit=1024%2C682&ssl=1&resize=700%2C400 2x"},"classes":[]},{"id":23514,"url":"https:\/\/www.jazzzeitung.de\/cms\/2020\/10\/newsvadim-neselovskyi-arkady-shilkloper-in-poeckingtrans4jazz-festival-in-ravensburgvier-konzerte-im-bix-stuttgart\/","url_meta":{"origin":22446,"position":4},"title":"+++News:+++Vadim Neselovskyi &#038; Arkady Shilkloper in P\u00f6cking+++Trans4JAZZ-Festival in Ravensburg+++Vier Konzerte im BIX Stuttgart+++","author":"Redaktion JazzZeitung","date":"5. Oktober 2020","format":false,"excerpt":"+++Konzerte im BIX Stuttgart+++ Diese Woche veranstaltet der Bix Jazzclub vier Konzerte: Am 6. Oktober er\u00f6ffnet der Pianist Peter-Philipp R\u00f6hm mit seinem Programm Bottrop Orange die Konzertwoche. Am Donnerstag und Freitag, den 8. und 9. Oktober, kommen die \u201eSoul Diamonds feat. Derrick Alexander\u201c und die \u201eBand in the BIX feat.\u2026","rel":"","context":"In &quot;News&quot;","block_context":{"text":"News","link":"https:\/\/www.jazzzeitung.de\/cms\/thema\/nachrichten\/"},"img":{"alt_text":"","src":"https:\/\/i0.wp.com\/www.jazzzeitung.de\/cms\/wp-content\/uploads\/2020\/10\/Vadim-Neselovskyi.jpg?fit=800%2C533&ssl=1&resize=350%2C200","width":350,"height":200,"srcset":"https:\/\/i0.wp.com\/www.jazzzeitung.de\/cms\/wp-content\/uploads\/2020\/10\/Vadim-Neselovskyi.jpg?fit=800%2C533&ssl=1&resize=350%2C200 1x, https:\/\/i0.wp.com\/www.jazzzeitung.de\/cms\/wp-content\/uploads\/2020\/10\/Vadim-Neselovskyi.jpg?fit=800%2C533&ssl=1&resize=525%2C300 1.5x, https:\/\/i0.wp.com\/www.jazzzeitung.de\/cms\/wp-content\/uploads\/2020\/10\/Vadim-Neselovskyi.jpg?fit=800%2C533&ssl=1&resize=700%2C400 2x"},"classes":[]},{"id":15301,"url":"https:\/\/www.jazzzeitung.de\/cms\/2018\/03\/40-jahre-der-jazzclub-unterfahrt-feiert\/","url_meta":{"origin":22446,"position":5},"title":"40 Jahre &#8211; der Jazzclub Unterfahrt feiert","author":"Redaktion JazzZeitung","date":"13. M\u00e4rz 2018","format":false,"excerpt":"Von Avantgarde bis Mainstream, von Bebop bis Swing: seit 1978 zieht die Unterfahrt t\u00e4glich Jazzfans und Musiker*innen aus aller Welt nach M\u00fcnchen. Gegr\u00fcndet in einer Eisenbahnerkneipe am Haidenauplatz zog der Jazzclub vor 20 Jahren in die Keller in der Einsteinstra\u00dfe. Heute ist er eine der bedeutenden Spielst\u00e4tten f\u00fcr zeitgen\u00f6ssischen Jazz\u2026","rel":"","context":"In &quot;News&quot;","block_context":{"text":"News","link":"https:\/\/www.jazzzeitung.de\/cms\/thema\/nachrichten\/"},"img":{"alt_text":"","src":"https:\/\/i0.wp.com\/www.jazzzeitung.de\/cms\/wp-content\/uploads\/2018\/03\/Jazzclub_Unterfahrt_26952_C_Lena_Semmelroggen.jpg?fit=1200%2C800&ssl=1&resize=350%2C200","width":350,"height":200,"srcset":"https:\/\/i0.wp.com\/www.jazzzeitung.de\/cms\/wp-content\/uploads\/2018\/03\/Jazzclub_Unterfahrt_26952_C_Lena_Semmelroggen.jpg?fit=1200%2C800&ssl=1&resize=350%2C200 1x, https:\/\/i0.wp.com\/www.jazzzeitung.de\/cms\/wp-content\/uploads\/2018\/03\/Jazzclub_Unterfahrt_26952_C_Lena_Semmelroggen.jpg?fit=1200%2C800&ssl=1&resize=525%2C300 1.5x, https:\/\/i0.wp.com\/www.jazzzeitung.de\/cms\/wp-content\/uploads\/2018\/03\/Jazzclub_Unterfahrt_26952_C_Lena_Semmelroggen.jpg?fit=1200%2C800&ssl=1&resize=700%2C400 2x, https:\/\/i0.wp.com\/www.jazzzeitung.de\/cms\/wp-content\/uploads\/2018\/03\/Jazzclub_Unterfahrt_26952_C_Lena_Semmelroggen.jpg?fit=1200%2C800&ssl=1&resize=1050%2C600 3x"},"classes":[]}],"jetpack_sharing_enabled":true,"_links":{"self":[{"href":"https:\/\/www.jazzzeitung.de\/cms\/wp-json\/wp\/v2\/posts\/22446","targetHints":{"allow":["GET"]}}],"collection":[{"href":"https:\/\/www.jazzzeitung.de\/cms\/wp-json\/wp\/v2\/posts"}],"about":[{"href":"https:\/\/www.jazzzeitung.de\/cms\/wp-json\/wp\/v2\/types\/post"}],"author":[{"embeddable":true,"href":"https:\/\/www.jazzzeitung.de\/cms\/wp-json\/wp\/v2\/users\/35"}],"replies":[{"embeddable":true,"href":"https:\/\/www.jazzzeitung.de\/cms\/wp-json\/wp\/v2\/comments?post=22446"}],"version-history":[{"count":3,"href":"https:\/\/www.jazzzeitung.de\/cms\/wp-json\/wp\/v2\/posts\/22446\/revisions"}],"predecessor-version":[{"id":22456,"href":"https:\/\/www.jazzzeitung.de\/cms\/wp-json\/wp\/v2\/posts\/22446\/revisions\/22456"}],"wp:featuredmedia":[{"embeddable":true,"href":"https:\/\/www.jazzzeitung.de\/cms\/wp-json\/wp\/v2\/media\/22449"}],"wp:attachment":[{"href":"https:\/\/www.jazzzeitung.de\/cms\/wp-json\/wp\/v2\/media?parent=22446"}],"wp:term":[{"taxonomy":"category","embeddable":true,"href":"https:\/\/www.jazzzeitung.de\/cms\/wp-json\/wp\/v2\/categories?post=22446"},{"taxonomy":"post_tag","embeddable":true,"href":"https:\/\/www.jazzzeitung.de\/cms\/wp-json\/wp\/v2\/tags?post=22446"},{"taxonomy":"author","embeddable":true,"href":"https:\/\/www.jazzzeitung.de\/cms\/wp-json\/wp\/v2\/coauthors?post=22446"}],"curies":[{"name":"wp","href":"https:\/\/api.w.org\/{rel}","templated":true}]}}