{"id":22399,"date":"2020-04-20T15:00:02","date_gmt":"2020-04-20T13:00:02","guid":{"rendered":"https:\/\/www.jazzzeitung.de\/cms\/?p=22399"},"modified":"2020-04-21T10:03:15","modified_gmt":"2020-04-21T08:03:15","slug":"tasiyasammylukacd","status":"publish","type":"post","link":"https:\/\/www.jazzzeitung.de\/cms\/2020\/04\/tasiyasammylukacd\/","title":{"rendered":"Tasiya &#038; Sammy Lukas mit Folk, Elektronik und Romantik"},"content":{"rendered":"<p><strong>Kein geringer als Bassist Manfred Br\u00fcndl, in dessen Band Silentbass Nastja Volokitina mitsingt, hat das erste Album des Duos Tasiya und Sammy Lukas (p) mitproduziert. Aufgenommen haben sie es im polnischen RecPublika Studio. Volokitina, die sich mit K\u00fcnstlerinnennamen Tasiya nennt, ist in Odessa aufgewachsen, hat am Vladimir Music College studiert und ist sp\u00e4ter an Musikhochschule Franz Liszt in Weimar gewechselt, um bei Michael Schiefel, Leonid Chizhik und Jeff Cascaro ihr Studium zu vollenden. 2013 gewann sie in Montreux den prestigetr\u00e4chtigen Wettbewerb f\u00fcr Jazz Voice und 2017 weitere Wettbewerbe in Riga und Polen.<\/strong><\/p>\n<figure id=\"attachment_22402\" aria-describedby=\"caption-attachment-22402\" style=\"width: 300px\" class=\"wp-caption aligncenter\"><a href=\"https:\/\/i0.wp.com\/www.jazzzeitung.de\/cms\/wp-content\/uploads\/2020\/04\/Tasi%C2%B4ya-Nastja_50.jpeg?ssl=1\"><img data-recalc-dims=\"1\" loading=\"lazy\" decoding=\"async\" data-attachment-id=\"22402\" data-permalink=\"https:\/\/www.jazzzeitung.de\/cms\/2020\/04\/tasiyasammylukacd\/tasiya-nastja_50\/\" data-orig-file=\"https:\/\/i0.wp.com\/www.jazzzeitung.de\/cms\/wp-content\/uploads\/2020\/04\/Tasi%C2%B4ya-Nastja_50.jpeg?fit=561%2C378&amp;ssl=1\" data-orig-size=\"561,378\" data-comments-opened=\"1\" data-image-meta=\"{&quot;aperture&quot;:&quot;0&quot;,&quot;credit&quot;:&quot;&quot;,&quot;camera&quot;:&quot;&quot;,&quot;caption&quot;:&quot;&quot;,&quot;created_timestamp&quot;:&quot;0&quot;,&quot;copyright&quot;:&quot;&quot;,&quot;focal_length&quot;:&quot;0&quot;,&quot;iso&quot;:&quot;0&quot;,&quot;shutter_speed&quot;:&quot;0&quot;,&quot;title&quot;:&quot;&quot;,&quot;orientation&quot;:&quot;0&quot;}\" data-image-title=\"Tasi\u00b4ya-Nastja_50\" data-image-description=\"\" data-image-caption=\"\" data-large-file=\"https:\/\/i0.wp.com\/www.jazzzeitung.de\/cms\/wp-content\/uploads\/2020\/04\/Tasi%C2%B4ya-Nastja_50.jpeg?fit=561%2C378&amp;ssl=1\" class=\"wp-image-22402 size-medium\" src=\"https:\/\/i0.wp.com\/www.jazzzeitung.de\/cms\/wp-content\/uploads\/2020\/04\/Tasi%C2%B4ya-Nastja_50.jpeg?resize=300%2C202&#038;ssl=1\" alt=\"\" width=\"300\" height=\"202\" srcset=\"https:\/\/i0.wp.com\/www.jazzzeitung.de\/cms\/wp-content\/uploads\/2020\/04\/Tasi%C2%B4ya-Nastja_50.jpeg?resize=300%2C202&amp;ssl=1 300w, https:\/\/i0.wp.com\/www.jazzzeitung.de\/cms\/wp-content\/uploads\/2020\/04\/Tasi%C2%B4ya-Nastja_50.jpeg?resize=120%2C80&amp;ssl=1 120w, https:\/\/i0.wp.com\/www.jazzzeitung.de\/cms\/wp-content\/uploads\/2020\/04\/Tasi%C2%B4ya-Nastja_50.jpeg?w=561&amp;ssl=1 561w\" sizes=\"auto, (max-width: 300px) 100vw, 300px\" \/><\/a><figcaption id=\"caption-attachment-22402\" class=\"wp-caption-text\">Tasiya<\/figcaption><\/figure>\n<p>Der Titel ist bei diesem Deb\u00fct Programm. Aufgeteilt in zwei suiten\u00e4hnliche Bl\u00f6cke, die durch einzelne Nummern verbunden sind, beruhen einige der Songs\/Kompositionen\u00a0 auf ukrainischen und russischen Volksliedern, die von Tasiya bearbeitet und neu arrangiert worden sind. Diese Verbindung folkloristischer Motive, Scat, elektronischer Effekte und modernen zeitgen\u00f6ssischen Formen kommt auch in der eigenwillig-wandlungsf\u00e4higen Stimme zum Ausdruck. Mit ihr setzt die S\u00e4ngerin zwischen glockenhellen Rufen, malerischen Glossolalien und perkussiver Stimmakrobatik eine verschwenderische Energie frei. Selbst rituelle Joiks der Samen oder alpenl\u00e4ndisches Jodeln scheinen bei ihr anzuklingen. H\u00e4mmernde Akkorde vom Klavier, handclapping und eher verhaltene elektronische Klangelemente dr\u00e4ngen und treiben das Ganze an.<\/p>\n<figure id=\"attachment_22403\" aria-describedby=\"caption-attachment-22403\" style=\"width: 205px\" class=\"wp-caption aligncenter\"><a href=\"https:\/\/i0.wp.com\/www.jazzzeitung.de\/cms\/wp-content\/uploads\/2020\/04\/Lukas-Sammy_75.jpeg?ssl=1\"><img data-recalc-dims=\"1\" loading=\"lazy\" decoding=\"async\" data-attachment-id=\"22403\" data-permalink=\"https:\/\/www.jazzzeitung.de\/cms\/2020\/04\/tasiyasammylukacd\/lukas-sammy_75\/\" data-orig-file=\"https:\/\/i0.wp.com\/www.jazzzeitung.de\/cms\/wp-content\/uploads\/2020\/04\/Lukas-Sammy_75.jpeg?fit=387%2C567&amp;ssl=1\" data-orig-size=\"387,567\" data-comments-opened=\"1\" data-image-meta=\"{&quot;aperture&quot;:&quot;0&quot;,&quot;credit&quot;:&quot;&quot;,&quot;camera&quot;:&quot;&quot;,&quot;caption&quot;:&quot;&quot;,&quot;created_timestamp&quot;:&quot;0&quot;,&quot;copyright&quot;:&quot;&quot;,&quot;focal_length&quot;:&quot;0&quot;,&quot;iso&quot;:&quot;0&quot;,&quot;shutter_speed&quot;:&quot;0&quot;,&quot;title&quot;:&quot;&quot;,&quot;orientation&quot;:&quot;0&quot;}\" data-image-title=\"Lukas-Sammy_75\" data-image-description=\"\" data-image-caption=\"\" data-large-file=\"https:\/\/i0.wp.com\/www.jazzzeitung.de\/cms\/wp-content\/uploads\/2020\/04\/Lukas-Sammy_75.jpeg?fit=387%2C567&amp;ssl=1\" class=\"wp-image-22403 size-medium\" src=\"https:\/\/i0.wp.com\/www.jazzzeitung.de\/cms\/wp-content\/uploads\/2020\/04\/Lukas-Sammy_75.jpeg?resize=205%2C300&#038;ssl=1\" alt=\"\" width=\"205\" height=\"300\" srcset=\"https:\/\/i0.wp.com\/www.jazzzeitung.de\/cms\/wp-content\/uploads\/2020\/04\/Lukas-Sammy_75.jpeg?resize=205%2C300&amp;ssl=1 205w, https:\/\/i0.wp.com\/www.jazzzeitung.de\/cms\/wp-content\/uploads\/2020\/04\/Lukas-Sammy_75.jpeg?w=387&amp;ssl=1 387w\" sizes=\"auto, (max-width: 205px) 100vw, 205px\" \/><\/a><figcaption id=\"caption-attachment-22403\" class=\"wp-caption-text\">Sammy Lukas<\/figcaption><\/figure>\n<p>Das klingt oft recht leicht, mitrei\u00dfend und tanzbar, beruht aber auf komplexen rhythmischen Formen und verzwickten harmonischen Wendungen. Pianist Lukas ist ein wunderbar einf\u00fchlsamer Partner und Begleiter, der von minimalistischen Einfl\u00fcssen \u00fcber romantische und andere Ans\u00e4tze ein spannungsreiches Fundament schafft. Diese poetischen Geschichten und M\u00e4rchen, mal lustvoll-zickig, mal von verhaltener Melancholie stecken voller Emotionen und bildhafter\u00a0 Imaginationen. Ein feines, eindrucksvolles Album bei dem es viel zu entdecken gibt.<\/p>\n<p>&nbsp;<\/p>\n<p>CD: <a href=\"https:\/\/www.youtube.com\/watch?v=XjpmojXto-0\">TASIYA &amp; SAMMY LUKAS<\/a>, New Old Fairytales, 2019, Hevhetia Records HV 0179-2-331 ca. 15 Euro<\/p>\n<p>Text und Fotos: Michael Scheiner<\/p>\n","protected":false},"excerpt":{"rendered":"<p>Kein geringer als Bassist Manfred Br\u00fcndl, in dessen Band Silentbass Nastja Volokitina mitsingt, hat das erste Album des Duos Tasiya und Sammy Lukas (p) mitproduziert. Aufgenommen haben sie es im polnischen RecPublika Studio. Volokitina, die sich mit K\u00fcnstlerinnennamen Tasiya nennt, ist in Odessa aufgewachsen, hat am Vladimir Music College studiert und ist sp\u00e4ter an Musikhochschule Franz Liszt in Weimar gewechselt, um bei Michael Schiefel, Leonid Chizhik und Jeff Cascaro ihr Studium zu vollenden. 2013 gewann sie in Montreux den prestigetr\u00e4chtigen Wettbewerb f\u00fcr Jazz Voice und 2017 weitere Wettbewerbe in Riga und Polen. Der Titel ist bei diesem Deb\u00fct Programm. Aufgeteilt in zwei suiten\u00e4hnliche Bl\u00f6cke, die durch einzelne Nummern verbunden sind, beruhen einige der Songs\/Kompositionen\u00a0 auf ukrainischen und russischen Volksliedern, die von Tasiya bearbeitet und neu arrangiert worden sind. Diese Verbindung folkloristischer Motive, Scat, elektronischer Effekte und modernen zeitgen\u00f6ssischen Formen kommt auch in der eigenwillig-wandlungsf\u00e4higen Stimme zum Ausdruck. Mit ihr setzt die S\u00e4ngerin zwischen glockenhellen Rufen, malerischen Glossolalien und perkussiver Stimmakrobatik eine verschwenderische Energie frei. Selbst rituelle Joiks der Samen oder alpenl\u00e4ndisches Jodeln scheinen bei ihr anzuklingen. H\u00e4mmernde Akkorde vom Klavier, handclapping und eher verhaltene elektronische &hellip;<\/p>\n","protected":false},"author":37,"featured_media":22400,"comment_status":"open","ping_status":"closed","sticky":false,"template":"","format":"standard","meta":{"_jetpack_memberships_contains_paid_content":false,"footnotes":"","jetpack_publicize_message":"","jetpack_publicize_feature_enabled":true,"jetpack_social_post_already_shared":false,"jetpack_social_options":{"image_generator_settings":{"template":"highway","default_image_id":0,"font":"","enabled":false},"version":2}},"categories":[1152],"tags":[2019,34,109,1406,1876,2859,2929,387,2930,2928,2927],"coauthors":[1765],"class_list":["post-22399","post","type-post","status-publish","format-standard","has-post-thumbnail","hentry","category-rezension","tag-2019","tag-album","tag-cd","tag-duo","tag-jazz","tag-leonid-chizhik","tag-manfred-bruendl","tag-michael-scheiner","tag-new-old-fairytales","tag-sammy-lukas","tag-tasiya"],"yoast_head":"<!-- This site is optimized with the Yoast SEO plugin v27.5 - https:\/\/yoast.com\/product\/yoast-seo-wordpress\/ -->\n<title>Tasiya &amp; Sammy Lukas mit Folk, Elektronik und Romantik - JazzZeitung<\/title>\n<meta name=\"robots\" content=\"index, follow, max-snippet:-1, max-image-preview:large, max-video-preview:-1\" \/>\n<link rel=\"canonical\" href=\"https:\/\/www.jazzzeitung.de\/cms\/2020\/04\/tasiyasammylukacd\/\" \/>\n<meta property=\"og:locale\" content=\"de_DE\" \/>\n<meta property=\"og:type\" content=\"article\" \/>\n<meta property=\"og:title\" content=\"Tasiya &amp; Sammy Lukas mit Folk, Elektronik und Romantik - JazzZeitung\" \/>\n<meta property=\"og:description\" content=\"Kein geringer als Bassist Manfred Br\u00fcndl, in dessen Band Silentbass Nastja Volokitina mitsingt, hat das erste Album des Duos Tasiya und Sammy Lukas (p) mitproduziert. Aufgenommen haben sie es im polnischen RecPublika Studio. Volokitina, die sich mit K\u00fcnstlerinnennamen Tasiya nennt, ist in Odessa aufgewachsen, hat am Vladimir Music College studiert und ist sp\u00e4ter an Musikhochschule Franz Liszt in Weimar gewechselt, um bei Michael Schiefel, Leonid Chizhik und Jeff Cascaro ihr Studium zu vollenden. 2013 gewann sie in Montreux den prestigetr\u00e4chtigen Wettbewerb f\u00fcr Jazz Voice und 2017 weitere Wettbewerbe in Riga und Polen. Der Titel ist bei diesem Deb\u00fct Programm. Aufgeteilt in zwei suiten\u00e4hnliche Bl\u00f6cke, die durch einzelne Nummern verbunden sind, beruhen einige der Songs\/Kompositionen\u00a0 auf ukrainischen und russischen Volksliedern, die von Tasiya bearbeitet und neu arrangiert worden sind. Diese Verbindung folkloristischer Motive, Scat, elektronischer Effekte und modernen zeitgen\u00f6ssischen Formen kommt auch in der eigenwillig-wandlungsf\u00e4higen Stimme zum Ausdruck. Mit ihr setzt die S\u00e4ngerin zwischen glockenhellen Rufen, malerischen Glossolalien und perkussiver Stimmakrobatik eine verschwenderische Energie frei. Selbst rituelle Joiks der Samen oder alpenl\u00e4ndisches Jodeln scheinen bei ihr anzuklingen. H\u00e4mmernde Akkorde vom Klavier, handclapping und eher verhaltene elektronische &hellip;\" \/>\n<meta property=\"og:url\" content=\"https:\/\/www.jazzzeitung.de\/cms\/2020\/04\/tasiyasammylukacd\/\" \/>\n<meta property=\"og:site_name\" content=\"JazzZeitung\" \/>\n<meta property=\"article:publisher\" content=\"https:\/\/www.facebook.com\/JazzZeitung\/\" \/>\n<meta property=\"article:published_time\" content=\"2020-04-20T13:00:02+00:00\" \/>\n<meta property=\"article:modified_time\" content=\"2020-04-21T08:03:15+00:00\" \/>\n<meta property=\"og:image\" content=\"https:\/\/i0.wp.com\/www.jazzzeitung.de\/cms\/wp-content\/uploads\/2020\/04\/Tasiya-Lukas-Fairytales.jpeg?fit=328%2C337&ssl=1\" \/>\n\t<meta property=\"og:image:width\" content=\"328\" \/>\n\t<meta property=\"og:image:height\" content=\"337\" \/>\n\t<meta property=\"og:image:type\" content=\"image\/jpeg\" \/>\n<meta name=\"author\" content=\"Michael Scheiner\" \/>\n<script type=\"application\/ld+json\" class=\"yoast-schema-graph\">{\"@context\":\"https:\\\/\\\/schema.org\",\"@graph\":[{\"@type\":\"Article\",\"@id\":\"https:\\\/\\\/www.jazzzeitung.de\\\/cms\\\/2020\\\/04\\\/tasiyasammylukacd\\\/#article\",\"isPartOf\":{\"@id\":\"https:\\\/\\\/www.jazzzeitung.de\\\/cms\\\/2020\\\/04\\\/tasiyasammylukacd\\\/\"},\"author\":{\"name\":\"Michael Scheiner\",\"@id\":\"https:\\\/\\\/www.jazzzeitung.de\\\/cms\\\/#\\\/schema\\\/person\\\/a0bebd4d1728041629a3cbd7790f87fb\"},\"headline\":\"Tasiya &#038; Sammy Lukas mit Folk, Elektronik und Romantik\",\"datePublished\":\"2020-04-20T13:00:02+00:00\",\"dateModified\":\"2020-04-21T08:03:15+00:00\",\"mainEntityOfPage\":{\"@id\":\"https:\\\/\\\/www.jazzzeitung.de\\\/cms\\\/2020\\\/04\\\/tasiyasammylukacd\\\/\"},\"wordCount\":324,\"commentCount\":0,\"publisher\":{\"@id\":\"https:\\\/\\\/www.jazzzeitung.de\\\/cms\\\/#organization\"},\"image\":{\"@id\":\"https:\\\/\\\/www.jazzzeitung.de\\\/cms\\\/2020\\\/04\\\/tasiyasammylukacd\\\/#primaryimage\"},\"thumbnailUrl\":\"https:\\\/\\\/i0.wp.com\\\/www.jazzzeitung.de\\\/cms\\\/wp-content\\\/uploads\\\/2020\\\/04\\\/Tasiya-Lukas-Fairytales.jpeg?fit=328%2C337&ssl=1\",\"keywords\":[\"2019\",\"Album\",\"CD\",\"duo\",\"Jazz\",\"Leonid Chizhik\",\"Manfred Br\u00fcndl\",\"Michael Scheiner\",\"New Old Fairytales\",\"Sammy Lukas\",\"Tasiya\"],\"articleSection\":[\"Rezension\"],\"inLanguage\":\"de\",\"potentialAction\":[{\"@type\":\"CommentAction\",\"name\":\"Comment\",\"target\":[\"https:\\\/\\\/www.jazzzeitung.de\\\/cms\\\/2020\\\/04\\\/tasiyasammylukacd\\\/#respond\"]}]},{\"@type\":\"WebPage\",\"@id\":\"https:\\\/\\\/www.jazzzeitung.de\\\/cms\\\/2020\\\/04\\\/tasiyasammylukacd\\\/\",\"url\":\"https:\\\/\\\/www.jazzzeitung.de\\\/cms\\\/2020\\\/04\\\/tasiyasammylukacd\\\/\",\"name\":\"Tasiya & Sammy Lukas mit Folk, Elektronik und Romantik - JazzZeitung\",\"isPartOf\":{\"@id\":\"https:\\\/\\\/www.jazzzeitung.de\\\/cms\\\/#website\"},\"primaryImageOfPage\":{\"@id\":\"https:\\\/\\\/www.jazzzeitung.de\\\/cms\\\/2020\\\/04\\\/tasiyasammylukacd\\\/#primaryimage\"},\"image\":{\"@id\":\"https:\\\/\\\/www.jazzzeitung.de\\\/cms\\\/2020\\\/04\\\/tasiyasammylukacd\\\/#primaryimage\"},\"thumbnailUrl\":\"https:\\\/\\\/i0.wp.com\\\/www.jazzzeitung.de\\\/cms\\\/wp-content\\\/uploads\\\/2020\\\/04\\\/Tasiya-Lukas-Fairytales.jpeg?fit=328%2C337&ssl=1\",\"datePublished\":\"2020-04-20T13:00:02+00:00\",\"dateModified\":\"2020-04-21T08:03:15+00:00\",\"breadcrumb\":{\"@id\":\"https:\\\/\\\/www.jazzzeitung.de\\\/cms\\\/2020\\\/04\\\/tasiyasammylukacd\\\/#breadcrumb\"},\"inLanguage\":\"de\",\"potentialAction\":[{\"@type\":\"ReadAction\",\"target\":[\"https:\\\/\\\/www.jazzzeitung.de\\\/cms\\\/2020\\\/04\\\/tasiyasammylukacd\\\/\"]}]},{\"@type\":\"ImageObject\",\"inLanguage\":\"de\",\"@id\":\"https:\\\/\\\/www.jazzzeitung.de\\\/cms\\\/2020\\\/04\\\/tasiyasammylukacd\\\/#primaryimage\",\"url\":\"https:\\\/\\\/i0.wp.com\\\/www.jazzzeitung.de\\\/cms\\\/wp-content\\\/uploads\\\/2020\\\/04\\\/Tasiya-Lukas-Fairytales.jpeg?fit=328%2C337&ssl=1\",\"contentUrl\":\"https:\\\/\\\/i0.wp.com\\\/www.jazzzeitung.de\\\/cms\\\/wp-content\\\/uploads\\\/2020\\\/04\\\/Tasiya-Lukas-Fairytales.jpeg?fit=328%2C337&ssl=1\",\"width\":328,\"height\":337},{\"@type\":\"BreadcrumbList\",\"@id\":\"https:\\\/\\\/www.jazzzeitung.de\\\/cms\\\/2020\\\/04\\\/tasiyasammylukacd\\\/#breadcrumb\",\"itemListElement\":[{\"@type\":\"ListItem\",\"position\":1,\"name\":\"Startseite\",\"item\":\"https:\\\/\\\/www.jazzzeitung.de\\\/cms\\\/\"},{\"@type\":\"ListItem\",\"position\":2,\"name\":\"Tasiya &#038; Sammy Lukas mit Folk, Elektronik und Romantik\"}]},{\"@type\":\"WebSite\",\"@id\":\"https:\\\/\\\/www.jazzzeitung.de\\\/cms\\\/#website\",\"url\":\"https:\\\/\\\/www.jazzzeitung.de\\\/cms\\\/\",\"name\":\"JazzZeitung\",\"description\":\"Jazz-News und Jazz-Kontroverses\",\"publisher\":{\"@id\":\"https:\\\/\\\/www.jazzzeitung.de\\\/cms\\\/#organization\"},\"potentialAction\":[{\"@type\":\"SearchAction\",\"target\":{\"@type\":\"EntryPoint\",\"urlTemplate\":\"https:\\\/\\\/www.jazzzeitung.de\\\/cms\\\/?s={search_term_string}\"},\"query-input\":{\"@type\":\"PropertyValueSpecification\",\"valueRequired\":true,\"valueName\":\"search_term_string\"}}],\"inLanguage\":\"de\"},{\"@type\":\"Organization\",\"@id\":\"https:\\\/\\\/www.jazzzeitung.de\\\/cms\\\/#organization\",\"name\":\"JazzZeitung online\",\"url\":\"https:\\\/\\\/www.jazzzeitung.de\\\/cms\\\/\",\"logo\":{\"@type\":\"ImageObject\",\"inLanguage\":\"de\",\"@id\":\"https:\\\/\\\/www.jazzzeitung.de\\\/cms\\\/#\\\/schema\\\/logo\\\/image\\\/\",\"url\":\"https:\\\/\\\/i0.wp.com\\\/www.jazzzeitung.de\\\/cms\\\/wp-content\\\/uploads\\\/2015\\\/08\\\/JAZZZEITUNGDE_Logo_Neu.png?fit=499%2C200&ssl=1\",\"contentUrl\":\"https:\\\/\\\/i0.wp.com\\\/www.jazzzeitung.de\\\/cms\\\/wp-content\\\/uploads\\\/2015\\\/08\\\/JAZZZEITUNGDE_Logo_Neu.png?fit=499%2C200&ssl=1\",\"width\":499,\"height\":200,\"caption\":\"JazzZeitung online\"},\"image\":{\"@id\":\"https:\\\/\\\/www.jazzzeitung.de\\\/cms\\\/#\\\/schema\\\/logo\\\/image\\\/\"},\"sameAs\":[\"https:\\\/\\\/www.facebook.com\\\/JazzZeitung\\\/\"]},{\"@type\":\"Person\",\"@id\":\"https:\\\/\\\/www.jazzzeitung.de\\\/cms\\\/#\\\/schema\\\/person\\\/a0bebd4d1728041629a3cbd7790f87fb\",\"name\":\"Michael Scheiner\",\"image\":{\"@type\":\"ImageObject\",\"inLanguage\":\"de\",\"@id\":\"https:\\\/\\\/secure.gravatar.com\\\/avatar\\\/c2d6ac12f682c419867cf3f803880bb41d5b23007d3670820aa9a6e7b5f6ec8d?s=96&d=wp_user_avatar&r=gdabb1b10453880983dfc53da7552ec76\",\"url\":\"https:\\\/\\\/secure.gravatar.com\\\/avatar\\\/c2d6ac12f682c419867cf3f803880bb41d5b23007d3670820aa9a6e7b5f6ec8d?s=96&d=wp_user_avatar&r=g\",\"contentUrl\":\"https:\\\/\\\/secure.gravatar.com\\\/avatar\\\/c2d6ac12f682c419867cf3f803880bb41d5b23007d3670820aa9a6e7b5f6ec8d?s=96&d=wp_user_avatar&r=g\",\"caption\":\"Michael Scheiner\"},\"sameAs\":[\"http:\\\/\\\/www.michaelscheiner.de\"],\"url\":\"https:\\\/\\\/www.jazzzeitung.de\\\/cms\\\/author\\\/mscheiner\\\/\"}]}<\/script>\n<!-- \/ Yoast SEO plugin. -->","yoast_head_json":{"title":"Tasiya & Sammy Lukas mit Folk, Elektronik und Romantik - JazzZeitung","robots":{"index":"index","follow":"follow","max-snippet":"max-snippet:-1","max-image-preview":"max-image-preview:large","max-video-preview":"max-video-preview:-1"},"canonical":"https:\/\/www.jazzzeitung.de\/cms\/2020\/04\/tasiyasammylukacd\/","og_locale":"de_DE","og_type":"article","og_title":"Tasiya & Sammy Lukas mit Folk, Elektronik und Romantik - JazzZeitung","og_description":"Kein geringer als Bassist Manfred Br\u00fcndl, in dessen Band Silentbass Nastja Volokitina mitsingt, hat das erste Album des Duos Tasiya und Sammy Lukas (p) mitproduziert. Aufgenommen haben sie es im polnischen RecPublika Studio. Volokitina, die sich mit K\u00fcnstlerinnennamen Tasiya nennt, ist in Odessa aufgewachsen, hat am Vladimir Music College studiert und ist sp\u00e4ter an Musikhochschule Franz Liszt in Weimar gewechselt, um bei Michael Schiefel, Leonid Chizhik und Jeff Cascaro ihr Studium zu vollenden. 2013 gewann sie in Montreux den prestigetr\u00e4chtigen Wettbewerb f\u00fcr Jazz Voice und 2017 weitere Wettbewerbe in Riga und Polen. Der Titel ist bei diesem Deb\u00fct Programm. Aufgeteilt in zwei suiten\u00e4hnliche Bl\u00f6cke, die durch einzelne Nummern verbunden sind, beruhen einige der Songs\/Kompositionen\u00a0 auf ukrainischen und russischen Volksliedern, die von Tasiya bearbeitet und neu arrangiert worden sind. Diese Verbindung folkloristischer Motive, Scat, elektronischer Effekte und modernen zeitgen\u00f6ssischen Formen kommt auch in der eigenwillig-wandlungsf\u00e4higen Stimme zum Ausdruck. Mit ihr setzt die S\u00e4ngerin zwischen glockenhellen Rufen, malerischen Glossolalien und perkussiver Stimmakrobatik eine verschwenderische Energie frei. Selbst rituelle Joiks der Samen oder alpenl\u00e4ndisches Jodeln scheinen bei ihr anzuklingen. H\u00e4mmernde Akkorde vom Klavier, handclapping und eher verhaltene elektronische &hellip;","og_url":"https:\/\/www.jazzzeitung.de\/cms\/2020\/04\/tasiyasammylukacd\/","og_site_name":"JazzZeitung","article_publisher":"https:\/\/www.facebook.com\/JazzZeitung\/","article_published_time":"2020-04-20T13:00:02+00:00","article_modified_time":"2020-04-21T08:03:15+00:00","og_image":[{"width":328,"height":337,"url":"https:\/\/i0.wp.com\/www.jazzzeitung.de\/cms\/wp-content\/uploads\/2020\/04\/Tasiya-Lukas-Fairytales.jpeg?fit=328%2C337&ssl=1","type":"image\/jpeg"}],"author":"Michael Scheiner","schema":{"@context":"https:\/\/schema.org","@graph":[{"@type":"Article","@id":"https:\/\/www.jazzzeitung.de\/cms\/2020\/04\/tasiyasammylukacd\/#article","isPartOf":{"@id":"https:\/\/www.jazzzeitung.de\/cms\/2020\/04\/tasiyasammylukacd\/"},"author":{"name":"Michael Scheiner","@id":"https:\/\/www.jazzzeitung.de\/cms\/#\/schema\/person\/a0bebd4d1728041629a3cbd7790f87fb"},"headline":"Tasiya &#038; Sammy Lukas mit Folk, Elektronik und Romantik","datePublished":"2020-04-20T13:00:02+00:00","dateModified":"2020-04-21T08:03:15+00:00","mainEntityOfPage":{"@id":"https:\/\/www.jazzzeitung.de\/cms\/2020\/04\/tasiyasammylukacd\/"},"wordCount":324,"commentCount":0,"publisher":{"@id":"https:\/\/www.jazzzeitung.de\/cms\/#organization"},"image":{"@id":"https:\/\/www.jazzzeitung.de\/cms\/2020\/04\/tasiyasammylukacd\/#primaryimage"},"thumbnailUrl":"https:\/\/i0.wp.com\/www.jazzzeitung.de\/cms\/wp-content\/uploads\/2020\/04\/Tasiya-Lukas-Fairytales.jpeg?fit=328%2C337&ssl=1","keywords":["2019","Album","CD","duo","Jazz","Leonid Chizhik","Manfred Br\u00fcndl","Michael Scheiner","New Old Fairytales","Sammy Lukas","Tasiya"],"articleSection":["Rezension"],"inLanguage":"de","potentialAction":[{"@type":"CommentAction","name":"Comment","target":["https:\/\/www.jazzzeitung.de\/cms\/2020\/04\/tasiyasammylukacd\/#respond"]}]},{"@type":"WebPage","@id":"https:\/\/www.jazzzeitung.de\/cms\/2020\/04\/tasiyasammylukacd\/","url":"https:\/\/www.jazzzeitung.de\/cms\/2020\/04\/tasiyasammylukacd\/","name":"Tasiya & Sammy Lukas mit Folk, Elektronik und Romantik - JazzZeitung","isPartOf":{"@id":"https:\/\/www.jazzzeitung.de\/cms\/#website"},"primaryImageOfPage":{"@id":"https:\/\/www.jazzzeitung.de\/cms\/2020\/04\/tasiyasammylukacd\/#primaryimage"},"image":{"@id":"https:\/\/www.jazzzeitung.de\/cms\/2020\/04\/tasiyasammylukacd\/#primaryimage"},"thumbnailUrl":"https:\/\/i0.wp.com\/www.jazzzeitung.de\/cms\/wp-content\/uploads\/2020\/04\/Tasiya-Lukas-Fairytales.jpeg?fit=328%2C337&ssl=1","datePublished":"2020-04-20T13:00:02+00:00","dateModified":"2020-04-21T08:03:15+00:00","breadcrumb":{"@id":"https:\/\/www.jazzzeitung.de\/cms\/2020\/04\/tasiyasammylukacd\/#breadcrumb"},"inLanguage":"de","potentialAction":[{"@type":"ReadAction","target":["https:\/\/www.jazzzeitung.de\/cms\/2020\/04\/tasiyasammylukacd\/"]}]},{"@type":"ImageObject","inLanguage":"de","@id":"https:\/\/www.jazzzeitung.de\/cms\/2020\/04\/tasiyasammylukacd\/#primaryimage","url":"https:\/\/i0.wp.com\/www.jazzzeitung.de\/cms\/wp-content\/uploads\/2020\/04\/Tasiya-Lukas-Fairytales.jpeg?fit=328%2C337&ssl=1","contentUrl":"https:\/\/i0.wp.com\/www.jazzzeitung.de\/cms\/wp-content\/uploads\/2020\/04\/Tasiya-Lukas-Fairytales.jpeg?fit=328%2C337&ssl=1","width":328,"height":337},{"@type":"BreadcrumbList","@id":"https:\/\/www.jazzzeitung.de\/cms\/2020\/04\/tasiyasammylukacd\/#breadcrumb","itemListElement":[{"@type":"ListItem","position":1,"name":"Startseite","item":"https:\/\/www.jazzzeitung.de\/cms\/"},{"@type":"ListItem","position":2,"name":"Tasiya &#038; Sammy Lukas mit Folk, Elektronik und Romantik"}]},{"@type":"WebSite","@id":"https:\/\/www.jazzzeitung.de\/cms\/#website","url":"https:\/\/www.jazzzeitung.de\/cms\/","name":"JazzZeitung","description":"Jazz-News und Jazz-Kontroverses","publisher":{"@id":"https:\/\/www.jazzzeitung.de\/cms\/#organization"},"potentialAction":[{"@type":"SearchAction","target":{"@type":"EntryPoint","urlTemplate":"https:\/\/www.jazzzeitung.de\/cms\/?s={search_term_string}"},"query-input":{"@type":"PropertyValueSpecification","valueRequired":true,"valueName":"search_term_string"}}],"inLanguage":"de"},{"@type":"Organization","@id":"https:\/\/www.jazzzeitung.de\/cms\/#organization","name":"JazzZeitung online","url":"https:\/\/www.jazzzeitung.de\/cms\/","logo":{"@type":"ImageObject","inLanguage":"de","@id":"https:\/\/www.jazzzeitung.de\/cms\/#\/schema\/logo\/image\/","url":"https:\/\/i0.wp.com\/www.jazzzeitung.de\/cms\/wp-content\/uploads\/2015\/08\/JAZZZEITUNGDE_Logo_Neu.png?fit=499%2C200&ssl=1","contentUrl":"https:\/\/i0.wp.com\/www.jazzzeitung.de\/cms\/wp-content\/uploads\/2015\/08\/JAZZZEITUNGDE_Logo_Neu.png?fit=499%2C200&ssl=1","width":499,"height":200,"caption":"JazzZeitung online"},"image":{"@id":"https:\/\/www.jazzzeitung.de\/cms\/#\/schema\/logo\/image\/"},"sameAs":["https:\/\/www.facebook.com\/JazzZeitung\/"]},{"@type":"Person","@id":"https:\/\/www.jazzzeitung.de\/cms\/#\/schema\/person\/a0bebd4d1728041629a3cbd7790f87fb","name":"Michael Scheiner","image":{"@type":"ImageObject","inLanguage":"de","@id":"https:\/\/secure.gravatar.com\/avatar\/c2d6ac12f682c419867cf3f803880bb41d5b23007d3670820aa9a6e7b5f6ec8d?s=96&d=wp_user_avatar&r=gdabb1b10453880983dfc53da7552ec76","url":"https:\/\/secure.gravatar.com\/avatar\/c2d6ac12f682c419867cf3f803880bb41d5b23007d3670820aa9a6e7b5f6ec8d?s=96&d=wp_user_avatar&r=g","contentUrl":"https:\/\/secure.gravatar.com\/avatar\/c2d6ac12f682c419867cf3f803880bb41d5b23007d3670820aa9a6e7b5f6ec8d?s=96&d=wp_user_avatar&r=g","caption":"Michael Scheiner"},"sameAs":["http:\/\/www.michaelscheiner.de"],"url":"https:\/\/www.jazzzeitung.de\/cms\/author\/mscheiner\/"}]}},"wp-worthy-pixel":{"ignored":false,"public":null,"server":null,"url":null},"wp-worthy-type":"normal","jetpack_publicize_connections":[],"cc_featured_image_caption":{"caption_text":"","source_text":"","source_url":""},"jetpack_featured_media_url":"https:\/\/i0.wp.com\/www.jazzzeitung.de\/cms\/wp-content\/uploads\/2020\/04\/Tasiya-Lukas-Fairytales.jpeg?fit=328%2C337&ssl=1","jetpack_shortlink":"https:\/\/wp.me\/p3KEcT-5Ph","jetpack-related-posts":[{"id":33658,"url":"https:\/\/www.jazzzeitung.de\/cms\/2026\/02\/manfred-bruendl-basstalk-zum-abschied-als-kontrabass-professor\/","url_meta":{"origin":22399,"position":0},"title":"Manfred Br\u00fcndl: \u201eBasstalk\u201c zum Abschied als Kontrabass-Professor","author":"Redaktion JazzZeitung","date":"10. Februar 2026","format":false,"excerpt":"(PM) Nach 30 Jahren Lehrt\u00e4tigkeit an der Hochschule f\u00fcr Musik Franz Liszt Weimar verabschiedet sich Manfred Br\u00fcndl als Professor f\u00fcr Jazz-Kontrabass und E-Bass in den wohl verdienten Ruhestand. Zum Ausklang h\u00e4lt der SWR-Jazzpreistr\u00e4ger noch einmal einen \u00f6ffentlichen Vortrag am Donnerstag, 12. Februar um 18:00 Uhr im Jazzensemble-Raum 304 im Hochschulzentrum\u2026","rel":"","context":"In &quot;News&quot;","block_context":{"text":"News","link":"https:\/\/www.jazzzeitung.de\/cms\/thema\/nachrichten\/"},"img":{"alt_text":"","src":"https:\/\/i0.wp.com\/www.jazzzeitung.de\/cms\/wp-content\/uploads\/2026\/02\/Bruendl_Manfred_Foto_Maik_Schuck-scaled.jpg?fit=1200%2C797&ssl=1&resize=350%2C200","width":350,"height":200,"srcset":"https:\/\/i0.wp.com\/www.jazzzeitung.de\/cms\/wp-content\/uploads\/2026\/02\/Bruendl_Manfred_Foto_Maik_Schuck-scaled.jpg?fit=1200%2C797&ssl=1&resize=350%2C200 1x, https:\/\/i0.wp.com\/www.jazzzeitung.de\/cms\/wp-content\/uploads\/2026\/02\/Bruendl_Manfred_Foto_Maik_Schuck-scaled.jpg?fit=1200%2C797&ssl=1&resize=525%2C300 1.5x, https:\/\/i0.wp.com\/www.jazzzeitung.de\/cms\/wp-content\/uploads\/2026\/02\/Bruendl_Manfred_Foto_Maik_Schuck-scaled.jpg?fit=1200%2C797&ssl=1&resize=700%2C400 2x, https:\/\/i0.wp.com\/www.jazzzeitung.de\/cms\/wp-content\/uploads\/2026\/02\/Bruendl_Manfred_Foto_Maik_Schuck-scaled.jpg?fit=1200%2C797&ssl=1&resize=1050%2C600 3x"},"classes":[]},{"id":25904,"url":"https:\/\/www.jazzzeitung.de\/cms\/2021\/10\/samaia-ein-interkulturelles-musik-tanz-projekt-erlebte-premiere-in-georgien\/","url_meta":{"origin":22399,"position":1},"title":"Samaia, ein interkulturelles Musik-Tanz-Projekt erlebte Premiere in Georgien","author":"Michael Scheiner","date":"4. Oktober 2021","format":false,"excerpt":"\u201eThree Minutes To Earth\u201c hie\u00df 2014 der georgische Beitrag zum ESC, dem Eurovision Song Contest. Es war ein untypischer, ziemlich schr\u00e4ger Song mit ethnisch angehauchtem Jazzrock, mehrstimmigem Gesang und afrikanischer Rhythmik \u2013 der es prompt nicht uns Finale schaffte. Geschrieben wurde der komplexe Dreimin\u00fcter von\u00a0 dem georgischen Komponisten, Arrangeur und\u2026","rel":"","context":"In &quot;News&quot;","block_context":{"text":"News","link":"https:\/\/www.jazzzeitung.de\/cms\/thema\/nachrichten\/"},"img":{"alt_text":"","src":"https:\/\/i0.wp.com\/www.jazzzeitung.de\/cms\/wp-content\/uploads\/2021\/09\/samaia-Tsinandali_878.jpg?fit=1200%2C823&ssl=1&resize=350%2C200","width":350,"height":200,"srcset":"https:\/\/i0.wp.com\/www.jazzzeitung.de\/cms\/wp-content\/uploads\/2021\/09\/samaia-Tsinandali_878.jpg?fit=1200%2C823&ssl=1&resize=350%2C200 1x, https:\/\/i0.wp.com\/www.jazzzeitung.de\/cms\/wp-content\/uploads\/2021\/09\/samaia-Tsinandali_878.jpg?fit=1200%2C823&ssl=1&resize=525%2C300 1.5x, https:\/\/i0.wp.com\/www.jazzzeitung.de\/cms\/wp-content\/uploads\/2021\/09\/samaia-Tsinandali_878.jpg?fit=1200%2C823&ssl=1&resize=700%2C400 2x, https:\/\/i0.wp.com\/www.jazzzeitung.de\/cms\/wp-content\/uploads\/2021\/09\/samaia-Tsinandali_878.jpg?fit=1200%2C823&ssl=1&resize=1050%2C600 3x"},"classes":[]},{"id":26499,"url":"https:\/\/www.jazzzeitung.de\/cms\/2022\/01\/die-ag-der-fiependen-maeuse-neue-cd-von-gabriele-hasler\/","url_meta":{"origin":22399,"position":2},"title":"Die AG der fiependen M\u00e4use\u00a0&#8211; neue CD von Gabriele Hasler","author":"Redaktion JazzZeitung","date":"11. Januar 2022","format":false,"excerpt":"Im Jazzfach steckt sie manchmal immer noch. Fr\u00fcher hat Gabriele Hasler \u201eGod Is A She\u201c gesungen und wurde von gestandenen Jazzern wie Bog Degen, Manfred Br\u00fcndl und ihrem damaligen Partner, dem Modern-Jazz-Schlagzeuger J\u00f6rn Schipper begleitet. Von Album zu Album hat sich die aus Hessen stammende Komponistin und Stimmk\u00fcnstlerin jedoch weiter\u2026","rel":"","context":"In &quot;Rezension&quot;","block_context":{"text":"Rezension","link":"https:\/\/www.jazzzeitung.de\/cms\/thema\/rezension\/"},"img":{"alt_text":"","src":"https:\/\/i0.wp.com\/www.jazzzeitung.de\/cms\/wp-content\/uploads\/2022\/01\/G.Hasler-Foto-2-Annett-Melzer-940x610-1.jpeg?fit=940%2C610&ssl=1&resize=350%2C200","width":350,"height":200,"srcset":"https:\/\/i0.wp.com\/www.jazzzeitung.de\/cms\/wp-content\/uploads\/2022\/01\/G.Hasler-Foto-2-Annett-Melzer-940x610-1.jpeg?fit=940%2C610&ssl=1&resize=350%2C200 1x, https:\/\/i0.wp.com\/www.jazzzeitung.de\/cms\/wp-content\/uploads\/2022\/01\/G.Hasler-Foto-2-Annett-Melzer-940x610-1.jpeg?fit=940%2C610&ssl=1&resize=525%2C300 1.5x, https:\/\/i0.wp.com\/www.jazzzeitung.de\/cms\/wp-content\/uploads\/2022\/01\/G.Hasler-Foto-2-Annett-Melzer-940x610-1.jpeg?fit=940%2C610&ssl=1&resize=700%2C400 2x"},"classes":[]},{"id":29984,"url":"https:\/\/www.jazzzeitung.de\/cms\/2023\/09\/news35-jahre-landesjugendjazzorchester-hamburg-west-side-beyond-in-weimarjunger-muenchner-jazzpreis-2023-die-finalisten\/","url_meta":{"origin":22399,"position":3},"title":"News:+++35 Jahre Landesjugendjazzorchester Hamburg+++ WEST SIDE &#038; beyond in Weimar+++Junger M\u00fcnchner Jazzpreis 2023 &#8211; die Finalisten+++","author":"Redaktion JazzZeitung","date":"1. September 2023","format":false,"excerpt":"+++Das Landesjugendjazzorchester Hamburg in der Elphie+++ Happy Birthday LJJO! Das Landesjugendjazzorchester Hamburg \u2013 eins der f\u00fchrendsten Nachwuchs-Jazzorchester Deutschlands \u2013 kann auf 35 Jahre Bestehen zur\u00fcckblicken und feiert diesen Geburtstag am 6. September 2023, 19:30, \u00a0im Kleinen Saal der Elbphilharmonie. Im ersten Set des Jubil\u00e4umskonzerts spielt das Landesjugendjazzorchester Hamburg unter der\u2026","rel":"","context":"In &quot;News&quot;","block_context":{"text":"News","link":"https:\/\/www.jazzzeitung.de\/cms\/thema\/nachrichten\/"},"img":{"alt_text":"","src":"https:\/\/i0.wp.com\/www.jazzzeitung.de\/cms\/wp-content\/uploads\/2023\/09\/230320-38_LJJO_HH_JannWilken-scaled.jpg?fit=1200%2C901&ssl=1&resize=350%2C200","width":350,"height":200,"srcset":"https:\/\/i0.wp.com\/www.jazzzeitung.de\/cms\/wp-content\/uploads\/2023\/09\/230320-38_LJJO_HH_JannWilken-scaled.jpg?fit=1200%2C901&ssl=1&resize=350%2C200 1x, https:\/\/i0.wp.com\/www.jazzzeitung.de\/cms\/wp-content\/uploads\/2023\/09\/230320-38_LJJO_HH_JannWilken-scaled.jpg?fit=1200%2C901&ssl=1&resize=525%2C300 1.5x, https:\/\/i0.wp.com\/www.jazzzeitung.de\/cms\/wp-content\/uploads\/2023\/09\/230320-38_LJJO_HH_JannWilken-scaled.jpg?fit=1200%2C901&ssl=1&resize=700%2C400 2x, https:\/\/i0.wp.com\/www.jazzzeitung.de\/cms\/wp-content\/uploads\/2023\/09\/230320-38_LJJO_HH_JannWilken-scaled.jpg?fit=1200%2C901&ssl=1&resize=1050%2C600 3x"},"classes":[]},{"id":27929,"url":"https:\/\/www.jazzzeitung.de\/cms\/2022\/07\/die-erweiterte-jazz-radiowoche-vom-25-07-bis-31-07-2022\/","url_meta":{"origin":22399,"position":4},"title":"Die erweiterte Jazz-Radiowoche vom 25.07. bis 31.07.2022","author":"Martin Hufner","date":"24. Juli 2022","format":false,"excerpt":"Die erweiterte Jazz-Radiowoche vom 25.07. bis 31.07.2022 Ein kleiner Blick in die Radiowoche 30. Die Luft wird d\u00fcnner, denn es ist Festspielsommer bei der ARD. Das hei\u00dft, f\u00fcr manche Sender findet Jazz jetzt erst wirklich statt, f\u00fcr andere hei\u00dft es Reduktion auf eine halbe Stunde vor Mitternacht. Teilnehmende Sender beim\u2026","rel":"","context":"In &quot;News&quot;","block_context":{"text":"News","link":"https:\/\/www.jazzzeitung.de\/cms\/thema\/nachrichten\/"},"img":{"alt_text":"Jazz im Radio. Foto\/Montage: Hufner","src":"https:\/\/i0.wp.com\/www.jazzzeitung.de\/cms\/wp-content\/uploads\/2018\/05\/radio-jazz_journalisten.jpg?fit=1200%2C900&ssl=1&resize=350%2C200","width":350,"height":200,"srcset":"https:\/\/i0.wp.com\/www.jazzzeitung.de\/cms\/wp-content\/uploads\/2018\/05\/radio-jazz_journalisten.jpg?fit=1200%2C900&ssl=1&resize=350%2C200 1x, https:\/\/i0.wp.com\/www.jazzzeitung.de\/cms\/wp-content\/uploads\/2018\/05\/radio-jazz_journalisten.jpg?fit=1200%2C900&ssl=1&resize=525%2C300 1.5x, https:\/\/i0.wp.com\/www.jazzzeitung.de\/cms\/wp-content\/uploads\/2018\/05\/radio-jazz_journalisten.jpg?fit=1200%2C900&ssl=1&resize=700%2C400 2x, https:\/\/i0.wp.com\/www.jazzzeitung.de\/cms\/wp-content\/uploads\/2018\/05\/radio-jazz_journalisten.jpg?fit=1200%2C900&ssl=1&resize=1050%2C600 3x"},"classes":[]},{"id":27719,"url":"https:\/\/www.jazzzeitung.de\/cms\/2022\/07\/news-jazz-festival-saarlouis-open-air-auf-der-vauban-insel-luebeck-jazz-allstars-53-deutsches-jazzfestival-frankfurt-steht-vor-dem-start\/","url_meta":{"origin":22399,"position":5},"title":"+++ News: +++ Jazz Festival Saarlouis Open Air auf der Vauban Insel +++ L\u00fcbeck Jazz Allstars +++ 53. Deutsches Jazzfestival Frankfurt steht vor dem Start +++","author":"Redaktion JazzZeitung","date":"7. Juli 2022","format":false,"excerpt":"+++ Jazz Festival Saarlouis Open Air auf der Vauban Insel vom 13 - 17.7.2022 +++ Vom 13. bis 17. Juli dreht sich auf der Saarlouiser Vaubaninsel alles um Jazz. Die historische Festungsanlage bietet die Kulisse f\u00fcr regionale und internationale Jazz K\u00fcnstler.\u00a0Das Jazzfestival Saarlouis z\u00e4hlt zu den Konzert H\u00f6hepunkten der diesj\u00e4hrigen\u2026","rel":"","context":"In &quot;News&quot;","block_context":{"text":"News","link":"https:\/\/www.jazzzeitung.de\/cms\/thema\/nachrichten\/"},"img":{"alt_text":"","src":"https:\/\/i0.wp.com\/www.jazzzeitung.de\/cms\/wp-content\/uploads\/2022\/07\/Afra-Kane-Studio-0186-1-scaled.jpg?fit=1200%2C800&ssl=1&resize=350%2C200","width":350,"height":200,"srcset":"https:\/\/i0.wp.com\/www.jazzzeitung.de\/cms\/wp-content\/uploads\/2022\/07\/Afra-Kane-Studio-0186-1-scaled.jpg?fit=1200%2C800&ssl=1&resize=350%2C200 1x, https:\/\/i0.wp.com\/www.jazzzeitung.de\/cms\/wp-content\/uploads\/2022\/07\/Afra-Kane-Studio-0186-1-scaled.jpg?fit=1200%2C800&ssl=1&resize=525%2C300 1.5x, https:\/\/i0.wp.com\/www.jazzzeitung.de\/cms\/wp-content\/uploads\/2022\/07\/Afra-Kane-Studio-0186-1-scaled.jpg?fit=1200%2C800&ssl=1&resize=700%2C400 2x, https:\/\/i0.wp.com\/www.jazzzeitung.de\/cms\/wp-content\/uploads\/2022\/07\/Afra-Kane-Studio-0186-1-scaled.jpg?fit=1200%2C800&ssl=1&resize=1050%2C600 3x"},"classes":[]}],"jetpack_sharing_enabled":true,"_links":{"self":[{"href":"https:\/\/www.jazzzeitung.de\/cms\/wp-json\/wp\/v2\/posts\/22399","targetHints":{"allow":["GET"]}}],"collection":[{"href":"https:\/\/www.jazzzeitung.de\/cms\/wp-json\/wp\/v2\/posts"}],"about":[{"href":"https:\/\/www.jazzzeitung.de\/cms\/wp-json\/wp\/v2\/types\/post"}],"author":[{"embeddable":true,"href":"https:\/\/www.jazzzeitung.de\/cms\/wp-json\/wp\/v2\/users\/37"}],"replies":[{"embeddable":true,"href":"https:\/\/www.jazzzeitung.de\/cms\/wp-json\/wp\/v2\/comments?post=22399"}],"version-history":[{"count":7,"href":"https:\/\/www.jazzzeitung.de\/cms\/wp-json\/wp\/v2\/posts\/22399\/revisions"}],"predecessor-version":[{"id":22409,"href":"https:\/\/www.jazzzeitung.de\/cms\/wp-json\/wp\/v2\/posts\/22399\/revisions\/22409"}],"wp:featuredmedia":[{"embeddable":true,"href":"https:\/\/www.jazzzeitung.de\/cms\/wp-json\/wp\/v2\/media\/22400"}],"wp:attachment":[{"href":"https:\/\/www.jazzzeitung.de\/cms\/wp-json\/wp\/v2\/media?parent=22399"}],"wp:term":[{"taxonomy":"category","embeddable":true,"href":"https:\/\/www.jazzzeitung.de\/cms\/wp-json\/wp\/v2\/categories?post=22399"},{"taxonomy":"post_tag","embeddable":true,"href":"https:\/\/www.jazzzeitung.de\/cms\/wp-json\/wp\/v2\/tags?post=22399"},{"taxonomy":"author","embeddable":true,"href":"https:\/\/www.jazzzeitung.de\/cms\/wp-json\/wp\/v2\/coauthors?post=22399"}],"curies":[{"name":"wp","href":"https:\/\/api.w.org\/{rel}","templated":true}]}}