{"id":22367,"date":"2020-04-16T10:34:46","date_gmt":"2020-04-16T08:34:46","guid":{"rendered":"https:\/\/www.jazzzeitung.de\/cms\/?p=22367"},"modified":"2020-04-16T13:50:10","modified_gmt":"2020-04-16T11:50:10","slug":"dialoge-und-rhapsodien-ein-nachruf-auf-lee-konitz","status":"publish","type":"post","link":"https:\/\/www.jazzzeitung.de\/cms\/2020\/04\/dialoge-und-rhapsodien-ein-nachruf-auf-lee-konitz\/","title":{"rendered":"Dialoge und Rhapsodien &#8211; ein Nachruf auf Lee Konitz"},"content":{"rendered":"<p><strong>Der am 13. Oktober 1927 in Chicago geborene Altsaxophonist Lee Konitz z\u00e4hlte zu den Erfindern und Virtuosen des sogenannten Cool Jazz. Mit seinem linearen Spiel pr\u00e4gte er Musiker wie Paul Desmond, Bill Evans, Hans Koller, Albert Mangelsdorff und schlie\u00dflich sogar Avantgardisten wie Anthony Braxton. Im Andenken an den gestern in Greenwich Village im Alter von 92 Jahren verstorbenen K\u00fcnstler ver\u00f6ffentlicht die JazzZeitung eine Laudatio auf Lee Konitz, die Andreas Kolb am 11. Juli 2013 anl\u00e4sslich der Verleihung der German Jazz Trophy 2013 in\u00a0 Stuttgart hielt. Fotos: Thomas J. Krebs<\/strong><\/p>\n<h3>Dialoge und Rhapsodien<\/h3>\n<p lang=\"de-DE\" align=\"LEFT\">\u201eAls wenn die ewige Harmonie sich mit sich selbst unterhielte\u201c, sagte Johann Wolfgang Goethe \u00fcber das Wohltemperierte Klavier von Johann Sebastian Bach. Von der Musik als Klangrede sprach der Dirigent Nikolaus Harnoncourt als er in den 80ern einen neuen Zugang zur Alten Musik suchte. Im Sektor des Jazz f\u00fchrte unser heutige Gast und Preistr\u00e4ger Lee Konitz mit die spannendsten und aufregendsten Musik-Diskurse \u2013 und das \u00fcber sieben Jahrzehnte hinweg.<\/p>\n<p lang=\"de-DE\" align=\"LEFT\">Zu den wunderbarsten musikalischen Konversationen, die ich kenne, z\u00e4hlen die Duos von Lee Konitz mit \u201eGespr\u00e4chspartnern\u201c wie Joe Henderson, Elvin Jones, Eddie Gomez, Karl Berger und Jim Hall; oder der Br\u00fcckenschlag zum europ\u00e4ischen Jazz-Zungenschlag durch seine Arbeit mit Attila Zoller, Albert Mangelsdorff und Lars Gullin; oder seine Dialoge und Rhapsodien mit Jimmy Giuffre, Gerry Mulligan, Paul Motian, Joe Lovano, Bill Frisell, Paul Bley, Gary Peacock, John Scofield, Clark Terry und Toots Thielemanns (einer unserer inzwischen 13 German Jazz Trophy Preistr\u00e4ger).<\/p>\n<div class=\"tiled-gallery type-rectangular tiled-gallery-unresized\" data-original-width=\"840\" data-carousel-extra='{&quot;blog_id&quot;:1,&quot;permalink&quot;:&quot;https:\\\/\\\/www.jazzzeitung.de\\\/cms\\\/2020\\\/04\\\/dialoge-und-rhapsodien-ein-nachruf-auf-lee-konitz\\\/&quot;,&quot;likes_blog_id&quot;:55446655}' itemscope itemtype=\"http:\/\/schema.org\/ImageGallery\" > <div class=\"gallery-row\" style=\"width: 840px; height: 313px;\" data-original-width=\"840\" data-original-height=\"313\" > <div class=\"gallery-group images-1\" style=\"width: 210px; height: 313px;\" data-original-width=\"210\" data-original-height=\"313\" > <div class=\"tiled-gallery-item tiled-gallery-item-small\" itemprop=\"associatedMedia\" itemscope itemtype=\"http:\/\/schema.org\/ImageObject\"> <a href=\"https:\/\/www.jazzzeitung.de\/cms\/2020\/04\/dialoge-und-rhapsodien-ein-nachruf-auf-lee-konitz\/p1600877-konitz-foto-tj-krebs\/\" border=\"0\" itemprop=\"url\"> <meta itemprop=\"width\" content=\"206\"> <meta itemprop=\"height\" content=\"309\"> <img decoding=\"async\" class=\"\" data-attachment-id=\"22377\" data-orig-file=\"https:\/\/www.jazzzeitung.de\/cms\/wp-content\/uploads\/2020\/04\/P1600877-Konitz-Foto-TJ-Krebs.jpg\" data-orig-size=\"1200,1800\" data-comments-opened=\"1\" data-image-meta=\"{&quot;aperture&quot;:&quot;0&quot;,&quot;credit&quot;:&quot;&quot;,&quot;camera&quot;:&quot;&quot;,&quot;caption&quot;:&quot;&quot;,&quot;created_timestamp&quot;:&quot;0&quot;,&quot;copyright&quot;:&quot;&quot;,&quot;focal_length&quot;:&quot;0&quot;,&quot;iso&quot;:&quot;0&quot;,&quot;shutter_speed&quot;:&quot;0&quot;,&quot;title&quot;:&quot;&quot;,&quot;orientation&quot;:&quot;0&quot;}\" data-image-title=\"\" data-image-description=\"\" data-medium-file=\"https:\/\/i0.wp.com\/www.jazzzeitung.de\/cms\/wp-content\/uploads\/2020\/04\/P1600877-Konitz-Foto-TJ-Krebs.jpg?fit=200%2C300&#038;ssl=1\" data-large-file=\"https:\/\/i0.wp.com\/www.jazzzeitung.de\/cms\/wp-content\/uploads\/2020\/04\/P1600877-Konitz-Foto-TJ-Krebs.jpg?fit=400%2C600&#038;ssl=1\" src=\"https:\/\/i0.wp.com\/www.jazzzeitung.de\/cms\/wp-content\/uploads\/2020\/04\/P1600877-Konitz-Foto-TJ-Krebs.jpg?w=206&#038;h=309&#038;ssl=1\" srcset=\"https:\/\/i0.wp.com\/www.jazzzeitung.de\/cms\/wp-content\/uploads\/2020\/04\/P1600877-Konitz-Foto-TJ-Krebs.jpg?w=1200&amp;ssl=1 1200w, https:\/\/i0.wp.com\/www.jazzzeitung.de\/cms\/wp-content\/uploads\/2020\/04\/P1600877-Konitz-Foto-TJ-Krebs.jpg?resize=200%2C300&amp;ssl=1 200w, https:\/\/i0.wp.com\/www.jazzzeitung.de\/cms\/wp-content\/uploads\/2020\/04\/P1600877-Konitz-Foto-TJ-Krebs.jpg?resize=400%2C600&amp;ssl=1 400w, https:\/\/i0.wp.com\/www.jazzzeitung.de\/cms\/wp-content\/uploads\/2020\/04\/P1600877-Konitz-Foto-TJ-Krebs.jpg?resize=768%2C1152&amp;ssl=1 768w, https:\/\/i0.wp.com\/www.jazzzeitung.de\/cms\/wp-content\/uploads\/2020\/04\/P1600877-Konitz-Foto-TJ-Krebs.jpg?resize=1024%2C1536&amp;ssl=1 1024w\" width=\"206\" height=\"309\" loading=\"lazy\" data-original-width=\"206\" data-original-height=\"309\" itemprop=\"http:\/\/schema.org\/image\" title=\"\" alt=\"Lee Konitz. Foto: TJ-Krebs.\" style=\"width: 206px; height: 309px;\" \/> <\/a> <div class=\"tiled-gallery-caption\" itemprop=\"caption description\"> Lee Konitz. Foto: TJ-Krebs. <\/div> <\/div> <\/div> <!-- close group --> <div class=\"gallery-group images-1\" style=\"width: 210px; height: 313px;\" data-original-width=\"210\" data-original-height=\"313\" > <div class=\"tiled-gallery-item tiled-gallery-item-small\" itemprop=\"associatedMedia\" itemscope itemtype=\"http:\/\/schema.org\/ImageObject\"> <a href=\"https:\/\/www.jazzzeitung.de\/cms\/2020\/04\/dialoge-und-rhapsodien-ein-nachruf-auf-lee-konitz\/p1610001-konitz-foto-tj-krebs\/\" border=\"0\" itemprop=\"url\"> <meta itemprop=\"width\" content=\"206\"> <meta itemprop=\"height\" content=\"309\"> <img decoding=\"async\" class=\"\" data-attachment-id=\"22378\" data-orig-file=\"https:\/\/www.jazzzeitung.de\/cms\/wp-content\/uploads\/2020\/04\/P1610001-Konitz-Foto-TJ-Krebs.jpg\" data-orig-size=\"1200,1800\" data-comments-opened=\"1\" data-image-meta=\"{&quot;aperture&quot;:&quot;0&quot;,&quot;credit&quot;:&quot;&quot;,&quot;camera&quot;:&quot;&quot;,&quot;caption&quot;:&quot;&quot;,&quot;created_timestamp&quot;:&quot;0&quot;,&quot;copyright&quot;:&quot;&quot;,&quot;focal_length&quot;:&quot;0&quot;,&quot;iso&quot;:&quot;0&quot;,&quot;shutter_speed&quot;:&quot;0&quot;,&quot;title&quot;:&quot;&quot;,&quot;orientation&quot;:&quot;0&quot;}\" data-image-title=\"Konitz &amp;#8211; Foto TJ Krebs\" data-image-description=\"\" data-medium-file=\"https:\/\/i0.wp.com\/www.jazzzeitung.de\/cms\/wp-content\/uploads\/2020\/04\/P1610001-Konitz-Foto-TJ-Krebs.jpg?fit=200%2C300&#038;ssl=1\" data-large-file=\"https:\/\/i0.wp.com\/www.jazzzeitung.de\/cms\/wp-content\/uploads\/2020\/04\/P1610001-Konitz-Foto-TJ-Krebs.jpg?fit=400%2C600&#038;ssl=1\" src=\"https:\/\/i0.wp.com\/www.jazzzeitung.de\/cms\/wp-content\/uploads\/2020\/04\/P1610001-Konitz-Foto-TJ-Krebs.jpg?w=206&#038;h=309&#038;ssl=1\" srcset=\"https:\/\/i0.wp.com\/www.jazzzeitung.de\/cms\/wp-content\/uploads\/2020\/04\/P1610001-Konitz-Foto-TJ-Krebs.jpg?w=1200&amp;ssl=1 1200w, https:\/\/i0.wp.com\/www.jazzzeitung.de\/cms\/wp-content\/uploads\/2020\/04\/P1610001-Konitz-Foto-TJ-Krebs.jpg?resize=200%2C300&amp;ssl=1 200w, https:\/\/i0.wp.com\/www.jazzzeitung.de\/cms\/wp-content\/uploads\/2020\/04\/P1610001-Konitz-Foto-TJ-Krebs.jpg?resize=400%2C600&amp;ssl=1 400w, https:\/\/i0.wp.com\/www.jazzzeitung.de\/cms\/wp-content\/uploads\/2020\/04\/P1610001-Konitz-Foto-TJ-Krebs.jpg?resize=768%2C1152&amp;ssl=1 768w, https:\/\/i0.wp.com\/www.jazzzeitung.de\/cms\/wp-content\/uploads\/2020\/04\/P1610001-Konitz-Foto-TJ-Krebs.jpg?resize=1024%2C1536&amp;ssl=1 1024w\" width=\"206\" height=\"309\" loading=\"lazy\" data-original-width=\"206\" data-original-height=\"309\" itemprop=\"http:\/\/schema.org\/image\" title=\"Konitz - Foto TJ Krebs\" alt=\"Konitz - Foto TJ Krebs\" style=\"width: 206px; height: 309px;\" \/> <\/a> <\/div> <\/div> <!-- close group --> <div class=\"gallery-group images-1\" style=\"width: 210px; height: 313px;\" data-original-width=\"210\" data-original-height=\"313\" > <div class=\"tiled-gallery-item tiled-gallery-item-small\" itemprop=\"associatedMedia\" itemscope itemtype=\"http:\/\/schema.org\/ImageObject\"> <a href=\"https:\/\/www.jazzzeitung.de\/cms\/2020\/04\/dialoge-und-rhapsodien-ein-nachruf-auf-lee-konitz\/p1600835-konitz-foto-tj-krebs\/\" border=\"0\" itemprop=\"url\"> <meta itemprop=\"width\" content=\"206\"> <meta itemprop=\"height\" content=\"309\"> <img decoding=\"async\" class=\"\" data-attachment-id=\"22376\" data-orig-file=\"https:\/\/www.jazzzeitung.de\/cms\/wp-content\/uploads\/2020\/04\/P1600835-Konitz-Foto-TJ-Krebs.jpg\" data-orig-size=\"1200,1800\" data-comments-opened=\"1\" data-image-meta=\"{&quot;aperture&quot;:&quot;0&quot;,&quot;credit&quot;:&quot;&quot;,&quot;camera&quot;:&quot;&quot;,&quot;caption&quot;:&quot;&quot;,&quot;created_timestamp&quot;:&quot;0&quot;,&quot;copyright&quot;:&quot;&quot;,&quot;focal_length&quot;:&quot;0&quot;,&quot;iso&quot;:&quot;0&quot;,&quot;shutter_speed&quot;:&quot;0&quot;,&quot;title&quot;:&quot;&quot;,&quot;orientation&quot;:&quot;0&quot;}\" data-image-title=\"Konitz &amp;#8211; Foto TJ Krebs\" data-image-description=\"\" data-medium-file=\"https:\/\/i0.wp.com\/www.jazzzeitung.de\/cms\/wp-content\/uploads\/2020\/04\/P1600835-Konitz-Foto-TJ-Krebs.jpg?fit=200%2C300&#038;ssl=1\" data-large-file=\"https:\/\/i0.wp.com\/www.jazzzeitung.de\/cms\/wp-content\/uploads\/2020\/04\/P1600835-Konitz-Foto-TJ-Krebs.jpg?fit=400%2C600&#038;ssl=1\" src=\"https:\/\/i0.wp.com\/www.jazzzeitung.de\/cms\/wp-content\/uploads\/2020\/04\/P1600835-Konitz-Foto-TJ-Krebs.jpg?w=206&#038;h=309&#038;ssl=1\" srcset=\"https:\/\/i0.wp.com\/www.jazzzeitung.de\/cms\/wp-content\/uploads\/2020\/04\/P1600835-Konitz-Foto-TJ-Krebs.jpg?w=1200&amp;ssl=1 1200w, https:\/\/i0.wp.com\/www.jazzzeitung.de\/cms\/wp-content\/uploads\/2020\/04\/P1600835-Konitz-Foto-TJ-Krebs.jpg?resize=200%2C300&amp;ssl=1 200w, https:\/\/i0.wp.com\/www.jazzzeitung.de\/cms\/wp-content\/uploads\/2020\/04\/P1600835-Konitz-Foto-TJ-Krebs.jpg?resize=400%2C600&amp;ssl=1 400w, https:\/\/i0.wp.com\/www.jazzzeitung.de\/cms\/wp-content\/uploads\/2020\/04\/P1600835-Konitz-Foto-TJ-Krebs.jpg?resize=768%2C1152&amp;ssl=1 768w, https:\/\/i0.wp.com\/www.jazzzeitung.de\/cms\/wp-content\/uploads\/2020\/04\/P1600835-Konitz-Foto-TJ-Krebs.jpg?resize=1024%2C1536&amp;ssl=1 1024w\" width=\"206\" height=\"309\" loading=\"lazy\" data-original-width=\"206\" data-original-height=\"309\" itemprop=\"http:\/\/schema.org\/image\" title=\"Konitz - Foto TJ Krebs\" alt=\"Konitz - Foto TJ Krebs\" style=\"width: 206px; height: 309px;\" \/> <\/a> <\/div> <\/div> <!-- close group --> <div class=\"gallery-group images-1\" style=\"width: 210px; height: 313px;\" data-original-width=\"210\" data-original-height=\"313\" > <div class=\"tiled-gallery-item tiled-gallery-item-small\" itemprop=\"associatedMedia\" itemscope itemtype=\"http:\/\/schema.org\/ImageObject\"> <a href=\"https:\/\/www.jazzzeitung.de\/cms\/2020\/04\/dialoge-und-rhapsodien-ein-nachruf-auf-lee-konitz\/p1600819-konitz-foto-tj-krebs\/\" border=\"0\" itemprop=\"url\"> <meta itemprop=\"width\" content=\"206\"> <meta itemprop=\"height\" content=\"309\"> <img decoding=\"async\" class=\"\" data-attachment-id=\"22375\" data-orig-file=\"https:\/\/www.jazzzeitung.de\/cms\/wp-content\/uploads\/2020\/04\/P1600819-Konitz-Foto-TJ-Krebs.jpg\" data-orig-size=\"1200,1800\" data-comments-opened=\"1\" data-image-meta=\"{&quot;aperture&quot;:&quot;0&quot;,&quot;credit&quot;:&quot;&quot;,&quot;camera&quot;:&quot;&quot;,&quot;caption&quot;:&quot;&quot;,&quot;created_timestamp&quot;:&quot;0&quot;,&quot;copyright&quot;:&quot;&quot;,&quot;focal_length&quot;:&quot;0&quot;,&quot;iso&quot;:&quot;0&quot;,&quot;shutter_speed&quot;:&quot;0&quot;,&quot;title&quot;:&quot;&quot;,&quot;orientation&quot;:&quot;0&quot;}\" data-image-title=\"Konitz &amp;#8211; Foto TJ Krebs\" data-image-description=\"\" data-medium-file=\"https:\/\/i0.wp.com\/www.jazzzeitung.de\/cms\/wp-content\/uploads\/2020\/04\/P1600819-Konitz-Foto-TJ-Krebs.jpg?fit=200%2C300&#038;ssl=1\" data-large-file=\"https:\/\/i0.wp.com\/www.jazzzeitung.de\/cms\/wp-content\/uploads\/2020\/04\/P1600819-Konitz-Foto-TJ-Krebs.jpg?fit=400%2C600&#038;ssl=1\" src=\"https:\/\/i0.wp.com\/www.jazzzeitung.de\/cms\/wp-content\/uploads\/2020\/04\/P1600819-Konitz-Foto-TJ-Krebs.jpg?w=206&#038;h=309&#038;ssl=1\" srcset=\"https:\/\/i0.wp.com\/www.jazzzeitung.de\/cms\/wp-content\/uploads\/2020\/04\/P1600819-Konitz-Foto-TJ-Krebs.jpg?w=1200&amp;ssl=1 1200w, https:\/\/i0.wp.com\/www.jazzzeitung.de\/cms\/wp-content\/uploads\/2020\/04\/P1600819-Konitz-Foto-TJ-Krebs.jpg?resize=200%2C300&amp;ssl=1 200w, https:\/\/i0.wp.com\/www.jazzzeitung.de\/cms\/wp-content\/uploads\/2020\/04\/P1600819-Konitz-Foto-TJ-Krebs.jpg?resize=400%2C600&amp;ssl=1 400w, https:\/\/i0.wp.com\/www.jazzzeitung.de\/cms\/wp-content\/uploads\/2020\/04\/P1600819-Konitz-Foto-TJ-Krebs.jpg?resize=768%2C1152&amp;ssl=1 768w, https:\/\/i0.wp.com\/www.jazzzeitung.de\/cms\/wp-content\/uploads\/2020\/04\/P1600819-Konitz-Foto-TJ-Krebs.jpg?resize=1024%2C1536&amp;ssl=1 1024w\" width=\"206\" height=\"309\" loading=\"lazy\" data-original-width=\"206\" data-original-height=\"309\" itemprop=\"http:\/\/schema.org\/image\" title=\"Konitz - Foto TJ Krebs\" alt=\"Konitz - Foto TJ Krebs\" style=\"width: 206px; height: 309px;\" \/> <\/a> <\/div> <\/div> <!-- close group --> <\/div> <!-- close row --> <\/div>\n<p lang=\"de-DE\" align=\"LEFT\">Wenn man sich mit dem Schaffen von Lee Konitz besch\u00e4ftigt \u2013 dann ist man mit \u00fcber 140 Platten und CD-Aufnahmen allein als Bandleader konfrontiert, aber auch mit Dutzenden Formationen vom Duo bis zur Big Band. Eines aber scheint sich \u2013 abgesehen von seinen eigenen Kompositionen und seinem erz\u00e4hlerischem Stil &#8211; immer wieder zu gleichen: sein Repertoire.<\/p>\n<p lang=\"de-DE\" align=\"LEFT\">Im Booklet des Albums \u201eAnother Shade of Blue\u201c mit dem Pianisten Brad Mehldau und dem Bassisten Charlie Haden fand ich einen Satz von Konitz, der diese Tatsache etwas n\u00e4her erl\u00e4utert: \u201eI love to play the great show tunes from a long time ago because they are good tunes, and it is fun for me to find new versions of these familiar tunes.\u201c<\/p>\n<h3 lang=\"de-DE\" align=\"LEFT\">\u201eAnother Shade of Blue\u201c<\/h3>\n<p lang=\"de-DE\">Das Album \u201eAnother Shade of Blue\u201c enth\u00e4lt Musik aus einem Gu\u00df. Als ich Konitz k\u00fcrzlich fragte, wie lange diese Formation wohl zusammengespielt haben m\u00fcsste, um solche Meisterschaft zu erlangen, sagt er zu meiner \u00dcberraschung: \u201eIt was only that Gig \u2013 es war nur dieses eine Konzert\u201c. Das zeigt nicht nur die Meisterschaft der Musiker, sondern auch die Funktionsweise des Improvisierens \u00fcber die \u201eguten alten Melodien\u201c.<\/p>\n<p lang=\"de-DE\">Kann man ein Leben lang stets \u00fcber die gleichen, \u00fcberkommenen St\u00fccke aus dem amerikanischen Songkosmos der 30er und 40er Jahre spielen? Ist das nicht \u201ealter Wein in neuen Schl\u00e4uchen\u201c? Hier widerspricht der Meister energisch: \u201eIch und meine Mitmusiker sprechen von etwas Neuem: \u201eBody and Soul\u201c and \u201eAll the things you are\u201c sind so zeitgen\u00f6ssisch, wie man sie spielt. Diese bekannten Tunes nehmen wir als Basis f\u00fcr freie Improvisation. Sie geben einem einfach ein bisschen mehr das Gef\u00fchl von Sicherheit, als wenn man von Null weg starten w\u00fcrde. Was wir nat\u00fcrlich manchmal auch tun.\u201d<\/p>\n<p lang=\"de-DE\">Ich habe Lee Konitz auch gefragt, warum er nicht, wie viele seiner Kollegen \u2013 mit Anleihen aus dem HipHop, mit Musikmixturen etwa wie in der World Music arbeitet. Warum bedient er sich \u2013 im Gegensatz zu vielen seiner Kollegen &#8211; so wenig aus dem Markt der M\u00f6glichkeiten?<\/p>\n<h3 lang=\"de-DE\">\u201eAll the things you are\u201c<\/h3>\n<p lang=\"de-DE\">\u201eDa wird viel geschwindelt, einfach damit Jazz auch heute noch gut ankommt. Es tut mir leid, aber ich blieb einfach dabei, \u201eAll the things you are\u201c zu spielen, und zwar jedes Mal anders, so hoffe ich. Daf\u00fcr brauche ich keine Hilfe von indischer oder chinesischer Musik. Und die meiste Popmusik hasse ich sowieso.\u201c Man sieht, mit 86 muss man kein Blatt mehr vor den Mund nehmen \u2013 wobei unser Preistr\u00e4ger das auch in j\u00fcngeren Jahren nie getan hat.<\/p>\n<p lang=\"de-DE\" align=\"LEFT\">Das Konzept der gehoben Unterhaltung gilt auch f\u00fcr die Band, mit der unser Preistr\u00e4ger heute hier auftritt, mit Dan Tepfer am Klavier, Jeremy Stratton am Bass und George Schuller am Schlagzeug. Nat\u00fcrlich profitiert das musikalische Gespr\u00e4ch, das wir hier noch erwarten d\u00fcrfen auch von der Konfrontation zwischen Konitz, der 70 Jahre Jazzgeschichte repr\u00e4sentiert, und seinen j\u00fcngeren Partnern. An denen sch\u00e4tzt Konitz nicht nur ihre Versiertheit und Virtuosit\u00e4t, sondern auch eine besondere Gabe, die nicht bei allen Musikern gleich ausgepr\u00e4gt ist: \u201eDan Tepfer ist nicht nur ein hervorragender Spieler\u201c, sagt Konitz, \u201esondern auch ein guter Zuh\u00f6rer. Abgesehen davon, das er manchmal zu Verabredungen zu sp\u00e4t kommt, ist er ein perfekter Partner.\u201d Heute ist er jedenfalls p\u00fcnktlich da gewesen, das kann ich bezeugen.<\/p>\n<p lang=\"de-DE\" align=\"LEFT\">Noch ein Satz von Konitz zum Thema Blues: \u201eAls Charlie Parker Blue Notes spielte, klang das echt, authentisch, aber bei den meisten von uns anderen klingen sie nur noch \u201cschmalzy\u201d oder noch schlimmer wie \u201cbullshit\u201d. Strenge Worte. \u201eEs schwierig den Blues zu spielen\u201c, f\u00e4hrt er fort. \u201eEs ist schwierig \u201ewei\u00dfen Blues\u201d zu spielen, dennoch bin ich von der Form nach wie vor fasziniert und herausgefordert.\u201c<\/p>\n<h3 lang=\"de-DE\" align=\"LEFT\">Die Herausforderung sucht er bis heute<\/h3>\n<p lang=\"de-DE\" align=\"LEFT\">W\u00e4hrend die meisten Musiker es vermeiden, ihre Instrumente zu wechseln, aus Angst den Kontakt zu verlieren, die sichere Basis, sucht Konitz das Neue, das Ungeh\u00f6rte. Er probiert neue Mundst\u00fccke, verschiedene Instrumente, Hersteller, Bl\u00e4ttchen&#8230;und will immer wieder anders klingen.<\/p>\n<p lang=\"de-DE\" align=\"LEFT\">Letztlich kam Konitz durch diese Unvoreingenommenheit und Neugier auch zu seinem Instrument, dem Altsaxophon, f\u00fcr das er heute steht wie kein Zweiter. Nachdem er zun\u00e4chst Klarinette spielte, wechselte er zum Tenorsaxophon, das er eigentlich gerne spielte. Als er jedoch ein Jobangebot in einer Band erhielt, die einen Altisten suchte, erhielt, fackelte er nicht lange: Er probierte das neue Instrument, spielte es, mochte es und blieb dabei. Ganz unpr\u00e4tenti\u00f6s, aber auch folgerichtig, kam Lee Konitz zu seinem Instrument, mit dem er Jazzgeschichte schreiben sollte: \u201eOne of the things that can happen in life, you change your mind, you change your instrument.\u201d Das klingt lapidar, n\u00fcchtern &#8211; cool eben, und ist dennoch die Beschreibung eines Gl\u00fccksfalls. Denn in den vierziger Jahren stie\u00df er damit in eine \u201eMarktl\u00fccke\u201c wie wir heute sagen w\u00fcrden.<\/p>\n<p lang=\"de-DE\" align=\"LEFT\">Nach unseren heutigen Begriffen hat Konitz nie Musik studiert, doch hatte er die beste Universit\u00e4t, die man sich denken kann, n\u00e4mlich den Partner, Mentor und Freund, den Pianisten Lenny Tristano: \u201eIch studierte Musik bei Tristano. Nebenher habe ich versucht, zu lernen, welche Kn\u00f6pfe ich auf meinem Saxophon dr\u00fccken muss.\u201c<\/p>\n<p lang=\"de-DE\" align=\"LEFT\">Wir sind sehr gespannt, welche Kn\u00f6pfe Sie heute dr\u00fccken \u2013 und freuen uns auf das Preistr\u00e4gerkonzert zusammen mit Dan Tepfer am Klavier, Jeremy Stratton am Bass und George Schuller am Schlagzeug.<\/p>\n<p lang=\"de-DE\" align=\"LEFT\">Herzlichen Gl\u00fcckwunsch zur German Jazz Trophy A Life for Jazz, lieber Lee Konitz, wir sind gl\u00fccklich, dass Sie heute Abend bei uns sind.<\/p>\n<p lang=\"de-DE\" align=\"LEFT\">German Jazz Trophy Stuttgart, 11. Juli 2013<span style=\"color: #000000;\"><span style=\"font-family: Arial, sans-serif;\"><span style=\"font-size: large;\"><br \/>\n<\/span><\/span><\/span><\/p>\n<p lang=\"de-DE\" align=\"LEFT\">\n","protected":false},"excerpt":{"rendered":"<p>Der am 13. Oktober 1927 in Chicago geborene Altsaxophonist Lee Konitz z\u00e4hlte zu den Erfindern und Virtuosen des sogenannten Cool Jazz. Mit seinem linearen Spiel pr\u00e4gte er Musiker wie Paul Desmond, Bill Evans, Hans Koller, Albert Mangelsdorff und schlie\u00dflich sogar Avantgardisten wie Anthony Braxton. Im Andenken an den gestern in Greenwich Village im Alter von 92 Jahren verstorbenen K\u00fcnstler ver\u00f6ffentlicht die JazzZeitung eine Laudatio auf Lee Konitz, die Andreas Kolb am 11. Juli 2013 anl\u00e4sslich der Verleihung der German Jazz Trophy 2013 in\u00a0 Stuttgart hielt. Fotos: Thomas J. Krebs Dialoge und Rhapsodien \u201eAls wenn die ewige Harmonie sich mit sich selbst unterhielte\u201c, sagte Johann Wolfgang Goethe \u00fcber das Wohltemperierte Klavier von Johann Sebastian Bach. Von der Musik als Klangrede sprach der Dirigent Nikolaus Harnoncourt als er in den 80ern einen neuen Zugang zur Alten Musik suchte. Im Sektor des Jazz f\u00fchrte unser heutige Gast und Preistr\u00e4ger Lee Konitz mit die spannendsten und aufregendsten Musik-Diskurse \u2013 und das \u00fcber sieben Jahrzehnte hinweg. Zu den wunderbarsten musikalischen Konversationen, die ich kenne, z\u00e4hlen die Duos von Lee Konitz mit \u201eGespr\u00e4chspartnern\u201c wie Joe Henderson, Elvin Jones, Eddie Gomez, Karl &hellip;<\/p>\n","protected":false},"author":7,"featured_media":22373,"comment_status":"open","ping_status":"closed","sticky":false,"template":"","format":"standard","meta":{"_jetpack_memberships_contains_paid_content":false,"footnotes":"","jetpack_publicize_message":"","jetpack_publicize_feature_enabled":true,"jetpack_social_post_already_shared":false,"jetpack_social_options":{"image_generator_settings":{"template":"highway","default_image_id":0,"font":"","enabled":false},"version":2}},"categories":[652,1063],"tags":[621,940,347,408,1260,862],"coauthors":[662],"class_list":["post-22367","post","type-post","status-publish","format-standard","has-post-thumbnail","hentry","category-galerie","category-portrait","tag-andreas-kolb","tag-german-jazz-trophy","tag-lee-konitz","tag-nachruf","tag-thomas-j-krebs","tag-tod"],"yoast_head":"<!-- This site is optimized with the Yoast SEO plugin v27.5 - https:\/\/yoast.com\/product\/yoast-seo-wordpress\/ -->\n<title>Dialoge und Rhapsodien - ein Nachruf auf Lee Konitz - JazzZeitung<\/title>\n<meta name=\"robots\" content=\"index, follow, max-snippet:-1, max-image-preview:large, max-video-preview:-1\" \/>\n<link rel=\"canonical\" href=\"https:\/\/www.jazzzeitung.de\/cms\/2020\/04\/dialoge-und-rhapsodien-ein-nachruf-auf-lee-konitz\/\" \/>\n<meta property=\"og:locale\" content=\"de_DE\" \/>\n<meta property=\"og:type\" content=\"article\" \/>\n<meta property=\"og:title\" content=\"Dialoge und Rhapsodien - ein Nachruf auf Lee Konitz - JazzZeitung\" \/>\n<meta property=\"og:description\" content=\"Der am 13. Oktober 1927 in Chicago geborene Altsaxophonist Lee Konitz z\u00e4hlte zu den Erfindern und Virtuosen des sogenannten Cool Jazz. Mit seinem linearen Spiel pr\u00e4gte er Musiker wie Paul Desmond, Bill Evans, Hans Koller, Albert Mangelsdorff und schlie\u00dflich sogar Avantgardisten wie Anthony Braxton. Im Andenken an den gestern in Greenwich Village im Alter von 92 Jahren verstorbenen K\u00fcnstler ver\u00f6ffentlicht die JazzZeitung eine Laudatio auf Lee Konitz, die Andreas Kolb am 11. Juli 2013 anl\u00e4sslich der Verleihung der German Jazz Trophy 2013 in\u00a0 Stuttgart hielt. Fotos: Thomas J. Krebs Dialoge und Rhapsodien \u201eAls wenn die ewige Harmonie sich mit sich selbst unterhielte\u201c, sagte Johann Wolfgang Goethe \u00fcber das Wohltemperierte Klavier von Johann Sebastian Bach. Von der Musik als Klangrede sprach der Dirigent Nikolaus Harnoncourt als er in den 80ern einen neuen Zugang zur Alten Musik suchte. Im Sektor des Jazz f\u00fchrte unser heutige Gast und Preistr\u00e4ger Lee Konitz mit die spannendsten und aufregendsten Musik-Diskurse \u2013 und das \u00fcber sieben Jahrzehnte hinweg. Zu den wunderbarsten musikalischen Konversationen, die ich kenne, z\u00e4hlen die Duos von Lee Konitz mit \u201eGespr\u00e4chspartnern\u201c wie Joe Henderson, Elvin Jones, Eddie Gomez, Karl &hellip;\" \/>\n<meta property=\"og:url\" content=\"https:\/\/www.jazzzeitung.de\/cms\/2020\/04\/dialoge-und-rhapsodien-ein-nachruf-auf-lee-konitz\/\" \/>\n<meta property=\"og:site_name\" content=\"JazzZeitung\" \/>\n<meta property=\"article:publisher\" content=\"https:\/\/www.facebook.com\/JazzZeitung\/\" \/>\n<meta property=\"article:published_time\" content=\"2020-04-16T08:34:46+00:00\" \/>\n<meta property=\"article:modified_time\" content=\"2020-04-16T11:50:10+00:00\" \/>\n<meta property=\"og:image\" content=\"https:\/\/i0.wp.com\/www.jazzzeitung.de\/cms\/wp-content\/uploads\/2020\/04\/P1490168-Konitz-Foto-TJ-Krebs.jpg?fit=1800%2C1200&ssl=1\" \/>\n\t<meta property=\"og:image:width\" content=\"1800\" \/>\n\t<meta property=\"og:image:height\" content=\"1200\" \/>\n\t<meta property=\"og:image:type\" content=\"image\/jpeg\" \/>\n<meta name=\"author\" content=\"Andreas Kolb\" \/>\n<script type=\"application\/ld+json\" class=\"yoast-schema-graph\">{\"@context\":\"https:\\\/\\\/schema.org\",\"@graph\":[{\"@type\":\"Article\",\"@id\":\"https:\\\/\\\/www.jazzzeitung.de\\\/cms\\\/2020\\\/04\\\/dialoge-und-rhapsodien-ein-nachruf-auf-lee-konitz\\\/#article\",\"isPartOf\":{\"@id\":\"https:\\\/\\\/www.jazzzeitung.de\\\/cms\\\/2020\\\/04\\\/dialoge-und-rhapsodien-ein-nachruf-auf-lee-konitz\\\/\"},\"author\":{\"name\":\"Andreas Kolb\",\"@id\":\"https:\\\/\\\/www.jazzzeitung.de\\\/cms\\\/#\\\/schema\\\/person\\\/23954215d035da9ee48d2a2c09a4a62c\"},\"headline\":\"Dialoge und Rhapsodien &#8211; ein Nachruf auf Lee Konitz\",\"datePublished\":\"2020-04-16T08:34:46+00:00\",\"dateModified\":\"2020-04-16T11:50:10+00:00\",\"mainEntityOfPage\":{\"@id\":\"https:\\\/\\\/www.jazzzeitung.de\\\/cms\\\/2020\\\/04\\\/dialoge-und-rhapsodien-ein-nachruf-auf-lee-konitz\\\/\"},\"wordCount\":1182,\"commentCount\":0,\"publisher\":{\"@id\":\"https:\\\/\\\/www.jazzzeitung.de\\\/cms\\\/#organization\"},\"image\":{\"@id\":\"https:\\\/\\\/www.jazzzeitung.de\\\/cms\\\/2020\\\/04\\\/dialoge-und-rhapsodien-ein-nachruf-auf-lee-konitz\\\/#primaryimage\"},\"thumbnailUrl\":\"https:\\\/\\\/i0.wp.com\\\/www.jazzzeitung.de\\\/cms\\\/wp-content\\\/uploads\\\/2020\\\/04\\\/P1490168-Konitz-Foto-TJ-Krebs.jpg?fit=1800%2C1200&ssl=1\",\"keywords\":[\"Andreas Kolb\",\"German Jazz Trophy\",\"Lee Konitz\",\"Nachruf\",\"Thomas J. Krebs\",\"Tod\"],\"articleSection\":[\"Galerie\",\"Portrait\"],\"inLanguage\":\"de\",\"potentialAction\":[{\"@type\":\"CommentAction\",\"name\":\"Comment\",\"target\":[\"https:\\\/\\\/www.jazzzeitung.de\\\/cms\\\/2020\\\/04\\\/dialoge-und-rhapsodien-ein-nachruf-auf-lee-konitz\\\/#respond\"]}]},{\"@type\":\"WebPage\",\"@id\":\"https:\\\/\\\/www.jazzzeitung.de\\\/cms\\\/2020\\\/04\\\/dialoge-und-rhapsodien-ein-nachruf-auf-lee-konitz\\\/\",\"url\":\"https:\\\/\\\/www.jazzzeitung.de\\\/cms\\\/2020\\\/04\\\/dialoge-und-rhapsodien-ein-nachruf-auf-lee-konitz\\\/\",\"name\":\"Dialoge und Rhapsodien - ein Nachruf auf Lee Konitz - JazzZeitung\",\"isPartOf\":{\"@id\":\"https:\\\/\\\/www.jazzzeitung.de\\\/cms\\\/#website\"},\"primaryImageOfPage\":{\"@id\":\"https:\\\/\\\/www.jazzzeitung.de\\\/cms\\\/2020\\\/04\\\/dialoge-und-rhapsodien-ein-nachruf-auf-lee-konitz\\\/#primaryimage\"},\"image\":{\"@id\":\"https:\\\/\\\/www.jazzzeitung.de\\\/cms\\\/2020\\\/04\\\/dialoge-und-rhapsodien-ein-nachruf-auf-lee-konitz\\\/#primaryimage\"},\"thumbnailUrl\":\"https:\\\/\\\/i0.wp.com\\\/www.jazzzeitung.de\\\/cms\\\/wp-content\\\/uploads\\\/2020\\\/04\\\/P1490168-Konitz-Foto-TJ-Krebs.jpg?fit=1800%2C1200&ssl=1\",\"datePublished\":\"2020-04-16T08:34:46+00:00\",\"dateModified\":\"2020-04-16T11:50:10+00:00\",\"breadcrumb\":{\"@id\":\"https:\\\/\\\/www.jazzzeitung.de\\\/cms\\\/2020\\\/04\\\/dialoge-und-rhapsodien-ein-nachruf-auf-lee-konitz\\\/#breadcrumb\"},\"inLanguage\":\"de\",\"potentialAction\":[{\"@type\":\"ReadAction\",\"target\":[\"https:\\\/\\\/www.jazzzeitung.de\\\/cms\\\/2020\\\/04\\\/dialoge-und-rhapsodien-ein-nachruf-auf-lee-konitz\\\/\"]}]},{\"@type\":\"ImageObject\",\"inLanguage\":\"de\",\"@id\":\"https:\\\/\\\/www.jazzzeitung.de\\\/cms\\\/2020\\\/04\\\/dialoge-und-rhapsodien-ein-nachruf-auf-lee-konitz\\\/#primaryimage\",\"url\":\"https:\\\/\\\/i0.wp.com\\\/www.jazzzeitung.de\\\/cms\\\/wp-content\\\/uploads\\\/2020\\\/04\\\/P1490168-Konitz-Foto-TJ-Krebs.jpg?fit=1800%2C1200&ssl=1\",\"contentUrl\":\"https:\\\/\\\/i0.wp.com\\\/www.jazzzeitung.de\\\/cms\\\/wp-content\\\/uploads\\\/2020\\\/04\\\/P1490168-Konitz-Foto-TJ-Krebs.jpg?fit=1800%2C1200&ssl=1\",\"width\":1800,\"height\":1200},{\"@type\":\"BreadcrumbList\",\"@id\":\"https:\\\/\\\/www.jazzzeitung.de\\\/cms\\\/2020\\\/04\\\/dialoge-und-rhapsodien-ein-nachruf-auf-lee-konitz\\\/#breadcrumb\",\"itemListElement\":[{\"@type\":\"ListItem\",\"position\":1,\"name\":\"Startseite\",\"item\":\"https:\\\/\\\/www.jazzzeitung.de\\\/cms\\\/\"},{\"@type\":\"ListItem\",\"position\":2,\"name\":\"Dialoge und Rhapsodien &#8211; ein Nachruf auf Lee Konitz\"}]},{\"@type\":\"WebSite\",\"@id\":\"https:\\\/\\\/www.jazzzeitung.de\\\/cms\\\/#website\",\"url\":\"https:\\\/\\\/www.jazzzeitung.de\\\/cms\\\/\",\"name\":\"JazzZeitung\",\"description\":\"Jazz-News und Jazz-Kontroverses\",\"publisher\":{\"@id\":\"https:\\\/\\\/www.jazzzeitung.de\\\/cms\\\/#organization\"},\"potentialAction\":[{\"@type\":\"SearchAction\",\"target\":{\"@type\":\"EntryPoint\",\"urlTemplate\":\"https:\\\/\\\/www.jazzzeitung.de\\\/cms\\\/?s={search_term_string}\"},\"query-input\":{\"@type\":\"PropertyValueSpecification\",\"valueRequired\":true,\"valueName\":\"search_term_string\"}}],\"inLanguage\":\"de\"},{\"@type\":\"Organization\",\"@id\":\"https:\\\/\\\/www.jazzzeitung.de\\\/cms\\\/#organization\",\"name\":\"JazzZeitung online\",\"url\":\"https:\\\/\\\/www.jazzzeitung.de\\\/cms\\\/\",\"logo\":{\"@type\":\"ImageObject\",\"inLanguage\":\"de\",\"@id\":\"https:\\\/\\\/www.jazzzeitung.de\\\/cms\\\/#\\\/schema\\\/logo\\\/image\\\/\",\"url\":\"https:\\\/\\\/i0.wp.com\\\/www.jazzzeitung.de\\\/cms\\\/wp-content\\\/uploads\\\/2015\\\/08\\\/JAZZZEITUNGDE_Logo_Neu.png?fit=499%2C200&ssl=1\",\"contentUrl\":\"https:\\\/\\\/i0.wp.com\\\/www.jazzzeitung.de\\\/cms\\\/wp-content\\\/uploads\\\/2015\\\/08\\\/JAZZZEITUNGDE_Logo_Neu.png?fit=499%2C200&ssl=1\",\"width\":499,\"height\":200,\"caption\":\"JazzZeitung online\"},\"image\":{\"@id\":\"https:\\\/\\\/www.jazzzeitung.de\\\/cms\\\/#\\\/schema\\\/logo\\\/image\\\/\"},\"sameAs\":[\"https:\\\/\\\/www.facebook.com\\\/JazzZeitung\\\/\"]},{\"@type\":\"Person\",\"@id\":\"https:\\\/\\\/www.jazzzeitung.de\\\/cms\\\/#\\\/schema\\\/person\\\/23954215d035da9ee48d2a2c09a4a62c\",\"name\":\"Andreas Kolb\",\"image\":{\"@type\":\"ImageObject\",\"inLanguage\":\"de\",\"@id\":\"https:\\\/\\\/i0.wp.com\\\/www.jazzzeitung.de\\\/cms\\\/wp-content\\\/uploads\\\/2013\\\/05\\\/kolb-small.jpg?resize=96%2C96&ssl=1d81fdf4aa1b2f31d206a8dd371420dd4\",\"url\":\"https:\\\/\\\/i0.wp.com\\\/www.jazzzeitung.de\\\/cms\\\/wp-content\\\/uploads\\\/2013\\\/05\\\/kolb-small.jpg?resize=96%2C96&ssl=1\",\"contentUrl\":\"https:\\\/\\\/i0.wp.com\\\/www.jazzzeitung.de\\\/cms\\\/wp-content\\\/uploads\\\/2013\\\/05\\\/kolb-small.jpg?resize=96%2C96&ssl=1\",\"caption\":\"Andreas Kolb\"},\"description\":\"Andreas Kolb ist Chefredakteur der Jazzzeitung.\",\"sameAs\":[\"https:\\\/\\\/www.jazzzeitung.de\"],\"url\":\"https:\\\/\\\/www.jazzzeitung.de\\\/cms\\\/author\\\/kolb\\\/\"}]}<\/script>\n<!-- \/ Yoast SEO plugin. -->","yoast_head_json":{"title":"Dialoge und Rhapsodien - ein Nachruf auf Lee Konitz - JazzZeitung","robots":{"index":"index","follow":"follow","max-snippet":"max-snippet:-1","max-image-preview":"max-image-preview:large","max-video-preview":"max-video-preview:-1"},"canonical":"https:\/\/www.jazzzeitung.de\/cms\/2020\/04\/dialoge-und-rhapsodien-ein-nachruf-auf-lee-konitz\/","og_locale":"de_DE","og_type":"article","og_title":"Dialoge und Rhapsodien - ein Nachruf auf Lee Konitz - JazzZeitung","og_description":"Der am 13. Oktober 1927 in Chicago geborene Altsaxophonist Lee Konitz z\u00e4hlte zu den Erfindern und Virtuosen des sogenannten Cool Jazz. Mit seinem linearen Spiel pr\u00e4gte er Musiker wie Paul Desmond, Bill Evans, Hans Koller, Albert Mangelsdorff und schlie\u00dflich sogar Avantgardisten wie Anthony Braxton. Im Andenken an den gestern in Greenwich Village im Alter von 92 Jahren verstorbenen K\u00fcnstler ver\u00f6ffentlicht die JazzZeitung eine Laudatio auf Lee Konitz, die Andreas Kolb am 11. Juli 2013 anl\u00e4sslich der Verleihung der German Jazz Trophy 2013 in\u00a0 Stuttgart hielt. Fotos: Thomas J. Krebs Dialoge und Rhapsodien \u201eAls wenn die ewige Harmonie sich mit sich selbst unterhielte\u201c, sagte Johann Wolfgang Goethe \u00fcber das Wohltemperierte Klavier von Johann Sebastian Bach. Von der Musik als Klangrede sprach der Dirigent Nikolaus Harnoncourt als er in den 80ern einen neuen Zugang zur Alten Musik suchte. Im Sektor des Jazz f\u00fchrte unser heutige Gast und Preistr\u00e4ger Lee Konitz mit die spannendsten und aufregendsten Musik-Diskurse \u2013 und das \u00fcber sieben Jahrzehnte hinweg. Zu den wunderbarsten musikalischen Konversationen, die ich kenne, z\u00e4hlen die Duos von Lee Konitz mit \u201eGespr\u00e4chspartnern\u201c wie Joe Henderson, Elvin Jones, Eddie Gomez, Karl &hellip;","og_url":"https:\/\/www.jazzzeitung.de\/cms\/2020\/04\/dialoge-und-rhapsodien-ein-nachruf-auf-lee-konitz\/","og_site_name":"JazzZeitung","article_publisher":"https:\/\/www.facebook.com\/JazzZeitung\/","article_published_time":"2020-04-16T08:34:46+00:00","article_modified_time":"2020-04-16T11:50:10+00:00","og_image":[{"width":1800,"height":1200,"url":"https:\/\/i0.wp.com\/www.jazzzeitung.de\/cms\/wp-content\/uploads\/2020\/04\/P1490168-Konitz-Foto-TJ-Krebs.jpg?fit=1800%2C1200&ssl=1","type":"image\/jpeg"}],"author":"Andreas Kolb","schema":{"@context":"https:\/\/schema.org","@graph":[{"@type":"Article","@id":"https:\/\/www.jazzzeitung.de\/cms\/2020\/04\/dialoge-und-rhapsodien-ein-nachruf-auf-lee-konitz\/#article","isPartOf":{"@id":"https:\/\/www.jazzzeitung.de\/cms\/2020\/04\/dialoge-und-rhapsodien-ein-nachruf-auf-lee-konitz\/"},"author":{"name":"Andreas Kolb","@id":"https:\/\/www.jazzzeitung.de\/cms\/#\/schema\/person\/23954215d035da9ee48d2a2c09a4a62c"},"headline":"Dialoge und Rhapsodien &#8211; ein Nachruf auf Lee Konitz","datePublished":"2020-04-16T08:34:46+00:00","dateModified":"2020-04-16T11:50:10+00:00","mainEntityOfPage":{"@id":"https:\/\/www.jazzzeitung.de\/cms\/2020\/04\/dialoge-und-rhapsodien-ein-nachruf-auf-lee-konitz\/"},"wordCount":1182,"commentCount":0,"publisher":{"@id":"https:\/\/www.jazzzeitung.de\/cms\/#organization"},"image":{"@id":"https:\/\/www.jazzzeitung.de\/cms\/2020\/04\/dialoge-und-rhapsodien-ein-nachruf-auf-lee-konitz\/#primaryimage"},"thumbnailUrl":"https:\/\/i0.wp.com\/www.jazzzeitung.de\/cms\/wp-content\/uploads\/2020\/04\/P1490168-Konitz-Foto-TJ-Krebs.jpg?fit=1800%2C1200&ssl=1","keywords":["Andreas Kolb","German Jazz Trophy","Lee Konitz","Nachruf","Thomas J. Krebs","Tod"],"articleSection":["Galerie","Portrait"],"inLanguage":"de","potentialAction":[{"@type":"CommentAction","name":"Comment","target":["https:\/\/www.jazzzeitung.de\/cms\/2020\/04\/dialoge-und-rhapsodien-ein-nachruf-auf-lee-konitz\/#respond"]}]},{"@type":"WebPage","@id":"https:\/\/www.jazzzeitung.de\/cms\/2020\/04\/dialoge-und-rhapsodien-ein-nachruf-auf-lee-konitz\/","url":"https:\/\/www.jazzzeitung.de\/cms\/2020\/04\/dialoge-und-rhapsodien-ein-nachruf-auf-lee-konitz\/","name":"Dialoge und Rhapsodien - ein Nachruf auf Lee Konitz - JazzZeitung","isPartOf":{"@id":"https:\/\/www.jazzzeitung.de\/cms\/#website"},"primaryImageOfPage":{"@id":"https:\/\/www.jazzzeitung.de\/cms\/2020\/04\/dialoge-und-rhapsodien-ein-nachruf-auf-lee-konitz\/#primaryimage"},"image":{"@id":"https:\/\/www.jazzzeitung.de\/cms\/2020\/04\/dialoge-und-rhapsodien-ein-nachruf-auf-lee-konitz\/#primaryimage"},"thumbnailUrl":"https:\/\/i0.wp.com\/www.jazzzeitung.de\/cms\/wp-content\/uploads\/2020\/04\/P1490168-Konitz-Foto-TJ-Krebs.jpg?fit=1800%2C1200&ssl=1","datePublished":"2020-04-16T08:34:46+00:00","dateModified":"2020-04-16T11:50:10+00:00","breadcrumb":{"@id":"https:\/\/www.jazzzeitung.de\/cms\/2020\/04\/dialoge-und-rhapsodien-ein-nachruf-auf-lee-konitz\/#breadcrumb"},"inLanguage":"de","potentialAction":[{"@type":"ReadAction","target":["https:\/\/www.jazzzeitung.de\/cms\/2020\/04\/dialoge-und-rhapsodien-ein-nachruf-auf-lee-konitz\/"]}]},{"@type":"ImageObject","inLanguage":"de","@id":"https:\/\/www.jazzzeitung.de\/cms\/2020\/04\/dialoge-und-rhapsodien-ein-nachruf-auf-lee-konitz\/#primaryimage","url":"https:\/\/i0.wp.com\/www.jazzzeitung.de\/cms\/wp-content\/uploads\/2020\/04\/P1490168-Konitz-Foto-TJ-Krebs.jpg?fit=1800%2C1200&ssl=1","contentUrl":"https:\/\/i0.wp.com\/www.jazzzeitung.de\/cms\/wp-content\/uploads\/2020\/04\/P1490168-Konitz-Foto-TJ-Krebs.jpg?fit=1800%2C1200&ssl=1","width":1800,"height":1200},{"@type":"BreadcrumbList","@id":"https:\/\/www.jazzzeitung.de\/cms\/2020\/04\/dialoge-und-rhapsodien-ein-nachruf-auf-lee-konitz\/#breadcrumb","itemListElement":[{"@type":"ListItem","position":1,"name":"Startseite","item":"https:\/\/www.jazzzeitung.de\/cms\/"},{"@type":"ListItem","position":2,"name":"Dialoge und Rhapsodien &#8211; ein Nachruf auf Lee Konitz"}]},{"@type":"WebSite","@id":"https:\/\/www.jazzzeitung.de\/cms\/#website","url":"https:\/\/www.jazzzeitung.de\/cms\/","name":"JazzZeitung","description":"Jazz-News und Jazz-Kontroverses","publisher":{"@id":"https:\/\/www.jazzzeitung.de\/cms\/#organization"},"potentialAction":[{"@type":"SearchAction","target":{"@type":"EntryPoint","urlTemplate":"https:\/\/www.jazzzeitung.de\/cms\/?s={search_term_string}"},"query-input":{"@type":"PropertyValueSpecification","valueRequired":true,"valueName":"search_term_string"}}],"inLanguage":"de"},{"@type":"Organization","@id":"https:\/\/www.jazzzeitung.de\/cms\/#organization","name":"JazzZeitung online","url":"https:\/\/www.jazzzeitung.de\/cms\/","logo":{"@type":"ImageObject","inLanguage":"de","@id":"https:\/\/www.jazzzeitung.de\/cms\/#\/schema\/logo\/image\/","url":"https:\/\/i0.wp.com\/www.jazzzeitung.de\/cms\/wp-content\/uploads\/2015\/08\/JAZZZEITUNGDE_Logo_Neu.png?fit=499%2C200&ssl=1","contentUrl":"https:\/\/i0.wp.com\/www.jazzzeitung.de\/cms\/wp-content\/uploads\/2015\/08\/JAZZZEITUNGDE_Logo_Neu.png?fit=499%2C200&ssl=1","width":499,"height":200,"caption":"JazzZeitung online"},"image":{"@id":"https:\/\/www.jazzzeitung.de\/cms\/#\/schema\/logo\/image\/"},"sameAs":["https:\/\/www.facebook.com\/JazzZeitung\/"]},{"@type":"Person","@id":"https:\/\/www.jazzzeitung.de\/cms\/#\/schema\/person\/23954215d035da9ee48d2a2c09a4a62c","name":"Andreas Kolb","image":{"@type":"ImageObject","inLanguage":"de","@id":"https:\/\/i0.wp.com\/www.jazzzeitung.de\/cms\/wp-content\/uploads\/2013\/05\/kolb-small.jpg?resize=96%2C96&ssl=1d81fdf4aa1b2f31d206a8dd371420dd4","url":"https:\/\/i0.wp.com\/www.jazzzeitung.de\/cms\/wp-content\/uploads\/2013\/05\/kolb-small.jpg?resize=96%2C96&ssl=1","contentUrl":"https:\/\/i0.wp.com\/www.jazzzeitung.de\/cms\/wp-content\/uploads\/2013\/05\/kolb-small.jpg?resize=96%2C96&ssl=1","caption":"Andreas Kolb"},"description":"Andreas Kolb ist Chefredakteur der Jazzzeitung.","sameAs":["https:\/\/www.jazzzeitung.de"],"url":"https:\/\/www.jazzzeitung.de\/cms\/author\/kolb\/"}]}},"wp-worthy-pixel":{"ignored":false,"public":null,"server":null,"url":null},"wp-worthy-type":"normal","jetpack_publicize_connections":[],"cc_featured_image_caption":{"caption_text":"Lee Konitz. ","source_text":"Fotos: Thomas J. Krebs","source_url":""},"jetpack_featured_media_url":"https:\/\/i0.wp.com\/www.jazzzeitung.de\/cms\/wp-content\/uploads\/2020\/04\/P1490168-Konitz-Foto-TJ-Krebs.jpg?fit=1800%2C1200&ssl=1","jetpack_shortlink":"https:\/\/wp.me\/p3KEcT-5OL","jetpack-related-posts":[{"id":3591,"url":"https:\/\/www.jazzzeitung.de\/cms\/2014\/03\/german-jazz-trophy-2014-fuer-den-britischen-posaunisten-und-bandleader-chris-barber\/","url_meta":{"origin":22367,"position":0},"title":"German Jazz Trophy 2014 f\u00fcr den britischen Posaunisten und Bandleader Chris Barber","author":"Andreas Kolb","date":"10. M\u00e4rz 2014","format":false,"excerpt":"F\u00fcr sein Lebenswerk erh\u00e4lt der britische Posaunist und Bandleader (geb. am 17. April 1930 in Welwyn Garden City, Hertfordshire, England) die German Jazz Trophy 2014. Die Auszeichnung wird seit 2001 j\u00e4hrlich von der Sparda-Bank Baden-W\u00fcrttemberg, der Kulturgesellschaft Musik+Wort e.V. und der Jazzzeitung verliehen. Seit beinahe sieben Jahrzehnten pr\u00e4gt Chris Barber\u2026","rel":"","context":"In &quot;Redaktionelle Nachrichten&quot;","block_context":{"text":"Redaktionelle Nachrichten","link":"https:\/\/www.jazzzeitung.de\/cms\/thema\/redaktion\/"},"img":{"alt_text":"","src":"https:\/\/i0.wp.com\/www.jazzzeitung.de\/cms\/wp-content\/uploads\/2014\/03\/BarberChris-LB84-sign-SHA11-Kumpf.jpg?fit=1200%2C857&ssl=1&resize=350%2C200","width":350,"height":200,"srcset":"https:\/\/i0.wp.com\/www.jazzzeitung.de\/cms\/wp-content\/uploads\/2014\/03\/BarberChris-LB84-sign-SHA11-Kumpf.jpg?fit=1200%2C857&ssl=1&resize=350%2C200 1x, https:\/\/i0.wp.com\/www.jazzzeitung.de\/cms\/wp-content\/uploads\/2014\/03\/BarberChris-LB84-sign-SHA11-Kumpf.jpg?fit=1200%2C857&ssl=1&resize=525%2C300 1.5x, https:\/\/i0.wp.com\/www.jazzzeitung.de\/cms\/wp-content\/uploads\/2014\/03\/BarberChris-LB84-sign-SHA11-Kumpf.jpg?fit=1200%2C857&ssl=1&resize=700%2C400 2x, https:\/\/i0.wp.com\/www.jazzzeitung.de\/cms\/wp-content\/uploads\/2014\/03\/BarberChris-LB84-sign-SHA11-Kumpf.jpg?fit=1200%2C857&ssl=1&resize=1050%2C600 3x"},"classes":[]},{"id":17867,"url":"https:\/\/www.jazzzeitung.de\/cms\/2018\/11\/florian-weber-live-mit-lucent-waters-im-koelner-stadtgarten\/","url_meta":{"origin":22367,"position":1},"title":"Florian Weber live mit \u201eLucent Waters\u201c im K\u00f6lner Stadtgarten","author":"Redaktion JazzZeitung","date":"15. November 2018","format":false,"excerpt":"\u201eLucent Waters\u201c, die gerade auf dem Label ECM erschienene CD des Pianisten Florian Weber, wurde vergangenem Montag live mit seinem Quartett im K\u00f6lner Stadtgarten vorgestellt. Mit dabei Ralph Alessi an der Trompete, die Ausnahmebassistin Linda May Han Oh und Dejan Terzic am Schlagzeug. Die Idee zum Titel des Albums stammt\u2026","rel":"","context":"In &quot;Bericht&quot;","block_context":{"text":"Bericht","link":"https:\/\/www.jazzzeitung.de\/cms\/thema\/bericht\/"},"img":{"alt_text":"","src":"https:\/\/i0.wp.com\/www.jazzzeitung.de\/cms\/wp-content\/uploads\/2018\/11\/P1076012-Weber-Quartett-Foto-TJ-Krebs-jazzphotoagency%40web.de_-1.jpg?fit=1200%2C800&ssl=1&resize=350%2C200","width":350,"height":200,"srcset":"https:\/\/i0.wp.com\/www.jazzzeitung.de\/cms\/wp-content\/uploads\/2018\/11\/P1076012-Weber-Quartett-Foto-TJ-Krebs-jazzphotoagency%40web.de_-1.jpg?fit=1200%2C800&ssl=1&resize=350%2C200 1x, https:\/\/i0.wp.com\/www.jazzzeitung.de\/cms\/wp-content\/uploads\/2018\/11\/P1076012-Weber-Quartett-Foto-TJ-Krebs-jazzphotoagency%40web.de_-1.jpg?fit=1200%2C800&ssl=1&resize=525%2C300 1.5x, https:\/\/i0.wp.com\/www.jazzzeitung.de\/cms\/wp-content\/uploads\/2018\/11\/P1076012-Weber-Quartett-Foto-TJ-Krebs-jazzphotoagency%40web.de_-1.jpg?fit=1200%2C800&ssl=1&resize=700%2C400 2x, https:\/\/i0.wp.com\/www.jazzzeitung.de\/cms\/wp-content\/uploads\/2018\/11\/P1076012-Weber-Quartett-Foto-TJ-Krebs-jazzphotoagency%40web.de_-1.jpg?fit=1200%2C800&ssl=1&resize=1050%2C600 3x"},"classes":[]},{"id":8255,"url":"https:\/\/www.jazzzeitung.de\/cms\/2016\/02\/german-jazz-trophy-2016-geht-klaus-doldinger\/","url_meta":{"origin":22367,"position":2},"title":"German Jazz Trophy 2016 geht an Klaus Doldinger","author":"Redaktion JazzZeitung","date":"1. Februar 2016","format":false,"excerpt":"Der Saxophonist und Komponist Klaus Doldinger (12. Mai 1936 in Berlin) wird mit der German Jazz Trophy ausgezeichnet. Dies wurde heute auf der Pressekonferenz zurm Festival jazzopen in Stuttgart bekanntgegeben. Der Preis ist mit 15.000 Euro sowie mit einer Statue des Stuttgarter Bildhauers Otto Herbert Hajek dotiert und wird von\u2026","rel":"","context":"In &quot;Redaktionelle Nachrichten&quot;","block_context":{"text":"Redaktionelle Nachrichten","link":"https:\/\/www.jazzzeitung.de\/cms\/thema\/redaktion\/"},"img":{"alt_text":"Der Preistr\u00e4ger Klaus Doldinger. Foto: Warner music group","src":"https:\/\/i0.wp.com\/www.jazzzeitung.de\/cms\/wp-content\/uploads\/2016\/02\/DoldingerWarner-music-groupX_2939-e1454316881588-150x150.jpeg?resize=350%2C200","width":350,"height":200},"classes":[]},{"id":26590,"url":"https:\/\/www.jazzzeitung.de\/cms\/2022\/01\/frankfurter-jazzgroesse-nachruf-auf-emil-mangelsdorff\/","url_meta":{"origin":22367,"position":3},"title":"Frankfurter Jazzgr\u00f6\u00dfe: Nachruf auf Emil Mangelsdorff","author":"Andreas Kolb","date":"25. Januar 2022","format":false,"excerpt":"\u201eDeutschen Jazz gibt es nicht\u201c, hat Emil Mangelsdorffs j\u00fcngerer Bruder, der Posaunist Albert Mangelsdorff einmal gesagt. Aber den legend\u00e4ren Frankfurt Sound gab es, mit dem Jazzensemble des Hessischen Rundfunks und Namen wie die Gebr\u00fcder Mangelsdorff, Joki Freund, Heinz Sauer und G\u00fcnther Lenz. Ert\u00f6nt war dieser Frankfurt Sound nicht erst in\u2026","rel":"","context":"In &quot;Portrait&quot;","block_context":{"text":"Portrait","link":"https:\/\/www.jazzzeitung.de\/cms\/thema\/portrait\/"},"img":{"alt_text":"","src":"https:\/\/i0.wp.com\/www.jazzzeitung.de\/cms\/wp-content\/uploads\/2022\/01\/Collage-Emil-Mangelsdorff-2-Foto-TJ-Krebs.jpg?fit=1200%2C800&ssl=1&resize=350%2C200","width":350,"height":200,"srcset":"https:\/\/i0.wp.com\/www.jazzzeitung.de\/cms\/wp-content\/uploads\/2022\/01\/Collage-Emil-Mangelsdorff-2-Foto-TJ-Krebs.jpg?fit=1200%2C800&ssl=1&resize=350%2C200 1x, https:\/\/i0.wp.com\/www.jazzzeitung.de\/cms\/wp-content\/uploads\/2022\/01\/Collage-Emil-Mangelsdorff-2-Foto-TJ-Krebs.jpg?fit=1200%2C800&ssl=1&resize=525%2C300 1.5x, https:\/\/i0.wp.com\/www.jazzzeitung.de\/cms\/wp-content\/uploads\/2022\/01\/Collage-Emil-Mangelsdorff-2-Foto-TJ-Krebs.jpg?fit=1200%2C800&ssl=1&resize=700%2C400 2x, https:\/\/i0.wp.com\/www.jazzzeitung.de\/cms\/wp-content\/uploads\/2022\/01\/Collage-Emil-Mangelsdorff-2-Foto-TJ-Krebs.jpg?fit=1200%2C800&ssl=1&resize=1050%2C600 3x"},"classes":[]},{"id":26432,"url":"https:\/\/www.jazzzeitung.de\/cms\/2021\/12\/zwischentoene-allumfassend-zum-tod-des-pianisten-walter-lang\/","url_meta":{"origin":22367,"position":4},"title":"Zwischent\u00f6ne, allumfassend: Zum Tod des Pianisten Walter Lang","author":"Redaktion JazzZeitung","date":"22. Dezember 2021","format":false,"excerpt":"Am 16. Dezember 2021 starb der Jazzpianist Walter Lang. Ein Nachruf von Ralf Dombrowski Ich hatte ein Bild gepostet. Viele Menschen haben es kommentiert, aus aller Welt. Es sind nicht die beil\u00e4ufigen Beileidsbekundungen, die man kennt. Denn der Tod von Walter Lang trifft viele. Er war nur 60 Jahre alt,\u2026","rel":"","context":"In &quot;Portrait&quot;","block_context":{"text":"Portrait","link":"https:\/\/www.jazzzeitung.de\/cms\/thema\/portrait\/"},"img":{"alt_text":"","src":"https:\/\/i0.wp.com\/www.jazzzeitung.de\/cms\/wp-content\/uploads\/2021\/12\/Walter-Lang-c-Ralf-Dombrowski-scaled.jpg?fit=1200%2C800&ssl=1&resize=350%2C200","width":350,"height":200,"srcset":"https:\/\/i0.wp.com\/www.jazzzeitung.de\/cms\/wp-content\/uploads\/2021\/12\/Walter-Lang-c-Ralf-Dombrowski-scaled.jpg?fit=1200%2C800&ssl=1&resize=350%2C200 1x, https:\/\/i0.wp.com\/www.jazzzeitung.de\/cms\/wp-content\/uploads\/2021\/12\/Walter-Lang-c-Ralf-Dombrowski-scaled.jpg?fit=1200%2C800&ssl=1&resize=525%2C300 1.5x, https:\/\/i0.wp.com\/www.jazzzeitung.de\/cms\/wp-content\/uploads\/2021\/12\/Walter-Lang-c-Ralf-Dombrowski-scaled.jpg?fit=1200%2C800&ssl=1&resize=700%2C400 2x, https:\/\/i0.wp.com\/www.jazzzeitung.de\/cms\/wp-content\/uploads\/2021\/12\/Walter-Lang-c-Ralf-Dombrowski-scaled.jpg?fit=1200%2C800&ssl=1&resize=1050%2C600 3x"},"classes":[]},{"id":13980,"url":"https:\/\/www.jazzzeitung.de\/cms\/2017\/10\/die-jazz-radio-woche-vom-30-10-bis-05-10-2017\/","url_meta":{"origin":22367,"position":5},"title":"Die Jazz-Radio-Woche vom 30.10. bis 05.11.2017","author":"Martin Hufner","date":"29. Oktober 2017","format":false,"excerpt":"Ein subjektiver Blick in die Jazzwoche 44 im Radio. Paul Gonsalves, Rare Swingsongs der 1930er- und 40er-Jahre, Lutheriana in Jazz, Lukas Kranzelbinder und seine Band Shake Stew, Franco Ambrosetti Quintett, Abbey Lincoln, Trio VEIN, Geschichte eines Jazzstandards (14) - Willow Weep for Me, Matthew Halpin, Geschichte des SWR NEWJazz Meetings,\u2026","rel":"","context":"In &quot;Radio&quot;","block_context":{"text":"Radio","link":"https:\/\/www.jazzzeitung.de\/cms\/thema\/radio\/"},"img":{"alt_text":"Jazz im Radio","src":"https:\/\/i0.wp.com\/www.jazzzeitung.de\/cms\/wp-content\/uploads\/2017\/10\/radio-jazz-neu.jpg?fit=1200%2C900&ssl=1&resize=350%2C200","width":350,"height":200,"srcset":"https:\/\/i0.wp.com\/www.jazzzeitung.de\/cms\/wp-content\/uploads\/2017\/10\/radio-jazz-neu.jpg?fit=1200%2C900&ssl=1&resize=350%2C200 1x, https:\/\/i0.wp.com\/www.jazzzeitung.de\/cms\/wp-content\/uploads\/2017\/10\/radio-jazz-neu.jpg?fit=1200%2C900&ssl=1&resize=525%2C300 1.5x, https:\/\/i0.wp.com\/www.jazzzeitung.de\/cms\/wp-content\/uploads\/2017\/10\/radio-jazz-neu.jpg?fit=1200%2C900&ssl=1&resize=700%2C400 2x, https:\/\/i0.wp.com\/www.jazzzeitung.de\/cms\/wp-content\/uploads\/2017\/10\/radio-jazz-neu.jpg?fit=1200%2C900&ssl=1&resize=1050%2C600 3x"},"classes":[]}],"jetpack_sharing_enabled":true,"_links":{"self":[{"href":"https:\/\/www.jazzzeitung.de\/cms\/wp-json\/wp\/v2\/posts\/22367","targetHints":{"allow":["GET"]}}],"collection":[{"href":"https:\/\/www.jazzzeitung.de\/cms\/wp-json\/wp\/v2\/posts"}],"about":[{"href":"https:\/\/www.jazzzeitung.de\/cms\/wp-json\/wp\/v2\/types\/post"}],"author":[{"embeddable":true,"href":"https:\/\/www.jazzzeitung.de\/cms\/wp-json\/wp\/v2\/users\/7"}],"replies":[{"embeddable":true,"href":"https:\/\/www.jazzzeitung.de\/cms\/wp-json\/wp\/v2\/comments?post=22367"}],"version-history":[{"count":14,"href":"https:\/\/www.jazzzeitung.de\/cms\/wp-json\/wp\/v2\/posts\/22367\/revisions"}],"predecessor-version":[{"id":22390,"href":"https:\/\/www.jazzzeitung.de\/cms\/wp-json\/wp\/v2\/posts\/22367\/revisions\/22390"}],"wp:featuredmedia":[{"embeddable":true,"href":"https:\/\/www.jazzzeitung.de\/cms\/wp-json\/wp\/v2\/media\/22373"}],"wp:attachment":[{"href":"https:\/\/www.jazzzeitung.de\/cms\/wp-json\/wp\/v2\/media?parent=22367"}],"wp:term":[{"taxonomy":"category","embeddable":true,"href":"https:\/\/www.jazzzeitung.de\/cms\/wp-json\/wp\/v2\/categories?post=22367"},{"taxonomy":"post_tag","embeddable":true,"href":"https:\/\/www.jazzzeitung.de\/cms\/wp-json\/wp\/v2\/tags?post=22367"},{"taxonomy":"author","embeddable":true,"href":"https:\/\/www.jazzzeitung.de\/cms\/wp-json\/wp\/v2\/coauthors?post=22367"}],"curies":[{"name":"wp","href":"https:\/\/api.w.org\/{rel}","templated":true}]}}