{"id":22344,"date":"2020-04-14T12:45:32","date_gmt":"2020-04-14T10:45:32","guid":{"rendered":"https:\/\/www.jazzzeitung.de\/cms\/?p=22344"},"modified":"2020-04-15T14:07:30","modified_gmt":"2020-04-15T12:07:30","slug":"newsbmw-welt-jazz-award-finale-auf-anfang-2021-verschoben","status":"publish","type":"post","link":"https:\/\/www.jazzzeitung.de\/cms\/2020\/04\/newsbmw-welt-jazz-award-finale-auf-anfang-2021-verschoben\/","title":{"rendered":"news+++BMW Welt Jazz Award Finale auf Anfang 2021 verschoben+++"},"content":{"rendered":"<p><strong>M\u00fcnchen. <\/strong>Nach den spannenden Konzerten des diesj\u00e4hrigen BMW Welt Jazz Award im Doppelkegel der BMW Welt hat die Jury jetzt die Finalisten bekannt gegeben: Adam Ba\u0142dych Quartet und Peter Gall Quintet. Mit dem diesj\u00e4hrigen Motto \u201eThe Melody at Night\u201c besann sich der BMW Welt Jazz Award auf die Wurzeln des Jazz: So fanden die kostenfreien Konzerte erstmals als Abendveranstaltungen statt, moderiert von Hannah Weiss, Gewinnerin des BMW Welt Young Artist Jazz Award 2019. Mit Blick auf die aktuellen Ereignisse, die damit verbundenen Ma\u00dfnahmen zur Eind\u00e4mmung des Corona-Virus und aus Verantwortung gegen\u00fcber den K\u00fcnstlern, G\u00e4sten und Mitarbeitern haben die BMW Group und die BMW Welt sich schweren Herzens dazu entschlossen, das Finale auf Anfang 2021 zu verschieben. Bereits das sechste Auswahlkonzert mit dem Giovanni Guidi Quintet musste aus dem gleichen Grund abgesagt werden. Der neue Termin f\u00fcr das Finale des BMW Welt Jazz Award wird auf <a href=\"https:\/\/www.bmw-welt.com\/de\/experience\/event-pool\/jazz-award-2020.html\">www.bmw-welt.com\/jazzaward<\/a> und im BMW PressClub bekanntgegeben. Dann werden die beiden Finalisten ihre Interpretationen des Mottos \u201eThe Melody at Night\u201c im Auditorium der BMW Welt pr\u00e4sentieren. Das Sieger-Ensemble wird mit einem Preisgeld von 10.000 Euro und einer von BMW Design entworfenen Troph\u00e4e ausgezeichnet; der Zweitplatzierte erh\u00e4lt eine Pr\u00e4mie von 5.000 Euro.<\/p>\n<p><strong>Die Finalisten<\/strong><\/p>\n<p><strong>Adam Ba\u0142dych Quartet<\/strong><\/p>\n<figure id=\"attachment_22348\" aria-describedby=\"caption-attachment-22348\" style=\"width: 840px\" class=\"wp-caption alignleft\"><a href=\"https:\/\/i0.wp.com\/www.jazzzeitung.de\/cms\/wp-content\/uploads\/2020\/04\/P90379282_highRes_bmw-welt-jazz-award-1-1-scaled.jpg?ssl=1\"><img data-recalc-dims=\"1\" loading=\"lazy\" decoding=\"async\" data-attachment-id=\"22348\" data-permalink=\"https:\/\/www.jazzzeitung.de\/cms\/2020\/04\/newsbmw-welt-jazz-award-finale-auf-anfang-2021-verschoben\/p90379282_highres_bmw-welt-jazz-award-2\/\" data-orig-file=\"https:\/\/i0.wp.com\/www.jazzzeitung.de\/cms\/wp-content\/uploads\/2020\/04\/P90379282_highRes_bmw-welt-jazz-award-1-1-scaled.jpg?fit=2560%2C1707&amp;ssl=1\" data-orig-size=\"2560,1707\" data-comments-opened=\"1\" data-image-meta=\"{&quot;aperture&quot;:&quot;9&quot;,&quot;credit&quot;:&quot;BartoszMaz&quot;,&quot;camera&quot;:&quot;Canon EOS 5D Mark III&quot;,&quot;caption&quot;:&quot;&quot;,&quot;created_timestamp&quot;:&quot;1543529599&quot;,&quot;copyright&quot;:&quot;BartoszMaz&quot;,&quot;focal_length&quot;:&quot;50&quot;,&quot;iso&quot;:&quot;100&quot;,&quot;shutter_speed&quot;:&quot;0.00625&quot;,&quot;title&quot;:&quot;&quot;,&quot;orientation&quot;:&quot;1&quot;}\" data-image-title=\"P90379282_highRes_bmw-welt-jazz-award-\" data-image-description=\"\" data-image-caption=\"\" data-large-file=\"https:\/\/i0.wp.com\/www.jazzzeitung.de\/cms\/wp-content\/uploads\/2020\/04\/P90379282_highRes_bmw-welt-jazz-award-1-1-scaled.jpg?fit=840%2C560&amp;ssl=1\" class=\"wp-image-22348 size-large\" src=\"https:\/\/i0.wp.com\/www.jazzzeitung.de\/cms\/wp-content\/uploads\/2020\/04\/P90379282_highRes_bmw-welt-jazz-award-1-1.jpg?resize=840%2C560&#038;ssl=1\" alt=\"\" width=\"840\" height=\"560\" srcset=\"https:\/\/i0.wp.com\/www.jazzzeitung.de\/cms\/wp-content\/uploads\/2020\/04\/P90379282_highRes_bmw-welt-jazz-award-1-1-scaled.jpg?resize=900%2C600&amp;ssl=1 900w, https:\/\/i0.wp.com\/www.jazzzeitung.de\/cms\/wp-content\/uploads\/2020\/04\/P90379282_highRes_bmw-welt-jazz-award-1-1-scaled.jpg?resize=300%2C200&amp;ssl=1 300w, https:\/\/i0.wp.com\/www.jazzzeitung.de\/cms\/wp-content\/uploads\/2020\/04\/P90379282_highRes_bmw-welt-jazz-award-1-1-scaled.jpg?resize=768%2C512&amp;ssl=1 768w, https:\/\/i0.wp.com\/www.jazzzeitung.de\/cms\/wp-content\/uploads\/2020\/04\/P90379282_highRes_bmw-welt-jazz-award-1-1-scaled.jpg?resize=1536%2C1024&amp;ssl=1 1536w, https:\/\/i0.wp.com\/www.jazzzeitung.de\/cms\/wp-content\/uploads\/2020\/04\/P90379282_highRes_bmw-welt-jazz-award-1-1-scaled.jpg?resize=2048%2C1366&amp;ssl=1 2048w, https:\/\/i0.wp.com\/www.jazzzeitung.de\/cms\/wp-content\/uploads\/2020\/04\/P90379282_highRes_bmw-welt-jazz-award-1-1-scaled.jpg?resize=120%2C80&amp;ssl=1 120w, https:\/\/i0.wp.com\/www.jazzzeitung.de\/cms\/wp-content\/uploads\/2020\/04\/P90379282_highRes_bmw-welt-jazz-award-1-1-scaled.jpg?resize=1320%2C880&amp;ssl=1 1320w, https:\/\/i0.wp.com\/www.jazzzeitung.de\/cms\/wp-content\/uploads\/2020\/04\/P90379282_highRes_bmw-welt-jazz-award-1-1-scaled.jpg?w=1680&amp;ssl=1 1680w, https:\/\/i0.wp.com\/www.jazzzeitung.de\/cms\/wp-content\/uploads\/2020\/04\/P90379282_highRes_bmw-welt-jazz-award-1-1-scaled.jpg?w=2520&amp;ssl=1 2520w\" sizes=\"auto, (max-width: 840px) 100vw, 840px\" \/><\/a><figcaption id=\"caption-attachment-22348\" class=\"wp-caption-text\">Adam Baldych, Foto: BMW Welt Jazz Award<\/figcaption><\/figure>\n<p>Der polnische Geiger Adam Ba\u0142dych wurde in seiner Heimat fr\u00fch als Wunderkind gefeiert und startete seine internationale Karriere bereits mit 16 Jahren. Gelobt wurde seine einzigartige Technik, die einer \u201eNeudefinition des Geigenklangs\u201c gleichkommt. In seinem aktuellen Projekt \u201eSacrum Profanum\u201c kommt er nun wieder auf seine klassischen Wurzeln zur\u00fcck: Zusammen mit seinen polnischen Begleitern Krzysztof Dys am Piano, Micha\u0142 Bara\u0144ski am Bass und Dawid Fortuna am Schlagzeug begeisterte er die Besucher des Konzerts am 11. Februar 2020. Das Quartett besch\u00e4ftigt sich mit \u201eheiliger Musik\u201c und ihren gro\u00dfen Komponisten, vom Mittelalter (Hildegard von Bingen) \u00fcber die Renaissance (Thomas Tallis) bis zur zeitgen\u00f6ssischen tatarisch-russischen Avantgardistin Sofia Gubaidulina.<\/p>\n<p><strong>Peter Gall Quintet<\/strong><\/p>\n<figure id=\"attachment_22350\" aria-describedby=\"caption-attachment-22350\" style=\"width: 840px\" class=\"wp-caption alignleft\"><a href=\"https:\/\/i0.wp.com\/www.jazzzeitung.de\/cms\/wp-content\/uploads\/2020\/04\/P90379196_highRes_bmw-welt-jazz-award--scaled.jpg?ssl=1\"><img data-recalc-dims=\"1\" loading=\"lazy\" decoding=\"async\" data-attachment-id=\"22350\" data-permalink=\"https:\/\/www.jazzzeitung.de\/cms\/2020\/04\/newsbmw-welt-jazz-award-finale-auf-anfang-2021-verschoben\/p90379196_highres_bmw-welt-jazz-award\/\" data-orig-file=\"https:\/\/i0.wp.com\/www.jazzzeitung.de\/cms\/wp-content\/uploads\/2020\/04\/P90379196_highRes_bmw-welt-jazz-award--scaled.jpg?fit=2560%2C1706&amp;ssl=1\" data-orig-size=\"2560,1706\" data-comments-opened=\"1\" data-image-meta=\"{&quot;aperture&quot;:&quot;2.2&quot;,&quot;credit&quot;:&quot;Stefanie Marcus&quot;,&quot;camera&quot;:&quot;Canon EOS 5D Mark III&quot;,&quot;caption&quot;:&quot;&quot;,&quot;created_timestamp&quot;:&quot;1519320621&quot;,&quot;copyright&quot;:&quot;Stefanie Marcus&quot;,&quot;focal_length&quot;:&quot;85&quot;,&quot;iso&quot;:&quot;100&quot;,&quot;shutter_speed&quot;:&quot;0.005&quot;,&quot;title&quot;:&quot;&quot;,&quot;orientation&quot;:&quot;1&quot;}\" data-image-title=\"P90379196_highRes_bmw-welt-jazz-award-\" data-image-description=\"\" data-image-caption=\"\" data-large-file=\"https:\/\/i0.wp.com\/www.jazzzeitung.de\/cms\/wp-content\/uploads\/2020\/04\/P90379196_highRes_bmw-welt-jazz-award--scaled.jpg?fit=840%2C560&amp;ssl=1\" class=\"wp-image-22350 size-large\" src=\"https:\/\/i0.wp.com\/www.jazzzeitung.de\/cms\/wp-content\/uploads\/2020\/04\/P90379196_highRes_bmw-welt-jazz-award-.jpg?resize=840%2C560&#038;ssl=1\" alt=\"\" width=\"840\" height=\"560\" srcset=\"https:\/\/i0.wp.com\/www.jazzzeitung.de\/cms\/wp-content\/uploads\/2020\/04\/P90379196_highRes_bmw-welt-jazz-award--scaled.jpg?resize=900%2C600&amp;ssl=1 900w, https:\/\/i0.wp.com\/www.jazzzeitung.de\/cms\/wp-content\/uploads\/2020\/04\/P90379196_highRes_bmw-welt-jazz-award--scaled.jpg?resize=300%2C200&amp;ssl=1 300w, https:\/\/i0.wp.com\/www.jazzzeitung.de\/cms\/wp-content\/uploads\/2020\/04\/P90379196_highRes_bmw-welt-jazz-award--scaled.jpg?resize=768%2C512&amp;ssl=1 768w, https:\/\/i0.wp.com\/www.jazzzeitung.de\/cms\/wp-content\/uploads\/2020\/04\/P90379196_highRes_bmw-welt-jazz-award--scaled.jpg?resize=1536%2C1024&amp;ssl=1 1536w, https:\/\/i0.wp.com\/www.jazzzeitung.de\/cms\/wp-content\/uploads\/2020\/04\/P90379196_highRes_bmw-welt-jazz-award--scaled.jpg?resize=2048%2C1365&amp;ssl=1 2048w, https:\/\/i0.wp.com\/www.jazzzeitung.de\/cms\/wp-content\/uploads\/2020\/04\/P90379196_highRes_bmw-welt-jazz-award--scaled.jpg?resize=120%2C80&amp;ssl=1 120w, https:\/\/i0.wp.com\/www.jazzzeitung.de\/cms\/wp-content\/uploads\/2020\/04\/P90379196_highRes_bmw-welt-jazz-award--scaled.jpg?resize=1320%2C880&amp;ssl=1 1320w, https:\/\/i0.wp.com\/www.jazzzeitung.de\/cms\/wp-content\/uploads\/2020\/04\/P90379196_highRes_bmw-welt-jazz-award--scaled.jpg?w=1680&amp;ssl=1 1680w, https:\/\/i0.wp.com\/www.jazzzeitung.de\/cms\/wp-content\/uploads\/2020\/04\/P90379196_highRes_bmw-welt-jazz-award--scaled.jpg?w=2520&amp;ssl=1 2520w\" sizes=\"auto, (max-width: 840px) 100vw, 840px\" \/><\/a><figcaption id=\"caption-attachment-22350\" class=\"wp-caption-text\">Peter Gall, Foto: BMW Welt Jazz Award<\/figcaption><\/figure>\n<p>Der aus Bad Aibling stammende, seit langem in Berlin lebende Peter Gall geh\u00f6rt zu Deutschlands profiliertesten Schlagzeugern und Komponisten. In der BMW Welt pr\u00e4sentierte Gall am 18. Februar 2020 sein erstes Album als Bandleader \u201eParadox Dreambox\u201c, ein wuchtiges Kaleidoskop moderner Jazzsounds. Dieses wurde mit herausragenden Kollegen aus der deutschen und europ\u00e4ischen Szene, n\u00e4mlich dem Echo Jazz-Preistr\u00e4ger Wanja Slavin am Saxofon, dem holl\u00e4ndischen Gitarren-Shooting-Star Reinier Baas, dem Gewinner des Neuen Deutschen Jazzpreises Rainer B\u00f6hm am Piano sowie dem aufstrebenden Bassisten Felix Henkelhausen in Szene gesetzt.<\/p>\n<p><strong>Die Jury<\/strong><\/p>\n<p>Die Jury unter dem Vorsitz von <strong>Oliver Hochkeppel<\/strong> (Musik- und Kulturjournalist der S\u00fcddeutschen Zeitung) setzte sich wie folgt zusammen:<\/p>\n<p><strong>Roland Spiegel<\/strong>, Musikredakteur mit Schwerpunkt Jazz beim Bayerischen Rundfunk, BR-KLASSIK.<\/p>\n<p><strong>Andreas Kolb<\/strong>, Chefredakteur von JazzZeitung.de und nmz \u2013 neue musikzeitung.<\/p>\n<p><strong>Heike Lies<\/strong>, Musikwissenschaftlerin, Bereich Musik und Musiktheater, im Kulturreferat der Landeshauptstadt M\u00fcnchen.<\/p>\n<p><strong>Christiane B\u00f6hnke-Geisse<\/strong>, K\u00fcnstlerische Leitung Internationales Jazzfestival Bingen swingt.<\/p>\n<p>Der neue Termin f\u00fcr das BMW Welt Jazz Award Finale und die Preisverleihung wird schnellstm\u00f6glich auf <a href=\"https:\/\/www.bmw-welt.com\/de\/experience\/event-pool\/jazz-award-2020.html\">www.bmw-welt.com\/jazzaward<\/a> und im BMW PressClub bekanntgegeben. Karten sind in der BMW Welt erh\u00e4ltlich. Bereits erworbene Tickets behalten ihre G\u00fcltigkeit. Auch in diesem Jahr unterst\u00fctzten wieder die bereits bekannten Partner, nmz und das Kulturreferat der Landeshauptstadt M\u00fcnchen. Neuer Partner des Awards ist seit diesem Jahr das renommierte M\u00fcnchner Luxushotel Bayerischer Hof. Ein weiterer neuer Partner ist der M\u00fcnchner Radiosender egoFM, der alle Auswahlkonzerte \u00fcbertrug.<\/p>\n<p>Website: <a href=\"http:\/\/www.bmw-welt.com\">www.bmw-welt.com<\/a><\/p>\n<p>Beitragsbild: Troph\u00e4e BMW Welt Jazz Award. Foto: BMW Welt Jazz Award<\/p>\n","protected":false},"excerpt":{"rendered":"<p>M\u00fcnchen. Nach den spannenden Konzerten des diesj\u00e4hrigen BMW Welt Jazz Award im Doppelkegel der BMW Welt hat die Jury jetzt die Finalisten bekannt gegeben: Adam Ba\u0142dych Quartet und Peter Gall Quintet. Mit dem diesj\u00e4hrigen Motto \u201eThe Melody at Night\u201c besann sich der BMW Welt Jazz Award auf die Wurzeln des Jazz: So fanden die kostenfreien Konzerte erstmals als Abendveranstaltungen statt, moderiert von Hannah Weiss, Gewinnerin des BMW Welt Young Artist Jazz Award 2019. Mit Blick auf die aktuellen Ereignisse, die damit verbundenen Ma\u00dfnahmen zur Eind\u00e4mmung des Corona-Virus und aus Verantwortung gegen\u00fcber den K\u00fcnstlern, G\u00e4sten und Mitarbeitern haben die BMW Group und die BMW Welt sich schweren Herzens dazu entschlossen, das Finale auf Anfang 2021 zu verschieben. Bereits das sechste Auswahlkonzert mit dem Giovanni Guidi Quintet musste aus dem gleichen Grund abgesagt werden. Der neue Termin f\u00fcr das Finale des BMW Welt Jazz Award wird auf www.bmw-welt.com\/jazzaward und im BMW PressClub bekanntgegeben. Dann werden die beiden Finalisten ihre Interpretationen des Mottos \u201eThe Melody at Night\u201c im Auditorium der BMW Welt pr\u00e4sentieren. Das Sieger-Ensemble wird mit einem Preisgeld von 10.000 Euro und einer von BMW Design entworfenen &hellip;<\/p>\n","protected":false},"author":18,"featured_media":22349,"comment_status":"open","ping_status":"closed","sticky":false,"template":"","format":"standard","meta":{"_jetpack_memberships_contains_paid_content":false,"footnotes":"","jetpack_publicize_message":"","jetpack_publicize_feature_enabled":true,"jetpack_social_post_already_shared":false,"jetpack_social_options":{"image_generator_settings":{"template":"highway","default_image_id":0,"font":"","enabled":false},"version":2}},"categories":[633],"tags":[2019,2660,34,621,1763,55,66,77,85,86,2662,94,660,149,980,157,2152,1615,2661,1876,254,918,294,2861,316,323,1499,401,413,1951,421,845,442,1170,450,1965,1164,473,15,2139,1564,795,510,548,587],"coauthors":[695],"class_list":["post-22344","post","type-post","status-publish","format-standard","has-post-thumbnail","hentry","category-nachrichten","tag-2019","tag-2660","tag-album","tag-andreas-kolb","tag-bass","tag-bayerischer-hof","tag-berlin","tag-bingen-swingt","tag-bmw-welt","tag-bmw-welt-jazz-award","tag-bmw-welt-young-artist-jazz-award","tag-br-klassik","tag-christiane-bohnke-geisse","tag-doppelkegel","tag-echo","tag-echo-jazz","tag-finale","tag-giovanni-guidi","tag-hannah-weiss","tag-jazz","tag-jazz-award","tag-jazzfestival","tag-jazzzeitung","tag-jazzzeitung-de","tag-klassik","tag-konzerte","tag-kuenstlerische-leitung","tag-muenchen","tag-neue-musikzeitung","tag-news","tag-nmz","tag-oliver-hochkeppel","tag-piano","tag-preistraeger","tag-preisverleihung","tag-quartett","tag-rainer-boehm","tag-roland-spiegel","tag-rundfunk","tag-s","tag-schlagzeug","tag-sofia","tag-spiegel","tag-tickets","tag-wanja-slavin"],"yoast_head":"<!-- This site is optimized with the Yoast SEO plugin v27.5 - https:\/\/yoast.com\/product\/yoast-seo-wordpress\/ -->\n<title>news+++BMW Welt Jazz Award Finale auf Anfang 2021 verschoben+++ - JazzZeitung<\/title>\n<meta name=\"robots\" content=\"index, follow, max-snippet:-1, max-image-preview:large, max-video-preview:-1\" \/>\n<link rel=\"canonical\" href=\"https:\/\/www.jazzzeitung.de\/cms\/2020\/04\/newsbmw-welt-jazz-award-finale-auf-anfang-2021-verschoben\/\" \/>\n<meta property=\"og:locale\" content=\"de_DE\" \/>\n<meta property=\"og:type\" content=\"article\" \/>\n<meta property=\"og:title\" content=\"news+++BMW Welt Jazz Award Finale auf Anfang 2021 verschoben+++ - JazzZeitung\" \/>\n<meta property=\"og:description\" content=\"M\u00fcnchen. Nach den spannenden Konzerten des diesj\u00e4hrigen BMW Welt Jazz Award im Doppelkegel der BMW Welt hat die Jury jetzt die Finalisten bekannt gegeben: Adam Ba\u0142dych Quartet und Peter Gall Quintet. Mit dem diesj\u00e4hrigen Motto \u201eThe Melody at Night\u201c besann sich der BMW Welt Jazz Award auf die Wurzeln des Jazz: So fanden die kostenfreien Konzerte erstmals als Abendveranstaltungen statt, moderiert von Hannah Weiss, Gewinnerin des BMW Welt Young Artist Jazz Award 2019. Mit Blick auf die aktuellen Ereignisse, die damit verbundenen Ma\u00dfnahmen zur Eind\u00e4mmung des Corona-Virus und aus Verantwortung gegen\u00fcber den K\u00fcnstlern, G\u00e4sten und Mitarbeitern haben die BMW Group und die BMW Welt sich schweren Herzens dazu entschlossen, das Finale auf Anfang 2021 zu verschieben. Bereits das sechste Auswahlkonzert mit dem Giovanni Guidi Quintet musste aus dem gleichen Grund abgesagt werden. Der neue Termin f\u00fcr das Finale des BMW Welt Jazz Award wird auf www.bmw-welt.com\/jazzaward und im BMW PressClub bekanntgegeben. Dann werden die beiden Finalisten ihre Interpretationen des Mottos \u201eThe Melody at Night\u201c im Auditorium der BMW Welt pr\u00e4sentieren. Das Sieger-Ensemble wird mit einem Preisgeld von 10.000 Euro und einer von BMW Design entworfenen &hellip;\" \/>\n<meta property=\"og:url\" content=\"https:\/\/www.jazzzeitung.de\/cms\/2020\/04\/newsbmw-welt-jazz-award-finale-auf-anfang-2021-verschoben\/\" \/>\n<meta property=\"og:site_name\" content=\"JazzZeitung\" \/>\n<meta property=\"article:publisher\" content=\"https:\/\/www.facebook.com\/JazzZeitung\/\" \/>\n<meta property=\"article:published_time\" content=\"2020-04-14T10:45:32+00:00\" \/>\n<meta property=\"article:modified_time\" content=\"2020-04-15T12:07:30+00:00\" \/>\n<meta property=\"og:image\" content=\"https:\/\/i0.wp.com\/www.jazzzeitung.de\/cms\/wp-content\/uploads\/2020\/04\/P90332903_highRes_bmw-welt-jazz-award--scaled.jpg?fit=1707%2C2560&ssl=1\" \/>\n\t<meta property=\"og:image:width\" content=\"1707\" \/>\n\t<meta property=\"og:image:height\" content=\"2560\" \/>\n\t<meta property=\"og:image:type\" content=\"image\/jpeg\" \/>\n<meta name=\"author\" content=\"Redaktion JazzZeitung\" \/>\n<script type=\"application\/ld+json\" class=\"yoast-schema-graph\">{\"@context\":\"https:\\\/\\\/schema.org\",\"@graph\":[{\"@type\":\"Article\",\"@id\":\"https:\\\/\\\/www.jazzzeitung.de\\\/cms\\\/2020\\\/04\\\/newsbmw-welt-jazz-award-finale-auf-anfang-2021-verschoben\\\/#article\",\"isPartOf\":{\"@id\":\"https:\\\/\\\/www.jazzzeitung.de\\\/cms\\\/2020\\\/04\\\/newsbmw-welt-jazz-award-finale-auf-anfang-2021-verschoben\\\/\"},\"author\":{\"name\":\"Redaktion JazzZeitung\",\"@id\":\"https:\\\/\\\/www.jazzzeitung.de\\\/cms\\\/#\\\/schema\\\/person\\\/2245b36b9cd1d24cea10f01c031fb92b\"},\"headline\":\"news+++BMW Welt Jazz Award Finale auf Anfang 2021 verschoben+++\",\"datePublished\":\"2020-04-14T10:45:32+00:00\",\"dateModified\":\"2020-04-15T12:07:30+00:00\",\"mainEntityOfPage\":{\"@id\":\"https:\\\/\\\/www.jazzzeitung.de\\\/cms\\\/2020\\\/04\\\/newsbmw-welt-jazz-award-finale-auf-anfang-2021-verschoben\\\/\"},\"wordCount\":622,\"commentCount\":0,\"publisher\":{\"@id\":\"https:\\\/\\\/www.jazzzeitung.de\\\/cms\\\/#organization\"},\"image\":{\"@id\":\"https:\\\/\\\/www.jazzzeitung.de\\\/cms\\\/2020\\\/04\\\/newsbmw-welt-jazz-award-finale-auf-anfang-2021-verschoben\\\/#primaryimage\"},\"thumbnailUrl\":\"https:\\\/\\\/i0.wp.com\\\/www.jazzzeitung.de\\\/cms\\\/wp-content\\\/uploads\\\/2020\\\/04\\\/P90332903_highRes_bmw-welt-jazz-award--scaled.jpg?fit=1707%2C2560&ssl=1\",\"keywords\":[\"2019\",\"2020\",\"Album\",\"Andreas Kolb\",\"Bass\",\"Bayerischer Hof\",\"Berlin\",\"Bingen swingt\",\"bmw welt\",\"bmw welt jazz award\",\"BMW Welt Young Artist Jazz Award\",\"Br-Klassik\",\"Christiane B\u00f6hnke-Geisse\",\"Doppelkegel\",\"ECHO\",\"Echo Jazz\",\"Finale\",\"Giovanni Guidi\",\"Hannah Weiss\",\"Jazz\",\"Jazz Award\",\"Jazzfestival\",\"Jazzzeitung\",\"JazzZeitung.de\",\"Klassik\",\"Konzerte\",\"K\u00fcnstlerische Leitung\",\"M\u00fcnchen\",\"neue musikzeitung\",\"News\",\"nmz\",\"Oliver Hochkeppel\",\"Piano\",\"Preistr\u00e4ger\",\"Preisverleihung\",\"Quartett\",\"Rainer B\u00f6hm\",\"Roland Spiegel\",\"Rundfunk\",\"S\",\"Schlagzeug\",\"SOFIA\",\"Spiegel\",\"Tickets\",\"Wanja Slavin\"],\"articleSection\":[\"News\"],\"inLanguage\":\"de\",\"potentialAction\":[{\"@type\":\"CommentAction\",\"name\":\"Comment\",\"target\":[\"https:\\\/\\\/www.jazzzeitung.de\\\/cms\\\/2020\\\/04\\\/newsbmw-welt-jazz-award-finale-auf-anfang-2021-verschoben\\\/#respond\"]}]},{\"@type\":\"WebPage\",\"@id\":\"https:\\\/\\\/www.jazzzeitung.de\\\/cms\\\/2020\\\/04\\\/newsbmw-welt-jazz-award-finale-auf-anfang-2021-verschoben\\\/\",\"url\":\"https:\\\/\\\/www.jazzzeitung.de\\\/cms\\\/2020\\\/04\\\/newsbmw-welt-jazz-award-finale-auf-anfang-2021-verschoben\\\/\",\"name\":\"news+++BMW Welt Jazz Award Finale auf Anfang 2021 verschoben+++ - JazzZeitung\",\"isPartOf\":{\"@id\":\"https:\\\/\\\/www.jazzzeitung.de\\\/cms\\\/#website\"},\"primaryImageOfPage\":{\"@id\":\"https:\\\/\\\/www.jazzzeitung.de\\\/cms\\\/2020\\\/04\\\/newsbmw-welt-jazz-award-finale-auf-anfang-2021-verschoben\\\/#primaryimage\"},\"image\":{\"@id\":\"https:\\\/\\\/www.jazzzeitung.de\\\/cms\\\/2020\\\/04\\\/newsbmw-welt-jazz-award-finale-auf-anfang-2021-verschoben\\\/#primaryimage\"},\"thumbnailUrl\":\"https:\\\/\\\/i0.wp.com\\\/www.jazzzeitung.de\\\/cms\\\/wp-content\\\/uploads\\\/2020\\\/04\\\/P90332903_highRes_bmw-welt-jazz-award--scaled.jpg?fit=1707%2C2560&ssl=1\",\"datePublished\":\"2020-04-14T10:45:32+00:00\",\"dateModified\":\"2020-04-15T12:07:30+00:00\",\"breadcrumb\":{\"@id\":\"https:\\\/\\\/www.jazzzeitung.de\\\/cms\\\/2020\\\/04\\\/newsbmw-welt-jazz-award-finale-auf-anfang-2021-verschoben\\\/#breadcrumb\"},\"inLanguage\":\"de\",\"potentialAction\":[{\"@type\":\"ReadAction\",\"target\":[\"https:\\\/\\\/www.jazzzeitung.de\\\/cms\\\/2020\\\/04\\\/newsbmw-welt-jazz-award-finale-auf-anfang-2021-verschoben\\\/\"]}]},{\"@type\":\"ImageObject\",\"inLanguage\":\"de\",\"@id\":\"https:\\\/\\\/www.jazzzeitung.de\\\/cms\\\/2020\\\/04\\\/newsbmw-welt-jazz-award-finale-auf-anfang-2021-verschoben\\\/#primaryimage\",\"url\":\"https:\\\/\\\/i0.wp.com\\\/www.jazzzeitung.de\\\/cms\\\/wp-content\\\/uploads\\\/2020\\\/04\\\/P90332903_highRes_bmw-welt-jazz-award--scaled.jpg?fit=1707%2C2560&ssl=1\",\"contentUrl\":\"https:\\\/\\\/i0.wp.com\\\/www.jazzzeitung.de\\\/cms\\\/wp-content\\\/uploads\\\/2020\\\/04\\\/P90332903_highRes_bmw-welt-jazz-award--scaled.jpg?fit=1707%2C2560&ssl=1\",\"width\":1707,\"height\":2560},{\"@type\":\"BreadcrumbList\",\"@id\":\"https:\\\/\\\/www.jazzzeitung.de\\\/cms\\\/2020\\\/04\\\/newsbmw-welt-jazz-award-finale-auf-anfang-2021-verschoben\\\/#breadcrumb\",\"itemListElement\":[{\"@type\":\"ListItem\",\"position\":1,\"name\":\"Startseite\",\"item\":\"https:\\\/\\\/www.jazzzeitung.de\\\/cms\\\/\"},{\"@type\":\"ListItem\",\"position\":2,\"name\":\"news+++BMW Welt Jazz Award Finale auf Anfang 2021 verschoben+++\"}]},{\"@type\":\"WebSite\",\"@id\":\"https:\\\/\\\/www.jazzzeitung.de\\\/cms\\\/#website\",\"url\":\"https:\\\/\\\/www.jazzzeitung.de\\\/cms\\\/\",\"name\":\"JazzZeitung\",\"description\":\"Jazz-News und Jazz-Kontroverses\",\"publisher\":{\"@id\":\"https:\\\/\\\/www.jazzzeitung.de\\\/cms\\\/#organization\"},\"potentialAction\":[{\"@type\":\"SearchAction\",\"target\":{\"@type\":\"EntryPoint\",\"urlTemplate\":\"https:\\\/\\\/www.jazzzeitung.de\\\/cms\\\/?s={search_term_string}\"},\"query-input\":{\"@type\":\"PropertyValueSpecification\",\"valueRequired\":true,\"valueName\":\"search_term_string\"}}],\"inLanguage\":\"de\"},{\"@type\":\"Organization\",\"@id\":\"https:\\\/\\\/www.jazzzeitung.de\\\/cms\\\/#organization\",\"name\":\"JazzZeitung online\",\"url\":\"https:\\\/\\\/www.jazzzeitung.de\\\/cms\\\/\",\"logo\":{\"@type\":\"ImageObject\",\"inLanguage\":\"de\",\"@id\":\"https:\\\/\\\/www.jazzzeitung.de\\\/cms\\\/#\\\/schema\\\/logo\\\/image\\\/\",\"url\":\"https:\\\/\\\/i0.wp.com\\\/www.jazzzeitung.de\\\/cms\\\/wp-content\\\/uploads\\\/2015\\\/08\\\/JAZZZEITUNGDE_Logo_Neu.png?fit=499%2C200&ssl=1\",\"contentUrl\":\"https:\\\/\\\/i0.wp.com\\\/www.jazzzeitung.de\\\/cms\\\/wp-content\\\/uploads\\\/2015\\\/08\\\/JAZZZEITUNGDE_Logo_Neu.png?fit=499%2C200&ssl=1\",\"width\":499,\"height\":200,\"caption\":\"JazzZeitung online\"},\"image\":{\"@id\":\"https:\\\/\\\/www.jazzzeitung.de\\\/cms\\\/#\\\/schema\\\/logo\\\/image\\\/\"},\"sameAs\":[\"https:\\\/\\\/www.facebook.com\\\/JazzZeitung\\\/\"]},{\"@type\":\"Person\",\"@id\":\"https:\\\/\\\/www.jazzzeitung.de\\\/cms\\\/#\\\/schema\\\/person\\\/2245b36b9cd1d24cea10f01c031fb92b\",\"name\":\"Redaktion JazzZeitung\",\"image\":{\"@type\":\"ImageObject\",\"inLanguage\":\"de\",\"@id\":\"https:\\\/\\\/i0.wp.com\\\/www.jazzzeitung.de\\\/cms\\\/wp-content\\\/uploads\\\/2015\\\/08\\\/JAZZZEITUNGDE_Logo_Neu.png?resize=96%2C96&ssl=159975dcacb611b5700bd619b5daf0a7a\",\"url\":\"https:\\\/\\\/i0.wp.com\\\/www.jazzzeitung.de\\\/cms\\\/wp-content\\\/uploads\\\/2015\\\/08\\\/JAZZZEITUNGDE_Logo_Neu.png?resize=96%2C96&ssl=1\",\"contentUrl\":\"https:\\\/\\\/i0.wp.com\\\/www.jazzzeitung.de\\\/cms\\\/wp-content\\\/uploads\\\/2015\\\/08\\\/JAZZZEITUNGDE_Logo_Neu.png?resize=96%2C96&ssl=1\",\"caption\":\"Redaktion JazzZeitung\"},\"description\":\"Artikel der Redaktion der JazzZeitung.\",\"sameAs\":[\"http:\\\/\\\/www.jazzzeitung.de\\\/cms\\\/\"],\"url\":\"https:\\\/\\\/www.jazzzeitung.de\\\/cms\\\/author\\\/redaktion\\\/\"}]}<\/script>\n<!-- \/ Yoast SEO plugin. -->","yoast_head_json":{"title":"news+++BMW Welt Jazz Award Finale auf Anfang 2021 verschoben+++ - JazzZeitung","robots":{"index":"index","follow":"follow","max-snippet":"max-snippet:-1","max-image-preview":"max-image-preview:large","max-video-preview":"max-video-preview:-1"},"canonical":"https:\/\/www.jazzzeitung.de\/cms\/2020\/04\/newsbmw-welt-jazz-award-finale-auf-anfang-2021-verschoben\/","og_locale":"de_DE","og_type":"article","og_title":"news+++BMW Welt Jazz Award Finale auf Anfang 2021 verschoben+++ - JazzZeitung","og_description":"M\u00fcnchen. Nach den spannenden Konzerten des diesj\u00e4hrigen BMW Welt Jazz Award im Doppelkegel der BMW Welt hat die Jury jetzt die Finalisten bekannt gegeben: Adam Ba\u0142dych Quartet und Peter Gall Quintet. Mit dem diesj\u00e4hrigen Motto \u201eThe Melody at Night\u201c besann sich der BMW Welt Jazz Award auf die Wurzeln des Jazz: So fanden die kostenfreien Konzerte erstmals als Abendveranstaltungen statt, moderiert von Hannah Weiss, Gewinnerin des BMW Welt Young Artist Jazz Award 2019. Mit Blick auf die aktuellen Ereignisse, die damit verbundenen Ma\u00dfnahmen zur Eind\u00e4mmung des Corona-Virus und aus Verantwortung gegen\u00fcber den K\u00fcnstlern, G\u00e4sten und Mitarbeitern haben die BMW Group und die BMW Welt sich schweren Herzens dazu entschlossen, das Finale auf Anfang 2021 zu verschieben. Bereits das sechste Auswahlkonzert mit dem Giovanni Guidi Quintet musste aus dem gleichen Grund abgesagt werden. Der neue Termin f\u00fcr das Finale des BMW Welt Jazz Award wird auf www.bmw-welt.com\/jazzaward und im BMW PressClub bekanntgegeben. Dann werden die beiden Finalisten ihre Interpretationen des Mottos \u201eThe Melody at Night\u201c im Auditorium der BMW Welt pr\u00e4sentieren. Das Sieger-Ensemble wird mit einem Preisgeld von 10.000 Euro und einer von BMW Design entworfenen &hellip;","og_url":"https:\/\/www.jazzzeitung.de\/cms\/2020\/04\/newsbmw-welt-jazz-award-finale-auf-anfang-2021-verschoben\/","og_site_name":"JazzZeitung","article_publisher":"https:\/\/www.facebook.com\/JazzZeitung\/","article_published_time":"2020-04-14T10:45:32+00:00","article_modified_time":"2020-04-15T12:07:30+00:00","og_image":[{"width":1707,"height":2560,"url":"https:\/\/i0.wp.com\/www.jazzzeitung.de\/cms\/wp-content\/uploads\/2020\/04\/P90332903_highRes_bmw-welt-jazz-award--scaled.jpg?fit=1707%2C2560&ssl=1","type":"image\/jpeg"}],"author":"Redaktion JazzZeitung","schema":{"@context":"https:\/\/schema.org","@graph":[{"@type":"Article","@id":"https:\/\/www.jazzzeitung.de\/cms\/2020\/04\/newsbmw-welt-jazz-award-finale-auf-anfang-2021-verschoben\/#article","isPartOf":{"@id":"https:\/\/www.jazzzeitung.de\/cms\/2020\/04\/newsbmw-welt-jazz-award-finale-auf-anfang-2021-verschoben\/"},"author":{"name":"Redaktion JazzZeitung","@id":"https:\/\/www.jazzzeitung.de\/cms\/#\/schema\/person\/2245b36b9cd1d24cea10f01c031fb92b"},"headline":"news+++BMW Welt Jazz Award Finale auf Anfang 2021 verschoben+++","datePublished":"2020-04-14T10:45:32+00:00","dateModified":"2020-04-15T12:07:30+00:00","mainEntityOfPage":{"@id":"https:\/\/www.jazzzeitung.de\/cms\/2020\/04\/newsbmw-welt-jazz-award-finale-auf-anfang-2021-verschoben\/"},"wordCount":622,"commentCount":0,"publisher":{"@id":"https:\/\/www.jazzzeitung.de\/cms\/#organization"},"image":{"@id":"https:\/\/www.jazzzeitung.de\/cms\/2020\/04\/newsbmw-welt-jazz-award-finale-auf-anfang-2021-verschoben\/#primaryimage"},"thumbnailUrl":"https:\/\/i0.wp.com\/www.jazzzeitung.de\/cms\/wp-content\/uploads\/2020\/04\/P90332903_highRes_bmw-welt-jazz-award--scaled.jpg?fit=1707%2C2560&ssl=1","keywords":["2019","2020","Album","Andreas Kolb","Bass","Bayerischer Hof","Berlin","Bingen swingt","bmw welt","bmw welt jazz award","BMW Welt Young Artist Jazz Award","Br-Klassik","Christiane B\u00f6hnke-Geisse","Doppelkegel","ECHO","Echo Jazz","Finale","Giovanni Guidi","Hannah Weiss","Jazz","Jazz Award","Jazzfestival","Jazzzeitung","JazzZeitung.de","Klassik","Konzerte","K\u00fcnstlerische Leitung","M\u00fcnchen","neue musikzeitung","News","nmz","Oliver Hochkeppel","Piano","Preistr\u00e4ger","Preisverleihung","Quartett","Rainer B\u00f6hm","Roland Spiegel","Rundfunk","S","Schlagzeug","SOFIA","Spiegel","Tickets","Wanja Slavin"],"articleSection":["News"],"inLanguage":"de","potentialAction":[{"@type":"CommentAction","name":"Comment","target":["https:\/\/www.jazzzeitung.de\/cms\/2020\/04\/newsbmw-welt-jazz-award-finale-auf-anfang-2021-verschoben\/#respond"]}]},{"@type":"WebPage","@id":"https:\/\/www.jazzzeitung.de\/cms\/2020\/04\/newsbmw-welt-jazz-award-finale-auf-anfang-2021-verschoben\/","url":"https:\/\/www.jazzzeitung.de\/cms\/2020\/04\/newsbmw-welt-jazz-award-finale-auf-anfang-2021-verschoben\/","name":"news+++BMW Welt Jazz Award Finale auf Anfang 2021 verschoben+++ - JazzZeitung","isPartOf":{"@id":"https:\/\/www.jazzzeitung.de\/cms\/#website"},"primaryImageOfPage":{"@id":"https:\/\/www.jazzzeitung.de\/cms\/2020\/04\/newsbmw-welt-jazz-award-finale-auf-anfang-2021-verschoben\/#primaryimage"},"image":{"@id":"https:\/\/www.jazzzeitung.de\/cms\/2020\/04\/newsbmw-welt-jazz-award-finale-auf-anfang-2021-verschoben\/#primaryimage"},"thumbnailUrl":"https:\/\/i0.wp.com\/www.jazzzeitung.de\/cms\/wp-content\/uploads\/2020\/04\/P90332903_highRes_bmw-welt-jazz-award--scaled.jpg?fit=1707%2C2560&ssl=1","datePublished":"2020-04-14T10:45:32+00:00","dateModified":"2020-04-15T12:07:30+00:00","breadcrumb":{"@id":"https:\/\/www.jazzzeitung.de\/cms\/2020\/04\/newsbmw-welt-jazz-award-finale-auf-anfang-2021-verschoben\/#breadcrumb"},"inLanguage":"de","potentialAction":[{"@type":"ReadAction","target":["https:\/\/www.jazzzeitung.de\/cms\/2020\/04\/newsbmw-welt-jazz-award-finale-auf-anfang-2021-verschoben\/"]}]},{"@type":"ImageObject","inLanguage":"de","@id":"https:\/\/www.jazzzeitung.de\/cms\/2020\/04\/newsbmw-welt-jazz-award-finale-auf-anfang-2021-verschoben\/#primaryimage","url":"https:\/\/i0.wp.com\/www.jazzzeitung.de\/cms\/wp-content\/uploads\/2020\/04\/P90332903_highRes_bmw-welt-jazz-award--scaled.jpg?fit=1707%2C2560&ssl=1","contentUrl":"https:\/\/i0.wp.com\/www.jazzzeitung.de\/cms\/wp-content\/uploads\/2020\/04\/P90332903_highRes_bmw-welt-jazz-award--scaled.jpg?fit=1707%2C2560&ssl=1","width":1707,"height":2560},{"@type":"BreadcrumbList","@id":"https:\/\/www.jazzzeitung.de\/cms\/2020\/04\/newsbmw-welt-jazz-award-finale-auf-anfang-2021-verschoben\/#breadcrumb","itemListElement":[{"@type":"ListItem","position":1,"name":"Startseite","item":"https:\/\/www.jazzzeitung.de\/cms\/"},{"@type":"ListItem","position":2,"name":"news+++BMW Welt Jazz Award Finale auf Anfang 2021 verschoben+++"}]},{"@type":"WebSite","@id":"https:\/\/www.jazzzeitung.de\/cms\/#website","url":"https:\/\/www.jazzzeitung.de\/cms\/","name":"JazzZeitung","description":"Jazz-News und Jazz-Kontroverses","publisher":{"@id":"https:\/\/www.jazzzeitung.de\/cms\/#organization"},"potentialAction":[{"@type":"SearchAction","target":{"@type":"EntryPoint","urlTemplate":"https:\/\/www.jazzzeitung.de\/cms\/?s={search_term_string}"},"query-input":{"@type":"PropertyValueSpecification","valueRequired":true,"valueName":"search_term_string"}}],"inLanguage":"de"},{"@type":"Organization","@id":"https:\/\/www.jazzzeitung.de\/cms\/#organization","name":"JazzZeitung online","url":"https:\/\/www.jazzzeitung.de\/cms\/","logo":{"@type":"ImageObject","inLanguage":"de","@id":"https:\/\/www.jazzzeitung.de\/cms\/#\/schema\/logo\/image\/","url":"https:\/\/i0.wp.com\/www.jazzzeitung.de\/cms\/wp-content\/uploads\/2015\/08\/JAZZZEITUNGDE_Logo_Neu.png?fit=499%2C200&ssl=1","contentUrl":"https:\/\/i0.wp.com\/www.jazzzeitung.de\/cms\/wp-content\/uploads\/2015\/08\/JAZZZEITUNGDE_Logo_Neu.png?fit=499%2C200&ssl=1","width":499,"height":200,"caption":"JazzZeitung online"},"image":{"@id":"https:\/\/www.jazzzeitung.de\/cms\/#\/schema\/logo\/image\/"},"sameAs":["https:\/\/www.facebook.com\/JazzZeitung\/"]},{"@type":"Person","@id":"https:\/\/www.jazzzeitung.de\/cms\/#\/schema\/person\/2245b36b9cd1d24cea10f01c031fb92b","name":"Redaktion JazzZeitung","image":{"@type":"ImageObject","inLanguage":"de","@id":"https:\/\/i0.wp.com\/www.jazzzeitung.de\/cms\/wp-content\/uploads\/2015\/08\/JAZZZEITUNGDE_Logo_Neu.png?resize=96%2C96&ssl=159975dcacb611b5700bd619b5daf0a7a","url":"https:\/\/i0.wp.com\/www.jazzzeitung.de\/cms\/wp-content\/uploads\/2015\/08\/JAZZZEITUNGDE_Logo_Neu.png?resize=96%2C96&ssl=1","contentUrl":"https:\/\/i0.wp.com\/www.jazzzeitung.de\/cms\/wp-content\/uploads\/2015\/08\/JAZZZEITUNGDE_Logo_Neu.png?resize=96%2C96&ssl=1","caption":"Redaktion JazzZeitung"},"description":"Artikel der Redaktion der JazzZeitung.","sameAs":["http:\/\/www.jazzzeitung.de\/cms\/"],"url":"https:\/\/www.jazzzeitung.de\/cms\/author\/redaktion\/"}]}},"wp-worthy-pixel":{"ignored":false,"public":null,"server":null,"url":null},"wp-worthy-type":"normal","jetpack_publicize_connections":[],"cc_featured_image_caption":{"caption_text":"","source_text":"","source_url":""},"jetpack_featured_media_url":"https:\/\/i0.wp.com\/www.jazzzeitung.de\/cms\/wp-content\/uploads\/2020\/04\/P90332903_highRes_bmw-welt-jazz-award--scaled.jpg?fit=1707%2C2560&ssl=1","jetpack_shortlink":"https:\/\/wp.me\/p3KEcT-5Oo","jetpack-related-posts":[{"id":11518,"url":"https:\/\/www.jazzzeitung.de\/cms\/2017\/01\/start-des-bmw-welt-jazz-award-2017-bass-erstaunt\/","url_meta":{"origin":22344,"position":0},"title":"Start des BMW Welt Jazz Award 2017 &#8211; \u201eBass erstaunt\u201c","author":"Redaktion JazzZeitung","date":"16. Januar 2017","format":false,"excerpt":"Mit zwei skandinavischen G\u00e4sten startet der BMW Welt Jazz Award 2017 in seine neunte Saison. Chris Minh Doky & New Nordic Jazz werden am 22. Januar im BMW Welt Doppelkegel zeigen, warum im d\u00e4nischen Jazz Kontrabassisten die wahren Bandleader sind. Der Schwede Lars Danielsson wird am 5. Februar erstmalig mit\u2026","rel":"","context":"In &quot;News&quot;","block_context":{"text":"News","link":"https:\/\/www.jazzzeitung.de\/cms\/thema\/nachrichten\/"},"img":{"alt_text":"","src":"https:\/\/i0.wp.com\/www.jazzzeitung.de\/cms\/wp-content\/uploads\/2017\/01\/BMW-Welt_Jazz-Award-2017-c-BMW-AG-150x150.jpg?resize=350%2C200","width":350,"height":200},"classes":[]},{"id":702,"url":"https:\/\/www.jazzzeitung.de\/cms\/2011\/01\/eintritt-frei-in-runde-drei-bmw-welt-jazz-award\/","url_meta":{"origin":22344,"position":1},"title":"Eintritt frei in runde drei: BMW Welt Jazz Award 2011","author":"J\u00f6rg Lichtinger","date":"23. Januar 2011","format":false,"excerpt":"Am 23. Januar 2011 haben mit der Performance von Wanja Slavin Lotus Eaters die Konzerte des BMW Welt Jazz Award 2011 begonnen. An zwei Sonntagen im Monat finden bis zum 13. M\u00e4rz noch f\u00fcnf weitere Jazz Matineen im Doppelkegel der BMW Welt statt. Nach dem Gesangsschwerpunkt im letzten Jahr, stellen\u2026","rel":"","context":"In &quot;Blog&quot;","block_context":{"text":"Blog","link":"https:\/\/www.jazzzeitung.de\/cms\/thema\/blog\/"},"img":{"alt_text":"Konzert im Doppelkegel bei den Jazzwochen 2007","src":"https:\/\/i0.wp.com\/www.jazzzeitung.de\/cms\/wp-content\/uploads\/2011\/01\/Lichtinger_BMW_Masters-of-Jazz-300x224.jpg?resize=350%2C200","width":350,"height":200},"classes":[]},{"id":11991,"url":"https:\/\/www.jazzzeitung.de\/cms\/2017\/03\/die-finalisten-des-bmw-welt-jazz-award-2017-renaud-garcia-fons-und-eva-kruse\/","url_meta":{"origin":22344,"position":2},"title":"Die Finalisten des BMW Welt Jazz Award 2017: Renaud Garcia-Fons und Eva Kruse","author":"Redaktion JazzZeitung","date":"16. M\u00e4rz 2017","format":false,"excerpt":"Die renommierte Jury des BMW Welt Jazz Award hat sich f\u00fcr folgende Kontrahenten im Finale 2017 entschieden: der Franzose Renaud Garcia-Fons und die aus Deutschland stammende Eva Kruse treten am 6. Mai gegeneinander im Auditorium der BMW Welt an. Das Sieger-Ensemble wird mit einem Preisgeld von 10.000 Euro und einer\u2026","rel":"","context":"In &quot;News&quot;","block_context":{"text":"News","link":"https:\/\/www.jazzzeitung.de\/cms\/thema\/nachrichten\/"},"img":{"alt_text":"","src":"https:\/\/i0.wp.com\/www.jazzzeitung.de\/cms\/wp-content\/uploads\/2017\/02\/Garcia-Fons-P1210550-Foto-TJ-Krebs.jpg?resize=350%2C200","width":350,"height":200,"srcset":"https:\/\/i0.wp.com\/www.jazzzeitung.de\/cms\/wp-content\/uploads\/2017\/02\/Garcia-Fons-P1210550-Foto-TJ-Krebs.jpg?resize=350%2C200 1x, https:\/\/i0.wp.com\/www.jazzzeitung.de\/cms\/wp-content\/uploads\/2017\/02\/Garcia-Fons-P1210550-Foto-TJ-Krebs.jpg?resize=525%2C300 1.5x, https:\/\/i0.wp.com\/www.jazzzeitung.de\/cms\/wp-content\/uploads\/2017\/02\/Garcia-Fons-P1210550-Foto-TJ-Krebs.jpg?resize=700%2C400 2x, https:\/\/i0.wp.com\/www.jazzzeitung.de\/cms\/wp-content\/uploads\/2017\/02\/Garcia-Fons-P1210550-Foto-TJ-Krebs.jpg?resize=1050%2C600 3x"},"classes":[]},{"id":9171,"url":"https:\/\/www.jazzzeitung.de\/cms\/2016\/05\/bmw-welt-jazz-award-2016-maria-rios-moore-gewinnt-mit-band\/","url_meta":{"origin":22344,"position":3},"title":"Indra Rios-Moore und Band gewinnen den BMW Welt Jazz Award 2016","author":"Redaktion JazzZeitung","date":"9. Mai 2016","format":"gallery","excerpt":"M\u00fcnchen. Die Sieger des BMW Welt Jazz Award 2016 stehen fest: Das amerikanisch-d\u00e4nische Ensemble von S\u00e4ngerin Indra Rios-Moore hat sich am Samstagabend im Abschlusskonzert gegen die amerikanisch-schweizerische Gruppe Stucky-Doran-Studer-Tacuma durchgesetzt. Den Hauptpreis \u00fcberreichte Ian Robertson, Mitglied des Vorstands der BMW AG. Unter dem diesj\u00e4hrigen Motto \u201eInspired by Legends\u201c begeisterten beide\u2026","rel":"","context":"In &quot;Galerie&quot;","block_context":{"text":"Galerie","link":"https:\/\/www.jazzzeitung.de\/cms\/thema\/galerie\/"},"img":{"alt_text":"","src":"https:\/\/i0.wp.com\/www.jazzzeitung.de\/cms\/wp-content\/uploads\/2016\/05\/P1750208-BMW-Welt-Jazz-Award-2016-Foto-TJ-Krebs.jpg?resize=350%2C200","width":350,"height":200,"srcset":"https:\/\/i0.wp.com\/www.jazzzeitung.de\/cms\/wp-content\/uploads\/2016\/05\/P1750208-BMW-Welt-Jazz-Award-2016-Foto-TJ-Krebs.jpg?resize=350%2C200 1x, https:\/\/i0.wp.com\/www.jazzzeitung.de\/cms\/wp-content\/uploads\/2016\/05\/P1750208-BMW-Welt-Jazz-Award-2016-Foto-TJ-Krebs.jpg?resize=525%2C300 1.5x, https:\/\/i0.wp.com\/www.jazzzeitung.de\/cms\/wp-content\/uploads\/2016\/05\/P1750208-BMW-Welt-Jazz-Award-2016-Foto-TJ-Krebs.jpg?resize=700%2C400 2x"},"classes":[]},{"id":15908,"url":"https:\/\/www.jazzzeitung.de\/cms\/2018\/05\/die-finalisten-des-bmw-welt-jazz-award-2018-stehen-fest\/","url_meta":{"origin":22344,"position":4},"title":"BMW Welt Jazz Award: BartolomeyBittmann vs. LBT","author":"Redaktion JazzZeitung","date":"4. Mai 2018","format":false,"excerpt":"Die Finalisten des BMW Welt Jazz Award 2018 stehen fest Zum Finale des BMW Welt Jazz Awards, der in diesem Jahr sein zehnj\u00e4hriges Bestehen feiert, pr\u00e4sentieren sich LBT und BartolomeyBittmann progressive strings vienna im Auditorium der BMW Welt. Das Motto in diesem Jahr lautet \u201eJazz moves\u201c und so wird es\u2026","rel":"","context":"In &quot;News&quot;","block_context":{"text":"News","link":"https:\/\/www.jazzzeitung.de\/cms\/thema\/nachrichten\/"},"img":{"alt_text":"","src":"https:\/\/i0.wp.com\/www.jazzzeitung.de\/cms\/wp-content\/uploads\/2018\/04\/Beasdy-Belle-mit-ihrem-Sextett-im-Doppelkegel-Foto-TJ-Krebs-jazzphotoagency%40web.de_.jpg?fit=1200%2C800&ssl=1&resize=350%2C200","width":350,"height":200,"srcset":"https:\/\/i0.wp.com\/www.jazzzeitung.de\/cms\/wp-content\/uploads\/2018\/04\/Beasdy-Belle-mit-ihrem-Sextett-im-Doppelkegel-Foto-TJ-Krebs-jazzphotoagency%40web.de_.jpg?fit=1200%2C800&ssl=1&resize=350%2C200 1x, https:\/\/i0.wp.com\/www.jazzzeitung.de\/cms\/wp-content\/uploads\/2018\/04\/Beasdy-Belle-mit-ihrem-Sextett-im-Doppelkegel-Foto-TJ-Krebs-jazzphotoagency%40web.de_.jpg?fit=1200%2C800&ssl=1&resize=525%2C300 1.5x, https:\/\/i0.wp.com\/www.jazzzeitung.de\/cms\/wp-content\/uploads\/2018\/04\/Beasdy-Belle-mit-ihrem-Sextett-im-Doppelkegel-Foto-TJ-Krebs-jazzphotoagency%40web.de_.jpg?fit=1200%2C800&ssl=1&resize=700%2C400 2x, https:\/\/i0.wp.com\/www.jazzzeitung.de\/cms\/wp-content\/uploads\/2018\/04\/Beasdy-Belle-mit-ihrem-Sextett-im-Doppelkegel-Foto-TJ-Krebs-jazzphotoagency%40web.de_.jpg?fit=1200%2C800&ssl=1&resize=1050%2C600 3x"},"classes":[]},{"id":8843,"url":"https:\/\/www.jazzzeitung.de\/cms\/2016\/03\/indra-rios-moore-und-das-hendrix-projekt-von-stucky-doran-studertacuma-im-finale-beim-bmw-welt-jazz-award-2016\/","url_meta":{"origin":22344,"position":5},"title":"Indra-Rios Moore und das Hendrix-Projekt von Stucky-Doran-Studer-Tacuma im Finale beim BMW Welt Jazz Award 2016","author":"Redaktion JazzZeitung","date":"29. M\u00e4rz 2016","format":"gallery","excerpt":"M\u00fcnchen. Die Finalisten des BMW Welt Jazz Award 2016 stehen fest: In diesem Jahr qualifizierten sich gleich zwei Ensembles mit weiblicher Stimmkraft f\u00fcr das Abschlusskonzert am 7. Mai. Die amerikanisch-schweizerische Gruppe Stucky-Doran-Studer-Tacuma mit ihrem Programm \u201ePlay Hendrix!\u201c sowie die amerikanisch-d\u00e4nische Musikergruppe um S\u00e4ngerin Indra Rios-Moore haben die Jury \u00fcberzeugt. Das\u2026","rel":"","context":"In &quot;News&quot;","block_context":{"text":"News","link":"https:\/\/www.jazzzeitung.de\/cms\/thema\/nachrichten\/"},"img":{"alt_text":"","src":"https:\/\/i0.wp.com\/www.jazzzeitung.de\/cms\/wp-content\/uploads\/2016\/02\/17-BMW-Welt_Erika-Stucky_Foto-van-Loon.jpg?resize=350%2C200","width":350,"height":200,"srcset":"https:\/\/i0.wp.com\/www.jazzzeitung.de\/cms\/wp-content\/uploads\/2016\/02\/17-BMW-Welt_Erika-Stucky_Foto-van-Loon.jpg?resize=350%2C200 1x, https:\/\/i0.wp.com\/www.jazzzeitung.de\/cms\/wp-content\/uploads\/2016\/02\/17-BMW-Welt_Erika-Stucky_Foto-van-Loon.jpg?resize=525%2C300 1.5x, https:\/\/i0.wp.com\/www.jazzzeitung.de\/cms\/wp-content\/uploads\/2016\/02\/17-BMW-Welt_Erika-Stucky_Foto-van-Loon.jpg?resize=700%2C400 2x, https:\/\/i0.wp.com\/www.jazzzeitung.de\/cms\/wp-content\/uploads\/2016\/02\/17-BMW-Welt_Erika-Stucky_Foto-van-Loon.jpg?resize=1050%2C600 3x, https:\/\/i0.wp.com\/www.jazzzeitung.de\/cms\/wp-content\/uploads\/2016\/02\/17-BMW-Welt_Erika-Stucky_Foto-van-Loon.jpg?resize=1400%2C800 4x"},"classes":[]}],"jetpack_sharing_enabled":true,"_links":{"self":[{"href":"https:\/\/www.jazzzeitung.de\/cms\/wp-json\/wp\/v2\/posts\/22344","targetHints":{"allow":["GET"]}}],"collection":[{"href":"https:\/\/www.jazzzeitung.de\/cms\/wp-json\/wp\/v2\/posts"}],"about":[{"href":"https:\/\/www.jazzzeitung.de\/cms\/wp-json\/wp\/v2\/types\/post"}],"author":[{"embeddable":true,"href":"https:\/\/www.jazzzeitung.de\/cms\/wp-json\/wp\/v2\/users\/18"}],"replies":[{"embeddable":true,"href":"https:\/\/www.jazzzeitung.de\/cms\/wp-json\/wp\/v2\/comments?post=22344"}],"version-history":[{"count":4,"href":"https:\/\/www.jazzzeitung.de\/cms\/wp-json\/wp\/v2\/posts\/22344\/revisions"}],"predecessor-version":[{"id":22352,"href":"https:\/\/www.jazzzeitung.de\/cms\/wp-json\/wp\/v2\/posts\/22344\/revisions\/22352"}],"wp:featuredmedia":[{"embeddable":true,"href":"https:\/\/www.jazzzeitung.de\/cms\/wp-json\/wp\/v2\/media\/22349"}],"wp:attachment":[{"href":"https:\/\/www.jazzzeitung.de\/cms\/wp-json\/wp\/v2\/media?parent=22344"}],"wp:term":[{"taxonomy":"category","embeddable":true,"href":"https:\/\/www.jazzzeitung.de\/cms\/wp-json\/wp\/v2\/categories?post=22344"},{"taxonomy":"post_tag","embeddable":true,"href":"https:\/\/www.jazzzeitung.de\/cms\/wp-json\/wp\/v2\/tags?post=22344"},{"taxonomy":"author","embeddable":true,"href":"https:\/\/www.jazzzeitung.de\/cms\/wp-json\/wp\/v2\/coauthors?post=22344"}],"curies":[{"name":"wp","href":"https:\/\/api.w.org\/{rel}","templated":true}]}}