{"id":2232,"date":"2013-09-16T10:34:20","date_gmt":"2013-09-16T08:34:20","guid":{"rendered":"http:\/\/www.jazzzeitung.de\/cms\/?p=2232"},"modified":"2013-09-16T10:34:20","modified_gmt":"2013-09-16T08:34:20","slug":"international-skoda-allstar-band-auf-tour-november-2013","status":"publish","type":"post","link":"https:\/\/www.jazzzeitung.de\/cms\/2013\/09\/international-skoda-allstar-band-auf-tour-november-2013\/","title":{"rendered":"International \u0160koda Allstar Band auf Tour &#8211; November 2013"},"content":{"rendered":"<p>Im Herbst wird die International \u0160koda Allstar Band, bestehend aus international renommierten Jazzmusikern aus verschiedenen L\u00e4ndern, zum 13. Mal auf Tournee durch Deutschland gehen.<br \/>\nBesetzung:<br \/>\nUlrich Beckerhoff \u2013 Trompete \/ Deutschland<br \/>\nMatthias Nadolny \u2013 Saxofon \/ Deutschland<br \/>\nPeter O`Mara \u2013 Gitarre \/ Australien<br \/>\nGlauco Venier \u2013 Piano \/ Italien<br \/>\nIngo Senst \u2013 Bass \/ Deutschland<br \/>\nBruno Castellucci \u2013 Schlagzeug \/ Belgien<br \/>\nals Gast: S\u00f3nnica Yepes \u2013 Gesang \/ Spanien<\/p>\n<p>Termine<br \/>\n22.11. Jazzschmiede, D\u00fcsseldorf<br \/>\n23.11. Lindenhof \u201eDa Paolo\u201c, Braunschweig<br \/>\n24.11. Kito, Bremen<br \/>\n25.11. Kukuc, Ottersberg<br \/>\n27.11. Schloss Landestrost, Neustadt am R\u00fcbenberge<br \/>\n28.11. Tuchfabrik, Trier<br \/>\n29.11. Kulturfabrik Becker + Funck, D\u00fcren<\/p>\n","protected":false},"excerpt":{"rendered":"<p>Im Herbst wird die International \u0160koda Allstar Band, bestehend aus international renommierten Jazzmusikern aus verschiedenen L\u00e4ndern, zum 13. Mal auf Tournee durch Deutschland gehen. Besetzung: Ulrich Beckerhoff \u2013 Trompete \/ Deutschland Matthias Nadolny \u2013 Saxofon \/ Deutschland Peter O`Mara \u2013 Gitarre \/ Australien Glauco Venier \u2013 Piano \/ Italien Ingo Senst \u2013 Bass \/ Deutschland Bruno Castellucci \u2013 Schlagzeug \/ Belgien als Gast: S\u00f3nnica Yepes \u2013 Gesang \/ Spanien Termine 22.11. Jazzschmiede, D\u00fcsseldorf 23.11. Lindenhof \u201eDa Paolo\u201c, Braunschweig 24.11. Kito, Bremen 25.11. Kukuc, Ottersberg 27.11. Schloss Landestrost, Neustadt am R\u00fcbenberge 28.11. Tuchfabrik, Trier 29.11. Kulturfabrik Becker + Funck, D\u00fcren<\/p>\n","protected":false},"author":6,"featured_media":0,"comment_status":"closed","ping_status":"closed","sticky":false,"template":"","format":"standard","meta":{"_jetpack_memberships_contains_paid_content":false,"footnotes":"","jetpack_publicize_message":"","jetpack_publicize_feature_enabled":true,"jetpack_social_post_already_shared":false,"jetpack_social_options":{"image_generator_settings":{"template":"highway","default_image_id":0,"font":"","enabled":false},"version":2}},"categories":[633],"tags":[137,442,686,558],"coauthors":[664],"class_list":["post-2232","post","type-post","status-publish","format-standard","hentry","category-nachrichten","tag-deutschland","tag-piano","tag-skoda-allstar-band","tag-tour"],"yoast_head":"<!-- This site is optimized with the Yoast SEO plugin v27.5 - https:\/\/yoast.com\/product\/yoast-seo-wordpress\/ -->\n<title>International \u0160koda Allstar Band auf Tour - November 2013 - JazzZeitung<\/title>\n<meta name=\"robots\" content=\"index, follow, max-snippet:-1, max-image-preview:large, max-video-preview:-1\" \/>\n<link rel=\"canonical\" href=\"https:\/\/www.jazzzeitung.de\/cms\/2013\/09\/international-skoda-allstar-band-auf-tour-november-2013\/\" \/>\n<meta property=\"og:locale\" content=\"de_DE\" \/>\n<meta property=\"og:type\" content=\"article\" \/>\n<meta property=\"og:title\" content=\"International \u0160koda Allstar Band auf Tour - November 2013 - JazzZeitung\" \/>\n<meta property=\"og:description\" content=\"Im Herbst wird die International \u0160koda Allstar Band, bestehend aus international renommierten Jazzmusikern aus verschiedenen L\u00e4ndern, zum 13. Mal auf Tournee durch Deutschland gehen. Besetzung: Ulrich Beckerhoff \u2013 Trompete \/ Deutschland Matthias Nadolny \u2013 Saxofon \/ Deutschland Peter O`Mara \u2013 Gitarre \/ Australien Glauco Venier \u2013 Piano \/ Italien Ingo Senst \u2013 Bass \/ Deutschland Bruno Castellucci \u2013 Schlagzeug \/ Belgien als Gast: S\u00f3nnica Yepes \u2013 Gesang \/ Spanien Termine 22.11. Jazzschmiede, D\u00fcsseldorf 23.11. Lindenhof \u201eDa Paolo\u201c, Braunschweig 24.11. Kito, Bremen 25.11. Kukuc, Ottersberg 27.11. Schloss Landestrost, Neustadt am R\u00fcbenberge 28.11. Tuchfabrik, Trier 29.11. Kulturfabrik Becker + Funck, D\u00fcren\" \/>\n<meta property=\"og:url\" content=\"https:\/\/www.jazzzeitung.de\/cms\/2013\/09\/international-skoda-allstar-band-auf-tour-november-2013\/\" \/>\n<meta property=\"og:site_name\" content=\"JazzZeitung\" \/>\n<meta property=\"article:publisher\" content=\"https:\/\/www.facebook.com\/JazzZeitung\/\" \/>\n<meta property=\"article:published_time\" content=\"2013-09-16T08:34:20+00:00\" \/>\n<meta property=\"og:image\" content=\"https:\/\/i0.wp.com\/www.jazzzeitung.de\/cms\/wp-content\/uploads\/2012\/01\/ipad-logo-200.png?fit=200%2C200&ssl=1\" \/>\n\t<meta property=\"og:image:width\" content=\"200\" \/>\n\t<meta property=\"og:image:height\" content=\"200\" \/>\n\t<meta property=\"og:image:type\" content=\"image\/png\" \/>\n<meta name=\"author\" content=\"Ursula Gaisa\" \/>\n<script type=\"application\/ld+json\" class=\"yoast-schema-graph\">{\"@context\":\"https:\\\/\\\/schema.org\",\"@graph\":[{\"@type\":\"Article\",\"@id\":\"https:\\\/\\\/www.jazzzeitung.de\\\/cms\\\/2013\\\/09\\\/international-skoda-allstar-band-auf-tour-november-2013\\\/#article\",\"isPartOf\":{\"@id\":\"https:\\\/\\\/www.jazzzeitung.de\\\/cms\\\/2013\\\/09\\\/international-skoda-allstar-band-auf-tour-november-2013\\\/\"},\"author\":{\"name\":\"Ursula Gaisa\",\"@id\":\"https:\\\/\\\/www.jazzzeitung.de\\\/cms\\\/#\\\/schema\\\/person\\\/1d7707f8668f083601157be48b16fe1b\"},\"headline\":\"International \u0160koda Allstar Band auf Tour &#8211; November 2013\",\"datePublished\":\"2013-09-16T08:34:20+00:00\",\"mainEntityOfPage\":{\"@id\":\"https:\\\/\\\/www.jazzzeitung.de\\\/cms\\\/2013\\\/09\\\/international-skoda-allstar-band-auf-tour-november-2013\\\/\"},\"wordCount\":90,\"publisher\":{\"@id\":\"https:\\\/\\\/www.jazzzeitung.de\\\/cms\\\/#organization\"},\"keywords\":[\"Deutschland\",\"Piano\",\"\u0160koda Allstar Band\",\"Tour\"],\"articleSection\":[\"News\"],\"inLanguage\":\"de\"},{\"@type\":\"WebPage\",\"@id\":\"https:\\\/\\\/www.jazzzeitung.de\\\/cms\\\/2013\\\/09\\\/international-skoda-allstar-band-auf-tour-november-2013\\\/\",\"url\":\"https:\\\/\\\/www.jazzzeitung.de\\\/cms\\\/2013\\\/09\\\/international-skoda-allstar-band-auf-tour-november-2013\\\/\",\"name\":\"International \u0160koda Allstar Band auf Tour - November 2013 - JazzZeitung\",\"isPartOf\":{\"@id\":\"https:\\\/\\\/www.jazzzeitung.de\\\/cms\\\/#website\"},\"datePublished\":\"2013-09-16T08:34:20+00:00\",\"breadcrumb\":{\"@id\":\"https:\\\/\\\/www.jazzzeitung.de\\\/cms\\\/2013\\\/09\\\/international-skoda-allstar-band-auf-tour-november-2013\\\/#breadcrumb\"},\"inLanguage\":\"de\",\"potentialAction\":[{\"@type\":\"ReadAction\",\"target\":[\"https:\\\/\\\/www.jazzzeitung.de\\\/cms\\\/2013\\\/09\\\/international-skoda-allstar-band-auf-tour-november-2013\\\/\"]}]},{\"@type\":\"BreadcrumbList\",\"@id\":\"https:\\\/\\\/www.jazzzeitung.de\\\/cms\\\/2013\\\/09\\\/international-skoda-allstar-band-auf-tour-november-2013\\\/#breadcrumb\",\"itemListElement\":[{\"@type\":\"ListItem\",\"position\":1,\"name\":\"Startseite\",\"item\":\"https:\\\/\\\/www.jazzzeitung.de\\\/cms\\\/\"},{\"@type\":\"ListItem\",\"position\":2,\"name\":\"International \u0160koda Allstar Band auf Tour &#8211; November 2013\"}]},{\"@type\":\"WebSite\",\"@id\":\"https:\\\/\\\/www.jazzzeitung.de\\\/cms\\\/#website\",\"url\":\"https:\\\/\\\/www.jazzzeitung.de\\\/cms\\\/\",\"name\":\"JazzZeitung\",\"description\":\"Jazz-News und Jazz-Kontroverses\",\"publisher\":{\"@id\":\"https:\\\/\\\/www.jazzzeitung.de\\\/cms\\\/#organization\"},\"potentialAction\":[{\"@type\":\"SearchAction\",\"target\":{\"@type\":\"EntryPoint\",\"urlTemplate\":\"https:\\\/\\\/www.jazzzeitung.de\\\/cms\\\/?s={search_term_string}\"},\"query-input\":{\"@type\":\"PropertyValueSpecification\",\"valueRequired\":true,\"valueName\":\"search_term_string\"}}],\"inLanguage\":\"de\"},{\"@type\":\"Organization\",\"@id\":\"https:\\\/\\\/www.jazzzeitung.de\\\/cms\\\/#organization\",\"name\":\"JazzZeitung online\",\"url\":\"https:\\\/\\\/www.jazzzeitung.de\\\/cms\\\/\",\"logo\":{\"@type\":\"ImageObject\",\"inLanguage\":\"de\",\"@id\":\"https:\\\/\\\/www.jazzzeitung.de\\\/cms\\\/#\\\/schema\\\/logo\\\/image\\\/\",\"url\":\"https:\\\/\\\/i0.wp.com\\\/www.jazzzeitung.de\\\/cms\\\/wp-content\\\/uploads\\\/2015\\\/08\\\/JAZZZEITUNGDE_Logo_Neu.png?fit=499%2C200&ssl=1\",\"contentUrl\":\"https:\\\/\\\/i0.wp.com\\\/www.jazzzeitung.de\\\/cms\\\/wp-content\\\/uploads\\\/2015\\\/08\\\/JAZZZEITUNGDE_Logo_Neu.png?fit=499%2C200&ssl=1\",\"width\":499,\"height\":200,\"caption\":\"JazzZeitung online\"},\"image\":{\"@id\":\"https:\\\/\\\/www.jazzzeitung.de\\\/cms\\\/#\\\/schema\\\/logo\\\/image\\\/\"},\"sameAs\":[\"https:\\\/\\\/www.facebook.com\\\/JazzZeitung\\\/\"]},{\"@type\":\"Person\",\"@id\":\"https:\\\/\\\/www.jazzzeitung.de\\\/cms\\\/#\\\/schema\\\/person\\\/1d7707f8668f083601157be48b16fe1b\",\"name\":\"Ursula Gaisa\",\"image\":{\"@type\":\"ImageObject\",\"inLanguage\":\"de\",\"@id\":\"https:\\\/\\\/secure.gravatar.com\\\/avatar\\\/b9c23f3e1855277dfcc4682042bfb89dce806656872e44d5f2f2670a602ecfde?s=96&d=wp_user_avatar&r=g2a222bd83deef568a70b811610d29664\",\"url\":\"https:\\\/\\\/secure.gravatar.com\\\/avatar\\\/b9c23f3e1855277dfcc4682042bfb89dce806656872e44d5f2f2670a602ecfde?s=96&d=wp_user_avatar&r=g\",\"contentUrl\":\"https:\\\/\\\/secure.gravatar.com\\\/avatar\\\/b9c23f3e1855277dfcc4682042bfb89dce806656872e44d5f2f2670a602ecfde?s=96&d=wp_user_avatar&r=g\",\"caption\":\"Ursula Gaisa\"},\"url\":\"https:\\\/\\\/www.jazzzeitung.de\\\/cms\\\/author\\\/gaisa\\\/\"}]}<\/script>\n<!-- \/ Yoast SEO plugin. -->","yoast_head_json":{"title":"International \u0160koda Allstar Band auf Tour - November 2013 - JazzZeitung","robots":{"index":"index","follow":"follow","max-snippet":"max-snippet:-1","max-image-preview":"max-image-preview:large","max-video-preview":"max-video-preview:-1"},"canonical":"https:\/\/www.jazzzeitung.de\/cms\/2013\/09\/international-skoda-allstar-band-auf-tour-november-2013\/","og_locale":"de_DE","og_type":"article","og_title":"International \u0160koda Allstar Band auf Tour - November 2013 - JazzZeitung","og_description":"Im Herbst wird die International \u0160koda Allstar Band, bestehend aus international renommierten Jazzmusikern aus verschiedenen L\u00e4ndern, zum 13. Mal auf Tournee durch Deutschland gehen. Besetzung: Ulrich Beckerhoff \u2013 Trompete \/ Deutschland Matthias Nadolny \u2013 Saxofon \/ Deutschland Peter O`Mara \u2013 Gitarre \/ Australien Glauco Venier \u2013 Piano \/ Italien Ingo Senst \u2013 Bass \/ Deutschland Bruno Castellucci \u2013 Schlagzeug \/ Belgien als Gast: S\u00f3nnica Yepes \u2013 Gesang \/ Spanien Termine 22.11. Jazzschmiede, D\u00fcsseldorf 23.11. Lindenhof \u201eDa Paolo\u201c, Braunschweig 24.11. Kito, Bremen 25.11. Kukuc, Ottersberg 27.11. Schloss Landestrost, Neustadt am R\u00fcbenberge 28.11. Tuchfabrik, Trier 29.11. Kulturfabrik Becker + Funck, D\u00fcren","og_url":"https:\/\/www.jazzzeitung.de\/cms\/2013\/09\/international-skoda-allstar-band-auf-tour-november-2013\/","og_site_name":"JazzZeitung","article_publisher":"https:\/\/www.facebook.com\/JazzZeitung\/","article_published_time":"2013-09-16T08:34:20+00:00","og_image":[{"width":200,"height":200,"url":"https:\/\/i0.wp.com\/www.jazzzeitung.de\/cms\/wp-content\/uploads\/2012\/01\/ipad-logo-200.png?fit=200%2C200&ssl=1","type":"image\/png"}],"author":"Ursula Gaisa","schema":{"@context":"https:\/\/schema.org","@graph":[{"@type":"Article","@id":"https:\/\/www.jazzzeitung.de\/cms\/2013\/09\/international-skoda-allstar-band-auf-tour-november-2013\/#article","isPartOf":{"@id":"https:\/\/www.jazzzeitung.de\/cms\/2013\/09\/international-skoda-allstar-band-auf-tour-november-2013\/"},"author":{"name":"Ursula Gaisa","@id":"https:\/\/www.jazzzeitung.de\/cms\/#\/schema\/person\/1d7707f8668f083601157be48b16fe1b"},"headline":"International \u0160koda Allstar Band auf Tour &#8211; November 2013","datePublished":"2013-09-16T08:34:20+00:00","mainEntityOfPage":{"@id":"https:\/\/www.jazzzeitung.de\/cms\/2013\/09\/international-skoda-allstar-band-auf-tour-november-2013\/"},"wordCount":90,"publisher":{"@id":"https:\/\/www.jazzzeitung.de\/cms\/#organization"},"keywords":["Deutschland","Piano","\u0160koda Allstar Band","Tour"],"articleSection":["News"],"inLanguage":"de"},{"@type":"WebPage","@id":"https:\/\/www.jazzzeitung.de\/cms\/2013\/09\/international-skoda-allstar-band-auf-tour-november-2013\/","url":"https:\/\/www.jazzzeitung.de\/cms\/2013\/09\/international-skoda-allstar-band-auf-tour-november-2013\/","name":"International \u0160koda Allstar Band auf Tour - November 2013 - JazzZeitung","isPartOf":{"@id":"https:\/\/www.jazzzeitung.de\/cms\/#website"},"datePublished":"2013-09-16T08:34:20+00:00","breadcrumb":{"@id":"https:\/\/www.jazzzeitung.de\/cms\/2013\/09\/international-skoda-allstar-band-auf-tour-november-2013\/#breadcrumb"},"inLanguage":"de","potentialAction":[{"@type":"ReadAction","target":["https:\/\/www.jazzzeitung.de\/cms\/2013\/09\/international-skoda-allstar-band-auf-tour-november-2013\/"]}]},{"@type":"BreadcrumbList","@id":"https:\/\/www.jazzzeitung.de\/cms\/2013\/09\/international-skoda-allstar-band-auf-tour-november-2013\/#breadcrumb","itemListElement":[{"@type":"ListItem","position":1,"name":"Startseite","item":"https:\/\/www.jazzzeitung.de\/cms\/"},{"@type":"ListItem","position":2,"name":"International \u0160koda Allstar Band auf Tour &#8211; November 2013"}]},{"@type":"WebSite","@id":"https:\/\/www.jazzzeitung.de\/cms\/#website","url":"https:\/\/www.jazzzeitung.de\/cms\/","name":"JazzZeitung","description":"Jazz-News und Jazz-Kontroverses","publisher":{"@id":"https:\/\/www.jazzzeitung.de\/cms\/#organization"},"potentialAction":[{"@type":"SearchAction","target":{"@type":"EntryPoint","urlTemplate":"https:\/\/www.jazzzeitung.de\/cms\/?s={search_term_string}"},"query-input":{"@type":"PropertyValueSpecification","valueRequired":true,"valueName":"search_term_string"}}],"inLanguage":"de"},{"@type":"Organization","@id":"https:\/\/www.jazzzeitung.de\/cms\/#organization","name":"JazzZeitung online","url":"https:\/\/www.jazzzeitung.de\/cms\/","logo":{"@type":"ImageObject","inLanguage":"de","@id":"https:\/\/www.jazzzeitung.de\/cms\/#\/schema\/logo\/image\/","url":"https:\/\/i0.wp.com\/www.jazzzeitung.de\/cms\/wp-content\/uploads\/2015\/08\/JAZZZEITUNGDE_Logo_Neu.png?fit=499%2C200&ssl=1","contentUrl":"https:\/\/i0.wp.com\/www.jazzzeitung.de\/cms\/wp-content\/uploads\/2015\/08\/JAZZZEITUNGDE_Logo_Neu.png?fit=499%2C200&ssl=1","width":499,"height":200,"caption":"JazzZeitung online"},"image":{"@id":"https:\/\/www.jazzzeitung.de\/cms\/#\/schema\/logo\/image\/"},"sameAs":["https:\/\/www.facebook.com\/JazzZeitung\/"]},{"@type":"Person","@id":"https:\/\/www.jazzzeitung.de\/cms\/#\/schema\/person\/1d7707f8668f083601157be48b16fe1b","name":"Ursula Gaisa","image":{"@type":"ImageObject","inLanguage":"de","@id":"https:\/\/secure.gravatar.com\/avatar\/b9c23f3e1855277dfcc4682042bfb89dce806656872e44d5f2f2670a602ecfde?s=96&d=wp_user_avatar&r=g2a222bd83deef568a70b811610d29664","url":"https:\/\/secure.gravatar.com\/avatar\/b9c23f3e1855277dfcc4682042bfb89dce806656872e44d5f2f2670a602ecfde?s=96&d=wp_user_avatar&r=g","contentUrl":"https:\/\/secure.gravatar.com\/avatar\/b9c23f3e1855277dfcc4682042bfb89dce806656872e44d5f2f2670a602ecfde?s=96&d=wp_user_avatar&r=g","caption":"Ursula Gaisa"},"url":"https:\/\/www.jazzzeitung.de\/cms\/author\/gaisa\/"}]}},"wp-worthy-pixel":{"ignored":false,"public":null,"server":null,"url":null},"wp-worthy-type":"normal","jetpack_publicize_connections":[],"cc_featured_image_caption":{"caption_text":false,"source_text":false,"source_url":false},"jetpack_featured_media_url":"","jetpack_shortlink":"https:\/\/wp.me\/p3KEcT-A0","jetpack-related-posts":[{"id":7438,"url":"https:\/\/www.jazzzeitung.de\/cms\/2015\/10\/abschied-von-der-skoda-allstar-band-uli-beckerhoff-blickt-auf-ein-gelungenes-modell-zur-foerderung-der-kultur-zurueck\/","url_meta":{"origin":2232,"position":0},"title":"Abschied von der \u0160koda-Allstar-Band: Uli Beckerhoff blickt auf ein gelungenes Modell zur F\u00f6rderung der Kultur zur\u00fcck","author":"Redaktion JazzZeitung","date":"21. Oktober 2015","format":false,"excerpt":"Von Stefan Pieper - Zum letzten Mal geht ab dem 5. November die \u0160koda Allstar Band auf Tour. Danach zieht sich der Autokonzern endg\u00fcltig aus dem Bereich des Jazz-Sponsoring zur\u00fcck. Damit ist der hochkar\u00e4tig besetzten Combo aus internationalen Jazzgr\u00f6\u00dfen die M\u00f6glichkeit zur weiteren Existenz als tourneefreudige Liveband genommen. Ulrich Beckerhof,\u2026","rel":"","context":"In &quot;Portrait&quot;","block_context":{"text":"Portrait","link":"https:\/\/www.jazzzeitung.de\/cms\/thema\/portrait\/"},"img":{"alt_text":"Foto: Frank Pusch","src":"https:\/\/i0.wp.com\/www.jazzzeitung.de\/cms\/wp-content\/uploads\/2015\/10\/beckerhoff-by-frank-pusch-02-150x150.jpg?resize=350%2C200","width":350,"height":200},"classes":[]},{"id":4647,"url":"https:\/\/www.jazzzeitung.de\/cms\/2014\/10\/international-skoda-allstar-band-im-november-auf-tournee\/","url_meta":{"origin":2232,"position":1},"title":"International \u0160koda Allstar Band im November auf Tournee","author":"Redaktion JazzZeitung","date":"6. Oktober 2014","format":false,"excerpt":"Im Herbst wird die International \u0160koda Allstar Band, bestehend aus international renommierten Jazzmusikern aus verschiedenen L\u00e4ndern, zum dreizehnten Mal auf Tournee durch Deutschland gehen. Die Musiker kennen sich untereinander schon seit vielen Jahren und haben in den unterschiedlichsten Besetzungen miteinander gearbeitet. In dieser Besetzung trafen sie sich zum ersten Mal\u2026","rel":"","context":"In &quot;News&quot;","block_context":{"text":"News","link":"https:\/\/www.jazzzeitung.de\/cms\/thema\/nachrichten\/"},"img":{"alt_text":"Foto: Frank Pusch","src":"https:\/\/i0.wp.com\/www.jazzzeitung.de\/cms\/wp-content\/uploads\/2014\/10\/ulrich_beckerhoff_copyright_frank_pusch_300dpi-150x150.jpg?resize=350%2C200","width":350,"height":200},"classes":[]},{"id":6332,"url":"https:\/\/www.jazzzeitung.de\/cms\/2015\/06\/preistraeger-der-13-bundesbegegnung-jugend-jazzt-mit-dem-skoda-jazzpreis-2015-stehen-fest\/","url_meta":{"origin":2232,"position":2},"title":"Preistr\u00e4ger der 13. Bundesbegegnung Jugend jazzt mit dem \u0160KODA Jazzpreis 2015 stehen fest","author":"Redaktion JazzZeitung","date":"6. Juni 2015","format":false,"excerpt":"Soeben hat der Deutsche Musikrat, Veranstalter der \u201eBundesbegegnung Jugend jazzt mit dem \u0160KODA Jazzpreis\u201c, die Ergebnisse des bundesweiten Nachwuchswettbewerbs bekanntgegeben. Das Trio First Circle aus Hessen erh\u00e4lt den begehrten Studiopreis des Deutschlandfunks. Die Band, bestehend aus Saxophonist Victor Fox (14), Bassist Roger Kintopf (16) und Schlagzeuger Felix Ambach (16), wird\u2026","rel":"","context":"In &quot;News&quot;","block_context":{"text":"News","link":"https:\/\/www.jazzzeitung.de\/cms\/thema\/nachrichten\/"},"img":{"alt_text":"First Circle (Hessen)","src":"https:\/\/i0.wp.com\/www.jazzzeitung.de\/cms\/wp-content\/uploads\/2015\/06\/jugend_jazzt_2015-6050237-800x600.jpg?resize=350%2C200","width":350,"height":200,"srcset":"https:\/\/i0.wp.com\/www.jazzzeitung.de\/cms\/wp-content\/uploads\/2015\/06\/jugend_jazzt_2015-6050237-800x600.jpg?resize=350%2C200 1x, https:\/\/i0.wp.com\/www.jazzzeitung.de\/cms\/wp-content\/uploads\/2015\/06\/jugend_jazzt_2015-6050237-800x600.jpg?resize=525%2C300 1.5x"},"classes":[]},{"id":3982,"url":"https:\/\/www.jazzzeitung.de\/cms\/2014\/05\/bundesbegegnung-jugend-jazzt-mit-dem-skoda-jazzpreis-stuttgart\/","url_meta":{"origin":2232,"position":3},"title":"Bundesbegegnung Jugend jazzt mit dem \u0160KODA Jazzpreis in Stuttgart","author":"Andreas Kolb","date":"26. Mai 2014","format":false,"excerpt":"Am Donnerstag, den 29. Mai startet die Bundesbegegnung Jugend jazzt mit dem \u0160KODA Jazzpreis in Stuttgart. Das in der Tr\u00e4gerschaft des Deutschen Musikrats befindliche Projekt gibt j\u00e4hrlich den Siegern der vorausgegangenen Landeswettbewerbe die Chance, ihr K\u00f6nnen vor einer Jury und einem gr\u00f6\u00dferen Publikum zu pr\u00e4sentieren. Dieses Jahr stellen sich junge\u2026","rel":"","context":"In &quot;Blog&quot;","block_context":{"text":"Blog","link":"https:\/\/www.jazzzeitung.de\/cms\/thema\/blog\/"},"img":{"alt_text":"Jugend jazzt mit dem \u0160KODA Jazzpreis in Stuttgart ","src":"https:\/\/i0.wp.com\/www.jazzzeitung.de\/cms\/wp-content\/uploads\/2014\/05\/140523-Bundesbegegnung-Jugend-jazzt-bringt-Stuttgart-zum-Grooven-150x150.jpg?resize=350%2C200","width":350,"height":200},"classes":[]},{"id":240,"url":"https:\/\/www.jazzzeitung.de\/cms\/2010\/07\/erste-bundesbegegnung-jugend-jazzt-fuer-big-bands\/","url_meta":{"origin":2232,"position":4},"title":"Erste Bundesbegegnung &#8222;Jugend jazzt&#8220; f\u00fcr Big Bands","author":"J\u00f6rg Lichtinger","date":"1. Juli 2010","format":false,"excerpt":"Die Jugend jazzt erfreulicherweise nach wie vor recht aktiv \u2013 seit 1997 auch unter fachm\u00e4nnischer Beobachtung des Deutschen Musikrats. In diesem Jahr gab es die Bundesbegegnung \"Jugend jazzt\" zum ersten Mal auch f\u00fcr Jazzorchester. Jugend-Bigbands aus ganz Deutschland, die sich bei den jeweiligen Landesausscheidungen durchgesetzt hatten, trafen am 26.\/27. Juni\u2026","rel":"","context":"In &quot;Blog&quot;","block_context":{"text":"Blog","link":"https:\/\/www.jazzzeitung.de\/cms\/thema\/blog\/"},"img":{"alt_text":"Die Teilnehmer bei \"Jugend jazzt\" 2010. Foto Bernadette Heim","src":"https:\/\/i0.wp.com\/www.jazzzeitung.de\/cms\/wp-content\/uploads\/2010\/06\/1aMusikrat1-300x172.jpg?resize=350%2C200","width":350,"height":200},"classes":[]},{"id":3505,"url":"https:\/\/www.jazzzeitung.de\/cms\/2014\/02\/jan-persson-erhaelt-den-9-jazzahead-skoda-award\/","url_meta":{"origin":2232,"position":5},"title":"Jan Persson erh\u00e4lt den 9. jazzahead!-\u0160KODA-Award","author":"Redaktion JazzZeitung","date":"20. Februar 2014","format":false,"excerpt":"Der Gewinner des jazzahead!- \u0160KODA-Award 2014 steht fest: Er geht an den D\u00e4nen Jan Persson. Damit wird die Reihe der bisherigen Preistr\u00e4ger erstmals um einen Fotografen erweitert. Jan Persson fotografiert seit \u00fcber 50 Jahren Jazzmusiker und hat die Gro\u00dfen der Szene in seinen Schwarz-Wei\u00df Fotografien festgehalten. Damit ist er als\u2026","rel":"","context":"In &quot;News&quot;","block_context":{"text":"News","link":"https:\/\/www.jazzzeitung.de\/cms\/thema\/nachrichten\/"},"img":{"alt_text":"Jan Persson ist Preistr\u00e4ger des jazzahead!-\u0160KODA-Award 2014 ","src":"https:\/\/i0.wp.com\/www.jazzzeitung.de\/cms\/wp-content\/uploads\/2014\/02\/photo1_jazzahead2014_SKODA-Award_Jan-Persson-150x150.jpg?resize=350%2C200","width":350,"height":200},"classes":[]}],"jetpack_sharing_enabled":true,"_links":{"self":[{"href":"https:\/\/www.jazzzeitung.de\/cms\/wp-json\/wp\/v2\/posts\/2232","targetHints":{"allow":["GET"]}}],"collection":[{"href":"https:\/\/www.jazzzeitung.de\/cms\/wp-json\/wp\/v2\/posts"}],"about":[{"href":"https:\/\/www.jazzzeitung.de\/cms\/wp-json\/wp\/v2\/types\/post"}],"author":[{"embeddable":true,"href":"https:\/\/www.jazzzeitung.de\/cms\/wp-json\/wp\/v2\/users\/6"}],"replies":[{"embeddable":true,"href":"https:\/\/www.jazzzeitung.de\/cms\/wp-json\/wp\/v2\/comments?post=2232"}],"version-history":[{"count":3,"href":"https:\/\/www.jazzzeitung.de\/cms\/wp-json\/wp\/v2\/posts\/2232\/revisions"}],"predecessor-version":[{"id":2236,"href":"https:\/\/www.jazzzeitung.de\/cms\/wp-json\/wp\/v2\/posts\/2232\/revisions\/2236"}],"wp:attachment":[{"href":"https:\/\/www.jazzzeitung.de\/cms\/wp-json\/wp\/v2\/media?parent=2232"}],"wp:term":[{"taxonomy":"category","embeddable":true,"href":"https:\/\/www.jazzzeitung.de\/cms\/wp-json\/wp\/v2\/categories?post=2232"},{"taxonomy":"post_tag","embeddable":true,"href":"https:\/\/www.jazzzeitung.de\/cms\/wp-json\/wp\/v2\/tags?post=2232"},{"taxonomy":"author","embeddable":true,"href":"https:\/\/www.jazzzeitung.de\/cms\/wp-json\/wp\/v2\/coauthors?post=2232"}],"curies":[{"name":"wp","href":"https:\/\/api.w.org\/{rel}","templated":true}]}}