{"id":22300,"date":"2020-04-07T08:30:32","date_gmt":"2020-04-07T06:30:32","guid":{"rendered":"https:\/\/www.jazzzeitung.de\/cms\/?p=22300"},"modified":"2020-04-25T19:44:15","modified_gmt":"2020-04-25T17:44:15","slug":"die-wueste-lebt-das-bahrain-jazzfestival","status":"publish","type":"post","link":"https:\/\/www.jazzzeitung.de\/cms\/2020\/04\/die-wueste-lebt-das-bahrain-jazzfestival\/","title":{"rendered":"Die W\u00fcste lebt &#8211; Das Bahrain Jazz Fest"},"content":{"rendered":"<p>Selbst in Bahrain gibt es jetzt ein Jazzfestival. Expansion ist Programm<\/p>\n<p>Die Liste der L\u00e4nder, die auf der \u2013 wegen COVID-19 auf 29. April bis 2.Mai 2021 verschobenen \u2013 Messe Jazzahead in Bremen vertreten gewesen w\u00e4ren, ist auf der Jazzahead-Homepage alphabetisch sortiert. 23 Nationen sind es inzwischen, was &#8211; ebenso wie Kanada als Gastland &#8211; die wachsende internationale Bedeutung der deutschen Jazz-Fachmesse unterstreicht, zumal andere Szene-Meetings wie auf der MIDEM weggebrochen sind. An erster Stelle taucht ein Land auf, an das man beim Stichwort Jazz wohl bisher kaum gedacht hat: Bahrain.<\/p>\n<figure id=\"attachment_22304\" aria-describedby=\"caption-attachment-22304\" style=\"width: 840px\" class=\"wp-caption aligncenter\"><a href=\"https:\/\/i0.wp.com\/www.jazzzeitung.de\/cms\/wp-content\/uploads\/2020\/04\/BahJazz1-scaled-e1586158992530.jpg?ssl=1\"><img data-recalc-dims=\"1\" loading=\"lazy\" decoding=\"async\" data-attachment-id=\"22304\" data-permalink=\"https:\/\/www.jazzzeitung.de\/cms\/2020\/04\/die-wueste-lebt-das-bahrain-jazzfestival\/bahjazz1\/\" data-orig-file=\"https:\/\/i0.wp.com\/www.jazzzeitung.de\/cms\/wp-content\/uploads\/2020\/04\/BahJazz1-scaled-e1586158992530.jpg?fit=2560%2C1740&amp;ssl=1\" data-orig-size=\"2560,1740\" data-comments-opened=\"1\" data-image-meta=\"{&quot;aperture&quot;:&quot;1.8&quot;,&quot;credit&quot;:&quot;&quot;,&quot;camera&quot;:&quot;LG-H870DS&quot;,&quot;caption&quot;:&quot;&quot;,&quot;created_timestamp&quot;:&quot;1572623267&quot;,&quot;copyright&quot;:&quot;&quot;,&quot;focal_length&quot;:&quot;4.03&quot;,&quot;iso&quot;:&quot;50&quot;,&quot;shutter_speed&quot;:&quot;0.0011682242990654&quot;,&quot;title&quot;:&quot;&quot;,&quot;orientation&quot;:&quot;1&quot;}\" data-image-title=\"Bahrain-Jazzfestival\" data-image-description=\"\" data-image-caption=\"&lt;p&gt;Foto: Oliver Hochkeppel&lt;\/p&gt;\n\" data-large-file=\"https:\/\/i0.wp.com\/www.jazzzeitung.de\/cms\/wp-content\/uploads\/2020\/04\/BahJazz1-scaled-e1586158992530.jpg?fit=840%2C571&amp;ssl=1\" class=\"wp-image-22304 size-large\" src=\"https:\/\/i0.wp.com\/www.jazzzeitung.de\/cms\/wp-content\/uploads\/2020\/04\/BahJazz1-scaled-e1586158992530-883x600.jpg?resize=840%2C571&#038;ssl=1\" alt=\"\" width=\"840\" height=\"571\" srcset=\"https:\/\/i0.wp.com\/www.jazzzeitung.de\/cms\/wp-content\/uploads\/2020\/04\/BahJazz1-scaled-e1586158992530.jpg?resize=883%2C600&amp;ssl=1 883w, https:\/\/i0.wp.com\/www.jazzzeitung.de\/cms\/wp-content\/uploads\/2020\/04\/BahJazz1-scaled-e1586158992530.jpg?resize=300%2C204&amp;ssl=1 300w, https:\/\/i0.wp.com\/www.jazzzeitung.de\/cms\/wp-content\/uploads\/2020\/04\/BahJazz1-scaled-e1586158992530.jpg?resize=768%2C522&amp;ssl=1 768w, https:\/\/i0.wp.com\/www.jazzzeitung.de\/cms\/wp-content\/uploads\/2020\/04\/BahJazz1-scaled-e1586158992530.jpg?resize=1536%2C1044&amp;ssl=1 1536w, https:\/\/i0.wp.com\/www.jazzzeitung.de\/cms\/wp-content\/uploads\/2020\/04\/BahJazz1-scaled-e1586158992530.jpg?resize=2048%2C1392&amp;ssl=1 2048w, https:\/\/i0.wp.com\/www.jazzzeitung.de\/cms\/wp-content\/uploads\/2020\/04\/BahJazz1-scaled-e1586158992530.jpg?resize=1320%2C897&amp;ssl=1 1320w, https:\/\/i0.wp.com\/www.jazzzeitung.de\/cms\/wp-content\/uploads\/2020\/04\/BahJazz1-scaled-e1586158992530.jpg?w=1680&amp;ssl=1 1680w, https:\/\/i0.wp.com\/www.jazzzeitung.de\/cms\/wp-content\/uploads\/2020\/04\/BahJazz1-scaled-e1586158992530.jpg?w=2520&amp;ssl=1 2520w\" sizes=\"auto, (max-width: 840px) 100vw, 840px\" \/><\/a><figcaption id=\"caption-attachment-22304\" class=\"wp-caption-text\">Musik f\u00fcr die ganze Familie: Das Jazz Fest im Inselstaat Bahrain. Foto: Oliver Hochkeppel<\/figcaption><\/figure>\n<p>Auch das K\u00f6nigtum in der Golfregion hat n\u00e4mlich seit drei Jahren sein Jazzfestival. Und nicht nur das, das Bahrain Jazz Fest ist in dieser kurzen Zeit schon zum \u201egr\u00f6\u00dften nationalen Musik-Festival und authentischsten Jazz-Festival der Region\u201c geworden, wie die Veranstalter stolz auf der Homepage verk\u00fcnden. Dass dieses Ereignis nat\u00fcrlich nicht aus dem eigenen Kulturleben erwachsen, ja vielleicht generell weniger einem kulturellen als vielmehr einem touristischen Ansatz zu verdanken ist, macht schon das Gr\u00fcnder-Triumvirat klar: Der k\u00fcnstlerische Direktor Michael Goodger ist ein amerikanischer Ex-Pat, der im Hauptberuf als Wein-Manager beim bahrainischen Lebensmittel-Vertriebs-Konzern BMMI arbeitet; der s\u00fcdafrikanische Mit-Initiator Paul Gindra, zuvor Chefkoch an gro\u00dfen internationalen Hotels, kam als Gastro-Manager zum Golf Club Bahrain, wo das Jazz Fest ausgerichtet wird; der aus Indien stammende Jude D\u2019Souza schlie\u00dflich ist ein \u201eBusiness Development Manager\u201c, der von Sportmarketing \u00fcber Filmproduktion bis zur Luxusg\u00fcter-Import-Firma schon einiges gemacht hat; inzwischen ist die beiden letzteren als Gr\u00fcnder und Chefs der Eventfirma \u201eClockwise\u201c ganz unter die Veranstalter gegangen.<\/p>\n<p>Alle drei aber lieben Jazz, und aus ihrer kleinen Chat-Gruppe, die eine Jazz-Initiative anregen wollte, erwuchs 2017 in k\u00fcrzester Zeit ein Festival \u2013 Wachstum liegt in Bahrain grunds\u00e4tzlich im Trend und wird aktuell bei Tourismus-Projekten, die das Land bekannter und von der \u00d6l- und Gas-Industrie unabh\u00e4ngiger machen, uneingeschr\u00e4nkt gef\u00f6rdert. Dank ihrer guten Wirtschaftskontakte fanden die drei auch problemlos Sponsoren. \u00dcber 20 sind es, unter anderem konnte man bei der j\u00fcngsten Jazz-Fest-Ausgabe im November 2019 im Service- und Cateringbereich auch den neuesten Porsche besichtigen. Es ist dem Autor nicht bekannt, dass Porsche auch in Deutschland ein Jazzfestival f\u00f6rdern w\u00fcrde.<\/p>\n<p>Was aber wird dort gef\u00f6rdert? Das Bahrain Jazz Fest \u2013 eint\u00e4gig, aber mit immerhin 13 Bands plus Aufw\u00e4rmkonzerten vorab &#8211; ist in der Tat ein Jazzfestival der besonderen Art. Das Programm ist verst\u00e4ndlicherweise weniger an den Erwartungen von Jazzkennern ausgerichtet, vielmehr st\u00fctzt es sich auf Bands mit hohem Pop-, Rock- oder Weltmusik-Anteil, um das alles andere als mit Jazz sozialisierte Publikum behutsam ans Genre heranzuf\u00fchren. Dabei hat man durchaus die &#8211; auch vom hohen Ausl\u00e4nderanteil der Bev\u00f6lkerung angeregten \u2013 Entwicklung der eigenen Szene im Kopf. Mittags durften \u201eeigene\u201c Bands \u2013 meist mehrheitlich mit in Bahrain lebenden westlichen Musikern besetzt \u2013 wie The Relocators, Jack Rabbit Slims and This Might Be Jazz anheizen.<\/p>\n<p>Danach kamen Party-Jazzbands an die Reihe, die britischen Flash Mob Jazz, die alte Standards, aber auch moderne Pop-Hits ins klassische Swing-Gewand kleiden, oder das erdige amerikanisch-spanische Quartett Lone Star Blues, das sich nicht ohne Grund nach einem Delbert McClinton-Song benannt hat. Als Headliner traten Spyro Gyra an, Jay Beckensteins seit \u00fcber 40 Jahren bew\u00e4hrte, zehn Mal f\u00fcr den Grammy nominierte Fusion-Truppe, die wenige Tage sp\u00e4ter dann zum Beispiel auch bei den Jazztagen Ingolstadt zu sehen war. Eine sichere Sache, auf die zum Ausklang schlie\u00dflich noch der mutigste Programmpunkt folgte: Die vielk\u00f6pfige Londoner Afro-Fusionband Nubiyan Twist, die sich als Incognito f\u00fcr das 21. Jahrhundert pr\u00e4sentierte: druckvoll, eing\u00e4ngig, aber auch mit dem aktuellen, speziell in den arabisch-afrikanischen Raum ausgreifenden Elementen.<\/p>\n<p>Interessanter als das Programm war aber das Setting: Ein richtiges Multi-Kulti-Volksfest f\u00fcr die ganze Familie entspann sich da auf dem Golfplatz-Gel\u00e4nde. Alles in allem 5000 Menschen, Einheimische, indische Gastarbeiter, Amerikaner \u2013 vor allem vom Marinest\u00fctzpunkt in Manama -, Briten (bis 1959 war das Land bekanntlich Kronkolonie) und viele andere lie\u00dfen es sich gut gehen, ohne sich allzusehr auf die Musik zu fokussieren.<\/p>\n<p>Was, vom mit Teppichen, Strohballen und diversen Getr\u00e4nke- und Food-Stationen Platz vor der riesigen B\u00fchne \u00fcber das alle abholende Programm bis zur perfekten Organisation durchaus mal ein Vorbild f\u00fcr hiesige Jazz Open-Airs sein k\u00f6nnte. In jedem Fall ist das Bahrain Jazz Fest ein weiterer Beleg, dass sich auch die kulturelle Globalisierung nicht aufhalten l\u00e4sst. Und vielleicht f\u00fchrt eine Jazzahead-Pr\u00e4senz in 2021 ja dazu, dass bald auch eine deutsche Jazzband einmal in Bahrain auftritt.<\/p>\n<p>Text und Fotos: Oliver Hochkeppel<\/p>\n<p>&nbsp;<\/p>\n","protected":false},"excerpt":{"rendered":"<p>Selbst in Bahrain gibt es jetzt ein Jazzfestival. Expansion ist Programm Die Liste der L\u00e4nder, die auf der \u2013 wegen COVID-19 auf 29. April bis 2.Mai 2021 verschobenen \u2013 Messe Jazzahead in Bremen vertreten gewesen w\u00e4ren, ist auf der Jazzahead-Homepage alphabetisch sortiert. 23 Nationen sind es inzwischen, was &#8211; ebenso wie Kanada als Gastland &#8211; die wachsende internationale Bedeutung der deutschen Jazz-Fachmesse unterstreicht, zumal andere Szene-Meetings wie auf der MIDEM weggebrochen sind. An erster Stelle taucht ein Land auf, an das man beim Stichwort Jazz wohl bisher kaum gedacht hat: Bahrain. Auch das K\u00f6nigtum in der Golfregion hat n\u00e4mlich seit drei Jahren sein Jazzfestival. Und nicht nur das, das Bahrain Jazz Fest ist in dieser kurzen Zeit schon zum \u201egr\u00f6\u00dften nationalen Musik-Festival und authentischsten Jazz-Festival der Region\u201c geworden, wie die Veranstalter stolz auf der Homepage verk\u00fcnden. Dass dieses Ereignis nat\u00fcrlich nicht aus dem eigenen Kulturleben erwachsen, ja vielleicht generell weniger einem kulturellen als vielmehr einem touristischen Ansatz zu verdanken ist, macht schon das Gr\u00fcnder-Triumvirat klar: Der k\u00fcnstlerische Direktor Michael Goodger ist ein amerikanischer Ex-Pat, der im Hauptberuf als Wein-Manager beim bahrainischen Lebensmittel-Vertriebs-Konzern BMMI arbeitet; der &hellip;<\/p>\n","protected":false},"author":18,"featured_media":22301,"comment_status":"open","ping_status":"closed","sticky":false,"template":"","format":"standard","meta":{"_jetpack_memberships_contains_paid_content":false,"footnotes":"","jetpack_publicize_message":"","jetpack_publicize_feature_enabled":true,"jetpack_social_post_already_shared":false,"jetpack_social_options":{"image_generator_settings":{"template":"highway","default_image_id":0,"font":"","enabled":false},"version":2}},"categories":[1053],"tags":[2019,2920,83,95,120,137,3,1911,2311,2921,1811,1876,268,918,2307,2778,845,775,447,1965,1250,2139,535],"coauthors":[695],"class_list":["post-22300","post","type-post","status-publish","format-standard","has-post-thumbnail","hentry","category-bericht","tag-2019","tag-bahrain","tag-blues","tag-bremen","tag-club","tag-deutschland","tag-festival","tag-fotos","tag-fusion","tag-golf","tag-grammy","tag-jazz","tag-jazzahead","tag-jazzfestival","tag-messe","tag-november-2019","tag-oliver-hochkeppel","tag-open","tag-pop","tag-quartett","tag-rock","tag-s","tag-swing"],"yoast_head":"<!-- This site is optimized with the Yoast SEO plugin v27.5 - https:\/\/yoast.com\/product\/yoast-seo-wordpress\/ -->\n<title>Die W\u00fcste lebt - Das Bahrain Jazz Fest - JazzZeitung<\/title>\n<meta name=\"robots\" content=\"index, follow, max-snippet:-1, max-image-preview:large, max-video-preview:-1\" \/>\n<link rel=\"canonical\" href=\"https:\/\/www.jazzzeitung.de\/cms\/2020\/04\/die-wueste-lebt-das-bahrain-jazzfestival\/\" \/>\n<meta property=\"og:locale\" content=\"de_DE\" \/>\n<meta property=\"og:type\" content=\"article\" \/>\n<meta property=\"og:title\" content=\"Die W\u00fcste lebt - Das Bahrain Jazz Fest - JazzZeitung\" \/>\n<meta property=\"og:description\" content=\"Selbst in Bahrain gibt es jetzt ein Jazzfestival. Expansion ist Programm Die Liste der L\u00e4nder, die auf der \u2013 wegen COVID-19 auf 29. April bis 2.Mai 2021 verschobenen \u2013 Messe Jazzahead in Bremen vertreten gewesen w\u00e4ren, ist auf der Jazzahead-Homepage alphabetisch sortiert. 23 Nationen sind es inzwischen, was &#8211; ebenso wie Kanada als Gastland &#8211; die wachsende internationale Bedeutung der deutschen Jazz-Fachmesse unterstreicht, zumal andere Szene-Meetings wie auf der MIDEM weggebrochen sind. An erster Stelle taucht ein Land auf, an das man beim Stichwort Jazz wohl bisher kaum gedacht hat: Bahrain. Auch das K\u00f6nigtum in der Golfregion hat n\u00e4mlich seit drei Jahren sein Jazzfestival. Und nicht nur das, das Bahrain Jazz Fest ist in dieser kurzen Zeit schon zum \u201egr\u00f6\u00dften nationalen Musik-Festival und authentischsten Jazz-Festival der Region\u201c geworden, wie die Veranstalter stolz auf der Homepage verk\u00fcnden. Dass dieses Ereignis nat\u00fcrlich nicht aus dem eigenen Kulturleben erwachsen, ja vielleicht generell weniger einem kulturellen als vielmehr einem touristischen Ansatz zu verdanken ist, macht schon das Gr\u00fcnder-Triumvirat klar: Der k\u00fcnstlerische Direktor Michael Goodger ist ein amerikanischer Ex-Pat, der im Hauptberuf als Wein-Manager beim bahrainischen Lebensmittel-Vertriebs-Konzern BMMI arbeitet; der &hellip;\" \/>\n<meta property=\"og:url\" content=\"https:\/\/www.jazzzeitung.de\/cms\/2020\/04\/die-wueste-lebt-das-bahrain-jazzfestival\/\" \/>\n<meta property=\"og:site_name\" content=\"JazzZeitung\" \/>\n<meta property=\"article:publisher\" content=\"https:\/\/www.facebook.com\/JazzZeitung\/\" \/>\n<meta property=\"article:published_time\" content=\"2020-04-07T06:30:32+00:00\" \/>\n<meta property=\"article:modified_time\" content=\"2020-04-25T17:44:15+00:00\" \/>\n<meta property=\"og:image\" content=\"https:\/\/i0.wp.com\/www.jazzzeitung.de\/cms\/wp-content\/uploads\/2020\/04\/BahJazz2-scaled-e1586158882942.jpg?fit=1920%2C1548&ssl=1\" \/>\n\t<meta property=\"og:image:width\" content=\"1920\" \/>\n\t<meta property=\"og:image:height\" content=\"1548\" \/>\n\t<meta property=\"og:image:type\" content=\"image\/jpeg\" \/>\n<meta name=\"author\" content=\"Redaktion JazzZeitung\" \/>\n<script type=\"application\/ld+json\" class=\"yoast-schema-graph\">{\"@context\":\"https:\\\/\\\/schema.org\",\"@graph\":[{\"@type\":\"Article\",\"@id\":\"https:\\\/\\\/www.jazzzeitung.de\\\/cms\\\/2020\\\/04\\\/die-wueste-lebt-das-bahrain-jazzfestival\\\/#article\",\"isPartOf\":{\"@id\":\"https:\\\/\\\/www.jazzzeitung.de\\\/cms\\\/2020\\\/04\\\/die-wueste-lebt-das-bahrain-jazzfestival\\\/\"},\"author\":{\"name\":\"Redaktion JazzZeitung\",\"@id\":\"https:\\\/\\\/www.jazzzeitung.de\\\/cms\\\/#\\\/schema\\\/person\\\/2245b36b9cd1d24cea10f01c031fb92b\"},\"headline\":\"Die W\u00fcste lebt &#8211; Das Bahrain Jazz Fest\",\"datePublished\":\"2020-04-07T06:30:32+00:00\",\"dateModified\":\"2020-04-25T17:44:15+00:00\",\"mainEntityOfPage\":{\"@id\":\"https:\\\/\\\/www.jazzzeitung.de\\\/cms\\\/2020\\\/04\\\/die-wueste-lebt-das-bahrain-jazzfestival\\\/\"},\"wordCount\":779,\"commentCount\":2,\"publisher\":{\"@id\":\"https:\\\/\\\/www.jazzzeitung.de\\\/cms\\\/#organization\"},\"image\":{\"@id\":\"https:\\\/\\\/www.jazzzeitung.de\\\/cms\\\/2020\\\/04\\\/die-wueste-lebt-das-bahrain-jazzfestival\\\/#primaryimage\"},\"thumbnailUrl\":\"https:\\\/\\\/i0.wp.com\\\/www.jazzzeitung.de\\\/cms\\\/wp-content\\\/uploads\\\/2020\\\/04\\\/BahJazz2-scaled-e1586158882942.jpg?fit=1920%2C1548&ssl=1\",\"keywords\":[\"2019\",\"Bahrain\",\"Blues\",\"Bremen\",\"Club\",\"Deutschland\",\"Festival\",\"Fotos\",\"Fusion\",\"Golf\",\"Grammy\",\"Jazz\",\"Jazzahead\",\"Jazzfestival\",\"Messe\",\"November 2019\",\"Oliver Hochkeppel\",\"open\",\"Pop\",\"Quartett\",\"Rock\",\"S\",\"Swing\"],\"articleSection\":[\"Bericht\"],\"inLanguage\":\"de\",\"potentialAction\":[{\"@type\":\"CommentAction\",\"name\":\"Comment\",\"target\":[\"https:\\\/\\\/www.jazzzeitung.de\\\/cms\\\/2020\\\/04\\\/die-wueste-lebt-das-bahrain-jazzfestival\\\/#respond\"]}]},{\"@type\":\"WebPage\",\"@id\":\"https:\\\/\\\/www.jazzzeitung.de\\\/cms\\\/2020\\\/04\\\/die-wueste-lebt-das-bahrain-jazzfestival\\\/\",\"url\":\"https:\\\/\\\/www.jazzzeitung.de\\\/cms\\\/2020\\\/04\\\/die-wueste-lebt-das-bahrain-jazzfestival\\\/\",\"name\":\"Die W\u00fcste lebt - Das Bahrain Jazz Fest - JazzZeitung\",\"isPartOf\":{\"@id\":\"https:\\\/\\\/www.jazzzeitung.de\\\/cms\\\/#website\"},\"primaryImageOfPage\":{\"@id\":\"https:\\\/\\\/www.jazzzeitung.de\\\/cms\\\/2020\\\/04\\\/die-wueste-lebt-das-bahrain-jazzfestival\\\/#primaryimage\"},\"image\":{\"@id\":\"https:\\\/\\\/www.jazzzeitung.de\\\/cms\\\/2020\\\/04\\\/die-wueste-lebt-das-bahrain-jazzfestival\\\/#primaryimage\"},\"thumbnailUrl\":\"https:\\\/\\\/i0.wp.com\\\/www.jazzzeitung.de\\\/cms\\\/wp-content\\\/uploads\\\/2020\\\/04\\\/BahJazz2-scaled-e1586158882942.jpg?fit=1920%2C1548&ssl=1\",\"datePublished\":\"2020-04-07T06:30:32+00:00\",\"dateModified\":\"2020-04-25T17:44:15+00:00\",\"breadcrumb\":{\"@id\":\"https:\\\/\\\/www.jazzzeitung.de\\\/cms\\\/2020\\\/04\\\/die-wueste-lebt-das-bahrain-jazzfestival\\\/#breadcrumb\"},\"inLanguage\":\"de\",\"potentialAction\":[{\"@type\":\"ReadAction\",\"target\":[\"https:\\\/\\\/www.jazzzeitung.de\\\/cms\\\/2020\\\/04\\\/die-wueste-lebt-das-bahrain-jazzfestival\\\/\"]}]},{\"@type\":\"ImageObject\",\"inLanguage\":\"de\",\"@id\":\"https:\\\/\\\/www.jazzzeitung.de\\\/cms\\\/2020\\\/04\\\/die-wueste-lebt-das-bahrain-jazzfestival\\\/#primaryimage\",\"url\":\"https:\\\/\\\/i0.wp.com\\\/www.jazzzeitung.de\\\/cms\\\/wp-content\\\/uploads\\\/2020\\\/04\\\/BahJazz2-scaled-e1586158882942.jpg?fit=1920%2C1548&ssl=1\",\"contentUrl\":\"https:\\\/\\\/i0.wp.com\\\/www.jazzzeitung.de\\\/cms\\\/wp-content\\\/uploads\\\/2020\\\/04\\\/BahJazz2-scaled-e1586158882942.jpg?fit=1920%2C1548&ssl=1\",\"width\":1920,\"height\":1548,\"caption\":\"Foto: Oliver Hochkeppel\"},{\"@type\":\"BreadcrumbList\",\"@id\":\"https:\\\/\\\/www.jazzzeitung.de\\\/cms\\\/2020\\\/04\\\/die-wueste-lebt-das-bahrain-jazzfestival\\\/#breadcrumb\",\"itemListElement\":[{\"@type\":\"ListItem\",\"position\":1,\"name\":\"Startseite\",\"item\":\"https:\\\/\\\/www.jazzzeitung.de\\\/cms\\\/\"},{\"@type\":\"ListItem\",\"position\":2,\"name\":\"Die W\u00fcste lebt &#8211; Das Bahrain Jazz Fest\"}]},{\"@type\":\"WebSite\",\"@id\":\"https:\\\/\\\/www.jazzzeitung.de\\\/cms\\\/#website\",\"url\":\"https:\\\/\\\/www.jazzzeitung.de\\\/cms\\\/\",\"name\":\"JazzZeitung\",\"description\":\"Jazz-News und Jazz-Kontroverses\",\"publisher\":{\"@id\":\"https:\\\/\\\/www.jazzzeitung.de\\\/cms\\\/#organization\"},\"potentialAction\":[{\"@type\":\"SearchAction\",\"target\":{\"@type\":\"EntryPoint\",\"urlTemplate\":\"https:\\\/\\\/www.jazzzeitung.de\\\/cms\\\/?s={search_term_string}\"},\"query-input\":{\"@type\":\"PropertyValueSpecification\",\"valueRequired\":true,\"valueName\":\"search_term_string\"}}],\"inLanguage\":\"de\"},{\"@type\":\"Organization\",\"@id\":\"https:\\\/\\\/www.jazzzeitung.de\\\/cms\\\/#organization\",\"name\":\"JazzZeitung online\",\"url\":\"https:\\\/\\\/www.jazzzeitung.de\\\/cms\\\/\",\"logo\":{\"@type\":\"ImageObject\",\"inLanguage\":\"de\",\"@id\":\"https:\\\/\\\/www.jazzzeitung.de\\\/cms\\\/#\\\/schema\\\/logo\\\/image\\\/\",\"url\":\"https:\\\/\\\/i0.wp.com\\\/www.jazzzeitung.de\\\/cms\\\/wp-content\\\/uploads\\\/2015\\\/08\\\/JAZZZEITUNGDE_Logo_Neu.png?fit=499%2C200&ssl=1\",\"contentUrl\":\"https:\\\/\\\/i0.wp.com\\\/www.jazzzeitung.de\\\/cms\\\/wp-content\\\/uploads\\\/2015\\\/08\\\/JAZZZEITUNGDE_Logo_Neu.png?fit=499%2C200&ssl=1\",\"width\":499,\"height\":200,\"caption\":\"JazzZeitung online\"},\"image\":{\"@id\":\"https:\\\/\\\/www.jazzzeitung.de\\\/cms\\\/#\\\/schema\\\/logo\\\/image\\\/\"},\"sameAs\":[\"https:\\\/\\\/www.facebook.com\\\/JazzZeitung\\\/\"]},{\"@type\":\"Person\",\"@id\":\"https:\\\/\\\/www.jazzzeitung.de\\\/cms\\\/#\\\/schema\\\/person\\\/2245b36b9cd1d24cea10f01c031fb92b\",\"name\":\"Redaktion JazzZeitung\",\"image\":{\"@type\":\"ImageObject\",\"inLanguage\":\"de\",\"@id\":\"https:\\\/\\\/i0.wp.com\\\/www.jazzzeitung.de\\\/cms\\\/wp-content\\\/uploads\\\/2015\\\/08\\\/JAZZZEITUNGDE_Logo_Neu.png?resize=96%2C96&ssl=159975dcacb611b5700bd619b5daf0a7a\",\"url\":\"https:\\\/\\\/i0.wp.com\\\/www.jazzzeitung.de\\\/cms\\\/wp-content\\\/uploads\\\/2015\\\/08\\\/JAZZZEITUNGDE_Logo_Neu.png?resize=96%2C96&ssl=1\",\"contentUrl\":\"https:\\\/\\\/i0.wp.com\\\/www.jazzzeitung.de\\\/cms\\\/wp-content\\\/uploads\\\/2015\\\/08\\\/JAZZZEITUNGDE_Logo_Neu.png?resize=96%2C96&ssl=1\",\"caption\":\"Redaktion JazzZeitung\"},\"description\":\"Artikel der Redaktion der JazzZeitung.\",\"sameAs\":[\"http:\\\/\\\/www.jazzzeitung.de\\\/cms\\\/\"],\"url\":\"https:\\\/\\\/www.jazzzeitung.de\\\/cms\\\/author\\\/redaktion\\\/\"}]}<\/script>\n<!-- \/ Yoast SEO plugin. -->","yoast_head_json":{"title":"Die W\u00fcste lebt - Das Bahrain Jazz Fest - JazzZeitung","robots":{"index":"index","follow":"follow","max-snippet":"max-snippet:-1","max-image-preview":"max-image-preview:large","max-video-preview":"max-video-preview:-1"},"canonical":"https:\/\/www.jazzzeitung.de\/cms\/2020\/04\/die-wueste-lebt-das-bahrain-jazzfestival\/","og_locale":"de_DE","og_type":"article","og_title":"Die W\u00fcste lebt - Das Bahrain Jazz Fest - JazzZeitung","og_description":"Selbst in Bahrain gibt es jetzt ein Jazzfestival. Expansion ist Programm Die Liste der L\u00e4nder, die auf der \u2013 wegen COVID-19 auf 29. April bis 2.Mai 2021 verschobenen \u2013 Messe Jazzahead in Bremen vertreten gewesen w\u00e4ren, ist auf der Jazzahead-Homepage alphabetisch sortiert. 23 Nationen sind es inzwischen, was &#8211; ebenso wie Kanada als Gastland &#8211; die wachsende internationale Bedeutung der deutschen Jazz-Fachmesse unterstreicht, zumal andere Szene-Meetings wie auf der MIDEM weggebrochen sind. An erster Stelle taucht ein Land auf, an das man beim Stichwort Jazz wohl bisher kaum gedacht hat: Bahrain. Auch das K\u00f6nigtum in der Golfregion hat n\u00e4mlich seit drei Jahren sein Jazzfestival. Und nicht nur das, das Bahrain Jazz Fest ist in dieser kurzen Zeit schon zum \u201egr\u00f6\u00dften nationalen Musik-Festival und authentischsten Jazz-Festival der Region\u201c geworden, wie die Veranstalter stolz auf der Homepage verk\u00fcnden. Dass dieses Ereignis nat\u00fcrlich nicht aus dem eigenen Kulturleben erwachsen, ja vielleicht generell weniger einem kulturellen als vielmehr einem touristischen Ansatz zu verdanken ist, macht schon das Gr\u00fcnder-Triumvirat klar: Der k\u00fcnstlerische Direktor Michael Goodger ist ein amerikanischer Ex-Pat, der im Hauptberuf als Wein-Manager beim bahrainischen Lebensmittel-Vertriebs-Konzern BMMI arbeitet; der &hellip;","og_url":"https:\/\/www.jazzzeitung.de\/cms\/2020\/04\/die-wueste-lebt-das-bahrain-jazzfestival\/","og_site_name":"JazzZeitung","article_publisher":"https:\/\/www.facebook.com\/JazzZeitung\/","article_published_time":"2020-04-07T06:30:32+00:00","article_modified_time":"2020-04-25T17:44:15+00:00","og_image":[{"width":1920,"height":1548,"url":"https:\/\/i0.wp.com\/www.jazzzeitung.de\/cms\/wp-content\/uploads\/2020\/04\/BahJazz2-scaled-e1586158882942.jpg?fit=1920%2C1548&ssl=1","type":"image\/jpeg"}],"author":"Redaktion JazzZeitung","schema":{"@context":"https:\/\/schema.org","@graph":[{"@type":"Article","@id":"https:\/\/www.jazzzeitung.de\/cms\/2020\/04\/die-wueste-lebt-das-bahrain-jazzfestival\/#article","isPartOf":{"@id":"https:\/\/www.jazzzeitung.de\/cms\/2020\/04\/die-wueste-lebt-das-bahrain-jazzfestival\/"},"author":{"name":"Redaktion JazzZeitung","@id":"https:\/\/www.jazzzeitung.de\/cms\/#\/schema\/person\/2245b36b9cd1d24cea10f01c031fb92b"},"headline":"Die W\u00fcste lebt &#8211; Das Bahrain Jazz Fest","datePublished":"2020-04-07T06:30:32+00:00","dateModified":"2020-04-25T17:44:15+00:00","mainEntityOfPage":{"@id":"https:\/\/www.jazzzeitung.de\/cms\/2020\/04\/die-wueste-lebt-das-bahrain-jazzfestival\/"},"wordCount":779,"commentCount":2,"publisher":{"@id":"https:\/\/www.jazzzeitung.de\/cms\/#organization"},"image":{"@id":"https:\/\/www.jazzzeitung.de\/cms\/2020\/04\/die-wueste-lebt-das-bahrain-jazzfestival\/#primaryimage"},"thumbnailUrl":"https:\/\/i0.wp.com\/www.jazzzeitung.de\/cms\/wp-content\/uploads\/2020\/04\/BahJazz2-scaled-e1586158882942.jpg?fit=1920%2C1548&ssl=1","keywords":["2019","Bahrain","Blues","Bremen","Club","Deutschland","Festival","Fotos","Fusion","Golf","Grammy","Jazz","Jazzahead","Jazzfestival","Messe","November 2019","Oliver Hochkeppel","open","Pop","Quartett","Rock","S","Swing"],"articleSection":["Bericht"],"inLanguage":"de","potentialAction":[{"@type":"CommentAction","name":"Comment","target":["https:\/\/www.jazzzeitung.de\/cms\/2020\/04\/die-wueste-lebt-das-bahrain-jazzfestival\/#respond"]}]},{"@type":"WebPage","@id":"https:\/\/www.jazzzeitung.de\/cms\/2020\/04\/die-wueste-lebt-das-bahrain-jazzfestival\/","url":"https:\/\/www.jazzzeitung.de\/cms\/2020\/04\/die-wueste-lebt-das-bahrain-jazzfestival\/","name":"Die W\u00fcste lebt - Das Bahrain Jazz Fest - JazzZeitung","isPartOf":{"@id":"https:\/\/www.jazzzeitung.de\/cms\/#website"},"primaryImageOfPage":{"@id":"https:\/\/www.jazzzeitung.de\/cms\/2020\/04\/die-wueste-lebt-das-bahrain-jazzfestival\/#primaryimage"},"image":{"@id":"https:\/\/www.jazzzeitung.de\/cms\/2020\/04\/die-wueste-lebt-das-bahrain-jazzfestival\/#primaryimage"},"thumbnailUrl":"https:\/\/i0.wp.com\/www.jazzzeitung.de\/cms\/wp-content\/uploads\/2020\/04\/BahJazz2-scaled-e1586158882942.jpg?fit=1920%2C1548&ssl=1","datePublished":"2020-04-07T06:30:32+00:00","dateModified":"2020-04-25T17:44:15+00:00","breadcrumb":{"@id":"https:\/\/www.jazzzeitung.de\/cms\/2020\/04\/die-wueste-lebt-das-bahrain-jazzfestival\/#breadcrumb"},"inLanguage":"de","potentialAction":[{"@type":"ReadAction","target":["https:\/\/www.jazzzeitung.de\/cms\/2020\/04\/die-wueste-lebt-das-bahrain-jazzfestival\/"]}]},{"@type":"ImageObject","inLanguage":"de","@id":"https:\/\/www.jazzzeitung.de\/cms\/2020\/04\/die-wueste-lebt-das-bahrain-jazzfestival\/#primaryimage","url":"https:\/\/i0.wp.com\/www.jazzzeitung.de\/cms\/wp-content\/uploads\/2020\/04\/BahJazz2-scaled-e1586158882942.jpg?fit=1920%2C1548&ssl=1","contentUrl":"https:\/\/i0.wp.com\/www.jazzzeitung.de\/cms\/wp-content\/uploads\/2020\/04\/BahJazz2-scaled-e1586158882942.jpg?fit=1920%2C1548&ssl=1","width":1920,"height":1548,"caption":"Foto: Oliver Hochkeppel"},{"@type":"BreadcrumbList","@id":"https:\/\/www.jazzzeitung.de\/cms\/2020\/04\/die-wueste-lebt-das-bahrain-jazzfestival\/#breadcrumb","itemListElement":[{"@type":"ListItem","position":1,"name":"Startseite","item":"https:\/\/www.jazzzeitung.de\/cms\/"},{"@type":"ListItem","position":2,"name":"Die W\u00fcste lebt &#8211; Das Bahrain Jazz Fest"}]},{"@type":"WebSite","@id":"https:\/\/www.jazzzeitung.de\/cms\/#website","url":"https:\/\/www.jazzzeitung.de\/cms\/","name":"JazzZeitung","description":"Jazz-News und Jazz-Kontroverses","publisher":{"@id":"https:\/\/www.jazzzeitung.de\/cms\/#organization"},"potentialAction":[{"@type":"SearchAction","target":{"@type":"EntryPoint","urlTemplate":"https:\/\/www.jazzzeitung.de\/cms\/?s={search_term_string}"},"query-input":{"@type":"PropertyValueSpecification","valueRequired":true,"valueName":"search_term_string"}}],"inLanguage":"de"},{"@type":"Organization","@id":"https:\/\/www.jazzzeitung.de\/cms\/#organization","name":"JazzZeitung online","url":"https:\/\/www.jazzzeitung.de\/cms\/","logo":{"@type":"ImageObject","inLanguage":"de","@id":"https:\/\/www.jazzzeitung.de\/cms\/#\/schema\/logo\/image\/","url":"https:\/\/i0.wp.com\/www.jazzzeitung.de\/cms\/wp-content\/uploads\/2015\/08\/JAZZZEITUNGDE_Logo_Neu.png?fit=499%2C200&ssl=1","contentUrl":"https:\/\/i0.wp.com\/www.jazzzeitung.de\/cms\/wp-content\/uploads\/2015\/08\/JAZZZEITUNGDE_Logo_Neu.png?fit=499%2C200&ssl=1","width":499,"height":200,"caption":"JazzZeitung online"},"image":{"@id":"https:\/\/www.jazzzeitung.de\/cms\/#\/schema\/logo\/image\/"},"sameAs":["https:\/\/www.facebook.com\/JazzZeitung\/"]},{"@type":"Person","@id":"https:\/\/www.jazzzeitung.de\/cms\/#\/schema\/person\/2245b36b9cd1d24cea10f01c031fb92b","name":"Redaktion JazzZeitung","image":{"@type":"ImageObject","inLanguage":"de","@id":"https:\/\/i0.wp.com\/www.jazzzeitung.de\/cms\/wp-content\/uploads\/2015\/08\/JAZZZEITUNGDE_Logo_Neu.png?resize=96%2C96&ssl=159975dcacb611b5700bd619b5daf0a7a","url":"https:\/\/i0.wp.com\/www.jazzzeitung.de\/cms\/wp-content\/uploads\/2015\/08\/JAZZZEITUNGDE_Logo_Neu.png?resize=96%2C96&ssl=1","contentUrl":"https:\/\/i0.wp.com\/www.jazzzeitung.de\/cms\/wp-content\/uploads\/2015\/08\/JAZZZEITUNGDE_Logo_Neu.png?resize=96%2C96&ssl=1","caption":"Redaktion JazzZeitung"},"description":"Artikel der Redaktion der JazzZeitung.","sameAs":["http:\/\/www.jazzzeitung.de\/cms\/"],"url":"https:\/\/www.jazzzeitung.de\/cms\/author\/redaktion\/"}]}},"wp-worthy-pixel":{"ignored":true,"public":null,"server":null,"url":null},"wp-worthy-type":"normal","jetpack_publicize_connections":[],"cc_featured_image_caption":{"caption_text":"","source_text":"","source_url":""},"jetpack_featured_media_url":"https:\/\/i0.wp.com\/www.jazzzeitung.de\/cms\/wp-content\/uploads\/2020\/04\/BahJazz2-scaled-e1586158882942.jpg?fit=1920%2C1548&ssl=1","jetpack_shortlink":"https:\/\/wp.me\/p3KEcT-5NG","jetpack-related-posts":[{"id":18049,"url":"https:\/\/www.jazzzeitung.de\/cms\/2018\/12\/erstmals-auf-der-jazzahead-showcases-zu-improvisation-und-jazz-fuer-kinder\/","url_meta":{"origin":22300,"position":0},"title":"Erstmals auf der jazzahead: Showcases zu Improvisation und Jazz f\u00fcr Kinder","author":"Redaktion JazzZeitung","date":"10. Dezember 2018","format":false,"excerpt":"Trotz der diesmal deutlich verk\u00fcrzten Einreichungsfrist gingen 764 Bewerbungen f\u00fcr die 40 Showcase-Konzerte ein und damit 25 Prozent mehr als im Vorjahr. In diesem Jahr sind unter den f\u00fcnf am st\u00e4rksten vertretenen Herkunftsl\u00e4ndern jenseits von Deutschland und dem Partnerland Norwegen die USA und Brasilien, womit Bewerbungen aus \u00dcbersee signifikant zulegten.\u2026","rel":"","context":"In &quot;News&quot;","block_context":{"text":"News","link":"https:\/\/www.jazzzeitung.de\/cms\/thema\/nachrichten\/"},"img":{"alt_text":"Jazzbusiness auf der Bremer jazzahead!. Foto: Jan Rathke","src":"https:\/\/i0.wp.com\/www.jazzzeitung.de\/cms\/wp-content\/uploads\/2018\/12\/MESSE-BREMENJan-RathkeDSC_9355.jpg?fit=1200%2C857&ssl=1&resize=350%2C200","width":350,"height":200,"srcset":"https:\/\/i0.wp.com\/www.jazzzeitung.de\/cms\/wp-content\/uploads\/2018\/12\/MESSE-BREMENJan-RathkeDSC_9355.jpg?fit=1200%2C857&ssl=1&resize=350%2C200 1x, https:\/\/i0.wp.com\/www.jazzzeitung.de\/cms\/wp-content\/uploads\/2018\/12\/MESSE-BREMENJan-RathkeDSC_9355.jpg?fit=1200%2C857&ssl=1&resize=525%2C300 1.5x, https:\/\/i0.wp.com\/www.jazzzeitung.de\/cms\/wp-content\/uploads\/2018\/12\/MESSE-BREMENJan-RathkeDSC_9355.jpg?fit=1200%2C857&ssl=1&resize=700%2C400 2x, https:\/\/i0.wp.com\/www.jazzzeitung.de\/cms\/wp-content\/uploads\/2018\/12\/MESSE-BREMENJan-RathkeDSC_9355.jpg?fit=1200%2C857&ssl=1&resize=1050%2C600 3x"},"classes":[]},{"id":11706,"url":"https:\/\/www.jazzzeitung.de\/cms\/2017\/02\/symposium-2017-zum-thema-improvisation-und-jazz-fuer-kinder-auf-der-bremer-messe-jazzahead\/","url_meta":{"origin":22300,"position":1},"title":"Symposium 2017 zum Thema Improvisation und Jazz f\u00fcr Kinder auf der Bremer Messe &#8222;jazzahead&#8220;","author":"Redaktion JazzZeitung","date":"18. Februar 2017","format":false,"excerpt":"Kinder sind\u00a0 nicht nur das Publikum der Zukunft, sondern auch das von heute: lebendig, ehrlich, begeisterungsf\u00e4hig und neugierig. Das passt zum Jazz, doch obwohl Jazz und Kinder so gut zusammen passen, gibt es wenig Jazzangebote f\u00fcr die Kleinsten, f\u00fcr Kinder im KiTa- und Grundschulalter. Warum ist das so? Und welche\u2026","rel":"","context":"In &quot;News&quot;","block_context":{"text":"News","link":"https:\/\/www.jazzzeitung.de\/cms\/thema\/nachrichten\/"},"img":{"alt_text":"","src":"https:\/\/i0.wp.com\/www.jazzzeitung.de\/cms\/wp-content\/uploads\/2017\/02\/Initiative-Improvisation-Plakat-13_Seite_2.jpg?resize=350%2C200","width":350,"height":200,"srcset":"https:\/\/i0.wp.com\/www.jazzzeitung.de\/cms\/wp-content\/uploads\/2017\/02\/Initiative-Improvisation-Plakat-13_Seite_2.jpg?resize=350%2C200 1x, https:\/\/i0.wp.com\/www.jazzzeitung.de\/cms\/wp-content\/uploads\/2017\/02\/Initiative-Improvisation-Plakat-13_Seite_2.jpg?resize=525%2C300 1.5x, https:\/\/i0.wp.com\/www.jazzzeitung.de\/cms\/wp-content\/uploads\/2017\/02\/Initiative-Improvisation-Plakat-13_Seite_2.jpg?resize=700%2C400 2x, https:\/\/i0.wp.com\/www.jazzzeitung.de\/cms\/wp-content\/uploads\/2017\/02\/Initiative-Improvisation-Plakat-13_Seite_2.jpg?resize=1050%2C600 3x, https:\/\/i0.wp.com\/www.jazzzeitung.de\/cms\/wp-content\/uploads\/2017\/02\/Initiative-Improvisation-Plakat-13_Seite_2.jpg?resize=1400%2C800 4x"},"classes":[]},{"id":24006,"url":"https:\/\/www.jazzzeitung.de\/cms\/2020\/12\/fachmesse-jazzahead-startet-2021-online-man-hofft-aber-auch-auf-konzerte-vor-publikum\/","url_meta":{"origin":22300,"position":2},"title":"Fachmesse jazzahead! startet 2021 online \u2013 man hofft aber auch auf Konzerte vor Publikum","author":"Redaktion JazzZeitung","date":"18. Dezember 2020","format":false,"excerpt":"Die 15. jazzahead!, die Jubil\u00e4umsausgabe der gr\u00f6\u00dften Jazz-Fachmesse der Welt, sollte urspr\u00fcnglich von Donnerstag bis Sonntag, 23. bis 26. April 2020, in den Hallen 6 und 7 der MESSE BREMEN stattfinden, das begleitende Festival von Freitag bis Sonntag, 17. bis 26. April 2020. Die gesamte Veranstaltung wurde wegen der Corona-Pandemie\u2026","rel":"","context":"In &quot;News&quot;","block_context":{"text":"News","link":"https:\/\/www.jazzzeitung.de\/cms\/thema\/nachrichten\/"},"img":{"alt_text":"","src":"https:\/\/i0.wp.com\/www.jazzzeitung.de\/cms\/wp-content\/uploads\/2020\/12\/Thomas-Koch.jpg?fit=800%2C1200&ssl=1&resize=350%2C200","width":350,"height":200,"srcset":"https:\/\/i0.wp.com\/www.jazzzeitung.de\/cms\/wp-content\/uploads\/2020\/12\/Thomas-Koch.jpg?fit=800%2C1200&ssl=1&resize=350%2C200 1x, https:\/\/i0.wp.com\/www.jazzzeitung.de\/cms\/wp-content\/uploads\/2020\/12\/Thomas-Koch.jpg?fit=800%2C1200&ssl=1&resize=525%2C300 1.5x, https:\/\/i0.wp.com\/www.jazzzeitung.de\/cms\/wp-content\/uploads\/2020\/12\/Thomas-Koch.jpg?fit=800%2C1200&ssl=1&resize=700%2C400 2x"},"classes":[]},{"id":30661,"url":"https:\/\/www.jazzzeitung.de\/cms\/2024\/02\/meldungen-jazzahead-messe-2024-und-drumweekend-regensburg\/","url_meta":{"origin":22300,"position":3},"title":"Meldungen: +++Jazzahead! Messe 2024 +++ Drumweekend Regensburg +++","author":"Redaktion JazzZeitung","date":"21. Februar 2024","format":false,"excerpt":"Partnerland Niederlande auf der Messe Jazzahead! Vom 11. bis zum 13. April findet in Bremen die Jazzahead Messe statt. Dieses Jahr sind die Niederlande Partnerland der Messe und die Messe legt gro\u00dfen Wert auf musikalische wie pers\u00f6nliche Vielfalt mit Musik aus allen Richtungen und Epochen des Jazz, sowie einer starken\u2026","rel":"","context":"In &quot;News&quot;","block_context":{"text":"News","link":"https:\/\/www.jazzzeitung.de\/cms\/thema\/nachrichten\/"},"img":{"alt_text":"","src":"https:\/\/i0.wp.com\/www.jazzzeitung.de\/cms\/wp-content\/uploads\/2024\/02\/Alune-Wade_c_Hela-Ammar.jpg?fit=1200%2C833&ssl=1&resize=350%2C200","width":350,"height":200,"srcset":"https:\/\/i0.wp.com\/www.jazzzeitung.de\/cms\/wp-content\/uploads\/2024\/02\/Alune-Wade_c_Hela-Ammar.jpg?fit=1200%2C833&ssl=1&resize=350%2C200 1x, https:\/\/i0.wp.com\/www.jazzzeitung.de\/cms\/wp-content\/uploads\/2024\/02\/Alune-Wade_c_Hela-Ammar.jpg?fit=1200%2C833&ssl=1&resize=525%2C300 1.5x, https:\/\/i0.wp.com\/www.jazzzeitung.de\/cms\/wp-content\/uploads\/2024\/02\/Alune-Wade_c_Hela-Ammar.jpg?fit=1200%2C833&ssl=1&resize=700%2C400 2x, https:\/\/i0.wp.com\/www.jazzzeitung.de\/cms\/wp-content\/uploads\/2024\/02\/Alune-Wade_c_Hela-Ammar.jpg?fit=1200%2C833&ssl=1&resize=1050%2C600 3x"},"classes":[]},{"id":26636,"url":"https:\/\/www.jazzzeitung.de\/cms\/2022\/01\/jazzahead-festival-bremen-anmeldestart-jazz-campus-mainz-neue-single-von-karoline-weidt\/","url_meta":{"origin":22300,"position":4},"title":"+++ Jazzahead!-Festival Bremen +++ Anmeldestart Jazz-Campus Mainz +++ Neue Single von Karoline Weidt +++","author":"Redaktion JazzZeitung","date":"27. Januar 2022","format":false,"excerpt":"+++ Jazzahead!-Festival 2022: \u201eTogether again\u201c +++ Am 14. April startet das diesj\u00e4hrige jazzahead!-Festival in der Hansestadt Bremen \u2013 erstmals als hybride Veranstaltung, die sowohl live als auch online zu erleben sein wird. In diesem Jahr steht bekanntlich Kanada erneut auf dem Programm: Nach dem pandemiebedingten Ausfall 2020 und der digitalen\u2026","rel":"","context":"In &quot;News&quot;","block_context":{"text":"News","link":"https:\/\/www.jazzzeitung.de\/cms\/thema\/nachrichten\/"},"img":{"alt_text":"","src":"https:\/\/i0.wp.com\/www.jazzzeitung.de\/cms\/wp-content\/uploads\/2022\/01\/Overseas_Night_EmieRRousselTrio-2-c-Frank-Thomas-Koch-scaled.jpg?fit=1200%2C608&ssl=1&resize=350%2C200","width":350,"height":200,"srcset":"https:\/\/i0.wp.com\/www.jazzzeitung.de\/cms\/wp-content\/uploads\/2022\/01\/Overseas_Night_EmieRRousselTrio-2-c-Frank-Thomas-Koch-scaled.jpg?fit=1200%2C608&ssl=1&resize=350%2C200 1x, https:\/\/i0.wp.com\/www.jazzzeitung.de\/cms\/wp-content\/uploads\/2022\/01\/Overseas_Night_EmieRRousselTrio-2-c-Frank-Thomas-Koch-scaled.jpg?fit=1200%2C608&ssl=1&resize=525%2C300 1.5x, https:\/\/i0.wp.com\/www.jazzzeitung.de\/cms\/wp-content\/uploads\/2022\/01\/Overseas_Night_EmieRRousselTrio-2-c-Frank-Thomas-Koch-scaled.jpg?fit=1200%2C608&ssl=1&resize=700%2C400 2x, https:\/\/i0.wp.com\/www.jazzzeitung.de\/cms\/wp-content\/uploads\/2022\/01\/Overseas_Night_EmieRRousselTrio-2-c-Frank-Thomas-Koch-scaled.jpg?fit=1200%2C608&ssl=1&resize=1050%2C600 3x"},"classes":[]},{"id":11872,"url":"https:\/\/www.jazzzeitung.de\/cms\/2017\/03\/urlaubsplanung-fuer-jazzfans-saalfelden-bremen-und-bingen\/","url_meta":{"origin":22300,"position":5},"title":"Urlaubsplanung f\u00fcr Jazzfans: Saalfelden, Bremen und Bingen","author":"Redaktion JazzZeitung","date":"8. M\u00e4rz 2017","format":false,"excerpt":"+++ 38. Internationales Jazzfestival Saalfelden 24. bis 27. August 2017 +++ Das diesj\u00e4hrige Jazzfestival Saalfelden findet von 24. bis 27. August 2017 statt. Der Saxophonist Gerald Preinfalk wird das Jazzfestival Saalfelden am Freitagabend auf der Mainstage offiziell er\u00f6ffnen. Wolfgang Puschnig wird in einer neuen Formation auf der Mainstage performen. Mit\u2026","rel":"","context":"In &quot;News&quot;","block_context":{"text":"News","link":"https:\/\/www.jazzzeitung.de\/cms\/thema\/nachrichten\/"},"img":{"alt_text":"","src":"https:\/\/i0.wp.com\/www.jazzzeitung.de\/cms\/wp-content\/uploads\/2017\/03\/Gerald-Preinfalk-2-150x150.jpg?resize=350%2C200","width":350,"height":200},"classes":[]}],"jetpack_sharing_enabled":true,"_links":{"self":[{"href":"https:\/\/www.jazzzeitung.de\/cms\/wp-json\/wp\/v2\/posts\/22300","targetHints":{"allow":["GET"]}}],"collection":[{"href":"https:\/\/www.jazzzeitung.de\/cms\/wp-json\/wp\/v2\/posts"}],"about":[{"href":"https:\/\/www.jazzzeitung.de\/cms\/wp-json\/wp\/v2\/types\/post"}],"author":[{"embeddable":true,"href":"https:\/\/www.jazzzeitung.de\/cms\/wp-json\/wp\/v2\/users\/18"}],"replies":[{"embeddable":true,"href":"https:\/\/www.jazzzeitung.de\/cms\/wp-json\/wp\/v2\/comments?post=22300"}],"version-history":[{"count":9,"href":"https:\/\/www.jazzzeitung.de\/cms\/wp-json\/wp\/v2\/posts\/22300\/revisions"}],"predecessor-version":[{"id":22433,"href":"https:\/\/www.jazzzeitung.de\/cms\/wp-json\/wp\/v2\/posts\/22300\/revisions\/22433"}],"wp:featuredmedia":[{"embeddable":true,"href":"https:\/\/www.jazzzeitung.de\/cms\/wp-json\/wp\/v2\/media\/22301"}],"wp:attachment":[{"href":"https:\/\/www.jazzzeitung.de\/cms\/wp-json\/wp\/v2\/media?parent=22300"}],"wp:term":[{"taxonomy":"category","embeddable":true,"href":"https:\/\/www.jazzzeitung.de\/cms\/wp-json\/wp\/v2\/categories?post=22300"},{"taxonomy":"post_tag","embeddable":true,"href":"https:\/\/www.jazzzeitung.de\/cms\/wp-json\/wp\/v2\/tags?post=22300"},{"taxonomy":"author","embeddable":true,"href":"https:\/\/www.jazzzeitung.de\/cms\/wp-json\/wp\/v2\/coauthors?post=22300"}],"curies":[{"name":"wp","href":"https:\/\/api.w.org\/{rel}","templated":true}]}}