{"id":22196,"date":"2020-03-24T17:05:48","date_gmt":"2020-03-24T16:05:48","guid":{"rendered":"https:\/\/www.jazzzeitung.de\/cms\/?p=22196"},"modified":"2020-03-26T16:04:45","modified_gmt":"2020-03-26T15:04:45","slug":"jazzpianist-reinhard-giebel-verstorben","status":"publish","type":"post","link":"https:\/\/www.jazzzeitung.de\/cms\/2020\/03\/jazzpianist-reinhard-giebel-verstorben\/","title":{"rendered":"Mit Shearings Akkorden gro\u00df geworden, die eigene Handschrift gepflegt: Zum Tod des G\u00f6ttinger Pianisten Reinhard Giebel"},"content":{"rendered":"<p>Am Sonntag, den 8. M\u00e4rz 2020, ist der Wuppertaler Jazzpianist, Dolmetscher, Lehrer und Autor Reinhard Giebel im Alter von 80 Jahren gestorben. Der geb\u00fcrtige G\u00f6ttinger war Mitbegr\u00fcnder des Gunter-Hampel-Quintetts und spielte zu Lebzeiten mit K\u00fcnstlern wie Benny Waters, Long John Baldry, Olaf K\u00fcbler, Werner L\u00fcdi, Herbert Joos, Buschi Niebergall und vielen mehr.<br \/>\nGiebel spielte in den 1970er-Jahren in einigen Wuppertaler Ensembles und war in den 1980-Jahren als Jazzkritiker t\u00e4tig. Au\u00dferdem ver\u00f6ffentlichte er einige LPs, CDs, und B\u00fccher.<\/p>\n<p>Eine ausf\u00fchrliche Diskografie, ein Nachruf von Giebels Verleger Alfred Miersch und ein Interview aus dem Jahr 2004, das Giebels musikalische Ausbildung und seinen Werdegang portraitiert ist abrufbar bei <a href=\"https:\/\/www.jazzage.de\/pdf\/Giebel_Interview_Nachruf_Disko.pdf\">https:\/\/www.jazzage.de\/pdf\/Giebel_Interview_Nachruf_Disko.pdf<\/a><\/p>\n<p>Das Beitragsfoto von Reinhard Giebel machte Gerd Neumann<\/p>\n","protected":false},"excerpt":{"rendered":"<p>Am Sonntag, den 8. M\u00e4rz 2020, ist der Wuppertaler Jazzpianist, Dolmetscher, Lehrer und Autor Reinhard Giebel im Alter von 80 Jahren gestorben. Der geb\u00fcrtige G\u00f6ttinger war Mitbegr\u00fcnder des Gunter-Hampel-Quintetts und spielte zu Lebzeiten mit K\u00fcnstlern wie Benny Waters, Long John Baldry, Olaf K\u00fcbler, Werner L\u00fcdi, Herbert Joos, Buschi Niebergall und vielen mehr. Giebel spielte in den 1970er-Jahren in einigen Wuppertaler Ensembles und war in den 1980-Jahren als Jazzkritiker t\u00e4tig. Au\u00dferdem ver\u00f6ffentlichte er einige LPs, CDs, und B\u00fccher. Eine ausf\u00fchrliche Diskografie, ein Nachruf von Giebels Verleger Alfred Miersch und ein Interview aus dem Jahr 2004, das Giebels musikalische Ausbildung und seinen Werdegang portraitiert ist abrufbar bei https:\/\/www.jazzage.de\/pdf\/Giebel_Interview_Nachruf_Disko.pdf Das Beitragsfoto von Reinhard Giebel machte Gerd Neumann<\/p>\n","protected":false},"author":18,"featured_media":22197,"comment_status":"open","ping_status":"closed","sticky":false,"template":"","format":"standard","meta":{"_jetpack_memberships_contains_paid_content":false,"footnotes":"","jetpack_publicize_message":"","jetpack_publicize_feature_enabled":true,"jetpack_social_post_already_shared":false,"jetpack_social_options":{"image_generator_settings":{"template":"highway","default_image_id":0,"font":"","enabled":false},"version":2}},"categories":[1063],"tags":[2919,2918,408,2917,603],"coauthors":[695],"class_list":["post-22196","post","type-post","status-publish","format-standard","has-post-thumbnail","hentry","category-portrait","tag-alfred-miersch","tag-jazzpianist","tag-nachruf","tag-reinhard-giebel","tag-wuppertal"],"yoast_head":"<!-- This site is optimized with the Yoast SEO plugin v27.5 - https:\/\/yoast.com\/product\/yoast-seo-wordpress\/ -->\n<title>Mit Shearings Akkorden gro\u00df geworden, die eigene Handschrift gepflegt: Zum Tod des G\u00f6ttinger Pianisten Reinhard Giebel - JazzZeitung<\/title>\n<meta name=\"robots\" content=\"index, follow, max-snippet:-1, max-image-preview:large, max-video-preview:-1\" \/>\n<link rel=\"canonical\" href=\"https:\/\/www.jazzzeitung.de\/cms\/2020\/03\/jazzpianist-reinhard-giebel-verstorben\/\" \/>\n<meta property=\"og:locale\" content=\"de_DE\" \/>\n<meta property=\"og:type\" content=\"article\" \/>\n<meta property=\"og:title\" content=\"Mit Shearings Akkorden gro\u00df geworden, die eigene Handschrift gepflegt: Zum Tod des G\u00f6ttinger Pianisten Reinhard Giebel - JazzZeitung\" \/>\n<meta property=\"og:description\" content=\"Am Sonntag, den 8. M\u00e4rz 2020, ist der Wuppertaler Jazzpianist, Dolmetscher, Lehrer und Autor Reinhard Giebel im Alter von 80 Jahren gestorben. Der geb\u00fcrtige G\u00f6ttinger war Mitbegr\u00fcnder des Gunter-Hampel-Quintetts und spielte zu Lebzeiten mit K\u00fcnstlern wie Benny Waters, Long John Baldry, Olaf K\u00fcbler, Werner L\u00fcdi, Herbert Joos, Buschi Niebergall und vielen mehr. Giebel spielte in den 1970er-Jahren in einigen Wuppertaler Ensembles und war in den 1980-Jahren als Jazzkritiker t\u00e4tig. Au\u00dferdem ver\u00f6ffentlichte er einige LPs, CDs, und B\u00fccher. Eine ausf\u00fchrliche Diskografie, ein Nachruf von Giebels Verleger Alfred Miersch und ein Interview aus dem Jahr 2004, das Giebels musikalische Ausbildung und seinen Werdegang portraitiert ist abrufbar bei https:\/\/www.jazzage.de\/pdf\/Giebel_Interview_Nachruf_Disko.pdf Das Beitragsfoto von Reinhard Giebel machte Gerd Neumann\" \/>\n<meta property=\"og:url\" content=\"https:\/\/www.jazzzeitung.de\/cms\/2020\/03\/jazzpianist-reinhard-giebel-verstorben\/\" \/>\n<meta property=\"og:site_name\" content=\"JazzZeitung\" \/>\n<meta property=\"article:publisher\" content=\"https:\/\/www.facebook.com\/JazzZeitung\/\" \/>\n<meta property=\"article:published_time\" content=\"2020-03-24T16:05:48+00:00\" \/>\n<meta property=\"article:modified_time\" content=\"2020-03-26T15:04:45+00:00\" \/>\n<meta property=\"og:image\" content=\"https:\/\/i0.wp.com\/www.jazzzeitung.de\/cms\/wp-content\/uploads\/2020\/03\/giebel-2005_Foto_Gerd-Neumann.jpeg?fit=600%2C432&ssl=1\" \/>\n\t<meta property=\"og:image:width\" content=\"600\" \/>\n\t<meta property=\"og:image:height\" content=\"432\" \/>\n\t<meta property=\"og:image:type\" content=\"image\/jpeg\" \/>\n<meta name=\"author\" content=\"Redaktion JazzZeitung\" \/>\n<script type=\"application\/ld+json\" class=\"yoast-schema-graph\">{\"@context\":\"https:\\\/\\\/schema.org\",\"@graph\":[{\"@type\":\"Article\",\"@id\":\"https:\\\/\\\/www.jazzzeitung.de\\\/cms\\\/2020\\\/03\\\/jazzpianist-reinhard-giebel-verstorben\\\/#article\",\"isPartOf\":{\"@id\":\"https:\\\/\\\/www.jazzzeitung.de\\\/cms\\\/2020\\\/03\\\/jazzpianist-reinhard-giebel-verstorben\\\/\"},\"author\":{\"name\":\"Redaktion JazzZeitung\",\"@id\":\"https:\\\/\\\/www.jazzzeitung.de\\\/cms\\\/#\\\/schema\\\/person\\\/2245b36b9cd1d24cea10f01c031fb92b\"},\"headline\":\"Mit Shearings Akkorden gro\u00df geworden, die eigene Handschrift gepflegt: Zum Tod des G\u00f6ttinger Pianisten Reinhard Giebel\",\"datePublished\":\"2020-03-24T16:05:48+00:00\",\"dateModified\":\"2020-03-26T15:04:45+00:00\",\"mainEntityOfPage\":{\"@id\":\"https:\\\/\\\/www.jazzzeitung.de\\\/cms\\\/2020\\\/03\\\/jazzpianist-reinhard-giebel-verstorben\\\/\"},\"wordCount\":148,\"commentCount\":0,\"publisher\":{\"@id\":\"https:\\\/\\\/www.jazzzeitung.de\\\/cms\\\/#organization\"},\"image\":{\"@id\":\"https:\\\/\\\/www.jazzzeitung.de\\\/cms\\\/2020\\\/03\\\/jazzpianist-reinhard-giebel-verstorben\\\/#primaryimage\"},\"thumbnailUrl\":\"https:\\\/\\\/i0.wp.com\\\/www.jazzzeitung.de\\\/cms\\\/wp-content\\\/uploads\\\/2020\\\/03\\\/giebel-2005_Foto_Gerd-Neumann.jpeg?fit=600%2C432&ssl=1\",\"keywords\":[\"Alfred Miersch\",\"Jazzpianist\",\"Nachruf\",\"Reinhard Giebel\",\"Wuppertal\"],\"articleSection\":[\"Portrait\"],\"inLanguage\":\"de\",\"potentialAction\":[{\"@type\":\"CommentAction\",\"name\":\"Comment\",\"target\":[\"https:\\\/\\\/www.jazzzeitung.de\\\/cms\\\/2020\\\/03\\\/jazzpianist-reinhard-giebel-verstorben\\\/#respond\"]}]},{\"@type\":\"WebPage\",\"@id\":\"https:\\\/\\\/www.jazzzeitung.de\\\/cms\\\/2020\\\/03\\\/jazzpianist-reinhard-giebel-verstorben\\\/\",\"url\":\"https:\\\/\\\/www.jazzzeitung.de\\\/cms\\\/2020\\\/03\\\/jazzpianist-reinhard-giebel-verstorben\\\/\",\"name\":\"Mit Shearings Akkorden gro\u00df geworden, die eigene Handschrift gepflegt: Zum Tod des G\u00f6ttinger Pianisten Reinhard Giebel - JazzZeitung\",\"isPartOf\":{\"@id\":\"https:\\\/\\\/www.jazzzeitung.de\\\/cms\\\/#website\"},\"primaryImageOfPage\":{\"@id\":\"https:\\\/\\\/www.jazzzeitung.de\\\/cms\\\/2020\\\/03\\\/jazzpianist-reinhard-giebel-verstorben\\\/#primaryimage\"},\"image\":{\"@id\":\"https:\\\/\\\/www.jazzzeitung.de\\\/cms\\\/2020\\\/03\\\/jazzpianist-reinhard-giebel-verstorben\\\/#primaryimage\"},\"thumbnailUrl\":\"https:\\\/\\\/i0.wp.com\\\/www.jazzzeitung.de\\\/cms\\\/wp-content\\\/uploads\\\/2020\\\/03\\\/giebel-2005_Foto_Gerd-Neumann.jpeg?fit=600%2C432&ssl=1\",\"datePublished\":\"2020-03-24T16:05:48+00:00\",\"dateModified\":\"2020-03-26T15:04:45+00:00\",\"breadcrumb\":{\"@id\":\"https:\\\/\\\/www.jazzzeitung.de\\\/cms\\\/2020\\\/03\\\/jazzpianist-reinhard-giebel-verstorben\\\/#breadcrumb\"},\"inLanguage\":\"de\",\"potentialAction\":[{\"@type\":\"ReadAction\",\"target\":[\"https:\\\/\\\/www.jazzzeitung.de\\\/cms\\\/2020\\\/03\\\/jazzpianist-reinhard-giebel-verstorben\\\/\"]}]},{\"@type\":\"ImageObject\",\"inLanguage\":\"de\",\"@id\":\"https:\\\/\\\/www.jazzzeitung.de\\\/cms\\\/2020\\\/03\\\/jazzpianist-reinhard-giebel-verstorben\\\/#primaryimage\",\"url\":\"https:\\\/\\\/i0.wp.com\\\/www.jazzzeitung.de\\\/cms\\\/wp-content\\\/uploads\\\/2020\\\/03\\\/giebel-2005_Foto_Gerd-Neumann.jpeg?fit=600%2C432&ssl=1\",\"contentUrl\":\"https:\\\/\\\/i0.wp.com\\\/www.jazzzeitung.de\\\/cms\\\/wp-content\\\/uploads\\\/2020\\\/03\\\/giebel-2005_Foto_Gerd-Neumann.jpeg?fit=600%2C432&ssl=1\",\"width\":600,\"height\":432},{\"@type\":\"BreadcrumbList\",\"@id\":\"https:\\\/\\\/www.jazzzeitung.de\\\/cms\\\/2020\\\/03\\\/jazzpianist-reinhard-giebel-verstorben\\\/#breadcrumb\",\"itemListElement\":[{\"@type\":\"ListItem\",\"position\":1,\"name\":\"Startseite\",\"item\":\"https:\\\/\\\/www.jazzzeitung.de\\\/cms\\\/\"},{\"@type\":\"ListItem\",\"position\":2,\"name\":\"Mit Shearings Akkorden gro\u00df geworden, die eigene Handschrift gepflegt: Zum Tod des G\u00f6ttinger Pianisten Reinhard Giebel\"}]},{\"@type\":\"WebSite\",\"@id\":\"https:\\\/\\\/www.jazzzeitung.de\\\/cms\\\/#website\",\"url\":\"https:\\\/\\\/www.jazzzeitung.de\\\/cms\\\/\",\"name\":\"JazzZeitung\",\"description\":\"Jazz-News und Jazz-Kontroverses\",\"publisher\":{\"@id\":\"https:\\\/\\\/www.jazzzeitung.de\\\/cms\\\/#organization\"},\"potentialAction\":[{\"@type\":\"SearchAction\",\"target\":{\"@type\":\"EntryPoint\",\"urlTemplate\":\"https:\\\/\\\/www.jazzzeitung.de\\\/cms\\\/?s={search_term_string}\"},\"query-input\":{\"@type\":\"PropertyValueSpecification\",\"valueRequired\":true,\"valueName\":\"search_term_string\"}}],\"inLanguage\":\"de\"},{\"@type\":\"Organization\",\"@id\":\"https:\\\/\\\/www.jazzzeitung.de\\\/cms\\\/#organization\",\"name\":\"JazzZeitung online\",\"url\":\"https:\\\/\\\/www.jazzzeitung.de\\\/cms\\\/\",\"logo\":{\"@type\":\"ImageObject\",\"inLanguage\":\"de\",\"@id\":\"https:\\\/\\\/www.jazzzeitung.de\\\/cms\\\/#\\\/schema\\\/logo\\\/image\\\/\",\"url\":\"https:\\\/\\\/i0.wp.com\\\/www.jazzzeitung.de\\\/cms\\\/wp-content\\\/uploads\\\/2015\\\/08\\\/JAZZZEITUNGDE_Logo_Neu.png?fit=499%2C200&ssl=1\",\"contentUrl\":\"https:\\\/\\\/i0.wp.com\\\/www.jazzzeitung.de\\\/cms\\\/wp-content\\\/uploads\\\/2015\\\/08\\\/JAZZZEITUNGDE_Logo_Neu.png?fit=499%2C200&ssl=1\",\"width\":499,\"height\":200,\"caption\":\"JazzZeitung online\"},\"image\":{\"@id\":\"https:\\\/\\\/www.jazzzeitung.de\\\/cms\\\/#\\\/schema\\\/logo\\\/image\\\/\"},\"sameAs\":[\"https:\\\/\\\/www.facebook.com\\\/JazzZeitung\\\/\"]},{\"@type\":\"Person\",\"@id\":\"https:\\\/\\\/www.jazzzeitung.de\\\/cms\\\/#\\\/schema\\\/person\\\/2245b36b9cd1d24cea10f01c031fb92b\",\"name\":\"Redaktion JazzZeitung\",\"image\":{\"@type\":\"ImageObject\",\"inLanguage\":\"de\",\"@id\":\"https:\\\/\\\/i0.wp.com\\\/www.jazzzeitung.de\\\/cms\\\/wp-content\\\/uploads\\\/2015\\\/08\\\/JAZZZEITUNGDE_Logo_Neu.png?resize=96%2C96&ssl=159975dcacb611b5700bd619b5daf0a7a\",\"url\":\"https:\\\/\\\/i0.wp.com\\\/www.jazzzeitung.de\\\/cms\\\/wp-content\\\/uploads\\\/2015\\\/08\\\/JAZZZEITUNGDE_Logo_Neu.png?resize=96%2C96&ssl=1\",\"contentUrl\":\"https:\\\/\\\/i0.wp.com\\\/www.jazzzeitung.de\\\/cms\\\/wp-content\\\/uploads\\\/2015\\\/08\\\/JAZZZEITUNGDE_Logo_Neu.png?resize=96%2C96&ssl=1\",\"caption\":\"Redaktion JazzZeitung\"},\"description\":\"Artikel der Redaktion der JazzZeitung.\",\"sameAs\":[\"http:\\\/\\\/www.jazzzeitung.de\\\/cms\\\/\"],\"url\":\"https:\\\/\\\/www.jazzzeitung.de\\\/cms\\\/author\\\/redaktion\\\/\"}]}<\/script>\n<!-- \/ Yoast SEO plugin. -->","yoast_head_json":{"title":"Mit Shearings Akkorden gro\u00df geworden, die eigene Handschrift gepflegt: Zum Tod des G\u00f6ttinger Pianisten Reinhard Giebel - JazzZeitung","robots":{"index":"index","follow":"follow","max-snippet":"max-snippet:-1","max-image-preview":"max-image-preview:large","max-video-preview":"max-video-preview:-1"},"canonical":"https:\/\/www.jazzzeitung.de\/cms\/2020\/03\/jazzpianist-reinhard-giebel-verstorben\/","og_locale":"de_DE","og_type":"article","og_title":"Mit Shearings Akkorden gro\u00df geworden, die eigene Handschrift gepflegt: Zum Tod des G\u00f6ttinger Pianisten Reinhard Giebel - JazzZeitung","og_description":"Am Sonntag, den 8. M\u00e4rz 2020, ist der Wuppertaler Jazzpianist, Dolmetscher, Lehrer und Autor Reinhard Giebel im Alter von 80 Jahren gestorben. Der geb\u00fcrtige G\u00f6ttinger war Mitbegr\u00fcnder des Gunter-Hampel-Quintetts und spielte zu Lebzeiten mit K\u00fcnstlern wie Benny Waters, Long John Baldry, Olaf K\u00fcbler, Werner L\u00fcdi, Herbert Joos, Buschi Niebergall und vielen mehr. Giebel spielte in den 1970er-Jahren in einigen Wuppertaler Ensembles und war in den 1980-Jahren als Jazzkritiker t\u00e4tig. Au\u00dferdem ver\u00f6ffentlichte er einige LPs, CDs, und B\u00fccher. Eine ausf\u00fchrliche Diskografie, ein Nachruf von Giebels Verleger Alfred Miersch und ein Interview aus dem Jahr 2004, das Giebels musikalische Ausbildung und seinen Werdegang portraitiert ist abrufbar bei https:\/\/www.jazzage.de\/pdf\/Giebel_Interview_Nachruf_Disko.pdf Das Beitragsfoto von Reinhard Giebel machte Gerd Neumann","og_url":"https:\/\/www.jazzzeitung.de\/cms\/2020\/03\/jazzpianist-reinhard-giebel-verstorben\/","og_site_name":"JazzZeitung","article_publisher":"https:\/\/www.facebook.com\/JazzZeitung\/","article_published_time":"2020-03-24T16:05:48+00:00","article_modified_time":"2020-03-26T15:04:45+00:00","og_image":[{"width":600,"height":432,"url":"https:\/\/i0.wp.com\/www.jazzzeitung.de\/cms\/wp-content\/uploads\/2020\/03\/giebel-2005_Foto_Gerd-Neumann.jpeg?fit=600%2C432&ssl=1","type":"image\/jpeg"}],"author":"Redaktion JazzZeitung","schema":{"@context":"https:\/\/schema.org","@graph":[{"@type":"Article","@id":"https:\/\/www.jazzzeitung.de\/cms\/2020\/03\/jazzpianist-reinhard-giebel-verstorben\/#article","isPartOf":{"@id":"https:\/\/www.jazzzeitung.de\/cms\/2020\/03\/jazzpianist-reinhard-giebel-verstorben\/"},"author":{"name":"Redaktion JazzZeitung","@id":"https:\/\/www.jazzzeitung.de\/cms\/#\/schema\/person\/2245b36b9cd1d24cea10f01c031fb92b"},"headline":"Mit Shearings Akkorden gro\u00df geworden, die eigene Handschrift gepflegt: Zum Tod des G\u00f6ttinger Pianisten Reinhard Giebel","datePublished":"2020-03-24T16:05:48+00:00","dateModified":"2020-03-26T15:04:45+00:00","mainEntityOfPage":{"@id":"https:\/\/www.jazzzeitung.de\/cms\/2020\/03\/jazzpianist-reinhard-giebel-verstorben\/"},"wordCount":148,"commentCount":0,"publisher":{"@id":"https:\/\/www.jazzzeitung.de\/cms\/#organization"},"image":{"@id":"https:\/\/www.jazzzeitung.de\/cms\/2020\/03\/jazzpianist-reinhard-giebel-verstorben\/#primaryimage"},"thumbnailUrl":"https:\/\/i0.wp.com\/www.jazzzeitung.de\/cms\/wp-content\/uploads\/2020\/03\/giebel-2005_Foto_Gerd-Neumann.jpeg?fit=600%2C432&ssl=1","keywords":["Alfred Miersch","Jazzpianist","Nachruf","Reinhard Giebel","Wuppertal"],"articleSection":["Portrait"],"inLanguage":"de","potentialAction":[{"@type":"CommentAction","name":"Comment","target":["https:\/\/www.jazzzeitung.de\/cms\/2020\/03\/jazzpianist-reinhard-giebel-verstorben\/#respond"]}]},{"@type":"WebPage","@id":"https:\/\/www.jazzzeitung.de\/cms\/2020\/03\/jazzpianist-reinhard-giebel-verstorben\/","url":"https:\/\/www.jazzzeitung.de\/cms\/2020\/03\/jazzpianist-reinhard-giebel-verstorben\/","name":"Mit Shearings Akkorden gro\u00df geworden, die eigene Handschrift gepflegt: Zum Tod des G\u00f6ttinger Pianisten Reinhard Giebel - JazzZeitung","isPartOf":{"@id":"https:\/\/www.jazzzeitung.de\/cms\/#website"},"primaryImageOfPage":{"@id":"https:\/\/www.jazzzeitung.de\/cms\/2020\/03\/jazzpianist-reinhard-giebel-verstorben\/#primaryimage"},"image":{"@id":"https:\/\/www.jazzzeitung.de\/cms\/2020\/03\/jazzpianist-reinhard-giebel-verstorben\/#primaryimage"},"thumbnailUrl":"https:\/\/i0.wp.com\/www.jazzzeitung.de\/cms\/wp-content\/uploads\/2020\/03\/giebel-2005_Foto_Gerd-Neumann.jpeg?fit=600%2C432&ssl=1","datePublished":"2020-03-24T16:05:48+00:00","dateModified":"2020-03-26T15:04:45+00:00","breadcrumb":{"@id":"https:\/\/www.jazzzeitung.de\/cms\/2020\/03\/jazzpianist-reinhard-giebel-verstorben\/#breadcrumb"},"inLanguage":"de","potentialAction":[{"@type":"ReadAction","target":["https:\/\/www.jazzzeitung.de\/cms\/2020\/03\/jazzpianist-reinhard-giebel-verstorben\/"]}]},{"@type":"ImageObject","inLanguage":"de","@id":"https:\/\/www.jazzzeitung.de\/cms\/2020\/03\/jazzpianist-reinhard-giebel-verstorben\/#primaryimage","url":"https:\/\/i0.wp.com\/www.jazzzeitung.de\/cms\/wp-content\/uploads\/2020\/03\/giebel-2005_Foto_Gerd-Neumann.jpeg?fit=600%2C432&ssl=1","contentUrl":"https:\/\/i0.wp.com\/www.jazzzeitung.de\/cms\/wp-content\/uploads\/2020\/03\/giebel-2005_Foto_Gerd-Neumann.jpeg?fit=600%2C432&ssl=1","width":600,"height":432},{"@type":"BreadcrumbList","@id":"https:\/\/www.jazzzeitung.de\/cms\/2020\/03\/jazzpianist-reinhard-giebel-verstorben\/#breadcrumb","itemListElement":[{"@type":"ListItem","position":1,"name":"Startseite","item":"https:\/\/www.jazzzeitung.de\/cms\/"},{"@type":"ListItem","position":2,"name":"Mit Shearings Akkorden gro\u00df geworden, die eigene Handschrift gepflegt: Zum Tod des G\u00f6ttinger Pianisten Reinhard Giebel"}]},{"@type":"WebSite","@id":"https:\/\/www.jazzzeitung.de\/cms\/#website","url":"https:\/\/www.jazzzeitung.de\/cms\/","name":"JazzZeitung","description":"Jazz-News und Jazz-Kontroverses","publisher":{"@id":"https:\/\/www.jazzzeitung.de\/cms\/#organization"},"potentialAction":[{"@type":"SearchAction","target":{"@type":"EntryPoint","urlTemplate":"https:\/\/www.jazzzeitung.de\/cms\/?s={search_term_string}"},"query-input":{"@type":"PropertyValueSpecification","valueRequired":true,"valueName":"search_term_string"}}],"inLanguage":"de"},{"@type":"Organization","@id":"https:\/\/www.jazzzeitung.de\/cms\/#organization","name":"JazzZeitung online","url":"https:\/\/www.jazzzeitung.de\/cms\/","logo":{"@type":"ImageObject","inLanguage":"de","@id":"https:\/\/www.jazzzeitung.de\/cms\/#\/schema\/logo\/image\/","url":"https:\/\/i0.wp.com\/www.jazzzeitung.de\/cms\/wp-content\/uploads\/2015\/08\/JAZZZEITUNGDE_Logo_Neu.png?fit=499%2C200&ssl=1","contentUrl":"https:\/\/i0.wp.com\/www.jazzzeitung.de\/cms\/wp-content\/uploads\/2015\/08\/JAZZZEITUNGDE_Logo_Neu.png?fit=499%2C200&ssl=1","width":499,"height":200,"caption":"JazzZeitung online"},"image":{"@id":"https:\/\/www.jazzzeitung.de\/cms\/#\/schema\/logo\/image\/"},"sameAs":["https:\/\/www.facebook.com\/JazzZeitung\/"]},{"@type":"Person","@id":"https:\/\/www.jazzzeitung.de\/cms\/#\/schema\/person\/2245b36b9cd1d24cea10f01c031fb92b","name":"Redaktion JazzZeitung","image":{"@type":"ImageObject","inLanguage":"de","@id":"https:\/\/i0.wp.com\/www.jazzzeitung.de\/cms\/wp-content\/uploads\/2015\/08\/JAZZZEITUNGDE_Logo_Neu.png?resize=96%2C96&ssl=159975dcacb611b5700bd619b5daf0a7a","url":"https:\/\/i0.wp.com\/www.jazzzeitung.de\/cms\/wp-content\/uploads\/2015\/08\/JAZZZEITUNGDE_Logo_Neu.png?resize=96%2C96&ssl=1","contentUrl":"https:\/\/i0.wp.com\/www.jazzzeitung.de\/cms\/wp-content\/uploads\/2015\/08\/JAZZZEITUNGDE_Logo_Neu.png?resize=96%2C96&ssl=1","caption":"Redaktion JazzZeitung"},"description":"Artikel der Redaktion der JazzZeitung.","sameAs":["http:\/\/www.jazzzeitung.de\/cms\/"],"url":"https:\/\/www.jazzzeitung.de\/cms\/author\/redaktion\/"}]}},"wp-worthy-pixel":{"ignored":false,"public":null,"server":null,"url":null},"wp-worthy-type":"normal","jetpack_publicize_connections":[],"cc_featured_image_caption":{"caption_text":"","source_text":"","source_url":""},"jetpack_featured_media_url":"https:\/\/i0.wp.com\/www.jazzzeitung.de\/cms\/wp-content\/uploads\/2020\/03\/giebel-2005_Foto_Gerd-Neumann.jpeg?fit=600%2C432&ssl=1","jetpack_shortlink":"https:\/\/wp.me\/p3KEcT-5M0","jetpack-related-posts":[{"id":23844,"url":"https:\/\/www.jazzzeitung.de\/cms\/2020\/11\/charly-antolini-schenkt-der-neuen-jazzschool-muenchen-ein-stueck-musikgeschichte\/","url_meta":{"origin":22196,"position":0},"title":"Charly Antolini schenkt der Neuen Jazzschool M\u00fcnchen ein St\u00fcck Musikgeschichte","author":"Redaktion JazzZeitung","date":"19. November 2020","format":false,"excerpt":"\u00a0Mit ihm begleitete er den \u201eKing of Swing\u201c Benny Goodman und tourte mit der Lionel Hampton-Big Band \u2013 jetzt bekommen die Drummer von Morgen an der Neuen Jazzschool und deren staatlich anerkannter Berufsfachschule f\u00fcr Musik darauf Unterricht: Der M\u00fcnchner Jazzmusiker Charly Antolini \u00fcbergab dem Pasinger Musikinstitut diese Woche sein Schlagzeug-Set,\u2026","rel":"","context":"In &quot;Bericht&quot;","block_context":{"text":"Bericht","link":"https:\/\/www.jazzzeitung.de\/cms\/thema\/bericht\/"},"img":{"alt_text":"","src":"https:\/\/i0.wp.com\/www.jazzzeitung.de\/cms\/wp-content\/uploads\/2020\/11\/Charly-Antolini-Foto-Andreas-Keller.jpeg?fit=350%2C520&ssl=1&resize=350%2C200","width":350,"height":200},"classes":[]},{"id":7935,"url":"https:\/\/www.jazzzeitung.de\/cms\/2015\/12\/jazz-deutschland-ein-filmprojekt\/","url_meta":{"origin":22196,"position":1},"title":"Wie der Jazz nach Deutschland kam: ein Filmprojekt","author":"Redaktion JazzZeitung","date":"12. Dezember 2015","format":false,"excerpt":"Die Filmemacher Andreas Heinrich und Reinhard Kungel von rk-film arbeiten an einem Dokumentarfilm \u00fcber Anfang und Verbreitung des Jazz in Deutschland. Einen ersten Eindruck vermittelt ihr Trailer, der auf folgender Internet-Seite frei zug\u00e4nglich ist: http:\/\/jazz2germany.de In der Finanzierung ihres Projektes gehen die Filmemacher neue Wege. Gemeinsam mit der Internetplattform Startnext\u2026","rel":"","context":"In &quot;Bericht&quot;","block_context":{"text":"Bericht","link":"https:\/\/www.jazzzeitung.de\/cms\/thema\/bericht\/"},"img":{"alt_text":"Jazz_Titelfoto_3","src":"https:\/\/i0.wp.com\/www.jazzzeitung.de\/cms\/wp-content\/uploads\/2015\/12\/Jazz_Titelfoto_3-150x150.jpg?resize=350%2C200","width":350,"height":200},"classes":[]},{"id":6930,"url":"https:\/\/www.jazzzeitung.de\/cms\/2015\/09\/ausstellung-des-jazz-zirkel-weiden-e-v-jazz-zirkel-plakate-aus-40-jahren-2\/","url_meta":{"origin":22196,"position":2},"title":"Ausstellung des Jazz-Zirkel Weiden e.V.: Jazz-Zirkel Plakate aus 40 Jahren","author":"Redaktion JazzZeitung","date":"1. September 2015","format":false,"excerpt":"Am Dienstag, den 15. September 2015 um 18.30 Uhr, wird im Neuen Rathaus in Weiden, die Ausstellung des Jazz-Zirkel Weiden e.V. von Jazz-Zirkel Plakaten aus 40 Jahren er\u00f6ffnet. Musikalisch begleitet wird der Er\u00f6ffnungsabend von The Sax Brothers mit Marshall Kean (Baritonsax), Dr. Reinhard Roth (Tenorsax), Alois Tr\u00e4ger (Altsax) und G\u00fcnter\u2026","rel":"","context":"In &quot;News&quot;","block_context":{"text":"News","link":"https:\/\/www.jazzzeitung.de\/cms\/thema\/nachrichten\/"},"img":{"alt_text":"Plakat","src":"https:\/\/i0.wp.com\/www.jazzzeitung.de\/cms\/wp-content\/uploads\/2015\/08\/Plakat.jpg?resize=350%2C200","width":350,"height":200},"classes":[]},{"id":26590,"url":"https:\/\/www.jazzzeitung.de\/cms\/2022\/01\/frankfurter-jazzgroesse-nachruf-auf-emil-mangelsdorff\/","url_meta":{"origin":22196,"position":3},"title":"Frankfurter Jazzgr\u00f6\u00dfe: Nachruf auf Emil Mangelsdorff","author":"Andreas Kolb","date":"25. Januar 2022","format":false,"excerpt":"\u201eDeutschen Jazz gibt es nicht\u201c, hat Emil Mangelsdorffs j\u00fcngerer Bruder, der Posaunist Albert Mangelsdorff einmal gesagt. Aber den legend\u00e4ren Frankfurt Sound gab es, mit dem Jazzensemble des Hessischen Rundfunks und Namen wie die Gebr\u00fcder Mangelsdorff, Joki Freund, Heinz Sauer und G\u00fcnther Lenz. Ert\u00f6nt war dieser Frankfurt Sound nicht erst in\u2026","rel":"","context":"In &quot;Portrait&quot;","block_context":{"text":"Portrait","link":"https:\/\/www.jazzzeitung.de\/cms\/thema\/portrait\/"},"img":{"alt_text":"","src":"https:\/\/i0.wp.com\/www.jazzzeitung.de\/cms\/wp-content\/uploads\/2022\/01\/Collage-Emil-Mangelsdorff-2-Foto-TJ-Krebs.jpg?fit=1200%2C800&ssl=1&resize=350%2C200","width":350,"height":200,"srcset":"https:\/\/i0.wp.com\/www.jazzzeitung.de\/cms\/wp-content\/uploads\/2022\/01\/Collage-Emil-Mangelsdorff-2-Foto-TJ-Krebs.jpg?fit=1200%2C800&ssl=1&resize=350%2C200 1x, https:\/\/i0.wp.com\/www.jazzzeitung.de\/cms\/wp-content\/uploads\/2022\/01\/Collage-Emil-Mangelsdorff-2-Foto-TJ-Krebs.jpg?fit=1200%2C800&ssl=1&resize=525%2C300 1.5x, https:\/\/i0.wp.com\/www.jazzzeitung.de\/cms\/wp-content\/uploads\/2022\/01\/Collage-Emil-Mangelsdorff-2-Foto-TJ-Krebs.jpg?fit=1200%2C800&ssl=1&resize=700%2C400 2x, https:\/\/i0.wp.com\/www.jazzzeitung.de\/cms\/wp-content\/uploads\/2022\/01\/Collage-Emil-Mangelsdorff-2-Foto-TJ-Krebs.jpg?fit=1200%2C800&ssl=1&resize=1050%2C600 3x"},"classes":[]},{"id":9931,"url":"https:\/\/www.jazzzeitung.de\/cms\/2016\/08\/9931\/","url_meta":{"origin":22196,"position":4},"title":"Vom Hot Club de France in die Sesamstra\u00dfe \u2013 ein Nachruf auf Toots Thielemans","author":"Redaktion JazzZeitung","date":"29. August 2016","format":false,"excerpt":"In Br\u00fcssel, wo Jean Thielemans am 29. April 1922 geboren wurde, spielte er als Kind zun\u00e4chst Akkordeon im Caf\u00e9 seiner Eltern. In den Jahren 1943 und 44 wechselte er zur Gitarre und spielte die Musik der Platten von Django Reinhardt und Stephane Grappelli nach. Doch sein Lieblingsinstrument blieb sein \u201eToy\u201c,\u2026","rel":"","context":"In &quot;Portrait&quot;","block_context":{"text":"Portrait","link":"https:\/\/www.jazzzeitung.de\/cms\/thema\/portrait\/"},"img":{"alt_text":"Toots Thielemans. Foto: German Jazz Trophy","src":"https:\/\/i0.wp.com\/www.jazzzeitung.de\/cms\/wp-content\/uploads\/2016\/08\/thielemansGerman-Jazz-Trophy-150x150.jpg?resize=350%2C200","width":350,"height":200},"classes":[]},{"id":26432,"url":"https:\/\/www.jazzzeitung.de\/cms\/2021\/12\/zwischentoene-allumfassend-zum-tod-des-pianisten-walter-lang\/","url_meta":{"origin":22196,"position":5},"title":"Zwischent\u00f6ne, allumfassend: Zum Tod des Pianisten Walter Lang","author":"Redaktion JazzZeitung","date":"22. Dezember 2021","format":false,"excerpt":"Am 16. Dezember 2021 starb der Jazzpianist Walter Lang. Ein Nachruf von Ralf Dombrowski Ich hatte ein Bild gepostet. Viele Menschen haben es kommentiert, aus aller Welt. Es sind nicht die beil\u00e4ufigen Beileidsbekundungen, die man kennt. Denn der Tod von Walter Lang trifft viele. Er war nur 60 Jahre alt,\u2026","rel":"","context":"In &quot;Portrait&quot;","block_context":{"text":"Portrait","link":"https:\/\/www.jazzzeitung.de\/cms\/thema\/portrait\/"},"img":{"alt_text":"","src":"https:\/\/i0.wp.com\/www.jazzzeitung.de\/cms\/wp-content\/uploads\/2021\/12\/Walter-Lang-c-Ralf-Dombrowski-scaled.jpg?fit=1200%2C800&ssl=1&resize=350%2C200","width":350,"height":200,"srcset":"https:\/\/i0.wp.com\/www.jazzzeitung.de\/cms\/wp-content\/uploads\/2021\/12\/Walter-Lang-c-Ralf-Dombrowski-scaled.jpg?fit=1200%2C800&ssl=1&resize=350%2C200 1x, https:\/\/i0.wp.com\/www.jazzzeitung.de\/cms\/wp-content\/uploads\/2021\/12\/Walter-Lang-c-Ralf-Dombrowski-scaled.jpg?fit=1200%2C800&ssl=1&resize=525%2C300 1.5x, https:\/\/i0.wp.com\/www.jazzzeitung.de\/cms\/wp-content\/uploads\/2021\/12\/Walter-Lang-c-Ralf-Dombrowski-scaled.jpg?fit=1200%2C800&ssl=1&resize=700%2C400 2x, https:\/\/i0.wp.com\/www.jazzzeitung.de\/cms\/wp-content\/uploads\/2021\/12\/Walter-Lang-c-Ralf-Dombrowski-scaled.jpg?fit=1200%2C800&ssl=1&resize=1050%2C600 3x"},"classes":[]}],"jetpack_sharing_enabled":true,"_links":{"self":[{"href":"https:\/\/www.jazzzeitung.de\/cms\/wp-json\/wp\/v2\/posts\/22196","targetHints":{"allow":["GET"]}}],"collection":[{"href":"https:\/\/www.jazzzeitung.de\/cms\/wp-json\/wp\/v2\/posts"}],"about":[{"href":"https:\/\/www.jazzzeitung.de\/cms\/wp-json\/wp\/v2\/types\/post"}],"author":[{"embeddable":true,"href":"https:\/\/www.jazzzeitung.de\/cms\/wp-json\/wp\/v2\/users\/18"}],"replies":[{"embeddable":true,"href":"https:\/\/www.jazzzeitung.de\/cms\/wp-json\/wp\/v2\/comments?post=22196"}],"version-history":[{"count":9,"href":"https:\/\/www.jazzzeitung.de\/cms\/wp-json\/wp\/v2\/posts\/22196\/revisions"}],"predecessor-version":[{"id":22207,"href":"https:\/\/www.jazzzeitung.de\/cms\/wp-json\/wp\/v2\/posts\/22196\/revisions\/22207"}],"wp:featuredmedia":[{"embeddable":true,"href":"https:\/\/www.jazzzeitung.de\/cms\/wp-json\/wp\/v2\/media\/22197"}],"wp:attachment":[{"href":"https:\/\/www.jazzzeitung.de\/cms\/wp-json\/wp\/v2\/media?parent=22196"}],"wp:term":[{"taxonomy":"category","embeddable":true,"href":"https:\/\/www.jazzzeitung.de\/cms\/wp-json\/wp\/v2\/categories?post=22196"},{"taxonomy":"post_tag","embeddable":true,"href":"https:\/\/www.jazzzeitung.de\/cms\/wp-json\/wp\/v2\/tags?post=22196"},{"taxonomy":"author","embeddable":true,"href":"https:\/\/www.jazzzeitung.de\/cms\/wp-json\/wp\/v2\/coauthors?post=22196"}],"curies":[{"name":"wp","href":"https:\/\/api.w.org\/{rel}","templated":true}]}}