{"id":22182,"date":"2020-03-23T15:41:13","date_gmt":"2020-03-23T14:41:13","guid":{"rendered":"https:\/\/www.jazzzeitung.de\/cms\/?p=22182"},"modified":"2020-03-23T15:41:52","modified_gmt":"2020-03-23T14:41:52","slug":"aufruf-an-politik-und-musikwirtschaft-schnelle-hilfe-auch-fuer-jazzmusikerinnen","status":"publish","type":"post","link":"https:\/\/www.jazzzeitung.de\/cms\/2020\/03\/aufruf-an-politik-und-musikwirtschaft-schnelle-hilfe-auch-fuer-jazzmusikerinnen\/","title":{"rendered":"Aufruf an Politik und Musikwirtschaft \u2013 schnelle Hilfe auch f\u00fcr Jazzmusiker*innen!"},"content":{"rendered":"<p>In K\u00fcrze werden die Corona-Hilfszahlungen aus Bundesmitteln starten. Die Union Deutscher Jazzmusiker hat in einer Pressemitteilung\u00a0 auf\u00a0 einige besonders wichtige Punkte hingewiesen, die die JazzZeitung.de hier im Wortlaut wiedergibt:<\/p>\n<ol>\n<li><em><u>Alle<\/u>\u00a0Bereiche der Musikwirtschaft m\u00fcssen bei der Nothilfe aus Bundesmitteln Ber\u00fccksichtigung finden \u2013 wie so oft m\u00fcssen wir aber eindringlich darauf hinweisen, dass die <u>einzelnen K\u00fcnstler*innen<\/u>, egal welchen Genres, dabei nicht ins Hintertreffen geraten d\u00fcrfen. Deshalb unsere Bitte an alle:\u00a0<strong>Bitte setzen Sie sich\/setzt Euch daf\u00fcr ein, dass auch Jazzmusiker*innen, die zu gro\u00dfen Teilen ohnehin schon in prek\u00e4ren Verh\u00e4ltnissen leben, durch diese Krise nicht in ihrer wirtschaftlichen Existenz gef\u00e4hrdet werden.<\/strong><\/em><\/li>\n<li><em>Musiker*innen ben\u00f6tigen zun\u00e4chst einen schnellen Ausgleich der\u00a0<u>unmittelbaren Verdienstausf\u00e4lle<\/u>. Nach den Daten der Jazzstudie 2016 kann davon ausgegangen werden, dass f\u00fcr bis zu\u00a0<strong>70% der Jazzmusiker*innen<\/strong>\u00a0mit einem Betrag von <strong>mindestens<\/strong>\u00a0<strong>1.000 Euro\/Monat kurzfristige Liquidit\u00e4t<\/strong>\u00a0gew\u00e4hrleistet werden kann.<\/em><\/li>\n<li><em>Nat\u00fcrlich gibt es auch in der Jazzszene Musiker*innen, die deutlich\u00a0<u>mehr<\/u>\u00a0verdienen und entsprechend <u>gr\u00f6\u00dfere<\/u> Ausf\u00e4lle haben. Eine abgesagte Tournee etwa kann schnell den Verlust eines ganzen <u>Jahreseinkommens<\/u> bedeuten. In\u00a0<u>Einzelf\u00e4llen<\/u>\u00a0sollten also auch\u00a0<u>h\u00f6here Hilfszahlungen<\/u>\u00a0beantragt werden k\u00f6nnen.<\/em><\/li>\n<li><em>Langfristig entstehende <u>Folge-Einnahmenausf\u00e4lle<\/u> durch ausbleibende CD-Verk\u00e4ufe, GEMA-Verg\u00fctungen und vieles mehr sowie Einbu\u00dfen durch ausbleibende Folgeengagements sollten von Anfang an\u00a0<u>mitgedacht<\/u>\u00a0werden.<\/em>\n<p><figure id=\"attachment_4488\" aria-describedby=\"caption-attachment-4488\" style=\"width: 384px\" class=\"wp-caption alignleft\"><a href=\"https:\/\/i0.wp.com\/www.jazzzeitung.de\/cms\/wp-content\/uploads\/2014\/08\/finanz-hilfe_c_hufner.jpg?ssl=1\"><img data-recalc-dims=\"1\" loading=\"lazy\" decoding=\"async\" data-attachment-id=\"4488\" data-permalink=\"https:\/\/www.jazzzeitung.de\/cms\/2014\/08\/nolens-volens-politisch\/rettungstuch\/\" data-orig-file=\"https:\/\/i0.wp.com\/www.jazzzeitung.de\/cms\/wp-content\/uploads\/2014\/08\/finanz-hilfe_c_hufner.jpg?fit=800%2C1248&amp;ssl=1\" data-orig-size=\"800,1248\" data-comments-opened=\"1\" data-image-meta=\"{&quot;aperture&quot;:&quot;2.8&quot;,&quot;credit&quot;:&quot;Dr. Martin Hufner&quot;,&quot;camera&quot;:&quot;PENTAX K-5&quot;,&quot;caption&quot;:&quot;Kein Rettungsschirm, aber ein Rettungstuch&quot;,&quot;created_timestamp&quot;:&quot;1339949182&quot;,&quot;copyright&quot;:&quot;Martin Hufner&quot;,&quot;focal_length&quot;:&quot;70&quot;,&quot;iso&quot;:&quot;400&quot;,&quot;shutter_speed&quot;:&quot;0.01&quot;,&quot;title&quot;:&quot;Rettungstuch&quot;}\" data-image-title=\"Rettungstuch. Foto: Hufner\" data-image-description=\"&lt;p&gt;Rettungstuch. Foto: Hufner&lt;\/p&gt;\n\" data-image-caption=\"&lt;p&gt;Rettungstuch. Foto: Hufner&lt;\/p&gt;\n\" data-large-file=\"https:\/\/i0.wp.com\/www.jazzzeitung.de\/cms\/wp-content\/uploads\/2014\/08\/finanz-hilfe_c_hufner.jpg?fit=384%2C600&amp;ssl=1\" class=\"size-large wp-image-4488\" src=\"https:\/\/i0.wp.com\/www.jazzzeitung.de\/cms\/wp-content\/uploads\/2014\/08\/finanz-hilfe_c_hufner.jpg?resize=384%2C600&#038;ssl=1\" alt=\"Rettungstuch. Foto: Hufner\" width=\"384\" height=\"600\" srcset=\"https:\/\/i0.wp.com\/www.jazzzeitung.de\/cms\/wp-content\/uploads\/2014\/08\/finanz-hilfe_c_hufner.jpg?resize=384%2C600&amp;ssl=1 384w, https:\/\/i0.wp.com\/www.jazzzeitung.de\/cms\/wp-content\/uploads\/2014\/08\/finanz-hilfe_c_hufner.jpg?resize=192%2C300&amp;ssl=1 192w, https:\/\/i0.wp.com\/www.jazzzeitung.de\/cms\/wp-content\/uploads\/2014\/08\/finanz-hilfe_c_hufner.jpg?w=800&amp;ssl=1 800w\" sizes=\"auto, (max-width: 384px) 100vw, 384px\" \/><\/a><figcaption id=\"caption-attachment-4488\" class=\"wp-caption-text\">Rettungstuch. Foto: Hufner<\/figcaption><\/figure><\/li>\n<li><em>Zu den Verdienstausf\u00e4llen kommen get\u00e4tigte <u>Ausgaben<\/u> wie\u00a0Reisekosten, Visakosten, Werbung, Proberaummiete etc.<\/em><\/li>\n<li><em>Eine <u>Verschiebung<\/u> eines Konzertes bedeutet auch einen <u>Ausfall<\/u>, da f\u00fcr jedes nachgeholte kein neues Konzert zustande kommt.<\/em><\/li>\n<li><em>Musiker*innen mit <u>Kindern<\/u> haben\u00a0aktuell eine <u>zus\u00e4tzliche<\/u> Belastung und werden von den Folgekosten, die sich\u00a0erst in den kommenden Jahren realisieren, besonders betroffen.<\/em><\/li>\n<li><em>Der <u>Bundeszuschuss<\/u>\u00a0f\u00fcr\u00a0die <u>KSK<\/u> muss <u>erh\u00f6ht<\/u> werden. Durch wegfallende Einnahmen der KSK (Verwerterabgabe, geringeres Einkommen der K\u00fcnstler) entsteht eine\u00a0L\u00fccke.<\/em><\/li>\n<li><em>Auch bei l\u00e4ngerer Grundsicherung sollten K\u00fcnstler*innen jetzt <u>nicht aus der KSK fliegen<\/u>.<\/em><\/li>\n<li><em>Gelder aus <u>F\u00f6rderprogrammen<\/u> sollten umgewidmet werden k\u00f6nnen bzw.\u00a0nicht zur\u00fcckgezahlt werden m\u00fcssen. Nicht realisierbare F\u00f6rdergelder wie z.B. Residenzprogramme sollten in die <u>Nothilfe<\/u> flie\u00dfen.<\/em><\/li>\n<\/ol>\n<p><em>Sollte die Auszahlung von Bundesmitteln etwa \u00fcber die Strukturen der Initiative Musik, des Deutschen Musikrats oder die F\u00f6rderbanken der L\u00e4nder umgesetzt werden, so bitten wir nachdr\u00fccklich um\u00a0<strong>Einbindung der Deutschen Jazzunion<\/strong>\u00a0in die konkrete Ausgestaltung, um der Realit\u00e4t in der Jazzszene m\u00f6glichst gerecht werden zu k\u00f6nnen. Die Zusammenarbeit hat sich bereits in vielen gemeinsamen Projekten wie dem Spielst\u00e4ttenprogrammpreis APPLAUS, dem Musikfonds, bei der Agenda Musikwirtschaft oder aktuell beim neuen Jazzpreis der Bundesregierung bew\u00e4hrt.<\/em><\/p>\n<p>&nbsp;<\/p>\n<p>Weitere Informationen immer aktuell: Die neue musikzeitung (nmz) informiert ihre Leser gemeinsam mit dem Bad Blog of Musick auf ihrer st\u00e4ndig aktualisierten Homepage <a href=\"https:\/\/www.nmz.de\/\">www.nmz<\/a> \u00fcber Ma\u00dfnahmen, Tipps und Hilfen f\u00fcr mit Musik befassten Menschen.<\/p>\n<p>Beitragsbild: Kalle Mathiesen (Foto: Susanne van Loon)<\/p>\n<p>&nbsp;<\/p>\n","protected":false},"excerpt":{"rendered":"<p>In K\u00fcrze werden die Corona-Hilfszahlungen aus Bundesmitteln starten. Die Union Deutscher Jazzmusiker hat in einer Pressemitteilung\u00a0 auf\u00a0 einige besonders wichtige Punkte hingewiesen, die die JazzZeitung.de hier im Wortlaut wiedergibt: Alle\u00a0Bereiche der Musikwirtschaft m\u00fcssen bei der Nothilfe aus Bundesmitteln Ber\u00fccksichtigung finden \u2013 wie so oft m\u00fcssen wir aber eindringlich darauf hinweisen, dass die einzelnen K\u00fcnstler*innen, egal welchen Genres, dabei nicht ins Hintertreffen geraten d\u00fcrfen. Deshalb unsere Bitte an alle:\u00a0Bitte setzen Sie sich\/setzt Euch daf\u00fcr ein, dass auch Jazzmusiker*innen, die zu gro\u00dfen Teilen ohnehin schon in prek\u00e4ren Verh\u00e4ltnissen leben, durch diese Krise nicht in ihrer wirtschaftlichen Existenz gef\u00e4hrdet werden. Musiker*innen ben\u00f6tigen zun\u00e4chst einen schnellen Ausgleich der\u00a0unmittelbaren Verdienstausf\u00e4lle. Nach den Daten der Jazzstudie 2016 kann davon ausgegangen werden, dass f\u00fcr bis zu\u00a070% der Jazzmusiker*innen\u00a0mit einem Betrag von mindestens\u00a01.000 Euro\/Monat kurzfristige Liquidit\u00e4t\u00a0gew\u00e4hrleistet werden kann. Nat\u00fcrlich gibt es auch in der Jazzszene Musiker*innen, die deutlich\u00a0mehr\u00a0verdienen und entsprechend gr\u00f6\u00dfere Ausf\u00e4lle haben. Eine abgesagte Tournee etwa kann schnell den Verlust eines ganzen Jahreseinkommens bedeuten. In\u00a0Einzelf\u00e4llen\u00a0sollten also auch\u00a0h\u00f6here Hilfszahlungen\u00a0beantragt werden k\u00f6nnen. Langfristig entstehende Folge-Einnahmenausf\u00e4lle durch ausbleibende CD-Verk\u00e4ufe, GEMA-Verg\u00fctungen und vieles mehr sowie Einbu\u00dfen durch ausbleibende Folgeengagements sollten von Anfang an\u00a0mitgedacht\u00a0werden. Zu den Verdienstausf\u00e4llen &hellip;<\/p>\n","protected":false},"author":18,"featured_media":16614,"comment_status":"open","ping_status":"closed","sticky":false,"template":"","format":"standard","meta":{"_jetpack_memberships_contains_paid_content":false,"footnotes":"","jetpack_publicize_message":"","jetpack_publicize_feature_enabled":true,"jetpack_social_post_already_shared":false,"jetpack_social_options":{"image_generator_settings":{"template":"highway","default_image_id":0,"font":"","enabled":false},"version":2}},"categories":[633],"tags":[1315,1191,103,109,194,241,281,798,1423,1978,2910,294,2861,322,1555,413,421,14,708,1095,571,1547],"coauthors":[695],"class_list":["post-22182","post","type-post","status-publish","format-standard","has-post-thumbnail","hentry","category-nachrichten","tag-applaus","tag-blog","tag-bundesregierung","tag-cd","tag-gema","tag-initiative-musik","tag-jazzmusiker","tag-jazzmusikerinnen","tag-jazzpreis","tag-jazzszene","tag-jazzunion","tag-jazzzeitung","tag-jazzzeitung-de","tag-konzert-2","tag-musikfonds","tag-neue-musikzeitung","tag-nmz","tag-politik","tag-spielstaettenprogrammpreis","tag-tournee","tag-union-deutscher-jazzmusiker","tag-werbung"],"yoast_head":"<!-- This site is optimized with the Yoast SEO plugin v27.5 - https:\/\/yoast.com\/product\/yoast-seo-wordpress\/ -->\n<title>Aufruf an Politik und Musikwirtschaft \u2013 schnelle Hilfe auch f\u00fcr Jazzmusiker*innen! - JazzZeitung<\/title>\n<meta name=\"robots\" content=\"index, follow, max-snippet:-1, max-image-preview:large, max-video-preview:-1\" \/>\n<link rel=\"canonical\" href=\"https:\/\/www.jazzzeitung.de\/cms\/2020\/03\/aufruf-an-politik-und-musikwirtschaft-schnelle-hilfe-auch-fuer-jazzmusikerinnen\/\" \/>\n<meta property=\"og:locale\" content=\"de_DE\" \/>\n<meta property=\"og:type\" content=\"article\" \/>\n<meta property=\"og:title\" content=\"Aufruf an Politik und Musikwirtschaft \u2013 schnelle Hilfe auch f\u00fcr Jazzmusiker*innen! - JazzZeitung\" \/>\n<meta property=\"og:description\" content=\"In K\u00fcrze werden die Corona-Hilfszahlungen aus Bundesmitteln starten. Die Union Deutscher Jazzmusiker hat in einer Pressemitteilung\u00a0 auf\u00a0 einige besonders wichtige Punkte hingewiesen, die die JazzZeitung.de hier im Wortlaut wiedergibt: Alle\u00a0Bereiche der Musikwirtschaft m\u00fcssen bei der Nothilfe aus Bundesmitteln Ber\u00fccksichtigung finden \u2013 wie so oft m\u00fcssen wir aber eindringlich darauf hinweisen, dass die einzelnen K\u00fcnstler*innen, egal welchen Genres, dabei nicht ins Hintertreffen geraten d\u00fcrfen. Deshalb unsere Bitte an alle:\u00a0Bitte setzen Sie sich\/setzt Euch daf\u00fcr ein, dass auch Jazzmusiker*innen, die zu gro\u00dfen Teilen ohnehin schon in prek\u00e4ren Verh\u00e4ltnissen leben, durch diese Krise nicht in ihrer wirtschaftlichen Existenz gef\u00e4hrdet werden. Musiker*innen ben\u00f6tigen zun\u00e4chst einen schnellen Ausgleich der\u00a0unmittelbaren Verdienstausf\u00e4lle. Nach den Daten der Jazzstudie 2016 kann davon ausgegangen werden, dass f\u00fcr bis zu\u00a070% der Jazzmusiker*innen\u00a0mit einem Betrag von mindestens\u00a01.000 Euro\/Monat kurzfristige Liquidit\u00e4t\u00a0gew\u00e4hrleistet werden kann. Nat\u00fcrlich gibt es auch in der Jazzszene Musiker*innen, die deutlich\u00a0mehr\u00a0verdienen und entsprechend gr\u00f6\u00dfere Ausf\u00e4lle haben. Eine abgesagte Tournee etwa kann schnell den Verlust eines ganzen Jahreseinkommens bedeuten. In\u00a0Einzelf\u00e4llen\u00a0sollten also auch\u00a0h\u00f6here Hilfszahlungen\u00a0beantragt werden k\u00f6nnen. Langfristig entstehende Folge-Einnahmenausf\u00e4lle durch ausbleibende CD-Verk\u00e4ufe, GEMA-Verg\u00fctungen und vieles mehr sowie Einbu\u00dfen durch ausbleibende Folgeengagements sollten von Anfang an\u00a0mitgedacht\u00a0werden. Zu den Verdienstausf\u00e4llen &hellip;\" \/>\n<meta property=\"og:url\" content=\"https:\/\/www.jazzzeitung.de\/cms\/2020\/03\/aufruf-an-politik-und-musikwirtschaft-schnelle-hilfe-auch-fuer-jazzmusikerinnen\/\" \/>\n<meta property=\"og:site_name\" content=\"JazzZeitung\" \/>\n<meta property=\"article:publisher\" content=\"https:\/\/www.facebook.com\/JazzZeitung\/\" \/>\n<meta property=\"article:published_time\" content=\"2020-03-23T14:41:13+00:00\" \/>\n<meta property=\"article:modified_time\" content=\"2020-03-23T14:41:52+00:00\" \/>\n<meta property=\"og:image\" content=\"https:\/\/i0.wp.com\/www.jazzzeitung.de\/cms\/wp-content\/uploads\/2018\/07\/015_Kalle-Mathiesen\u00a9FotovanLoon.jpg?fit=3190%2C2123&ssl=1\" \/>\n\t<meta property=\"og:image:width\" content=\"3190\" \/>\n\t<meta property=\"og:image:height\" content=\"2123\" \/>\n\t<meta property=\"og:image:type\" content=\"image\/jpeg\" \/>\n<meta name=\"author\" content=\"Redaktion JazzZeitung\" \/>\n<script type=\"application\/ld+json\" class=\"yoast-schema-graph\">{\"@context\":\"https:\\\/\\\/schema.org\",\"@graph\":[{\"@type\":\"Article\",\"@id\":\"https:\\\/\\\/www.jazzzeitung.de\\\/cms\\\/2020\\\/03\\\/aufruf-an-politik-und-musikwirtschaft-schnelle-hilfe-auch-fuer-jazzmusikerinnen\\\/#article\",\"isPartOf\":{\"@id\":\"https:\\\/\\\/www.jazzzeitung.de\\\/cms\\\/2020\\\/03\\\/aufruf-an-politik-und-musikwirtschaft-schnelle-hilfe-auch-fuer-jazzmusikerinnen\\\/\"},\"author\":{\"name\":\"Redaktion JazzZeitung\",\"@id\":\"https:\\\/\\\/www.jazzzeitung.de\\\/cms\\\/#\\\/schema\\\/person\\\/2245b36b9cd1d24cea10f01c031fb92b\"},\"headline\":\"Aufruf an Politik und Musikwirtschaft \u2013 schnelle Hilfe auch f\u00fcr Jazzmusiker*innen!\",\"datePublished\":\"2020-03-23T14:41:13+00:00\",\"dateModified\":\"2020-03-23T14:41:52+00:00\",\"mainEntityOfPage\":{\"@id\":\"https:\\\/\\\/www.jazzzeitung.de\\\/cms\\\/2020\\\/03\\\/aufruf-an-politik-und-musikwirtschaft-schnelle-hilfe-auch-fuer-jazzmusikerinnen\\\/\"},\"wordCount\":505,\"commentCount\":0,\"publisher\":{\"@id\":\"https:\\\/\\\/www.jazzzeitung.de\\\/cms\\\/#organization\"},\"image\":{\"@id\":\"https:\\\/\\\/www.jazzzeitung.de\\\/cms\\\/2020\\\/03\\\/aufruf-an-politik-und-musikwirtschaft-schnelle-hilfe-auch-fuer-jazzmusikerinnen\\\/#primaryimage\"},\"thumbnailUrl\":\"https:\\\/\\\/i0.wp.com\\\/www.jazzzeitung.de\\\/cms\\\/wp-content\\\/uploads\\\/2018\\\/07\\\/015_Kalle-Mathiesen%C2%A9FotovanLoon.jpg?fit=3190%2C2123&ssl=1\",\"keywords\":[\"APPLAUS\",\"Blog\",\"Bundesregierung\",\"CD\",\"GEMA\",\"Initiative Musik\",\"Jazzmusiker\",\"Jazzmusikerinnen\",\"Jazzpreis\",\"Jazzszene\",\"Jazzunion\",\"Jazzzeitung\",\"JazzZeitung.de\",\"Konzert\",\"Musikfonds\",\"neue musikzeitung\",\"nmz\",\"Politik\",\"Spielst\u00e4ttenprogrammpreis\",\"Tournee\",\"Union deutscher Jazzmusiker\",\"Werbung\"],\"articleSection\":[\"News\"],\"inLanguage\":\"de\",\"potentialAction\":[{\"@type\":\"CommentAction\",\"name\":\"Comment\",\"target\":[\"https:\\\/\\\/www.jazzzeitung.de\\\/cms\\\/2020\\\/03\\\/aufruf-an-politik-und-musikwirtschaft-schnelle-hilfe-auch-fuer-jazzmusikerinnen\\\/#respond\"]}]},{\"@type\":\"WebPage\",\"@id\":\"https:\\\/\\\/www.jazzzeitung.de\\\/cms\\\/2020\\\/03\\\/aufruf-an-politik-und-musikwirtschaft-schnelle-hilfe-auch-fuer-jazzmusikerinnen\\\/\",\"url\":\"https:\\\/\\\/www.jazzzeitung.de\\\/cms\\\/2020\\\/03\\\/aufruf-an-politik-und-musikwirtschaft-schnelle-hilfe-auch-fuer-jazzmusikerinnen\\\/\",\"name\":\"Aufruf an Politik und Musikwirtschaft \u2013 schnelle Hilfe auch f\u00fcr Jazzmusiker*innen! - JazzZeitung\",\"isPartOf\":{\"@id\":\"https:\\\/\\\/www.jazzzeitung.de\\\/cms\\\/#website\"},\"primaryImageOfPage\":{\"@id\":\"https:\\\/\\\/www.jazzzeitung.de\\\/cms\\\/2020\\\/03\\\/aufruf-an-politik-und-musikwirtschaft-schnelle-hilfe-auch-fuer-jazzmusikerinnen\\\/#primaryimage\"},\"image\":{\"@id\":\"https:\\\/\\\/www.jazzzeitung.de\\\/cms\\\/2020\\\/03\\\/aufruf-an-politik-und-musikwirtschaft-schnelle-hilfe-auch-fuer-jazzmusikerinnen\\\/#primaryimage\"},\"thumbnailUrl\":\"https:\\\/\\\/i0.wp.com\\\/www.jazzzeitung.de\\\/cms\\\/wp-content\\\/uploads\\\/2018\\\/07\\\/015_Kalle-Mathiesen%C2%A9FotovanLoon.jpg?fit=3190%2C2123&ssl=1\",\"datePublished\":\"2020-03-23T14:41:13+00:00\",\"dateModified\":\"2020-03-23T14:41:52+00:00\",\"breadcrumb\":{\"@id\":\"https:\\\/\\\/www.jazzzeitung.de\\\/cms\\\/2020\\\/03\\\/aufruf-an-politik-und-musikwirtschaft-schnelle-hilfe-auch-fuer-jazzmusikerinnen\\\/#breadcrumb\"},\"inLanguage\":\"de\",\"potentialAction\":[{\"@type\":\"ReadAction\",\"target\":[\"https:\\\/\\\/www.jazzzeitung.de\\\/cms\\\/2020\\\/03\\\/aufruf-an-politik-und-musikwirtschaft-schnelle-hilfe-auch-fuer-jazzmusikerinnen\\\/\"]}]},{\"@type\":\"ImageObject\",\"inLanguage\":\"de\",\"@id\":\"https:\\\/\\\/www.jazzzeitung.de\\\/cms\\\/2020\\\/03\\\/aufruf-an-politik-und-musikwirtschaft-schnelle-hilfe-auch-fuer-jazzmusikerinnen\\\/#primaryimage\",\"url\":\"https:\\\/\\\/i0.wp.com\\\/www.jazzzeitung.de\\\/cms\\\/wp-content\\\/uploads\\\/2018\\\/07\\\/015_Kalle-Mathiesen%C2%A9FotovanLoon.jpg?fit=3190%2C2123&ssl=1\",\"contentUrl\":\"https:\\\/\\\/i0.wp.com\\\/www.jazzzeitung.de\\\/cms\\\/wp-content\\\/uploads\\\/2018\\\/07\\\/015_Kalle-Mathiesen%C2%A9FotovanLoon.jpg?fit=3190%2C2123&ssl=1\",\"width\":3190,\"height\":2123,\"caption\":\"Jazz-Aktions-Theater: Kalle Mathiesen l\u00e4sst die Sau raus. Foto: Susanne van Loon\"},{\"@type\":\"BreadcrumbList\",\"@id\":\"https:\\\/\\\/www.jazzzeitung.de\\\/cms\\\/2020\\\/03\\\/aufruf-an-politik-und-musikwirtschaft-schnelle-hilfe-auch-fuer-jazzmusikerinnen\\\/#breadcrumb\",\"itemListElement\":[{\"@type\":\"ListItem\",\"position\":1,\"name\":\"Startseite\",\"item\":\"https:\\\/\\\/www.jazzzeitung.de\\\/cms\\\/\"},{\"@type\":\"ListItem\",\"position\":2,\"name\":\"Aufruf an Politik und Musikwirtschaft \u2013 schnelle Hilfe auch f\u00fcr Jazzmusiker*innen!\"}]},{\"@type\":\"WebSite\",\"@id\":\"https:\\\/\\\/www.jazzzeitung.de\\\/cms\\\/#website\",\"url\":\"https:\\\/\\\/www.jazzzeitung.de\\\/cms\\\/\",\"name\":\"JazzZeitung\",\"description\":\"Jazz-News und Jazz-Kontroverses\",\"publisher\":{\"@id\":\"https:\\\/\\\/www.jazzzeitung.de\\\/cms\\\/#organization\"},\"potentialAction\":[{\"@type\":\"SearchAction\",\"target\":{\"@type\":\"EntryPoint\",\"urlTemplate\":\"https:\\\/\\\/www.jazzzeitung.de\\\/cms\\\/?s={search_term_string}\"},\"query-input\":{\"@type\":\"PropertyValueSpecification\",\"valueRequired\":true,\"valueName\":\"search_term_string\"}}],\"inLanguage\":\"de\"},{\"@type\":\"Organization\",\"@id\":\"https:\\\/\\\/www.jazzzeitung.de\\\/cms\\\/#organization\",\"name\":\"JazzZeitung online\",\"url\":\"https:\\\/\\\/www.jazzzeitung.de\\\/cms\\\/\",\"logo\":{\"@type\":\"ImageObject\",\"inLanguage\":\"de\",\"@id\":\"https:\\\/\\\/www.jazzzeitung.de\\\/cms\\\/#\\\/schema\\\/logo\\\/image\\\/\",\"url\":\"https:\\\/\\\/i0.wp.com\\\/www.jazzzeitung.de\\\/cms\\\/wp-content\\\/uploads\\\/2015\\\/08\\\/JAZZZEITUNGDE_Logo_Neu.png?fit=499%2C200&ssl=1\",\"contentUrl\":\"https:\\\/\\\/i0.wp.com\\\/www.jazzzeitung.de\\\/cms\\\/wp-content\\\/uploads\\\/2015\\\/08\\\/JAZZZEITUNGDE_Logo_Neu.png?fit=499%2C200&ssl=1\",\"width\":499,\"height\":200,\"caption\":\"JazzZeitung online\"},\"image\":{\"@id\":\"https:\\\/\\\/www.jazzzeitung.de\\\/cms\\\/#\\\/schema\\\/logo\\\/image\\\/\"},\"sameAs\":[\"https:\\\/\\\/www.facebook.com\\\/JazzZeitung\\\/\"]},{\"@type\":\"Person\",\"@id\":\"https:\\\/\\\/www.jazzzeitung.de\\\/cms\\\/#\\\/schema\\\/person\\\/2245b36b9cd1d24cea10f01c031fb92b\",\"name\":\"Redaktion JazzZeitung\",\"image\":{\"@type\":\"ImageObject\",\"inLanguage\":\"de\",\"@id\":\"https:\\\/\\\/i0.wp.com\\\/www.jazzzeitung.de\\\/cms\\\/wp-content\\\/uploads\\\/2015\\\/08\\\/JAZZZEITUNGDE_Logo_Neu.png?resize=96%2C96&ssl=159975dcacb611b5700bd619b5daf0a7a\",\"url\":\"https:\\\/\\\/i0.wp.com\\\/www.jazzzeitung.de\\\/cms\\\/wp-content\\\/uploads\\\/2015\\\/08\\\/JAZZZEITUNGDE_Logo_Neu.png?resize=96%2C96&ssl=1\",\"contentUrl\":\"https:\\\/\\\/i0.wp.com\\\/www.jazzzeitung.de\\\/cms\\\/wp-content\\\/uploads\\\/2015\\\/08\\\/JAZZZEITUNGDE_Logo_Neu.png?resize=96%2C96&ssl=1\",\"caption\":\"Redaktion JazzZeitung\"},\"description\":\"Artikel der Redaktion der JazzZeitung.\",\"sameAs\":[\"http:\\\/\\\/www.jazzzeitung.de\\\/cms\\\/\"],\"url\":\"https:\\\/\\\/www.jazzzeitung.de\\\/cms\\\/author\\\/redaktion\\\/\"}]}<\/script>\n<!-- \/ Yoast SEO plugin. -->","yoast_head_json":{"title":"Aufruf an Politik und Musikwirtschaft \u2013 schnelle Hilfe auch f\u00fcr Jazzmusiker*innen! - JazzZeitung","robots":{"index":"index","follow":"follow","max-snippet":"max-snippet:-1","max-image-preview":"max-image-preview:large","max-video-preview":"max-video-preview:-1"},"canonical":"https:\/\/www.jazzzeitung.de\/cms\/2020\/03\/aufruf-an-politik-und-musikwirtschaft-schnelle-hilfe-auch-fuer-jazzmusikerinnen\/","og_locale":"de_DE","og_type":"article","og_title":"Aufruf an Politik und Musikwirtschaft \u2013 schnelle Hilfe auch f\u00fcr Jazzmusiker*innen! - JazzZeitung","og_description":"In K\u00fcrze werden die Corona-Hilfszahlungen aus Bundesmitteln starten. Die Union Deutscher Jazzmusiker hat in einer Pressemitteilung\u00a0 auf\u00a0 einige besonders wichtige Punkte hingewiesen, die die JazzZeitung.de hier im Wortlaut wiedergibt: Alle\u00a0Bereiche der Musikwirtschaft m\u00fcssen bei der Nothilfe aus Bundesmitteln Ber\u00fccksichtigung finden \u2013 wie so oft m\u00fcssen wir aber eindringlich darauf hinweisen, dass die einzelnen K\u00fcnstler*innen, egal welchen Genres, dabei nicht ins Hintertreffen geraten d\u00fcrfen. Deshalb unsere Bitte an alle:\u00a0Bitte setzen Sie sich\/setzt Euch daf\u00fcr ein, dass auch Jazzmusiker*innen, die zu gro\u00dfen Teilen ohnehin schon in prek\u00e4ren Verh\u00e4ltnissen leben, durch diese Krise nicht in ihrer wirtschaftlichen Existenz gef\u00e4hrdet werden. Musiker*innen ben\u00f6tigen zun\u00e4chst einen schnellen Ausgleich der\u00a0unmittelbaren Verdienstausf\u00e4lle. Nach den Daten der Jazzstudie 2016 kann davon ausgegangen werden, dass f\u00fcr bis zu\u00a070% der Jazzmusiker*innen\u00a0mit einem Betrag von mindestens\u00a01.000 Euro\/Monat kurzfristige Liquidit\u00e4t\u00a0gew\u00e4hrleistet werden kann. Nat\u00fcrlich gibt es auch in der Jazzszene Musiker*innen, die deutlich\u00a0mehr\u00a0verdienen und entsprechend gr\u00f6\u00dfere Ausf\u00e4lle haben. Eine abgesagte Tournee etwa kann schnell den Verlust eines ganzen Jahreseinkommens bedeuten. In\u00a0Einzelf\u00e4llen\u00a0sollten also auch\u00a0h\u00f6here Hilfszahlungen\u00a0beantragt werden k\u00f6nnen. Langfristig entstehende Folge-Einnahmenausf\u00e4lle durch ausbleibende CD-Verk\u00e4ufe, GEMA-Verg\u00fctungen und vieles mehr sowie Einbu\u00dfen durch ausbleibende Folgeengagements sollten von Anfang an\u00a0mitgedacht\u00a0werden. Zu den Verdienstausf\u00e4llen &hellip;","og_url":"https:\/\/www.jazzzeitung.de\/cms\/2020\/03\/aufruf-an-politik-und-musikwirtschaft-schnelle-hilfe-auch-fuer-jazzmusikerinnen\/","og_site_name":"JazzZeitung","article_publisher":"https:\/\/www.facebook.com\/JazzZeitung\/","article_published_time":"2020-03-23T14:41:13+00:00","article_modified_time":"2020-03-23T14:41:52+00:00","og_image":[{"width":3190,"height":2123,"url":"https:\/\/i0.wp.com\/www.jazzzeitung.de\/cms\/wp-content\/uploads\/2018\/07\/015_Kalle-Mathiesen\u00a9FotovanLoon.jpg?fit=3190%2C2123&ssl=1","type":"image\/jpeg"}],"author":"Redaktion JazzZeitung","schema":{"@context":"https:\/\/schema.org","@graph":[{"@type":"Article","@id":"https:\/\/www.jazzzeitung.de\/cms\/2020\/03\/aufruf-an-politik-und-musikwirtschaft-schnelle-hilfe-auch-fuer-jazzmusikerinnen\/#article","isPartOf":{"@id":"https:\/\/www.jazzzeitung.de\/cms\/2020\/03\/aufruf-an-politik-und-musikwirtschaft-schnelle-hilfe-auch-fuer-jazzmusikerinnen\/"},"author":{"name":"Redaktion JazzZeitung","@id":"https:\/\/www.jazzzeitung.de\/cms\/#\/schema\/person\/2245b36b9cd1d24cea10f01c031fb92b"},"headline":"Aufruf an Politik und Musikwirtschaft \u2013 schnelle Hilfe auch f\u00fcr Jazzmusiker*innen!","datePublished":"2020-03-23T14:41:13+00:00","dateModified":"2020-03-23T14:41:52+00:00","mainEntityOfPage":{"@id":"https:\/\/www.jazzzeitung.de\/cms\/2020\/03\/aufruf-an-politik-und-musikwirtschaft-schnelle-hilfe-auch-fuer-jazzmusikerinnen\/"},"wordCount":505,"commentCount":0,"publisher":{"@id":"https:\/\/www.jazzzeitung.de\/cms\/#organization"},"image":{"@id":"https:\/\/www.jazzzeitung.de\/cms\/2020\/03\/aufruf-an-politik-und-musikwirtschaft-schnelle-hilfe-auch-fuer-jazzmusikerinnen\/#primaryimage"},"thumbnailUrl":"https:\/\/i0.wp.com\/www.jazzzeitung.de\/cms\/wp-content\/uploads\/2018\/07\/015_Kalle-Mathiesen%C2%A9FotovanLoon.jpg?fit=3190%2C2123&ssl=1","keywords":["APPLAUS","Blog","Bundesregierung","CD","GEMA","Initiative Musik","Jazzmusiker","Jazzmusikerinnen","Jazzpreis","Jazzszene","Jazzunion","Jazzzeitung","JazzZeitung.de","Konzert","Musikfonds","neue musikzeitung","nmz","Politik","Spielst\u00e4ttenprogrammpreis","Tournee","Union deutscher Jazzmusiker","Werbung"],"articleSection":["News"],"inLanguage":"de","potentialAction":[{"@type":"CommentAction","name":"Comment","target":["https:\/\/www.jazzzeitung.de\/cms\/2020\/03\/aufruf-an-politik-und-musikwirtschaft-schnelle-hilfe-auch-fuer-jazzmusikerinnen\/#respond"]}]},{"@type":"WebPage","@id":"https:\/\/www.jazzzeitung.de\/cms\/2020\/03\/aufruf-an-politik-und-musikwirtschaft-schnelle-hilfe-auch-fuer-jazzmusikerinnen\/","url":"https:\/\/www.jazzzeitung.de\/cms\/2020\/03\/aufruf-an-politik-und-musikwirtschaft-schnelle-hilfe-auch-fuer-jazzmusikerinnen\/","name":"Aufruf an Politik und Musikwirtschaft \u2013 schnelle Hilfe auch f\u00fcr Jazzmusiker*innen! - JazzZeitung","isPartOf":{"@id":"https:\/\/www.jazzzeitung.de\/cms\/#website"},"primaryImageOfPage":{"@id":"https:\/\/www.jazzzeitung.de\/cms\/2020\/03\/aufruf-an-politik-und-musikwirtschaft-schnelle-hilfe-auch-fuer-jazzmusikerinnen\/#primaryimage"},"image":{"@id":"https:\/\/www.jazzzeitung.de\/cms\/2020\/03\/aufruf-an-politik-und-musikwirtschaft-schnelle-hilfe-auch-fuer-jazzmusikerinnen\/#primaryimage"},"thumbnailUrl":"https:\/\/i0.wp.com\/www.jazzzeitung.de\/cms\/wp-content\/uploads\/2018\/07\/015_Kalle-Mathiesen%C2%A9FotovanLoon.jpg?fit=3190%2C2123&ssl=1","datePublished":"2020-03-23T14:41:13+00:00","dateModified":"2020-03-23T14:41:52+00:00","breadcrumb":{"@id":"https:\/\/www.jazzzeitung.de\/cms\/2020\/03\/aufruf-an-politik-und-musikwirtschaft-schnelle-hilfe-auch-fuer-jazzmusikerinnen\/#breadcrumb"},"inLanguage":"de","potentialAction":[{"@type":"ReadAction","target":["https:\/\/www.jazzzeitung.de\/cms\/2020\/03\/aufruf-an-politik-und-musikwirtschaft-schnelle-hilfe-auch-fuer-jazzmusikerinnen\/"]}]},{"@type":"ImageObject","inLanguage":"de","@id":"https:\/\/www.jazzzeitung.de\/cms\/2020\/03\/aufruf-an-politik-und-musikwirtschaft-schnelle-hilfe-auch-fuer-jazzmusikerinnen\/#primaryimage","url":"https:\/\/i0.wp.com\/www.jazzzeitung.de\/cms\/wp-content\/uploads\/2018\/07\/015_Kalle-Mathiesen%C2%A9FotovanLoon.jpg?fit=3190%2C2123&ssl=1","contentUrl":"https:\/\/i0.wp.com\/www.jazzzeitung.de\/cms\/wp-content\/uploads\/2018\/07\/015_Kalle-Mathiesen%C2%A9FotovanLoon.jpg?fit=3190%2C2123&ssl=1","width":3190,"height":2123,"caption":"Jazz-Aktions-Theater: Kalle Mathiesen l\u00e4sst die Sau raus. Foto: Susanne van Loon"},{"@type":"BreadcrumbList","@id":"https:\/\/www.jazzzeitung.de\/cms\/2020\/03\/aufruf-an-politik-und-musikwirtschaft-schnelle-hilfe-auch-fuer-jazzmusikerinnen\/#breadcrumb","itemListElement":[{"@type":"ListItem","position":1,"name":"Startseite","item":"https:\/\/www.jazzzeitung.de\/cms\/"},{"@type":"ListItem","position":2,"name":"Aufruf an Politik und Musikwirtschaft \u2013 schnelle Hilfe auch f\u00fcr Jazzmusiker*innen!"}]},{"@type":"WebSite","@id":"https:\/\/www.jazzzeitung.de\/cms\/#website","url":"https:\/\/www.jazzzeitung.de\/cms\/","name":"JazzZeitung","description":"Jazz-News und Jazz-Kontroverses","publisher":{"@id":"https:\/\/www.jazzzeitung.de\/cms\/#organization"},"potentialAction":[{"@type":"SearchAction","target":{"@type":"EntryPoint","urlTemplate":"https:\/\/www.jazzzeitung.de\/cms\/?s={search_term_string}"},"query-input":{"@type":"PropertyValueSpecification","valueRequired":true,"valueName":"search_term_string"}}],"inLanguage":"de"},{"@type":"Organization","@id":"https:\/\/www.jazzzeitung.de\/cms\/#organization","name":"JazzZeitung online","url":"https:\/\/www.jazzzeitung.de\/cms\/","logo":{"@type":"ImageObject","inLanguage":"de","@id":"https:\/\/www.jazzzeitung.de\/cms\/#\/schema\/logo\/image\/","url":"https:\/\/i0.wp.com\/www.jazzzeitung.de\/cms\/wp-content\/uploads\/2015\/08\/JAZZZEITUNGDE_Logo_Neu.png?fit=499%2C200&ssl=1","contentUrl":"https:\/\/i0.wp.com\/www.jazzzeitung.de\/cms\/wp-content\/uploads\/2015\/08\/JAZZZEITUNGDE_Logo_Neu.png?fit=499%2C200&ssl=1","width":499,"height":200,"caption":"JazzZeitung online"},"image":{"@id":"https:\/\/www.jazzzeitung.de\/cms\/#\/schema\/logo\/image\/"},"sameAs":["https:\/\/www.facebook.com\/JazzZeitung\/"]},{"@type":"Person","@id":"https:\/\/www.jazzzeitung.de\/cms\/#\/schema\/person\/2245b36b9cd1d24cea10f01c031fb92b","name":"Redaktion JazzZeitung","image":{"@type":"ImageObject","inLanguage":"de","@id":"https:\/\/i0.wp.com\/www.jazzzeitung.de\/cms\/wp-content\/uploads\/2015\/08\/JAZZZEITUNGDE_Logo_Neu.png?resize=96%2C96&ssl=159975dcacb611b5700bd619b5daf0a7a","url":"https:\/\/i0.wp.com\/www.jazzzeitung.de\/cms\/wp-content\/uploads\/2015\/08\/JAZZZEITUNGDE_Logo_Neu.png?resize=96%2C96&ssl=1","contentUrl":"https:\/\/i0.wp.com\/www.jazzzeitung.de\/cms\/wp-content\/uploads\/2015\/08\/JAZZZEITUNGDE_Logo_Neu.png?resize=96%2C96&ssl=1","caption":"Redaktion JazzZeitung"},"description":"Artikel der Redaktion der JazzZeitung.","sameAs":["http:\/\/www.jazzzeitung.de\/cms\/"],"url":"https:\/\/www.jazzzeitung.de\/cms\/author\/redaktion\/"}]}},"wp-worthy-pixel":{"ignored":false,"public":null,"server":null,"url":null},"wp-worthy-type":"normal","jetpack_publicize_connections":[],"cc_featured_image_caption":{"caption_text":"","source_text":"","source_url":""},"jetpack_featured_media_url":"https:\/\/i0.wp.com\/www.jazzzeitung.de\/cms\/wp-content\/uploads\/2018\/07\/015_Kalle-Mathiesen%C2%A9FotovanLoon.jpg?fit=3190%2C2123&ssl=1","jetpack_shortlink":"https:\/\/wp.me\/p3KEcT-5LM","jetpack-related-posts":[{"id":6273,"url":"https:\/\/www.jazzzeitung.de\/cms\/2015\/06\/jazzstudie-2015-gestartet\/","url_meta":{"origin":22182,"position":0},"title":"Jazzstudie 2015 gestartet","author":"Redaktion JazzZeitung","date":"1. Juni 2015","format":false,"excerpt":"Heute startet die Online-Befragung im Rahmen der Studie zu Lebens- und Arbeitsbedingungen von Jazzmusiker\/-innen in Deutschland, die vom Institut f\u00fcr Kulturpolitik der Universit\u00e4t Hildesheim ausgerichtet wird. Zur Teilnahme aufgerufen sind alle Jazzmusikerinnen und -musiker, die in Deutschland leben und\/oder arbeiten. Immer wieder wird die \u00f6konomische Situation von Jazzmusiker\/-innen als prek\u00e4r\u2026","rel":"","context":"In &quot;News&quot;","block_context":{"text":"News","link":"https:\/\/www.jazzzeitung.de\/cms\/thema\/nachrichten\/"},"img":{"alt_text":"","src":"https:\/\/i0.wp.com\/www.jazzzeitung.de\/cms\/wp-content\/uploads\/2015\/06\/jazzstudie2015_PostkarteVS-e1433167940571.jpg?resize=350%2C200","width":350,"height":200,"srcset":"https:\/\/i0.wp.com\/www.jazzzeitung.de\/cms\/wp-content\/uploads\/2015\/06\/jazzstudie2015_PostkarteVS-e1433167940571.jpg?resize=350%2C200 1x, https:\/\/i0.wp.com\/www.jazzzeitung.de\/cms\/wp-content\/uploads\/2015\/06\/jazzstudie2015_PostkarteVS-e1433167940571.jpg?resize=525%2C300 1.5x, https:\/\/i0.wp.com\/www.jazzzeitung.de\/cms\/wp-content\/uploads\/2015\/06\/jazzstudie2015_PostkarteVS-e1433167940571.jpg?resize=700%2C400 2x, https:\/\/i0.wp.com\/www.jazzzeitung.de\/cms\/wp-content\/uploads\/2015\/06\/jazzstudie2015_PostkarteVS-e1433167940571.jpg?resize=1050%2C600 3x, https:\/\/i0.wp.com\/www.jazzzeitung.de\/cms\/wp-content\/uploads\/2015\/06\/jazzstudie2015_PostkarteVS-e1433167940571.jpg?resize=1400%2C800 4x"},"classes":[]},{"id":17487,"url":"https:\/\/www.jazzzeitung.de\/cms\/2018\/10\/nach-erklaerungsveroeffentlichung-jazzmusiker-innen-setzen-massnahmen-zur-gleichstellung-um\/","url_meta":{"origin":22182,"position":1},"title":"Nach Erkl\u00e4rungsver\u00f6ffentlichung: Jazzmusiker\/-innen setzen Ma\u00dfnahmen zur Gleichstellung um","author":"Redaktion JazzZeitung","date":"18. Oktober 2018","format":false,"excerpt":"Jetzt sollen auch Taten folgen: Nach der \u00f6ffentlichen Erkl\u00e4rung zur Gleichstellung der Frauen im Jazz, die die Union Deutscher Jazzmusiker\/-innen vergangene Woche im Rahmen ihres 24. Jazzforums vorgestellt hatten, konkretisierten die jungen Jazzmusikerinnen und -musiker nun die beabsichtigten Ma\u00dfnahmen f\u00fcr eine Gleichberechtigung der Geschlechter. Neben der Aufkl\u00e4rung und der Sensiblisierung\u2026","rel":"","context":"In &quot;News&quot;","block_context":{"text":"News","link":"https:\/\/www.jazzzeitung.de\/cms\/thema\/nachrichten\/"},"img":{"alt_text":"","src":"https:\/\/i0.wp.com\/www.jazzzeitung.de\/cms\/wp-content\/uploads\/2018\/03\/Candy-Dulfer_Vesandgr_Foto_Carolien-Sikkenk_-Photoline-1.jpg?fit=1200%2C800&ssl=1&resize=350%2C200","width":350,"height":200,"srcset":"https:\/\/i0.wp.com\/www.jazzzeitung.de\/cms\/wp-content\/uploads\/2018\/03\/Candy-Dulfer_Vesandgr_Foto_Carolien-Sikkenk_-Photoline-1.jpg?fit=1200%2C800&ssl=1&resize=350%2C200 1x, https:\/\/i0.wp.com\/www.jazzzeitung.de\/cms\/wp-content\/uploads\/2018\/03\/Candy-Dulfer_Vesandgr_Foto_Carolien-Sikkenk_-Photoline-1.jpg?fit=1200%2C800&ssl=1&resize=525%2C300 1.5x, https:\/\/i0.wp.com\/www.jazzzeitung.de\/cms\/wp-content\/uploads\/2018\/03\/Candy-Dulfer_Vesandgr_Foto_Carolien-Sikkenk_-Photoline-1.jpg?fit=1200%2C800&ssl=1&resize=700%2C400 2x, https:\/\/i0.wp.com\/www.jazzzeitung.de\/cms\/wp-content\/uploads\/2018\/03\/Candy-Dulfer_Vesandgr_Foto_Carolien-Sikkenk_-Photoline-1.jpg?fit=1200%2C800&ssl=1&resize=1050%2C600 3x"},"classes":[]},{"id":16031,"url":"https:\/\/www.jazzzeitung.de\/cms\/2018\/05\/news-musik-verbaende-kritisieren-reduzierung-des-etats-fuer-den-applaus-udj-sieht-echo-jazz-neuauflage-als-chance\/","url_meta":{"origin":22182,"position":2},"title":"+++News+++ Musik-Verb\u00e4nde kritisieren Reduzierung des Etats f\u00fcr den APPLAUS+++ UDJ sieht ECHO JAZZ-Neuauflage als Chance+++","author":"Redaktion JazzZeitung","date":"15. Mai 2018","format":false,"excerpt":"Musik-Verb\u00e4nde warnen vor Reduzierung des Etats f\u00fcr den Spielst\u00e4ttenprogrammpreis APPLAUS Anl\u00e4sslich des Starts der Antragsphase beim APPLAUS kritisieren die Bundeskonferenz Jazz und LiveKomm gemeinsam mit weiteren Partnern die drohende Halbierung des Budgets des Spielst\u00e4ttenprogrammpreises. Konnten im vergangenen Jahr noch 86 Clubs und Veranstaltungsreihen mit insgesamt 1,8 Millionen Euro werden, ist\u2026","rel":"","context":"In &quot;News&quot;","block_context":{"text":"News","link":"https:\/\/www.jazzzeitung.de\/cms\/thema\/nachrichten\/"},"img":{"alt_text":"","src":"https:\/\/i0.wp.com\/www.jazzzeitung.de\/cms\/wp-content\/uploads\/2018\/05\/Wuestenhagen_echojazz2013_56201_12718_5a09ab00b0.jpg?fit=1200%2C779&ssl=1&resize=350%2C200","width":350,"height":200,"srcset":"https:\/\/i0.wp.com\/www.jazzzeitung.de\/cms\/wp-content\/uploads\/2018\/05\/Wuestenhagen_echojazz2013_56201_12718_5a09ab00b0.jpg?fit=1200%2C779&ssl=1&resize=350%2C200 1x, https:\/\/i0.wp.com\/www.jazzzeitung.de\/cms\/wp-content\/uploads\/2018\/05\/Wuestenhagen_echojazz2013_56201_12718_5a09ab00b0.jpg?fit=1200%2C779&ssl=1&resize=525%2C300 1.5x, https:\/\/i0.wp.com\/www.jazzzeitung.de\/cms\/wp-content\/uploads\/2018\/05\/Wuestenhagen_echojazz2013_56201_12718_5a09ab00b0.jpg?fit=1200%2C779&ssl=1&resize=700%2C400 2x, https:\/\/i0.wp.com\/www.jazzzeitung.de\/cms\/wp-content\/uploads\/2018\/05\/Wuestenhagen_echojazz2013_56201_12718_5a09ab00b0.jpg?fit=1200%2C779&ssl=1&resize=1050%2C600 3x"},"classes":[]},{"id":11061,"url":"https:\/\/www.jazzzeitung.de\/cms\/2016\/11\/timm-renner-verwirklicht-till-broenners-traum-vom-house-of-jazz\/","url_meta":{"origin":22182,"position":3},"title":"At the End of the Day: Tim Renner verwirklicht Till Br\u00f6nners Traum vom &#8222;House of Jazz&#8220;","author":"Redaktion JazzZeitung","date":"17. November 2016","format":false,"excerpt":"Schon 2010 tr\u00e4umte der Trompeter Till Br\u00f6nner von einem Zentrum f\u00fcr Jazz an einem \u201eprominenten Ort\u201c, mit eigenem Orchester. Sein Traum scheint nun wahr zu werden. Vergangene Woche stellte der Haushaltsausschuss des Bundestages 12,5 Millionen Euro zur Sanierung der \u201eAlten M\u00fcnze\u201c in der N\u00e4he des Berliner Roten Rathauses bereit. Ausschlaggebend\u2026","rel":"","context":"In &quot;Blog&quot;","block_context":{"text":"Blog","link":"https:\/\/www.jazzzeitung.de\/cms\/thema\/blog\/"},"img":{"alt_text":"Till Br\u00f6nner: At The End Of The Day Island 0602527513683\/Universal","src":"https:\/\/i0.wp.com\/www.jazzzeitung.de\/cms\/wp-content\/uploads\/2016\/11\/broenner_0-150x150.jpg?resize=350%2C200","width":350,"height":200},"classes":[]},{"id":17437,"url":"https:\/\/www.jazzzeitung.de\/cms\/2018\/10\/erklaerung-zur-gleichstellung-von-frauen-im-jazz-ruft-zur-mitzeichnung-auf\/","url_meta":{"origin":22182,"position":4},"title":"Erkl\u00e4rung zur Gleichstellung von Frauen im Jazz ruft zur Mitzeichnung auf","author":"Redaktion JazzZeitung","date":"11. Oktober 2018","format":false,"excerpt":"Anl\u00e4sslich ihres 24. Jazzforums, das am 11. und 12. Oktober 2018 im Kulturzentrum Pavillon in Hannover stattfindet,\u00a0 hat die Union Deutscher Jazz-Musiker\/-innen gemeinsam mit zahlreichen Erstunterzeichner\/-innen die \u201eGemeinsame Erkl\u00e4rung zur Gleichstellung von Frauen im Jazz\" ver\u00f6ffentlicht. Wie es in der vierseitigen Erkl\u00e4rung hei\u00dft, ist die Jazzszene Deutschlands \"nach wie vor\u2026","rel":"","context":"In &quot;News&quot;","block_context":{"text":"News","link":"https:\/\/www.jazzzeitung.de\/cms\/thema\/nachrichten\/"},"img":{"alt_text":"","src":"https:\/\/i0.wp.com\/www.jazzzeitung.de\/cms\/wp-content\/uploads\/2018\/05\/Moses-china_94.jpg?fit=1200%2C804&ssl=1&resize=350%2C200","width":350,"height":200,"srcset":"https:\/\/i0.wp.com\/www.jazzzeitung.de\/cms\/wp-content\/uploads\/2018\/05\/Moses-china_94.jpg?fit=1200%2C804&ssl=1&resize=350%2C200 1x, https:\/\/i0.wp.com\/www.jazzzeitung.de\/cms\/wp-content\/uploads\/2018\/05\/Moses-china_94.jpg?fit=1200%2C804&ssl=1&resize=525%2C300 1.5x, https:\/\/i0.wp.com\/www.jazzzeitung.de\/cms\/wp-content\/uploads\/2018\/05\/Moses-china_94.jpg?fit=1200%2C804&ssl=1&resize=700%2C400 2x, https:\/\/i0.wp.com\/www.jazzzeitung.de\/cms\/wp-content\/uploads\/2018\/05\/Moses-china_94.jpg?fit=1200%2C804&ssl=1&resize=1050%2C600 3x"},"classes":[]},{"id":12829,"url":"https:\/\/www.jazzzeitung.de\/cms\/2017\/06\/allianz-der-freien-kuenste-stellt-acht-kernforderungen-an-politik\/","url_meta":{"origin":22182,"position":5},"title":"Allianz der Freien K\u00fcnste stellt acht Kernforderungen an Politik","author":"Redaktion JazzZeitung","date":"28. Juni 2017","format":false,"excerpt":"Bundesverb\u00e4nde der Kunst- und Kulturschaffenden formieren Allianz der Freien K\u00fcnste In einer Pressekonferenz am 27.06.2017 hat die Allianz der Freien K\u00fcnste als Stimme und Plattform f\u00fcr die Freien K\u00fcnste auf Bundesebene ein Positionspapier mit acht Kernforderungen zur Verbesserung der Rahmenbedingungen freier k\u00fcnstlerischer Produktion in Deutschland vorgestellt. Gr\u00fcndungsmitglieder der Allianz der\u2026","rel":"","context":"In &quot;Bericht&quot;","block_context":{"text":"Bericht","link":"https:\/\/www.jazzzeitung.de\/cms\/thema\/bericht\/"},"img":{"alt_text":"","src":"https:\/\/i0.wp.com\/www.jazzzeitung.de\/cms\/wp-content\/uploads\/2017\/06\/Pressekonferenz-im-Radialsystem-300x225.jpg?resize=350%2C200&ssl=1","width":350,"height":200},"classes":[]}],"jetpack_sharing_enabled":true,"_links":{"self":[{"href":"https:\/\/www.jazzzeitung.de\/cms\/wp-json\/wp\/v2\/posts\/22182","targetHints":{"allow":["GET"]}}],"collection":[{"href":"https:\/\/www.jazzzeitung.de\/cms\/wp-json\/wp\/v2\/posts"}],"about":[{"href":"https:\/\/www.jazzzeitung.de\/cms\/wp-json\/wp\/v2\/types\/post"}],"author":[{"embeddable":true,"href":"https:\/\/www.jazzzeitung.de\/cms\/wp-json\/wp\/v2\/users\/18"}],"replies":[{"embeddable":true,"href":"https:\/\/www.jazzzeitung.de\/cms\/wp-json\/wp\/v2\/comments?post=22182"}],"version-history":[{"count":12,"href":"https:\/\/www.jazzzeitung.de\/cms\/wp-json\/wp\/v2\/posts\/22182\/revisions"}],"predecessor-version":[{"id":22192,"href":"https:\/\/www.jazzzeitung.de\/cms\/wp-json\/wp\/v2\/posts\/22182\/revisions\/22192"}],"wp:featuredmedia":[{"embeddable":true,"href":"https:\/\/www.jazzzeitung.de\/cms\/wp-json\/wp\/v2\/media\/16614"}],"wp:attachment":[{"href":"https:\/\/www.jazzzeitung.de\/cms\/wp-json\/wp\/v2\/media?parent=22182"}],"wp:term":[{"taxonomy":"category","embeddable":true,"href":"https:\/\/www.jazzzeitung.de\/cms\/wp-json\/wp\/v2\/categories?post=22182"},{"taxonomy":"post_tag","embeddable":true,"href":"https:\/\/www.jazzzeitung.de\/cms\/wp-json\/wp\/v2\/tags?post=22182"},{"taxonomy":"author","embeddable":true,"href":"https:\/\/www.jazzzeitung.de\/cms\/wp-json\/wp\/v2\/coauthors?post=22182"}],"curies":[{"name":"wp","href":"https:\/\/api.w.org\/{rel}","templated":true}]}}